{"id":9656,"date":"2022-05-31T09:23:28","date_gmt":"2022-05-31T07:23:28","guid":{"rendered":"https:\/\/www.landwirt.com\/news\/?p=9656"},"modified":"2022-05-31T09:40:22","modified_gmt":"2022-05-31T07:40:22","slug":"neuer-terrus-cvt-gewinnt-erneut-mit-einer-weiteren-anerkennung-fuer-sein-unverwechelbares-design","status":"publish","type":"post","link":"https:\/\/www.landwirt.com\/news\/neuer-terrus-cvt-gewinnt-erneut-mit-einer-weiteren-anerkennung-fuer-sein-unverwechelbares-design\/","title":{"rendered":"Neuer Terrus CVT gewinnt erneut mit einer weiteren Anerkennung f\u00fcr sein unverwechelbares Design"},"content":{"rendered":"\n<hr class=\"wp-block-separator\"\/>\n\n\n\n<p style=\"font-size:1.1em\"><strong><strong>Jury des iF Design Award zeichnet Flaggschiff-Traktorbaureihe von STEYR\u00ae f\u00fcr die Verbindung von Form und Funktion aus \/ Weiterer Erfolg nach Auszeichnung bei den Red Dot Design Awards 2022 in der Kategorie Produktdesign und dem 1. Platz bei den German Design Awards 2022 in der Kategorie \u201eExcellent Product Design\u201c<\/strong><\/strong><\/p>\n\n\n\n<p>Die Verleihung eines iF Design Awards an die STEYR\u00ae Terrus CVT-Baureihe der neuesten Generation mit 250-300 PS unterstreicht einmal mehr die wichtige Rolle qualit\u00e4tvollen Designs bei der Konzeption produktiver und effizienter Traktoren. Seit die iF Design Awards 1953 ins Leben gerufen wurden, geh\u00f6ren sie zu den renommiertesten Auszeichnungen ihrer Art weltweit. Eine unabh\u00e4ngige Jury internationaler Designfachleute w\u00e4hlt anhand bestimmter, objektiver Standards gemeinsam die preisw\u00fcrdigen Entw\u00fcrfe aus und verleiht das G\u00fctesiegel eines iF Design Awards an Produkte, die sich durch hervorragendes Design auszeichnen, das dem Verbraucher zugutekommt und das Profil der Design-Community st\u00e4rkt.<\/p>\n\n\n\n<div class=\"wp-block-columns is-layout-flex wp-container-core-columns-is-layout-9d6595d7 wp-block-columns-is-layout-flex\">\n<div class=\"wp-block-column is-layout-flow wp-block-column-is-layout-flow\">\n<p>Die neuen Terrus CVT Traktoren kamen 2021 auf den Markt und l\u00f6sten die erste Modellgeneration aus dem Jahr 2015 ab. Die drei Modelle der neuen Terrus CVT-Baureihe mit 250 bis 300 PS und serienm\u00e4\u00dfigem CVT-Getriebe zeigen den Einfluss der \u201eAvantgarde\u201c-Designphilosophie von STEYR, die auf neue, \u00e4sthetisch ansprechende und dabei ebenso praktische wie durchdachte Konzepte setzt. Der Terrus CVT wurde in wesentlichen Teilen \u2013 von der Motorhaube bis zum Inneren der Kabine \u2013 neu gestaltet und zeichnet sich durch h\u00f6here Effizienz, mehr Komfort und gr\u00f6\u00dfere Wartungsfreundlichkeit aus. Bei der Neukonzeption des Terrus CVT als einer Landmaschine, die wirtschaftlichen Interessen dient, arbeitete das Designteam auf eine sorgsam kalkulierte Verbindung von Form und Funktion hin. Daraus entstand ein Traktor, dessen Design einem Zweck dient und seinen gesch\u00e4ftlichen Nutzen optimiert.<\/p>\n<\/div>\n\n\n\n<div class=\"wp-block-column is-layout-flow wp-block-column-is-layout-flow\">\n<figure class=\"wp-block-image size-large\"><a href=\"https:\/\/www.landwirt.com\/news\/wp-content\/uploads\/2022\/05\/STEYR-_6300_Terrus-CVT_Award-Winner-scaled.jpg\"><img loading=\"lazy\" decoding=\"async\" width=\"1030\" height=\"673\" src=\"https:\/\/www.landwirt.com\/news\/wp-content\/uploads\/2022\/05\/STEYR-_6300_Terrus-CVT_Award-Winner-1030x673.jpg\" alt=\"\" class=\"wp-image-9657\" srcset=\"https:\/\/www.landwirt.com\/news\/wp-content\/uploads\/2022\/05\/STEYR-_6300_Terrus-CVT_Award-Winner-1030x673.jpg 1030w, https:\/\/www.landwirt.com\/news\/wp-content\/uploads\/2022\/05\/STEYR-_6300_Terrus-CVT_Award-Winner-300x196.jpg 300w, https:\/\/www.landwirt.com\/news\/wp-content\/uploads\/2022\/05\/STEYR-_6300_Terrus-CVT_Award-Winner-768x502.jpg 768w, https:\/\/www.landwirt.com\/news\/wp-content\/uploads\/2022\/05\/STEYR-_6300_Terrus-CVT_Award-Winner-1536x1004.jpg 1536w, https:\/\/www.landwirt.com\/news\/wp-content\/uploads\/2022\/05\/STEYR-_6300_Terrus-CVT_Award-Winner-2048x1339.jpg 2048w, https:\/\/www.landwirt.com\/news\/wp-content\/uploads\/2022\/05\/STEYR-_6300_Terrus-CVT_Award-Winner-1500x980.jpg 1500w, https:\/\/www.landwirt.com\/news\/wp-content\/uploads\/2022\/05\/STEYR-_6300_Terrus-CVT_Award-Winner-705x461.jpg 705w\" sizes=\"auto, (max-width: 1030px) 100vw, 1030px\" \/><\/a><\/figure>\n<\/div>\n<\/div>\n\n\n\n<p><em>\u201eDiese erneute Auszeichnung f\u00fcr das Design der neuen STEYR Terrus CVT-Generation ist eine gro\u00dfartige Anerkennung f\u00fcr die harte Arbeit des Designteams von CNH Industrial bei der Entwicklung von Maschinen, die Stil mit Produktqualit\u00e4t, Leistungsf\u00e4higkeit, Effizienz und Nachhaltigkeit verbinden\u201c,<\/em> so David Wilkie, Direktor des CNH Industrial Design Center.<\/p>\n\n\n\n<p><em>\u201eSTEYR hat eine einzigartige Identit\u00e4t und genie\u00dft als spezialisierte europ\u00e4ische Traktormarke von CNH Industrial einen Ruf f\u00fcr Designqualit\u00e4t, die seinem Ruf f\u00fcr Produktqualit\u00e4t in nichts nachsteht.\u201c<\/em><\/p>\n\n\n\n<p>Die Sieger wurden am Montag, dem 16. Mai 2022 im Rahmen der iF Design Award Night auf der weltgr\u00f6\u00dften Theaterb\u00fchne im Berliner Friedrichstadt-Palast geehrt.<\/p>\n","protected":false},"excerpt":{"rendered":"<p>Jury des iF Design Award zeichnet Flaggschiff-Traktorbaureihe von STEYR\u00ae f\u00fcr die Verbindung von Form und Funktion aus<\/p>\n","protected":false},"author":15,"featured_media":9659,"comment_status":"closed","ping_status":"closed","sticky":false,"template":"","format":"standard","meta":{"footnotes":""},"categories":[15,1],"tags":[458,457,124,61,60,367,440,62],"class_list":["post-9656","post","type-post","status-publish","format-standard","has-post-thumbnail","hentry","category-landwirt","category-werbung","tag-auszeichnung","tag-award","tag-cnh","tag-cvt","tag-steyr","tag-steyrtraktoren","tag-terrus-cvt","tag-traktor"],"yoast_head":"<!-- This site is optimized with the Yoast SEO plugin v27.4 - https:\/\/yoast.com\/product\/yoast-seo-wordpress\/ -->\n<title>Neuer Terrus CVT gewinnt erneut mit einer weiteren Anerkennung f\u00fcr sein unverwechelbares Design - Landwirt.com News<\/title>\n<meta name=\"robots\" content=\"index, follow, max-snippet:-1, max-image-preview:large, max-video-preview:-1\" \/>\n<meta property=\"og:locale\" content=\"de_DE\" \/>\n<meta property=\"og:type\" content=\"article\" \/>\n<meta property=\"og:title\" content=\"Neuer Terrus CVT gewinnt erneut mit einer weiteren Anerkennung f\u00fcr sein unverwechelbares Design - Landwirt.com News\" \/>\n<meta property=\"og:description\" content=\"Jury des iF Design Award zeichnet Flaggschiff-Traktorbaureihe von STEYR\u00ae f\u00fcr die Verbindung von Form und Funktion aus\" \/>\n<meta property=\"og:url\" content=\"https:\/\/www.landwirt.com\/news\/neuer-terrus-cvt-gewinnt-erneut-mit-einer-weiteren-anerkennung-fuer-sein-unverwechelbares-design\/\" \/>\n<meta property=\"og:site_name\" content=\"Landwirt.com News\" \/>\n<meta property=\"article:published_time\" content=\"2022-05-31T07:23:28+00:00\" \/>\n<meta property=\"article:modified_time\" content=\"2022-05-31T07:40:22+00:00\" \/>\n<meta property=\"og:image\" content=\"https:\/\/www.landwirt.com\/news\/wp-content\/uploads\/2022\/05\/STEYR_6300_Terrus_CVT-1030x663.jpg\" \/>\n\t<meta property=\"og:image:width\" content=\"1030\" \/>\n\t<meta property=\"og:image:height\" content=\"663\" \/>\n\t<meta property=\"og:image:type\" content=\"image\/jpeg\" \/>\n<meta name=\"author\" content=\"Edith Winter\" \/>\n<meta name=\"twitter:card\" content=\"summary_large_image\" \/>\n<meta name=\"twitter:label1\" content=\"Verfasst von\" \/>\n\t<meta name=\"twitter:data1\" content=\"Edith Winter\" \/>\n\t<meta name=\"twitter:label2\" content=\"Gesch\u00e4tzte Lesezeit\" \/>\n\t<meta name=\"twitter:data2\" content=\"3 Minuten\" \/>\n<script type=\"application\/ld+json\" class=\"yoast-schema-graph\">{\"@context\":\"https:\\\/\\\/schema.org\",\"@graph\":[{\"@type\":\"Article\",\"@id\":\"https:\\\/\\\/www.landwirt.com\\\/news\\\/neuer-terrus-cvt-gewinnt-erneut-mit-einer-weiteren-anerkennung-fuer-sein-unverwechelbares-design\\\/#article\",\"isPartOf\":{\"@id\":\"https:\\\/\\\/www.landwirt.com\\\/news\\\/neuer-terrus-cvt-gewinnt-erneut-mit-einer-weiteren-anerkennung-fuer-sein-unverwechelbares-design\\\/\"},\"author\":{\"name\":\"Edith Winter\",\"@id\":\"https:\\\/\\\/www.landwirt.com\\\/news\\\/#\\\/schema\\\/person\\\/58b1026d44b61c2d0c39d2d1220d43e9\"},\"headline\":\"Neuer Terrus CVT gewinnt erneut mit einer weiteren Anerkennung f\u00fcr sein unverwechelbares Design\",\"datePublished\":\"2022-05-31T07:23:28+00:00\",\"dateModified\":\"2022-05-31T07:40:22+00:00\",\"mainEntityOfPage\":{\"@id\":\"https:\\\/\\\/www.landwirt.com\\\/news\\\/neuer-terrus-cvt-gewinnt-erneut-mit-einer-weiteren-anerkennung-fuer-sein-unverwechelbares-design\\\/\"},\"wordCount\":394,\"publisher\":{\"@id\":\"https:\\\/\\\/www.landwirt.com\\\/news\\\/#organization\"},\"image\":{\"@id\":\"https:\\\/\\\/www.landwirt.com\\\/news\\\/neuer-terrus-cvt-gewinnt-erneut-mit-einer-weiteren-anerkennung-fuer-sein-unverwechelbares-design\\\/#primaryimage\"},\"thumbnailUrl\":\"https:\\\/\\\/www.landwirt.com\\\/news\\\/wp-content\\\/uploads\\\/2022\\\/05\\\/STEYR_6300_Terrus_CVT-scaled.jpg\",\"keywords\":[\"Auszeichnung\",\"Award\",\"CNH\",\"CVT\",\"Steyr\",\"Steyrtraktoren\",\"Terrus CVT\",\"Traktor\"],\"articleSection\":[\"Landwirt\",\"Werbung\"],\"inLanguage\":\"de-AT\"},{\"@type\":\"WebPage\",\"@id\":\"https:\\\/\\\/www.landwirt.com\\\/news\\\/neuer-terrus-cvt-gewinnt-erneut-mit-einer-weiteren-anerkennung-fuer-sein-unverwechelbares-design\\\/\",\"url\":\"https:\\\/\\\/www.landwirt.com\\\/news\\\/neuer-terrus-cvt-gewinnt-erneut-mit-einer-weiteren-anerkennung-fuer-sein-unverwechelbares-design\\\/\",\"name\":\"Neuer Terrus CVT gewinnt erneut mit einer weiteren Anerkennung f\u00fcr sein unverwechelbares Design - Landwirt.com News\",\"isPartOf\":{\"@id\":\"https:\\\/\\\/www.landwirt.com\\\/news\\\/#website\"},\"primaryImageOfPage\":{\"@id\":\"https:\\\/\\\/www.landwirt.com\\\/news\\\/neuer-terrus-cvt-gewinnt-erneut-mit-einer-weiteren-anerkennung-fuer-sein-unverwechelbares-design\\\/#primaryimage\"},\"image\":{\"@id\":\"https:\\\/\\\/www.landwirt.com\\\/news\\\/neuer-terrus-cvt-gewinnt-erneut-mit-einer-weiteren-anerkennung-fuer-sein-unverwechelbares-design\\\/#primaryimage\"},\"thumbnailUrl\":\"https:\\\/\\\/www.landwirt.com\\\/news\\\/wp-content\\\/uploads\\\/2022\\\/05\\\/STEYR_6300_Terrus_CVT-scaled.jpg\",\"datePublished\":\"2022-05-31T07:23:28+00:00\",\"dateModified\":\"2022-05-31T07:40:22+00:00\",\"breadcrumb\":{\"@id\":\"https:\\\/\\\/www.landwirt.com\\\/news\\\/neuer-terrus-cvt-gewinnt-erneut-mit-einer-weiteren-anerkennung-fuer-sein-unverwechelbares-design\\\/#breadcrumb\"},\"inLanguage\":\"de-AT\",\"potentialAction\":[{\"@type\":\"ReadAction\",\"target\":[\"https:\\\/\\\/www.landwirt.com\\\/news\\\/neuer-terrus-cvt-gewinnt-erneut-mit-einer-weiteren-anerkennung-fuer-sein-unverwechelbares-design\\\/\"]}]},{\"@type\":\"ImageObject\",\"inLanguage\":\"de-AT\",\"@id\":\"https:\\\/\\\/www.landwirt.com\\\/news\\\/neuer-terrus-cvt-gewinnt-erneut-mit-einer-weiteren-anerkennung-fuer-sein-unverwechelbares-design\\\/#primaryimage\",\"url\":\"https:\\\/\\\/www.landwirt.com\\\/news\\\/wp-content\\\/uploads\\\/2022\\\/05\\\/STEYR_6300_Terrus_CVT-scaled.jpg\",\"contentUrl\":\"https:\\\/\\\/www.landwirt.com\\\/news\\\/wp-content\\\/uploads\\\/2022\\\/05\\\/STEYR_6300_Terrus_CVT-scaled.jpg\",\"width\":2560,\"height\":1648},{\"@type\":\"BreadcrumbList\",\"@id\":\"https:\\\/\\\/www.landwirt.com\\\/news\\\/neuer-terrus-cvt-gewinnt-erneut-mit-einer-weiteren-anerkennung-fuer-sein-unverwechelbares-design\\\/#breadcrumb\",\"itemListElement\":[{\"@type\":\"ListItem\",\"position\":1,\"name\":\"Home\",\"item\":\"https:\\\/\\\/www.landwirt.com\\\/news\\\/home\\\/\"},{\"@type\":\"ListItem\",\"position\":2,\"name\":\"Neuer Terrus CVT gewinnt erneut mit einer weiteren Anerkennung f\u00fcr sein unverwechelbares Design\"}]},{\"@type\":\"WebSite\",\"@id\":\"https:\\\/\\\/www.landwirt.com\\\/news\\\/#website\",\"url\":\"https:\\\/\\\/www.landwirt.com\\\/news\\\/\",\"name\":\"Landwirt.com News\",\"description\":\"Landwirt.com News\",\"publisher\":{\"@id\":\"https:\\\/\\\/www.landwirt.com\\\/news\\\/#organization\"},\"potentialAction\":[{\"@type\":\"SearchAction\",\"target\":{\"@type\":\"EntryPoint\",\"urlTemplate\":\"https:\\\/\\\/www.landwirt.com\\\/news\\\/?s={search_term_string}\"},\"query-input\":{\"@type\":\"PropertyValueSpecification\",\"valueRequired\":true,\"valueName\":\"search_term_string\"}}],\"inLanguage\":\"de-AT\"},{\"@type\":\"Organization\",\"@id\":\"https:\\\/\\\/www.landwirt.com\\\/news\\\/#organization\",\"name\":\"LANDWIRT.COM GMBH\",\"url\":\"https:\\\/\\\/www.landwirt.com\\\/news\\\/\",\"logo\":{\"@type\":\"ImageObject\",\"inLanguage\":\"de-AT\",\"@id\":\"https:\\\/\\\/www.landwirt.com\\\/news\\\/#\\\/schema\\\/logo\\\/image\\\/\",\"url\":\"https:\\\/\\\/www.landwirt.com\\\/news\\\/wp-content\\\/uploads\\\/2020\\\/02\\\/LW-logo.png\",\"contentUrl\":\"https:\\\/\\\/www.landwirt.com\\\/news\\\/wp-content\\\/uploads\\\/2020\\\/02\\\/LW-logo.png\",\"width\":250,\"height\":58,\"caption\":\"LANDWIRT.COM GMBH\"},\"image\":{\"@id\":\"https:\\\/\\\/www.landwirt.com\\\/news\\\/#\\\/schema\\\/logo\\\/image\\\/\"}},{\"@type\":\"Person\",\"@id\":\"https:\\\/\\\/www.landwirt.com\\\/news\\\/#\\\/schema\\\/person\\\/58b1026d44b61c2d0c39d2d1220d43e9\",\"name\":\"Edith Winter\",\"image\":{\"@type\":\"ImageObject\",\"inLanguage\":\"de-AT\",\"@id\":\"https:\\\/\\\/secure.gravatar.com\\\/avatar\\\/a8a5aac669c36d589ec506dc09b6dcb6e1c7c0b8731e97f1f2dcea5e26e28095?s=96&d=mm&r=g\",\"url\":\"https:\\\/\\\/secure.gravatar.com\\\/avatar\\\/a8a5aac669c36d589ec506dc09b6dcb6e1c7c0b8731e97f1f2dcea5e26e28095?s=96&d=mm&r=g\",\"contentUrl\":\"https:\\\/\\\/secure.gravatar.com\\\/avatar\\\/a8a5aac669c36d589ec506dc09b6dcb6e1c7c0b8731e97f1f2dcea5e26e28095?s=96&d=mm&r=g\",\"caption\":\"Edith Winter\"},\"url\":\"https:\\\/\\\/www.landwirt.com\\\/news\\\/author\\\/edith\\\/\"}]}<\/script>\n<!-- \/ Yoast SEO plugin. -->","yoast_head_json":{"title":"Neuer Terrus CVT gewinnt erneut mit einer weiteren Anerkennung f\u00fcr sein unverwechelbares Design - Landwirt.com News","robots":{"index":"index","follow":"follow","max-snippet":"max-snippet:-1","max-image-preview":"max-image-preview:large","max-video-preview":"max-video-preview:-1"},"og_locale":"de_DE","og_type":"article","og_title":"Neuer Terrus CVT gewinnt erneut mit einer weiteren Anerkennung f\u00fcr sein unverwechelbares Design - Landwirt.com News","og_description":"Jury des iF Design Award zeichnet Flaggschiff-Traktorbaureihe von STEYR\u00ae f\u00fcr die Verbindung von Form und Funktion aus","og_url":"https:\/\/www.landwirt.com\/news\/neuer-terrus-cvt-gewinnt-erneut-mit-einer-weiteren-anerkennung-fuer-sein-unverwechelbares-design\/","og_site_name":"Landwirt.com News","article_published_time":"2022-05-31T07:23:28+00:00","article_modified_time":"2022-05-31T07:40:22+00:00","og_image":[{"width":1030,"height":663,"url":"https:\/\/www.landwirt.com\/news\/wp-content\/uploads\/2022\/05\/STEYR_6300_Terrus_CVT-1030x663.jpg","type":"image\/jpeg"}],"author":"Edith Winter","twitter_card":"summary_large_image","twitter_misc":{"Verfasst von":"Edith Winter","Gesch\u00e4tzte Lesezeit":"3 Minuten"},"schema":{"@context":"https:\/\/schema.org","@graph":[{"@type":"Article","@id":"https:\/\/www.landwirt.com\/news\/neuer-terrus-cvt-gewinnt-erneut-mit-einer-weiteren-anerkennung-fuer-sein-unverwechelbares-design\/#article","isPartOf":{"@id":"https:\/\/www.landwirt.com\/news\/neuer-terrus-cvt-gewinnt-erneut-mit-einer-weiteren-anerkennung-fuer-sein-unverwechelbares-design\/"},"author":{"name":"Edith Winter","@id":"https:\/\/www.landwirt.com\/news\/#\/schema\/person\/58b1026d44b61c2d0c39d2d1220d43e9"},"headline":"Neuer Terrus CVT gewinnt erneut mit einer weiteren Anerkennung f\u00fcr sein unverwechelbares Design","datePublished":"2022-05-31T07:23:28+00:00","dateModified":"2022-05-31T07:40:22+00:00","mainEntityOfPage":{"@id":"https:\/\/www.landwirt.com\/news\/neuer-terrus-cvt-gewinnt-erneut-mit-einer-weiteren-anerkennung-fuer-sein-unverwechelbares-design\/"},"wordCount":394,"publisher":{"@id":"https:\/\/www.landwirt.com\/news\/#organization"},"image":{"@id":"https:\/\/www.landwirt.com\/news\/neuer-terrus-cvt-gewinnt-erneut-mit-einer-weiteren-anerkennung-fuer-sein-unverwechelbares-design\/#primaryimage"},"thumbnailUrl":"https:\/\/www.landwirt.com\/news\/wp-content\/uploads\/2022\/05\/STEYR_6300_Terrus_CVT-scaled.jpg","keywords":["Auszeichnung","Award","CNH","CVT","Steyr","Steyrtraktoren","Terrus CVT","Traktor"],"articleSection":["Landwirt","Werbung"],"inLanguage":"de-AT"},{"@type":"WebPage","@id":"https:\/\/www.landwirt.com\/news\/neuer-terrus-cvt-gewinnt-erneut-mit-einer-weiteren-anerkennung-fuer-sein-unverwechelbares-design\/","url":"https:\/\/www.landwirt.com\/news\/neuer-terrus-cvt-gewinnt-erneut-mit-einer-weiteren-anerkennung-fuer-sein-unverwechelbares-design\/","name":"Neuer Terrus CVT gewinnt erneut mit einer weiteren Anerkennung f\u00fcr sein unverwechelbares Design - Landwirt.com News","isPartOf":{"@id":"https:\/\/www.landwirt.com\/news\/#website"},"primaryImageOfPage":{"@id":"https:\/\/www.landwirt.com\/news\/neuer-terrus-cvt-gewinnt-erneut-mit-einer-weiteren-anerkennung-fuer-sein-unverwechelbares-design\/#primaryimage"},"image":{"@id":"https:\/\/www.landwirt.com\/news\/neuer-terrus-cvt-gewinnt-erneut-mit-einer-weiteren-anerkennung-fuer-sein-unverwechelbares-design\/#primaryimage"},"thumbnailUrl":"https:\/\/www.landwirt.com\/news\/wp-content\/uploads\/2022\/05\/STEYR_6300_Terrus_CVT-scaled.jpg","datePublished":"2022-05-31T07:23:28+00:00","dateModified":"2022-05-31T07:40:22+00:00","breadcrumb":{"@id":"https:\/\/www.landwirt.com\/news\/neuer-terrus-cvt-gewinnt-erneut-mit-einer-weiteren-anerkennung-fuer-sein-unverwechelbares-design\/#breadcrumb"},"inLanguage":"de-AT","potentialAction":[{"@type":"ReadAction","target":["https:\/\/www.landwirt.com\/news\/neuer-terrus-cvt-gewinnt-erneut-mit-einer-weiteren-anerkennung-fuer-sein-unverwechelbares-design\/"]}]},{"@type":"ImageObject","inLanguage":"de-AT","@id":"https:\/\/www.landwirt.com\/news\/neuer-terrus-cvt-gewinnt-erneut-mit-einer-weiteren-anerkennung-fuer-sein-unverwechelbares-design\/#primaryimage","url":"https:\/\/www.landwirt.com\/news\/wp-content\/uploads\/2022\/05\/STEYR_6300_Terrus_CVT-scaled.jpg","contentUrl":"https:\/\/www.landwirt.com\/news\/wp-content\/uploads\/2022\/05\/STEYR_6300_Terrus_CVT-scaled.jpg","width":2560,"height":1648},{"@type":"BreadcrumbList","@id":"https:\/\/www.landwirt.com\/news\/neuer-terrus-cvt-gewinnt-erneut-mit-einer-weiteren-anerkennung-fuer-sein-unverwechelbares-design\/#breadcrumb","itemListElement":[{"@type":"ListItem","position":1,"name":"Home","item":"https:\/\/www.landwirt.com\/news\/home\/"},{"@type":"ListItem","position":2,"name":"Neuer Terrus CVT gewinnt erneut mit einer weiteren Anerkennung f\u00fcr sein unverwechelbares Design"}]},{"@type":"WebSite","@id":"https:\/\/www.landwirt.com\/news\/#website","url":"https:\/\/www.landwirt.com\/news\/","name":"Landwirt.com News","description":"Landwirt.com News","publisher":{"@id":"https:\/\/www.landwirt.com\/news\/#organization"},"potentialAction":[{"@type":"SearchAction","target":{"@type":"EntryPoint","urlTemplate":"https:\/\/www.landwirt.com\/news\/?s={search_term_string}"},"query-input":{"@type":"PropertyValueSpecification","valueRequired":true,"valueName":"search_term_string"}}],"inLanguage":"de-AT"},{"@type":"Organization","@id":"https:\/\/www.landwirt.com\/news\/#organization","name":"LANDWIRT.COM GMBH","url":"https:\/\/www.landwirt.com\/news\/","logo":{"@type":"ImageObject","inLanguage":"de-AT","@id":"https:\/\/www.landwirt.com\/news\/#\/schema\/logo\/image\/","url":"https:\/\/www.landwirt.com\/news\/wp-content\/uploads\/2020\/02\/LW-logo.png","contentUrl":"https:\/\/www.landwirt.com\/news\/wp-content\/uploads\/2020\/02\/LW-logo.png","width":250,"height":58,"caption":"LANDWIRT.COM GMBH"},"image":{"@id":"https:\/\/www.landwirt.com\/news\/#\/schema\/logo\/image\/"}},{"@type":"Person","@id":"https:\/\/www.landwirt.com\/news\/#\/schema\/person\/58b1026d44b61c2d0c39d2d1220d43e9","name":"Edith Winter","image":{"@type":"ImageObject","inLanguage":"de-AT","@id":"https:\/\/secure.gravatar.com\/avatar\/a8a5aac669c36d589ec506dc09b6dcb6e1c7c0b8731e97f1f2dcea5e26e28095?s=96&d=mm&r=g","url":"https:\/\/secure.gravatar.com\/avatar\/a8a5aac669c36d589ec506dc09b6dcb6e1c7c0b8731e97f1f2dcea5e26e28095?s=96&d=mm&r=g","contentUrl":"https:\/\/secure.gravatar.com\/avatar\/a8a5aac669c36d589ec506dc09b6dcb6e1c7c0b8731e97f1f2dcea5e26e28095?s=96&d=mm&r=g","caption":"Edith Winter"},"url":"https:\/\/www.landwirt.com\/news\/author\/edith\/"}]}},"_links":{"self":[{"href":"https:\/\/www.landwirt.com\/news\/wp-json\/wp\/v2\/posts\/9656","targetHints":{"allow":["GET"]}}],"collection":[{"href":"https:\/\/www.landwirt.com\/news\/wp-json\/wp\/v2\/posts"}],"about":[{"href":"https:\/\/www.landwirt.com\/news\/wp-json\/wp\/v2\/types\/post"}],"author":[{"embeddable":true,"href":"https:\/\/www.landwirt.com\/news\/wp-json\/wp\/v2\/users\/15"}],"replies":[{"embeddable":true,"href":"https:\/\/www.landwirt.com\/news\/wp-json\/wp\/v2\/comments?post=9656"}],"version-history":[{"count":3,"href":"https:\/\/www.landwirt.com\/news\/wp-json\/wp\/v2\/posts\/9656\/revisions"}],"predecessor-version":[{"id":9663,"href":"https:\/\/www.landwirt.com\/news\/wp-json\/wp\/v2\/posts\/9656\/revisions\/9663"}],"wp:featuredmedia":[{"embeddable":true,"href":"https:\/\/www.landwirt.com\/news\/wp-json\/wp\/v2\/media\/9659"}],"wp:attachment":[{"href":"https:\/\/www.landwirt.com\/news\/wp-json\/wp\/v2\/media?parent=9656"}],"wp:term":[{"taxonomy":"category","embeddable":true,"href":"https:\/\/www.landwirt.com\/news\/wp-json\/wp\/v2\/categories?post=9656"},{"taxonomy":"post_tag","embeddable":true,"href":"https:\/\/www.landwirt.com\/news\/wp-json\/wp\/v2\/tags?post=9656"}],"curies":[{"name":"wp","href":"https:\/\/api.w.org\/{rel}","templated":true}]}}