{"id":9178,"date":"2022-05-04T11:31:37","date_gmt":"2022-05-04T09:31:37","guid":{"rendered":"https:\/\/www.landwirt.com\/news\/?p=9178"},"modified":"2022-05-04T11:33:43","modified_gmt":"2022-05-04T09:33:43","slug":"bio-austria-reges-interesse-am-2-bio-viehwirtschaftstag-in-salzburg","status":"publish","type":"post","link":"https:\/\/www.landwirt.com\/news\/bio-austria-reges-interesse-am-2-bio-viehwirtschaftstag-in-salzburg\/","title":{"rendered":"Reges Interesse am 2. Bio-Viehwirtschaftstag in Salzburg"},"content":{"rendered":"\n<hr class=\"wp-block-separator is-style-default\"\/>\n\n\n\n<div class=\"wp-block-columns is-layout-flex wp-container-core-columns-is-layout-9d6595d7 wp-block-columns-is-layout-flex\">\n<div class=\"wp-block-column is-layout-flow wp-block-column-is-layout-flow\">\n<p style=\"font-size:1.1em\"><strong>Ehrungen f\u00fcr Leistungen rund um die Bio-Landwirtschaft vergeben<\/strong>.<\/p>\n\n\n\n<p>Reger Andrang herrschte am zweiten Bio-Viehwirtschaftstag, der am 29. April an der HBLA Ursprung\/Elixhausen in Salzburg abgehalten wurde. Knapp 200 BesucherInnen sowie zus\u00e4tzlich zahlreiche Schulklassen folgten der Einladung von BIO AUSTRIA, HBLFA Raumberg-Gumpenstein, HBLA Ursprung und weiteren Partnerorganisationen und machten damit Elixhausen f\u00fcr einen Tag zum Zentrum der Bio-Viehwirtschaft in \u00d6sterreich. An 28 Fachstationen vermittelten ExpertInnen unter anderem aus Forschung und Beratung, sowie PraktikerInnen neue Erkenntnisse und traditionelles Bio-Wissen. Der thematische Bogen spannte sich vom Boden, \u00fcber die Gr\u00fcnlandbewirtschaftung, F\u00fctterung, Haltung, Technik und Zucht, bis zur Produktqualit\u00e4t und dem Markt.<\/p>\n<\/div>\n\n\n\n<div class=\"wp-block-column is-layout-flow wp-block-column-is-layout-flow\">\n<figure class=\"wp-block-image size-large\"><a href=\"https:\/\/www.landwirt.com\/news\/wp-content\/uploads\/2022\/05\/Foto1_Gruppe-scaled.jpg\"><img loading=\"lazy\" decoding=\"async\" width=\"1030\" height=\"727\" src=\"https:\/\/www.landwirt.com\/news\/wp-content\/uploads\/2022\/05\/Foto1_Gruppe-1030x727.jpg\" alt=\"Dr. Johann Gasteiner (Dir. HBLFA Raumberg-Gumpenstein), Gertraud Grabmann (Obfrau BIO AUSTRIA), Dr. Josef Schwaiger (Agrar-Landesrat Salzburg), Ulrike Gangl (Obfrau BIO AUSTRIA Salzburg), Bernhard Stehrer (Dir. HBLA Ursprung). \u00a9 BIO AUSTRIA\" class=\"wp-image-9179\" srcset=\"https:\/\/www.landwirt.com\/news\/wp-content\/uploads\/2022\/05\/Foto1_Gruppe-1030x727.jpg 1030w, https:\/\/www.landwirt.com\/news\/wp-content\/uploads\/2022\/05\/Foto1_Gruppe-300x212.jpg 300w, https:\/\/www.landwirt.com\/news\/wp-content\/uploads\/2022\/05\/Foto1_Gruppe-768x542.jpg 768w, https:\/\/www.landwirt.com\/news\/wp-content\/uploads\/2022\/05\/Foto1_Gruppe-1536x1084.jpg 1536w, https:\/\/www.landwirt.com\/news\/wp-content\/uploads\/2022\/05\/Foto1_Gruppe-2048x1445.jpg 2048w, https:\/\/www.landwirt.com\/news\/wp-content\/uploads\/2022\/05\/Foto1_Gruppe-1500x1058.jpg 1500w, https:\/\/www.landwirt.com\/news\/wp-content\/uploads\/2022\/05\/Foto1_Gruppe-260x185.jpg 260w, https:\/\/www.landwirt.com\/news\/wp-content\/uploads\/2022\/05\/Foto1_Gruppe-705x497.jpg 705w\" sizes=\"auto, (max-width: 1030px) 100vw, 1030px\" \/><\/a><\/figure>\n<\/div>\n<\/div>\n\n\n\n<div class=\"wp-block-columns is-layout-flex wp-container-core-columns-is-layout-9d6595d7 wp-block-columns-is-layout-flex\">\n<div class=\"wp-block-column is-layout-flow wp-block-column-is-layout-flow\">\n<figure class=\"wp-block-image size-large\"><a href=\"https:\/\/www.landwirt.com\/news\/wp-content\/uploads\/2022\/05\/Foto2_Fachstation-scaled.jpg\"><img loading=\"lazy\" decoding=\"async\" width=\"1030\" height=\"773\" src=\"https:\/\/www.landwirt.com\/news\/wp-content\/uploads\/2022\/05\/Foto2_Fachstation-1030x773.jpg\" alt=\"Gro\u00dfes Interesse bestand an den 28 Fachstationen, wo sich BesucherInnen informieren und mit Expertinnen austauschen konnten. \u00a9 BIO AUSTRIA\" class=\"wp-image-9180\" srcset=\"https:\/\/www.landwirt.com\/news\/wp-content\/uploads\/2022\/05\/Foto2_Fachstation-1030x773.jpg 1030w, https:\/\/www.landwirt.com\/news\/wp-content\/uploads\/2022\/05\/Foto2_Fachstation-300x225.jpg 300w, https:\/\/www.landwirt.com\/news\/wp-content\/uploads\/2022\/05\/Foto2_Fachstation-768x576.jpg 768w, https:\/\/www.landwirt.com\/news\/wp-content\/uploads\/2022\/05\/Foto2_Fachstation-1536x1152.jpg 1536w, https:\/\/www.landwirt.com\/news\/wp-content\/uploads\/2022\/05\/Foto2_Fachstation-2048x1536.jpg 2048w, https:\/\/www.landwirt.com\/news\/wp-content\/uploads\/2022\/05\/Foto2_Fachstation-1500x1125.jpg 1500w, https:\/\/www.landwirt.com\/news\/wp-content\/uploads\/2022\/05\/Foto2_Fachstation-705x529.jpg 705w\" sizes=\"auto, (max-width: 1030px) 100vw, 1030px\" \/><\/a><\/figure>\n<\/div>\n\n\n\n<div class=\"wp-block-column is-layout-flow wp-block-column-is-layout-flow\">\n<p>\u201eHier wird Lernen voneinander, untereinander und miteinander erm\u00f6glicht. Das bringt nicht nur f\u00fcr den Einzelnen Vorteile, sondern kann Impulse f\u00fcr die Weiterentwicklung der Bio-Landwirtschaft insgesamt geben. Denn die enge Bindung von Praxis und Forschung ist ein Schl\u00fcssel f\u00fcr Innovation\u201c, betonte BIO AUSTRIA Obfrau Gertraud Grabmann anl\u00e4sslich der Er\u00f6ffnung der Veranstaltung.<\/p>\n\n\n\n<p>\u201eBei den Fachvortr\u00e4gen an den verschiedenen Stationen waren f\u00fcr jeden passende Themen dabei. Dieser Tag motiviert dazu, neue Ideen mitzunehmen und er zeigt auf, wie viele Entfaltungsm\u00f6glichkeiten es im Bio-Landbau gibt\u201c, zeigte sich Ulrike Gangl, Obfrau von BIO AUSTRIA Salzburg, \u00fcber die erfolgreiche Veranstaltung erfreut. Der Bio-Viehwirtschaftstag wird alle zwei Jahre abgehalten. Die erste Veranstaltung fand in Graz statt. Der n\u00e4chste Bio-Viehwirtschaftstag wird in Tirol \u00fcber die B\u00fchne gehen.<\/p>\n<\/div>\n<\/div>\n","protected":false},"excerpt":{"rendered":"<p>Ehrungen f\u00fcr Leistungen rund um die Bio-Landwirtschaft vergeben.<\/p>\n","protected":false},"author":15,"featured_media":9179,"comment_status":"closed","ping_status":"closed","sticky":false,"template":"","format":"standard","meta":{"footnotes":""},"categories":[15,1],"tags":[398,399,424,425,162,191],"class_list":["post-9178","post","type-post","status-publish","format-standard","has-post-thumbnail","hentry","category-landwirt","category-werbung","tag-bio-austria","tag-bio-landwirtschaft","tag-bio-betrieb","tag-biobauer","tag-klimaschutz","tag-nachhaltigkeit"],"yoast_head":"<!-- This site is optimized with the Yoast SEO plugin v27.5 - https:\/\/yoast.com\/product\/yoast-seo-wordpress\/ -->\n<title>Reges Interesse am 2. Bio-Viehwirtschaftstag in Salzburg - Landwirt.com News<\/title>\n<meta name=\"robots\" content=\"index, follow, max-snippet:-1, max-image-preview:large, max-video-preview:-1\" \/>\n<meta property=\"og:locale\" content=\"de_DE\" \/>\n<meta property=\"og:type\" content=\"article\" \/>\n<meta property=\"og:title\" content=\"Reges Interesse am 2. Bio-Viehwirtschaftstag in Salzburg - Landwirt.com News\" \/>\n<meta property=\"og:description\" content=\"Ehrungen f\u00fcr Leistungen rund um die Bio-Landwirtschaft vergeben.\" \/>\n<meta property=\"og:url\" content=\"https:\/\/www.landwirt.com\/news\/bio-austria-reges-interesse-am-2-bio-viehwirtschaftstag-in-salzburg\/\" \/>\n<meta property=\"og:site_name\" content=\"Landwirt.com News\" \/>\n<meta property=\"article:published_time\" content=\"2022-05-04T09:31:37+00:00\" \/>\n<meta property=\"article:modified_time\" content=\"2022-05-04T09:33:43+00:00\" \/>\n<meta property=\"og:image\" content=\"https:\/\/www.landwirt.com\/news\/wp-content\/uploads\/2022\/05\/Foto1_Gruppe-1030x727.jpg\" \/>\n\t<meta property=\"og:image:width\" content=\"1030\" \/>\n\t<meta property=\"og:image:height\" content=\"727\" \/>\n\t<meta property=\"og:image:type\" content=\"image\/jpeg\" \/>\n<meta name=\"author\" content=\"Edith Winter\" \/>\n<meta name=\"twitter:card\" content=\"summary_large_image\" \/>\n<meta name=\"twitter:label1\" content=\"Verfasst von\" \/>\n\t<meta name=\"twitter:data1\" content=\"Edith Winter\" \/>\n\t<meta name=\"twitter:label2\" content=\"Gesch\u00e4tzte Lesezeit\" \/>\n\t<meta name=\"twitter:data2\" content=\"2 Minuten\" \/>\n<script type=\"application\/ld+json\" class=\"yoast-schema-graph\">{\"@context\":\"https:\\\/\\\/schema.org\",\"@graph\":[{\"@type\":\"Article\",\"@id\":\"https:\\\/\\\/www.landwirt.com\\\/news\\\/bio-austria-reges-interesse-am-2-bio-viehwirtschaftstag-in-salzburg\\\/#article\",\"isPartOf\":{\"@id\":\"https:\\\/\\\/www.landwirt.com\\\/news\\\/bio-austria-reges-interesse-am-2-bio-viehwirtschaftstag-in-salzburg\\\/\"},\"author\":{\"name\":\"Edith Winter\",\"@id\":\"https:\\\/\\\/www.landwirt.com\\\/news\\\/#\\\/schema\\\/person\\\/58b1026d44b61c2d0c39d2d1220d43e9\"},\"headline\":\"Reges Interesse am 2. Bio-Viehwirtschaftstag in Salzburg\",\"datePublished\":\"2022-05-04T09:31:37+00:00\",\"dateModified\":\"2022-05-04T09:33:43+00:00\",\"mainEntityOfPage\":{\"@id\":\"https:\\\/\\\/www.landwirt.com\\\/news\\\/bio-austria-reges-interesse-am-2-bio-viehwirtschaftstag-in-salzburg\\\/\"},\"wordCount\":239,\"publisher\":{\"@id\":\"https:\\\/\\\/www.landwirt.com\\\/news\\\/#organization\"},\"image\":{\"@id\":\"https:\\\/\\\/www.landwirt.com\\\/news\\\/bio-austria-reges-interesse-am-2-bio-viehwirtschaftstag-in-salzburg\\\/#primaryimage\"},\"thumbnailUrl\":\"https:\\\/\\\/www.landwirt.com\\\/news\\\/wp-content\\\/uploads\\\/2022\\\/05\\\/Foto1_Gruppe-scaled.jpg\",\"keywords\":[\"Bio Austria\",\"Bio Landwirtschaft\",\"Bio-Betrieb\",\"Biobauer\",\"Klimaschutz\",\"Nachhaltigkeit\"],\"articleSection\":[\"Landwirt\",\"Werbung\"],\"inLanguage\":\"de-AT\"},{\"@type\":\"WebPage\",\"@id\":\"https:\\\/\\\/www.landwirt.com\\\/news\\\/bio-austria-reges-interesse-am-2-bio-viehwirtschaftstag-in-salzburg\\\/\",\"url\":\"https:\\\/\\\/www.landwirt.com\\\/news\\\/bio-austria-reges-interesse-am-2-bio-viehwirtschaftstag-in-salzburg\\\/\",\"name\":\"Reges Interesse am 2. Bio-Viehwirtschaftstag in Salzburg - Landwirt.com News\",\"isPartOf\":{\"@id\":\"https:\\\/\\\/www.landwirt.com\\\/news\\\/#website\"},\"primaryImageOfPage\":{\"@id\":\"https:\\\/\\\/www.landwirt.com\\\/news\\\/bio-austria-reges-interesse-am-2-bio-viehwirtschaftstag-in-salzburg\\\/#primaryimage\"},\"image\":{\"@id\":\"https:\\\/\\\/www.landwirt.com\\\/news\\\/bio-austria-reges-interesse-am-2-bio-viehwirtschaftstag-in-salzburg\\\/#primaryimage\"},\"thumbnailUrl\":\"https:\\\/\\\/www.landwirt.com\\\/news\\\/wp-content\\\/uploads\\\/2022\\\/05\\\/Foto1_Gruppe-scaled.jpg\",\"datePublished\":\"2022-05-04T09:31:37+00:00\",\"dateModified\":\"2022-05-04T09:33:43+00:00\",\"breadcrumb\":{\"@id\":\"https:\\\/\\\/www.landwirt.com\\\/news\\\/bio-austria-reges-interesse-am-2-bio-viehwirtschaftstag-in-salzburg\\\/#breadcrumb\"},\"inLanguage\":\"de-AT\",\"potentialAction\":[{\"@type\":\"ReadAction\",\"target\":[\"https:\\\/\\\/www.landwirt.com\\\/news\\\/bio-austria-reges-interesse-am-2-bio-viehwirtschaftstag-in-salzburg\\\/\"]}]},{\"@type\":\"ImageObject\",\"inLanguage\":\"de-AT\",\"@id\":\"https:\\\/\\\/www.landwirt.com\\\/news\\\/bio-austria-reges-interesse-am-2-bio-viehwirtschaftstag-in-salzburg\\\/#primaryimage\",\"url\":\"https:\\\/\\\/www.landwirt.com\\\/news\\\/wp-content\\\/uploads\\\/2022\\\/05\\\/Foto1_Gruppe-scaled.jpg\",\"contentUrl\":\"https:\\\/\\\/www.landwirt.com\\\/news\\\/wp-content\\\/uploads\\\/2022\\\/05\\\/Foto1_Gruppe-scaled.jpg\",\"width\":2560,\"height\":1806},{\"@type\":\"BreadcrumbList\",\"@id\":\"https:\\\/\\\/www.landwirt.com\\\/news\\\/bio-austria-reges-interesse-am-2-bio-viehwirtschaftstag-in-salzburg\\\/#breadcrumb\",\"itemListElement\":[{\"@type\":\"ListItem\",\"position\":1,\"name\":\"Home\",\"item\":\"https:\\\/\\\/www.landwirt.com\\\/news\\\/home\\\/\"},{\"@type\":\"ListItem\",\"position\":2,\"name\":\"Reges Interesse am 2. Bio-Viehwirtschaftstag in Salzburg\"}]},{\"@type\":\"WebSite\",\"@id\":\"https:\\\/\\\/www.landwirt.com\\\/news\\\/#website\",\"url\":\"https:\\\/\\\/www.landwirt.com\\\/news\\\/\",\"name\":\"Landwirt.com News\",\"description\":\"Landwirt.com News\",\"publisher\":{\"@id\":\"https:\\\/\\\/www.landwirt.com\\\/news\\\/#organization\"},\"potentialAction\":[{\"@type\":\"SearchAction\",\"target\":{\"@type\":\"EntryPoint\",\"urlTemplate\":\"https:\\\/\\\/www.landwirt.com\\\/news\\\/?s={search_term_string}\"},\"query-input\":{\"@type\":\"PropertyValueSpecification\",\"valueRequired\":true,\"valueName\":\"search_term_string\"}}],\"inLanguage\":\"de-AT\"},{\"@type\":\"Organization\",\"@id\":\"https:\\\/\\\/www.landwirt.com\\\/news\\\/#organization\",\"name\":\"LANDWIRT.COM GMBH\",\"url\":\"https:\\\/\\\/www.landwirt.com\\\/news\\\/\",\"logo\":{\"@type\":\"ImageObject\",\"inLanguage\":\"de-AT\",\"@id\":\"https:\\\/\\\/www.landwirt.com\\\/news\\\/#\\\/schema\\\/logo\\\/image\\\/\",\"url\":\"https:\\\/\\\/www.landwirt.com\\\/news\\\/wp-content\\\/uploads\\\/2020\\\/02\\\/LW-logo.png\",\"contentUrl\":\"https:\\\/\\\/www.landwirt.com\\\/news\\\/wp-content\\\/uploads\\\/2020\\\/02\\\/LW-logo.png\",\"width\":250,\"height\":58,\"caption\":\"LANDWIRT.COM GMBH\"},\"image\":{\"@id\":\"https:\\\/\\\/www.landwirt.com\\\/news\\\/#\\\/schema\\\/logo\\\/image\\\/\"}},{\"@type\":\"Person\",\"@id\":\"https:\\\/\\\/www.landwirt.com\\\/news\\\/#\\\/schema\\\/person\\\/58b1026d44b61c2d0c39d2d1220d43e9\",\"name\":\"Edith Winter\",\"image\":{\"@type\":\"ImageObject\",\"inLanguage\":\"de-AT\",\"@id\":\"https:\\\/\\\/secure.gravatar.com\\\/avatar\\\/a8a5aac669c36d589ec506dc09b6dcb6e1c7c0b8731e97f1f2dcea5e26e28095?s=96&d=mm&r=g\",\"url\":\"https:\\\/\\\/secure.gravatar.com\\\/avatar\\\/a8a5aac669c36d589ec506dc09b6dcb6e1c7c0b8731e97f1f2dcea5e26e28095?s=96&d=mm&r=g\",\"contentUrl\":\"https:\\\/\\\/secure.gravatar.com\\\/avatar\\\/a8a5aac669c36d589ec506dc09b6dcb6e1c7c0b8731e97f1f2dcea5e26e28095?s=96&d=mm&r=g\",\"caption\":\"Edith Winter\"},\"url\":\"https:\\\/\\\/www.landwirt.com\\\/news\\\/author\\\/edith\\\/\"}]}<\/script>\n<!-- \/ Yoast SEO plugin. -->","yoast_head_json":{"title":"Reges Interesse am 2. Bio-Viehwirtschaftstag in Salzburg - Landwirt.com News","robots":{"index":"index","follow":"follow","max-snippet":"max-snippet:-1","max-image-preview":"max-image-preview:large","max-video-preview":"max-video-preview:-1"},"og_locale":"de_DE","og_type":"article","og_title":"Reges Interesse am 2. Bio-Viehwirtschaftstag in Salzburg - Landwirt.com News","og_description":"Ehrungen f\u00fcr Leistungen rund um die Bio-Landwirtschaft vergeben.","og_url":"https:\/\/www.landwirt.com\/news\/bio-austria-reges-interesse-am-2-bio-viehwirtschaftstag-in-salzburg\/","og_site_name":"Landwirt.com News","article_published_time":"2022-05-04T09:31:37+00:00","article_modified_time":"2022-05-04T09:33:43+00:00","og_image":[{"width":1030,"height":727,"url":"https:\/\/www.landwirt.com\/news\/wp-content\/uploads\/2022\/05\/Foto1_Gruppe-1030x727.jpg","type":"image\/jpeg"}],"author":"Edith Winter","twitter_card":"summary_large_image","twitter_misc":{"Verfasst von":"Edith Winter","Gesch\u00e4tzte Lesezeit":"2 Minuten"},"schema":{"@context":"https:\/\/schema.org","@graph":[{"@type":"Article","@id":"https:\/\/www.landwirt.com\/news\/bio-austria-reges-interesse-am-2-bio-viehwirtschaftstag-in-salzburg\/#article","isPartOf":{"@id":"https:\/\/www.landwirt.com\/news\/bio-austria-reges-interesse-am-2-bio-viehwirtschaftstag-in-salzburg\/"},"author":{"name":"Edith Winter","@id":"https:\/\/www.landwirt.com\/news\/#\/schema\/person\/58b1026d44b61c2d0c39d2d1220d43e9"},"headline":"Reges Interesse am 2. Bio-Viehwirtschaftstag in Salzburg","datePublished":"2022-05-04T09:31:37+00:00","dateModified":"2022-05-04T09:33:43+00:00","mainEntityOfPage":{"@id":"https:\/\/www.landwirt.com\/news\/bio-austria-reges-interesse-am-2-bio-viehwirtschaftstag-in-salzburg\/"},"wordCount":239,"publisher":{"@id":"https:\/\/www.landwirt.com\/news\/#organization"},"image":{"@id":"https:\/\/www.landwirt.com\/news\/bio-austria-reges-interesse-am-2-bio-viehwirtschaftstag-in-salzburg\/#primaryimage"},"thumbnailUrl":"https:\/\/www.landwirt.com\/news\/wp-content\/uploads\/2022\/05\/Foto1_Gruppe-scaled.jpg","keywords":["Bio Austria","Bio Landwirtschaft","Bio-Betrieb","Biobauer","Klimaschutz","Nachhaltigkeit"],"articleSection":["Landwirt","Werbung"],"inLanguage":"de-AT"},{"@type":"WebPage","@id":"https:\/\/www.landwirt.com\/news\/bio-austria-reges-interesse-am-2-bio-viehwirtschaftstag-in-salzburg\/","url":"https:\/\/www.landwirt.com\/news\/bio-austria-reges-interesse-am-2-bio-viehwirtschaftstag-in-salzburg\/","name":"Reges Interesse am 2. Bio-Viehwirtschaftstag in Salzburg - Landwirt.com News","isPartOf":{"@id":"https:\/\/www.landwirt.com\/news\/#website"},"primaryImageOfPage":{"@id":"https:\/\/www.landwirt.com\/news\/bio-austria-reges-interesse-am-2-bio-viehwirtschaftstag-in-salzburg\/#primaryimage"},"image":{"@id":"https:\/\/www.landwirt.com\/news\/bio-austria-reges-interesse-am-2-bio-viehwirtschaftstag-in-salzburg\/#primaryimage"},"thumbnailUrl":"https:\/\/www.landwirt.com\/news\/wp-content\/uploads\/2022\/05\/Foto1_Gruppe-scaled.jpg","datePublished":"2022-05-04T09:31:37+00:00","dateModified":"2022-05-04T09:33:43+00:00","breadcrumb":{"@id":"https:\/\/www.landwirt.com\/news\/bio-austria-reges-interesse-am-2-bio-viehwirtschaftstag-in-salzburg\/#breadcrumb"},"inLanguage":"de-AT","potentialAction":[{"@type":"ReadAction","target":["https:\/\/www.landwirt.com\/news\/bio-austria-reges-interesse-am-2-bio-viehwirtschaftstag-in-salzburg\/"]}]},{"@type":"ImageObject","inLanguage":"de-AT","@id":"https:\/\/www.landwirt.com\/news\/bio-austria-reges-interesse-am-2-bio-viehwirtschaftstag-in-salzburg\/#primaryimage","url":"https:\/\/www.landwirt.com\/news\/wp-content\/uploads\/2022\/05\/Foto1_Gruppe-scaled.jpg","contentUrl":"https:\/\/www.landwirt.com\/news\/wp-content\/uploads\/2022\/05\/Foto1_Gruppe-scaled.jpg","width":2560,"height":1806},{"@type":"BreadcrumbList","@id":"https:\/\/www.landwirt.com\/news\/bio-austria-reges-interesse-am-2-bio-viehwirtschaftstag-in-salzburg\/#breadcrumb","itemListElement":[{"@type":"ListItem","position":1,"name":"Home","item":"https:\/\/www.landwirt.com\/news\/home\/"},{"@type":"ListItem","position":2,"name":"Reges Interesse am 2. Bio-Viehwirtschaftstag in Salzburg"}]},{"@type":"WebSite","@id":"https:\/\/www.landwirt.com\/news\/#website","url":"https:\/\/www.landwirt.com\/news\/","name":"Landwirt.com News","description":"Landwirt.com News","publisher":{"@id":"https:\/\/www.landwirt.com\/news\/#organization"},"potentialAction":[{"@type":"SearchAction","target":{"@type":"EntryPoint","urlTemplate":"https:\/\/www.landwirt.com\/news\/?s={search_term_string}"},"query-input":{"@type":"PropertyValueSpecification","valueRequired":true,"valueName":"search_term_string"}}],"inLanguage":"de-AT"},{"@type":"Organization","@id":"https:\/\/www.landwirt.com\/news\/#organization","name":"LANDWIRT.COM GMBH","url":"https:\/\/www.landwirt.com\/news\/","logo":{"@type":"ImageObject","inLanguage":"de-AT","@id":"https:\/\/www.landwirt.com\/news\/#\/schema\/logo\/image\/","url":"https:\/\/www.landwirt.com\/news\/wp-content\/uploads\/2020\/02\/LW-logo.png","contentUrl":"https:\/\/www.landwirt.com\/news\/wp-content\/uploads\/2020\/02\/LW-logo.png","width":250,"height":58,"caption":"LANDWIRT.COM GMBH"},"image":{"@id":"https:\/\/www.landwirt.com\/news\/#\/schema\/logo\/image\/"}},{"@type":"Person","@id":"https:\/\/www.landwirt.com\/news\/#\/schema\/person\/58b1026d44b61c2d0c39d2d1220d43e9","name":"Edith Winter","image":{"@type":"ImageObject","inLanguage":"de-AT","@id":"https:\/\/secure.gravatar.com\/avatar\/a8a5aac669c36d589ec506dc09b6dcb6e1c7c0b8731e97f1f2dcea5e26e28095?s=96&d=mm&r=g","url":"https:\/\/secure.gravatar.com\/avatar\/a8a5aac669c36d589ec506dc09b6dcb6e1c7c0b8731e97f1f2dcea5e26e28095?s=96&d=mm&r=g","contentUrl":"https:\/\/secure.gravatar.com\/avatar\/a8a5aac669c36d589ec506dc09b6dcb6e1c7c0b8731e97f1f2dcea5e26e28095?s=96&d=mm&r=g","caption":"Edith Winter"},"url":"https:\/\/www.landwirt.com\/news\/author\/edith\/"}]}},"_links":{"self":[{"href":"https:\/\/www.landwirt.com\/news\/wp-json\/wp\/v2\/posts\/9178","targetHints":{"allow":["GET"]}}],"collection":[{"href":"https:\/\/www.landwirt.com\/news\/wp-json\/wp\/v2\/posts"}],"about":[{"href":"https:\/\/www.landwirt.com\/news\/wp-json\/wp\/v2\/types\/post"}],"author":[{"embeddable":true,"href":"https:\/\/www.landwirt.com\/news\/wp-json\/wp\/v2\/users\/15"}],"replies":[{"embeddable":true,"href":"https:\/\/www.landwirt.com\/news\/wp-json\/wp\/v2\/comments?post=9178"}],"version-history":[{"count":6,"href":"https:\/\/www.landwirt.com\/news\/wp-json\/wp\/v2\/posts\/9178\/revisions"}],"predecessor-version":[{"id":9186,"href":"https:\/\/www.landwirt.com\/news\/wp-json\/wp\/v2\/posts\/9178\/revisions\/9186"}],"wp:featuredmedia":[{"embeddable":true,"href":"https:\/\/www.landwirt.com\/news\/wp-json\/wp\/v2\/media\/9179"}],"wp:attachment":[{"href":"https:\/\/www.landwirt.com\/news\/wp-json\/wp\/v2\/media?parent=9178"}],"wp:term":[{"taxonomy":"category","embeddable":true,"href":"https:\/\/www.landwirt.com\/news\/wp-json\/wp\/v2\/categories?post=9178"},{"taxonomy":"post_tag","embeddable":true,"href":"https:\/\/www.landwirt.com\/news\/wp-json\/wp\/v2\/tags?post=9178"}],"curies":[{"name":"wp","href":"https:\/\/api.w.org\/{rel}","templated":true}]}}