{"id":8879,"date":"2022-04-06T09:27:00","date_gmt":"2022-04-06T07:27:00","guid":{"rendered":"https:\/\/www.landwirt.com\/news\/?p=8879"},"modified":"2022-11-14T14:38:38","modified_gmt":"2022-11-14T13:38:38","slug":"rwz-agrartechnik-neuer-vertriebspartner-uebernahme-steyr-center-nord","status":"publish","type":"post","link":"https:\/\/www.landwirt.com\/news\/rwz-agrartechnik-neuer-vertriebspartner-uebernahme-steyr-center-nord\/","title":{"rendered":"RWZ-Agrartechnik neuer Vertriebspartner \/ \u00dcbernahme Steyr Center Nord"},"content":{"rendered":"\n<hr class=\"wp-block-separator\"\/>\n\n\n\n<p style=\"font-size:1.1em\"><strong>Akquisition des Steyr Center Nord durch RWZ \/ Vertrieb und Service der Marken Case IH und STEYR\u00ae weiter ausgebaut \/ Zuk\u00fcnftige Portfolioerweiterung mit Agrartechnik der RWZ \/ Wichtiger Verkaufs- und Servicest\u00fctzpunkt in \u00d6sterreich<\/strong><\/p>\n\n\n\n<p>CNH Industrial teilt hiermit mit, dass die RWZ-Agrartechnik, ab 01.05.2022 als neuer starker Vertriebspartner der Marken Case IH und STEYR<sup>\u00ae<\/sup> Traktoren im \u00f6sterreichischen Markt t\u00e4tig wird und im Zuge dessen auch die Steyr Center Nord GmbH akquiriert. Der T\u00e4tigkeitsbereich umfasst die aktuelle Gebietsabdeckung der Steyr Center Nord GmbH.<\/p>\n\n\n\n<p>Die Raiffeisen Waren-Zentrale Rhein-Main eG (RWZ) baut ihre internationalen Aktivit\u00e4ten im Bereich Agrartechnik weiter aus und \u00fcbernimmt ab Mai 2022 die Landtechnikaktivit\u00e4ten der Steyr Center Nord GmbH in einem der wichtigsten Agrargebiete Nieder\u00f6sterreichs. Die Marken Case IH und STEYR Traktoren bleiben im Programm, zuk\u00fcnftige Portfolioerweiterungen sind m\u00f6glich.<\/p>\n\n\n\n<h3 class=\"wp-block-heading\">Wichtiger Impuls f\u00fcr die Zukunft<\/h3>\n\n\n\n<div class=\"wp-block-columns is-layout-flex wp-container-core-columns-is-layout-9d6595d7 wp-block-columns-is-layout-flex\">\n<div class=\"wp-block-column is-layout-flow wp-block-column-is-layout-flow\">\n<p>Durch diese neue Partnerschaft wird der Ausbau der Gesch\u00e4ftst\u00e4tigkeit der Marken Case IH und STEYR Traktoren sichergestellt und, durch die professionelle Kundenbetreuung seitens der RWZ-Agrartechnik, eine optimale Kundenzufriedenheit auch in Zukunft gew\u00e4hrleistet.<\/p>\n\n\n\n<p>Die beiden Steyr Center Nord-Betriebe in Harmannsdorf-R\u00fcckersdorf und Neudorf bei Staatz, die zahlreichen Servicepartner sowie voll ausgestattete Servicefahrzeuge sorgen f\u00fcr maximale Kundenn\u00e4he und ersparen im weitl\u00e4ufigen Gebiet lange An- und Abfahrtszeiten. Durch die zentrale Lage im gr\u00f6\u00dften Ackerbaugebiet \u00d6sterreichs werden zudem Betriebe betreut, die auf modernste und intelligente Technologien setzen &#8211; Precision Farming L\u00f6sungen geh\u00f6ren dabei zu den Kernkompetenzen.<\/p>\n<\/div>\n\n\n\n<div class=\"wp-block-column is-layout-flow wp-block-column-is-layout-flow\">\n<figure class=\"wp-block-image size-full\"><a href=\"https:\/\/www.landwirt.com\/news\/wp-content\/uploads\/2022\/04\/DJI_0667-scaled.jpg\"><img loading=\"lazy\" decoding=\"async\" width=\"2560\" height=\"1440\" src=\"https:\/\/www.landwirt.com\/news\/wp-content\/uploads\/2022\/04\/DJI_0667-scaled.jpg\" alt=\"\" class=\"wp-image-8880\" srcset=\"https:\/\/www.landwirt.com\/news\/wp-content\/uploads\/2022\/04\/DJI_0667-scaled.jpg 2560w, https:\/\/www.landwirt.com\/news\/wp-content\/uploads\/2022\/04\/DJI_0667-300x169.jpg 300w, https:\/\/www.landwirt.com\/news\/wp-content\/uploads\/2022\/04\/DJI_0667-1030x579.jpg 1030w, https:\/\/www.landwirt.com\/news\/wp-content\/uploads\/2022\/04\/DJI_0667-768x432.jpg 768w, https:\/\/www.landwirt.com\/news\/wp-content\/uploads\/2022\/04\/DJI_0667-1536x864.jpg 1536w, https:\/\/www.landwirt.com\/news\/wp-content\/uploads\/2022\/04\/DJI_0667-2048x1152.jpg 2048w, https:\/\/www.landwirt.com\/news\/wp-content\/uploads\/2022\/04\/DJI_0667-1500x844.jpg 1500w, https:\/\/www.landwirt.com\/news\/wp-content\/uploads\/2022\/04\/DJI_0667-705x397.jpg 705w\" sizes=\"auto, (max-width: 2560px) 100vw, 2560px\" \/><\/a><\/figure>\n<\/div>\n<\/div>\n\n\n\n<p>Der Neubau des Steyr Center Nord in Harmannsdorf \u00fcberzeugt mit ansprechender Ausstellungshalle, hochmoderner Werkstatt mit 12 Reparaturpl\u00e4tzen sowie Hallenkran, Servicecenter, einem Ersatzteilelager mit \u00fcber 10.000 Teilen und bietet alles, was zur optimalen Betreuung der Kundinnen und Kunden erforderlich ist.<\/p>\n\n\n\n<p>\u201eWir freuen uns sehr, das n\u00e4chste Kapitel in der Entwicklung unserer Gesch\u00e4ftst\u00e4tigkeit gemeinsam mit der RWZ schreiben zu d\u00fcrfen. Dank der Erfahrung beider Unternehmen gelingt es uns, unsere Kunden noch besser zu bedienen und zu erreichen. Mit der Kompetenz unserer engagierten MitarbeiterInnen zeichnet sich der Standort mit Kundenn\u00e4he und einer weitreichenden Produktpalette als verl\u00e4sslicher Partner der Landwirtschaft, technischer Unternehmen, Lohnunternehmen sowie Kommunen aus.\u201c, erkl\u00e4rt Gunnar Hauser, Business Director der Marken STEYR Traktoren und Case IH in \u00d6sterreich.<\/p>\n\n\n\n<h3 class=\"wp-block-heading\">Starkes Know-how<\/h3>\n\n\n\n<p>\u201eDa die landwirtschaftlichen Anbaustrukturen vergleichbar mit unserem deutschen RWZ-Gebiet sind, bieten sich hier klare Vorteile f\u00fcr uns. Ein weiterer Vorteil ist unsere Erfahrung und Kompetenz in der Weinbautechnik, die sich in diesem Gebiet hervorragend einbringen l\u00e4sst.\u201c, so Christian Seelmann, Leiter des RWZ-Bereichs Agrartechnik.<\/p>\n","protected":false},"excerpt":{"rendered":"<p>Vertrieb und Service der Marken Case IH und STEYR\u00ae weiter ausgebaut<\/p>\n","protected":false},"author":15,"featured_media":8880,"comment_status":"closed","ping_status":"closed","sticky":false,"template":"","format":"standard","meta":{"footnotes":""},"categories":[15,1],"tags":[127,450,124,60,481,142],"class_list":["post-8879","post","type-post","status-publish","format-standard","has-post-thumbnail","hentry","category-landwirt","category-werbung","tag-case","tag-case-ih","tag-cnh","tag-steyr","tag-umstrukturierung","tag-vertrieb"],"yoast_head":"<!-- This site is optimized with the Yoast SEO plugin v27.5 - https:\/\/yoast.com\/product\/yoast-seo-wordpress\/ -->\n<title>RWZ-Agrartechnik neuer Vertriebspartner \/ \u00dcbernahme Steyr Center Nord - Landwirt.com News<\/title>\n<meta name=\"robots\" content=\"index, follow, max-snippet:-1, max-image-preview:large, max-video-preview:-1\" \/>\n<meta property=\"og:locale\" content=\"de_DE\" \/>\n<meta property=\"og:type\" content=\"article\" \/>\n<meta property=\"og:title\" content=\"RWZ-Agrartechnik neuer Vertriebspartner \/ \u00dcbernahme Steyr Center Nord - Landwirt.com News\" \/>\n<meta property=\"og:description\" content=\"Vertrieb und Service der Marken Case IH und STEYR\u00ae weiter ausgebaut\" \/>\n<meta property=\"og:url\" content=\"https:\/\/www.landwirt.com\/news\/rwz-agrartechnik-neuer-vertriebspartner-uebernahme-steyr-center-nord\/\" \/>\n<meta property=\"og:site_name\" content=\"Landwirt.com News\" \/>\n<meta property=\"article:published_time\" content=\"2022-04-06T07:27:00+00:00\" \/>\n<meta property=\"article:modified_time\" content=\"2022-11-14T13:38:38+00:00\" \/>\n<meta property=\"og:image\" content=\"https:\/\/www.landwirt.com\/news\/wp-content\/uploads\/2022\/04\/DJI_0667-1030x579.jpg\" \/>\n\t<meta property=\"og:image:width\" content=\"1030\" \/>\n\t<meta property=\"og:image:height\" content=\"579\" \/>\n\t<meta property=\"og:image:type\" content=\"image\/jpeg\" \/>\n<meta name=\"author\" content=\"Edith Winter\" \/>\n<meta name=\"twitter:card\" content=\"summary_large_image\" \/>\n<meta name=\"twitter:label1\" content=\"Verfasst von\" \/>\n\t<meta name=\"twitter:data1\" content=\"Edith Winter\" \/>\n\t<meta name=\"twitter:label2\" content=\"Gesch\u00e4tzte Lesezeit\" \/>\n\t<meta name=\"twitter:data2\" content=\"3 Minuten\" \/>\n<script type=\"application\/ld+json\" class=\"yoast-schema-graph\">{\"@context\":\"https:\\\/\\\/schema.org\",\"@graph\":[{\"@type\":\"Article\",\"@id\":\"https:\\\/\\\/www.landwirt.com\\\/news\\\/rwz-agrartechnik-neuer-vertriebspartner-uebernahme-steyr-center-nord\\\/#article\",\"isPartOf\":{\"@id\":\"https:\\\/\\\/www.landwirt.com\\\/news\\\/rwz-agrartechnik-neuer-vertriebspartner-uebernahme-steyr-center-nord\\\/\"},\"author\":{\"name\":\"Edith Winter\",\"@id\":\"https:\\\/\\\/www.landwirt.com\\\/news\\\/#\\\/schema\\\/person\\\/58b1026d44b61c2d0c39d2d1220d43e9\"},\"headline\":\"RWZ-Agrartechnik neuer Vertriebspartner \\\/ \u00dcbernahme Steyr Center Nord\",\"datePublished\":\"2022-04-06T07:27:00+00:00\",\"dateModified\":\"2022-11-14T13:38:38+00:00\",\"mainEntityOfPage\":{\"@id\":\"https:\\\/\\\/www.landwirt.com\\\/news\\\/rwz-agrartechnik-neuer-vertriebspartner-uebernahme-steyr-center-nord\\\/\"},\"wordCount\":415,\"publisher\":{\"@id\":\"https:\\\/\\\/www.landwirt.com\\\/news\\\/#organization\"},\"image\":{\"@id\":\"https:\\\/\\\/www.landwirt.com\\\/news\\\/rwz-agrartechnik-neuer-vertriebspartner-uebernahme-steyr-center-nord\\\/#primaryimage\"},\"thumbnailUrl\":\"https:\\\/\\\/www.landwirt.com\\\/news\\\/wp-content\\\/uploads\\\/2022\\\/04\\\/DJI_0667-scaled.jpg\",\"keywords\":[\"Case\",\"Case IH\",\"CNH\",\"Steyr\",\"Umstrukturierung\",\"Vertrieb\"],\"articleSection\":[\"Landwirt\",\"Werbung\"],\"inLanguage\":\"de-AT\"},{\"@type\":\"WebPage\",\"@id\":\"https:\\\/\\\/www.landwirt.com\\\/news\\\/rwz-agrartechnik-neuer-vertriebspartner-uebernahme-steyr-center-nord\\\/\",\"url\":\"https:\\\/\\\/www.landwirt.com\\\/news\\\/rwz-agrartechnik-neuer-vertriebspartner-uebernahme-steyr-center-nord\\\/\",\"name\":\"RWZ-Agrartechnik neuer Vertriebspartner \\\/ \u00dcbernahme Steyr Center Nord - Landwirt.com News\",\"isPartOf\":{\"@id\":\"https:\\\/\\\/www.landwirt.com\\\/news\\\/#website\"},\"primaryImageOfPage\":{\"@id\":\"https:\\\/\\\/www.landwirt.com\\\/news\\\/rwz-agrartechnik-neuer-vertriebspartner-uebernahme-steyr-center-nord\\\/#primaryimage\"},\"image\":{\"@id\":\"https:\\\/\\\/www.landwirt.com\\\/news\\\/rwz-agrartechnik-neuer-vertriebspartner-uebernahme-steyr-center-nord\\\/#primaryimage\"},\"thumbnailUrl\":\"https:\\\/\\\/www.landwirt.com\\\/news\\\/wp-content\\\/uploads\\\/2022\\\/04\\\/DJI_0667-scaled.jpg\",\"datePublished\":\"2022-04-06T07:27:00+00:00\",\"dateModified\":\"2022-11-14T13:38:38+00:00\",\"breadcrumb\":{\"@id\":\"https:\\\/\\\/www.landwirt.com\\\/news\\\/rwz-agrartechnik-neuer-vertriebspartner-uebernahme-steyr-center-nord\\\/#breadcrumb\"},\"inLanguage\":\"de-AT\",\"potentialAction\":[{\"@type\":\"ReadAction\",\"target\":[\"https:\\\/\\\/www.landwirt.com\\\/news\\\/rwz-agrartechnik-neuer-vertriebspartner-uebernahme-steyr-center-nord\\\/\"]}]},{\"@type\":\"ImageObject\",\"inLanguage\":\"de-AT\",\"@id\":\"https:\\\/\\\/www.landwirt.com\\\/news\\\/rwz-agrartechnik-neuer-vertriebspartner-uebernahme-steyr-center-nord\\\/#primaryimage\",\"url\":\"https:\\\/\\\/www.landwirt.com\\\/news\\\/wp-content\\\/uploads\\\/2022\\\/04\\\/DJI_0667-scaled.jpg\",\"contentUrl\":\"https:\\\/\\\/www.landwirt.com\\\/news\\\/wp-content\\\/uploads\\\/2022\\\/04\\\/DJI_0667-scaled.jpg\",\"width\":2560,\"height\":1440,\"caption\":\"DCIM100MEDIADJI_0667.JPG\"},{\"@type\":\"BreadcrumbList\",\"@id\":\"https:\\\/\\\/www.landwirt.com\\\/news\\\/rwz-agrartechnik-neuer-vertriebspartner-uebernahme-steyr-center-nord\\\/#breadcrumb\",\"itemListElement\":[{\"@type\":\"ListItem\",\"position\":1,\"name\":\"Home\",\"item\":\"https:\\\/\\\/www.landwirt.com\\\/news\\\/home\\\/\"},{\"@type\":\"ListItem\",\"position\":2,\"name\":\"RWZ-Agrartechnik neuer Vertriebspartner \\\/ \u00dcbernahme Steyr Center Nord\"}]},{\"@type\":\"WebSite\",\"@id\":\"https:\\\/\\\/www.landwirt.com\\\/news\\\/#website\",\"url\":\"https:\\\/\\\/www.landwirt.com\\\/news\\\/\",\"name\":\"Landwirt.com News\",\"description\":\"Landwirt.com News\",\"publisher\":{\"@id\":\"https:\\\/\\\/www.landwirt.com\\\/news\\\/#organization\"},\"potentialAction\":[{\"@type\":\"SearchAction\",\"target\":{\"@type\":\"EntryPoint\",\"urlTemplate\":\"https:\\\/\\\/www.landwirt.com\\\/news\\\/?s={search_term_string}\"},\"query-input\":{\"@type\":\"PropertyValueSpecification\",\"valueRequired\":true,\"valueName\":\"search_term_string\"}}],\"inLanguage\":\"de-AT\"},{\"@type\":\"Organization\",\"@id\":\"https:\\\/\\\/www.landwirt.com\\\/news\\\/#organization\",\"name\":\"LANDWIRT.COM GMBH\",\"url\":\"https:\\\/\\\/www.landwirt.com\\\/news\\\/\",\"logo\":{\"@type\":\"ImageObject\",\"inLanguage\":\"de-AT\",\"@id\":\"https:\\\/\\\/www.landwirt.com\\\/news\\\/#\\\/schema\\\/logo\\\/image\\\/\",\"url\":\"https:\\\/\\\/www.landwirt.com\\\/news\\\/wp-content\\\/uploads\\\/2020\\\/02\\\/LW-logo.png\",\"contentUrl\":\"https:\\\/\\\/www.landwirt.com\\\/news\\\/wp-content\\\/uploads\\\/2020\\\/02\\\/LW-logo.png\",\"width\":250,\"height\":58,\"caption\":\"LANDWIRT.COM GMBH\"},\"image\":{\"@id\":\"https:\\\/\\\/www.landwirt.com\\\/news\\\/#\\\/schema\\\/logo\\\/image\\\/\"}},{\"@type\":\"Person\",\"@id\":\"https:\\\/\\\/www.landwirt.com\\\/news\\\/#\\\/schema\\\/person\\\/58b1026d44b61c2d0c39d2d1220d43e9\",\"name\":\"Edith Winter\",\"image\":{\"@type\":\"ImageObject\",\"inLanguage\":\"de-AT\",\"@id\":\"https:\\\/\\\/secure.gravatar.com\\\/avatar\\\/a8a5aac669c36d589ec506dc09b6dcb6e1c7c0b8731e97f1f2dcea5e26e28095?s=96&d=mm&r=g\",\"url\":\"https:\\\/\\\/secure.gravatar.com\\\/avatar\\\/a8a5aac669c36d589ec506dc09b6dcb6e1c7c0b8731e97f1f2dcea5e26e28095?s=96&d=mm&r=g\",\"contentUrl\":\"https:\\\/\\\/secure.gravatar.com\\\/avatar\\\/a8a5aac669c36d589ec506dc09b6dcb6e1c7c0b8731e97f1f2dcea5e26e28095?s=96&d=mm&r=g\",\"caption\":\"Edith Winter\"},\"url\":\"https:\\\/\\\/www.landwirt.com\\\/news\\\/author\\\/edith\\\/\"}]}<\/script>\n<!-- \/ Yoast SEO plugin. -->","yoast_head_json":{"title":"RWZ-Agrartechnik neuer Vertriebspartner \/ \u00dcbernahme Steyr Center Nord - Landwirt.com News","robots":{"index":"index","follow":"follow","max-snippet":"max-snippet:-1","max-image-preview":"max-image-preview:large","max-video-preview":"max-video-preview:-1"},"og_locale":"de_DE","og_type":"article","og_title":"RWZ-Agrartechnik neuer Vertriebspartner \/ \u00dcbernahme Steyr Center Nord - Landwirt.com News","og_description":"Vertrieb und Service der Marken Case IH und STEYR\u00ae weiter ausgebaut","og_url":"https:\/\/www.landwirt.com\/news\/rwz-agrartechnik-neuer-vertriebspartner-uebernahme-steyr-center-nord\/","og_site_name":"Landwirt.com News","article_published_time":"2022-04-06T07:27:00+00:00","article_modified_time":"2022-11-14T13:38:38+00:00","og_image":[{"width":1030,"height":579,"url":"https:\/\/www.landwirt.com\/news\/wp-content\/uploads\/2022\/04\/DJI_0667-1030x579.jpg","type":"image\/jpeg"}],"author":"Edith Winter","twitter_card":"summary_large_image","twitter_misc":{"Verfasst von":"Edith Winter","Gesch\u00e4tzte Lesezeit":"3 Minuten"},"schema":{"@context":"https:\/\/schema.org","@graph":[{"@type":"Article","@id":"https:\/\/www.landwirt.com\/news\/rwz-agrartechnik-neuer-vertriebspartner-uebernahme-steyr-center-nord\/#article","isPartOf":{"@id":"https:\/\/www.landwirt.com\/news\/rwz-agrartechnik-neuer-vertriebspartner-uebernahme-steyr-center-nord\/"},"author":{"name":"Edith Winter","@id":"https:\/\/www.landwirt.com\/news\/#\/schema\/person\/58b1026d44b61c2d0c39d2d1220d43e9"},"headline":"RWZ-Agrartechnik neuer Vertriebspartner \/ \u00dcbernahme Steyr Center Nord","datePublished":"2022-04-06T07:27:00+00:00","dateModified":"2022-11-14T13:38:38+00:00","mainEntityOfPage":{"@id":"https:\/\/www.landwirt.com\/news\/rwz-agrartechnik-neuer-vertriebspartner-uebernahme-steyr-center-nord\/"},"wordCount":415,"publisher":{"@id":"https:\/\/www.landwirt.com\/news\/#organization"},"image":{"@id":"https:\/\/www.landwirt.com\/news\/rwz-agrartechnik-neuer-vertriebspartner-uebernahme-steyr-center-nord\/#primaryimage"},"thumbnailUrl":"https:\/\/www.landwirt.com\/news\/wp-content\/uploads\/2022\/04\/DJI_0667-scaled.jpg","keywords":["Case","Case IH","CNH","Steyr","Umstrukturierung","Vertrieb"],"articleSection":["Landwirt","Werbung"],"inLanguage":"de-AT"},{"@type":"WebPage","@id":"https:\/\/www.landwirt.com\/news\/rwz-agrartechnik-neuer-vertriebspartner-uebernahme-steyr-center-nord\/","url":"https:\/\/www.landwirt.com\/news\/rwz-agrartechnik-neuer-vertriebspartner-uebernahme-steyr-center-nord\/","name":"RWZ-Agrartechnik neuer Vertriebspartner \/ \u00dcbernahme Steyr Center Nord - Landwirt.com News","isPartOf":{"@id":"https:\/\/www.landwirt.com\/news\/#website"},"primaryImageOfPage":{"@id":"https:\/\/www.landwirt.com\/news\/rwz-agrartechnik-neuer-vertriebspartner-uebernahme-steyr-center-nord\/#primaryimage"},"image":{"@id":"https:\/\/www.landwirt.com\/news\/rwz-agrartechnik-neuer-vertriebspartner-uebernahme-steyr-center-nord\/#primaryimage"},"thumbnailUrl":"https:\/\/www.landwirt.com\/news\/wp-content\/uploads\/2022\/04\/DJI_0667-scaled.jpg","datePublished":"2022-04-06T07:27:00+00:00","dateModified":"2022-11-14T13:38:38+00:00","breadcrumb":{"@id":"https:\/\/www.landwirt.com\/news\/rwz-agrartechnik-neuer-vertriebspartner-uebernahme-steyr-center-nord\/#breadcrumb"},"inLanguage":"de-AT","potentialAction":[{"@type":"ReadAction","target":["https:\/\/www.landwirt.com\/news\/rwz-agrartechnik-neuer-vertriebspartner-uebernahme-steyr-center-nord\/"]}]},{"@type":"ImageObject","inLanguage":"de-AT","@id":"https:\/\/www.landwirt.com\/news\/rwz-agrartechnik-neuer-vertriebspartner-uebernahme-steyr-center-nord\/#primaryimage","url":"https:\/\/www.landwirt.com\/news\/wp-content\/uploads\/2022\/04\/DJI_0667-scaled.jpg","contentUrl":"https:\/\/www.landwirt.com\/news\/wp-content\/uploads\/2022\/04\/DJI_0667-scaled.jpg","width":2560,"height":1440,"caption":"DCIM100MEDIADJI_0667.JPG"},{"@type":"BreadcrumbList","@id":"https:\/\/www.landwirt.com\/news\/rwz-agrartechnik-neuer-vertriebspartner-uebernahme-steyr-center-nord\/#breadcrumb","itemListElement":[{"@type":"ListItem","position":1,"name":"Home","item":"https:\/\/www.landwirt.com\/news\/home\/"},{"@type":"ListItem","position":2,"name":"RWZ-Agrartechnik neuer Vertriebspartner \/ \u00dcbernahme Steyr Center Nord"}]},{"@type":"WebSite","@id":"https:\/\/www.landwirt.com\/news\/#website","url":"https:\/\/www.landwirt.com\/news\/","name":"Landwirt.com News","description":"Landwirt.com News","publisher":{"@id":"https:\/\/www.landwirt.com\/news\/#organization"},"potentialAction":[{"@type":"SearchAction","target":{"@type":"EntryPoint","urlTemplate":"https:\/\/www.landwirt.com\/news\/?s={search_term_string}"},"query-input":{"@type":"PropertyValueSpecification","valueRequired":true,"valueName":"search_term_string"}}],"inLanguage":"de-AT"},{"@type":"Organization","@id":"https:\/\/www.landwirt.com\/news\/#organization","name":"LANDWIRT.COM GMBH","url":"https:\/\/www.landwirt.com\/news\/","logo":{"@type":"ImageObject","inLanguage":"de-AT","@id":"https:\/\/www.landwirt.com\/news\/#\/schema\/logo\/image\/","url":"https:\/\/www.landwirt.com\/news\/wp-content\/uploads\/2020\/02\/LW-logo.png","contentUrl":"https:\/\/www.landwirt.com\/news\/wp-content\/uploads\/2020\/02\/LW-logo.png","width":250,"height":58,"caption":"LANDWIRT.COM GMBH"},"image":{"@id":"https:\/\/www.landwirt.com\/news\/#\/schema\/logo\/image\/"}},{"@type":"Person","@id":"https:\/\/www.landwirt.com\/news\/#\/schema\/person\/58b1026d44b61c2d0c39d2d1220d43e9","name":"Edith Winter","image":{"@type":"ImageObject","inLanguage":"de-AT","@id":"https:\/\/secure.gravatar.com\/avatar\/a8a5aac669c36d589ec506dc09b6dcb6e1c7c0b8731e97f1f2dcea5e26e28095?s=96&d=mm&r=g","url":"https:\/\/secure.gravatar.com\/avatar\/a8a5aac669c36d589ec506dc09b6dcb6e1c7c0b8731e97f1f2dcea5e26e28095?s=96&d=mm&r=g","contentUrl":"https:\/\/secure.gravatar.com\/avatar\/a8a5aac669c36d589ec506dc09b6dcb6e1c7c0b8731e97f1f2dcea5e26e28095?s=96&d=mm&r=g","caption":"Edith Winter"},"url":"https:\/\/www.landwirt.com\/news\/author\/edith\/"}]}},"_links":{"self":[{"href":"https:\/\/www.landwirt.com\/news\/wp-json\/wp\/v2\/posts\/8879","targetHints":{"allow":["GET"]}}],"collection":[{"href":"https:\/\/www.landwirt.com\/news\/wp-json\/wp\/v2\/posts"}],"about":[{"href":"https:\/\/www.landwirt.com\/news\/wp-json\/wp\/v2\/types\/post"}],"author":[{"embeddable":true,"href":"https:\/\/www.landwirt.com\/news\/wp-json\/wp\/v2\/users\/15"}],"replies":[{"embeddable":true,"href":"https:\/\/www.landwirt.com\/news\/wp-json\/wp\/v2\/comments?post=8879"}],"version-history":[{"count":6,"href":"https:\/\/www.landwirt.com\/news\/wp-json\/wp\/v2\/posts\/8879\/revisions"}],"predecessor-version":[{"id":9273,"href":"https:\/\/www.landwirt.com\/news\/wp-json\/wp\/v2\/posts\/8879\/revisions\/9273"}],"wp:featuredmedia":[{"embeddable":true,"href":"https:\/\/www.landwirt.com\/news\/wp-json\/wp\/v2\/media\/8880"}],"wp:attachment":[{"href":"https:\/\/www.landwirt.com\/news\/wp-json\/wp\/v2\/media?parent=8879"}],"wp:term":[{"taxonomy":"category","embeddable":true,"href":"https:\/\/www.landwirt.com\/news\/wp-json\/wp\/v2\/categories?post=8879"},{"taxonomy":"post_tag","embeddable":true,"href":"https:\/\/www.landwirt.com\/news\/wp-json\/wp\/v2\/tags?post=8879"}],"curies":[{"name":"wp","href":"https:\/\/api.w.org\/{rel}","templated":true}]}}