{"id":8564,"date":"2022-03-10T12:33:28","date_gmt":"2022-03-10T11:33:28","guid":{"rendered":"https:\/\/www.landwirt.com\/news\/?p=8564"},"modified":"2022-04-19T09:34:28","modified_gmt":"2022-04-19T07:34:28","slug":"zulassungen-standardtraktoren-in-oesterreich-jaen-feb-2022","status":"publish","type":"post","link":"https:\/\/www.landwirt.com\/news\/zulassungen-standardtraktoren-in-oesterreich-jaen-feb-2022\/","title":{"rendered":"Zulassungen: Standardtraktoren in \u00d6sterreich J\u00e4n.-Feb. 2022"},"content":{"rendered":"\n<hr class=\"wp-block-separator\"\/>\n\n\n\n<h3 class=\"has-text-align-center wp-block-heading\">Zulassungen Anfang 2022 leicht r\u00fcckl\u00e4ufig gegen\u00fcber den ersten zwei Monaten im Vorjahr<\/h3>\n\n\n\n<div style=\"height:20px\" aria-hidden=\"true\" class=\"wp-block-spacer\"><\/div>\n\n\n\n<figure class=\"wp-block-image size-full\"><img loading=\"lazy\" decoding=\"async\" width=\"4560\" height=\"1954\" src=\"https:\/\/www.landwirt.com\/news\/wp-content\/uploads\/2022\/03\/Zulassungsstatstik-marken-jaen-feb-2022.png\" alt=\"\" class=\"wp-image-8573\" srcset=\"https:\/\/www.landwirt.com\/news\/wp-content\/uploads\/2022\/03\/Zulassungsstatstik-marken-jaen-feb-2022.png 4560w, https:\/\/www.landwirt.com\/news\/wp-content\/uploads\/2022\/03\/Zulassungsstatstik-marken-jaen-feb-2022-300x129.png 300w, https:\/\/www.landwirt.com\/news\/wp-content\/uploads\/2022\/03\/Zulassungsstatstik-marken-jaen-feb-2022-1030x441.png 1030w, https:\/\/www.landwirt.com\/news\/wp-content\/uploads\/2022\/03\/Zulassungsstatstik-marken-jaen-feb-2022-768x329.png 768w, https:\/\/www.landwirt.com\/news\/wp-content\/uploads\/2022\/03\/Zulassungsstatstik-marken-jaen-feb-2022-1536x658.png 1536w, https:\/\/www.landwirt.com\/news\/wp-content\/uploads\/2022\/03\/Zulassungsstatstik-marken-jaen-feb-2022-2048x878.png 2048w, https:\/\/www.landwirt.com\/news\/wp-content\/uploads\/2022\/03\/Zulassungsstatstik-marken-jaen-feb-2022-1500x643.png 1500w, https:\/\/www.landwirt.com\/news\/wp-content\/uploads\/2022\/03\/Zulassungsstatstik-marken-jaen-feb-2022-705x302.png 705w\" sizes=\"auto, (max-width: 4560px) 100vw, 4560px\" \/><\/figure>\n\n\n\n<p>Gegen\u00fcber dem Vorjahr sind die Zulassungen von Standardtraktoren tendenziell eher r\u00fcckl\u00e4ufig. Einzig John Deere, Lindner und Case IH verzeichnen ein klares Plus gegen\u00fcber den Zulassungen von J\u00e4nner bis Februar in den Vorjahren. STEYR bleibt weiterhin klar auf Platz 1, trotz weniger Zulassungen als Anfang 2021. <\/p>\n\n\n\n<p>Insgesamt gab es 2022 von J\u00e4nner bis Februar 773 Zulassungen von Standardtraktoren. Dies sind weniger Zulassungen als im selben Zeitraum des Vorjahres (n\u00e4mlich 829), aber deutlich mehr als im J\u00e4nner und Februar 2020 (n\u00e4mlich 693).<\/p>\n\n\n\n<h2 class=\"wp-block-heading\">Marktanteil der Top-10-Marken bei den Zulassungen 2022<\/h2>\n\n\n\n<p>Beinahe die H\u00e4lfte des Marktes, genauer gesagt 48%, machen alleine die Top-3-Marken, n\u00e4mlich STEYR, John Deere und New Holland der Zulassungen aus. <\/p>\n\n\n\n<div class=\"wp-block-columns is-layout-flex wp-container-core-columns-is-layout-9d6595d7 wp-block-columns-is-layout-flex\">\n<div class=\"wp-block-column is-layout-flow wp-block-column-is-layout-flow\" style=\"flex-basis:51.5%\">\n<figure class=\"wp-block-image size-large\"><img loading=\"lazy\" decoding=\"async\" width=\"1030\" height=\"988\" src=\"https:\/\/www.landwirt.com\/news\/wp-content\/uploads\/2022\/03\/Zulassungsstatstik-marktanteil-2022-1030x988.png\" alt=\"\" class=\"wp-image-8575\" srcset=\"https:\/\/www.landwirt.com\/news\/wp-content\/uploads\/2022\/03\/Zulassungsstatstik-marktanteil-2022-1030x988.png 1030w, https:\/\/www.landwirt.com\/news\/wp-content\/uploads\/2022\/03\/Zulassungsstatstik-marktanteil-2022-300x288.png 300w, https:\/\/www.landwirt.com\/news\/wp-content\/uploads\/2022\/03\/Zulassungsstatstik-marktanteil-2022-768x737.png 768w, https:\/\/www.landwirt.com\/news\/wp-content\/uploads\/2022\/03\/Zulassungsstatstik-marktanteil-2022-1536x1473.png 1536w, https:\/\/www.landwirt.com\/news\/wp-content\/uploads\/2022\/03\/Zulassungsstatstik-marktanteil-2022-36x36.png 36w, https:\/\/www.landwirt.com\/news\/wp-content\/uploads\/2022\/03\/Zulassungsstatstik-marktanteil-2022-1500x1439.png 1500w, https:\/\/www.landwirt.com\/news\/wp-content\/uploads\/2022\/03\/Zulassungsstatstik-marktanteil-2022-705x676.png 705w, https:\/\/www.landwirt.com\/news\/wp-content\/uploads\/2022\/03\/Zulassungsstatstik-marktanteil-2022.png 1938w\" sizes=\"auto, (max-width: 1030px) 100vw, 1030px\" \/><\/figure>\n<\/div>\n\n\n\n<div class=\"wp-block-column is-layout-flow wp-block-column-is-layout-flow\" style=\"flex-basis:48.5%\">\n<figure class=\"wp-block-image size-large\"><img loading=\"lazy\" decoding=\"async\" width=\"1016\" height=\"1030\" src=\"https:\/\/www.landwirt.com\/news\/wp-content\/uploads\/2022\/03\/Zulassungsstatstik-insg.-jaen-feb-2022-1016x1030.png\" alt=\"\" class=\"wp-image-8574\" srcset=\"https:\/\/www.landwirt.com\/news\/wp-content\/uploads\/2022\/03\/Zulassungsstatstik-insg.-jaen-feb-2022-1016x1030.png 1016w, https:\/\/www.landwirt.com\/news\/wp-content\/uploads\/2022\/03\/Zulassungsstatstik-insg.-jaen-feb-2022-296x300.png 296w, https:\/\/www.landwirt.com\/news\/wp-content\/uploads\/2022\/03\/Zulassungsstatstik-insg.-jaen-feb-2022-80x80.png 80w, https:\/\/www.landwirt.com\/news\/wp-content\/uploads\/2022\/03\/Zulassungsstatstik-insg.-jaen-feb-2022-768x779.png 768w, https:\/\/www.landwirt.com\/news\/wp-content\/uploads\/2022\/03\/Zulassungsstatstik-insg.-jaen-feb-2022-1515x1536.png 1515w, https:\/\/www.landwirt.com\/news\/wp-content\/uploads\/2022\/03\/Zulassungsstatstik-insg.-jaen-feb-2022-36x36.png 36w, https:\/\/www.landwirt.com\/news\/wp-content\/uploads\/2022\/03\/Zulassungsstatstik-insg.-jaen-feb-2022-1480x1500.png 1480w, https:\/\/www.landwirt.com\/news\/wp-content\/uploads\/2022\/03\/Zulassungsstatstik-insg.-jaen-feb-2022-695x705.png 695w, https:\/\/www.landwirt.com\/news\/wp-content\/uploads\/2022\/03\/Zulassungsstatstik-insg.-jaen-feb-2022.png 1525w\" sizes=\"auto, (max-width: 1016px) 100vw, 1016px\" \/><\/figure>\n<\/div>\n<\/div>\n\n\n\n<p style=\"font-size:0.85em\"> Quelle: Statistik Austria, erstellt CLUB LANDTECHNIK AUSTRIA <\/p>\n","protected":false},"excerpt":{"rendered":"<p>Zulassungen Anfang 2022 leicht r\u00fcckl\u00e4ufig gegen\u00fcber den ersten zwei Monaten im Vorjahr<\/p>\n","protected":false},"author":15,"featured_media":8584,"comment_status":"closed","ping_status":"closed","sticky":false,"template":"","format":"standard","meta":{"footnotes":""},"categories":[15,1,14],"tags":[55,62,183,54],"class_list":["post-8564","post","type-post","status-publish","format-standard","has-post-thumbnail","hentry","category-landwirt","category-werbung","category-zulassungsstatistik","tag-standardtraktoren","tag-traktor","tag-traktoren","tag-zulassungsstatistik"],"yoast_head":"<!-- This site is optimized with the Yoast SEO plugin v27.5 - https:\/\/yoast.com\/product\/yoast-seo-wordpress\/ -->\n<title>Zulassungen: Standardtraktoren in \u00d6sterreich J\u00e4n.-Feb. 2022 - Landwirt.com News<\/title>\n<meta name=\"robots\" content=\"index, follow, max-snippet:-1, max-image-preview:large, max-video-preview:-1\" \/>\n<meta property=\"og:locale\" content=\"de_DE\" \/>\n<meta property=\"og:type\" content=\"article\" \/>\n<meta property=\"og:title\" content=\"Zulassungen: Standardtraktoren in \u00d6sterreich J\u00e4n.-Feb. 2022 - Landwirt.com News\" \/>\n<meta property=\"og:description\" content=\"Zulassungen Anfang 2022 leicht r\u00fcckl\u00e4ufig gegen\u00fcber den ersten zwei Monaten im Vorjahr\" \/>\n<meta property=\"og:url\" content=\"https:\/\/www.landwirt.com\/news\/zulassungen-standardtraktoren-in-oesterreich-jaen-feb-2022\/\" \/>\n<meta property=\"og:site_name\" content=\"Landwirt.com News\" \/>\n<meta property=\"article:published_time\" content=\"2022-03-10T11:33:28+00:00\" \/>\n<meta property=\"article:modified_time\" content=\"2022-04-19T07:34:28+00:00\" \/>\n<meta property=\"og:image\" content=\"https:\/\/www.landwirt.com\/news\/wp-content\/uploads\/2022\/03\/BeitragBild-zulasssungsstatistik-feb-2022.jpg\" \/>\n\t<meta property=\"og:image:width\" content=\"495\" \/>\n\t<meta property=\"og:image:height\" content=\"400\" \/>\n\t<meta property=\"og:image:type\" content=\"image\/jpeg\" \/>\n<meta name=\"author\" content=\"Edith Winter\" \/>\n<meta name=\"twitter:card\" content=\"summary_large_image\" \/>\n<meta name=\"twitter:label1\" content=\"Verfasst von\" \/>\n\t<meta name=\"twitter:data1\" content=\"Edith Winter\" \/>\n\t<meta name=\"twitter:label2\" content=\"Gesch\u00e4tzte Lesezeit\" \/>\n\t<meta name=\"twitter:data2\" content=\"2 Minuten\" \/>\n<script type=\"application\/ld+json\" class=\"yoast-schema-graph\">{\"@context\":\"https:\\\/\\\/schema.org\",\"@graph\":[{\"@type\":\"Article\",\"@id\":\"https:\\\/\\\/www.landwirt.com\\\/news\\\/zulassungen-standardtraktoren-in-oesterreich-jaen-feb-2022\\\/#article\",\"isPartOf\":{\"@id\":\"https:\\\/\\\/www.landwirt.com\\\/news\\\/zulassungen-standardtraktoren-in-oesterreich-jaen-feb-2022\\\/\"},\"author\":{\"name\":\"Edith Winter\",\"@id\":\"https:\\\/\\\/www.landwirt.com\\\/news\\\/#\\\/schema\\\/person\\\/58b1026d44b61c2d0c39d2d1220d43e9\"},\"headline\":\"Zulassungen: Standardtraktoren in \u00d6sterreich J\u00e4n.-Feb. 2022\",\"datePublished\":\"2022-03-10T11:33:28+00:00\",\"dateModified\":\"2022-04-19T07:34:28+00:00\",\"mainEntityOfPage\":{\"@id\":\"https:\\\/\\\/www.landwirt.com\\\/news\\\/zulassungen-standardtraktoren-in-oesterreich-jaen-feb-2022\\\/\"},\"wordCount\":141,\"publisher\":{\"@id\":\"https:\\\/\\\/www.landwirt.com\\\/news\\\/#organization\"},\"image\":{\"@id\":\"https:\\\/\\\/www.landwirt.com\\\/news\\\/zulassungen-standardtraktoren-in-oesterreich-jaen-feb-2022\\\/#primaryimage\"},\"thumbnailUrl\":\"https:\\\/\\\/www.landwirt.com\\\/news\\\/wp-content\\\/uploads\\\/2022\\\/03\\\/BeitragBild-zulasssungsstatistik-feb-2022.jpg\",\"keywords\":[\"Standardtraktoren\",\"Traktor\",\"Traktoren\",\"Zulassungsstatistik\"],\"articleSection\":[\"Landwirt\",\"Werbung\",\"Zulassungsstatistik\"],\"inLanguage\":\"de-AT\"},{\"@type\":\"WebPage\",\"@id\":\"https:\\\/\\\/www.landwirt.com\\\/news\\\/zulassungen-standardtraktoren-in-oesterreich-jaen-feb-2022\\\/\",\"url\":\"https:\\\/\\\/www.landwirt.com\\\/news\\\/zulassungen-standardtraktoren-in-oesterreich-jaen-feb-2022\\\/\",\"name\":\"Zulassungen: Standardtraktoren in \u00d6sterreich J\u00e4n.-Feb. 2022 - Landwirt.com News\",\"isPartOf\":{\"@id\":\"https:\\\/\\\/www.landwirt.com\\\/news\\\/#website\"},\"primaryImageOfPage\":{\"@id\":\"https:\\\/\\\/www.landwirt.com\\\/news\\\/zulassungen-standardtraktoren-in-oesterreich-jaen-feb-2022\\\/#primaryimage\"},\"image\":{\"@id\":\"https:\\\/\\\/www.landwirt.com\\\/news\\\/zulassungen-standardtraktoren-in-oesterreich-jaen-feb-2022\\\/#primaryimage\"},\"thumbnailUrl\":\"https:\\\/\\\/www.landwirt.com\\\/news\\\/wp-content\\\/uploads\\\/2022\\\/03\\\/BeitragBild-zulasssungsstatistik-feb-2022.jpg\",\"datePublished\":\"2022-03-10T11:33:28+00:00\",\"dateModified\":\"2022-04-19T07:34:28+00:00\",\"breadcrumb\":{\"@id\":\"https:\\\/\\\/www.landwirt.com\\\/news\\\/zulassungen-standardtraktoren-in-oesterreich-jaen-feb-2022\\\/#breadcrumb\"},\"inLanguage\":\"de-AT\",\"potentialAction\":[{\"@type\":\"ReadAction\",\"target\":[\"https:\\\/\\\/www.landwirt.com\\\/news\\\/zulassungen-standardtraktoren-in-oesterreich-jaen-feb-2022\\\/\"]}]},{\"@type\":\"ImageObject\",\"inLanguage\":\"de-AT\",\"@id\":\"https:\\\/\\\/www.landwirt.com\\\/news\\\/zulassungen-standardtraktoren-in-oesterreich-jaen-feb-2022\\\/#primaryimage\",\"url\":\"https:\\\/\\\/www.landwirt.com\\\/news\\\/wp-content\\\/uploads\\\/2022\\\/03\\\/BeitragBild-zulasssungsstatistik-feb-2022.jpg\",\"contentUrl\":\"https:\\\/\\\/www.landwirt.com\\\/news\\\/wp-content\\\/uploads\\\/2022\\\/03\\\/BeitragBild-zulasssungsstatistik-feb-2022.jpg\",\"width\":495,\"height\":400},{\"@type\":\"BreadcrumbList\",\"@id\":\"https:\\\/\\\/www.landwirt.com\\\/news\\\/zulassungen-standardtraktoren-in-oesterreich-jaen-feb-2022\\\/#breadcrumb\",\"itemListElement\":[{\"@type\":\"ListItem\",\"position\":1,\"name\":\"Home\",\"item\":\"https:\\\/\\\/www.landwirt.com\\\/news\\\/home\\\/\"},{\"@type\":\"ListItem\",\"position\":2,\"name\":\"Zulassungen: Standardtraktoren in \u00d6sterreich J\u00e4n.-Feb. 2022\"}]},{\"@type\":\"WebSite\",\"@id\":\"https:\\\/\\\/www.landwirt.com\\\/news\\\/#website\",\"url\":\"https:\\\/\\\/www.landwirt.com\\\/news\\\/\",\"name\":\"Landwirt.com News\",\"description\":\"Landwirt.com News\",\"publisher\":{\"@id\":\"https:\\\/\\\/www.landwirt.com\\\/news\\\/#organization\"},\"potentialAction\":[{\"@type\":\"SearchAction\",\"target\":{\"@type\":\"EntryPoint\",\"urlTemplate\":\"https:\\\/\\\/www.landwirt.com\\\/news\\\/?s={search_term_string}\"},\"query-input\":{\"@type\":\"PropertyValueSpecification\",\"valueRequired\":true,\"valueName\":\"search_term_string\"}}],\"inLanguage\":\"de-AT\"},{\"@type\":\"Organization\",\"@id\":\"https:\\\/\\\/www.landwirt.com\\\/news\\\/#organization\",\"name\":\"LANDWIRT.COM GMBH\",\"url\":\"https:\\\/\\\/www.landwirt.com\\\/news\\\/\",\"logo\":{\"@type\":\"ImageObject\",\"inLanguage\":\"de-AT\",\"@id\":\"https:\\\/\\\/www.landwirt.com\\\/news\\\/#\\\/schema\\\/logo\\\/image\\\/\",\"url\":\"https:\\\/\\\/www.landwirt.com\\\/news\\\/wp-content\\\/uploads\\\/2020\\\/02\\\/LW-logo.png\",\"contentUrl\":\"https:\\\/\\\/www.landwirt.com\\\/news\\\/wp-content\\\/uploads\\\/2020\\\/02\\\/LW-logo.png\",\"width\":250,\"height\":58,\"caption\":\"LANDWIRT.COM GMBH\"},\"image\":{\"@id\":\"https:\\\/\\\/www.landwirt.com\\\/news\\\/#\\\/schema\\\/logo\\\/image\\\/\"}},{\"@type\":\"Person\",\"@id\":\"https:\\\/\\\/www.landwirt.com\\\/news\\\/#\\\/schema\\\/person\\\/58b1026d44b61c2d0c39d2d1220d43e9\",\"name\":\"Edith Winter\",\"image\":{\"@type\":\"ImageObject\",\"inLanguage\":\"de-AT\",\"@id\":\"https:\\\/\\\/secure.gravatar.com\\\/avatar\\\/a8a5aac669c36d589ec506dc09b6dcb6e1c7c0b8731e97f1f2dcea5e26e28095?s=96&d=mm&r=g\",\"url\":\"https:\\\/\\\/secure.gravatar.com\\\/avatar\\\/a8a5aac669c36d589ec506dc09b6dcb6e1c7c0b8731e97f1f2dcea5e26e28095?s=96&d=mm&r=g\",\"contentUrl\":\"https:\\\/\\\/secure.gravatar.com\\\/avatar\\\/a8a5aac669c36d589ec506dc09b6dcb6e1c7c0b8731e97f1f2dcea5e26e28095?s=96&d=mm&r=g\",\"caption\":\"Edith Winter\"},\"url\":\"https:\\\/\\\/www.landwirt.com\\\/news\\\/author\\\/edith\\\/\"}]}<\/script>\n<!-- \/ Yoast SEO plugin. -->","yoast_head_json":{"title":"Zulassungen: Standardtraktoren in \u00d6sterreich J\u00e4n.-Feb. 2022 - Landwirt.com News","robots":{"index":"index","follow":"follow","max-snippet":"max-snippet:-1","max-image-preview":"max-image-preview:large","max-video-preview":"max-video-preview:-1"},"og_locale":"de_DE","og_type":"article","og_title":"Zulassungen: Standardtraktoren in \u00d6sterreich J\u00e4n.-Feb. 2022 - Landwirt.com News","og_description":"Zulassungen Anfang 2022 leicht r\u00fcckl\u00e4ufig gegen\u00fcber den ersten zwei Monaten im Vorjahr","og_url":"https:\/\/www.landwirt.com\/news\/zulassungen-standardtraktoren-in-oesterreich-jaen-feb-2022\/","og_site_name":"Landwirt.com News","article_published_time":"2022-03-10T11:33:28+00:00","article_modified_time":"2022-04-19T07:34:28+00:00","og_image":[{"width":495,"height":400,"url":"https:\/\/www.landwirt.com\/news\/wp-content\/uploads\/2022\/03\/BeitragBild-zulasssungsstatistik-feb-2022.jpg","type":"image\/jpeg"}],"author":"Edith Winter","twitter_card":"summary_large_image","twitter_misc":{"Verfasst von":"Edith Winter","Gesch\u00e4tzte Lesezeit":"2 Minuten"},"schema":{"@context":"https:\/\/schema.org","@graph":[{"@type":"Article","@id":"https:\/\/www.landwirt.com\/news\/zulassungen-standardtraktoren-in-oesterreich-jaen-feb-2022\/#article","isPartOf":{"@id":"https:\/\/www.landwirt.com\/news\/zulassungen-standardtraktoren-in-oesterreich-jaen-feb-2022\/"},"author":{"name":"Edith Winter","@id":"https:\/\/www.landwirt.com\/news\/#\/schema\/person\/58b1026d44b61c2d0c39d2d1220d43e9"},"headline":"Zulassungen: Standardtraktoren in \u00d6sterreich J\u00e4n.-Feb. 2022","datePublished":"2022-03-10T11:33:28+00:00","dateModified":"2022-04-19T07:34:28+00:00","mainEntityOfPage":{"@id":"https:\/\/www.landwirt.com\/news\/zulassungen-standardtraktoren-in-oesterreich-jaen-feb-2022\/"},"wordCount":141,"publisher":{"@id":"https:\/\/www.landwirt.com\/news\/#organization"},"image":{"@id":"https:\/\/www.landwirt.com\/news\/zulassungen-standardtraktoren-in-oesterreich-jaen-feb-2022\/#primaryimage"},"thumbnailUrl":"https:\/\/www.landwirt.com\/news\/wp-content\/uploads\/2022\/03\/BeitragBild-zulasssungsstatistik-feb-2022.jpg","keywords":["Standardtraktoren","Traktor","Traktoren","Zulassungsstatistik"],"articleSection":["Landwirt","Werbung","Zulassungsstatistik"],"inLanguage":"de-AT"},{"@type":"WebPage","@id":"https:\/\/www.landwirt.com\/news\/zulassungen-standardtraktoren-in-oesterreich-jaen-feb-2022\/","url":"https:\/\/www.landwirt.com\/news\/zulassungen-standardtraktoren-in-oesterreich-jaen-feb-2022\/","name":"Zulassungen: Standardtraktoren in \u00d6sterreich J\u00e4n.-Feb. 2022 - Landwirt.com News","isPartOf":{"@id":"https:\/\/www.landwirt.com\/news\/#website"},"primaryImageOfPage":{"@id":"https:\/\/www.landwirt.com\/news\/zulassungen-standardtraktoren-in-oesterreich-jaen-feb-2022\/#primaryimage"},"image":{"@id":"https:\/\/www.landwirt.com\/news\/zulassungen-standardtraktoren-in-oesterreich-jaen-feb-2022\/#primaryimage"},"thumbnailUrl":"https:\/\/www.landwirt.com\/news\/wp-content\/uploads\/2022\/03\/BeitragBild-zulasssungsstatistik-feb-2022.jpg","datePublished":"2022-03-10T11:33:28+00:00","dateModified":"2022-04-19T07:34:28+00:00","breadcrumb":{"@id":"https:\/\/www.landwirt.com\/news\/zulassungen-standardtraktoren-in-oesterreich-jaen-feb-2022\/#breadcrumb"},"inLanguage":"de-AT","potentialAction":[{"@type":"ReadAction","target":["https:\/\/www.landwirt.com\/news\/zulassungen-standardtraktoren-in-oesterreich-jaen-feb-2022\/"]}]},{"@type":"ImageObject","inLanguage":"de-AT","@id":"https:\/\/www.landwirt.com\/news\/zulassungen-standardtraktoren-in-oesterreich-jaen-feb-2022\/#primaryimage","url":"https:\/\/www.landwirt.com\/news\/wp-content\/uploads\/2022\/03\/BeitragBild-zulasssungsstatistik-feb-2022.jpg","contentUrl":"https:\/\/www.landwirt.com\/news\/wp-content\/uploads\/2022\/03\/BeitragBild-zulasssungsstatistik-feb-2022.jpg","width":495,"height":400},{"@type":"BreadcrumbList","@id":"https:\/\/www.landwirt.com\/news\/zulassungen-standardtraktoren-in-oesterreich-jaen-feb-2022\/#breadcrumb","itemListElement":[{"@type":"ListItem","position":1,"name":"Home","item":"https:\/\/www.landwirt.com\/news\/home\/"},{"@type":"ListItem","position":2,"name":"Zulassungen: Standardtraktoren in \u00d6sterreich J\u00e4n.-Feb. 2022"}]},{"@type":"WebSite","@id":"https:\/\/www.landwirt.com\/news\/#website","url":"https:\/\/www.landwirt.com\/news\/","name":"Landwirt.com News","description":"Landwirt.com News","publisher":{"@id":"https:\/\/www.landwirt.com\/news\/#organization"},"potentialAction":[{"@type":"SearchAction","target":{"@type":"EntryPoint","urlTemplate":"https:\/\/www.landwirt.com\/news\/?s={search_term_string}"},"query-input":{"@type":"PropertyValueSpecification","valueRequired":true,"valueName":"search_term_string"}}],"inLanguage":"de-AT"},{"@type":"Organization","@id":"https:\/\/www.landwirt.com\/news\/#organization","name":"LANDWIRT.COM GMBH","url":"https:\/\/www.landwirt.com\/news\/","logo":{"@type":"ImageObject","inLanguage":"de-AT","@id":"https:\/\/www.landwirt.com\/news\/#\/schema\/logo\/image\/","url":"https:\/\/www.landwirt.com\/news\/wp-content\/uploads\/2020\/02\/LW-logo.png","contentUrl":"https:\/\/www.landwirt.com\/news\/wp-content\/uploads\/2020\/02\/LW-logo.png","width":250,"height":58,"caption":"LANDWIRT.COM GMBH"},"image":{"@id":"https:\/\/www.landwirt.com\/news\/#\/schema\/logo\/image\/"}},{"@type":"Person","@id":"https:\/\/www.landwirt.com\/news\/#\/schema\/person\/58b1026d44b61c2d0c39d2d1220d43e9","name":"Edith Winter","image":{"@type":"ImageObject","inLanguage":"de-AT","@id":"https:\/\/secure.gravatar.com\/avatar\/a8a5aac669c36d589ec506dc09b6dcb6e1c7c0b8731e97f1f2dcea5e26e28095?s=96&d=mm&r=g","url":"https:\/\/secure.gravatar.com\/avatar\/a8a5aac669c36d589ec506dc09b6dcb6e1c7c0b8731e97f1f2dcea5e26e28095?s=96&d=mm&r=g","contentUrl":"https:\/\/secure.gravatar.com\/avatar\/a8a5aac669c36d589ec506dc09b6dcb6e1c7c0b8731e97f1f2dcea5e26e28095?s=96&d=mm&r=g","caption":"Edith Winter"},"url":"https:\/\/www.landwirt.com\/news\/author\/edith\/"}]}},"_links":{"self":[{"href":"https:\/\/www.landwirt.com\/news\/wp-json\/wp\/v2\/posts\/8564","targetHints":{"allow":["GET"]}}],"collection":[{"href":"https:\/\/www.landwirt.com\/news\/wp-json\/wp\/v2\/posts"}],"about":[{"href":"https:\/\/www.landwirt.com\/news\/wp-json\/wp\/v2\/types\/post"}],"author":[{"embeddable":true,"href":"https:\/\/www.landwirt.com\/news\/wp-json\/wp\/v2\/users\/15"}],"replies":[{"embeddable":true,"href":"https:\/\/www.landwirt.com\/news\/wp-json\/wp\/v2\/comments?post=8564"}],"version-history":[{"count":15,"href":"https:\/\/www.landwirt.com\/news\/wp-json\/wp\/v2\/posts\/8564\/revisions"}],"predecessor-version":[{"id":8975,"href":"https:\/\/www.landwirt.com\/news\/wp-json\/wp\/v2\/posts\/8564\/revisions\/8975"}],"wp:featuredmedia":[{"embeddable":true,"href":"https:\/\/www.landwirt.com\/news\/wp-json\/wp\/v2\/media\/8584"}],"wp:attachment":[{"href":"https:\/\/www.landwirt.com\/news\/wp-json\/wp\/v2\/media?parent=8564"}],"wp:term":[{"taxonomy":"category","embeddable":true,"href":"https:\/\/www.landwirt.com\/news\/wp-json\/wp\/v2\/categories?post=8564"},{"taxonomy":"post_tag","embeddable":true,"href":"https:\/\/www.landwirt.com\/news\/wp-json\/wp\/v2\/tags?post=8564"}],"curies":[{"name":"wp","href":"https:\/\/api.w.org\/{rel}","templated":true}]}}