{"id":8514,"date":"2022-03-04T12:10:50","date_gmt":"2022-03-04T11:10:50","guid":{"rendered":"https:\/\/www.landwirt.com\/news\/?p=8514"},"modified":"2022-05-09T09:59:19","modified_gmt":"2022-05-09T07:59:19","slug":"erstklassiges-fahrerlebnis-und-mehr-power-bei-neuesten-steyr-profi-traktoren","status":"publish","type":"post","link":"https:\/\/www.landwirt.com\/news\/erstklassiges-fahrerlebnis-und-mehr-power-bei-neuesten-steyr-profi-traktoren\/","title":{"rendered":"Erstklassiges Fahrerlebnis und mehr Power bei neuesten STEYR\u00ae Profi Traktoren"},"content":{"rendered":"\n<hr class=\"wp-block-separator\"\/>\n\n\n\n<p style=\"font-size:1.1em\"><strong>Neue Ausstattungsmerkmale f\u00fcr Fahrerarbeitsplatz \/ Verbesserungen bei Sicht, Ergonomie, Fahrzeuggestaltung, Fahreigenschaften und Stil \/ Neue Funktionen zum Konfigurieren, Speichern und Abrufen von CVT-Getriebeeinstellungen \/<\/strong><\/p>\n\n\n\n<p>Die STEYR\u00ae Profi Baureihe mit einer Nennleistung von 116-150 PS und maximal 145 &#8211; 175 PS wartet 2022 mit verschiedensten Verbesserungen auf, die dem Nutzer bessere Sicht, verbesserte Ergonomie, mehr Komfort, h\u00f6here Sicherheit und mehr M\u00f6glichkeiten zur Anpassung des Schleppers an ihre Vorlieben und Aufgaben versprechen.<\/p>\n\n\n\n<p>Der 6150 Profi hat als Top-Modell der neuen Profi Baureihe und Nachfolger des 6145 mit 6 Zylindern dank 5 PS mehr Nennleistung ohne Power Boost jetzt 150 PS. Bei allen anderen, mit 4 Zylindern ausgestatteten Profi Modellen bleiben Modellnummern und Motorleistung unver\u00e4ndert.<\/p>\n\n\n\n<div class=\"wp-block-columns is-layout-flex wp-container-core-columns-is-layout-9d6595d7 wp-block-columns-is-layout-flex\">\n<div class=\"wp-block-column is-layout-flow wp-block-column-is-layout-flow\">\n<h3 class=\"wp-block-heading\">Innnen und au\u00dfen verbesserte Kabine<\/h3>\n\n\n\n<p>Die gr\u00f6\u00dften Ver\u00e4nderungen bei den neuen Modellen zeigen sich um und in der Kabine. Der Zugang erfolgt jetzt \u00fcber einen neuen, ergonomisch verbesserten Einstiegsbereich mit Alu-Trittstufen wie bei den gr\u00f6\u00dferen STEYR Absolut CVT-Traktoren. Zus\u00e4tzlich sorgt eine leistungsstarke LED-Einstiegsbeleuchtung f\u00fcr mehr Sicherheit beim Ein- und Aussteigen bei Dunkelheit. Des Weiteren befindet sich im Einstiegsbereich jetzt eine Abdeckung mit einem zus\u00e4tzlichen externen Hauptschalter f\u00fcr die Batterie, den optionalen Heizungsanschl\u00fcssen und der Druckluftkupplung f\u00fcr externe Anschl\u00fcsse. Diese Druckluftkupplung unter der linken T\u00fcr, f\u00fcr die Profi und Profi CVT-Modelle als Sonderausstattung erh\u00e4ltlich, erleichtert die Reinigung von Kabine und K\u00fchlergrill.<\/p>\n<\/div>\n\n\n\n<div class=\"wp-block-column is-layout-flow wp-block-column-is-layout-flow\">\n<figure class=\"wp-block-image size-large\"><a href=\"https:\/\/www.landwirt.com\/news\/wp-content\/uploads\/2022\/03\/STEYR-new-PROFI-scaled.jpg\"><img loading=\"lazy\" decoding=\"async\" width=\"1030\" height=\"687\" src=\"https:\/\/www.landwirt.com\/news\/wp-content\/uploads\/2022\/03\/STEYR-new-PROFI-1030x687.jpg\" alt=\"\" class=\"wp-image-8515\" srcset=\"https:\/\/www.landwirt.com\/news\/wp-content\/uploads\/2022\/03\/STEYR-new-PROFI-1030x687.jpg 1030w, https:\/\/www.landwirt.com\/news\/wp-content\/uploads\/2022\/03\/STEYR-new-PROFI-300x200.jpg 300w, https:\/\/www.landwirt.com\/news\/wp-content\/uploads\/2022\/03\/STEYR-new-PROFI-768x512.jpg 768w, https:\/\/www.landwirt.com\/news\/wp-content\/uploads\/2022\/03\/STEYR-new-PROFI-1536x1024.jpg 1536w, https:\/\/www.landwirt.com\/news\/wp-content\/uploads\/2022\/03\/STEYR-new-PROFI-2048x1365.jpg 2048w, https:\/\/www.landwirt.com\/news\/wp-content\/uploads\/2022\/03\/STEYR-new-PROFI-1500x1000.jpg 1500w, https:\/\/www.landwirt.com\/news\/wp-content\/uploads\/2022\/03\/STEYR-new-PROFI-705x470.jpg 705w\" sizes=\"auto, (max-width: 1030px) 100vw, 1030px\" \/><\/a><\/figure>\n<\/div>\n<\/div>\n\n\n\n<p>Am Heck der neuen Profi Traktoren gew\u00e4hrt jetzt eine Abdeckplatte Zugang zu ergonomischer gestalteten Anschl\u00fcssen f\u00fcr ein schnelleres An- und Abkuppeln. Die neu gestaltete Oberlenkerkonsole umfasst eine Positionsanzeige und verbessert Stabilit\u00e4t und Sicherheit, was die Arretierung des Oberlenkers und die Pr\u00fcfung der Oberlenkerposition von der Kabine aus erleichtern.<\/p>\n\n\n\n<p>Zu den weiteren Verbesserungen au\u00dfen an der Kabine geh\u00f6ren die neuen, modernen LED-Seitenmarkierungsleuchten mit Blinkerfunktion. Neue, als Sonderausstattung erh\u00e4ltliche LED-Signalleuchten k\u00f6nnen zum Schutz vor Besch\u00e4digung eingeklappt werden.<\/p>\n\n\n\n<h3 class=\"wp-block-heading\">Mehr Komfort, bessere Sicht, Premium-Ausstattung<\/h3>\n\n\n\n<p>Hat man erst einmal in der Kabine Platz genommen \u2013 f\u00e4llt sofort eine Neuerung auf: Der niedrig positionierte Frontscheibenwischer wischt  60&nbsp;% mehr Fl\u00e4che als die vorherige Ausf\u00fchrung und verbessert so die Sicht und die Sicherheit bei schlechtem Wetter. Dazu tr\u00e4gt auch ein kompakterer und weniger st\u00f6render R\u00fcckspiegel bei. Der neue Scheibenwischer-\/Blinkerhebel im Pkw-Design bei den Profi\/Profi CVT-Modellen erh\u00f6ht dank verbesserter Blinkerabschaltautomatik per Lenkwinkelsensor die Sicherheit im Stra\u00dfenverkehr.<\/p>\n\n\n\n<p>Zur Erleichterung des Arbeitsalltags bietet die Kabine zudem jetzt ein neues STEYR Lederlenkrad in Premium-Qualit\u00e4t und verbesserte Stauf\u00e4cher, einschlie\u00dflich eines Frontk\u00fchlfachs f\u00fcr Erfrischungen bei den Profi- und Profi CVT-Modellen. Die als Sonderausstattung erh\u00e4ltliche Hochdachkabine ist mit einem DAB-Premium-Radio mit Bluetooth, neuen Premium-Lautsprechern und einer DAB-Antenne f\u00fcr verbesserte Tonqualit\u00e4t ausgestattet.<\/p>\n\n\n\n<div class=\"wp-block-columns is-layout-flex wp-container-core-columns-is-layout-9d6595d7 wp-block-columns-is-layout-flex\">\n<div class=\"wp-block-column is-layout-flow wp-block-column-is-layout-flow\">\n<figure class=\"wp-block-image size-large\"><a href=\"https:\/\/www.landwirt.com\/news\/wp-content\/uploads\/2022\/03\/STEYR-new-PROFI_front-loader_farm2-scaled.jpg\"><img loading=\"lazy\" decoding=\"async\" width=\"1030\" height=\"687\" src=\"https:\/\/www.landwirt.com\/news\/wp-content\/uploads\/2022\/03\/STEYR-new-PROFI_front-loader_farm2-1030x687.jpg\" alt=\"\" class=\"wp-image-8519\" srcset=\"https:\/\/www.landwirt.com\/news\/wp-content\/uploads\/2022\/03\/STEYR-new-PROFI_front-loader_farm2-1030x687.jpg 1030w, https:\/\/www.landwirt.com\/news\/wp-content\/uploads\/2022\/03\/STEYR-new-PROFI_front-loader_farm2-300x200.jpg 300w, https:\/\/www.landwirt.com\/news\/wp-content\/uploads\/2022\/03\/STEYR-new-PROFI_front-loader_farm2-768x512.jpg 768w, https:\/\/www.landwirt.com\/news\/wp-content\/uploads\/2022\/03\/STEYR-new-PROFI_front-loader_farm2-1536x1024.jpg 1536w, https:\/\/www.landwirt.com\/news\/wp-content\/uploads\/2022\/03\/STEYR-new-PROFI_front-loader_farm2-2048x1366.jpg 2048w, https:\/\/www.landwirt.com\/news\/wp-content\/uploads\/2022\/03\/STEYR-new-PROFI_front-loader_farm2-1500x1000.jpg 1500w, https:\/\/www.landwirt.com\/news\/wp-content\/uploads\/2022\/03\/STEYR-new-PROFI_front-loader_farm2-705x470.jpg 705w\" sizes=\"auto, (max-width: 1030px) 100vw, 1030px\" \/><\/a><\/figure>\n<\/div>\n\n\n\n<div class=\"wp-block-column is-layout-flow wp-block-column-is-layout-flow\">\n<p>Eine neue Monitorschiene mit integrierter Kabelf\u00fchrung und zwei USB-Steckdosen erleichtern die Steuerung von Anbauger\u00e4ten und die Datenaufzeichnung. Als Sonderausstattung ist eine RAM\u00ae Tablet-Halterung erh\u00e4ltlich, die vom H\u00e4ndler eingebaut wird. Auch eine RAM\u00ae Smartphone-Halterung steht zur Verf\u00fcgung. Ein neuer moderner Joystick erm\u00f6glicht nicht nur die Steuerung ausgew\u00e4hlter Hydraulikfunktionen, sondern bietet auch Tasten f\u00fcr die Wendeschaltung und damit eine weitere M\u00f6glichkeit, die Richtung je nach Vorlieben des Fahrers einh\u00e4ndig zu wechseln, die Handbewegungen zu minimieren und die Ansprechzeiten zu verk\u00fcrzen.&nbsp;<\/p>\n<\/div>\n<\/div>\n\n\n\n<h3 class=\"wp-block-heading\">Ein verbessertes CVT-Fahrgef\u00fchl<\/h3>\n\n\n\n<p>Die neuesten STEYR Profi CVT-Traktoren sind mit einem stufenlosen Getriebe ausgestattet, das vom Fahrer jetzt sehr viel st\u00e4rker individuell konfiguriert werden kann und ein ganz neues Fahrerlebnis verspricht. Der Fahrer kann die Getriebeeinstellungen je nach den eigenen Vorlieben und den Arbeitsanforderungen konfigurieren, speichern und abrufen. Die Fahreigenschaften des Profi CVT wurden in vielerlei Hinsicht verbessert, einschlie\u00dflich Beschleunigungs- und Verz\u00f6gerungsverhalten, Ansprechen der Wendeschaltung, Fahrpedalempfindlichkeit und die Tempomat-Au\u00dferkraftsetzung. Dar\u00fcber hinaus wurden die Empfindlichkeit und Positionserkennung des Multicontrollers verbessert.<\/p>\n\n\n\n<p><\/p>\n","protected":false},"excerpt":{"rendered":"<p>Neue Ausstattungsmerkmale f\u00fcr Fahrerarbeitsplatz \/ Verbesserungen bei Sicht, Ergonomie, Fahrzeuggestaltung, Fahreigenschaften und Stil <\/p>\n","protected":false},"author":15,"featured_media":8515,"comment_status":"closed","ping_status":"closed","sticky":false,"template":"","format":"standard","meta":{"footnotes":""},"categories":[15,1],"tags":[61,60,367,62,183],"class_list":["post-8514","post","type-post","status-publish","format-standard","has-post-thumbnail","hentry","category-landwirt","category-werbung","tag-cvt","tag-steyr","tag-steyrtraktoren","tag-traktor","tag-traktoren"],"yoast_head":"<!-- This site is optimized with the Yoast SEO plugin v27.5 - https:\/\/yoast.com\/product\/yoast-seo-wordpress\/ -->\n<title>Erstklassiges Fahrerlebnis und mehr Power bei neuesten STEYR\u00ae Profi Traktoren - Landwirt.com News<\/title>\n<meta name=\"robots\" content=\"index, follow, max-snippet:-1, max-image-preview:large, max-video-preview:-1\" \/>\n<meta property=\"og:locale\" content=\"de_DE\" \/>\n<meta property=\"og:type\" content=\"article\" \/>\n<meta property=\"og:title\" content=\"Erstklassiges Fahrerlebnis und mehr Power bei neuesten STEYR\u00ae Profi Traktoren - Landwirt.com News\" \/>\n<meta property=\"og:description\" content=\"Neue Ausstattungsmerkmale f\u00fcr Fahrerarbeitsplatz \/ Verbesserungen bei Sicht, Ergonomie, Fahrzeuggestaltung, Fahreigenschaften und Stil\" \/>\n<meta property=\"og:url\" content=\"https:\/\/www.landwirt.com\/news\/erstklassiges-fahrerlebnis-und-mehr-power-bei-neuesten-steyr-profi-traktoren\/\" \/>\n<meta property=\"og:site_name\" content=\"Landwirt.com News\" \/>\n<meta property=\"article:published_time\" content=\"2022-03-04T11:10:50+00:00\" \/>\n<meta property=\"article:modified_time\" content=\"2022-05-09T07:59:19+00:00\" \/>\n<meta property=\"og:image\" content=\"https:\/\/www.landwirt.com\/news\/wp-content\/uploads\/2022\/03\/STEYR-new-PROFI-1030x687.jpg\" \/>\n\t<meta property=\"og:image:width\" content=\"1030\" \/>\n\t<meta property=\"og:image:height\" content=\"687\" \/>\n\t<meta property=\"og:image:type\" content=\"image\/jpeg\" \/>\n<meta name=\"author\" content=\"Edith Winter\" \/>\n<meta name=\"twitter:card\" content=\"summary_large_image\" \/>\n<meta name=\"twitter:label1\" content=\"Verfasst von\" \/>\n\t<meta name=\"twitter:data1\" content=\"Edith Winter\" \/>\n\t<meta name=\"twitter:label2\" content=\"Gesch\u00e4tzte Lesezeit\" \/>\n\t<meta name=\"twitter:data2\" content=\"4 Minuten\" \/>\n<script type=\"application\/ld+json\" class=\"yoast-schema-graph\">{\"@context\":\"https:\\\/\\\/schema.org\",\"@graph\":[{\"@type\":\"Article\",\"@id\":\"https:\\\/\\\/www.landwirt.com\\\/news\\\/erstklassiges-fahrerlebnis-und-mehr-power-bei-neuesten-steyr-profi-traktoren\\\/#article\",\"isPartOf\":{\"@id\":\"https:\\\/\\\/www.landwirt.com\\\/news\\\/erstklassiges-fahrerlebnis-und-mehr-power-bei-neuesten-steyr-profi-traktoren\\\/\"},\"author\":{\"name\":\"Edith Winter\",\"@id\":\"https:\\\/\\\/www.landwirt.com\\\/news\\\/#\\\/schema\\\/person\\\/58b1026d44b61c2d0c39d2d1220d43e9\"},\"headline\":\"Erstklassiges Fahrerlebnis und mehr Power bei neuesten STEYR\u00ae Profi Traktoren\",\"datePublished\":\"2022-03-04T11:10:50+00:00\",\"dateModified\":\"2022-05-09T07:59:19+00:00\",\"mainEntityOfPage\":{\"@id\":\"https:\\\/\\\/www.landwirt.com\\\/news\\\/erstklassiges-fahrerlebnis-und-mehr-power-bei-neuesten-steyr-profi-traktoren\\\/\"},\"wordCount\":627,\"publisher\":{\"@id\":\"https:\\\/\\\/www.landwirt.com\\\/news\\\/#organization\"},\"image\":{\"@id\":\"https:\\\/\\\/www.landwirt.com\\\/news\\\/erstklassiges-fahrerlebnis-und-mehr-power-bei-neuesten-steyr-profi-traktoren\\\/#primaryimage\"},\"thumbnailUrl\":\"https:\\\/\\\/www.landwirt.com\\\/news\\\/wp-content\\\/uploads\\\/2022\\\/03\\\/STEYR-new-PROFI-scaled.jpg\",\"keywords\":[\"CVT\",\"Steyr\",\"Steyrtraktoren\",\"Traktor\",\"Traktoren\"],\"articleSection\":[\"Landwirt\",\"Werbung\"],\"inLanguage\":\"de-AT\"},{\"@type\":\"WebPage\",\"@id\":\"https:\\\/\\\/www.landwirt.com\\\/news\\\/erstklassiges-fahrerlebnis-und-mehr-power-bei-neuesten-steyr-profi-traktoren\\\/\",\"url\":\"https:\\\/\\\/www.landwirt.com\\\/news\\\/erstklassiges-fahrerlebnis-und-mehr-power-bei-neuesten-steyr-profi-traktoren\\\/\",\"name\":\"Erstklassiges Fahrerlebnis und mehr Power bei neuesten STEYR\u00ae Profi Traktoren - Landwirt.com News\",\"isPartOf\":{\"@id\":\"https:\\\/\\\/www.landwirt.com\\\/news\\\/#website\"},\"primaryImageOfPage\":{\"@id\":\"https:\\\/\\\/www.landwirt.com\\\/news\\\/erstklassiges-fahrerlebnis-und-mehr-power-bei-neuesten-steyr-profi-traktoren\\\/#primaryimage\"},\"image\":{\"@id\":\"https:\\\/\\\/www.landwirt.com\\\/news\\\/erstklassiges-fahrerlebnis-und-mehr-power-bei-neuesten-steyr-profi-traktoren\\\/#primaryimage\"},\"thumbnailUrl\":\"https:\\\/\\\/www.landwirt.com\\\/news\\\/wp-content\\\/uploads\\\/2022\\\/03\\\/STEYR-new-PROFI-scaled.jpg\",\"datePublished\":\"2022-03-04T11:10:50+00:00\",\"dateModified\":\"2022-05-09T07:59:19+00:00\",\"breadcrumb\":{\"@id\":\"https:\\\/\\\/www.landwirt.com\\\/news\\\/erstklassiges-fahrerlebnis-und-mehr-power-bei-neuesten-steyr-profi-traktoren\\\/#breadcrumb\"},\"inLanguage\":\"de-AT\",\"potentialAction\":[{\"@type\":\"ReadAction\",\"target\":[\"https:\\\/\\\/www.landwirt.com\\\/news\\\/erstklassiges-fahrerlebnis-und-mehr-power-bei-neuesten-steyr-profi-traktoren\\\/\"]}]},{\"@type\":\"ImageObject\",\"inLanguage\":\"de-AT\",\"@id\":\"https:\\\/\\\/www.landwirt.com\\\/news\\\/erstklassiges-fahrerlebnis-und-mehr-power-bei-neuesten-steyr-profi-traktoren\\\/#primaryimage\",\"url\":\"https:\\\/\\\/www.landwirt.com\\\/news\\\/wp-content\\\/uploads\\\/2022\\\/03\\\/STEYR-new-PROFI-scaled.jpg\",\"contentUrl\":\"https:\\\/\\\/www.landwirt.com\\\/news\\\/wp-content\\\/uploads\\\/2022\\\/03\\\/STEYR-new-PROFI-scaled.jpg\",\"width\":2560,\"height\":1707},{\"@type\":\"BreadcrumbList\",\"@id\":\"https:\\\/\\\/www.landwirt.com\\\/news\\\/erstklassiges-fahrerlebnis-und-mehr-power-bei-neuesten-steyr-profi-traktoren\\\/#breadcrumb\",\"itemListElement\":[{\"@type\":\"ListItem\",\"position\":1,\"name\":\"Home\",\"item\":\"https:\\\/\\\/www.landwirt.com\\\/news\\\/home\\\/\"},{\"@type\":\"ListItem\",\"position\":2,\"name\":\"Erstklassiges Fahrerlebnis und mehr Power bei neuesten STEYR\u00ae Profi Traktoren\"}]},{\"@type\":\"WebSite\",\"@id\":\"https:\\\/\\\/www.landwirt.com\\\/news\\\/#website\",\"url\":\"https:\\\/\\\/www.landwirt.com\\\/news\\\/\",\"name\":\"Landwirt.com News\",\"description\":\"Landwirt.com News\",\"publisher\":{\"@id\":\"https:\\\/\\\/www.landwirt.com\\\/news\\\/#organization\"},\"potentialAction\":[{\"@type\":\"SearchAction\",\"target\":{\"@type\":\"EntryPoint\",\"urlTemplate\":\"https:\\\/\\\/www.landwirt.com\\\/news\\\/?s={search_term_string}\"},\"query-input\":{\"@type\":\"PropertyValueSpecification\",\"valueRequired\":true,\"valueName\":\"search_term_string\"}}],\"inLanguage\":\"de-AT\"},{\"@type\":\"Organization\",\"@id\":\"https:\\\/\\\/www.landwirt.com\\\/news\\\/#organization\",\"name\":\"LANDWIRT.COM GMBH\",\"url\":\"https:\\\/\\\/www.landwirt.com\\\/news\\\/\",\"logo\":{\"@type\":\"ImageObject\",\"inLanguage\":\"de-AT\",\"@id\":\"https:\\\/\\\/www.landwirt.com\\\/news\\\/#\\\/schema\\\/logo\\\/image\\\/\",\"url\":\"https:\\\/\\\/www.landwirt.com\\\/news\\\/wp-content\\\/uploads\\\/2020\\\/02\\\/LW-logo.png\",\"contentUrl\":\"https:\\\/\\\/www.landwirt.com\\\/news\\\/wp-content\\\/uploads\\\/2020\\\/02\\\/LW-logo.png\",\"width\":250,\"height\":58,\"caption\":\"LANDWIRT.COM GMBH\"},\"image\":{\"@id\":\"https:\\\/\\\/www.landwirt.com\\\/news\\\/#\\\/schema\\\/logo\\\/image\\\/\"}},{\"@type\":\"Person\",\"@id\":\"https:\\\/\\\/www.landwirt.com\\\/news\\\/#\\\/schema\\\/person\\\/58b1026d44b61c2d0c39d2d1220d43e9\",\"name\":\"Edith Winter\",\"image\":{\"@type\":\"ImageObject\",\"inLanguage\":\"de-AT\",\"@id\":\"https:\\\/\\\/secure.gravatar.com\\\/avatar\\\/a8a5aac669c36d589ec506dc09b6dcb6e1c7c0b8731e97f1f2dcea5e26e28095?s=96&d=mm&r=g\",\"url\":\"https:\\\/\\\/secure.gravatar.com\\\/avatar\\\/a8a5aac669c36d589ec506dc09b6dcb6e1c7c0b8731e97f1f2dcea5e26e28095?s=96&d=mm&r=g\",\"contentUrl\":\"https:\\\/\\\/secure.gravatar.com\\\/avatar\\\/a8a5aac669c36d589ec506dc09b6dcb6e1c7c0b8731e97f1f2dcea5e26e28095?s=96&d=mm&r=g\",\"caption\":\"Edith Winter\"},\"url\":\"https:\\\/\\\/www.landwirt.com\\\/news\\\/author\\\/edith\\\/\"}]}<\/script>\n<!-- \/ Yoast SEO plugin. -->","yoast_head_json":{"title":"Erstklassiges Fahrerlebnis und mehr Power bei neuesten STEYR\u00ae Profi Traktoren - Landwirt.com News","robots":{"index":"index","follow":"follow","max-snippet":"max-snippet:-1","max-image-preview":"max-image-preview:large","max-video-preview":"max-video-preview:-1"},"og_locale":"de_DE","og_type":"article","og_title":"Erstklassiges Fahrerlebnis und mehr Power bei neuesten STEYR\u00ae Profi Traktoren - Landwirt.com News","og_description":"Neue Ausstattungsmerkmale f\u00fcr Fahrerarbeitsplatz \/ Verbesserungen bei Sicht, Ergonomie, Fahrzeuggestaltung, Fahreigenschaften und Stil","og_url":"https:\/\/www.landwirt.com\/news\/erstklassiges-fahrerlebnis-und-mehr-power-bei-neuesten-steyr-profi-traktoren\/","og_site_name":"Landwirt.com News","article_published_time":"2022-03-04T11:10:50+00:00","article_modified_time":"2022-05-09T07:59:19+00:00","og_image":[{"width":1030,"height":687,"url":"https:\/\/www.landwirt.com\/news\/wp-content\/uploads\/2022\/03\/STEYR-new-PROFI-1030x687.jpg","type":"image\/jpeg"}],"author":"Edith Winter","twitter_card":"summary_large_image","twitter_misc":{"Verfasst von":"Edith Winter","Gesch\u00e4tzte Lesezeit":"4 Minuten"},"schema":{"@context":"https:\/\/schema.org","@graph":[{"@type":"Article","@id":"https:\/\/www.landwirt.com\/news\/erstklassiges-fahrerlebnis-und-mehr-power-bei-neuesten-steyr-profi-traktoren\/#article","isPartOf":{"@id":"https:\/\/www.landwirt.com\/news\/erstklassiges-fahrerlebnis-und-mehr-power-bei-neuesten-steyr-profi-traktoren\/"},"author":{"name":"Edith Winter","@id":"https:\/\/www.landwirt.com\/news\/#\/schema\/person\/58b1026d44b61c2d0c39d2d1220d43e9"},"headline":"Erstklassiges Fahrerlebnis und mehr Power bei neuesten STEYR\u00ae Profi Traktoren","datePublished":"2022-03-04T11:10:50+00:00","dateModified":"2022-05-09T07:59:19+00:00","mainEntityOfPage":{"@id":"https:\/\/www.landwirt.com\/news\/erstklassiges-fahrerlebnis-und-mehr-power-bei-neuesten-steyr-profi-traktoren\/"},"wordCount":627,"publisher":{"@id":"https:\/\/www.landwirt.com\/news\/#organization"},"image":{"@id":"https:\/\/www.landwirt.com\/news\/erstklassiges-fahrerlebnis-und-mehr-power-bei-neuesten-steyr-profi-traktoren\/#primaryimage"},"thumbnailUrl":"https:\/\/www.landwirt.com\/news\/wp-content\/uploads\/2022\/03\/STEYR-new-PROFI-scaled.jpg","keywords":["CVT","Steyr","Steyrtraktoren","Traktor","Traktoren"],"articleSection":["Landwirt","Werbung"],"inLanguage":"de-AT"},{"@type":"WebPage","@id":"https:\/\/www.landwirt.com\/news\/erstklassiges-fahrerlebnis-und-mehr-power-bei-neuesten-steyr-profi-traktoren\/","url":"https:\/\/www.landwirt.com\/news\/erstklassiges-fahrerlebnis-und-mehr-power-bei-neuesten-steyr-profi-traktoren\/","name":"Erstklassiges Fahrerlebnis und mehr Power bei neuesten STEYR\u00ae Profi Traktoren - Landwirt.com News","isPartOf":{"@id":"https:\/\/www.landwirt.com\/news\/#website"},"primaryImageOfPage":{"@id":"https:\/\/www.landwirt.com\/news\/erstklassiges-fahrerlebnis-und-mehr-power-bei-neuesten-steyr-profi-traktoren\/#primaryimage"},"image":{"@id":"https:\/\/www.landwirt.com\/news\/erstklassiges-fahrerlebnis-und-mehr-power-bei-neuesten-steyr-profi-traktoren\/#primaryimage"},"thumbnailUrl":"https:\/\/www.landwirt.com\/news\/wp-content\/uploads\/2022\/03\/STEYR-new-PROFI-scaled.jpg","datePublished":"2022-03-04T11:10:50+00:00","dateModified":"2022-05-09T07:59:19+00:00","breadcrumb":{"@id":"https:\/\/www.landwirt.com\/news\/erstklassiges-fahrerlebnis-und-mehr-power-bei-neuesten-steyr-profi-traktoren\/#breadcrumb"},"inLanguage":"de-AT","potentialAction":[{"@type":"ReadAction","target":["https:\/\/www.landwirt.com\/news\/erstklassiges-fahrerlebnis-und-mehr-power-bei-neuesten-steyr-profi-traktoren\/"]}]},{"@type":"ImageObject","inLanguage":"de-AT","@id":"https:\/\/www.landwirt.com\/news\/erstklassiges-fahrerlebnis-und-mehr-power-bei-neuesten-steyr-profi-traktoren\/#primaryimage","url":"https:\/\/www.landwirt.com\/news\/wp-content\/uploads\/2022\/03\/STEYR-new-PROFI-scaled.jpg","contentUrl":"https:\/\/www.landwirt.com\/news\/wp-content\/uploads\/2022\/03\/STEYR-new-PROFI-scaled.jpg","width":2560,"height":1707},{"@type":"BreadcrumbList","@id":"https:\/\/www.landwirt.com\/news\/erstklassiges-fahrerlebnis-und-mehr-power-bei-neuesten-steyr-profi-traktoren\/#breadcrumb","itemListElement":[{"@type":"ListItem","position":1,"name":"Home","item":"https:\/\/www.landwirt.com\/news\/home\/"},{"@type":"ListItem","position":2,"name":"Erstklassiges Fahrerlebnis und mehr Power bei neuesten STEYR\u00ae Profi Traktoren"}]},{"@type":"WebSite","@id":"https:\/\/www.landwirt.com\/news\/#website","url":"https:\/\/www.landwirt.com\/news\/","name":"Landwirt.com News","description":"Landwirt.com News","publisher":{"@id":"https:\/\/www.landwirt.com\/news\/#organization"},"potentialAction":[{"@type":"SearchAction","target":{"@type":"EntryPoint","urlTemplate":"https:\/\/www.landwirt.com\/news\/?s={search_term_string}"},"query-input":{"@type":"PropertyValueSpecification","valueRequired":true,"valueName":"search_term_string"}}],"inLanguage":"de-AT"},{"@type":"Organization","@id":"https:\/\/www.landwirt.com\/news\/#organization","name":"LANDWIRT.COM GMBH","url":"https:\/\/www.landwirt.com\/news\/","logo":{"@type":"ImageObject","inLanguage":"de-AT","@id":"https:\/\/www.landwirt.com\/news\/#\/schema\/logo\/image\/","url":"https:\/\/www.landwirt.com\/news\/wp-content\/uploads\/2020\/02\/LW-logo.png","contentUrl":"https:\/\/www.landwirt.com\/news\/wp-content\/uploads\/2020\/02\/LW-logo.png","width":250,"height":58,"caption":"LANDWIRT.COM GMBH"},"image":{"@id":"https:\/\/www.landwirt.com\/news\/#\/schema\/logo\/image\/"}},{"@type":"Person","@id":"https:\/\/www.landwirt.com\/news\/#\/schema\/person\/58b1026d44b61c2d0c39d2d1220d43e9","name":"Edith Winter","image":{"@type":"ImageObject","inLanguage":"de-AT","@id":"https:\/\/secure.gravatar.com\/avatar\/a8a5aac669c36d589ec506dc09b6dcb6e1c7c0b8731e97f1f2dcea5e26e28095?s=96&d=mm&r=g","url":"https:\/\/secure.gravatar.com\/avatar\/a8a5aac669c36d589ec506dc09b6dcb6e1c7c0b8731e97f1f2dcea5e26e28095?s=96&d=mm&r=g","contentUrl":"https:\/\/secure.gravatar.com\/avatar\/a8a5aac669c36d589ec506dc09b6dcb6e1c7c0b8731e97f1f2dcea5e26e28095?s=96&d=mm&r=g","caption":"Edith Winter"},"url":"https:\/\/www.landwirt.com\/news\/author\/edith\/"}]}},"_links":{"self":[{"href":"https:\/\/www.landwirt.com\/news\/wp-json\/wp\/v2\/posts\/8514","targetHints":{"allow":["GET"]}}],"collection":[{"href":"https:\/\/www.landwirt.com\/news\/wp-json\/wp\/v2\/posts"}],"about":[{"href":"https:\/\/www.landwirt.com\/news\/wp-json\/wp\/v2\/types\/post"}],"author":[{"embeddable":true,"href":"https:\/\/www.landwirt.com\/news\/wp-json\/wp\/v2\/users\/15"}],"replies":[{"embeddable":true,"href":"https:\/\/www.landwirt.com\/news\/wp-json\/wp\/v2\/comments?post=8514"}],"version-history":[{"count":10,"href":"https:\/\/www.landwirt.com\/news\/wp-json\/wp\/v2\/posts\/8514\/revisions"}],"predecessor-version":[{"id":9275,"href":"https:\/\/www.landwirt.com\/news\/wp-json\/wp\/v2\/posts\/8514\/revisions\/9275"}],"wp:featuredmedia":[{"embeddable":true,"href":"https:\/\/www.landwirt.com\/news\/wp-json\/wp\/v2\/media\/8515"}],"wp:attachment":[{"href":"https:\/\/www.landwirt.com\/news\/wp-json\/wp\/v2\/media?parent=8514"}],"wp:term":[{"taxonomy":"category","embeddable":true,"href":"https:\/\/www.landwirt.com\/news\/wp-json\/wp\/v2\/categories?post=8514"},{"taxonomy":"post_tag","embeddable":true,"href":"https:\/\/www.landwirt.com\/news\/wp-json\/wp\/v2\/tags?post=8514"}],"curies":[{"name":"wp","href":"https:\/\/api.w.org\/{rel}","templated":true}]}}