{"id":8477,"date":"2022-03-16T08:00:00","date_gmt":"2022-03-16T07:00:00","guid":{"rendered":"https:\/\/www.landwirt.com\/news\/?p=8477"},"modified":"2022-05-10T12:51:25","modified_gmt":"2022-05-10T10:51:25","slug":"obereder-ist-fuehrender-anbieter-fuer-agrar-equipment","status":"publish","type":"post","link":"https:\/\/www.landwirt.com\/news\/obereder-ist-fuehrender-anbieter-fuer-agrar-equipment\/","title":{"rendered":"Obereder ist f\u00fchrender Anbieter f\u00fcr Agrar-Equipment"},"content":{"rendered":"\n<p>Die Firma Obereder aus Sigharting ist seit mehr als 30 Jahren unerm\u00fcdlich f\u00fcr einen guten Jahresstart unserer heimischen Bauern im Einsatz. Innerhalb von wenigen Wochen werden zu Jahresbeginn tausende von Kunden besucht und kontaktiert um sie fr\u00fchzeitig mit den ben\u00f6tigten Folien, Bindegarnen, Netzen, Schmierstoffen f\u00fcr s\u00e4mtliche Maschinen, \u2026 f\u00fcr den ersten Gras-Schnitt zu beliefern.<\/p>\n\n\n\n<div class=\"wp-block-columns is-layout-flex wp-container-core-columns-is-layout-9d6595d7 wp-block-columns-is-layout-flex\">\n<div class=\"wp-block-column is-layout-flow wp-block-column-is-layout-flow\">\n<p>\u201eDas gesamte Team ist zu dieser Zeit im absoluten Ausnahmezustand. Wir werden nicht nur mit Materialknappheit und Rohstoffproblemen von unseren Zulieferern konfrontiert, auch die geografischen und wetterbedingten H\u00fcrden sind zu meistern. So k\u00f6nnen wir aktuell viele unserer Kunden noch nicht beliefern, da es die winterlichen Bedingungen in den Anh\u00f6hen nicht zulassen.\u201c, erkl\u00e4rt Agrar-Verkaufsleiter Norbert Haidinger.<\/p>\n\n\n\n<p>\u201eWir teilen unsere gesamten Kunden im Verkaufsgebiet auf unsere Vertriebsmannschaft im Au\u00dfendienst und Innendienst auf. Es sind somit Mitarbeiter, von der Fakturierung \u00fcber den Einkauf bis hin zu unserer Logistikmannschaft, absolut motiviert diese besondere Zeit gemeinsam zu meistern. An dieser Stelle ein herzliches Dankesch\u00f6n an alle Mitarbeiter f\u00fcr ihren t\u00e4glichen Einsatz. Ein starkes Team ist f\u00fcr uns ma\u00dfgeblich f\u00fcr unseren gemeinsamen Erfolg.\u201c, sagt Gesch\u00e4ftsf\u00fchrer Andreas Obereder.<\/p>\n\n\n\n<p>Noch nie war die Folien- und Netzbeschaffung so herausfordernd wie in den letzten beiden Jahren. <\/p>\n<\/div>\n\n\n\n<div class=\"wp-block-column is-layout-flow wp-block-column-is-layout-flow\">\n<figure class=\"wp-block-image size-large\"><a href=\"https:\/\/www.landwirt.com\/news\/wp-content\/uploads\/2022\/03\/Agrarteam-scaled.jpg\"><img loading=\"lazy\" decoding=\"async\" width=\"1030\" height=\"773\" src=\"https:\/\/www.landwirt.com\/news\/wp-content\/uploads\/2022\/03\/Agrarteam-1030x773.jpg\" alt=\"v.l. Gesch\u00e4ftsf\u00fchrer Andreas Obereder, Monika Auer (Stv. Verkaufs- und Spartenleitung Agrar), Markus Ortbauer (Spartenleitung Agrar), Norbert Haidinger (Verkaufsleitung Agrar) | Fotocredit: honorarfrei Obereder\" class=\"wp-image-8478\" srcset=\"https:\/\/www.landwirt.com\/news\/wp-content\/uploads\/2022\/03\/Agrarteam-1030x773.jpg 1030w, https:\/\/www.landwirt.com\/news\/wp-content\/uploads\/2022\/03\/Agrarteam-300x225.jpg 300w, https:\/\/www.landwirt.com\/news\/wp-content\/uploads\/2022\/03\/Agrarteam-768x576.jpg 768w, https:\/\/www.landwirt.com\/news\/wp-content\/uploads\/2022\/03\/Agrarteam-1536x1152.jpg 1536w, https:\/\/www.landwirt.com\/news\/wp-content\/uploads\/2022\/03\/Agrarteam-2048x1536.jpg 2048w, https:\/\/www.landwirt.com\/news\/wp-content\/uploads\/2022\/03\/Agrarteam-1500x1125.jpg 1500w, https:\/\/www.landwirt.com\/news\/wp-content\/uploads\/2022\/03\/Agrarteam-705x529.jpg 705w\" sizes=\"auto, (max-width: 1030px) 100vw, 1030px\" \/><\/a><\/figure>\n<\/div>\n<\/div>\n\n\n\n<p>\u201eTrotz Lieferengp\u00e4ssen von Lieferanten und Partnerfirmen und der erschwerten Rohstoffbeschaffung konnten wir f\u00fcr alle Kunden rechtzeitig zum Start der heurigen Saison unsere Produktvarianten rechtzeitig einlagern.\u201c, freut sich Monika Auer, stellvertretende Agrar-Verkaufsleiterin.<\/p>\n\n\n\n<h3 class=\"wp-block-heading\">5 Mio. Rundballen<\/h3>\n\n\n\n<p>Mit der in der Saison verkauften Menge an Stretchfolie k\u00f6nnen ca. 5 Mio. Rundballen qualitativ hochwertig gewickelt werden. Obereder z\u00e4hlt damit zu einem der gr\u00f6\u00dften europ\u00e4ischen H\u00e4ndler f\u00fcr Stretchfolien und Rundballennetze. Dank einer vollst\u00e4ndigen Produktpalette vertreibt Obereder somit seit Jahren lediglich Qualit\u00e4tsprodukte von Marktf\u00fchrern f\u00fcr den Agrar-Bereich. \u201eWir wollen sicherstellen, dass unser Agrar-Equipment nicht nur gute Dienste leistet, sondern auch langlebig und nachhaltig ist.\u201c, so Markus Ortbauer, Spartenleiter f\u00fcr Agrar.<\/p>\n","protected":false},"excerpt":{"rendered":"<p>Die Firma Obereder aus Sigharting ist seit mehr als 30 Jahren unerm\u00fcdlich f\u00fcr einen guten Jahresstart unserer heimischen Bauern im Einsatz.<\/p>\n","protected":false},"author":15,"featured_media":8478,"comment_status":"closed","ping_status":"closed","sticky":false,"template":"","format":"standard","meta":{"footnotes":""},"categories":[15,1],"tags":[224,286,195],"class_list":["post-8477","post","type-post","status-publish","format-standard","has-post-thumbnail","hentry","category-landwirt","category-werbung","tag-grassilage","tag-grunfutter","tag-grunland"],"yoast_head":"<!-- This site is optimized with the Yoast SEO plugin v27.4 - https:\/\/yoast.com\/product\/yoast-seo-wordpress\/ -->\n<title>Obereder ist f\u00fchrender Anbieter f\u00fcr Agrar-Equipment - Landwirt.com News<\/title>\n<meta name=\"robots\" content=\"index, follow, max-snippet:-1, max-image-preview:large, max-video-preview:-1\" \/>\n<meta property=\"og:locale\" content=\"de_DE\" \/>\n<meta property=\"og:type\" content=\"article\" \/>\n<meta property=\"og:title\" content=\"Obereder ist f\u00fchrender Anbieter f\u00fcr Agrar-Equipment - Landwirt.com News\" \/>\n<meta property=\"og:description\" content=\"Die Firma Obereder aus Sigharting ist seit mehr als 30 Jahren unerm\u00fcdlich f\u00fcr einen guten Jahresstart unserer heimischen Bauern im Einsatz.\" \/>\n<meta property=\"og:url\" content=\"https:\/\/www.landwirt.com\/news\/obereder-ist-fuehrender-anbieter-fuer-agrar-equipment\/\" \/>\n<meta property=\"og:site_name\" content=\"Landwirt.com News\" \/>\n<meta property=\"article:published_time\" content=\"2022-03-16T07:00:00+00:00\" \/>\n<meta property=\"article:modified_time\" content=\"2022-05-10T10:51:25+00:00\" \/>\n<meta property=\"og:image\" content=\"https:\/\/www.landwirt.com\/news\/wp-content\/uploads\/2022\/03\/Agrarteam-1030x773.jpg\" \/>\n\t<meta property=\"og:image:width\" content=\"1030\" \/>\n\t<meta property=\"og:image:height\" content=\"773\" \/>\n\t<meta property=\"og:image:type\" content=\"image\/jpeg\" \/>\n<meta name=\"author\" content=\"Edith Winter\" \/>\n<meta name=\"twitter:card\" content=\"summary_large_image\" \/>\n<meta name=\"twitter:label1\" content=\"Verfasst von\" \/>\n\t<meta name=\"twitter:data1\" content=\"Edith Winter\" \/>\n\t<meta name=\"twitter:label2\" content=\"Gesch\u00e4tzte Lesezeit\" \/>\n\t<meta name=\"twitter:data2\" content=\"2 Minuten\" \/>\n<script type=\"application\/ld+json\" class=\"yoast-schema-graph\">{\"@context\":\"https:\\\/\\\/schema.org\",\"@graph\":[{\"@type\":\"Article\",\"@id\":\"https:\\\/\\\/www.landwirt.com\\\/news\\\/obereder-ist-fuehrender-anbieter-fuer-agrar-equipment\\\/#article\",\"isPartOf\":{\"@id\":\"https:\\\/\\\/www.landwirt.com\\\/news\\\/obereder-ist-fuehrender-anbieter-fuer-agrar-equipment\\\/\"},\"author\":{\"name\":\"Edith Winter\",\"@id\":\"https:\\\/\\\/www.landwirt.com\\\/news\\\/#\\\/schema\\\/person\\\/58b1026d44b61c2d0c39d2d1220d43e9\"},\"headline\":\"Obereder ist f\u00fchrender Anbieter f\u00fcr Agrar-Equipment\",\"datePublished\":\"2022-03-16T07:00:00+00:00\",\"dateModified\":\"2022-05-10T10:51:25+00:00\",\"mainEntityOfPage\":{\"@id\":\"https:\\\/\\\/www.landwirt.com\\\/news\\\/obereder-ist-fuehrender-anbieter-fuer-agrar-equipment\\\/\"},\"wordCount\":331,\"publisher\":{\"@id\":\"https:\\\/\\\/www.landwirt.com\\\/news\\\/#organization\"},\"image\":{\"@id\":\"https:\\\/\\\/www.landwirt.com\\\/news\\\/obereder-ist-fuehrender-anbieter-fuer-agrar-equipment\\\/#primaryimage\"},\"thumbnailUrl\":\"https:\\\/\\\/www.landwirt.com\\\/news\\\/wp-content\\\/uploads\\\/2022\\\/03\\\/Agrarteam-scaled.jpg\",\"keywords\":[\"Grassilage\",\"Gr\u00fcnfutter\",\"Gr\u00fcnland\"],\"articleSection\":[\"Landwirt\",\"Werbung\"],\"inLanguage\":\"de-AT\"},{\"@type\":\"WebPage\",\"@id\":\"https:\\\/\\\/www.landwirt.com\\\/news\\\/obereder-ist-fuehrender-anbieter-fuer-agrar-equipment\\\/\",\"url\":\"https:\\\/\\\/www.landwirt.com\\\/news\\\/obereder-ist-fuehrender-anbieter-fuer-agrar-equipment\\\/\",\"name\":\"Obereder ist f\u00fchrender Anbieter f\u00fcr Agrar-Equipment - Landwirt.com News\",\"isPartOf\":{\"@id\":\"https:\\\/\\\/www.landwirt.com\\\/news\\\/#website\"},\"primaryImageOfPage\":{\"@id\":\"https:\\\/\\\/www.landwirt.com\\\/news\\\/obereder-ist-fuehrender-anbieter-fuer-agrar-equipment\\\/#primaryimage\"},\"image\":{\"@id\":\"https:\\\/\\\/www.landwirt.com\\\/news\\\/obereder-ist-fuehrender-anbieter-fuer-agrar-equipment\\\/#primaryimage\"},\"thumbnailUrl\":\"https:\\\/\\\/www.landwirt.com\\\/news\\\/wp-content\\\/uploads\\\/2022\\\/03\\\/Agrarteam-scaled.jpg\",\"datePublished\":\"2022-03-16T07:00:00+00:00\",\"dateModified\":\"2022-05-10T10:51:25+00:00\",\"breadcrumb\":{\"@id\":\"https:\\\/\\\/www.landwirt.com\\\/news\\\/obereder-ist-fuehrender-anbieter-fuer-agrar-equipment\\\/#breadcrumb\"},\"inLanguage\":\"de-AT\",\"potentialAction\":[{\"@type\":\"ReadAction\",\"target\":[\"https:\\\/\\\/www.landwirt.com\\\/news\\\/obereder-ist-fuehrender-anbieter-fuer-agrar-equipment\\\/\"]}]},{\"@type\":\"ImageObject\",\"inLanguage\":\"de-AT\",\"@id\":\"https:\\\/\\\/www.landwirt.com\\\/news\\\/obereder-ist-fuehrender-anbieter-fuer-agrar-equipment\\\/#primaryimage\",\"url\":\"https:\\\/\\\/www.landwirt.com\\\/news\\\/wp-content\\\/uploads\\\/2022\\\/03\\\/Agrarteam-scaled.jpg\",\"contentUrl\":\"https:\\\/\\\/www.landwirt.com\\\/news\\\/wp-content\\\/uploads\\\/2022\\\/03\\\/Agrarteam-scaled.jpg\",\"width\":2560,\"height\":1920},{\"@type\":\"BreadcrumbList\",\"@id\":\"https:\\\/\\\/www.landwirt.com\\\/news\\\/obereder-ist-fuehrender-anbieter-fuer-agrar-equipment\\\/#breadcrumb\",\"itemListElement\":[{\"@type\":\"ListItem\",\"position\":1,\"name\":\"Home\",\"item\":\"https:\\\/\\\/www.landwirt.com\\\/news\\\/home\\\/\"},{\"@type\":\"ListItem\",\"position\":2,\"name\":\"Obereder ist f\u00fchrender Anbieter f\u00fcr Agrar-Equipment\"}]},{\"@type\":\"WebSite\",\"@id\":\"https:\\\/\\\/www.landwirt.com\\\/news\\\/#website\",\"url\":\"https:\\\/\\\/www.landwirt.com\\\/news\\\/\",\"name\":\"Landwirt.com News\",\"description\":\"Landwirt.com News\",\"publisher\":{\"@id\":\"https:\\\/\\\/www.landwirt.com\\\/news\\\/#organization\"},\"potentialAction\":[{\"@type\":\"SearchAction\",\"target\":{\"@type\":\"EntryPoint\",\"urlTemplate\":\"https:\\\/\\\/www.landwirt.com\\\/news\\\/?s={search_term_string}\"},\"query-input\":{\"@type\":\"PropertyValueSpecification\",\"valueRequired\":true,\"valueName\":\"search_term_string\"}}],\"inLanguage\":\"de-AT\"},{\"@type\":\"Organization\",\"@id\":\"https:\\\/\\\/www.landwirt.com\\\/news\\\/#organization\",\"name\":\"LANDWIRT.COM GMBH\",\"url\":\"https:\\\/\\\/www.landwirt.com\\\/news\\\/\",\"logo\":{\"@type\":\"ImageObject\",\"inLanguage\":\"de-AT\",\"@id\":\"https:\\\/\\\/www.landwirt.com\\\/news\\\/#\\\/schema\\\/logo\\\/image\\\/\",\"url\":\"https:\\\/\\\/www.landwirt.com\\\/news\\\/wp-content\\\/uploads\\\/2020\\\/02\\\/LW-logo.png\",\"contentUrl\":\"https:\\\/\\\/www.landwirt.com\\\/news\\\/wp-content\\\/uploads\\\/2020\\\/02\\\/LW-logo.png\",\"width\":250,\"height\":58,\"caption\":\"LANDWIRT.COM GMBH\"},\"image\":{\"@id\":\"https:\\\/\\\/www.landwirt.com\\\/news\\\/#\\\/schema\\\/logo\\\/image\\\/\"}},{\"@type\":\"Person\",\"@id\":\"https:\\\/\\\/www.landwirt.com\\\/news\\\/#\\\/schema\\\/person\\\/58b1026d44b61c2d0c39d2d1220d43e9\",\"name\":\"Edith Winter\",\"image\":{\"@type\":\"ImageObject\",\"inLanguage\":\"de-AT\",\"@id\":\"https:\\\/\\\/secure.gravatar.com\\\/avatar\\\/a8a5aac669c36d589ec506dc09b6dcb6e1c7c0b8731e97f1f2dcea5e26e28095?s=96&d=mm&r=g\",\"url\":\"https:\\\/\\\/secure.gravatar.com\\\/avatar\\\/a8a5aac669c36d589ec506dc09b6dcb6e1c7c0b8731e97f1f2dcea5e26e28095?s=96&d=mm&r=g\",\"contentUrl\":\"https:\\\/\\\/secure.gravatar.com\\\/avatar\\\/a8a5aac669c36d589ec506dc09b6dcb6e1c7c0b8731e97f1f2dcea5e26e28095?s=96&d=mm&r=g\",\"caption\":\"Edith Winter\"},\"url\":\"https:\\\/\\\/www.landwirt.com\\\/news\\\/author\\\/edith\\\/\"}]}<\/script>\n<!-- \/ Yoast SEO plugin. -->","yoast_head_json":{"title":"Obereder ist f\u00fchrender Anbieter f\u00fcr Agrar-Equipment - Landwirt.com News","robots":{"index":"index","follow":"follow","max-snippet":"max-snippet:-1","max-image-preview":"max-image-preview:large","max-video-preview":"max-video-preview:-1"},"og_locale":"de_DE","og_type":"article","og_title":"Obereder ist f\u00fchrender Anbieter f\u00fcr Agrar-Equipment - Landwirt.com News","og_description":"Die Firma Obereder aus Sigharting ist seit mehr als 30 Jahren unerm\u00fcdlich f\u00fcr einen guten Jahresstart unserer heimischen Bauern im Einsatz.","og_url":"https:\/\/www.landwirt.com\/news\/obereder-ist-fuehrender-anbieter-fuer-agrar-equipment\/","og_site_name":"Landwirt.com News","article_published_time":"2022-03-16T07:00:00+00:00","article_modified_time":"2022-05-10T10:51:25+00:00","og_image":[{"width":1030,"height":773,"url":"https:\/\/www.landwirt.com\/news\/wp-content\/uploads\/2022\/03\/Agrarteam-1030x773.jpg","type":"image\/jpeg"}],"author":"Edith Winter","twitter_card":"summary_large_image","twitter_misc":{"Verfasst von":"Edith Winter","Gesch\u00e4tzte Lesezeit":"2 Minuten"},"schema":{"@context":"https:\/\/schema.org","@graph":[{"@type":"Article","@id":"https:\/\/www.landwirt.com\/news\/obereder-ist-fuehrender-anbieter-fuer-agrar-equipment\/#article","isPartOf":{"@id":"https:\/\/www.landwirt.com\/news\/obereder-ist-fuehrender-anbieter-fuer-agrar-equipment\/"},"author":{"name":"Edith Winter","@id":"https:\/\/www.landwirt.com\/news\/#\/schema\/person\/58b1026d44b61c2d0c39d2d1220d43e9"},"headline":"Obereder ist f\u00fchrender Anbieter f\u00fcr Agrar-Equipment","datePublished":"2022-03-16T07:00:00+00:00","dateModified":"2022-05-10T10:51:25+00:00","mainEntityOfPage":{"@id":"https:\/\/www.landwirt.com\/news\/obereder-ist-fuehrender-anbieter-fuer-agrar-equipment\/"},"wordCount":331,"publisher":{"@id":"https:\/\/www.landwirt.com\/news\/#organization"},"image":{"@id":"https:\/\/www.landwirt.com\/news\/obereder-ist-fuehrender-anbieter-fuer-agrar-equipment\/#primaryimage"},"thumbnailUrl":"https:\/\/www.landwirt.com\/news\/wp-content\/uploads\/2022\/03\/Agrarteam-scaled.jpg","keywords":["Grassilage","Gr\u00fcnfutter","Gr\u00fcnland"],"articleSection":["Landwirt","Werbung"],"inLanguage":"de-AT"},{"@type":"WebPage","@id":"https:\/\/www.landwirt.com\/news\/obereder-ist-fuehrender-anbieter-fuer-agrar-equipment\/","url":"https:\/\/www.landwirt.com\/news\/obereder-ist-fuehrender-anbieter-fuer-agrar-equipment\/","name":"Obereder ist f\u00fchrender Anbieter f\u00fcr Agrar-Equipment - Landwirt.com News","isPartOf":{"@id":"https:\/\/www.landwirt.com\/news\/#website"},"primaryImageOfPage":{"@id":"https:\/\/www.landwirt.com\/news\/obereder-ist-fuehrender-anbieter-fuer-agrar-equipment\/#primaryimage"},"image":{"@id":"https:\/\/www.landwirt.com\/news\/obereder-ist-fuehrender-anbieter-fuer-agrar-equipment\/#primaryimage"},"thumbnailUrl":"https:\/\/www.landwirt.com\/news\/wp-content\/uploads\/2022\/03\/Agrarteam-scaled.jpg","datePublished":"2022-03-16T07:00:00+00:00","dateModified":"2022-05-10T10:51:25+00:00","breadcrumb":{"@id":"https:\/\/www.landwirt.com\/news\/obereder-ist-fuehrender-anbieter-fuer-agrar-equipment\/#breadcrumb"},"inLanguage":"de-AT","potentialAction":[{"@type":"ReadAction","target":["https:\/\/www.landwirt.com\/news\/obereder-ist-fuehrender-anbieter-fuer-agrar-equipment\/"]}]},{"@type":"ImageObject","inLanguage":"de-AT","@id":"https:\/\/www.landwirt.com\/news\/obereder-ist-fuehrender-anbieter-fuer-agrar-equipment\/#primaryimage","url":"https:\/\/www.landwirt.com\/news\/wp-content\/uploads\/2022\/03\/Agrarteam-scaled.jpg","contentUrl":"https:\/\/www.landwirt.com\/news\/wp-content\/uploads\/2022\/03\/Agrarteam-scaled.jpg","width":2560,"height":1920},{"@type":"BreadcrumbList","@id":"https:\/\/www.landwirt.com\/news\/obereder-ist-fuehrender-anbieter-fuer-agrar-equipment\/#breadcrumb","itemListElement":[{"@type":"ListItem","position":1,"name":"Home","item":"https:\/\/www.landwirt.com\/news\/home\/"},{"@type":"ListItem","position":2,"name":"Obereder ist f\u00fchrender Anbieter f\u00fcr Agrar-Equipment"}]},{"@type":"WebSite","@id":"https:\/\/www.landwirt.com\/news\/#website","url":"https:\/\/www.landwirt.com\/news\/","name":"Landwirt.com News","description":"Landwirt.com News","publisher":{"@id":"https:\/\/www.landwirt.com\/news\/#organization"},"potentialAction":[{"@type":"SearchAction","target":{"@type":"EntryPoint","urlTemplate":"https:\/\/www.landwirt.com\/news\/?s={search_term_string}"},"query-input":{"@type":"PropertyValueSpecification","valueRequired":true,"valueName":"search_term_string"}}],"inLanguage":"de-AT"},{"@type":"Organization","@id":"https:\/\/www.landwirt.com\/news\/#organization","name":"LANDWIRT.COM GMBH","url":"https:\/\/www.landwirt.com\/news\/","logo":{"@type":"ImageObject","inLanguage":"de-AT","@id":"https:\/\/www.landwirt.com\/news\/#\/schema\/logo\/image\/","url":"https:\/\/www.landwirt.com\/news\/wp-content\/uploads\/2020\/02\/LW-logo.png","contentUrl":"https:\/\/www.landwirt.com\/news\/wp-content\/uploads\/2020\/02\/LW-logo.png","width":250,"height":58,"caption":"LANDWIRT.COM GMBH"},"image":{"@id":"https:\/\/www.landwirt.com\/news\/#\/schema\/logo\/image\/"}},{"@type":"Person","@id":"https:\/\/www.landwirt.com\/news\/#\/schema\/person\/58b1026d44b61c2d0c39d2d1220d43e9","name":"Edith Winter","image":{"@type":"ImageObject","inLanguage":"de-AT","@id":"https:\/\/secure.gravatar.com\/avatar\/a8a5aac669c36d589ec506dc09b6dcb6e1c7c0b8731e97f1f2dcea5e26e28095?s=96&d=mm&r=g","url":"https:\/\/secure.gravatar.com\/avatar\/a8a5aac669c36d589ec506dc09b6dcb6e1c7c0b8731e97f1f2dcea5e26e28095?s=96&d=mm&r=g","contentUrl":"https:\/\/secure.gravatar.com\/avatar\/a8a5aac669c36d589ec506dc09b6dcb6e1c7c0b8731e97f1f2dcea5e26e28095?s=96&d=mm&r=g","caption":"Edith Winter"},"url":"https:\/\/www.landwirt.com\/news\/author\/edith\/"}]}},"_links":{"self":[{"href":"https:\/\/www.landwirt.com\/news\/wp-json\/wp\/v2\/posts\/8477","targetHints":{"allow":["GET"]}}],"collection":[{"href":"https:\/\/www.landwirt.com\/news\/wp-json\/wp\/v2\/posts"}],"about":[{"href":"https:\/\/www.landwirt.com\/news\/wp-json\/wp\/v2\/types\/post"}],"author":[{"embeddable":true,"href":"https:\/\/www.landwirt.com\/news\/wp-json\/wp\/v2\/users\/15"}],"replies":[{"embeddable":true,"href":"https:\/\/www.landwirt.com\/news\/wp-json\/wp\/v2\/comments?post=8477"}],"version-history":[{"count":10,"href":"https:\/\/www.landwirt.com\/news\/wp-json\/wp\/v2\/posts\/8477\/revisions"}],"predecessor-version":[{"id":8589,"href":"https:\/\/www.landwirt.com\/news\/wp-json\/wp\/v2\/posts\/8477\/revisions\/8589"}],"wp:featuredmedia":[{"embeddable":true,"href":"https:\/\/www.landwirt.com\/news\/wp-json\/wp\/v2\/media\/8478"}],"wp:attachment":[{"href":"https:\/\/www.landwirt.com\/news\/wp-json\/wp\/v2\/media?parent=8477"}],"wp:term":[{"taxonomy":"category","embeddable":true,"href":"https:\/\/www.landwirt.com\/news\/wp-json\/wp\/v2\/categories?post=8477"},{"taxonomy":"post_tag","embeddable":true,"href":"https:\/\/www.landwirt.com\/news\/wp-json\/wp\/v2\/tags?post=8477"}],"curies":[{"name":"wp","href":"https:\/\/api.w.org\/{rel}","templated":true}]}}