{"id":8107,"date":"2022-01-26T09:20:35","date_gmt":"2022-01-26T08:20:35","guid":{"rendered":"https:\/\/www.landwirt.com\/news\/?p=8107"},"modified":"2022-05-04T10:48:05","modified_gmt":"2022-05-04T08:48:05","slug":"bio-austria-bauerntage-bio-landwirtschaft-als-instrument-gegen-klima-und-biodiversitaetskrise","status":"publish","type":"post","link":"https:\/\/www.landwirt.com\/news\/bio-austria-bauerntage-bio-landwirtschaft-als-instrument-gegen-klima-und-biodiversitaetskrise\/","title":{"rendered":"BIO AUSTRIA Bauerntage: Bio-Landwirtschaft als Instrument gegen Klima- und Biodiversit\u00e4tskrise"},"content":{"rendered":"\n<hr class=\"wp-block-separator\"\/>\n\n\n\n<p style=\"font-size:1.1em\"><strong>Gesellschaftliche Unterst\u00fctzung f\u00fcr Bio immer st\u00e4rker; politische Gestaltungsm\u00f6glichkeiten nutzen, um Potenzial von Bio-Landwirtschaft auszusch\u00f6pfen<\/strong><\/p>\n\n\n\n<p>Wien, 26. J\u00e4nner 2022&nbsp;&#8211;&nbsp;Der Absatz von Bio-Lebensmitteln w\u00e4chst stetig, KonsumentInnen greifen immer \u00f6fter zu Bio, weil sie um die St\u00e4rken von Bio-Landwirtschaft im Bereich der \u00f6kologischen Nachhaltigkeit wissen. Klimakrise und Biodiversit\u00e4ts-R\u00fcckgang h\u00e4tten das Bewusstsein f\u00fcr Bio gesch\u00e4rft. &#8222;Zu Recht. Denn mit Bio gibt es ein funktionierendes landwirtschaftliches System, mit dessen Hilfe die elementaren Herausforderungen Klima- und Biodiversit\u00e4tskrise sofort und wirksam angegangen werden k\u00f6nnen&#8220;, betonte BIO AUSTRIA Obfrau Gertraud Grabmann anl\u00e4sslich der Er\u00f6ffnung der BIO AUSTRIA Bauerntage 2022 heute, Dienstag, in einer Online-Veranstaltung. Ob das volle Potenzial von Bio in dieser Hinsicht tats\u00e4chlich ausgesch\u00f6pft werden k\u00f6nne, liege nicht zuletzt daran, ob die vorhandenen politischen Gestaltungsm\u00f6glichkeiten genutzt werden. Dazu brauche es konsistente politische Entscheidungen.&nbsp;<\/p>\n\n\n\n<h3 class=\"wp-block-heading\">Bio im \u00d6PUL Neu: Regierung bleibt klar hinter eigenem Anspruch zur\u00fcck<\/h3>\n\n\n\n<p>Irritiert zeigte sich die Obfrau in diesem Zusammenhang von den urspr\u00fcnglichen Pl\u00e4nen des Landwirtschaftsministeriums f\u00fcr Bio im kommenden Agrarumweltprogramm \u00d6PUL, die eine massive Schw\u00e4chung von Bio bedeutet h\u00e4tten. Durch Beharrlichkeit h\u00e4tte der Verband gegen\u00fcber dem Erstentwurf noch zahlreiche Verbesserungen f\u00fcr Bio-Betriebe bewirken k\u00f6nnen. &#8222;Die Regierung bleibt aber auch mit dem, was sie letztlich im Rahmen des GAP-Strategieplans vorgelegt hat, klar hinter ihrem eigenen Anspruch aus dem Regierungsprogramm, Bio zu st\u00e4rken, zur\u00fcck&#8220;, betonte Grabmann. Diese Entwicklung mute auch deswegen seltsam an, da zeitgleich die EU-Kommission die Bio-Landwirtschaft europaweit als Schl\u00fcsselinstrument gegen Klimawandel und Biodiversit\u00e4tsr\u00fcckgang st\u00e4rken wolle. Auch die deutsche Bundesregierung habe hier einen deutlich anderen Weg eingeschlagen, indem sie die Bio-Landwirtschaft zum Leitbild erhoben hat.<\/p>\n\n\n\n<h3 class=\"wp-block-heading\">EU \u00d6kologisierungs-Ziele nicht selbst gef\u00e4hrden &#8211; Beispiel Neue Gentechnik<\/h3>\n\n\n\n<p>Potenzielle H\u00fcrden auf dem Weg zu einer notwendigen \u00d6kologisierung der Land- und Lebensmittelwirtschaft sieht Grabmann auch auf EU-Ebene. Ein Beispiel daf\u00fcr ist die Diskussion dar\u00fcber, das strenge EU-Gentechnikrecht aufzuweichen. Im Raum steht, Neue Gentechnik im Bereich von Landwirtschaft und Lebensmitteln zugunsten vereinfachter Zulassung zu deregulieren. Mit einem solchen Vorgehen riskiert man auf EU-Ebene, die eigenen Zielsetzungen in Bezug auf Bio und den Green Deal bzw. die &#8222;Farm to Fork&#8220;-Strategie zu gef\u00e4hrden. Dass dies auch ein Problem f\u00fcr die Bio-Landwirtschaft darstellt, liegt auf der Hand. Man k\u00f6nne eben nicht einerseits Bio st\u00e4rken wollen und andererseits Schritte setzen, die dieses Ziel untergraben, mahnt Grabmann.<\/p>\n\n\n\n<h3 class=\"wp-block-heading\">Harmonisierung von EU-Recht als Stolperstein f\u00fcr Bio-Zielsetzungen<\/h3>\n\n\n\n<p>Zunehmend problematisch und den Bio-Zielsetzungen der EU-Kommission entgegenlaufend, habe sich in j\u00fcngster Vergangenheit auch der Bereich der Harmonisierung von EU-Recht in Bezug auf die Bio-Landwirtschaft erwiesen. Grabmann nannte hier etwa die Interpretation der Bio-Verordnung durch die EU-Kommission im Bereich der Bio-Weidevorgaben. Diese w\u00fcrde letztlich &#8222;zahlreiche H\u00fcrden f\u00fcr bestehende und m\u00f6gliche k\u00fcnftige Biob\u00e4uerinnen und Biobauern in der Praxis&#8220; mit sich bringen. Grabmann mahnte generell im Bereich der Harmonisierung von EU-Recht in der Landwirtschaft zu &#8222;praxisgerechten Regelungen mit Augenma\u00df&#8220;. Es m\u00fcsse die richtige Balance gefunden werden &#8222;zwischen einer Harmonisierung, die einen fairen Wettbewerb sicherstellt und der notwendigen Flexibilit\u00e4t, die eine Anwendung der Bestimmungen unter den jeweiligen lokalen Verh\u00e4ltnissen erm\u00f6glicht&#8220;, so die BIO AUSTRIA Obfrau abschlie\u00dfend.<\/p>\n\n\n\n<p><strong>\u00dcber die BIO AUSTRIA Bauerntage:&nbsp;<\/strong><br>Die BIO AUSTRIA Bauerntage sind die gr\u00f6\u00dfte j\u00e4hrlich abgehaltene Weiterbildungsveranstaltung der Bio-Landwirtschaft in \u00d6sterreich. Heuer sind rund 1.300 TeilnehmerInnen angemeldet. Pandemie bedingt werden 2022 ebenso wie der Er\u00f6ffnungstag auch s\u00e4mtliche Fachtage als Online-Veranstaltungen durchgef\u00fchrt. In elf verschiedenen Fachtagen werden aktuellste Informationen vermittelt und ein Austausch zwischen Praxis, Wissenschaft, Wirtschaft und Beratung erm\u00f6glicht. Das gesamte Programm steht auf der&nbsp;<a href=\"https:\/\/www.bio-austria.at\/v\/bauern\/bio-austria-bauerntage-2022\/\" target=\"_blank\" rel=\"noreferrer noopener\">Website von BIO AUSTRIA<\/a>&nbsp;zum Download bereit.<\/p>\n\n\n\n<p><strong>\u00dcber BIO AUSTRIA:<\/strong><br>BIO AUSTRIA ist das Netzwerk der \u00f6sterreichischen Biob\u00e4uerinnen und Biobauern. Als gr\u00f6\u00dfter Bio-Verband in Europa repr\u00e4sentiert bio austria die \u00f6sterreichische Bio-Landwirtschaft und vertritt die Interessen der Biob\u00e4uerinnen und Biobauern &#8211; mit 13.500 Mitgliedern und mehr als 430 Partnerunternehmen in der Wirtschaft. N\u00e4here Informationen unter <a href=\"http:\/\/www.bio-austria.at\">www.bio-austria.at<\/a><\/p>\n\n\n\n<p><\/p>\n","protected":false},"excerpt":{"rendered":"<p>Gesellschaftliche Unterst\u00fctzung f\u00fcr Bio immer st\u00e4rker; politische Gestaltungsm\u00f6glichkeiten nutzen, um Potenzial von Bio-Landwirtschaft auszusch\u00f6pfen<\/p>\n","protected":false},"author":15,"featured_media":7576,"comment_status":"closed","ping_status":"closed","sticky":false,"template":"","format":"standard","meta":{"footnotes":""},"categories":[15,1],"tags":[398,399,424,425,162,191],"class_list":["post-8107","post","type-post","status-publish","format-standard","has-post-thumbnail","hentry","category-landwirt","category-werbung","tag-bio-austria","tag-bio-landwirtschaft","tag-bio-betrieb","tag-biobauer","tag-klimaschutz","tag-nachhaltigkeit"],"yoast_head":"<!-- This site is optimized with the Yoast SEO plugin v27.5 - https:\/\/yoast.com\/product\/yoast-seo-wordpress\/ -->\n<title>BIO AUSTRIA Bauerntage: Bio-Landwirtschaft als Instrument gegen Klima- und Biodiversit\u00e4tskrise - Landwirt.com News<\/title>\n<meta name=\"robots\" content=\"index, follow, max-snippet:-1, max-image-preview:large, max-video-preview:-1\" \/>\n<meta property=\"og:locale\" content=\"de_DE\" \/>\n<meta property=\"og:type\" content=\"article\" \/>\n<meta property=\"og:title\" content=\"BIO AUSTRIA Bauerntage: Bio-Landwirtschaft als Instrument gegen Klima- und Biodiversit\u00e4tskrise - Landwirt.com News\" \/>\n<meta property=\"og:description\" content=\"Gesellschaftliche Unterst\u00fctzung f\u00fcr Bio immer st\u00e4rker; politische Gestaltungsm\u00f6glichkeiten nutzen, um Potenzial von Bio-Landwirtschaft auszusch\u00f6pfen\" \/>\n<meta property=\"og:url\" content=\"https:\/\/www.landwirt.com\/news\/bio-austria-bauerntage-bio-landwirtschaft-als-instrument-gegen-klima-und-biodiversitaetskrise\/\" \/>\n<meta property=\"og:site_name\" content=\"Landwirt.com News\" \/>\n<meta property=\"article:published_time\" content=\"2022-01-26T08:20:35+00:00\" \/>\n<meta property=\"article:modified_time\" content=\"2022-05-04T08:48:05+00:00\" \/>\n<meta property=\"og:image\" content=\"https:\/\/www.landwirt.com\/news\/wp-content\/uploads\/2021\/11\/bio-a.jpg\" \/>\n\t<meta property=\"og:image:width\" content=\"559\" \/>\n\t<meta property=\"og:image:height\" content=\"529\" \/>\n\t<meta property=\"og:image:type\" content=\"image\/jpeg\" \/>\n<meta name=\"author\" content=\"Edith Winter\" \/>\n<meta name=\"twitter:card\" content=\"summary_large_image\" \/>\n<meta name=\"twitter:label1\" content=\"Verfasst von\" \/>\n\t<meta name=\"twitter:data1\" content=\"Edith Winter\" \/>\n\t<meta name=\"twitter:label2\" content=\"Gesch\u00e4tzte Lesezeit\" \/>\n\t<meta name=\"twitter:data2\" content=\"4 Minuten\" \/>\n<script type=\"application\/ld+json\" class=\"yoast-schema-graph\">{\"@context\":\"https:\\\/\\\/schema.org\",\"@graph\":[{\"@type\":\"Article\",\"@id\":\"https:\\\/\\\/www.landwirt.com\\\/news\\\/bio-austria-bauerntage-bio-landwirtschaft-als-instrument-gegen-klima-und-biodiversitaetskrise\\\/#article\",\"isPartOf\":{\"@id\":\"https:\\\/\\\/www.landwirt.com\\\/news\\\/bio-austria-bauerntage-bio-landwirtschaft-als-instrument-gegen-klima-und-biodiversitaetskrise\\\/\"},\"author\":{\"name\":\"Edith Winter\",\"@id\":\"https:\\\/\\\/www.landwirt.com\\\/news\\\/#\\\/schema\\\/person\\\/58b1026d44b61c2d0c39d2d1220d43e9\"},\"headline\":\"BIO AUSTRIA Bauerntage: Bio-Landwirtschaft als Instrument gegen Klima- und Biodiversit\u00e4tskrise\",\"datePublished\":\"2022-01-26T08:20:35+00:00\",\"dateModified\":\"2022-05-04T08:48:05+00:00\",\"mainEntityOfPage\":{\"@id\":\"https:\\\/\\\/www.landwirt.com\\\/news\\\/bio-austria-bauerntage-bio-landwirtschaft-als-instrument-gegen-klima-und-biodiversitaetskrise\\\/\"},\"wordCount\":684,\"publisher\":{\"@id\":\"https:\\\/\\\/www.landwirt.com\\\/news\\\/#organization\"},\"image\":{\"@id\":\"https:\\\/\\\/www.landwirt.com\\\/news\\\/bio-austria-bauerntage-bio-landwirtschaft-als-instrument-gegen-klima-und-biodiversitaetskrise\\\/#primaryimage\"},\"thumbnailUrl\":\"https:\\\/\\\/www.landwirt.com\\\/news\\\/wp-content\\\/uploads\\\/2021\\\/11\\\/bio-a.jpg\",\"keywords\":[\"Bio Austria\",\"Bio Landwirtschaft\",\"Bio-Betrieb\",\"Biobauer\",\"Klimaschutz\",\"Nachhaltigkeit\"],\"articleSection\":[\"Landwirt\",\"Werbung\"],\"inLanguage\":\"de-AT\"},{\"@type\":\"WebPage\",\"@id\":\"https:\\\/\\\/www.landwirt.com\\\/news\\\/bio-austria-bauerntage-bio-landwirtschaft-als-instrument-gegen-klima-und-biodiversitaetskrise\\\/\",\"url\":\"https:\\\/\\\/www.landwirt.com\\\/news\\\/bio-austria-bauerntage-bio-landwirtschaft-als-instrument-gegen-klima-und-biodiversitaetskrise\\\/\",\"name\":\"BIO AUSTRIA Bauerntage: Bio-Landwirtschaft als Instrument gegen Klima- und Biodiversit\u00e4tskrise - Landwirt.com News\",\"isPartOf\":{\"@id\":\"https:\\\/\\\/www.landwirt.com\\\/news\\\/#website\"},\"primaryImageOfPage\":{\"@id\":\"https:\\\/\\\/www.landwirt.com\\\/news\\\/bio-austria-bauerntage-bio-landwirtschaft-als-instrument-gegen-klima-und-biodiversitaetskrise\\\/#primaryimage\"},\"image\":{\"@id\":\"https:\\\/\\\/www.landwirt.com\\\/news\\\/bio-austria-bauerntage-bio-landwirtschaft-als-instrument-gegen-klima-und-biodiversitaetskrise\\\/#primaryimage\"},\"thumbnailUrl\":\"https:\\\/\\\/www.landwirt.com\\\/news\\\/wp-content\\\/uploads\\\/2021\\\/11\\\/bio-a.jpg\",\"datePublished\":\"2022-01-26T08:20:35+00:00\",\"dateModified\":\"2022-05-04T08:48:05+00:00\",\"breadcrumb\":{\"@id\":\"https:\\\/\\\/www.landwirt.com\\\/news\\\/bio-austria-bauerntage-bio-landwirtschaft-als-instrument-gegen-klima-und-biodiversitaetskrise\\\/#breadcrumb\"},\"inLanguage\":\"de-AT\",\"potentialAction\":[{\"@type\":\"ReadAction\",\"target\":[\"https:\\\/\\\/www.landwirt.com\\\/news\\\/bio-austria-bauerntage-bio-landwirtschaft-als-instrument-gegen-klima-und-biodiversitaetskrise\\\/\"]}]},{\"@type\":\"ImageObject\",\"inLanguage\":\"de-AT\",\"@id\":\"https:\\\/\\\/www.landwirt.com\\\/news\\\/bio-austria-bauerntage-bio-landwirtschaft-als-instrument-gegen-klima-und-biodiversitaetskrise\\\/#primaryimage\",\"url\":\"https:\\\/\\\/www.landwirt.com\\\/news\\\/wp-content\\\/uploads\\\/2021\\\/11\\\/bio-a.jpg\",\"contentUrl\":\"https:\\\/\\\/www.landwirt.com\\\/news\\\/wp-content\\\/uploads\\\/2021\\\/11\\\/bio-a.jpg\",\"width\":559,\"height\":529},{\"@type\":\"BreadcrumbList\",\"@id\":\"https:\\\/\\\/www.landwirt.com\\\/news\\\/bio-austria-bauerntage-bio-landwirtschaft-als-instrument-gegen-klima-und-biodiversitaetskrise\\\/#breadcrumb\",\"itemListElement\":[{\"@type\":\"ListItem\",\"position\":1,\"name\":\"Home\",\"item\":\"https:\\\/\\\/www.landwirt.com\\\/news\\\/home\\\/\"},{\"@type\":\"ListItem\",\"position\":2,\"name\":\"BIO AUSTRIA Bauerntage: Bio-Landwirtschaft als Instrument gegen Klima- und Biodiversit\u00e4tskrise\"}]},{\"@type\":\"WebSite\",\"@id\":\"https:\\\/\\\/www.landwirt.com\\\/news\\\/#website\",\"url\":\"https:\\\/\\\/www.landwirt.com\\\/news\\\/\",\"name\":\"Landwirt.com News\",\"description\":\"Landwirt.com News\",\"publisher\":{\"@id\":\"https:\\\/\\\/www.landwirt.com\\\/news\\\/#organization\"},\"potentialAction\":[{\"@type\":\"SearchAction\",\"target\":{\"@type\":\"EntryPoint\",\"urlTemplate\":\"https:\\\/\\\/www.landwirt.com\\\/news\\\/?s={search_term_string}\"},\"query-input\":{\"@type\":\"PropertyValueSpecification\",\"valueRequired\":true,\"valueName\":\"search_term_string\"}}],\"inLanguage\":\"de-AT\"},{\"@type\":\"Organization\",\"@id\":\"https:\\\/\\\/www.landwirt.com\\\/news\\\/#organization\",\"name\":\"LANDWIRT.COM GMBH\",\"url\":\"https:\\\/\\\/www.landwirt.com\\\/news\\\/\",\"logo\":{\"@type\":\"ImageObject\",\"inLanguage\":\"de-AT\",\"@id\":\"https:\\\/\\\/www.landwirt.com\\\/news\\\/#\\\/schema\\\/logo\\\/image\\\/\",\"url\":\"https:\\\/\\\/www.landwirt.com\\\/news\\\/wp-content\\\/uploads\\\/2020\\\/02\\\/LW-logo.png\",\"contentUrl\":\"https:\\\/\\\/www.landwirt.com\\\/news\\\/wp-content\\\/uploads\\\/2020\\\/02\\\/LW-logo.png\",\"width\":250,\"height\":58,\"caption\":\"LANDWIRT.COM GMBH\"},\"image\":{\"@id\":\"https:\\\/\\\/www.landwirt.com\\\/news\\\/#\\\/schema\\\/logo\\\/image\\\/\"}},{\"@type\":\"Person\",\"@id\":\"https:\\\/\\\/www.landwirt.com\\\/news\\\/#\\\/schema\\\/person\\\/58b1026d44b61c2d0c39d2d1220d43e9\",\"name\":\"Edith Winter\",\"image\":{\"@type\":\"ImageObject\",\"inLanguage\":\"de-AT\",\"@id\":\"https:\\\/\\\/secure.gravatar.com\\\/avatar\\\/a8a5aac669c36d589ec506dc09b6dcb6e1c7c0b8731e97f1f2dcea5e26e28095?s=96&d=mm&r=g\",\"url\":\"https:\\\/\\\/secure.gravatar.com\\\/avatar\\\/a8a5aac669c36d589ec506dc09b6dcb6e1c7c0b8731e97f1f2dcea5e26e28095?s=96&d=mm&r=g\",\"contentUrl\":\"https:\\\/\\\/secure.gravatar.com\\\/avatar\\\/a8a5aac669c36d589ec506dc09b6dcb6e1c7c0b8731e97f1f2dcea5e26e28095?s=96&d=mm&r=g\",\"caption\":\"Edith Winter\"},\"url\":\"https:\\\/\\\/www.landwirt.com\\\/news\\\/author\\\/edith\\\/\"}]}<\/script>\n<!-- \/ Yoast SEO plugin. -->","yoast_head_json":{"title":"BIO AUSTRIA Bauerntage: Bio-Landwirtschaft als Instrument gegen Klima- und Biodiversit\u00e4tskrise - Landwirt.com News","robots":{"index":"index","follow":"follow","max-snippet":"max-snippet:-1","max-image-preview":"max-image-preview:large","max-video-preview":"max-video-preview:-1"},"og_locale":"de_DE","og_type":"article","og_title":"BIO AUSTRIA Bauerntage: Bio-Landwirtschaft als Instrument gegen Klima- und Biodiversit\u00e4tskrise - Landwirt.com News","og_description":"Gesellschaftliche Unterst\u00fctzung f\u00fcr Bio immer st\u00e4rker; politische Gestaltungsm\u00f6glichkeiten nutzen, um Potenzial von Bio-Landwirtschaft auszusch\u00f6pfen","og_url":"https:\/\/www.landwirt.com\/news\/bio-austria-bauerntage-bio-landwirtschaft-als-instrument-gegen-klima-und-biodiversitaetskrise\/","og_site_name":"Landwirt.com News","article_published_time":"2022-01-26T08:20:35+00:00","article_modified_time":"2022-05-04T08:48:05+00:00","og_image":[{"width":559,"height":529,"url":"https:\/\/www.landwirt.com\/news\/wp-content\/uploads\/2021\/11\/bio-a.jpg","type":"image\/jpeg"}],"author":"Edith Winter","twitter_card":"summary_large_image","twitter_misc":{"Verfasst von":"Edith Winter","Gesch\u00e4tzte Lesezeit":"4 Minuten"},"schema":{"@context":"https:\/\/schema.org","@graph":[{"@type":"Article","@id":"https:\/\/www.landwirt.com\/news\/bio-austria-bauerntage-bio-landwirtschaft-als-instrument-gegen-klima-und-biodiversitaetskrise\/#article","isPartOf":{"@id":"https:\/\/www.landwirt.com\/news\/bio-austria-bauerntage-bio-landwirtschaft-als-instrument-gegen-klima-und-biodiversitaetskrise\/"},"author":{"name":"Edith Winter","@id":"https:\/\/www.landwirt.com\/news\/#\/schema\/person\/58b1026d44b61c2d0c39d2d1220d43e9"},"headline":"BIO AUSTRIA Bauerntage: Bio-Landwirtschaft als Instrument gegen Klima- und Biodiversit\u00e4tskrise","datePublished":"2022-01-26T08:20:35+00:00","dateModified":"2022-05-04T08:48:05+00:00","mainEntityOfPage":{"@id":"https:\/\/www.landwirt.com\/news\/bio-austria-bauerntage-bio-landwirtschaft-als-instrument-gegen-klima-und-biodiversitaetskrise\/"},"wordCount":684,"publisher":{"@id":"https:\/\/www.landwirt.com\/news\/#organization"},"image":{"@id":"https:\/\/www.landwirt.com\/news\/bio-austria-bauerntage-bio-landwirtschaft-als-instrument-gegen-klima-und-biodiversitaetskrise\/#primaryimage"},"thumbnailUrl":"https:\/\/www.landwirt.com\/news\/wp-content\/uploads\/2021\/11\/bio-a.jpg","keywords":["Bio Austria","Bio Landwirtschaft","Bio-Betrieb","Biobauer","Klimaschutz","Nachhaltigkeit"],"articleSection":["Landwirt","Werbung"],"inLanguage":"de-AT"},{"@type":"WebPage","@id":"https:\/\/www.landwirt.com\/news\/bio-austria-bauerntage-bio-landwirtschaft-als-instrument-gegen-klima-und-biodiversitaetskrise\/","url":"https:\/\/www.landwirt.com\/news\/bio-austria-bauerntage-bio-landwirtschaft-als-instrument-gegen-klima-und-biodiversitaetskrise\/","name":"BIO AUSTRIA Bauerntage: Bio-Landwirtschaft als Instrument gegen Klima- und Biodiversit\u00e4tskrise - Landwirt.com News","isPartOf":{"@id":"https:\/\/www.landwirt.com\/news\/#website"},"primaryImageOfPage":{"@id":"https:\/\/www.landwirt.com\/news\/bio-austria-bauerntage-bio-landwirtschaft-als-instrument-gegen-klima-und-biodiversitaetskrise\/#primaryimage"},"image":{"@id":"https:\/\/www.landwirt.com\/news\/bio-austria-bauerntage-bio-landwirtschaft-als-instrument-gegen-klima-und-biodiversitaetskrise\/#primaryimage"},"thumbnailUrl":"https:\/\/www.landwirt.com\/news\/wp-content\/uploads\/2021\/11\/bio-a.jpg","datePublished":"2022-01-26T08:20:35+00:00","dateModified":"2022-05-04T08:48:05+00:00","breadcrumb":{"@id":"https:\/\/www.landwirt.com\/news\/bio-austria-bauerntage-bio-landwirtschaft-als-instrument-gegen-klima-und-biodiversitaetskrise\/#breadcrumb"},"inLanguage":"de-AT","potentialAction":[{"@type":"ReadAction","target":["https:\/\/www.landwirt.com\/news\/bio-austria-bauerntage-bio-landwirtschaft-als-instrument-gegen-klima-und-biodiversitaetskrise\/"]}]},{"@type":"ImageObject","inLanguage":"de-AT","@id":"https:\/\/www.landwirt.com\/news\/bio-austria-bauerntage-bio-landwirtschaft-als-instrument-gegen-klima-und-biodiversitaetskrise\/#primaryimage","url":"https:\/\/www.landwirt.com\/news\/wp-content\/uploads\/2021\/11\/bio-a.jpg","contentUrl":"https:\/\/www.landwirt.com\/news\/wp-content\/uploads\/2021\/11\/bio-a.jpg","width":559,"height":529},{"@type":"BreadcrumbList","@id":"https:\/\/www.landwirt.com\/news\/bio-austria-bauerntage-bio-landwirtschaft-als-instrument-gegen-klima-und-biodiversitaetskrise\/#breadcrumb","itemListElement":[{"@type":"ListItem","position":1,"name":"Home","item":"https:\/\/www.landwirt.com\/news\/home\/"},{"@type":"ListItem","position":2,"name":"BIO AUSTRIA Bauerntage: Bio-Landwirtschaft als Instrument gegen Klima- und Biodiversit\u00e4tskrise"}]},{"@type":"WebSite","@id":"https:\/\/www.landwirt.com\/news\/#website","url":"https:\/\/www.landwirt.com\/news\/","name":"Landwirt.com News","description":"Landwirt.com News","publisher":{"@id":"https:\/\/www.landwirt.com\/news\/#organization"},"potentialAction":[{"@type":"SearchAction","target":{"@type":"EntryPoint","urlTemplate":"https:\/\/www.landwirt.com\/news\/?s={search_term_string}"},"query-input":{"@type":"PropertyValueSpecification","valueRequired":true,"valueName":"search_term_string"}}],"inLanguage":"de-AT"},{"@type":"Organization","@id":"https:\/\/www.landwirt.com\/news\/#organization","name":"LANDWIRT.COM GMBH","url":"https:\/\/www.landwirt.com\/news\/","logo":{"@type":"ImageObject","inLanguage":"de-AT","@id":"https:\/\/www.landwirt.com\/news\/#\/schema\/logo\/image\/","url":"https:\/\/www.landwirt.com\/news\/wp-content\/uploads\/2020\/02\/LW-logo.png","contentUrl":"https:\/\/www.landwirt.com\/news\/wp-content\/uploads\/2020\/02\/LW-logo.png","width":250,"height":58,"caption":"LANDWIRT.COM GMBH"},"image":{"@id":"https:\/\/www.landwirt.com\/news\/#\/schema\/logo\/image\/"}},{"@type":"Person","@id":"https:\/\/www.landwirt.com\/news\/#\/schema\/person\/58b1026d44b61c2d0c39d2d1220d43e9","name":"Edith Winter","image":{"@type":"ImageObject","inLanguage":"de-AT","@id":"https:\/\/secure.gravatar.com\/avatar\/a8a5aac669c36d589ec506dc09b6dcb6e1c7c0b8731e97f1f2dcea5e26e28095?s=96&d=mm&r=g","url":"https:\/\/secure.gravatar.com\/avatar\/a8a5aac669c36d589ec506dc09b6dcb6e1c7c0b8731e97f1f2dcea5e26e28095?s=96&d=mm&r=g","contentUrl":"https:\/\/secure.gravatar.com\/avatar\/a8a5aac669c36d589ec506dc09b6dcb6e1c7c0b8731e97f1f2dcea5e26e28095?s=96&d=mm&r=g","caption":"Edith Winter"},"url":"https:\/\/www.landwirt.com\/news\/author\/edith\/"}]}},"_links":{"self":[{"href":"https:\/\/www.landwirt.com\/news\/wp-json\/wp\/v2\/posts\/8107","targetHints":{"allow":["GET"]}}],"collection":[{"href":"https:\/\/www.landwirt.com\/news\/wp-json\/wp\/v2\/posts"}],"about":[{"href":"https:\/\/www.landwirt.com\/news\/wp-json\/wp\/v2\/types\/post"}],"author":[{"embeddable":true,"href":"https:\/\/www.landwirt.com\/news\/wp-json\/wp\/v2\/users\/15"}],"replies":[{"embeddable":true,"href":"https:\/\/www.landwirt.com\/news\/wp-json\/wp\/v2\/comments?post=8107"}],"version-history":[{"count":10,"href":"https:\/\/www.landwirt.com\/news\/wp-json\/wp\/v2\/posts\/8107\/revisions"}],"predecessor-version":[{"id":9173,"href":"https:\/\/www.landwirt.com\/news\/wp-json\/wp\/v2\/posts\/8107\/revisions\/9173"}],"wp:featuredmedia":[{"embeddable":true,"href":"https:\/\/www.landwirt.com\/news\/wp-json\/wp\/v2\/media\/7576"}],"wp:attachment":[{"href":"https:\/\/www.landwirt.com\/news\/wp-json\/wp\/v2\/media?parent=8107"}],"wp:term":[{"taxonomy":"category","embeddable":true,"href":"https:\/\/www.landwirt.com\/news\/wp-json\/wp\/v2\/categories?post=8107"},{"taxonomy":"post_tag","embeddable":true,"href":"https:\/\/www.landwirt.com\/news\/wp-json\/wp\/v2\/tags?post=8107"}],"curies":[{"name":"wp","href":"https:\/\/api.w.org\/{rel}","templated":true}]}}