{"id":8054,"date":"2022-01-21T09:07:57","date_gmt":"2022-01-21T08:07:57","guid":{"rendered":"https:\/\/www.landwirt.com\/news\/?p=8054"},"modified":"2023-02-20T12:31:29","modified_gmt":"2023-02-20T11:31:29","slug":"foahr-sicher-heit-traktoren-sicher-lenken-dank-svs-oeamtc-fahrtechnik-und-steyr","status":"publish","type":"post","link":"https:\/\/www.landwirt.com\/news\/foahr-sicher-heit-traktoren-sicher-lenken-dank-svs-oeamtc-fahrtechnik-und-steyr\/","title":{"rendered":"Foahr sicher heit! Traktoren sicher lenken dank SVS, \u00d6AMTC Fahrtechnik und STEYR\u00ae."},"content":{"rendered":"\n<hr class=\"wp-block-separator\"\/>\n\n\n\n<p style=\"font-size:1.1em\"><strong>Nominiert von der DL63 Fahrsicherheitstrainings in den \u00d6AMTC Fahrtechnik Zentren im Jahr 2022 \/ Training auf drei modernen STEYR<sup>\u00ae<\/sup> Traktoren an sieben Standorten landesweit<\/strong><\/p>\n\n\n\n<div class=\"wp-block-columns is-layout-flex wp-container-core-columns-is-layout-9d6595d7 wp-block-columns-is-layout-flex\">\n<div class=\"wp-block-column is-layout-flow wp-block-column-is-layout-flow\">\n<p>Bereits zum 30. Mal werden im Zeitraum von J\u00e4nner bis Mai 2022 wieder 63 STEYR<sup>\u00ae<\/sup> Fahrsicherheitstrainings in landesweit sieben Zentren der \u00d6AMTC Fahrtechnik stattfinden. Die seit 1990 bew\u00e4hrte Kooperation wird auch dieses Mal von STEYR mit drei modernen Traktoren der Baureihen Multi, Expert CVT und Absolut CVT unterst\u00fctzt.<\/p>\n\n\n\n<p>\u201eMan kann dem Thema Fahrsicherheit wohl kaum genug Bedeutung zuschreiben. Vor allem Bremsman\u00f6ver auf rutschigem Untergrund mit Anh\u00e4nger sorgen immer wieder f\u00fcr herausfordernde Erlebnisse. Gemeinsam mit der SVS und der \u00d6AMTC Fahrtechnik schaffen wir erneut die Grundlagen f\u00fcr ein effektives Training: mit einem 4120 Multi, einem 4130 Expert CVT sowie einem 6240 Absolut CVT\u201c, erl\u00e4utert Christoph Steinmassl, Marketing Manager bei STEYR Traktoren.<\/p>\n\n\n\n<p>Die Instruktoren der \u00d6AMTC Fahrtechnik wurden bereits vorab f\u00fcr die bevorstehenden Kurse fit gemacht. Inhaltlich wurden die Experten zu den neuesten Traktoren-Technologien im Einsatz auf der Stra\u00dfe und auf dem Feld, sowie zu Themen wie Wirtschaftlichkeit und den Fahrer unterst\u00fctzenden Assistenzsystemen auf den neuesten Stand gebracht.<\/p>\n<\/div>\n\n\n\n<div class=\"wp-block-column is-layout-flow wp-block-column-is-layout-flow\">\n<figure class=\"wp-block-image size-large\"><img loading=\"lazy\" decoding=\"async\" width=\"1030\" height=\"686\" src=\"https:\/\/www.landwirt.com\/news\/wp-content\/uploads\/2022\/01\/Fahrsicherheit-2022_Absolut-CVT-1030x686.jpg\" alt=\"\" class=\"wp-image-8056\" srcset=\"https:\/\/www.landwirt.com\/news\/wp-content\/uploads\/2022\/01\/Fahrsicherheit-2022_Absolut-CVT-1030x686.jpg 1030w, https:\/\/www.landwirt.com\/news\/wp-content\/uploads\/2022\/01\/Fahrsicherheit-2022_Absolut-CVT-300x200.jpg 300w, https:\/\/www.landwirt.com\/news\/wp-content\/uploads\/2022\/01\/Fahrsicherheit-2022_Absolut-CVT-768x512.jpg 768w, https:\/\/www.landwirt.com\/news\/wp-content\/uploads\/2022\/01\/Fahrsicherheit-2022_Absolut-CVT-1536x1024.jpg 1536w, https:\/\/www.landwirt.com\/news\/wp-content\/uploads\/2022\/01\/Fahrsicherheit-2022_Absolut-CVT-1500x1000.jpg 1500w, https:\/\/www.landwirt.com\/news\/wp-content\/uploads\/2022\/01\/Fahrsicherheit-2022_Absolut-CVT-705x470.jpg 705w, https:\/\/www.landwirt.com\/news\/wp-content\/uploads\/2022\/01\/Fahrsicherheit-2022_Absolut-CVT.jpg 1772w\" sizes=\"auto, (max-width: 1030px) 100vw, 1030px\" \/><\/figure>\n<\/div>\n<\/div>\n\n\n\n<h2 class=\"wp-block-heading\">Mehr Sicherheit im Alltag.<\/h2>\n\n\n\n<div class=\"wp-block-columns is-layout-flex wp-container-core-columns-is-layout-9d6595d7 wp-block-columns-is-layout-flex\">\n<div class=\"wp-block-column is-layout-flow wp-block-column-is-layout-flow\">\n<p>Die jeweils eint\u00e4gigen Schulungen, die an insgesamt 63 Terminen in den \u00d6AMTC Fahrtechnik Zentren Teesdorf, Melk, Marchtrenk, Innsbruck, St. Veit\/Glan, Kalwang und Lang\/Lebring stattfinden, richten sich vorrangig an aktive B\u00e4uerinnen und Bauern. Aber auch Lehrkr\u00e4fte und Sch\u00fcler von land- und forstwirtschaftlichen Fachschulen sind als Multiplikatoren gern gesehene Teilnehmer.<\/p>\n\n\n\n<p>Die Fahrsicherheitstrainings umfassen Unterweisungen zu Unfallgeschehen und Pr\u00e4vention, zu moderner Traktortechnik sowie die Durchf\u00fchrung der praktischen Fahrsicherheitstrainings auf der Stra\u00dfe und im Gel\u00e4nde. In den eint\u00e4gigen Trainings wird speziell auf Sicherheitsaspekte und die korrekte Fahrzeugbeherrschung in kritischen Situationen eingegangen. Am Programm stehen das Bremsen und Ausweichen vor Hindernissen, das Durchfahren von rutschigen Kurven, sicheres Befahren von Gef\u00e4llestrecken, Bremsen und Ausweichen vor Hindernissen, \u00dcber- oder Untersteuern, Geschicklichkeits\u00fcbungen sowie Notbremsung auf rutschigem Untergrund. Auch die besonderen Herausforderungen im Anh\u00e4ngerbetrieb werden behandelt und die Teilnehmer lernen, wie man mit Hinterrad- oder Allradantrieb bei einer Steigung sicher vorankommt. \u201eBei uns k\u00f6nnen die Teilnehmerinnen und Teilnehmer im gesch\u00fctzten Rahmen, ohne Unfall und Sch\u00e4den, kritische Situationen erleben und erfahren, um damit im t\u00e4glichen Betrieb sicher unterwegs zu sein\u201c, erkl\u00e4rt Hermann Wirrer, Chefinstruktor Nutzfahrzeuge der \u00d6AMTC Fahrtechnik, den besonderen Praxisbezug der Trainings.<\/p>\n\n\n\n<p>\u201eDiese Kurse bilden einen wertvollen Beitrag zum sicheren Umgang mit dem Traktor und helfen schwere Unf\u00e4lle zu vermeiden.&#8220;, erg\u00e4nzt Steinmassl.<\/p>\n\n\n\n<p>Anmeldungen k\u00f6nnen bei den einzelnen \u00d6AMTC-Fahrtechnikzentren vorgenommen werden.<\/p>\n<\/div>\n\n\n\n<div class=\"wp-block-column is-layout-flow wp-block-column-is-layout-flow\">\n<figure class=\"wp-block-image size-large\"><img loading=\"lazy\" decoding=\"async\" width=\"687\" height=\"1030\" src=\"https:\/\/www.landwirt.com\/news\/wp-content\/uploads\/2022\/01\/Fahrsicherheit-2022_Absolut-CVT-2-687x1030.jpg\" alt=\"\" class=\"wp-image-8058\" srcset=\"https:\/\/www.landwirt.com\/news\/wp-content\/uploads\/2022\/01\/Fahrsicherheit-2022_Absolut-CVT-2-687x1030.jpg 687w, https:\/\/www.landwirt.com\/news\/wp-content\/uploads\/2022\/01\/Fahrsicherheit-2022_Absolut-CVT-2-200x300.jpg 200w, https:\/\/www.landwirt.com\/news\/wp-content\/uploads\/2022\/01\/Fahrsicherheit-2022_Absolut-CVT-2-768x1152.jpg 768w, https:\/\/www.landwirt.com\/news\/wp-content\/uploads\/2022\/01\/Fahrsicherheit-2022_Absolut-CVT-2-1024x1536.jpg 1024w, https:\/\/www.landwirt.com\/news\/wp-content\/uploads\/2022\/01\/Fahrsicherheit-2022_Absolut-CVT-2-1000x1500.jpg 1000w, https:\/\/www.landwirt.com\/news\/wp-content\/uploads\/2022\/01\/Fahrsicherheit-2022_Absolut-CVT-2-470x705.jpg 470w, https:\/\/www.landwirt.com\/news\/wp-content\/uploads\/2022\/01\/Fahrsicherheit-2022_Absolut-CVT-2.jpg 1063w\" sizes=\"auto, (max-width: 687px) 100vw, 687px\" \/><\/figure>\n<\/div>\n<\/div>\n\n\n\n<p>Weitere Informationen zu den STEYR Traktoren im Internet unter <a href=\"https:\/\/eur03.safelinks.protection.outlook.com\/?url=http%3A%2F%2Fwww.steyr-traktoren.com%2F&amp;data=04%7C01%7Cedith.winter%40landwirt.com%7C765b4322b9be4573624408d9d9bc36ff%7Ceddddc6a0cb1485f909a9ce8fca18a8c%7C0%7C0%7C637780224680001581%7CUnknown%7CTWFpbGZsb3d8eyJWIjoiMC4wLjAwMDAiLCJQIjoiV2luMzIiLCJBTiI6Ik1haWwiLCJXVCI6Mn0%3D%7C3000&amp;sdata=pmmbz21DsPmL5NLzC7aohChG99FuZDlpyhHB9SHVuIQ%3D&amp;reserved=0\">www.steyr-traktoren.com<\/a><\/p>\n\n\n\n<p><\/p>\n","protected":false},"excerpt":{"rendered":"<p>Nominiert von der DL63 Fahrsicherheitstrainings in den \u00d6AMTC Fahrtechnik Zentren im Jahr 2022<\/p>\n","protected":false},"author":15,"featured_media":8056,"comment_status":"closed","ping_status":"closed","sticky":false,"template":"","format":"standard","meta":{"footnotes":""},"categories":[15,1],"tags":[124,463,60,367,62,486,183],"class_list":["post-8054","post","type-post","status-publish","format-standard","has-post-thumbnail","hentry","category-landwirt","category-werbung","tag-cnh","tag-oeamtc","tag-steyr","tag-steyrtraktoren","tag-traktor","tag-traktor-fahrsicherheitstraining","tag-traktoren"],"yoast_head":"<!-- This site is optimized with the Yoast SEO plugin v27.4 - https:\/\/yoast.com\/product\/yoast-seo-wordpress\/ -->\n<title>Foahr sicher heit! Traktoren sicher lenken dank SVS, \u00d6AMTC Fahrtechnik und STEYR\u00ae. - Landwirt.com News<\/title>\n<meta name=\"robots\" content=\"index, follow, max-snippet:-1, max-image-preview:large, max-video-preview:-1\" \/>\n<meta property=\"og:locale\" content=\"de_DE\" \/>\n<meta property=\"og:type\" content=\"article\" \/>\n<meta property=\"og:title\" content=\"Foahr sicher heit! Traktoren sicher lenken dank SVS, \u00d6AMTC Fahrtechnik und STEYR\u00ae. - Landwirt.com News\" \/>\n<meta property=\"og:description\" content=\"Nominiert von der DL63 Fahrsicherheitstrainings in den \u00d6AMTC Fahrtechnik Zentren im Jahr 2022\" \/>\n<meta property=\"og:url\" content=\"https:\/\/www.landwirt.com\/news\/foahr-sicher-heit-traktoren-sicher-lenken-dank-svs-oeamtc-fahrtechnik-und-steyr\/\" \/>\n<meta property=\"og:site_name\" content=\"Landwirt.com News\" \/>\n<meta property=\"article:published_time\" content=\"2022-01-21T08:07:57+00:00\" \/>\n<meta property=\"article:modified_time\" content=\"2023-02-20T11:31:29+00:00\" \/>\n<meta property=\"og:image\" content=\"https:\/\/www.landwirt.com\/news\/wp-content\/uploads\/2022\/01\/Fahrsicherheit-2022_Absolut-CVT.jpg\" \/>\n\t<meta property=\"og:image:width\" content=\"1772\" \/>\n\t<meta property=\"og:image:height\" content=\"1181\" \/>\n\t<meta property=\"og:image:type\" content=\"image\/jpeg\" \/>\n<meta name=\"author\" content=\"Edith Winter\" \/>\n<meta name=\"twitter:card\" content=\"summary_large_image\" \/>\n<meta name=\"twitter:label1\" content=\"Verfasst von\" \/>\n\t<meta name=\"twitter:data1\" content=\"Edith Winter\" \/>\n\t<meta name=\"twitter:label2\" content=\"Gesch\u00e4tzte Lesezeit\" \/>\n\t<meta name=\"twitter:data2\" content=\"3 Minuten\" \/>\n<script type=\"application\/ld+json\" class=\"yoast-schema-graph\">{\"@context\":\"https:\\\/\\\/schema.org\",\"@graph\":[{\"@type\":\"Article\",\"@id\":\"https:\\\/\\\/www.landwirt.com\\\/news\\\/foahr-sicher-heit-traktoren-sicher-lenken-dank-svs-oeamtc-fahrtechnik-und-steyr\\\/#article\",\"isPartOf\":{\"@id\":\"https:\\\/\\\/www.landwirt.com\\\/news\\\/foahr-sicher-heit-traktoren-sicher-lenken-dank-svs-oeamtc-fahrtechnik-und-steyr\\\/\"},\"author\":{\"name\":\"Edith Winter\",\"@id\":\"https:\\\/\\\/www.landwirt.com\\\/news\\\/#\\\/schema\\\/person\\\/58b1026d44b61c2d0c39d2d1220d43e9\"},\"headline\":\"Foahr sicher heit! Traktoren sicher lenken dank SVS, \u00d6AMTC Fahrtechnik und STEYR\u00ae.\",\"datePublished\":\"2022-01-21T08:07:57+00:00\",\"dateModified\":\"2023-02-20T11:31:29+00:00\",\"mainEntityOfPage\":{\"@id\":\"https:\\\/\\\/www.landwirt.com\\\/news\\\/foahr-sicher-heit-traktoren-sicher-lenken-dank-svs-oeamtc-fahrtechnik-und-steyr\\\/\"},\"wordCount\":442,\"publisher\":{\"@id\":\"https:\\\/\\\/www.landwirt.com\\\/news\\\/#organization\"},\"image\":{\"@id\":\"https:\\\/\\\/www.landwirt.com\\\/news\\\/foahr-sicher-heit-traktoren-sicher-lenken-dank-svs-oeamtc-fahrtechnik-und-steyr\\\/#primaryimage\"},\"thumbnailUrl\":\"https:\\\/\\\/www.landwirt.com\\\/news\\\/wp-content\\\/uploads\\\/2022\\\/01\\\/Fahrsicherheit-2022_Absolut-CVT.jpg\",\"keywords\":[\"CNH\",\"\u00d6AMTC\",\"Steyr\",\"Steyrtraktoren\",\"Traktor\",\"Traktor Fahrsicherheitstraining\",\"Traktoren\"],\"articleSection\":[\"Landwirt\",\"Werbung\"],\"inLanguage\":\"de-AT\"},{\"@type\":\"WebPage\",\"@id\":\"https:\\\/\\\/www.landwirt.com\\\/news\\\/foahr-sicher-heit-traktoren-sicher-lenken-dank-svs-oeamtc-fahrtechnik-und-steyr\\\/\",\"url\":\"https:\\\/\\\/www.landwirt.com\\\/news\\\/foahr-sicher-heit-traktoren-sicher-lenken-dank-svs-oeamtc-fahrtechnik-und-steyr\\\/\",\"name\":\"Foahr sicher heit! Traktoren sicher lenken dank SVS, \u00d6AMTC Fahrtechnik und STEYR\u00ae. - Landwirt.com News\",\"isPartOf\":{\"@id\":\"https:\\\/\\\/www.landwirt.com\\\/news\\\/#website\"},\"primaryImageOfPage\":{\"@id\":\"https:\\\/\\\/www.landwirt.com\\\/news\\\/foahr-sicher-heit-traktoren-sicher-lenken-dank-svs-oeamtc-fahrtechnik-und-steyr\\\/#primaryimage\"},\"image\":{\"@id\":\"https:\\\/\\\/www.landwirt.com\\\/news\\\/foahr-sicher-heit-traktoren-sicher-lenken-dank-svs-oeamtc-fahrtechnik-und-steyr\\\/#primaryimage\"},\"thumbnailUrl\":\"https:\\\/\\\/www.landwirt.com\\\/news\\\/wp-content\\\/uploads\\\/2022\\\/01\\\/Fahrsicherheit-2022_Absolut-CVT.jpg\",\"datePublished\":\"2022-01-21T08:07:57+00:00\",\"dateModified\":\"2023-02-20T11:31:29+00:00\",\"breadcrumb\":{\"@id\":\"https:\\\/\\\/www.landwirt.com\\\/news\\\/foahr-sicher-heit-traktoren-sicher-lenken-dank-svs-oeamtc-fahrtechnik-und-steyr\\\/#breadcrumb\"},\"inLanguage\":\"de-AT\",\"potentialAction\":[{\"@type\":\"ReadAction\",\"target\":[\"https:\\\/\\\/www.landwirt.com\\\/news\\\/foahr-sicher-heit-traktoren-sicher-lenken-dank-svs-oeamtc-fahrtechnik-und-steyr\\\/\"]}]},{\"@type\":\"ImageObject\",\"inLanguage\":\"de-AT\",\"@id\":\"https:\\\/\\\/www.landwirt.com\\\/news\\\/foahr-sicher-heit-traktoren-sicher-lenken-dank-svs-oeamtc-fahrtechnik-und-steyr\\\/#primaryimage\",\"url\":\"https:\\\/\\\/www.landwirt.com\\\/news\\\/wp-content\\\/uploads\\\/2022\\\/01\\\/Fahrsicherheit-2022_Absolut-CVT.jpg\",\"contentUrl\":\"https:\\\/\\\/www.landwirt.com\\\/news\\\/wp-content\\\/uploads\\\/2022\\\/01\\\/Fahrsicherheit-2022_Absolut-CVT.jpg\",\"width\":1772,\"height\":1181},{\"@type\":\"BreadcrumbList\",\"@id\":\"https:\\\/\\\/www.landwirt.com\\\/news\\\/foahr-sicher-heit-traktoren-sicher-lenken-dank-svs-oeamtc-fahrtechnik-und-steyr\\\/#breadcrumb\",\"itemListElement\":[{\"@type\":\"ListItem\",\"position\":1,\"name\":\"Home\",\"item\":\"https:\\\/\\\/www.landwirt.com\\\/news\\\/home\\\/\"},{\"@type\":\"ListItem\",\"position\":2,\"name\":\"Foahr sicher heit! Traktoren sicher lenken dank SVS, \u00d6AMTC Fahrtechnik und STEYR\u00ae.\"}]},{\"@type\":\"WebSite\",\"@id\":\"https:\\\/\\\/www.landwirt.com\\\/news\\\/#website\",\"url\":\"https:\\\/\\\/www.landwirt.com\\\/news\\\/\",\"name\":\"Landwirt.com News\",\"description\":\"Landwirt.com News\",\"publisher\":{\"@id\":\"https:\\\/\\\/www.landwirt.com\\\/news\\\/#organization\"},\"potentialAction\":[{\"@type\":\"SearchAction\",\"target\":{\"@type\":\"EntryPoint\",\"urlTemplate\":\"https:\\\/\\\/www.landwirt.com\\\/news\\\/?s={search_term_string}\"},\"query-input\":{\"@type\":\"PropertyValueSpecification\",\"valueRequired\":true,\"valueName\":\"search_term_string\"}}],\"inLanguage\":\"de-AT\"},{\"@type\":\"Organization\",\"@id\":\"https:\\\/\\\/www.landwirt.com\\\/news\\\/#organization\",\"name\":\"LANDWIRT.COM GMBH\",\"url\":\"https:\\\/\\\/www.landwirt.com\\\/news\\\/\",\"logo\":{\"@type\":\"ImageObject\",\"inLanguage\":\"de-AT\",\"@id\":\"https:\\\/\\\/www.landwirt.com\\\/news\\\/#\\\/schema\\\/logo\\\/image\\\/\",\"url\":\"https:\\\/\\\/www.landwirt.com\\\/news\\\/wp-content\\\/uploads\\\/2020\\\/02\\\/LW-logo.png\",\"contentUrl\":\"https:\\\/\\\/www.landwirt.com\\\/news\\\/wp-content\\\/uploads\\\/2020\\\/02\\\/LW-logo.png\",\"width\":250,\"height\":58,\"caption\":\"LANDWIRT.COM GMBH\"},\"image\":{\"@id\":\"https:\\\/\\\/www.landwirt.com\\\/news\\\/#\\\/schema\\\/logo\\\/image\\\/\"}},{\"@type\":\"Person\",\"@id\":\"https:\\\/\\\/www.landwirt.com\\\/news\\\/#\\\/schema\\\/person\\\/58b1026d44b61c2d0c39d2d1220d43e9\",\"name\":\"Edith Winter\",\"image\":{\"@type\":\"ImageObject\",\"inLanguage\":\"de-AT\",\"@id\":\"https:\\\/\\\/secure.gravatar.com\\\/avatar\\\/a8a5aac669c36d589ec506dc09b6dcb6e1c7c0b8731e97f1f2dcea5e26e28095?s=96&d=mm&r=g\",\"url\":\"https:\\\/\\\/secure.gravatar.com\\\/avatar\\\/a8a5aac669c36d589ec506dc09b6dcb6e1c7c0b8731e97f1f2dcea5e26e28095?s=96&d=mm&r=g\",\"contentUrl\":\"https:\\\/\\\/secure.gravatar.com\\\/avatar\\\/a8a5aac669c36d589ec506dc09b6dcb6e1c7c0b8731e97f1f2dcea5e26e28095?s=96&d=mm&r=g\",\"caption\":\"Edith Winter\"},\"url\":\"https:\\\/\\\/www.landwirt.com\\\/news\\\/author\\\/edith\\\/\"}]}<\/script>\n<!-- \/ Yoast SEO plugin. -->","yoast_head_json":{"title":"Foahr sicher heit! Traktoren sicher lenken dank SVS, \u00d6AMTC Fahrtechnik und STEYR\u00ae. - Landwirt.com News","robots":{"index":"index","follow":"follow","max-snippet":"max-snippet:-1","max-image-preview":"max-image-preview:large","max-video-preview":"max-video-preview:-1"},"og_locale":"de_DE","og_type":"article","og_title":"Foahr sicher heit! Traktoren sicher lenken dank SVS, \u00d6AMTC Fahrtechnik und STEYR\u00ae. - Landwirt.com News","og_description":"Nominiert von der DL63 Fahrsicherheitstrainings in den \u00d6AMTC Fahrtechnik Zentren im Jahr 2022","og_url":"https:\/\/www.landwirt.com\/news\/foahr-sicher-heit-traktoren-sicher-lenken-dank-svs-oeamtc-fahrtechnik-und-steyr\/","og_site_name":"Landwirt.com News","article_published_time":"2022-01-21T08:07:57+00:00","article_modified_time":"2023-02-20T11:31:29+00:00","og_image":[{"width":1772,"height":1181,"url":"https:\/\/www.landwirt.com\/news\/wp-content\/uploads\/2022\/01\/Fahrsicherheit-2022_Absolut-CVT.jpg","type":"image\/jpeg"}],"author":"Edith Winter","twitter_card":"summary_large_image","twitter_misc":{"Verfasst von":"Edith Winter","Gesch\u00e4tzte Lesezeit":"3 Minuten"},"schema":{"@context":"https:\/\/schema.org","@graph":[{"@type":"Article","@id":"https:\/\/www.landwirt.com\/news\/foahr-sicher-heit-traktoren-sicher-lenken-dank-svs-oeamtc-fahrtechnik-und-steyr\/#article","isPartOf":{"@id":"https:\/\/www.landwirt.com\/news\/foahr-sicher-heit-traktoren-sicher-lenken-dank-svs-oeamtc-fahrtechnik-und-steyr\/"},"author":{"name":"Edith Winter","@id":"https:\/\/www.landwirt.com\/news\/#\/schema\/person\/58b1026d44b61c2d0c39d2d1220d43e9"},"headline":"Foahr sicher heit! Traktoren sicher lenken dank SVS, \u00d6AMTC Fahrtechnik und STEYR\u00ae.","datePublished":"2022-01-21T08:07:57+00:00","dateModified":"2023-02-20T11:31:29+00:00","mainEntityOfPage":{"@id":"https:\/\/www.landwirt.com\/news\/foahr-sicher-heit-traktoren-sicher-lenken-dank-svs-oeamtc-fahrtechnik-und-steyr\/"},"wordCount":442,"publisher":{"@id":"https:\/\/www.landwirt.com\/news\/#organization"},"image":{"@id":"https:\/\/www.landwirt.com\/news\/foahr-sicher-heit-traktoren-sicher-lenken-dank-svs-oeamtc-fahrtechnik-und-steyr\/#primaryimage"},"thumbnailUrl":"https:\/\/www.landwirt.com\/news\/wp-content\/uploads\/2022\/01\/Fahrsicherheit-2022_Absolut-CVT.jpg","keywords":["CNH","\u00d6AMTC","Steyr","Steyrtraktoren","Traktor","Traktor Fahrsicherheitstraining","Traktoren"],"articleSection":["Landwirt","Werbung"],"inLanguage":"de-AT"},{"@type":"WebPage","@id":"https:\/\/www.landwirt.com\/news\/foahr-sicher-heit-traktoren-sicher-lenken-dank-svs-oeamtc-fahrtechnik-und-steyr\/","url":"https:\/\/www.landwirt.com\/news\/foahr-sicher-heit-traktoren-sicher-lenken-dank-svs-oeamtc-fahrtechnik-und-steyr\/","name":"Foahr sicher heit! Traktoren sicher lenken dank SVS, \u00d6AMTC Fahrtechnik und STEYR\u00ae. - Landwirt.com News","isPartOf":{"@id":"https:\/\/www.landwirt.com\/news\/#website"},"primaryImageOfPage":{"@id":"https:\/\/www.landwirt.com\/news\/foahr-sicher-heit-traktoren-sicher-lenken-dank-svs-oeamtc-fahrtechnik-und-steyr\/#primaryimage"},"image":{"@id":"https:\/\/www.landwirt.com\/news\/foahr-sicher-heit-traktoren-sicher-lenken-dank-svs-oeamtc-fahrtechnik-und-steyr\/#primaryimage"},"thumbnailUrl":"https:\/\/www.landwirt.com\/news\/wp-content\/uploads\/2022\/01\/Fahrsicherheit-2022_Absolut-CVT.jpg","datePublished":"2022-01-21T08:07:57+00:00","dateModified":"2023-02-20T11:31:29+00:00","breadcrumb":{"@id":"https:\/\/www.landwirt.com\/news\/foahr-sicher-heit-traktoren-sicher-lenken-dank-svs-oeamtc-fahrtechnik-und-steyr\/#breadcrumb"},"inLanguage":"de-AT","potentialAction":[{"@type":"ReadAction","target":["https:\/\/www.landwirt.com\/news\/foahr-sicher-heit-traktoren-sicher-lenken-dank-svs-oeamtc-fahrtechnik-und-steyr\/"]}]},{"@type":"ImageObject","inLanguage":"de-AT","@id":"https:\/\/www.landwirt.com\/news\/foahr-sicher-heit-traktoren-sicher-lenken-dank-svs-oeamtc-fahrtechnik-und-steyr\/#primaryimage","url":"https:\/\/www.landwirt.com\/news\/wp-content\/uploads\/2022\/01\/Fahrsicherheit-2022_Absolut-CVT.jpg","contentUrl":"https:\/\/www.landwirt.com\/news\/wp-content\/uploads\/2022\/01\/Fahrsicherheit-2022_Absolut-CVT.jpg","width":1772,"height":1181},{"@type":"BreadcrumbList","@id":"https:\/\/www.landwirt.com\/news\/foahr-sicher-heit-traktoren-sicher-lenken-dank-svs-oeamtc-fahrtechnik-und-steyr\/#breadcrumb","itemListElement":[{"@type":"ListItem","position":1,"name":"Home","item":"https:\/\/www.landwirt.com\/news\/home\/"},{"@type":"ListItem","position":2,"name":"Foahr sicher heit! Traktoren sicher lenken dank SVS, \u00d6AMTC Fahrtechnik und STEYR\u00ae."}]},{"@type":"WebSite","@id":"https:\/\/www.landwirt.com\/news\/#website","url":"https:\/\/www.landwirt.com\/news\/","name":"Landwirt.com News","description":"Landwirt.com News","publisher":{"@id":"https:\/\/www.landwirt.com\/news\/#organization"},"potentialAction":[{"@type":"SearchAction","target":{"@type":"EntryPoint","urlTemplate":"https:\/\/www.landwirt.com\/news\/?s={search_term_string}"},"query-input":{"@type":"PropertyValueSpecification","valueRequired":true,"valueName":"search_term_string"}}],"inLanguage":"de-AT"},{"@type":"Organization","@id":"https:\/\/www.landwirt.com\/news\/#organization","name":"LANDWIRT.COM GMBH","url":"https:\/\/www.landwirt.com\/news\/","logo":{"@type":"ImageObject","inLanguage":"de-AT","@id":"https:\/\/www.landwirt.com\/news\/#\/schema\/logo\/image\/","url":"https:\/\/www.landwirt.com\/news\/wp-content\/uploads\/2020\/02\/LW-logo.png","contentUrl":"https:\/\/www.landwirt.com\/news\/wp-content\/uploads\/2020\/02\/LW-logo.png","width":250,"height":58,"caption":"LANDWIRT.COM GMBH"},"image":{"@id":"https:\/\/www.landwirt.com\/news\/#\/schema\/logo\/image\/"}},{"@type":"Person","@id":"https:\/\/www.landwirt.com\/news\/#\/schema\/person\/58b1026d44b61c2d0c39d2d1220d43e9","name":"Edith Winter","image":{"@type":"ImageObject","inLanguage":"de-AT","@id":"https:\/\/secure.gravatar.com\/avatar\/a8a5aac669c36d589ec506dc09b6dcb6e1c7c0b8731e97f1f2dcea5e26e28095?s=96&d=mm&r=g","url":"https:\/\/secure.gravatar.com\/avatar\/a8a5aac669c36d589ec506dc09b6dcb6e1c7c0b8731e97f1f2dcea5e26e28095?s=96&d=mm&r=g","contentUrl":"https:\/\/secure.gravatar.com\/avatar\/a8a5aac669c36d589ec506dc09b6dcb6e1c7c0b8731e97f1f2dcea5e26e28095?s=96&d=mm&r=g","caption":"Edith Winter"},"url":"https:\/\/www.landwirt.com\/news\/author\/edith\/"}]}},"_links":{"self":[{"href":"https:\/\/www.landwirt.com\/news\/wp-json\/wp\/v2\/posts\/8054","targetHints":{"allow":["GET"]}}],"collection":[{"href":"https:\/\/www.landwirt.com\/news\/wp-json\/wp\/v2\/posts"}],"about":[{"href":"https:\/\/www.landwirt.com\/news\/wp-json\/wp\/v2\/types\/post"}],"author":[{"embeddable":true,"href":"https:\/\/www.landwirt.com\/news\/wp-json\/wp\/v2\/users\/15"}],"replies":[{"embeddable":true,"href":"https:\/\/www.landwirt.com\/news\/wp-json\/wp\/v2\/comments?post=8054"}],"version-history":[{"count":8,"href":"https:\/\/www.landwirt.com\/news\/wp-json\/wp\/v2\/posts\/8054\/revisions"}],"predecessor-version":[{"id":9277,"href":"https:\/\/www.landwirt.com\/news\/wp-json\/wp\/v2\/posts\/8054\/revisions\/9277"}],"wp:featuredmedia":[{"embeddable":true,"href":"https:\/\/www.landwirt.com\/news\/wp-json\/wp\/v2\/media\/8056"}],"wp:attachment":[{"href":"https:\/\/www.landwirt.com\/news\/wp-json\/wp\/v2\/media?parent=8054"}],"wp:term":[{"taxonomy":"category","embeddable":true,"href":"https:\/\/www.landwirt.com\/news\/wp-json\/wp\/v2\/categories?post=8054"},{"taxonomy":"post_tag","embeddable":true,"href":"https:\/\/www.landwirt.com\/news\/wp-json\/wp\/v2\/tags?post=8054"}],"curies":[{"name":"wp","href":"https:\/\/api.w.org\/{rel}","templated":true}]}}