{"id":8004,"date":"2022-01-18T11:30:00","date_gmt":"2022-01-18T10:30:00","guid":{"rendered":"https:\/\/www.landwirt.com\/news\/?p=8004"},"modified":"2022-05-09T10:00:06","modified_gmt":"2022-05-09T08:00:06","slug":"steyr-konzept-mit-hybridantrieb-fuer-auszeichnung-nominiert","status":"publish","type":"post","link":"https:\/\/www.landwirt.com\/news\/steyr-konzept-mit-hybridantrieb-fuer-auszeichnung-nominiert\/","title":{"rendered":"STEYR\u00ae Konzept mit Hybridantrieb f\u00fcr Auszeichnung Nominiert"},"content":{"rendered":"\n<hr class=\"wp-block-separator\"\/>\n\n\n\n<p style=\"font-size:1.1em\"><strong>Nominiert von der DLG als Agrifuture Concept Winner \/ Studie ist eine Weiterentwicklung des erstmals auf der Agritechnica 2019 vorgestellten Konzepttraktors \/ Wichtige Merkmale flie\u00dfen optional in k\u00fcnftige Serientraktoren ein<\/strong><\/p>\n\n\n\n<div class=\"wp-block-columns is-layout-flex wp-container-core-columns-is-layout-9d6595d7 wp-block-columns-is-layout-flex\">\n<div class=\"wp-block-column is-layout-flow wp-block-column-is-layout-flow\">\n<p>STEYR\u00ae wird in K\u00fcrze den n\u00e4chsten Schritt in der Weiterentwicklung seines Konzepttraktors vorstellen \u2013 den von der DLG als Agrifuture Concept Winner nominierten Konzepttraktor mit Hybridantrieb. In einer zweiten Runde k\u00fcrt eine von der DLG mit unabh\u00e4ngigen internationalen Experten besetzte Jury f\u00fcnf der nominierten Konzepte zum Sieger. Die Preisverleihung findet im Rahmen einer digitalen Zeremonie am 15. Februar 2022 statt.<\/p>\n\n\n\n<p>Die neue Auszeichnung Agrifuture Concept, vergeben vom Organisator der Agritechnica, konzentriert sich auf Maschinen, die erhebliche technische Fortschritte im kommenden Jahrzehnt versprechen und zudem eine realistische Umsetzungschance haben. Der STEYR Konzept mit Hybridantrieb wird als reine Konzeptstudie nicht in die Serienproduktion gehen, umfasst aber Entwicklungen, die \u00fcber den urspr\u00fcnglichen Konzepttraktor hinausgehen und wohl auch in k\u00fcnftige Serientraktoren einflie\u00dfen.<\/p>\n<\/div>\n\n\n\n<div class=\"wp-block-column is-layout-flow wp-block-column-is-layout-flow\">\n<figure class=\"wp-block-image size-large\"><img loading=\"lazy\" decoding=\"async\" width=\"1030\" height=\"687\" src=\"https:\/\/www.landwirt.com\/news\/wp-content\/uploads\/2022\/01\/STEYR_New-KONZEPT-2-1030x687.jpg\" alt=\"\" class=\"wp-image-8005\" srcset=\"https:\/\/www.landwirt.com\/news\/wp-content\/uploads\/2022\/01\/STEYR_New-KONZEPT-2-1030x687.jpg 1030w, https:\/\/www.landwirt.com\/news\/wp-content\/uploads\/2022\/01\/STEYR_New-KONZEPT-2-300x200.jpg 300w, https:\/\/www.landwirt.com\/news\/wp-content\/uploads\/2022\/01\/STEYR_New-KONZEPT-2-768x512.jpg 768w, https:\/\/www.landwirt.com\/news\/wp-content\/uploads\/2022\/01\/STEYR_New-KONZEPT-2-705x470.jpg 705w, https:\/\/www.landwirt.com\/news\/wp-content\/uploads\/2022\/01\/STEYR_New-KONZEPT-2.jpg 1200w\" sizes=\"auto, (max-width: 1030px) 100vw, 1030px\" \/><\/figure>\n<\/div>\n<\/div>\n\n\n\n<p>\u201eWir freuen uns sehr, dass der STEYR Konzept mit Hybridantrieb f\u00fcr diese neue Auszeichnung nominiert wurde\u201c, sagt Peter Friis, Head of STEYR Europe Commercial Operations.<\/p>\n\n\n\n<p>\u201eDas Konzept wird zwar nicht in Serie gehen, aber die Studie f\u00fchrt eine Reihe technischer Entwicklungen zusammen, die eventuell in k\u00fcnftige STEYR Traktoren einflie\u00dfen, und unterstreicht unser Bem\u00fchen, mithilfe neuester Technologien noch produktivere Traktoren f\u00fcr unsere Kunden zu entwickeln.\u201c<\/p>\n\n\n\n<p>Weitere Informationen zu den STEYR Traktoren im Internet unter <a href=\"https:\/\/eur03.safelinks.protection.outlook.com\/?url=http%3A%2F%2Fwww.steyr-traktoren.com%2F&amp;data=04%7C01%7Cedith.winter%40landwirt.com%7C765b4322b9be4573624408d9d9bc36ff%7Ceddddc6a0cb1485f909a9ce8fca18a8c%7C0%7C0%7C637780224680001581%7CUnknown%7CTWFpbGZsb3d8eyJWIjoiMC4wLjAwMDAiLCJQIjoiV2luMzIiLCJBTiI6Ik1haWwiLCJXVCI6Mn0%3D%7C3000&amp;sdata=pmmbz21DsPmL5NLzC7aohChG99FuZDlpyhHB9SHVuIQ%3D&amp;reserved=0\">www.steyr-traktoren.com<\/a><\/p>\n\n\n\n<p><\/p>\n","protected":false},"excerpt":{"rendered":"<p>STEYR\u00ae wird in K\u00fcrze den n\u00e4chsten Schritt in der Weiterentwicklung seines Konzepttraktors vorstellen.<\/p>\n","protected":false},"author":15,"featured_media":8005,"comment_status":"closed","ping_status":"closed","sticky":false,"template":"","format":"standard","meta":{"footnotes":""},"categories":[15,1],"tags":[124,88,89,60,367,62,183],"class_list":["post-8004","post","type-post","status-publish","format-standard","has-post-thumbnail","hentry","category-landwirt","category-werbung","tag-cnh","tag-hybrid","tag-hybridmaschine","tag-steyr","tag-steyrtraktoren","tag-traktor","tag-traktoren"],"yoast_head":"<!-- This site is optimized with the Yoast SEO plugin v27.4 - https:\/\/yoast.com\/product\/yoast-seo-wordpress\/ -->\n<title>STEYR\u00ae Konzept mit Hybridantrieb f\u00fcr Auszeichnung Nominiert - Landwirt.com News<\/title>\n<meta name=\"robots\" content=\"index, follow, max-snippet:-1, max-image-preview:large, max-video-preview:-1\" \/>\n<meta property=\"og:locale\" content=\"de_DE\" \/>\n<meta property=\"og:type\" content=\"article\" \/>\n<meta property=\"og:title\" content=\"STEYR\u00ae Konzept mit Hybridantrieb f\u00fcr Auszeichnung Nominiert - Landwirt.com News\" \/>\n<meta property=\"og:description\" content=\"STEYR\u00ae wird in K\u00fcrze den n\u00e4chsten Schritt in der Weiterentwicklung seines Konzepttraktors vorstellen.\" \/>\n<meta property=\"og:url\" content=\"https:\/\/www.landwirt.com\/news\/steyr-konzept-mit-hybridantrieb-fuer-auszeichnung-nominiert\/\" \/>\n<meta property=\"og:site_name\" content=\"Landwirt.com News\" \/>\n<meta property=\"article:published_time\" content=\"2022-01-18T10:30:00+00:00\" \/>\n<meta property=\"article:modified_time\" content=\"2022-05-09T08:00:06+00:00\" \/>\n<meta property=\"og:image\" content=\"https:\/\/www.landwirt.com\/news\/wp-content\/uploads\/2022\/01\/STEYR_New-KONZEPT-2.jpg\" \/>\n\t<meta property=\"og:image:width\" content=\"1200\" \/>\n\t<meta property=\"og:image:height\" content=\"800\" \/>\n\t<meta property=\"og:image:type\" content=\"image\/jpeg\" \/>\n<meta name=\"author\" content=\"Edith Winter\" \/>\n<meta name=\"twitter:card\" content=\"summary_large_image\" \/>\n<meta name=\"twitter:label1\" content=\"Verfasst von\" \/>\n\t<meta name=\"twitter:data1\" content=\"Edith Winter\" \/>\n\t<meta name=\"twitter:label2\" content=\"Gesch\u00e4tzte Lesezeit\" \/>\n\t<meta name=\"twitter:data2\" content=\"2 Minuten\" \/>\n<script type=\"application\/ld+json\" class=\"yoast-schema-graph\">{\"@context\":\"https:\\\/\\\/schema.org\",\"@graph\":[{\"@type\":\"Article\",\"@id\":\"https:\\\/\\\/www.landwirt.com\\\/news\\\/steyr-konzept-mit-hybridantrieb-fuer-auszeichnung-nominiert\\\/#article\",\"isPartOf\":{\"@id\":\"https:\\\/\\\/www.landwirt.com\\\/news\\\/steyr-konzept-mit-hybridantrieb-fuer-auszeichnung-nominiert\\\/\"},\"author\":{\"name\":\"Edith Winter\",\"@id\":\"https:\\\/\\\/www.landwirt.com\\\/news\\\/#\\\/schema\\\/person\\\/58b1026d44b61c2d0c39d2d1220d43e9\"},\"headline\":\"STEYR\u00ae Konzept mit Hybridantrieb f\u00fcr Auszeichnung Nominiert\",\"datePublished\":\"2022-01-18T10:30:00+00:00\",\"dateModified\":\"2022-05-09T08:00:06+00:00\",\"mainEntityOfPage\":{\"@id\":\"https:\\\/\\\/www.landwirt.com\\\/news\\\/steyr-konzept-mit-hybridantrieb-fuer-auszeichnung-nominiert\\\/\"},\"wordCount\":242,\"publisher\":{\"@id\":\"https:\\\/\\\/www.landwirt.com\\\/news\\\/#organization\"},\"image\":{\"@id\":\"https:\\\/\\\/www.landwirt.com\\\/news\\\/steyr-konzept-mit-hybridantrieb-fuer-auszeichnung-nominiert\\\/#primaryimage\"},\"thumbnailUrl\":\"https:\\\/\\\/www.landwirt.com\\\/news\\\/wp-content\\\/uploads\\\/2022\\\/01\\\/STEYR_New-KONZEPT-2.jpg\",\"keywords\":[\"CNH\",\"Hybrid\",\"Hybridmaschine\",\"Steyr\",\"Steyrtraktoren\",\"Traktor\",\"Traktoren\"],\"articleSection\":[\"Landwirt\",\"Werbung\"],\"inLanguage\":\"de-AT\"},{\"@type\":\"WebPage\",\"@id\":\"https:\\\/\\\/www.landwirt.com\\\/news\\\/steyr-konzept-mit-hybridantrieb-fuer-auszeichnung-nominiert\\\/\",\"url\":\"https:\\\/\\\/www.landwirt.com\\\/news\\\/steyr-konzept-mit-hybridantrieb-fuer-auszeichnung-nominiert\\\/\",\"name\":\"STEYR\u00ae Konzept mit Hybridantrieb f\u00fcr Auszeichnung Nominiert - Landwirt.com News\",\"isPartOf\":{\"@id\":\"https:\\\/\\\/www.landwirt.com\\\/news\\\/#website\"},\"primaryImageOfPage\":{\"@id\":\"https:\\\/\\\/www.landwirt.com\\\/news\\\/steyr-konzept-mit-hybridantrieb-fuer-auszeichnung-nominiert\\\/#primaryimage\"},\"image\":{\"@id\":\"https:\\\/\\\/www.landwirt.com\\\/news\\\/steyr-konzept-mit-hybridantrieb-fuer-auszeichnung-nominiert\\\/#primaryimage\"},\"thumbnailUrl\":\"https:\\\/\\\/www.landwirt.com\\\/news\\\/wp-content\\\/uploads\\\/2022\\\/01\\\/STEYR_New-KONZEPT-2.jpg\",\"datePublished\":\"2022-01-18T10:30:00+00:00\",\"dateModified\":\"2022-05-09T08:00:06+00:00\",\"breadcrumb\":{\"@id\":\"https:\\\/\\\/www.landwirt.com\\\/news\\\/steyr-konzept-mit-hybridantrieb-fuer-auszeichnung-nominiert\\\/#breadcrumb\"},\"inLanguage\":\"de-AT\",\"potentialAction\":[{\"@type\":\"ReadAction\",\"target\":[\"https:\\\/\\\/www.landwirt.com\\\/news\\\/steyr-konzept-mit-hybridantrieb-fuer-auszeichnung-nominiert\\\/\"]}]},{\"@type\":\"ImageObject\",\"inLanguage\":\"de-AT\",\"@id\":\"https:\\\/\\\/www.landwirt.com\\\/news\\\/steyr-konzept-mit-hybridantrieb-fuer-auszeichnung-nominiert\\\/#primaryimage\",\"url\":\"https:\\\/\\\/www.landwirt.com\\\/news\\\/wp-content\\\/uploads\\\/2022\\\/01\\\/STEYR_New-KONZEPT-2.jpg\",\"contentUrl\":\"https:\\\/\\\/www.landwirt.com\\\/news\\\/wp-content\\\/uploads\\\/2022\\\/01\\\/STEYR_New-KONZEPT-2.jpg\",\"width\":1200,\"height\":800},{\"@type\":\"BreadcrumbList\",\"@id\":\"https:\\\/\\\/www.landwirt.com\\\/news\\\/steyr-konzept-mit-hybridantrieb-fuer-auszeichnung-nominiert\\\/#breadcrumb\",\"itemListElement\":[{\"@type\":\"ListItem\",\"position\":1,\"name\":\"Home\",\"item\":\"https:\\\/\\\/www.landwirt.com\\\/news\\\/home\\\/\"},{\"@type\":\"ListItem\",\"position\":2,\"name\":\"STEYR\u00ae Konzept mit Hybridantrieb f\u00fcr Auszeichnung Nominiert\"}]},{\"@type\":\"WebSite\",\"@id\":\"https:\\\/\\\/www.landwirt.com\\\/news\\\/#website\",\"url\":\"https:\\\/\\\/www.landwirt.com\\\/news\\\/\",\"name\":\"Landwirt.com News\",\"description\":\"Landwirt.com News\",\"publisher\":{\"@id\":\"https:\\\/\\\/www.landwirt.com\\\/news\\\/#organization\"},\"potentialAction\":[{\"@type\":\"SearchAction\",\"target\":{\"@type\":\"EntryPoint\",\"urlTemplate\":\"https:\\\/\\\/www.landwirt.com\\\/news\\\/?s={search_term_string}\"},\"query-input\":{\"@type\":\"PropertyValueSpecification\",\"valueRequired\":true,\"valueName\":\"search_term_string\"}}],\"inLanguage\":\"de-AT\"},{\"@type\":\"Organization\",\"@id\":\"https:\\\/\\\/www.landwirt.com\\\/news\\\/#organization\",\"name\":\"LANDWIRT.COM GMBH\",\"url\":\"https:\\\/\\\/www.landwirt.com\\\/news\\\/\",\"logo\":{\"@type\":\"ImageObject\",\"inLanguage\":\"de-AT\",\"@id\":\"https:\\\/\\\/www.landwirt.com\\\/news\\\/#\\\/schema\\\/logo\\\/image\\\/\",\"url\":\"https:\\\/\\\/www.landwirt.com\\\/news\\\/wp-content\\\/uploads\\\/2020\\\/02\\\/LW-logo.png\",\"contentUrl\":\"https:\\\/\\\/www.landwirt.com\\\/news\\\/wp-content\\\/uploads\\\/2020\\\/02\\\/LW-logo.png\",\"width\":250,\"height\":58,\"caption\":\"LANDWIRT.COM GMBH\"},\"image\":{\"@id\":\"https:\\\/\\\/www.landwirt.com\\\/news\\\/#\\\/schema\\\/logo\\\/image\\\/\"}},{\"@type\":\"Person\",\"@id\":\"https:\\\/\\\/www.landwirt.com\\\/news\\\/#\\\/schema\\\/person\\\/58b1026d44b61c2d0c39d2d1220d43e9\",\"name\":\"Edith Winter\",\"image\":{\"@type\":\"ImageObject\",\"inLanguage\":\"de-AT\",\"@id\":\"https:\\\/\\\/secure.gravatar.com\\\/avatar\\\/a8a5aac669c36d589ec506dc09b6dcb6e1c7c0b8731e97f1f2dcea5e26e28095?s=96&d=mm&r=g\",\"url\":\"https:\\\/\\\/secure.gravatar.com\\\/avatar\\\/a8a5aac669c36d589ec506dc09b6dcb6e1c7c0b8731e97f1f2dcea5e26e28095?s=96&d=mm&r=g\",\"contentUrl\":\"https:\\\/\\\/secure.gravatar.com\\\/avatar\\\/a8a5aac669c36d589ec506dc09b6dcb6e1c7c0b8731e97f1f2dcea5e26e28095?s=96&d=mm&r=g\",\"caption\":\"Edith Winter\"},\"url\":\"https:\\\/\\\/www.landwirt.com\\\/news\\\/author\\\/edith\\\/\"}]}<\/script>\n<!-- \/ Yoast SEO plugin. -->","yoast_head_json":{"title":"STEYR\u00ae Konzept mit Hybridantrieb f\u00fcr Auszeichnung Nominiert - Landwirt.com News","robots":{"index":"index","follow":"follow","max-snippet":"max-snippet:-1","max-image-preview":"max-image-preview:large","max-video-preview":"max-video-preview:-1"},"og_locale":"de_DE","og_type":"article","og_title":"STEYR\u00ae Konzept mit Hybridantrieb f\u00fcr Auszeichnung Nominiert - Landwirt.com News","og_description":"STEYR\u00ae wird in K\u00fcrze den n\u00e4chsten Schritt in der Weiterentwicklung seines Konzepttraktors vorstellen.","og_url":"https:\/\/www.landwirt.com\/news\/steyr-konzept-mit-hybridantrieb-fuer-auszeichnung-nominiert\/","og_site_name":"Landwirt.com News","article_published_time":"2022-01-18T10:30:00+00:00","article_modified_time":"2022-05-09T08:00:06+00:00","og_image":[{"width":1200,"height":800,"url":"https:\/\/www.landwirt.com\/news\/wp-content\/uploads\/2022\/01\/STEYR_New-KONZEPT-2.jpg","type":"image\/jpeg"}],"author":"Edith Winter","twitter_card":"summary_large_image","twitter_misc":{"Verfasst von":"Edith Winter","Gesch\u00e4tzte Lesezeit":"2 Minuten"},"schema":{"@context":"https:\/\/schema.org","@graph":[{"@type":"Article","@id":"https:\/\/www.landwirt.com\/news\/steyr-konzept-mit-hybridantrieb-fuer-auszeichnung-nominiert\/#article","isPartOf":{"@id":"https:\/\/www.landwirt.com\/news\/steyr-konzept-mit-hybridantrieb-fuer-auszeichnung-nominiert\/"},"author":{"name":"Edith Winter","@id":"https:\/\/www.landwirt.com\/news\/#\/schema\/person\/58b1026d44b61c2d0c39d2d1220d43e9"},"headline":"STEYR\u00ae Konzept mit Hybridantrieb f\u00fcr Auszeichnung Nominiert","datePublished":"2022-01-18T10:30:00+00:00","dateModified":"2022-05-09T08:00:06+00:00","mainEntityOfPage":{"@id":"https:\/\/www.landwirt.com\/news\/steyr-konzept-mit-hybridantrieb-fuer-auszeichnung-nominiert\/"},"wordCount":242,"publisher":{"@id":"https:\/\/www.landwirt.com\/news\/#organization"},"image":{"@id":"https:\/\/www.landwirt.com\/news\/steyr-konzept-mit-hybridantrieb-fuer-auszeichnung-nominiert\/#primaryimage"},"thumbnailUrl":"https:\/\/www.landwirt.com\/news\/wp-content\/uploads\/2022\/01\/STEYR_New-KONZEPT-2.jpg","keywords":["CNH","Hybrid","Hybridmaschine","Steyr","Steyrtraktoren","Traktor","Traktoren"],"articleSection":["Landwirt","Werbung"],"inLanguage":"de-AT"},{"@type":"WebPage","@id":"https:\/\/www.landwirt.com\/news\/steyr-konzept-mit-hybridantrieb-fuer-auszeichnung-nominiert\/","url":"https:\/\/www.landwirt.com\/news\/steyr-konzept-mit-hybridantrieb-fuer-auszeichnung-nominiert\/","name":"STEYR\u00ae Konzept mit Hybridantrieb f\u00fcr Auszeichnung Nominiert - Landwirt.com News","isPartOf":{"@id":"https:\/\/www.landwirt.com\/news\/#website"},"primaryImageOfPage":{"@id":"https:\/\/www.landwirt.com\/news\/steyr-konzept-mit-hybridantrieb-fuer-auszeichnung-nominiert\/#primaryimage"},"image":{"@id":"https:\/\/www.landwirt.com\/news\/steyr-konzept-mit-hybridantrieb-fuer-auszeichnung-nominiert\/#primaryimage"},"thumbnailUrl":"https:\/\/www.landwirt.com\/news\/wp-content\/uploads\/2022\/01\/STEYR_New-KONZEPT-2.jpg","datePublished":"2022-01-18T10:30:00+00:00","dateModified":"2022-05-09T08:00:06+00:00","breadcrumb":{"@id":"https:\/\/www.landwirt.com\/news\/steyr-konzept-mit-hybridantrieb-fuer-auszeichnung-nominiert\/#breadcrumb"},"inLanguage":"de-AT","potentialAction":[{"@type":"ReadAction","target":["https:\/\/www.landwirt.com\/news\/steyr-konzept-mit-hybridantrieb-fuer-auszeichnung-nominiert\/"]}]},{"@type":"ImageObject","inLanguage":"de-AT","@id":"https:\/\/www.landwirt.com\/news\/steyr-konzept-mit-hybridantrieb-fuer-auszeichnung-nominiert\/#primaryimage","url":"https:\/\/www.landwirt.com\/news\/wp-content\/uploads\/2022\/01\/STEYR_New-KONZEPT-2.jpg","contentUrl":"https:\/\/www.landwirt.com\/news\/wp-content\/uploads\/2022\/01\/STEYR_New-KONZEPT-2.jpg","width":1200,"height":800},{"@type":"BreadcrumbList","@id":"https:\/\/www.landwirt.com\/news\/steyr-konzept-mit-hybridantrieb-fuer-auszeichnung-nominiert\/#breadcrumb","itemListElement":[{"@type":"ListItem","position":1,"name":"Home","item":"https:\/\/www.landwirt.com\/news\/home\/"},{"@type":"ListItem","position":2,"name":"STEYR\u00ae Konzept mit Hybridantrieb f\u00fcr Auszeichnung Nominiert"}]},{"@type":"WebSite","@id":"https:\/\/www.landwirt.com\/news\/#website","url":"https:\/\/www.landwirt.com\/news\/","name":"Landwirt.com News","description":"Landwirt.com News","publisher":{"@id":"https:\/\/www.landwirt.com\/news\/#organization"},"potentialAction":[{"@type":"SearchAction","target":{"@type":"EntryPoint","urlTemplate":"https:\/\/www.landwirt.com\/news\/?s={search_term_string}"},"query-input":{"@type":"PropertyValueSpecification","valueRequired":true,"valueName":"search_term_string"}}],"inLanguage":"de-AT"},{"@type":"Organization","@id":"https:\/\/www.landwirt.com\/news\/#organization","name":"LANDWIRT.COM GMBH","url":"https:\/\/www.landwirt.com\/news\/","logo":{"@type":"ImageObject","inLanguage":"de-AT","@id":"https:\/\/www.landwirt.com\/news\/#\/schema\/logo\/image\/","url":"https:\/\/www.landwirt.com\/news\/wp-content\/uploads\/2020\/02\/LW-logo.png","contentUrl":"https:\/\/www.landwirt.com\/news\/wp-content\/uploads\/2020\/02\/LW-logo.png","width":250,"height":58,"caption":"LANDWIRT.COM GMBH"},"image":{"@id":"https:\/\/www.landwirt.com\/news\/#\/schema\/logo\/image\/"}},{"@type":"Person","@id":"https:\/\/www.landwirt.com\/news\/#\/schema\/person\/58b1026d44b61c2d0c39d2d1220d43e9","name":"Edith Winter","image":{"@type":"ImageObject","inLanguage":"de-AT","@id":"https:\/\/secure.gravatar.com\/avatar\/a8a5aac669c36d589ec506dc09b6dcb6e1c7c0b8731e97f1f2dcea5e26e28095?s=96&d=mm&r=g","url":"https:\/\/secure.gravatar.com\/avatar\/a8a5aac669c36d589ec506dc09b6dcb6e1c7c0b8731e97f1f2dcea5e26e28095?s=96&d=mm&r=g","contentUrl":"https:\/\/secure.gravatar.com\/avatar\/a8a5aac669c36d589ec506dc09b6dcb6e1c7c0b8731e97f1f2dcea5e26e28095?s=96&d=mm&r=g","caption":"Edith Winter"},"url":"https:\/\/www.landwirt.com\/news\/author\/edith\/"}]}},"_links":{"self":[{"href":"https:\/\/www.landwirt.com\/news\/wp-json\/wp\/v2\/posts\/8004","targetHints":{"allow":["GET"]}}],"collection":[{"href":"https:\/\/www.landwirt.com\/news\/wp-json\/wp\/v2\/posts"}],"about":[{"href":"https:\/\/www.landwirt.com\/news\/wp-json\/wp\/v2\/types\/post"}],"author":[{"embeddable":true,"href":"https:\/\/www.landwirt.com\/news\/wp-json\/wp\/v2\/users\/15"}],"replies":[{"embeddable":true,"href":"https:\/\/www.landwirt.com\/news\/wp-json\/wp\/v2\/comments?post=8004"}],"version-history":[{"count":6,"href":"https:\/\/www.landwirt.com\/news\/wp-json\/wp\/v2\/posts\/8004\/revisions"}],"predecessor-version":[{"id":9278,"href":"https:\/\/www.landwirt.com\/news\/wp-json\/wp\/v2\/posts\/8004\/revisions\/9278"}],"wp:featuredmedia":[{"embeddable":true,"href":"https:\/\/www.landwirt.com\/news\/wp-json\/wp\/v2\/media\/8005"}],"wp:attachment":[{"href":"https:\/\/www.landwirt.com\/news\/wp-json\/wp\/v2\/media?parent=8004"}],"wp:term":[{"taxonomy":"category","embeddable":true,"href":"https:\/\/www.landwirt.com\/news\/wp-json\/wp\/v2\/categories?post=8004"},{"taxonomy":"post_tag","embeddable":true,"href":"https:\/\/www.landwirt.com\/news\/wp-json\/wp\/v2\/tags?post=8004"}],"curies":[{"name":"wp","href":"https:\/\/api.w.org\/{rel}","templated":true}]}}