{"id":6879,"date":"2021-08-03T16:09:27","date_gmt":"2021-08-03T14:09:27","guid":{"rendered":"https:\/\/www.landwirt.com\/news\/?p=6879"},"modified":"2021-08-12T12:15:59","modified_gmt":"2021-08-12T10:15:59","slug":"braeuer-stalltechnik-wo-sich-der-stall-an-die-kuh-anpasst","status":"publish","type":"post","link":"https:\/\/www.landwirt.com\/news\/braeuer-stalltechnik-wo-sich-der-stall-an-die-kuh-anpasst\/","title":{"rendered":"Br\u00e4uer Stalltechnik: Wo sich der Stall an die Kuh anpasst"},"content":{"rendered":"\n<hr class=\"wp-block-separator\"\/>\n\n\n\n<div class=\"wp-block-image\"><figure class=\"aligncenter size-large is-resized\"><img loading=\"lazy\" decoding=\"async\" src=\"https:\/\/www.landwirt.com\/news\/wp-content\/uploads\/2021\/08\/123-1-1030x477.jpg\" alt=\"\" class=\"wp-image-6886\" width=\"736\" height=\"348\"\/><\/figure><\/div>\n\n\n\n<p><\/p>\n\n\n\n<p>Als erfolgreicher Rinderhalter wissen Sie, da\u00df f\u00fcr einen dauerhaft hohen Stalldurchschnitt mehr n\u00f6tig ist als eine ausgeglichene Rationsgestaltung. Unter der Vielzahl der Faktoren, die die Milchleistung einer Kuh beeinflussen, ist einer ganz besonders hervorzuheben: Das, was treffend Kuh-Komfort genannt wird . Dem Wort &#8222;Komfort&#8220; haftet immer etwas Luxuri\u00f6ses, etwas \u00dcberfl\u00fcssiges und unn\u00f6tig Teures an, da\u00df die Optimierung der Haltung im Sinne von Kuh-Komfort alles andere als Luxus ist versteht sich von selbst. Vielmehr stellen komfortable Bedingungen die Grundlage f\u00fcr eine hohe Produktivit\u00e4t Ihrer Milchviehherde dar.<\/p>\n\n\n\n<p><\/p>\n\n\n\n<p>\u00dcberzeugen sie sich selbst von unseren 46 j\u00e4hrigen Know-how mit unsere neue Liegebuchtengeneration Relax Swing Komfort+ f\u00fcr Tief und Hochbuchten und Komfort Sicherheitsselbstfanggitter, Niro-Gro\u00dfvolumstr\u00e4nkewannen, Agri-Ligt Lichtprogramm, Velos Rinderabruff\u00fctterung mit Aktivit\u00e4tserkennung f\u00fcr die Kuh und Entmistungsanlagen usw.<\/p>\n\n\n\n<p><\/p>\n\n\n\n<p><strong>Info unter 07252\/73853 oder <a href=\"http:\/\/www.braeuer.cc\/\" target=\"_blank\" rel=\"noreferrer noopener\">www.br\u00e4uer.cc<\/a><\/strong><\/p>\n\n\n\n<div style=\"height:20px\" aria-hidden=\"true\" class=\"wp-block-spacer\"><\/div>\n\n\n\n<p><strong>Presseaussendung:<\/strong> <a href=\"http:\/\/www.braeuer.cc\/de\/willkommen\/\" target=\"_blank\" rel=\"noreferrer noopener\">STALLTECHNIK ING. BR\u00c4UER GMBH<\/a><\/p>\n","protected":false},"excerpt":{"rendered":"<p>\u00dcberzeugen sie sich selbst von unseren 46 j\u00e4hrigen Know-how mit unsere neue Liegebuchtengeneration Relax Swing Komfort+ f\u00fcr Tief und Hochbuchten und Komfort Sicherheitsselbstfanggitter, Niro-Gro\u00dfvolumstr\u00e4nkewannen, uvm.<\/p>\n","protected":false},"author":12,"featured_media":6883,"comment_status":"closed","ping_status":"closed","sticky":false,"template":"","format":"standard","meta":{"footnotes":""},"categories":[15,1],"tags":[161,261,101,312],"class_list":["post-6879","post","type-post","status-publish","format-standard","has-post-thumbnail","hentry","category-landwirt","category-werbung","tag-landwirtschaft","tag-rinderhaltung","tag-stalltechnik","tag-tierwohl"],"yoast_head":"<!-- This site is optimized with the Yoast SEO plugin v27.4 - https:\/\/yoast.com\/product\/yoast-seo-wordpress\/ -->\n<title>Br\u00e4uer Stalltechnik: Wo sich der Stall an die Kuh anpasst - Landwirt.com News<\/title>\n<meta name=\"robots\" content=\"index, follow, max-snippet:-1, max-image-preview:large, max-video-preview:-1\" \/>\n<meta property=\"og:locale\" content=\"de_DE\" \/>\n<meta property=\"og:type\" content=\"article\" \/>\n<meta property=\"og:title\" content=\"Br\u00e4uer Stalltechnik: Wo sich der Stall an die Kuh anpasst - Landwirt.com News\" \/>\n<meta property=\"og:description\" content=\"\u00dcberzeugen sie sich selbst von unseren 46 j\u00e4hrigen Know-how mit unsere neue Liegebuchtengeneration Relax Swing Komfort+ f\u00fcr Tief und Hochbuchten und Komfort Sicherheitsselbstfanggitter, Niro-Gro\u00dfvolumstr\u00e4nkewannen, uvm.\" \/>\n<meta property=\"og:url\" content=\"https:\/\/www.landwirt.com\/news\/braeuer-stalltechnik-wo-sich-der-stall-an-die-kuh-anpasst\/\" \/>\n<meta property=\"og:site_name\" content=\"Landwirt.com News\" \/>\n<meta property=\"article:published_time\" content=\"2021-08-03T14:09:27+00:00\" \/>\n<meta property=\"article:modified_time\" content=\"2021-08-12T10:15:59+00:00\" \/>\n<meta property=\"og:image\" content=\"https:\/\/www.landwirt.com\/news\/wp-content\/uploads\/2021\/08\/123.jpg\" \/>\n\t<meta property=\"og:image:width\" content=\"495\" \/>\n\t<meta property=\"og:image:height\" content=\"400\" \/>\n\t<meta property=\"og:image:type\" content=\"image\/jpeg\" \/>\n<meta name=\"author\" content=\"Praktikantin\" \/>\n<meta name=\"twitter:card\" content=\"summary_large_image\" \/>\n<meta name=\"twitter:label1\" content=\"Verfasst von\" \/>\n\t<meta name=\"twitter:data1\" content=\"Praktikantin\" \/>\n\t<meta name=\"twitter:label2\" content=\"Gesch\u00e4tzte Lesezeit\" \/>\n\t<meta name=\"twitter:data2\" content=\"1 Minute\" \/>\n<script type=\"application\/ld+json\" class=\"yoast-schema-graph\">{\"@context\":\"https:\\\/\\\/schema.org\",\"@graph\":[{\"@type\":\"Article\",\"@id\":\"https:\\\/\\\/www.landwirt.com\\\/news\\\/braeuer-stalltechnik-wo-sich-der-stall-an-die-kuh-anpasst\\\/#article\",\"isPartOf\":{\"@id\":\"https:\\\/\\\/www.landwirt.com\\\/news\\\/braeuer-stalltechnik-wo-sich-der-stall-an-die-kuh-anpasst\\\/\"},\"author\":{\"name\":\"Praktikantin\",\"@id\":\"https:\\\/\\\/www.landwirt.com\\\/news\\\/#\\\/schema\\\/person\\\/17ef3e7fae9151b8a415e32147acf62a\"},\"headline\":\"Br\u00e4uer Stalltechnik: Wo sich der Stall an die Kuh anpasst\",\"datePublished\":\"2021-08-03T14:09:27+00:00\",\"dateModified\":\"2021-08-12T10:15:59+00:00\",\"mainEntityOfPage\":{\"@id\":\"https:\\\/\\\/www.landwirt.com\\\/news\\\/braeuer-stalltechnik-wo-sich-der-stall-an-die-kuh-anpasst\\\/\"},\"wordCount\":157,\"publisher\":{\"@id\":\"https:\\\/\\\/www.landwirt.com\\\/news\\\/#organization\"},\"image\":{\"@id\":\"https:\\\/\\\/www.landwirt.com\\\/news\\\/braeuer-stalltechnik-wo-sich-der-stall-an-die-kuh-anpasst\\\/#primaryimage\"},\"thumbnailUrl\":\"https:\\\/\\\/www.landwirt.com\\\/news\\\/wp-content\\\/uploads\\\/2021\\\/08\\\/123.jpg\",\"keywords\":[\"Landwirtschaft\",\"Rinderhaltung\",\"Stalltechnik\",\"Tierwohl\"],\"articleSection\":[\"Landwirt\",\"Werbung\"],\"inLanguage\":\"de-AT\"},{\"@type\":\"WebPage\",\"@id\":\"https:\\\/\\\/www.landwirt.com\\\/news\\\/braeuer-stalltechnik-wo-sich-der-stall-an-die-kuh-anpasst\\\/\",\"url\":\"https:\\\/\\\/www.landwirt.com\\\/news\\\/braeuer-stalltechnik-wo-sich-der-stall-an-die-kuh-anpasst\\\/\",\"name\":\"Br\u00e4uer Stalltechnik: Wo sich der Stall an die Kuh anpasst - Landwirt.com News\",\"isPartOf\":{\"@id\":\"https:\\\/\\\/www.landwirt.com\\\/news\\\/#website\"},\"primaryImageOfPage\":{\"@id\":\"https:\\\/\\\/www.landwirt.com\\\/news\\\/braeuer-stalltechnik-wo-sich-der-stall-an-die-kuh-anpasst\\\/#primaryimage\"},\"image\":{\"@id\":\"https:\\\/\\\/www.landwirt.com\\\/news\\\/braeuer-stalltechnik-wo-sich-der-stall-an-die-kuh-anpasst\\\/#primaryimage\"},\"thumbnailUrl\":\"https:\\\/\\\/www.landwirt.com\\\/news\\\/wp-content\\\/uploads\\\/2021\\\/08\\\/123.jpg\",\"datePublished\":\"2021-08-03T14:09:27+00:00\",\"dateModified\":\"2021-08-12T10:15:59+00:00\",\"breadcrumb\":{\"@id\":\"https:\\\/\\\/www.landwirt.com\\\/news\\\/braeuer-stalltechnik-wo-sich-der-stall-an-die-kuh-anpasst\\\/#breadcrumb\"},\"inLanguage\":\"de-AT\",\"potentialAction\":[{\"@type\":\"ReadAction\",\"target\":[\"https:\\\/\\\/www.landwirt.com\\\/news\\\/braeuer-stalltechnik-wo-sich-der-stall-an-die-kuh-anpasst\\\/\"]}]},{\"@type\":\"ImageObject\",\"inLanguage\":\"de-AT\",\"@id\":\"https:\\\/\\\/www.landwirt.com\\\/news\\\/braeuer-stalltechnik-wo-sich-der-stall-an-die-kuh-anpasst\\\/#primaryimage\",\"url\":\"https:\\\/\\\/www.landwirt.com\\\/news\\\/wp-content\\\/uploads\\\/2021\\\/08\\\/123.jpg\",\"contentUrl\":\"https:\\\/\\\/www.landwirt.com\\\/news\\\/wp-content\\\/uploads\\\/2021\\\/08\\\/123.jpg\",\"width\":495,\"height\":400},{\"@type\":\"BreadcrumbList\",\"@id\":\"https:\\\/\\\/www.landwirt.com\\\/news\\\/braeuer-stalltechnik-wo-sich-der-stall-an-die-kuh-anpasst\\\/#breadcrumb\",\"itemListElement\":[{\"@type\":\"ListItem\",\"position\":1,\"name\":\"Home\",\"item\":\"https:\\\/\\\/www.landwirt.com\\\/news\\\/home\\\/\"},{\"@type\":\"ListItem\",\"position\":2,\"name\":\"Br\u00e4uer Stalltechnik: Wo sich der Stall an die Kuh anpasst\"}]},{\"@type\":\"WebSite\",\"@id\":\"https:\\\/\\\/www.landwirt.com\\\/news\\\/#website\",\"url\":\"https:\\\/\\\/www.landwirt.com\\\/news\\\/\",\"name\":\"Landwirt.com News\",\"description\":\"Landwirt.com News\",\"publisher\":{\"@id\":\"https:\\\/\\\/www.landwirt.com\\\/news\\\/#organization\"},\"potentialAction\":[{\"@type\":\"SearchAction\",\"target\":{\"@type\":\"EntryPoint\",\"urlTemplate\":\"https:\\\/\\\/www.landwirt.com\\\/news\\\/?s={search_term_string}\"},\"query-input\":{\"@type\":\"PropertyValueSpecification\",\"valueRequired\":true,\"valueName\":\"search_term_string\"}}],\"inLanguage\":\"de-AT\"},{\"@type\":\"Organization\",\"@id\":\"https:\\\/\\\/www.landwirt.com\\\/news\\\/#organization\",\"name\":\"LANDWIRT.COM GMBH\",\"url\":\"https:\\\/\\\/www.landwirt.com\\\/news\\\/\",\"logo\":{\"@type\":\"ImageObject\",\"inLanguage\":\"de-AT\",\"@id\":\"https:\\\/\\\/www.landwirt.com\\\/news\\\/#\\\/schema\\\/logo\\\/image\\\/\",\"url\":\"https:\\\/\\\/www.landwirt.com\\\/news\\\/wp-content\\\/uploads\\\/2020\\\/02\\\/LW-logo.png\",\"contentUrl\":\"https:\\\/\\\/www.landwirt.com\\\/news\\\/wp-content\\\/uploads\\\/2020\\\/02\\\/LW-logo.png\",\"width\":250,\"height\":58,\"caption\":\"LANDWIRT.COM GMBH\"},\"image\":{\"@id\":\"https:\\\/\\\/www.landwirt.com\\\/news\\\/#\\\/schema\\\/logo\\\/image\\\/\"}},{\"@type\":\"Person\",\"@id\":\"https:\\\/\\\/www.landwirt.com\\\/news\\\/#\\\/schema\\\/person\\\/17ef3e7fae9151b8a415e32147acf62a\",\"name\":\"Praktikantin\",\"image\":{\"@type\":\"ImageObject\",\"inLanguage\":\"de-AT\",\"@id\":\"https:\\\/\\\/secure.gravatar.com\\\/avatar\\\/d815a63b52b029dbc85fe20d473a4778a1a63f56e4de4b126a19c2c196a2cefa?s=96&d=mm&r=g\",\"url\":\"https:\\\/\\\/secure.gravatar.com\\\/avatar\\\/d815a63b52b029dbc85fe20d473a4778a1a63f56e4de4b126a19c2c196a2cefa?s=96&d=mm&r=g\",\"contentUrl\":\"https:\\\/\\\/secure.gravatar.com\\\/avatar\\\/d815a63b52b029dbc85fe20d473a4778a1a63f56e4de4b126a19c2c196a2cefa?s=96&d=mm&r=g\",\"caption\":\"Praktikantin\"},\"url\":\"https:\\\/\\\/www.landwirt.com\\\/news\\\/author\\\/praktikantin\\\/\"}]}<\/script>\n<!-- \/ Yoast SEO plugin. -->","yoast_head_json":{"title":"Br\u00e4uer Stalltechnik: Wo sich der Stall an die Kuh anpasst - Landwirt.com News","robots":{"index":"index","follow":"follow","max-snippet":"max-snippet:-1","max-image-preview":"max-image-preview:large","max-video-preview":"max-video-preview:-1"},"og_locale":"de_DE","og_type":"article","og_title":"Br\u00e4uer Stalltechnik: Wo sich der Stall an die Kuh anpasst - Landwirt.com News","og_description":"\u00dcberzeugen sie sich selbst von unseren 46 j\u00e4hrigen Know-how mit unsere neue Liegebuchtengeneration Relax Swing Komfort+ f\u00fcr Tief und Hochbuchten und Komfort Sicherheitsselbstfanggitter, Niro-Gro\u00dfvolumstr\u00e4nkewannen, uvm.","og_url":"https:\/\/www.landwirt.com\/news\/braeuer-stalltechnik-wo-sich-der-stall-an-die-kuh-anpasst\/","og_site_name":"Landwirt.com News","article_published_time":"2021-08-03T14:09:27+00:00","article_modified_time":"2021-08-12T10:15:59+00:00","og_image":[{"width":495,"height":400,"url":"https:\/\/www.landwirt.com\/news\/wp-content\/uploads\/2021\/08\/123.jpg","type":"image\/jpeg"}],"author":"Praktikantin","twitter_card":"summary_large_image","twitter_misc":{"Verfasst von":"Praktikantin","Gesch\u00e4tzte Lesezeit":"1 Minute"},"schema":{"@context":"https:\/\/schema.org","@graph":[{"@type":"Article","@id":"https:\/\/www.landwirt.com\/news\/braeuer-stalltechnik-wo-sich-der-stall-an-die-kuh-anpasst\/#article","isPartOf":{"@id":"https:\/\/www.landwirt.com\/news\/braeuer-stalltechnik-wo-sich-der-stall-an-die-kuh-anpasst\/"},"author":{"name":"Praktikantin","@id":"https:\/\/www.landwirt.com\/news\/#\/schema\/person\/17ef3e7fae9151b8a415e32147acf62a"},"headline":"Br\u00e4uer Stalltechnik: Wo sich der Stall an die Kuh anpasst","datePublished":"2021-08-03T14:09:27+00:00","dateModified":"2021-08-12T10:15:59+00:00","mainEntityOfPage":{"@id":"https:\/\/www.landwirt.com\/news\/braeuer-stalltechnik-wo-sich-der-stall-an-die-kuh-anpasst\/"},"wordCount":157,"publisher":{"@id":"https:\/\/www.landwirt.com\/news\/#organization"},"image":{"@id":"https:\/\/www.landwirt.com\/news\/braeuer-stalltechnik-wo-sich-der-stall-an-die-kuh-anpasst\/#primaryimage"},"thumbnailUrl":"https:\/\/www.landwirt.com\/news\/wp-content\/uploads\/2021\/08\/123.jpg","keywords":["Landwirtschaft","Rinderhaltung","Stalltechnik","Tierwohl"],"articleSection":["Landwirt","Werbung"],"inLanguage":"de-AT"},{"@type":"WebPage","@id":"https:\/\/www.landwirt.com\/news\/braeuer-stalltechnik-wo-sich-der-stall-an-die-kuh-anpasst\/","url":"https:\/\/www.landwirt.com\/news\/braeuer-stalltechnik-wo-sich-der-stall-an-die-kuh-anpasst\/","name":"Br\u00e4uer Stalltechnik: Wo sich der Stall an die Kuh anpasst - Landwirt.com News","isPartOf":{"@id":"https:\/\/www.landwirt.com\/news\/#website"},"primaryImageOfPage":{"@id":"https:\/\/www.landwirt.com\/news\/braeuer-stalltechnik-wo-sich-der-stall-an-die-kuh-anpasst\/#primaryimage"},"image":{"@id":"https:\/\/www.landwirt.com\/news\/braeuer-stalltechnik-wo-sich-der-stall-an-die-kuh-anpasst\/#primaryimage"},"thumbnailUrl":"https:\/\/www.landwirt.com\/news\/wp-content\/uploads\/2021\/08\/123.jpg","datePublished":"2021-08-03T14:09:27+00:00","dateModified":"2021-08-12T10:15:59+00:00","breadcrumb":{"@id":"https:\/\/www.landwirt.com\/news\/braeuer-stalltechnik-wo-sich-der-stall-an-die-kuh-anpasst\/#breadcrumb"},"inLanguage":"de-AT","potentialAction":[{"@type":"ReadAction","target":["https:\/\/www.landwirt.com\/news\/braeuer-stalltechnik-wo-sich-der-stall-an-die-kuh-anpasst\/"]}]},{"@type":"ImageObject","inLanguage":"de-AT","@id":"https:\/\/www.landwirt.com\/news\/braeuer-stalltechnik-wo-sich-der-stall-an-die-kuh-anpasst\/#primaryimage","url":"https:\/\/www.landwirt.com\/news\/wp-content\/uploads\/2021\/08\/123.jpg","contentUrl":"https:\/\/www.landwirt.com\/news\/wp-content\/uploads\/2021\/08\/123.jpg","width":495,"height":400},{"@type":"BreadcrumbList","@id":"https:\/\/www.landwirt.com\/news\/braeuer-stalltechnik-wo-sich-der-stall-an-die-kuh-anpasst\/#breadcrumb","itemListElement":[{"@type":"ListItem","position":1,"name":"Home","item":"https:\/\/www.landwirt.com\/news\/home\/"},{"@type":"ListItem","position":2,"name":"Br\u00e4uer Stalltechnik: Wo sich der Stall an die Kuh anpasst"}]},{"@type":"WebSite","@id":"https:\/\/www.landwirt.com\/news\/#website","url":"https:\/\/www.landwirt.com\/news\/","name":"Landwirt.com News","description":"Landwirt.com News","publisher":{"@id":"https:\/\/www.landwirt.com\/news\/#organization"},"potentialAction":[{"@type":"SearchAction","target":{"@type":"EntryPoint","urlTemplate":"https:\/\/www.landwirt.com\/news\/?s={search_term_string}"},"query-input":{"@type":"PropertyValueSpecification","valueRequired":true,"valueName":"search_term_string"}}],"inLanguage":"de-AT"},{"@type":"Organization","@id":"https:\/\/www.landwirt.com\/news\/#organization","name":"LANDWIRT.COM GMBH","url":"https:\/\/www.landwirt.com\/news\/","logo":{"@type":"ImageObject","inLanguage":"de-AT","@id":"https:\/\/www.landwirt.com\/news\/#\/schema\/logo\/image\/","url":"https:\/\/www.landwirt.com\/news\/wp-content\/uploads\/2020\/02\/LW-logo.png","contentUrl":"https:\/\/www.landwirt.com\/news\/wp-content\/uploads\/2020\/02\/LW-logo.png","width":250,"height":58,"caption":"LANDWIRT.COM GMBH"},"image":{"@id":"https:\/\/www.landwirt.com\/news\/#\/schema\/logo\/image\/"}},{"@type":"Person","@id":"https:\/\/www.landwirt.com\/news\/#\/schema\/person\/17ef3e7fae9151b8a415e32147acf62a","name":"Praktikantin","image":{"@type":"ImageObject","inLanguage":"de-AT","@id":"https:\/\/secure.gravatar.com\/avatar\/d815a63b52b029dbc85fe20d473a4778a1a63f56e4de4b126a19c2c196a2cefa?s=96&d=mm&r=g","url":"https:\/\/secure.gravatar.com\/avatar\/d815a63b52b029dbc85fe20d473a4778a1a63f56e4de4b126a19c2c196a2cefa?s=96&d=mm&r=g","contentUrl":"https:\/\/secure.gravatar.com\/avatar\/d815a63b52b029dbc85fe20d473a4778a1a63f56e4de4b126a19c2c196a2cefa?s=96&d=mm&r=g","caption":"Praktikantin"},"url":"https:\/\/www.landwirt.com\/news\/author\/praktikantin\/"}]}},"_links":{"self":[{"href":"https:\/\/www.landwirt.com\/news\/wp-json\/wp\/v2\/posts\/6879","targetHints":{"allow":["GET"]}}],"collection":[{"href":"https:\/\/www.landwirt.com\/news\/wp-json\/wp\/v2\/posts"}],"about":[{"href":"https:\/\/www.landwirt.com\/news\/wp-json\/wp\/v2\/types\/post"}],"author":[{"embeddable":true,"href":"https:\/\/www.landwirt.com\/news\/wp-json\/wp\/v2\/users\/12"}],"replies":[{"embeddable":true,"href":"https:\/\/www.landwirt.com\/news\/wp-json\/wp\/v2\/comments?post=6879"}],"version-history":[{"count":4,"href":"https:\/\/www.landwirt.com\/news\/wp-json\/wp\/v2\/posts\/6879\/revisions"}],"predecessor-version":[{"id":6887,"href":"https:\/\/www.landwirt.com\/news\/wp-json\/wp\/v2\/posts\/6879\/revisions\/6887"}],"wp:featuredmedia":[{"embeddable":true,"href":"https:\/\/www.landwirt.com\/news\/wp-json\/wp\/v2\/media\/6883"}],"wp:attachment":[{"href":"https:\/\/www.landwirt.com\/news\/wp-json\/wp\/v2\/media?parent=6879"}],"wp:term":[{"taxonomy":"category","embeddable":true,"href":"https:\/\/www.landwirt.com\/news\/wp-json\/wp\/v2\/categories?post=6879"},{"taxonomy":"post_tag","embeddable":true,"href":"https:\/\/www.landwirt.com\/news\/wp-json\/wp\/v2\/tags?post=6879"}],"curies":[{"name":"wp","href":"https:\/\/api.w.org\/{rel}","templated":true}]}}