{"id":6752,"date":"2021-07-13T10:50:07","date_gmt":"2021-07-13T08:50:07","guid":{"rendered":"https:\/\/www.landwirt.com\/news\/?p=6752"},"modified":"2021-07-28T10:14:38","modified_gmt":"2021-07-28T08:14:38","slug":"rauch-landmaschinenfabrik-gmbh-wird-neues-mitglied-beim-forum-moderne-landwirtschaft","status":"publish","type":"post","link":"https:\/\/www.landwirt.com\/news\/rauch-landmaschinenfabrik-gmbh-wird-neues-mitglied-beim-forum-moderne-landwirtschaft\/","title":{"rendered":"RAUCH Landmaschinenfabrik GmbH wird neues Mitglied beim Forum Moderne Landwirtschaft"},"content":{"rendered":"\n<hr class=\"wp-block-separator\"\/>\n\n\n\n<p class=\"has-text-align-center\"><strong>Das <a href=\"https:\/\/www.moderne-landwirtschaft.de\/\" target=\"_blank\" rel=\"noreferrer noopener\">Forum Moderne Landwirtschaft (FML)<\/a> gewinnt die RAUCH Landmaschinenfabrik GmbH, internationaler Hersteller von landwirtschaftlichen D\u00fcngerstreuern, S\u00e4maschinen und Winterstreuger\u00e4ten zum 1. Juli als neues Mitglied. Damit erweitert das FML seine Kompetenz im Bereich Landtechnik und baut seine Rolle als Vermittler zwischen VerbraucherInnen und LandwirtInnen weiter aus.<\/strong><\/p>\n\n\n\n<p><\/p>\n\n\n\n<div class=\"wp-block-image\"><figure class=\"aligncenter size-large is-resized\"><img loading=\"lazy\" decoding=\"async\" src=\"https:\/\/www.landwirt.com\/news\/wp-content\/uploads\/2021\/07\/Banner-3-1030x467.jpg\" alt=\"\" class=\"wp-image-6756\" width=\"856\" height=\"388\" srcset=\"https:\/\/www.landwirt.com\/news\/wp-content\/uploads\/2021\/07\/Banner-3-1030x467.jpg 1030w, https:\/\/www.landwirt.com\/news\/wp-content\/uploads\/2021\/07\/Banner-3-300x136.jpg 300w, https:\/\/www.landwirt.com\/news\/wp-content\/uploads\/2021\/07\/Banner-3-768x348.jpg 768w, https:\/\/www.landwirt.com\/news\/wp-content\/uploads\/2021\/07\/Banner-3-1536x696.jpg 1536w, https:\/\/www.landwirt.com\/news\/wp-content\/uploads\/2021\/07\/Banner-3-2048x928.jpg 2048w, https:\/\/www.landwirt.com\/news\/wp-content\/uploads\/2021\/07\/Banner-3-1500x680.jpg 1500w, https:\/\/www.landwirt.com\/news\/wp-content\/uploads\/2021\/07\/Banner-3-705x319.jpg 705w\" sizes=\"auto, (max-width: 856px) 100vw, 856px\" \/><\/figure><\/div>\n\n\n\n<p><\/p>\n\n\n\n<div class=\"wp-block-media-text alignwide has-media-on-the-right is-stacked-on-mobile\" style=\"grid-template-columns:auto 15%\"><figure class=\"wp-block-media-text__media\"><img loading=\"lazy\" decoding=\"async\" width=\"687\" height=\"1030\" src=\"https:\/\/www.landwirt.com\/news\/wp-content\/uploads\/2021\/07\/MuellerWilfried-687x1030.jpg\" alt=\"\" class=\"wp-image-6759 size-full\" srcset=\"https:\/\/www.landwirt.com\/news\/wp-content\/uploads\/2021\/07\/MuellerWilfried-687x1030.jpg 687w, https:\/\/www.landwirt.com\/news\/wp-content\/uploads\/2021\/07\/MuellerWilfried-200x300.jpg 200w, https:\/\/www.landwirt.com\/news\/wp-content\/uploads\/2021\/07\/MuellerWilfried-768x1152.jpg 768w, https:\/\/www.landwirt.com\/news\/wp-content\/uploads\/2021\/07\/MuellerWilfried-470x705.jpg 470w, https:\/\/www.landwirt.com\/news\/wp-content\/uploads\/2021\/07\/MuellerWilfried.jpg 945w\" sizes=\"auto, (max-width: 687px) 100vw, 687px\" \/><\/figure><div class=\"wp-block-media-text__content\">\n<p>Die RAUCH Landmaschinenfabrik GmbH wurde 1921 gegr\u00fcndet und wird heute in der vierten und f\u00fcnften Generation als Familienunternehmen gef\u00fchrt.Als Qualit\u00e4tsanspruch und Zuverl\u00e4ssigkeit gilt es den hohen Anforderungen der professionellen Landwirtschaft nach mehr Effizienz und \u00d6kologie in der bedarfsgerechten Pflanzenern\u00e4hrung gerecht zu werden. Mit zwei Kernkompetenzen, dem exakten Dosieren und dem pr\u00e4zisen Verteilen, erm\u00f6glichen die innovativen RAUCH-Produkte den LandwirtInnen weltweit die Pflanzen mit allen notwendigen N\u00e4hrstoffen zu versorgen.\u201eEs ist f\u00fcr uns ein gro\u00dfes Anliegen die LandwirtInnen mit unserem Know-how zu Unterst\u00fctzen und daher gilt f\u00fcr RAUCH, Pr\u00e4zision und Nachhaltigkeit stetig weiter auszubauen. Aber auch die Verbraucher stehen im Fokus, denen eine gesunde Ern\u00e4hrung immer wichtiger wird, jedoch die Distanz zu den LandwirtInnen stetig w\u00e4chst. Diese L\u00fccke gilt es zu schlie\u00dfen in Kooperation mit dem Forum Moderne Landwirtschaft. \u201c, <strong>so Gesch\u00e4ftsf\u00fchrer Wilfried M\u00fcller.<\/strong><\/p>\n<\/div><\/div>\n\n\n\n<p><br>Das Forum Moderne Landwirtschaft hat es sich zur Aufgabe gemacht den Dialog zwischen Stadt und Land zu f\u00f6rdern und die entstandene L\u00fccke zwischen beiden Parteien wieder zu schlie\u00dfen. Das FML m\u00f6chte daf\u00fcr sorgen, dass LandwirtInnen und VerbraucherInnen die Zukunft der Landwirtschaft gemeinsam gestalten und die Wertsch\u00e4tzung f\u00fcr in Deutschland hergestellte Lebensmittel wieder steigt. Daf\u00fcr braucht es starke Partner wie die RAUCH Landmaschinenfabrik.<\/p>\n\n\n\n<div style=\"height:30px\" aria-hidden=\"true\" class=\"wp-block-spacer\"><\/div>\n\n\n\n<div class=\"wp-block-media-text alignwide is-stacked-on-mobile\" style=\"grid-template-columns:26% auto\"><figure class=\"wp-block-media-text__media\"><img loading=\"lazy\" decoding=\"async\" width=\"1030\" height=\"687\" src=\"https:\/\/www.landwirt.com\/news\/wp-content\/uploads\/2021\/07\/Lea-Fliess-1030x687.jpg\" alt=\"\" class=\"wp-image-6760 size-full\" srcset=\"https:\/\/www.landwirt.com\/news\/wp-content\/uploads\/2021\/07\/Lea-Fliess-1030x687.jpg 1030w, https:\/\/www.landwirt.com\/news\/wp-content\/uploads\/2021\/07\/Lea-Fliess-300x200.jpg 300w, https:\/\/www.landwirt.com\/news\/wp-content\/uploads\/2021\/07\/Lea-Fliess-768x512.jpg 768w, https:\/\/www.landwirt.com\/news\/wp-content\/uploads\/2021\/07\/Lea-Fliess-1536x1024.jpg 1536w, https:\/\/www.landwirt.com\/news\/wp-content\/uploads\/2021\/07\/Lea-Fliess-2048x1365.jpg 2048w, https:\/\/www.landwirt.com\/news\/wp-content\/uploads\/2021\/07\/Lea-Fliess-1500x1000.jpg 1500w, https:\/\/www.landwirt.com\/news\/wp-content\/uploads\/2021\/07\/Lea-Fliess-705x470.jpg 705w\" sizes=\"auto, (max-width: 1030px) 100vw, 1030px\" \/><\/figure><div class=\"wp-block-media-text__content\">\n<p>\u201eDie Mitgliedschaft der RAUCH Landmaschinenfabrik ist eine enorme Bereicherung f\u00fcr das Forum Moderne Landwirtschaft&#8220;, <strong>f\u00fcgt Lea Flie\u00df, Gesch\u00e4ftsf\u00fchrerin des Forums Moderne Landwirtschaft hinzu.<\/strong> \u201eUnser aller Ziel ist es Landwirtschaft wieder in die Mitte der Gesellschaft zu r\u00fccken. Durch die Mitgliedschaft von RAUCH k\u00f6nnen wir noch st\u00e4rker den Facettenreichtum der modernen Landwirtschaft zeigen und darstellen, welche innovativen und technologischen Anwendungen es bereits heute gibt, um nachhaltig und ressourcenschonend in der Landwirtschaft zu wirtschaften.\u201c<\/p>\n<\/div><\/div>\n\n\n\n<div style=\"height:30px\" aria-hidden=\"true\" class=\"wp-block-spacer\"><\/div>\n\n\n\n<h3 class=\"wp-block-heading\"><br>\u00dcber das Forum Moderne Landwirtschaft e.V.:<\/h3>\n\n\n\n<p>Im <a href=\"https:\/\/www.moderne-landwirtschaft.de\/\" target=\"_blank\" rel=\"noreferrer noopener\">Forum Moderne Landwirtschaft<\/a> haben sich Verb\u00e4nde, Organisationen und Unternehmen der Agrarbranche zusammengeschlossen. Ihr gemeinsames Anliegen ist es, \u00fcber die moderne Landwirtschaft zu informieren und den Dialog zwischen Gesellschaft und Landwirtschaft zu st\u00e4rken. Der Verein z\u00e4hlt aktuell 60 Mitglieder und wird von rund 160 landwirtschaftlichen Betrieben unterst\u00fctzt.<\/p>\n\n\n\n<h3 class=\"wp-block-heading\"><br>\u00dcber RAUCH Landmaschinenfabrik GmbH:<\/h3>\n\n\n\n<p>Das Familienunternehmen RAUCH wurde 1921 gegr\u00fcndet und ist heute ein weltweit agierender Hersteller von Land- und Kommunaltechnik. Der Hauptsitz des Unternehmens ist Sinzheim bei Baden-Baden. RAUCH entwickelt und baut hochwertige Maschinen zur D\u00fcngerausbringung und Streutechnik f\u00fcr den kommunalen Winterdienst. Zudem ist RAUCH Erstausr\u00fcster f\u00fcr S\u00e4technikkomponenten. Im Gesch\u00e4ftsjahr 2020 wurde mit 380 Mitarbeitern ein Umsatz von 74,5 Mio. Euro erzielt. Der Exportanteil liegt bei 69 Prozent.<\/p>\n\n\n\n<p><\/p>\n\n\n\n<div style=\"height:25px\" aria-hidden=\"true\" class=\"wp-block-spacer\"><\/div>\n\n\n\n<p><strong>Presseaussendung:<\/strong> <a href=\"https:\/\/rauch.de\/\" target=\"_blank\" rel=\"noreferrer noopener\">RAUCH Landmaschinenfabrik GmbH<\/a><\/p>\n","protected":false},"excerpt":{"rendered":"<p>Das Forum Moderne Landwirtschaft (FML) gewinnt die RAUCH Landmaschinenfabrik GmbH zum 1. Juli als neues Mitglied.<\/p>\n","protected":false},"author":12,"featured_media":6757,"comment_status":"closed","ping_status":"closed","sticky":false,"template":"","format":"standard","meta":{"footnotes":""},"categories":[15,1],"tags":[96,121,75,161,350],"class_list":["post-6752","post","type-post","status-publish","format-standard","has-post-thumbnail","hentry","category-landwirt","category-werbung","tag-dungerstreuer","tag-landmaschinen","tag-landtechnik","tag-landwirtschaft","tag-samaschine"],"yoast_head":"<!-- This site is optimized with the Yoast SEO plugin v27.4 - https:\/\/yoast.com\/product\/yoast-seo-wordpress\/ -->\n<title>RAUCH Landmaschinenfabrik GmbH wird neues Mitglied beim Forum Moderne Landwirtschaft - Landwirt.com News<\/title>\n<meta name=\"robots\" content=\"index, follow, max-snippet:-1, max-image-preview:large, max-video-preview:-1\" \/>\n<meta property=\"og:locale\" content=\"de_DE\" \/>\n<meta property=\"og:type\" content=\"article\" \/>\n<meta property=\"og:title\" content=\"RAUCH Landmaschinenfabrik GmbH wird neues Mitglied beim Forum Moderne Landwirtschaft - Landwirt.com News\" \/>\n<meta property=\"og:description\" content=\"Das Forum Moderne Landwirtschaft (FML) gewinnt die RAUCH Landmaschinenfabrik GmbH zum 1. Juli als neues Mitglied.\" \/>\n<meta property=\"og:url\" content=\"https:\/\/www.landwirt.com\/news\/rauch-landmaschinenfabrik-gmbh-wird-neues-mitglied-beim-forum-moderne-landwirtschaft\/\" \/>\n<meta property=\"og:site_name\" content=\"Landwirt.com News\" \/>\n<meta property=\"article:published_time\" content=\"2021-07-13T08:50:07+00:00\" \/>\n<meta property=\"article:modified_time\" content=\"2021-07-28T08:14:38+00:00\" \/>\n<meta property=\"og:image\" content=\"https:\/\/www.landwirt.com\/news\/wp-content\/uploads\/2021\/07\/Beitrag-2.jpg\" \/>\n\t<meta property=\"og:image:width\" content=\"495\" \/>\n\t<meta property=\"og:image:height\" content=\"400\" \/>\n\t<meta property=\"og:image:type\" content=\"image\/jpeg\" \/>\n<meta name=\"author\" content=\"Praktikantin\" \/>\n<meta name=\"twitter:card\" content=\"summary_large_image\" \/>\n<meta name=\"twitter:label1\" content=\"Verfasst von\" \/>\n\t<meta name=\"twitter:data1\" content=\"Praktikantin\" \/>\n\t<meta name=\"twitter:label2\" content=\"Gesch\u00e4tzte Lesezeit\" \/>\n\t<meta name=\"twitter:data2\" content=\"3 Minuten\" \/>\n<script type=\"application\/ld+json\" class=\"yoast-schema-graph\">{\"@context\":\"https:\\\/\\\/schema.org\",\"@graph\":[{\"@type\":\"Article\",\"@id\":\"https:\\\/\\\/www.landwirt.com\\\/news\\\/rauch-landmaschinenfabrik-gmbh-wird-neues-mitglied-beim-forum-moderne-landwirtschaft\\\/#article\",\"isPartOf\":{\"@id\":\"https:\\\/\\\/www.landwirt.com\\\/news\\\/rauch-landmaschinenfabrik-gmbh-wird-neues-mitglied-beim-forum-moderne-landwirtschaft\\\/\"},\"author\":{\"name\":\"Praktikantin\",\"@id\":\"https:\\\/\\\/www.landwirt.com\\\/news\\\/#\\\/schema\\\/person\\\/17ef3e7fae9151b8a415e32147acf62a\"},\"headline\":\"RAUCH Landmaschinenfabrik GmbH wird neues Mitglied beim Forum Moderne Landwirtschaft\",\"datePublished\":\"2021-07-13T08:50:07+00:00\",\"dateModified\":\"2021-07-28T08:14:38+00:00\",\"mainEntityOfPage\":{\"@id\":\"https:\\\/\\\/www.landwirt.com\\\/news\\\/rauch-landmaschinenfabrik-gmbh-wird-neues-mitglied-beim-forum-moderne-landwirtschaft\\\/\"},\"wordCount\":489,\"publisher\":{\"@id\":\"https:\\\/\\\/www.landwirt.com\\\/news\\\/#organization\"},\"image\":{\"@id\":\"https:\\\/\\\/www.landwirt.com\\\/news\\\/rauch-landmaschinenfabrik-gmbh-wird-neues-mitglied-beim-forum-moderne-landwirtschaft\\\/#primaryimage\"},\"thumbnailUrl\":\"https:\\\/\\\/www.landwirt.com\\\/news\\\/wp-content\\\/uploads\\\/2021\\\/07\\\/Beitrag-2.jpg\",\"keywords\":[\"D\u00fcngerstreuer\",\"Landmaschinen\",\"Landtechnik\",\"Landwirtschaft\",\"S\u00e4maschine\"],\"articleSection\":[\"Landwirt\",\"Werbung\"],\"inLanguage\":\"de-AT\"},{\"@type\":\"WebPage\",\"@id\":\"https:\\\/\\\/www.landwirt.com\\\/news\\\/rauch-landmaschinenfabrik-gmbh-wird-neues-mitglied-beim-forum-moderne-landwirtschaft\\\/\",\"url\":\"https:\\\/\\\/www.landwirt.com\\\/news\\\/rauch-landmaschinenfabrik-gmbh-wird-neues-mitglied-beim-forum-moderne-landwirtschaft\\\/\",\"name\":\"RAUCH Landmaschinenfabrik GmbH wird neues Mitglied beim Forum Moderne Landwirtschaft - Landwirt.com News\",\"isPartOf\":{\"@id\":\"https:\\\/\\\/www.landwirt.com\\\/news\\\/#website\"},\"primaryImageOfPage\":{\"@id\":\"https:\\\/\\\/www.landwirt.com\\\/news\\\/rauch-landmaschinenfabrik-gmbh-wird-neues-mitglied-beim-forum-moderne-landwirtschaft\\\/#primaryimage\"},\"image\":{\"@id\":\"https:\\\/\\\/www.landwirt.com\\\/news\\\/rauch-landmaschinenfabrik-gmbh-wird-neues-mitglied-beim-forum-moderne-landwirtschaft\\\/#primaryimage\"},\"thumbnailUrl\":\"https:\\\/\\\/www.landwirt.com\\\/news\\\/wp-content\\\/uploads\\\/2021\\\/07\\\/Beitrag-2.jpg\",\"datePublished\":\"2021-07-13T08:50:07+00:00\",\"dateModified\":\"2021-07-28T08:14:38+00:00\",\"breadcrumb\":{\"@id\":\"https:\\\/\\\/www.landwirt.com\\\/news\\\/rauch-landmaschinenfabrik-gmbh-wird-neues-mitglied-beim-forum-moderne-landwirtschaft\\\/#breadcrumb\"},\"inLanguage\":\"de-AT\",\"potentialAction\":[{\"@type\":\"ReadAction\",\"target\":[\"https:\\\/\\\/www.landwirt.com\\\/news\\\/rauch-landmaschinenfabrik-gmbh-wird-neues-mitglied-beim-forum-moderne-landwirtschaft\\\/\"]}]},{\"@type\":\"ImageObject\",\"inLanguage\":\"de-AT\",\"@id\":\"https:\\\/\\\/www.landwirt.com\\\/news\\\/rauch-landmaschinenfabrik-gmbh-wird-neues-mitglied-beim-forum-moderne-landwirtschaft\\\/#primaryimage\",\"url\":\"https:\\\/\\\/www.landwirt.com\\\/news\\\/wp-content\\\/uploads\\\/2021\\\/07\\\/Beitrag-2.jpg\",\"contentUrl\":\"https:\\\/\\\/www.landwirt.com\\\/news\\\/wp-content\\\/uploads\\\/2021\\\/07\\\/Beitrag-2.jpg\",\"width\":495,\"height\":400},{\"@type\":\"BreadcrumbList\",\"@id\":\"https:\\\/\\\/www.landwirt.com\\\/news\\\/rauch-landmaschinenfabrik-gmbh-wird-neues-mitglied-beim-forum-moderne-landwirtschaft\\\/#breadcrumb\",\"itemListElement\":[{\"@type\":\"ListItem\",\"position\":1,\"name\":\"Home\",\"item\":\"https:\\\/\\\/www.landwirt.com\\\/news\\\/home\\\/\"},{\"@type\":\"ListItem\",\"position\":2,\"name\":\"RAUCH Landmaschinenfabrik GmbH wird neues Mitglied beim Forum Moderne Landwirtschaft\"}]},{\"@type\":\"WebSite\",\"@id\":\"https:\\\/\\\/www.landwirt.com\\\/news\\\/#website\",\"url\":\"https:\\\/\\\/www.landwirt.com\\\/news\\\/\",\"name\":\"Landwirt.com News\",\"description\":\"Landwirt.com News\",\"publisher\":{\"@id\":\"https:\\\/\\\/www.landwirt.com\\\/news\\\/#organization\"},\"potentialAction\":[{\"@type\":\"SearchAction\",\"target\":{\"@type\":\"EntryPoint\",\"urlTemplate\":\"https:\\\/\\\/www.landwirt.com\\\/news\\\/?s={search_term_string}\"},\"query-input\":{\"@type\":\"PropertyValueSpecification\",\"valueRequired\":true,\"valueName\":\"search_term_string\"}}],\"inLanguage\":\"de-AT\"},{\"@type\":\"Organization\",\"@id\":\"https:\\\/\\\/www.landwirt.com\\\/news\\\/#organization\",\"name\":\"LANDWIRT.COM GMBH\",\"url\":\"https:\\\/\\\/www.landwirt.com\\\/news\\\/\",\"logo\":{\"@type\":\"ImageObject\",\"inLanguage\":\"de-AT\",\"@id\":\"https:\\\/\\\/www.landwirt.com\\\/news\\\/#\\\/schema\\\/logo\\\/image\\\/\",\"url\":\"https:\\\/\\\/www.landwirt.com\\\/news\\\/wp-content\\\/uploads\\\/2020\\\/02\\\/LW-logo.png\",\"contentUrl\":\"https:\\\/\\\/www.landwirt.com\\\/news\\\/wp-content\\\/uploads\\\/2020\\\/02\\\/LW-logo.png\",\"width\":250,\"height\":58,\"caption\":\"LANDWIRT.COM GMBH\"},\"image\":{\"@id\":\"https:\\\/\\\/www.landwirt.com\\\/news\\\/#\\\/schema\\\/logo\\\/image\\\/\"}},{\"@type\":\"Person\",\"@id\":\"https:\\\/\\\/www.landwirt.com\\\/news\\\/#\\\/schema\\\/person\\\/17ef3e7fae9151b8a415e32147acf62a\",\"name\":\"Praktikantin\",\"image\":{\"@type\":\"ImageObject\",\"inLanguage\":\"de-AT\",\"@id\":\"https:\\\/\\\/secure.gravatar.com\\\/avatar\\\/d815a63b52b029dbc85fe20d473a4778a1a63f56e4de4b126a19c2c196a2cefa?s=96&d=mm&r=g\",\"url\":\"https:\\\/\\\/secure.gravatar.com\\\/avatar\\\/d815a63b52b029dbc85fe20d473a4778a1a63f56e4de4b126a19c2c196a2cefa?s=96&d=mm&r=g\",\"contentUrl\":\"https:\\\/\\\/secure.gravatar.com\\\/avatar\\\/d815a63b52b029dbc85fe20d473a4778a1a63f56e4de4b126a19c2c196a2cefa?s=96&d=mm&r=g\",\"caption\":\"Praktikantin\"},\"url\":\"https:\\\/\\\/www.landwirt.com\\\/news\\\/author\\\/praktikantin\\\/\"}]}<\/script>\n<!-- \/ Yoast SEO plugin. -->","yoast_head_json":{"title":"RAUCH Landmaschinenfabrik GmbH wird neues Mitglied beim Forum Moderne Landwirtschaft - Landwirt.com News","robots":{"index":"index","follow":"follow","max-snippet":"max-snippet:-1","max-image-preview":"max-image-preview:large","max-video-preview":"max-video-preview:-1"},"og_locale":"de_DE","og_type":"article","og_title":"RAUCH Landmaschinenfabrik GmbH wird neues Mitglied beim Forum Moderne Landwirtschaft - Landwirt.com News","og_description":"Das Forum Moderne Landwirtschaft (FML) gewinnt die RAUCH Landmaschinenfabrik GmbH zum 1. Juli als neues Mitglied.","og_url":"https:\/\/www.landwirt.com\/news\/rauch-landmaschinenfabrik-gmbh-wird-neues-mitglied-beim-forum-moderne-landwirtschaft\/","og_site_name":"Landwirt.com News","article_published_time":"2021-07-13T08:50:07+00:00","article_modified_time":"2021-07-28T08:14:38+00:00","og_image":[{"width":495,"height":400,"url":"https:\/\/www.landwirt.com\/news\/wp-content\/uploads\/2021\/07\/Beitrag-2.jpg","type":"image\/jpeg"}],"author":"Praktikantin","twitter_card":"summary_large_image","twitter_misc":{"Verfasst von":"Praktikantin","Gesch\u00e4tzte Lesezeit":"3 Minuten"},"schema":{"@context":"https:\/\/schema.org","@graph":[{"@type":"Article","@id":"https:\/\/www.landwirt.com\/news\/rauch-landmaschinenfabrik-gmbh-wird-neues-mitglied-beim-forum-moderne-landwirtschaft\/#article","isPartOf":{"@id":"https:\/\/www.landwirt.com\/news\/rauch-landmaschinenfabrik-gmbh-wird-neues-mitglied-beim-forum-moderne-landwirtschaft\/"},"author":{"name":"Praktikantin","@id":"https:\/\/www.landwirt.com\/news\/#\/schema\/person\/17ef3e7fae9151b8a415e32147acf62a"},"headline":"RAUCH Landmaschinenfabrik GmbH wird neues Mitglied beim Forum Moderne Landwirtschaft","datePublished":"2021-07-13T08:50:07+00:00","dateModified":"2021-07-28T08:14:38+00:00","mainEntityOfPage":{"@id":"https:\/\/www.landwirt.com\/news\/rauch-landmaschinenfabrik-gmbh-wird-neues-mitglied-beim-forum-moderne-landwirtschaft\/"},"wordCount":489,"publisher":{"@id":"https:\/\/www.landwirt.com\/news\/#organization"},"image":{"@id":"https:\/\/www.landwirt.com\/news\/rauch-landmaschinenfabrik-gmbh-wird-neues-mitglied-beim-forum-moderne-landwirtschaft\/#primaryimage"},"thumbnailUrl":"https:\/\/www.landwirt.com\/news\/wp-content\/uploads\/2021\/07\/Beitrag-2.jpg","keywords":["D\u00fcngerstreuer","Landmaschinen","Landtechnik","Landwirtschaft","S\u00e4maschine"],"articleSection":["Landwirt","Werbung"],"inLanguage":"de-AT"},{"@type":"WebPage","@id":"https:\/\/www.landwirt.com\/news\/rauch-landmaschinenfabrik-gmbh-wird-neues-mitglied-beim-forum-moderne-landwirtschaft\/","url":"https:\/\/www.landwirt.com\/news\/rauch-landmaschinenfabrik-gmbh-wird-neues-mitglied-beim-forum-moderne-landwirtschaft\/","name":"RAUCH Landmaschinenfabrik GmbH wird neues Mitglied beim Forum Moderne Landwirtschaft - Landwirt.com News","isPartOf":{"@id":"https:\/\/www.landwirt.com\/news\/#website"},"primaryImageOfPage":{"@id":"https:\/\/www.landwirt.com\/news\/rauch-landmaschinenfabrik-gmbh-wird-neues-mitglied-beim-forum-moderne-landwirtschaft\/#primaryimage"},"image":{"@id":"https:\/\/www.landwirt.com\/news\/rauch-landmaschinenfabrik-gmbh-wird-neues-mitglied-beim-forum-moderne-landwirtschaft\/#primaryimage"},"thumbnailUrl":"https:\/\/www.landwirt.com\/news\/wp-content\/uploads\/2021\/07\/Beitrag-2.jpg","datePublished":"2021-07-13T08:50:07+00:00","dateModified":"2021-07-28T08:14:38+00:00","breadcrumb":{"@id":"https:\/\/www.landwirt.com\/news\/rauch-landmaschinenfabrik-gmbh-wird-neues-mitglied-beim-forum-moderne-landwirtschaft\/#breadcrumb"},"inLanguage":"de-AT","potentialAction":[{"@type":"ReadAction","target":["https:\/\/www.landwirt.com\/news\/rauch-landmaschinenfabrik-gmbh-wird-neues-mitglied-beim-forum-moderne-landwirtschaft\/"]}]},{"@type":"ImageObject","inLanguage":"de-AT","@id":"https:\/\/www.landwirt.com\/news\/rauch-landmaschinenfabrik-gmbh-wird-neues-mitglied-beim-forum-moderne-landwirtschaft\/#primaryimage","url":"https:\/\/www.landwirt.com\/news\/wp-content\/uploads\/2021\/07\/Beitrag-2.jpg","contentUrl":"https:\/\/www.landwirt.com\/news\/wp-content\/uploads\/2021\/07\/Beitrag-2.jpg","width":495,"height":400},{"@type":"BreadcrumbList","@id":"https:\/\/www.landwirt.com\/news\/rauch-landmaschinenfabrik-gmbh-wird-neues-mitglied-beim-forum-moderne-landwirtschaft\/#breadcrumb","itemListElement":[{"@type":"ListItem","position":1,"name":"Home","item":"https:\/\/www.landwirt.com\/news\/home\/"},{"@type":"ListItem","position":2,"name":"RAUCH Landmaschinenfabrik GmbH wird neues Mitglied beim Forum Moderne Landwirtschaft"}]},{"@type":"WebSite","@id":"https:\/\/www.landwirt.com\/news\/#website","url":"https:\/\/www.landwirt.com\/news\/","name":"Landwirt.com News","description":"Landwirt.com News","publisher":{"@id":"https:\/\/www.landwirt.com\/news\/#organization"},"potentialAction":[{"@type":"SearchAction","target":{"@type":"EntryPoint","urlTemplate":"https:\/\/www.landwirt.com\/news\/?s={search_term_string}"},"query-input":{"@type":"PropertyValueSpecification","valueRequired":true,"valueName":"search_term_string"}}],"inLanguage":"de-AT"},{"@type":"Organization","@id":"https:\/\/www.landwirt.com\/news\/#organization","name":"LANDWIRT.COM GMBH","url":"https:\/\/www.landwirt.com\/news\/","logo":{"@type":"ImageObject","inLanguage":"de-AT","@id":"https:\/\/www.landwirt.com\/news\/#\/schema\/logo\/image\/","url":"https:\/\/www.landwirt.com\/news\/wp-content\/uploads\/2020\/02\/LW-logo.png","contentUrl":"https:\/\/www.landwirt.com\/news\/wp-content\/uploads\/2020\/02\/LW-logo.png","width":250,"height":58,"caption":"LANDWIRT.COM GMBH"},"image":{"@id":"https:\/\/www.landwirt.com\/news\/#\/schema\/logo\/image\/"}},{"@type":"Person","@id":"https:\/\/www.landwirt.com\/news\/#\/schema\/person\/17ef3e7fae9151b8a415e32147acf62a","name":"Praktikantin","image":{"@type":"ImageObject","inLanguage":"de-AT","@id":"https:\/\/secure.gravatar.com\/avatar\/d815a63b52b029dbc85fe20d473a4778a1a63f56e4de4b126a19c2c196a2cefa?s=96&d=mm&r=g","url":"https:\/\/secure.gravatar.com\/avatar\/d815a63b52b029dbc85fe20d473a4778a1a63f56e4de4b126a19c2c196a2cefa?s=96&d=mm&r=g","contentUrl":"https:\/\/secure.gravatar.com\/avatar\/d815a63b52b029dbc85fe20d473a4778a1a63f56e4de4b126a19c2c196a2cefa?s=96&d=mm&r=g","caption":"Praktikantin"},"url":"https:\/\/www.landwirt.com\/news\/author\/praktikantin\/"}]}},"_links":{"self":[{"href":"https:\/\/www.landwirt.com\/news\/wp-json\/wp\/v2\/posts\/6752","targetHints":{"allow":["GET"]}}],"collection":[{"href":"https:\/\/www.landwirt.com\/news\/wp-json\/wp\/v2\/posts"}],"about":[{"href":"https:\/\/www.landwirt.com\/news\/wp-json\/wp\/v2\/types\/post"}],"author":[{"embeddable":true,"href":"https:\/\/www.landwirt.com\/news\/wp-json\/wp\/v2\/users\/12"}],"replies":[{"embeddable":true,"href":"https:\/\/www.landwirt.com\/news\/wp-json\/wp\/v2\/comments?post=6752"}],"version-history":[{"count":8,"href":"https:\/\/www.landwirt.com\/news\/wp-json\/wp\/v2\/posts\/6752\/revisions"}],"predecessor-version":[{"id":6766,"href":"https:\/\/www.landwirt.com\/news\/wp-json\/wp\/v2\/posts\/6752\/revisions\/6766"}],"wp:featuredmedia":[{"embeddable":true,"href":"https:\/\/www.landwirt.com\/news\/wp-json\/wp\/v2\/media\/6757"}],"wp:attachment":[{"href":"https:\/\/www.landwirt.com\/news\/wp-json\/wp\/v2\/media?parent=6752"}],"wp:term":[{"taxonomy":"category","embeddable":true,"href":"https:\/\/www.landwirt.com\/news\/wp-json\/wp\/v2\/categories?post=6752"},{"taxonomy":"post_tag","embeddable":true,"href":"https:\/\/www.landwirt.com\/news\/wp-json\/wp\/v2\/tags?post=6752"}],"curies":[{"name":"wp","href":"https:\/\/api.w.org\/{rel}","templated":true}]}}