{"id":6377,"date":"2021-06-10T07:51:43","date_gmt":"2021-06-10T05:51:43","guid":{"rendered":"https:\/\/www.landwirt.com\/news\/?p=6377"},"modified":"2022-01-26T09:33:20","modified_gmt":"2022-01-26T08:33:20","slug":"bio-austria-fachtagung-liefert-impulse-fur-die-zukunft-der-biolandwirtschaft","status":"publish","type":"post","link":"https:\/\/www.landwirt.com\/news\/bio-austria-fachtagung-liefert-impulse-fur-die-zukunft-der-biolandwirtschaft\/","title":{"rendered":"BIO AUSTRIA: Fachtagung liefert Impulse f\u00fcr die Zukunft der Bio-Landwirtschaft"},"content":{"rendered":"\n<hr class=\"wp-block-separator\"\/>\n\n\n\n<p class=\"has-text-align-center\"><strong>Praxistaugliche Anwendung der EU-Bio-Verordnung Voraussetzung f\u00fcr positive Entwicklung der Bio-Landwirtschaft in Europa<\/strong><\/p>\n\n\n\n<p><\/p>\n\n\n\n<div class=\"wp-block-image\"><figure class=\"aligncenter size-large is-resized\"><img loading=\"lazy\" decoding=\"async\" src=\"https:\/\/www.landwirt.com\/news\/wp-content\/uploads\/2021\/06\/pexels-matthias-zomer-422218-1030x459.jpg\" alt=\"\" class=\"wp-image-6381\" width=\"776\" height=\"346\" srcset=\"https:\/\/www.landwirt.com\/news\/wp-content\/uploads\/2021\/06\/pexels-matthias-zomer-422218-1030x459.jpg 1030w, https:\/\/www.landwirt.com\/news\/wp-content\/uploads\/2021\/06\/pexels-matthias-zomer-422218-300x134.jpg 300w, https:\/\/www.landwirt.com\/news\/wp-content\/uploads\/2021\/06\/pexels-matthias-zomer-422218-768x343.jpg 768w, https:\/\/www.landwirt.com\/news\/wp-content\/uploads\/2021\/06\/pexels-matthias-zomer-422218-1536x685.jpg 1536w, https:\/\/www.landwirt.com\/news\/wp-content\/uploads\/2021\/06\/pexels-matthias-zomer-422218-2048x914.jpg 2048w, https:\/\/www.landwirt.com\/news\/wp-content\/uploads\/2021\/06\/pexels-matthias-zomer-422218-1500x669.jpg 1500w, https:\/\/www.landwirt.com\/news\/wp-content\/uploads\/2021\/06\/pexels-matthias-zomer-422218-705x315.jpg 705w\" sizes=\"auto, (max-width: 776px) 100vw, 776px\" \/><\/figure><\/div>\n\n\n\n<p><\/p>\n\n\n\n<p>&#8222;Damit die <strong>EU-Bio-Verordnung<\/strong> Grundlage einer positiven Entwicklung der Bio-Landwirtschaft in Europa sein kann, muss sie praxisgerecht angewandt werden. Das hat die heutige <strong>Fachtagung<\/strong> deutlich gemacht und damit wertvolle Impulse f\u00fcr die Zukunft der Bio-Landwirtschaft geliefert&#8220;, sagt BIO AUSTRIA Obfrau Gertraud Grabmann anl\u00e4sslich der heute online abgehaltenen Fachtagung zu <strong>Tierhaltung und Weidemanagement<\/strong> im Bio-Landbau, unter dem Titel &#8222;Mensch und Tier im Mittelpunkt der neuen EU-Bio Verordnung&#8220;. Es sei wesentlich, dass bei der Auslegung von gesetzlichen Vorgaben durch die EU-Bio-Verordnung die unterschiedlichen Gegebenheiten von Mitgliedsstaaten und auch innerhalb eines Landes ber\u00fccksichtigt werden. Ansonsten drohe ein R\u00fcckschritt f\u00fcr Tier und Mensch sowie ein massiver Eingriff in die b\u00e4uerlichen Strukturen, betonte Grabmann.<\/p>\n\n\n\n<p>Die heutige Fachtagung habe gezeigt, dass Biob\u00e4uerinnen und Biobauern in \u00d6sterreich, die sich seit Jahrzehnten mit ganzem Herzen der <strong>Bio-Landwirtschaft<\/strong> verschrieben haben, durch die neuen Vorgaben teilweise mit <strong>gr\u00f6\u00dften Herausforderungen<\/strong> konfrontiert sind. Eine Online-Befragung im Rahmen der Veranstaltung hat ergeben, dass 12 Prozent der anwesenden LandwirtInnen sich derzeit nicht im Stande sehen, die Vorgaben zu erf\u00fcllen und daher damit rechnen, aus der Bio-Landwirtschaft aussteigen zu m\u00fcssen. &#8222;Das ist ein Alarmsignal, das in Politik und Verwaltung geh\u00f6rt werden muss. Eine solche drohende Entwicklung gilt es zu verhindern&#8220;, betont Grabmann. Die biologische Landwirtschaft biete f\u00fcr viele Betriebe aufgrund der <strong>h\u00f6heren Wertsch\u00f6pfung<\/strong> die einzig m\u00f6gliche landwirtschaftliche Perspektive. &#8222;Es darf nicht sein, dass gesetzliche Vorgaben durch fehlende Spielr\u00e4ume zu un\u00fcberwindlichen b\u00fcrokratischen H\u00fcrden werden, und b\u00e4uerliche Familienbetriebe dadurch letztlich um ihre Existenzen gebracht werden. Daher braucht es <strong>praxistaugliche L\u00f6sungen<\/strong>, die es den H\u00f6fen erm\u00f6glichen, unter den lokalen Bedingungen bestm\u00f6glich zu wirtschaften&#8220;, so Grabmann.<\/p>\n\n\n\n<p>Im Rahmen der Fachtagung hielten insgesamt <strong>12 ExpertInnen<\/strong> aus unterschiedlichen Fachbereichen Vortr\u00e4ge zu unterschiedlichen Aspekten rund um die Umsetzung der neuen EU-Bio-Verordnung und diesbez\u00fcgliche Herausforderungen. So etwa auch Dr. Andreas Steinwidder, Leiter des Bio-Instituts an der H\u00f6heren Bundeslehr- und Forschungsanstalt f\u00fcr Landwirtschaft Raumberg-Gumpenstein. Er hielt in seinem Vortag fest, dass Weidehaltung in \u00d6sterreich aufgrund der unterschiedlichen lokalen Voraussetzungen <strong>betriebsangepasste L\u00f6sungsans\u00e4tze<\/strong> ben\u00f6tige, nicht L\u00f6sungen von der Stange. \u201eDiese Expertensicht deckt sich mit den Bed\u00fcrfnissen der Biob\u00e4uerinnen und Biobauern. Im Zentrum der Betrachtung muss stehen, was dem Tierwohl f\u00f6rderlich ist und wie dies betrieblich am besten umgesetzt werden kann\u201c, so Grabmann abschlie\u00dfend.<\/p>\n\n\n\n<p>Am 10. Juni wird die Online-Fachtagung mit einem &#8222;EU-Forum&#8220; unter internationaler Beteiligung fortgesetzt.<\/p>\n\n\n\n<div class=\"wp-block-media-text alignwide has-media-on-the-right is-stacked-on-mobile\" style=\"grid-template-columns:auto 26%\"><figure class=\"wp-block-media-text__media\"><img loading=\"lazy\" decoding=\"async\" width=\"1030\" height=\"1028\" src=\"https:\/\/www.landwirt.com\/news\/wp-content\/uploads\/2021\/06\/pexels-pixabay-207247-1030x1028.jpg\" alt=\"\" class=\"wp-image-6380 size-full\" srcset=\"https:\/\/www.landwirt.com\/news\/wp-content\/uploads\/2021\/06\/pexels-pixabay-207247-1030x1028.jpg 1030w, https:\/\/www.landwirt.com\/news\/wp-content\/uploads\/2021\/06\/pexels-pixabay-207247-300x300.jpg 300w, https:\/\/www.landwirt.com\/news\/wp-content\/uploads\/2021\/06\/pexels-pixabay-207247-80x80.jpg 80w, https:\/\/www.landwirt.com\/news\/wp-content\/uploads\/2021\/06\/pexels-pixabay-207247-768x767.jpg 768w, https:\/\/www.landwirt.com\/news\/wp-content\/uploads\/2021\/06\/pexels-pixabay-207247-1536x1534.jpg 1536w, https:\/\/www.landwirt.com\/news\/wp-content\/uploads\/2021\/06\/pexels-pixabay-207247-2048x2045.jpg 2048w, https:\/\/www.landwirt.com\/news\/wp-content\/uploads\/2021\/06\/pexels-pixabay-207247-36x36.jpg 36w, https:\/\/www.landwirt.com\/news\/wp-content\/uploads\/2021\/06\/pexels-pixabay-207247-180x180.jpg 180w, https:\/\/www.landwirt.com\/news\/wp-content\/uploads\/2021\/06\/pexels-pixabay-207247-1500x1498.jpg 1500w, https:\/\/www.landwirt.com\/news\/wp-content\/uploads\/2021\/06\/pexels-pixabay-207247-705x705.jpg 705w\" sizes=\"auto, (max-width: 1030px) 100vw, 1030px\" \/><\/figure><div class=\"wp-block-media-text__content\">\n<h3 class=\"wp-block-heading\">\u00dcber BIO AUSTRIA:<\/h3>\n\n\n\n<p><br>BIO AUSTRIA ist das Netzwerk der \u00f6sterreichischen Biob\u00e4uerinnen und Biobauern. Als gr\u00f6\u00dfter Bio-Verband in Europa repr\u00e4sentiert BIO AUSTRIA die \u00f6sterreichische Bio-Landwirtschaft und vertritt die Interessen der Biob\u00e4uerinnen und Biobauern &#8211; mit 13.500 Mitgliedern und mehr als 430 Partnerunternehmen in der Wirtschaft. N\u00e4here Informationen unter <a href=\"https:\/\/www.bio-austria.at\/\" target=\"_blank\" rel=\"noreferrer noopener\">www.bio-austria.at<\/a><\/p>\n<\/div><\/div>\n\n\n\n<div style=\"height:25px\" aria-hidden=\"true\" class=\"wp-block-spacer\"><\/div>\n\n\n\n<p><strong>Presseaussendung:<\/strong> <a href=\"https:\/\/www.bio-austria.at\/\" target=\"_blank\" rel=\"noreferrer noopener\">BIO AUSTRIA<\/a><\/p>\n","protected":false},"excerpt":{"rendered":"<p>Praxistaugliche Anwendung der EU-Bio-Verordnung Voraussetzung f\u00fcr positive Entwicklung der Bio-Landwirtschaft in Europa.<\/p>\n","protected":false},"author":12,"featured_media":6383,"comment_status":"closed","ping_status":"closed","sticky":false,"template":"","format":"standard","meta":{"footnotes":""},"categories":[15,1],"tags":[398,399,424,425,191,312],"class_list":["post-6377","post","type-post","status-publish","format-standard","has-post-thumbnail","hentry","category-landwirt","category-werbung","tag-bio-austria","tag-bio-landwirtschaft","tag-bio-betrieb","tag-biobauer","tag-nachhaltigkeit","tag-tierwohl"],"yoast_head":"<!-- This site is optimized with the Yoast SEO plugin v27.4 - https:\/\/yoast.com\/product\/yoast-seo-wordpress\/ -->\n<title>BIO AUSTRIA: Fachtagung liefert Impulse f\u00fcr die Zukunft der Bio-Landwirtschaft - Landwirt.com News<\/title>\n<meta name=\"robots\" content=\"index, follow, max-snippet:-1, max-image-preview:large, max-video-preview:-1\" \/>\n<meta property=\"og:locale\" content=\"de_DE\" \/>\n<meta property=\"og:type\" content=\"article\" \/>\n<meta property=\"og:title\" content=\"BIO AUSTRIA: Fachtagung liefert Impulse f\u00fcr die Zukunft der Bio-Landwirtschaft - Landwirt.com News\" \/>\n<meta property=\"og:description\" content=\"Praxistaugliche Anwendung der EU-Bio-Verordnung Voraussetzung f\u00fcr positive Entwicklung der Bio-Landwirtschaft in Europa.\" \/>\n<meta property=\"og:url\" content=\"https:\/\/www.landwirt.com\/news\/bio-austria-fachtagung-liefert-impulse-fur-die-zukunft-der-biolandwirtschaft\/\" \/>\n<meta property=\"og:site_name\" content=\"Landwirt.com News\" \/>\n<meta property=\"article:published_time\" content=\"2021-06-10T05:51:43+00:00\" \/>\n<meta property=\"article:modified_time\" content=\"2022-01-26T08:33:20+00:00\" \/>\n<meta property=\"og:image\" content=\"https:\/\/www.landwirt.com\/news\/wp-content\/uploads\/2021\/06\/Untitled-2.jpg\" \/>\n\t<meta property=\"og:image:width\" content=\"495\" \/>\n\t<meta property=\"og:image:height\" content=\"400\" \/>\n\t<meta property=\"og:image:type\" content=\"image\/jpeg\" \/>\n<meta name=\"author\" content=\"Praktikantin\" \/>\n<meta name=\"twitter:card\" content=\"summary_large_image\" \/>\n<meta name=\"twitter:label1\" content=\"Verfasst von\" \/>\n\t<meta name=\"twitter:data1\" content=\"Praktikantin\" \/>\n\t<meta name=\"twitter:label2\" content=\"Gesch\u00e4tzte Lesezeit\" \/>\n\t<meta name=\"twitter:data2\" content=\"3 Minuten\" \/>\n<script type=\"application\/ld+json\" class=\"yoast-schema-graph\">{\"@context\":\"https:\\\/\\\/schema.org\",\"@graph\":[{\"@type\":\"Article\",\"@id\":\"https:\\\/\\\/www.landwirt.com\\\/news\\\/bio-austria-fachtagung-liefert-impulse-fur-die-zukunft-der-biolandwirtschaft\\\/#article\",\"isPartOf\":{\"@id\":\"https:\\\/\\\/www.landwirt.com\\\/news\\\/bio-austria-fachtagung-liefert-impulse-fur-die-zukunft-der-biolandwirtschaft\\\/\"},\"author\":{\"name\":\"Praktikantin\",\"@id\":\"https:\\\/\\\/www.landwirt.com\\\/news\\\/#\\\/schema\\\/person\\\/17ef3e7fae9151b8a415e32147acf62a\"},\"headline\":\"BIO AUSTRIA: Fachtagung liefert Impulse f\u00fcr die Zukunft der Bio-Landwirtschaft\",\"datePublished\":\"2021-06-10T05:51:43+00:00\",\"dateModified\":\"2022-01-26T08:33:20+00:00\",\"mainEntityOfPage\":{\"@id\":\"https:\\\/\\\/www.landwirt.com\\\/news\\\/bio-austria-fachtagung-liefert-impulse-fur-die-zukunft-der-biolandwirtschaft\\\/\"},\"wordCount\":482,\"publisher\":{\"@id\":\"https:\\\/\\\/www.landwirt.com\\\/news\\\/#organization\"},\"image\":{\"@id\":\"https:\\\/\\\/www.landwirt.com\\\/news\\\/bio-austria-fachtagung-liefert-impulse-fur-die-zukunft-der-biolandwirtschaft\\\/#primaryimage\"},\"thumbnailUrl\":\"https:\\\/\\\/www.landwirt.com\\\/news\\\/wp-content\\\/uploads\\\/2021\\\/06\\\/Untitled-2.jpg\",\"keywords\":[\"Bio Austria\",\"Bio Landwirtschaft\",\"Bio-Betrieb\",\"Biobauer\",\"Nachhaltigkeit\",\"Tierwohl\"],\"articleSection\":[\"Landwirt\",\"Werbung\"],\"inLanguage\":\"de-AT\"},{\"@type\":\"WebPage\",\"@id\":\"https:\\\/\\\/www.landwirt.com\\\/news\\\/bio-austria-fachtagung-liefert-impulse-fur-die-zukunft-der-biolandwirtschaft\\\/\",\"url\":\"https:\\\/\\\/www.landwirt.com\\\/news\\\/bio-austria-fachtagung-liefert-impulse-fur-die-zukunft-der-biolandwirtschaft\\\/\",\"name\":\"BIO AUSTRIA: Fachtagung liefert Impulse f\u00fcr die Zukunft der Bio-Landwirtschaft - Landwirt.com News\",\"isPartOf\":{\"@id\":\"https:\\\/\\\/www.landwirt.com\\\/news\\\/#website\"},\"primaryImageOfPage\":{\"@id\":\"https:\\\/\\\/www.landwirt.com\\\/news\\\/bio-austria-fachtagung-liefert-impulse-fur-die-zukunft-der-biolandwirtschaft\\\/#primaryimage\"},\"image\":{\"@id\":\"https:\\\/\\\/www.landwirt.com\\\/news\\\/bio-austria-fachtagung-liefert-impulse-fur-die-zukunft-der-biolandwirtschaft\\\/#primaryimage\"},\"thumbnailUrl\":\"https:\\\/\\\/www.landwirt.com\\\/news\\\/wp-content\\\/uploads\\\/2021\\\/06\\\/Untitled-2.jpg\",\"datePublished\":\"2021-06-10T05:51:43+00:00\",\"dateModified\":\"2022-01-26T08:33:20+00:00\",\"breadcrumb\":{\"@id\":\"https:\\\/\\\/www.landwirt.com\\\/news\\\/bio-austria-fachtagung-liefert-impulse-fur-die-zukunft-der-biolandwirtschaft\\\/#breadcrumb\"},\"inLanguage\":\"de-AT\",\"potentialAction\":[{\"@type\":\"ReadAction\",\"target\":[\"https:\\\/\\\/www.landwirt.com\\\/news\\\/bio-austria-fachtagung-liefert-impulse-fur-die-zukunft-der-biolandwirtschaft\\\/\"]}]},{\"@type\":\"ImageObject\",\"inLanguage\":\"de-AT\",\"@id\":\"https:\\\/\\\/www.landwirt.com\\\/news\\\/bio-austria-fachtagung-liefert-impulse-fur-die-zukunft-der-biolandwirtschaft\\\/#primaryimage\",\"url\":\"https:\\\/\\\/www.landwirt.com\\\/news\\\/wp-content\\\/uploads\\\/2021\\\/06\\\/Untitled-2.jpg\",\"contentUrl\":\"https:\\\/\\\/www.landwirt.com\\\/news\\\/wp-content\\\/uploads\\\/2021\\\/06\\\/Untitled-2.jpg\",\"width\":495,\"height\":400},{\"@type\":\"BreadcrumbList\",\"@id\":\"https:\\\/\\\/www.landwirt.com\\\/news\\\/bio-austria-fachtagung-liefert-impulse-fur-die-zukunft-der-biolandwirtschaft\\\/#breadcrumb\",\"itemListElement\":[{\"@type\":\"ListItem\",\"position\":1,\"name\":\"Home\",\"item\":\"https:\\\/\\\/www.landwirt.com\\\/news\\\/home\\\/\"},{\"@type\":\"ListItem\",\"position\":2,\"name\":\"BIO AUSTRIA: Fachtagung liefert Impulse f\u00fcr die Zukunft der Bio-Landwirtschaft\"}]},{\"@type\":\"WebSite\",\"@id\":\"https:\\\/\\\/www.landwirt.com\\\/news\\\/#website\",\"url\":\"https:\\\/\\\/www.landwirt.com\\\/news\\\/\",\"name\":\"Landwirt.com News\",\"description\":\"Landwirt.com News\",\"publisher\":{\"@id\":\"https:\\\/\\\/www.landwirt.com\\\/news\\\/#organization\"},\"potentialAction\":[{\"@type\":\"SearchAction\",\"target\":{\"@type\":\"EntryPoint\",\"urlTemplate\":\"https:\\\/\\\/www.landwirt.com\\\/news\\\/?s={search_term_string}\"},\"query-input\":{\"@type\":\"PropertyValueSpecification\",\"valueRequired\":true,\"valueName\":\"search_term_string\"}}],\"inLanguage\":\"de-AT\"},{\"@type\":\"Organization\",\"@id\":\"https:\\\/\\\/www.landwirt.com\\\/news\\\/#organization\",\"name\":\"LANDWIRT.COM GMBH\",\"url\":\"https:\\\/\\\/www.landwirt.com\\\/news\\\/\",\"logo\":{\"@type\":\"ImageObject\",\"inLanguage\":\"de-AT\",\"@id\":\"https:\\\/\\\/www.landwirt.com\\\/news\\\/#\\\/schema\\\/logo\\\/image\\\/\",\"url\":\"https:\\\/\\\/www.landwirt.com\\\/news\\\/wp-content\\\/uploads\\\/2020\\\/02\\\/LW-logo.png\",\"contentUrl\":\"https:\\\/\\\/www.landwirt.com\\\/news\\\/wp-content\\\/uploads\\\/2020\\\/02\\\/LW-logo.png\",\"width\":250,\"height\":58,\"caption\":\"LANDWIRT.COM GMBH\"},\"image\":{\"@id\":\"https:\\\/\\\/www.landwirt.com\\\/news\\\/#\\\/schema\\\/logo\\\/image\\\/\"}},{\"@type\":\"Person\",\"@id\":\"https:\\\/\\\/www.landwirt.com\\\/news\\\/#\\\/schema\\\/person\\\/17ef3e7fae9151b8a415e32147acf62a\",\"name\":\"Praktikantin\",\"image\":{\"@type\":\"ImageObject\",\"inLanguage\":\"de-AT\",\"@id\":\"https:\\\/\\\/secure.gravatar.com\\\/avatar\\\/d815a63b52b029dbc85fe20d473a4778a1a63f56e4de4b126a19c2c196a2cefa?s=96&d=mm&r=g\",\"url\":\"https:\\\/\\\/secure.gravatar.com\\\/avatar\\\/d815a63b52b029dbc85fe20d473a4778a1a63f56e4de4b126a19c2c196a2cefa?s=96&d=mm&r=g\",\"contentUrl\":\"https:\\\/\\\/secure.gravatar.com\\\/avatar\\\/d815a63b52b029dbc85fe20d473a4778a1a63f56e4de4b126a19c2c196a2cefa?s=96&d=mm&r=g\",\"caption\":\"Praktikantin\"},\"url\":\"https:\\\/\\\/www.landwirt.com\\\/news\\\/author\\\/praktikantin\\\/\"}]}<\/script>\n<!-- \/ Yoast SEO plugin. -->","yoast_head_json":{"title":"BIO AUSTRIA: Fachtagung liefert Impulse f\u00fcr die Zukunft der Bio-Landwirtschaft - Landwirt.com News","robots":{"index":"index","follow":"follow","max-snippet":"max-snippet:-1","max-image-preview":"max-image-preview:large","max-video-preview":"max-video-preview:-1"},"og_locale":"de_DE","og_type":"article","og_title":"BIO AUSTRIA: Fachtagung liefert Impulse f\u00fcr die Zukunft der Bio-Landwirtschaft - Landwirt.com News","og_description":"Praxistaugliche Anwendung der EU-Bio-Verordnung Voraussetzung f\u00fcr positive Entwicklung der Bio-Landwirtschaft in Europa.","og_url":"https:\/\/www.landwirt.com\/news\/bio-austria-fachtagung-liefert-impulse-fur-die-zukunft-der-biolandwirtschaft\/","og_site_name":"Landwirt.com News","article_published_time":"2021-06-10T05:51:43+00:00","article_modified_time":"2022-01-26T08:33:20+00:00","og_image":[{"width":495,"height":400,"url":"https:\/\/www.landwirt.com\/news\/wp-content\/uploads\/2021\/06\/Untitled-2.jpg","type":"image\/jpeg"}],"author":"Praktikantin","twitter_card":"summary_large_image","twitter_misc":{"Verfasst von":"Praktikantin","Gesch\u00e4tzte Lesezeit":"3 Minuten"},"schema":{"@context":"https:\/\/schema.org","@graph":[{"@type":"Article","@id":"https:\/\/www.landwirt.com\/news\/bio-austria-fachtagung-liefert-impulse-fur-die-zukunft-der-biolandwirtschaft\/#article","isPartOf":{"@id":"https:\/\/www.landwirt.com\/news\/bio-austria-fachtagung-liefert-impulse-fur-die-zukunft-der-biolandwirtschaft\/"},"author":{"name":"Praktikantin","@id":"https:\/\/www.landwirt.com\/news\/#\/schema\/person\/17ef3e7fae9151b8a415e32147acf62a"},"headline":"BIO AUSTRIA: Fachtagung liefert Impulse f\u00fcr die Zukunft der Bio-Landwirtschaft","datePublished":"2021-06-10T05:51:43+00:00","dateModified":"2022-01-26T08:33:20+00:00","mainEntityOfPage":{"@id":"https:\/\/www.landwirt.com\/news\/bio-austria-fachtagung-liefert-impulse-fur-die-zukunft-der-biolandwirtschaft\/"},"wordCount":482,"publisher":{"@id":"https:\/\/www.landwirt.com\/news\/#organization"},"image":{"@id":"https:\/\/www.landwirt.com\/news\/bio-austria-fachtagung-liefert-impulse-fur-die-zukunft-der-biolandwirtschaft\/#primaryimage"},"thumbnailUrl":"https:\/\/www.landwirt.com\/news\/wp-content\/uploads\/2021\/06\/Untitled-2.jpg","keywords":["Bio Austria","Bio Landwirtschaft","Bio-Betrieb","Biobauer","Nachhaltigkeit","Tierwohl"],"articleSection":["Landwirt","Werbung"],"inLanguage":"de-AT"},{"@type":"WebPage","@id":"https:\/\/www.landwirt.com\/news\/bio-austria-fachtagung-liefert-impulse-fur-die-zukunft-der-biolandwirtschaft\/","url":"https:\/\/www.landwirt.com\/news\/bio-austria-fachtagung-liefert-impulse-fur-die-zukunft-der-biolandwirtschaft\/","name":"BIO AUSTRIA: Fachtagung liefert Impulse f\u00fcr die Zukunft der Bio-Landwirtschaft - Landwirt.com News","isPartOf":{"@id":"https:\/\/www.landwirt.com\/news\/#website"},"primaryImageOfPage":{"@id":"https:\/\/www.landwirt.com\/news\/bio-austria-fachtagung-liefert-impulse-fur-die-zukunft-der-biolandwirtschaft\/#primaryimage"},"image":{"@id":"https:\/\/www.landwirt.com\/news\/bio-austria-fachtagung-liefert-impulse-fur-die-zukunft-der-biolandwirtschaft\/#primaryimage"},"thumbnailUrl":"https:\/\/www.landwirt.com\/news\/wp-content\/uploads\/2021\/06\/Untitled-2.jpg","datePublished":"2021-06-10T05:51:43+00:00","dateModified":"2022-01-26T08:33:20+00:00","breadcrumb":{"@id":"https:\/\/www.landwirt.com\/news\/bio-austria-fachtagung-liefert-impulse-fur-die-zukunft-der-biolandwirtschaft\/#breadcrumb"},"inLanguage":"de-AT","potentialAction":[{"@type":"ReadAction","target":["https:\/\/www.landwirt.com\/news\/bio-austria-fachtagung-liefert-impulse-fur-die-zukunft-der-biolandwirtschaft\/"]}]},{"@type":"ImageObject","inLanguage":"de-AT","@id":"https:\/\/www.landwirt.com\/news\/bio-austria-fachtagung-liefert-impulse-fur-die-zukunft-der-biolandwirtschaft\/#primaryimage","url":"https:\/\/www.landwirt.com\/news\/wp-content\/uploads\/2021\/06\/Untitled-2.jpg","contentUrl":"https:\/\/www.landwirt.com\/news\/wp-content\/uploads\/2021\/06\/Untitled-2.jpg","width":495,"height":400},{"@type":"BreadcrumbList","@id":"https:\/\/www.landwirt.com\/news\/bio-austria-fachtagung-liefert-impulse-fur-die-zukunft-der-biolandwirtschaft\/#breadcrumb","itemListElement":[{"@type":"ListItem","position":1,"name":"Home","item":"https:\/\/www.landwirt.com\/news\/home\/"},{"@type":"ListItem","position":2,"name":"BIO AUSTRIA: Fachtagung liefert Impulse f\u00fcr die Zukunft der Bio-Landwirtschaft"}]},{"@type":"WebSite","@id":"https:\/\/www.landwirt.com\/news\/#website","url":"https:\/\/www.landwirt.com\/news\/","name":"Landwirt.com News","description":"Landwirt.com News","publisher":{"@id":"https:\/\/www.landwirt.com\/news\/#organization"},"potentialAction":[{"@type":"SearchAction","target":{"@type":"EntryPoint","urlTemplate":"https:\/\/www.landwirt.com\/news\/?s={search_term_string}"},"query-input":{"@type":"PropertyValueSpecification","valueRequired":true,"valueName":"search_term_string"}}],"inLanguage":"de-AT"},{"@type":"Organization","@id":"https:\/\/www.landwirt.com\/news\/#organization","name":"LANDWIRT.COM GMBH","url":"https:\/\/www.landwirt.com\/news\/","logo":{"@type":"ImageObject","inLanguage":"de-AT","@id":"https:\/\/www.landwirt.com\/news\/#\/schema\/logo\/image\/","url":"https:\/\/www.landwirt.com\/news\/wp-content\/uploads\/2020\/02\/LW-logo.png","contentUrl":"https:\/\/www.landwirt.com\/news\/wp-content\/uploads\/2020\/02\/LW-logo.png","width":250,"height":58,"caption":"LANDWIRT.COM GMBH"},"image":{"@id":"https:\/\/www.landwirt.com\/news\/#\/schema\/logo\/image\/"}},{"@type":"Person","@id":"https:\/\/www.landwirt.com\/news\/#\/schema\/person\/17ef3e7fae9151b8a415e32147acf62a","name":"Praktikantin","image":{"@type":"ImageObject","inLanguage":"de-AT","@id":"https:\/\/secure.gravatar.com\/avatar\/d815a63b52b029dbc85fe20d473a4778a1a63f56e4de4b126a19c2c196a2cefa?s=96&d=mm&r=g","url":"https:\/\/secure.gravatar.com\/avatar\/d815a63b52b029dbc85fe20d473a4778a1a63f56e4de4b126a19c2c196a2cefa?s=96&d=mm&r=g","contentUrl":"https:\/\/secure.gravatar.com\/avatar\/d815a63b52b029dbc85fe20d473a4778a1a63f56e4de4b126a19c2c196a2cefa?s=96&d=mm&r=g","caption":"Praktikantin"},"url":"https:\/\/www.landwirt.com\/news\/author\/praktikantin\/"}]}},"_links":{"self":[{"href":"https:\/\/www.landwirt.com\/news\/wp-json\/wp\/v2\/posts\/6377","targetHints":{"allow":["GET"]}}],"collection":[{"href":"https:\/\/www.landwirt.com\/news\/wp-json\/wp\/v2\/posts"}],"about":[{"href":"https:\/\/www.landwirt.com\/news\/wp-json\/wp\/v2\/types\/post"}],"author":[{"embeddable":true,"href":"https:\/\/www.landwirt.com\/news\/wp-json\/wp\/v2\/users\/12"}],"replies":[{"embeddable":true,"href":"https:\/\/www.landwirt.com\/news\/wp-json\/wp\/v2\/comments?post=6377"}],"version-history":[{"count":4,"href":"https:\/\/www.landwirt.com\/news\/wp-json\/wp\/v2\/posts\/6377\/revisions"}],"predecessor-version":[{"id":6386,"href":"https:\/\/www.landwirt.com\/news\/wp-json\/wp\/v2\/posts\/6377\/revisions\/6386"}],"wp:featuredmedia":[{"embeddable":true,"href":"https:\/\/www.landwirt.com\/news\/wp-json\/wp\/v2\/media\/6383"}],"wp:attachment":[{"href":"https:\/\/www.landwirt.com\/news\/wp-json\/wp\/v2\/media?parent=6377"}],"wp:term":[{"taxonomy":"category","embeddable":true,"href":"https:\/\/www.landwirt.com\/news\/wp-json\/wp\/v2\/categories?post=6377"},{"taxonomy":"post_tag","embeddable":true,"href":"https:\/\/www.landwirt.com\/news\/wp-json\/wp\/v2\/tags?post=6377"}],"curies":[{"name":"wp","href":"https:\/\/api.w.org\/{rel}","templated":true}]}}