{"id":6218,"date":"2021-05-18T13:24:12","date_gmt":"2021-05-18T11:24:12","guid":{"rendered":"https:\/\/www.landwirt.com\/news\/?p=6218"},"modified":"2022-10-04T12:31:06","modified_gmt":"2022-10-04T10:31:06","slug":"case-ih-farmall-75-a","status":"publish","type":"post","link":"https:\/\/www.landwirt.com\/news\/case-ih-farmall-75-a\/","title":{"rendered":"Case IH 75 A &#8211; ein Allrounder startet durch"},"content":{"rendered":"\n<style type=\"text\/css\" data-created_by=\"avia_inline_auto\" id=\"style-css-av-2fqzkd-6ee81c34c4c30ef028a43e9d2417c58d\">\n#top .av-special-heading.av-2fqzkd-6ee81c34c4c30ef028a43e9d2417c58d{\npadding-bottom:10px;\n}\nbody .av-special-heading.av-2fqzkd-6ee81c34c4c30ef028a43e9d2417c58d .av-special-heading-tag .heading-char{\nfont-size:25px;\n}\n.av-special-heading.av-2fqzkd-6ee81c34c4c30ef028a43e9d2417c58d .av-subheading{\nfont-size:15px;\n}\n<\/style>\n<div  class='av-special-heading av-2fqzkd-6ee81c34c4c30ef028a43e9d2417c58d av-special-heading-h1 blockquote modern-quote modern-centered  avia-builder-el-0  el_before_av_one_full  avia-builder-el-first '><h1 class='av-special-heading-tag '  itemprop=\"headline\"  >Case IH 75 A &#8211; ein Allrounder startet durch<\/h1><div class=\"special-heading-border\"><div class=\"special-heading-inner-border\"><\/div><\/div><\/div>\n\n<style type=\"text\/css\" data-created_by=\"avia_inline_auto\" id=\"style-css-av-ckryuq-56aeb38234fdf52ded4dc0361fc07c9b\">\n.flex_column.av-ckryuq-56aeb38234fdf52ded4dc0361fc07c9b{\nborder-radius:0px 0px 0px 0px;\npadding:0px 0px 0px 0px;\n}\n<\/style>\n<div  class='flex_column av-ckryuq-56aeb38234fdf52ded4dc0361fc07c9b av_one_full  avia-builder-el-1  el_after_av_heading  el_before_av_hr  first flex_column_div av-zero-column-padding  '     ><section  class='av_textblock_section av-k9l0at97-04d3b5d22091f411bafc3c0fb372d8dd '   itemscope=\"itemscope\" itemtype=\"https:\/\/schema.org\/BlogPosting\" itemprop=\"blogPost\" ><div class='avia_textblock'  itemprop=\"text\" ><p style=\"text-align: center;\"><strong>F\u00fcr alle jene, die nach einem kompakten und vielseitigen Traktor suchen \u2013 der Case IH Farmall 75 A wird bei den landwirtschaftlichen Betrieben immer mehr nachgefragt. Ein perfektes Preis-Leistungsverh\u00e4ltnis gepaart mit maximaler Funktionalit\u00e4t sprechen f\u00fcr den kompakten Allrounder.<\/strong><\/p>\n<\/div><\/section><\/div>\n<div  class='hr av-2nhrkx-7b5ec53ab0d39e51343a2727380b4de3 hr-default  avia-builder-el-3  el_after_av_one_full  el_before_av_image '><span class='hr-inner '><span class=\"hr-inner-style\"><\/span><\/span><\/div>\n\n<style type=\"text\/css\" data-created_by=\"avia_inline_auto\" id=\"style-css-av-kbuijq0q-7c55d364f936d022af4fc0d71f5e37a7\">\n.avia-image-container.av-kbuijq0q-7c55d364f936d022af4fc0d71f5e37a7 img.avia_image{\nbox-shadow:none;\n}\n.avia-image-container.av-kbuijq0q-7c55d364f936d022af4fc0d71f5e37a7 .av-image-caption-overlay-center{\ncolor:#ffffff;\n}\n<\/style>\n<div  class='avia-image-container av-kbuijq0q-7c55d364f936d022af4fc0d71f5e37a7 av-styling- avia-align-center  avia-builder-el-4  el_after_av_hr  el_before_av_hr '   itemprop=\"image\" itemscope=\"itemscope\" itemtype=\"https:\/\/schema.org\/ImageObject\" ><div class=\"avia-image-container-inner\"><div class=\"avia-image-overlay-wrap\"><img decoding=\"async\" fetchpriority=\"high\" class='wp-image-6221 avia-img-lazy-loading-not-6221 avia_image ' src=\"https:\/\/www.landwirt.com\/news\/wp-content\/uploads\/2021\/05\/top.jpg\" alt='' title='top'  height=\"831\" width=\"2282\"  itemprop=\"thumbnailUrl\" srcset=\"https:\/\/www.landwirt.com\/news\/wp-content\/uploads\/2021\/05\/top.jpg 2282w, https:\/\/www.landwirt.com\/news\/wp-content\/uploads\/2021\/05\/top-300x109.jpg 300w, https:\/\/www.landwirt.com\/news\/wp-content\/uploads\/2021\/05\/top-1030x375.jpg 1030w, https:\/\/www.landwirt.com\/news\/wp-content\/uploads\/2021\/05\/top-768x280.jpg 768w, https:\/\/www.landwirt.com\/news\/wp-content\/uploads\/2021\/05\/top-1536x559.jpg 1536w, https:\/\/www.landwirt.com\/news\/wp-content\/uploads\/2021\/05\/top-2048x746.jpg 2048w, https:\/\/www.landwirt.com\/news\/wp-content\/uploads\/2021\/05\/top-1500x546.jpg 1500w, https:\/\/www.landwirt.com\/news\/wp-content\/uploads\/2021\/05\/top-705x257.jpg 705w\" sizes=\"(max-width: 2282px) 100vw, 2282px\" \/><\/div><\/div><\/div>\n\n<style type=\"text\/css\" data-created_by=\"avia_inline_auto\" id=\"style-css-av-kotyqqmg-630463532cb98fdb9bb09effa151bf93\">\n#top .hr.hr-invisible.av-kotyqqmg-630463532cb98fdb9bb09effa151bf93{\nheight:30px;\n}\n<\/style>\n<div  class='hr av-kotyqqmg-630463532cb98fdb9bb09effa151bf93 hr-invisible  avia-builder-el-5  el_after_av_image  el_before_av_one_full '><span class='hr-inner '><span class=\"hr-inner-style\"><\/span><\/span><\/div>\n\n<style type=\"text\/css\" data-created_by=\"avia_inline_auto\" id=\"style-css-av-4viai2-00d050a8062af5270693f0e8f4138e7d\">\n.flex_column.av-4viai2-00d050a8062af5270693f0e8f4138e7d{\nborder-radius:0px 0px 0px 0px;\npadding:0px 0px 0px 0px;\n}\n<\/style>\n<div  class='flex_column av-4viai2-00d050a8062af5270693f0e8f4138e7d av_one_full  avia-builder-el-6  el_after_av_hr  el_before_av_three_fifth  first flex_column_div av-zero-column-padding  '     ><section  class='av_textblock_section av-2q3ife-243a73f28718a0d7b22c13809b875bdf '   itemscope=\"itemscope\" itemtype=\"https:\/\/schema.org\/BlogPosting\" itemprop=\"blogPost\" ><div class='avia_textblock'  itemprop=\"text\" ><h2 style=\"text-align: left;\">Einfaches Handling, mehr Komfort<\/h2>\n<p style=\"text-align: left;\">\nNeben leistungsstarken Motoren, kompakten Abmessungen und optimaler Wendigkeit, zeichnet sich der Case IH Farmall 75 A vor allem durch praktische Detaill\u00f6sungen, sowie den in dieser Preisklasse \u00fcberdurchschnittlichen Kabinenkomfort aus.<br \/>\nMit 2.930 cm\u00b3 Hubraum im Motor und einer Hydraulikleistung von 47 l\/min kann man den Farmall 75 A durchaus auch f\u00fcr landwirtschaftlich anspruchsvolle Arbeiten einsetzen.<\/p>\n<\/div><\/section><\/div>\n\n<style type=\"text\/css\" data-created_by=\"avia_inline_auto\" id=\"style-css-av-6ehg94-22c39732192ab7aec7323df9274e3266\">\n.flex_column.av-6ehg94-22c39732192ab7aec7323df9274e3266{\nborder-radius:0px 0px 0px 0px;\npadding:0px 0px 0px 0px;\n}\n<\/style>\n<div  class='flex_column av-6ehg94-22c39732192ab7aec7323df9274e3266 av_three_fifth  avia-builder-el-8  el_after_av_one_full  el_before_av_two_fifth  first flex_column_div av-zero-column-padding  column-top-margin'     ><section  class='av_textblock_section av-kmzxhhu7-764d2ec8d80e9a0754344232d6c3b801 '   itemscope=\"itemscope\" itemtype=\"https:\/\/schema.org\/BlogPosting\" itemprop=\"blogPost\" ><div class='avia_textblock'  itemprop=\"text\" ><h2>Kabine und Ausstattung<\/h2>\n<p>Das moderne Design der Motorhaube hat sich der Farmall 75 A von seinen gro\u00dfen Br\u00fcdern abgeschaut. Die Abschr\u00e4gung nach vorne gew\u00e4hrleistet dabei eine hervorragende Sicht auf die Technik im Frontanbau. Alle Bedienelemente sind selbsterkl\u00e4rend, \u00fcberschaubar angeordnet und einfach zum Erreichen. Zur Auswahl steht eine ger\u00e4umige Komfortkabine oder eine einfache B\u00fcgelversion (Rops), die vor allem im Sonderkulturen-Bereich beliebt ist. Unterschiedlichste Ausstattungsvarianten erm\u00f6glichen eine perfekte Abstimmung auf die jeweiligen Anforderungen des Betriebes. Zudem gibt es den Farmall 75 A auch mit reinem Hinterradantrieb.<\/p>\n<\/div><\/section><\/div>\n\n<style type=\"text\/css\" data-created_by=\"avia_inline_auto\" id=\"style-css-av-7zp00q-e703194476b348eeb2c525fc61a45d5f\">\n.flex_column.av-7zp00q-e703194476b348eeb2c525fc61a45d5f{\nborder-radius:0px 0px 0px 0px;\npadding:0px 0px 0px 0px;\n}\n<\/style>\n<div  class='flex_column av-7zp00q-e703194476b348eeb2c525fc61a45d5f av_two_fifth  avia-builder-el-10  el_after_av_three_fifth  el_before_av_three_fifth  flex_column_div av-zero-column-padding  column-top-margin'     ><style type=\"text\/css\" data-created_by=\"avia_inline_auto\" id=\"style-css-av-kotylhnr-8c8d8cf818b90a3a225afd38787762c9\">\n.avia-image-container.av-kotylhnr-8c8d8cf818b90a3a225afd38787762c9 img.avia_image{\nbox-shadow:none;\n}\n.avia-image-container.av-kotylhnr-8c8d8cf818b90a3a225afd38787762c9 .av-image-caption-overlay-center{\ncolor:#ffffff;\n}\n<\/style>\n<div  class='avia-image-container av-kotylhnr-8c8d8cf818b90a3a225afd38787762c9 av-styling- avia-align-center  avia-builder-el-11  avia-builder-el-no-sibling '   itemprop=\"image\" itemscope=\"itemscope\" itemtype=\"https:\/\/schema.org\/ImageObject\" ><div class=\"avia-image-container-inner\"><div class=\"avia-image-overlay-wrap\"><img decoding=\"async\" fetchpriority=\"high\" class='wp-image-6222 avia-img-lazy-loading-not-6222 avia_image ' src=\"https:\/\/www.landwirt.com\/news\/wp-content\/uploads\/2021\/05\/Farmall-75-A-Kabine-2.png\" alt='' title='Farmall 75 A Kabine (2)'  height=\"4524\" width=\"6910\"  itemprop=\"thumbnailUrl\" srcset=\"https:\/\/www.landwirt.com\/news\/wp-content\/uploads\/2021\/05\/Farmall-75-A-Kabine-2.png 6910w, https:\/\/www.landwirt.com\/news\/wp-content\/uploads\/2021\/05\/Farmall-75-A-Kabine-2-300x196.png 300w, https:\/\/www.landwirt.com\/news\/wp-content\/uploads\/2021\/05\/Farmall-75-A-Kabine-2-1030x674.png 1030w, https:\/\/www.landwirt.com\/news\/wp-content\/uploads\/2021\/05\/Farmall-75-A-Kabine-2-768x503.png 768w, https:\/\/www.landwirt.com\/news\/wp-content\/uploads\/2021\/05\/Farmall-75-A-Kabine-2-1536x1006.png 1536w, https:\/\/www.landwirt.com\/news\/wp-content\/uploads\/2021\/05\/Farmall-75-A-Kabine-2-2048x1341.png 2048w, https:\/\/www.landwirt.com\/news\/wp-content\/uploads\/2021\/05\/Farmall-75-A-Kabine-2-1500x982.png 1500w, https:\/\/www.landwirt.com\/news\/wp-content\/uploads\/2021\/05\/Farmall-75-A-Kabine-2-705x462.png 705w\" sizes=\"(max-width: 6910px) 100vw, 6910px\" \/><\/div><\/div><\/div><\/div>\n\n<style type=\"text\/css\" data-created_by=\"avia_inline_auto\" id=\"style-css-av-5s17a2-6ca03de6d83027f88f819fd1bcb43cc9\">\n.flex_column.av-5s17a2-6ca03de6d83027f88f819fd1bcb43cc9{\nborder-radius:0px 0px 0px 0px;\npadding:0px 0px 0px 0px;\n}\n<\/style>\n<div  class='flex_column av-5s17a2-6ca03de6d83027f88f819fd1bcb43cc9 av_three_fifth  avia-builder-el-12  el_after_av_two_fifth  el_before_av_two_fifth  first flex_column_div av-zero-column-padding  '     ><section  class='av_textblock_section av-kotycues-7803f13acee59b9ed98bb480b3013716 '   itemscope=\"itemscope\" itemtype=\"https:\/\/schema.org\/BlogPosting\" itemprop=\"blogPost\" ><div class='avia_textblock'  itemprop=\"text\" ><h2>Abgasstufe V ohne AdBlue<\/h2>\n<p>Im Case IH Farmall 75 A ist ein 2,9 l FPT-Motor verbaut. Dank Turbolader und Ladeluftk\u00fchler wird die maximale Leistung bereits bei 1.900 U\/min erreicht. Alle Modelle sind mit einem wartungsfreien Diesel-Oxidationskatalysator (DOC) ausgestattet. Somit sind die Vorgaben von Abgasstufe V ohne den Einsatz von Diesel-Emissions-Fluid (AdBlue) erf\u00fcllbar. Hinzu kommt die Einsparung an Wartungskosten dank langem \u00d6lwechselintervall von 600 Stunden. Beim Standardgetriebe handelt es sich um ein 12\u00d712 Synchroshift-Getriebe mit mechanischer Wendeschaltung. Bei der Allradversion steht auch ein 12\u00d712 Powershuttle-Getriebe f\u00fcr kupplungsfreies R\u00fcckw\u00e4rts- und Vorw\u00e4rtsfahren zur Verf\u00fcgung.<\/p>\n<\/div><\/section><\/div>\n\n<style type=\"text\/css\" data-created_by=\"avia_inline_auto\" id=\"style-css-av-3xw5oq-7a47100fe60bfd5c845a552dafd9e300\">\n.flex_column.av-3xw5oq-7a47100fe60bfd5c845a552dafd9e300{\nborder-radius:0px 0px 0px 0px;\npadding:0px 0px 0px 0px;\n}\n<\/style>\n<div  class='flex_column av-3xw5oq-7a47100fe60bfd5c845a552dafd9e300 av_two_fifth  avia-builder-el-14  el_after_av_three_fifth  el_before_av_three_fifth  flex_column_div av-zero-column-padding  '     ><style type=\"text\/css\" data-created_by=\"avia_inline_auto\" id=\"style-css-av-kotymkub-ae183c11e6a1da1f2f58a84c3f327ea3\">\n.avia-image-container.av-kotymkub-ae183c11e6a1da1f2f58a84c3f327ea3 img.avia_image{\nbox-shadow:none;\n}\n.avia-image-container.av-kotymkub-ae183c11e6a1da1f2f58a84c3f327ea3 .av-image-caption-overlay-center{\ncolor:#ffffff;\n}\n<\/style>\n<div  class='avia-image-container av-kotymkub-ae183c11e6a1da1f2f58a84c3f327ea3 av-styling- avia-align-center  avia-builder-el-15  avia-builder-el-no-sibling '   itemprop=\"image\" itemscope=\"itemscope\" itemtype=\"https:\/\/schema.org\/ImageObject\" ><div class=\"avia-image-container-inner\"><div class=\"avia-image-overlay-wrap\"><img decoding=\"async\" fetchpriority=\"high\" class='wp-image-6223 avia-img-lazy-loading-not-6223 avia_image ' src=\"https:\/\/www.landwirt.com\/news\/wp-content\/uploads\/2021\/05\/Farmall-75-A-Freisteller-1.png\" alt='' title='Farmall 75 A Freisteller (1)'  height=\"3850\" width=\"5768\"  itemprop=\"thumbnailUrl\" srcset=\"https:\/\/www.landwirt.com\/news\/wp-content\/uploads\/2021\/05\/Farmall-75-A-Freisteller-1.png 5768w, https:\/\/www.landwirt.com\/news\/wp-content\/uploads\/2021\/05\/Farmall-75-A-Freisteller-1-300x200.png 300w, https:\/\/www.landwirt.com\/news\/wp-content\/uploads\/2021\/05\/Farmall-75-A-Freisteller-1-1030x688.png 1030w, https:\/\/www.landwirt.com\/news\/wp-content\/uploads\/2021\/05\/Farmall-75-A-Freisteller-1-768x513.png 768w, https:\/\/www.landwirt.com\/news\/wp-content\/uploads\/2021\/05\/Farmall-75-A-Freisteller-1-1536x1025.png 1536w, https:\/\/www.landwirt.com\/news\/wp-content\/uploads\/2021\/05\/Farmall-75-A-Freisteller-1-2048x1367.png 2048w, https:\/\/www.landwirt.com\/news\/wp-content\/uploads\/2021\/05\/Farmall-75-A-Freisteller-1-1500x1001.png 1500w, https:\/\/www.landwirt.com\/news\/wp-content\/uploads\/2021\/05\/Farmall-75-A-Freisteller-1-705x471.png 705w\" sizes=\"(max-width: 5768px) 100vw, 5768px\" \/><\/div><\/div><\/div><\/div>\n\n<style type=\"text\/css\" data-created_by=\"avia_inline_auto\" id=\"style-css-av-3a8ltm-d83662b1ca1a2fc94afda5a646e69e5a\">\n.flex_column.av-3a8ltm-d83662b1ca1a2fc94afda5a646e69e5a{\nborder-radius:0px 0px 0px 0px;\npadding:0px 0px 0px 0px;\n}\n<\/style>\n<div  class='flex_column av-3a8ltm-d83662b1ca1a2fc94afda5a646e69e5a av_three_fifth  avia-builder-el-16  el_after_av_two_fifth  el_before_av_two_fifth  first flex_column_div av-zero-column-padding  '     ><section  class='av_textblock_section av-kotye0yn-635cf1e3ac844fda51faa7c763fef619 '   itemscope=\"itemscope\" itemtype=\"https:\/\/schema.org\/BlogPosting\" itemprop=\"blogPost\" ><div class='avia_textblock'  itemprop=\"text\" ><h2>Ideal f\u00fcr alle Ladearbeiten<\/h2>\n<p>Um f\u00fcr Laderarbeiten und Ger\u00e4tschaften im Frontanbau bestens ger\u00fcstet zu sein, ist der Farmall 75 A ist mit einer hochrobusten Vorderachse ausgestattet. Die Hinterachse mit einer maximalen Tragf\u00e4higkeit von 3.700 kg besitzt eine eingebaute, mechanisch ausl\u00f6sbare Differentialsperre. Die gro\u00df dimensionierten \u00d6lbad-Scheibenbremsen sichern beim Allrounder von Case IH eine zuverl\u00e4ssige Bremsleistung. Mit dabei: ein hydraulisches Anh\u00e4ngerbremssystem, das auch wahlweise in pneumatischer Ausf\u00fchrung erh\u00e4ltlich ist.<\/p>\n<\/div><\/section><\/div>\n\n<style type=\"text\/css\" data-created_by=\"avia_inline_auto\" id=\"style-css-av-70rhpk-7fd26f63fab59d88506570dd4cc10a66\">\n.flex_column.av-70rhpk-7fd26f63fab59d88506570dd4cc10a66{\nborder-radius:0px 0px 0px 0px;\npadding:0px 0px 0px 0px;\n}\n<\/style>\n<div  class='flex_column av-70rhpk-7fd26f63fab59d88506570dd4cc10a66 av_two_fifth  avia-builder-el-18  el_after_av_three_fifth  el_before_av_hr  flex_column_div av-zero-column-padding  '     ><style type=\"text\/css\" data-created_by=\"avia_inline_auto\" id=\"style-css-av-kmyotsaa-c9aa96f4ee6cdb54f9f3f15dbce76e1d\">\n.avia-image-container.av-kmyotsaa-c9aa96f4ee6cdb54f9f3f15dbce76e1d img.avia_image{\nbox-shadow:none;\n}\n.avia-image-container.av-kmyotsaa-c9aa96f4ee6cdb54f9f3f15dbce76e1d .av-image-caption-overlay-center{\ncolor:#ffffff;\n}\n<\/style>\n<div  class='avia-image-container av-kmyotsaa-c9aa96f4ee6cdb54f9f3f15dbce76e1d av-styling- avia-align-center  avia-builder-el-19  avia-builder-el-no-sibling '   itemprop=\"image\" itemscope=\"itemscope\" itemtype=\"https:\/\/schema.org\/ImageObject\" ><div class=\"avia-image-container-inner\"><div class=\"avia-image-overlay-wrap\"><img decoding=\"async\" fetchpriority=\"high\" class='wp-image-6224 avia-img-lazy-loading-not-6224 avia_image ' src=\"https:\/\/www.landwirt.com\/news\/wp-content\/uploads\/2021\/05\/Farmall-75-A-Einsatzbilder-1-scaled.jpg\" alt='' title='Farmall 75 A Einsatzbilder (1)'  height=\"1709\" width=\"2560\"  itemprop=\"thumbnailUrl\" srcset=\"https:\/\/www.landwirt.com\/news\/wp-content\/uploads\/2021\/05\/Farmall-75-A-Einsatzbilder-1-scaled.jpg 2560w, https:\/\/www.landwirt.com\/news\/wp-content\/uploads\/2021\/05\/Farmall-75-A-Einsatzbilder-1-300x200.jpg 300w, https:\/\/www.landwirt.com\/news\/wp-content\/uploads\/2021\/05\/Farmall-75-A-Einsatzbilder-1-1030x688.jpg 1030w, https:\/\/www.landwirt.com\/news\/wp-content\/uploads\/2021\/05\/Farmall-75-A-Einsatzbilder-1-768x513.jpg 768w, https:\/\/www.landwirt.com\/news\/wp-content\/uploads\/2021\/05\/Farmall-75-A-Einsatzbilder-1-1536x1025.jpg 1536w, https:\/\/www.landwirt.com\/news\/wp-content\/uploads\/2021\/05\/Farmall-75-A-Einsatzbilder-1-2048x1367.jpg 2048w, https:\/\/www.landwirt.com\/news\/wp-content\/uploads\/2021\/05\/Farmall-75-A-Einsatzbilder-1-1500x1001.jpg 1500w, https:\/\/www.landwirt.com\/news\/wp-content\/uploads\/2021\/05\/Farmall-75-A-Einsatzbilder-1-705x471.jpg 705w\" sizes=\"(max-width: 2560px) 100vw, 2560px\" \/><\/div><\/div><\/div><\/div>\n\n<style type=\"text\/css\" data-created_by=\"avia_inline_auto\" id=\"style-css-av-kotyqzyh-6fde9681e0dd5b80da3cdebe292bb64d\">\n#top .hr.hr-invisible.av-kotyqzyh-6fde9681e0dd5b80da3cdebe292bb64d{\nheight:50px;\n}\n<\/style>\n<div  class='hr av-kotyqzyh-6fde9681e0dd5b80da3cdebe292bb64d hr-invisible  avia-builder-el-20  el_after_av_two_fifth  el_before_av_one_full '><span class='hr-inner '><span class=\"hr-inner-style\"><\/span><\/span><\/div>\n\n<style type=\"text\/css\" data-created_by=\"avia_inline_auto\" id=\"style-css-av-4tq75k-d2848af9a3331f7fc9cacf89a14fa99a\">\n.flex_column.av-4tq75k-d2848af9a3331f7fc9cacf89a14fa99a{\nborder-radius:0px 0px 0px 0px;\npadding:0px 0px 0px 0px;\n}\n<\/style>\n<div  class='flex_column av-4tq75k-d2848af9a3331f7fc9cacf89a14fa99a av_one_full  avia-builder-el-21  el_after_av_hr  el_before_av_section  avia-builder-el-last  first flex_column_div av-zero-column-padding  '     ><section  class='av_textblock_section av-kmzxhrg3-6b63543c7cbf47cbc14071cb39b7a4b4 '   itemscope=\"itemscope\" itemtype=\"https:\/\/schema.org\/BlogPosting\" itemprop=\"blogPost\" ><div class='avia_textblock'  itemprop=\"text\" ><h2>Der Case IH Farmall 75 A Steckbrief:<\/h2>\n<p>&#8211; FPT- Common-Rail-Dieselmotor Abgasstufe V (kein AdBlue erforderlich)<br \/>\n&#8211; Standardgetriebe: 12\u00d712 Synchronshift mit mech. Wendegetriebe, 40 km\/h<br \/>\n&#8211; Standardbereifung: vorne 12.4 R20 | hinten 420\/70 R28<br \/>\n&#8211; Gesamtbreite: 1.922 mm<br \/>\n&#8211; Gesamth\u00f6he: 2.495 mm<br \/>\n&#8211; Hubkraft: 3.000 kg<br \/>\n&#8211; Zapfwelle f\u00fcr 540\/540E U\/min<\/p>\n<p>Mehr Infos finden Sie auf <a href=\"https:\/\/www.caseih.com\/emea\/de-at\">www.caseih.com<\/a>. Am besten Sie fahren ihn selbst bei Ihrem n\u00e4chsten CASE IH Partner.<\/p>\n<\/div><\/section><\/div>\n<\/div><\/div><\/div><!-- close content main div --><\/div><\/div>\n<style type=\"text\/css\" data-created_by=\"avia_inline_auto\" id=\"style-css-av-19lq0q-62d2b9dcbd3b355f9a810089291af244\">\n.avia-section.av-19lq0q-62d2b9dcbd3b355f9a810089291af244{\nbackground-color:rgba(0,0,0,0.1);\nbackground-image:unset;\n}\n<\/style>\n<div id='av_section_1'  class='avia-section av-19lq0q-62d2b9dcbd3b355f9a810089291af244 main_color avia-section-small avia-no-border-styling  avia-builder-el-23  el_after_av_one_full  avia-builder-el-last  avia-bg-style-scroll container_wrap fullsize'  ><div class='container av-section-cont-open' ><div class='template-page content  av-content-full alpha units'><div class='post-entry post-entry-type-page post-entry-6218'><div class='entry-content-wrapper clearfix'>\n\n<style type=\"text\/css\" data-created_by=\"avia_inline_auto\" id=\"style-css-av-ai8lp6-7764c8b9862d2d6a4451ab3bf8c5643f\">\n#top .av-special-heading.av-ai8lp6-7764c8b9862d2d6a4451ab3bf8c5643f{\nmargin:0 0 15px 0;\npadding-bottom:0;\ncolor:#000000;\n}\nbody .av-special-heading.av-ai8lp6-7764c8b9862d2d6a4451ab3bf8c5643f .av-special-heading-tag .heading-char{\nfont-size:25px;\n}\n.av-special-heading.av-ai8lp6-7764c8b9862d2d6a4451ab3bf8c5643f .special-heading-inner-border{\nborder-color:#000000;\n}\n.av-special-heading.av-ai8lp6-7764c8b9862d2d6a4451ab3bf8c5643f .av-subheading{\nfont-size:15px;\n}\n<\/style>\n<div  class='av-special-heading av-ai8lp6-7764c8b9862d2d6a4451ab3bf8c5643f av-special-heading-h4 custom-color-heading blockquote modern-quote modern-centered  avia-builder-el-24  el_before_av_hr  avia-builder-el-first '><h4 class='av-special-heading-tag '  itemprop=\"headline\"  >Das k\u00f6nnte Sie auch interessieren<\/h4><div class=\"special-heading-border\"><div class=\"special-heading-inner-border\"><\/div><\/div><\/div>\n\n<style type=\"text\/css\" data-created_by=\"avia_inline_auto\" id=\"style-css-av-8iqfy2-58eb72268edb7873df77267f26231c2a\">\n#top .hr.av-8iqfy2-58eb72268edb7873df77267f26231c2a{\nmargin-top:0px;\nmargin-bottom:10px;\n}\n.hr.av-8iqfy2-58eb72268edb7873df77267f26231c2a .hr-inner{\nwidth:150px;\nborder-color:#000000;\nmax-width:45%;\n}\n.hr.av-8iqfy2-58eb72268edb7873df77267f26231c2a .av-seperator-icon{\ncolor:#000000;\n}\n.hr.av-8iqfy2-58eb72268edb7873df77267f26231c2a .av-seperator-icon.avia-svg-icon svg:first-child{\nfill:#000000;\nstroke:#000000;\n}\n<\/style>\n<div  class='hr av-8iqfy2-58eb72268edb7873df77267f26231c2a hr-custom  avia-builder-el-25  el_after_av_heading  el_before_av_masonry_entries  avia-builder-el-last  hr-center hr-icon-yes'><span class='hr-inner inner-border-av-border-thin'><span class=\"hr-inner-style\"><\/span><\/span><span class='av-seperator-icon avia-iconfont avia-font-entypo-fontello' data-av_icon='\ue873' data-av_iconfont='entypo-fontello' ><\/span><span class='hr-inner inner-border-av-border-thin'><span class=\"hr-inner-style\"><\/span><\/span><\/div>\n<div id='av-masonry-1' class='av-masonry av-7kbswa-9c1b8c992b1e00b5a946f2ed8008e759 noHover av-fixed-size av-1px-gap av-hover-overlay-active av-masonry-animation-active av-masonry-col-4 av-caption-always av-caption-style- av-masonry-entries av-medium-columns-overwrite av-medium-columns-2 av-orientation-square ' data-post_id=\"6218\"><div class=\"av-masonry-container isotope av-js-disabled\"><div class='av-masonry-entry isotope-item av-masonry-item-no-image '><\/div><a href=\"https:\/\/www.landwirt.com\/news\/home-bei-steyr-3-tage-ausnahmezustand-in-st-valentin\/\"  id='av-masonry-1-item-10125' data-av-masonry-item='10125' class='av-masonry-entry isotope-item post-10125 post type-post status-publish format-standard has-post-thumbnail hentry category-landwirt category-werbung tag-steyr tag-steyrtraktoren tag-traktoraktuell  av-masonry-item-with-image' title=\"steyr@home-nachbericht\"   itemscope=\"itemscope\" itemtype=\"https:\/\/schema.org\/BlogPosting\" itemprop=\"blogPost\" ><div class='av-inner-masonry-sizer'><\/div><figure class='av-inner-masonry main_color'><div class=\"av-masonry-outerimage-container\"><div class='av-masonry-image-container' style=\"background-image: url(https:\/\/www.landwirt.com\/news\/wp-content\/uploads\/2022\/07\/steyr@home-nachbericht-705x529.png);\"  title=\"steyr@home-nachbericht\" ><\/div><\/div><figcaption class='av-inner-masonry-content site-background'><div class='av-inner-masonry-content-pos'><div class='av-inner-masonry-content-pos-content'><div class='avia-arrow'><\/div><h3 class='av-masonry-entry-title entry-title '  itemprop=\"headline\" >\u201e@HOME\u201c bei STEYR \u2013 3 Tage Ausnahmezustand in St. Valentin<\/h3><span class='av-masonry-date meta-color updated'>1. Juli 2022<\/span><span class=\"av-masonry-text-sep text-sep-author\">\/<\/span><span class='av-masonry-author meta-color author'><span class='fn'>von Edith Winter<\/span><\/span><\/div><\/div><\/figcaption><\/figure><\/a><!--end av-masonry entry--><a href=\"https:\/\/www.landwirt.com\/news\/der-neue-steyr-6280-absolut-cvt-premiere-auf-der-agraria-2022\/\"  id='av-masonry-1-item-11190' data-av-masonry-item='11190' class='av-masonry-entry isotope-item post-11190 post type-post status-publish format-standard has-post-thumbnail hentry category-landwirt category-werbung category-werbung-top tag-cvt tag-landwirt-com-video tag-steyr tag-steyrlandwirt tag-steyrtraktoren tag-traktor tag-traktoraktuell tag-traktoren  av-masonry-item-with-image' title=\"steyr-6280-absolut-cvt\"   itemscope=\"itemscope\" itemtype=\"https:\/\/schema.org\/BlogPosting\" itemprop=\"blogPost\" ><div class='av-inner-masonry-sizer'><\/div><figure class='av-inner-masonry main_color'><div class=\"av-masonry-outerimage-container\"><div class='av-masonry-image-container' style=\"background-image: url(https:\/\/www.landwirt.com\/news\/wp-content\/uploads\/2022\/12\/steyr-6280-absolut-cvt-705x440.png);\"  title=\"steyr-6280-absolut-cvt\" ><\/div><\/div><figcaption class='av-inner-masonry-content site-background'><div class='av-inner-masonry-content-pos'><div class='av-inner-masonry-content-pos-content'><div class='avia-arrow'><\/div><h3 class='av-masonry-entry-title entry-title '  itemprop=\"headline\" >Der neue Steyr 6280 Absolut CVT \u2013 Premiere auf der agraria 2022<\/h3><span class='av-masonry-date meta-color updated'>19. Dezember 2022<\/span><span class=\"av-masonry-text-sep text-sep-author\">\/<\/span><span class='av-masonry-author meta-color author'><span class='fn'>von Edith Winter<\/span><\/span><\/div><\/div><\/figcaption><\/figure><\/a><!--end av-masonry entry--><a href=\"https:\/\/www.landwirt.com\/news\/der-steyr-impuls-cvt-und-absolut-cvt\/\"  id='av-masonry-1-item-490' data-av-masonry-item='490' class='av-masonry-entry isotope-item post-490 post type-post status-publish format-standard has-post-thumbnail hentry category-landwirt category-werbung tag-cvt tag-steyr tag-steyrtraktoren tag-traktoraktuell  av-masonry-item-with-image' title=\"steyr1\"   itemscope=\"itemscope\" itemtype=\"https:\/\/schema.org\/BlogPosting\" itemprop=\"blogPost\" ><div class='av-inner-masonry-sizer'><\/div><figure class='av-inner-masonry main_color'><div class=\"av-masonry-outerimage-container\"><div class='av-masonry-image-container' style=\"background-image: url(https:\/\/www.landwirt.com\/news\/wp-content\/uploads\/2020\/03\/steyr1-705x542.jpg);\"  title=\"steyr1\" ><\/div><\/div><figcaption class='av-inner-masonry-content site-background'><div class='av-inner-masonry-content-pos'><div class='av-inner-masonry-content-pos-content'><div class='avia-arrow'><\/div><h3 class='av-masonry-entry-title entry-title '  itemprop=\"headline\" >Der STEYR IMPULS CVT und ABSOLUT CVT<\/h3><span class='av-masonry-date meta-color updated'>12. M\u00e4rz 2020<\/span><span class=\"av-masonry-text-sep text-sep-author\">\/<\/span><span class='av-masonry-author meta-color author'><span class='fn'>von Alexandra Schauer<\/span><\/span><\/div><\/div><\/figcaption><\/figure><\/a><!--end av-masonry entry--><a href=\"https:\/\/www.landwirt.com\/news\/mit-s-fleet-alles-im-griff\/\"  id='av-masonry-1-item-11595' data-av-masonry-item='11595' class='av-masonry-entry isotope-item post-11595 post type-post status-publish format-standard has-post-thumbnail hentry category-landwirt category-werbung category-werbung-top tag-applikationskarten tag-steyr tag-steyrlandwirt tag-steyrtraktoren tag-traktoraktuell  av-masonry-item-with-image' title=\"steyr_6300_terrus_cvt_0521_at_a7409747_iii._ret_2376_1584\"   itemscope=\"itemscope\" itemtype=\"https:\/\/schema.org\/BlogPosting\" itemprop=\"blogPost\" ><div class='av-inner-masonry-sizer'><\/div><figure class='av-inner-masonry main_color'><div class=\"av-masonry-outerimage-container\"><div class='av-masonry-image-container' style=\"background-image: url(https:\/\/www.landwirt.com\/news\/wp-content\/uploads\/2023\/02\/steyr_6300_terrus_cvt_0521_at_a7409747_iii._ret_2376_1584-705x470.jpg);\"  title=\"steyr_6300_terrus_cvt_0521_at_a7409747_iii._ret_2376_1584\" ><\/div><\/div><figcaption class='av-inner-masonry-content site-background'><div class='av-inner-masonry-content-pos'><div class='av-inner-masonry-content-pos-content'><div class='avia-arrow'><\/div><h3 class='av-masonry-entry-title entry-title '  itemprop=\"headline\" >Mit S-Fleet alles im Griff<\/h3><span class='av-masonry-date meta-color updated'>7. M\u00e4rz 2023<\/span><span class=\"av-masonry-text-sep text-sep-author\">\/<\/span><span class='av-masonry-author meta-color author'><span class='fn'>von Edith Winter<\/span><\/span><\/div><\/div><\/figcaption><\/figure><\/a><!--end av-masonry entry--><\/div><\/div>\n\n<style type=\"text\/css\" data-created_by=\"avia_inline_auto\" id=\"style-css-av-jxxui-cf3418b56dd83b4611b2d808f3e8e63a\">\n#top .hr.hr-invisible.av-jxxui-cf3418b56dd83b4611b2d808f3e8e63a{\nheight:10px;\n}\n<\/style>\n<div  class='hr av-jxxui-cf3418b56dd83b4611b2d808f3e8e63a hr-invisible  avia-builder-el-27  el_after_av_masonry_entries  el_before_av_button  avia-builder-el-first '><span class='hr-inner '><span class=\"hr-inner-style\"><\/span><\/span><\/div>\n<div  class='avia-button-wrap av-3x1akq-d7838c5fb6d81137cd52ec9b36217085-wrap avia-button-center  avia-builder-el-28  el_after_av_hr  el_before_av_hr '>\n<style type=\"text\/css\" data-created_by=\"avia_inline_auto\" id=\"style-css-av-3x1akq-d7838c5fb6d81137cd52ec9b36217085\">\n#top #wrap_all .avia-button.av-3x1akq-d7838c5fb6d81137cd52ec9b36217085{\nbackground-color:#e30613;\nborder-color:#e30613;\ntransition:all 0.4s ease-in-out;\n}\n#top #wrap_all .avia-button.av-3x1akq-d7838c5fb6d81137cd52ec9b36217085:hover{\ncolor:white;\ntransition:all 0.4s ease-in-out;\n}\n#top #wrap_all .avia-button.av-3x1akq-d7838c5fb6d81137cd52ec9b36217085:hover .avia-svg-icon svg:first-child{\nfill:white;\nstroke:white;\n}\n<\/style>\n<a href='https:\/\/www.landwirt.com\/news\/tag\/traktoraktuell\/'  class='avia-button av-3x1akq-d7838c5fb6d81137cd52ec9b36217085 av-link-btn avia-icon_select-yes-left-icon avia-size-large avia-position-center avia-font-color-theme-color'   aria-label=\"weitere interessante Beitr\u00e4ge\"><span class='avia_button_icon avia_button_icon_left avia-iconfont avia-font-entypo-fontello' data-av_icon='\ue889' data-av_iconfont='entypo-fontello' ><\/span><span class='avia_iconbox_title' >weitere interessante Beitr\u00e4ge<\/span><span class='avia_button_background avia-button avia-color-light' ><\/span><\/a><\/div>\n\n<style type=\"text\/css\" data-created_by=\"avia_inline_auto\" id=\"style-css-av-2m7c4q-1c7eaaf4a14750cb2e3840f07f77e8f0\">\n#top .hr.hr-invisible.av-2m7c4q-1c7eaaf4a14750cb2e3840f07f77e8f0{\nheight:10px;\n}\n<\/style>\n<div  class='hr av-2m7c4q-1c7eaaf4a14750cb2e3840f07f77e8f0 hr-invisible  avia-builder-el-29  el_after_av_button  avia-builder-el-last '><span class='hr-inner '><span class=\"hr-inner-style\"><\/span><\/span><\/div>\n\n","protected":false},"excerpt":{"rendered":"<p>F\u00fcr alle jene, die nach einem kompakten und vielseitigen Traktor suchen: Case IH Farmall 75 A &#8211; Ein perfektes Preis-Leistungsverh\u00e4ltnis gepaart mit maximaler Funktionalit\u00e4t sprechen f\u00fcr den kompakten Allrounder.<\/p>\n","protected":false},"author":12,"featured_media":6308,"comment_status":"closed","ping_status":"closed","sticky":false,"template":"","format":"standard","meta":{"footnotes":""},"categories":[15,1],"tags":[127,450,480,55,60],"class_list":["post-6218","post","type-post","status-publish","format-standard","has-post-thumbnail","hentry","category-landwirt","category-werbung","tag-case","tag-case-ih","tag-case-ih-technik-news","tag-standardtraktoren","tag-steyr"],"yoast_head":"<!-- This site is optimized with the Yoast SEO plugin v27.5 - https:\/\/yoast.com\/product\/yoast-seo-wordpress\/ -->\n<title>Case IH 75 A - ein Allrounder startet durch - Landwirt.com News<\/title>\n<meta name=\"robots\" content=\"index, follow, max-snippet:-1, max-image-preview:large, max-video-preview:-1\" \/>\n<meta property=\"og:locale\" content=\"de_DE\" \/>\n<meta property=\"og:type\" content=\"article\" \/>\n<meta property=\"og:title\" content=\"Case IH 75 A - ein Allrounder startet durch - Landwirt.com News\" \/>\n<meta property=\"og:description\" content=\"F\u00fcr alle jene, die nach einem kompakten und vielseitigen Traktor suchen: Case IH Farmall 75 A - Ein perfektes Preis-Leistungsverh\u00e4ltnis gepaart mit maximaler Funktionalit\u00e4t sprechen f\u00fcr den kompakten Allrounder.\" \/>\n<meta property=\"og:url\" content=\"https:\/\/www.landwirt.com\/news\/case-ih-farmall-75-a\/\" \/>\n<meta property=\"og:site_name\" content=\"Landwirt.com News\" \/>\n<meta property=\"article:published_time\" content=\"2021-05-18T11:24:12+00:00\" \/>\n<meta property=\"article:modified_time\" content=\"2022-10-04T10:31:06+00:00\" \/>\n<meta property=\"og:image\" content=\"https:\/\/www.landwirt.com\/news\/wp-content\/uploads\/2021\/05\/2-2.jpg\" \/>\n\t<meta property=\"og:image:width\" content=\"580\" \/>\n\t<meta property=\"og:image:height\" content=\"280\" \/>\n\t<meta property=\"og:image:type\" content=\"image\/jpeg\" \/>\n<meta name=\"author\" content=\"Praktikantin\" \/>\n<meta name=\"twitter:card\" content=\"summary_large_image\" \/>\n<meta name=\"twitter:label1\" content=\"Verfasst von\" \/>\n\t<meta name=\"twitter:data1\" content=\"Praktikantin\" \/>\n\t<meta name=\"twitter:label2\" content=\"Gesch\u00e4tzte Lesezeit\" \/>\n\t<meta name=\"twitter:data2\" content=\"8 Minuten\" \/>\n<script type=\"application\/ld+json\" class=\"yoast-schema-graph\">{\"@context\":\"https:\\\/\\\/schema.org\",\"@graph\":[{\"@type\":\"Article\",\"@id\":\"https:\\\/\\\/www.landwirt.com\\\/news\\\/case-ih-farmall-75-a\\\/#article\",\"isPartOf\":{\"@id\":\"https:\\\/\\\/www.landwirt.com\\\/news\\\/case-ih-farmall-75-a\\\/\"},\"author\":{\"name\":\"Praktikantin\",\"@id\":\"https:\\\/\\\/www.landwirt.com\\\/news\\\/#\\\/schema\\\/person\\\/17ef3e7fae9151b8a415e32147acf62a\"},\"headline\":\"Case IH 75 A &#8211; ein Allrounder startet durch\",\"datePublished\":\"2021-05-18T11:24:12+00:00\",\"dateModified\":\"2022-10-04T10:31:06+00:00\",\"mainEntityOfPage\":{\"@id\":\"https:\\\/\\\/www.landwirt.com\\\/news\\\/case-ih-farmall-75-a\\\/\"},\"wordCount\":2437,\"publisher\":{\"@id\":\"https:\\\/\\\/www.landwirt.com\\\/news\\\/#organization\"},\"image\":{\"@id\":\"https:\\\/\\\/www.landwirt.com\\\/news\\\/case-ih-farmall-75-a\\\/#primaryimage\"},\"thumbnailUrl\":\"https:\\\/\\\/www.landwirt.com\\\/news\\\/wp-content\\\/uploads\\\/2021\\\/05\\\/2-2.jpg\",\"keywords\":[\"Case\",\"Case IH\",\"Case IH Technik News\",\"Standardtraktoren\",\"Steyr\"],\"articleSection\":[\"Landwirt\",\"Werbung\"],\"inLanguage\":\"de-AT\"},{\"@type\":\"WebPage\",\"@id\":\"https:\\\/\\\/www.landwirt.com\\\/news\\\/case-ih-farmall-75-a\\\/\",\"url\":\"https:\\\/\\\/www.landwirt.com\\\/news\\\/case-ih-farmall-75-a\\\/\",\"name\":\"Case IH 75 A - ein Allrounder startet durch - Landwirt.com News\",\"isPartOf\":{\"@id\":\"https:\\\/\\\/www.landwirt.com\\\/news\\\/#website\"},\"primaryImageOfPage\":{\"@id\":\"https:\\\/\\\/www.landwirt.com\\\/news\\\/case-ih-farmall-75-a\\\/#primaryimage\"},\"image\":{\"@id\":\"https:\\\/\\\/www.landwirt.com\\\/news\\\/case-ih-farmall-75-a\\\/#primaryimage\"},\"thumbnailUrl\":\"https:\\\/\\\/www.landwirt.com\\\/news\\\/wp-content\\\/uploads\\\/2021\\\/05\\\/2-2.jpg\",\"datePublished\":\"2021-05-18T11:24:12+00:00\",\"dateModified\":\"2022-10-04T10:31:06+00:00\",\"breadcrumb\":{\"@id\":\"https:\\\/\\\/www.landwirt.com\\\/news\\\/case-ih-farmall-75-a\\\/#breadcrumb\"},\"inLanguage\":\"de-AT\",\"potentialAction\":[{\"@type\":\"ReadAction\",\"target\":[\"https:\\\/\\\/www.landwirt.com\\\/news\\\/case-ih-farmall-75-a\\\/\"]}]},{\"@type\":\"ImageObject\",\"inLanguage\":\"de-AT\",\"@id\":\"https:\\\/\\\/www.landwirt.com\\\/news\\\/case-ih-farmall-75-a\\\/#primaryimage\",\"url\":\"https:\\\/\\\/www.landwirt.com\\\/news\\\/wp-content\\\/uploads\\\/2021\\\/05\\\/2-2.jpg\",\"contentUrl\":\"https:\\\/\\\/www.landwirt.com\\\/news\\\/wp-content\\\/uploads\\\/2021\\\/05\\\/2-2.jpg\",\"width\":580,\"height\":280},{\"@type\":\"BreadcrumbList\",\"@id\":\"https:\\\/\\\/www.landwirt.com\\\/news\\\/case-ih-farmall-75-a\\\/#breadcrumb\",\"itemListElement\":[{\"@type\":\"ListItem\",\"position\":1,\"name\":\"Home\",\"item\":\"https:\\\/\\\/www.landwirt.com\\\/news\\\/home\\\/\"},{\"@type\":\"ListItem\",\"position\":2,\"name\":\"Case IH 75 A &#8211; ein Allrounder startet durch\"}]},{\"@type\":\"WebSite\",\"@id\":\"https:\\\/\\\/www.landwirt.com\\\/news\\\/#website\",\"url\":\"https:\\\/\\\/www.landwirt.com\\\/news\\\/\",\"name\":\"Landwirt.com News\",\"description\":\"Landwirt.com News\",\"publisher\":{\"@id\":\"https:\\\/\\\/www.landwirt.com\\\/news\\\/#organization\"},\"potentialAction\":[{\"@type\":\"SearchAction\",\"target\":{\"@type\":\"EntryPoint\",\"urlTemplate\":\"https:\\\/\\\/www.landwirt.com\\\/news\\\/?s={search_term_string}\"},\"query-input\":{\"@type\":\"PropertyValueSpecification\",\"valueRequired\":true,\"valueName\":\"search_term_string\"}}],\"inLanguage\":\"de-AT\"},{\"@type\":\"Organization\",\"@id\":\"https:\\\/\\\/www.landwirt.com\\\/news\\\/#organization\",\"name\":\"LANDWIRT.COM GMBH\",\"url\":\"https:\\\/\\\/www.landwirt.com\\\/news\\\/\",\"logo\":{\"@type\":\"ImageObject\",\"inLanguage\":\"de-AT\",\"@id\":\"https:\\\/\\\/www.landwirt.com\\\/news\\\/#\\\/schema\\\/logo\\\/image\\\/\",\"url\":\"https:\\\/\\\/www.landwirt.com\\\/news\\\/wp-content\\\/uploads\\\/2020\\\/02\\\/LW-logo.png\",\"contentUrl\":\"https:\\\/\\\/www.landwirt.com\\\/news\\\/wp-content\\\/uploads\\\/2020\\\/02\\\/LW-logo.png\",\"width\":250,\"height\":58,\"caption\":\"LANDWIRT.COM GMBH\"},\"image\":{\"@id\":\"https:\\\/\\\/www.landwirt.com\\\/news\\\/#\\\/schema\\\/logo\\\/image\\\/\"}},{\"@type\":\"Person\",\"@id\":\"https:\\\/\\\/www.landwirt.com\\\/news\\\/#\\\/schema\\\/person\\\/17ef3e7fae9151b8a415e32147acf62a\",\"name\":\"Praktikantin\",\"image\":{\"@type\":\"ImageObject\",\"inLanguage\":\"de-AT\",\"@id\":\"https:\\\/\\\/secure.gravatar.com\\\/avatar\\\/d815a63b52b029dbc85fe20d473a4778a1a63f56e4de4b126a19c2c196a2cefa?s=96&d=mm&r=g\",\"url\":\"https:\\\/\\\/secure.gravatar.com\\\/avatar\\\/d815a63b52b029dbc85fe20d473a4778a1a63f56e4de4b126a19c2c196a2cefa?s=96&d=mm&r=g\",\"contentUrl\":\"https:\\\/\\\/secure.gravatar.com\\\/avatar\\\/d815a63b52b029dbc85fe20d473a4778a1a63f56e4de4b126a19c2c196a2cefa?s=96&d=mm&r=g\",\"caption\":\"Praktikantin\"},\"url\":\"https:\\\/\\\/www.landwirt.com\\\/news\\\/author\\\/praktikantin\\\/\"}]}<\/script>\n<!-- \/ Yoast SEO plugin. -->","yoast_head_json":{"title":"Case IH 75 A - ein Allrounder startet durch - Landwirt.com News","robots":{"index":"index","follow":"follow","max-snippet":"max-snippet:-1","max-image-preview":"max-image-preview:large","max-video-preview":"max-video-preview:-1"},"og_locale":"de_DE","og_type":"article","og_title":"Case IH 75 A - ein Allrounder startet durch - Landwirt.com News","og_description":"F\u00fcr alle jene, die nach einem kompakten und vielseitigen Traktor suchen: Case IH Farmall 75 A - Ein perfektes Preis-Leistungsverh\u00e4ltnis gepaart mit maximaler Funktionalit\u00e4t sprechen f\u00fcr den kompakten Allrounder.","og_url":"https:\/\/www.landwirt.com\/news\/case-ih-farmall-75-a\/","og_site_name":"Landwirt.com News","article_published_time":"2021-05-18T11:24:12+00:00","article_modified_time":"2022-10-04T10:31:06+00:00","og_image":[{"width":580,"height":280,"url":"https:\/\/www.landwirt.com\/news\/wp-content\/uploads\/2021\/05\/2-2.jpg","type":"image\/jpeg"}],"author":"Praktikantin","twitter_card":"summary_large_image","twitter_misc":{"Verfasst von":"Praktikantin","Gesch\u00e4tzte Lesezeit":"8 Minuten"},"schema":{"@context":"https:\/\/schema.org","@graph":[{"@type":"Article","@id":"https:\/\/www.landwirt.com\/news\/case-ih-farmall-75-a\/#article","isPartOf":{"@id":"https:\/\/www.landwirt.com\/news\/case-ih-farmall-75-a\/"},"author":{"name":"Praktikantin","@id":"https:\/\/www.landwirt.com\/news\/#\/schema\/person\/17ef3e7fae9151b8a415e32147acf62a"},"headline":"Case IH 75 A &#8211; ein Allrounder startet durch","datePublished":"2021-05-18T11:24:12+00:00","dateModified":"2022-10-04T10:31:06+00:00","mainEntityOfPage":{"@id":"https:\/\/www.landwirt.com\/news\/case-ih-farmall-75-a\/"},"wordCount":2437,"publisher":{"@id":"https:\/\/www.landwirt.com\/news\/#organization"},"image":{"@id":"https:\/\/www.landwirt.com\/news\/case-ih-farmall-75-a\/#primaryimage"},"thumbnailUrl":"https:\/\/www.landwirt.com\/news\/wp-content\/uploads\/2021\/05\/2-2.jpg","keywords":["Case","Case IH","Case IH Technik News","Standardtraktoren","Steyr"],"articleSection":["Landwirt","Werbung"],"inLanguage":"de-AT"},{"@type":"WebPage","@id":"https:\/\/www.landwirt.com\/news\/case-ih-farmall-75-a\/","url":"https:\/\/www.landwirt.com\/news\/case-ih-farmall-75-a\/","name":"Case IH 75 A - ein Allrounder startet durch - Landwirt.com News","isPartOf":{"@id":"https:\/\/www.landwirt.com\/news\/#website"},"primaryImageOfPage":{"@id":"https:\/\/www.landwirt.com\/news\/case-ih-farmall-75-a\/#primaryimage"},"image":{"@id":"https:\/\/www.landwirt.com\/news\/case-ih-farmall-75-a\/#primaryimage"},"thumbnailUrl":"https:\/\/www.landwirt.com\/news\/wp-content\/uploads\/2021\/05\/2-2.jpg","datePublished":"2021-05-18T11:24:12+00:00","dateModified":"2022-10-04T10:31:06+00:00","breadcrumb":{"@id":"https:\/\/www.landwirt.com\/news\/case-ih-farmall-75-a\/#breadcrumb"},"inLanguage":"de-AT","potentialAction":[{"@type":"ReadAction","target":["https:\/\/www.landwirt.com\/news\/case-ih-farmall-75-a\/"]}]},{"@type":"ImageObject","inLanguage":"de-AT","@id":"https:\/\/www.landwirt.com\/news\/case-ih-farmall-75-a\/#primaryimage","url":"https:\/\/www.landwirt.com\/news\/wp-content\/uploads\/2021\/05\/2-2.jpg","contentUrl":"https:\/\/www.landwirt.com\/news\/wp-content\/uploads\/2021\/05\/2-2.jpg","width":580,"height":280},{"@type":"BreadcrumbList","@id":"https:\/\/www.landwirt.com\/news\/case-ih-farmall-75-a\/#breadcrumb","itemListElement":[{"@type":"ListItem","position":1,"name":"Home","item":"https:\/\/www.landwirt.com\/news\/home\/"},{"@type":"ListItem","position":2,"name":"Case IH 75 A &#8211; ein Allrounder startet durch"}]},{"@type":"WebSite","@id":"https:\/\/www.landwirt.com\/news\/#website","url":"https:\/\/www.landwirt.com\/news\/","name":"Landwirt.com News","description":"Landwirt.com News","publisher":{"@id":"https:\/\/www.landwirt.com\/news\/#organization"},"potentialAction":[{"@type":"SearchAction","target":{"@type":"EntryPoint","urlTemplate":"https:\/\/www.landwirt.com\/news\/?s={search_term_string}"},"query-input":{"@type":"PropertyValueSpecification","valueRequired":true,"valueName":"search_term_string"}}],"inLanguage":"de-AT"},{"@type":"Organization","@id":"https:\/\/www.landwirt.com\/news\/#organization","name":"LANDWIRT.COM GMBH","url":"https:\/\/www.landwirt.com\/news\/","logo":{"@type":"ImageObject","inLanguage":"de-AT","@id":"https:\/\/www.landwirt.com\/news\/#\/schema\/logo\/image\/","url":"https:\/\/www.landwirt.com\/news\/wp-content\/uploads\/2020\/02\/LW-logo.png","contentUrl":"https:\/\/www.landwirt.com\/news\/wp-content\/uploads\/2020\/02\/LW-logo.png","width":250,"height":58,"caption":"LANDWIRT.COM GMBH"},"image":{"@id":"https:\/\/www.landwirt.com\/news\/#\/schema\/logo\/image\/"}},{"@type":"Person","@id":"https:\/\/www.landwirt.com\/news\/#\/schema\/person\/17ef3e7fae9151b8a415e32147acf62a","name":"Praktikantin","image":{"@type":"ImageObject","inLanguage":"de-AT","@id":"https:\/\/secure.gravatar.com\/avatar\/d815a63b52b029dbc85fe20d473a4778a1a63f56e4de4b126a19c2c196a2cefa?s=96&d=mm&r=g","url":"https:\/\/secure.gravatar.com\/avatar\/d815a63b52b029dbc85fe20d473a4778a1a63f56e4de4b126a19c2c196a2cefa?s=96&d=mm&r=g","contentUrl":"https:\/\/secure.gravatar.com\/avatar\/d815a63b52b029dbc85fe20d473a4778a1a63f56e4de4b126a19c2c196a2cefa?s=96&d=mm&r=g","caption":"Praktikantin"},"url":"https:\/\/www.landwirt.com\/news\/author\/praktikantin\/"}]}},"_links":{"self":[{"href":"https:\/\/www.landwirt.com\/news\/wp-json\/wp\/v2\/posts\/6218","targetHints":{"allow":["GET"]}}],"collection":[{"href":"https:\/\/www.landwirt.com\/news\/wp-json\/wp\/v2\/posts"}],"about":[{"href":"https:\/\/www.landwirt.com\/news\/wp-json\/wp\/v2\/types\/post"}],"author":[{"embeddable":true,"href":"https:\/\/www.landwirt.com\/news\/wp-json\/wp\/v2\/users\/12"}],"replies":[{"embeddable":true,"href":"https:\/\/www.landwirt.com\/news\/wp-json\/wp\/v2\/comments?post=6218"}],"version-history":[{"count":9,"href":"https:\/\/www.landwirt.com\/news\/wp-json\/wp\/v2\/posts\/6218\/revisions"}],"predecessor-version":[{"id":9964,"href":"https:\/\/www.landwirt.com\/news\/wp-json\/wp\/v2\/posts\/6218\/revisions\/9964"}],"wp:featuredmedia":[{"embeddable":true,"href":"https:\/\/www.landwirt.com\/news\/wp-json\/wp\/v2\/media\/6308"}],"wp:attachment":[{"href":"https:\/\/www.landwirt.com\/news\/wp-json\/wp\/v2\/media?parent=6218"}],"wp:term":[{"taxonomy":"category","embeddable":true,"href":"https:\/\/www.landwirt.com\/news\/wp-json\/wp\/v2\/categories?post=6218"},{"taxonomy":"post_tag","embeddable":true,"href":"https:\/\/www.landwirt.com\/news\/wp-json\/wp\/v2\/tags?post=6218"}],"curies":[{"name":"wp","href":"https:\/\/api.w.org\/{rel}","templated":true}]}}