{"id":5465,"date":"2021-02-22T11:46:40","date_gmt":"2021-02-22T10:46:40","guid":{"rendered":"https:\/\/www.landwirt.com\/news\/?p=5465"},"modified":"2022-05-09T14:35:00","modified_gmt":"2022-05-09T12:35:00","slug":"wann-wie-soll-man-baume-schneiden-2","status":"publish","type":"post","link":"https:\/\/www.landwirt.com\/news\/wann-wie-soll-man-baume-schneiden-2\/","title":{"rendered":"Wann &#038; wie soll man B\u00e4ume schneiden?"},"content":{"rendered":"\n<h3 class=\"has-text-align-center wp-block-heading\">Dieser Artikel gibt einen \u00dcberblick zum Baumschnitt. Er beantwortet anhand von Bildern und einem Video die wichtigsten Fragen. Die Tipps kommen von den Profis Wolfgang Weingerl und Johannes Marek.<\/h3>\n\n\n\n<hr class=\"wp-block-separator\"\/>\n\n\n\n<h2 class=\"wp-block-heading\">Warum ist der Baumschnitt so wichtig?<\/h2>\n\n\n\n<h3 class=\"wp-block-heading\">Der Baumschnitt f\u00f6rdert den Ertrag und die Gesundheit des Baumes<\/h3>\n\n\n\n<p>Obstb\u00e4ume ben\u00f6tigen Pflege. Mit dem Baumschnitt wird generell die Vitalit\u00e4t des Baumes gef\u00f6rdert. Aber auch Krankheiten und Sch\u00e4dlingsbefall werden durch einen solchen verhindert. Ziel des Baumschnittes ist es, nicht nur das Wachstum und die Gesundheit des Baumes zu f\u00f6rdern, sondern auch den Ertrag mit gesunden Fr\u00fcchten zu erh\u00f6hen.<\/p>\n\n\n\n<div style=\"height:45px\" aria-hidden=\"true\" class=\"wp-block-spacer\"><\/div>\n\n\n\n<div class=\"wp-block-media-text alignwide is-stacked-on-mobile is-vertically-aligned-center\" style=\"grid-template-columns:36% auto\"><figure class=\"wp-block-media-text__media\"><img loading=\"lazy\" decoding=\"async\" width=\"400\" height=\"267\" src=\"https:\/\/www.landwirt.com\/news\/wp-content\/uploads\/2021\/02\/Baume.jpg\" alt=\"\" class=\"wp-image-4787 size-full\" srcset=\"https:\/\/www.landwirt.com\/news\/wp-content\/uploads\/2021\/02\/Baume.jpg 400w, https:\/\/www.landwirt.com\/news\/wp-content\/uploads\/2021\/02\/Baume-300x200.jpg 300w\" sizes=\"auto, (max-width: 400px) 100vw, 400px\" \/><\/figure><div class=\"wp-block-media-text__content\">\n<h3 class=\"wp-block-heading\">Der richtige Zeitpunkt f\u00fcr den Baumschnitt<\/h3>\n\n\n\n<p>Der ideale Zeitpunkt f\u00fcr den Baumschnitt ist der Sp\u00e4therbst (Oktober, November) oder das Fr\u00fchjahr (M\u00e4rz, April). Da der Baum zu diesen Zeiten kein Laub tr\u00e4gt, kann man leichter beurteilen welche \u00c4ste zu entfernen sind. Die meisten Steinobst-Sorten hingegen wird im Sommer oder Sp\u00e4tsommer geschnitten. Der Obstbaumschnitt wirkt sich positiv auf das Wachstum des Baumes und den Fruchtertrag aus. Selbst die Zwetschke vertr\u00e4gt einen Schnitt.<\/p>\n<\/div><\/div>\n\n\n\n<div class=\"wp-block-media-text alignwide is-stacked-on-mobile is-vertically-aligned-center\" style=\"grid-template-columns:36% auto\"><figure class=\"wp-block-media-text__media\"><img loading=\"lazy\" decoding=\"async\" width=\"400\" height=\"267\" src=\"https:\/\/www.landwirt.com\/news\/wp-content\/uploads\/2021\/02\/Werkzeug.jpg\" alt=\"\" class=\"wp-image-4788 size-full\" srcset=\"https:\/\/www.landwirt.com\/news\/wp-content\/uploads\/2021\/02\/Werkzeug.jpg 400w, https:\/\/www.landwirt.com\/news\/wp-content\/uploads\/2021\/02\/Werkzeug-300x200.jpg 300w\" sizes=\"auto, (max-width: 400px) 100vw, 400px\" \/><\/figure><div class=\"wp-block-media-text__content\">\n<h3 class=\"wp-block-heading\">Das richtige Werkzeug f\u00fcr den Baumschnitt<\/h3>\n\n\n\n<p>Das richtige Werkzeug f\u00fcr den Baumschnitt sind die Baumschere, eine Hands\u00e4ge und die B\u00fcgels\u00e4ge. Eine gute Baumschere ist ab 40 Euro erh\u00e4ltlich, gute S\u00e4gen kosten zwischen 40 und 60 Euro. Mit beiden soll ein glatter Schnitt m\u00f6glich sein, da sonst der Baum zu stark verletzt wird. Bei den Scheren wird der Bypassschere aus Leichtmetall der Vorzug gegeben. Ihr Verschluss soll zudem mit einer Hand leicht bedienbar sein. Die B\u00fcgels\u00e4ge sollte \u00fcber Dreiecks- oder Hobelz\u00e4hne verf\u00fcgen. Das gew\u00e4hrleistet ein erm\u00fcdungsfreies Arbeiten.<\/p>\n\n\n\n<p>Vom Baumschnitt mit der Motors\u00e4ge ist abzuraten, da man mit dieser dem Baum zu starke Wunden beif\u00fcgt, ihn auch leichter an nicht gewollten Stellen verletzt. Au\u00dferdem gelangt man mit der Motors\u00e4ge nur schwer an die zu schneidenden \u00c4ste.<\/p>\n<\/div><\/div>\n\n\n\n<hr class=\"wp-block-separator\"\/>\n\n\n\n<h2 class=\"wp-block-heading\">Die richtige Herangehensweise an den Baumschnitt<\/h2>\n\n\n\n<h3 class=\"wp-block-heading\">\u00dcberblick verschaffen<\/h3>\n\n\n\n<p>Da durch den Baumschnitt die Arten typische Kronenbildung und eine Frucht tragende Wuchsform angestrebt wird, verschafft man sich zu Beginn einen \u00dcberblick des Ist-Zustandes. Vom Boden aus wird der zu schneidende Baum begutachtet, werden Wasserschossen oder alte, zu entnehmende \u00c4ste ausgemacht. Erst dann beginnt man mit dem Baumschnitt.<\/p>\n\n\n\n<h3 class=\"wp-block-heading\">Welche \u00c4ste soll man entfernen?<\/h3>\n\n\n\n<p>Kreuzen sich \u00c4ste oder liegen sie \u00fcbereinander, geh\u00f6ren diese entfernt. Sie behindern sich gegenseitig in ihrem Wachstum und der Fruchtbildung. Auch geh\u00f6ren \u00c4ste, die stark nach unten oder ins innere der Krone wachsen, geschnitten.<\/p>\n\n\n\n<p>Prinzipiell gilt: Der Charakter eines Baumes soll durch den Schnitt zum Ausdruck kommen. K\u00fcrzt man die \u00c4ste zu stark ein, reagiert der Baum mit Wassertrieben.<\/p>\n\n\n\n<h3 class=\"wp-block-heading\">\u00dcbereinander liegende \u00c4ste<\/h3>\n\n\n\n<p>Zweige und \u00c4ste, die \u00fcbereinander wachsen, geh\u00f6ren auf jeden Fall entfernt. Bildet sich auf diesen n\u00e4mlich Frucht, dann liegen auch die Fr\u00fcchte zu eng aneinander, sodass es zur Fruchtf\u00e4ule kommt. Zudem behindern sich die \u00fcbereinander liegenden \u00c4ste generell in ihrer Fruchtbildung. Sie werden wenig Ertrag bringen.<\/p>\n\n\n\n<figure class=\"wp-block-gallery columns-2 is-cropped wp-block-gallery-1 is-layout-flex wp-block-gallery-is-layout-flex\"><ul class=\"blocks-gallery-grid\"><li class=\"blocks-gallery-item\"><figure><img loading=\"lazy\" decoding=\"async\" width=\"400\" height=\"267\" src=\"https:\/\/www.landwirt.com\/news\/wp-content\/uploads\/2021\/02\/Ast-schneiden.jpg\" alt=\"\" data-id=\"4790\" data-full-url=\"https:\/\/www.landwirt.com\/news\/wp-content\/uploads\/2021\/02\/Ast-schneiden.jpg\" data-link=\"https:\/\/www.landwirt.com\/news\/wann-wie-soll-man-baume-schneiden\/ast-schneiden\/\" class=\"wp-image-4790\" srcset=\"https:\/\/www.landwirt.com\/news\/wp-content\/uploads\/2021\/02\/Ast-schneiden.jpg 400w, https:\/\/www.landwirt.com\/news\/wp-content\/uploads\/2021\/02\/Ast-schneiden-300x200.jpg 300w\" sizes=\"auto, (max-width: 400px) 100vw, 400px\" \/><\/figure><\/li><li class=\"blocks-gallery-item\"><figure><img loading=\"lazy\" decoding=\"async\" width=\"400\" height=\"267\" src=\"https:\/\/www.landwirt.com\/news\/wp-content\/uploads\/2021\/02\/Baum-mit-Leiter.jpg\" alt=\"\" data-id=\"4789\" data-full-url=\"https:\/\/www.landwirt.com\/news\/wp-content\/uploads\/2021\/02\/Baum-mit-Leiter.jpg\" data-link=\"https:\/\/www.landwirt.com\/news\/wann-wie-soll-man-baume-schneiden\/baum-mit-leiter\/\" class=\"wp-image-4789\" srcset=\"https:\/\/www.landwirt.com\/news\/wp-content\/uploads\/2021\/02\/Baum-mit-Leiter.jpg 400w, https:\/\/www.landwirt.com\/news\/wp-content\/uploads\/2021\/02\/Baum-mit-Leiter-300x200.jpg 300w\" sizes=\"auto, (max-width: 400px) 100vw, 400px\" \/><\/figure><\/li><\/ul><\/figure>\n\n\n\n<hr class=\"wp-block-separator\"\/>\n\n\n\n<h2 class=\"wp-block-heading\">Beispiel f\u00fcr den richtigen Baumschnitt<\/h2>\n\n\n\n<div class=\"wp-block-media-text alignwide is-stacked-on-mobile\" style=\"grid-template-columns:23% auto\"><figure class=\"wp-block-media-text__media\"><img loading=\"lazy\" decoding=\"async\" width=\"400\" height=\"267\" src=\"https:\/\/www.landwirt.com\/news\/wp-content\/uploads\/2021\/02\/Wassertriebe.jpg\" alt=\"\" class=\"wp-image-4792 size-full\" srcset=\"https:\/\/www.landwirt.com\/news\/wp-content\/uploads\/2021\/02\/Wassertriebe.jpg 400w, https:\/\/www.landwirt.com\/news\/wp-content\/uploads\/2021\/02\/Wassertriebe-300x200.jpg 300w\" sizes=\"auto, (max-width: 400px) 100vw, 400px\" \/><\/figure><div class=\"wp-block-media-text__content\">\n<h3 class=\"wp-block-heading\">Wassertriebe entfernen<\/h3>\n\n\n\n<p>Wassertriebe oder Wasserschossen geh\u00f6ren generell entfernt. Diese drei Wassertriebe auf dem Foto, die direkt vom Starkholz austreiben, m\u00fcssen entfernt werden.<\/p>\n<\/div><\/div>\n\n\n\n<div class=\"wp-block-media-text alignwide is-stacked-on-mobile\" style=\"grid-template-columns:23% auto\"><figure class=\"wp-block-media-text__media\"><img loading=\"lazy\" decoding=\"async\" width=\"400\" height=\"267\" src=\"https:\/\/www.landwirt.com\/news\/wp-content\/uploads\/2021\/02\/Fruchtmumien.jpg\" alt=\"\" class=\"wp-image-4793 size-full\" srcset=\"https:\/\/www.landwirt.com\/news\/wp-content\/uploads\/2021\/02\/Fruchtmumien.jpg 400w, https:\/\/www.landwirt.com\/news\/wp-content\/uploads\/2021\/02\/Fruchtmumien-300x200.jpg 300w\" sizes=\"auto, (max-width: 400px) 100vw, 400px\" \/><\/figure><div class=\"wp-block-media-text__content\">\n<h3 class=\"wp-block-heading\">Fruchtmumien entfernen<\/h3>\n\n\n\n<p>Als Fruchtmumien bezeichnet man vertrocknetes Obst vom Vorjahr, das am Baum geblieben ist. Dieses muss ebenfalls entfernt werden, denn die alten Fr\u00fcchte stellen den idealen N\u00e4hrboden f\u00fcr Pilzinfektionen und Krankheiten dar. Aus diesem Grund soll man Obstb\u00e4ume auch immer komplett abernten.<\/p>\n<\/div><\/div>\n\n\n\n<div class=\"wp-block-media-text alignwide is-stacked-on-mobile\" style=\"grid-template-columns:23% auto\"><figure class=\"wp-block-media-text__media\"><img loading=\"lazy\" decoding=\"async\" width=\"400\" height=\"267\" src=\"https:\/\/www.landwirt.com\/news\/wp-content\/uploads\/2021\/02\/Schnittansatz.jpg\" alt=\"\" class=\"wp-image-4794 size-full\" srcset=\"https:\/\/www.landwirt.com\/news\/wp-content\/uploads\/2021\/02\/Schnittansatz.jpg 400w, https:\/\/www.landwirt.com\/news\/wp-content\/uploads\/2021\/02\/Schnittansatz-300x200.jpg 300w\" sizes=\"auto, (max-width: 400px) 100vw, 400px\" \/><\/figure><div class=\"wp-block-media-text__content\">\n<h3 class=\"wp-block-heading\">Der richtige Schnitt-Ansatz<\/h3>\n\n\n\n<p>Die \u00c4ste werden \u00fcber dem Astring abgeschnitten. Der Astring ist eine verdickte Stelle am Ansatz des Stammes. Der Schnitt selbst wird dabei gerade gesetzt, und soll glatt sein. So kann die Wunde rasch verheilen.<\/p>\n<\/div><\/div>\n\n\n\n<div class=\"wp-block-media-text alignwide is-stacked-on-mobile\" style=\"grid-template-columns:23% auto\"><figure class=\"wp-block-media-text__media\"><img loading=\"lazy\" decoding=\"async\" width=\"400\" height=\"267\" src=\"https:\/\/www.landwirt.com\/news\/wp-content\/uploads\/2021\/02\/Schnittflache.jpg\" alt=\"\" class=\"wp-image-4795 size-full\" srcset=\"https:\/\/www.landwirt.com\/news\/wp-content\/uploads\/2021\/02\/Schnittflache.jpg 400w, https:\/\/www.landwirt.com\/news\/wp-content\/uploads\/2021\/02\/Schnittflache-300x200.jpg 300w\" sizes=\"auto, (max-width: 400px) 100vw, 400px\" \/><\/figure><div class=\"wp-block-media-text__content\">\n<h3 class=\"wp-block-heading\">Die saubere Schnittfl\u00e4che<\/h3>\n\n\n\n<p>Das Foto zeigt eine saubere Schnittfl\u00e4che. Selbst bei gro\u00dfen Schnittfl\u00e4chen ist eine Behandlung mit einem Wundverschlussmittel nicht n\u00f6tig. Wichtig ist nur, dass die Wunde abtrocknen kann.<\/p>\n<\/div><\/div>\n\n\n\n<div class=\"wp-block-media-text alignwide is-stacked-on-mobile\" style=\"grid-template-columns:23% auto\"><figure class=\"wp-block-media-text__media\"><img loading=\"lazy\" decoding=\"async\" width=\"400\" height=\"267\" src=\"https:\/\/www.landwirt.com\/news\/wp-content\/uploads\/2021\/02\/Falscher-Schnitt.jpg\" alt=\"\" class=\"wp-image-4796 size-full\" srcset=\"https:\/\/www.landwirt.com\/news\/wp-content\/uploads\/2021\/02\/Falscher-Schnitt.jpg 400w, https:\/\/www.landwirt.com\/news\/wp-content\/uploads\/2021\/02\/Falscher-Schnitt-300x200.jpg 300w\" sizes=\"auto, (max-width: 400px) 100vw, 400px\" \/><\/figure><div class=\"wp-block-media-text__content\">\n<h3 class=\"wp-block-heading\">Der falsche Schnitt<\/h3>\n\n\n\n<p>Dieses Foto zeigt ein d\u00fcrres Astst\u00fcck, das vom letzten Baumschnitt \u00fcbrig blieb. Der damals vorhandene Ast wurde falsch abgeschnitten. Richtig w\u00e4re es gewesen, den Schnitt direkt \u00fcber dem Astring anzusetzen.<\/p>\n<\/div><\/div>\n\n\n\n<div class=\"wp-block-media-text alignwide is-stacked-on-mobile\" style=\"grid-template-columns:23% auto\"><figure class=\"wp-block-media-text__media\"><img loading=\"lazy\" decoding=\"async\" width=\"400\" height=\"267\" src=\"https:\/\/www.landwirt.com\/news\/wp-content\/uploads\/2021\/02\/Ast-Heilung.jpg\" alt=\"\" class=\"wp-image-4797 size-full\" srcset=\"https:\/\/www.landwirt.com\/news\/wp-content\/uploads\/2021\/02\/Ast-Heilung.jpg 400w, https:\/\/www.landwirt.com\/news\/wp-content\/uploads\/2021\/02\/Ast-Heilung-300x200.jpg 300w\" sizes=\"auto, (max-width: 400px) 100vw, 400px\" \/><\/figure><div class=\"wp-block-media-text__content\">\n<h3 class=\"wp-block-heading\">Die Wundheilung<\/h3>\n\n\n\n<p>Generell vermag der Baum seine Wunden durch den Schnitt selbst zu heilen. Voraussetzung daf\u00fcr, die Schnittwunde muss trocknen k\u00f6nnen. Das Foto zeigt eine solche Schnittwunde, die ordentlich verheilen konnte.<\/p>\n<\/div><\/div>\n\n\n\n<div class=\"wp-block-media-text alignwide is-stacked-on-mobile\" style=\"grid-template-columns:23% auto\"><figure class=\"wp-block-media-text__media\"><img loading=\"lazy\" decoding=\"async\" width=\"400\" height=\"267\" src=\"https:\/\/www.landwirt.com\/news\/wp-content\/uploads\/2021\/02\/Ast-sagen.jpg\" alt=\"\" class=\"wp-image-4798 size-full\" srcset=\"https:\/\/www.landwirt.com\/news\/wp-content\/uploads\/2021\/02\/Ast-sagen.jpg 400w, https:\/\/www.landwirt.com\/news\/wp-content\/uploads\/2021\/02\/Ast-sagen-300x200.jpg 300w\" sizes=\"auto, (max-width: 400px) 100vw, 400px\" \/><\/figure><div class=\"wp-block-media-text__content\">\n<h3 class=\"wp-block-heading\">Der Einsatz der S\u00e4ge bei st\u00e4rkeren \u00c4sten<\/h3>\n\n\n\n<p>Sobald die \u00c4ste st\u00e4rker sind, sollte man diese mit einer S\u00e4ge oder B\u00fcgels\u00e4ge entfernen. W\u00fcrde man st\u00e4rke \u00c4ste mit einer Gartenschere entnehmen, w\u00fcrde der Ast nur gequetscht werden. Gequetschte Schnitte besch\u00e4digen jedoch den Baum und stellen eine Eintrittspforte f\u00fcr Pilze und Krankheiten dar.<\/p>\n<\/div><\/div>\n\n\n\n<div class=\"wp-block-media-text alignwide is-stacked-on-mobile\" style=\"grid-template-columns:23% auto\"><figure class=\"wp-block-media-text__media\"><img loading=\"lazy\" decoding=\"async\" width=\"400\" height=\"267\" src=\"https:\/\/www.landwirt.com\/news\/wp-content\/uploads\/2021\/02\/Ast-mit-Baumschere.jpg\" alt=\"\" class=\"wp-image-4799 size-full\" srcset=\"https:\/\/www.landwirt.com\/news\/wp-content\/uploads\/2021\/02\/Ast-mit-Baumschere.jpg 400w, https:\/\/www.landwirt.com\/news\/wp-content\/uploads\/2021\/02\/Ast-mit-Baumschere-300x200.jpg 300w\" sizes=\"auto, (max-width: 400px) 100vw, 400px\" \/><\/figure><div class=\"wp-block-media-text__content\">\n<h3 class=\"wp-block-heading\">Der Einsatz der Baumschere bei d\u00fcnnen \u00c4sten<\/h3>\n\n\n\n<p>D\u00fcnne \u00c4ste werden mit einer Baumschere entnommen. Daf\u00fcr eignen sich einseitige Scheren aus Leichtmetall wie die Bypassschere. Sie erm\u00f6glicht einen glatten Schnitt. Die h\u00e4ufig in Verwendung befindlichen Ambossscheren (Gartenschere) quetschen hingegen den Ast und verletzten den Baum dadurch unn\u00f6tig. D\u00fcnne \u00c4ste d\u00fcrfen auch nicht abgerissen oder geknickt werden, da eine solcher Abriss den Ast nur ausfranst. Wichtig auch bei kleinen Zweigen ist der glatte Schnitt.<\/p>\n<\/div><\/div>\n\n\n<p><iframe loading=\"lazy\" width=\"560\" height=\"315\" src=\"https:\/\/www.youtube.com\/embed\/UoyK1YpZ6hs\" frameborder=\"0\" allow=\"accelerometer; autoplay; clipboard-write; encrypted-media; gyroscope; picture-in-picture\" allowfullscreen=\"\"><\/iframe><\/p>\n","protected":false},"excerpt":{"rendered":"<p>Dieser Artikel gibt einen \u00dcberblick zum Baumschnitt. Er beantwortet anhand von Bildern und einem Video die wichtigsten Fragen.<br \/>\nDie Tipps kommen von den Profis Wolfgang Weingerl und Johannes Marek.<\/p>\n","protected":false},"author":12,"featured_media":5485,"comment_status":"closed","ping_status":"closed","sticky":false,"template":"","format":"standard","meta":{"footnotes":""},"categories":[15,1],"tags":[465,34],"class_list":["post-5465","post","type-post","status-publish","format-standard","has-post-thumbnail","hentry","category-landwirt","category-werbung","tag-garten","tag-obstbau"],"yoast_head":"<!-- This site is optimized with the Yoast SEO plugin v27.5 - https:\/\/yoast.com\/product\/yoast-seo-wordpress\/ -->\n<title>Wann &amp; wie soll man B\u00e4ume schneiden? - Landwirt.com News<\/title>\n<meta name=\"robots\" content=\"index, follow, max-snippet:-1, max-image-preview:large, max-video-preview:-1\" \/>\n<meta property=\"og:locale\" content=\"de_DE\" \/>\n<meta property=\"og:type\" content=\"article\" \/>\n<meta property=\"og:title\" content=\"Wann &amp; wie soll man B\u00e4ume schneiden? - Landwirt.com News\" \/>\n<meta property=\"og:description\" content=\"Dieser Artikel gibt einen \u00dcberblick zum Baumschnitt. Er beantwortet anhand von Bildern und einem Video die wichtigsten Fragen. Die Tipps kommen von den Profis Wolfgang Weingerl und Johannes Marek.\" \/>\n<meta property=\"og:url\" content=\"https:\/\/www.landwirt.com\/news\/wann-wie-soll-man-baume-schneiden-2\/\" \/>\n<meta property=\"og:site_name\" content=\"Landwirt.com News\" \/>\n<meta property=\"article:published_time\" content=\"2021-02-22T10:46:40+00:00\" \/>\n<meta property=\"article:modified_time\" content=\"2022-05-09T12:35:00+00:00\" \/>\n<meta property=\"og:image\" content=\"https:\/\/www.landwirt.com\/news\/wp-content\/uploads\/2021\/02\/Beitrag_Baume_schneiden.jpg\" \/>\n\t<meta property=\"og:image:width\" content=\"495\" \/>\n\t<meta property=\"og:image:height\" content=\"400\" \/>\n\t<meta property=\"og:image:type\" content=\"image\/jpeg\" \/>\n<meta name=\"author\" content=\"Praktikantin\" \/>\n<meta name=\"twitter:card\" content=\"summary_large_image\" \/>\n<meta name=\"twitter:label1\" content=\"Verfasst von\" \/>\n\t<meta name=\"twitter:data1\" content=\"Praktikantin\" \/>\n\t<meta name=\"twitter:label2\" content=\"Gesch\u00e4tzte Lesezeit\" \/>\n\t<meta name=\"twitter:data2\" content=\"6 Minuten\" \/>\n<script type=\"application\/ld+json\" class=\"yoast-schema-graph\">{\"@context\":\"https:\\\/\\\/schema.org\",\"@graph\":[{\"@type\":\"Article\",\"@id\":\"https:\\\/\\\/www.landwirt.com\\\/news\\\/wann-wie-soll-man-baume-schneiden-2\\\/#article\",\"isPartOf\":{\"@id\":\"https:\\\/\\\/www.landwirt.com\\\/news\\\/wann-wie-soll-man-baume-schneiden-2\\\/\"},\"author\":{\"name\":\"Praktikantin\",\"@id\":\"https:\\\/\\\/www.landwirt.com\\\/news\\\/#\\\/schema\\\/person\\\/17ef3e7fae9151b8a415e32147acf62a\"},\"headline\":\"Wann &#038; wie soll man B\u00e4ume schneiden?\",\"datePublished\":\"2021-02-22T10:46:40+00:00\",\"dateModified\":\"2022-05-09T12:35:00+00:00\",\"mainEntityOfPage\":{\"@id\":\"https:\\\/\\\/www.landwirt.com\\\/news\\\/wann-wie-soll-man-baume-schneiden-2\\\/\"},\"wordCount\":860,\"publisher\":{\"@id\":\"https:\\\/\\\/www.landwirt.com\\\/news\\\/#organization\"},\"image\":{\"@id\":\"https:\\\/\\\/www.landwirt.com\\\/news\\\/wann-wie-soll-man-baume-schneiden-2\\\/#primaryimage\"},\"thumbnailUrl\":\"https:\\\/\\\/www.landwirt.com\\\/news\\\/wp-content\\\/uploads\\\/2021\\\/02\\\/Beitrag_Baume_schneiden.jpg\",\"keywords\":[\"Garten\",\"Obstbau\"],\"articleSection\":[\"Landwirt\",\"Werbung\"],\"inLanguage\":\"de-AT\"},{\"@type\":\"WebPage\",\"@id\":\"https:\\\/\\\/www.landwirt.com\\\/news\\\/wann-wie-soll-man-baume-schneiden-2\\\/\",\"url\":\"https:\\\/\\\/www.landwirt.com\\\/news\\\/wann-wie-soll-man-baume-schneiden-2\\\/\",\"name\":\"Wann & wie soll man B\u00e4ume schneiden? - Landwirt.com News\",\"isPartOf\":{\"@id\":\"https:\\\/\\\/www.landwirt.com\\\/news\\\/#website\"},\"primaryImageOfPage\":{\"@id\":\"https:\\\/\\\/www.landwirt.com\\\/news\\\/wann-wie-soll-man-baume-schneiden-2\\\/#primaryimage\"},\"image\":{\"@id\":\"https:\\\/\\\/www.landwirt.com\\\/news\\\/wann-wie-soll-man-baume-schneiden-2\\\/#primaryimage\"},\"thumbnailUrl\":\"https:\\\/\\\/www.landwirt.com\\\/news\\\/wp-content\\\/uploads\\\/2021\\\/02\\\/Beitrag_Baume_schneiden.jpg\",\"datePublished\":\"2021-02-22T10:46:40+00:00\",\"dateModified\":\"2022-05-09T12:35:00+00:00\",\"breadcrumb\":{\"@id\":\"https:\\\/\\\/www.landwirt.com\\\/news\\\/wann-wie-soll-man-baume-schneiden-2\\\/#breadcrumb\"},\"inLanguage\":\"de-AT\",\"potentialAction\":[{\"@type\":\"ReadAction\",\"target\":[\"https:\\\/\\\/www.landwirt.com\\\/news\\\/wann-wie-soll-man-baume-schneiden-2\\\/\"]}]},{\"@type\":\"ImageObject\",\"inLanguage\":\"de-AT\",\"@id\":\"https:\\\/\\\/www.landwirt.com\\\/news\\\/wann-wie-soll-man-baume-schneiden-2\\\/#primaryimage\",\"url\":\"https:\\\/\\\/www.landwirt.com\\\/news\\\/wp-content\\\/uploads\\\/2021\\\/02\\\/Beitrag_Baume_schneiden.jpg\",\"contentUrl\":\"https:\\\/\\\/www.landwirt.com\\\/news\\\/wp-content\\\/uploads\\\/2021\\\/02\\\/Beitrag_Baume_schneiden.jpg\",\"width\":495,\"height\":400},{\"@type\":\"BreadcrumbList\",\"@id\":\"https:\\\/\\\/www.landwirt.com\\\/news\\\/wann-wie-soll-man-baume-schneiden-2\\\/#breadcrumb\",\"itemListElement\":[{\"@type\":\"ListItem\",\"position\":1,\"name\":\"Home\",\"item\":\"https:\\\/\\\/www.landwirt.com\\\/news\\\/home\\\/\"},{\"@type\":\"ListItem\",\"position\":2,\"name\":\"Wann &#038; wie soll man B\u00e4ume schneiden?\"}]},{\"@type\":\"WebSite\",\"@id\":\"https:\\\/\\\/www.landwirt.com\\\/news\\\/#website\",\"url\":\"https:\\\/\\\/www.landwirt.com\\\/news\\\/\",\"name\":\"Landwirt.com News\",\"description\":\"Landwirt.com News\",\"publisher\":{\"@id\":\"https:\\\/\\\/www.landwirt.com\\\/news\\\/#organization\"},\"potentialAction\":[{\"@type\":\"SearchAction\",\"target\":{\"@type\":\"EntryPoint\",\"urlTemplate\":\"https:\\\/\\\/www.landwirt.com\\\/news\\\/?s={search_term_string}\"},\"query-input\":{\"@type\":\"PropertyValueSpecification\",\"valueRequired\":true,\"valueName\":\"search_term_string\"}}],\"inLanguage\":\"de-AT\"},{\"@type\":\"Organization\",\"@id\":\"https:\\\/\\\/www.landwirt.com\\\/news\\\/#organization\",\"name\":\"LANDWIRT.COM GMBH\",\"url\":\"https:\\\/\\\/www.landwirt.com\\\/news\\\/\",\"logo\":{\"@type\":\"ImageObject\",\"inLanguage\":\"de-AT\",\"@id\":\"https:\\\/\\\/www.landwirt.com\\\/news\\\/#\\\/schema\\\/logo\\\/image\\\/\",\"url\":\"https:\\\/\\\/www.landwirt.com\\\/news\\\/wp-content\\\/uploads\\\/2020\\\/02\\\/LW-logo.png\",\"contentUrl\":\"https:\\\/\\\/www.landwirt.com\\\/news\\\/wp-content\\\/uploads\\\/2020\\\/02\\\/LW-logo.png\",\"width\":250,\"height\":58,\"caption\":\"LANDWIRT.COM GMBH\"},\"image\":{\"@id\":\"https:\\\/\\\/www.landwirt.com\\\/news\\\/#\\\/schema\\\/logo\\\/image\\\/\"}},{\"@type\":\"Person\",\"@id\":\"https:\\\/\\\/www.landwirt.com\\\/news\\\/#\\\/schema\\\/person\\\/17ef3e7fae9151b8a415e32147acf62a\",\"name\":\"Praktikantin\",\"image\":{\"@type\":\"ImageObject\",\"inLanguage\":\"de-AT\",\"@id\":\"https:\\\/\\\/secure.gravatar.com\\\/avatar\\\/d815a63b52b029dbc85fe20d473a4778a1a63f56e4de4b126a19c2c196a2cefa?s=96&d=mm&r=g\",\"url\":\"https:\\\/\\\/secure.gravatar.com\\\/avatar\\\/d815a63b52b029dbc85fe20d473a4778a1a63f56e4de4b126a19c2c196a2cefa?s=96&d=mm&r=g\",\"contentUrl\":\"https:\\\/\\\/secure.gravatar.com\\\/avatar\\\/d815a63b52b029dbc85fe20d473a4778a1a63f56e4de4b126a19c2c196a2cefa?s=96&d=mm&r=g\",\"caption\":\"Praktikantin\"},\"url\":\"https:\\\/\\\/www.landwirt.com\\\/news\\\/author\\\/praktikantin\\\/\"}]}<\/script>\n<!-- \/ Yoast SEO plugin. -->","yoast_head_json":{"title":"Wann & wie soll man B\u00e4ume schneiden? - Landwirt.com News","robots":{"index":"index","follow":"follow","max-snippet":"max-snippet:-1","max-image-preview":"max-image-preview:large","max-video-preview":"max-video-preview:-1"},"og_locale":"de_DE","og_type":"article","og_title":"Wann & wie soll man B\u00e4ume schneiden? - Landwirt.com News","og_description":"Dieser Artikel gibt einen \u00dcberblick zum Baumschnitt. Er beantwortet anhand von Bildern und einem Video die wichtigsten Fragen. Die Tipps kommen von den Profis Wolfgang Weingerl und Johannes Marek.","og_url":"https:\/\/www.landwirt.com\/news\/wann-wie-soll-man-baume-schneiden-2\/","og_site_name":"Landwirt.com News","article_published_time":"2021-02-22T10:46:40+00:00","article_modified_time":"2022-05-09T12:35:00+00:00","og_image":[{"width":495,"height":400,"url":"https:\/\/www.landwirt.com\/news\/wp-content\/uploads\/2021\/02\/Beitrag_Baume_schneiden.jpg","type":"image\/jpeg"}],"author":"Praktikantin","twitter_card":"summary_large_image","twitter_misc":{"Verfasst von":"Praktikantin","Gesch\u00e4tzte Lesezeit":"6 Minuten"},"schema":{"@context":"https:\/\/schema.org","@graph":[{"@type":"Article","@id":"https:\/\/www.landwirt.com\/news\/wann-wie-soll-man-baume-schneiden-2\/#article","isPartOf":{"@id":"https:\/\/www.landwirt.com\/news\/wann-wie-soll-man-baume-schneiden-2\/"},"author":{"name":"Praktikantin","@id":"https:\/\/www.landwirt.com\/news\/#\/schema\/person\/17ef3e7fae9151b8a415e32147acf62a"},"headline":"Wann &#038; wie soll man B\u00e4ume schneiden?","datePublished":"2021-02-22T10:46:40+00:00","dateModified":"2022-05-09T12:35:00+00:00","mainEntityOfPage":{"@id":"https:\/\/www.landwirt.com\/news\/wann-wie-soll-man-baume-schneiden-2\/"},"wordCount":860,"publisher":{"@id":"https:\/\/www.landwirt.com\/news\/#organization"},"image":{"@id":"https:\/\/www.landwirt.com\/news\/wann-wie-soll-man-baume-schneiden-2\/#primaryimage"},"thumbnailUrl":"https:\/\/www.landwirt.com\/news\/wp-content\/uploads\/2021\/02\/Beitrag_Baume_schneiden.jpg","keywords":["Garten","Obstbau"],"articleSection":["Landwirt","Werbung"],"inLanguage":"de-AT"},{"@type":"WebPage","@id":"https:\/\/www.landwirt.com\/news\/wann-wie-soll-man-baume-schneiden-2\/","url":"https:\/\/www.landwirt.com\/news\/wann-wie-soll-man-baume-schneiden-2\/","name":"Wann & wie soll man B\u00e4ume schneiden? - Landwirt.com News","isPartOf":{"@id":"https:\/\/www.landwirt.com\/news\/#website"},"primaryImageOfPage":{"@id":"https:\/\/www.landwirt.com\/news\/wann-wie-soll-man-baume-schneiden-2\/#primaryimage"},"image":{"@id":"https:\/\/www.landwirt.com\/news\/wann-wie-soll-man-baume-schneiden-2\/#primaryimage"},"thumbnailUrl":"https:\/\/www.landwirt.com\/news\/wp-content\/uploads\/2021\/02\/Beitrag_Baume_schneiden.jpg","datePublished":"2021-02-22T10:46:40+00:00","dateModified":"2022-05-09T12:35:00+00:00","breadcrumb":{"@id":"https:\/\/www.landwirt.com\/news\/wann-wie-soll-man-baume-schneiden-2\/#breadcrumb"},"inLanguage":"de-AT","potentialAction":[{"@type":"ReadAction","target":["https:\/\/www.landwirt.com\/news\/wann-wie-soll-man-baume-schneiden-2\/"]}]},{"@type":"ImageObject","inLanguage":"de-AT","@id":"https:\/\/www.landwirt.com\/news\/wann-wie-soll-man-baume-schneiden-2\/#primaryimage","url":"https:\/\/www.landwirt.com\/news\/wp-content\/uploads\/2021\/02\/Beitrag_Baume_schneiden.jpg","contentUrl":"https:\/\/www.landwirt.com\/news\/wp-content\/uploads\/2021\/02\/Beitrag_Baume_schneiden.jpg","width":495,"height":400},{"@type":"BreadcrumbList","@id":"https:\/\/www.landwirt.com\/news\/wann-wie-soll-man-baume-schneiden-2\/#breadcrumb","itemListElement":[{"@type":"ListItem","position":1,"name":"Home","item":"https:\/\/www.landwirt.com\/news\/home\/"},{"@type":"ListItem","position":2,"name":"Wann &#038; wie soll man B\u00e4ume schneiden?"}]},{"@type":"WebSite","@id":"https:\/\/www.landwirt.com\/news\/#website","url":"https:\/\/www.landwirt.com\/news\/","name":"Landwirt.com News","description":"Landwirt.com News","publisher":{"@id":"https:\/\/www.landwirt.com\/news\/#organization"},"potentialAction":[{"@type":"SearchAction","target":{"@type":"EntryPoint","urlTemplate":"https:\/\/www.landwirt.com\/news\/?s={search_term_string}"},"query-input":{"@type":"PropertyValueSpecification","valueRequired":true,"valueName":"search_term_string"}}],"inLanguage":"de-AT"},{"@type":"Organization","@id":"https:\/\/www.landwirt.com\/news\/#organization","name":"LANDWIRT.COM GMBH","url":"https:\/\/www.landwirt.com\/news\/","logo":{"@type":"ImageObject","inLanguage":"de-AT","@id":"https:\/\/www.landwirt.com\/news\/#\/schema\/logo\/image\/","url":"https:\/\/www.landwirt.com\/news\/wp-content\/uploads\/2020\/02\/LW-logo.png","contentUrl":"https:\/\/www.landwirt.com\/news\/wp-content\/uploads\/2020\/02\/LW-logo.png","width":250,"height":58,"caption":"LANDWIRT.COM GMBH"},"image":{"@id":"https:\/\/www.landwirt.com\/news\/#\/schema\/logo\/image\/"}},{"@type":"Person","@id":"https:\/\/www.landwirt.com\/news\/#\/schema\/person\/17ef3e7fae9151b8a415e32147acf62a","name":"Praktikantin","image":{"@type":"ImageObject","inLanguage":"de-AT","@id":"https:\/\/secure.gravatar.com\/avatar\/d815a63b52b029dbc85fe20d473a4778a1a63f56e4de4b126a19c2c196a2cefa?s=96&d=mm&r=g","url":"https:\/\/secure.gravatar.com\/avatar\/d815a63b52b029dbc85fe20d473a4778a1a63f56e4de4b126a19c2c196a2cefa?s=96&d=mm&r=g","contentUrl":"https:\/\/secure.gravatar.com\/avatar\/d815a63b52b029dbc85fe20d473a4778a1a63f56e4de4b126a19c2c196a2cefa?s=96&d=mm&r=g","caption":"Praktikantin"},"url":"https:\/\/www.landwirt.com\/news\/author\/praktikantin\/"}]}},"_links":{"self":[{"href":"https:\/\/www.landwirt.com\/news\/wp-json\/wp\/v2\/posts\/5465","targetHints":{"allow":["GET"]}}],"collection":[{"href":"https:\/\/www.landwirt.com\/news\/wp-json\/wp\/v2\/posts"}],"about":[{"href":"https:\/\/www.landwirt.com\/news\/wp-json\/wp\/v2\/types\/post"}],"author":[{"embeddable":true,"href":"https:\/\/www.landwirt.com\/news\/wp-json\/wp\/v2\/users\/12"}],"replies":[{"embeddable":true,"href":"https:\/\/www.landwirt.com\/news\/wp-json\/wp\/v2\/comments?post=5465"}],"version-history":[{"count":14,"href":"https:\/\/www.landwirt.com\/news\/wp-json\/wp\/v2\/posts\/5465\/revisions"}],"predecessor-version":[{"id":6372,"href":"https:\/\/www.landwirt.com\/news\/wp-json\/wp\/v2\/posts\/5465\/revisions\/6372"}],"wp:featuredmedia":[{"embeddable":true,"href":"https:\/\/www.landwirt.com\/news\/wp-json\/wp\/v2\/media\/5485"}],"wp:attachment":[{"href":"https:\/\/www.landwirt.com\/news\/wp-json\/wp\/v2\/media?parent=5465"}],"wp:term":[{"taxonomy":"category","embeddable":true,"href":"https:\/\/www.landwirt.com\/news\/wp-json\/wp\/v2\/categories?post=5465"},{"taxonomy":"post_tag","embeddable":true,"href":"https:\/\/www.landwirt.com\/news\/wp-json\/wp\/v2\/tags?post=5465"}],"curies":[{"name":"wp","href":"https:\/\/api.w.org\/{rel}","templated":true}]}}