{"id":4437,"date":"2020-12-21T14:16:54","date_gmt":"2020-12-21T13:16:54","guid":{"rendered":"https:\/\/www.landwirt.com\/news\/?p=4437"},"modified":"2022-06-15T16:40:14","modified_gmt":"2022-06-15T14:40:14","slug":"tractor-of-the-year-2021-massey-ferguson-mf-8s-265-dyna-e-power-exclusive","status":"publish","type":"post","link":"https:\/\/www.landwirt.com\/news\/tractor-of-the-year-2021-massey-ferguson-mf-8s-265-dyna-e-power-exclusive\/","title":{"rendered":"Tractor Of The Year 2021: Massey Ferguson MF 8S.265 Dyna E-Power Exclusive"},"content":{"rendered":"\n<hr class=\"wp-block-separator\"\/>\n\n\n\n<p><\/p>\n\n\n\n<p>Massey Ferguson, eine weltweite Marke von AGCO (NYSE:AGCO), freut sich, bekannt zu geben, dass der MF 8S.265 Dyna E-Power Exclusive der Gewinner des Tractor Of The Year 2021 ist. Diese Auszeichnung, die von einer Jury aus 26 europ\u00e4ischen L\u00e4ndern vergeben wurde, wurde am 18. Dezember im Rahmen einer speziellen Tractor Of The Year 2021 &#8211; Verleihung, die vollst\u00e4ndig digital abgehalten wurde, verliehen.<\/p>\n\n\n\n<p><\/p>\n\n\n\n<div class=\"wp-block-media-text alignwide is-stacked-on-mobile is-vertically-aligned-top\"><figure class=\"wp-block-media-text__media\"><img loading=\"lazy\" decoding=\"async\" width=\"1030\" height=\"465\" src=\"https:\/\/www.landwirt.com\/news\/wp-content\/uploads\/2020\/12\/MF8S_Kuhn5FPlough_Transport_FR_1020-9891-2-1030x465.jpg\" alt=\"\" class=\"wp-image-4438 size-full\" srcset=\"https:\/\/www.landwirt.com\/news\/wp-content\/uploads\/2020\/12\/MF8S_Kuhn5FPlough_Transport_FR_1020-9891-2-1030x465.jpg 1030w, https:\/\/www.landwirt.com\/news\/wp-content\/uploads\/2020\/12\/MF8S_Kuhn5FPlough_Transport_FR_1020-9891-2-300x135.jpg 300w, https:\/\/www.landwirt.com\/news\/wp-content\/uploads\/2020\/12\/MF8S_Kuhn5FPlough_Transport_FR_1020-9891-2-768x347.jpg 768w, https:\/\/www.landwirt.com\/news\/wp-content\/uploads\/2020\/12\/MF8S_Kuhn5FPlough_Transport_FR_1020-9891-2-1536x693.jpg 1536w, https:\/\/www.landwirt.com\/news\/wp-content\/uploads\/2020\/12\/MF8S_Kuhn5FPlough_Transport_FR_1020-9891-2-2048x924.jpg 2048w, https:\/\/www.landwirt.com\/news\/wp-content\/uploads\/2020\/12\/MF8S_Kuhn5FPlough_Transport_FR_1020-9891-2-1500x677.jpg 1500w, https:\/\/www.landwirt.com\/news\/wp-content\/uploads\/2020\/12\/MF8S_Kuhn5FPlough_Transport_FR_1020-9891-2-705x318.jpg 705w\" sizes=\"auto, (max-width: 1030px) 100vw, 1030px\" \/><\/figure><div class=\"wp-block-media-text__content\">\n<p>&#8222;Jeder bei Massey Ferguson ist \u00fcbergl\u00fccklich, die h\u00f6chste Auszeichnung des Tractor Of The Year 2021 zu erhalten&#8220;, sagt Thierry Lhotte, Vice President &amp; Managing Director Massey Ferguson, Europe &amp; Middle East. &#8222;Mit der Baureihe MF 8S haben wir uns vorgenommen, eine neue \u00c4ra zu definieren, nicht nur f\u00fcr Massey Ferguson, sondern auch f\u00fcr das Traktordesign und nat\u00fcrlich f\u00fcr unsere Kunden.\u201c<\/p>\n<\/div><\/div>\n\n\n\n<p><\/p>\n\n\n\n<p>&#8222;Jeder bei Massey Ferguson ist \u00fcbergl\u00fccklich, die h\u00f6chste Auszeichnung des Tractor Of The Year 2021 zu erhalten&#8220;, sagt Thierry Lhotte, Vice President &amp; Managing Director Massey Ferguson, Europe &amp; Middle East. &#8222;Mit der Baureihe MF 8S haben wir uns vorgenommen, eine neue \u00c4ra zu definieren, nicht nur f\u00fcr Massey Ferguson, sondern auch f\u00fcr das Traktordesign und nat\u00fcrlich f\u00fcr unsere Kunden.\u201c<\/p>\n\n\n\n<p>Die Auszeichnung &#8222;Tractor Of The Year 2021&#8220; ist ein Neuzugang im Troph\u00e4enschrank des MF 8S, da die digitale Markteinf\u00fchrung des MF 8S beim Best Event Award 2020 in Italien sogar eine Goldmedaille in der Kategorie &#8222;Best Use of Digital Technology&#8220; und eine Silbermedaille als &#8222;Best B2B Digital\/Hybrid Event&#8220; gewann. Damit wurde die bereits auf der EIMA 2018 eingef\u00fchrte Messe- und Eventstrategie von Massey Ferguson gew\u00fcrdigt, die physische Pr\u00e4senz und digitale M\u00f6glichkeiten miteinander zu verbinden.<\/p>\n\n\n\n<h2 class=\"wp-block-heading\"><strong>Preisgekr\u00f6nte Technologie<\/strong><\/h2>\n\n\n\n<p>Der MF 8S.265 Dyna E-Power Exclusive steht an der Spitze der MF 8S-Baureihe, die vier Modelle von 205 PS bis 265 PS umfasst, die alle \u00fcber 20 PS zus\u00e4tzliche Leistung mit Engine Power Management verf\u00fcgen.<\/p>\n\n\n\n<p>Die komplett neu entwickelte Baureihe MF 8S zeichnet sich durch ein innovatives Design in allen Bereichen aus &#8211; Motor, Kabine, Getriebe und Leistung sowie durch neue Bedienelemente und Anschlussm\u00f6glichkeiten. Die Traktoren sind hochwertig ausgestattet und verf\u00fcgen \u00fcber verschiedene Ausstattungspakete, die ein hervorragendes Preis-Leistungs-Verh\u00e4ltnis bieten.<\/p>\n\n\n\n<p>Die Traktoren zeichnen sich durch das einzigartige Protect-U-Design aus, das mit einem Abstand von 24 cm den Motor von der Kabine trennt und diese gegen L\u00e4rm, Hitze und Vibrationen isoliert.<\/p>\n\n\n\n<h2 class=\"wp-block-heading\"><strong>Branchenf\u00fchrende Kabine<\/strong><\/h2>\n\n\n\n<p>Die branchenf\u00fchrende Vier-S\u00e4ulen-Kabine ist mit nur 68 dB einer der leisesten Kabinen auf dem Markt und verf\u00fcgt \u00fcber eine markante, geneigte Windschutzscheibe, die ultimativen Raum und Sicht bietet. Der neue Multipad-Fahrhebel und die Armlehne sorgen f\u00fcr eine intuitive Bedienung und bieten die Grundlage f\u00fcr intelligente Arbeitsabl\u00e4ufe.<\/p>\n\n\n\n<p>Ein neues digitales MF vDisplay, das an der rechten S\u00e4ule angebracht ist, ersetzt das Armaturenbrett und l\u00e4sst nur das Lenkrad und den Power Control-Hebel \u00fcbrig, um eine hervorragende Sicht \u00fcber die schlanke, Wespentaille der Motorhaube zu gew\u00e4hrleisten.<\/p>\n\n\n\n<p>Mit der serienm\u00e4\u00dfigen Telemetriel\u00f6sung MF Connect und dem Datatronic 5 Touchscreen-Terminal ist die komplette Konnektivit\u00e4t gew\u00e4hrleistet. Optional kann ein zus\u00e4tzliches Fieldstar 5-Terminal zur Verwaltung der MF Technologie eingesetzt werden &#8211; einschlie\u00dflich MF Guide, MF Section Control und MF Rate Control.<\/p>\n\n\n\n<h2 class=\"wp-block-heading\"><strong>Neue hocheffiziente Getriebe<\/strong><\/h2>\n\n\n\n<p>V\u00f6llig neu ist die Doppelkupplungstechnologie des Dyna E-Power, die den Komfort eines stufenlosen Getriebes mit der Effizienz eines Semi-Powershift kombiniert. Dies reduziert die Verlustleistung bei h\u00f6heren Geschwindigkeiten um 26 % und spart so bis zu 5 % Kraftstoff.<\/p>\n\n\n\n<p>Alternativ ist das neue Dyna-7 Semi-Powershift-Getriebe auch f\u00fcr die Baureihe MF 8S erh\u00e4ltlich und bietet 28 Vorw\u00e4rts- und R\u00fcckw\u00e4rtsg\u00e4nge. Sie bietet die gleiche einfache Bedienung und Zuverl\u00e4ssigkeit wie die bekannte Dyna-6-Schaltung, bietet aber eine zus\u00e4tzliche Geschwindigkeit mit sanfteren Schaltvorg\u00e4ngen und ist jetzt auch 15 % effizienter.<\/p>\n\n\n\n<p>Auf einem Radstand von 3,05 m und mit einer starken, neuen Hinterachse bietet der MF 8S 10 % mehr Zugkraft. Mit seiner leistungsstarken neuen Hydraulik und Zapfwelle bietet er mehr Leistung, arbeitet effizienter und spart Kosten. Die Traktoren der Baureihe MF 8S k\u00f6nnen auch mit Hinterradreifen bis zu einem Durchmesser von 2,05 m (R42) ausgestattet werden, einschlie\u00dflich der exklusiven Option des neuesten VF650\/75 R42 Trelleborg TM1000 PT.<\/p>\n\n\n\n<h2 class=\"wp-block-heading\"><strong>Hervorragende Ausstattungsvarianten<\/strong><\/h2>\n\n\n\n<p>Die preisgekr\u00f6nte MF 8S Exclusive-Ausstattung ist ein umfassendes Paket, dass dem Fahrer au\u00dfergew\u00f6hnlichen Komfort und Bedienerfreundlichkeit sowie echte leistungssteigernde Merkmale zur Steigerung von Produktivit\u00e4t und Effizienz bietet.<\/p>\n\n\n\n<p>Die Exclusive-Modelle sind ab sofort erh\u00e4ltlich. Anfang 2021 kommen die Efficient-Versionen hinzu und im n\u00e4chsten Jahr wird es f\u00fcr alle Modelle optional ein stufenloses Dyna-VT Getriebe geben.<br><br><strong>Pressebericht: <a href=\"https:\/\/www.austrodiesel.at\/massey-ferguson-zentral-und-osteuropa\/\">Austro Diesel GmbH<\/a><\/strong><\/p>\n","protected":false},"excerpt":{"rendered":"<p>Mit der Baureihe MF 8S hat sich MF vorgenommen, eine neue \u00c4ra zu definieren, nicht nur f\u00fcr Massey Ferguson, sondern auch f\u00fcr das Traktordesign und nat\u00fcrlich f\u00fcr ihre Kunden.<\/p>\n","protected":false},"author":5,"featured_media":4439,"comment_status":"closed","ping_status":"closed","sticky":false,"template":"","format":"standard","meta":{"footnotes":""},"categories":[15,1],"tags":[475,170,458,169,232,62,447],"class_list":["post-4437","post","type-post","status-publish","format-standard","has-post-thumbnail","hentry","category-landwirt","category-werbung","tag-agco","tag-austro-diesel","tag-auszeichnung","tag-massey-ferguson","tag-mf","tag-traktor","tag-traktor-des-jahres"],"yoast_head":"<!-- This site is optimized with the Yoast SEO plugin v27.4 - https:\/\/yoast.com\/product\/yoast-seo-wordpress\/ -->\n<title>Tractor Of The Year 2021: Massey Ferguson MF 8S.265 Dyna E-Power Exclusive - Landwirt.com News<\/title>\n<meta name=\"robots\" content=\"index, follow, max-snippet:-1, max-image-preview:large, max-video-preview:-1\" \/>\n<meta property=\"og:locale\" content=\"de_DE\" \/>\n<meta property=\"og:type\" content=\"article\" \/>\n<meta property=\"og:title\" content=\"Tractor Of The Year 2021: Massey Ferguson MF 8S.265 Dyna E-Power Exclusive - Landwirt.com News\" \/>\n<meta property=\"og:description\" content=\"Mit der Baureihe MF 8S hat sich MF vorgenommen, eine neue \u00c4ra zu definieren, nicht nur f\u00fcr Massey Ferguson, sondern auch f\u00fcr das Traktordesign und nat\u00fcrlich f\u00fcr ihre Kunden.\" \/>\n<meta property=\"og:url\" content=\"https:\/\/www.landwirt.com\/news\/tractor-of-the-year-2021-massey-ferguson-mf-8s-265-dyna-e-power-exclusive\/\" \/>\n<meta property=\"og:site_name\" content=\"Landwirt.com News\" \/>\n<meta property=\"article:published_time\" content=\"2020-12-21T13:16:54+00:00\" \/>\n<meta property=\"article:modified_time\" content=\"2022-06-15T14:40:14+00:00\" \/>\n<meta property=\"og:image\" content=\"https:\/\/www.landwirt.com\/news\/wp-content\/uploads\/2020\/12\/vorschau-mf-2.jpg\" \/>\n\t<meta property=\"og:image:width\" content=\"495\" \/>\n\t<meta property=\"og:image:height\" content=\"400\" \/>\n\t<meta property=\"og:image:type\" content=\"image\/jpeg\" \/>\n<meta name=\"author\" content=\"Lisa Rokos\" \/>\n<meta name=\"twitter:card\" content=\"summary_large_image\" \/>\n<meta name=\"twitter:label1\" content=\"Verfasst von\" \/>\n\t<meta name=\"twitter:data1\" content=\"Lisa Rokos\" \/>\n\t<meta name=\"twitter:label2\" content=\"Gesch\u00e4tzte Lesezeit\" \/>\n\t<meta name=\"twitter:data2\" content=\"5 Minuten\" \/>\n<script type=\"application\/ld+json\" class=\"yoast-schema-graph\">{\"@context\":\"https:\\\/\\\/schema.org\",\"@graph\":[{\"@type\":\"Article\",\"@id\":\"https:\\\/\\\/www.landwirt.com\\\/news\\\/tractor-of-the-year-2021-massey-ferguson-mf-8s-265-dyna-e-power-exclusive\\\/#article\",\"isPartOf\":{\"@id\":\"https:\\\/\\\/www.landwirt.com\\\/news\\\/tractor-of-the-year-2021-massey-ferguson-mf-8s-265-dyna-e-power-exclusive\\\/\"},\"author\":{\"name\":\"Lisa Rokos\",\"@id\":\"https:\\\/\\\/www.landwirt.com\\\/news\\\/#\\\/schema\\\/person\\\/75a4bc83f62af5332a58cf5d219a4c51\"},\"headline\":\"Tractor Of The Year 2021: Massey Ferguson MF 8S.265 Dyna E-Power Exclusive\",\"datePublished\":\"2020-12-21T13:16:54+00:00\",\"dateModified\":\"2022-06-15T14:40:14+00:00\",\"mainEntityOfPage\":{\"@id\":\"https:\\\/\\\/www.landwirt.com\\\/news\\\/tractor-of-the-year-2021-massey-ferguson-mf-8s-265-dyna-e-power-exclusive\\\/\"},\"wordCount\":758,\"publisher\":{\"@id\":\"https:\\\/\\\/www.landwirt.com\\\/news\\\/#organization\"},\"image\":{\"@id\":\"https:\\\/\\\/www.landwirt.com\\\/news\\\/tractor-of-the-year-2021-massey-ferguson-mf-8s-265-dyna-e-power-exclusive\\\/#primaryimage\"},\"thumbnailUrl\":\"https:\\\/\\\/www.landwirt.com\\\/news\\\/wp-content\\\/uploads\\\/2020\\\/12\\\/vorschau-mf-2.jpg\",\"keywords\":[\"AGCO\",\"Austro Diesel\",\"Auszeichnung\",\"Massey Ferguson\",\"MF\",\"Traktor\",\"Traktor des Jahres\"],\"articleSection\":[\"Landwirt\",\"Werbung\"],\"inLanguage\":\"de-AT\"},{\"@type\":\"WebPage\",\"@id\":\"https:\\\/\\\/www.landwirt.com\\\/news\\\/tractor-of-the-year-2021-massey-ferguson-mf-8s-265-dyna-e-power-exclusive\\\/\",\"url\":\"https:\\\/\\\/www.landwirt.com\\\/news\\\/tractor-of-the-year-2021-massey-ferguson-mf-8s-265-dyna-e-power-exclusive\\\/\",\"name\":\"Tractor Of The Year 2021: Massey Ferguson MF 8S.265 Dyna E-Power Exclusive - Landwirt.com News\",\"isPartOf\":{\"@id\":\"https:\\\/\\\/www.landwirt.com\\\/news\\\/#website\"},\"primaryImageOfPage\":{\"@id\":\"https:\\\/\\\/www.landwirt.com\\\/news\\\/tractor-of-the-year-2021-massey-ferguson-mf-8s-265-dyna-e-power-exclusive\\\/#primaryimage\"},\"image\":{\"@id\":\"https:\\\/\\\/www.landwirt.com\\\/news\\\/tractor-of-the-year-2021-massey-ferguson-mf-8s-265-dyna-e-power-exclusive\\\/#primaryimage\"},\"thumbnailUrl\":\"https:\\\/\\\/www.landwirt.com\\\/news\\\/wp-content\\\/uploads\\\/2020\\\/12\\\/vorschau-mf-2.jpg\",\"datePublished\":\"2020-12-21T13:16:54+00:00\",\"dateModified\":\"2022-06-15T14:40:14+00:00\",\"breadcrumb\":{\"@id\":\"https:\\\/\\\/www.landwirt.com\\\/news\\\/tractor-of-the-year-2021-massey-ferguson-mf-8s-265-dyna-e-power-exclusive\\\/#breadcrumb\"},\"inLanguage\":\"de-AT\",\"potentialAction\":[{\"@type\":\"ReadAction\",\"target\":[\"https:\\\/\\\/www.landwirt.com\\\/news\\\/tractor-of-the-year-2021-massey-ferguson-mf-8s-265-dyna-e-power-exclusive\\\/\"]}]},{\"@type\":\"ImageObject\",\"inLanguage\":\"de-AT\",\"@id\":\"https:\\\/\\\/www.landwirt.com\\\/news\\\/tractor-of-the-year-2021-massey-ferguson-mf-8s-265-dyna-e-power-exclusive\\\/#primaryimage\",\"url\":\"https:\\\/\\\/www.landwirt.com\\\/news\\\/wp-content\\\/uploads\\\/2020\\\/12\\\/vorschau-mf-2.jpg\",\"contentUrl\":\"https:\\\/\\\/www.landwirt.com\\\/news\\\/wp-content\\\/uploads\\\/2020\\\/12\\\/vorschau-mf-2.jpg\",\"width\":495,\"height\":400},{\"@type\":\"BreadcrumbList\",\"@id\":\"https:\\\/\\\/www.landwirt.com\\\/news\\\/tractor-of-the-year-2021-massey-ferguson-mf-8s-265-dyna-e-power-exclusive\\\/#breadcrumb\",\"itemListElement\":[{\"@type\":\"ListItem\",\"position\":1,\"name\":\"Home\",\"item\":\"https:\\\/\\\/www.landwirt.com\\\/news\\\/home\\\/\"},{\"@type\":\"ListItem\",\"position\":2,\"name\":\"Tractor Of The Year 2021: Massey Ferguson MF 8S.265 Dyna E-Power Exclusive\"}]},{\"@type\":\"WebSite\",\"@id\":\"https:\\\/\\\/www.landwirt.com\\\/news\\\/#website\",\"url\":\"https:\\\/\\\/www.landwirt.com\\\/news\\\/\",\"name\":\"Landwirt.com News\",\"description\":\"Landwirt.com News\",\"publisher\":{\"@id\":\"https:\\\/\\\/www.landwirt.com\\\/news\\\/#organization\"},\"potentialAction\":[{\"@type\":\"SearchAction\",\"target\":{\"@type\":\"EntryPoint\",\"urlTemplate\":\"https:\\\/\\\/www.landwirt.com\\\/news\\\/?s={search_term_string}\"},\"query-input\":{\"@type\":\"PropertyValueSpecification\",\"valueRequired\":true,\"valueName\":\"search_term_string\"}}],\"inLanguage\":\"de-AT\"},{\"@type\":\"Organization\",\"@id\":\"https:\\\/\\\/www.landwirt.com\\\/news\\\/#organization\",\"name\":\"LANDWIRT.COM GMBH\",\"url\":\"https:\\\/\\\/www.landwirt.com\\\/news\\\/\",\"logo\":{\"@type\":\"ImageObject\",\"inLanguage\":\"de-AT\",\"@id\":\"https:\\\/\\\/www.landwirt.com\\\/news\\\/#\\\/schema\\\/logo\\\/image\\\/\",\"url\":\"https:\\\/\\\/www.landwirt.com\\\/news\\\/wp-content\\\/uploads\\\/2020\\\/02\\\/LW-logo.png\",\"contentUrl\":\"https:\\\/\\\/www.landwirt.com\\\/news\\\/wp-content\\\/uploads\\\/2020\\\/02\\\/LW-logo.png\",\"width\":250,\"height\":58,\"caption\":\"LANDWIRT.COM GMBH\"},\"image\":{\"@id\":\"https:\\\/\\\/www.landwirt.com\\\/news\\\/#\\\/schema\\\/logo\\\/image\\\/\"}},{\"@type\":\"Person\",\"@id\":\"https:\\\/\\\/www.landwirt.com\\\/news\\\/#\\\/schema\\\/person\\\/75a4bc83f62af5332a58cf5d219a4c51\",\"name\":\"Lisa Rokos\",\"image\":{\"@type\":\"ImageObject\",\"inLanguage\":\"de-AT\",\"@id\":\"https:\\\/\\\/secure.gravatar.com\\\/avatar\\\/7a0bb7bda929bd765c27a74ac583d88484ba68a68a98e3d35a51f87ee30382d9?s=96&d=mm&r=g\",\"url\":\"https:\\\/\\\/secure.gravatar.com\\\/avatar\\\/7a0bb7bda929bd765c27a74ac583d88484ba68a68a98e3d35a51f87ee30382d9?s=96&d=mm&r=g\",\"contentUrl\":\"https:\\\/\\\/secure.gravatar.com\\\/avatar\\\/7a0bb7bda929bd765c27a74ac583d88484ba68a68a98e3d35a51f87ee30382d9?s=96&d=mm&r=g\",\"caption\":\"Lisa Rokos\"},\"url\":\"https:\\\/\\\/www.landwirt.com\\\/news\\\/author\\\/lisa\\\/\"}]}<\/script>\n<!-- \/ Yoast SEO plugin. -->","yoast_head_json":{"title":"Tractor Of The Year 2021: Massey Ferguson MF 8S.265 Dyna E-Power Exclusive - Landwirt.com News","robots":{"index":"index","follow":"follow","max-snippet":"max-snippet:-1","max-image-preview":"max-image-preview:large","max-video-preview":"max-video-preview:-1"},"og_locale":"de_DE","og_type":"article","og_title":"Tractor Of The Year 2021: Massey Ferguson MF 8S.265 Dyna E-Power Exclusive - Landwirt.com News","og_description":"Mit der Baureihe MF 8S hat sich MF vorgenommen, eine neue \u00c4ra zu definieren, nicht nur f\u00fcr Massey Ferguson, sondern auch f\u00fcr das Traktordesign und nat\u00fcrlich f\u00fcr ihre Kunden.","og_url":"https:\/\/www.landwirt.com\/news\/tractor-of-the-year-2021-massey-ferguson-mf-8s-265-dyna-e-power-exclusive\/","og_site_name":"Landwirt.com News","article_published_time":"2020-12-21T13:16:54+00:00","article_modified_time":"2022-06-15T14:40:14+00:00","og_image":[{"width":495,"height":400,"url":"https:\/\/www.landwirt.com\/news\/wp-content\/uploads\/2020\/12\/vorschau-mf-2.jpg","type":"image\/jpeg"}],"author":"Lisa Rokos","twitter_card":"summary_large_image","twitter_misc":{"Verfasst von":"Lisa Rokos","Gesch\u00e4tzte Lesezeit":"5 Minuten"},"schema":{"@context":"https:\/\/schema.org","@graph":[{"@type":"Article","@id":"https:\/\/www.landwirt.com\/news\/tractor-of-the-year-2021-massey-ferguson-mf-8s-265-dyna-e-power-exclusive\/#article","isPartOf":{"@id":"https:\/\/www.landwirt.com\/news\/tractor-of-the-year-2021-massey-ferguson-mf-8s-265-dyna-e-power-exclusive\/"},"author":{"name":"Lisa Rokos","@id":"https:\/\/www.landwirt.com\/news\/#\/schema\/person\/75a4bc83f62af5332a58cf5d219a4c51"},"headline":"Tractor Of The Year 2021: Massey Ferguson MF 8S.265 Dyna E-Power Exclusive","datePublished":"2020-12-21T13:16:54+00:00","dateModified":"2022-06-15T14:40:14+00:00","mainEntityOfPage":{"@id":"https:\/\/www.landwirt.com\/news\/tractor-of-the-year-2021-massey-ferguson-mf-8s-265-dyna-e-power-exclusive\/"},"wordCount":758,"publisher":{"@id":"https:\/\/www.landwirt.com\/news\/#organization"},"image":{"@id":"https:\/\/www.landwirt.com\/news\/tractor-of-the-year-2021-massey-ferguson-mf-8s-265-dyna-e-power-exclusive\/#primaryimage"},"thumbnailUrl":"https:\/\/www.landwirt.com\/news\/wp-content\/uploads\/2020\/12\/vorschau-mf-2.jpg","keywords":["AGCO","Austro Diesel","Auszeichnung","Massey Ferguson","MF","Traktor","Traktor des Jahres"],"articleSection":["Landwirt","Werbung"],"inLanguage":"de-AT"},{"@type":"WebPage","@id":"https:\/\/www.landwirt.com\/news\/tractor-of-the-year-2021-massey-ferguson-mf-8s-265-dyna-e-power-exclusive\/","url":"https:\/\/www.landwirt.com\/news\/tractor-of-the-year-2021-massey-ferguson-mf-8s-265-dyna-e-power-exclusive\/","name":"Tractor Of The Year 2021: Massey Ferguson MF 8S.265 Dyna E-Power Exclusive - Landwirt.com News","isPartOf":{"@id":"https:\/\/www.landwirt.com\/news\/#website"},"primaryImageOfPage":{"@id":"https:\/\/www.landwirt.com\/news\/tractor-of-the-year-2021-massey-ferguson-mf-8s-265-dyna-e-power-exclusive\/#primaryimage"},"image":{"@id":"https:\/\/www.landwirt.com\/news\/tractor-of-the-year-2021-massey-ferguson-mf-8s-265-dyna-e-power-exclusive\/#primaryimage"},"thumbnailUrl":"https:\/\/www.landwirt.com\/news\/wp-content\/uploads\/2020\/12\/vorschau-mf-2.jpg","datePublished":"2020-12-21T13:16:54+00:00","dateModified":"2022-06-15T14:40:14+00:00","breadcrumb":{"@id":"https:\/\/www.landwirt.com\/news\/tractor-of-the-year-2021-massey-ferguson-mf-8s-265-dyna-e-power-exclusive\/#breadcrumb"},"inLanguage":"de-AT","potentialAction":[{"@type":"ReadAction","target":["https:\/\/www.landwirt.com\/news\/tractor-of-the-year-2021-massey-ferguson-mf-8s-265-dyna-e-power-exclusive\/"]}]},{"@type":"ImageObject","inLanguage":"de-AT","@id":"https:\/\/www.landwirt.com\/news\/tractor-of-the-year-2021-massey-ferguson-mf-8s-265-dyna-e-power-exclusive\/#primaryimage","url":"https:\/\/www.landwirt.com\/news\/wp-content\/uploads\/2020\/12\/vorschau-mf-2.jpg","contentUrl":"https:\/\/www.landwirt.com\/news\/wp-content\/uploads\/2020\/12\/vorschau-mf-2.jpg","width":495,"height":400},{"@type":"BreadcrumbList","@id":"https:\/\/www.landwirt.com\/news\/tractor-of-the-year-2021-massey-ferguson-mf-8s-265-dyna-e-power-exclusive\/#breadcrumb","itemListElement":[{"@type":"ListItem","position":1,"name":"Home","item":"https:\/\/www.landwirt.com\/news\/home\/"},{"@type":"ListItem","position":2,"name":"Tractor Of The Year 2021: Massey Ferguson MF 8S.265 Dyna E-Power Exclusive"}]},{"@type":"WebSite","@id":"https:\/\/www.landwirt.com\/news\/#website","url":"https:\/\/www.landwirt.com\/news\/","name":"Landwirt.com News","description":"Landwirt.com News","publisher":{"@id":"https:\/\/www.landwirt.com\/news\/#organization"},"potentialAction":[{"@type":"SearchAction","target":{"@type":"EntryPoint","urlTemplate":"https:\/\/www.landwirt.com\/news\/?s={search_term_string}"},"query-input":{"@type":"PropertyValueSpecification","valueRequired":true,"valueName":"search_term_string"}}],"inLanguage":"de-AT"},{"@type":"Organization","@id":"https:\/\/www.landwirt.com\/news\/#organization","name":"LANDWIRT.COM GMBH","url":"https:\/\/www.landwirt.com\/news\/","logo":{"@type":"ImageObject","inLanguage":"de-AT","@id":"https:\/\/www.landwirt.com\/news\/#\/schema\/logo\/image\/","url":"https:\/\/www.landwirt.com\/news\/wp-content\/uploads\/2020\/02\/LW-logo.png","contentUrl":"https:\/\/www.landwirt.com\/news\/wp-content\/uploads\/2020\/02\/LW-logo.png","width":250,"height":58,"caption":"LANDWIRT.COM GMBH"},"image":{"@id":"https:\/\/www.landwirt.com\/news\/#\/schema\/logo\/image\/"}},{"@type":"Person","@id":"https:\/\/www.landwirt.com\/news\/#\/schema\/person\/75a4bc83f62af5332a58cf5d219a4c51","name":"Lisa Rokos","image":{"@type":"ImageObject","inLanguage":"de-AT","@id":"https:\/\/secure.gravatar.com\/avatar\/7a0bb7bda929bd765c27a74ac583d88484ba68a68a98e3d35a51f87ee30382d9?s=96&d=mm&r=g","url":"https:\/\/secure.gravatar.com\/avatar\/7a0bb7bda929bd765c27a74ac583d88484ba68a68a98e3d35a51f87ee30382d9?s=96&d=mm&r=g","contentUrl":"https:\/\/secure.gravatar.com\/avatar\/7a0bb7bda929bd765c27a74ac583d88484ba68a68a98e3d35a51f87ee30382d9?s=96&d=mm&r=g","caption":"Lisa Rokos"},"url":"https:\/\/www.landwirt.com\/news\/author\/lisa\/"}]}},"_links":{"self":[{"href":"https:\/\/www.landwirt.com\/news\/wp-json\/wp\/v2\/posts\/4437","targetHints":{"allow":["GET"]}}],"collection":[{"href":"https:\/\/www.landwirt.com\/news\/wp-json\/wp\/v2\/posts"}],"about":[{"href":"https:\/\/www.landwirt.com\/news\/wp-json\/wp\/v2\/types\/post"}],"author":[{"embeddable":true,"href":"https:\/\/www.landwirt.com\/news\/wp-json\/wp\/v2\/users\/5"}],"replies":[{"embeddable":true,"href":"https:\/\/www.landwirt.com\/news\/wp-json\/wp\/v2\/comments?post=4437"}],"version-history":[{"count":2,"href":"https:\/\/www.landwirt.com\/news\/wp-json\/wp\/v2\/posts\/4437\/revisions"}],"predecessor-version":[{"id":4441,"href":"https:\/\/www.landwirt.com\/news\/wp-json\/wp\/v2\/posts\/4437\/revisions\/4441"}],"wp:featuredmedia":[{"embeddable":true,"href":"https:\/\/www.landwirt.com\/news\/wp-json\/wp\/v2\/media\/4439"}],"wp:attachment":[{"href":"https:\/\/www.landwirt.com\/news\/wp-json\/wp\/v2\/media?parent=4437"}],"wp:term":[{"taxonomy":"category","embeddable":true,"href":"https:\/\/www.landwirt.com\/news\/wp-json\/wp\/v2\/categories?post=4437"},{"taxonomy":"post_tag","embeddable":true,"href":"https:\/\/www.landwirt.com\/news\/wp-json\/wp\/v2\/tags?post=4437"}],"curies":[{"name":"wp","href":"https:\/\/api.w.org\/{rel}","templated":true}]}}