{"id":3788,"date":"2020-10-28T10:15:14","date_gmt":"2020-10-28T09:15:14","guid":{"rendered":"https:\/\/www.landwirt.com\/news\/?p=3788"},"modified":"2022-05-10T14:01:04","modified_gmt":"2022-05-10T12:01:04","slug":"bodenkalk-informiert-ist-die-kalkung-von-acker-und-grunlandflachen-im-herbst-sinnvoll","status":"publish","type":"post","link":"https:\/\/www.landwirt.com\/news\/bodenkalk-informiert-ist-die-kalkung-von-acker-und-grunlandflachen-im-herbst-sinnvoll\/","title":{"rendered":"Bodenkalk informiert: Ist die Kalkung von Acker- und Gr\u00fcnlandfl\u00e4chen im Herbst sinnvoll?"},"content":{"rendered":"\n<hr class=\"wp-block-separator\"\/>\n\n\n\n<p><strong>Die teils intensive Bewirtschaftung der landwirtschaftlichen Fl\u00e4chen und die nat\u00fcrlichen Vorg\u00e4nge im Boden setzen laufend S\u00e4uren im Boden frei. Was Sie zur Verbesserung der Bodenverh\u00e4ltnisse im Herbst f\u00fcr \u00c4cker und Gr\u00fcnland tun k\u00f6nnen, erfahren Sie in diesem Artikel.<\/strong><\/p>\n\n\n\n<div class=\"wp-block-media-text alignwide is-stacked-on-mobile is-vertically-aligned-top\"><figure class=\"wp-block-media-text__media\"><img loading=\"lazy\" decoding=\"async\" width=\"800\" height=\"531\" src=\"https:\/\/www.landwirt.com\/news\/wp-content\/uploads\/2020\/10\/BK3.jpg\" alt=\"Regelm\u00e4\u00dfige Kalkung sorgt f\u00fcr ein aktives Bodenleben und stabile, kr\u00fcmelige Bodenstruktur.\" class=\"wp-image-3790\" srcset=\"https:\/\/www.landwirt.com\/news\/wp-content\/uploads\/2020\/10\/BK3.jpg 800w, https:\/\/www.landwirt.com\/news\/wp-content\/uploads\/2020\/10\/BK3-300x199.jpg 300w, https:\/\/www.landwirt.com\/news\/wp-content\/uploads\/2020\/10\/BK3-768x510.jpg 768w, https:\/\/www.landwirt.com\/news\/wp-content\/uploads\/2020\/10\/BK3-705x468.jpg 705w\" sizes=\"auto, (max-width: 800px) 100vw, 800px\" \/><\/figure><div class=\"wp-block-media-text__content\">\n<p>Werden die freigesetzten S\u00e4uren nicht neutralisiert, beginnt eine Versauerungsspirale. Die Basen- und Kalziums\u00e4ttigung nimmt ab, die N\u00e4hrstoffverh\u00e4ltnisse gelangen in ein Ungleichgewicht. Der pH-Wert sinkt und der Boden verliert an Fruchtbarkeit. Dies hat zur Folge, dass die Pflanzenverf\u00fcgbarkeit von Stickstoff, Phosphor, Kalium, Magnesium und Schwefel rapide abnimmt, auch wenn diese lt. Bodenuntersuchung in ausreichender Menge im Boden vorhanden sind.<\/p>\n<\/div><\/div>\n\n\n\n<p><strong>Welche Vorteile bringt die Herbstkalkung?<\/strong><\/p>\n\n\n\n<p>Eine regelm\u00e4\u00dfige Kalkung sichert nicht nur eine sehr gute N\u00e4hrstoffverf\u00fcgbarkeit f\u00fcr die Pflanzen, sondern schafft auch eine stabile und kr\u00fcmelige Bodenstruktur mit einer hohen Anzahl an aktivem Bodenleben. Weiters neutralisiert Kalk die in den Boden eingetragenen S\u00e4uren und erh\u00f6ht die Basen- und Kalziums\u00e4ttigung. Dabei l\u00f6st sich der Kalk auf und gibt Kalzium frei, was die Bodenstruktur stabilisiert. Dieser \u201cverbrauchte\u201c Kalk muss durch eine regelm\u00e4\u00dfige Kalkung wieder ersetzt werden. Die Kalkung mit Bodenkalken im Herbst nach Mais-, K\u00fcrbis-, Hirse- oder Sojakulturen sowie im Gr\u00fcnland ist einer der besten Zeitpunkte die Kalkreserven wieder aufzuf\u00fcllen.<\/p>\n\n\n\n<p><strong>Mischkalk, Branntkalk, kohlensaurer Kalk: Welches Produkt eignet sich f\u00fcr die Herbstkalkung im Ackerbau?<\/strong><\/p>\n\n\n\n<p>Mischkalk als Universalkalk eignet sich auf allen B\u00f6den und zu allen Kulturen sehr gut. Der wasserl\u00f6sliche Branntkalkanteil ist rasch wirksam. Er sorgt f\u00fcr eine lockere, kr\u00fcmelige und stabile Bodenstruktur. Der Anteil an kohlensaurem Kalk bringt eine nachhaltige Stabilisierung des Bodens pH-Wertes und verbessert das Pufferverm\u00f6gen des Bodens. So k\u00f6nnen zuk\u00fcnftige S\u00e4ureeintr\u00e4ge durch den im Boden verbleibenden Kohlensauren Kalk neutralisiert werden und die Kalziums\u00e4ttigung bleibt im Optimalbereich. Auf sehr schweren Ackerb\u00f6den mit hohen Tongehalten ist reiner Branntkalk zur Herbstkalkung mit 800\u20131.000 kg\/ha am effizientesten. Eine Vorsaatkalkung mit Branntkalk hat sich bew\u00e4hrt. Wichtig bei einer Vorsaatkalkung ist die Einmischung des Branntkalks in die obersten 3 bis 5 cm Bodenkrume. Sollte aufgrund der Witterung bzw. aus Zeitmangel keine Vorsaatkalkung m\u00f6glich sein, kann die Kalkung auch auf den aufgelaufenen Bestand erfolgen \u2013 jedoch nur mit mehlfeinen Kalken.<\/p>\n\n\n\n<div class=\"wp-block-media-text alignwide is-stacked-on-mobile is-vertically-aligned-top\"><figure class=\"wp-block-media-text__media\"><img loading=\"lazy\" decoding=\"async\" width=\"800\" height=\"531\" src=\"https:\/\/www.landwirt.com\/news\/wp-content\/uploads\/2020\/10\/bk2-1.jpg\" alt=\"G\u00fcnlandkalkung sichert den Erhalt hochwertiger Gr\u00e4ser wie Wiesenschwingel, Timothe, Wiesenrispe, Englisches Raygras etc. sowie Leguminosen.\" class=\"wp-image-3791\" srcset=\"https:\/\/www.landwirt.com\/news\/wp-content\/uploads\/2020\/10\/bk2-1.jpg 800w, https:\/\/www.landwirt.com\/news\/wp-content\/uploads\/2020\/10\/bk2-1-300x199.jpg 300w, https:\/\/www.landwirt.com\/news\/wp-content\/uploads\/2020\/10\/bk2-1-768x510.jpg 768w, https:\/\/www.landwirt.com\/news\/wp-content\/uploads\/2020\/10\/bk2-1-705x468.jpg 705w\" sizes=\"auto, (max-width: 800px) 100vw, 800px\" \/><\/figure><div class=\"wp-block-media-text__content\">\n<p><strong>Welche Vorteile bietet die Maisstrohkalkung?&nbsp;<\/strong><\/p>\n\n\n\n<p>Die Kalkung mit Mischkalk oder Branntkalk von Maisstoppel im Herbst hat sich auf mittleren und schweren B\u00f6den als sehr positiv herausgestellt. Sowohl der pH-Wert als auch die Bodenstruktur und somit in weiterer Folge der Lufthaushalt im Bereich des untergepfl\u00fcgten Maisstrohs werden optimiert. Dadurch k\u00f6nnen die Bodenmikroorganismen das Maisstroh deutlich schneller abbauen, Schadpilzen wie Fusarium wird die Nahrungsgrundlage entzogen und N\u00e4hrstoffe f\u00fcr die Folgekultur werden schneller freigesetzt. <br><br><strong>Tipp f\u00fcr die Dosierung: <\/strong>Hier reichen geringere Aufwandmengen von 1000 \u2013 1300 kg\/ha Mischkalk bzw. 500 \u2013 800 kg\/ha Branntkalk direkt auf das Maisstroh.<\/p>\n<\/div><\/div>\n\n\n\n<p><strong>Magnesiumfreie kohlensaure Kalke im Bio Ackerbau<\/strong><\/p>\n\n\n\n<p>Im Bio-Landbau sind aufgrund ihrer Wasserl\u00f6slichkeit weder Brannt- noch Mischkalke zugelassen. Daher sollten im Biolandbau magnesiumfreie kohlensaure Kalke (2.500\u20133.500 kg\/ha) eingesetzt werden. Nur bei Magnesiummangel aufgrund einer Bodenuntersuchung ist der Einsatz von magnesiumhaltigen Kalken auf schweren B\u00f6den empfehlenswert. Bei Phosphatmangel k\u00f6nnen auch die phosphath\u00e4ltigen Produkte Kaphos, Kalkkorn P15 oder Biophos eingesetzt werden.<\/p>\n\n\n\n<p><strong>Herbstkalkung im Gr\u00fcnland verbessert das Bodenleben und vermindert Trockensch\u00e4den<\/strong><\/p>\n\n\n\n<p>Die Gr\u00fcnlandkalkung wird oft im Herbst Rhythmus von zwei bis drei Jahren durchgef\u00fchrt. F\u00fcr eine regelm\u00e4\u00dfige Erhaltungskalkung, bei der 400\u2013700 kg\/ha\/Jahr CaO ausgebracht werden, ist die Herbstkalkung bestens geeignet. Vor allem hochwertige Gr\u00e4ser wie Wiesenschwingel, Timothe, Wiesenrispe, Englisches Raygras etc. sowie Leguminosen haben einen sehr hohen Anspruch an den pH-Wert des Bodens. Das Bodenleben (vor allem der Regenwurm) gedeiht in neutralen, kalkreichen B\u00f6den am besten und sorgt f\u00fcr einen optimalen Humusauf- und -abbau und einen geregelten N\u00e4hrstoffkreislauf. Durch das im Kalk enthaltene Kalzium wird der Boden durchl\u00fcftet und Regenwasser versickert besser. Dieses wird im Boden gespeichert und steht dann in Trockenperioden zur Verf\u00fcgung.<\/p>\n\n\n\n<p><strong>Bodenkalk Tipp: Diese Kalke eignen sich f\u00fcr Gr\u00fcnland<\/strong><\/p>\n\n\n\n<p>Grunds\u00e4tzlich eignet sich auch im Gr\u00fcnland Mischkalk sehr gut. Biologisch wirtschaftende Betriebe k\u00f6nnen Kohlensaure Kalke einsetzen. Weist das Gr\u00fcnland einen Phosphormangel auf, sollten Produkte wie Kaphos mit Phosphor oder Kalkkorn P15 verwendet werden. Bei Magnesiummangel sollte Kohlensaurer Magnesiumkalk, Dolo40 oder Kalkkorn Mg verwendet werden.<\/p>\n","protected":false},"excerpt":{"rendered":"<p>Die teils intensive Bewirtschaftung der Fl\u00e4chen und die nat\u00fcrlichen Vorg\u00e4nge im Boden setzen laufend S\u00e4uren im Boden frei. <\/p>\n","protected":false},"author":3,"featured_media":3792,"comment_status":"closed","ping_status":"closed","sticky":false,"template":"","format":"standard","meta":{"footnotes":""},"categories":[15,1],"tags":[71,177],"class_list":["post-3788","post","type-post","status-publish","format-standard","has-post-thumbnail","hentry","category-landwirt","category-werbung","tag-bodenkalk","tag-stoppelkalkung"],"yoast_head":"<!-- This site is optimized with the Yoast SEO plugin v27.4 - https:\/\/yoast.com\/product\/yoast-seo-wordpress\/ -->\n<title>Bodenkalk informiert: Ist die Kalkung von Acker- und Gr\u00fcnlandfl\u00e4chen im Herbst sinnvoll? - Landwirt.com News<\/title>\n<meta name=\"robots\" content=\"index, follow, max-snippet:-1, max-image-preview:large, max-video-preview:-1\" \/>\n<meta property=\"og:locale\" content=\"de_DE\" \/>\n<meta property=\"og:type\" content=\"article\" \/>\n<meta property=\"og:title\" content=\"Bodenkalk informiert: Ist die Kalkung von Acker- und Gr\u00fcnlandfl\u00e4chen im Herbst sinnvoll? - Landwirt.com News\" \/>\n<meta property=\"og:description\" content=\"Die teils intensive Bewirtschaftung der Fl\u00e4chen und die nat\u00fcrlichen Vorg\u00e4nge im Boden setzen laufend S\u00e4uren im Boden frei.\" \/>\n<meta property=\"og:url\" content=\"https:\/\/www.landwirt.com\/news\/bodenkalk-informiert-ist-die-kalkung-von-acker-und-grunlandflachen-im-herbst-sinnvoll\/\" \/>\n<meta property=\"og:site_name\" content=\"Landwirt.com News\" \/>\n<meta property=\"article:published_time\" content=\"2020-10-28T09:15:14+00:00\" \/>\n<meta property=\"article:modified_time\" content=\"2022-05-10T12:01:04+00:00\" \/>\n<meta property=\"og:image\" content=\"https:\/\/www.landwirt.com\/news\/wp-content\/uploads\/2020\/10\/BK1.jpg\" \/>\n\t<meta property=\"og:image:width\" content=\"495\" \/>\n\t<meta property=\"og:image:height\" content=\"400\" \/>\n\t<meta property=\"og:image:type\" content=\"image\/jpeg\" \/>\n<meta name=\"author\" content=\"Alexandra Schauer\" \/>\n<meta name=\"twitter:card\" content=\"summary_large_image\" \/>\n<meta name=\"twitter:label1\" content=\"Verfasst von\" \/>\n\t<meta name=\"twitter:data1\" content=\"Alexandra Schauer\" \/>\n\t<meta name=\"twitter:label2\" content=\"Gesch\u00e4tzte Lesezeit\" \/>\n\t<meta name=\"twitter:data2\" content=\"4 Minuten\" \/>\n<script type=\"application\/ld+json\" class=\"yoast-schema-graph\">{\"@context\":\"https:\\\/\\\/schema.org\",\"@graph\":[{\"@type\":\"Article\",\"@id\":\"https:\\\/\\\/www.landwirt.com\\\/news\\\/bodenkalk-informiert-ist-die-kalkung-von-acker-und-grunlandflachen-im-herbst-sinnvoll\\\/#article\",\"isPartOf\":{\"@id\":\"https:\\\/\\\/www.landwirt.com\\\/news\\\/bodenkalk-informiert-ist-die-kalkung-von-acker-und-grunlandflachen-im-herbst-sinnvoll\\\/\"},\"author\":{\"name\":\"Alexandra Schauer\",\"@id\":\"https:\\\/\\\/www.landwirt.com\\\/news\\\/#\\\/schema\\\/person\\\/627016cf4cf7fe2189ac7e234990f441\"},\"headline\":\"Bodenkalk informiert: Ist die Kalkung von Acker- und Gr\u00fcnlandfl\u00e4chen im Herbst sinnvoll?\",\"datePublished\":\"2020-10-28T09:15:14+00:00\",\"dateModified\":\"2022-05-10T12:01:04+00:00\",\"mainEntityOfPage\":{\"@id\":\"https:\\\/\\\/www.landwirt.com\\\/news\\\/bodenkalk-informiert-ist-die-kalkung-von-acker-und-grunlandflachen-im-herbst-sinnvoll\\\/\"},\"wordCount\":733,\"publisher\":{\"@id\":\"https:\\\/\\\/www.landwirt.com\\\/news\\\/#organization\"},\"image\":{\"@id\":\"https:\\\/\\\/www.landwirt.com\\\/news\\\/bodenkalk-informiert-ist-die-kalkung-von-acker-und-grunlandflachen-im-herbst-sinnvoll\\\/#primaryimage\"},\"thumbnailUrl\":\"https:\\\/\\\/www.landwirt.com\\\/news\\\/wp-content\\\/uploads\\\/2020\\\/10\\\/BK1.jpg\",\"keywords\":[\"Bodenkalk\",\"Stoppelkalkung\"],\"articleSection\":[\"Landwirt\",\"Werbung\"],\"inLanguage\":\"de-AT\"},{\"@type\":\"WebPage\",\"@id\":\"https:\\\/\\\/www.landwirt.com\\\/news\\\/bodenkalk-informiert-ist-die-kalkung-von-acker-und-grunlandflachen-im-herbst-sinnvoll\\\/\",\"url\":\"https:\\\/\\\/www.landwirt.com\\\/news\\\/bodenkalk-informiert-ist-die-kalkung-von-acker-und-grunlandflachen-im-herbst-sinnvoll\\\/\",\"name\":\"Bodenkalk informiert: Ist die Kalkung von Acker- und Gr\u00fcnlandfl\u00e4chen im Herbst sinnvoll? - Landwirt.com News\",\"isPartOf\":{\"@id\":\"https:\\\/\\\/www.landwirt.com\\\/news\\\/#website\"},\"primaryImageOfPage\":{\"@id\":\"https:\\\/\\\/www.landwirt.com\\\/news\\\/bodenkalk-informiert-ist-die-kalkung-von-acker-und-grunlandflachen-im-herbst-sinnvoll\\\/#primaryimage\"},\"image\":{\"@id\":\"https:\\\/\\\/www.landwirt.com\\\/news\\\/bodenkalk-informiert-ist-die-kalkung-von-acker-und-grunlandflachen-im-herbst-sinnvoll\\\/#primaryimage\"},\"thumbnailUrl\":\"https:\\\/\\\/www.landwirt.com\\\/news\\\/wp-content\\\/uploads\\\/2020\\\/10\\\/BK1.jpg\",\"datePublished\":\"2020-10-28T09:15:14+00:00\",\"dateModified\":\"2022-05-10T12:01:04+00:00\",\"breadcrumb\":{\"@id\":\"https:\\\/\\\/www.landwirt.com\\\/news\\\/bodenkalk-informiert-ist-die-kalkung-von-acker-und-grunlandflachen-im-herbst-sinnvoll\\\/#breadcrumb\"},\"inLanguage\":\"de-AT\",\"potentialAction\":[{\"@type\":\"ReadAction\",\"target\":[\"https:\\\/\\\/www.landwirt.com\\\/news\\\/bodenkalk-informiert-ist-die-kalkung-von-acker-und-grunlandflachen-im-herbst-sinnvoll\\\/\"]}]},{\"@type\":\"ImageObject\",\"inLanguage\":\"de-AT\",\"@id\":\"https:\\\/\\\/www.landwirt.com\\\/news\\\/bodenkalk-informiert-ist-die-kalkung-von-acker-und-grunlandflachen-im-herbst-sinnvoll\\\/#primaryimage\",\"url\":\"https:\\\/\\\/www.landwirt.com\\\/news\\\/wp-content\\\/uploads\\\/2020\\\/10\\\/BK1.jpg\",\"contentUrl\":\"https:\\\/\\\/www.landwirt.com\\\/news\\\/wp-content\\\/uploads\\\/2020\\\/10\\\/BK1.jpg\",\"width\":495,\"height\":400},{\"@type\":\"BreadcrumbList\",\"@id\":\"https:\\\/\\\/www.landwirt.com\\\/news\\\/bodenkalk-informiert-ist-die-kalkung-von-acker-und-grunlandflachen-im-herbst-sinnvoll\\\/#breadcrumb\",\"itemListElement\":[{\"@type\":\"ListItem\",\"position\":1,\"name\":\"Home\",\"item\":\"https:\\\/\\\/www.landwirt.com\\\/news\\\/home\\\/\"},{\"@type\":\"ListItem\",\"position\":2,\"name\":\"Bodenkalk informiert: Ist die Kalkung von Acker- und Gr\u00fcnlandfl\u00e4chen im Herbst sinnvoll?\"}]},{\"@type\":\"WebSite\",\"@id\":\"https:\\\/\\\/www.landwirt.com\\\/news\\\/#website\",\"url\":\"https:\\\/\\\/www.landwirt.com\\\/news\\\/\",\"name\":\"Landwirt.com News\",\"description\":\"Landwirt.com News\",\"publisher\":{\"@id\":\"https:\\\/\\\/www.landwirt.com\\\/news\\\/#organization\"},\"potentialAction\":[{\"@type\":\"SearchAction\",\"target\":{\"@type\":\"EntryPoint\",\"urlTemplate\":\"https:\\\/\\\/www.landwirt.com\\\/news\\\/?s={search_term_string}\"},\"query-input\":{\"@type\":\"PropertyValueSpecification\",\"valueRequired\":true,\"valueName\":\"search_term_string\"}}],\"inLanguage\":\"de-AT\"},{\"@type\":\"Organization\",\"@id\":\"https:\\\/\\\/www.landwirt.com\\\/news\\\/#organization\",\"name\":\"LANDWIRT.COM GMBH\",\"url\":\"https:\\\/\\\/www.landwirt.com\\\/news\\\/\",\"logo\":{\"@type\":\"ImageObject\",\"inLanguage\":\"de-AT\",\"@id\":\"https:\\\/\\\/www.landwirt.com\\\/news\\\/#\\\/schema\\\/logo\\\/image\\\/\",\"url\":\"https:\\\/\\\/www.landwirt.com\\\/news\\\/wp-content\\\/uploads\\\/2020\\\/02\\\/LW-logo.png\",\"contentUrl\":\"https:\\\/\\\/www.landwirt.com\\\/news\\\/wp-content\\\/uploads\\\/2020\\\/02\\\/LW-logo.png\",\"width\":250,\"height\":58,\"caption\":\"LANDWIRT.COM GMBH\"},\"image\":{\"@id\":\"https:\\\/\\\/www.landwirt.com\\\/news\\\/#\\\/schema\\\/logo\\\/image\\\/\"}},{\"@type\":\"Person\",\"@id\":\"https:\\\/\\\/www.landwirt.com\\\/news\\\/#\\\/schema\\\/person\\\/627016cf4cf7fe2189ac7e234990f441\",\"name\":\"Alexandra Schauer\",\"image\":{\"@type\":\"ImageObject\",\"inLanguage\":\"de-AT\",\"@id\":\"https:\\\/\\\/secure.gravatar.com\\\/avatar\\\/7dc000820bab53d1e584af263fe6d4f9133557b5e0a6f573d3b8713ce8629c9f?s=96&d=mm&r=g\",\"url\":\"https:\\\/\\\/secure.gravatar.com\\\/avatar\\\/7dc000820bab53d1e584af263fe6d4f9133557b5e0a6f573d3b8713ce8629c9f?s=96&d=mm&r=g\",\"contentUrl\":\"https:\\\/\\\/secure.gravatar.com\\\/avatar\\\/7dc000820bab53d1e584af263fe6d4f9133557b5e0a6f573d3b8713ce8629c9f?s=96&d=mm&r=g\",\"caption\":\"Alexandra Schauer\"},\"url\":\"https:\\\/\\\/www.landwirt.com\\\/news\\\/author\\\/alex\\\/\"}]}<\/script>\n<!-- \/ Yoast SEO plugin. -->","yoast_head_json":{"title":"Bodenkalk informiert: Ist die Kalkung von Acker- und Gr\u00fcnlandfl\u00e4chen im Herbst sinnvoll? - Landwirt.com News","robots":{"index":"index","follow":"follow","max-snippet":"max-snippet:-1","max-image-preview":"max-image-preview:large","max-video-preview":"max-video-preview:-1"},"og_locale":"de_DE","og_type":"article","og_title":"Bodenkalk informiert: Ist die Kalkung von Acker- und Gr\u00fcnlandfl\u00e4chen im Herbst sinnvoll? - Landwirt.com News","og_description":"Die teils intensive Bewirtschaftung der Fl\u00e4chen und die nat\u00fcrlichen Vorg\u00e4nge im Boden setzen laufend S\u00e4uren im Boden frei.","og_url":"https:\/\/www.landwirt.com\/news\/bodenkalk-informiert-ist-die-kalkung-von-acker-und-grunlandflachen-im-herbst-sinnvoll\/","og_site_name":"Landwirt.com News","article_published_time":"2020-10-28T09:15:14+00:00","article_modified_time":"2022-05-10T12:01:04+00:00","og_image":[{"width":495,"height":400,"url":"https:\/\/www.landwirt.com\/news\/wp-content\/uploads\/2020\/10\/BK1.jpg","type":"image\/jpeg"}],"author":"Alexandra Schauer","twitter_card":"summary_large_image","twitter_misc":{"Verfasst von":"Alexandra Schauer","Gesch\u00e4tzte Lesezeit":"4 Minuten"},"schema":{"@context":"https:\/\/schema.org","@graph":[{"@type":"Article","@id":"https:\/\/www.landwirt.com\/news\/bodenkalk-informiert-ist-die-kalkung-von-acker-und-grunlandflachen-im-herbst-sinnvoll\/#article","isPartOf":{"@id":"https:\/\/www.landwirt.com\/news\/bodenkalk-informiert-ist-die-kalkung-von-acker-und-grunlandflachen-im-herbst-sinnvoll\/"},"author":{"name":"Alexandra Schauer","@id":"https:\/\/www.landwirt.com\/news\/#\/schema\/person\/627016cf4cf7fe2189ac7e234990f441"},"headline":"Bodenkalk informiert: Ist die Kalkung von Acker- und Gr\u00fcnlandfl\u00e4chen im Herbst sinnvoll?","datePublished":"2020-10-28T09:15:14+00:00","dateModified":"2022-05-10T12:01:04+00:00","mainEntityOfPage":{"@id":"https:\/\/www.landwirt.com\/news\/bodenkalk-informiert-ist-die-kalkung-von-acker-und-grunlandflachen-im-herbst-sinnvoll\/"},"wordCount":733,"publisher":{"@id":"https:\/\/www.landwirt.com\/news\/#organization"},"image":{"@id":"https:\/\/www.landwirt.com\/news\/bodenkalk-informiert-ist-die-kalkung-von-acker-und-grunlandflachen-im-herbst-sinnvoll\/#primaryimage"},"thumbnailUrl":"https:\/\/www.landwirt.com\/news\/wp-content\/uploads\/2020\/10\/BK1.jpg","keywords":["Bodenkalk","Stoppelkalkung"],"articleSection":["Landwirt","Werbung"],"inLanguage":"de-AT"},{"@type":"WebPage","@id":"https:\/\/www.landwirt.com\/news\/bodenkalk-informiert-ist-die-kalkung-von-acker-und-grunlandflachen-im-herbst-sinnvoll\/","url":"https:\/\/www.landwirt.com\/news\/bodenkalk-informiert-ist-die-kalkung-von-acker-und-grunlandflachen-im-herbst-sinnvoll\/","name":"Bodenkalk informiert: Ist die Kalkung von Acker- und Gr\u00fcnlandfl\u00e4chen im Herbst sinnvoll? - Landwirt.com News","isPartOf":{"@id":"https:\/\/www.landwirt.com\/news\/#website"},"primaryImageOfPage":{"@id":"https:\/\/www.landwirt.com\/news\/bodenkalk-informiert-ist-die-kalkung-von-acker-und-grunlandflachen-im-herbst-sinnvoll\/#primaryimage"},"image":{"@id":"https:\/\/www.landwirt.com\/news\/bodenkalk-informiert-ist-die-kalkung-von-acker-und-grunlandflachen-im-herbst-sinnvoll\/#primaryimage"},"thumbnailUrl":"https:\/\/www.landwirt.com\/news\/wp-content\/uploads\/2020\/10\/BK1.jpg","datePublished":"2020-10-28T09:15:14+00:00","dateModified":"2022-05-10T12:01:04+00:00","breadcrumb":{"@id":"https:\/\/www.landwirt.com\/news\/bodenkalk-informiert-ist-die-kalkung-von-acker-und-grunlandflachen-im-herbst-sinnvoll\/#breadcrumb"},"inLanguage":"de-AT","potentialAction":[{"@type":"ReadAction","target":["https:\/\/www.landwirt.com\/news\/bodenkalk-informiert-ist-die-kalkung-von-acker-und-grunlandflachen-im-herbst-sinnvoll\/"]}]},{"@type":"ImageObject","inLanguage":"de-AT","@id":"https:\/\/www.landwirt.com\/news\/bodenkalk-informiert-ist-die-kalkung-von-acker-und-grunlandflachen-im-herbst-sinnvoll\/#primaryimage","url":"https:\/\/www.landwirt.com\/news\/wp-content\/uploads\/2020\/10\/BK1.jpg","contentUrl":"https:\/\/www.landwirt.com\/news\/wp-content\/uploads\/2020\/10\/BK1.jpg","width":495,"height":400},{"@type":"BreadcrumbList","@id":"https:\/\/www.landwirt.com\/news\/bodenkalk-informiert-ist-die-kalkung-von-acker-und-grunlandflachen-im-herbst-sinnvoll\/#breadcrumb","itemListElement":[{"@type":"ListItem","position":1,"name":"Home","item":"https:\/\/www.landwirt.com\/news\/home\/"},{"@type":"ListItem","position":2,"name":"Bodenkalk informiert: Ist die Kalkung von Acker- und Gr\u00fcnlandfl\u00e4chen im Herbst sinnvoll?"}]},{"@type":"WebSite","@id":"https:\/\/www.landwirt.com\/news\/#website","url":"https:\/\/www.landwirt.com\/news\/","name":"Landwirt.com News","description":"Landwirt.com News","publisher":{"@id":"https:\/\/www.landwirt.com\/news\/#organization"},"potentialAction":[{"@type":"SearchAction","target":{"@type":"EntryPoint","urlTemplate":"https:\/\/www.landwirt.com\/news\/?s={search_term_string}"},"query-input":{"@type":"PropertyValueSpecification","valueRequired":true,"valueName":"search_term_string"}}],"inLanguage":"de-AT"},{"@type":"Organization","@id":"https:\/\/www.landwirt.com\/news\/#organization","name":"LANDWIRT.COM GMBH","url":"https:\/\/www.landwirt.com\/news\/","logo":{"@type":"ImageObject","inLanguage":"de-AT","@id":"https:\/\/www.landwirt.com\/news\/#\/schema\/logo\/image\/","url":"https:\/\/www.landwirt.com\/news\/wp-content\/uploads\/2020\/02\/LW-logo.png","contentUrl":"https:\/\/www.landwirt.com\/news\/wp-content\/uploads\/2020\/02\/LW-logo.png","width":250,"height":58,"caption":"LANDWIRT.COM GMBH"},"image":{"@id":"https:\/\/www.landwirt.com\/news\/#\/schema\/logo\/image\/"}},{"@type":"Person","@id":"https:\/\/www.landwirt.com\/news\/#\/schema\/person\/627016cf4cf7fe2189ac7e234990f441","name":"Alexandra Schauer","image":{"@type":"ImageObject","inLanguage":"de-AT","@id":"https:\/\/secure.gravatar.com\/avatar\/7dc000820bab53d1e584af263fe6d4f9133557b5e0a6f573d3b8713ce8629c9f?s=96&d=mm&r=g","url":"https:\/\/secure.gravatar.com\/avatar\/7dc000820bab53d1e584af263fe6d4f9133557b5e0a6f573d3b8713ce8629c9f?s=96&d=mm&r=g","contentUrl":"https:\/\/secure.gravatar.com\/avatar\/7dc000820bab53d1e584af263fe6d4f9133557b5e0a6f573d3b8713ce8629c9f?s=96&d=mm&r=g","caption":"Alexandra Schauer"},"url":"https:\/\/www.landwirt.com\/news\/author\/alex\/"}]}},"_links":{"self":[{"href":"https:\/\/www.landwirt.com\/news\/wp-json\/wp\/v2\/posts\/3788","targetHints":{"allow":["GET"]}}],"collection":[{"href":"https:\/\/www.landwirt.com\/news\/wp-json\/wp\/v2\/posts"}],"about":[{"href":"https:\/\/www.landwirt.com\/news\/wp-json\/wp\/v2\/types\/post"}],"author":[{"embeddable":true,"href":"https:\/\/www.landwirt.com\/news\/wp-json\/wp\/v2\/users\/3"}],"replies":[{"embeddable":true,"href":"https:\/\/www.landwirt.com\/news\/wp-json\/wp\/v2\/comments?post=3788"}],"version-history":[{"count":4,"href":"https:\/\/www.landwirt.com\/news\/wp-json\/wp\/v2\/posts\/3788\/revisions"}],"predecessor-version":[{"id":3817,"href":"https:\/\/www.landwirt.com\/news\/wp-json\/wp\/v2\/posts\/3788\/revisions\/3817"}],"wp:featuredmedia":[{"embeddable":true,"href":"https:\/\/www.landwirt.com\/news\/wp-json\/wp\/v2\/media\/3792"}],"wp:attachment":[{"href":"https:\/\/www.landwirt.com\/news\/wp-json\/wp\/v2\/media?parent=3788"}],"wp:term":[{"taxonomy":"category","embeddable":true,"href":"https:\/\/www.landwirt.com\/news\/wp-json\/wp\/v2\/categories?post=3788"},{"taxonomy":"post_tag","embeddable":true,"href":"https:\/\/www.landwirt.com\/news\/wp-json\/wp\/v2\/tags?post=3788"}],"curies":[{"name":"wp","href":"https:\/\/api.w.org\/{rel}","templated":true}]}}