{"id":2793,"date":"2020-08-07T08:14:34","date_gmt":"2020-08-07T06:14:34","guid":{"rendered":"https:\/\/news.landwirt.com\/?p=2793"},"modified":"2020-08-07T09:07:54","modified_gmt":"2020-08-07T07:07:54","slug":"neubau-des-steyr-center-nord-in-harmannsdorf-ruckersdorf","status":"publish","type":"post","link":"https:\/\/www.landwirt.com\/news\/neubau-des-steyr-center-nord-in-harmannsdorf-ruckersdorf\/","title":{"rendered":"Neubau des Steyr Center Nord in Harmannsdorf-R\u00fcckersdorf"},"content":{"rendered":"\n<hr class=\"wp-block-separator\"\/>\n\n\n\n<p>Wiederaufbau des Steyr Center Nord: der neue und top modern ausgestattete Betrieb in Harmannsdorf sorgt bald f\u00fcr eine noch st\u00e4rkere Pr\u00e4senz und ein weiter verbessertes Servicenetz der Kultmarke STEYR.<\/p>\n\n\n\n<figure class=\"wp-block-image size-large\"><img loading=\"lazy\" decoding=\"async\" width=\"1030\" height=\"490\" src=\"https:\/\/www.landwirt.com\/news\/wp-content\/uploads\/2020\/08\/Spatenstich-SC-Nord_6.8-1030x490.jpg\" alt=\"\" class=\"wp-image-2794\" srcset=\"https:\/\/www.landwirt.com\/news\/wp-content\/uploads\/2020\/08\/Spatenstich-SC-Nord_6.8-1030x490.jpg 1030w, https:\/\/www.landwirt.com\/news\/wp-content\/uploads\/2020\/08\/Spatenstich-SC-Nord_6.8-300x143.jpg 300w, https:\/\/www.landwirt.com\/news\/wp-content\/uploads\/2020\/08\/Spatenstich-SC-Nord_6.8-768x365.jpg 768w, https:\/\/www.landwirt.com\/news\/wp-content\/uploads\/2020\/08\/Spatenstich-SC-Nord_6.8-705x335.jpg 705w, https:\/\/www.landwirt.com\/news\/wp-content\/uploads\/2020\/08\/Spatenstich-SC-Nord_6.8.jpg 1200w\" sizes=\"auto, (max-width: 1030px) 100vw, 1030px\" \/><\/figure>\n\n\n\n<p>Nach dem Gro\u00dfbrand im Vorjahr konnte nun endlich der feierliche Spatenstich f\u00fcr den Wiederaufbau am Betriebsgel\u00e4nde in Harmannsdorf erfolgen. Mit Unterst\u00fctzung von B\u00fcrgermeister Mag. Norbert Hendler und STEYR Business Director Gunnar Hauser hat das Steyr Center Nord Team dieses wichtige Zeichen f\u00fcr den Beginn der Bauarbeiten gesetzt. \u201eDer Beginn des Neubaus ist ein wichtiges Signal f\u00fcr unsere Kunden bald wieder bestm\u00f6glich betreut zu werden und sichert einen wichtigen Verkaufs- und Servicest\u00fctzpunkt f\u00fcr alle landwirtschaftlichen Betriebe im wichtigen Einzugsgebiet Wald- und Weinviertel\u201c, erkl\u00e4rt Hauser.<br><br><strong>Zukunftsweisend aufgestellt<\/strong><br>Der Neubau mit ansprechender Ausstellungshalle, hochmoderner Werkstatt, Servicecenter, Ersatzteilelager mit \u00fcber 10.000 Teilen bietet alles, was zur optimalen Betreuung der Kunden erforderlich ist. Die neue Zentrale erm\u00f6glicht auf einer Fl\u00e4che von ca. 10.000 m\u00b2 mit deutlich erweiterten Kapazit\u00e4ten und Kompetenzen weiteres Wachstum. Der zeitgem\u00e4\u00dfe Schauraum umfasst etwa 280 m\u00b2, ebenso wird in eine ger\u00e4umige Werkstatt mit 12 Reparaturpl\u00e4tzen investiert, die alle mit einem Hallenkran erreichbar sind. Die Planung sieht ebenfalls eine eigene Pr\u00fcfstra\u00dfe zur Durchf\u00fchrung der \u00a7 57a \u00dcberpr\u00fcfungen vor. Ebenso wird in einen Schulungsraum investiert um jederzeit Trainings und Produktschulungen mit Kunden durchf\u00fchren zu k\u00f6nnen.<br><br><strong>Kundenn\u00e4he aus Leidenschaft<\/strong><br>29 Mitarbeiter werden wie gewohnt die Kunden mit kompetenter Beratung, erstklassigem und raschem Service sowie einem verl\u00e4sslichen Werkst\u00e4ttenbetrieb mit gro\u00dfem Original-Ersatzteilelager von 525 m\u00b2 \u00fcberzeugen. \u201eWir freuen uns sehr, unsere Kunden mit diesem neuen Firmenstandort und unseren engagierten Mitarbeitern bald noch besser unterst\u00fctzen zu k\u00f6nnen. Die letzten Monate waren f\u00fcr alle eine herausfordernde Zeit, aber nun blicken wir stolz in die Zukunft\u201c, so der Gesch\u00e4ftsf\u00fchrer Alfred Wichtl.<br><br><strong>Starkes Know-how<\/strong><br>Als Servicepartner f\u00fcr unz\u00e4hlige Weinbaubetriebe hilft das Steyr Center Nord mit individuellen Traktorumbauten, dem Nachr\u00fcsten von Hydraulikkomponenten und bietet auch L\u00f6sungen in der nachhaltigen Bodenbearbeitung in den Weinbergen. Durch die zentrale Lage im gr\u00f6\u00dften Ackerbaugebiet \u00d6sterreichs werden zudem Betriebe betreut, die auf modernste und intelligente Technologien setzen. Precision Farming L\u00f6sungen f\u00fcr den professionellen Ackerbau geh\u00f6ren dabei genauso zu den Kernkompetenzen wie ISOBUS-Technik f\u00fcr Traktor und Anbauger\u00e4t.<br><br>\u201eMit der Kompetenz unserer Verk\u00e4ufer und Serviceleiter zeichnet sich der Standort mit Kundenn\u00e4he und einer weitreichenden Produktpalette als verl\u00e4sslicher Partner der Landwirtschaft, technischer Unternehmen sowie Kommunen aus\u201c, so Wichtl.<\/p>\n\n\n\n<hr class=\"wp-block-separator\"\/>\n\n\n\n<p>Weitere Informationen zu den STEYR Traktoren im Internet unter www.steyr-traktoren.com<\/p>\n","protected":false},"excerpt":{"rendered":"<p>Der neue und top modern ausgestattete Betrieb in Harmannsdorf sorgt bald f\u00fcr eine noch st\u00e4rkere Pr\u00e4senz von STEYR<\/p>\n","protected":false},"author":3,"featured_media":2795,"comment_status":"closed","ping_status":"open","sticky":false,"template":"","format":"standard","meta":{"footnotes":""},"categories":[15,1],"tags":[55,62],"class_list":["post-2793","post","type-post","status-publish","format-standard","has-post-thumbnail","hentry","category-landwirt","category-werbung","tag-standardtraktoren","tag-traktor"],"yoast_head":"<!-- This site is optimized with the Yoast SEO plugin v27.4 - https:\/\/yoast.com\/product\/yoast-seo-wordpress\/ -->\n<title>Neubau des Steyr Center Nord in Harmannsdorf-R\u00fcckersdorf - Landwirt.com News<\/title>\n<meta name=\"robots\" content=\"index, follow, max-snippet:-1, max-image-preview:large, max-video-preview:-1\" \/>\n<meta property=\"og:locale\" content=\"de_DE\" \/>\n<meta property=\"og:type\" content=\"article\" \/>\n<meta property=\"og:title\" content=\"Neubau des Steyr Center Nord in Harmannsdorf-R\u00fcckersdorf - Landwirt.com News\" \/>\n<meta property=\"og:description\" content=\"Der neue und top modern ausgestattete Betrieb in Harmannsdorf sorgt bald f\u00fcr eine noch st\u00e4rkere Pr\u00e4senz von STEYR\" \/>\n<meta property=\"og:url\" content=\"https:\/\/www.landwirt.com\/news\/neubau-des-steyr-center-nord-in-harmannsdorf-ruckersdorf\/\" \/>\n<meta property=\"og:site_name\" content=\"Landwirt.com News\" \/>\n<meta property=\"article:published_time\" content=\"2020-08-07T06:14:34+00:00\" \/>\n<meta property=\"article:modified_time\" content=\"2020-08-07T07:07:54+00:00\" \/>\n<meta property=\"og:image\" content=\"https:\/\/www.landwirt.com\/news\/wp-content\/uploads\/2020\/08\/scn_kl.jpg\" \/>\n\t<meta property=\"og:image:width\" content=\"495\" \/>\n\t<meta property=\"og:image:height\" content=\"400\" \/>\n\t<meta property=\"og:image:type\" content=\"image\/jpeg\" \/>\n<meta name=\"author\" content=\"Alexandra Schauer\" \/>\n<meta name=\"twitter:card\" content=\"summary_large_image\" \/>\n<meta name=\"twitter:label1\" content=\"Verfasst von\" \/>\n\t<meta name=\"twitter:data1\" content=\"Alexandra Schauer\" \/>\n\t<meta name=\"twitter:label2\" content=\"Gesch\u00e4tzte Lesezeit\" \/>\n\t<meta name=\"twitter:data2\" content=\"2 Minuten\" \/>\n<script type=\"application\/ld+json\" class=\"yoast-schema-graph\">{\"@context\":\"https:\\\/\\\/schema.org\",\"@graph\":[{\"@type\":\"Article\",\"@id\":\"https:\\\/\\\/www.landwirt.com\\\/news\\\/neubau-des-steyr-center-nord-in-harmannsdorf-ruckersdorf\\\/#article\",\"isPartOf\":{\"@id\":\"https:\\\/\\\/www.landwirt.com\\\/news\\\/neubau-des-steyr-center-nord-in-harmannsdorf-ruckersdorf\\\/\"},\"author\":{\"name\":\"Alexandra Schauer\",\"@id\":\"https:\\\/\\\/www.landwirt.com\\\/news\\\/#\\\/schema\\\/person\\\/627016cf4cf7fe2189ac7e234990f441\"},\"headline\":\"Neubau des Steyr Center Nord in Harmannsdorf-R\u00fcckersdorf\",\"datePublished\":\"2020-08-07T06:14:34+00:00\",\"dateModified\":\"2020-08-07T07:07:54+00:00\",\"mainEntityOfPage\":{\"@id\":\"https:\\\/\\\/www.landwirt.com\\\/news\\\/neubau-des-steyr-center-nord-in-harmannsdorf-ruckersdorf\\\/\"},\"wordCount\":438,\"publisher\":{\"@id\":\"https:\\\/\\\/www.landwirt.com\\\/news\\\/#organization\"},\"image\":{\"@id\":\"https:\\\/\\\/www.landwirt.com\\\/news\\\/neubau-des-steyr-center-nord-in-harmannsdorf-ruckersdorf\\\/#primaryimage\"},\"thumbnailUrl\":\"https:\\\/\\\/www.landwirt.com\\\/news\\\/wp-content\\\/uploads\\\/2020\\\/08\\\/scn_kl.jpg\",\"keywords\":[\"Standardtraktoren\",\"Traktor\"],\"articleSection\":[\"Landwirt\",\"Werbung\"],\"inLanguage\":\"de-AT\"},{\"@type\":\"WebPage\",\"@id\":\"https:\\\/\\\/www.landwirt.com\\\/news\\\/neubau-des-steyr-center-nord-in-harmannsdorf-ruckersdorf\\\/\",\"url\":\"https:\\\/\\\/www.landwirt.com\\\/news\\\/neubau-des-steyr-center-nord-in-harmannsdorf-ruckersdorf\\\/\",\"name\":\"Neubau des Steyr Center Nord in Harmannsdorf-R\u00fcckersdorf - Landwirt.com News\",\"isPartOf\":{\"@id\":\"https:\\\/\\\/www.landwirt.com\\\/news\\\/#website\"},\"primaryImageOfPage\":{\"@id\":\"https:\\\/\\\/www.landwirt.com\\\/news\\\/neubau-des-steyr-center-nord-in-harmannsdorf-ruckersdorf\\\/#primaryimage\"},\"image\":{\"@id\":\"https:\\\/\\\/www.landwirt.com\\\/news\\\/neubau-des-steyr-center-nord-in-harmannsdorf-ruckersdorf\\\/#primaryimage\"},\"thumbnailUrl\":\"https:\\\/\\\/www.landwirt.com\\\/news\\\/wp-content\\\/uploads\\\/2020\\\/08\\\/scn_kl.jpg\",\"datePublished\":\"2020-08-07T06:14:34+00:00\",\"dateModified\":\"2020-08-07T07:07:54+00:00\",\"breadcrumb\":{\"@id\":\"https:\\\/\\\/www.landwirt.com\\\/news\\\/neubau-des-steyr-center-nord-in-harmannsdorf-ruckersdorf\\\/#breadcrumb\"},\"inLanguage\":\"de-AT\",\"potentialAction\":[{\"@type\":\"ReadAction\",\"target\":[\"https:\\\/\\\/www.landwirt.com\\\/news\\\/neubau-des-steyr-center-nord-in-harmannsdorf-ruckersdorf\\\/\"]}]},{\"@type\":\"ImageObject\",\"inLanguage\":\"de-AT\",\"@id\":\"https:\\\/\\\/www.landwirt.com\\\/news\\\/neubau-des-steyr-center-nord-in-harmannsdorf-ruckersdorf\\\/#primaryimage\",\"url\":\"https:\\\/\\\/www.landwirt.com\\\/news\\\/wp-content\\\/uploads\\\/2020\\\/08\\\/scn_kl.jpg\",\"contentUrl\":\"https:\\\/\\\/www.landwirt.com\\\/news\\\/wp-content\\\/uploads\\\/2020\\\/08\\\/scn_kl.jpg\",\"width\":495,\"height\":400},{\"@type\":\"BreadcrumbList\",\"@id\":\"https:\\\/\\\/www.landwirt.com\\\/news\\\/neubau-des-steyr-center-nord-in-harmannsdorf-ruckersdorf\\\/#breadcrumb\",\"itemListElement\":[{\"@type\":\"ListItem\",\"position\":1,\"name\":\"Home\",\"item\":\"https:\\\/\\\/www.landwirt.com\\\/news\\\/home\\\/\"},{\"@type\":\"ListItem\",\"position\":2,\"name\":\"Neubau des Steyr Center Nord in Harmannsdorf-R\u00fcckersdorf\"}]},{\"@type\":\"WebSite\",\"@id\":\"https:\\\/\\\/www.landwirt.com\\\/news\\\/#website\",\"url\":\"https:\\\/\\\/www.landwirt.com\\\/news\\\/\",\"name\":\"Landwirt.com News\",\"description\":\"Landwirt.com News\",\"publisher\":{\"@id\":\"https:\\\/\\\/www.landwirt.com\\\/news\\\/#organization\"},\"potentialAction\":[{\"@type\":\"SearchAction\",\"target\":{\"@type\":\"EntryPoint\",\"urlTemplate\":\"https:\\\/\\\/www.landwirt.com\\\/news\\\/?s={search_term_string}\"},\"query-input\":{\"@type\":\"PropertyValueSpecification\",\"valueRequired\":true,\"valueName\":\"search_term_string\"}}],\"inLanguage\":\"de-AT\"},{\"@type\":\"Organization\",\"@id\":\"https:\\\/\\\/www.landwirt.com\\\/news\\\/#organization\",\"name\":\"LANDWIRT.COM GMBH\",\"url\":\"https:\\\/\\\/www.landwirt.com\\\/news\\\/\",\"logo\":{\"@type\":\"ImageObject\",\"inLanguage\":\"de-AT\",\"@id\":\"https:\\\/\\\/www.landwirt.com\\\/news\\\/#\\\/schema\\\/logo\\\/image\\\/\",\"url\":\"https:\\\/\\\/www.landwirt.com\\\/news\\\/wp-content\\\/uploads\\\/2020\\\/02\\\/LW-logo.png\",\"contentUrl\":\"https:\\\/\\\/www.landwirt.com\\\/news\\\/wp-content\\\/uploads\\\/2020\\\/02\\\/LW-logo.png\",\"width\":250,\"height\":58,\"caption\":\"LANDWIRT.COM GMBH\"},\"image\":{\"@id\":\"https:\\\/\\\/www.landwirt.com\\\/news\\\/#\\\/schema\\\/logo\\\/image\\\/\"}},{\"@type\":\"Person\",\"@id\":\"https:\\\/\\\/www.landwirt.com\\\/news\\\/#\\\/schema\\\/person\\\/627016cf4cf7fe2189ac7e234990f441\",\"name\":\"Alexandra Schauer\",\"image\":{\"@type\":\"ImageObject\",\"inLanguage\":\"de-AT\",\"@id\":\"https:\\\/\\\/secure.gravatar.com\\\/avatar\\\/7dc000820bab53d1e584af263fe6d4f9133557b5e0a6f573d3b8713ce8629c9f?s=96&d=mm&r=g\",\"url\":\"https:\\\/\\\/secure.gravatar.com\\\/avatar\\\/7dc000820bab53d1e584af263fe6d4f9133557b5e0a6f573d3b8713ce8629c9f?s=96&d=mm&r=g\",\"contentUrl\":\"https:\\\/\\\/secure.gravatar.com\\\/avatar\\\/7dc000820bab53d1e584af263fe6d4f9133557b5e0a6f573d3b8713ce8629c9f?s=96&d=mm&r=g\",\"caption\":\"Alexandra Schauer\"},\"url\":\"https:\\\/\\\/www.landwirt.com\\\/news\\\/author\\\/alex\\\/\"}]}<\/script>\n<!-- \/ Yoast SEO plugin. -->","yoast_head_json":{"title":"Neubau des Steyr Center Nord in Harmannsdorf-R\u00fcckersdorf - Landwirt.com News","robots":{"index":"index","follow":"follow","max-snippet":"max-snippet:-1","max-image-preview":"max-image-preview:large","max-video-preview":"max-video-preview:-1"},"og_locale":"de_DE","og_type":"article","og_title":"Neubau des Steyr Center Nord in Harmannsdorf-R\u00fcckersdorf - Landwirt.com News","og_description":"Der neue und top modern ausgestattete Betrieb in Harmannsdorf sorgt bald f\u00fcr eine noch st\u00e4rkere Pr\u00e4senz von STEYR","og_url":"https:\/\/www.landwirt.com\/news\/neubau-des-steyr-center-nord-in-harmannsdorf-ruckersdorf\/","og_site_name":"Landwirt.com News","article_published_time":"2020-08-07T06:14:34+00:00","article_modified_time":"2020-08-07T07:07:54+00:00","og_image":[{"width":495,"height":400,"url":"https:\/\/www.landwirt.com\/news\/wp-content\/uploads\/2020\/08\/scn_kl.jpg","type":"image\/jpeg"}],"author":"Alexandra Schauer","twitter_card":"summary_large_image","twitter_misc":{"Verfasst von":"Alexandra Schauer","Gesch\u00e4tzte Lesezeit":"2 Minuten"},"schema":{"@context":"https:\/\/schema.org","@graph":[{"@type":"Article","@id":"https:\/\/www.landwirt.com\/news\/neubau-des-steyr-center-nord-in-harmannsdorf-ruckersdorf\/#article","isPartOf":{"@id":"https:\/\/www.landwirt.com\/news\/neubau-des-steyr-center-nord-in-harmannsdorf-ruckersdorf\/"},"author":{"name":"Alexandra Schauer","@id":"https:\/\/www.landwirt.com\/news\/#\/schema\/person\/627016cf4cf7fe2189ac7e234990f441"},"headline":"Neubau des Steyr Center Nord in Harmannsdorf-R\u00fcckersdorf","datePublished":"2020-08-07T06:14:34+00:00","dateModified":"2020-08-07T07:07:54+00:00","mainEntityOfPage":{"@id":"https:\/\/www.landwirt.com\/news\/neubau-des-steyr-center-nord-in-harmannsdorf-ruckersdorf\/"},"wordCount":438,"publisher":{"@id":"https:\/\/www.landwirt.com\/news\/#organization"},"image":{"@id":"https:\/\/www.landwirt.com\/news\/neubau-des-steyr-center-nord-in-harmannsdorf-ruckersdorf\/#primaryimage"},"thumbnailUrl":"https:\/\/www.landwirt.com\/news\/wp-content\/uploads\/2020\/08\/scn_kl.jpg","keywords":["Standardtraktoren","Traktor"],"articleSection":["Landwirt","Werbung"],"inLanguage":"de-AT"},{"@type":"WebPage","@id":"https:\/\/www.landwirt.com\/news\/neubau-des-steyr-center-nord-in-harmannsdorf-ruckersdorf\/","url":"https:\/\/www.landwirt.com\/news\/neubau-des-steyr-center-nord-in-harmannsdorf-ruckersdorf\/","name":"Neubau des Steyr Center Nord in Harmannsdorf-R\u00fcckersdorf - Landwirt.com News","isPartOf":{"@id":"https:\/\/www.landwirt.com\/news\/#website"},"primaryImageOfPage":{"@id":"https:\/\/www.landwirt.com\/news\/neubau-des-steyr-center-nord-in-harmannsdorf-ruckersdorf\/#primaryimage"},"image":{"@id":"https:\/\/www.landwirt.com\/news\/neubau-des-steyr-center-nord-in-harmannsdorf-ruckersdorf\/#primaryimage"},"thumbnailUrl":"https:\/\/www.landwirt.com\/news\/wp-content\/uploads\/2020\/08\/scn_kl.jpg","datePublished":"2020-08-07T06:14:34+00:00","dateModified":"2020-08-07T07:07:54+00:00","breadcrumb":{"@id":"https:\/\/www.landwirt.com\/news\/neubau-des-steyr-center-nord-in-harmannsdorf-ruckersdorf\/#breadcrumb"},"inLanguage":"de-AT","potentialAction":[{"@type":"ReadAction","target":["https:\/\/www.landwirt.com\/news\/neubau-des-steyr-center-nord-in-harmannsdorf-ruckersdorf\/"]}]},{"@type":"ImageObject","inLanguage":"de-AT","@id":"https:\/\/www.landwirt.com\/news\/neubau-des-steyr-center-nord-in-harmannsdorf-ruckersdorf\/#primaryimage","url":"https:\/\/www.landwirt.com\/news\/wp-content\/uploads\/2020\/08\/scn_kl.jpg","contentUrl":"https:\/\/www.landwirt.com\/news\/wp-content\/uploads\/2020\/08\/scn_kl.jpg","width":495,"height":400},{"@type":"BreadcrumbList","@id":"https:\/\/www.landwirt.com\/news\/neubau-des-steyr-center-nord-in-harmannsdorf-ruckersdorf\/#breadcrumb","itemListElement":[{"@type":"ListItem","position":1,"name":"Home","item":"https:\/\/www.landwirt.com\/news\/home\/"},{"@type":"ListItem","position":2,"name":"Neubau des Steyr Center Nord in Harmannsdorf-R\u00fcckersdorf"}]},{"@type":"WebSite","@id":"https:\/\/www.landwirt.com\/news\/#website","url":"https:\/\/www.landwirt.com\/news\/","name":"Landwirt.com News","description":"Landwirt.com News","publisher":{"@id":"https:\/\/www.landwirt.com\/news\/#organization"},"potentialAction":[{"@type":"SearchAction","target":{"@type":"EntryPoint","urlTemplate":"https:\/\/www.landwirt.com\/news\/?s={search_term_string}"},"query-input":{"@type":"PropertyValueSpecification","valueRequired":true,"valueName":"search_term_string"}}],"inLanguage":"de-AT"},{"@type":"Organization","@id":"https:\/\/www.landwirt.com\/news\/#organization","name":"LANDWIRT.COM GMBH","url":"https:\/\/www.landwirt.com\/news\/","logo":{"@type":"ImageObject","inLanguage":"de-AT","@id":"https:\/\/www.landwirt.com\/news\/#\/schema\/logo\/image\/","url":"https:\/\/www.landwirt.com\/news\/wp-content\/uploads\/2020\/02\/LW-logo.png","contentUrl":"https:\/\/www.landwirt.com\/news\/wp-content\/uploads\/2020\/02\/LW-logo.png","width":250,"height":58,"caption":"LANDWIRT.COM GMBH"},"image":{"@id":"https:\/\/www.landwirt.com\/news\/#\/schema\/logo\/image\/"}},{"@type":"Person","@id":"https:\/\/www.landwirt.com\/news\/#\/schema\/person\/627016cf4cf7fe2189ac7e234990f441","name":"Alexandra Schauer","image":{"@type":"ImageObject","inLanguage":"de-AT","@id":"https:\/\/secure.gravatar.com\/avatar\/7dc000820bab53d1e584af263fe6d4f9133557b5e0a6f573d3b8713ce8629c9f?s=96&d=mm&r=g","url":"https:\/\/secure.gravatar.com\/avatar\/7dc000820bab53d1e584af263fe6d4f9133557b5e0a6f573d3b8713ce8629c9f?s=96&d=mm&r=g","contentUrl":"https:\/\/secure.gravatar.com\/avatar\/7dc000820bab53d1e584af263fe6d4f9133557b5e0a6f573d3b8713ce8629c9f?s=96&d=mm&r=g","caption":"Alexandra Schauer"},"url":"https:\/\/www.landwirt.com\/news\/author\/alex\/"}]}},"_links":{"self":[{"href":"https:\/\/www.landwirt.com\/news\/wp-json\/wp\/v2\/posts\/2793","targetHints":{"allow":["GET"]}}],"collection":[{"href":"https:\/\/www.landwirt.com\/news\/wp-json\/wp\/v2\/posts"}],"about":[{"href":"https:\/\/www.landwirt.com\/news\/wp-json\/wp\/v2\/types\/post"}],"author":[{"embeddable":true,"href":"https:\/\/www.landwirt.com\/news\/wp-json\/wp\/v2\/users\/3"}],"replies":[{"embeddable":true,"href":"https:\/\/www.landwirt.com\/news\/wp-json\/wp\/v2\/comments?post=2793"}],"version-history":[{"count":1,"href":"https:\/\/www.landwirt.com\/news\/wp-json\/wp\/v2\/posts\/2793\/revisions"}],"predecessor-version":[{"id":2796,"href":"https:\/\/www.landwirt.com\/news\/wp-json\/wp\/v2\/posts\/2793\/revisions\/2796"}],"wp:featuredmedia":[{"embeddable":true,"href":"https:\/\/www.landwirt.com\/news\/wp-json\/wp\/v2\/media\/2795"}],"wp:attachment":[{"href":"https:\/\/www.landwirt.com\/news\/wp-json\/wp\/v2\/media?parent=2793"}],"wp:term":[{"taxonomy":"category","embeddable":true,"href":"https:\/\/www.landwirt.com\/news\/wp-json\/wp\/v2\/categories?post=2793"},{"taxonomy":"post_tag","embeddable":true,"href":"https:\/\/www.landwirt.com\/news\/wp-json\/wp\/v2\/tags?post=2793"}],"curies":[{"name":"wp","href":"https:\/\/api.w.org\/{rel}","templated":true}]}}