{"id":2342,"date":"2020-06-18T09:22:52","date_gmt":"2020-06-18T07:22:52","guid":{"rendered":"https:\/\/news.landwirt.com\/?p=2342"},"modified":"2022-01-26T10:24:21","modified_gmt":"2022-01-26T09:24:21","slug":"eurotier-und-energydecentral-werden-auf-den-9-bis-12-februar-2021-verschoben","status":"publish","type":"post","link":"https:\/\/www.landwirt.com\/news\/eurotier-und-energydecentral-werden-auf-den-9-bis-12-februar-2021-verschoben\/","title":{"rendered":"EuroTier und EnergyDecentral werden auf den 9. bis 12. Februar 2021 verschoben"},"content":{"rendered":"\n<hr class=\"wp-block-separator\"\/>\n\n\n\n<div class=\"wp-block-media-text alignwide is-stacked-on-mobile is-vertically-aligned-top\" style=\"grid-template-columns:36% auto\"><figure class=\"wp-block-media-text__media\"><img loading=\"lazy\" decoding=\"async\" width=\"495\" height=\"400\" src=\"https:\/\/www.landwirt.com\/news\/wp-content\/uploads\/2020\/06\/eurotier_verschoben.jpg\" alt=\"\" class=\"wp-image-2343\" srcset=\"https:\/\/www.landwirt.com\/news\/wp-content\/uploads\/2020\/06\/eurotier_verschoben.jpg 495w, https:\/\/www.landwirt.com\/news\/wp-content\/uploads\/2020\/06\/eurotier_verschoben-300x242.jpg 300w\" sizes=\"auto, (max-width: 495px) 100vw, 495px\" \/><\/figure><div class=\"wp-block-media-text__content\">\n<p>Auf Grund der weltweiten unsicheren Lage in Zusammenhang mit Covid19 verschiebt die DLG die Leitmesse f\u00fcr Tierhaltung von November 2020 auf 9. bis 12. Februar 2021.<br><br>Die EuroTier lebt auch vom internationalen Publikum und vom pers\u00f6nlichen Fachaustausch von Besucher und Ausstellern. Durch die Verschiebung hofft man diesem Anspruch gerecht werden zu k\u00f6nnen. Wie gewohnt werden die EuroTier und die EnergyDencentral auf dem Messegel\u00e4nde in Hannover stattfinden.<\/p>\n\n\n\n<p>Alle Informationen zur EuroTier finden Sie auf: <a href=\"https:\/\/www.eurotier.com\/de\/\">https:\/\/www.eurotier.com\/de\/<\/a><br><\/p>\n<\/div><\/div>\n","protected":false},"excerpt":{"rendered":"<p>Auf Grund der weltweiten unsicheren Lage in Zusammenhang mit Covid19 verschiebt die DLG die Leitmesse f\u00fcr Tierhaltung von November 2020 auf 9. bis 12. Februar 2021. Die EuroTier lebt auch vom internationalen Publikum und vom pers\u00f6nlichen Fachaustausch von Besucher und Ausstellern. Durch die Verschiebung hofft man diesem Anspruch gerecht werden zu k\u00f6nnen. Wie gewohnt werden [&hellip;]<\/p>\n","protected":false},"author":3,"featured_media":2343,"comment_status":"closed","ping_status":"closed","sticky":false,"template":"","format":"standard","meta":{"footnotes":""},"categories":[15,1],"tags":[120,299,378],"class_list":["post-2342","post","type-post","status-publish","format-standard","has-post-thumbnail","hentry","category-landwirt","category-werbung","tag-corona","tag-eurotier","tag-messe"],"yoast_head":"<!-- This site is optimized with the Yoast SEO plugin v27.4 - https:\/\/yoast.com\/product\/yoast-seo-wordpress\/ -->\n<title>EuroTier und EnergyDecentral werden auf den 9. bis 12. Februar 2021 verschoben - Landwirt.com News<\/title>\n<meta name=\"robots\" content=\"index, follow, max-snippet:-1, max-image-preview:large, max-video-preview:-1\" \/>\n<meta property=\"og:locale\" content=\"de_DE\" \/>\n<meta property=\"og:type\" content=\"article\" \/>\n<meta property=\"og:title\" content=\"EuroTier und EnergyDecentral werden auf den 9. bis 12. Februar 2021 verschoben - Landwirt.com News\" \/>\n<meta property=\"og:description\" content=\"Auf Grund der weltweiten unsicheren Lage in Zusammenhang mit Covid19 verschiebt die DLG die Leitmesse f\u00fcr Tierhaltung von November 2020 auf 9. bis 12. Februar 2021. Die EuroTier lebt auch vom internationalen Publikum und vom pers\u00f6nlichen Fachaustausch von Besucher und Ausstellern. Durch die Verschiebung hofft man diesem Anspruch gerecht werden zu k\u00f6nnen. Wie gewohnt werden [&hellip;]\" \/>\n<meta property=\"og:url\" content=\"https:\/\/www.landwirt.com\/news\/eurotier-und-energydecentral-werden-auf-den-9-bis-12-februar-2021-verschoben\/\" \/>\n<meta property=\"og:site_name\" content=\"Landwirt.com News\" \/>\n<meta property=\"article:published_time\" content=\"2020-06-18T07:22:52+00:00\" \/>\n<meta property=\"article:modified_time\" content=\"2022-01-26T09:24:21+00:00\" \/>\n<meta property=\"og:image\" content=\"https:\/\/www.landwirt.com\/news\/wp-content\/uploads\/2020\/06\/eurotier_verschoben.jpg\" \/>\n\t<meta property=\"og:image:width\" content=\"495\" \/>\n\t<meta property=\"og:image:height\" content=\"400\" \/>\n\t<meta property=\"og:image:type\" content=\"image\/jpeg\" \/>\n<meta name=\"author\" content=\"Alexandra Schauer\" \/>\n<meta name=\"twitter:card\" content=\"summary_large_image\" \/>\n<meta name=\"twitter:label1\" content=\"Verfasst von\" \/>\n\t<meta name=\"twitter:data1\" content=\"Alexandra Schauer\" \/>\n<script type=\"application\/ld+json\" class=\"yoast-schema-graph\">{\"@context\":\"https:\\\/\\\/schema.org\",\"@graph\":[{\"@type\":\"Article\",\"@id\":\"https:\\\/\\\/www.landwirt.com\\\/news\\\/eurotier-und-energydecentral-werden-auf-den-9-bis-12-februar-2021-verschoben\\\/#article\",\"isPartOf\":{\"@id\":\"https:\\\/\\\/www.landwirt.com\\\/news\\\/eurotier-und-energydecentral-werden-auf-den-9-bis-12-februar-2021-verschoben\\\/\"},\"author\":{\"name\":\"Alexandra Schauer\",\"@id\":\"https:\\\/\\\/www.landwirt.com\\\/news\\\/#\\\/schema\\\/person\\\/627016cf4cf7fe2189ac7e234990f441\"},\"headline\":\"EuroTier und EnergyDecentral werden auf den 9. bis 12. Februar 2021 verschoben\",\"datePublished\":\"2020-06-18T07:22:52+00:00\",\"dateModified\":\"2022-01-26T09:24:21+00:00\",\"mainEntityOfPage\":{\"@id\":\"https:\\\/\\\/www.landwirt.com\\\/news\\\/eurotier-und-energydecentral-werden-auf-den-9-bis-12-februar-2021-verschoben\\\/\"},\"wordCount\":87,\"publisher\":{\"@id\":\"https:\\\/\\\/www.landwirt.com\\\/news\\\/#organization\"},\"image\":{\"@id\":\"https:\\\/\\\/www.landwirt.com\\\/news\\\/eurotier-und-energydecentral-werden-auf-den-9-bis-12-februar-2021-verschoben\\\/#primaryimage\"},\"thumbnailUrl\":\"https:\\\/\\\/www.landwirt.com\\\/news\\\/wp-content\\\/uploads\\\/2020\\\/06\\\/eurotier_verschoben.jpg\",\"keywords\":[\"Corona\",\"Eurotier\",\"Messe\"],\"articleSection\":[\"Landwirt\",\"Werbung\"],\"inLanguage\":\"de-AT\"},{\"@type\":\"WebPage\",\"@id\":\"https:\\\/\\\/www.landwirt.com\\\/news\\\/eurotier-und-energydecentral-werden-auf-den-9-bis-12-februar-2021-verschoben\\\/\",\"url\":\"https:\\\/\\\/www.landwirt.com\\\/news\\\/eurotier-und-energydecentral-werden-auf-den-9-bis-12-februar-2021-verschoben\\\/\",\"name\":\"EuroTier und EnergyDecentral werden auf den 9. bis 12. Februar 2021 verschoben - Landwirt.com News\",\"isPartOf\":{\"@id\":\"https:\\\/\\\/www.landwirt.com\\\/news\\\/#website\"},\"primaryImageOfPage\":{\"@id\":\"https:\\\/\\\/www.landwirt.com\\\/news\\\/eurotier-und-energydecentral-werden-auf-den-9-bis-12-februar-2021-verschoben\\\/#primaryimage\"},\"image\":{\"@id\":\"https:\\\/\\\/www.landwirt.com\\\/news\\\/eurotier-und-energydecentral-werden-auf-den-9-bis-12-februar-2021-verschoben\\\/#primaryimage\"},\"thumbnailUrl\":\"https:\\\/\\\/www.landwirt.com\\\/news\\\/wp-content\\\/uploads\\\/2020\\\/06\\\/eurotier_verschoben.jpg\",\"datePublished\":\"2020-06-18T07:22:52+00:00\",\"dateModified\":\"2022-01-26T09:24:21+00:00\",\"breadcrumb\":{\"@id\":\"https:\\\/\\\/www.landwirt.com\\\/news\\\/eurotier-und-energydecentral-werden-auf-den-9-bis-12-februar-2021-verschoben\\\/#breadcrumb\"},\"inLanguage\":\"de-AT\",\"potentialAction\":[{\"@type\":\"ReadAction\",\"target\":[\"https:\\\/\\\/www.landwirt.com\\\/news\\\/eurotier-und-energydecentral-werden-auf-den-9-bis-12-februar-2021-verschoben\\\/\"]}]},{\"@type\":\"ImageObject\",\"inLanguage\":\"de-AT\",\"@id\":\"https:\\\/\\\/www.landwirt.com\\\/news\\\/eurotier-und-energydecentral-werden-auf-den-9-bis-12-februar-2021-verschoben\\\/#primaryimage\",\"url\":\"https:\\\/\\\/www.landwirt.com\\\/news\\\/wp-content\\\/uploads\\\/2020\\\/06\\\/eurotier_verschoben.jpg\",\"contentUrl\":\"https:\\\/\\\/www.landwirt.com\\\/news\\\/wp-content\\\/uploads\\\/2020\\\/06\\\/eurotier_verschoben.jpg\",\"width\":495,\"height\":400},{\"@type\":\"BreadcrumbList\",\"@id\":\"https:\\\/\\\/www.landwirt.com\\\/news\\\/eurotier-und-energydecentral-werden-auf-den-9-bis-12-februar-2021-verschoben\\\/#breadcrumb\",\"itemListElement\":[{\"@type\":\"ListItem\",\"position\":1,\"name\":\"Home\",\"item\":\"https:\\\/\\\/www.landwirt.com\\\/news\\\/home\\\/\"},{\"@type\":\"ListItem\",\"position\":2,\"name\":\"EuroTier und EnergyDecentral werden auf den 9. bis 12. Februar 2021 verschoben\"}]},{\"@type\":\"WebSite\",\"@id\":\"https:\\\/\\\/www.landwirt.com\\\/news\\\/#website\",\"url\":\"https:\\\/\\\/www.landwirt.com\\\/news\\\/\",\"name\":\"Landwirt.com News\",\"description\":\"Landwirt.com News\",\"publisher\":{\"@id\":\"https:\\\/\\\/www.landwirt.com\\\/news\\\/#organization\"},\"potentialAction\":[{\"@type\":\"SearchAction\",\"target\":{\"@type\":\"EntryPoint\",\"urlTemplate\":\"https:\\\/\\\/www.landwirt.com\\\/news\\\/?s={search_term_string}\"},\"query-input\":{\"@type\":\"PropertyValueSpecification\",\"valueRequired\":true,\"valueName\":\"search_term_string\"}}],\"inLanguage\":\"de-AT\"},{\"@type\":\"Organization\",\"@id\":\"https:\\\/\\\/www.landwirt.com\\\/news\\\/#organization\",\"name\":\"LANDWIRT.COM GMBH\",\"url\":\"https:\\\/\\\/www.landwirt.com\\\/news\\\/\",\"logo\":{\"@type\":\"ImageObject\",\"inLanguage\":\"de-AT\",\"@id\":\"https:\\\/\\\/www.landwirt.com\\\/news\\\/#\\\/schema\\\/logo\\\/image\\\/\",\"url\":\"https:\\\/\\\/www.landwirt.com\\\/news\\\/wp-content\\\/uploads\\\/2020\\\/02\\\/LW-logo.png\",\"contentUrl\":\"https:\\\/\\\/www.landwirt.com\\\/news\\\/wp-content\\\/uploads\\\/2020\\\/02\\\/LW-logo.png\",\"width\":250,\"height\":58,\"caption\":\"LANDWIRT.COM GMBH\"},\"image\":{\"@id\":\"https:\\\/\\\/www.landwirt.com\\\/news\\\/#\\\/schema\\\/logo\\\/image\\\/\"}},{\"@type\":\"Person\",\"@id\":\"https:\\\/\\\/www.landwirt.com\\\/news\\\/#\\\/schema\\\/person\\\/627016cf4cf7fe2189ac7e234990f441\",\"name\":\"Alexandra Schauer\",\"image\":{\"@type\":\"ImageObject\",\"inLanguage\":\"de-AT\",\"@id\":\"https:\\\/\\\/secure.gravatar.com\\\/avatar\\\/7dc000820bab53d1e584af263fe6d4f9133557b5e0a6f573d3b8713ce8629c9f?s=96&d=mm&r=g\",\"url\":\"https:\\\/\\\/secure.gravatar.com\\\/avatar\\\/7dc000820bab53d1e584af263fe6d4f9133557b5e0a6f573d3b8713ce8629c9f?s=96&d=mm&r=g\",\"contentUrl\":\"https:\\\/\\\/secure.gravatar.com\\\/avatar\\\/7dc000820bab53d1e584af263fe6d4f9133557b5e0a6f573d3b8713ce8629c9f?s=96&d=mm&r=g\",\"caption\":\"Alexandra Schauer\"},\"url\":\"https:\\\/\\\/www.landwirt.com\\\/news\\\/author\\\/alex\\\/\"}]}<\/script>\n<!-- \/ Yoast SEO plugin. -->","yoast_head_json":{"title":"EuroTier und EnergyDecentral werden auf den 9. bis 12. Februar 2021 verschoben - Landwirt.com News","robots":{"index":"index","follow":"follow","max-snippet":"max-snippet:-1","max-image-preview":"max-image-preview:large","max-video-preview":"max-video-preview:-1"},"og_locale":"de_DE","og_type":"article","og_title":"EuroTier und EnergyDecentral werden auf den 9. bis 12. Februar 2021 verschoben - Landwirt.com News","og_description":"Auf Grund der weltweiten unsicheren Lage in Zusammenhang mit Covid19 verschiebt die DLG die Leitmesse f\u00fcr Tierhaltung von November 2020 auf 9. bis 12. Februar 2021. Die EuroTier lebt auch vom internationalen Publikum und vom pers\u00f6nlichen Fachaustausch von Besucher und Ausstellern. Durch die Verschiebung hofft man diesem Anspruch gerecht werden zu k\u00f6nnen. Wie gewohnt werden [&hellip;]","og_url":"https:\/\/www.landwirt.com\/news\/eurotier-und-energydecentral-werden-auf-den-9-bis-12-februar-2021-verschoben\/","og_site_name":"Landwirt.com News","article_published_time":"2020-06-18T07:22:52+00:00","article_modified_time":"2022-01-26T09:24:21+00:00","og_image":[{"width":495,"height":400,"url":"https:\/\/www.landwirt.com\/news\/wp-content\/uploads\/2020\/06\/eurotier_verschoben.jpg","type":"image\/jpeg"}],"author":"Alexandra Schauer","twitter_card":"summary_large_image","twitter_misc":{"Verfasst von":"Alexandra Schauer"},"schema":{"@context":"https:\/\/schema.org","@graph":[{"@type":"Article","@id":"https:\/\/www.landwirt.com\/news\/eurotier-und-energydecentral-werden-auf-den-9-bis-12-februar-2021-verschoben\/#article","isPartOf":{"@id":"https:\/\/www.landwirt.com\/news\/eurotier-und-energydecentral-werden-auf-den-9-bis-12-februar-2021-verschoben\/"},"author":{"name":"Alexandra Schauer","@id":"https:\/\/www.landwirt.com\/news\/#\/schema\/person\/627016cf4cf7fe2189ac7e234990f441"},"headline":"EuroTier und EnergyDecentral werden auf den 9. bis 12. Februar 2021 verschoben","datePublished":"2020-06-18T07:22:52+00:00","dateModified":"2022-01-26T09:24:21+00:00","mainEntityOfPage":{"@id":"https:\/\/www.landwirt.com\/news\/eurotier-und-energydecentral-werden-auf-den-9-bis-12-februar-2021-verschoben\/"},"wordCount":87,"publisher":{"@id":"https:\/\/www.landwirt.com\/news\/#organization"},"image":{"@id":"https:\/\/www.landwirt.com\/news\/eurotier-und-energydecentral-werden-auf-den-9-bis-12-februar-2021-verschoben\/#primaryimage"},"thumbnailUrl":"https:\/\/www.landwirt.com\/news\/wp-content\/uploads\/2020\/06\/eurotier_verschoben.jpg","keywords":["Corona","Eurotier","Messe"],"articleSection":["Landwirt","Werbung"],"inLanguage":"de-AT"},{"@type":"WebPage","@id":"https:\/\/www.landwirt.com\/news\/eurotier-und-energydecentral-werden-auf-den-9-bis-12-februar-2021-verschoben\/","url":"https:\/\/www.landwirt.com\/news\/eurotier-und-energydecentral-werden-auf-den-9-bis-12-februar-2021-verschoben\/","name":"EuroTier und EnergyDecentral werden auf den 9. bis 12. Februar 2021 verschoben - Landwirt.com News","isPartOf":{"@id":"https:\/\/www.landwirt.com\/news\/#website"},"primaryImageOfPage":{"@id":"https:\/\/www.landwirt.com\/news\/eurotier-und-energydecentral-werden-auf-den-9-bis-12-februar-2021-verschoben\/#primaryimage"},"image":{"@id":"https:\/\/www.landwirt.com\/news\/eurotier-und-energydecentral-werden-auf-den-9-bis-12-februar-2021-verschoben\/#primaryimage"},"thumbnailUrl":"https:\/\/www.landwirt.com\/news\/wp-content\/uploads\/2020\/06\/eurotier_verschoben.jpg","datePublished":"2020-06-18T07:22:52+00:00","dateModified":"2022-01-26T09:24:21+00:00","breadcrumb":{"@id":"https:\/\/www.landwirt.com\/news\/eurotier-und-energydecentral-werden-auf-den-9-bis-12-februar-2021-verschoben\/#breadcrumb"},"inLanguage":"de-AT","potentialAction":[{"@type":"ReadAction","target":["https:\/\/www.landwirt.com\/news\/eurotier-und-energydecentral-werden-auf-den-9-bis-12-februar-2021-verschoben\/"]}]},{"@type":"ImageObject","inLanguage":"de-AT","@id":"https:\/\/www.landwirt.com\/news\/eurotier-und-energydecentral-werden-auf-den-9-bis-12-februar-2021-verschoben\/#primaryimage","url":"https:\/\/www.landwirt.com\/news\/wp-content\/uploads\/2020\/06\/eurotier_verschoben.jpg","contentUrl":"https:\/\/www.landwirt.com\/news\/wp-content\/uploads\/2020\/06\/eurotier_verschoben.jpg","width":495,"height":400},{"@type":"BreadcrumbList","@id":"https:\/\/www.landwirt.com\/news\/eurotier-und-energydecentral-werden-auf-den-9-bis-12-februar-2021-verschoben\/#breadcrumb","itemListElement":[{"@type":"ListItem","position":1,"name":"Home","item":"https:\/\/www.landwirt.com\/news\/home\/"},{"@type":"ListItem","position":2,"name":"EuroTier und EnergyDecentral werden auf den 9. bis 12. Februar 2021 verschoben"}]},{"@type":"WebSite","@id":"https:\/\/www.landwirt.com\/news\/#website","url":"https:\/\/www.landwirt.com\/news\/","name":"Landwirt.com News","description":"Landwirt.com News","publisher":{"@id":"https:\/\/www.landwirt.com\/news\/#organization"},"potentialAction":[{"@type":"SearchAction","target":{"@type":"EntryPoint","urlTemplate":"https:\/\/www.landwirt.com\/news\/?s={search_term_string}"},"query-input":{"@type":"PropertyValueSpecification","valueRequired":true,"valueName":"search_term_string"}}],"inLanguage":"de-AT"},{"@type":"Organization","@id":"https:\/\/www.landwirt.com\/news\/#organization","name":"LANDWIRT.COM GMBH","url":"https:\/\/www.landwirt.com\/news\/","logo":{"@type":"ImageObject","inLanguage":"de-AT","@id":"https:\/\/www.landwirt.com\/news\/#\/schema\/logo\/image\/","url":"https:\/\/www.landwirt.com\/news\/wp-content\/uploads\/2020\/02\/LW-logo.png","contentUrl":"https:\/\/www.landwirt.com\/news\/wp-content\/uploads\/2020\/02\/LW-logo.png","width":250,"height":58,"caption":"LANDWIRT.COM GMBH"},"image":{"@id":"https:\/\/www.landwirt.com\/news\/#\/schema\/logo\/image\/"}},{"@type":"Person","@id":"https:\/\/www.landwirt.com\/news\/#\/schema\/person\/627016cf4cf7fe2189ac7e234990f441","name":"Alexandra Schauer","image":{"@type":"ImageObject","inLanguage":"de-AT","@id":"https:\/\/secure.gravatar.com\/avatar\/7dc000820bab53d1e584af263fe6d4f9133557b5e0a6f573d3b8713ce8629c9f?s=96&d=mm&r=g","url":"https:\/\/secure.gravatar.com\/avatar\/7dc000820bab53d1e584af263fe6d4f9133557b5e0a6f573d3b8713ce8629c9f?s=96&d=mm&r=g","contentUrl":"https:\/\/secure.gravatar.com\/avatar\/7dc000820bab53d1e584af263fe6d4f9133557b5e0a6f573d3b8713ce8629c9f?s=96&d=mm&r=g","caption":"Alexandra Schauer"},"url":"https:\/\/www.landwirt.com\/news\/author\/alex\/"}]}},"_links":{"self":[{"href":"https:\/\/www.landwirt.com\/news\/wp-json\/wp\/v2\/posts\/2342","targetHints":{"allow":["GET"]}}],"collection":[{"href":"https:\/\/www.landwirt.com\/news\/wp-json\/wp\/v2\/posts"}],"about":[{"href":"https:\/\/www.landwirt.com\/news\/wp-json\/wp\/v2\/types\/post"}],"author":[{"embeddable":true,"href":"https:\/\/www.landwirt.com\/news\/wp-json\/wp\/v2\/users\/3"}],"replies":[{"embeddable":true,"href":"https:\/\/www.landwirt.com\/news\/wp-json\/wp\/v2\/comments?post=2342"}],"version-history":[{"count":1,"href":"https:\/\/www.landwirt.com\/news\/wp-json\/wp\/v2\/posts\/2342\/revisions"}],"predecessor-version":[{"id":2344,"href":"https:\/\/www.landwirt.com\/news\/wp-json\/wp\/v2\/posts\/2342\/revisions\/2344"}],"wp:featuredmedia":[{"embeddable":true,"href":"https:\/\/www.landwirt.com\/news\/wp-json\/wp\/v2\/media\/2343"}],"wp:attachment":[{"href":"https:\/\/www.landwirt.com\/news\/wp-json\/wp\/v2\/media?parent=2342"}],"wp:term":[{"taxonomy":"category","embeddable":true,"href":"https:\/\/www.landwirt.com\/news\/wp-json\/wp\/v2\/categories?post=2342"},{"taxonomy":"post_tag","embeddable":true,"href":"https:\/\/www.landwirt.com\/news\/wp-json\/wp\/v2\/tags?post=2342"}],"curies":[{"name":"wp","href":"https:\/\/api.w.org\/{rel}","templated":true}]}}