{"id":2296,"date":"2020-06-10T11:51:16","date_gmt":"2020-06-10T09:51:16","guid":{"rendered":"https:\/\/news.landwirt.com\/?p=2296"},"modified":"2020-06-10T11:51:51","modified_gmt":"2020-06-10T09:51:51","slug":"zulassungsstatistik-in-osterreich-obst-und-weinbautraktoren-janner-bis-mai-2020","status":"publish","type":"post","link":"https:\/\/www.landwirt.com\/news\/zulassungsstatistik-in-osterreich-obst-und-weinbautraktoren-janner-bis-mai-2020\/","title":{"rendered":"Zulassungsstatistik in \u00d6sterreich: Obst- und Weinbautraktoren J\u00e4nner bis Mai 2020"},"content":{"rendered":"\n<p class=\"has-text-color has-text-align-center has-fs-20-px-font-size has-col-008-a-4-c-color\">Auch im Mai 2020 kommt es zu einem Aufwind der Neuzulassungen bei den Obst- und Weinbautraktoren. Im Vergleich zum Vorjahr gab es einen Anstieg von 37 St\u00fcck.  <\/p>\n\n\n\n<hr class=\"wp-block-separator\"\/>\n\n\n\n<div class=\"wp-block-media-text alignwide is-stacked-on-mobile is-vertically-aligned-top\"><figure class=\"wp-block-media-text__media\"><img loading=\"lazy\" decoding=\"async\" width=\"800\" height=\"801\" src=\"https:\/\/www.landwirt.com\/news\/wp-content\/uploads\/2020\/06\/weinbau_stats.jpg\" alt=\"\" class=\"wp-image-2297\" srcset=\"https:\/\/www.landwirt.com\/news\/wp-content\/uploads\/2020\/06\/weinbau_stats.jpg 800w, https:\/\/www.landwirt.com\/news\/wp-content\/uploads\/2020\/06\/weinbau_stats-300x300.jpg 300w, https:\/\/www.landwirt.com\/news\/wp-content\/uploads\/2020\/06\/weinbau_stats-80x80.jpg 80w, https:\/\/www.landwirt.com\/news\/wp-content\/uploads\/2020\/06\/weinbau_stats-768x769.jpg 768w, https:\/\/www.landwirt.com\/news\/wp-content\/uploads\/2020\/06\/weinbau_stats-36x36.jpg 36w, https:\/\/www.landwirt.com\/news\/wp-content\/uploads\/2020\/06\/weinbau_stats-180x180.jpg 180w, https:\/\/www.landwirt.com\/news\/wp-content\/uploads\/2020\/06\/weinbau_stats-705x705.jpg 705w\" sizes=\"auto, (max-width: 800px) 100vw, 800px\" \/><\/figure><div class=\"wp-block-media-text__content\">\n<p>Fendt bleibt Platzhirsch. Zu den gr\u00f6\u00dften Gewinnern z\u00e4hlen diesmal jedoch Massey Ferguson und New Holland. Massey Ferguson kann seinen Marktanteil von 4,8 % auf 11,5 % steigern! Auch Arbos verzeichnet eine gro\u00dfe Steigerung und kann den Marktanteil von 2,4 % auf 8,8 % ausbauen. <\/p>\n\n\n\n<p>Die Entwicklung bei den weiteren Herstellern entnehmen Sie der nebenstehenden Tabelle:<br> <\/p>\n<\/div><\/div>\n","protected":false},"excerpt":{"rendered":"<p>Auch im Zeitraum J\u00e4nner bis Mai 2020 kommt es zu einem Aufwind der Neuzulassungen bei den Obst- und Weinbautraktoren. <\/p>\n","protected":false},"author":3,"featured_media":2298,"comment_status":"closed","ping_status":"open","sticky":false,"template":"","format":"standard","meta":{"footnotes":""},"categories":[15,1,14],"tags":[59,56,57,54],"class_list":["post-2296","post","type-post","status-publish","format-standard","has-post-thumbnail","hentry","category-landwirt","category-werbung","category-zulassungsstatistik","tag-neuzulassungen","tag-obsttraktoren","tag-weinbautraktoren","tag-zulassungsstatistik"],"yoast_head":"<!-- This site is optimized with the Yoast SEO plugin v27.5 - https:\/\/yoast.com\/product\/yoast-seo-wordpress\/ -->\n<title>Zulassungsstatistik in \u00d6sterreich: Obst- und Weinbautraktoren J\u00e4nner 2020<\/title>\n<meta name=\"description\" content=\"Im J\u00e4nner 2020 kam es zu einem Aufwind der Neuzulassungen bei den Obst- und Weinbautraktoren. Im Vergleich zum Vorjahr gab es einen Anstieg von 9 St\u00fcck.\" \/>\n<meta name=\"robots\" content=\"index, follow, max-snippet:-1, max-image-preview:large, max-video-preview:-1\" \/>\n<meta property=\"og:locale\" content=\"de_DE\" \/>\n<meta property=\"og:type\" content=\"article\" \/>\n<meta property=\"og:title\" content=\"Zulassungsstatistik in \u00d6sterreich: Obst- und Weinbautraktoren J\u00e4nner 2020\" \/>\n<meta property=\"og:description\" content=\"Im J\u00e4nner 2020 kam es zu einem Aufwind der Neuzulassungen bei den Obst- und Weinbautraktoren. Im Vergleich zum Vorjahr gab es einen Anstieg von 9 St\u00fcck.\" \/>\n<meta property=\"og:url\" content=\"https:\/\/www.landwirt.com\/news\/zulassungsstatistik-in-osterreich-obst-und-weinbautraktoren-janner-bis-mai-2020\/\" \/>\n<meta property=\"og:site_name\" content=\"Landwirt.com News\" \/>\n<meta property=\"article:published_time\" content=\"2020-06-10T09:51:16+00:00\" \/>\n<meta property=\"article:modified_time\" content=\"2020-06-10T09:51:51+00:00\" \/>\n<meta property=\"og:image\" content=\"https:\/\/www.landwirt.com\/news\/wp-content\/uploads\/2020\/06\/weinbau_vorschau.jpg\" \/>\n\t<meta property=\"og:image:width\" content=\"495\" \/>\n\t<meta property=\"og:image:height\" content=\"400\" \/>\n\t<meta property=\"og:image:type\" content=\"image\/jpeg\" \/>\n<meta name=\"author\" content=\"Alexandra Schauer\" \/>\n<meta name=\"twitter:card\" content=\"summary_large_image\" \/>\n<meta name=\"twitter:label1\" content=\"Verfasst von\" \/>\n\t<meta name=\"twitter:data1\" content=\"Alexandra Schauer\" \/>\n<script type=\"application\/ld+json\" class=\"yoast-schema-graph\">{\"@context\":\"https:\\\/\\\/schema.org\",\"@graph\":[{\"@type\":\"Article\",\"@id\":\"https:\\\/\\\/www.landwirt.com\\\/news\\\/zulassungsstatistik-in-osterreich-obst-und-weinbautraktoren-janner-bis-mai-2020\\\/#article\",\"isPartOf\":{\"@id\":\"https:\\\/\\\/www.landwirt.com\\\/news\\\/zulassungsstatistik-in-osterreich-obst-und-weinbautraktoren-janner-bis-mai-2020\\\/\"},\"author\":{\"name\":\"Alexandra Schauer\",\"@id\":\"https:\\\/\\\/www.landwirt.com\\\/news\\\/#\\\/schema\\\/person\\\/627016cf4cf7fe2189ac7e234990f441\"},\"headline\":\"Zulassungsstatistik in \u00d6sterreich: Obst- und Weinbautraktoren J\u00e4nner bis Mai 2020\",\"datePublished\":\"2020-06-10T09:51:16+00:00\",\"dateModified\":\"2020-06-10T09:51:51+00:00\",\"mainEntityOfPage\":{\"@id\":\"https:\\\/\\\/www.landwirt.com\\\/news\\\/zulassungsstatistik-in-osterreich-obst-und-weinbautraktoren-janner-bis-mai-2020\\\/\"},\"wordCount\":86,\"publisher\":{\"@id\":\"https:\\\/\\\/www.landwirt.com\\\/news\\\/#organization\"},\"image\":{\"@id\":\"https:\\\/\\\/www.landwirt.com\\\/news\\\/zulassungsstatistik-in-osterreich-obst-und-weinbautraktoren-janner-bis-mai-2020\\\/#primaryimage\"},\"thumbnailUrl\":\"https:\\\/\\\/www.landwirt.com\\\/news\\\/wp-content\\\/uploads\\\/2020\\\/06\\\/weinbau_vorschau.jpg\",\"keywords\":[\"Neuzulassungen\",\"Obsttraktoren\",\"Weinbautraktoren\",\"Zulassungsstatistik\"],\"articleSection\":[\"Landwirt\",\"Werbung\",\"Zulassungsstatistik\"],\"inLanguage\":\"de-AT\"},{\"@type\":\"WebPage\",\"@id\":\"https:\\\/\\\/www.landwirt.com\\\/news\\\/zulassungsstatistik-in-osterreich-obst-und-weinbautraktoren-janner-bis-mai-2020\\\/\",\"url\":\"https:\\\/\\\/www.landwirt.com\\\/news\\\/zulassungsstatistik-in-osterreich-obst-und-weinbautraktoren-janner-bis-mai-2020\\\/\",\"name\":\"Zulassungsstatistik in \u00d6sterreich: Obst- und Weinbautraktoren J\u00e4nner 2020\",\"isPartOf\":{\"@id\":\"https:\\\/\\\/www.landwirt.com\\\/news\\\/#website\"},\"primaryImageOfPage\":{\"@id\":\"https:\\\/\\\/www.landwirt.com\\\/news\\\/zulassungsstatistik-in-osterreich-obst-und-weinbautraktoren-janner-bis-mai-2020\\\/#primaryimage\"},\"image\":{\"@id\":\"https:\\\/\\\/www.landwirt.com\\\/news\\\/zulassungsstatistik-in-osterreich-obst-und-weinbautraktoren-janner-bis-mai-2020\\\/#primaryimage\"},\"thumbnailUrl\":\"https:\\\/\\\/www.landwirt.com\\\/news\\\/wp-content\\\/uploads\\\/2020\\\/06\\\/weinbau_vorschau.jpg\",\"datePublished\":\"2020-06-10T09:51:16+00:00\",\"dateModified\":\"2020-06-10T09:51:51+00:00\",\"description\":\"Im J\u00e4nner 2020 kam es zu einem Aufwind der Neuzulassungen bei den Obst- und Weinbautraktoren. Im Vergleich zum Vorjahr gab es einen Anstieg von 9 St\u00fcck.\",\"breadcrumb\":{\"@id\":\"https:\\\/\\\/www.landwirt.com\\\/news\\\/zulassungsstatistik-in-osterreich-obst-und-weinbautraktoren-janner-bis-mai-2020\\\/#breadcrumb\"},\"inLanguage\":\"de-AT\",\"potentialAction\":[{\"@type\":\"ReadAction\",\"target\":[\"https:\\\/\\\/www.landwirt.com\\\/news\\\/zulassungsstatistik-in-osterreich-obst-und-weinbautraktoren-janner-bis-mai-2020\\\/\"]}]},{\"@type\":\"ImageObject\",\"inLanguage\":\"de-AT\",\"@id\":\"https:\\\/\\\/www.landwirt.com\\\/news\\\/zulassungsstatistik-in-osterreich-obst-und-weinbautraktoren-janner-bis-mai-2020\\\/#primaryimage\",\"url\":\"https:\\\/\\\/www.landwirt.com\\\/news\\\/wp-content\\\/uploads\\\/2020\\\/06\\\/weinbau_vorschau.jpg\",\"contentUrl\":\"https:\\\/\\\/www.landwirt.com\\\/news\\\/wp-content\\\/uploads\\\/2020\\\/06\\\/weinbau_vorschau.jpg\",\"width\":495,\"height\":400},{\"@type\":\"BreadcrumbList\",\"@id\":\"https:\\\/\\\/www.landwirt.com\\\/news\\\/zulassungsstatistik-in-osterreich-obst-und-weinbautraktoren-janner-bis-mai-2020\\\/#breadcrumb\",\"itemListElement\":[{\"@type\":\"ListItem\",\"position\":1,\"name\":\"Home\",\"item\":\"https:\\\/\\\/www.landwirt.com\\\/news\\\/home\\\/\"},{\"@type\":\"ListItem\",\"position\":2,\"name\":\"Zulassungsstatistik in \u00d6sterreich: Obst- und Weinbautraktoren J\u00e4nner bis Mai 2020\"}]},{\"@type\":\"WebSite\",\"@id\":\"https:\\\/\\\/www.landwirt.com\\\/news\\\/#website\",\"url\":\"https:\\\/\\\/www.landwirt.com\\\/news\\\/\",\"name\":\"Landwirt.com News\",\"description\":\"Landwirt.com News\",\"publisher\":{\"@id\":\"https:\\\/\\\/www.landwirt.com\\\/news\\\/#organization\"},\"potentialAction\":[{\"@type\":\"SearchAction\",\"target\":{\"@type\":\"EntryPoint\",\"urlTemplate\":\"https:\\\/\\\/www.landwirt.com\\\/news\\\/?s={search_term_string}\"},\"query-input\":{\"@type\":\"PropertyValueSpecification\",\"valueRequired\":true,\"valueName\":\"search_term_string\"}}],\"inLanguage\":\"de-AT\"},{\"@type\":\"Organization\",\"@id\":\"https:\\\/\\\/www.landwirt.com\\\/news\\\/#organization\",\"name\":\"LANDWIRT.COM GMBH\",\"url\":\"https:\\\/\\\/www.landwirt.com\\\/news\\\/\",\"logo\":{\"@type\":\"ImageObject\",\"inLanguage\":\"de-AT\",\"@id\":\"https:\\\/\\\/www.landwirt.com\\\/news\\\/#\\\/schema\\\/logo\\\/image\\\/\",\"url\":\"https:\\\/\\\/www.landwirt.com\\\/news\\\/wp-content\\\/uploads\\\/2020\\\/02\\\/LW-logo.png\",\"contentUrl\":\"https:\\\/\\\/www.landwirt.com\\\/news\\\/wp-content\\\/uploads\\\/2020\\\/02\\\/LW-logo.png\",\"width\":250,\"height\":58,\"caption\":\"LANDWIRT.COM GMBH\"},\"image\":{\"@id\":\"https:\\\/\\\/www.landwirt.com\\\/news\\\/#\\\/schema\\\/logo\\\/image\\\/\"}},{\"@type\":\"Person\",\"@id\":\"https:\\\/\\\/www.landwirt.com\\\/news\\\/#\\\/schema\\\/person\\\/627016cf4cf7fe2189ac7e234990f441\",\"name\":\"Alexandra Schauer\",\"image\":{\"@type\":\"ImageObject\",\"inLanguage\":\"de-AT\",\"@id\":\"https:\\\/\\\/secure.gravatar.com\\\/avatar\\\/7dc000820bab53d1e584af263fe6d4f9133557b5e0a6f573d3b8713ce8629c9f?s=96&d=mm&r=g\",\"url\":\"https:\\\/\\\/secure.gravatar.com\\\/avatar\\\/7dc000820bab53d1e584af263fe6d4f9133557b5e0a6f573d3b8713ce8629c9f?s=96&d=mm&r=g\",\"contentUrl\":\"https:\\\/\\\/secure.gravatar.com\\\/avatar\\\/7dc000820bab53d1e584af263fe6d4f9133557b5e0a6f573d3b8713ce8629c9f?s=96&d=mm&r=g\",\"caption\":\"Alexandra Schauer\"},\"url\":\"https:\\\/\\\/www.landwirt.com\\\/news\\\/author\\\/alex\\\/\"}]}<\/script>\n<!-- \/ Yoast SEO plugin. -->","yoast_head_json":{"title":"Zulassungsstatistik in \u00d6sterreich: Obst- und Weinbautraktoren J\u00e4nner 2020","description":"Im J\u00e4nner 2020 kam es zu einem Aufwind der Neuzulassungen bei den Obst- und Weinbautraktoren. Im Vergleich zum Vorjahr gab es einen Anstieg von 9 St\u00fcck.","robots":{"index":"index","follow":"follow","max-snippet":"max-snippet:-1","max-image-preview":"max-image-preview:large","max-video-preview":"max-video-preview:-1"},"og_locale":"de_DE","og_type":"article","og_title":"Zulassungsstatistik in \u00d6sterreich: Obst- und Weinbautraktoren J\u00e4nner 2020","og_description":"Im J\u00e4nner 2020 kam es zu einem Aufwind der Neuzulassungen bei den Obst- und Weinbautraktoren. Im Vergleich zum Vorjahr gab es einen Anstieg von 9 St\u00fcck.","og_url":"https:\/\/www.landwirt.com\/news\/zulassungsstatistik-in-osterreich-obst-und-weinbautraktoren-janner-bis-mai-2020\/","og_site_name":"Landwirt.com News","article_published_time":"2020-06-10T09:51:16+00:00","article_modified_time":"2020-06-10T09:51:51+00:00","og_image":[{"width":495,"height":400,"url":"https:\/\/www.landwirt.com\/news\/wp-content\/uploads\/2020\/06\/weinbau_vorschau.jpg","type":"image\/jpeg"}],"author":"Alexandra Schauer","twitter_card":"summary_large_image","twitter_misc":{"Verfasst von":"Alexandra Schauer"},"schema":{"@context":"https:\/\/schema.org","@graph":[{"@type":"Article","@id":"https:\/\/www.landwirt.com\/news\/zulassungsstatistik-in-osterreich-obst-und-weinbautraktoren-janner-bis-mai-2020\/#article","isPartOf":{"@id":"https:\/\/www.landwirt.com\/news\/zulassungsstatistik-in-osterreich-obst-und-weinbautraktoren-janner-bis-mai-2020\/"},"author":{"name":"Alexandra Schauer","@id":"https:\/\/www.landwirt.com\/news\/#\/schema\/person\/627016cf4cf7fe2189ac7e234990f441"},"headline":"Zulassungsstatistik in \u00d6sterreich: Obst- und Weinbautraktoren J\u00e4nner bis Mai 2020","datePublished":"2020-06-10T09:51:16+00:00","dateModified":"2020-06-10T09:51:51+00:00","mainEntityOfPage":{"@id":"https:\/\/www.landwirt.com\/news\/zulassungsstatistik-in-osterreich-obst-und-weinbautraktoren-janner-bis-mai-2020\/"},"wordCount":86,"publisher":{"@id":"https:\/\/www.landwirt.com\/news\/#organization"},"image":{"@id":"https:\/\/www.landwirt.com\/news\/zulassungsstatistik-in-osterreich-obst-und-weinbautraktoren-janner-bis-mai-2020\/#primaryimage"},"thumbnailUrl":"https:\/\/www.landwirt.com\/news\/wp-content\/uploads\/2020\/06\/weinbau_vorschau.jpg","keywords":["Neuzulassungen","Obsttraktoren","Weinbautraktoren","Zulassungsstatistik"],"articleSection":["Landwirt","Werbung","Zulassungsstatistik"],"inLanguage":"de-AT"},{"@type":"WebPage","@id":"https:\/\/www.landwirt.com\/news\/zulassungsstatistik-in-osterreich-obst-und-weinbautraktoren-janner-bis-mai-2020\/","url":"https:\/\/www.landwirt.com\/news\/zulassungsstatistik-in-osterreich-obst-und-weinbautraktoren-janner-bis-mai-2020\/","name":"Zulassungsstatistik in \u00d6sterreich: Obst- und Weinbautraktoren J\u00e4nner 2020","isPartOf":{"@id":"https:\/\/www.landwirt.com\/news\/#website"},"primaryImageOfPage":{"@id":"https:\/\/www.landwirt.com\/news\/zulassungsstatistik-in-osterreich-obst-und-weinbautraktoren-janner-bis-mai-2020\/#primaryimage"},"image":{"@id":"https:\/\/www.landwirt.com\/news\/zulassungsstatistik-in-osterreich-obst-und-weinbautraktoren-janner-bis-mai-2020\/#primaryimage"},"thumbnailUrl":"https:\/\/www.landwirt.com\/news\/wp-content\/uploads\/2020\/06\/weinbau_vorschau.jpg","datePublished":"2020-06-10T09:51:16+00:00","dateModified":"2020-06-10T09:51:51+00:00","description":"Im J\u00e4nner 2020 kam es zu einem Aufwind der Neuzulassungen bei den Obst- und Weinbautraktoren. Im Vergleich zum Vorjahr gab es einen Anstieg von 9 St\u00fcck.","breadcrumb":{"@id":"https:\/\/www.landwirt.com\/news\/zulassungsstatistik-in-osterreich-obst-und-weinbautraktoren-janner-bis-mai-2020\/#breadcrumb"},"inLanguage":"de-AT","potentialAction":[{"@type":"ReadAction","target":["https:\/\/www.landwirt.com\/news\/zulassungsstatistik-in-osterreich-obst-und-weinbautraktoren-janner-bis-mai-2020\/"]}]},{"@type":"ImageObject","inLanguage":"de-AT","@id":"https:\/\/www.landwirt.com\/news\/zulassungsstatistik-in-osterreich-obst-und-weinbautraktoren-janner-bis-mai-2020\/#primaryimage","url":"https:\/\/www.landwirt.com\/news\/wp-content\/uploads\/2020\/06\/weinbau_vorschau.jpg","contentUrl":"https:\/\/www.landwirt.com\/news\/wp-content\/uploads\/2020\/06\/weinbau_vorschau.jpg","width":495,"height":400},{"@type":"BreadcrumbList","@id":"https:\/\/www.landwirt.com\/news\/zulassungsstatistik-in-osterreich-obst-und-weinbautraktoren-janner-bis-mai-2020\/#breadcrumb","itemListElement":[{"@type":"ListItem","position":1,"name":"Home","item":"https:\/\/www.landwirt.com\/news\/home\/"},{"@type":"ListItem","position":2,"name":"Zulassungsstatistik in \u00d6sterreich: Obst- und Weinbautraktoren J\u00e4nner bis Mai 2020"}]},{"@type":"WebSite","@id":"https:\/\/www.landwirt.com\/news\/#website","url":"https:\/\/www.landwirt.com\/news\/","name":"Landwirt.com News","description":"Landwirt.com News","publisher":{"@id":"https:\/\/www.landwirt.com\/news\/#organization"},"potentialAction":[{"@type":"SearchAction","target":{"@type":"EntryPoint","urlTemplate":"https:\/\/www.landwirt.com\/news\/?s={search_term_string}"},"query-input":{"@type":"PropertyValueSpecification","valueRequired":true,"valueName":"search_term_string"}}],"inLanguage":"de-AT"},{"@type":"Organization","@id":"https:\/\/www.landwirt.com\/news\/#organization","name":"LANDWIRT.COM GMBH","url":"https:\/\/www.landwirt.com\/news\/","logo":{"@type":"ImageObject","inLanguage":"de-AT","@id":"https:\/\/www.landwirt.com\/news\/#\/schema\/logo\/image\/","url":"https:\/\/www.landwirt.com\/news\/wp-content\/uploads\/2020\/02\/LW-logo.png","contentUrl":"https:\/\/www.landwirt.com\/news\/wp-content\/uploads\/2020\/02\/LW-logo.png","width":250,"height":58,"caption":"LANDWIRT.COM GMBH"},"image":{"@id":"https:\/\/www.landwirt.com\/news\/#\/schema\/logo\/image\/"}},{"@type":"Person","@id":"https:\/\/www.landwirt.com\/news\/#\/schema\/person\/627016cf4cf7fe2189ac7e234990f441","name":"Alexandra Schauer","image":{"@type":"ImageObject","inLanguage":"de-AT","@id":"https:\/\/secure.gravatar.com\/avatar\/7dc000820bab53d1e584af263fe6d4f9133557b5e0a6f573d3b8713ce8629c9f?s=96&d=mm&r=g","url":"https:\/\/secure.gravatar.com\/avatar\/7dc000820bab53d1e584af263fe6d4f9133557b5e0a6f573d3b8713ce8629c9f?s=96&d=mm&r=g","contentUrl":"https:\/\/secure.gravatar.com\/avatar\/7dc000820bab53d1e584af263fe6d4f9133557b5e0a6f573d3b8713ce8629c9f?s=96&d=mm&r=g","caption":"Alexandra Schauer"},"url":"https:\/\/www.landwirt.com\/news\/author\/alex\/"}]}},"_links":{"self":[{"href":"https:\/\/www.landwirt.com\/news\/wp-json\/wp\/v2\/posts\/2296","targetHints":{"allow":["GET"]}}],"collection":[{"href":"https:\/\/www.landwirt.com\/news\/wp-json\/wp\/v2\/posts"}],"about":[{"href":"https:\/\/www.landwirt.com\/news\/wp-json\/wp\/v2\/types\/post"}],"author":[{"embeddable":true,"href":"https:\/\/www.landwirt.com\/news\/wp-json\/wp\/v2\/users\/3"}],"replies":[{"embeddable":true,"href":"https:\/\/www.landwirt.com\/news\/wp-json\/wp\/v2\/comments?post=2296"}],"version-history":[{"count":1,"href":"https:\/\/www.landwirt.com\/news\/wp-json\/wp\/v2\/posts\/2296\/revisions"}],"predecessor-version":[{"id":2299,"href":"https:\/\/www.landwirt.com\/news\/wp-json\/wp\/v2\/posts\/2296\/revisions\/2299"}],"wp:featuredmedia":[{"embeddable":true,"href":"https:\/\/www.landwirt.com\/news\/wp-json\/wp\/v2\/media\/2298"}],"wp:attachment":[{"href":"https:\/\/www.landwirt.com\/news\/wp-json\/wp\/v2\/media?parent=2296"}],"wp:term":[{"taxonomy":"category","embeddable":true,"href":"https:\/\/www.landwirt.com\/news\/wp-json\/wp\/v2\/categories?post=2296"},{"taxonomy":"post_tag","embeddable":true,"href":"https:\/\/www.landwirt.com\/news\/wp-json\/wp\/v2\/tags?post=2296"}],"curies":[{"name":"wp","href":"https:\/\/api.w.org\/{rel}","templated":true}]}}