{"id":22219,"date":"2026-04-29T10:42:00","date_gmt":"2026-04-29T08:42:00","guid":{"rendered":"https:\/\/www.landwirt.com\/news\/?p=22219"},"modified":"2026-04-30T14:00:45","modified_gmt":"2026-04-30T12:00:45","slug":"gebrauchte-traktoren-4-855-zulassungen-im-1-quartal-2026","status":"publish","type":"post","link":"https:\/\/www.landwirt.com\/news\/gebrauchte-traktoren-4-855-zulassungen-im-1-quartal-2026\/","title":{"rendered":"Gebrauchte Traktoren: 4.855 Zulassungen im 1. Quartal 2026 in \u00d6sterreich"},"content":{"rendered":"<div  class='flex_column av-27u297y-fb6ec3e78d4c3d732a78d54df90a0a07 av_one_full  avia-builder-el-0  el_before_av_heading  avia-builder-el-first  first flex_column_div  '     ><p>\n<style type=\"text\/css\" data-created_by=\"avia_inline_auto\" id=\"style-css-av-mn8ussiw-06f7c8eb4621ffcf9a058f35adf73d8f\">\n#top .av-special-heading.av-mn8ussiw-06f7c8eb4621ffcf9a058f35adf73d8f{\npadding-bottom:10px;\n}\nbody .av-special-heading.av-mn8ussiw-06f7c8eb4621ffcf9a058f35adf73d8f .av-special-heading-tag .heading-char{\nfont-size:25px;\n}\n.av-special-heading.av-mn8ussiw-06f7c8eb4621ffcf9a058f35adf73d8f .av-subheading{\nfont-size:15px;\n}\n<\/style>\n<div  class='av-special-heading av-mn8ussiw-06f7c8eb4621ffcf9a058f35adf73d8f av-special-heading-h1 blockquote modern-quote modern-centered  avia-builder-el-1  el_before_av_hr  avia-builder-el-first '><h1 class='av-special-heading-tag '  itemprop=\"headline\"  >Gebrauchte Traktoren: 4.855 Zulassungen im 1. Quartal 2026 in \u00d6sterreich<\/h1><div class=\"special-heading-border\"><div class=\"special-heading-inner-border\"><\/div><\/div><\/div><br \/>\n<div  class='hr av-1oiyoge-602b98dfd75bda3611397e800545c887 hr-default  avia-builder-el-2  el_after_av_heading  avia-builder-el-last '><span class='hr-inner '><span class=\"hr-inner-style\"><\/span><\/span><\/div><\/p><\/div>\n\n<section  class='av_textblock_section av-mnygkku6-7ba8c24872cd0635ff8d26a5ae117397 '   itemscope=\"itemscope\" itemtype=\"https:\/\/schema.org\/BlogPosting\" itemprop=\"blogPost\" ><div class='avia_textblock'  itemprop=\"text\" ><p><strong>Der Markt f\u00fcr gebrauchte Traktoren in \u00d6sterreich liegt im 1. Quartal 2026 unter dem Vorjahresniveau. Mit 4.855 Zulassungen konnte das Ergebnis um 428 Einheiten oder 8,1 % nicht ganz dem Vergleichsquartal 2025 standhalten. In der Markenstatistik liegt Steyr vor Fendt und New Holland.<\/strong><\/p>\n<\/div><\/section>\n\n<style type=\"text\/css\" data-created_by=\"avia_inline_auto\" id=\"style-css-av-2e8y5m6-8cd254cade81e740a70606e83fff8906\">\n#top .flex_column.av-2e8y5m6-8cd254cade81e740a70606e83fff8906{\nmargin-top:0px;\nmargin-bottom:0px;\n}\n.flex_column.av-2e8y5m6-8cd254cade81e740a70606e83fff8906{\nwidth:49.5%;\npadding:0 0 0 0;\n}\n.responsive #top #wrap_all .flex_column.av-2e8y5m6-8cd254cade81e740a70606e83fff8906{\nmargin-top:0px;\nmargin-bottom:0px;\n}\n<\/style>\n<div  class='flex_column av-2e8y5m6-8cd254cade81e740a70606e83fff8906 av_one_half  avia-builder-el-5  el_after_av_textblock  el_before_av_one_half  first flex_column_div av-zero-column-padding  column-top-margin'     ><style type=\"text\/css\" data-created_by=\"avia_inline_auto\" id=\"style-css-av-mnzqrlan-58f40b0b15d88c088f3384fc9e98361b\">\n.avia-image-container.av-mnzqrlan-58f40b0b15d88c088f3384fc9e98361b img.avia_image{\nbox-shadow:none;\n}\n.avia-image-container.av-mnzqrlan-58f40b0b15d88c088f3384fc9e98361b .av-image-caption-overlay-center{\ncolor:#ffffff;\n}\n<\/style>\n<div  class='avia-image-container av-mnzqrlan-58f40b0b15d88c088f3384fc9e98361b av-styling- avia-align-center  avia-builder-el-6  avia-builder-el-no-sibling '   itemprop=\"image\" itemscope=\"itemscope\" itemtype=\"https:\/\/schema.org\/ImageObject\" ><div class=\"avia-image-container-inner\"><div class=\"avia-image-overlay-wrap\"><img decoding=\"async\" fetchpriority=\"high\" class='wp-image-22221 avia-img-lazy-loading-not-22221 avia_image ' src=\"https:\/\/www.landwirt.com\/news\/wp-content\/uploads\/2026\/04\/Zulassungen-gebrauchte-traktoren-gesamt-liniendiagramm-kumuliert-2026-Q1-1030x558.png\" alt='Liniendiagramm mit Zulassungsstatistik gebrauchter Traktoren gesamt von 1. Quartal 2026 kumuliert im Vergleich zum Vorjahr' title='Zulassungen-gebrauchte-traktoren-gesamt-liniendiagramm-kumuliert-2026-Q1'  height=\"558\" width=\"1030\"  itemprop=\"thumbnailUrl\" srcset=\"https:\/\/www.landwirt.com\/news\/wp-content\/uploads\/2026\/04\/Zulassungen-gebrauchte-traktoren-gesamt-liniendiagramm-kumuliert-2026-Q1-1030x558.png 1030w, https:\/\/www.landwirt.com\/news\/wp-content\/uploads\/2026\/04\/Zulassungen-gebrauchte-traktoren-gesamt-liniendiagramm-kumuliert-2026-Q1-300x163.png 300w, https:\/\/www.landwirt.com\/news\/wp-content\/uploads\/2026\/04\/Zulassungen-gebrauchte-traktoren-gesamt-liniendiagramm-kumuliert-2026-Q1-768x416.png 768w, https:\/\/www.landwirt.com\/news\/wp-content\/uploads\/2026\/04\/Zulassungen-gebrauchte-traktoren-gesamt-liniendiagramm-kumuliert-2026-Q1-1536x833.png 1536w, https:\/\/www.landwirt.com\/news\/wp-content\/uploads\/2026\/04\/Zulassungen-gebrauchte-traktoren-gesamt-liniendiagramm-kumuliert-2026-Q1-1500x813.png 1500w, https:\/\/www.landwirt.com\/news\/wp-content\/uploads\/2026\/04\/Zulassungen-gebrauchte-traktoren-gesamt-liniendiagramm-kumuliert-2026-Q1-705x382.png 705w, https:\/\/www.landwirt.com\/news\/wp-content\/uploads\/2026\/04\/Zulassungen-gebrauchte-traktoren-gesamt-liniendiagramm-kumuliert-2026-Q1.png 1821w\" sizes=\"(max-width: 1030px) 100vw, 1030px\" \/><\/div><\/div><\/div><\/div>\n\n<style type=\"text\/css\" data-created_by=\"avia_inline_auto\" id=\"style-css-av-qixm27-d8b1b96a2c4b817b99f55c3ebf663407\">\n#top .flex_column.av-qixm27-d8b1b96a2c4b817b99f55c3ebf663407{\nmargin-top:0px;\nmargin-bottom:0px;\n}\n.flex_column.av-qixm27-d8b1b96a2c4b817b99f55c3ebf663407{\nwidth:49.5%;\nmargin-left:1%;\npadding:0 0 0 0;\n}\n.responsive #top #wrap_all .flex_column.av-qixm27-d8b1b96a2c4b817b99f55c3ebf663407{\nmargin-top:0px;\nmargin-bottom:0px;\n}\n<\/style>\n<div  class='flex_column av-qixm27-d8b1b96a2c4b817b99f55c3ebf663407 av_one_half  avia-builder-el-7  el_after_av_one_half  el_before_av_hr  flex_column_div av-zero-column-padding  column-top-margin'     ><style type=\"text\/css\" data-created_by=\"avia_inline_auto\" id=\"style-css-av-mnzqs00l-cd70008040c0ec8c5dea49420e69b14c\">\n.avia-image-container.av-mnzqs00l-cd70008040c0ec8c5dea49420e69b14c img.avia_image{\nbox-shadow:none;\n}\n.avia-image-container.av-mnzqs00l-cd70008040c0ec8c5dea49420e69b14c .av-image-caption-overlay-center{\ncolor:#ffffff;\n}\n<\/style>\n<div  class='avia-image-container av-mnzqs00l-cd70008040c0ec8c5dea49420e69b14c av-styling- avia-align-center  avia-builder-el-8  avia-builder-el-no-sibling '   itemprop=\"image\" itemscope=\"itemscope\" itemtype=\"https:\/\/schema.org\/ImageObject\" ><div class=\"avia-image-container-inner\"><div class=\"avia-image-overlay-wrap\"><img decoding=\"async\" fetchpriority=\"high\" class='wp-image-22222 avia-img-lazy-loading-not-22222 avia_image ' src=\"https:\/\/www.landwirt.com\/news\/wp-content\/uploads\/2026\/04\/Zulassungen-gebrauchte-traktoren-gesamt-saulendiagramm-nach-monat-2026-Q1-1030x549.png\" alt='S\u00e4ulendiagramm mit Zulassungsstatistik von gebrauchten Traktoren von 1. Quartal 2026 im Monats-Vergleich zum Vorjahr' title='Zulassungen-gebrauchte-traktoren-gesamt-saulendiagramm-nach-monat-2026-Q1'  height=\"549\" width=\"1030\"  itemprop=\"thumbnailUrl\" srcset=\"https:\/\/www.landwirt.com\/news\/wp-content\/uploads\/2026\/04\/Zulassungen-gebrauchte-traktoren-gesamt-saulendiagramm-nach-monat-2026-Q1-1030x549.png 1030w, https:\/\/www.landwirt.com\/news\/wp-content\/uploads\/2026\/04\/Zulassungen-gebrauchte-traktoren-gesamt-saulendiagramm-nach-monat-2026-Q1-300x160.png 300w, https:\/\/www.landwirt.com\/news\/wp-content\/uploads\/2026\/04\/Zulassungen-gebrauchte-traktoren-gesamt-saulendiagramm-nach-monat-2026-Q1-768x410.png 768w, https:\/\/www.landwirt.com\/news\/wp-content\/uploads\/2026\/04\/Zulassungen-gebrauchte-traktoren-gesamt-saulendiagramm-nach-monat-2026-Q1-1536x819.png 1536w, https:\/\/www.landwirt.com\/news\/wp-content\/uploads\/2026\/04\/Zulassungen-gebrauchte-traktoren-gesamt-saulendiagramm-nach-monat-2026-Q1-1500x800.png 1500w, https:\/\/www.landwirt.com\/news\/wp-content\/uploads\/2026\/04\/Zulassungen-gebrauchte-traktoren-gesamt-saulendiagramm-nach-monat-2026-Q1-705x376.png 705w, https:\/\/www.landwirt.com\/news\/wp-content\/uploads\/2026\/04\/Zulassungen-gebrauchte-traktoren-gesamt-saulendiagramm-nach-monat-2026-Q1.png 1828w\" sizes=\"(max-width: 1030px) 100vw, 1030px\" \/><\/div><\/div><\/div><\/div>\n\n<style type=\"text\/css\" data-created_by=\"avia_inline_auto\" id=\"style-css-av-mnyhc5ay-ec81ed78078e1051ef4f312a9e5a41e0\">\n#top .hr.hr-invisible.av-mnyhc5ay-ec81ed78078e1051ef4f312a9e5a41e0{\nheight:10px;\n}\n<\/style>\n<div  class='hr av-mnyhc5ay-ec81ed78078e1051ef4f312a9e5a41e0 hr-invisible  avia-builder-el-9  el_after_av_one_half  el_before_av_textblock '><span class='hr-inner '><span class=\"hr-inner-style\"><\/span><\/span><\/div>\n<section  class='av_textblock_section av-mn8uvh7i-7ee8ca5701d4962b57150504b691402b '   itemscope=\"itemscope\" itemtype=\"https:\/\/schema.org\/BlogPosting\" itemprop=\"blogPost\" ><div class='avia_textblock'  itemprop=\"text\" ><p>Im Quartalsverlauf zeigte sich ein klar erkennbares Muster: Der R\u00fcckstand zum Vorjahr verringerte sich von Monat zu Monat. Im J\u00e4nner wurden 1.278\u00a0<a href=\"https:\/\/www.landwirt.com\/traktoren\">gebrauchte Traktoren<\/a>\u00a0neu zugelassen, im Februar 1.539 und im M\u00e4rz 2.038. Damit blieb jeder Quartalsmonat unter dem Vorjahreswert, allerdings fiel das Minus von 13,4 % im J\u00e4nner \u00fcber 8,4 % im Februar auf 4,2 % im M\u00e4rz zur\u00fcck. Der M\u00e4rz war somit nicht nur der st\u00e4rkste Monat des Quartals, sondern deutet auch auf eine gewisse Stabilisierung im Verlauf des ersten Viertel des Jahres hin.<\/p>\n<\/div><\/section>\n\n<style type=\"text\/css\" data-created_by=\"avia_inline_auto\" id=\"style-css-av-mojs713e-575869e356e26dcab72f4cc6ff317893\">\n#top .hr.hr-invisible.av-mojs713e-575869e356e26dcab72f4cc6ff317893{\nheight:20px;\n}\n<\/style>\n<div  class='hr av-mojs713e-575869e356e26dcab72f4cc6ff317893 hr-invisible  avia-builder-el-11  el_after_av_textblock  el_before_av_one_half '><span class='hr-inner '><span class=\"hr-inner-style\"><\/span><\/span><\/div>\n\n<style type=\"text\/css\" data-created_by=\"avia_inline_auto\" id=\"style-css-av-51wy7zf-f93b5704cc8af2b9484a9f72bf801537\">\n.flex_column.av-51wy7zf-f93b5704cc8af2b9484a9f72bf801537{\nwidth:48.5%;\n}\n<\/style>\n<div  class='flex_column av-51wy7zf-f93b5704cc8af2b9484a9f72bf801537 av_one_half  avia-builder-el-12  el_after_av_hr  el_before_av_one_half  first flex_column_div  '     ><p>\n<style type=\"text\/css\" data-created_by=\"avia_inline_auto\" id=\"style-css-av-mojrxome-34f704076c094220c80b213bfd896f66\">\n#top .av-special-heading.av-mojrxome-34f704076c094220c80b213bfd896f66{\npadding-bottom:10px;\n}\nbody .av-special-heading.av-mojrxome-34f704076c094220c80b213bfd896f66 .av-special-heading-tag .heading-char{\nfont-size:25px;\n}\n.av-special-heading.av-mojrxome-34f704076c094220c80b213bfd896f66 .av-subheading{\nfont-size:15px;\n}\n<\/style>\n<div  class='av-special-heading av-mojrxome-34f704076c094220c80b213bfd896f66 av-special-heading-h2 blockquote modern-quote  avia-builder-el-13  el_before_av_textblock  avia-builder-el-first '><h2 class='av-special-heading-tag '  itemprop=\"headline\"  >Leistungsstruktur der gebrauchten Traktoren<\/h2><div class=\"special-heading-border\"><div class=\"special-heading-inner-border\"><\/div><\/div><\/div><br \/>\n<section  class='av_textblock_section av-mojrxwrh-a86364181c982c8e6fd8fcf834012569 '   itemscope=\"itemscope\" itemtype=\"https:\/\/schema.org\/BlogPosting\" itemprop=\"blogPost\" ><div class='avia_textblock'  itemprop=\"text\" ><p>\u00dcber alle Altersklassen hinweg zeigt sich ein klarer Zusammenhang zwischen Fahrzeugalter und durchschnittlicher Motorleistung. Die h\u00f6chsten Durchschnittswerte erreichen die j\u00fcngsten gebrauchten Traktoren: In der <a href=\"https:\/\/www.landwirt.com\/traktoren?year=2023,2026\">Altersklasse 0 bis 3 Jahre<\/a> lag im 1. Quartal 2026 die durchschnittliche Leistung bei 123 PS. Bei den <a href=\"https:\/\/www.landwirt.com\/traktoren?year=2016,2022\">4- bis 10-j\u00e4hrigen Maschinen<\/a> waren es 100 PS, bei den <a href=\"https:\/\/www.landwirt.com\/traktoren?year=2006,2015\">11- bis 20-j\u00e4hrigen<\/a> noch 89 PS. Mit zunehmendem Alter sinkt die durchschnittliche Leistung damit deutlich: <a href=\"https:\/\/www.landwirt.com\/traktoren?year=1996,2006\">21- bis 30-j\u00e4hrige Traktoren<\/a> kamen im Schnitt auf 68 PS, <a href=\"https:\/\/www.landwirt.com\/traktoren\/oldtimer-traktoren\">Oldtimer \u00fcber 30 Jahre<\/a> auf 38 PS. Gegen\u00fcber dem 1. Quartal 2025 hat sich dieses Bild nochmals leicht nach oben verschoben. Besonders deutlich fiel der Anstieg bei den j\u00fcngsten Gebrauchten aus. Dort legte die Durchschnittsleistung von rund 110 auf 123 PS zu.<\/p>\n<\/div><\/section><\/p><\/div>\n<style type=\"text\/css\" data-created_by=\"avia_inline_auto\" id=\"style-css-av-fqxfd7-c4f2a50ddabc356192cc9037d5dbd0e6\">\n.flex_column.av-fqxfd7-c4f2a50ddabc356192cc9037d5dbd0e6{\nwidth:48.5%;\nmargin-left:3%;\n}\n<\/style>\n<div  class='flex_column av-fqxfd7-c4f2a50ddabc356192cc9037d5dbd0e6 av_one_half  avia-builder-el-15  el_after_av_one_half  el_before_av_one_half  flex_column_div  '     ><style type=\"text\/css\" data-created_by=\"avia_inline_auto\" id=\"style-css-av-mojrnm8u-036e4fe4794e177272d2e24d0cab6523\">\n.avia-image-container.av-mojrnm8u-036e4fe4794e177272d2e24d0cab6523 img.avia_image{\nbox-shadow:none;\n}\n.avia-image-container.av-mojrnm8u-036e4fe4794e177272d2e24d0cab6523 .av-image-caption-overlay-center{\ncolor:#ffffff;\n}\n<\/style>\n<div  class='avia-image-container av-mojrnm8u-036e4fe4794e177272d2e24d0cab6523 av-styling- avia-align-center  avia-builder-el-16  avia-builder-el-no-sibling '   itemprop=\"image\" itemscope=\"itemscope\" itemtype=\"https:\/\/schema.org\/ImageObject\" ><div class=\"avia-image-container-inner\"><div class=\"avia-image-overlay-wrap\"><img decoding=\"async\" fetchpriority=\"high\" class='wp-image-22223 avia-img-lazy-loading-not-22223 avia_image ' src=\"https:\/\/www.landwirt.com\/news\/wp-content\/uploads\/2026\/04\/zulassungen-gebrauchte-traktoren-durchschn.PS-je-Altersklasse-2026-Q1-1030x550.png\" alt='S\u00e4ulendiagramm mit Zulassungsstatistik von gebrauchten Traktoren von 1. Quartal 2026 nach durchschnittlichen PS je Altersklasse im Vergleich zum Vorjahr' title='zulassungen-gebrauchte-traktoren-durchschn.PS-je-Altersklasse-2026-Q1'  height=\"550\" width=\"1030\"  itemprop=\"thumbnailUrl\" srcset=\"https:\/\/www.landwirt.com\/news\/wp-content\/uploads\/2026\/04\/zulassungen-gebrauchte-traktoren-durchschn.PS-je-Altersklasse-2026-Q1-1030x550.png 1030w, https:\/\/www.landwirt.com\/news\/wp-content\/uploads\/2026\/04\/zulassungen-gebrauchte-traktoren-durchschn.PS-je-Altersklasse-2026-Q1-300x160.png 300w, https:\/\/www.landwirt.com\/news\/wp-content\/uploads\/2026\/04\/zulassungen-gebrauchte-traktoren-durchschn.PS-je-Altersklasse-2026-Q1-768x410.png 768w, https:\/\/www.landwirt.com\/news\/wp-content\/uploads\/2026\/04\/zulassungen-gebrauchte-traktoren-durchschn.PS-je-Altersklasse-2026-Q1-1536x820.png 1536w, https:\/\/www.landwirt.com\/news\/wp-content\/uploads\/2026\/04\/zulassungen-gebrauchte-traktoren-durchschn.PS-je-Altersklasse-2026-Q1-1500x801.png 1500w, https:\/\/www.landwirt.com\/news\/wp-content\/uploads\/2026\/04\/zulassungen-gebrauchte-traktoren-durchschn.PS-je-Altersklasse-2026-Q1-705x377.png 705w, https:\/\/www.landwirt.com\/news\/wp-content\/uploads\/2026\/04\/zulassungen-gebrauchte-traktoren-durchschn.PS-je-Altersklasse-2026-Q1.png 1829w\" sizes=\"(max-width: 1030px) 100vw, 1030px\" \/><\/div><\/div><\/div><\/div><\/p>\n<div class='av-column-wrapper-individual av-mobile-columns-flex av-columns-reverse'>\n<style type=\"text\/css\" data-created_by=\"avia_inline_auto\" id=\"style-css-av-3vi68a3-be53d020e39de61a82d773ad3a54cb48\">\n.flex_column.av-3vi68a3-be53d020e39de61a82d773ad3a54cb48{\nwidth:48.5%;\n}\n<\/style>\n<div  class='flex_column av-3vi68a3-be53d020e39de61a82d773ad3a54cb48 av_one_half  avia-builder-el-17  el_after_av_one_half  el_before_av_one_half  first flex_column_div  column-top-margin'     ><p>\n<style type=\"text\/css\" data-created_by=\"avia_inline_auto\" id=\"style-css-av-mojrols9-c42cc0b3c923e4257d966e4f5f596089\">\n.avia-image-container.av-mojrols9-c42cc0b3c923e4257d966e4f5f596089 img.avia_image{\nbox-shadow:none;\n}\n.avia-image-container.av-mojrols9-c42cc0b3c923e4257d966e4f5f596089 .av-image-caption-overlay-center{\ncolor:#ffffff;\n}\n<\/style>\n<div  class='avia-image-container av-mojrols9-c42cc0b3c923e4257d966e4f5f596089 av-styling- avia-align-center  avia-builder-el-18  el_before_av_hr  avia-builder-el-first '   itemprop=\"image\" itemscope=\"itemscope\" itemtype=\"https:\/\/schema.org\/ImageObject\" ><div class=\"avia-image-container-inner\"><div class=\"avia-image-overlay-wrap\"><img decoding=\"async\" fetchpriority=\"high\" class='wp-image-22226 avia-img-lazy-loading-not-22226 avia_image ' src=\"https:\/\/www.landwirt.com\/news\/wp-content\/uploads\/2026\/04\/zulassungen-gebrauchte-traktoren-nach-Altersklassen-2026-Q1-1030x550.png\" alt='S\u00e4ulendiagramm mit Zulassungsstatistik von gebrauchten Traktoren von 1. Quartal 2026 nach Altersklassen im Vergleich zum Vorjahr' title='zulassungen-gebrauchte-traktoren-nach-Altersklassen-2026-Q1'  height=\"550\" width=\"1030\"  itemprop=\"thumbnailUrl\" srcset=\"https:\/\/www.landwirt.com\/news\/wp-content\/uploads\/2026\/04\/zulassungen-gebrauchte-traktoren-nach-Altersklassen-2026-Q1-1030x550.png 1030w, https:\/\/www.landwirt.com\/news\/wp-content\/uploads\/2026\/04\/zulassungen-gebrauchte-traktoren-nach-Altersklassen-2026-Q1-300x160.png 300w, https:\/\/www.landwirt.com\/news\/wp-content\/uploads\/2026\/04\/zulassungen-gebrauchte-traktoren-nach-Altersklassen-2026-Q1-768x410.png 768w, https:\/\/www.landwirt.com\/news\/wp-content\/uploads\/2026\/04\/zulassungen-gebrauchte-traktoren-nach-Altersklassen-2026-Q1-1536x821.png 1536w, https:\/\/www.landwirt.com\/news\/wp-content\/uploads\/2026\/04\/zulassungen-gebrauchte-traktoren-nach-Altersklassen-2026-Q1-1500x802.png 1500w, https:\/\/www.landwirt.com\/news\/wp-content\/uploads\/2026\/04\/zulassungen-gebrauchte-traktoren-nach-Altersklassen-2026-Q1-705x377.png 705w, https:\/\/www.landwirt.com\/news\/wp-content\/uploads\/2026\/04\/zulassungen-gebrauchte-traktoren-nach-Altersklassen-2026-Q1.png 1828w\" sizes=\"(max-width: 1030px) 100vw, 1030px\" \/><\/div><\/div><\/div><br \/>\n\n<style type=\"text\/css\" data-created_by=\"avia_inline_auto\" id=\"style-css-av-mojteusj-d0c9dc6c217022f350aea417c88297c7\">\n#top .hr.hr-invisible.av-mojteusj-d0c9dc6c217022f350aea417c88297c7{\nheight:10px;\n}\n<\/style>\n<div  class='hr av-mojteusj-d0c9dc6c217022f350aea417c88297c7 hr-invisible  avia-builder-el-19  el_after_av_image  avia-builder-el-last '><span class='hr-inner '><span class=\"hr-inner-style\"><\/span><\/span><\/div><\/p><\/div>\n\n<style type=\"text\/css\" data-created_by=\"avia_inline_auto\" id=\"style-css-av-3o4mwh7-fdd789a594eb4fe59d9e71306ab996a9\">\n.flex_column.av-3o4mwh7-fdd789a594eb4fe59d9e71306ab996a9{\nwidth:48.5%;\nmargin-left:3%;\n}\n<\/style>\n<div  class='flex_column av-3o4mwh7-fdd789a594eb4fe59d9e71306ab996a9 av_one_half  avia-builder-el-20  el_after_av_one_half  el_before_av_heading  flex_column_div  column-top-margin'     ><p>\n<style type=\"text\/css\" data-created_by=\"avia_inline_auto\" id=\"style-css-av-mojryqq9-3ecfd225cd55ca285765c863939b308f\">\n#top .av-special-heading.av-mojryqq9-3ecfd225cd55ca285765c863939b308f{\npadding-bottom:10px;\n}\nbody .av-special-heading.av-mojryqq9-3ecfd225cd55ca285765c863939b308f .av-special-heading-tag .heading-char{\nfont-size:25px;\n}\n.av-special-heading.av-mojryqq9-3ecfd225cd55ca285765c863939b308f .av-subheading{\nfont-size:15px;\n}\n<\/style>\n<div  class='av-special-heading av-mojryqq9-3ecfd225cd55ca285765c863939b308f av-special-heading-h2 blockquote modern-quote  avia-builder-el-21  el_before_av_textblock  avia-builder-el-first '><h2 class='av-special-heading-tag '  itemprop=\"headline\"  >Altersstruktur der gebrauchten Traktoren<\/h2><div class=\"special-heading-border\"><div class=\"special-heading-inner-border\"><\/div><\/div><\/div><br \/>\n<section  class='av_textblock_section av-mojryxnk-3a83afe1b0829a67f618c80267915734 '   itemscope=\"itemscope\" itemtype=\"https:\/\/schema.org\/BlogPosting\" itemprop=\"blogPost\" ><div class='avia_textblock'  itemprop=\"text\" ><p>Oldtimer mit mehr als 30 Jahren kamen im 1. Quartal 2026 auf 2.115 Zulassungen und stellten rund 43,6 % des Gesamtmarktes. Gegen\u00fcber dem Vorjahresquartal war dieses Segment jedoch r\u00fcckl\u00e4ufig. Da Traktoren mit einem Alter von \u00fcber 20 Jahren h\u00e4ufig eher dem Schrauber- oder Sammlerbereich zuzuordnen sind, ist f\u00fcr die wirtschaftliche Marktbetrachtung vor allem der Bestand bis 20 Jahre relevant. Dieser Bereich summierte sich auf 1.907 Zulassungen und lag damit um 60 Einheiten unter dem Vorjahreswert. Besonders stark blieb innerhalb dieses Bereichs die Gruppe der 11- bis 20-j\u00e4hrigen Maschinen mit 985 Zulassungen.<\/p>\n<\/div><\/section><\/p><\/div><\/div><!--close flex column wrapper. Autoclose: 1 -->\n\n<style type=\"text\/css\" data-created_by=\"avia_inline_auto\" id=\"style-css-av-mojrzkfx-f20446ea13364aea9c46b7cb0d2d6b54\">\n#top .av-special-heading.av-mojrzkfx-f20446ea13364aea9c46b7cb0d2d6b54{\npadding-bottom:10px;\n}\nbody .av-special-heading.av-mojrzkfx-f20446ea13364aea9c46b7cb0d2d6b54 .av-special-heading-tag .heading-char{\nfont-size:25px;\n}\n.av-special-heading.av-mojrzkfx-f20446ea13364aea9c46b7cb0d2d6b54 .av-subheading{\nfont-size:15px;\n}\n<\/style>\n<div  class='av-special-heading av-mojrzkfx-f20446ea13364aea9c46b7cb0d2d6b54 av-special-heading-h2 blockquote modern-quote  avia-builder-el-23  el_after_av_one_half  el_before_av_textblock '><h2 class='av-special-heading-tag '  itemprop=\"headline\"  >Top10-Marken gebrauchter Traktoren (bis 20 Jahre)<\/h2><div class=\"special-heading-border\"><div class=\"special-heading-inner-border\"><\/div><\/div><\/div>\n<section  class='av_textblock_section av-mojrzrsy-340c6a2162b2d3ad1feb586351544542 '   itemscope=\"itemscope\" itemtype=\"https:\/\/schema.org\/BlogPosting\" itemprop=\"blogPost\" ><div class='avia_textblock'  itemprop=\"text\" ><p><strong><a href=\"https:\/\/www.landwirt.com\/traktoren?xbrands=1186\">Steyr<\/a>\u00a0<\/strong>f\u00fchrt die Markenstatistik im 1. Quartal 2026 mit 347 Zulassungen an und behauptet damit die Spitzenposition nahezu unver\u00e4ndert. <strong><a href=\"https:\/\/www.landwirt.com\/traktoren?xbrands=385\">Fendt<\/a>\u00a0<\/strong>folgt mit 288 Einheiten und konnte ebenso leicht zulegen wie <strong><a href=\"https:\/\/www.landwirt.com\/traktoren?xbrands=885\">New Holland<\/a><\/strong> mit 248 Zulassungen. Deutlich unter Vorjahresniveau blieb hingegen <strong><a href=\"https:\/\/www.landwirt.com\/traktoren?xbrands=642\">John Deere<\/a><\/strong>. Die Marke h\u00e4lt mit 226 Maschinen zwar Rang vier, verlor aber 30 Zulassungen. Auff\u00e4llig ist au\u00dferdem die kr\u00e4ftige Zunahme bei <a href=\"https:\/\/www.landwirt.com\/traktoren?xbrands=226\"><strong>Case IH<\/strong><\/a> auf 94 Einheiten sowie das Plus von <a href=\"https:\/\/www.landwirt.com\/traktoren?xbrands=243\"><strong>Claas<\/strong> <\/a>auf 81 Zulassungen.<\/p>\n<\/div><\/section>\n\n<style type=\"text\/css\" data-created_by=\"avia_inline_auto\" id=\"style-css-av-mn8uulrz-7a44ef306fc7a56dbb5cc59e47750d61\">\n.avia-image-container.av-mn8uulrz-7a44ef306fc7a56dbb5cc59e47750d61 img.avia_image{\nbox-shadow:none;\n}\n.avia-image-container.av-mn8uulrz-7a44ef306fc7a56dbb5cc59e47750d61 .av-image-caption-overlay-center{\ncolor:#ffffff;\n}\n<\/style>\n<div  class='avia-image-container av-mn8uulrz-7a44ef306fc7a56dbb5cc59e47750d61 av-styling- avia-align-center  avia-builder-el-25  el_after_av_textblock  el_before_av_one_half '   itemprop=\"image\" itemscope=\"itemscope\" itemtype=\"https:\/\/schema.org\/ImageObject\" ><div class=\"avia-image-container-inner\"><div class=\"avia-image-overlay-wrap\"><img decoding=\"async\" fetchpriority=\"high\" class='wp-image-22232 avia-img-lazy-loading-not-22232 avia_image ' src=\"https:\/\/www.landwirt.com\/news\/wp-content\/uploads\/2026\/04\/Zulassungsstatstik-saeulendiagramm-gebrauchte-traktoren-2026-Q1-1-scaled.png\" alt='S\u00e4ulendiagramm mit Zulassungsstatistik von gebrauchten Traktoren von 1. Quartal 2026 im Vergleich zum selben Zeitraum der zwei Jahre davor' title='Zulassungsstatstik-saeulendiagramm-gebrauchte-traktoren-2026-Q1'  height=\"869\" width=\"2560\"  itemprop=\"thumbnailUrl\" srcset=\"https:\/\/www.landwirt.com\/news\/wp-content\/uploads\/2026\/04\/Zulassungsstatstik-saeulendiagramm-gebrauchte-traktoren-2026-Q1-1-scaled.png 2560w, https:\/\/www.landwirt.com\/news\/wp-content\/uploads\/2026\/04\/Zulassungsstatstik-saeulendiagramm-gebrauchte-traktoren-2026-Q1-1-300x102.png 300w, https:\/\/www.landwirt.com\/news\/wp-content\/uploads\/2026\/04\/Zulassungsstatstik-saeulendiagramm-gebrauchte-traktoren-2026-Q1-1-1030x350.png 1030w, https:\/\/www.landwirt.com\/news\/wp-content\/uploads\/2026\/04\/Zulassungsstatstik-saeulendiagramm-gebrauchte-traktoren-2026-Q1-1-768x261.png 768w, https:\/\/www.landwirt.com\/news\/wp-content\/uploads\/2026\/04\/Zulassungsstatstik-saeulendiagramm-gebrauchte-traktoren-2026-Q1-1-1536x522.png 1536w, https:\/\/www.landwirt.com\/news\/wp-content\/uploads\/2026\/04\/Zulassungsstatstik-saeulendiagramm-gebrauchte-traktoren-2026-Q1-1-2048x695.png 2048w, https:\/\/www.landwirt.com\/news\/wp-content\/uploads\/2026\/04\/Zulassungsstatstik-saeulendiagramm-gebrauchte-traktoren-2026-Q1-1-1500x509.png 1500w, https:\/\/www.landwirt.com\/news\/wp-content\/uploads\/2026\/04\/Zulassungsstatstik-saeulendiagramm-gebrauchte-traktoren-2026-Q1-1-705x239.png 705w\" sizes=\"(max-width: 2560px) 100vw, 2560px\" \/><\/div><\/div><\/div>\n<div class='flex_column_table av-29iywuj-2a36ad5f80bc51237d59d50af6e9ae49 sc-av_one_half av-equal-height-column-flextable'>\n<style type=\"text\/css\" data-created_by=\"avia_inline_auto\" id=\"style-css-av-29iywuj-2a36ad5f80bc51237d59d50af6e9ae49\">\n.flex_column.av-29iywuj-2a36ad5f80bc51237d59d50af6e9ae49{\nwidth:48.5%;\nmargin-left:0;\n}\n#top .flex_column_table.av-equal-height-column-flextable.av-29iywuj-2a36ad5f80bc51237d59d50af6e9ae49 .av-flex-placeholder{\nwidth:3%;\n}\n<\/style>\n<div  class='flex_column av-29iywuj-2a36ad5f80bc51237d59d50af6e9ae49 av_one_half  avia-builder-el-26  el_after_av_image  el_before_av_one_half  first flex_column_table_cell av-equal-height-column av-align-middle  '     ><p>\n<style type=\"text\/css\" data-created_by=\"avia_inline_auto\" id=\"style-css-av-mnyhszdk-65916a067028d85b850429dacffb6545\">\n#top .av-special-heading.av-mnyhszdk-65916a067028d85b850429dacffb6545{\npadding-bottom:10px;\n}\nbody .av-special-heading.av-mnyhszdk-65916a067028d85b850429dacffb6545 .av-special-heading-tag .heading-char{\nfont-size:25px;\n}\n.av-special-heading.av-mnyhszdk-65916a067028d85b850429dacffb6545 .av-subheading{\nfont-size:15px;\n}\n<\/style>\n<div  class='av-special-heading av-mnyhszdk-65916a067028d85b850429dacffb6545 av-special-heading-h2 blockquote modern-quote  avia-builder-el-27  el_before_av_textblock  avia-builder-el-first '><h2 class='av-special-heading-tag '  itemprop=\"headline\"  >Herkunft der gebrauchten Traktoren<\/h2><div class=\"special-heading-border\"><div class=\"special-heading-inner-border\"><\/div><\/div><\/div><br \/>\n<section  class='av_textblock_section av-mnyhugx5-bcedfea0ea661fadfcbea21d9f5cfc5f '   itemscope=\"itemscope\" itemtype=\"https:\/\/schema.org\/BlogPosting\" itemprop=\"blogPost\" ><div class='avia_textblock'  itemprop=\"text\" ><p><span data-teams=\"true\">Im marktaktiven Segment der bis zu 20 Jahre alten Gebrauchttraktoren entfiel der Gro\u00dfteil der Zulassungen auf Maschinen ohne Eigenimport (1.463 Einheiten), also auf Traktoren, die nicht vom aktuellen Besitzer selbst aus dem Ausland eingef\u00fchrt wurden. Bei den Fahrzeugen mit ausgewiesener Importherkunft liegt Deutschland mit 353 Einheiten klar an der Spitze und bleibt damit der wichtigste Herkunftsmarkt f\u00fcr importierte Gebrauchtmaschinen.\u00a0<\/span><\/p>\n<\/div><\/section><\/p><\/div><div class='av-flex-placeholder'><\/div>\n<style type=\"text\/css\" data-created_by=\"avia_inline_auto\" id=\"style-css-av-17wwrqj-d9014b1e36c934805eff28b7f71da8ce\">\n.flex_column.av-17wwrqj-d9014b1e36c934805eff28b7f71da8ce{\nwidth:48.5%;\nmargin-left:0;\n}\n#top .flex_column_table.av-equal-height-column-flextable.av-17wwrqj-d9014b1e36c934805eff28b7f71da8ce .av-flex-placeholder{\nwidth:3%;\n}\n<\/style>\n<div  class='flex_column av-17wwrqj-d9014b1e36c934805eff28b7f71da8ce av_one_half  avia-builder-el-29  el_after_av_one_half  el_before_av_heading  flex_column_table_cell av-equal-height-column av-align-middle  '     ><style type=\"text\/css\" data-created_by=\"avia_inline_auto\" id=\"style-css-av-mojs4c5c-ad05c250e4d1b312bac9fc7c3bfb7299\">\n.avia-image-container.av-mojs4c5c-ad05c250e4d1b312bac9fc7c3bfb7299 img.avia_image{\nbox-shadow:none;\n}\n.avia-image-container.av-mojs4c5c-ad05c250e4d1b312bac9fc7c3bfb7299 .av-image-caption-overlay-center{\ncolor:#ffffff;\n}\n<\/style>\n<div  class='avia-image-container av-mojs4c5c-ad05c250e4d1b312bac9fc7c3bfb7299 av-styling- avia-align-center  avia-builder-el-30  avia-builder-el-no-sibling '   itemprop=\"image\" itemscope=\"itemscope\" itemtype=\"https:\/\/schema.org\/ImageObject\" ><div class=\"avia-image-container-inner\"><div class=\"avia-image-overlay-wrap\"><img decoding=\"async\" fetchpriority=\"high\" class='wp-image-22269 avia-img-lazy-loading-not-22269 avia_image ' src=\"https:\/\/www.landwirt.com\/news\/wp-content\/uploads\/2025\/04\/zulassungen-gebrauchte-traktoren-nach-Land-2026-Q1-1030x508.png\" alt='' title='zulassungen-gebrauchte-traktoren-nach-Land-2026-Q1'  height=\"508\" width=\"1030\"  itemprop=\"thumbnailUrl\" srcset=\"https:\/\/www.landwirt.com\/news\/wp-content\/uploads\/2025\/04\/zulassungen-gebrauchte-traktoren-nach-Land-2026-Q1-1030x508.png 1030w, https:\/\/www.landwirt.com\/news\/wp-content\/uploads\/2025\/04\/zulassungen-gebrauchte-traktoren-nach-Land-2026-Q1-300x148.png 300w, https:\/\/www.landwirt.com\/news\/wp-content\/uploads\/2025\/04\/zulassungen-gebrauchte-traktoren-nach-Land-2026-Q1-768x379.png 768w, https:\/\/www.landwirt.com\/news\/wp-content\/uploads\/2025\/04\/zulassungen-gebrauchte-traktoren-nach-Land-2026-Q1-1536x758.png 1536w, https:\/\/www.landwirt.com\/news\/wp-content\/uploads\/2025\/04\/zulassungen-gebrauchte-traktoren-nach-Land-2026-Q1-1500x740.png 1500w, https:\/\/www.landwirt.com\/news\/wp-content\/uploads\/2025\/04\/zulassungen-gebrauchte-traktoren-nach-Land-2026-Q1-705x348.png 705w, https:\/\/www.landwirt.com\/news\/wp-content\/uploads\/2025\/04\/zulassungen-gebrauchte-traktoren-nach-Land-2026-Q1.png 1911w\" sizes=\"(max-width: 1030px) 100vw, 1030px\" \/><\/div><\/div><\/div><\/div><\/div><!--close column table wrapper. Autoclose: 1 --><\/p>\n\n<style type=\"text\/css\" data-created_by=\"avia_inline_auto\" id=\"style-css-av-mnyhump5-9aee9811fd55b11aa0550202b7a63586\">\n#top .av-special-heading.av-mnyhump5-9aee9811fd55b11aa0550202b7a63586{\npadding-bottom:10px;\n}\nbody .av-special-heading.av-mnyhump5-9aee9811fd55b11aa0550202b7a63586 .av-special-heading-tag .heading-char{\nfont-size:25px;\n}\n.av-special-heading.av-mnyhump5-9aee9811fd55b11aa0550202b7a63586 .av-subheading{\nfont-size:15px;\n}\n<\/style>\n<div  class='av-special-heading av-mnyhump5-9aee9811fd55b11aa0550202b7a63586 av-special-heading-h2 blockquote modern-quote  avia-builder-el-31  el_after_av_one_half  el_before_av_textblock '><h2 class='av-special-heading-tag '  itemprop=\"headline\"  >Beliebte Modelle von gebrauchten Traktoren<\/h2><div class=\"special-heading-border\"><div class=\"special-heading-inner-border\"><\/div><\/div><\/div>\n<section  class='av_textblock_section av-mnyhvyi5-b3a49259151ca22b0a4a2877d9bb2c16 '   itemscope=\"itemscope\" itemtype=\"https:\/\/schema.org\/BlogPosting\" itemprop=\"blogPost\" ><div class='avia_textblock'  itemprop=\"text\" ><p>Bei den volumenst\u00e4rksten Modellen im Segment bis 20 Jahre lag der <strong><a href=\"https:\/\/www.landwirt.com\/suche?searchString=Fendt+724+Vario\">Fendt 724 Vario<\/a><\/strong> mit 28 Zulassungen an der Spitze. Dahinter folgen der <strong><a href=\"https:\/\/www.landwirt.com\/suche?searchString=Lindner+Geotrac+84\">Lindner Geotrac 84<\/a><\/strong> und der <strong><a href=\"https:\/\/www.landwirt.com\/suche?searchString=Fendt+718+Vario\">Fendt 718 Vario<\/a><\/strong> mit jeweils 22 Einheiten. Ebenfalls stark nachgefragt waren der <strong><a href=\"https:\/\/www.landwirt.com\/suche?searchString=Steyr+4075+Kompakt\">Steyr 4075 Kompakt<\/a><\/strong> und der <strong><a href=\"https:\/\/www.landwirt.com\/suche?searchString=Steyr+4095+Kompakt\">Steyr 4095 Kompakt<\/a><\/strong> mit jeweils 21 Zulassungen. Die Modellstatistik zeigt somit ein breites Bild aus Standardtraktoren der mittleren Leistungsklasse, mit einer starken Stellung von Fendt, Steyr und <a href=\"https:\/\/www.landwirt.com\/traktoren?xbrands=759\">Lindner<\/a>.<\/p>\n<\/div><\/section>\n\n<style type=\"text\/css\" data-created_by=\"avia_inline_auto\" id=\"style-css-av-mojxxloh-75aea3ee544d3651d73a0ac844158e73\">\n#top .hr.hr-invisible.av-mojxxloh-75aea3ee544d3651d73a0ac844158e73{\nheight:10px;\n}\n<\/style>\n<div  class='hr av-mojxxloh-75aea3ee544d3651d73a0ac844158e73 hr-invisible  avia-builder-el-33  el_after_av_textblock  el_before_av_section  avia-builder-el-last '><span class='hr-inner '><span class=\"hr-inner-style\"><\/span><\/span><\/div>\n<\/div><\/div><\/div><!-- close content main div --><\/div><\/div>\n<style type=\"text\/css\" data-created_by=\"avia_inline_auto\" id=\"style-css-av-mojxpb7b-e98867ce11fc2ad053dc3a2ee9d4532b\">\n.avia-section.av-mojxpb7b-e98867ce11fc2ad053dc3a2ee9d4532b{\nbackground-color:#e6f3ed;\nbackground-image:unset;\n}\n<\/style>\n<div id='av_section_1'  class='avia-section av-mojxpb7b-e98867ce11fc2ad053dc3a2ee9d4532b main_color avia-section-small avia-no-border-styling  avia-builder-el-34  el_after_av_hr  el_before_av_one_full  avia-bg-style-scroll container_wrap fullsize'  ><div class='container av-section-cont-open' ><div class='template-page content  av-content-full alpha units'><div class='post-entry post-entry-type-page post-entry-22219'><div class='entry-content-wrapper clearfix'>\n\n<style type=\"text\/css\" data-created_by=\"avia_inline_auto\" id=\"style-css-av-mojwgalx-09bcea017aa32953fb7805e8a47cf66a\">\n#top .av-special-heading.av-mojwgalx-09bcea017aa32953fb7805e8a47cf66a{\npadding-bottom:10px;\n}\nbody .av-special-heading.av-mojwgalx-09bcea017aa32953fb7805e8a47cf66a .av-special-heading-tag .heading-char{\nfont-size:25px;\n}\n.av-special-heading.av-mojwgalx-09bcea017aa32953fb7805e8a47cf66a .av-subheading{\nfont-size:17px;\n}\n<\/style>\n<div  class='av-special-heading av-mojwgalx-09bcea017aa32953fb7805e8a47cf66a av-special-heading-h3 blockquote modern-quote  avia-builder-el-35  el_before_av_textblock  avia-builder-el-first '><h3 class='av-special-heading-tag '  itemprop=\"headline\"  >Gebrauchte Traktoren im Vergleich zu Neuzulassungen<\/h3><div class=\"special-heading-border\"><div class=\"special-heading-inner-border\"><\/div><\/div><\/div>\n<section  class='av_textblock_section av-mojwpn50-50830aa072f01e3fbc29fa02562b9688 '   itemscope=\"itemscope\" itemtype=\"https:\/\/schema.org\/BlogPosting\" itemprop=\"blogPost\" ><div class='avia_textblock'  itemprop=\"text\" ><p>Im 1. Quartal 2026 zeigen sich im Vergleich zwischen neuen <a href=\"https:\/\/www.landwirt.com\/traktoren\/standard-traktoren\">Standardtraktoren <\/a>und gebrauchten Traktoren im Alter von bis zu zehn Jahren deutliche Verschiebungen in der Markenstruktur. Der wichtigste Unterschied zeigt sich an der Spitze: W\u00e4hrend Steyr den Neumarkt klar dominiert, ist der Markt bei den j\u00fcngeren Gebrauchten deutlich ausgeglichener. Auff\u00e4llig ist, dass von den betrachteten Marken nur Fendt bei den j\u00fcngeren Gebrauchten mehr Zulassungen verzeichnete als bei den neuen Standardtraktoren. Dadurch liegt Fendt dort nahezu auf Augenh\u00f6he mit Marktf\u00fchrer Steyr.<\/p>\n<p>Auch die Zusammensetzung der Top 5 ver\u00e4ndert sich: Claas und Lindner z\u00e4hlen bei den Neuzulassungen zu den st\u00e4rksten Marken, werden bei den gebrauchten Traktoren bis 10 Jahre jedoch durch John Deere und <a href=\"https:\/\/www.landwirt.com\/traktoren?xbrands=1294\">Valtra<\/a> ersetzt. John Deere hat allerdings in den vergangenen Jahren deutlich an Boden verloren. So lag die Marke bei den bis zehnj\u00e4hrigen Traktoren im 1. Quartal 2024 noch auf Rang 1, seit 2025 belegt sie jedoch Rang 3. Ebenso stand John Deere bei den neuen Standardtraktoren im 1. Quartal 2024 noch auf Rang 3 und belegt seit 2025 Rang 6.<\/p>\n<p>N\u00e4here Informationen zu den Zulassungsstatistiken der neuen Standardtraktoren im ersten Quartal 2026 siehe: <a href=\"https:\/\/www.landwirt.com\/news\/zulassungen-461-neue-standardtraktoren-im-maerz-2026-in-oesterreich\/\">Zulassungen: 461 neue Standardtraktoren im M\u00e4rz 2026 in \u00d6sterreich<\/a><\/p>\n<\/div><\/section>\n\n<style type=\"text\/css\" data-created_by=\"avia_inline_auto\" id=\"style-css-av-mojwztbc-ca8d331a4919bb4424322e5283579958\">\n#top .flex_column.av-mojwztbc-ca8d331a4919bb4424322e5283579958{\nmargin-top:0px;\nmargin-bottom:0px;\n}\n.flex_column.av-mojwztbc-ca8d331a4919bb4424322e5283579958{\nwidth:48.5%;\n}\n.responsive #top #wrap_all .flex_column.av-mojwztbc-ca8d331a4919bb4424322e5283579958{\nmargin-top:0px;\nmargin-bottom:0px;\n}\n<\/style>\n<div  class='flex_column av-mojwztbc-ca8d331a4919bb4424322e5283579958 av_one_half  avia-builder-el-37  el_after_av_textblock  el_before_av_one_half  first flex_column_div  column-top-margin'     ><style type=\"text\/css\" data-created_by=\"avia_inline_auto\" id=\"style-css-av-mojvu234-58c4080c2183cf22cf0f2b6ee82a3bfc\">\n.avia-image-container.av-mojvu234-58c4080c2183cf22cf0f2b6ee82a3bfc img.avia_image{\nbox-shadow:none;\n}\n.avia-image-container.av-mojvu234-58c4080c2183cf22cf0f2b6ee82a3bfc .av-image-caption-overlay-center{\ncolor:#ffffff;\n}\n<\/style>\n<div  class='avia-image-container av-mojvu234-58c4080c2183cf22cf0f2b6ee82a3bfc av-styling- avia-align-center  avia-builder-el-38  avia-builder-el-no-sibling '   itemprop=\"image\" itemscope=\"itemscope\" itemtype=\"https:\/\/schema.org\/ImageObject\" ><div class=\"avia-image-container-inner\"><div class=\"avia-image-overlay-wrap\"><img decoding=\"async\" fetchpriority=\"high\" class='wp-image-22316 avia-img-lazy-loading-not-22316 avia_image ' src=\"https:\/\/www.landwirt.com\/news\/wp-content\/uploads\/2025\/04\/Zulassungen-gebrauchte-traktoren-bis10jahre-5marken-2026-Q1-1-1030x1023.webp\" alt='' title='Zulassungen-gebrauchte-traktoren-bis10jahre-5marken-2026-Q1'  height=\"1023\" width=\"1030\"  itemprop=\"thumbnailUrl\" srcset=\"https:\/\/www.landwirt.com\/news\/wp-content\/uploads\/2025\/04\/Zulassungen-gebrauchte-traktoren-bis10jahre-5marken-2026-Q1-1-1030x1023.webp 1030w, https:\/\/www.landwirt.com\/news\/wp-content\/uploads\/2025\/04\/Zulassungen-gebrauchte-traktoren-bis10jahre-5marken-2026-Q1-1-300x298.webp 300w, https:\/\/www.landwirt.com\/news\/wp-content\/uploads\/2025\/04\/Zulassungen-gebrauchte-traktoren-bis10jahre-5marken-2026-Q1-1-80x80.webp 80w, https:\/\/www.landwirt.com\/news\/wp-content\/uploads\/2025\/04\/Zulassungen-gebrauchte-traktoren-bis10jahre-5marken-2026-Q1-1-768x763.webp 768w, https:\/\/www.landwirt.com\/news\/wp-content\/uploads\/2025\/04\/Zulassungen-gebrauchte-traktoren-bis10jahre-5marken-2026-Q1-1-36x36.webp 36w, https:\/\/www.landwirt.com\/news\/wp-content\/uploads\/2025\/04\/Zulassungen-gebrauchte-traktoren-bis10jahre-5marken-2026-Q1-1-180x180.webp 180w, https:\/\/www.landwirt.com\/news\/wp-content\/uploads\/2025\/04\/Zulassungen-gebrauchte-traktoren-bis10jahre-5marken-2026-Q1-1-705x700.webp 705w, https:\/\/www.landwirt.com\/news\/wp-content\/uploads\/2025\/04\/Zulassungen-gebrauchte-traktoren-bis10jahre-5marken-2026-Q1-1.webp 1480w\" sizes=\"(max-width: 1030px) 100vw, 1030px\" \/><\/div><\/div><\/div><\/div>\n<style type=\"text\/css\" data-created_by=\"avia_inline_auto\" id=\"style-css-av-1l5v4gb-fa0e80a3e98ab0b682da38e1ee26eff8\">\n#top .flex_column.av-1l5v4gb-fa0e80a3e98ab0b682da38e1ee26eff8{\nmargin-top:0px;\nmargin-bottom:0px;\n}\n.flex_column.av-1l5v4gb-fa0e80a3e98ab0b682da38e1ee26eff8{\nwidth:48.5%;\nmargin-left:3%;\n}\n.responsive #top #wrap_all .flex_column.av-1l5v4gb-fa0e80a3e98ab0b682da38e1ee26eff8{\nmargin-top:0px;\nmargin-bottom:0px;\n}\n<\/style>\n<div  class='flex_column av-1l5v4gb-fa0e80a3e98ab0b682da38e1ee26eff8 av_one_half  avia-builder-el-39  el_after_av_one_half  el_before_av_hr  flex_column_div  column-top-margin'     ><style type=\"text\/css\" data-created_by=\"avia_inline_auto\" id=\"style-css-av-mok0bbn4-a59af0ad25b232435581aa74ef163fcf\">\n.avia-image-container.av-mok0bbn4-a59af0ad25b232435581aa74ef163fcf img.avia_image{\nbox-shadow:none;\n}\n.avia-image-container.av-mok0bbn4-a59af0ad25b232435581aa74ef163fcf .av-image-caption-overlay-center{\ncolor:#ffffff;\n}\n<\/style>\n<div  class='avia-image-container av-mok0bbn4-a59af0ad25b232435581aa74ef163fcf av-styling- avia-align-center  avia-builder-el-40  avia-builder-el-no-sibling '   itemprop=\"image\" itemscope=\"itemscope\" itemtype=\"https:\/\/schema.org\/ImageObject\" ><div class=\"avia-image-container-inner\"><div class=\"avia-image-overlay-wrap\"><img decoding=\"async\" fetchpriority=\"high\" class='wp-image-22319 avia-img-lazy-loading-not-22319 avia_image ' src=\"https:\/\/www.landwirt.com\/news\/wp-content\/uploads\/2025\/04\/Zulassungen-neue-standardtraktoren-top5marken-2026-03-1-1030x1023.webp\" alt='' title='Zulassungen-neue-standardtraktoren-top5marken-2026-03'  height=\"1023\" width=\"1030\"  itemprop=\"thumbnailUrl\" srcset=\"https:\/\/www.landwirt.com\/news\/wp-content\/uploads\/2025\/04\/Zulassungen-neue-standardtraktoren-top5marken-2026-03-1-1030x1023.webp 1030w, https:\/\/www.landwirt.com\/news\/wp-content\/uploads\/2025\/04\/Zulassungen-neue-standardtraktoren-top5marken-2026-03-1-300x298.webp 300w, https:\/\/www.landwirt.com\/news\/wp-content\/uploads\/2025\/04\/Zulassungen-neue-standardtraktoren-top5marken-2026-03-1-80x80.webp 80w, https:\/\/www.landwirt.com\/news\/wp-content\/uploads\/2025\/04\/Zulassungen-neue-standardtraktoren-top5marken-2026-03-1-768x763.webp 768w, https:\/\/www.landwirt.com\/news\/wp-content\/uploads\/2025\/04\/Zulassungen-neue-standardtraktoren-top5marken-2026-03-1-36x36.webp 36w, https:\/\/www.landwirt.com\/news\/wp-content\/uploads\/2025\/04\/Zulassungen-neue-standardtraktoren-top5marken-2026-03-1-180x180.webp 180w, https:\/\/www.landwirt.com\/news\/wp-content\/uploads\/2025\/04\/Zulassungen-neue-standardtraktoren-top5marken-2026-03-1-705x700.webp 705w, https:\/\/www.landwirt.com\/news\/wp-content\/uploads\/2025\/04\/Zulassungen-neue-standardtraktoren-top5marken-2026-03-1.webp 1480w\" sizes=\"(max-width: 1030px) 100vw, 1030px\" \/><\/div><\/div><\/div><\/div>\n<style type=\"text\/css\" data-created_by=\"avia_inline_auto\" id=\"style-css-av-mojxzak2-5f7f53c8e66e0978c7757e3d717d6f1b\">\n#top .hr.hr-invisible.av-mojxzak2-5f7f53c8e66e0978c7757e3d717d6f1b{\nheight:30px;\n}\n<\/style>\n<div  class='hr av-mojxzak2-5f7f53c8e66e0978c7757e3d717d6f1b hr-invisible  avia-builder-el-41  el_after_av_one_half  avia-builder-el-last '><span class='hr-inner '><span class=\"hr-inner-style\"><\/span><\/span><\/div>\n<\/div><\/div><\/div><!-- close content main div --><\/div><\/div><div id='after_section_1'  class='main_color av_default_container_wrap container_wrap fullsize'  ><div class='container av-section-cont-open' ><div class='template-page content  av-content-full alpha units'><div class='post-entry post-entry-type-page post-entry-22219'><div class='entry-content-wrapper clearfix'><div  class='flex_column av-18o4a2z-3b5e9a3ba126800ca6e566b2f99b434d av_one_full  avia-builder-el-42  el_after_av_section  el_before_av_one_full  avia-builder-el-first  first flex_column_div  '     ><p>\n<style type=\"text\/css\" data-created_by=\"avia_inline_auto\" id=\"style-css-av-rm1sqz-8cd3e913b1e344e822d735c4965ae0c1\">\n#top .av-special-heading.av-rm1sqz-8cd3e913b1e344e822d735c4965ae0c1{\npadding-bottom:10px;\n}\nbody .av-special-heading.av-rm1sqz-8cd3e913b1e344e822d735c4965ae0c1 .av-special-heading-tag .heading-char{\nfont-size:25px;\n}\n.av-special-heading.av-rm1sqz-8cd3e913b1e344e822d735c4965ae0c1 .av-subheading{\nfont-size:15px;\n}\n<\/style>\n<div  class='av-special-heading av-rm1sqz-8cd3e913b1e344e822d735c4965ae0c1 av-special-heading-h2 blockquote modern-quote  avia-builder-el-43  el_before_av_textblock  avia-builder-el-first '><h2 class='av-special-heading-tag '  itemprop=\"headline\"  >Fazit<\/h2><div class=\"special-heading-border\"><div class=\"special-heading-inner-border\"><\/div><\/div><\/div><br \/>\n<section  class='av_textblock_section av-mok1e9g7-e1c482a1b0ed5e2b4a2d56431a4685d9 '   itemscope=\"itemscope\" itemtype=\"https:\/\/schema.org\/BlogPosting\" itemprop=\"blogPost\" ><div class='avia_textblock'  itemprop=\"text\" ><p>Im 1. Quartal 2026 blieb der Gebrauchttraktorenmarkt in \u00d6sterreich unter dem sehr starken Vorjahresniveau, zeigte im Monatsverlauf aber eine schrittweise Ann\u00e4herung. Oldtimer dominieren zwar mengenm\u00e4\u00dfig, f\u00fcr die wirtschaftliche Marktbetrachtung fallen jedoch die Maschinen <a href=\"https:\/\/www.landwirt.com\/traktoren?year=2006,2026\">bis 20 Jahre<\/a> st\u00e4rker ins Gewicht. Ein klarer Zusammenhang zwischen Alter und durchschnittlicher Motorleistung ist erkennbar \u2013 je j\u00fcnger die Traktoren, desto st\u00e4rker die Modelle. Steyr behauptet die F\u00fchrung, Fendt und New Holland legen leicht zu, und bei den Importen gewinnt Deutschland weiter an Bedeutung.<\/p>\n<\/div><\/section><br \/>\n<section  class='av_textblock_section av-mok12iju-4ba4ac4136938dfef09aa60260d6c485 '   itemscope=\"itemscope\" itemtype=\"https:\/\/schema.org\/BlogPosting\" itemprop=\"blogPost\" ><div class='avia_textblock'  itemprop=\"text\" ><p>Ver\u00f6ffentlicht am 29.4.2026; redaktionell aufbereitet von Edith Winter<\/p>\n<p><em>Quelle: Statistik Austria \/ Erstellt CLUB LANDTECHNIK AUSTRIA<\/em><\/p>\n<\/div><\/section><\/p><\/div><div  class='flex_column av-zalmsu-ed5c63ea24cef26db830f87e82f6ba92 av_one_full  avia-builder-el-46  el_after_av_one_full  avia-builder-el-last  first flex_column_div  column-top-margin'     ><p>\n<style type=\"text\/css\" data-created_by=\"avia_inline_auto\" id=\"style-css-av-mu834e-c3a9baa6554e332a0e9fe466b47857c2\">\n#top .av-special-heading.av-mu834e-c3a9baa6554e332a0e9fe466b47857c2{\npadding-bottom:10px;\n}\nbody .av-special-heading.av-mu834e-c3a9baa6554e332a0e9fe466b47857c2 .av-special-heading-tag .heading-char{\nfont-size:25px;\n}\n.av-special-heading.av-mu834e-c3a9baa6554e332a0e9fe466b47857c2 .av-subheading{\nfont-size:15px;\n}\n<\/style>\n<div  class='av-special-heading av-mu834e-c3a9baa6554e332a0e9fe466b47857c2 av-special-heading-h3  avia-builder-el-47  el_before_av_blog  avia-builder-el-first '><h3 class='av-special-heading-tag '  itemprop=\"headline\"  >Das k\u00f6nnte Sie auch interessieren<\/h3><div class=\"special-heading-border\"><div class=\"special-heading-inner-border\"><\/div><\/div><\/div><br \/>\n<div  data-slideshow-options=\"{&quot;animation&quot;:&quot;fade&quot;,&quot;autoplay&quot;:false,&quot;loop_autoplay&quot;:&quot;once&quot;,&quot;interval&quot;:5,&quot;loop_manual&quot;:&quot;manual-endless&quot;,&quot;autoplay_stopper&quot;:false,&quot;noNavigation&quot;:false,&quot;show_slide_delay&quot;:90}\" class='avia-content-slider avia-content-grid-active avia-content-slider1 avia-content-slider-even  avia-builder-el-48  el_after_av_heading  avia-builder-el-last  av-slideshow-ui av-control-default   av-no-slider-navigation av-slideshow-manual av-loop-once av-loop-manual-endless '  itemscope=\"itemscope\" itemtype=\"https:\/\/schema.org\/Blog\" ><div class=\"avia-content-slider-inner\"><div class=\"slide-entry-wrap\"><article class='slide-entry flex_column  post-entry post-entry-21903 slide-entry-overview slide-loop-1 slide-parity-odd  av_one_fourth first real-thumbnail posttype-post post-format-standard'  itemscope=\"itemscope\" itemtype=\"https:\/\/schema.org\/BlogPosting\" itemprop=\"blogPost\" ><a href='https:\/\/www.landwirt.com\/news\/zulassungen-461-neue-standardtraktoren-im-maerz-2026-in-oesterreich\/' data-rel='slide-1' class='slide-image' title='Zulassungen: 461 neue Standardtraktoren im M\u00e4rz 2026 in \u00d6sterreich'><img decoding=\"async\" fetchpriority=\"high\" width=\"340\" height=\"215\" src=\"https:\/\/www.landwirt.com\/news\/wp-content\/uploads\/2026\/04\/wp_vorschau_zulassungen2026-03.webp\" class=\"wp-image-21950 avia-img-lazy-loading-not-21950 attachment-portfolio size-portfolio wp-post-image\" alt=\"Titelbild: Zulassungsstatistik neue Standardtraktoren J\u00e4nner-M\u00e4rz 2026\" srcset=\"https:\/\/www.landwirt.com\/news\/wp-content\/uploads\/2026\/04\/wp_vorschau_zulassungen2026-03.webp 340w, https:\/\/www.landwirt.com\/news\/wp-content\/uploads\/2026\/04\/wp_vorschau_zulassungen2026-03-300x190.webp 300w\" sizes=\"(max-width: 340px) 100vw, 340px\" \/><\/a><div class=\"slide-content\"><header class=\"entry-content-header\" aria-label=\"Slide: Zulassungen: 461 neue Standardtraktoren im M\u00e4rz 2026 in \u00d6sterreich\"><h3 class='slide-entry-title entry-title '  itemprop=\"headline\" ><a href='https:\/\/www.landwirt.com\/news\/zulassungen-461-neue-standardtraktoren-im-maerz-2026-in-oesterreich\/' title='Zulassungen: 461 neue Standardtraktoren im M\u00e4rz 2026 in \u00d6sterreich'>Zulassungen: 461 neue Standardtraktoren im M\u00e4rz 2026 in \u00d6sterreich<\/a><\/h3><span class=\"av-vertical-delimiter\"><\/span><\/header><div class=\"slide-meta\"><time class='slide-meta-time updated'  itemprop=\"datePublished\" datetime=\"2026-04-14T13:28:00+02:00\" >14. April 2026<\/time><\/div><div class='slide-entry-excerpt entry-content'  itemprop=\"text\" >Im M\u00e4rz 2026 wurden in \u00d6sterreich 461 neue Standardtraktoren zugelassen. Das waren um 45 Maschinen bzw. 10,8 Prozent mehr als im M\u00e4rz 2025 mit 416 Zulassungen. Auch in der Summe des ersten Quartals zeigt der Markt nach oben.<\/div><\/div><footer class=\"entry-footer\"><\/footer><span class='hidden'>\n\t\t\t\t<span class='av-structured-data'  itemprop=\"image\" itemscope=\"itemscope\" itemtype=\"https:\/\/schema.org\/ImageObject\" >\n\t\t\t\t\t\t<span itemprop='url'>https:\/\/www.landwirt.com\/news\/wp-content\/uploads\/2026\/04\/wp_vorschau_zulassungen2026-03.webp<\/span>\n\t\t\t\t\t\t<span itemprop='height'>215<\/span>\n\t\t\t\t\t\t<span itemprop='width'>340<\/span>\n\t\t\t\t<\/span>\n\t\t\t\t<span class='av-structured-data'  itemprop=\"publisher\" itemtype=\"https:\/\/schema.org\/Organization\" itemscope=\"itemscope\" >\n\t\t\t\t\t\t<span itemprop='name'>Edith Winter<\/span>\n\t\t\t\t\t\t<span itemprop='logo' itemscope itemtype='https:\/\/schema.org\/ImageObject'>\n\t\t\t\t\t\t\t<span itemprop='url'>https:\/\/www.landwirt.com\/news\/wp-content\/uploads\/2026\/01\/landwirt.com-news.webp<\/span>\n\t\t\t\t\t\t<\/span>\n\t\t\t\t<\/span><span class='av-structured-data'  itemprop=\"author\" itemscope=\"itemscope\" itemtype=\"https:\/\/schema.org\/Person\" ><span itemprop='name'>Edith Winter<\/span><\/span><span class='av-structured-data'  itemprop=\"datePublished\" datetime=\"2026-04-29T10:42:00+02:00\" >2026-04-14 13:28:00<\/span><span class='av-structured-data'  itemprop=\"dateModified\" itemtype=\"https:\/\/schema.org\/dateModified\" >2026-04-30 14:01:14<\/span><span class='av-structured-data'  itemprop=\"mainEntityOfPage\" itemtype=\"https:\/\/schema.org\/mainEntityOfPage\" ><span itemprop='name'>Zulassungen: 461 neue Standardtraktoren im M\u00e4rz 2026 in \u00d6sterreich<\/span><\/span><\/span><\/article><article class='slide-entry flex_column  post-entry post-entry-21359 slide-entry-overview slide-loop-2 slide-parity-even  av_one_fourth  real-thumbnail posttype-post post-format-standard'  itemscope=\"itemscope\" itemtype=\"https:\/\/schema.org\/BlogPosting\" itemprop=\"blogPost\" ><a href='https:\/\/www.landwirt.com\/news\/zulassungsstatistik-neuer-standardtraktoren-februar-2026-leicht-unter-vorjahresniveau\/' data-rel='slide-1' class='slide-image' title='Zulassungsstatistik neuer Standardtraktoren: Februar 2026 leicht unter Vorjahresniveau'><img decoding=\"async\" fetchpriority=\"high\" width=\"340\" height=\"215\" src=\"https:\/\/www.landwirt.com\/news\/wp-content\/uploads\/2026\/03\/wp_vorschau_zulassungen2026-02.webp\" class=\"wp-image-21450 avia-img-lazy-loading-not-21450 attachment-portfolio size-portfolio wp-post-image\" alt=\"Titelbild: Zulassungsstatistik neue Standardtraktoren J\u00e4nner-Februar 2026\" srcset=\"https:\/\/www.landwirt.com\/news\/wp-content\/uploads\/2026\/03\/wp_vorschau_zulassungen2026-02.webp 340w, https:\/\/www.landwirt.com\/news\/wp-content\/uploads\/2026\/03\/wp_vorschau_zulassungen2026-02-300x190.webp 300w\" sizes=\"(max-width: 340px) 100vw, 340px\" \/><\/a><div class=\"slide-content\"><header class=\"entry-content-header\" aria-label=\"Slide: Zulassungsstatistik neuer Standardtraktoren: Februar 2026 leicht unter Vorjahresniveau\"><h3 class='slide-entry-title entry-title '  itemprop=\"headline\" ><a href='https:\/\/www.landwirt.com\/news\/zulassungsstatistik-neuer-standardtraktoren-februar-2026-leicht-unter-vorjahresniveau\/' title='Zulassungsstatistik neuer Standardtraktoren: Februar 2026 leicht unter Vorjahresniveau'>Zulassungsstatistik neuer Standardtraktoren: Februar 2026 leicht unter Vorjahresniveau<\/a><\/h3><span class=\"av-vertical-delimiter\"><\/span><\/header><div class=\"slide-meta\"><time class='slide-meta-time updated'  itemprop=\"datePublished\" datetime=\"2026-03-12T10:46:00+01:00\" >12. M\u00e4rz 2026<\/time><\/div><div class='slide-entry-excerpt entry-content'  itemprop=\"text\" >Im J\u00e4nner wurden 255 und im Februar 254 neue Standardtraktoren zugelassen. Insgesamt liegen die Neuzulassungen in den ersten beiden Monaten damit um 2,8 % \u00fcber dem Niveau von J\u00e4nner und Februar 2025.<\/div><\/div><footer class=\"entry-footer\"><\/footer><span class='hidden'>\n\t\t\t\t<span class='av-structured-data'  itemprop=\"image\" itemscope=\"itemscope\" itemtype=\"https:\/\/schema.org\/ImageObject\" >\n\t\t\t\t\t\t<span itemprop='url'>https:\/\/www.landwirt.com\/news\/wp-content\/uploads\/2026\/03\/wp_vorschau_zulassungen2026-02.webp<\/span>\n\t\t\t\t\t\t<span itemprop='height'>215<\/span>\n\t\t\t\t\t\t<span itemprop='width'>340<\/span>\n\t\t\t\t<\/span>\n\t\t\t\t<span class='av-structured-data'  itemprop=\"publisher\" itemtype=\"https:\/\/schema.org\/Organization\" itemscope=\"itemscope\" >\n\t\t\t\t\t\t<span itemprop='name'>Edith Winter<\/span>\n\t\t\t\t\t\t<span itemprop='logo' itemscope itemtype='https:\/\/schema.org\/ImageObject'>\n\t\t\t\t\t\t\t<span itemprop='url'>https:\/\/www.landwirt.com\/news\/wp-content\/uploads\/2026\/01\/landwirt.com-news.webp<\/span>\n\t\t\t\t\t\t<\/span>\n\t\t\t\t<\/span><span class='av-structured-data'  itemprop=\"author\" itemscope=\"itemscope\" itemtype=\"https:\/\/schema.org\/Person\" ><span itemprop='name'>Edith Winter<\/span><\/span><span class='av-structured-data'  itemprop=\"datePublished\" datetime=\"2026-04-29T10:42:00+02:00\" >2026-03-12 10:46:00<\/span><span class='av-structured-data'  itemprop=\"dateModified\" itemtype=\"https:\/\/schema.org\/dateModified\" >2026-03-13 11:24:40<\/span><span class='av-structured-data'  itemprop=\"mainEntityOfPage\" itemtype=\"https:\/\/schema.org\/mainEntityOfPage\" ><span itemprop='name'>Zulassungsstatistik neuer Standardtraktoren: Februar 2026 leicht unter Vorjahresniveau<\/span><\/span><\/span><\/article><article class='slide-entry flex_column  post-entry post-entry-20474 slide-entry-overview slide-loop-3 slide-parity-odd  av_one_fourth  real-thumbnail posttype-post post-format-standard'  itemscope=\"itemscope\" itemtype=\"https:\/\/schema.org\/BlogPosting\" itemprop=\"blogPost\" ><a href='https:\/\/www.landwirt.com\/news\/insgesamt-20-400-gebrauchte-traktoren-im-jahr-2025-neu-zugelassen\/' data-rel='slide-1' class='slide-image' title='Insgesamt 20.400 gebrauchte Traktoren im Jahr 2025 neu zugelassen'><img decoding=\"async\" fetchpriority=\"high\" width=\"340\" height=\"215\" src=\"https:\/\/www.landwirt.com\/news\/wp-content\/uploads\/2026\/02\/wp_vorschau_zulassungen-gebrauchte-20242025.webp\" class=\"wp-image-20624 avia-img-lazy-loading-not-20624 attachment-portfolio size-portfolio wp-post-image\" alt=\"Titelbild: Zulassungen gebrauchte Traktoren 2024 &amp; 2025\" srcset=\"https:\/\/www.landwirt.com\/news\/wp-content\/uploads\/2026\/02\/wp_vorschau_zulassungen-gebrauchte-20242025.webp 340w, https:\/\/www.landwirt.com\/news\/wp-content\/uploads\/2026\/02\/wp_vorschau_zulassungen-gebrauchte-20242025-300x190.webp 300w\" sizes=\"(max-width: 340px) 100vw, 340px\" \/><\/a><div class=\"slide-content\"><header class=\"entry-content-header\" aria-label=\"Slide: Insgesamt 20.400 gebrauchte Traktoren im Jahr 2025 neu zugelassen\"><h3 class='slide-entry-title entry-title '  itemprop=\"headline\" ><a href='https:\/\/www.landwirt.com\/news\/insgesamt-20-400-gebrauchte-traktoren-im-jahr-2025-neu-zugelassen\/' title='Insgesamt 20.400 gebrauchte Traktoren im Jahr 2025 neu zugelassen'>Insgesamt 20.400 gebrauchte Traktoren im Jahr 2025 neu zugelassen<\/a><\/h3><span class=\"av-vertical-delimiter\"><\/span><\/header><div class=\"slide-meta\"><time class='slide-meta-time updated'  itemprop=\"datePublished\" datetime=\"2026-02-17T18:44:44+01:00\" >17. Feber 2026<\/time><\/div><div class='slide-entry-excerpt entry-content'  itemprop=\"text\" >Die Zulassungen gebrauchter Traktoren stiegen im Vergleich zum Vorjahr um 9,0%.\u00a0Das Leistungssegment 50\u2013150 PS bleibt das tragende Marktsegment. Steyr, Fendt und John Deere f\u00fchren die Markenstatistik an.<\/div><\/div><footer class=\"entry-footer\"><\/footer><span class='hidden'>\n\t\t\t\t<span class='av-structured-data'  itemprop=\"image\" itemscope=\"itemscope\" itemtype=\"https:\/\/schema.org\/ImageObject\" >\n\t\t\t\t\t\t<span itemprop='url'>https:\/\/www.landwirt.com\/news\/wp-content\/uploads\/2026\/02\/wp_vorschau_zulassungen-gebrauchte-20242025.webp<\/span>\n\t\t\t\t\t\t<span itemprop='height'>215<\/span>\n\t\t\t\t\t\t<span itemprop='width'>340<\/span>\n\t\t\t\t<\/span>\n\t\t\t\t<span class='av-structured-data'  itemprop=\"publisher\" itemtype=\"https:\/\/schema.org\/Organization\" itemscope=\"itemscope\" >\n\t\t\t\t\t\t<span itemprop='name'>Edith Winter<\/span>\n\t\t\t\t\t\t<span itemprop='logo' itemscope itemtype='https:\/\/schema.org\/ImageObject'>\n\t\t\t\t\t\t\t<span itemprop='url'>https:\/\/www.landwirt.com\/news\/wp-content\/uploads\/2026\/01\/landwirt.com-news.webp<\/span>\n\t\t\t\t\t\t<\/span>\n\t\t\t\t<\/span><span class='av-structured-data'  itemprop=\"author\" itemscope=\"itemscope\" itemtype=\"https:\/\/schema.org\/Person\" ><span itemprop='name'>Edith Winter<\/span><\/span><span class='av-structured-data'  itemprop=\"datePublished\" datetime=\"2026-04-29T10:42:00+02:00\" >2026-02-17 18:44:44<\/span><span class='av-structured-data'  itemprop=\"dateModified\" itemtype=\"https:\/\/schema.org\/dateModified\" >2026-02-18 12:59:31<\/span><span class='av-structured-data'  itemprop=\"mainEntityOfPage\" itemtype=\"https:\/\/schema.org\/mainEntityOfPage\" ><span itemprop='name'>Insgesamt 20.400 gebrauchte Traktoren im Jahr 2025 neu zugelassen<\/span><\/span><\/span><\/article><article class='slide-entry flex_column  post-entry post-entry-20411 slide-entry-overview slide-loop-4 slide-parity-even  post-entry-last  av_one_fourth  real-thumbnail posttype-post post-format-standard'  itemscope=\"itemscope\" itemtype=\"https:\/\/schema.org\/BlogPosting\" itemprop=\"blogPost\" ><a href='https:\/\/www.landwirt.com\/news\/zulassungsstatistik-standardtraktoren-oesterreich-markt-legt-im-jaenner-2026-um-76-zu\/' data-rel='slide-1' class='slide-image' title='Zulassungsstatistik Standardtraktoren \u00d6sterreich: Markt legt im J\u00e4nner 2026 um 7,6 % zu'><img decoding=\"async\" fetchpriority=\"high\" width=\"340\" height=\"215\" src=\"https:\/\/www.landwirt.com\/news\/wp-content\/uploads\/2026\/02\/wp_vorschau_zulassungen2026-01.webp\" class=\"wp-image-20443 avia-img-lazy-loading-not-20443 attachment-portfolio size-portfolio wp-post-image\" alt=\"Titelbild: Traktorenzulassungen J\u00e4nner 2026\" srcset=\"https:\/\/www.landwirt.com\/news\/wp-content\/uploads\/2026\/02\/wp_vorschau_zulassungen2026-01.webp 340w, https:\/\/www.landwirt.com\/news\/wp-content\/uploads\/2026\/02\/wp_vorschau_zulassungen2026-01-300x190.webp 300w\" sizes=\"(max-width: 340px) 100vw, 340px\" \/><\/a><div class=\"slide-content\"><header class=\"entry-content-header\" aria-label=\"Slide: Zulassungsstatistik Standardtraktoren \u00d6sterreich: Markt legt im J\u00e4nner 2026 um 7,6 % zu\"><h3 class='slide-entry-title entry-title '  itemprop=\"headline\" ><a href='https:\/\/www.landwirt.com\/news\/zulassungsstatistik-standardtraktoren-oesterreich-markt-legt-im-jaenner-2026-um-76-zu\/' title='Zulassungsstatistik Standardtraktoren \u00d6sterreich: Markt legt im J\u00e4nner 2026 um 7,6 % zu'>Zulassungsstatistik Standardtraktoren \u00d6sterreich: Markt legt im J\u00e4nner 2026 um 7,6 % zu<\/a><\/h3><span class=\"av-vertical-delimiter\"><\/span><\/header><div class=\"slide-meta\"><time class='slide-meta-time updated'  itemprop=\"datePublished\" datetime=\"2026-02-11T12:01:01+01:00\" >11. Feber 2026<\/time><\/div><div class='slide-entry-excerpt entry-content'  itemprop=\"text\" >Damit zeigt sich erstmals seit fast zwei Jahren wieder ein merklicher Aufw\u00e4rtstrend. Gleichzeitig kommt es zu deutlichen Verschiebungen bei den Marktanteilen innerhalb der f\u00fchrenden Marken.<\/div><\/div><footer class=\"entry-footer\"><\/footer><span class='hidden'>\n\t\t\t\t<span class='av-structured-data'  itemprop=\"image\" itemscope=\"itemscope\" itemtype=\"https:\/\/schema.org\/ImageObject\" >\n\t\t\t\t\t\t<span itemprop='url'>https:\/\/www.landwirt.com\/news\/wp-content\/uploads\/2026\/02\/wp_vorschau_zulassungen2026-01.webp<\/span>\n\t\t\t\t\t\t<span itemprop='height'>215<\/span>\n\t\t\t\t\t\t<span itemprop='width'>340<\/span>\n\t\t\t\t<\/span>\n\t\t\t\t<span class='av-structured-data'  itemprop=\"publisher\" itemtype=\"https:\/\/schema.org\/Organization\" itemscope=\"itemscope\" >\n\t\t\t\t\t\t<span itemprop='name'>Edith Winter<\/span>\n\t\t\t\t\t\t<span itemprop='logo' itemscope itemtype='https:\/\/schema.org\/ImageObject'>\n\t\t\t\t\t\t\t<span itemprop='url'>https:\/\/www.landwirt.com\/news\/wp-content\/uploads\/2026\/01\/landwirt.com-news.webp<\/span>\n\t\t\t\t\t\t<\/span>\n\t\t\t\t<\/span><span class='av-structured-data'  itemprop=\"author\" itemscope=\"itemscope\" itemtype=\"https:\/\/schema.org\/Person\" ><span itemprop='name'>Edith Winter<\/span><\/span><span class='av-structured-data'  itemprop=\"datePublished\" datetime=\"2026-04-29T10:42:00+02:00\" >2026-02-11 12:01:01<\/span><span class='av-structured-data'  itemprop=\"dateModified\" itemtype=\"https:\/\/schema.org\/dateModified\" >2026-02-18 10:19:09<\/span><span class='av-structured-data'  itemprop=\"mainEntityOfPage\" itemtype=\"https:\/\/schema.org\/mainEntityOfPage\" ><span itemprop='name'>Zulassungsstatistik Standardtraktoren \u00d6sterreich: Markt legt im J\u00e4nner 2026 um 7,6 % zu<\/span><\/span><\/span><\/article><\/div><\/div><\/div><\/p><\/div><\/p>\n","protected":false},"excerpt":{"rendered":"<p>Im 1. Quartal 2026 blieb der Gebrauchttraktorenmarkt in \u00d6sterreich 8,1% unter dem sehr starken Vorjahresniveau, zeigte im Monatsverlauf aber eine schrittweise Ann\u00e4herung.<\/p>\n","protected":false},"author":15,"featured_media":22255,"comment_status":"closed","ping_status":"closed","sticky":false,"template":"","format":"standard","meta":{"footnotes":""},"categories":[15,341,1,483,14],"tags":[54],"class_list":["post-22219","post","type-post","status-publish","format-standard","has-post-thumbnail","hentry","category-landwirt","category-top","category-werbung","category-werbung-top","category-zulassungsstatistik","tag-zulassungsstatistik"],"yoast_head":"<!-- This site is optimized with the Yoast SEO plugin v27.5 - https:\/\/yoast.com\/product\/yoast-seo-wordpress\/ -->\n<title>Gebrauchte Traktoren: 4.855 Zulassungen im 1. Quartal 2026 in \u00d6sterreich - Landwirt.com News<\/title>\n<meta name=\"description\" content=\"Im 1. Quartal 2026 blieb der Gebrauchttraktorenmarkt in \u00d6sterreich 8,1% unter dem sehr starken Vorjahresniveau, zeigte im Monatsverlauf aber eine schrittweise Ann\u00e4herung.\" \/>\n<meta name=\"robots\" content=\"index, follow, max-snippet:-1, max-image-preview:large, max-video-preview:-1\" \/>\n<meta property=\"og:locale\" content=\"de_DE\" \/>\n<meta property=\"og:type\" content=\"article\" \/>\n<meta property=\"og:title\" content=\"Gebrauchte Traktoren: 4.855 Zulassungen im 1. Quartal 2026 in \u00d6sterreich - Landwirt.com News\" \/>\n<meta property=\"og:description\" content=\"Im 1. Quartal 2026 blieb der Gebrauchttraktorenmarkt in \u00d6sterreich 8,1% unter dem sehr starken Vorjahresniveau, zeigte im Monatsverlauf aber eine schrittweise Ann\u00e4herung.\" \/>\n<meta property=\"og:url\" content=\"https:\/\/www.landwirt.com\/news\/gebrauchte-traktoren-4-855-zulassungen-im-1-quartal-2026\/\" \/>\n<meta property=\"og:site_name\" content=\"Landwirt.com News\" \/>\n<meta property=\"article:published_time\" content=\"2026-04-29T08:42:00+00:00\" \/>\n<meta property=\"article:modified_time\" content=\"2026-04-30T12:00:45+00:00\" \/>\n<meta property=\"og:image\" content=\"https:\/\/www.landwirt.com\/news\/wp-content\/uploads\/2026\/04\/wp_vorschau_zulassungen_gebrauchte-2026-q1.webp\" \/>\n\t<meta property=\"og:image:width\" content=\"340\" \/>\n\t<meta property=\"og:image:height\" content=\"215\" \/>\n\t<meta property=\"og:image:type\" content=\"image\/webp\" \/>\n<meta name=\"author\" content=\"Edith Winter\" \/>\n<meta name=\"twitter:card\" content=\"summary_large_image\" \/>\n<meta name=\"twitter:label1\" content=\"Verfasst von\" \/>\n\t<meta name=\"twitter:data1\" content=\"Edith Winter\" \/>\n\t<meta name=\"twitter:label2\" content=\"Gesch\u00e4tzte Lesezeit\" \/>\n\t<meta name=\"twitter:data2\" content=\"9 Minuten\" \/>\n<script type=\"application\/ld+json\" class=\"yoast-schema-graph\">{\"@context\":\"https:\\\/\\\/schema.org\",\"@graph\":[{\"@type\":\"Article\",\"@id\":\"https:\\\/\\\/www.landwirt.com\\\/news\\\/gebrauchte-traktoren-4-855-zulassungen-im-1-quartal-2026\\\/#article\",\"isPartOf\":{\"@id\":\"https:\\\/\\\/www.landwirt.com\\\/news\\\/gebrauchte-traktoren-4-855-zulassungen-im-1-quartal-2026\\\/\"},\"author\":{\"name\":\"Edith Winter\",\"@id\":\"https:\\\/\\\/www.landwirt.com\\\/news\\\/#\\\/schema\\\/person\\\/58b1026d44b61c2d0c39d2d1220d43e9\"},\"headline\":\"Gebrauchte Traktoren: 4.855 Zulassungen im 1. Quartal 2026 in \u00d6sterreich\",\"datePublished\":\"2026-04-29T08:42:00+00:00\",\"dateModified\":\"2026-04-30T12:00:45+00:00\",\"mainEntityOfPage\":{\"@id\":\"https:\\\/\\\/www.landwirt.com\\\/news\\\/gebrauchte-traktoren-4-855-zulassungen-im-1-quartal-2026\\\/\"},\"wordCount\":10358,\"publisher\":{\"@id\":\"https:\\\/\\\/www.landwirt.com\\\/news\\\/#organization\"},\"image\":{\"@id\":\"https:\\\/\\\/www.landwirt.com\\\/news\\\/gebrauchte-traktoren-4-855-zulassungen-im-1-quartal-2026\\\/#primaryimage\"},\"thumbnailUrl\":\"https:\\\/\\\/www.landwirt.com\\\/news\\\/wp-content\\\/uploads\\\/2026\\\/04\\\/wp_vorschau_zulassungen_gebrauchte-2026-q1.webp\",\"keywords\":[\"Zulassungsstatistik\"],\"articleSection\":[\"Landwirt\",\"TOP\",\"Werbung\",\"Werbung Top\",\"Zulassungsstatistik\"],\"inLanguage\":\"de-AT\"},{\"@type\":\"WebPage\",\"@id\":\"https:\\\/\\\/www.landwirt.com\\\/news\\\/gebrauchte-traktoren-4-855-zulassungen-im-1-quartal-2026\\\/\",\"url\":\"https:\\\/\\\/www.landwirt.com\\\/news\\\/gebrauchte-traktoren-4-855-zulassungen-im-1-quartal-2026\\\/\",\"name\":\"Gebrauchte Traktoren: 4.855 Zulassungen im 1. Quartal 2026 in \u00d6sterreich - Landwirt.com News\",\"isPartOf\":{\"@id\":\"https:\\\/\\\/www.landwirt.com\\\/news\\\/#website\"},\"primaryImageOfPage\":{\"@id\":\"https:\\\/\\\/www.landwirt.com\\\/news\\\/gebrauchte-traktoren-4-855-zulassungen-im-1-quartal-2026\\\/#primaryimage\"},\"image\":{\"@id\":\"https:\\\/\\\/www.landwirt.com\\\/news\\\/gebrauchte-traktoren-4-855-zulassungen-im-1-quartal-2026\\\/#primaryimage\"},\"thumbnailUrl\":\"https:\\\/\\\/www.landwirt.com\\\/news\\\/wp-content\\\/uploads\\\/2026\\\/04\\\/wp_vorschau_zulassungen_gebrauchte-2026-q1.webp\",\"datePublished\":\"2026-04-29T08:42:00+00:00\",\"dateModified\":\"2026-04-30T12:00:45+00:00\",\"description\":\"Im 1. Quartal 2026 blieb der Gebrauchttraktorenmarkt in \u00d6sterreich 8,1% unter dem sehr starken Vorjahresniveau, zeigte im Monatsverlauf aber eine schrittweise Ann\u00e4herung.\",\"breadcrumb\":{\"@id\":\"https:\\\/\\\/www.landwirt.com\\\/news\\\/gebrauchte-traktoren-4-855-zulassungen-im-1-quartal-2026\\\/#breadcrumb\"},\"inLanguage\":\"de-AT\",\"potentialAction\":[{\"@type\":\"ReadAction\",\"target\":[\"https:\\\/\\\/www.landwirt.com\\\/news\\\/gebrauchte-traktoren-4-855-zulassungen-im-1-quartal-2026\\\/\"]}]},{\"@type\":\"ImageObject\",\"inLanguage\":\"de-AT\",\"@id\":\"https:\\\/\\\/www.landwirt.com\\\/news\\\/gebrauchte-traktoren-4-855-zulassungen-im-1-quartal-2026\\\/#primaryimage\",\"url\":\"https:\\\/\\\/www.landwirt.com\\\/news\\\/wp-content\\\/uploads\\\/2026\\\/04\\\/wp_vorschau_zulassungen_gebrauchte-2026-q1.webp\",\"contentUrl\":\"https:\\\/\\\/www.landwirt.com\\\/news\\\/wp-content\\\/uploads\\\/2026\\\/04\\\/wp_vorschau_zulassungen_gebrauchte-2026-q1.webp\",\"width\":340,\"height\":215},{\"@type\":\"BreadcrumbList\",\"@id\":\"https:\\\/\\\/www.landwirt.com\\\/news\\\/gebrauchte-traktoren-4-855-zulassungen-im-1-quartal-2026\\\/#breadcrumb\",\"itemListElement\":[{\"@type\":\"ListItem\",\"position\":1,\"name\":\"Home\",\"item\":\"https:\\\/\\\/www.landwirt.com\\\/news\\\/home\\\/\"},{\"@type\":\"ListItem\",\"position\":2,\"name\":\"Gebrauchte Traktoren: 4.855 Zulassungen im 1. Quartal 2026 in \u00d6sterreich\"}]},{\"@type\":\"WebSite\",\"@id\":\"https:\\\/\\\/www.landwirt.com\\\/news\\\/#website\",\"url\":\"https:\\\/\\\/www.landwirt.com\\\/news\\\/\",\"name\":\"Landwirt.com News\",\"description\":\"Landwirt.com News\",\"publisher\":{\"@id\":\"https:\\\/\\\/www.landwirt.com\\\/news\\\/#organization\"},\"potentialAction\":[{\"@type\":\"SearchAction\",\"target\":{\"@type\":\"EntryPoint\",\"urlTemplate\":\"https:\\\/\\\/www.landwirt.com\\\/news\\\/?s={search_term_string}\"},\"query-input\":{\"@type\":\"PropertyValueSpecification\",\"valueRequired\":true,\"valueName\":\"search_term_string\"}}],\"inLanguage\":\"de-AT\"},{\"@type\":\"Organization\",\"@id\":\"https:\\\/\\\/www.landwirt.com\\\/news\\\/#organization\",\"name\":\"LANDWIRT.COM GMBH\",\"url\":\"https:\\\/\\\/www.landwirt.com\\\/news\\\/\",\"logo\":{\"@type\":\"ImageObject\",\"inLanguage\":\"de-AT\",\"@id\":\"https:\\\/\\\/www.landwirt.com\\\/news\\\/#\\\/schema\\\/logo\\\/image\\\/\",\"url\":\"https:\\\/\\\/www.landwirt.com\\\/news\\\/wp-content\\\/uploads\\\/2020\\\/02\\\/LW-logo.png\",\"contentUrl\":\"https:\\\/\\\/www.landwirt.com\\\/news\\\/wp-content\\\/uploads\\\/2020\\\/02\\\/LW-logo.png\",\"width\":250,\"height\":58,\"caption\":\"LANDWIRT.COM GMBH\"},\"image\":{\"@id\":\"https:\\\/\\\/www.landwirt.com\\\/news\\\/#\\\/schema\\\/logo\\\/image\\\/\"}},{\"@type\":\"Person\",\"@id\":\"https:\\\/\\\/www.landwirt.com\\\/news\\\/#\\\/schema\\\/person\\\/58b1026d44b61c2d0c39d2d1220d43e9\",\"name\":\"Edith Winter\",\"image\":{\"@type\":\"ImageObject\",\"inLanguage\":\"de-AT\",\"@id\":\"https:\\\/\\\/secure.gravatar.com\\\/avatar\\\/a8a5aac669c36d589ec506dc09b6dcb6e1c7c0b8731e97f1f2dcea5e26e28095?s=96&d=mm&r=g\",\"url\":\"https:\\\/\\\/secure.gravatar.com\\\/avatar\\\/a8a5aac669c36d589ec506dc09b6dcb6e1c7c0b8731e97f1f2dcea5e26e28095?s=96&d=mm&r=g\",\"contentUrl\":\"https:\\\/\\\/secure.gravatar.com\\\/avatar\\\/a8a5aac669c36d589ec506dc09b6dcb6e1c7c0b8731e97f1f2dcea5e26e28095?s=96&d=mm&r=g\",\"caption\":\"Edith Winter\"},\"url\":\"https:\\\/\\\/www.landwirt.com\\\/news\\\/author\\\/edith\\\/\"}]}<\/script>\n<!-- \/ Yoast SEO plugin. -->","yoast_head_json":{"title":"Gebrauchte Traktoren: 4.855 Zulassungen im 1. Quartal 2026 in \u00d6sterreich - Landwirt.com News","description":"Im 1. Quartal 2026 blieb der Gebrauchttraktorenmarkt in \u00d6sterreich 8,1% unter dem sehr starken Vorjahresniveau, zeigte im Monatsverlauf aber eine schrittweise Ann\u00e4herung.","robots":{"index":"index","follow":"follow","max-snippet":"max-snippet:-1","max-image-preview":"max-image-preview:large","max-video-preview":"max-video-preview:-1"},"og_locale":"de_DE","og_type":"article","og_title":"Gebrauchte Traktoren: 4.855 Zulassungen im 1. Quartal 2026 in \u00d6sterreich - Landwirt.com News","og_description":"Im 1. Quartal 2026 blieb der Gebrauchttraktorenmarkt in \u00d6sterreich 8,1% unter dem sehr starken Vorjahresniveau, zeigte im Monatsverlauf aber eine schrittweise Ann\u00e4herung.","og_url":"https:\/\/www.landwirt.com\/news\/gebrauchte-traktoren-4-855-zulassungen-im-1-quartal-2026\/","og_site_name":"Landwirt.com News","article_published_time":"2026-04-29T08:42:00+00:00","article_modified_time":"2026-04-30T12:00:45+00:00","og_image":[{"width":340,"height":215,"url":"https:\/\/www.landwirt.com\/news\/wp-content\/uploads\/2026\/04\/wp_vorschau_zulassungen_gebrauchte-2026-q1.webp","type":"image\/webp"}],"author":"Edith Winter","twitter_card":"summary_large_image","twitter_misc":{"Verfasst von":"Edith Winter","Gesch\u00e4tzte Lesezeit":"9 Minuten"},"schema":{"@context":"https:\/\/schema.org","@graph":[{"@type":"Article","@id":"https:\/\/www.landwirt.com\/news\/gebrauchte-traktoren-4-855-zulassungen-im-1-quartal-2026\/#article","isPartOf":{"@id":"https:\/\/www.landwirt.com\/news\/gebrauchte-traktoren-4-855-zulassungen-im-1-quartal-2026\/"},"author":{"name":"Edith Winter","@id":"https:\/\/www.landwirt.com\/news\/#\/schema\/person\/58b1026d44b61c2d0c39d2d1220d43e9"},"headline":"Gebrauchte Traktoren: 4.855 Zulassungen im 1. Quartal 2026 in \u00d6sterreich","datePublished":"2026-04-29T08:42:00+00:00","dateModified":"2026-04-30T12:00:45+00:00","mainEntityOfPage":{"@id":"https:\/\/www.landwirt.com\/news\/gebrauchte-traktoren-4-855-zulassungen-im-1-quartal-2026\/"},"wordCount":10358,"publisher":{"@id":"https:\/\/www.landwirt.com\/news\/#organization"},"image":{"@id":"https:\/\/www.landwirt.com\/news\/gebrauchte-traktoren-4-855-zulassungen-im-1-quartal-2026\/#primaryimage"},"thumbnailUrl":"https:\/\/www.landwirt.com\/news\/wp-content\/uploads\/2026\/04\/wp_vorschau_zulassungen_gebrauchte-2026-q1.webp","keywords":["Zulassungsstatistik"],"articleSection":["Landwirt","TOP","Werbung","Werbung Top","Zulassungsstatistik"],"inLanguage":"de-AT"},{"@type":"WebPage","@id":"https:\/\/www.landwirt.com\/news\/gebrauchte-traktoren-4-855-zulassungen-im-1-quartal-2026\/","url":"https:\/\/www.landwirt.com\/news\/gebrauchte-traktoren-4-855-zulassungen-im-1-quartal-2026\/","name":"Gebrauchte Traktoren: 4.855 Zulassungen im 1. Quartal 2026 in \u00d6sterreich - Landwirt.com News","isPartOf":{"@id":"https:\/\/www.landwirt.com\/news\/#website"},"primaryImageOfPage":{"@id":"https:\/\/www.landwirt.com\/news\/gebrauchte-traktoren-4-855-zulassungen-im-1-quartal-2026\/#primaryimage"},"image":{"@id":"https:\/\/www.landwirt.com\/news\/gebrauchte-traktoren-4-855-zulassungen-im-1-quartal-2026\/#primaryimage"},"thumbnailUrl":"https:\/\/www.landwirt.com\/news\/wp-content\/uploads\/2026\/04\/wp_vorschau_zulassungen_gebrauchte-2026-q1.webp","datePublished":"2026-04-29T08:42:00+00:00","dateModified":"2026-04-30T12:00:45+00:00","description":"Im 1. Quartal 2026 blieb der Gebrauchttraktorenmarkt in \u00d6sterreich 8,1% unter dem sehr starken Vorjahresniveau, zeigte im Monatsverlauf aber eine schrittweise Ann\u00e4herung.","breadcrumb":{"@id":"https:\/\/www.landwirt.com\/news\/gebrauchte-traktoren-4-855-zulassungen-im-1-quartal-2026\/#breadcrumb"},"inLanguage":"de-AT","potentialAction":[{"@type":"ReadAction","target":["https:\/\/www.landwirt.com\/news\/gebrauchte-traktoren-4-855-zulassungen-im-1-quartal-2026\/"]}]},{"@type":"ImageObject","inLanguage":"de-AT","@id":"https:\/\/www.landwirt.com\/news\/gebrauchte-traktoren-4-855-zulassungen-im-1-quartal-2026\/#primaryimage","url":"https:\/\/www.landwirt.com\/news\/wp-content\/uploads\/2026\/04\/wp_vorschau_zulassungen_gebrauchte-2026-q1.webp","contentUrl":"https:\/\/www.landwirt.com\/news\/wp-content\/uploads\/2026\/04\/wp_vorschau_zulassungen_gebrauchte-2026-q1.webp","width":340,"height":215},{"@type":"BreadcrumbList","@id":"https:\/\/www.landwirt.com\/news\/gebrauchte-traktoren-4-855-zulassungen-im-1-quartal-2026\/#breadcrumb","itemListElement":[{"@type":"ListItem","position":1,"name":"Home","item":"https:\/\/www.landwirt.com\/news\/home\/"},{"@type":"ListItem","position":2,"name":"Gebrauchte Traktoren: 4.855 Zulassungen im 1. Quartal 2026 in \u00d6sterreich"}]},{"@type":"WebSite","@id":"https:\/\/www.landwirt.com\/news\/#website","url":"https:\/\/www.landwirt.com\/news\/","name":"Landwirt.com News","description":"Landwirt.com News","publisher":{"@id":"https:\/\/www.landwirt.com\/news\/#organization"},"potentialAction":[{"@type":"SearchAction","target":{"@type":"EntryPoint","urlTemplate":"https:\/\/www.landwirt.com\/news\/?s={search_term_string}"},"query-input":{"@type":"PropertyValueSpecification","valueRequired":true,"valueName":"search_term_string"}}],"inLanguage":"de-AT"},{"@type":"Organization","@id":"https:\/\/www.landwirt.com\/news\/#organization","name":"LANDWIRT.COM GMBH","url":"https:\/\/www.landwirt.com\/news\/","logo":{"@type":"ImageObject","inLanguage":"de-AT","@id":"https:\/\/www.landwirt.com\/news\/#\/schema\/logo\/image\/","url":"https:\/\/www.landwirt.com\/news\/wp-content\/uploads\/2020\/02\/LW-logo.png","contentUrl":"https:\/\/www.landwirt.com\/news\/wp-content\/uploads\/2020\/02\/LW-logo.png","width":250,"height":58,"caption":"LANDWIRT.COM GMBH"},"image":{"@id":"https:\/\/www.landwirt.com\/news\/#\/schema\/logo\/image\/"}},{"@type":"Person","@id":"https:\/\/www.landwirt.com\/news\/#\/schema\/person\/58b1026d44b61c2d0c39d2d1220d43e9","name":"Edith Winter","image":{"@type":"ImageObject","inLanguage":"de-AT","@id":"https:\/\/secure.gravatar.com\/avatar\/a8a5aac669c36d589ec506dc09b6dcb6e1c7c0b8731e97f1f2dcea5e26e28095?s=96&d=mm&r=g","url":"https:\/\/secure.gravatar.com\/avatar\/a8a5aac669c36d589ec506dc09b6dcb6e1c7c0b8731e97f1f2dcea5e26e28095?s=96&d=mm&r=g","contentUrl":"https:\/\/secure.gravatar.com\/avatar\/a8a5aac669c36d589ec506dc09b6dcb6e1c7c0b8731e97f1f2dcea5e26e28095?s=96&d=mm&r=g","caption":"Edith Winter"},"url":"https:\/\/www.landwirt.com\/news\/author\/edith\/"}]}},"_links":{"self":[{"href":"https:\/\/www.landwirt.com\/news\/wp-json\/wp\/v2\/posts\/22219","targetHints":{"allow":["GET"]}}],"collection":[{"href":"https:\/\/www.landwirt.com\/news\/wp-json\/wp\/v2\/posts"}],"about":[{"href":"https:\/\/www.landwirt.com\/news\/wp-json\/wp\/v2\/types\/post"}],"author":[{"embeddable":true,"href":"https:\/\/www.landwirt.com\/news\/wp-json\/wp\/v2\/users\/15"}],"replies":[{"embeddable":true,"href":"https:\/\/www.landwirt.com\/news\/wp-json\/wp\/v2\/comments?post=22219"}],"version-history":[{"count":37,"href":"https:\/\/www.landwirt.com\/news\/wp-json\/wp\/v2\/posts\/22219\/revisions"}],"predecessor-version":[{"id":22354,"href":"https:\/\/www.landwirt.com\/news\/wp-json\/wp\/v2\/posts\/22219\/revisions\/22354"}],"wp:featuredmedia":[{"embeddable":true,"href":"https:\/\/www.landwirt.com\/news\/wp-json\/wp\/v2\/media\/22255"}],"wp:attachment":[{"href":"https:\/\/www.landwirt.com\/news\/wp-json\/wp\/v2\/media?parent=22219"}],"wp:term":[{"taxonomy":"category","embeddable":true,"href":"https:\/\/www.landwirt.com\/news\/wp-json\/wp\/v2\/categories?post=22219"},{"taxonomy":"post_tag","embeddable":true,"href":"https:\/\/www.landwirt.com\/news\/wp-json\/wp\/v2\/tags?post=22219"}],"curies":[{"name":"wp","href":"https:\/\/api.w.org\/{rel}","templated":true}]}}