{"id":22158,"date":"2026-04-27T19:31:55","date_gmt":"2026-04-27T17:31:55","guid":{"rendered":"https:\/\/www.landwirt.com\/news\/?p=22158"},"modified":"2026-04-27T19:33:48","modified_gmt":"2026-04-27T17:33:48","slug":"deutz-fahr-6160-stage-v","status":"publish","type":"post","link":"https:\/\/www.landwirt.com\/news\/deutz-fahr-6160-stage-v\/","title":{"rendered":"Deutz-Fahr 6160 Stage V"},"content":{"rendered":"\n<style type=\"text\/css\" data-created_by=\"avia_inline_auto\" id=\"style-css-av-mm35nn8s-b60333b0bd7d6b18eb366d8ce34341c9\">\n#top .av-special-heading.av-mm35nn8s-b60333b0bd7d6b18eb366d8ce34341c9{\npadding-bottom:10px;\n}\nbody .av-special-heading.av-mm35nn8s-b60333b0bd7d6b18eb366d8ce34341c9 .av-special-heading-tag .heading-char{\nfont-size:25px;\n}\n.av-special-heading.av-mm35nn8s-b60333b0bd7d6b18eb366d8ce34341c9 .av-subheading{\nfont-size:15px;\n}\n<\/style>\n<div  class='av-special-heading av-mm35nn8s-b60333b0bd7d6b18eb366d8ce34341c9 av-special-heading-h1 blockquote modern-quote modern-centered  avia-builder-el-0  el_before_av_hr  avia-builder-el-first '><h1 class='av-special-heading-tag '  itemprop=\"headline\"  >Deutz-Fahr 6160 Stage V<\/h1><div class='av-subheading av-subheading_below'><p>mit Warrior-Ausstattung<\/p>\n<\/div><div class=\"special-heading-border\"><div class=\"special-heading-inner-border\"><\/div><\/div><\/div>\n<div  class='hr av-3rs9tdi-8f7825a22b0ec64f1426e601bb81027b hr-default  avia-builder-el-1  el_after_av_heading  el_before_av_one_half '><span class='hr-inner '><span class=\"hr-inner-style\"><\/span><\/span><\/div>\n<div  class='flex_column av-3jyax9y-c13a5f32769dd8a3af819ecae73c1d36 av_one_half  avia-builder-el-2  el_after_av_hr  el_before_av_one_half  first flex_column_div  '     ><style type=\"text\/css\" data-created_by=\"avia_inline_auto\" id=\"style-css-av-mm35pcdx-b41cf9c5b25dfb165e83d770e75465ed\">\n.avia-image-container.av-mm35pcdx-b41cf9c5b25dfb165e83d770e75465ed img.avia_image{\nbox-shadow:none;\n}\n.avia-image-container.av-mm35pcdx-b41cf9c5b25dfb165e83d770e75465ed .av-image-caption-overlay-center{\ncolor:#ffffff;\n}\n<\/style>\n<div  class='avia-image-container av-mm35pcdx-b41cf9c5b25dfb165e83d770e75465ed av-styling- avia-align-center  avia-builder-el-3  avia-builder-el-no-sibling '   itemprop=\"image\" itemscope=\"itemscope\" itemtype=\"https:\/\/schema.org\/ImageObject\" ><div class=\"avia-image-container-inner\"><div class=\"avia-image-overlay-wrap\"><img decoding=\"async\" fetchpriority=\"high\" class='wp-image-22167 avia-img-lazy-loading-not-22167 avia_image ' src=\"https:\/\/www.landwirt.com\/news\/wp-content\/uploads\/2026\/04\/3207-e9b5ad472bba1c2e36b99088bde06317-6941909-0vb.jpg\" alt='Seitenansicht - Deutz-Fahr 6160 Stage V' title='3207-e9b5ad472bba1c2e36b99088bde06317-6941909-0vb'  height=\"768\" width=\"1024\"  itemprop=\"thumbnailUrl\" srcset=\"https:\/\/www.landwirt.com\/news\/wp-content\/uploads\/2026\/04\/3207-e9b5ad472bba1c2e36b99088bde06317-6941909-0vb.jpg 1024w, https:\/\/www.landwirt.com\/news\/wp-content\/uploads\/2026\/04\/3207-e9b5ad472bba1c2e36b99088bde06317-6941909-0vb-300x225.jpg 300w, https:\/\/www.landwirt.com\/news\/wp-content\/uploads\/2026\/04\/3207-e9b5ad472bba1c2e36b99088bde06317-6941909-0vb-768x576.jpg 768w, https:\/\/www.landwirt.com\/news\/wp-content\/uploads\/2026\/04\/3207-e9b5ad472bba1c2e36b99088bde06317-6941909-0vb-705x529.jpg 705w\" sizes=\"(max-width: 1024px) 100vw, 1024px\" \/><\/div><\/div><\/div><\/div>\n<div  class='flex_column av-2u6h052-dd29ac7908d6cc58f75ee744c9cf2578 av_one_half  avia-builder-el-4  el_after_av_one_half  el_before_av_hr  flex_column_div  '     ><p>\n<style type=\"text\/css\" data-created_by=\"avia_inline_auto\" id=\"style-css-av-mm35pmyz-a4ef160ea7ee0f1e8cc6acac9cadcdb3\">\n.avia-image-container.av-mm35pmyz-a4ef160ea7ee0f1e8cc6acac9cadcdb3 img.avia_image{\nbox-shadow:none;\n}\n.avia-image-container.av-mm35pmyz-a4ef160ea7ee0f1e8cc6acac9cadcdb3 .av-image-caption-overlay-center{\ncolor:#ffffff;\n}\n<\/style>\n<div  class='avia-image-container av-mm35pmyz-a4ef160ea7ee0f1e8cc6acac9cadcdb3 av-styling- avia-align-center  avia-builder-el-5  el_before_av_textblock  avia-builder-el-first '   itemprop=\"image\" itemscope=\"itemscope\" itemtype=\"https:\/\/schema.org\/ImageObject\" ><div class=\"avia-image-container-inner\"><div class=\"avia-image-overlay-wrap\"><img decoding=\"async\" fetchpriority=\"high\" class='wp-image-22161 avia-img-lazy-loading-not-22161 avia_image ' src=\"https:\/\/www.landwirt.com\/news\/wp-content\/uploads\/2026\/04\/3207-e9b5ad472bba1c2e36b99088bde06317-6941909-12vb.jpg\" alt='Innenansicht - Deutz-Fahr 6160 Stage V' title='3207-e9b5ad472bba1c2e36b99088bde06317-6941909-12vb'  height=\"900\" width=\"1600\"  itemprop=\"thumbnailUrl\" srcset=\"https:\/\/www.landwirt.com\/news\/wp-content\/uploads\/2026\/04\/3207-e9b5ad472bba1c2e36b99088bde06317-6941909-12vb.jpg 1600w, https:\/\/www.landwirt.com\/news\/wp-content\/uploads\/2026\/04\/3207-e9b5ad472bba1c2e36b99088bde06317-6941909-12vb-300x169.jpg 300w, https:\/\/www.landwirt.com\/news\/wp-content\/uploads\/2026\/04\/3207-e9b5ad472bba1c2e36b99088bde06317-6941909-12vb-1030x579.jpg 1030w, https:\/\/www.landwirt.com\/news\/wp-content\/uploads\/2026\/04\/3207-e9b5ad472bba1c2e36b99088bde06317-6941909-12vb-768x432.jpg 768w, https:\/\/www.landwirt.com\/news\/wp-content\/uploads\/2026\/04\/3207-e9b5ad472bba1c2e36b99088bde06317-6941909-12vb-1536x864.jpg 1536w, https:\/\/www.landwirt.com\/news\/wp-content\/uploads\/2026\/04\/3207-e9b5ad472bba1c2e36b99088bde06317-6941909-12vb-1500x844.jpg 1500w, https:\/\/www.landwirt.com\/news\/wp-content\/uploads\/2026\/04\/3207-e9b5ad472bba1c2e36b99088bde06317-6941909-12vb-705x397.jpg 705w\" sizes=\"(max-width: 1600px) 100vw, 1600px\" \/><\/div><\/div><\/div><br \/>\n<section  class='av_textblock_section av-mm3bheo3-1cc9eabda14fc1ba702d77c4d015af4a '   itemscope=\"itemscope\" itemtype=\"https:\/\/schema.org\/BlogPosting\" itemprop=\"blogPost\" ><div class='avia_textblock'  itemprop=\"text\" ><p style=\"text-align: right;\"><a href=\"https:\/\/www.landwirt.com\/detail\/deutz-fahr-6160-stage-v-6941909?utm_source=discover&#038;utm_medium=Angebot+im+Fokus&#038;utm_campaign=news_artikel&#038;utm_id=6941909&#038;utm_term=6941909&#038;utm_content=traktor_des_tages\">Mehr Bilder zu diesem Traktor<\/a><\/p>\n<\/div><\/section><\/p><\/div>\n\n<style type=\"text\/css\" data-created_by=\"avia_inline_auto\" id=\"style-css-av-mm3bdro3-2f8612d0198ad2d19d9496aba9d17480\">\n#top .hr.hr-invisible.av-mm3bdro3-2f8612d0198ad2d19d9496aba9d17480{\nheight:20px;\n}\n<\/style>\n<div  class='hr av-mm3bdro3-2f8612d0198ad2d19d9496aba9d17480 hr-invisible  avia-builder-el-7  el_after_av_one_half  el_before_av_textblock '><span class='hr-inner '><span class=\"hr-inner-style\"><\/span><\/span><\/div>\n<section  class='av_textblock_section av-mm35o9kb-66c57664b4eebd373c8fb27c327e8417 '   itemscope=\"itemscope\" itemtype=\"https:\/\/schema.org\/BlogPosting\" itemprop=\"blogPost\" ><div class='avia_textblock'  itemprop=\"text\" ><h3 style=\"text-align: center;\">Deutz-Fahr 6160 (2024): 160 PS, nur 30 Std. und 50 km\/h ECO<\/h3>\n<\/div><\/section>\n\n<style type=\"text\/css\" data-created_by=\"avia_inline_auto\" id=\"style-css-av-kzf8pj-9bfb9bc98ebe022d8ad89d3f29d0a43d\">\n#top .hr.hr-invisible.av-kzf8pj-9bfb9bc98ebe022d8ad89d3f29d0a43d{\nheight:20px;\n}\n<\/style>\n<div  class='hr av-kzf8pj-9bfb9bc98ebe022d8ad89d3f29d0a43d hr-invisible  avia-builder-el-9  el_after_av_textblock  el_before_av_textblock '><span class='hr-inner '><span class=\"hr-inner-style\"><\/span><\/span><\/div>\n<section  class='av_textblock_section av-mm35qmwk-554b25ab953cc91e8fe26c1810156f8f '   itemscope=\"itemscope\" itemtype=\"https:\/\/schema.org\/BlogPosting\" itemprop=\"blogPost\" ><div class='avia_textblock'  itemprop=\"text\" ><p data-start=\"756\" data-end=\"1417\">Der <strong data-start=\"760\" data-end=\"789\">Deutz-Fahr 6160 (Stage V)<\/strong> aus der <strong data-start=\"798\" data-end=\"830\">Serie 6 <\/strong>(Stage V, seit 2022) wird hier als <strong data-start=\"845\" data-end=\"870\">6160 Agrotron Warrior<\/strong> beschrieben und f\u00e4llt durch die Kombination aus sehr niedriger Laufleistung und umfangreicher Ausstattungsauflistung auf. Das Fahrzeug ist <strong data-start=\"1010\" data-end=\"1026\">Baujahr 2024<\/strong>, weist <strong data-start=\"1034\" data-end=\"1056\">30 Betriebsstunden<\/strong> auf, hat <strong data-start=\"1066\" data-end=\"1083\">0 Vorbesitzer<\/strong> und wird unter der internen Nummer 6941909 gef\u00fchrt. Zus\u00e4tzlich ist die Fahrgestellnummer WSXJN20200LD10426 angegeben. In der Beschreibung steht au\u00dferdem: Die Maschine kann auch gemietet werden. \u00a0Ausgewiesen sind <strong data-start=\"1349\" data-end=\"1368\">160 PS (118 kW)<\/strong> aus <strong data-start=\"1373\" data-end=\"1388\">6 Zylindern<\/strong>, <strong data-start=\"1390\" data-end=\"1400\">Allrad<\/strong> und <strong data-start=\"1405\" data-end=\"1416\">50 km\/h<\/strong>.<\/p>\n<h4 data-start=\"1419\" data-end=\"1470\">Antrieb &#038; Getriebe: Powershift und 50 km\/h ECO<\/h4>\n<p data-start=\"1471\" data-end=\"2017\">Als Getriebeart ist ein <strong data-start=\"1495\" data-end=\"1517\">Lastschaltgetriebe<\/strong> angegeben; in der Beschreibung wird <strong data-start=\"1554\" data-end=\"1568\">Powershift<\/strong> genannt, inklusive <strong data-start=\"1588\" data-end=\"1624\">APS \u2013 automatische Lastschaltung<\/strong> mit <strong data-start=\"1629\" data-end=\"1640\">30V+15R<\/strong>, <strong data-start=\"1642\" data-end=\"1654\">5 G\u00e4ngen<\/strong> und <strong data-start=\"1659\" data-end=\"1681\">6 Lastschaltstufen<\/strong> (genannt). F\u00fcr den Transport ist <strong data-start=\"1715\" data-end=\"1730\">50 km\/h ECO<\/strong> aufgef\u00fchrt (auch als \u201eEndgeschwindigkeit 50 km\/h ECO\u201c genannt). Erg\u00e4nzend sind <strong data-start=\"1810\" data-end=\"1826\">Powershuttle<\/strong> (mit <strong data-start=\"1832\" data-end=\"1848\">SENSE CLUTCH<\/strong>, genannt) und <strong data-start=\"1863\" data-end=\"1877\">Kriechgang<\/strong> in den Daten enthalten. Motorseitig wird ein <strong data-start=\"1923\" data-end=\"1951\">6-Zylinder Motor Stage V<\/strong> genannt, mit <strong data-start=\"1965\" data-end=\"1975\">AdBlue<\/strong> sowie <strong data-start=\"1982\" data-end=\"2016\">Turbolader mit Ladeluftk\u00fchlung<\/strong>.<\/p>\n<h4 data-start=\"2019\" data-end=\"2097\">Hydraulik &#038; Hubwerk: 6 DW (4 elektrisch) und LS-Pumpe 120 l\/min<\/h4>\n<p data-start=\"2098\" data-end=\"2759\">In den technischen Daten sind <strong data-start=\"2128\" data-end=\"2158\">6 DW-Steuerger\u00e4te <\/strong>(gesamt) angegeben, davon <strong data-start=\"2176\" data-end=\"2192\">4 elektrisch<\/strong>. Aufgef\u00fchrt sind au\u00dferdem <strong data-start=\"2219\" data-end=\"2226\">EHR<\/strong>, <strong data-start=\"2228\" data-end=\"2251\">druckloser R\u00fccklauf<\/strong> und <strong data-start=\"2256\" data-end=\"2274\">Au\u00dfenbedienung<\/strong> f\u00fcr Heckhydraulik und Heckzapfwelle. In der Ausstattungsliste wird eine <strong data-start=\"2347\" data-end=\"2406\">Load-Sensing Verstellpumpe mit 120 l\/min F\u00f6rderleistung<\/strong> genannt sowie <strong data-start=\"2421\" data-end=\"2437\">Power Beyond<\/strong> (Kupplung bei LS-System genannt). F\u00fcr das Heck werden <strong data-start=\"2492\" data-end=\"2516\">Hubzylinder D.100 mm<\/strong> und <strong>9700 kg <\/strong>(genannt) erw\u00e4hnt. Frontseitig wird ein <strong data-start=\"2573\" data-end=\"2592\">Frontkraftheber<\/strong> mit <strong data-start=\"2597\" data-end=\"2618\">3.800 kg Hubkraft<\/strong> (genannt) aufgef\u00fchrt, inklusive Fernbet\u00e4tigung FKH sowie 7-poliger Steckdose und 2 doppeltwirkenden Anschl\u00fcssen vorne (genannt).<\/p>\n<h4 data-start=\"2761\" data-end=\"2795\">Fahrwerk, Bremsen &#038; Bereifung<\/h4>\n<p data-start=\"2796\" data-end=\"3344\">F\u00fcr Komfort und Traktion sind <strong data-start=\"2826\" data-end=\"2851\">gefederte Vorderachse<\/strong> und <strong data-start=\"2856\" data-end=\"2875\">Kabinenfederung<\/strong> in den Daten aufgef\u00fchrt; in der Liste wird eine <strong data-start=\"2924\" data-end=\"2952\">Fronttriebachse gefedert<\/strong> mit Lamellensperrdifferenzial sowie eine <strong data-start=\"2994\" data-end=\"3025\">Kabine pneumatisch gefedert<\/strong> (niveaureguliert bei Druckluftanlage, genannt) erw\u00e4hnt. F\u00fcr den Anh\u00e4ngerbetrieb ist eine <strong data-start=\"3115\" data-end=\"3152\">Zweileitungs-Druckluftbremsanlage<\/strong> (EU\/DE, genannt) aufgef\u00fchrt; au\u00dferdem wird ein <strong data-start=\"3200\" data-end=\"3229\">Druckluftserviceanschluss<\/strong> mit Schlauch und Pistole genannt. Bereifung: <strong data-start=\"3275\" data-end=\"3288\">540\/65R28<\/strong> vorne und <strong data-start=\"3299\" data-end=\"3312\">650\/65R38<\/strong> hinten, Profil jeweils <strong data-start=\"3336\" data-end=\"3343\">99%<\/strong>.<\/p>\n<h4 data-start=\"3346\" data-end=\"3413\">Kabine, Bedienung &#038; Licht: MaxiVision+, Warrior und LED-Pakete<\/h4>\n<p data-start=\"3414\" data-end=\"4018\">Als Plattform ist eine Kabine mit Klimaanlage, Radio und Kabinenfederung angegeben. In der Ausstattungsliste werden <strong data-start=\"3546\" data-end=\"3568\">Kabine MaxiVision+<\/strong>, <strong data-start=\"3570\" data-end=\"3596\">Multifunktionsarmlehne<\/strong>, <strong data-start=\"3598\" data-end=\"3616\">Klimaautomatik<\/strong> (genannt) und ein <strong data-start=\"3635\" data-end=\"3656\">Warrior equipment<\/strong> (u. a. Warrior-Schriftzug, LED-Scheinwerfer, Sitz \u201eMax-Comfort XXL\u201c Teilleder, genannt) aufgef\u00fchrt. F\u00fcr die Arbeit bei Dunkelheit werden umfangreiche <strong data-start=\"3807\" data-end=\"3834\">LED-Arbeitsscheinwerfer<\/strong> genannt (u. a. 6 hinten und 4 vorne im Kabinendach plus weitere Positionen in der Liste). In den technischen Daten sind <strong data-start=\"3959\" data-end=\"3990\">6 Arbeitsscheinwerfer vorne<\/strong> und <strong data-start=\"3995\" data-end=\"4007\">6 hinten<\/strong> angegeben.<\/p>\n<h4 data-start=\"4020\" data-end=\"4112\">Precision Farming &#038; Connectivity: iMonitor3, GNSS\/RTK und ISOBUS-Vorbereitung<\/h4>\n<p data-start=\"4113\" data-end=\"4651\">Als Eigenschaft ist <strong data-start=\"4133\" data-end=\"4172\">\u201eLenksystem: RTK mit Zusatzmonitor\u201c<\/strong> aufgef\u00fchrt. In der Ausstattungsliste werden u. a. ein <strong data-start=\"4227\" data-end=\"4253\">GNSS Empf\u00e4nger (Egnos)<\/strong> (genannt), ein <strong data-start=\"4269\" data-end=\"4297\">Telematik-Modul (CTM 4G)<\/strong> (genannt) sowie <strong data-start=\"4314\" data-end=\"4333\">iMonitor3 in 8&#8243;<\/strong> (genannt) inklusive Funktionen (TC-SC, GEO, AUX-N, UT genannt) aufgef\u00fchrt. Zus\u00e4tzlich wird ein <strong data-start=\"4429\" data-end=\"4491\">Datenpaket f\u00fcr RTK NTRIP + 1 Jahr Lizenz Flottenmanagement<\/strong> genannt sowie ein <strong data-start=\"4510\" data-end=\"4550\">Lenksystem-Upgrade von Basic auf Pro<\/strong>. Au\u00dferdem ist die <strong data-start=\"4569\" data-end=\"4607\">ISOBUS-Vorbereitung nach ISO 11783<\/strong> (Dose Heck und Kabine, genannt) aufgef\u00fchrt.<\/p>\n<\/div><\/section>\n<div  class='flex_column av-k4aahe-eca837d0e513be0e88c307021005df92 av_one_half  avia-builder-el-11  el_after_av_textblock  el_before_av_hr  first flex_column_div  column-top-margin'     ><section  class='av_textblock_section av-moakojmn-e9d839051fe79770e8990e010d36f903 '   itemscope=\"itemscope\" itemtype=\"https:\/\/schema.org\/BlogPosting\" itemprop=\"blogPost\" ><div class='avia_textblock'  itemprop=\"text\" ><p><strong data-start=\"3120\" data-end=\"3132\">Preis:<\/strong><\/p>\n<div>\n<div class=\"text-base min-h-6 w-auto text-ellipsis overflow-hidden whitespace-nowrap\">\n<div>\n<div class=\"text-base min-h-6 w-auto text-ellipsis overflow-hidden whitespace-nowrap\">\n<div>\n<div class=\"text-base min-h-6 w-auto text-ellipsis overflow-hidden whitespace-nowrap\">154.800 \u20ac <span class=\"font-normal text-sm text-grey-300 dark:text-git-text-100 block print:!text-black\">inkl. 20 % MwSt.\u00a0<\/span><\/div>\n<\/div>\n<\/div>\n<\/div>\n<\/div>\n<\/div>\n<\/div><\/section><\/div>\n<div  class='hr av-v34y1f-691f21d72d8302a6283b9090bf73cdf3 hr-default  avia-builder-el-13  el_after_av_one_half  el_before_av_one_half '><span class='hr-inner '><span class=\"hr-inner-style\"><\/span><\/span><\/div>\n<div  class='flex_column av-1c19yqe-efde6a8337cfe21837db587e42e5741e av_one_half  avia-builder-el-14  el_after_av_hr  el_before_av_one_half  first flex_column_div  '     ><section  class='av_textblock_section av-mm35vm8v-43252b4a6ac5dc35dad751f48481c8c9 '   itemscope=\"itemscope\" itemtype=\"https:\/\/schema.org\/BlogPosting\" itemprop=\"blogPost\" ><div class='avia_textblock'  itemprop=\"text\" ><p><strong data-start=\"3120\" data-end=\"3132\">H\u00e4ndler:<\/strong><\/p>\n<div>\n<div class=\"text-base min-h-6 w-auto text-ellipsis overflow-hidden whitespace-nowrap\">\n<div>\n<div class=\"text-base min-h-6 w-auto text-ellipsis overflow-hidden whitespace-nowrap\">\n<div>\n<div class=\"text-base min-h-6 w-auto text-ellipsis overflow-hidden whitespace-nowrap\">\n<div>\n<div class=\"text-base min-h-6 w-auto text-ellipsis overflow-hidden whitespace-nowrap\"><a class=\"hover:underline\" href=\"https:\/\/www.landwirt.com\/dealer\/info\/rieder-landtechnik-3207\"><strong>Rieder Landtechnik<\/strong><\/a><\/p>\n<div>\n<div class=\"text-base min-h-6 w-auto text-ellipsis overflow-hidden whitespace-nowrap block\" title=\"Nr. 30\">Nr. 30<\/div>\n<div class=\"text-base min-h-6 w-auto text-ellipsis overflow-hidden whitespace-nowrap\">2135 &#8211; Kottingneusiedl<\/div>\n<div class=\"text-base min-h-6 w-auto text-ellipsis overflow-hidden whitespace-nowrap\">Nieder\u00f6sterreich \u00d6sterreich<\/div>\n<\/div>\n<\/div>\n<\/div>\n<\/div>\n<\/div>\n<\/div>\n<\/div>\n<\/div>\n<\/div>\n<p>Redaktionell bearbeitet von: Alina Neuhold<\/p>\n<\/div><\/section><\/div>\n<div  class='flex_column av-ifk1w6-ba1bc9bbefdd8ec3f699b5b6c1da3beb av_one_half  avia-builder-el-16  el_after_av_one_half  el_before_av_hr  flex_column_div  '     ><div  class='avia-button-wrap av-mm3bt0vj-4a08a7235432f40929eb852779d85249-wrap avia-button-left  avia-builder-el-17  avia-builder-el-no-sibling '><a href='https:\/\/www.landwirt.com\/detail\/deutz-fahr-6160-stage-v-6941909?utm_source=discover&utm_medium=Angebot+im+Fokus&utm_campaign=news_artikel&utm_id=6941909&utm_term=6941909&utm_content=traktor_des_tages'  class='avia-button av-mm3bt0vj-4a08a7235432f40929eb852779d85249 av-link-btn avia-icon_select-no avia-size-large avia-position-left avia-color-theme-color'   aria-label=\"Mehr Infos zu diesem Traktor\"><span class='avia_iconbox_title' >Mehr Infos zu diesem Traktor<\/span><\/a><\/div><\/div>\n<div  class='hr av-nzd52c-566c1705e017c25292984d98d139eb38 hr-default  avia-builder-el-18  el_after_av_one_half  el_before_av_textblock '><span class='hr-inner '><span class=\"hr-inner-style\"><\/span><\/span><\/div>\n<section  class='av_textblock_section av-mng1ehd5-3e35a468f7218f42ac87233a6f323e15 '   itemscope=\"itemscope\" itemtype=\"https:\/\/schema.org\/BlogPosting\" itemprop=\"blogPost\" ><div class='avia_textblock'  itemprop=\"text\" ><h2 style=\"text-align: center;\">Weitere Traktoren im \u00dcberblick<\/h2>\n<\/div><\/section>\n<div  data-slideshow-options=\"{&quot;animation&quot;:&quot;fade&quot;,&quot;autoplay&quot;:false,&quot;loop_autoplay&quot;:&quot;once&quot;,&quot;interval&quot;:5,&quot;loop_manual&quot;:&quot;manual-endless&quot;,&quot;autoplay_stopper&quot;:false,&quot;noNavigation&quot;:false,&quot;show_slide_delay&quot;:90}\" class='avia-content-slider avia-content-grid-active avia-content-slider1 avia-content-slider-even  avia-builder-el-20  el_after_av_textblock  avia-builder-el-last  av-slideshow-ui av-control-default   av-no-slider-navigation av-slideshow-manual av-loop-once av-loop-manual-endless '  itemscope=\"itemscope\" itemtype=\"https:\/\/schema.org\/Blog\" ><div class=\"avia-content-slider-inner\"><div class=\"slide-entry-wrap\"><article class='slide-entry flex_column  post-entry post-entry-22199 slide-entry-overview slide-loop-1 slide-parity-odd  av_one_fourth first real-thumbnail posttype-post post-format-standard'  itemscope=\"itemscope\" itemtype=\"https:\/\/schema.org\/BlogPosting\" itemprop=\"blogPost\" ><a href='https:\/\/www.landwirt.com\/news\/fendt-714-vario-power\/' data-rel='slide-1' class='slide-image' title='Fendt 714 Vario Power'><img decoding=\"async\" fetchpriority=\"high\" width=\"495\" height=\"400\" src=\"https:\/\/www.landwirt.com\/news\/wp-content\/uploads\/2026\/04\/3379-5fe1166ffa8be715e4656e0a8065b659-6849261-0vb-495x400.jpg\" class=\"wp-image-22201 avia-img-lazy-loading-not-22201 attachment-portfolio size-portfolio wp-post-image\" alt=\"Seitenansicht - Fendt 714 Vario Power\" srcset=\"https:\/\/www.landwirt.com\/news\/wp-content\/uploads\/2026\/04\/3379-5fe1166ffa8be715e4656e0a8065b659-6849261-0vb-495x400.jpg 495w, https:\/\/www.landwirt.com\/news\/wp-content\/uploads\/2026\/04\/3379-5fe1166ffa8be715e4656e0a8065b659-6849261-0vb-845x684.jpg 845w\" sizes=\"(max-width: 495px) 100vw, 495px\" \/><\/a><div class=\"slide-content\"><header class=\"entry-content-header\" aria-label=\"Slide: Fendt 714 Vario Power\"><h3 class='slide-entry-title entry-title '  itemprop=\"headline\" ><a href='https:\/\/www.landwirt.com\/news\/fendt-714-vario-power\/' title='Fendt 714 Vario Power'>Fendt 714 Vario Power<\/a><\/h3><span class=\"av-vertical-delimiter\"><\/span><\/header><div class=\"slide-meta\"><time class='slide-meta-time updated'  itemprop=\"datePublished\" datetime=\"2026-04-28T02:00:00+02:00\" >28. April 2026<\/time><\/div><div class='slide-entry-excerpt entry-content'  itemprop=\"text\" >Fendt 714 Vario Power (2024): 150 PS, 87 Std., stufenlos, 50 km\/h, Frontzapfwelle\/FKH, 4 DW, LS\/Power Beyond (gen.), Michelin 95%.<\/div><\/div><footer class=\"entry-footer\"><\/footer><span class='hidden'>\n\t\t\t\t<span class='av-structured-data'  itemprop=\"image\" itemscope=\"itemscope\" itemtype=\"https:\/\/schema.org\/ImageObject\" >\n\t\t\t\t\t\t<span itemprop='url'>https:\/\/www.landwirt.com\/news\/wp-content\/uploads\/2026\/04\/3379-5fe1166ffa8be715e4656e0a8065b659-6849261-0vb.jpg<\/span>\n\t\t\t\t\t\t<span itemprop='height'>1200<\/span>\n\t\t\t\t\t\t<span itemprop='width'>1600<\/span>\n\t\t\t\t<\/span>\n\t\t\t\t<span class='av-structured-data'  itemprop=\"publisher\" itemtype=\"https:\/\/schema.org\/Organization\" itemscope=\"itemscope\" >\n\t\t\t\t\t\t<span itemprop='name'>Alexandra Schauer<\/span>\n\t\t\t\t\t\t<span itemprop='logo' itemscope itemtype='https:\/\/schema.org\/ImageObject'>\n\t\t\t\t\t\t\t<span itemprop='url'>https:\/\/www.landwirt.com\/news\/wp-content\/uploads\/2026\/01\/landwirt.com-news.webp<\/span>\n\t\t\t\t\t\t<\/span>\n\t\t\t\t<\/span><span class='av-structured-data'  itemprop=\"author\" itemscope=\"itemscope\" itemtype=\"https:\/\/schema.org\/Person\" ><span itemprop='name'>Alexandra Schauer<\/span><\/span><span class='av-structured-data'  itemprop=\"datePublished\" datetime=\"2026-04-27T19:31:55+02:00\" >2026-04-28 02:00:00<\/span><span class='av-structured-data'  itemprop=\"dateModified\" itemtype=\"https:\/\/schema.org\/dateModified\" >2026-04-27 19:46:54<\/span><span class='av-structured-data'  itemprop=\"mainEntityOfPage\" itemtype=\"https:\/\/schema.org\/mainEntityOfPage\" ><span itemprop='name'>Fendt 714 Vario Power<\/span><\/span><\/span><\/article><article class='slide-entry flex_column  post-entry post-entry-22158 slide-entry-overview slide-loop-2 slide-parity-even  av_one_fourth  real-thumbnail posttype-post post-format-standard'  itemscope=\"itemscope\" itemtype=\"https:\/\/schema.org\/BlogPosting\" itemprop=\"blogPost\" ><a href='https:\/\/www.landwirt.com\/news\/deutz-fahr-6160-stage-v\/' data-rel='slide-1' class='slide-image' title='Deutz-Fahr 6160 Stage V'><img decoding=\"async\" fetchpriority=\"high\" width=\"495\" height=\"400\" src=\"https:\/\/www.landwirt.com\/news\/wp-content\/uploads\/2026\/04\/3207-e9b5ad472bba1c2e36b99088bde06317-6941909-0vb-495x400.jpg\" class=\"wp-image-22167 avia-img-lazy-loading-not-22167 attachment-portfolio size-portfolio wp-post-image\" alt=\"Seitenansicht - Deutz-Fahr 6160 Stage V\" srcset=\"https:\/\/www.landwirt.com\/news\/wp-content\/uploads\/2026\/04\/3207-e9b5ad472bba1c2e36b99088bde06317-6941909-0vb-495x400.jpg 495w, https:\/\/www.landwirt.com\/news\/wp-content\/uploads\/2026\/04\/3207-e9b5ad472bba1c2e36b99088bde06317-6941909-0vb-845x684.jpg 845w\" sizes=\"(max-width: 495px) 100vw, 495px\" \/><\/a><div class=\"slide-content\"><header class=\"entry-content-header\" aria-label=\"Slide: Deutz-Fahr 6160 Stage V\"><h3 class='slide-entry-title entry-title '  itemprop=\"headline\" ><a href='https:\/\/www.landwirt.com\/news\/deutz-fahr-6160-stage-v\/' title='Deutz-Fahr 6160 Stage V'>Deutz-Fahr 6160 Stage V<\/a><\/h3><span class=\"av-vertical-delimiter\"><\/span><\/header><div class=\"slide-meta\"><time class='slide-meta-time updated'  itemprop=\"datePublished\" datetime=\"2026-04-27T19:31:55+02:00\" >27. April 2026<\/time><\/div><div class='slide-entry-excerpt entry-content'  itemprop=\"text\" >Deutz-Fahr 6160 Warrior (2024): 160 PS, 30 Std., 50 km\/h ECO, Powershift, LS 120 l\/min, iMonitor3 8\", RTK<\/div><\/div><footer class=\"entry-footer\"><\/footer><span class='hidden'>\n\t\t\t\t<span class='av-structured-data'  itemprop=\"image\" itemscope=\"itemscope\" itemtype=\"https:\/\/schema.org\/ImageObject\" >\n\t\t\t\t\t\t<span itemprop='url'>https:\/\/www.landwirt.com\/news\/wp-content\/uploads\/2026\/04\/3207-e9b5ad472bba1c2e36b99088bde06317-6941909-0vb.jpg<\/span>\n\t\t\t\t\t\t<span itemprop='height'>768<\/span>\n\t\t\t\t\t\t<span itemprop='width'>1024<\/span>\n\t\t\t\t<\/span>\n\t\t\t\t<span class='av-structured-data'  itemprop=\"publisher\" itemtype=\"https:\/\/schema.org\/Organization\" itemscope=\"itemscope\" >\n\t\t\t\t\t\t<span itemprop='name'>Alexandra Schauer<\/span>\n\t\t\t\t\t\t<span itemprop='logo' itemscope itemtype='https:\/\/schema.org\/ImageObject'>\n\t\t\t\t\t\t\t<span itemprop='url'>https:\/\/www.landwirt.com\/news\/wp-content\/uploads\/2026\/01\/landwirt.com-news.webp<\/span>\n\t\t\t\t\t\t<\/span>\n\t\t\t\t<\/span><span class='av-structured-data'  itemprop=\"author\" itemscope=\"itemscope\" itemtype=\"https:\/\/schema.org\/Person\" ><span itemprop='name'>Alexandra Schauer<\/span><\/span><span class='av-structured-data'  itemprop=\"datePublished\" datetime=\"2026-04-27T19:31:55+02:00\" >2026-04-27 19:31:55<\/span><span class='av-structured-data'  itemprop=\"dateModified\" itemtype=\"https:\/\/schema.org\/dateModified\" >2026-04-27 19:33:48<\/span><span class='av-structured-data'  itemprop=\"mainEntityOfPage\" itemtype=\"https:\/\/schema.org\/mainEntityOfPage\" ><span itemprop='name'>Deutz-Fahr 6160 Stage V<\/span><\/span><\/span><\/article><article class='slide-entry flex_column  post-entry post-entry-22142 slide-entry-overview slide-loop-3 slide-parity-odd  av_one_fourth  real-thumbnail posttype-post post-format-standard'  itemscope=\"itemscope\" itemtype=\"https:\/\/schema.org\/BlogPosting\" itemprop=\"blogPost\" ><a href='https:\/\/www.landwirt.com\/news\/lindner-lintrac-130-2\/' data-rel='slide-1' class='slide-image' title='Lindner Lintrac 130'><img decoding=\"async\" fetchpriority=\"high\" width=\"495\" height=\"400\" src=\"https:\/\/www.landwirt.com\/news\/wp-content\/uploads\/2026\/04\/3289-086dae37022862e0bc2a807970471670-6667848-0vb-495x400.jpg\" class=\"wp-image-22145 avia-img-lazy-loading-not-22145 attachment-portfolio size-portfolio wp-post-image\" alt=\"Seitenansicht - Lindner Lintrac 130\" srcset=\"https:\/\/www.landwirt.com\/news\/wp-content\/uploads\/2026\/04\/3289-086dae37022862e0bc2a807970471670-6667848-0vb-495x400.jpg 495w, https:\/\/www.landwirt.com\/news\/wp-content\/uploads\/2026\/04\/3289-086dae37022862e0bc2a807970471670-6667848-0vb-845x684.jpg 845w\" sizes=\"(max-width: 495px) 100vw, 495px\" \/><\/a><div class=\"slide-content\"><header class=\"entry-content-header\" aria-label=\"Slide: Lindner Lintrac 130\"><h3 class='slide-entry-title entry-title '  itemprop=\"headline\" ><a href='https:\/\/www.landwirt.com\/news\/lindner-lintrac-130-2\/' title='Lindner Lintrac 130'>Lindner Lintrac 130<\/a><\/h3><span class=\"av-vertical-delimiter\"><\/span><\/header><div class=\"slide-meta\"><time class='slide-meta-time updated'  itemprop=\"datePublished\" datetime=\"2026-04-23T10:00:00+02:00\" >23. April 2026<\/time><\/div><div class='slide-entry-excerpt entry-content'  itemprop=\"text\" >Lindner Lintrac 130 (2023): 136 PS, 250 Std., TMT11.2 stufenlos, Hinterachslenkung, 50 km\/h, 5x EHS, Powerlink, TOP BLOCK.<\/div><\/div><footer class=\"entry-footer\"><\/footer><span class='hidden'>\n\t\t\t\t<span class='av-structured-data'  itemprop=\"image\" itemscope=\"itemscope\" itemtype=\"https:\/\/schema.org\/ImageObject\" >\n\t\t\t\t\t\t<span itemprop='url'>https:\/\/www.landwirt.com\/news\/wp-content\/uploads\/2026\/04\/3289-086dae37022862e0bc2a807970471670-6667848-0vb.jpg<\/span>\n\t\t\t\t\t\t<span itemprop='height'>1067<\/span>\n\t\t\t\t\t\t<span itemprop='width'>1600<\/span>\n\t\t\t\t<\/span>\n\t\t\t\t<span class='av-structured-data'  itemprop=\"publisher\" itemtype=\"https:\/\/schema.org\/Organization\" itemscope=\"itemscope\" >\n\t\t\t\t\t\t<span itemprop='name'>Alexandra Schauer<\/span>\n\t\t\t\t\t\t<span itemprop='logo' itemscope itemtype='https:\/\/schema.org\/ImageObject'>\n\t\t\t\t\t\t\t<span itemprop='url'>https:\/\/www.landwirt.com\/news\/wp-content\/uploads\/2026\/01\/landwirt.com-news.webp<\/span>\n\t\t\t\t\t\t<\/span>\n\t\t\t\t<\/span><span class='av-structured-data'  itemprop=\"author\" itemscope=\"itemscope\" itemtype=\"https:\/\/schema.org\/Person\" ><span itemprop='name'>Alexandra Schauer<\/span><\/span><span class='av-structured-data'  itemprop=\"datePublished\" datetime=\"2026-04-27T19:31:55+02:00\" >2026-04-23 10:00:00<\/span><span class='av-structured-data'  itemprop=\"dateModified\" itemtype=\"https:\/\/schema.org\/dateModified\" >2026-04-23 00:12:23<\/span><span class='av-structured-data'  itemprop=\"mainEntityOfPage\" itemtype=\"https:\/\/schema.org\/mainEntityOfPage\" ><span itemprop='name'>Lindner Lintrac 130<\/span><\/span><\/span><\/article><article class='slide-entry flex_column  post-entry post-entry-22130 slide-entry-overview slide-loop-4 slide-parity-even  post-entry-last  av_one_fourth  real-thumbnail posttype-post post-format-standard'  itemscope=\"itemscope\" itemtype=\"https:\/\/schema.org\/BlogPosting\" itemprop=\"blogPost\" ><a href='https:\/\/www.landwirt.com\/news\/massey-ferguson-mf-7s-155-dyna-6-efficient\/' data-rel='slide-1' class='slide-image' title='Massey Ferguson MF 7S.155 Dyna-6 Efficient'><img decoding=\"async\" fetchpriority=\"high\" width=\"495\" height=\"400\" src=\"https:\/\/www.landwirt.com\/news\/wp-content\/uploads\/2026\/04\/3727-e4f278cfe2ed17f18fd94801fbdf9a69-6742933-1vb-495x400.jpg\" class=\"wp-image-22134 avia-img-lazy-loading-not-22134 attachment-portfolio size-portfolio wp-post-image\" alt=\"Seitenansicht - Massey Ferguson MF 7S.155 Dyna-6 Efficient\" srcset=\"https:\/\/www.landwirt.com\/news\/wp-content\/uploads\/2026\/04\/3727-e4f278cfe2ed17f18fd94801fbdf9a69-6742933-1vb-495x400.jpg 495w, https:\/\/www.landwirt.com\/news\/wp-content\/uploads\/2026\/04\/3727-e4f278cfe2ed17f18fd94801fbdf9a69-6742933-1vb-845x684.jpg 845w\" sizes=\"(max-width: 495px) 100vw, 495px\" \/><\/a><div class=\"slide-content\"><header class=\"entry-content-header\" aria-label=\"Slide: Massey Ferguson MF 7S.155 Dyna-6 Efficient\"><h3 class='slide-entry-title entry-title '  itemprop=\"headline\" ><a href='https:\/\/www.landwirt.com\/news\/massey-ferguson-mf-7s-155-dyna-6-efficient\/' title='Massey Ferguson MF 7S.155 Dyna-6 Efficient'>Massey Ferguson MF 7S.155 Dyna-6 Efficient<\/a><\/h3><span class=\"av-vertical-delimiter\"><\/span><\/header><div class=\"slide-meta\"><time class='slide-meta-time updated'  itemprop=\"datePublished\" datetime=\"2026-04-22T23:45:26+02:00\" >22. April 2026<\/time><\/div><div class='slide-entry-excerpt entry-content'  itemprop=\"text\" >MF 7S.155 Dyna-6 Efficient (2023): 175 PS, 650 Std., 50 km\/h, 6 DW (4 elektr.), 150 l\/min CCLS, Datatronic 5, ISOBUS.<\/div><\/div><footer class=\"entry-footer\"><\/footer><span class='hidden'>\n\t\t\t\t<span class='av-structured-data'  itemprop=\"image\" itemscope=\"itemscope\" itemtype=\"https:\/\/schema.org\/ImageObject\" >\n\t\t\t\t\t\t<span itemprop='url'>https:\/\/www.landwirt.com\/news\/wp-content\/uploads\/2026\/04\/3727-e4f278cfe2ed17f18fd94801fbdf9a69-6742933-1vb.jpg<\/span>\n\t\t\t\t\t\t<span itemprop='height'>1067<\/span>\n\t\t\t\t\t\t<span itemprop='width'>1600<\/span>\n\t\t\t\t<\/span>\n\t\t\t\t<span class='av-structured-data'  itemprop=\"publisher\" itemtype=\"https:\/\/schema.org\/Organization\" itemscope=\"itemscope\" >\n\t\t\t\t\t\t<span itemprop='name'>Alexandra Schauer<\/span>\n\t\t\t\t\t\t<span itemprop='logo' itemscope itemtype='https:\/\/schema.org\/ImageObject'>\n\t\t\t\t\t\t\t<span itemprop='url'>https:\/\/www.landwirt.com\/news\/wp-content\/uploads\/2026\/01\/landwirt.com-news.webp<\/span>\n\t\t\t\t\t\t<\/span>\n\t\t\t\t<\/span><span class='av-structured-data'  itemprop=\"author\" itemscope=\"itemscope\" itemtype=\"https:\/\/schema.org\/Person\" ><span itemprop='name'>Alexandra Schauer<\/span><\/span><span class='av-structured-data'  itemprop=\"datePublished\" datetime=\"2026-04-27T19:31:55+02:00\" >2026-04-22 23:45:26<\/span><span class='av-structured-data'  itemprop=\"dateModified\" itemtype=\"https:\/\/schema.org\/dateModified\" >2026-04-22 23:45:27<\/span><span class='av-structured-data'  itemprop=\"mainEntityOfPage\" itemtype=\"https:\/\/schema.org\/mainEntityOfPage\" ><span itemprop='name'>Massey Ferguson MF 7S.155 Dyna-6 Efficient<\/span><\/span><\/span><\/article><\/div><\/div><\/div>\n","protected":false},"excerpt":{"rendered":"<p>Deutz-Fahr 6160 Warrior (2024): 160 PS, 30 Std., 50 km\/h ECO, Powershift, LS 120 l\/min, iMonitor3 8&#8243;, RTK <\/p>\n","protected":false},"author":3,"featured_media":22167,"comment_status":"closed","ping_status":"closed","sticky":false,"template":"","format":"standard","meta":{"footnotes":""},"categories":[647],"tags":[],"class_list":["post-22158","post","type-post","status-publish","format-standard","has-post-thumbnail","hentry","category-angebot_im_fokus"],"yoast_head":"<!-- This site is optimized with the Yoast SEO plugin v27.4 - https:\/\/yoast.com\/product\/yoast-seo-wordpress\/ -->\n<title>Deutz-Fahr 6160 Stage V - Landwirt.com News<\/title>\n<meta name=\"description\" content=\"Deutz-Fahr 6160 Warrior (2024): 160 PS, 30 Std., 50 km\/h ECO, 0 Vorbesitzer, Powershift, LS 120 l\/min, iMonitor3 8&quot;, RTK\" \/>\n<meta name=\"robots\" content=\"index, follow, max-snippet:-1, max-image-preview:large, max-video-preview:-1\" \/>\n<meta property=\"og:locale\" content=\"de_DE\" \/>\n<meta property=\"og:type\" content=\"article\" \/>\n<meta property=\"og:title\" content=\"Deutz-Fahr 6160 Stage V\" \/>\n<meta property=\"og:description\" content=\"Deutz-Fahr 6160 Warrior (2024): 160 PS, 30 Std., 50 km\/h ECO, 0 Vorbesitzer, Powershift, LS 120 l\/min, iMonitor3 8&quot;, RTK\" \/>\n<meta property=\"og:url\" content=\"https:\/\/www.landwirt.com\/news\/deutz-fahr-6160-stage-v\/\" \/>\n<meta property=\"og:site_name\" content=\"Landwirt.com News\" \/>\n<meta property=\"article:published_time\" content=\"2026-04-27T17:31:55+00:00\" \/>\n<meta property=\"article:modified_time\" content=\"2026-04-27T17:33:48+00:00\" \/>\n<meta property=\"og:image\" content=\"https:\/\/www.landwirt.com\/news\/wp-content\/uploads\/2026\/04\/Deutz-Fahr-1.jpg\" \/>\n\t<meta property=\"og:image:width\" content=\"600\" \/>\n\t<meta property=\"og:image:height\" content=\"450\" \/>\n\t<meta property=\"og:image:type\" content=\"image\/jpeg\" \/>\n<meta name=\"author\" content=\"Alexandra Schauer\" \/>\n<meta name=\"twitter:card\" content=\"summary_large_image\" \/>\n<meta name=\"twitter:label1\" content=\"Verfasst von\" \/>\n\t<meta name=\"twitter:data1\" content=\"Alexandra Schauer\" \/>\n\t<meta name=\"twitter:label2\" content=\"Gesch\u00e4tzte Lesezeit\" \/>\n\t<meta name=\"twitter:data2\" content=\"5 Minuten\" \/>\n<script type=\"application\/ld+json\" class=\"yoast-schema-graph\">{\"@context\":\"https:\\\/\\\/schema.org\",\"@graph\":[{\"@type\":\"Article\",\"@id\":\"https:\\\/\\\/www.landwirt.com\\\/news\\\/deutz-fahr-6160-stage-v\\\/#article\",\"isPartOf\":{\"@id\":\"https:\\\/\\\/www.landwirt.com\\\/news\\\/deutz-fahr-6160-stage-v\\\/\"},\"author\":{\"name\":\"Alexandra Schauer\",\"@id\":\"https:\\\/\\\/www.landwirt.com\\\/news\\\/#\\\/schema\\\/person\\\/627016cf4cf7fe2189ac7e234990f441\"},\"headline\":\"Deutz-Fahr 6160 Stage V\",\"datePublished\":\"2026-04-27T17:31:55+00:00\",\"dateModified\":\"2026-04-27T17:33:48+00:00\",\"mainEntityOfPage\":{\"@id\":\"https:\\\/\\\/www.landwirt.com\\\/news\\\/deutz-fahr-6160-stage-v\\\/\"},\"wordCount\":4188,\"publisher\":{\"@id\":\"https:\\\/\\\/www.landwirt.com\\\/news\\\/#organization\"},\"image\":{\"@id\":\"https:\\\/\\\/www.landwirt.com\\\/news\\\/deutz-fahr-6160-stage-v\\\/#primaryimage\"},\"thumbnailUrl\":\"https:\\\/\\\/www.landwirt.com\\\/news\\\/wp-content\\\/uploads\\\/2026\\\/04\\\/3207-e9b5ad472bba1c2e36b99088bde06317-6941909-0vb.jpg\",\"articleSection\":[\"Angebot im Fokus\"],\"inLanguage\":\"de-AT\"},{\"@type\":\"WebPage\",\"@id\":\"https:\\\/\\\/www.landwirt.com\\\/news\\\/deutz-fahr-6160-stage-v\\\/\",\"url\":\"https:\\\/\\\/www.landwirt.com\\\/news\\\/deutz-fahr-6160-stage-v\\\/\",\"name\":\"Deutz-Fahr 6160 Stage V - Landwirt.com News\",\"isPartOf\":{\"@id\":\"https:\\\/\\\/www.landwirt.com\\\/news\\\/#website\"},\"primaryImageOfPage\":{\"@id\":\"https:\\\/\\\/www.landwirt.com\\\/news\\\/deutz-fahr-6160-stage-v\\\/#primaryimage\"},\"image\":{\"@id\":\"https:\\\/\\\/www.landwirt.com\\\/news\\\/deutz-fahr-6160-stage-v\\\/#primaryimage\"},\"thumbnailUrl\":\"https:\\\/\\\/www.landwirt.com\\\/news\\\/wp-content\\\/uploads\\\/2026\\\/04\\\/3207-e9b5ad472bba1c2e36b99088bde06317-6941909-0vb.jpg\",\"datePublished\":\"2026-04-27T17:31:55+00:00\",\"dateModified\":\"2026-04-27T17:33:48+00:00\",\"description\":\"Deutz-Fahr 6160 Warrior (2024): 160 PS, 30 Std., 50 km\\\/h ECO, 0 Vorbesitzer, Powershift, LS 120 l\\\/min, iMonitor3 8\\\", RTK\",\"breadcrumb\":{\"@id\":\"https:\\\/\\\/www.landwirt.com\\\/news\\\/deutz-fahr-6160-stage-v\\\/#breadcrumb\"},\"inLanguage\":\"de-AT\",\"potentialAction\":[{\"@type\":\"ReadAction\",\"target\":[\"https:\\\/\\\/www.landwirt.com\\\/news\\\/deutz-fahr-6160-stage-v\\\/\"]}]},{\"@type\":\"ImageObject\",\"inLanguage\":\"de-AT\",\"@id\":\"https:\\\/\\\/www.landwirt.com\\\/news\\\/deutz-fahr-6160-stage-v\\\/#primaryimage\",\"url\":\"https:\\\/\\\/www.landwirt.com\\\/news\\\/wp-content\\\/uploads\\\/2026\\\/04\\\/3207-e9b5ad472bba1c2e36b99088bde06317-6941909-0vb.jpg\",\"contentUrl\":\"https:\\\/\\\/www.landwirt.com\\\/news\\\/wp-content\\\/uploads\\\/2026\\\/04\\\/3207-e9b5ad472bba1c2e36b99088bde06317-6941909-0vb.jpg\",\"width\":1024,\"height\":768,\"caption\":\"Seitenansicht - Deutz-Fahr 6160 Stage V\"},{\"@type\":\"BreadcrumbList\",\"@id\":\"https:\\\/\\\/www.landwirt.com\\\/news\\\/deutz-fahr-6160-stage-v\\\/#breadcrumb\",\"itemListElement\":[{\"@type\":\"ListItem\",\"position\":1,\"name\":\"Home\",\"item\":\"https:\\\/\\\/www.landwirt.com\\\/news\\\/home\\\/\"},{\"@type\":\"ListItem\",\"position\":2,\"name\":\"Deutz-Fahr 6160 Stage V\"}]},{\"@type\":\"WebSite\",\"@id\":\"https:\\\/\\\/www.landwirt.com\\\/news\\\/#website\",\"url\":\"https:\\\/\\\/www.landwirt.com\\\/news\\\/\",\"name\":\"Landwirt.com News\",\"description\":\"Landwirt.com News\",\"publisher\":{\"@id\":\"https:\\\/\\\/www.landwirt.com\\\/news\\\/#organization\"},\"potentialAction\":[{\"@type\":\"SearchAction\",\"target\":{\"@type\":\"EntryPoint\",\"urlTemplate\":\"https:\\\/\\\/www.landwirt.com\\\/news\\\/?s={search_term_string}\"},\"query-input\":{\"@type\":\"PropertyValueSpecification\",\"valueRequired\":true,\"valueName\":\"search_term_string\"}}],\"inLanguage\":\"de-AT\"},{\"@type\":\"Organization\",\"@id\":\"https:\\\/\\\/www.landwirt.com\\\/news\\\/#organization\",\"name\":\"LANDWIRT.COM GMBH\",\"url\":\"https:\\\/\\\/www.landwirt.com\\\/news\\\/\",\"logo\":{\"@type\":\"ImageObject\",\"inLanguage\":\"de-AT\",\"@id\":\"https:\\\/\\\/www.landwirt.com\\\/news\\\/#\\\/schema\\\/logo\\\/image\\\/\",\"url\":\"https:\\\/\\\/www.landwirt.com\\\/news\\\/wp-content\\\/uploads\\\/2020\\\/02\\\/LW-logo.png\",\"contentUrl\":\"https:\\\/\\\/www.landwirt.com\\\/news\\\/wp-content\\\/uploads\\\/2020\\\/02\\\/LW-logo.png\",\"width\":250,\"height\":58,\"caption\":\"LANDWIRT.COM GMBH\"},\"image\":{\"@id\":\"https:\\\/\\\/www.landwirt.com\\\/news\\\/#\\\/schema\\\/logo\\\/image\\\/\"}},{\"@type\":\"Person\",\"@id\":\"https:\\\/\\\/www.landwirt.com\\\/news\\\/#\\\/schema\\\/person\\\/627016cf4cf7fe2189ac7e234990f441\",\"name\":\"Alexandra Schauer\",\"image\":{\"@type\":\"ImageObject\",\"inLanguage\":\"de-AT\",\"@id\":\"https:\\\/\\\/secure.gravatar.com\\\/avatar\\\/7dc000820bab53d1e584af263fe6d4f9133557b5e0a6f573d3b8713ce8629c9f?s=96&d=mm&r=g\",\"url\":\"https:\\\/\\\/secure.gravatar.com\\\/avatar\\\/7dc000820bab53d1e584af263fe6d4f9133557b5e0a6f573d3b8713ce8629c9f?s=96&d=mm&r=g\",\"contentUrl\":\"https:\\\/\\\/secure.gravatar.com\\\/avatar\\\/7dc000820bab53d1e584af263fe6d4f9133557b5e0a6f573d3b8713ce8629c9f?s=96&d=mm&r=g\",\"caption\":\"Alexandra Schauer\"},\"url\":\"https:\\\/\\\/www.landwirt.com\\\/news\\\/author\\\/alex\\\/\"}]}<\/script>\n<!-- \/ Yoast SEO plugin. -->","yoast_head_json":{"title":"Deutz-Fahr 6160 Stage V - Landwirt.com News","description":"Deutz-Fahr 6160 Warrior (2024): 160 PS, 30 Std., 50 km\/h ECO, 0 Vorbesitzer, Powershift, LS 120 l\/min, iMonitor3 8\", RTK","robots":{"index":"index","follow":"follow","max-snippet":"max-snippet:-1","max-image-preview":"max-image-preview:large","max-video-preview":"max-video-preview:-1"},"og_locale":"de_DE","og_type":"article","og_title":"Deutz-Fahr 6160 Stage V","og_description":"Deutz-Fahr 6160 Warrior (2024): 160 PS, 30 Std., 50 km\/h ECO, 0 Vorbesitzer, Powershift, LS 120 l\/min, iMonitor3 8\", RTK","og_url":"https:\/\/www.landwirt.com\/news\/deutz-fahr-6160-stage-v\/","og_site_name":"Landwirt.com News","article_published_time":"2026-04-27T17:31:55+00:00","article_modified_time":"2026-04-27T17:33:48+00:00","og_image":[{"width":600,"height":450,"url":"https:\/\/www.landwirt.com\/news\/wp-content\/uploads\/2026\/04\/Deutz-Fahr-1.jpg","type":"image\/jpeg"}],"author":"Alexandra Schauer","twitter_card":"summary_large_image","twitter_misc":{"Verfasst von":"Alexandra Schauer","Gesch\u00e4tzte Lesezeit":"5 Minuten"},"schema":{"@context":"https:\/\/schema.org","@graph":[{"@type":"Article","@id":"https:\/\/www.landwirt.com\/news\/deutz-fahr-6160-stage-v\/#article","isPartOf":{"@id":"https:\/\/www.landwirt.com\/news\/deutz-fahr-6160-stage-v\/"},"author":{"name":"Alexandra Schauer","@id":"https:\/\/www.landwirt.com\/news\/#\/schema\/person\/627016cf4cf7fe2189ac7e234990f441"},"headline":"Deutz-Fahr 6160 Stage V","datePublished":"2026-04-27T17:31:55+00:00","dateModified":"2026-04-27T17:33:48+00:00","mainEntityOfPage":{"@id":"https:\/\/www.landwirt.com\/news\/deutz-fahr-6160-stage-v\/"},"wordCount":4188,"publisher":{"@id":"https:\/\/www.landwirt.com\/news\/#organization"},"image":{"@id":"https:\/\/www.landwirt.com\/news\/deutz-fahr-6160-stage-v\/#primaryimage"},"thumbnailUrl":"https:\/\/www.landwirt.com\/news\/wp-content\/uploads\/2026\/04\/3207-e9b5ad472bba1c2e36b99088bde06317-6941909-0vb.jpg","articleSection":["Angebot im Fokus"],"inLanguage":"de-AT"},{"@type":"WebPage","@id":"https:\/\/www.landwirt.com\/news\/deutz-fahr-6160-stage-v\/","url":"https:\/\/www.landwirt.com\/news\/deutz-fahr-6160-stage-v\/","name":"Deutz-Fahr 6160 Stage V - Landwirt.com News","isPartOf":{"@id":"https:\/\/www.landwirt.com\/news\/#website"},"primaryImageOfPage":{"@id":"https:\/\/www.landwirt.com\/news\/deutz-fahr-6160-stage-v\/#primaryimage"},"image":{"@id":"https:\/\/www.landwirt.com\/news\/deutz-fahr-6160-stage-v\/#primaryimage"},"thumbnailUrl":"https:\/\/www.landwirt.com\/news\/wp-content\/uploads\/2026\/04\/3207-e9b5ad472bba1c2e36b99088bde06317-6941909-0vb.jpg","datePublished":"2026-04-27T17:31:55+00:00","dateModified":"2026-04-27T17:33:48+00:00","description":"Deutz-Fahr 6160 Warrior (2024): 160 PS, 30 Std., 50 km\/h ECO, 0 Vorbesitzer, Powershift, LS 120 l\/min, iMonitor3 8\", RTK","breadcrumb":{"@id":"https:\/\/www.landwirt.com\/news\/deutz-fahr-6160-stage-v\/#breadcrumb"},"inLanguage":"de-AT","potentialAction":[{"@type":"ReadAction","target":["https:\/\/www.landwirt.com\/news\/deutz-fahr-6160-stage-v\/"]}]},{"@type":"ImageObject","inLanguage":"de-AT","@id":"https:\/\/www.landwirt.com\/news\/deutz-fahr-6160-stage-v\/#primaryimage","url":"https:\/\/www.landwirt.com\/news\/wp-content\/uploads\/2026\/04\/3207-e9b5ad472bba1c2e36b99088bde06317-6941909-0vb.jpg","contentUrl":"https:\/\/www.landwirt.com\/news\/wp-content\/uploads\/2026\/04\/3207-e9b5ad472bba1c2e36b99088bde06317-6941909-0vb.jpg","width":1024,"height":768,"caption":"Seitenansicht - Deutz-Fahr 6160 Stage V"},{"@type":"BreadcrumbList","@id":"https:\/\/www.landwirt.com\/news\/deutz-fahr-6160-stage-v\/#breadcrumb","itemListElement":[{"@type":"ListItem","position":1,"name":"Home","item":"https:\/\/www.landwirt.com\/news\/home\/"},{"@type":"ListItem","position":2,"name":"Deutz-Fahr 6160 Stage V"}]},{"@type":"WebSite","@id":"https:\/\/www.landwirt.com\/news\/#website","url":"https:\/\/www.landwirt.com\/news\/","name":"Landwirt.com News","description":"Landwirt.com News","publisher":{"@id":"https:\/\/www.landwirt.com\/news\/#organization"},"potentialAction":[{"@type":"SearchAction","target":{"@type":"EntryPoint","urlTemplate":"https:\/\/www.landwirt.com\/news\/?s={search_term_string}"},"query-input":{"@type":"PropertyValueSpecification","valueRequired":true,"valueName":"search_term_string"}}],"inLanguage":"de-AT"},{"@type":"Organization","@id":"https:\/\/www.landwirt.com\/news\/#organization","name":"LANDWIRT.COM GMBH","url":"https:\/\/www.landwirt.com\/news\/","logo":{"@type":"ImageObject","inLanguage":"de-AT","@id":"https:\/\/www.landwirt.com\/news\/#\/schema\/logo\/image\/","url":"https:\/\/www.landwirt.com\/news\/wp-content\/uploads\/2020\/02\/LW-logo.png","contentUrl":"https:\/\/www.landwirt.com\/news\/wp-content\/uploads\/2020\/02\/LW-logo.png","width":250,"height":58,"caption":"LANDWIRT.COM GMBH"},"image":{"@id":"https:\/\/www.landwirt.com\/news\/#\/schema\/logo\/image\/"}},{"@type":"Person","@id":"https:\/\/www.landwirt.com\/news\/#\/schema\/person\/627016cf4cf7fe2189ac7e234990f441","name":"Alexandra Schauer","image":{"@type":"ImageObject","inLanguage":"de-AT","@id":"https:\/\/secure.gravatar.com\/avatar\/7dc000820bab53d1e584af263fe6d4f9133557b5e0a6f573d3b8713ce8629c9f?s=96&d=mm&r=g","url":"https:\/\/secure.gravatar.com\/avatar\/7dc000820bab53d1e584af263fe6d4f9133557b5e0a6f573d3b8713ce8629c9f?s=96&d=mm&r=g","contentUrl":"https:\/\/secure.gravatar.com\/avatar\/7dc000820bab53d1e584af263fe6d4f9133557b5e0a6f573d3b8713ce8629c9f?s=96&d=mm&r=g","caption":"Alexandra Schauer"},"url":"https:\/\/www.landwirt.com\/news\/author\/alex\/"}]}},"_links":{"self":[{"href":"https:\/\/www.landwirt.com\/news\/wp-json\/wp\/v2\/posts\/22158","targetHints":{"allow":["GET"]}}],"collection":[{"href":"https:\/\/www.landwirt.com\/news\/wp-json\/wp\/v2\/posts"}],"about":[{"href":"https:\/\/www.landwirt.com\/news\/wp-json\/wp\/v2\/types\/post"}],"author":[{"embeddable":true,"href":"https:\/\/www.landwirt.com\/news\/wp-json\/wp\/v2\/users\/3"}],"replies":[{"embeddable":true,"href":"https:\/\/www.landwirt.com\/news\/wp-json\/wp\/v2\/comments?post=22158"}],"version-history":[{"count":7,"href":"https:\/\/www.landwirt.com\/news\/wp-json\/wp\/v2\/posts\/22158\/revisions"}],"predecessor-version":[{"id":22197,"href":"https:\/\/www.landwirt.com\/news\/wp-json\/wp\/v2\/posts\/22158\/revisions\/22197"}],"wp:featuredmedia":[{"embeddable":true,"href":"https:\/\/www.landwirt.com\/news\/wp-json\/wp\/v2\/media\/22167"}],"wp:attachment":[{"href":"https:\/\/www.landwirt.com\/news\/wp-json\/wp\/v2\/media?parent=22158"}],"wp:term":[{"taxonomy":"category","embeddable":true,"href":"https:\/\/www.landwirt.com\/news\/wp-json\/wp\/v2\/categories?post=22158"},{"taxonomy":"post_tag","embeddable":true,"href":"https:\/\/www.landwirt.com\/news\/wp-json\/wp\/v2\/tags?post=22158"}],"curies":[{"name":"wp","href":"https:\/\/api.w.org\/{rel}","templated":true}]}}