{"id":21873,"date":"2026-04-10T06:00:00","date_gmt":"2026-04-10T04:00:00","guid":{"rendered":"https:\/\/www.landwirt.com\/news\/?p=21873"},"modified":"2026-04-09T22:51:17","modified_gmt":"2026-04-09T20:51:17","slug":"deutz-fahr-agrotron-k-110","status":"publish","type":"post","link":"https:\/\/www.landwirt.com\/news\/deutz-fahr-agrotron-k-110\/","title":{"rendered":"Deutz-Fahr Agrotron K 110"},"content":{"rendered":"\n<style type=\"text\/css\" data-created_by=\"avia_inline_auto\" id=\"style-css-av-mm35nn8s-9fb1203bf4ea92598fa7feedb0f56690\">\n#top .av-special-heading.av-mm35nn8s-9fb1203bf4ea92598fa7feedb0f56690{\npadding-bottom:10px;\n}\nbody .av-special-heading.av-mm35nn8s-9fb1203bf4ea92598fa7feedb0f56690 .av-special-heading-tag .heading-char{\nfont-size:25px;\n}\n.av-special-heading.av-mm35nn8s-9fb1203bf4ea92598fa7feedb0f56690 .av-subheading{\nfont-size:15px;\n}\n<\/style>\n<div  class='av-special-heading av-mm35nn8s-9fb1203bf4ea92598fa7feedb0f56690 av-special-heading-h1 blockquote modern-quote modern-centered  avia-builder-el-0  el_before_av_hr  avia-builder-el-first '><h1 class='av-special-heading-tag '  itemprop=\"headline\"  >Deutz-Fahr Agrotron K 110<\/h1><div class='av-subheading av-subheading_below'><p>Gebrauchtmaschine<\/p>\n<\/div><div class=\"special-heading-border\"><div class=\"special-heading-inner-border\"><\/div><\/div><\/div>\n<div  class='hr av-3rs9tdi-8f7825a22b0ec64f1426e601bb81027b hr-default  avia-builder-el-1  el_after_av_heading  el_before_av_one_half '><span class='hr-inner '><span class=\"hr-inner-style\"><\/span><\/span><\/div>\n<div  class='flex_column av-3jyax9y-c13a5f32769dd8a3af819ecae73c1d36 av_one_half  avia-builder-el-2  el_after_av_hr  el_before_av_one_half  first flex_column_div  '     ><style type=\"text\/css\" data-created_by=\"avia_inline_auto\" id=\"style-css-av-mm35pcdx-17045035225e0dc1ea0f86b0ec06f838\">\n.avia-image-container.av-mm35pcdx-17045035225e0dc1ea0f86b0ec06f838 img.avia_image{\nbox-shadow:none;\n}\n.avia-image-container.av-mm35pcdx-17045035225e0dc1ea0f86b0ec06f838 .av-image-caption-overlay-center{\ncolor:#ffffff;\n}\n<\/style>\n<div  class='avia-image-container av-mm35pcdx-17045035225e0dc1ea0f86b0ec06f838 av-styling- avia-align-center  avia-builder-el-3  avia-builder-el-no-sibling '   itemprop=\"image\" itemscope=\"itemscope\" itemtype=\"https:\/\/schema.org\/ImageObject\" ><div class=\"avia-image-container-inner\"><div class=\"avia-image-overlay-wrap\"><img decoding=\"async\" fetchpriority=\"high\" class='wp-image-21876 avia-img-lazy-loading-not-21876 avia_image ' src=\"https:\/\/www.landwirt.com\/news\/wp-content\/uploads\/2026\/04\/3342-fb3a2efe1d851f3a960b6fe419ecfbc2-5158961-1vb.jpg\" alt='Seitenansicht - Deutz-Fahr Agrotron K 110' title='3342-fb3a2efe1d851f3a960b6fe419ecfbc2-5158961-1vb'  height=\"1200\" width=\"1600\"  itemprop=\"thumbnailUrl\" srcset=\"https:\/\/www.landwirt.com\/news\/wp-content\/uploads\/2026\/04\/3342-fb3a2efe1d851f3a960b6fe419ecfbc2-5158961-1vb.jpg 1600w, https:\/\/www.landwirt.com\/news\/wp-content\/uploads\/2026\/04\/3342-fb3a2efe1d851f3a960b6fe419ecfbc2-5158961-1vb-300x225.jpg 300w, https:\/\/www.landwirt.com\/news\/wp-content\/uploads\/2026\/04\/3342-fb3a2efe1d851f3a960b6fe419ecfbc2-5158961-1vb-1030x773.jpg 1030w, https:\/\/www.landwirt.com\/news\/wp-content\/uploads\/2026\/04\/3342-fb3a2efe1d851f3a960b6fe419ecfbc2-5158961-1vb-768x576.jpg 768w, https:\/\/www.landwirt.com\/news\/wp-content\/uploads\/2026\/04\/3342-fb3a2efe1d851f3a960b6fe419ecfbc2-5158961-1vb-1536x1152.jpg 1536w, https:\/\/www.landwirt.com\/news\/wp-content\/uploads\/2026\/04\/3342-fb3a2efe1d851f3a960b6fe419ecfbc2-5158961-1vb-1500x1125.jpg 1500w, https:\/\/www.landwirt.com\/news\/wp-content\/uploads\/2026\/04\/3342-fb3a2efe1d851f3a960b6fe419ecfbc2-5158961-1vb-705x529.jpg 705w\" sizes=\"(max-width: 1600px) 100vw, 1600px\" \/><\/div><\/div><\/div><\/div><div  class='flex_column av-2u6h052-dd29ac7908d6cc58f75ee744c9cf2578 av_one_half  avia-builder-el-4  el_after_av_one_half  el_before_av_hr  flex_column_div  '     ><p>\n<style type=\"text\/css\" data-created_by=\"avia_inline_auto\" id=\"style-css-av-mm35pmyz-5ceacddb3d25ee11559222fadc6aa95f\">\n.avia-image-container.av-mm35pmyz-5ceacddb3d25ee11559222fadc6aa95f img.avia_image{\nbox-shadow:none;\n}\n.avia-image-container.av-mm35pmyz-5ceacddb3d25ee11559222fadc6aa95f .av-image-caption-overlay-center{\ncolor:#ffffff;\n}\n<\/style>\n<div  class='avia-image-container av-mm35pmyz-5ceacddb3d25ee11559222fadc6aa95f av-styling- avia-align-center  avia-builder-el-5  el_before_av_textblock  avia-builder-el-first '   itemprop=\"image\" itemscope=\"itemscope\" itemtype=\"https:\/\/schema.org\/ImageObject\" ><div class=\"avia-image-container-inner\"><div class=\"avia-image-overlay-wrap\"><img decoding=\"async\" fetchpriority=\"high\" class='wp-image-21874 avia-img-lazy-loading-not-21874 avia_image ' src=\"https:\/\/www.landwirt.com\/news\/wp-content\/uploads\/2026\/04\/3342-fb3a2efe1d851f3a960b6fe419ecfbc2-5158961-12vb.jpg\" alt='Innenansicht - Deutz-Fahr Agrotron K 110' title='3342-fb3a2efe1d851f3a960b6fe419ecfbc2-5158961-12vb'  height=\"1200\" width=\"1600\"  itemprop=\"thumbnailUrl\" srcset=\"https:\/\/www.landwirt.com\/news\/wp-content\/uploads\/2026\/04\/3342-fb3a2efe1d851f3a960b6fe419ecfbc2-5158961-12vb.jpg 1600w, https:\/\/www.landwirt.com\/news\/wp-content\/uploads\/2026\/04\/3342-fb3a2efe1d851f3a960b6fe419ecfbc2-5158961-12vb-300x225.jpg 300w, https:\/\/www.landwirt.com\/news\/wp-content\/uploads\/2026\/04\/3342-fb3a2efe1d851f3a960b6fe419ecfbc2-5158961-12vb-1030x773.jpg 1030w, https:\/\/www.landwirt.com\/news\/wp-content\/uploads\/2026\/04\/3342-fb3a2efe1d851f3a960b6fe419ecfbc2-5158961-12vb-768x576.jpg 768w, https:\/\/www.landwirt.com\/news\/wp-content\/uploads\/2026\/04\/3342-fb3a2efe1d851f3a960b6fe419ecfbc2-5158961-12vb-1536x1152.jpg 1536w, https:\/\/www.landwirt.com\/news\/wp-content\/uploads\/2026\/04\/3342-fb3a2efe1d851f3a960b6fe419ecfbc2-5158961-12vb-1500x1125.jpg 1500w, https:\/\/www.landwirt.com\/news\/wp-content\/uploads\/2026\/04\/3342-fb3a2efe1d851f3a960b6fe419ecfbc2-5158961-12vb-705x529.jpg 705w\" sizes=\"(max-width: 1600px) 100vw, 1600px\" \/><\/div><\/div><\/div><br \/>\n<section  class='av_textblock_section av-mm3bheo3-1cc9eabda14fc1ba702d77c4d015af4a '   itemscope=\"itemscope\" itemtype=\"https:\/\/schema.org\/BlogPosting\" itemprop=\"blogPost\" ><div class='avia_textblock'  itemprop=\"text\" ><p style=\"text-align: right;\"><a href=\"https:\/\/www.landwirt.com\/detail\/deutz-fahr-agrotron-k-110-5158961?utm_source=discover&amp;utm_medium=Angebot+im+Fokus&amp;utm_campaign=news_artikel&amp;utm_id=5158961&amp;utm_term=5158961&amp;utm_content=traktor_des_tages\">Mehr Bilder zu diesem Traktor<\/a><\/p>\n<\/div><\/section><\/p><\/div>\n<style type=\"text\/css\" data-created_by=\"avia_inline_auto\" id=\"style-css-av-mm3bdro3-2f8612d0198ad2d19d9496aba9d17480\">\n#top .hr.hr-invisible.av-mm3bdro3-2f8612d0198ad2d19d9496aba9d17480{\nheight:20px;\n}\n<\/style>\n<div  class='hr av-mm3bdro3-2f8612d0198ad2d19d9496aba9d17480 hr-invisible  avia-builder-el-7  el_after_av_one_half  el_before_av_textblock '><span class='hr-inner '><span class=\"hr-inner-style\"><\/span><\/span><\/div><\/p>\n<section  class='av_textblock_section av-mm35o9kb-66c57664b4eebd373c8fb27c327e8417 '   itemscope=\"itemscope\" itemtype=\"https:\/\/schema.org\/BlogPosting\" itemprop=\"blogPost\" ><div class='avia_textblock'  itemprop=\"text\" ><h3 style=\"text-align: center;\">Deutz-Fahr Agrotron K 110 (2006): 119 PS, 7.162 Stunden und Frontzapfwelle \u2013 Klasse 2<\/h3>\n<\/div><\/section>\n\n<style type=\"text\/css\" data-created_by=\"avia_inline_auto\" id=\"style-css-av-kzf8pj-9bfb9bc98ebe022d8ad89d3f29d0a43d\">\n#top .hr.hr-invisible.av-kzf8pj-9bfb9bc98ebe022d8ad89d3f29d0a43d{\nheight:20px;\n}\n<\/style>\n<div  class='hr av-kzf8pj-9bfb9bc98ebe022d8ad89d3f29d0a43d hr-invisible  avia-builder-el-9  el_after_av_textblock  el_before_av_textblock '><span class='hr-inner '><span class=\"hr-inner-style\"><\/span><\/span><\/div>\n<section  class='av_textblock_section av-mm35qmwk-554b25ab953cc91e8fe26c1810156f8f '   itemscope=\"itemscope\" itemtype=\"https:\/\/schema.org\/BlogPosting\" itemprop=\"blogPost\" ><div class='avia_textblock'  itemprop=\"text\" ><p data-start=\"738\" data-end=\"1225\">Der <strong data-start=\"742\" data-end=\"771\">Deutz-Fahr Agrotron K 110<\/strong> (Agrotron K, 1. Serie) ist als klassischer Allroundtraktor positioniert \u2013 mit Ausstattung f\u00fcr Front- und Heckarbeit sowie einem praxisorientierten Getriebekonzept. Das angebotene Fahrzeug ist <strong data-start=\"964\" data-end=\"980\">Baujahr 2006<\/strong> (Erstanmeldung <strong data-start=\"996\" data-end=\"1010\">18.04.2006<\/strong>), weist <strong data-start=\"1019\" data-end=\"1044\">7.162 Betriebsstunden<\/strong> auf und wird im Zustand <strong data-start=\"1069\" data-end=\"1089\">\u201eGut (Klasse 2)\u201d<\/strong> gef\u00fchrt (Nr.\/Interne Nummer 63620). Ausgewiesen sind <strong data-start=\"1147\" data-end=\"1165\">119 PS (88 kW)<\/strong> aus einem <strong data-start=\"1176\" data-end=\"1190\">4-Zylinder<\/strong>; Abgasstufe <strong data-start=\"1203\" data-end=\"1224\">Tier 2 \/ Stage II<\/strong>.<\/p>\n<h4 data-start=\"1227\" data-end=\"1284\">Antrieb &amp; Getriebe: 3-fach Lastschaltung und 40 km\/h<\/h4>\n<p data-start=\"1285\" data-end=\"1564\">In den technischen Daten ist <strong data-start=\"1314\" data-end=\"1331\">Allradantrieb<\/strong> und eine <strong data-start=\"1341\" data-end=\"1378\">H\u00f6chstgeschwindigkeit von 40 km\/h<\/strong> angegeben. In der Beschreibung wird ein <strong data-start=\"1419\" data-end=\"1462\">Schaltgetriebe mit 3-fach Lastschaltung<\/strong> genannt; au\u00dferdem <strong data-start=\"1481\" data-end=\"1497\">Powershuttle<\/strong>. Der Motor ist als <strong data-start=\"1517\" data-end=\"1551\">Turbolader mit Ladeluftk\u00fchlung<\/strong> ausgewiesen.<\/p>\n<h4 data-start=\"1566\" data-end=\"1628\">Zapfwelle, Hydraulik &amp; Heck: 3 DW, EHR und Au\u00dfenbedienung<\/h4>\n<p data-start=\"1629\" data-end=\"2019\">Die Zapfwellendrehzahlen sind mit <strong data-start=\"1663\" data-end=\"1686\">540\/540E\/1000\/1000E<\/strong> angegeben. Hydraulisch sind <strong data-start=\"1715\" data-end=\"1736\">3 DW-Steuerger\u00e4te<\/strong> genannt, dazu <strong data-start=\"1751\" data-end=\"1758\">EHR<\/strong>. Aufgef\u00fchrt sind au\u00dferdem <strong data-start=\"1785\" data-end=\"1817\">Au\u00dfenbedienung Heckhydraulik<\/strong> und <strong data-start=\"1822\" data-end=\"1854\">Au\u00dfenbedienung Heckzapfwelle<\/strong>; in der Beschreibung werden Au\u00dfentaster f\u00fcr <strong data-start=\"1899\" data-end=\"1915\">Heben\/Senken<\/strong> sowie f\u00fcr die <strong data-start=\"1930\" data-end=\"1943\">Zapfwelle<\/strong> erw\u00e4hnt. Eine <strong data-start=\"1958\" data-end=\"1993\">Druckluftbremse\/Druckluftanlage<\/strong> ist ebenfalls aufgef\u00fchrt.<\/p>\n<h4 data-start=\"2021\" data-end=\"2074\">Frontausr\u00fcstung: Fronthubwerk und Frontzapfwelle<\/h4>\n<p data-start=\"2075\" data-end=\"2312\">Frontseitig sind <strong data-start=\"2092\" data-end=\"2110\">Fronthydraulik<\/strong> und <strong data-start=\"2115\" data-end=\"2133\">Frontzapfwelle<\/strong> angegeben. In der Beschreibung wird ein <strong data-start=\"2174\" data-end=\"2202\">Stemplinger Fronthubwerk<\/strong> mit <strong data-start=\"2207\" data-end=\"2225\">Frontzapfwelle<\/strong> genannt \u2013 ein praxisrelevantes Merkmal, wenn Frontger\u00e4te regelm\u00e4\u00dfig eingesetzt werden.<\/p>\n<h4 data-start=\"2314\" data-end=\"2372\">Kabine &amp; Ausstattung: Klima, Luftsitz und Beleuchtung<\/h4>\n<p data-start=\"2373\" data-end=\"2639\">Als Plattform ist eine <strong data-start=\"2396\" data-end=\"2406\">Kabine<\/strong> angegeben, mit <strong data-start=\"2422\" data-end=\"2437\">Klimaanlage<\/strong>, <strong data-start=\"2439\" data-end=\"2451\">Luftsitz<\/strong> und <strong data-start=\"2456\" data-end=\"2465\">Radio<\/strong>; in der Beschreibung werden zus\u00e4tzlich <strong data-start=\"2505\" data-end=\"2522\">Beifahrersitz<\/strong> und <strong data-start=\"2527\" data-end=\"2538\">Heizung<\/strong> genannt. Die Arbeitsbeleuchtung ist mit <strong data-start=\"2579\" data-end=\"2611\">4 Arbeitsscheinwerfern vorne<\/strong> und <strong data-start=\"2616\" data-end=\"2628\">4 hinten<\/strong> angegeben.<\/p>\n<h4 data-start=\"2641\" data-end=\"2694\">Bereifung: unterschiedliche Angaben im Datensatz<\/h4>\n<p data-start=\"2695\" data-end=\"3025\">In den technischen Daten ist die Bereifung mit <strong data-start=\"2742\" data-end=\"2755\">420\/70R28<\/strong> vorne und <strong data-start=\"2766\" data-end=\"2779\">580\/70R38<\/strong> hinten angegeben, Profil <strong data-start=\"2805\" data-end=\"2818\">20% vorne<\/strong> und <strong data-start=\"2823\" data-end=\"2837\">30% hinten<\/strong>. In der Beschreibung werden jedoch andere Dimensionen und Profilwerte genannt (<strong data-start=\"2917\" data-end=\"2934\">480\/70R28 30%<\/strong> vorne, <strong data-start=\"2942\" data-end=\"2959\">520\/70R38 20%<\/strong> hinten). Beide Angaben stammen aus den gelieferten Informationen.<\/p>\n<\/div><\/section>\n<div  class='flex_column av-pfkut0-832981c6ee47ba665ef1fc4fd5f4b7a3 av_one_half  avia-builder-el-11  el_after_av_textblock  el_before_av_hr  first flex_column_div  column-top-margin'     ><section  class='av_textblock_section av-mndgo38j-ee827670c4a9d5171f96cf7f6064141d '   itemscope=\"itemscope\" itemtype=\"https:\/\/schema.org\/BlogPosting\" itemprop=\"blogPost\" ><div class='avia_textblock'  itemprop=\"text\" ><p><strong data-start=\"3120\" data-end=\"3132\">Preis:<\/strong><\/p>\n<div>\n<div class=\"text-base min-h-6 w-auto text-ellipsis overflow-hidden whitespace-nowrap\">\n<div>\n<div class=\"text-base min-h-6 w-auto text-ellipsis overflow-hidden whitespace-nowrap\"><\/div>\n<\/div>\n<\/div>\n<\/div>\n<div class=\"line-through text-red-lawi-100 text-2xl\">47.922 \u20ac<span class=\"font-normal text-sm text-grey-300 dark:text-git-text-100 block print:!text-black\">inkl. 13% MwSt.\/Verm.\u00a0<\/span><\/div>\n<\/div><\/section><\/div><div  class='hr av-v34y1f-691f21d72d8302a6283b9090bf73cdf3 hr-default  avia-builder-el-13  el_after_av_one_half  el_before_av_one_half '><span class='hr-inner '><span class=\"hr-inner-style\"><\/span><\/span><\/div><\/p>\n<div  class='flex_column av-1c19yqe-efde6a8337cfe21837db587e42e5741e av_one_half  avia-builder-el-14  el_after_av_hr  el_before_av_one_half  first flex_column_div  '     ><section  class='av_textblock_section av-mm35vm8v-43252b4a6ac5dc35dad751f48481c8c9 '   itemscope=\"itemscope\" itemtype=\"https:\/\/schema.org\/BlogPosting\" itemprop=\"blogPost\" ><div class='avia_textblock'  itemprop=\"text\" ><p><strong data-start=\"3120\" data-end=\"3132\">H\u00e4ndler:<\/strong><\/p>\n<div>\n<div class=\"text-base min-h-6 w-auto text-ellipsis overflow-hidden whitespace-nowrap\">\n<div>\n<div class=\"text-base min-h-6 w-auto text-ellipsis overflow-hidden whitespace-nowrap\">\n<div>\n<div class=\"text-base min-h-6 w-auto text-ellipsis overflow-hidden whitespace-nowrap\">\n<div>\n<div class=\"text-base min-h-6 w-auto text-ellipsis overflow-hidden whitespace-nowrap\">\n<div>\n<div class=\"text-base min-h-6 w-auto text-ellipsis overflow-hidden whitespace-nowrap\">\n<div>\n<div class=\"text-base min-h-6 w-auto text-ellipsis overflow-hidden whitespace-nowrap\">\n<div>\n<div class=\"text-base min-h-6 w-auto text-ellipsis overflow-hidden whitespace-nowrap\">\n<div>\n<div class=\"text-base min-h-6 w-auto text-ellipsis overflow-hidden whitespace-nowrap\">\n<div>\n<div class=\"text-base min-h-6 w-auto text-ellipsis overflow-hidden whitespace-nowrap\"><a class=\"hover:underline\" href=\"https:\/\/www.landwirt.com\/dealer\/info\/schwarzmayr-landtechnik-gmbh-aurolzmuenster-3342\"><strong>Schwarzmayr Landtechnik GmbH &#8211; Aurolzm\u00fcnster<\/strong><\/a><\/p>\n<div>\n<div class=\"text-base min-h-6 w-auto text-ellipsis overflow-hidden whitespace-nowrap block\" title=\"Kochreith 10\">Kochreith 10<\/div>\n<div class=\"text-base min-h-6 w-auto text-ellipsis overflow-hidden whitespace-nowrap\">4971 &#8211; Aurolzm\u00fcnster<\/div>\n<div class=\"text-base min-h-6 w-auto text-ellipsis overflow-hidden whitespace-nowrap\">Ober\u00f6sterreich \u00d6sterreich<\/div>\n<\/div>\n<\/div>\n<\/div>\n<\/div>\n<\/div>\n<\/div>\n<\/div>\n<\/div>\n<\/div>\n<\/div>\n<\/div>\n<\/div>\n<\/div>\n<\/div>\n<\/div>\n<\/div>\n<\/div>\n<\/div>\n<\/div>\n<p>Redaktionell bearbeitet von: Alina Neuhold<\/p>\n<\/div><\/section><\/div><div  class='flex_column av-ifk1w6-ba1bc9bbefdd8ec3f699b5b6c1da3beb av_one_half  avia-builder-el-16  el_after_av_one_half  el_before_av_hr  flex_column_div  '     ><div  class='avia-button-wrap av-mm3bt0vj-779082ae22ffdcf6f2b6b6b1ef51345a-wrap avia-button-left  avia-builder-el-17  avia-builder-el-no-sibling '><a href='https:\/\/www.landwirt.com\/detail\/deutz-fahr-agrotron-k-110-5158961?utm_source=discover&utm_medium=Angebot+im+Fokus&utm_campaign=news_artikel&utm_id=5158961&utm_term=5158961&utm_content=traktor_des_tages'  class='avia-button av-mm3bt0vj-779082ae22ffdcf6f2b6b6b1ef51345a av-link-btn avia-icon_select-no avia-size-large avia-position-left avia-color-theme-color'   aria-label=\"Mehr Infos zu diesem Traktor\"><span class='avia_iconbox_title' >Mehr Infos zu diesem Traktor<\/span><\/a><\/div><\/div><div  class='hr av-nzd52c-566c1705e017c25292984d98d139eb38 hr-default  avia-builder-el-18  el_after_av_one_half  el_before_av_textblock '><span class='hr-inner '><span class=\"hr-inner-style\"><\/span><\/span><\/div><\/p>\n<section  class='av_textblock_section av-mng1ehd5-3e35a468f7218f42ac87233a6f323e15 '   itemscope=\"itemscope\" itemtype=\"https:\/\/schema.org\/BlogPosting\" itemprop=\"blogPost\" ><div class='avia_textblock'  itemprop=\"text\" ><h2 style=\"text-align: center;\">Weitere Traktoren im \u00dcberblick<\/h2>\n<\/div><\/section>\n<div  data-slideshow-options=\"{&quot;animation&quot;:&quot;fade&quot;,&quot;autoplay&quot;:false,&quot;loop_autoplay&quot;:&quot;once&quot;,&quot;interval&quot;:5,&quot;loop_manual&quot;:&quot;manual-endless&quot;,&quot;autoplay_stopper&quot;:false,&quot;noNavigation&quot;:false,&quot;show_slide_delay&quot;:90}\" class='avia-content-slider avia-content-grid-active avia-content-slider1 avia-content-slider-even  avia-builder-el-20  el_after_av_textblock  avia-builder-el-last  av-slideshow-ui av-control-default   av-no-slider-navigation av-slideshow-manual av-loop-once av-loop-manual-endless '  itemscope=\"itemscope\" itemtype=\"https:\/\/schema.org\/Blog\" ><div class=\"avia-content-slider-inner\"><div class=\"slide-entry-wrap\"><article class='slide-entry flex_column  post-entry post-entry-22199 slide-entry-overview slide-loop-1 slide-parity-odd  av_one_fourth first real-thumbnail posttype-post post-format-standard'  itemscope=\"itemscope\" itemtype=\"https:\/\/schema.org\/BlogPosting\" itemprop=\"blogPost\" ><a href='https:\/\/www.landwirt.com\/news\/fendt-714-vario-power\/' data-rel='slide-1' class='slide-image' title='Fendt 714 Vario Power'><img decoding=\"async\" fetchpriority=\"high\" width=\"495\" height=\"400\" src=\"https:\/\/www.landwirt.com\/news\/wp-content\/uploads\/2026\/04\/3379-5fe1166ffa8be715e4656e0a8065b659-6849261-0vb-495x400.jpg\" class=\"wp-image-22201 avia-img-lazy-loading-not-22201 attachment-portfolio size-portfolio wp-post-image\" alt=\"Seitenansicht - Fendt 714 Vario Power\" srcset=\"https:\/\/www.landwirt.com\/news\/wp-content\/uploads\/2026\/04\/3379-5fe1166ffa8be715e4656e0a8065b659-6849261-0vb-495x400.jpg 495w, https:\/\/www.landwirt.com\/news\/wp-content\/uploads\/2026\/04\/3379-5fe1166ffa8be715e4656e0a8065b659-6849261-0vb-845x684.jpg 845w\" sizes=\"(max-width: 495px) 100vw, 495px\" \/><\/a><div class=\"slide-content\"><header class=\"entry-content-header\" aria-label=\"Slide: Fendt 714 Vario Power\"><h3 class='slide-entry-title entry-title '  itemprop=\"headline\" ><a href='https:\/\/www.landwirt.com\/news\/fendt-714-vario-power\/' title='Fendt 714 Vario Power'>Fendt 714 Vario Power<\/a><\/h3><span class=\"av-vertical-delimiter\"><\/span><\/header><div class=\"slide-meta\"><time class='slide-meta-time updated'  itemprop=\"datePublished\" datetime=\"2026-04-28T02:00:00+02:00\" >28. April 2026<\/time><\/div><div class='slide-entry-excerpt entry-content'  itemprop=\"text\" >Fendt 714 Vario Power (2024): 150 PS, 87 Std., stufenlos, 50 km\/h, Frontzapfwelle\/FKH, 4 DW, LS\/Power Beyond (gen.), Michelin 95%.<\/div><\/div><footer class=\"entry-footer\"><\/footer><span class='hidden'>\n\t\t\t\t<span class='av-structured-data'  itemprop=\"image\" itemscope=\"itemscope\" itemtype=\"https:\/\/schema.org\/ImageObject\" >\n\t\t\t\t\t\t<span itemprop='url'>https:\/\/www.landwirt.com\/news\/wp-content\/uploads\/2026\/04\/3379-5fe1166ffa8be715e4656e0a8065b659-6849261-0vb.jpg<\/span>\n\t\t\t\t\t\t<span itemprop='height'>1200<\/span>\n\t\t\t\t\t\t<span itemprop='width'>1600<\/span>\n\t\t\t\t<\/span>\n\t\t\t\t<span class='av-structured-data'  itemprop=\"publisher\" itemtype=\"https:\/\/schema.org\/Organization\" itemscope=\"itemscope\" >\n\t\t\t\t\t\t<span itemprop='name'>Alexandra Schauer<\/span>\n\t\t\t\t\t\t<span itemprop='logo' itemscope itemtype='https:\/\/schema.org\/ImageObject'>\n\t\t\t\t\t\t\t<span itemprop='url'>https:\/\/www.landwirt.com\/news\/wp-content\/uploads\/2026\/01\/landwirt.com-news.webp<\/span>\n\t\t\t\t\t\t<\/span>\n\t\t\t\t<\/span><span class='av-structured-data'  itemprop=\"author\" itemscope=\"itemscope\" itemtype=\"https:\/\/schema.org\/Person\" ><span itemprop='name'>Alexandra Schauer<\/span><\/span><span class='av-structured-data'  itemprop=\"datePublished\" datetime=\"2026-04-10T06:00:00+02:00\" >2026-04-28 02:00:00<\/span><span class='av-structured-data'  itemprop=\"dateModified\" itemtype=\"https:\/\/schema.org\/dateModified\" >2026-04-27 19:46:54<\/span><span class='av-structured-data'  itemprop=\"mainEntityOfPage\" itemtype=\"https:\/\/schema.org\/mainEntityOfPage\" ><span itemprop='name'>Fendt 714 Vario Power<\/span><\/span><\/span><\/article><article class='slide-entry flex_column  post-entry post-entry-22158 slide-entry-overview slide-loop-2 slide-parity-even  av_one_fourth  real-thumbnail posttype-post post-format-standard'  itemscope=\"itemscope\" itemtype=\"https:\/\/schema.org\/BlogPosting\" itemprop=\"blogPost\" ><a href='https:\/\/www.landwirt.com\/news\/deutz-fahr-6160-stage-v\/' data-rel='slide-1' class='slide-image' title='Deutz-Fahr 6160 Stage V'><img decoding=\"async\" fetchpriority=\"high\" width=\"495\" height=\"400\" src=\"https:\/\/www.landwirt.com\/news\/wp-content\/uploads\/2026\/04\/3207-e9b5ad472bba1c2e36b99088bde06317-6941909-0vb-495x400.jpg\" class=\"wp-image-22167 avia-img-lazy-loading-not-22167 attachment-portfolio size-portfolio wp-post-image\" alt=\"Seitenansicht - Deutz-Fahr 6160 Stage V\" srcset=\"https:\/\/www.landwirt.com\/news\/wp-content\/uploads\/2026\/04\/3207-e9b5ad472bba1c2e36b99088bde06317-6941909-0vb-495x400.jpg 495w, https:\/\/www.landwirt.com\/news\/wp-content\/uploads\/2026\/04\/3207-e9b5ad472bba1c2e36b99088bde06317-6941909-0vb-845x684.jpg 845w\" sizes=\"(max-width: 495px) 100vw, 495px\" \/><\/a><div class=\"slide-content\"><header class=\"entry-content-header\" aria-label=\"Slide: Deutz-Fahr 6160 Stage V\"><h3 class='slide-entry-title entry-title '  itemprop=\"headline\" ><a href='https:\/\/www.landwirt.com\/news\/deutz-fahr-6160-stage-v\/' title='Deutz-Fahr 6160 Stage V'>Deutz-Fahr 6160 Stage V<\/a><\/h3><span class=\"av-vertical-delimiter\"><\/span><\/header><div class=\"slide-meta\"><time class='slide-meta-time updated'  itemprop=\"datePublished\" datetime=\"2026-04-27T19:31:55+02:00\" >27. April 2026<\/time><\/div><div class='slide-entry-excerpt entry-content'  itemprop=\"text\" >Deutz-Fahr 6160 Warrior (2024): 160 PS, 30 Std., 50 km\/h ECO, Powershift, LS 120 l\/min, iMonitor3 8\", RTK<\/div><\/div><footer class=\"entry-footer\"><\/footer><span class='hidden'>\n\t\t\t\t<span class='av-structured-data'  itemprop=\"image\" itemscope=\"itemscope\" itemtype=\"https:\/\/schema.org\/ImageObject\" >\n\t\t\t\t\t\t<span itemprop='url'>https:\/\/www.landwirt.com\/news\/wp-content\/uploads\/2026\/04\/3207-e9b5ad472bba1c2e36b99088bde06317-6941909-0vb.jpg<\/span>\n\t\t\t\t\t\t<span itemprop='height'>768<\/span>\n\t\t\t\t\t\t<span itemprop='width'>1024<\/span>\n\t\t\t\t<\/span>\n\t\t\t\t<span class='av-structured-data'  itemprop=\"publisher\" itemtype=\"https:\/\/schema.org\/Organization\" itemscope=\"itemscope\" >\n\t\t\t\t\t\t<span itemprop='name'>Alexandra Schauer<\/span>\n\t\t\t\t\t\t<span itemprop='logo' itemscope itemtype='https:\/\/schema.org\/ImageObject'>\n\t\t\t\t\t\t\t<span itemprop='url'>https:\/\/www.landwirt.com\/news\/wp-content\/uploads\/2026\/01\/landwirt.com-news.webp<\/span>\n\t\t\t\t\t\t<\/span>\n\t\t\t\t<\/span><span class='av-structured-data'  itemprop=\"author\" itemscope=\"itemscope\" itemtype=\"https:\/\/schema.org\/Person\" ><span itemprop='name'>Alexandra Schauer<\/span><\/span><span class='av-structured-data'  itemprop=\"datePublished\" datetime=\"2026-04-10T06:00:00+02:00\" >2026-04-27 19:31:55<\/span><span class='av-structured-data'  itemprop=\"dateModified\" itemtype=\"https:\/\/schema.org\/dateModified\" >2026-04-27 19:33:48<\/span><span class='av-structured-data'  itemprop=\"mainEntityOfPage\" itemtype=\"https:\/\/schema.org\/mainEntityOfPage\" ><span itemprop='name'>Deutz-Fahr 6160 Stage V<\/span><\/span><\/span><\/article><article class='slide-entry flex_column  post-entry post-entry-22142 slide-entry-overview slide-loop-3 slide-parity-odd  av_one_fourth  real-thumbnail posttype-post post-format-standard'  itemscope=\"itemscope\" itemtype=\"https:\/\/schema.org\/BlogPosting\" itemprop=\"blogPost\" ><a href='https:\/\/www.landwirt.com\/news\/lindner-lintrac-130-2\/' data-rel='slide-1' class='slide-image' title='Lindner Lintrac 130'><img decoding=\"async\" fetchpriority=\"high\" width=\"495\" height=\"400\" src=\"https:\/\/www.landwirt.com\/news\/wp-content\/uploads\/2026\/04\/3289-086dae37022862e0bc2a807970471670-6667848-0vb-495x400.jpg\" class=\"wp-image-22145 avia-img-lazy-loading-not-22145 attachment-portfolio size-portfolio wp-post-image\" alt=\"Seitenansicht - Lindner Lintrac 130\" srcset=\"https:\/\/www.landwirt.com\/news\/wp-content\/uploads\/2026\/04\/3289-086dae37022862e0bc2a807970471670-6667848-0vb-495x400.jpg 495w, https:\/\/www.landwirt.com\/news\/wp-content\/uploads\/2026\/04\/3289-086dae37022862e0bc2a807970471670-6667848-0vb-845x684.jpg 845w\" sizes=\"(max-width: 495px) 100vw, 495px\" \/><\/a><div class=\"slide-content\"><header class=\"entry-content-header\" aria-label=\"Slide: Lindner Lintrac 130\"><h3 class='slide-entry-title entry-title '  itemprop=\"headline\" ><a href='https:\/\/www.landwirt.com\/news\/lindner-lintrac-130-2\/' title='Lindner Lintrac 130'>Lindner Lintrac 130<\/a><\/h3><span class=\"av-vertical-delimiter\"><\/span><\/header><div class=\"slide-meta\"><time class='slide-meta-time updated'  itemprop=\"datePublished\" datetime=\"2026-04-23T10:00:00+02:00\" >23. April 2026<\/time><\/div><div class='slide-entry-excerpt entry-content'  itemprop=\"text\" >Lindner Lintrac 130 (2023): 136 PS, 250 Std., TMT11.2 stufenlos, Hinterachslenkung, 50 km\/h, 5x EHS, Powerlink, TOP BLOCK.<\/div><\/div><footer class=\"entry-footer\"><\/footer><span class='hidden'>\n\t\t\t\t<span class='av-structured-data'  itemprop=\"image\" itemscope=\"itemscope\" itemtype=\"https:\/\/schema.org\/ImageObject\" >\n\t\t\t\t\t\t<span itemprop='url'>https:\/\/www.landwirt.com\/news\/wp-content\/uploads\/2026\/04\/3289-086dae37022862e0bc2a807970471670-6667848-0vb.jpg<\/span>\n\t\t\t\t\t\t<span itemprop='height'>1067<\/span>\n\t\t\t\t\t\t<span itemprop='width'>1600<\/span>\n\t\t\t\t<\/span>\n\t\t\t\t<span class='av-structured-data'  itemprop=\"publisher\" itemtype=\"https:\/\/schema.org\/Organization\" itemscope=\"itemscope\" >\n\t\t\t\t\t\t<span itemprop='name'>Alexandra Schauer<\/span>\n\t\t\t\t\t\t<span itemprop='logo' itemscope itemtype='https:\/\/schema.org\/ImageObject'>\n\t\t\t\t\t\t\t<span itemprop='url'>https:\/\/www.landwirt.com\/news\/wp-content\/uploads\/2026\/01\/landwirt.com-news.webp<\/span>\n\t\t\t\t\t\t<\/span>\n\t\t\t\t<\/span><span class='av-structured-data'  itemprop=\"author\" itemscope=\"itemscope\" itemtype=\"https:\/\/schema.org\/Person\" ><span itemprop='name'>Alexandra Schauer<\/span><\/span><span class='av-structured-data'  itemprop=\"datePublished\" datetime=\"2026-04-10T06:00:00+02:00\" >2026-04-23 10:00:00<\/span><span class='av-structured-data'  itemprop=\"dateModified\" itemtype=\"https:\/\/schema.org\/dateModified\" >2026-04-23 00:12:23<\/span><span class='av-structured-data'  itemprop=\"mainEntityOfPage\" itemtype=\"https:\/\/schema.org\/mainEntityOfPage\" ><span itemprop='name'>Lindner Lintrac 130<\/span><\/span><\/span><\/article><article class='slide-entry flex_column  post-entry post-entry-22130 slide-entry-overview slide-loop-4 slide-parity-even  post-entry-last  av_one_fourth  real-thumbnail posttype-post post-format-standard'  itemscope=\"itemscope\" itemtype=\"https:\/\/schema.org\/BlogPosting\" itemprop=\"blogPost\" ><a href='https:\/\/www.landwirt.com\/news\/massey-ferguson-mf-7s-155-dyna-6-efficient\/' data-rel='slide-1' class='slide-image' title='Massey Ferguson MF 7S.155 Dyna-6 Efficient'><img decoding=\"async\" fetchpriority=\"high\" width=\"495\" height=\"400\" src=\"https:\/\/www.landwirt.com\/news\/wp-content\/uploads\/2026\/04\/3727-e4f278cfe2ed17f18fd94801fbdf9a69-6742933-1vb-495x400.jpg\" class=\"wp-image-22134 avia-img-lazy-loading-not-22134 attachment-portfolio size-portfolio wp-post-image\" alt=\"Seitenansicht - Massey Ferguson MF 7S.155 Dyna-6 Efficient\" srcset=\"https:\/\/www.landwirt.com\/news\/wp-content\/uploads\/2026\/04\/3727-e4f278cfe2ed17f18fd94801fbdf9a69-6742933-1vb-495x400.jpg 495w, https:\/\/www.landwirt.com\/news\/wp-content\/uploads\/2026\/04\/3727-e4f278cfe2ed17f18fd94801fbdf9a69-6742933-1vb-845x684.jpg 845w\" sizes=\"(max-width: 495px) 100vw, 495px\" \/><\/a><div class=\"slide-content\"><header class=\"entry-content-header\" aria-label=\"Slide: Massey Ferguson MF 7S.155 Dyna-6 Efficient\"><h3 class='slide-entry-title entry-title '  itemprop=\"headline\" ><a href='https:\/\/www.landwirt.com\/news\/massey-ferguson-mf-7s-155-dyna-6-efficient\/' title='Massey Ferguson MF 7S.155 Dyna-6 Efficient'>Massey Ferguson MF 7S.155 Dyna-6 Efficient<\/a><\/h3><span class=\"av-vertical-delimiter\"><\/span><\/header><div class=\"slide-meta\"><time class='slide-meta-time updated'  itemprop=\"datePublished\" datetime=\"2026-04-22T23:45:26+02:00\" >22. April 2026<\/time><\/div><div class='slide-entry-excerpt entry-content'  itemprop=\"text\" >MF 7S.155 Dyna-6 Efficient (2023): 175 PS, 650 Std., 50 km\/h, 6 DW (4 elektr.), 150 l\/min CCLS, Datatronic 5, ISOBUS.<\/div><\/div><footer class=\"entry-footer\"><\/footer><span class='hidden'>\n\t\t\t\t<span class='av-structured-data'  itemprop=\"image\" itemscope=\"itemscope\" itemtype=\"https:\/\/schema.org\/ImageObject\" >\n\t\t\t\t\t\t<span itemprop='url'>https:\/\/www.landwirt.com\/news\/wp-content\/uploads\/2026\/04\/3727-e4f278cfe2ed17f18fd94801fbdf9a69-6742933-1vb.jpg<\/span>\n\t\t\t\t\t\t<span itemprop='height'>1067<\/span>\n\t\t\t\t\t\t<span itemprop='width'>1600<\/span>\n\t\t\t\t<\/span>\n\t\t\t\t<span class='av-structured-data'  itemprop=\"publisher\" itemtype=\"https:\/\/schema.org\/Organization\" itemscope=\"itemscope\" >\n\t\t\t\t\t\t<span itemprop='name'>Alexandra Schauer<\/span>\n\t\t\t\t\t\t<span itemprop='logo' itemscope itemtype='https:\/\/schema.org\/ImageObject'>\n\t\t\t\t\t\t\t<span itemprop='url'>https:\/\/www.landwirt.com\/news\/wp-content\/uploads\/2026\/01\/landwirt.com-news.webp<\/span>\n\t\t\t\t\t\t<\/span>\n\t\t\t\t<\/span><span class='av-structured-data'  itemprop=\"author\" itemscope=\"itemscope\" itemtype=\"https:\/\/schema.org\/Person\" ><span itemprop='name'>Alexandra Schauer<\/span><\/span><span class='av-structured-data'  itemprop=\"datePublished\" datetime=\"2026-04-10T06:00:00+02:00\" >2026-04-22 23:45:26<\/span><span class='av-structured-data'  itemprop=\"dateModified\" itemtype=\"https:\/\/schema.org\/dateModified\" >2026-04-22 23:45:27<\/span><span class='av-structured-data'  itemprop=\"mainEntityOfPage\" itemtype=\"https:\/\/schema.org\/mainEntityOfPage\" ><span itemprop='name'>Massey Ferguson MF 7S.155 Dyna-6 Efficient<\/span><\/span><\/span><\/article><\/div><\/div><\/div>\n","protected":false},"excerpt":{"rendered":"<p>Deutz-Fahr Agrotron K 110 (2006): 119 PS, 7.162 Std., 3-fach Lastschaltung (genannt), 40 km\/h, EHR, Frontzapfwelle, Druckluftanlage.<\/p>\n","protected":false},"author":3,"featured_media":21876,"comment_status":"closed","ping_status":"closed","sticky":false,"template":"","format":"standard","meta":{"footnotes":""},"categories":[647],"tags":[],"class_list":["post-21873","post","type-post","status-publish","format-standard","has-post-thumbnail","hentry","category-angebot_im_fokus"],"yoast_head":"<!-- This site is optimized with the Yoast SEO plugin v27.5 - https:\/\/yoast.com\/product\/yoast-seo-wordpress\/ -->\n<title>Deutz-Fahr Agrotron K 110 - Landwirt.com News<\/title>\n<meta name=\"description\" content=\"Deutz-Fahr Agrotron K 110 (2006): 119 PS, 7.162 Std., 3-fach Lastschaltung (genannt), 40 km\/h, EHR, Frontzapfwelle, Druckluftanlage.\" \/>\n<meta name=\"robots\" content=\"index, follow, max-snippet:-1, max-image-preview:large, max-video-preview:-1\" \/>\n<meta property=\"og:locale\" content=\"de_DE\" \/>\n<meta property=\"og:type\" content=\"article\" \/>\n<meta property=\"og:title\" content=\"Deutz-Fahr Agrotron K 110\" \/>\n<meta property=\"og:description\" content=\"Deutz-Fahr Agrotron K 110 (2006): 119 PS, 7.162 Std., 3-fach Lastschaltung (genannt), 40 km\/h, EHR, Frontzapfwelle, Druckluftanlage.\" \/>\n<meta property=\"og:url\" content=\"https:\/\/www.landwirt.com\/news\/deutz-fahr-agrotron-k-110\/\" \/>\n<meta property=\"og:site_name\" content=\"Landwirt.com News\" \/>\n<meta property=\"article:published_time\" content=\"2026-04-10T04:00:00+00:00\" \/>\n<meta property=\"og:image\" content=\"https:\/\/www.landwirt.com\/news\/wp-content\/uploads\/2026\/04\/3342-fb3a2efe1d851f3a960b6fe419ecfbc2-5158961-1vb.jpg\" \/>\n\t<meta property=\"og:image:width\" content=\"1600\" \/>\n\t<meta property=\"og:image:height\" content=\"1200\" \/>\n\t<meta property=\"og:image:type\" content=\"image\/jpeg\" \/>\n<meta name=\"author\" content=\"Alexandra Schauer\" \/>\n<meta name=\"twitter:card\" content=\"summary_large_image\" \/>\n<meta name=\"twitter:label1\" content=\"Verfasst von\" \/>\n\t<meta name=\"twitter:data1\" content=\"Alexandra Schauer\" \/>\n\t<meta name=\"twitter:label2\" content=\"Gesch\u00e4tzte Lesezeit\" \/>\n\t<meta name=\"twitter:data2\" content=\"4 Minuten\" \/>\n<script type=\"application\/ld+json\" class=\"yoast-schema-graph\">{\"@context\":\"https:\\\/\\\/schema.org\",\"@graph\":[{\"@type\":\"Article\",\"@id\":\"https:\\\/\\\/www.landwirt.com\\\/news\\\/deutz-fahr-agrotron-k-110\\\/#article\",\"isPartOf\":{\"@id\":\"https:\\\/\\\/www.landwirt.com\\\/news\\\/deutz-fahr-agrotron-k-110\\\/\"},\"author\":{\"name\":\"Alexandra Schauer\",\"@id\":\"https:\\\/\\\/www.landwirt.com\\\/news\\\/#\\\/schema\\\/person\\\/627016cf4cf7fe2189ac7e234990f441\"},\"headline\":\"Deutz-Fahr Agrotron K 110\",\"datePublished\":\"2026-04-10T04:00:00+00:00\",\"mainEntityOfPage\":{\"@id\":\"https:\\\/\\\/www.landwirt.com\\\/news\\\/deutz-fahr-agrotron-k-110\\\/\"},\"wordCount\":3993,\"publisher\":{\"@id\":\"https:\\\/\\\/www.landwirt.com\\\/news\\\/#organization\"},\"image\":{\"@id\":\"https:\\\/\\\/www.landwirt.com\\\/news\\\/deutz-fahr-agrotron-k-110\\\/#primaryimage\"},\"thumbnailUrl\":\"https:\\\/\\\/www.landwirt.com\\\/news\\\/wp-content\\\/uploads\\\/2026\\\/04\\\/3342-fb3a2efe1d851f3a960b6fe419ecfbc2-5158961-1vb.jpg\",\"articleSection\":[\"Angebot im Fokus\"],\"inLanguage\":\"de-AT\"},{\"@type\":\"WebPage\",\"@id\":\"https:\\\/\\\/www.landwirt.com\\\/news\\\/deutz-fahr-agrotron-k-110\\\/\",\"url\":\"https:\\\/\\\/www.landwirt.com\\\/news\\\/deutz-fahr-agrotron-k-110\\\/\",\"name\":\"Deutz-Fahr Agrotron K 110 - Landwirt.com News\",\"isPartOf\":{\"@id\":\"https:\\\/\\\/www.landwirt.com\\\/news\\\/#website\"},\"primaryImageOfPage\":{\"@id\":\"https:\\\/\\\/www.landwirt.com\\\/news\\\/deutz-fahr-agrotron-k-110\\\/#primaryimage\"},\"image\":{\"@id\":\"https:\\\/\\\/www.landwirt.com\\\/news\\\/deutz-fahr-agrotron-k-110\\\/#primaryimage\"},\"thumbnailUrl\":\"https:\\\/\\\/www.landwirt.com\\\/news\\\/wp-content\\\/uploads\\\/2026\\\/04\\\/3342-fb3a2efe1d851f3a960b6fe419ecfbc2-5158961-1vb.jpg\",\"datePublished\":\"2026-04-10T04:00:00+00:00\",\"description\":\"Deutz-Fahr Agrotron K 110 (2006): 119 PS, 7.162 Std., 3-fach Lastschaltung (genannt), 40 km\\\/h, EHR, Frontzapfwelle, Druckluftanlage.\",\"breadcrumb\":{\"@id\":\"https:\\\/\\\/www.landwirt.com\\\/news\\\/deutz-fahr-agrotron-k-110\\\/#breadcrumb\"},\"inLanguage\":\"de-AT\",\"potentialAction\":[{\"@type\":\"ReadAction\",\"target\":[\"https:\\\/\\\/www.landwirt.com\\\/news\\\/deutz-fahr-agrotron-k-110\\\/\"]}]},{\"@type\":\"ImageObject\",\"inLanguage\":\"de-AT\",\"@id\":\"https:\\\/\\\/www.landwirt.com\\\/news\\\/deutz-fahr-agrotron-k-110\\\/#primaryimage\",\"url\":\"https:\\\/\\\/www.landwirt.com\\\/news\\\/wp-content\\\/uploads\\\/2026\\\/04\\\/3342-fb3a2efe1d851f3a960b6fe419ecfbc2-5158961-1vb.jpg\",\"contentUrl\":\"https:\\\/\\\/www.landwirt.com\\\/news\\\/wp-content\\\/uploads\\\/2026\\\/04\\\/3342-fb3a2efe1d851f3a960b6fe419ecfbc2-5158961-1vb.jpg\",\"width\":1600,\"height\":1200,\"caption\":\"Seitenansicht - Deutz-Fahr Agrotron K 110\"},{\"@type\":\"BreadcrumbList\",\"@id\":\"https:\\\/\\\/www.landwirt.com\\\/news\\\/deutz-fahr-agrotron-k-110\\\/#breadcrumb\",\"itemListElement\":[{\"@type\":\"ListItem\",\"position\":1,\"name\":\"Home\",\"item\":\"https:\\\/\\\/www.landwirt.com\\\/news\\\/home\\\/\"},{\"@type\":\"ListItem\",\"position\":2,\"name\":\"Deutz-Fahr Agrotron K 110\"}]},{\"@type\":\"WebSite\",\"@id\":\"https:\\\/\\\/www.landwirt.com\\\/news\\\/#website\",\"url\":\"https:\\\/\\\/www.landwirt.com\\\/news\\\/\",\"name\":\"Landwirt.com News\",\"description\":\"Landwirt.com News\",\"publisher\":{\"@id\":\"https:\\\/\\\/www.landwirt.com\\\/news\\\/#organization\"},\"potentialAction\":[{\"@type\":\"SearchAction\",\"target\":{\"@type\":\"EntryPoint\",\"urlTemplate\":\"https:\\\/\\\/www.landwirt.com\\\/news\\\/?s={search_term_string}\"},\"query-input\":{\"@type\":\"PropertyValueSpecification\",\"valueRequired\":true,\"valueName\":\"search_term_string\"}}],\"inLanguage\":\"de-AT\"},{\"@type\":\"Organization\",\"@id\":\"https:\\\/\\\/www.landwirt.com\\\/news\\\/#organization\",\"name\":\"LANDWIRT.COM GMBH\",\"url\":\"https:\\\/\\\/www.landwirt.com\\\/news\\\/\",\"logo\":{\"@type\":\"ImageObject\",\"inLanguage\":\"de-AT\",\"@id\":\"https:\\\/\\\/www.landwirt.com\\\/news\\\/#\\\/schema\\\/logo\\\/image\\\/\",\"url\":\"https:\\\/\\\/www.landwirt.com\\\/news\\\/wp-content\\\/uploads\\\/2020\\\/02\\\/LW-logo.png\",\"contentUrl\":\"https:\\\/\\\/www.landwirt.com\\\/news\\\/wp-content\\\/uploads\\\/2020\\\/02\\\/LW-logo.png\",\"width\":250,\"height\":58,\"caption\":\"LANDWIRT.COM GMBH\"},\"image\":{\"@id\":\"https:\\\/\\\/www.landwirt.com\\\/news\\\/#\\\/schema\\\/logo\\\/image\\\/\"}},{\"@type\":\"Person\",\"@id\":\"https:\\\/\\\/www.landwirt.com\\\/news\\\/#\\\/schema\\\/person\\\/627016cf4cf7fe2189ac7e234990f441\",\"name\":\"Alexandra Schauer\",\"image\":{\"@type\":\"ImageObject\",\"inLanguage\":\"de-AT\",\"@id\":\"https:\\\/\\\/secure.gravatar.com\\\/avatar\\\/7dc000820bab53d1e584af263fe6d4f9133557b5e0a6f573d3b8713ce8629c9f?s=96&d=mm&r=g\",\"url\":\"https:\\\/\\\/secure.gravatar.com\\\/avatar\\\/7dc000820bab53d1e584af263fe6d4f9133557b5e0a6f573d3b8713ce8629c9f?s=96&d=mm&r=g\",\"contentUrl\":\"https:\\\/\\\/secure.gravatar.com\\\/avatar\\\/7dc000820bab53d1e584af263fe6d4f9133557b5e0a6f573d3b8713ce8629c9f?s=96&d=mm&r=g\",\"caption\":\"Alexandra Schauer\"},\"url\":\"https:\\\/\\\/www.landwirt.com\\\/news\\\/author\\\/alex\\\/\"}]}<\/script>\n<!-- \/ Yoast SEO plugin. -->","yoast_head_json":{"title":"Deutz-Fahr Agrotron K 110 - Landwirt.com News","description":"Deutz-Fahr Agrotron K 110 (2006): 119 PS, 7.162 Std., 3-fach Lastschaltung (genannt), 40 km\/h, EHR, Frontzapfwelle, Druckluftanlage.","robots":{"index":"index","follow":"follow","max-snippet":"max-snippet:-1","max-image-preview":"max-image-preview:large","max-video-preview":"max-video-preview:-1"},"og_locale":"de_DE","og_type":"article","og_title":"Deutz-Fahr Agrotron K 110","og_description":"Deutz-Fahr Agrotron K 110 (2006): 119 PS, 7.162 Std., 3-fach Lastschaltung (genannt), 40 km\/h, EHR, Frontzapfwelle, Druckluftanlage.","og_url":"https:\/\/www.landwirt.com\/news\/deutz-fahr-agrotron-k-110\/","og_site_name":"Landwirt.com News","article_published_time":"2026-04-10T04:00:00+00:00","og_image":[{"width":1600,"height":1200,"url":"https:\/\/www.landwirt.com\/news\/wp-content\/uploads\/2026\/04\/3342-fb3a2efe1d851f3a960b6fe419ecfbc2-5158961-1vb.jpg","type":"image\/jpeg"}],"author":"Alexandra Schauer","twitter_card":"summary_large_image","twitter_misc":{"Verfasst von":"Alexandra Schauer","Gesch\u00e4tzte Lesezeit":"4 Minuten"},"schema":{"@context":"https:\/\/schema.org","@graph":[{"@type":"Article","@id":"https:\/\/www.landwirt.com\/news\/deutz-fahr-agrotron-k-110\/#article","isPartOf":{"@id":"https:\/\/www.landwirt.com\/news\/deutz-fahr-agrotron-k-110\/"},"author":{"name":"Alexandra Schauer","@id":"https:\/\/www.landwirt.com\/news\/#\/schema\/person\/627016cf4cf7fe2189ac7e234990f441"},"headline":"Deutz-Fahr Agrotron K 110","datePublished":"2026-04-10T04:00:00+00:00","mainEntityOfPage":{"@id":"https:\/\/www.landwirt.com\/news\/deutz-fahr-agrotron-k-110\/"},"wordCount":3993,"publisher":{"@id":"https:\/\/www.landwirt.com\/news\/#organization"},"image":{"@id":"https:\/\/www.landwirt.com\/news\/deutz-fahr-agrotron-k-110\/#primaryimage"},"thumbnailUrl":"https:\/\/www.landwirt.com\/news\/wp-content\/uploads\/2026\/04\/3342-fb3a2efe1d851f3a960b6fe419ecfbc2-5158961-1vb.jpg","articleSection":["Angebot im Fokus"],"inLanguage":"de-AT"},{"@type":"WebPage","@id":"https:\/\/www.landwirt.com\/news\/deutz-fahr-agrotron-k-110\/","url":"https:\/\/www.landwirt.com\/news\/deutz-fahr-agrotron-k-110\/","name":"Deutz-Fahr Agrotron K 110 - Landwirt.com News","isPartOf":{"@id":"https:\/\/www.landwirt.com\/news\/#website"},"primaryImageOfPage":{"@id":"https:\/\/www.landwirt.com\/news\/deutz-fahr-agrotron-k-110\/#primaryimage"},"image":{"@id":"https:\/\/www.landwirt.com\/news\/deutz-fahr-agrotron-k-110\/#primaryimage"},"thumbnailUrl":"https:\/\/www.landwirt.com\/news\/wp-content\/uploads\/2026\/04\/3342-fb3a2efe1d851f3a960b6fe419ecfbc2-5158961-1vb.jpg","datePublished":"2026-04-10T04:00:00+00:00","description":"Deutz-Fahr Agrotron K 110 (2006): 119 PS, 7.162 Std., 3-fach Lastschaltung (genannt), 40 km\/h, EHR, Frontzapfwelle, Druckluftanlage.","breadcrumb":{"@id":"https:\/\/www.landwirt.com\/news\/deutz-fahr-agrotron-k-110\/#breadcrumb"},"inLanguage":"de-AT","potentialAction":[{"@type":"ReadAction","target":["https:\/\/www.landwirt.com\/news\/deutz-fahr-agrotron-k-110\/"]}]},{"@type":"ImageObject","inLanguage":"de-AT","@id":"https:\/\/www.landwirt.com\/news\/deutz-fahr-agrotron-k-110\/#primaryimage","url":"https:\/\/www.landwirt.com\/news\/wp-content\/uploads\/2026\/04\/3342-fb3a2efe1d851f3a960b6fe419ecfbc2-5158961-1vb.jpg","contentUrl":"https:\/\/www.landwirt.com\/news\/wp-content\/uploads\/2026\/04\/3342-fb3a2efe1d851f3a960b6fe419ecfbc2-5158961-1vb.jpg","width":1600,"height":1200,"caption":"Seitenansicht - Deutz-Fahr Agrotron K 110"},{"@type":"BreadcrumbList","@id":"https:\/\/www.landwirt.com\/news\/deutz-fahr-agrotron-k-110\/#breadcrumb","itemListElement":[{"@type":"ListItem","position":1,"name":"Home","item":"https:\/\/www.landwirt.com\/news\/home\/"},{"@type":"ListItem","position":2,"name":"Deutz-Fahr Agrotron K 110"}]},{"@type":"WebSite","@id":"https:\/\/www.landwirt.com\/news\/#website","url":"https:\/\/www.landwirt.com\/news\/","name":"Landwirt.com News","description":"Landwirt.com News","publisher":{"@id":"https:\/\/www.landwirt.com\/news\/#organization"},"potentialAction":[{"@type":"SearchAction","target":{"@type":"EntryPoint","urlTemplate":"https:\/\/www.landwirt.com\/news\/?s={search_term_string}"},"query-input":{"@type":"PropertyValueSpecification","valueRequired":true,"valueName":"search_term_string"}}],"inLanguage":"de-AT"},{"@type":"Organization","@id":"https:\/\/www.landwirt.com\/news\/#organization","name":"LANDWIRT.COM GMBH","url":"https:\/\/www.landwirt.com\/news\/","logo":{"@type":"ImageObject","inLanguage":"de-AT","@id":"https:\/\/www.landwirt.com\/news\/#\/schema\/logo\/image\/","url":"https:\/\/www.landwirt.com\/news\/wp-content\/uploads\/2020\/02\/LW-logo.png","contentUrl":"https:\/\/www.landwirt.com\/news\/wp-content\/uploads\/2020\/02\/LW-logo.png","width":250,"height":58,"caption":"LANDWIRT.COM GMBH"},"image":{"@id":"https:\/\/www.landwirt.com\/news\/#\/schema\/logo\/image\/"}},{"@type":"Person","@id":"https:\/\/www.landwirt.com\/news\/#\/schema\/person\/627016cf4cf7fe2189ac7e234990f441","name":"Alexandra Schauer","image":{"@type":"ImageObject","inLanguage":"de-AT","@id":"https:\/\/secure.gravatar.com\/avatar\/7dc000820bab53d1e584af263fe6d4f9133557b5e0a6f573d3b8713ce8629c9f?s=96&d=mm&r=g","url":"https:\/\/secure.gravatar.com\/avatar\/7dc000820bab53d1e584af263fe6d4f9133557b5e0a6f573d3b8713ce8629c9f?s=96&d=mm&r=g","contentUrl":"https:\/\/secure.gravatar.com\/avatar\/7dc000820bab53d1e584af263fe6d4f9133557b5e0a6f573d3b8713ce8629c9f?s=96&d=mm&r=g","caption":"Alexandra Schauer"},"url":"https:\/\/www.landwirt.com\/news\/author\/alex\/"}]}},"_links":{"self":[{"href":"https:\/\/www.landwirt.com\/news\/wp-json\/wp\/v2\/posts\/21873","targetHints":{"allow":["GET"]}}],"collection":[{"href":"https:\/\/www.landwirt.com\/news\/wp-json\/wp\/v2\/posts"}],"about":[{"href":"https:\/\/www.landwirt.com\/news\/wp-json\/wp\/v2\/types\/post"}],"author":[{"embeddable":true,"href":"https:\/\/www.landwirt.com\/news\/wp-json\/wp\/v2\/users\/3"}],"replies":[{"embeddable":true,"href":"https:\/\/www.landwirt.com\/news\/wp-json\/wp\/v2\/comments?post=21873"}],"version-history":[{"count":2,"href":"https:\/\/www.landwirt.com\/news\/wp-json\/wp\/v2\/posts\/21873\/revisions"}],"predecessor-version":[{"id":21878,"href":"https:\/\/www.landwirt.com\/news\/wp-json\/wp\/v2\/posts\/21873\/revisions\/21878"}],"wp:featuredmedia":[{"embeddable":true,"href":"https:\/\/www.landwirt.com\/news\/wp-json\/wp\/v2\/media\/21876"}],"wp:attachment":[{"href":"https:\/\/www.landwirt.com\/news\/wp-json\/wp\/v2\/media?parent=21873"}],"wp:term":[{"taxonomy":"category","embeddable":true,"href":"https:\/\/www.landwirt.com\/news\/wp-json\/wp\/v2\/categories?post=21873"},{"taxonomy":"post_tag","embeddable":true,"href":"https:\/\/www.landwirt.com\/news\/wp-json\/wp\/v2\/tags?post=21873"}],"curies":[{"name":"wp","href":"https:\/\/api.w.org\/{rel}","templated":true}]}}