{"id":21623,"date":"2026-03-27T12:53:18","date_gmt":"2026-03-27T11:53:18","guid":{"rendered":"https:\/\/www.landwirt.com\/news\/?p=21623"},"modified":"2026-03-27T12:54:23","modified_gmt":"2026-03-27T11:54:23","slug":"steyr-6280-absolut-cvt","status":"publish","type":"post","link":"https:\/\/www.landwirt.com\/news\/steyr-6280-absolut-cvt\/","title":{"rendered":"Steyr 6280 Absolut CVT"},"content":{"rendered":"\n<style type=\"text\/css\" data-created_by=\"avia_inline_auto\" id=\"style-css-av-mm35nn8s-b4539018bd2db3aba7d5ccaff0f20921\">\n#top .av-special-heading.av-mm35nn8s-b4539018bd2db3aba7d5ccaff0f20921{\npadding-bottom:10px;\n}\nbody .av-special-heading.av-mm35nn8s-b4539018bd2db3aba7d5ccaff0f20921 .av-special-heading-tag .heading-char{\nfont-size:25px;\n}\n.av-special-heading.av-mm35nn8s-b4539018bd2db3aba7d5ccaff0f20921 .av-subheading{\nfont-size:15px;\n}\n<\/style>\n<div  class='av-special-heading av-mm35nn8s-b4539018bd2db3aba7d5ccaff0f20921 av-special-heading-h1 blockquote modern-quote modern-centered  avia-builder-el-0  el_before_av_hr  avia-builder-el-first '><h1 class='av-special-heading-tag '  itemprop=\"headline\"  >Steyr 6280 Absolut CVT<\/h1><div class='av-subheading av-subheading_below'><p>Neumaschine<\/p>\n<\/div><div class=\"special-heading-border\"><div class=\"special-heading-inner-border\"><\/div><\/div><\/div>\n<div  class='hr av-3rs9tdi-8f7825a22b0ec64f1426e601bb81027b hr-default  avia-builder-el-1  el_after_av_heading  el_before_av_one_half '><span class='hr-inner '><span class=\"hr-inner-style\"><\/span><\/span><\/div>\n<div  class='flex_column av-3jyax9y-c13a5f32769dd8a3af819ecae73c1d36 av_one_half  avia-builder-el-2  el_after_av_hr  el_before_av_one_half  first flex_column_div  '     ><style type=\"text\/css\" data-created_by=\"avia_inline_auto\" id=\"style-css-av-mm35pcdx-3d276dd380895a64029498d47aa72006\">\n.avia-image-container.av-mm35pcdx-3d276dd380895a64029498d47aa72006 img.avia_image{\nbox-shadow:none;\n}\n.avia-image-container.av-mm35pcdx-3d276dd380895a64029498d47aa72006 .av-image-caption-overlay-center{\ncolor:#ffffff;\n}\n<\/style>\n<div  class='avia-image-container av-mm35pcdx-3d276dd380895a64029498d47aa72006 av-styling- avia-align-center  avia-builder-el-3  avia-builder-el-no-sibling '   itemprop=\"image\" itemscope=\"itemscope\" itemtype=\"https:\/\/schema.org\/ImageObject\" ><div class=\"avia-image-container-inner\"><div class=\"avia-image-overlay-wrap\"><img decoding=\"async\" fetchpriority=\"high\" class='wp-image-21629 avia-img-lazy-loading-not-21629 avia_image ' src=\"https:\/\/www.landwirt.com\/news\/wp-content\/uploads\/2026\/03\/3858-e4ea28530a08bc7b477310139e5db02f-6849397-0vb.jpg\" alt='Seitenansicht - Steyr 6280 Absolut CVT' title='3858-e4ea28530a08bc7b477310139e5db02f-6849397-0vb'  height=\"1200\" width=\"1600\"  itemprop=\"thumbnailUrl\" srcset=\"https:\/\/www.landwirt.com\/news\/wp-content\/uploads\/2026\/03\/3858-e4ea28530a08bc7b477310139e5db02f-6849397-0vb.jpg 1600w, https:\/\/www.landwirt.com\/news\/wp-content\/uploads\/2026\/03\/3858-e4ea28530a08bc7b477310139e5db02f-6849397-0vb-300x225.jpg 300w, https:\/\/www.landwirt.com\/news\/wp-content\/uploads\/2026\/03\/3858-e4ea28530a08bc7b477310139e5db02f-6849397-0vb-1030x773.jpg 1030w, https:\/\/www.landwirt.com\/news\/wp-content\/uploads\/2026\/03\/3858-e4ea28530a08bc7b477310139e5db02f-6849397-0vb-768x576.jpg 768w, https:\/\/www.landwirt.com\/news\/wp-content\/uploads\/2026\/03\/3858-e4ea28530a08bc7b477310139e5db02f-6849397-0vb-1536x1152.jpg 1536w, https:\/\/www.landwirt.com\/news\/wp-content\/uploads\/2026\/03\/3858-e4ea28530a08bc7b477310139e5db02f-6849397-0vb-1500x1125.jpg 1500w, https:\/\/www.landwirt.com\/news\/wp-content\/uploads\/2026\/03\/3858-e4ea28530a08bc7b477310139e5db02f-6849397-0vb-705x529.jpg 705w\" sizes=\"(max-width: 1600px) 100vw, 1600px\" \/><\/div><\/div><\/div><\/div><div  class='flex_column av-2u6h052-dd29ac7908d6cc58f75ee744c9cf2578 av_one_half  avia-builder-el-4  el_after_av_one_half  el_before_av_hr  flex_column_div  '     ><p>\n<style type=\"text\/css\" data-created_by=\"avia_inline_auto\" id=\"style-css-av-mm35pmyz-16f6c0ad4c3de018247a00bc4bd347c4\">\n.avia-image-container.av-mm35pmyz-16f6c0ad4c3de018247a00bc4bd347c4 img.avia_image{\nbox-shadow:none;\n}\n.avia-image-container.av-mm35pmyz-16f6c0ad4c3de018247a00bc4bd347c4 .av-image-caption-overlay-center{\ncolor:#ffffff;\n}\n<\/style>\n<div  class='avia-image-container av-mm35pmyz-16f6c0ad4c3de018247a00bc4bd347c4 av-styling- avia-align-center  avia-builder-el-5  el_before_av_textblock  avia-builder-el-first '   itemprop=\"image\" itemscope=\"itemscope\" itemtype=\"https:\/\/schema.org\/ImageObject\" ><div class=\"avia-image-container-inner\"><div class=\"avia-image-overlay-wrap\"><img decoding=\"async\" fetchpriority=\"high\" class='wp-image-21626 avia-img-lazy-loading-not-21626 avia_image ' src=\"https:\/\/www.landwirt.com\/news\/wp-content\/uploads\/2026\/03\/3858-e4ea28530a08bc7b477310139e5db02f-6849397-20vb.jpg\" alt='Innenansicht - Steyr 6280 Absolut CVT' title='3858-e4ea28530a08bc7b477310139e5db02f-6849397-20vb'  height=\"1200\" width=\"1600\"  itemprop=\"thumbnailUrl\" srcset=\"https:\/\/www.landwirt.com\/news\/wp-content\/uploads\/2026\/03\/3858-e4ea28530a08bc7b477310139e5db02f-6849397-20vb.jpg 1600w, https:\/\/www.landwirt.com\/news\/wp-content\/uploads\/2026\/03\/3858-e4ea28530a08bc7b477310139e5db02f-6849397-20vb-300x225.jpg 300w, https:\/\/www.landwirt.com\/news\/wp-content\/uploads\/2026\/03\/3858-e4ea28530a08bc7b477310139e5db02f-6849397-20vb-1030x773.jpg 1030w, https:\/\/www.landwirt.com\/news\/wp-content\/uploads\/2026\/03\/3858-e4ea28530a08bc7b477310139e5db02f-6849397-20vb-768x576.jpg 768w, https:\/\/www.landwirt.com\/news\/wp-content\/uploads\/2026\/03\/3858-e4ea28530a08bc7b477310139e5db02f-6849397-20vb-1536x1152.jpg 1536w, https:\/\/www.landwirt.com\/news\/wp-content\/uploads\/2026\/03\/3858-e4ea28530a08bc7b477310139e5db02f-6849397-20vb-1500x1125.jpg 1500w, https:\/\/www.landwirt.com\/news\/wp-content\/uploads\/2026\/03\/3858-e4ea28530a08bc7b477310139e5db02f-6849397-20vb-705x529.jpg 705w\" sizes=\"(max-width: 1600px) 100vw, 1600px\" \/><\/div><\/div><\/div><br \/>\n<section  class='av_textblock_section av-mm3bheo3-1cc9eabda14fc1ba702d77c4d015af4a '   itemscope=\"itemscope\" itemtype=\"https:\/\/schema.org\/BlogPosting\" itemprop=\"blogPost\" ><div class='avia_textblock'  itemprop=\"text\" ><p style=\"text-align: right;\"><a href=\"https:\/\/www.landwirt.com\/detail\/steyr-6280-absolut-cvt-6849397?utm_source=discover&amp;utm_medium=Angebot+im+Fokus&amp;utm_campaign=news_artikel&amp;utm_id=6849397&amp;utm_term=6849397&amp;utm_content=traktor_des_tages\">Mehr Bilder zu diesem Traktor<\/a><\/p>\n<\/div><\/section><\/p><\/div>\n<style type=\"text\/css\" data-created_by=\"avia_inline_auto\" id=\"style-css-av-mm3bdro3-2f8612d0198ad2d19d9496aba9d17480\">\n#top .hr.hr-invisible.av-mm3bdro3-2f8612d0198ad2d19d9496aba9d17480{\nheight:20px;\n}\n<\/style>\n<div  class='hr av-mm3bdro3-2f8612d0198ad2d19d9496aba9d17480 hr-invisible  avia-builder-el-7  el_after_av_one_half  el_before_av_textblock '><span class='hr-inner '><span class=\"hr-inner-style\"><\/span><\/span><\/div><\/p>\n<section  class='av_textblock_section av-mm35o9kb-66c57664b4eebd373c8fb27c327e8417 '   itemscope=\"itemscope\" itemtype=\"https:\/\/schema.org\/BlogPosting\" itemprop=\"blogPost\" ><div class='avia_textblock'  itemprop=\"text\" ><h3 style=\"text-align: center;\">Steyr 6280 Absolut CVT (2026): bis 302 PS, stufenlos 50 km\/h Eco und VF-Michelin<\/h3>\n<\/div><\/section>\n\n<style type=\"text\/css\" data-created_by=\"avia_inline_auto\" id=\"style-css-av-kzf8pj-9bfb9bc98ebe022d8ad89d3f29d0a43d\">\n#top .hr.hr-invisible.av-kzf8pj-9bfb9bc98ebe022d8ad89d3f29d0a43d{\nheight:20px;\n}\n<\/style>\n<div  class='hr av-kzf8pj-9bfb9bc98ebe022d8ad89d3f29d0a43d hr-invisible  avia-builder-el-9  el_after_av_textblock  el_before_av_textblock '><span class='hr-inner '><span class=\"hr-inner-style\"><\/span><\/span><\/div>\n<section  class='av_textblock_section av-mm35qmwk-554b25ab953cc91e8fe26c1810156f8f '   itemscope=\"itemscope\" itemtype=\"https:\/\/schema.org\/BlogPosting\" itemprop=\"blogPost\" ><div class='avia_textblock'  itemprop=\"text\" ><p data-start=\"736\" data-end=\"1259\">Der <strong data-start=\"740\" data-end=\"766\">Steyr 6280 Absolut CVT<\/strong> ist als gro\u00dfrahmiger Traktor mit klarer Ausrichtung auf <strong data-start=\"823\" data-end=\"887\">Transportleistung, Hydraulikperformance und digitale Systeme<\/strong> positioniert. Das hier beschriebene Fahrzeug wird als <strong data-start=\"942\" data-end=\"976\">Neumaschine 2026<\/strong>\u00a0gef\u00fchrt; in den technischen Daten ist der Zustand mit <strong data-start=\"1031\" data-end=\"1061\">\u201eBesonders gut (Klasse 1)\u201d<\/strong> angegeben (Interne Nr. 72370; in der Beschreibung: EDV 72600). Ausgewiesen sind <strong data-start=\"1150\" data-end=\"1169\">302 PS (222 kW)<\/strong>, <strong data-start=\"1171\" data-end=\"1185\">6 Zylinder<\/strong> sowie <strong data-start=\"1192\" data-end=\"1202\">Allrad<\/strong>, <strong data-start=\"1204\" data-end=\"1220\">4-Rad-Bremse<\/strong> und <strong data-start=\"1225\" data-end=\"1258\">50 km\/h H\u00f6chstgeschwindigkeit<\/strong>.<\/p>\n<h4 data-start=\"1261\" data-end=\"1325\">Antrieb &amp; Fahrstrategie: stufenlos, 50 km\/h Eco und Stage V<\/h4>\n<p data-start=\"1326\" data-end=\"1705\">Als Getriebe ist ein <strong data-start=\"1347\" data-end=\"1377\">stufenloses Getriebe (CVT)<\/strong> angegeben; in der Beschreibung wird <strong data-start=\"1414\" data-end=\"1429\">50 km\/h ECO<\/strong> genannt, inklusive Hinweis auf <strong data-start=\"1461\" data-end=\"1509\">1550 Motorumdrehungen bei Endgeschwindigkeit<\/strong>. Zur Motorisierung werden 6 Zylinder und 6,7 l Hubraum in der Beschreibung genannt, mit <strong data-start=\"1606\" data-end=\"1632\">Abgasstufe V \/ Stage V<\/strong> (AdBlue ist aufgef\u00fchrt). Als Aufladung ist ein Turbolader angegeben.<\/p>\n<h4 data-start=\"1707\" data-end=\"1764\">Hydraulik &amp; Heck: 7 DW elektrisch und Kat. 3 Hubwerk<\/h4>\n<p data-start=\"1765\" data-end=\"2344\">F\u00fcr Anbauger\u00e4te sind 7 DW-Steuerger\u00e4te (gesamt) ausgewiesen, davon 7 DW elektrisch. Aufgef\u00fchrt sind au\u00dferdem <strong data-start=\"1882\" data-end=\"1889\">EHR<\/strong> sowie <strong data-start=\"1896\" data-end=\"1928\">Au\u00dfenbedienung Heckhydraulik<\/strong>. Im Paket EXCELLENCE wird eine <strong data-start=\"1960\" data-end=\"2023\">Axialkolben-Verstellpumpe mit max. 150 l\/min F\u00f6rderleistung<\/strong> genannt; in der Zusatzausr\u00fcstung wird zudem eine <strong data-start=\"2073\" data-end=\"2101\">Pumpe mit max. 160 l\/min<\/strong> erw\u00e4hnt. Beim Heckhubwerk wird <strong data-start=\"2133\" data-end=\"2143\">Kat. 3<\/strong> mit au\u00dfenliegenden Hubzylindern genannt; der <strong data-start=\"2189\" data-end=\"2210\">Oberlenker hinten<\/strong> ist in den technischen Daten als <strong data-start=\"2244\" data-end=\"2258\">mechanisch<\/strong> ausgewiesen (in der Zusatzausr\u00fcstung wird auch ein hydraulischer Oberlenker erw\u00e4hnt).<\/p>\n<p data-start=\"2346\" data-end=\"2521\">Die Zapfwellendrehzahlen sind mit <strong data-start=\"2380\" data-end=\"2403\">540\/540E\/1000\/1000E<\/strong> angegeben; in der Serienbeschreibung wird eine <strong data-start=\"2451\" data-end=\"2475\">4-fach Heckzapfwelle<\/strong> mit elektrischer Drehzahlumschaltung genannt.<\/p>\n<h4 data-start=\"2523\" data-end=\"2593\">Fahrwerk, Bremsen &amp; Bereifung: VF-Dimensionen, 14t und Druckluft<\/h4>\n<p data-start=\"2594\" data-end=\"3118\">F\u00fcr den Transport- und Anh\u00e4ngerbetrieb sind <strong data-start=\"2638\" data-end=\"2657\">Druckluftbremse<\/strong> sowie eine <strong data-start=\"2669\" data-end=\"2712\">automatische Anh\u00e4ngevorrichtung <\/strong>(38 mm) aufgef\u00fchrt; in der Serienausr\u00fcstung wird eine <strong data-start=\"2759\" data-end=\"2808\">pneumatische Anh\u00e4ngerbremsanlage (Zweileiter)<\/strong> genannt. Als Fahrwerksmerkmal ist eine <strong data-start=\"2848\" data-end=\"2873\">gefederte Vorderachse<\/strong> angegeben (in der Ausstattungsliste wird eine aktiv gefederte und gebremste Vorderachse genannt). Das <strong data-start=\"2976\" data-end=\"3003\">zul\u00e4ssige Gesamtgewicht<\/strong> ist mit <strong data-start=\"3012\" data-end=\"3025\">14.000 kg<\/strong> angegeben (in der Serienausr\u00fcstung wird \u201eh\u00f6chstzul\u00e4ssiges Gesamtgewicht 14.400 kg\u201c genannt).<\/p>\n<p data-start=\"3120\" data-end=\"3293\">Die Bereifung ist mit <strong data-start=\"3142\" data-end=\"3157\">VF600\/70R30<\/strong> vorne und <strong data-start=\"3168\" data-end=\"3183\">VF710\/70R42<\/strong> hinten angegeben, jeweils <strong data-start=\"3210\" data-end=\"3225\">100% Profil<\/strong>; in der Zusatzausr\u00fcstung wird die <strong data-start=\"3260\" data-end=\"3284\">Reifenmarke Michelin<\/strong> genannt.<\/p>\n<h4 data-start=\"3295\" data-end=\"3374\">Kabine, Licht &amp; Bedienung: Vision Pro, Infomat 1200 und 16+16 Scheinwerfer<\/h4>\n<p data-start=\"3375\" data-end=\"3767\">Als Plattform ist eine Kabine mit Kabinenfederung, Klimaanlage, Luftsitz und Radio ausgewiesen; in der Serienausr\u00fcstung wird u. a. die <strong data-start=\"3530\" data-end=\"3551\">Vision Pro Kabine<\/strong>, Klimaautomatik und ein <strong>umfangreiches Komfortpaket<\/strong> genannt. In den technischen Daten sind <strong data-start=\"3646\" data-end=\"3678\">16 Arbeitsscheinwerfer vorne<\/strong> und <strong data-start=\"3683\" data-end=\"3696\">16 hinten<\/strong> ausgewiesen, passend zu den in der Beschreibung genannten LED-Paketen.<\/p>\n<p data-start=\"3769\" data-end=\"4037\">F\u00fcr die Systeme\/Bedienung wird der <strong data-start=\"3804\" data-end=\"3844\">Infomat 1200 Monitor in der Armlehne<\/strong> genannt, dazu <strong data-start=\"3859\" data-end=\"3875\">ISOBUS KL. 2<\/strong> (in der Zusatzausr\u00fcstung auch <strong data-start=\"3906\" data-end=\"3928\">ISOBUS KL. 3 \/ TIM<\/strong>). Ebenfalls aufgef\u00fchrt: <strong data-start=\"3953\" data-end=\"3984\">S-Fleet Advanced Telematics<\/strong> (5-Jahres-Abonnement genannt) und <strong data-start=\"4019\" data-end=\"4036\">P&amp;CM 4G Modem<\/strong>.<\/p>\n<\/div><\/section>\n<div  class='hr av-v34y1f-691f21d72d8302a6283b9090bf73cdf3 hr-default  avia-builder-el-11  el_after_av_textblock  el_before_av_one_half '><span class='hr-inner '><span class=\"hr-inner-style\"><\/span><\/span><\/div>\n<div  class='flex_column av-1c19yqe-efde6a8337cfe21837db587e42e5741e av_one_half  avia-builder-el-12  el_after_av_hr  el_before_av_one_half  first flex_column_div  '     ><section  class='av_textblock_section av-mm35vm8v-43252b4a6ac5dc35dad751f48481c8c9 '   itemscope=\"itemscope\" itemtype=\"https:\/\/schema.org\/BlogPosting\" itemprop=\"blogPost\" ><div class='avia_textblock'  itemprop=\"text\" ><p><strong data-start=\"3120\" data-end=\"3132\">H\u00e4ndler:<\/strong><\/p>\n<div>\n<div class=\"text-base min-h-6 w-auto text-ellipsis overflow-hidden whitespace-nowrap\"><a class=\"hover:underline\" href=\"https:\/\/www.landwirt.com\/dealer\/info\/agxor-vertriebsgesellschaft-ost-gmbh-3858\"><strong>AGXOR Vertriebsgesellschaft Ost GmbH<\/strong><\/a><\/p>\n<div>\n<div class=\"text-base min-h-6 w-auto text-ellipsis overflow-hidden whitespace-nowrap block\" title=\"Kirchsee 1\">Kirchsee 1<\/div>\n<div class=\"text-base min-h-6 w-auto text-ellipsis overflow-hidden whitespace-nowrap\">2111 &#8211; Harmannsdorf-R\u00fcckersdorf<\/div>\n<div class=\"text-base min-h-6 w-auto text-ellipsis overflow-hidden whitespace-nowrap\">Nieder\u00f6sterreich \u00d6sterreich<\/div>\n<\/div>\n<\/div>\n<\/div>\n<p>Redaktionell bearbeitet von: Alina Neuhold<\/p>\n<\/div><\/section><\/div><div  class='flex_column av-ifk1w6-ba1bc9bbefdd8ec3f699b5b6c1da3beb av_one_half  avia-builder-el-14  el_after_av_one_half  avia-builder-el-last  flex_column_div  '     ><div  class='avia-button-wrap av-mm3bt0vj-2782bff8b29d9fdafe2c36d91e78b5b6-wrap avia-button-left  avia-builder-el-15  avia-builder-el-no-sibling '><a href='https:\/\/www.landwirt.com\/detail\/steyr-6280-absolut-cvt-6849397?utm_source=discover&utm_medium=Angebot+im+Fokus&utm_campaign=news_artikel&utm_id=6849397&utm_term=6849397&utm_content=traktor_des_tages'  class='avia-button av-mm3bt0vj-2782bff8b29d9fdafe2c36d91e78b5b6 av-link-btn avia-icon_select-no avia-size-large avia-position-left avia-color-theme-color'   aria-label=\"Mehr Infos zu diesem Traktor\"><span class='avia_iconbox_title' >Mehr Infos zu diesem Traktor<\/span><\/a><\/div><\/div><\/p>\n","protected":false},"excerpt":{"rendered":"<p>Steyr 6280 Absolut CVT (2026): 302 PS, CVT 50 km\/h Eco, 7 DW elektrisch, ISOBUS, Infomat 1200, VF-Reifen 100%. <\/p>\n","protected":false},"author":3,"featured_media":21629,"comment_status":"closed","ping_status":"closed","sticky":false,"template":"","format":"standard","meta":{"footnotes":""},"categories":[647],"tags":[],"class_list":["post-21623","post","type-post","status-publish","format-standard","has-post-thumbnail","hentry","category-angebot_im_fokus"],"yoast_head":"<!-- This site is optimized with the Yoast SEO plugin v27.5 - https:\/\/yoast.com\/product\/yoast-seo-wordpress\/ -->\n<title>Steyr 6280 Absolut CVT - Landwirt.com News<\/title>\n<meta name=\"description\" content=\"Steyr 6280 Absolut CVT (2026): 302 PS, CVT 50 km\/h Eco, 7 DW elektrisch, ISOBUS, Infomat 1200, VF-Reifen 100%.\" \/>\n<meta name=\"robots\" content=\"index, follow, max-snippet:-1, max-image-preview:large, max-video-preview:-1\" \/>\n<meta property=\"og:locale\" content=\"de_DE\" \/>\n<meta property=\"og:type\" content=\"article\" \/>\n<meta property=\"og:title\" content=\"Steyr 6280 Absolut CVT\" \/>\n<meta property=\"og:description\" content=\"Steyr 6280 Absolut CVT (2026): 302 PS, CVT 50 km\/h Eco, 7 DW elektrisch, ISOBUS, Infomat 1200, VF-Reifen 100%.\" \/>\n<meta property=\"og:url\" content=\"https:\/\/www.landwirt.com\/news\/steyr-6280-absolut-cvt\/\" \/>\n<meta property=\"og:site_name\" content=\"Landwirt.com News\" \/>\n<meta property=\"article:published_time\" content=\"2026-03-27T11:53:18+00:00\" \/>\n<meta property=\"article:modified_time\" content=\"2026-03-27T11:54:23+00:00\" \/>\n<meta property=\"og:image\" content=\"https:\/\/www.landwirt.com\/news\/wp-content\/uploads\/2026\/03\/3858-e4ea28530a08bc7b477310139e5db02f-6849397-0vb.jpg\" \/>\n\t<meta property=\"og:image:width\" content=\"1600\" \/>\n\t<meta property=\"og:image:height\" content=\"1200\" \/>\n\t<meta property=\"og:image:type\" content=\"image\/jpeg\" \/>\n<meta name=\"author\" content=\"Alexandra Schauer\" \/>\n<meta name=\"twitter:card\" content=\"summary_large_image\" \/>\n<meta name=\"twitter:label1\" content=\"Verfasst von\" \/>\n\t<meta name=\"twitter:data1\" content=\"Alexandra Schauer\" \/>\n\t<meta name=\"twitter:label2\" content=\"Gesch\u00e4tzte Lesezeit\" \/>\n\t<meta name=\"twitter:data2\" content=\"3 Minuten\" \/>\n<script type=\"application\/ld+json\" class=\"yoast-schema-graph\">{\"@context\":\"https:\\\/\\\/schema.org\",\"@graph\":[{\"@type\":\"Article\",\"@id\":\"https:\\\/\\\/www.landwirt.com\\\/news\\\/steyr-6280-absolut-cvt\\\/#article\",\"isPartOf\":{\"@id\":\"https:\\\/\\\/www.landwirt.com\\\/news\\\/steyr-6280-absolut-cvt\\\/\"},\"author\":{\"name\":\"Alexandra Schauer\",\"@id\":\"https:\\\/\\\/www.landwirt.com\\\/news\\\/#\\\/schema\\\/person\\\/627016cf4cf7fe2189ac7e234990f441\"},\"headline\":\"Steyr 6280 Absolut CVT\",\"datePublished\":\"2026-03-27T11:53:18+00:00\",\"dateModified\":\"2026-03-27T11:54:23+00:00\",\"mainEntityOfPage\":{\"@id\":\"https:\\\/\\\/www.landwirt.com\\\/news\\\/steyr-6280-absolut-cvt\\\/\"},\"wordCount\":3427,\"publisher\":{\"@id\":\"https:\\\/\\\/www.landwirt.com\\\/news\\\/#organization\"},\"image\":{\"@id\":\"https:\\\/\\\/www.landwirt.com\\\/news\\\/steyr-6280-absolut-cvt\\\/#primaryimage\"},\"thumbnailUrl\":\"https:\\\/\\\/www.landwirt.com\\\/news\\\/wp-content\\\/uploads\\\/2026\\\/03\\\/3858-e4ea28530a08bc7b477310139e5db02f-6849397-0vb.jpg\",\"articleSection\":[\"Angebot im Fokus\"],\"inLanguage\":\"de-AT\"},{\"@type\":\"WebPage\",\"@id\":\"https:\\\/\\\/www.landwirt.com\\\/news\\\/steyr-6280-absolut-cvt\\\/\",\"url\":\"https:\\\/\\\/www.landwirt.com\\\/news\\\/steyr-6280-absolut-cvt\\\/\",\"name\":\"Steyr 6280 Absolut CVT - Landwirt.com News\",\"isPartOf\":{\"@id\":\"https:\\\/\\\/www.landwirt.com\\\/news\\\/#website\"},\"primaryImageOfPage\":{\"@id\":\"https:\\\/\\\/www.landwirt.com\\\/news\\\/steyr-6280-absolut-cvt\\\/#primaryimage\"},\"image\":{\"@id\":\"https:\\\/\\\/www.landwirt.com\\\/news\\\/steyr-6280-absolut-cvt\\\/#primaryimage\"},\"thumbnailUrl\":\"https:\\\/\\\/www.landwirt.com\\\/news\\\/wp-content\\\/uploads\\\/2026\\\/03\\\/3858-e4ea28530a08bc7b477310139e5db02f-6849397-0vb.jpg\",\"datePublished\":\"2026-03-27T11:53:18+00:00\",\"dateModified\":\"2026-03-27T11:54:23+00:00\",\"description\":\"Steyr 6280 Absolut CVT (2026): 302 PS, CVT 50 km\\\/h Eco, 7 DW elektrisch, ISOBUS, Infomat 1200, VF-Reifen 100%.\",\"breadcrumb\":{\"@id\":\"https:\\\/\\\/www.landwirt.com\\\/news\\\/steyr-6280-absolut-cvt\\\/#breadcrumb\"},\"inLanguage\":\"de-AT\",\"potentialAction\":[{\"@type\":\"ReadAction\",\"target\":[\"https:\\\/\\\/www.landwirt.com\\\/news\\\/steyr-6280-absolut-cvt\\\/\"]}]},{\"@type\":\"ImageObject\",\"inLanguage\":\"de-AT\",\"@id\":\"https:\\\/\\\/www.landwirt.com\\\/news\\\/steyr-6280-absolut-cvt\\\/#primaryimage\",\"url\":\"https:\\\/\\\/www.landwirt.com\\\/news\\\/wp-content\\\/uploads\\\/2026\\\/03\\\/3858-e4ea28530a08bc7b477310139e5db02f-6849397-0vb.jpg\",\"contentUrl\":\"https:\\\/\\\/www.landwirt.com\\\/news\\\/wp-content\\\/uploads\\\/2026\\\/03\\\/3858-e4ea28530a08bc7b477310139e5db02f-6849397-0vb.jpg\",\"width\":1600,\"height\":1200,\"caption\":\"Seitenansicht - Steyr 6280 Absolut CVT\"},{\"@type\":\"BreadcrumbList\",\"@id\":\"https:\\\/\\\/www.landwirt.com\\\/news\\\/steyr-6280-absolut-cvt\\\/#breadcrumb\",\"itemListElement\":[{\"@type\":\"ListItem\",\"position\":1,\"name\":\"Home\",\"item\":\"https:\\\/\\\/www.landwirt.com\\\/news\\\/home\\\/\"},{\"@type\":\"ListItem\",\"position\":2,\"name\":\"Steyr 6280 Absolut CVT\"}]},{\"@type\":\"WebSite\",\"@id\":\"https:\\\/\\\/www.landwirt.com\\\/news\\\/#website\",\"url\":\"https:\\\/\\\/www.landwirt.com\\\/news\\\/\",\"name\":\"Landwirt.com News\",\"description\":\"Landwirt.com News\",\"publisher\":{\"@id\":\"https:\\\/\\\/www.landwirt.com\\\/news\\\/#organization\"},\"potentialAction\":[{\"@type\":\"SearchAction\",\"target\":{\"@type\":\"EntryPoint\",\"urlTemplate\":\"https:\\\/\\\/www.landwirt.com\\\/news\\\/?s={search_term_string}\"},\"query-input\":{\"@type\":\"PropertyValueSpecification\",\"valueRequired\":true,\"valueName\":\"search_term_string\"}}],\"inLanguage\":\"de-AT\"},{\"@type\":\"Organization\",\"@id\":\"https:\\\/\\\/www.landwirt.com\\\/news\\\/#organization\",\"name\":\"LANDWIRT.COM GMBH\",\"url\":\"https:\\\/\\\/www.landwirt.com\\\/news\\\/\",\"logo\":{\"@type\":\"ImageObject\",\"inLanguage\":\"de-AT\",\"@id\":\"https:\\\/\\\/www.landwirt.com\\\/news\\\/#\\\/schema\\\/logo\\\/image\\\/\",\"url\":\"https:\\\/\\\/www.landwirt.com\\\/news\\\/wp-content\\\/uploads\\\/2020\\\/02\\\/LW-logo.png\",\"contentUrl\":\"https:\\\/\\\/www.landwirt.com\\\/news\\\/wp-content\\\/uploads\\\/2020\\\/02\\\/LW-logo.png\",\"width\":250,\"height\":58,\"caption\":\"LANDWIRT.COM GMBH\"},\"image\":{\"@id\":\"https:\\\/\\\/www.landwirt.com\\\/news\\\/#\\\/schema\\\/logo\\\/image\\\/\"}},{\"@type\":\"Person\",\"@id\":\"https:\\\/\\\/www.landwirt.com\\\/news\\\/#\\\/schema\\\/person\\\/627016cf4cf7fe2189ac7e234990f441\",\"name\":\"Alexandra Schauer\",\"image\":{\"@type\":\"ImageObject\",\"inLanguage\":\"de-AT\",\"@id\":\"https:\\\/\\\/secure.gravatar.com\\\/avatar\\\/7dc000820bab53d1e584af263fe6d4f9133557b5e0a6f573d3b8713ce8629c9f?s=96&d=mm&r=g\",\"url\":\"https:\\\/\\\/secure.gravatar.com\\\/avatar\\\/7dc000820bab53d1e584af263fe6d4f9133557b5e0a6f573d3b8713ce8629c9f?s=96&d=mm&r=g\",\"contentUrl\":\"https:\\\/\\\/secure.gravatar.com\\\/avatar\\\/7dc000820bab53d1e584af263fe6d4f9133557b5e0a6f573d3b8713ce8629c9f?s=96&d=mm&r=g\",\"caption\":\"Alexandra Schauer\"},\"url\":\"https:\\\/\\\/www.landwirt.com\\\/news\\\/author\\\/alex\\\/\"}]}<\/script>\n<!-- \/ Yoast SEO plugin. -->","yoast_head_json":{"title":"Steyr 6280 Absolut CVT - Landwirt.com News","description":"Steyr 6280 Absolut CVT (2026): 302 PS, CVT 50 km\/h Eco, 7 DW elektrisch, ISOBUS, Infomat 1200, VF-Reifen 100%.","robots":{"index":"index","follow":"follow","max-snippet":"max-snippet:-1","max-image-preview":"max-image-preview:large","max-video-preview":"max-video-preview:-1"},"og_locale":"de_DE","og_type":"article","og_title":"Steyr 6280 Absolut CVT","og_description":"Steyr 6280 Absolut CVT (2026): 302 PS, CVT 50 km\/h Eco, 7 DW elektrisch, ISOBUS, Infomat 1200, VF-Reifen 100%.","og_url":"https:\/\/www.landwirt.com\/news\/steyr-6280-absolut-cvt\/","og_site_name":"Landwirt.com News","article_published_time":"2026-03-27T11:53:18+00:00","article_modified_time":"2026-03-27T11:54:23+00:00","og_image":[{"width":1600,"height":1200,"url":"https:\/\/www.landwirt.com\/news\/wp-content\/uploads\/2026\/03\/3858-e4ea28530a08bc7b477310139e5db02f-6849397-0vb.jpg","type":"image\/jpeg"}],"author":"Alexandra Schauer","twitter_card":"summary_large_image","twitter_misc":{"Verfasst von":"Alexandra Schauer","Gesch\u00e4tzte Lesezeit":"3 Minuten"},"schema":{"@context":"https:\/\/schema.org","@graph":[{"@type":"Article","@id":"https:\/\/www.landwirt.com\/news\/steyr-6280-absolut-cvt\/#article","isPartOf":{"@id":"https:\/\/www.landwirt.com\/news\/steyr-6280-absolut-cvt\/"},"author":{"name":"Alexandra Schauer","@id":"https:\/\/www.landwirt.com\/news\/#\/schema\/person\/627016cf4cf7fe2189ac7e234990f441"},"headline":"Steyr 6280 Absolut CVT","datePublished":"2026-03-27T11:53:18+00:00","dateModified":"2026-03-27T11:54:23+00:00","mainEntityOfPage":{"@id":"https:\/\/www.landwirt.com\/news\/steyr-6280-absolut-cvt\/"},"wordCount":3427,"publisher":{"@id":"https:\/\/www.landwirt.com\/news\/#organization"},"image":{"@id":"https:\/\/www.landwirt.com\/news\/steyr-6280-absolut-cvt\/#primaryimage"},"thumbnailUrl":"https:\/\/www.landwirt.com\/news\/wp-content\/uploads\/2026\/03\/3858-e4ea28530a08bc7b477310139e5db02f-6849397-0vb.jpg","articleSection":["Angebot im Fokus"],"inLanguage":"de-AT"},{"@type":"WebPage","@id":"https:\/\/www.landwirt.com\/news\/steyr-6280-absolut-cvt\/","url":"https:\/\/www.landwirt.com\/news\/steyr-6280-absolut-cvt\/","name":"Steyr 6280 Absolut CVT - Landwirt.com News","isPartOf":{"@id":"https:\/\/www.landwirt.com\/news\/#website"},"primaryImageOfPage":{"@id":"https:\/\/www.landwirt.com\/news\/steyr-6280-absolut-cvt\/#primaryimage"},"image":{"@id":"https:\/\/www.landwirt.com\/news\/steyr-6280-absolut-cvt\/#primaryimage"},"thumbnailUrl":"https:\/\/www.landwirt.com\/news\/wp-content\/uploads\/2026\/03\/3858-e4ea28530a08bc7b477310139e5db02f-6849397-0vb.jpg","datePublished":"2026-03-27T11:53:18+00:00","dateModified":"2026-03-27T11:54:23+00:00","description":"Steyr 6280 Absolut CVT (2026): 302 PS, CVT 50 km\/h Eco, 7 DW elektrisch, ISOBUS, Infomat 1200, VF-Reifen 100%.","breadcrumb":{"@id":"https:\/\/www.landwirt.com\/news\/steyr-6280-absolut-cvt\/#breadcrumb"},"inLanguage":"de-AT","potentialAction":[{"@type":"ReadAction","target":["https:\/\/www.landwirt.com\/news\/steyr-6280-absolut-cvt\/"]}]},{"@type":"ImageObject","inLanguage":"de-AT","@id":"https:\/\/www.landwirt.com\/news\/steyr-6280-absolut-cvt\/#primaryimage","url":"https:\/\/www.landwirt.com\/news\/wp-content\/uploads\/2026\/03\/3858-e4ea28530a08bc7b477310139e5db02f-6849397-0vb.jpg","contentUrl":"https:\/\/www.landwirt.com\/news\/wp-content\/uploads\/2026\/03\/3858-e4ea28530a08bc7b477310139e5db02f-6849397-0vb.jpg","width":1600,"height":1200,"caption":"Seitenansicht - Steyr 6280 Absolut CVT"},{"@type":"BreadcrumbList","@id":"https:\/\/www.landwirt.com\/news\/steyr-6280-absolut-cvt\/#breadcrumb","itemListElement":[{"@type":"ListItem","position":1,"name":"Home","item":"https:\/\/www.landwirt.com\/news\/home\/"},{"@type":"ListItem","position":2,"name":"Steyr 6280 Absolut CVT"}]},{"@type":"WebSite","@id":"https:\/\/www.landwirt.com\/news\/#website","url":"https:\/\/www.landwirt.com\/news\/","name":"Landwirt.com News","description":"Landwirt.com News","publisher":{"@id":"https:\/\/www.landwirt.com\/news\/#organization"},"potentialAction":[{"@type":"SearchAction","target":{"@type":"EntryPoint","urlTemplate":"https:\/\/www.landwirt.com\/news\/?s={search_term_string}"},"query-input":{"@type":"PropertyValueSpecification","valueRequired":true,"valueName":"search_term_string"}}],"inLanguage":"de-AT"},{"@type":"Organization","@id":"https:\/\/www.landwirt.com\/news\/#organization","name":"LANDWIRT.COM GMBH","url":"https:\/\/www.landwirt.com\/news\/","logo":{"@type":"ImageObject","inLanguage":"de-AT","@id":"https:\/\/www.landwirt.com\/news\/#\/schema\/logo\/image\/","url":"https:\/\/www.landwirt.com\/news\/wp-content\/uploads\/2020\/02\/LW-logo.png","contentUrl":"https:\/\/www.landwirt.com\/news\/wp-content\/uploads\/2020\/02\/LW-logo.png","width":250,"height":58,"caption":"LANDWIRT.COM GMBH"},"image":{"@id":"https:\/\/www.landwirt.com\/news\/#\/schema\/logo\/image\/"}},{"@type":"Person","@id":"https:\/\/www.landwirt.com\/news\/#\/schema\/person\/627016cf4cf7fe2189ac7e234990f441","name":"Alexandra Schauer","image":{"@type":"ImageObject","inLanguage":"de-AT","@id":"https:\/\/secure.gravatar.com\/avatar\/7dc000820bab53d1e584af263fe6d4f9133557b5e0a6f573d3b8713ce8629c9f?s=96&d=mm&r=g","url":"https:\/\/secure.gravatar.com\/avatar\/7dc000820bab53d1e584af263fe6d4f9133557b5e0a6f573d3b8713ce8629c9f?s=96&d=mm&r=g","contentUrl":"https:\/\/secure.gravatar.com\/avatar\/7dc000820bab53d1e584af263fe6d4f9133557b5e0a6f573d3b8713ce8629c9f?s=96&d=mm&r=g","caption":"Alexandra Schauer"},"url":"https:\/\/www.landwirt.com\/news\/author\/alex\/"}]}},"_links":{"self":[{"href":"https:\/\/www.landwirt.com\/news\/wp-json\/wp\/v2\/posts\/21623","targetHints":{"allow":["GET"]}}],"collection":[{"href":"https:\/\/www.landwirt.com\/news\/wp-json\/wp\/v2\/posts"}],"about":[{"href":"https:\/\/www.landwirt.com\/news\/wp-json\/wp\/v2\/types\/post"}],"author":[{"embeddable":true,"href":"https:\/\/www.landwirt.com\/news\/wp-json\/wp\/v2\/users\/3"}],"replies":[{"embeddable":true,"href":"https:\/\/www.landwirt.com\/news\/wp-json\/wp\/v2\/comments?post=21623"}],"version-history":[{"count":5,"href":"https:\/\/www.landwirt.com\/news\/wp-json\/wp\/v2\/posts\/21623\/revisions"}],"predecessor-version":[{"id":21640,"href":"https:\/\/www.landwirt.com\/news\/wp-json\/wp\/v2\/posts\/21623\/revisions\/21640"}],"wp:featuredmedia":[{"embeddable":true,"href":"https:\/\/www.landwirt.com\/news\/wp-json\/wp\/v2\/media\/21629"}],"wp:attachment":[{"href":"https:\/\/www.landwirt.com\/news\/wp-json\/wp\/v2\/media?parent=21623"}],"wp:term":[{"taxonomy":"category","embeddable":true,"href":"https:\/\/www.landwirt.com\/news\/wp-json\/wp\/v2\/categories?post=21623"},{"taxonomy":"post_tag","embeddable":true,"href":"https:\/\/www.landwirt.com\/news\/wp-json\/wp\/v2\/tags?post=21623"}],"curies":[{"name":"wp","href":"https:\/\/api.w.org\/{rel}","templated":true}]}}