{"id":21566,"date":"2026-03-24T18:13:32","date_gmt":"2026-03-24T17:13:32","guid":{"rendered":"https:\/\/www.landwirt.com\/news\/?p=21566"},"modified":"2026-03-24T18:13:33","modified_gmt":"2026-03-24T17:13:33","slug":"fendt-311-vario-profi","status":"publish","type":"post","link":"https:\/\/www.landwirt.com\/news\/fendt-311-vario-profi\/","title":{"rendered":"Fendt 311 Vario Profi+"},"content":{"rendered":"\n<style type=\"text\/css\" data-created_by=\"avia_inline_auto\" id=\"style-css-av-mm35nn8s-e1ab2106ed0d61b77fe461c8b39032ee\">\n#top .av-special-heading.av-mm35nn8s-e1ab2106ed0d61b77fe461c8b39032ee{\npadding-bottom:10px;\n}\nbody .av-special-heading.av-mm35nn8s-e1ab2106ed0d61b77fe461c8b39032ee .av-special-heading-tag .heading-char{\nfont-size:25px;\n}\n.av-special-heading.av-mm35nn8s-e1ab2106ed0d61b77fe461c8b39032ee .av-subheading{\nfont-size:15px;\n}\n<\/style>\n<div  class='av-special-heading av-mm35nn8s-e1ab2106ed0d61b77fe461c8b39032ee av-special-heading-h1 blockquote modern-quote modern-centered  avia-builder-el-0  el_before_av_hr  avia-builder-el-first '><h1 class='av-special-heading-tag '  itemprop=\"headline\"  >Fendt 311 Vario Profi+<\/h1><div class='av-subheading av-subheading_below'><p>100% Reifenprofil<\/p>\n<\/div><div class=\"special-heading-border\"><div class=\"special-heading-inner-border\"><\/div><\/div><\/div>\n<div  class='hr av-3rs9tdi-8f7825a22b0ec64f1426e601bb81027b hr-default  avia-builder-el-1  el_after_av_heading  el_before_av_one_half '><span class='hr-inner '><span class=\"hr-inner-style\"><\/span><\/span><\/div>\n<div  class='flex_column av-3jyax9y-c13a5f32769dd8a3af819ecae73c1d36 av_one_half  avia-builder-el-2  el_after_av_hr  el_before_av_one_half  first flex_column_div  '     ><style type=\"text\/css\" data-created_by=\"avia_inline_auto\" id=\"style-css-av-mm35pcdx-c22af4abef4a0f796ba65cb32e613feb\">\n.avia-image-container.av-mm35pcdx-c22af4abef4a0f796ba65cb32e613feb img.avia_image{\nbox-shadow:none;\n}\n.avia-image-container.av-mm35pcdx-c22af4abef4a0f796ba65cb32e613feb .av-image-caption-overlay-center{\ncolor:#ffffff;\n}\n<\/style>\n<div  class='avia-image-container av-mm35pcdx-c22af4abef4a0f796ba65cb32e613feb av-styling- avia-align-center  avia-builder-el-3  avia-builder-el-no-sibling '   itemprop=\"image\" itemscope=\"itemscope\" itemtype=\"https:\/\/schema.org\/ImageObject\" ><div class=\"avia-image-container-inner\"><div class=\"avia-image-overlay-wrap\"><img decoding=\"async\" fetchpriority=\"high\" class='wp-image-21568 avia-img-lazy-loading-not-21568 avia_image ' src=\"https:\/\/www.landwirt.com\/news\/wp-content\/uploads\/2026\/03\/3379-12febe9983b7eb8b970477914fad39d0-6849357-0vb.jpg\" alt='Seitenansicht- Fendt 311 Vario Profi+' title='3379-12febe9983b7eb8b970477914fad39d0-6849357-0vb'  height=\"1200\" width=\"1600\"  itemprop=\"thumbnailUrl\" srcset=\"https:\/\/www.landwirt.com\/news\/wp-content\/uploads\/2026\/03\/3379-12febe9983b7eb8b970477914fad39d0-6849357-0vb.jpg 1600w, https:\/\/www.landwirt.com\/news\/wp-content\/uploads\/2026\/03\/3379-12febe9983b7eb8b970477914fad39d0-6849357-0vb-300x225.jpg 300w, https:\/\/www.landwirt.com\/news\/wp-content\/uploads\/2026\/03\/3379-12febe9983b7eb8b970477914fad39d0-6849357-0vb-1030x773.jpg 1030w, https:\/\/www.landwirt.com\/news\/wp-content\/uploads\/2026\/03\/3379-12febe9983b7eb8b970477914fad39d0-6849357-0vb-768x576.jpg 768w, https:\/\/www.landwirt.com\/news\/wp-content\/uploads\/2026\/03\/3379-12febe9983b7eb8b970477914fad39d0-6849357-0vb-1536x1152.jpg 1536w, https:\/\/www.landwirt.com\/news\/wp-content\/uploads\/2026\/03\/3379-12febe9983b7eb8b970477914fad39d0-6849357-0vb-1500x1125.jpg 1500w, https:\/\/www.landwirt.com\/news\/wp-content\/uploads\/2026\/03\/3379-12febe9983b7eb8b970477914fad39d0-6849357-0vb-705x529.jpg 705w\" sizes=\"(max-width: 1600px) 100vw, 1600px\" \/><\/div><\/div><\/div><\/div><div  class='flex_column av-2u6h052-dd29ac7908d6cc58f75ee744c9cf2578 av_one_half  avia-builder-el-4  el_after_av_one_half  el_before_av_hr  flex_column_div  '     ><p>\n<style type=\"text\/css\" data-created_by=\"avia_inline_auto\" id=\"style-css-av-mm35pmyz-4eeb5af881cec7243b8eef7ab039e29b\">\n.avia-image-container.av-mm35pmyz-4eeb5af881cec7243b8eef7ab039e29b img.avia_image{\nbox-shadow:none;\n}\n.avia-image-container.av-mm35pmyz-4eeb5af881cec7243b8eef7ab039e29b .av-image-caption-overlay-center{\ncolor:#ffffff;\n}\n<\/style>\n<div  class='avia-image-container av-mm35pmyz-4eeb5af881cec7243b8eef7ab039e29b av-styling- avia-align-center  avia-builder-el-5  el_before_av_textblock  avia-builder-el-first '   itemprop=\"image\" itemscope=\"itemscope\" itemtype=\"https:\/\/schema.org\/ImageObject\" ><div class=\"avia-image-container-inner\"><div class=\"avia-image-overlay-wrap\"><img decoding=\"async\" fetchpriority=\"high\" class='wp-image-21567 avia-img-lazy-loading-not-21567 avia_image ' src=\"https:\/\/www.landwirt.com\/news\/wp-content\/uploads\/2026\/03\/3379-12febe9983b7eb8b970477914fad39d0-6849357-28vb.jpg\" alt='Innenansicht - Fendt 311 Vario Profi+' title='3379-12febe9983b7eb8b970477914fad39d0-6849357-28vb'  height=\"1200\" width=\"1600\"  itemprop=\"thumbnailUrl\" srcset=\"https:\/\/www.landwirt.com\/news\/wp-content\/uploads\/2026\/03\/3379-12febe9983b7eb8b970477914fad39d0-6849357-28vb.jpg 1600w, https:\/\/www.landwirt.com\/news\/wp-content\/uploads\/2026\/03\/3379-12febe9983b7eb8b970477914fad39d0-6849357-28vb-300x225.jpg 300w, https:\/\/www.landwirt.com\/news\/wp-content\/uploads\/2026\/03\/3379-12febe9983b7eb8b970477914fad39d0-6849357-28vb-1030x773.jpg 1030w, https:\/\/www.landwirt.com\/news\/wp-content\/uploads\/2026\/03\/3379-12febe9983b7eb8b970477914fad39d0-6849357-28vb-768x576.jpg 768w, https:\/\/www.landwirt.com\/news\/wp-content\/uploads\/2026\/03\/3379-12febe9983b7eb8b970477914fad39d0-6849357-28vb-1536x1152.jpg 1536w, https:\/\/www.landwirt.com\/news\/wp-content\/uploads\/2026\/03\/3379-12febe9983b7eb8b970477914fad39d0-6849357-28vb-1500x1125.jpg 1500w, https:\/\/www.landwirt.com\/news\/wp-content\/uploads\/2026\/03\/3379-12febe9983b7eb8b970477914fad39d0-6849357-28vb-705x529.jpg 705w\" sizes=\"(max-width: 1600px) 100vw, 1600px\" \/><\/div><\/div><\/div><br \/>\n<section  class='av_textblock_section av-mm3bheo3-1cc9eabda14fc1ba702d77c4d015af4a '   itemscope=\"itemscope\" itemtype=\"https:\/\/schema.org\/BlogPosting\" itemprop=\"blogPost\" ><div class='avia_textblock'  itemprop=\"text\" ><p style=\"text-align: right;\"><a href=\"https:\/\/www.landwirt.com\/detail\/fendt-311-vario-profi-6849357?utm_source=discover&amp;utm_medium=Angebot+im+Fokus&amp;utm_campaign=news_artikel&amp;utm_id=6849357&amp;utm_term=6849357&amp;utm_content=traktor_des_tages\">Mehr Bilder zu diesem Traktor<\/a><\/p>\n<\/div><\/section><\/p><\/div>\n<style type=\"text\/css\" data-created_by=\"avia_inline_auto\" id=\"style-css-av-mm3bdro3-2f8612d0198ad2d19d9496aba9d17480\">\n#top .hr.hr-invisible.av-mm3bdro3-2f8612d0198ad2d19d9496aba9d17480{\nheight:20px;\n}\n<\/style>\n<div  class='hr av-mm3bdro3-2f8612d0198ad2d19d9496aba9d17480 hr-invisible  avia-builder-el-7  el_after_av_one_half  el_before_av_textblock '><span class='hr-inner '><span class=\"hr-inner-style\"><\/span><\/span><\/div><\/p>\n<section  class='av_textblock_section av-mm35o9kb-66c57664b4eebd373c8fb27c327e8417 '   itemscope=\"itemscope\" itemtype=\"https:\/\/schema.org\/BlogPosting\" itemprop=\"blogPost\" ><div class='avia_textblock'  itemprop=\"text\" ><h3 style=\"text-align: center;\">Fendt 311 Vario Profi+ Gen4 (2024): 113 PS, nur 87 Stunden und RTK am Terminal<\/h3>\n<\/div><\/section>\n\n<style type=\"text\/css\" data-created_by=\"avia_inline_auto\" id=\"style-css-av-kzf8pj-9bfb9bc98ebe022d8ad89d3f29d0a43d\">\n#top .hr.hr-invisible.av-kzf8pj-9bfb9bc98ebe022d8ad89d3f29d0a43d{\nheight:20px;\n}\n<\/style>\n<div  class='hr av-kzf8pj-9bfb9bc98ebe022d8ad89d3f29d0a43d hr-invisible  avia-builder-el-9  el_after_av_textblock  el_before_av_textblock '><span class='hr-inner '><span class=\"hr-inner-style\"><\/span><\/span><\/div>\n<section  class='av_textblock_section av-mm35qmwk-554b25ab953cc91e8fe26c1810156f8f '   itemscope=\"itemscope\" itemtype=\"https:\/\/schema.org\/BlogPosting\" itemprop=\"blogPost\" ><div class='avia_textblock'  itemprop=\"text\" ><p data-start=\"721\" data-end=\"1212\">Der <strong data-start=\"725\" data-end=\"758\">Fendt 311 Vario Profi+ (Gen4)<\/strong> steht in dieser Konfiguration f\u00fcr einen kompakten Traktor, der <strong data-start=\"822\" data-end=\"849\">stufenlosen Fahrkomfort<\/strong>, moderne <strong data-start=\"859\" data-end=\"879\">Elektronikpakete<\/strong> und eine auf den Ger\u00e4tebetrieb ausgelegte Hydraulik kombiniert. Das angebotene Fahrzeug ist <strong data-start=\"972\" data-end=\"988\">Baujahr 2024<\/strong>, weist <strong data-start=\"996\" data-end=\"1018\">87 Betriebsstunden<\/strong> auf und wird im Zustand <strong data-start=\"1043\" data-end=\"1073\">\u201eBesonders gut (Klasse 1)\u201d<\/strong> gef\u00fchrt (Interne Nr. 6849357). Ausgewiesen sind <strong data-start=\"1126\" data-end=\"1144\">113 PS (83 kW)<\/strong> aus einem <strong data-start=\"1155\" data-end=\"1169\">4-Zylinder<\/strong>; Abgasstufe <strong data-start=\"1182\" data-end=\"1192\">Tier 5<\/strong> (inkl. <strong data-start=\"1200\" data-end=\"1210\">AdBlue<\/strong>).<\/p>\n<h4 data-start=\"1214\" data-end=\"1278\">Antrieb &amp; Getriebe: stufenlos, 40 km\/h und Zapfwellen-Setup<\/h4>\n<p data-start=\"1279\" data-end=\"1650\">Als Getriebeart ist ein <strong data-start=\"1303\" data-end=\"1327\">stufenloses Getriebe<\/strong> angegeben, dazu die <strong data-start=\"1348\" data-end=\"1370\">40 km\/h <\/strong>Ausf\u00fchrung. Bei der Zapfwelle sind <strong data-start=\"1395\" data-end=\"1412\">540\/540E\/1000<\/strong> genannt; in der Ausstattung wird zus\u00e4tzlich <strong data-start=\"1457\" data-end=\"1486\">Frontzapfwelle 1000 U\/min<\/strong> aufgef\u00fchrt. F\u00fcr den Alltagsbetrieb sind au\u00dferdem <strong data-start=\"1536\" data-end=\"1546\">Allrad<\/strong>, <strong data-start=\"1548\" data-end=\"1564\">Powershuttle<\/strong> sowie Au\u00dfenbedienung Heckzapfwelle und Au\u00dfenbedienung Heckhydraulik gelistet.<\/p>\n<h4 data-start=\"1652\" data-end=\"1719\">Hydraulik &amp; Anbau: 4 DW elektrisch, 110 l\/min und Power Beyond<\/h4>\n<p data-start=\"1720\" data-end=\"2224\">Im Schwerpunkt Ger\u00e4tebetrieb f\u00e4llt die Hydraulikausstattung auf: In den technischen Daten sind <strong data-start=\"1815\" data-end=\"1832\">4 DW (gesamt)<\/strong> angegeben \u2013 zugleich 4 DW elektrisch. In der Ausstattungsliste werden mehrere <strong data-start=\"1915\" data-end=\"1935\">Zusatzventile dw<\/strong> am Heck genannt, dazu eine <strong data-start=\"1963\" data-end=\"1995\">Hydraulikpumpe mit 110 l\/min<\/strong>, <strong data-start=\"1997\" data-end=\"2013\">Power Beyond<\/strong> sowie <strong data-start=\"2020\" data-end=\"2056\">Hydraulikventilbet\u00e4tigung extern<\/strong>. Frontseitig sind <strong data-start=\"2075\" data-end=\"2093\">Fronthydraulik<\/strong> und <strong data-start=\"2098\" data-end=\"2116\">Frontzapfwelle<\/strong> aufgef\u00fchrt; genannt werden au\u00dferdem <strong data-start=\"2153\" data-end=\"2179\">Frontkraftheber Kat. 2<\/strong> und ein <strong data-start=\"2188\" data-end=\"2216\">hydraulischer Oberlenker<\/strong> hinten.<\/p>\n<h4 data-start=\"2226\" data-end=\"2307\">Kabine &amp; Komfort: VisioPlus, Klimaautomatik und pneumatische Kabinenfederung<\/h4>\n<p data-start=\"2308\" data-end=\"2661\">Als Arbeitsplatz ist die <strong data-start=\"2333\" data-end=\"2361\">Panoramakabine VisioPlus<\/strong> angegeben. Genannt sind Klimaautomatik, Super-Komfortsitz luftgefedert, Luftsitz, Radio sowie eine pneumatische Kabinenfederung. Erg\u00e4nzend werden u. a. Wisch- und Waschanlage hinten, Bodenmatte, Universalhalterung f\u00fcr Handy und weitere Ausstattungsdetails aufgef\u00fchrt.<\/p>\n<h4 data-start=\"2663\" data-end=\"2724\">Licht &amp; Sicht: Zusatzbeleuchtung und Arbeitsscheinwerfer<\/h4>\n<p data-start=\"2725\" data-end=\"2983\">In den technischen Daten sind <strong data-start=\"2755\" data-end=\"2786\">6 Arbeitsscheinwerfer vorne<\/strong> und <strong data-start=\"2791\" data-end=\"2803\">6 hinten<\/strong> genannt. In der Ausstattungsliste wird das Lichtpaket weiter konkretisiert (z. B. zus\u00e4tzliche Arbeitsscheinwerfer an Dach\/A-S\u00e4ule\/Kotfl\u00fcgel sowie <strong data-start=\"2950\" data-end=\"2981\">LED-Rundumkennleuchte links<\/strong>).<\/p>\n<h4 data-start=\"2985\" data-end=\"3040\">Precision Farming: RTK am Terminal und Basispakete<\/h4>\n<p data-start=\"3041\" data-end=\"3309\">F\u00fcr die Spurf\u00fchrung ist <strong data-start=\"3065\" data-end=\"3106\">\u201eLenksystem: RTK am Traktor Terminal\u201d<\/strong> angegeben. In der Ausstattungsliste werden zudem <strong data-start=\"3156\" data-end=\"3182\">Spurf\u00fchrung <\/strong>Basispaket, <strong data-start=\"3184\" data-end=\"3199\">RTK NovAtel<\/strong>, <strong data-start=\"3201\" data-end=\"3225\">Agronomie<\/strong> Basispaket und <strong data-start=\"3230\" data-end=\"3263\">Maschinensteuerung <\/strong>Basispaket genannt. <strong data-start=\"3273\" data-end=\"3283\">ISOBUS<\/strong> ist ebenfalls aufgef\u00fchrt.<\/p>\n<h4 data-start=\"3311\" data-end=\"3333\">Bereifung &amp; Zustand<\/h4>\n<ul data-start=\"3334\" data-end=\"3415\">\n<li data-start=\"3334\" data-end=\"3374\">vorn: <strong data-start=\"3342\" data-end=\"3355\">540\/65R24<\/strong>, Profil <strong data-start=\"3364\" data-end=\"3372\">100%<\/strong><\/li>\n<li data-start=\"3375\" data-end=\"3415\">hinten: <strong data-start=\"3385\" data-end=\"3398\">600\/65R38<\/strong>, Profil <strong data-start=\"3407\" data-end=\"3415\">100%<\/strong><\/li>\n<\/ul>\n<\/div><\/section>\n<div  class='flex_column av-av_one_half-a2cef933b0a555f25d1e39b22a8e9dae av_one_half  avia-builder-el-11  el_after_av_textblock  el_before_av_hr  first flex_column_div  column-top-margin'     ><section  class='av_textblock_section av-mn4vdyo8-18598ea0c3c53369e52abce39dade97c '   itemscope=\"itemscope\" itemtype=\"https:\/\/schema.org\/BlogPosting\" itemprop=\"blogPost\" ><div class='avia_textblock'  itemprop=\"text\" ><p><strong data-start=\"3120\" data-end=\"3132\">Preis:<\/strong><\/p>\n<div>\n<div class=\"text-base min-h-6 w-auto text-ellipsis overflow-hidden whitespace-nowrap\"><\/div>\n<\/div>\n<p><strong>149.000 \u20ac <\/strong><span class=\"font-normal text-sm text-grey-300 dark:text-git-text-100 block print:!text-black\">inkl. 13% MwSt.\/Verm.<\/span><\/p>\n<\/div><\/section><\/div><div  class='hr av-v34y1f-691f21d72d8302a6283b9090bf73cdf3 hr-default  avia-builder-el-13  el_after_av_one_half  el_before_av_one_half '><span class='hr-inner '><span class=\"hr-inner-style\"><\/span><\/span><\/div><\/p>\n<div  class='flex_column av-1c19yqe-efde6a8337cfe21837db587e42e5741e av_one_half  avia-builder-el-14  el_after_av_hr  el_before_av_one_half  first flex_column_div  '     ><section  class='av_textblock_section av-mm35vm8v-43252b4a6ac5dc35dad751f48481c8c9 '   itemscope=\"itemscope\" itemtype=\"https:\/\/schema.org\/BlogPosting\" itemprop=\"blogPost\" ><div class='avia_textblock'  itemprop=\"text\" ><p><strong data-start=\"3120\" data-end=\"3132\">H\u00e4ndler:<\/strong><\/p>\n<div>\n<div class=\"text-base min-h-6 w-auto text-ellipsis overflow-hidden whitespace-nowrap\"><a class=\"hover:underline\" href=\"https:\/\/www.landwirt.com\/dealer\/info\/mauch-gesellschaft-m-b-h-co-kg-3379\"><strong>MAUCH Gesellschaft m.b.H. &amp; Co.KG<\/strong><\/a><\/p>\n<div>\n<div class=\"text-base min-h-6 w-auto text-ellipsis overflow-hidden whitespace-nowrap block\" title=\"Mattighofnerstrasse 7\">Mattighofnerstrasse 7<\/div>\n<div class=\"text-base min-h-6 w-auto text-ellipsis overflow-hidden whitespace-nowrap\">5274 &#8211; Burgkirchen<\/div>\n<div class=\"text-base min-h-6 w-auto text-ellipsis overflow-hidden whitespace-nowrap\">Ober\u00f6sterreich \u00d6sterreich<\/div>\n<\/div>\n<\/div>\n<\/div>\n<p>Redaktionell bearbeitet von: Alina Neuhold<\/p>\n<\/div><\/section><\/div><div  class='flex_column av-ifk1w6-ba1bc9bbefdd8ec3f699b5b6c1da3beb av_one_half  avia-builder-el-16  el_after_av_one_half  avia-builder-el-last  flex_column_div  '     ><div  class='avia-button-wrap av-mm3bt0vj-aa1cb9030d16748acde51c623cf005a8-wrap avia-button-left  avia-builder-el-17  avia-builder-el-no-sibling '><a href='https:\/\/www.landwirt.com\/detail\/fendt-311-vario-profi-6849357?utm_source=discover&utm_medium=Angebot+im+Fokus&utm_campaign=news_artikel&utm_id=6849357&utm_term=6849357&utm_content=traktor_des_tages'  class='avia-button av-mm3bt0vj-aa1cb9030d16748acde51c623cf005a8 av-link-btn avia-icon_select-no avia-size-large avia-position-left avia-color-theme-color'   aria-label=\"Mehr Infos zu diesem Traktor\"><span class='avia_iconbox_title' >Mehr Infos zu diesem Traktor<\/span><\/a><\/div><\/div><\/p>\n","protected":false},"excerpt":{"rendered":"<p>Fendt 311 Vario Profi+ Gen4 (2024): 113 PS, 87 Std., stufenlos, RTK am Terminal, ISOBUS, Power Beyond, 110 l\/min, 100% Profil.<\/p>\n","protected":false},"author":3,"featured_media":21568,"comment_status":"closed","ping_status":"closed","sticky":false,"template":"","format":"standard","meta":{"footnotes":""},"categories":[647],"tags":[],"class_list":["post-21566","post","type-post","status-publish","format-standard","has-post-thumbnail","hentry","category-angebot_im_fokus"],"yoast_head":"<!-- This site is optimized with the Yoast SEO plugin v27.5 - https:\/\/yoast.com\/product\/yoast-seo-wordpress\/ -->\n<title>Fendt 311 Vario Profi+ - Landwirt.com News<\/title>\n<meta name=\"description\" content=\"Fendt 311 Vario Profi+ Gen4 (2024): 113 PS, 87 Std., stufenlos, RTK am Terminal, ISOBUS, Power Beyond, 110 l\/min, 100% Profil.\" \/>\n<meta name=\"robots\" content=\"index, follow, max-snippet:-1, max-image-preview:large, max-video-preview:-1\" \/>\n<meta property=\"og:locale\" content=\"de_DE\" \/>\n<meta property=\"og:type\" content=\"article\" \/>\n<meta property=\"og:title\" content=\"Fendt 311 Vario Profi+\" \/>\n<meta property=\"og:description\" content=\"Fendt 311 Vario Profi+ Gen4 (2024): 113 PS, 87 Std., stufenlos, RTK am Terminal, ISOBUS, Power Beyond, 110 l\/min, 100% Profil.\" \/>\n<meta property=\"og:url\" content=\"https:\/\/www.landwirt.com\/news\/fendt-311-vario-profi\/\" \/>\n<meta property=\"og:site_name\" content=\"Landwirt.com News\" \/>\n<meta property=\"article:published_time\" content=\"2026-03-24T17:13:32+00:00\" \/>\n<meta property=\"article:modified_time\" content=\"2026-03-24T17:13:33+00:00\" \/>\n<meta property=\"og:image\" content=\"https:\/\/www.landwirt.com\/news\/wp-content\/uploads\/2026\/03\/3379-12febe9983b7eb8b970477914fad39d0-6849357-0vb.jpg\" \/>\n\t<meta property=\"og:image:width\" content=\"1600\" \/>\n\t<meta property=\"og:image:height\" content=\"1200\" \/>\n\t<meta property=\"og:image:type\" content=\"image\/jpeg\" \/>\n<meta name=\"author\" content=\"Alexandra Schauer\" \/>\n<meta name=\"twitter:card\" content=\"summary_large_image\" \/>\n<meta name=\"twitter:label1\" content=\"Verfasst von\" \/>\n\t<meta name=\"twitter:data1\" content=\"Alexandra Schauer\" \/>\n\t<meta name=\"twitter:label2\" content=\"Gesch\u00e4tzte Lesezeit\" \/>\n\t<meta name=\"twitter:data2\" content=\"3 Minuten\" \/>\n<script type=\"application\/ld+json\" class=\"yoast-schema-graph\">{\"@context\":\"https:\\\/\\\/schema.org\",\"@graph\":[{\"@type\":\"Article\",\"@id\":\"https:\\\/\\\/www.landwirt.com\\\/news\\\/fendt-311-vario-profi\\\/#article\",\"isPartOf\":{\"@id\":\"https:\\\/\\\/www.landwirt.com\\\/news\\\/fendt-311-vario-profi\\\/\"},\"author\":{\"name\":\"Alexandra Schauer\",\"@id\":\"https:\\\/\\\/www.landwirt.com\\\/news\\\/#\\\/schema\\\/person\\\/627016cf4cf7fe2189ac7e234990f441\"},\"headline\":\"Fendt 311 Vario Profi+\",\"datePublished\":\"2026-03-24T17:13:32+00:00\",\"dateModified\":\"2026-03-24T17:13:33+00:00\",\"mainEntityOfPage\":{\"@id\":\"https:\\\/\\\/www.landwirt.com\\\/news\\\/fendt-311-vario-profi\\\/\"},\"wordCount\":3783,\"publisher\":{\"@id\":\"https:\\\/\\\/www.landwirt.com\\\/news\\\/#organization\"},\"image\":{\"@id\":\"https:\\\/\\\/www.landwirt.com\\\/news\\\/fendt-311-vario-profi\\\/#primaryimage\"},\"thumbnailUrl\":\"https:\\\/\\\/www.landwirt.com\\\/news\\\/wp-content\\\/uploads\\\/2026\\\/03\\\/3379-12febe9983b7eb8b970477914fad39d0-6849357-0vb.jpg\",\"articleSection\":[\"Angebot im Fokus\"],\"inLanguage\":\"de-AT\"},{\"@type\":\"WebPage\",\"@id\":\"https:\\\/\\\/www.landwirt.com\\\/news\\\/fendt-311-vario-profi\\\/\",\"url\":\"https:\\\/\\\/www.landwirt.com\\\/news\\\/fendt-311-vario-profi\\\/\",\"name\":\"Fendt 311 Vario Profi+ - Landwirt.com News\",\"isPartOf\":{\"@id\":\"https:\\\/\\\/www.landwirt.com\\\/news\\\/#website\"},\"primaryImageOfPage\":{\"@id\":\"https:\\\/\\\/www.landwirt.com\\\/news\\\/fendt-311-vario-profi\\\/#primaryimage\"},\"image\":{\"@id\":\"https:\\\/\\\/www.landwirt.com\\\/news\\\/fendt-311-vario-profi\\\/#primaryimage\"},\"thumbnailUrl\":\"https:\\\/\\\/www.landwirt.com\\\/news\\\/wp-content\\\/uploads\\\/2026\\\/03\\\/3379-12febe9983b7eb8b970477914fad39d0-6849357-0vb.jpg\",\"datePublished\":\"2026-03-24T17:13:32+00:00\",\"dateModified\":\"2026-03-24T17:13:33+00:00\",\"description\":\"Fendt 311 Vario Profi+ Gen4 (2024): 113 PS, 87 Std., stufenlos, RTK am Terminal, ISOBUS, Power Beyond, 110 l\\\/min, 100% Profil.\",\"breadcrumb\":{\"@id\":\"https:\\\/\\\/www.landwirt.com\\\/news\\\/fendt-311-vario-profi\\\/#breadcrumb\"},\"inLanguage\":\"de-AT\",\"potentialAction\":[{\"@type\":\"ReadAction\",\"target\":[\"https:\\\/\\\/www.landwirt.com\\\/news\\\/fendt-311-vario-profi\\\/\"]}]},{\"@type\":\"ImageObject\",\"inLanguage\":\"de-AT\",\"@id\":\"https:\\\/\\\/www.landwirt.com\\\/news\\\/fendt-311-vario-profi\\\/#primaryimage\",\"url\":\"https:\\\/\\\/www.landwirt.com\\\/news\\\/wp-content\\\/uploads\\\/2026\\\/03\\\/3379-12febe9983b7eb8b970477914fad39d0-6849357-0vb.jpg\",\"contentUrl\":\"https:\\\/\\\/www.landwirt.com\\\/news\\\/wp-content\\\/uploads\\\/2026\\\/03\\\/3379-12febe9983b7eb8b970477914fad39d0-6849357-0vb.jpg\",\"width\":1600,\"height\":1200,\"caption\":\"Seitenansicht- Fendt 311 Vario Profi+\"},{\"@type\":\"BreadcrumbList\",\"@id\":\"https:\\\/\\\/www.landwirt.com\\\/news\\\/fendt-311-vario-profi\\\/#breadcrumb\",\"itemListElement\":[{\"@type\":\"ListItem\",\"position\":1,\"name\":\"Home\",\"item\":\"https:\\\/\\\/www.landwirt.com\\\/news\\\/home\\\/\"},{\"@type\":\"ListItem\",\"position\":2,\"name\":\"Fendt 311 Vario Profi+\"}]},{\"@type\":\"WebSite\",\"@id\":\"https:\\\/\\\/www.landwirt.com\\\/news\\\/#website\",\"url\":\"https:\\\/\\\/www.landwirt.com\\\/news\\\/\",\"name\":\"Landwirt.com News\",\"description\":\"Landwirt.com News\",\"publisher\":{\"@id\":\"https:\\\/\\\/www.landwirt.com\\\/news\\\/#organization\"},\"potentialAction\":[{\"@type\":\"SearchAction\",\"target\":{\"@type\":\"EntryPoint\",\"urlTemplate\":\"https:\\\/\\\/www.landwirt.com\\\/news\\\/?s={search_term_string}\"},\"query-input\":{\"@type\":\"PropertyValueSpecification\",\"valueRequired\":true,\"valueName\":\"search_term_string\"}}],\"inLanguage\":\"de-AT\"},{\"@type\":\"Organization\",\"@id\":\"https:\\\/\\\/www.landwirt.com\\\/news\\\/#organization\",\"name\":\"LANDWIRT.COM GMBH\",\"url\":\"https:\\\/\\\/www.landwirt.com\\\/news\\\/\",\"logo\":{\"@type\":\"ImageObject\",\"inLanguage\":\"de-AT\",\"@id\":\"https:\\\/\\\/www.landwirt.com\\\/news\\\/#\\\/schema\\\/logo\\\/image\\\/\",\"url\":\"https:\\\/\\\/www.landwirt.com\\\/news\\\/wp-content\\\/uploads\\\/2020\\\/02\\\/LW-logo.png\",\"contentUrl\":\"https:\\\/\\\/www.landwirt.com\\\/news\\\/wp-content\\\/uploads\\\/2020\\\/02\\\/LW-logo.png\",\"width\":250,\"height\":58,\"caption\":\"LANDWIRT.COM GMBH\"},\"image\":{\"@id\":\"https:\\\/\\\/www.landwirt.com\\\/news\\\/#\\\/schema\\\/logo\\\/image\\\/\"}},{\"@type\":\"Person\",\"@id\":\"https:\\\/\\\/www.landwirt.com\\\/news\\\/#\\\/schema\\\/person\\\/627016cf4cf7fe2189ac7e234990f441\",\"name\":\"Alexandra Schauer\",\"image\":{\"@type\":\"ImageObject\",\"inLanguage\":\"de-AT\",\"@id\":\"https:\\\/\\\/secure.gravatar.com\\\/avatar\\\/7dc000820bab53d1e584af263fe6d4f9133557b5e0a6f573d3b8713ce8629c9f?s=96&d=mm&r=g\",\"url\":\"https:\\\/\\\/secure.gravatar.com\\\/avatar\\\/7dc000820bab53d1e584af263fe6d4f9133557b5e0a6f573d3b8713ce8629c9f?s=96&d=mm&r=g\",\"contentUrl\":\"https:\\\/\\\/secure.gravatar.com\\\/avatar\\\/7dc000820bab53d1e584af263fe6d4f9133557b5e0a6f573d3b8713ce8629c9f?s=96&d=mm&r=g\",\"caption\":\"Alexandra Schauer\"},\"url\":\"https:\\\/\\\/www.landwirt.com\\\/news\\\/author\\\/alex\\\/\"}]}<\/script>\n<!-- \/ Yoast SEO plugin. -->","yoast_head_json":{"title":"Fendt 311 Vario Profi+ - Landwirt.com News","description":"Fendt 311 Vario Profi+ Gen4 (2024): 113 PS, 87 Std., stufenlos, RTK am Terminal, ISOBUS, Power Beyond, 110 l\/min, 100% Profil.","robots":{"index":"index","follow":"follow","max-snippet":"max-snippet:-1","max-image-preview":"max-image-preview:large","max-video-preview":"max-video-preview:-1"},"og_locale":"de_DE","og_type":"article","og_title":"Fendt 311 Vario Profi+","og_description":"Fendt 311 Vario Profi+ Gen4 (2024): 113 PS, 87 Std., stufenlos, RTK am Terminal, ISOBUS, Power Beyond, 110 l\/min, 100% Profil.","og_url":"https:\/\/www.landwirt.com\/news\/fendt-311-vario-profi\/","og_site_name":"Landwirt.com News","article_published_time":"2026-03-24T17:13:32+00:00","article_modified_time":"2026-03-24T17:13:33+00:00","og_image":[{"width":1600,"height":1200,"url":"https:\/\/www.landwirt.com\/news\/wp-content\/uploads\/2026\/03\/3379-12febe9983b7eb8b970477914fad39d0-6849357-0vb.jpg","type":"image\/jpeg"}],"author":"Alexandra Schauer","twitter_card":"summary_large_image","twitter_misc":{"Verfasst von":"Alexandra Schauer","Gesch\u00e4tzte Lesezeit":"3 Minuten"},"schema":{"@context":"https:\/\/schema.org","@graph":[{"@type":"Article","@id":"https:\/\/www.landwirt.com\/news\/fendt-311-vario-profi\/#article","isPartOf":{"@id":"https:\/\/www.landwirt.com\/news\/fendt-311-vario-profi\/"},"author":{"name":"Alexandra Schauer","@id":"https:\/\/www.landwirt.com\/news\/#\/schema\/person\/627016cf4cf7fe2189ac7e234990f441"},"headline":"Fendt 311 Vario Profi+","datePublished":"2026-03-24T17:13:32+00:00","dateModified":"2026-03-24T17:13:33+00:00","mainEntityOfPage":{"@id":"https:\/\/www.landwirt.com\/news\/fendt-311-vario-profi\/"},"wordCount":3783,"publisher":{"@id":"https:\/\/www.landwirt.com\/news\/#organization"},"image":{"@id":"https:\/\/www.landwirt.com\/news\/fendt-311-vario-profi\/#primaryimage"},"thumbnailUrl":"https:\/\/www.landwirt.com\/news\/wp-content\/uploads\/2026\/03\/3379-12febe9983b7eb8b970477914fad39d0-6849357-0vb.jpg","articleSection":["Angebot im Fokus"],"inLanguage":"de-AT"},{"@type":"WebPage","@id":"https:\/\/www.landwirt.com\/news\/fendt-311-vario-profi\/","url":"https:\/\/www.landwirt.com\/news\/fendt-311-vario-profi\/","name":"Fendt 311 Vario Profi+ - Landwirt.com News","isPartOf":{"@id":"https:\/\/www.landwirt.com\/news\/#website"},"primaryImageOfPage":{"@id":"https:\/\/www.landwirt.com\/news\/fendt-311-vario-profi\/#primaryimage"},"image":{"@id":"https:\/\/www.landwirt.com\/news\/fendt-311-vario-profi\/#primaryimage"},"thumbnailUrl":"https:\/\/www.landwirt.com\/news\/wp-content\/uploads\/2026\/03\/3379-12febe9983b7eb8b970477914fad39d0-6849357-0vb.jpg","datePublished":"2026-03-24T17:13:32+00:00","dateModified":"2026-03-24T17:13:33+00:00","description":"Fendt 311 Vario Profi+ Gen4 (2024): 113 PS, 87 Std., stufenlos, RTK am Terminal, ISOBUS, Power Beyond, 110 l\/min, 100% Profil.","breadcrumb":{"@id":"https:\/\/www.landwirt.com\/news\/fendt-311-vario-profi\/#breadcrumb"},"inLanguage":"de-AT","potentialAction":[{"@type":"ReadAction","target":["https:\/\/www.landwirt.com\/news\/fendt-311-vario-profi\/"]}]},{"@type":"ImageObject","inLanguage":"de-AT","@id":"https:\/\/www.landwirt.com\/news\/fendt-311-vario-profi\/#primaryimage","url":"https:\/\/www.landwirt.com\/news\/wp-content\/uploads\/2026\/03\/3379-12febe9983b7eb8b970477914fad39d0-6849357-0vb.jpg","contentUrl":"https:\/\/www.landwirt.com\/news\/wp-content\/uploads\/2026\/03\/3379-12febe9983b7eb8b970477914fad39d0-6849357-0vb.jpg","width":1600,"height":1200,"caption":"Seitenansicht- Fendt 311 Vario Profi+"},{"@type":"BreadcrumbList","@id":"https:\/\/www.landwirt.com\/news\/fendt-311-vario-profi\/#breadcrumb","itemListElement":[{"@type":"ListItem","position":1,"name":"Home","item":"https:\/\/www.landwirt.com\/news\/home\/"},{"@type":"ListItem","position":2,"name":"Fendt 311 Vario Profi+"}]},{"@type":"WebSite","@id":"https:\/\/www.landwirt.com\/news\/#website","url":"https:\/\/www.landwirt.com\/news\/","name":"Landwirt.com News","description":"Landwirt.com News","publisher":{"@id":"https:\/\/www.landwirt.com\/news\/#organization"},"potentialAction":[{"@type":"SearchAction","target":{"@type":"EntryPoint","urlTemplate":"https:\/\/www.landwirt.com\/news\/?s={search_term_string}"},"query-input":{"@type":"PropertyValueSpecification","valueRequired":true,"valueName":"search_term_string"}}],"inLanguage":"de-AT"},{"@type":"Organization","@id":"https:\/\/www.landwirt.com\/news\/#organization","name":"LANDWIRT.COM GMBH","url":"https:\/\/www.landwirt.com\/news\/","logo":{"@type":"ImageObject","inLanguage":"de-AT","@id":"https:\/\/www.landwirt.com\/news\/#\/schema\/logo\/image\/","url":"https:\/\/www.landwirt.com\/news\/wp-content\/uploads\/2020\/02\/LW-logo.png","contentUrl":"https:\/\/www.landwirt.com\/news\/wp-content\/uploads\/2020\/02\/LW-logo.png","width":250,"height":58,"caption":"LANDWIRT.COM GMBH"},"image":{"@id":"https:\/\/www.landwirt.com\/news\/#\/schema\/logo\/image\/"}},{"@type":"Person","@id":"https:\/\/www.landwirt.com\/news\/#\/schema\/person\/627016cf4cf7fe2189ac7e234990f441","name":"Alexandra Schauer","image":{"@type":"ImageObject","inLanguage":"de-AT","@id":"https:\/\/secure.gravatar.com\/avatar\/7dc000820bab53d1e584af263fe6d4f9133557b5e0a6f573d3b8713ce8629c9f?s=96&d=mm&r=g","url":"https:\/\/secure.gravatar.com\/avatar\/7dc000820bab53d1e584af263fe6d4f9133557b5e0a6f573d3b8713ce8629c9f?s=96&d=mm&r=g","contentUrl":"https:\/\/secure.gravatar.com\/avatar\/7dc000820bab53d1e584af263fe6d4f9133557b5e0a6f573d3b8713ce8629c9f?s=96&d=mm&r=g","caption":"Alexandra Schauer"},"url":"https:\/\/www.landwirt.com\/news\/author\/alex\/"}]}},"_links":{"self":[{"href":"https:\/\/www.landwirt.com\/news\/wp-json\/wp\/v2\/posts\/21566","targetHints":{"allow":["GET"]}}],"collection":[{"href":"https:\/\/www.landwirt.com\/news\/wp-json\/wp\/v2\/posts"}],"about":[{"href":"https:\/\/www.landwirt.com\/news\/wp-json\/wp\/v2\/types\/post"}],"author":[{"embeddable":true,"href":"https:\/\/www.landwirt.com\/news\/wp-json\/wp\/v2\/users\/3"}],"replies":[{"embeddable":true,"href":"https:\/\/www.landwirt.com\/news\/wp-json\/wp\/v2\/comments?post=21566"}],"version-history":[{"count":2,"href":"https:\/\/www.landwirt.com\/news\/wp-json\/wp\/v2\/posts\/21566\/revisions"}],"predecessor-version":[{"id":21574,"href":"https:\/\/www.landwirt.com\/news\/wp-json\/wp\/v2\/posts\/21566\/revisions\/21574"}],"wp:featuredmedia":[{"embeddable":true,"href":"https:\/\/www.landwirt.com\/news\/wp-json\/wp\/v2\/media\/21568"}],"wp:attachment":[{"href":"https:\/\/www.landwirt.com\/news\/wp-json\/wp\/v2\/media?parent=21566"}],"wp:term":[{"taxonomy":"category","embeddable":true,"href":"https:\/\/www.landwirt.com\/news\/wp-json\/wp\/v2\/categories?post=21566"},{"taxonomy":"post_tag","embeddable":true,"href":"https:\/\/www.landwirt.com\/news\/wp-json\/wp\/v2\/tags?post=21566"}],"curies":[{"name":"wp","href":"https:\/\/api.w.org\/{rel}","templated":true}]}}