{"id":20384,"date":"2026-02-26T11:49:46","date_gmt":"2026-02-26T10:49:46","guid":{"rendered":"https:\/\/www.landwirt.com\/news\/?p=20384"},"modified":"2026-03-06T10:39:56","modified_gmt":"2026-03-06T09:39:56","slug":"poettinger-feiert-25-jahre-saetechnik","status":"publish","type":"post","link":"https:\/\/www.landwirt.com\/news\/poettinger-feiert-25-jahre-saetechnik\/","title":{"rendered":"P\u00f6ttinger feiert 25 Jahre S\u00e4technik"},"content":{"rendered":"\n<style type=\"text\/css\" data-created_by=\"avia_inline_auto\" id=\"style-css-av-ml5pwt0d-6bb451e1fc36c3c7ce9c12a5ad18c134\">\n#top .av-special-heading.av-ml5pwt0d-6bb451e1fc36c3c7ce9c12a5ad18c134{\npadding-bottom:10px;\n}\nbody .av-special-heading.av-ml5pwt0d-6bb451e1fc36c3c7ce9c12a5ad18c134 .av-special-heading-tag .heading-char{\nfont-size:25px;\n}\n.av-special-heading.av-ml5pwt0d-6bb451e1fc36c3c7ce9c12a5ad18c134 .av-subheading{\nfont-size:15px;\n}\n<\/style>\n<div  class='av-special-heading av-ml5pwt0d-6bb451e1fc36c3c7ce9c12a5ad18c134 av-special-heading-h1 blockquote modern-quote modern-centered  avia-builder-el-0  el_before_av_textblock  avia-builder-el-first '><h1 class='av-special-heading-tag '  itemprop=\"headline\"  >P\u00f6ttinger feiert 25 Jahre S\u00e4technik<\/h1><div class='av-subheading av-subheading_below'><p>Ein Viertel Jahrhundert Innovation und Pr\u00e4zision<\/p>\n<\/div><div class=\"special-heading-border\"><div class=\"special-heading-inner-border\"><\/div><\/div><\/div>\n<section  class='av_textblock_section av-ml6a8482-7610a9c439dbf09854d68cf5cdca2f94 '   itemscope=\"itemscope\" itemtype=\"https:\/\/schema.org\/BlogPosting\" itemprop=\"blogPost\" ><div class='avia_textblock'  itemprop=\"text\" ><p>Der Einstieg in die Ackerbautechnik erfolgte f\u00fcr den Gr\u00fcnlandspezialisten P\u00f6ttinger im Jahr 1975 mit der \u00dcbernahme der Bayerischen Pflugfabrik in Landsberg am Lech. 2001 \u2013 vor 25 Jahren \u2013 folgte der n\u00e4chste Meilenstein: Mit dem Kauf des S\u00e4technikwerks Rabe in Bernburg im Osten Deutschlands stieg das \u00f6sterreichische Vorzeigeunternehmen in die S\u00e4technik ein.<\/p>\n<p>Von da an erweiterte P\u00f6ttinger laufend sein S\u00e4technik-Portfolio: Die mechanischen S\u00e4maschinen VITASEM, die pneumatischen S\u00e4maschinen AEROSEM und die TERRASEM Universals\u00e4maschinen bieten nunmehr landwirtschaftlichen Betrieben neue M\u00f6glichkeiten f\u00fcr pr\u00e4zise Aussaat und optimale Bodenbearbeitung.<\/p>\n<p><strong>Verbesserungen, neue Features, Auszeichnungen<\/strong><\/p>\n<p>2003 pr\u00e4sentierte P\u00f6ttinger die TERRASEM auf der Agritechnica in Hannover und setzte mit der Mulchsaatmaschine neue Ma\u00dfst\u00e4be. 2009 erschien die verbesserte Version der VITASEM \u2013 f\u00fcr noch pr\u00e4zisere Saatgutdosierung. 2012 stellte P\u00f6ttinger die Unterfu\u00dfd\u00fcngung f\u00fcr TERRASEM vor. Das neue Feature erm\u00f6glicht es, N\u00e4hrstoffe exakt dort zu platzieren, wo sie gebraucht werden: direkt beim Korn.<\/p>\n<p>2013 erhielt die neue Generation der AEROSEM die Auszeichnung \u201eMaschine des Jahres\u201c. Ihr patentiertes \u201eIntelligent Distribution System\u201c IDS sorgt f\u00fcr eine hochpr\u00e4zise Saatgutverteilung, \u201ePrecision Combi Seeding\u201c PCS integriert die Einzelkorntechnik in pneumatische S\u00e4maschinen. Ebenfalls im Jahr 2013 pr\u00e4sentierte P\u00f6ttinger die FOX Kurzkombination f\u00fcr noch mehr Flexibilit\u00e4t bei der Aussaat.<\/p>\n<p>Von 2019 bis 2021 gab es Neuerungen bei AEROSEM Baureihe. Die AEROSEM\u00a0F als Fronttank-S\u00e4maschine bot nunmehr durch ihr Drucktanksystem h\u00f6chste Schlagraft. Erweitert wurde die Baureihe durch die AEROSEM VT. Die gezogene S\u00e4maschinenkombination ist bodenschonend und kompakt. Mit diesen Eigenschaften reihte sie sich perfekt in die Wendigkeit der gesamten Baureihe ein. Neu im Programm seit 2022: der AMICO Fronttank mit individuellen Verteilsystemen f\u00fcr Bodenbearbeitungsmaschinen f\u00fcr die optimale Kombination aus Bodenbearbeitung, D\u00fcngung und Aussaat.<\/p>\n<p><strong>Kauf MaterMacc und Einstieg in die Einzelkorns\u00e4technik<\/strong><\/p>\n<p>2022 \u00fcbernahm P\u00f6ttinger den italienischen Hersteller MaterMacc. Durch den Zusammenschluss kamen Einzelkorns\u00e4technik und integrierte neue Technologien f\u00fcr den modernen Ackerbau ins P\u00f6ttinger-Sortiment.<\/p>\n<p>Seit der \u00dcbernahme hat P\u00f6ttinger den Standort San Vito erfolgreich zum Kompetenzzentrum f\u00fcr Einzelkorns\u00e4technik weiterentwickelt. Die PURO Einzelkorns\u00e4maschine ist die erste gemeinschaftliche Entwicklung. In ihr stecken sowohl die langj\u00e4hrige Erfahrung von MaterMacc als auch die Landtechnik-Expertise und Qualit\u00e4tsstandards von P\u00f6ttinger.<\/p>\n<p>Mit der PURO startete P\u00f6ttinger ein neues Kapitel, das die mehr als 150-j\u00e4hrige Familiengeschichte fortschreibt \u2013 mit dem gleichen Anspruch wie damals: Maschinen zu bauen, die das Leben der Landwirtinnen und Landwirte einfacher, effizienter und erfolgreicher machen.<\/p>\n<\/div><\/section>\n<div  class='flex_column av-1bpda2z-4758a5757bf20dd90a332816f3e91167 av_one_half  avia-builder-el-2  el_after_av_textblock  el_before_av_one_half  first flex_column_div  column-top-margin'     ><p>\n<style type=\"text\/css\" data-created_by=\"avia_inline_auto\" id=\"style-css-av-ml5ptp3n-ea4c744ce7bbe0bee434eccfdb690d7c\">\n.avia-image-container.av-ml5ptp3n-ea4c744ce7bbe0bee434eccfdb690d7c img.avia_image{\nbox-shadow:none;\n}\n.avia-image-container.av-ml5ptp3n-ea4c744ce7bbe0bee434eccfdb690d7c .av-image-caption-overlay-center{\ncolor:#ffffff;\n}\n<\/style>\n<div  class='avia-image-container av-ml5ptp3n-ea4c744ce7bbe0bee434eccfdb690d7c av-styling- avia-align-center  avia-builder-el-3  el_before_av_textblock  avia-builder-el-first '   itemprop=\"image\" itemscope=\"itemscope\" itemtype=\"https:\/\/schema.org\/ImageObject\" ><div class=\"avia-image-container-inner\"><div class=\"avia-image-overlay-wrap\"><img decoding=\"async\" fetchpriority=\"high\" class='wp-image-20390 avia-img-lazy-loading-not-20390 avia_image ' src=\"https:\/\/www.landwirt.com\/news\/wp-content\/uploads\/2026\/02\/werk_bernburg_hq-scaled.jpg\" alt='Das S\u00e4technikwerk Bernburg' title='werk_bernburg_hq'  height=\"1707\" width=\"2560\"  itemprop=\"thumbnailUrl\" srcset=\"https:\/\/www.landwirt.com\/news\/wp-content\/uploads\/2026\/02\/werk_bernburg_hq-scaled.jpg 2560w, https:\/\/www.landwirt.com\/news\/wp-content\/uploads\/2026\/02\/werk_bernburg_hq-300x200.jpg 300w, https:\/\/www.landwirt.com\/news\/wp-content\/uploads\/2026\/02\/werk_bernburg_hq-1030x687.jpg 1030w, https:\/\/www.landwirt.com\/news\/wp-content\/uploads\/2026\/02\/werk_bernburg_hq-768x512.jpg 768w, https:\/\/www.landwirt.com\/news\/wp-content\/uploads\/2026\/02\/werk_bernburg_hq-1536x1024.jpg 1536w, https:\/\/www.landwirt.com\/news\/wp-content\/uploads\/2026\/02\/werk_bernburg_hq-2048x1365.jpg 2048w, https:\/\/www.landwirt.com\/news\/wp-content\/uploads\/2026\/02\/werk_bernburg_hq-1500x1000.jpg 1500w, https:\/\/www.landwirt.com\/news\/wp-content\/uploads\/2026\/02\/werk_bernburg_hq-705x470.jpg 705w\" sizes=\"(max-width: 2560px) 100vw, 2560px\" \/><\/div><\/div><\/div><br \/>\n<section  class='av_textblock_section av-ml5ptuvu-fe36b2bf9828005ee5f55851a5db7463 '   itemscope=\"itemscope\" itemtype=\"https:\/\/schema.org\/BlogPosting\" itemprop=\"blogPost\" ><div class='avia_textblock'  itemprop=\"text\" ><p><em>Das S\u00e4technikwerk Bernburg<\/em><\/p>\n<\/div><\/section><\/p><\/div><div  class='flex_column av-sjibfv-78f781625822ce8ccc84084d75e4e85f av_one_half  avia-builder-el-5  el_after_av_one_half  el_before_av_one_half  flex_column_div  column-top-margin'     ><p>\n<style type=\"text\/css\" data-created_by=\"avia_inline_auto\" id=\"style-css-av-ml5pubae-14374524bdce48433e1e5e215df6e902\">\n.avia-image-container.av-ml5pubae-14374524bdce48433e1e5e215df6e902 img.avia_image{\nbox-shadow:none;\n}\n.avia-image-container.av-ml5pubae-14374524bdce48433e1e5e215df6e902 .av-image-caption-overlay-center{\ncolor:#ffffff;\n}\n<\/style>\n<div  class='avia-image-container av-ml5pubae-14374524bdce48433e1e5e215df6e902 av-styling- avia-align-center  avia-builder-el-6  el_before_av_textblock  avia-builder-el-first '   itemprop=\"image\" itemscope=\"itemscope\" itemtype=\"https:\/\/schema.org\/ImageObject\" ><div class=\"avia-image-container-inner\"><div class=\"avia-image-overlay-wrap\"><img decoding=\"async\" fetchpriority=\"high\" class='wp-image-20387 avia-img-lazy-loading-not-20387 avia_image ' src=\"https:\/\/www.landwirt.com\/news\/wp-content\/uploads\/2026\/02\/AEROSEM_3002_ADD_DUPLEX_SEED_Fendt-9002-scaled.jpg\" alt='Die aktuelle AEROSEM 3002 ADD' title='AEROSEM_3002_ADD_DUPLEX_SEED_Fendt-9002'  height=\"1709\" width=\"2560\"  itemprop=\"thumbnailUrl\" srcset=\"https:\/\/www.landwirt.com\/news\/wp-content\/uploads\/2026\/02\/AEROSEM_3002_ADD_DUPLEX_SEED_Fendt-9002-scaled.jpg 2560w, https:\/\/www.landwirt.com\/news\/wp-content\/uploads\/2026\/02\/AEROSEM_3002_ADD_DUPLEX_SEED_Fendt-9002-300x200.jpg 300w, https:\/\/www.landwirt.com\/news\/wp-content\/uploads\/2026\/02\/AEROSEM_3002_ADD_DUPLEX_SEED_Fendt-9002-1030x688.jpg 1030w, https:\/\/www.landwirt.com\/news\/wp-content\/uploads\/2026\/02\/AEROSEM_3002_ADD_DUPLEX_SEED_Fendt-9002-768x513.jpg 768w, https:\/\/www.landwirt.com\/news\/wp-content\/uploads\/2026\/02\/AEROSEM_3002_ADD_DUPLEX_SEED_Fendt-9002-1536x1025.jpg 1536w, https:\/\/www.landwirt.com\/news\/wp-content\/uploads\/2026\/02\/AEROSEM_3002_ADD_DUPLEX_SEED_Fendt-9002-2048x1367.jpg 2048w, https:\/\/www.landwirt.com\/news\/wp-content\/uploads\/2026\/02\/AEROSEM_3002_ADD_DUPLEX_SEED_Fendt-9002-1500x1001.jpg 1500w, https:\/\/www.landwirt.com\/news\/wp-content\/uploads\/2026\/02\/AEROSEM_3002_ADD_DUPLEX_SEED_Fendt-9002-705x471.jpg 705w\" sizes=\"(max-width: 2560px) 100vw, 2560px\" \/><\/div><\/div><\/div><br \/>\n<section  class='av_textblock_section av-ml5puh5v-fa93cb9850e658c48c2240be484f69fd '   itemscope=\"itemscope\" itemtype=\"https:\/\/schema.org\/BlogPosting\" itemprop=\"blogPost\" ><div class='avia_textblock'  itemprop=\"text\" ><p><em>Die aktuelle AEROSEM 3002 ADD<\/em><\/p>\n<\/div><\/section><\/p><\/div><div  class='flex_column av-14qu2tc-449ca625f6c64146c3f2d1016f13b685 av_one_half  avia-builder-el-8  el_after_av_one_half  el_before_av_one_half  first flex_column_div  column-top-margin'     ><section  class='av_textblock_section av-mlh5owpt-e5602877611e0d2db6f141be2e07f41d '   itemscope=\"itemscope\" itemtype=\"https:\/\/schema.org\/BlogPosting\" itemprop=\"blogPost\" ><div class='avia_textblock'  itemprop=\"text\" ><p><em>AGRITECHNICA 2013: \u201eFarm Machine 2014\u201c<\/em><\/p>\n<\/div><\/section><\/div><div  class='flex_column av-olr0e8-7e2d3ad3006673d52b4a7ef8ba8bab96 av_one_half  avia-builder-el-10  el_after_av_one_half  avia-builder-el-last  flex_column_div  column-top-margin'     ><\/div><\/p>\n","protected":false},"excerpt":{"rendered":"<p>Seit 2001 entwickelt P\u00f6ttinger seine S\u00e4technik weiter und erweiterte sie 2022 mit MaterMacc und PURO um Einzelkorntechnik.<\/p>\n","protected":false},"author":3,"featured_media":21240,"comment_status":"closed","ping_status":"closed","sticky":false,"template":"","format":"standard","meta":{"footnotes":""},"categories":[1],"tags":[290],"class_list":["post-20384","post","type-post","status-publish","format-standard","has-post-thumbnail","hentry","category-werbung","tag-pottinger"],"yoast_head":"<!-- This site is optimized with the Yoast SEO plugin v27.5 - https:\/\/yoast.com\/product\/yoast-seo-wordpress\/ -->\n<title>P\u00f6ttinger feiert 25 Jahre S\u00e4technik - Landwirt.com News<\/title>\n<meta name=\"description\" content=\"Seit 2001 entwickelt P\u00f6ttinger seine S\u00e4technik weiter und erweiterte sie 2022 mit MaterMacc und PURO um Einzelkorntechnik.\" \/>\n<meta name=\"robots\" content=\"index, follow, max-snippet:-1, max-image-preview:large, max-video-preview:-1\" \/>\n<meta property=\"og:locale\" content=\"de_DE\" \/>\n<meta property=\"og:type\" content=\"article\" \/>\n<meta property=\"og:title\" content=\"P\u00f6ttinger feiert 25 Jahre S\u00e4technik - Landwirt.com News\" \/>\n<meta property=\"og:description\" content=\"Seit 2001 entwickelt P\u00f6ttinger seine S\u00e4technik weiter und erweiterte sie 2022 mit MaterMacc und PURO um Einzelkorntechnik.\" \/>\n<meta property=\"og:url\" content=\"https:\/\/www.landwirt.com\/news\/poettinger-feiert-25-jahre-saetechnik\/\" \/>\n<meta property=\"og:site_name\" content=\"Landwirt.com News\" \/>\n<meta property=\"article:published_time\" content=\"2026-02-26T10:49:46+00:00\" \/>\n<meta property=\"article:modified_time\" content=\"2026-03-06T09:39:56+00:00\" \/>\n<meta property=\"og:image\" content=\"https:\/\/www.landwirt.com\/news\/wp-content\/uploads\/2026\/02\/poettinger-25j-saetechnik_titelbild.webp\" \/>\n\t<meta property=\"og:image:width\" content=\"340\" \/>\n\t<meta property=\"og:image:height\" content=\"215\" \/>\n\t<meta property=\"og:image:type\" content=\"image\/webp\" \/>\n<meta name=\"author\" content=\"Alexandra Schauer\" \/>\n<meta name=\"twitter:card\" content=\"summary_large_image\" \/>\n<meta name=\"twitter:label1\" content=\"Verfasst von\" \/>\n\t<meta name=\"twitter:data1\" content=\"Alexandra Schauer\" \/>\n\t<meta name=\"twitter:label2\" content=\"Gesch\u00e4tzte Lesezeit\" \/>\n\t<meta name=\"twitter:data2\" content=\"3 Minuten\" \/>\n<script type=\"application\/ld+json\" class=\"yoast-schema-graph\">{\"@context\":\"https:\\\/\\\/schema.org\",\"@graph\":[{\"@type\":\"Article\",\"@id\":\"https:\\\/\\\/www.landwirt.com\\\/news\\\/poettinger-feiert-25-jahre-saetechnik\\\/#article\",\"isPartOf\":{\"@id\":\"https:\\\/\\\/www.landwirt.com\\\/news\\\/poettinger-feiert-25-jahre-saetechnik\\\/\"},\"author\":{\"name\":\"Alexandra Schauer\",\"@id\":\"https:\\\/\\\/www.landwirt.com\\\/news\\\/#\\\/schema\\\/person\\\/627016cf4cf7fe2189ac7e234990f441\"},\"headline\":\"P\u00f6ttinger feiert 25 Jahre S\u00e4technik\",\"datePublished\":\"2026-02-26T10:49:46+00:00\",\"dateModified\":\"2026-03-06T09:39:56+00:00\",\"mainEntityOfPage\":{\"@id\":\"https:\\\/\\\/www.landwirt.com\\\/news\\\/poettinger-feiert-25-jahre-saetechnik\\\/\"},\"wordCount\":2898,\"publisher\":{\"@id\":\"https:\\\/\\\/www.landwirt.com\\\/news\\\/#organization\"},\"image\":{\"@id\":\"https:\\\/\\\/www.landwirt.com\\\/news\\\/poettinger-feiert-25-jahre-saetechnik\\\/#primaryimage\"},\"thumbnailUrl\":\"https:\\\/\\\/www.landwirt.com\\\/news\\\/wp-content\\\/uploads\\\/2026\\\/02\\\/poettinger-25j-saetechnik_titelbild.webp\",\"keywords\":[\"P\u00f6ttinger\"],\"articleSection\":[\"Werbung\"],\"inLanguage\":\"de-AT\"},{\"@type\":\"WebPage\",\"@id\":\"https:\\\/\\\/www.landwirt.com\\\/news\\\/poettinger-feiert-25-jahre-saetechnik\\\/\",\"url\":\"https:\\\/\\\/www.landwirt.com\\\/news\\\/poettinger-feiert-25-jahre-saetechnik\\\/\",\"name\":\"P\u00f6ttinger feiert 25 Jahre S\u00e4technik - Landwirt.com News\",\"isPartOf\":{\"@id\":\"https:\\\/\\\/www.landwirt.com\\\/news\\\/#website\"},\"primaryImageOfPage\":{\"@id\":\"https:\\\/\\\/www.landwirt.com\\\/news\\\/poettinger-feiert-25-jahre-saetechnik\\\/#primaryimage\"},\"image\":{\"@id\":\"https:\\\/\\\/www.landwirt.com\\\/news\\\/poettinger-feiert-25-jahre-saetechnik\\\/#primaryimage\"},\"thumbnailUrl\":\"https:\\\/\\\/www.landwirt.com\\\/news\\\/wp-content\\\/uploads\\\/2026\\\/02\\\/poettinger-25j-saetechnik_titelbild.webp\",\"datePublished\":\"2026-02-26T10:49:46+00:00\",\"dateModified\":\"2026-03-06T09:39:56+00:00\",\"description\":\"Seit 2001 entwickelt P\u00f6ttinger seine S\u00e4technik weiter und erweiterte sie 2022 mit MaterMacc und PURO um Einzelkorntechnik.\",\"breadcrumb\":{\"@id\":\"https:\\\/\\\/www.landwirt.com\\\/news\\\/poettinger-feiert-25-jahre-saetechnik\\\/#breadcrumb\"},\"inLanguage\":\"de-AT\",\"potentialAction\":[{\"@type\":\"ReadAction\",\"target\":[\"https:\\\/\\\/www.landwirt.com\\\/news\\\/poettinger-feiert-25-jahre-saetechnik\\\/\"]}]},{\"@type\":\"ImageObject\",\"inLanguage\":\"de-AT\",\"@id\":\"https:\\\/\\\/www.landwirt.com\\\/news\\\/poettinger-feiert-25-jahre-saetechnik\\\/#primaryimage\",\"url\":\"https:\\\/\\\/www.landwirt.com\\\/news\\\/wp-content\\\/uploads\\\/2026\\\/02\\\/poettinger-25j-saetechnik_titelbild.webp\",\"contentUrl\":\"https:\\\/\\\/www.landwirt.com\\\/news\\\/wp-content\\\/uploads\\\/2026\\\/02\\\/poettinger-25j-saetechnik_titelbild.webp\",\"width\":340,\"height\":215},{\"@type\":\"BreadcrumbList\",\"@id\":\"https:\\\/\\\/www.landwirt.com\\\/news\\\/poettinger-feiert-25-jahre-saetechnik\\\/#breadcrumb\",\"itemListElement\":[{\"@type\":\"ListItem\",\"position\":1,\"name\":\"Home\",\"item\":\"https:\\\/\\\/www.landwirt.com\\\/news\\\/home\\\/\"},{\"@type\":\"ListItem\",\"position\":2,\"name\":\"P\u00f6ttinger feiert 25 Jahre S\u00e4technik\"}]},{\"@type\":\"WebSite\",\"@id\":\"https:\\\/\\\/www.landwirt.com\\\/news\\\/#website\",\"url\":\"https:\\\/\\\/www.landwirt.com\\\/news\\\/\",\"name\":\"Landwirt.com News\",\"description\":\"Landwirt.com News\",\"publisher\":{\"@id\":\"https:\\\/\\\/www.landwirt.com\\\/news\\\/#organization\"},\"potentialAction\":[{\"@type\":\"SearchAction\",\"target\":{\"@type\":\"EntryPoint\",\"urlTemplate\":\"https:\\\/\\\/www.landwirt.com\\\/news\\\/?s={search_term_string}\"},\"query-input\":{\"@type\":\"PropertyValueSpecification\",\"valueRequired\":true,\"valueName\":\"search_term_string\"}}],\"inLanguage\":\"de-AT\"},{\"@type\":\"Organization\",\"@id\":\"https:\\\/\\\/www.landwirt.com\\\/news\\\/#organization\",\"name\":\"LANDWIRT.COM GMBH\",\"url\":\"https:\\\/\\\/www.landwirt.com\\\/news\\\/\",\"logo\":{\"@type\":\"ImageObject\",\"inLanguage\":\"de-AT\",\"@id\":\"https:\\\/\\\/www.landwirt.com\\\/news\\\/#\\\/schema\\\/logo\\\/image\\\/\",\"url\":\"https:\\\/\\\/www.landwirt.com\\\/news\\\/wp-content\\\/uploads\\\/2020\\\/02\\\/LW-logo.png\",\"contentUrl\":\"https:\\\/\\\/www.landwirt.com\\\/news\\\/wp-content\\\/uploads\\\/2020\\\/02\\\/LW-logo.png\",\"width\":250,\"height\":58,\"caption\":\"LANDWIRT.COM GMBH\"},\"image\":{\"@id\":\"https:\\\/\\\/www.landwirt.com\\\/news\\\/#\\\/schema\\\/logo\\\/image\\\/\"}},{\"@type\":\"Person\",\"@id\":\"https:\\\/\\\/www.landwirt.com\\\/news\\\/#\\\/schema\\\/person\\\/627016cf4cf7fe2189ac7e234990f441\",\"name\":\"Alexandra Schauer\",\"image\":{\"@type\":\"ImageObject\",\"inLanguage\":\"de-AT\",\"@id\":\"https:\\\/\\\/secure.gravatar.com\\\/avatar\\\/7dc000820bab53d1e584af263fe6d4f9133557b5e0a6f573d3b8713ce8629c9f?s=96&d=mm&r=g\",\"url\":\"https:\\\/\\\/secure.gravatar.com\\\/avatar\\\/7dc000820bab53d1e584af263fe6d4f9133557b5e0a6f573d3b8713ce8629c9f?s=96&d=mm&r=g\",\"contentUrl\":\"https:\\\/\\\/secure.gravatar.com\\\/avatar\\\/7dc000820bab53d1e584af263fe6d4f9133557b5e0a6f573d3b8713ce8629c9f?s=96&d=mm&r=g\",\"caption\":\"Alexandra Schauer\"},\"url\":\"https:\\\/\\\/www.landwirt.com\\\/news\\\/author\\\/alex\\\/\"}]}<\/script>\n<!-- \/ Yoast SEO plugin. -->","yoast_head_json":{"title":"P\u00f6ttinger feiert 25 Jahre S\u00e4technik - Landwirt.com News","description":"Seit 2001 entwickelt P\u00f6ttinger seine S\u00e4technik weiter und erweiterte sie 2022 mit MaterMacc und PURO um Einzelkorntechnik.","robots":{"index":"index","follow":"follow","max-snippet":"max-snippet:-1","max-image-preview":"max-image-preview:large","max-video-preview":"max-video-preview:-1"},"og_locale":"de_DE","og_type":"article","og_title":"P\u00f6ttinger feiert 25 Jahre S\u00e4technik - Landwirt.com News","og_description":"Seit 2001 entwickelt P\u00f6ttinger seine S\u00e4technik weiter und erweiterte sie 2022 mit MaterMacc und PURO um Einzelkorntechnik.","og_url":"https:\/\/www.landwirt.com\/news\/poettinger-feiert-25-jahre-saetechnik\/","og_site_name":"Landwirt.com News","article_published_time":"2026-02-26T10:49:46+00:00","article_modified_time":"2026-03-06T09:39:56+00:00","og_image":[{"width":340,"height":215,"url":"https:\/\/www.landwirt.com\/news\/wp-content\/uploads\/2026\/02\/poettinger-25j-saetechnik_titelbild.webp","type":"image\/webp"}],"author":"Alexandra Schauer","twitter_card":"summary_large_image","twitter_misc":{"Verfasst von":"Alexandra Schauer","Gesch\u00e4tzte Lesezeit":"3 Minuten"},"schema":{"@context":"https:\/\/schema.org","@graph":[{"@type":"Article","@id":"https:\/\/www.landwirt.com\/news\/poettinger-feiert-25-jahre-saetechnik\/#article","isPartOf":{"@id":"https:\/\/www.landwirt.com\/news\/poettinger-feiert-25-jahre-saetechnik\/"},"author":{"name":"Alexandra Schauer","@id":"https:\/\/www.landwirt.com\/news\/#\/schema\/person\/627016cf4cf7fe2189ac7e234990f441"},"headline":"P\u00f6ttinger feiert 25 Jahre S\u00e4technik","datePublished":"2026-02-26T10:49:46+00:00","dateModified":"2026-03-06T09:39:56+00:00","mainEntityOfPage":{"@id":"https:\/\/www.landwirt.com\/news\/poettinger-feiert-25-jahre-saetechnik\/"},"wordCount":2898,"publisher":{"@id":"https:\/\/www.landwirt.com\/news\/#organization"},"image":{"@id":"https:\/\/www.landwirt.com\/news\/poettinger-feiert-25-jahre-saetechnik\/#primaryimage"},"thumbnailUrl":"https:\/\/www.landwirt.com\/news\/wp-content\/uploads\/2026\/02\/poettinger-25j-saetechnik_titelbild.webp","keywords":["P\u00f6ttinger"],"articleSection":["Werbung"],"inLanguage":"de-AT"},{"@type":"WebPage","@id":"https:\/\/www.landwirt.com\/news\/poettinger-feiert-25-jahre-saetechnik\/","url":"https:\/\/www.landwirt.com\/news\/poettinger-feiert-25-jahre-saetechnik\/","name":"P\u00f6ttinger feiert 25 Jahre S\u00e4technik - Landwirt.com News","isPartOf":{"@id":"https:\/\/www.landwirt.com\/news\/#website"},"primaryImageOfPage":{"@id":"https:\/\/www.landwirt.com\/news\/poettinger-feiert-25-jahre-saetechnik\/#primaryimage"},"image":{"@id":"https:\/\/www.landwirt.com\/news\/poettinger-feiert-25-jahre-saetechnik\/#primaryimage"},"thumbnailUrl":"https:\/\/www.landwirt.com\/news\/wp-content\/uploads\/2026\/02\/poettinger-25j-saetechnik_titelbild.webp","datePublished":"2026-02-26T10:49:46+00:00","dateModified":"2026-03-06T09:39:56+00:00","description":"Seit 2001 entwickelt P\u00f6ttinger seine S\u00e4technik weiter und erweiterte sie 2022 mit MaterMacc und PURO um Einzelkorntechnik.","breadcrumb":{"@id":"https:\/\/www.landwirt.com\/news\/poettinger-feiert-25-jahre-saetechnik\/#breadcrumb"},"inLanguage":"de-AT","potentialAction":[{"@type":"ReadAction","target":["https:\/\/www.landwirt.com\/news\/poettinger-feiert-25-jahre-saetechnik\/"]}]},{"@type":"ImageObject","inLanguage":"de-AT","@id":"https:\/\/www.landwirt.com\/news\/poettinger-feiert-25-jahre-saetechnik\/#primaryimage","url":"https:\/\/www.landwirt.com\/news\/wp-content\/uploads\/2026\/02\/poettinger-25j-saetechnik_titelbild.webp","contentUrl":"https:\/\/www.landwirt.com\/news\/wp-content\/uploads\/2026\/02\/poettinger-25j-saetechnik_titelbild.webp","width":340,"height":215},{"@type":"BreadcrumbList","@id":"https:\/\/www.landwirt.com\/news\/poettinger-feiert-25-jahre-saetechnik\/#breadcrumb","itemListElement":[{"@type":"ListItem","position":1,"name":"Home","item":"https:\/\/www.landwirt.com\/news\/home\/"},{"@type":"ListItem","position":2,"name":"P\u00f6ttinger feiert 25 Jahre S\u00e4technik"}]},{"@type":"WebSite","@id":"https:\/\/www.landwirt.com\/news\/#website","url":"https:\/\/www.landwirt.com\/news\/","name":"Landwirt.com News","description":"Landwirt.com News","publisher":{"@id":"https:\/\/www.landwirt.com\/news\/#organization"},"potentialAction":[{"@type":"SearchAction","target":{"@type":"EntryPoint","urlTemplate":"https:\/\/www.landwirt.com\/news\/?s={search_term_string}"},"query-input":{"@type":"PropertyValueSpecification","valueRequired":true,"valueName":"search_term_string"}}],"inLanguage":"de-AT"},{"@type":"Organization","@id":"https:\/\/www.landwirt.com\/news\/#organization","name":"LANDWIRT.COM GMBH","url":"https:\/\/www.landwirt.com\/news\/","logo":{"@type":"ImageObject","inLanguage":"de-AT","@id":"https:\/\/www.landwirt.com\/news\/#\/schema\/logo\/image\/","url":"https:\/\/www.landwirt.com\/news\/wp-content\/uploads\/2020\/02\/LW-logo.png","contentUrl":"https:\/\/www.landwirt.com\/news\/wp-content\/uploads\/2020\/02\/LW-logo.png","width":250,"height":58,"caption":"LANDWIRT.COM GMBH"},"image":{"@id":"https:\/\/www.landwirt.com\/news\/#\/schema\/logo\/image\/"}},{"@type":"Person","@id":"https:\/\/www.landwirt.com\/news\/#\/schema\/person\/627016cf4cf7fe2189ac7e234990f441","name":"Alexandra Schauer","image":{"@type":"ImageObject","inLanguage":"de-AT","@id":"https:\/\/secure.gravatar.com\/avatar\/7dc000820bab53d1e584af263fe6d4f9133557b5e0a6f573d3b8713ce8629c9f?s=96&d=mm&r=g","url":"https:\/\/secure.gravatar.com\/avatar\/7dc000820bab53d1e584af263fe6d4f9133557b5e0a6f573d3b8713ce8629c9f?s=96&d=mm&r=g","contentUrl":"https:\/\/secure.gravatar.com\/avatar\/7dc000820bab53d1e584af263fe6d4f9133557b5e0a6f573d3b8713ce8629c9f?s=96&d=mm&r=g","caption":"Alexandra Schauer"},"url":"https:\/\/www.landwirt.com\/news\/author\/alex\/"}]}},"_links":{"self":[{"href":"https:\/\/www.landwirt.com\/news\/wp-json\/wp\/v2\/posts\/20384","targetHints":{"allow":["GET"]}}],"collection":[{"href":"https:\/\/www.landwirt.com\/news\/wp-json\/wp\/v2\/posts"}],"about":[{"href":"https:\/\/www.landwirt.com\/news\/wp-json\/wp\/v2\/types\/post"}],"author":[{"embeddable":true,"href":"https:\/\/www.landwirt.com\/news\/wp-json\/wp\/v2\/users\/3"}],"replies":[{"embeddable":true,"href":"https:\/\/www.landwirt.com\/news\/wp-json\/wp\/v2\/comments?post=20384"}],"version-history":[{"count":2,"href":"https:\/\/www.landwirt.com\/news\/wp-json\/wp\/v2\/posts\/20384\/revisions"}],"predecessor-version":[{"id":21190,"href":"https:\/\/www.landwirt.com\/news\/wp-json\/wp\/v2\/posts\/20384\/revisions\/21190"}],"wp:featuredmedia":[{"embeddable":true,"href":"https:\/\/www.landwirt.com\/news\/wp-json\/wp\/v2\/media\/21240"}],"wp:attachment":[{"href":"https:\/\/www.landwirt.com\/news\/wp-json\/wp\/v2\/media?parent=20384"}],"wp:term":[{"taxonomy":"category","embeddable":true,"href":"https:\/\/www.landwirt.com\/news\/wp-json\/wp\/v2\/categories?post=20384"},{"taxonomy":"post_tag","embeddable":true,"href":"https:\/\/www.landwirt.com\/news\/wp-json\/wp\/v2\/tags?post=20384"}],"curies":[{"name":"wp","href":"https:\/\/api.w.org\/{rel}","templated":true}]}}