{"id":19795,"date":"2026-01-10T10:38:00","date_gmt":"2026-01-10T09:38:00","guid":{"rendered":"https:\/\/www.landwirt.com\/news\/?p=19795"},"modified":"2026-01-26T12:07:46","modified_gmt":"2026-01-26T11:07:46","slug":"austro-diesel-mit-neuer-doppelspitze-manuel-schindele-und-johannes-schneider-uebernehmen-geschaeftsfuehrung","status":"publish","type":"post","link":"https:\/\/www.landwirt.com\/news\/austro-diesel-mit-neuer-doppelspitze-manuel-schindele-und-johannes-schneider-uebernehmen-geschaeftsfuehrung\/","title":{"rendered":"Austro Diesel mit neuer Doppelspitze"},"content":{"rendered":"\n<p class=\"has-text-align-center\"><strong><strong>Manuel Schindele und Johannes Schneider \u00fcbernehmen Gesch\u00e4ftsf\u00fchrung &#8211; Kontinuit\u00e4t, Kompetenz und frische Impulse \u2013 Austro Diesel startet mit neuer F\u00fchrung in die Zukunft<\/strong><\/strong><\/p>\n\n\n\n<figure class=\"wp-block-image alignwide size-large\"><img loading=\"lazy\" decoding=\"async\" width=\"1030\" height=\"638\" src=\"https:\/\/www.landwirt.com\/news\/wp-content\/uploads\/2026\/01\/Links-Ing.-Johannes-Schneider_Rechts-Ing.-Manuel-Schindele-1030x638.webp\" alt=\"\" class=\"wp-image-19809\" srcset=\"https:\/\/www.landwirt.com\/news\/wp-content\/uploads\/2026\/01\/Links-Ing.-Johannes-Schneider_Rechts-Ing.-Manuel-Schindele-1030x638.webp 1030w, https:\/\/www.landwirt.com\/news\/wp-content\/uploads\/2026\/01\/Links-Ing.-Johannes-Schneider_Rechts-Ing.-Manuel-Schindele-300x186.webp 300w, https:\/\/www.landwirt.com\/news\/wp-content\/uploads\/2026\/01\/Links-Ing.-Johannes-Schneider_Rechts-Ing.-Manuel-Schindele-768x475.webp 768w, https:\/\/www.landwirt.com\/news\/wp-content\/uploads\/2026\/01\/Links-Ing.-Johannes-Schneider_Rechts-Ing.-Manuel-Schindele-1536x951.webp 1536w, https:\/\/www.landwirt.com\/news\/wp-content\/uploads\/2026\/01\/Links-Ing.-Johannes-Schneider_Rechts-Ing.-Manuel-Schindele-1500x929.webp 1500w, https:\/\/www.landwirt.com\/news\/wp-content\/uploads\/2026\/01\/Links-Ing.-Johannes-Schneider_Rechts-Ing.-Manuel-Schindele-705x436.webp 705w, https:\/\/www.landwirt.com\/news\/wp-content\/uploads\/2026\/01\/Links-Ing.-Johannes-Schneider_Rechts-Ing.-Manuel-Schindele.webp 2000w\" sizes=\"auto, (max-width: 1030px) 100vw, 1030px\" \/><\/figure>\n\n\n\n<p>Mit 1. J\u00e4nner 2026 hat die <a href=\"https:\/\/www.landwirt.com\/dealer\/info\/austro-diesel-gmbh-3524\">Austro Diesel GmbH<\/a> ihre Gesch\u00e4ftsf\u00fchrung neu aufgestellt:<br>Ing. Johannes Schneider und Ing. Manuel Schindele bilden k\u00fcnftig die Doppelspitze des Unternehmens. Sie folgen auf Ing. Johann Gram, der Austro Diesel mit \u00fcber zwei Jahrzehnten an der Unternehmensspitze, gepr\u00e4gt und erfolgreich in elf M\u00e4rkten Europas positioniert hat. Gram, der in den wohlverdienten Ruhestand wechselt, bleibt dem Unternehmen weiterhin als Gesellschafter und Berater eng verbunden.<\/p>\n\n\n\n<p>Mit der Kombination aus langj\u00e4hriger Unternehmenskenntnis und internationaler Managementerfahrung setzt Austro Diesel auf eine zukunftsorientierte, aber zugleich bodenst\u00e4ndige F\u00fchrung \u2013 ganz im Sinne der gelebten Handschlagqualit\u00e4t, f\u00fcr die das Unternehmen seit Jahrzehnten steht.<\/p>\n\n\n\n<h2 class=\"wp-block-heading\">Zwei Pers\u00f6nlichkeiten, ein gemeinsamer Anspruch<\/h2>\n\n\n\n<div class=\"wp-block-columns is-layout-flex wp-container-core-columns-is-layout-9d6595d7 wp-block-columns-is-layout-flex\">\n<div class=\"wp-block-column is-vertically-aligned-center is-layout-flow wp-block-column-is-layout-flow\">\n<p>Johannes Schneider (Jahrgang 1989) gilt als ausgewiesener Landtechnikexperte und kennt Austro Diesel wie kaum ein anderer: Seit 2010 im Unternehmen, startete er in der Disposition, wechselte bald ins Produktmanagement und \u00fcbernahm 2018 dessen Leitung. Als technikaffiner Burgenl\u00e4nder mit landwirtschaftlichen Wurzeln bringt Schneider tiefes Produktwissen, Marktverst\u00e4ndnis und gro\u00dfe N\u00e4he zu H\u00e4ndlern und Landwirten ein.<\/p>\n\n\n\n<p>\u201eIch kann mich mit Austro Diesel vollkommen identifizieren\u201c, sagt Schneider. \u201eWir haben gro\u00dfartige Mitarbeitende, ein starkes H\u00e4ndlernetzwerk und eine exzellente Produktpalette mit <a href=\"https:\/\/www.landwirt.com\/marke-massey-ferguson\">Massey Ferguson<\/a>. Unser Ziel ist es, dieses Fundament weiter auszubauen und die Marke in allen elf M\u00e4rkten als Synonym f\u00fcr Verl\u00e4sslichkeit und moderne Landtechnik zu st\u00e4rken.\u201c<\/p>\n<\/div>\n\n\n\n<div class=\"wp-block-column is-layout-flow wp-block-column-is-layout-flow\">\n<figure class=\"wp-block-image size-large\"><img loading=\"lazy\" decoding=\"async\" width=\"1030\" height=\"1030\" src=\"https:\/\/www.landwirt.com\/news\/wp-content\/uploads\/2026\/01\/Ing.-Johannes-Schneider-1030x1030.webp\" alt=\"\" class=\"wp-image-19814\" srcset=\"https:\/\/www.landwirt.com\/news\/wp-content\/uploads\/2026\/01\/Ing.-Johannes-Schneider-1030x1030.webp 1030w, https:\/\/www.landwirt.com\/news\/wp-content\/uploads\/2026\/01\/Ing.-Johannes-Schneider-300x300.webp 300w, https:\/\/www.landwirt.com\/news\/wp-content\/uploads\/2026\/01\/Ing.-Johannes-Schneider-80x80.webp 80w, https:\/\/www.landwirt.com\/news\/wp-content\/uploads\/2026\/01\/Ing.-Johannes-Schneider-768x768.webp 768w, https:\/\/www.landwirt.com\/news\/wp-content\/uploads\/2026\/01\/Ing.-Johannes-Schneider-36x36.webp 36w, https:\/\/www.landwirt.com\/news\/wp-content\/uploads\/2026\/01\/Ing.-Johannes-Schneider-180x180.webp 180w, https:\/\/www.landwirt.com\/news\/wp-content\/uploads\/2026\/01\/Ing.-Johannes-Schneider-705x705.webp 705w, https:\/\/www.landwirt.com\/news\/wp-content\/uploads\/2026\/01\/Ing.-Johannes-Schneider.webp 1500w\" sizes=\"auto, (max-width: 1030px) 100vw, 1030px\" \/><\/figure>\n<\/div>\n<\/div>\n\n\n\n<div class=\"wp-block-columns is-layout-flex wp-container-core-columns-is-layout-9d6595d7 wp-block-columns-is-layout-flex\">\n<div class=\"wp-block-column is-layout-flow wp-block-column-is-layout-flow\">\n<figure class=\"wp-block-image size-large\"><img loading=\"lazy\" decoding=\"async\" width=\"1030\" height=\"1030\" src=\"https:\/\/www.landwirt.com\/news\/wp-content\/uploads\/2026\/01\/Ing.-Manuel-Schindele-1030x1030.webp\" alt=\"\" class=\"wp-image-19817\" srcset=\"https:\/\/www.landwirt.com\/news\/wp-content\/uploads\/2026\/01\/Ing.-Manuel-Schindele-1030x1030.webp 1030w, https:\/\/www.landwirt.com\/news\/wp-content\/uploads\/2026\/01\/Ing.-Manuel-Schindele-300x300.webp 300w, https:\/\/www.landwirt.com\/news\/wp-content\/uploads\/2026\/01\/Ing.-Manuel-Schindele-80x80.webp 80w, https:\/\/www.landwirt.com\/news\/wp-content\/uploads\/2026\/01\/Ing.-Manuel-Schindele-768x768.webp 768w, https:\/\/www.landwirt.com\/news\/wp-content\/uploads\/2026\/01\/Ing.-Manuel-Schindele-36x36.webp 36w, https:\/\/www.landwirt.com\/news\/wp-content\/uploads\/2026\/01\/Ing.-Manuel-Schindele-180x180.webp 180w, https:\/\/www.landwirt.com\/news\/wp-content\/uploads\/2026\/01\/Ing.-Manuel-Schindele-705x705.webp 705w, https:\/\/www.landwirt.com\/news\/wp-content\/uploads\/2026\/01\/Ing.-Manuel-Schindele.webp 1500w\" sizes=\"auto, (max-width: 1030px) 100vw, 1030px\" \/><\/figure>\n<\/div>\n\n\n\n<div class=\"wp-block-column is-vertically-aligned-center is-layout-flow wp-block-column-is-layout-flow\">\n<p>Manuel Schindele (Jahrgang 1985) erg\u00e4nzt das neue F\u00fchrungsteam mit umfangreicher Erfahrung im Vertrieb und Marketing. Der Nieder\u00f6sterreicher war unter anderem Vertriebsleiter bei Prefa Aluminiumprodukte, Vertriebsleiter beim SK Rapid Wien und gesch\u00e4ftsf\u00fchrender Gesellschafter der Firma Pharma Glas, bevor er im Oktober 2025 zu Austro Diesel wechselte.<\/p>\n\n\n\n<p>\u201eMich haben die Marken Austro Diesel und Massey Ferguson sofort begeistert. Sie stehen f\u00fcr Tradition, Kraft und Verl\u00e4sslichkeit \u2013 Werte, mit denen ich mich identifiziere\u201c, so Schindele. \u201eIch bin gekommen, um zu bleiben und um gemeinsam mit Johannes Schneider den n\u00e4chsten Entwicklungsschritt zu gestalten.\u201c<\/p>\n<\/div>\n<\/div>\n\n\n\n<h2 class=\"wp-block-heading\">Tradition trifft Dynamik<\/h2>\n\n\n\n<p>Beide Gesch\u00e4ftsf\u00fchrer eint das Ziel, Austro Diesel strategisch weiterzuentwickeln und die Kundenn\u00e4he als Markenzeichen zu st\u00e4rken.<br>\u201eWir m\u00f6chten uns vom angebotsorientierten Importeur zum vertriebsgef\u00fchrten Dienstleister entwickeln\u201c, betont Schindele. \u201eKundenn\u00e4he ist keine Floskel, sondern ein zentraler Erfolgsfaktor. Wir m\u00f6chten als greifbarer, verl\u00e4sslicher Partner wahrgenommen werden \u2013 f\u00fcr H\u00e4ndler, Landwirte und den Hersteller AGCO gleicherma\u00dfen.\u201c<\/p>\n\n\n\n<p>Schneider sieht die St\u00e4rke des Unternehmens vor allem in der Spezialisierung auf eine Marke:<\/p>\n\n\n\n<blockquote class=\"wp-block-quote is-layout-flow wp-block-quote-is-layout-flow\">\n<p>\u201eUnsere Konzentration auf die Marke Massey Ferguson ist ein entscheidender Wettbewerbsvorteil. Nur wer sich fokussiert, kann bei immer komplexeren Maschinen die n\u00f6tige Tiefe in Beratung und Service bieten. Wir sind und bleiben die MF-Profis in unseren M\u00e4rkten.\u201c<\/p>\n<\/blockquote>\n\n\n\n<h2 class=\"wp-block-heading\">Bodenhaftung und Innovationsgeist<\/h2>\n\n\n\n<p>Neben fachlicher Kompetenz bringen beide Gesch\u00e4ftsf\u00fchrer klare Werte in ihre F\u00fchrungsarbeit ein.<\/p>\n\n\n\n<p>Schneider steht f\u00fcr technische Pr\u00e4zision, Teamorientierung und Verl\u00e4sslichkeit: \u201eWir wollen als gesamtes Austro-Diesel-Team noch geschlossener auftreten \u2013 vom Vertrieb bis zum Service. Nur so k\u00f6nnen unsere Kunden in allen M\u00e4rkten von echter Handschlagqualit\u00e4t profitieren.\u201c<\/p>\n\n\n\n<p>Schindele wiederum betont Kommunikation und Offenheit als F\u00fchrungsprinzip: \u201eMotivation entsteht durch Mitgestaltung. Jeder soll wissen, was er beitragen kann \u2013 und dass seine Stimme z\u00e4hlt.\u201c Seine Ausbildung zum diplomierten Mediator und Konfliktmanager spiegelt diese Haltung wider: \u201eWichtig ist, zuzuh\u00f6ren, klar zu entscheiden und gemeinsam L\u00f6sungen umzusetzen.\u201c<\/p>\n\n\n\n<p>Beide eint der Anspruch, Bew\u00e4hrtes zu bewahren und zugleich neue Wege zu gehen \u2013 mit Respekt vor der Leistung von Johann Gram und dem Blick nach vorn.<\/p>\n\n\n\n<h2 class=\"wp-block-heading\">Fokus auf Wachstum und Zukunftsm\u00e4rkte<\/h2>\n\n\n\n<p>Besondere Chancen sehen Schneider und Schindele in den mittel- und osteurop\u00e4ischen M\u00e4rkten, in denen Austro Diesel als Generalimporteur von Massey Ferguson seit Jahren pr\u00e4sent ist.<br>\u201eViele Betriebe in diesen Regionen k\u00f6nnen durch moderne Technik ihre Produktivit\u00e4t deutlich steigern \u2013 hier sehen wir gro\u00dfes Potenzial f\u00fcr nachhaltiges Wachstum\u201c, erkl\u00e4rt Schneider.<\/p>\n\n\n\n<p>Ziel ist es, Massey Ferguson langfristig unter die Top-4-Traktormarken in \u00d6sterreich zu bringen und gleichzeitig die Marktposition in Osteuropa weiter auszubauen.<\/p>\n\n\n\n<h2 class=\"wp-block-heading\">Pers\u00f6nlich verwurzelt, unternehmerisch engagiert<\/h2>\n\n\n\n<p>Beide Gesch\u00e4ftsf\u00fchrer sind in der Landwirtschaft verwurzelt:<br>Schneider wuchs auf einem burgenl\u00e4ndischen Weinbaubetrieb auf und sammelt leidenschaftlich Oldtimer, darunter nat\u00fcrlich auch ein Massey-Ferguson-Traktor.<br>Schindele betreibt im nieder\u00f6sterreichischen Dunkelsteinerwald eine kleine Landwirtschaft und engagiert sich ehrenamtlich bei der Freiwilligen Feuerwehr.<\/p>\n\n\n\n<p>Was beide verbindet, sind Bodenst\u00e4ndigkeit, Verantwortungsbewusstsein und Begeisterung f\u00fcr Landtechnik.<\/p>\n\n\n\n<p>Oder, wie es Schindele formuliert:<\/p>\n\n\n\n<blockquote class=\"wp-block-quote is-layout-flow wp-block-quote-is-layout-flow\">\n<p>\u201eWandel mit Sinn, Respekt vor dem Erreichten und Tatkraft f\u00fcr die Zukunft \u2013 das sind Werte, die uns leiten und die Austro Diesel auch in den kommenden Jahrzehnten pr\u00e4gen werden.\u201c<\/p>\n<\/blockquote>\n","protected":false},"excerpt":{"rendered":"<p>Manuel Schindele und Johannes Schneider \u00fcbernehmen Gesch\u00e4ftsf\u00fchrung &#8211; Kontinuit\u00e4t, Kompetenz und frische Impulse \u2013 Austro Diesel startet mit neuer F\u00fchrung in die Zukunft<\/p>\n","protected":false},"author":15,"featured_media":19828,"comment_status":"closed","ping_status":"closed","sticky":false,"template":"","format":"standard","meta":{"footnotes":""},"categories":[341,1,483],"tags":[170,75,169],"class_list":["post-19795","post","type-post","status-publish","format-standard","has-post-thumbnail","hentry","category-top","category-werbung","category-werbung-top","tag-austro-diesel","tag-landtechnik","tag-massey-ferguson"],"yoast_head":"<!-- This site is optimized with the Yoast SEO plugin v27.4 - https:\/\/yoast.com\/product\/yoast-seo-wordpress\/ -->\n<title>Austro Diesel mit neuer Doppelspitze - Landwirt.com News<\/title>\n<meta name=\"description\" content=\"Manuel Schindele und Johannes Schneider \u00fcbernehmen Gesch\u00e4ftsf\u00fchrung \u2013 Austro Diesel startet mit neuer F\u00fchrung in die Zukunft.\" \/>\n<meta name=\"robots\" content=\"index, follow, max-snippet:-1, max-image-preview:large, max-video-preview:-1\" \/>\n<meta property=\"og:locale\" content=\"de_DE\" \/>\n<meta property=\"og:type\" content=\"article\" \/>\n<meta property=\"og:title\" content=\"Austro Diesel mit neuer Doppelspitze - Landwirt.com News\" \/>\n<meta property=\"og:description\" content=\"Manuel Schindele und Johannes Schneider \u00fcbernehmen Gesch\u00e4ftsf\u00fchrung \u2013 Austro Diesel startet mit neuer F\u00fchrung in die Zukunft.\" \/>\n<meta property=\"og:url\" content=\"https:\/\/www.landwirt.com\/news\/austro-diesel-mit-neuer-doppelspitze-manuel-schindele-und-johannes-schneider-uebernehmen-geschaeftsfuehrung\/\" \/>\n<meta property=\"og:site_name\" content=\"Landwirt.com News\" \/>\n<meta property=\"article:published_time\" content=\"2026-01-10T09:38:00+00:00\" \/>\n<meta property=\"article:modified_time\" content=\"2026-01-26T11:07:46+00:00\" \/>\n<meta property=\"og:image\" content=\"https:\/\/www.landwirt.com\/news\/wp-content\/uploads\/2026\/01\/titel_austro-diesel_neue-GF.webp\" \/>\n\t<meta property=\"og:image:width\" content=\"340\" \/>\n\t<meta property=\"og:image:height\" content=\"215\" \/>\n\t<meta property=\"og:image:type\" content=\"image\/webp\" \/>\n<meta name=\"author\" content=\"Edith Winter\" \/>\n<meta name=\"twitter:card\" content=\"summary_large_image\" \/>\n<meta name=\"twitter:label1\" content=\"Verfasst von\" \/>\n\t<meta name=\"twitter:data1\" content=\"Edith Winter\" \/>\n\t<meta name=\"twitter:label2\" content=\"Gesch\u00e4tzte Lesezeit\" \/>\n\t<meta name=\"twitter:data2\" content=\"5 Minuten\" \/>\n<script type=\"application\/ld+json\" class=\"yoast-schema-graph\">{\"@context\":\"https:\\\/\\\/schema.org\",\"@graph\":[{\"@type\":\"Article\",\"@id\":\"https:\\\/\\\/www.landwirt.com\\\/news\\\/austro-diesel-mit-neuer-doppelspitze-manuel-schindele-und-johannes-schneider-uebernehmen-geschaeftsfuehrung\\\/#article\",\"isPartOf\":{\"@id\":\"https:\\\/\\\/www.landwirt.com\\\/news\\\/austro-diesel-mit-neuer-doppelspitze-manuel-schindele-und-johannes-schneider-uebernehmen-geschaeftsfuehrung\\\/\"},\"author\":{\"name\":\"Edith Winter\",\"@id\":\"https:\\\/\\\/www.landwirt.com\\\/news\\\/#\\\/schema\\\/person\\\/58b1026d44b61c2d0c39d2d1220d43e9\"},\"headline\":\"Austro Diesel mit neuer Doppelspitze\",\"datePublished\":\"2026-01-10T09:38:00+00:00\",\"dateModified\":\"2026-01-26T11:07:46+00:00\",\"mainEntityOfPage\":{\"@id\":\"https:\\\/\\\/www.landwirt.com\\\/news\\\/austro-diesel-mit-neuer-doppelspitze-manuel-schindele-und-johannes-schneider-uebernehmen-geschaeftsfuehrung\\\/\"},\"wordCount\":784,\"publisher\":{\"@id\":\"https:\\\/\\\/www.landwirt.com\\\/news\\\/#organization\"},\"image\":{\"@id\":\"https:\\\/\\\/www.landwirt.com\\\/news\\\/austro-diesel-mit-neuer-doppelspitze-manuel-schindele-und-johannes-schneider-uebernehmen-geschaeftsfuehrung\\\/#primaryimage\"},\"thumbnailUrl\":\"https:\\\/\\\/www.landwirt.com\\\/news\\\/wp-content\\\/uploads\\\/2026\\\/01\\\/titel_austro-diesel_neue-GF.webp\",\"keywords\":[\"Austro Diesel\",\"Landtechnik\",\"Massey Ferguson\"],\"articleSection\":[\"TOP\",\"Werbung\",\"Werbung Top\"],\"inLanguage\":\"de-AT\"},{\"@type\":\"WebPage\",\"@id\":\"https:\\\/\\\/www.landwirt.com\\\/news\\\/austro-diesel-mit-neuer-doppelspitze-manuel-schindele-und-johannes-schneider-uebernehmen-geschaeftsfuehrung\\\/\",\"url\":\"https:\\\/\\\/www.landwirt.com\\\/news\\\/austro-diesel-mit-neuer-doppelspitze-manuel-schindele-und-johannes-schneider-uebernehmen-geschaeftsfuehrung\\\/\",\"name\":\"Austro Diesel mit neuer Doppelspitze - Landwirt.com News\",\"isPartOf\":{\"@id\":\"https:\\\/\\\/www.landwirt.com\\\/news\\\/#website\"},\"primaryImageOfPage\":{\"@id\":\"https:\\\/\\\/www.landwirt.com\\\/news\\\/austro-diesel-mit-neuer-doppelspitze-manuel-schindele-und-johannes-schneider-uebernehmen-geschaeftsfuehrung\\\/#primaryimage\"},\"image\":{\"@id\":\"https:\\\/\\\/www.landwirt.com\\\/news\\\/austro-diesel-mit-neuer-doppelspitze-manuel-schindele-und-johannes-schneider-uebernehmen-geschaeftsfuehrung\\\/#primaryimage\"},\"thumbnailUrl\":\"https:\\\/\\\/www.landwirt.com\\\/news\\\/wp-content\\\/uploads\\\/2026\\\/01\\\/titel_austro-diesel_neue-GF.webp\",\"datePublished\":\"2026-01-10T09:38:00+00:00\",\"dateModified\":\"2026-01-26T11:07:46+00:00\",\"description\":\"Manuel Schindele und Johannes Schneider \u00fcbernehmen Gesch\u00e4ftsf\u00fchrung \u2013 Austro Diesel startet mit neuer F\u00fchrung in die Zukunft.\",\"breadcrumb\":{\"@id\":\"https:\\\/\\\/www.landwirt.com\\\/news\\\/austro-diesel-mit-neuer-doppelspitze-manuel-schindele-und-johannes-schneider-uebernehmen-geschaeftsfuehrung\\\/#breadcrumb\"},\"inLanguage\":\"de-AT\",\"potentialAction\":[{\"@type\":\"ReadAction\",\"target\":[\"https:\\\/\\\/www.landwirt.com\\\/news\\\/austro-diesel-mit-neuer-doppelspitze-manuel-schindele-und-johannes-schneider-uebernehmen-geschaeftsfuehrung\\\/\"]}]},{\"@type\":\"ImageObject\",\"inLanguage\":\"de-AT\",\"@id\":\"https:\\\/\\\/www.landwirt.com\\\/news\\\/austro-diesel-mit-neuer-doppelspitze-manuel-schindele-und-johannes-schneider-uebernehmen-geschaeftsfuehrung\\\/#primaryimage\",\"url\":\"https:\\\/\\\/www.landwirt.com\\\/news\\\/wp-content\\\/uploads\\\/2026\\\/01\\\/titel_austro-diesel_neue-GF.webp\",\"contentUrl\":\"https:\\\/\\\/www.landwirt.com\\\/news\\\/wp-content\\\/uploads\\\/2026\\\/01\\\/titel_austro-diesel_neue-GF.webp\",\"width\":340,\"height\":215,\"caption\":\"Titelbild: Manuel Schindele und Johannes Schneider - neue Gesch\u00e4ftsf\u00fchrung bei Austro Diesel\"},{\"@type\":\"BreadcrumbList\",\"@id\":\"https:\\\/\\\/www.landwirt.com\\\/news\\\/austro-diesel-mit-neuer-doppelspitze-manuel-schindele-und-johannes-schneider-uebernehmen-geschaeftsfuehrung\\\/#breadcrumb\",\"itemListElement\":[{\"@type\":\"ListItem\",\"position\":1,\"name\":\"Home\",\"item\":\"https:\\\/\\\/www.landwirt.com\\\/news\\\/home\\\/\"},{\"@type\":\"ListItem\",\"position\":2,\"name\":\"Austro Diesel mit neuer Doppelspitze\"}]},{\"@type\":\"WebSite\",\"@id\":\"https:\\\/\\\/www.landwirt.com\\\/news\\\/#website\",\"url\":\"https:\\\/\\\/www.landwirt.com\\\/news\\\/\",\"name\":\"Landwirt.com News\",\"description\":\"Landwirt.com News\",\"publisher\":{\"@id\":\"https:\\\/\\\/www.landwirt.com\\\/news\\\/#organization\"},\"potentialAction\":[{\"@type\":\"SearchAction\",\"target\":{\"@type\":\"EntryPoint\",\"urlTemplate\":\"https:\\\/\\\/www.landwirt.com\\\/news\\\/?s={search_term_string}\"},\"query-input\":{\"@type\":\"PropertyValueSpecification\",\"valueRequired\":true,\"valueName\":\"search_term_string\"}}],\"inLanguage\":\"de-AT\"},{\"@type\":\"Organization\",\"@id\":\"https:\\\/\\\/www.landwirt.com\\\/news\\\/#organization\",\"name\":\"LANDWIRT.COM GMBH\",\"url\":\"https:\\\/\\\/www.landwirt.com\\\/news\\\/\",\"logo\":{\"@type\":\"ImageObject\",\"inLanguage\":\"de-AT\",\"@id\":\"https:\\\/\\\/www.landwirt.com\\\/news\\\/#\\\/schema\\\/logo\\\/image\\\/\",\"url\":\"https:\\\/\\\/www.landwirt.com\\\/news\\\/wp-content\\\/uploads\\\/2020\\\/02\\\/LW-logo.png\",\"contentUrl\":\"https:\\\/\\\/www.landwirt.com\\\/news\\\/wp-content\\\/uploads\\\/2020\\\/02\\\/LW-logo.png\",\"width\":250,\"height\":58,\"caption\":\"LANDWIRT.COM GMBH\"},\"image\":{\"@id\":\"https:\\\/\\\/www.landwirt.com\\\/news\\\/#\\\/schema\\\/logo\\\/image\\\/\"}},{\"@type\":\"Person\",\"@id\":\"https:\\\/\\\/www.landwirt.com\\\/news\\\/#\\\/schema\\\/person\\\/58b1026d44b61c2d0c39d2d1220d43e9\",\"name\":\"Edith Winter\",\"image\":{\"@type\":\"ImageObject\",\"inLanguage\":\"de-AT\",\"@id\":\"https:\\\/\\\/secure.gravatar.com\\\/avatar\\\/a8a5aac669c36d589ec506dc09b6dcb6e1c7c0b8731e97f1f2dcea5e26e28095?s=96&d=mm&r=g\",\"url\":\"https:\\\/\\\/secure.gravatar.com\\\/avatar\\\/a8a5aac669c36d589ec506dc09b6dcb6e1c7c0b8731e97f1f2dcea5e26e28095?s=96&d=mm&r=g\",\"contentUrl\":\"https:\\\/\\\/secure.gravatar.com\\\/avatar\\\/a8a5aac669c36d589ec506dc09b6dcb6e1c7c0b8731e97f1f2dcea5e26e28095?s=96&d=mm&r=g\",\"caption\":\"Edith Winter\"},\"url\":\"https:\\\/\\\/www.landwirt.com\\\/news\\\/author\\\/edith\\\/\"}]}<\/script>\n<!-- \/ Yoast SEO plugin. -->","yoast_head_json":{"title":"Austro Diesel mit neuer Doppelspitze - Landwirt.com News","description":"Manuel Schindele und Johannes Schneider \u00fcbernehmen Gesch\u00e4ftsf\u00fchrung \u2013 Austro Diesel startet mit neuer F\u00fchrung in die Zukunft.","robots":{"index":"index","follow":"follow","max-snippet":"max-snippet:-1","max-image-preview":"max-image-preview:large","max-video-preview":"max-video-preview:-1"},"og_locale":"de_DE","og_type":"article","og_title":"Austro Diesel mit neuer Doppelspitze - Landwirt.com News","og_description":"Manuel Schindele und Johannes Schneider \u00fcbernehmen Gesch\u00e4ftsf\u00fchrung \u2013 Austro Diesel startet mit neuer F\u00fchrung in die Zukunft.","og_url":"https:\/\/www.landwirt.com\/news\/austro-diesel-mit-neuer-doppelspitze-manuel-schindele-und-johannes-schneider-uebernehmen-geschaeftsfuehrung\/","og_site_name":"Landwirt.com News","article_published_time":"2026-01-10T09:38:00+00:00","article_modified_time":"2026-01-26T11:07:46+00:00","og_image":[{"width":340,"height":215,"url":"https:\/\/www.landwirt.com\/news\/wp-content\/uploads\/2026\/01\/titel_austro-diesel_neue-GF.webp","type":"image\/webp"}],"author":"Edith Winter","twitter_card":"summary_large_image","twitter_misc":{"Verfasst von":"Edith Winter","Gesch\u00e4tzte Lesezeit":"5 Minuten"},"schema":{"@context":"https:\/\/schema.org","@graph":[{"@type":"Article","@id":"https:\/\/www.landwirt.com\/news\/austro-diesel-mit-neuer-doppelspitze-manuel-schindele-und-johannes-schneider-uebernehmen-geschaeftsfuehrung\/#article","isPartOf":{"@id":"https:\/\/www.landwirt.com\/news\/austro-diesel-mit-neuer-doppelspitze-manuel-schindele-und-johannes-schneider-uebernehmen-geschaeftsfuehrung\/"},"author":{"name":"Edith Winter","@id":"https:\/\/www.landwirt.com\/news\/#\/schema\/person\/58b1026d44b61c2d0c39d2d1220d43e9"},"headline":"Austro Diesel mit neuer Doppelspitze","datePublished":"2026-01-10T09:38:00+00:00","dateModified":"2026-01-26T11:07:46+00:00","mainEntityOfPage":{"@id":"https:\/\/www.landwirt.com\/news\/austro-diesel-mit-neuer-doppelspitze-manuel-schindele-und-johannes-schneider-uebernehmen-geschaeftsfuehrung\/"},"wordCount":784,"publisher":{"@id":"https:\/\/www.landwirt.com\/news\/#organization"},"image":{"@id":"https:\/\/www.landwirt.com\/news\/austro-diesel-mit-neuer-doppelspitze-manuel-schindele-und-johannes-schneider-uebernehmen-geschaeftsfuehrung\/#primaryimage"},"thumbnailUrl":"https:\/\/www.landwirt.com\/news\/wp-content\/uploads\/2026\/01\/titel_austro-diesel_neue-GF.webp","keywords":["Austro Diesel","Landtechnik","Massey Ferguson"],"articleSection":["TOP","Werbung","Werbung Top"],"inLanguage":"de-AT"},{"@type":"WebPage","@id":"https:\/\/www.landwirt.com\/news\/austro-diesel-mit-neuer-doppelspitze-manuel-schindele-und-johannes-schneider-uebernehmen-geschaeftsfuehrung\/","url":"https:\/\/www.landwirt.com\/news\/austro-diesel-mit-neuer-doppelspitze-manuel-schindele-und-johannes-schneider-uebernehmen-geschaeftsfuehrung\/","name":"Austro Diesel mit neuer Doppelspitze - Landwirt.com News","isPartOf":{"@id":"https:\/\/www.landwirt.com\/news\/#website"},"primaryImageOfPage":{"@id":"https:\/\/www.landwirt.com\/news\/austro-diesel-mit-neuer-doppelspitze-manuel-schindele-und-johannes-schneider-uebernehmen-geschaeftsfuehrung\/#primaryimage"},"image":{"@id":"https:\/\/www.landwirt.com\/news\/austro-diesel-mit-neuer-doppelspitze-manuel-schindele-und-johannes-schneider-uebernehmen-geschaeftsfuehrung\/#primaryimage"},"thumbnailUrl":"https:\/\/www.landwirt.com\/news\/wp-content\/uploads\/2026\/01\/titel_austro-diesel_neue-GF.webp","datePublished":"2026-01-10T09:38:00+00:00","dateModified":"2026-01-26T11:07:46+00:00","description":"Manuel Schindele und Johannes Schneider \u00fcbernehmen Gesch\u00e4ftsf\u00fchrung \u2013 Austro Diesel startet mit neuer F\u00fchrung in die Zukunft.","breadcrumb":{"@id":"https:\/\/www.landwirt.com\/news\/austro-diesel-mit-neuer-doppelspitze-manuel-schindele-und-johannes-schneider-uebernehmen-geschaeftsfuehrung\/#breadcrumb"},"inLanguage":"de-AT","potentialAction":[{"@type":"ReadAction","target":["https:\/\/www.landwirt.com\/news\/austro-diesel-mit-neuer-doppelspitze-manuel-schindele-und-johannes-schneider-uebernehmen-geschaeftsfuehrung\/"]}]},{"@type":"ImageObject","inLanguage":"de-AT","@id":"https:\/\/www.landwirt.com\/news\/austro-diesel-mit-neuer-doppelspitze-manuel-schindele-und-johannes-schneider-uebernehmen-geschaeftsfuehrung\/#primaryimage","url":"https:\/\/www.landwirt.com\/news\/wp-content\/uploads\/2026\/01\/titel_austro-diesel_neue-GF.webp","contentUrl":"https:\/\/www.landwirt.com\/news\/wp-content\/uploads\/2026\/01\/titel_austro-diesel_neue-GF.webp","width":340,"height":215,"caption":"Titelbild: Manuel Schindele und Johannes Schneider - neue Gesch\u00e4ftsf\u00fchrung bei Austro Diesel"},{"@type":"BreadcrumbList","@id":"https:\/\/www.landwirt.com\/news\/austro-diesel-mit-neuer-doppelspitze-manuel-schindele-und-johannes-schneider-uebernehmen-geschaeftsfuehrung\/#breadcrumb","itemListElement":[{"@type":"ListItem","position":1,"name":"Home","item":"https:\/\/www.landwirt.com\/news\/home\/"},{"@type":"ListItem","position":2,"name":"Austro Diesel mit neuer Doppelspitze"}]},{"@type":"WebSite","@id":"https:\/\/www.landwirt.com\/news\/#website","url":"https:\/\/www.landwirt.com\/news\/","name":"Landwirt.com News","description":"Landwirt.com News","publisher":{"@id":"https:\/\/www.landwirt.com\/news\/#organization"},"potentialAction":[{"@type":"SearchAction","target":{"@type":"EntryPoint","urlTemplate":"https:\/\/www.landwirt.com\/news\/?s={search_term_string}"},"query-input":{"@type":"PropertyValueSpecification","valueRequired":true,"valueName":"search_term_string"}}],"inLanguage":"de-AT"},{"@type":"Organization","@id":"https:\/\/www.landwirt.com\/news\/#organization","name":"LANDWIRT.COM GMBH","url":"https:\/\/www.landwirt.com\/news\/","logo":{"@type":"ImageObject","inLanguage":"de-AT","@id":"https:\/\/www.landwirt.com\/news\/#\/schema\/logo\/image\/","url":"https:\/\/www.landwirt.com\/news\/wp-content\/uploads\/2020\/02\/LW-logo.png","contentUrl":"https:\/\/www.landwirt.com\/news\/wp-content\/uploads\/2020\/02\/LW-logo.png","width":250,"height":58,"caption":"LANDWIRT.COM GMBH"},"image":{"@id":"https:\/\/www.landwirt.com\/news\/#\/schema\/logo\/image\/"}},{"@type":"Person","@id":"https:\/\/www.landwirt.com\/news\/#\/schema\/person\/58b1026d44b61c2d0c39d2d1220d43e9","name":"Edith Winter","image":{"@type":"ImageObject","inLanguage":"de-AT","@id":"https:\/\/secure.gravatar.com\/avatar\/a8a5aac669c36d589ec506dc09b6dcb6e1c7c0b8731e97f1f2dcea5e26e28095?s=96&d=mm&r=g","url":"https:\/\/secure.gravatar.com\/avatar\/a8a5aac669c36d589ec506dc09b6dcb6e1c7c0b8731e97f1f2dcea5e26e28095?s=96&d=mm&r=g","contentUrl":"https:\/\/secure.gravatar.com\/avatar\/a8a5aac669c36d589ec506dc09b6dcb6e1c7c0b8731e97f1f2dcea5e26e28095?s=96&d=mm&r=g","caption":"Edith Winter"},"url":"https:\/\/www.landwirt.com\/news\/author\/edith\/"}]}},"_links":{"self":[{"href":"https:\/\/www.landwirt.com\/news\/wp-json\/wp\/v2\/posts\/19795","targetHints":{"allow":["GET"]}}],"collection":[{"href":"https:\/\/www.landwirt.com\/news\/wp-json\/wp\/v2\/posts"}],"about":[{"href":"https:\/\/www.landwirt.com\/news\/wp-json\/wp\/v2\/types\/post"}],"author":[{"embeddable":true,"href":"https:\/\/www.landwirt.com\/news\/wp-json\/wp\/v2\/users\/15"}],"replies":[{"embeddable":true,"href":"https:\/\/www.landwirt.com\/news\/wp-json\/wp\/v2\/comments?post=19795"}],"version-history":[{"count":8,"href":"https:\/\/www.landwirt.com\/news\/wp-json\/wp\/v2\/posts\/19795\/revisions"}],"predecessor-version":[{"id":19929,"href":"https:\/\/www.landwirt.com\/news\/wp-json\/wp\/v2\/posts\/19795\/revisions\/19929"}],"wp:featuredmedia":[{"embeddable":true,"href":"https:\/\/www.landwirt.com\/news\/wp-json\/wp\/v2\/media\/19828"}],"wp:attachment":[{"href":"https:\/\/www.landwirt.com\/news\/wp-json\/wp\/v2\/media?parent=19795"}],"wp:term":[{"taxonomy":"category","embeddable":true,"href":"https:\/\/www.landwirt.com\/news\/wp-json\/wp\/v2\/categories?post=19795"},{"taxonomy":"post_tag","embeddable":true,"href":"https:\/\/www.landwirt.com\/news\/wp-json\/wp\/v2\/tags?post=19795"}],"curies":[{"name":"wp","href":"https:\/\/api.w.org\/{rel}","templated":true}]}}