{"id":17761,"date":"2025-10-28T11:06:14","date_gmt":"2025-10-28T10:06:14","guid":{"rendered":"https:\/\/www.landwirt.com\/news\/?p=17761"},"modified":"2025-12-19T09:37:03","modified_gmt":"2025-12-19T08:37:03","slug":"unterreiner-forst-demo-day-in-mindelau-mit-rund-1700-besuchern-ein-voller-erfolg","status":"publish","type":"post","link":"https:\/\/www.landwirt.com\/news\/unterreiner-forst-demo-day-in-mindelau-mit-rund-1700-besuchern-ein-voller-erfolg\/","title":{"rendered":"Unterreiner Forst Demo-Day in Mindelau mit rund 1700 Besuchern ein voller Erfolg"},"content":{"rendered":"\n<hr class=\"wp-block-separator has-alpha-channel-opacity\"\/>\n\n\n\n<p><strong>Sehr zufrieden zeigten sich Gert und Felix Unterreiner \u00fcber den 5. Unterreiner Demo-Day. Nach Stationen in Oberbayern, Niederbayern, Niedersachsen und Sachsen ging es dieses Mal nach Mindelau im Allg\u00e4u.<\/strong><\/p>\n\n\n\n<figure class=\"wp-block-image alignwide size-large\"><img loading=\"lazy\" decoding=\"async\" width=\"2048\" height=\"1151\" src=\"https:\/\/www.landwirt.com\/news\/wp-content\/uploads\/2025\/10\/Demo-Day-2-edited.jpg\" alt=\"\" class=\"wp-image-17766\" srcset=\"https:\/\/www.landwirt.com\/news\/wp-content\/uploads\/2025\/10\/Demo-Day-2-edited.jpg 2048w, https:\/\/www.landwirt.com\/news\/wp-content\/uploads\/2025\/10\/Demo-Day-2-edited-300x169.jpg 300w, https:\/\/www.landwirt.com\/news\/wp-content\/uploads\/2025\/10\/Demo-Day-2-edited-1030x579.jpg 1030w, https:\/\/www.landwirt.com\/news\/wp-content\/uploads\/2025\/10\/Demo-Day-2-edited-768x432.jpg 768w, https:\/\/www.landwirt.com\/news\/wp-content\/uploads\/2025\/10\/Demo-Day-2-edited-1536x863.jpg 1536w, https:\/\/www.landwirt.com\/news\/wp-content\/uploads\/2025\/10\/Demo-Day-2-edited-1500x843.jpg 1500w, https:\/\/www.landwirt.com\/news\/wp-content\/uploads\/2025\/10\/Demo-Day-2-edited-705x396.jpg 705w\" sizes=\"auto, (max-width: 2048px) 100vw, 2048px\" \/><\/figure>\n\n\n\n<p>In einem hervorragend gepflegten Waldst\u00fcck wurde ein ca. 700 Meter langer Rundweg aufgebaut, auf dem die Besucher zehn Stationen besichtigen konnten, um das komplette Unterreiner-Programm im Einsatz zu erleben. An der ersten Station konnten die etwa 1.700 Besucher den Unterschied zwischen einer herk\u00f6mmlichen Wippkreiss\u00e4ge, der Wipps\u00e4ge mit F\u00f6rderband, der automatischen Solomat-Schr\u00e4gs\u00e4ge bis hin zur Quatromat-Trommels\u00e4ge sehen. Beeindruckend war, wie sich das S\u00e4gen von gespaltenem Brennholz in den letzten Jahren entwickelt hat und wie einfach, schnell und sicher heute ofenfertiges Brennholz produziert werden kann.<\/p>\n\n\n\n<div class=\"wp-block-columns is-layout-flex wp-container-core-columns-is-layout-9d6595d7 wp-block-columns-is-layout-flex\">\n<div class=\"wp-block-column is-layout-flow wp-block-column-is-layout-flow\">\n<figure class=\"wp-block-image size-large\"><img loading=\"lazy\" decoding=\"async\" width=\"1030\" height=\"773\" src=\"https:\/\/www.landwirt.com\/news\/wp-content\/uploads\/2025\/10\/Demo-Day-7-1-1030x773.jpg\" alt=\"\" class=\"wp-image-17770\" srcset=\"https:\/\/www.landwirt.com\/news\/wp-content\/uploads\/2025\/10\/Demo-Day-7-1-1030x773.jpg 1030w, https:\/\/www.landwirt.com\/news\/wp-content\/uploads\/2025\/10\/Demo-Day-7-1-300x225.jpg 300w, https:\/\/www.landwirt.com\/news\/wp-content\/uploads\/2025\/10\/Demo-Day-7-1-768x576.jpg 768w, https:\/\/www.landwirt.com\/news\/wp-content\/uploads\/2025\/10\/Demo-Day-7-1-1536x1152.jpg 1536w, https:\/\/www.landwirt.com\/news\/wp-content\/uploads\/2025\/10\/Demo-Day-7-1-1500x1125.jpg 1500w, https:\/\/www.landwirt.com\/news\/wp-content\/uploads\/2025\/10\/Demo-Day-7-1-705x529.jpg 705w, https:\/\/www.landwirt.com\/news\/wp-content\/uploads\/2025\/10\/Demo-Day-7-1.jpg 2048w\" sizes=\"auto, (max-width: 1030px) 100vw, 1030px\" \/><\/figure>\n<\/div>\n\n\n\n<div class=\"wp-block-column is-layout-flow wp-block-column-is-layout-flow\">\n<figure class=\"wp-block-image size-large\"><img loading=\"lazy\" decoding=\"async\" width=\"1030\" height=\"773\" src=\"https:\/\/www.landwirt.com\/news\/wp-content\/uploads\/2025\/10\/Demo-Day-1-1030x773.jpg\" alt=\"\" class=\"wp-image-17772\" srcset=\"https:\/\/www.landwirt.com\/news\/wp-content\/uploads\/2025\/10\/Demo-Day-1-1030x773.jpg 1030w, https:\/\/www.landwirt.com\/news\/wp-content\/uploads\/2025\/10\/Demo-Day-1-300x225.jpg 300w, https:\/\/www.landwirt.com\/news\/wp-content\/uploads\/2025\/10\/Demo-Day-1-768x576.jpg 768w, https:\/\/www.landwirt.com\/news\/wp-content\/uploads\/2025\/10\/Demo-Day-1-1536x1152.jpg 1536w, https:\/\/www.landwirt.com\/news\/wp-content\/uploads\/2025\/10\/Demo-Day-1-1500x1125.jpg 1500w, https:\/\/www.landwirt.com\/news\/wp-content\/uploads\/2025\/10\/Demo-Day-1-705x529.jpg 705w, https:\/\/www.landwirt.com\/news\/wp-content\/uploads\/2025\/10\/Demo-Day-1.jpg 2048w\" sizes=\"auto, (max-width: 1030px) 100vw, 1030px\" \/><\/figure>\n<\/div>\n<\/div>\n\n\n\n<p>An Station 2 zeigten die Unterreiner-Mitarbeiter live die JOBO-Harvesterk\u00f6pfe, die durch hohe Kraft und Geschwindigkeit f\u00fcr eine gleichbleibende und saubere Entastung sorgen. Au\u00dferdem wurde der Unterschied zwischen einem Schub- und einem Rollenharvester erl\u00e4utert. An dieser Station waren auch die neuen Biojack Energieholzgreifer im Einsatz zu sehen.<\/p>\n\n\n\n<p>Eine weitere Station pr\u00e4sentierte das gesamte Seilwinden-Programm. Hier wurden Live-Baumf\u00e4llungen mit der K\u00f6nigsbronner Anschlagtechnik durchgef\u00fchrt und vom Unterreiner-Akademie-Team erkl\u00e4rt. Zum Einsatz kamen die Tajfun-Seilwinde EGV 65 AHK mit Seilaussto\u00df sowie die Tajfun-Getriebewinde VIP Pro 90. Die Landwirtschaftliche Berufsgenossenschaft demonstrierte eindrucksvoll die Unfallgefahr bei der \u201eschlagenden Fixl\u00e4nge\u201c.<\/p>\n\n\n\n<p>Dar\u00fcber hinaus konnten die Besucher das komplette Programm an R\u00fcckew\u00e4gen, vom kleinen 5-Tonnen-Wagen bis zum 15 Tonnen-Modell mit Kr\u00e4nen von 5,1 bis 10,2 Metern, im Einsatz sehen. Gezeigt wurden auch alle Tajfun-S\u00e4ge Spaltautomaten, Holzpalter, R\u00fcckezangen, Verladezangen, Entrindungsmaschinen, Anz\u00fcndholzmaschinen, Forstmulcher, H\u00e4cksler und F\u00e4llkeile.<\/p>\n\n\n\n<p>Felix Unterreiner \u00e4u\u00dferte sich sehr zufrieden mit der Veranstaltung im Allg\u00e4u. Er betonte, wie wichtig es sei, die Maschinen im Einsatz zu zeigen, denn nur so k\u00f6nne man Interessenten von Qualit\u00e4t, Technik, Arbeitsweise und sicherem Arbeiten \u00fcberzeugen. Auch das Konzept, mit dem 5. Unterreiner Demo-Day direkt zum Kunden vor Ort zu gehen, habe sich bew\u00e4hrt \u2013 dies zeige die sehr gute Resonanz bei allen bisherigen Demo-Days.<\/p>\n\n\n\n<p>Die n\u00e4chste gro\u00dfe Veranstaltung bei Unterreiner findet am 6. und 7. Dezember mit den Unterreiner Forsttagen in Buch statt.<\/p>\n","protected":false},"excerpt":{"rendered":"<p>Der 5. Unterreiner Forst Demo-Day in Mindelau lockte rund 1.700 Besucher an und \u00fcberzeugte mit praxisnahen Vorf\u00fchrungen moderner Forsttechnik, wodurch das erfolgreiche Konzept der Veranstaltungsreihe eindrucksvoll best\u00e4tigt wurde.<\/p>\n","protected":false},"author":5,"featured_media":17762,"comment_status":"closed","ping_status":"closed","sticky":false,"template":"","format":"standard","meta":{"footnotes":""},"categories":[15,341,1,483],"tags":[529,547],"class_list":["post-17761","post","type-post","status-publish","format-standard","has-post-thumbnail","hentry","category-landwirt","category-top","category-werbung","category-werbung-top","tag-forst","tag-unterreiner"],"yoast_head":"<!-- This site is optimized with the Yoast SEO plugin v27.4 - https:\/\/yoast.com\/product\/yoast-seo-wordpress\/ -->\n<title>Unterreiner Forst Demo-Day in Mindelau mit rund 1700 Besuchern ein voller Erfolg - Landwirt.com News<\/title>\n<meta name=\"description\" content=\"Der 5. Unterreiner Forst Demo-Day in Mindelau lockte rund 1.700 Besucher an und \u00fcberzeugte mit praxisnahen Vorf\u00fchrungen moderner Forsttechnik.\" \/>\n<meta name=\"robots\" content=\"index, follow, max-snippet:-1, max-image-preview:large, max-video-preview:-1\" \/>\n<meta property=\"og:locale\" content=\"de_DE\" \/>\n<meta property=\"og:type\" content=\"article\" \/>\n<meta property=\"og:title\" content=\"Unterreiner Forst Demo-Day in Mindelau mit rund 1700 Besuchern ein voller Erfolg - Landwirt.com News\" \/>\n<meta property=\"og:description\" content=\"Der 5. Unterreiner Forst Demo-Day in Mindelau lockte rund 1.700 Besucher an und \u00fcberzeugte mit praxisnahen Vorf\u00fchrungen moderner Forsttechnik.\" \/>\n<meta property=\"og:url\" content=\"https:\/\/www.landwirt.com\/news\/unterreiner-forst-demo-day-in-mindelau-mit-rund-1700-besuchern-ein-voller-erfolg\/\" \/>\n<meta property=\"og:site_name\" content=\"Landwirt.com News\" \/>\n<meta property=\"article:published_time\" content=\"2025-10-28T10:06:14+00:00\" \/>\n<meta property=\"article:modified_time\" content=\"2025-12-19T08:37:03+00:00\" \/>\n<meta property=\"og:image\" content=\"https:\/\/www.landwirt.com\/news\/wp-content\/uploads\/2025\/10\/unterreinervorschau.jpg\" \/>\n\t<meta property=\"og:image:width\" content=\"340\" \/>\n\t<meta property=\"og:image:height\" content=\"215\" \/>\n\t<meta property=\"og:image:type\" content=\"image\/jpeg\" \/>\n<meta name=\"author\" content=\"Lisa Rokos\" \/>\n<meta name=\"twitter:card\" content=\"summary_large_image\" \/>\n<meta name=\"twitter:label1\" content=\"Verfasst von\" \/>\n\t<meta name=\"twitter:data1\" content=\"Lisa Rokos\" \/>\n\t<meta name=\"twitter:label2\" content=\"Gesch\u00e4tzte Lesezeit\" \/>\n\t<meta name=\"twitter:data2\" content=\"3 Minuten\" \/>\n<script type=\"application\/ld+json\" class=\"yoast-schema-graph\">{\"@context\":\"https:\\\/\\\/schema.org\",\"@graph\":[{\"@type\":\"Article\",\"@id\":\"https:\\\/\\\/www.landwirt.com\\\/news\\\/unterreiner-forst-demo-day-in-mindelau-mit-rund-1700-besuchern-ein-voller-erfolg\\\/#article\",\"isPartOf\":{\"@id\":\"https:\\\/\\\/www.landwirt.com\\\/news\\\/unterreiner-forst-demo-day-in-mindelau-mit-rund-1700-besuchern-ein-voller-erfolg\\\/\"},\"author\":{\"name\":\"Lisa Rokos\",\"@id\":\"https:\\\/\\\/www.landwirt.com\\\/news\\\/#\\\/schema\\\/person\\\/75a4bc83f62af5332a58cf5d219a4c51\"},\"headline\":\"Unterreiner Forst Demo-Day in Mindelau mit rund 1700 Besuchern ein voller Erfolg\",\"datePublished\":\"2025-10-28T10:06:14+00:00\",\"dateModified\":\"2025-12-19T08:37:03+00:00\",\"mainEntityOfPage\":{\"@id\":\"https:\\\/\\\/www.landwirt.com\\\/news\\\/unterreiner-forst-demo-day-in-mindelau-mit-rund-1700-besuchern-ein-voller-erfolg\\\/\"},\"wordCount\":365,\"publisher\":{\"@id\":\"https:\\\/\\\/www.landwirt.com\\\/news\\\/#organization\"},\"image\":{\"@id\":\"https:\\\/\\\/www.landwirt.com\\\/news\\\/unterreiner-forst-demo-day-in-mindelau-mit-rund-1700-besuchern-ein-voller-erfolg\\\/#primaryimage\"},\"thumbnailUrl\":\"https:\\\/\\\/www.landwirt.com\\\/news\\\/wp-content\\\/uploads\\\/2025\\\/10\\\/unterreinervorschau.jpg\",\"keywords\":[\"Forst\",\"Unterreiner\"],\"articleSection\":[\"Landwirt\",\"TOP\",\"Werbung\",\"Werbung Top\"],\"inLanguage\":\"de-AT\"},{\"@type\":\"WebPage\",\"@id\":\"https:\\\/\\\/www.landwirt.com\\\/news\\\/unterreiner-forst-demo-day-in-mindelau-mit-rund-1700-besuchern-ein-voller-erfolg\\\/\",\"url\":\"https:\\\/\\\/www.landwirt.com\\\/news\\\/unterreiner-forst-demo-day-in-mindelau-mit-rund-1700-besuchern-ein-voller-erfolg\\\/\",\"name\":\"Unterreiner Forst Demo-Day in Mindelau mit rund 1700 Besuchern ein voller Erfolg - Landwirt.com News\",\"isPartOf\":{\"@id\":\"https:\\\/\\\/www.landwirt.com\\\/news\\\/#website\"},\"primaryImageOfPage\":{\"@id\":\"https:\\\/\\\/www.landwirt.com\\\/news\\\/unterreiner-forst-demo-day-in-mindelau-mit-rund-1700-besuchern-ein-voller-erfolg\\\/#primaryimage\"},\"image\":{\"@id\":\"https:\\\/\\\/www.landwirt.com\\\/news\\\/unterreiner-forst-demo-day-in-mindelau-mit-rund-1700-besuchern-ein-voller-erfolg\\\/#primaryimage\"},\"thumbnailUrl\":\"https:\\\/\\\/www.landwirt.com\\\/news\\\/wp-content\\\/uploads\\\/2025\\\/10\\\/unterreinervorschau.jpg\",\"datePublished\":\"2025-10-28T10:06:14+00:00\",\"dateModified\":\"2025-12-19T08:37:03+00:00\",\"description\":\"Der 5. Unterreiner Forst Demo-Day in Mindelau lockte rund 1.700 Besucher an und \u00fcberzeugte mit praxisnahen Vorf\u00fchrungen moderner Forsttechnik.\",\"breadcrumb\":{\"@id\":\"https:\\\/\\\/www.landwirt.com\\\/news\\\/unterreiner-forst-demo-day-in-mindelau-mit-rund-1700-besuchern-ein-voller-erfolg\\\/#breadcrumb\"},\"inLanguage\":\"de-AT\",\"potentialAction\":[{\"@type\":\"ReadAction\",\"target\":[\"https:\\\/\\\/www.landwirt.com\\\/news\\\/unterreiner-forst-demo-day-in-mindelau-mit-rund-1700-besuchern-ein-voller-erfolg\\\/\"]}]},{\"@type\":\"ImageObject\",\"inLanguage\":\"de-AT\",\"@id\":\"https:\\\/\\\/www.landwirt.com\\\/news\\\/unterreiner-forst-demo-day-in-mindelau-mit-rund-1700-besuchern-ein-voller-erfolg\\\/#primaryimage\",\"url\":\"https:\\\/\\\/www.landwirt.com\\\/news\\\/wp-content\\\/uploads\\\/2025\\\/10\\\/unterreinervorschau.jpg\",\"contentUrl\":\"https:\\\/\\\/www.landwirt.com\\\/news\\\/wp-content\\\/uploads\\\/2025\\\/10\\\/unterreinervorschau.jpg\",\"width\":340,\"height\":215,\"caption\":\"ein Forstarbeiter kniet mit einem Mikro im Wal, rund um ihn steht eine Menschenmenge\"},{\"@type\":\"BreadcrumbList\",\"@id\":\"https:\\\/\\\/www.landwirt.com\\\/news\\\/unterreiner-forst-demo-day-in-mindelau-mit-rund-1700-besuchern-ein-voller-erfolg\\\/#breadcrumb\",\"itemListElement\":[{\"@type\":\"ListItem\",\"position\":1,\"name\":\"Home\",\"item\":\"https:\\\/\\\/www.landwirt.com\\\/news\\\/home\\\/\"},{\"@type\":\"ListItem\",\"position\":2,\"name\":\"Unterreiner Forst Demo-Day in Mindelau mit rund 1700 Besuchern ein voller Erfolg\"}]},{\"@type\":\"WebSite\",\"@id\":\"https:\\\/\\\/www.landwirt.com\\\/news\\\/#website\",\"url\":\"https:\\\/\\\/www.landwirt.com\\\/news\\\/\",\"name\":\"Landwirt.com News\",\"description\":\"Landwirt.com News\",\"publisher\":{\"@id\":\"https:\\\/\\\/www.landwirt.com\\\/news\\\/#organization\"},\"potentialAction\":[{\"@type\":\"SearchAction\",\"target\":{\"@type\":\"EntryPoint\",\"urlTemplate\":\"https:\\\/\\\/www.landwirt.com\\\/news\\\/?s={search_term_string}\"},\"query-input\":{\"@type\":\"PropertyValueSpecification\",\"valueRequired\":true,\"valueName\":\"search_term_string\"}}],\"inLanguage\":\"de-AT\"},{\"@type\":\"Organization\",\"@id\":\"https:\\\/\\\/www.landwirt.com\\\/news\\\/#organization\",\"name\":\"LANDWIRT.COM GMBH\",\"url\":\"https:\\\/\\\/www.landwirt.com\\\/news\\\/\",\"logo\":{\"@type\":\"ImageObject\",\"inLanguage\":\"de-AT\",\"@id\":\"https:\\\/\\\/www.landwirt.com\\\/news\\\/#\\\/schema\\\/logo\\\/image\\\/\",\"url\":\"https:\\\/\\\/www.landwirt.com\\\/news\\\/wp-content\\\/uploads\\\/2020\\\/02\\\/LW-logo.png\",\"contentUrl\":\"https:\\\/\\\/www.landwirt.com\\\/news\\\/wp-content\\\/uploads\\\/2020\\\/02\\\/LW-logo.png\",\"width\":250,\"height\":58,\"caption\":\"LANDWIRT.COM GMBH\"},\"image\":{\"@id\":\"https:\\\/\\\/www.landwirt.com\\\/news\\\/#\\\/schema\\\/logo\\\/image\\\/\"}},{\"@type\":\"Person\",\"@id\":\"https:\\\/\\\/www.landwirt.com\\\/news\\\/#\\\/schema\\\/person\\\/75a4bc83f62af5332a58cf5d219a4c51\",\"name\":\"Lisa Rokos\",\"image\":{\"@type\":\"ImageObject\",\"inLanguage\":\"de-AT\",\"@id\":\"https:\\\/\\\/secure.gravatar.com\\\/avatar\\\/7a0bb7bda929bd765c27a74ac583d88484ba68a68a98e3d35a51f87ee30382d9?s=96&d=mm&r=g\",\"url\":\"https:\\\/\\\/secure.gravatar.com\\\/avatar\\\/7a0bb7bda929bd765c27a74ac583d88484ba68a68a98e3d35a51f87ee30382d9?s=96&d=mm&r=g\",\"contentUrl\":\"https:\\\/\\\/secure.gravatar.com\\\/avatar\\\/7a0bb7bda929bd765c27a74ac583d88484ba68a68a98e3d35a51f87ee30382d9?s=96&d=mm&r=g\",\"caption\":\"Lisa Rokos\"},\"url\":\"https:\\\/\\\/www.landwirt.com\\\/news\\\/author\\\/lisa\\\/\"}]}<\/script>\n<!-- \/ Yoast SEO plugin. -->","yoast_head_json":{"title":"Unterreiner Forst Demo-Day in Mindelau mit rund 1700 Besuchern ein voller Erfolg - Landwirt.com News","description":"Der 5. Unterreiner Forst Demo-Day in Mindelau lockte rund 1.700 Besucher an und \u00fcberzeugte mit praxisnahen Vorf\u00fchrungen moderner Forsttechnik.","robots":{"index":"index","follow":"follow","max-snippet":"max-snippet:-1","max-image-preview":"max-image-preview:large","max-video-preview":"max-video-preview:-1"},"og_locale":"de_DE","og_type":"article","og_title":"Unterreiner Forst Demo-Day in Mindelau mit rund 1700 Besuchern ein voller Erfolg - Landwirt.com News","og_description":"Der 5. Unterreiner Forst Demo-Day in Mindelau lockte rund 1.700 Besucher an und \u00fcberzeugte mit praxisnahen Vorf\u00fchrungen moderner Forsttechnik.","og_url":"https:\/\/www.landwirt.com\/news\/unterreiner-forst-demo-day-in-mindelau-mit-rund-1700-besuchern-ein-voller-erfolg\/","og_site_name":"Landwirt.com News","article_published_time":"2025-10-28T10:06:14+00:00","article_modified_time":"2025-12-19T08:37:03+00:00","og_image":[{"width":340,"height":215,"url":"https:\/\/www.landwirt.com\/news\/wp-content\/uploads\/2025\/10\/unterreinervorschau.jpg","type":"image\/jpeg"}],"author":"Lisa Rokos","twitter_card":"summary_large_image","twitter_misc":{"Verfasst von":"Lisa Rokos","Gesch\u00e4tzte Lesezeit":"3 Minuten"},"schema":{"@context":"https:\/\/schema.org","@graph":[{"@type":"Article","@id":"https:\/\/www.landwirt.com\/news\/unterreiner-forst-demo-day-in-mindelau-mit-rund-1700-besuchern-ein-voller-erfolg\/#article","isPartOf":{"@id":"https:\/\/www.landwirt.com\/news\/unterreiner-forst-demo-day-in-mindelau-mit-rund-1700-besuchern-ein-voller-erfolg\/"},"author":{"name":"Lisa Rokos","@id":"https:\/\/www.landwirt.com\/news\/#\/schema\/person\/75a4bc83f62af5332a58cf5d219a4c51"},"headline":"Unterreiner Forst Demo-Day in Mindelau mit rund 1700 Besuchern ein voller Erfolg","datePublished":"2025-10-28T10:06:14+00:00","dateModified":"2025-12-19T08:37:03+00:00","mainEntityOfPage":{"@id":"https:\/\/www.landwirt.com\/news\/unterreiner-forst-demo-day-in-mindelau-mit-rund-1700-besuchern-ein-voller-erfolg\/"},"wordCount":365,"publisher":{"@id":"https:\/\/www.landwirt.com\/news\/#organization"},"image":{"@id":"https:\/\/www.landwirt.com\/news\/unterreiner-forst-demo-day-in-mindelau-mit-rund-1700-besuchern-ein-voller-erfolg\/#primaryimage"},"thumbnailUrl":"https:\/\/www.landwirt.com\/news\/wp-content\/uploads\/2025\/10\/unterreinervorschau.jpg","keywords":["Forst","Unterreiner"],"articleSection":["Landwirt","TOP","Werbung","Werbung Top"],"inLanguage":"de-AT"},{"@type":"WebPage","@id":"https:\/\/www.landwirt.com\/news\/unterreiner-forst-demo-day-in-mindelau-mit-rund-1700-besuchern-ein-voller-erfolg\/","url":"https:\/\/www.landwirt.com\/news\/unterreiner-forst-demo-day-in-mindelau-mit-rund-1700-besuchern-ein-voller-erfolg\/","name":"Unterreiner Forst Demo-Day in Mindelau mit rund 1700 Besuchern ein voller Erfolg - Landwirt.com News","isPartOf":{"@id":"https:\/\/www.landwirt.com\/news\/#website"},"primaryImageOfPage":{"@id":"https:\/\/www.landwirt.com\/news\/unterreiner-forst-demo-day-in-mindelau-mit-rund-1700-besuchern-ein-voller-erfolg\/#primaryimage"},"image":{"@id":"https:\/\/www.landwirt.com\/news\/unterreiner-forst-demo-day-in-mindelau-mit-rund-1700-besuchern-ein-voller-erfolg\/#primaryimage"},"thumbnailUrl":"https:\/\/www.landwirt.com\/news\/wp-content\/uploads\/2025\/10\/unterreinervorschau.jpg","datePublished":"2025-10-28T10:06:14+00:00","dateModified":"2025-12-19T08:37:03+00:00","description":"Der 5. Unterreiner Forst Demo-Day in Mindelau lockte rund 1.700 Besucher an und \u00fcberzeugte mit praxisnahen Vorf\u00fchrungen moderner Forsttechnik.","breadcrumb":{"@id":"https:\/\/www.landwirt.com\/news\/unterreiner-forst-demo-day-in-mindelau-mit-rund-1700-besuchern-ein-voller-erfolg\/#breadcrumb"},"inLanguage":"de-AT","potentialAction":[{"@type":"ReadAction","target":["https:\/\/www.landwirt.com\/news\/unterreiner-forst-demo-day-in-mindelau-mit-rund-1700-besuchern-ein-voller-erfolg\/"]}]},{"@type":"ImageObject","inLanguage":"de-AT","@id":"https:\/\/www.landwirt.com\/news\/unterreiner-forst-demo-day-in-mindelau-mit-rund-1700-besuchern-ein-voller-erfolg\/#primaryimage","url":"https:\/\/www.landwirt.com\/news\/wp-content\/uploads\/2025\/10\/unterreinervorschau.jpg","contentUrl":"https:\/\/www.landwirt.com\/news\/wp-content\/uploads\/2025\/10\/unterreinervorschau.jpg","width":340,"height":215,"caption":"ein Forstarbeiter kniet mit einem Mikro im Wal, rund um ihn steht eine Menschenmenge"},{"@type":"BreadcrumbList","@id":"https:\/\/www.landwirt.com\/news\/unterreiner-forst-demo-day-in-mindelau-mit-rund-1700-besuchern-ein-voller-erfolg\/#breadcrumb","itemListElement":[{"@type":"ListItem","position":1,"name":"Home","item":"https:\/\/www.landwirt.com\/news\/home\/"},{"@type":"ListItem","position":2,"name":"Unterreiner Forst Demo-Day in Mindelau mit rund 1700 Besuchern ein voller Erfolg"}]},{"@type":"WebSite","@id":"https:\/\/www.landwirt.com\/news\/#website","url":"https:\/\/www.landwirt.com\/news\/","name":"Landwirt.com News","description":"Landwirt.com News","publisher":{"@id":"https:\/\/www.landwirt.com\/news\/#organization"},"potentialAction":[{"@type":"SearchAction","target":{"@type":"EntryPoint","urlTemplate":"https:\/\/www.landwirt.com\/news\/?s={search_term_string}"},"query-input":{"@type":"PropertyValueSpecification","valueRequired":true,"valueName":"search_term_string"}}],"inLanguage":"de-AT"},{"@type":"Organization","@id":"https:\/\/www.landwirt.com\/news\/#organization","name":"LANDWIRT.COM GMBH","url":"https:\/\/www.landwirt.com\/news\/","logo":{"@type":"ImageObject","inLanguage":"de-AT","@id":"https:\/\/www.landwirt.com\/news\/#\/schema\/logo\/image\/","url":"https:\/\/www.landwirt.com\/news\/wp-content\/uploads\/2020\/02\/LW-logo.png","contentUrl":"https:\/\/www.landwirt.com\/news\/wp-content\/uploads\/2020\/02\/LW-logo.png","width":250,"height":58,"caption":"LANDWIRT.COM GMBH"},"image":{"@id":"https:\/\/www.landwirt.com\/news\/#\/schema\/logo\/image\/"}},{"@type":"Person","@id":"https:\/\/www.landwirt.com\/news\/#\/schema\/person\/75a4bc83f62af5332a58cf5d219a4c51","name":"Lisa Rokos","image":{"@type":"ImageObject","inLanguage":"de-AT","@id":"https:\/\/secure.gravatar.com\/avatar\/7a0bb7bda929bd765c27a74ac583d88484ba68a68a98e3d35a51f87ee30382d9?s=96&d=mm&r=g","url":"https:\/\/secure.gravatar.com\/avatar\/7a0bb7bda929bd765c27a74ac583d88484ba68a68a98e3d35a51f87ee30382d9?s=96&d=mm&r=g","contentUrl":"https:\/\/secure.gravatar.com\/avatar\/7a0bb7bda929bd765c27a74ac583d88484ba68a68a98e3d35a51f87ee30382d9?s=96&d=mm&r=g","caption":"Lisa Rokos"},"url":"https:\/\/www.landwirt.com\/news\/author\/lisa\/"}]}},"_links":{"self":[{"href":"https:\/\/www.landwirt.com\/news\/wp-json\/wp\/v2\/posts\/17761","targetHints":{"allow":["GET"]}}],"collection":[{"href":"https:\/\/www.landwirt.com\/news\/wp-json\/wp\/v2\/posts"}],"about":[{"href":"https:\/\/www.landwirt.com\/news\/wp-json\/wp\/v2\/types\/post"}],"author":[{"embeddable":true,"href":"https:\/\/www.landwirt.com\/news\/wp-json\/wp\/v2\/users\/5"}],"replies":[{"embeddable":true,"href":"https:\/\/www.landwirt.com\/news\/wp-json\/wp\/v2\/comments?post=17761"}],"version-history":[{"count":1,"href":"https:\/\/www.landwirt.com\/news\/wp-json\/wp\/v2\/posts\/17761\/revisions"}],"predecessor-version":[{"id":17774,"href":"https:\/\/www.landwirt.com\/news\/wp-json\/wp\/v2\/posts\/17761\/revisions\/17774"}],"wp:featuredmedia":[{"embeddable":true,"href":"https:\/\/www.landwirt.com\/news\/wp-json\/wp\/v2\/media\/17762"}],"wp:attachment":[{"href":"https:\/\/www.landwirt.com\/news\/wp-json\/wp\/v2\/media?parent=17761"}],"wp:term":[{"taxonomy":"category","embeddable":true,"href":"https:\/\/www.landwirt.com\/news\/wp-json\/wp\/v2\/categories?post=17761"},{"taxonomy":"post_tag","embeddable":true,"href":"https:\/\/www.landwirt.com\/news\/wp-json\/wp\/v2\/tags?post=17761"}],"curies":[{"name":"wp","href":"https:\/\/api.w.org\/{rel}","templated":true}]}}