{"id":16000,"date":"2024-12-13T12:26:45","date_gmt":"2024-12-13T11:26:45","guid":{"rendered":"https:\/\/www.landwirt.com\/news\/?p=16000"},"modified":"2025-01-24T08:59:27","modified_gmt":"2025-01-24T07:59:27","slug":"zulassungen-der-standardtraktoren-in-oesterreich-jaenner-november-2024","status":"publish","type":"post","link":"https:\/\/www.landwirt.com\/news\/zulassungen-der-standardtraktoren-in-oesterreich-jaenner-november-2024\/","title":{"rendered":"Zulassungen der Standardtraktoren in \u00d6sterreich J\u00e4nner bis November 2024"},"content":{"rendered":"\n<hr class=\"wp-block-separator has-alpha-channel-opacity\"\/>\n\n\n\n<p><strong>Die Daten verdeutlichen, dass der \u00f6sterreichische Traktorenmarkt im Zeitraum J\u00e4nner &#8211; November 2024 einen R\u00fcckgang bei den Neuzulassungen verzeichnete. Im Vergleich zum Vorjahr ging die Zahl der neu zugelassenen Standardtraktoren um 11,4% zur\u00fcck, was einem Minus von 453 Fahrzeugen entspricht. Zwischen Januar und November 2024 wurden insgesamt 3.508 Traktoren neu zugelassen, w\u00e4hrend es im gleichen Zeitraum des Vorjahres noch 3.961 waren.<\/strong><\/p>\n\n\n\n<figure class=\"wp-block-image alignwide size-full\"><img loading=\"lazy\" decoding=\"async\" width=\"927\" height=\"467\" src=\"https:\/\/www.landwirt.com\/news\/wp-content\/uploads\/2024\/12\/image-3.png\" alt=\"\" class=\"wp-image-16006\" srcset=\"https:\/\/www.landwirt.com\/news\/wp-content\/uploads\/2024\/12\/image-3.png 927w, https:\/\/www.landwirt.com\/news\/wp-content\/uploads\/2024\/12\/image-3-300x151.png 300w, https:\/\/www.landwirt.com\/news\/wp-content\/uploads\/2024\/12\/image-3-768x387.png 768w, https:\/\/www.landwirt.com\/news\/wp-content\/uploads\/2024\/12\/image-3-705x355.png 705w\" sizes=\"auto, (max-width: 927px) 100vw, 927px\" \/><\/figure>\n\n\n\n<div class=\"wp-block-media-text alignwide has-media-on-the-right is-stacked-on-mobile\"><div class=\"wp-block-media-text__content\">\n<p>STEYR und Fendt k\u00f6nnen weiterhin beeindruckende Zuw\u00e4chse bei den Neuzulassungen verzeichnen, die deutlich \u00fcber den Zahlen des Vorjahres liegen.<\/p>\n\n\n\n<p>Im Gegensatz dazu f\u00e4llt John Deere in der Statistik besonders ins Auge \u2013 allerdings aus einem weniger erfreulichen Grund. W\u00e4hrend im vergangenen Jahr noch stolze 631 Neuzulassungen registriert wurden, sank diese Zahl in diesem Jahr drastisch auf nur noch 299. Dieses Ergebnis hebt sich im Diagramm besonders markant ab.<\/p>\n<\/div><figure class=\"wp-block-media-text__media\"><img loading=\"lazy\" decoding=\"async\" width=\"644\" height=\"624\" src=\"https:\/\/www.landwirt.com\/news\/wp-content\/uploads\/2024\/12\/image-2.png\" alt=\"\" class=\"wp-image-16004 size-full\" srcset=\"https:\/\/www.landwirt.com\/news\/wp-content\/uploads\/2024\/12\/image-2.png 644w, https:\/\/www.landwirt.com\/news\/wp-content\/uploads\/2024\/12\/image-2-300x291.png 300w, https:\/\/www.landwirt.com\/news\/wp-content\/uploads\/2024\/12\/image-2-36x36.png 36w\" sizes=\"auto, (max-width: 644px) 100vw, 644px\" \/><\/figure><\/div>\n\n\n\n<div class=\"wp-block-media-text alignwide is-stacked-on-mobile\" style=\"grid-template-columns:81% auto\"><figure class=\"wp-block-media-text__media\"><img loading=\"lazy\" decoding=\"async\" width=\"728\" height=\"1030\" src=\"https:\/\/www.landwirt.com\/news\/wp-content\/uploads\/2024\/12\/01-11-728x1030.jpg\" alt=\"\" class=\"wp-image-16019 size-full\" srcset=\"https:\/\/www.landwirt.com\/news\/wp-content\/uploads\/2024\/12\/01-11-728x1030.jpg 728w, https:\/\/www.landwirt.com\/news\/wp-content\/uploads\/2024\/12\/01-11-212x300.jpg 212w, https:\/\/www.landwirt.com\/news\/wp-content\/uploads\/2024\/12\/01-11-768x1086.jpg 768w, https:\/\/www.landwirt.com\/news\/wp-content\/uploads\/2024\/12\/01-11-1086x1536.jpg 1086w, https:\/\/www.landwirt.com\/news\/wp-content\/uploads\/2024\/12\/01-11-1448x2048.jpg 1448w, https:\/\/www.landwirt.com\/news\/wp-content\/uploads\/2024\/12\/01-11-1060x1500.jpg 1060w, https:\/\/www.landwirt.com\/news\/wp-content\/uploads\/2024\/12\/01-11-498x705.jpg 498w, https:\/\/www.landwirt.com\/news\/wp-content\/uploads\/2024\/12\/01-11-scaled.jpg 1810w\" sizes=\"auto, (max-width: 728px) 100vw, 728px\" \/><\/figure><div class=\"wp-block-media-text__content\">\n<p><\/p>\n<\/div><\/div>\n","protected":false},"excerpt":{"rendered":"<p>Minus 11,4% bei den Zulassungen der Standardtraktoren in \u00d6sterreich.<\/p>\n","protected":false},"author":5,"featured_media":16013,"comment_status":"closed","ping_status":"closed","sticky":false,"template":"","format":"standard","meta":{"footnotes":""},"categories":[15,1,14],"tags":[54],"class_list":["post-16000","post","type-post","status-publish","format-standard","has-post-thumbnail","hentry","category-landwirt","category-werbung","category-zulassungsstatistik","tag-zulassungsstatistik"],"yoast_head":"<!-- This site is optimized with the Yoast SEO plugin v27.5 - https:\/\/yoast.com\/product\/yoast-seo-wordpress\/ -->\n<title>Zulassungen der Standardtraktoren in \u00d6sterreich J\u00e4nner bis November 2024 - Landwirt.com News<\/title>\n<meta name=\"robots\" content=\"index, follow, max-snippet:-1, max-image-preview:large, max-video-preview:-1\" \/>\n<meta property=\"og:locale\" content=\"de_DE\" \/>\n<meta property=\"og:type\" content=\"article\" \/>\n<meta property=\"og:title\" content=\"Zulassungen der Standardtraktoren in \u00d6sterreich J\u00e4nner bis November 2024 - Landwirt.com News\" \/>\n<meta property=\"og:description\" content=\"Minus 11,4% bei den Zulassungen der Standardtraktoren in \u00d6sterreich.\" \/>\n<meta property=\"og:url\" content=\"https:\/\/www.landwirt.com\/news\/zulassungen-der-standardtraktoren-in-oesterreich-jaenner-november-2024\/\" \/>\n<meta property=\"og:site_name\" content=\"Landwirt.com News\" \/>\n<meta property=\"article:published_time\" content=\"2024-12-13T11:26:45+00:00\" \/>\n<meta property=\"article:modified_time\" content=\"2025-01-24T07:59:27+00:00\" \/>\n<meta property=\"og:image\" content=\"https:\/\/www.landwirt.com\/news\/wp-content\/uploads\/2024\/12\/vorschauzulassung.jpg\" \/>\n\t<meta property=\"og:image:width\" content=\"495\" \/>\n\t<meta property=\"og:image:height\" content=\"400\" \/>\n\t<meta property=\"og:image:type\" content=\"image\/jpeg\" \/>\n<meta name=\"author\" content=\"Lisa Rokos\" \/>\n<meta name=\"twitter:card\" content=\"summary_large_image\" \/>\n<meta name=\"twitter:label1\" content=\"Verfasst von\" \/>\n\t<meta name=\"twitter:data1\" content=\"Lisa Rokos\" \/>\n\t<meta name=\"twitter:label2\" content=\"Gesch\u00e4tzte Lesezeit\" \/>\n\t<meta name=\"twitter:data2\" content=\"2 Minuten\" \/>\n<script type=\"application\/ld+json\" class=\"yoast-schema-graph\">{\"@context\":\"https:\\\/\\\/schema.org\",\"@graph\":[{\"@type\":\"Article\",\"@id\":\"https:\\\/\\\/www.landwirt.com\\\/news\\\/zulassungen-der-standardtraktoren-in-oesterreich-jaenner-november-2024\\\/#article\",\"isPartOf\":{\"@id\":\"https:\\\/\\\/www.landwirt.com\\\/news\\\/zulassungen-der-standardtraktoren-in-oesterreich-jaenner-november-2024\\\/\"},\"author\":{\"name\":\"Lisa Rokos\",\"@id\":\"https:\\\/\\\/www.landwirt.com\\\/news\\\/#\\\/schema\\\/person\\\/75a4bc83f62af5332a58cf5d219a4c51\"},\"headline\":\"Zulassungen der Standardtraktoren in \u00d6sterreich J\u00e4nner bis November 2024\",\"datePublished\":\"2024-12-13T11:26:45+00:00\",\"dateModified\":\"2025-01-24T07:59:27+00:00\",\"mainEntityOfPage\":{\"@id\":\"https:\\\/\\\/www.landwirt.com\\\/news\\\/zulassungen-der-standardtraktoren-in-oesterreich-jaenner-november-2024\\\/\"},\"wordCount\":137,\"publisher\":{\"@id\":\"https:\\\/\\\/www.landwirt.com\\\/news\\\/#organization\"},\"image\":{\"@id\":\"https:\\\/\\\/www.landwirt.com\\\/news\\\/zulassungen-der-standardtraktoren-in-oesterreich-jaenner-november-2024\\\/#primaryimage\"},\"thumbnailUrl\":\"https:\\\/\\\/www.landwirt.com\\\/news\\\/wp-content\\\/uploads\\\/2024\\\/12\\\/vorschauzulassung.jpg\",\"keywords\":[\"Zulassungsstatistik\"],\"articleSection\":[\"Landwirt\",\"Werbung\",\"Zulassungsstatistik\"],\"inLanguage\":\"de-AT\"},{\"@type\":\"WebPage\",\"@id\":\"https:\\\/\\\/www.landwirt.com\\\/news\\\/zulassungen-der-standardtraktoren-in-oesterreich-jaenner-november-2024\\\/\",\"url\":\"https:\\\/\\\/www.landwirt.com\\\/news\\\/zulassungen-der-standardtraktoren-in-oesterreich-jaenner-november-2024\\\/\",\"name\":\"Zulassungen der Standardtraktoren in \u00d6sterreich J\u00e4nner bis November 2024 - Landwirt.com News\",\"isPartOf\":{\"@id\":\"https:\\\/\\\/www.landwirt.com\\\/news\\\/#website\"},\"primaryImageOfPage\":{\"@id\":\"https:\\\/\\\/www.landwirt.com\\\/news\\\/zulassungen-der-standardtraktoren-in-oesterreich-jaenner-november-2024\\\/#primaryimage\"},\"image\":{\"@id\":\"https:\\\/\\\/www.landwirt.com\\\/news\\\/zulassungen-der-standardtraktoren-in-oesterreich-jaenner-november-2024\\\/#primaryimage\"},\"thumbnailUrl\":\"https:\\\/\\\/www.landwirt.com\\\/news\\\/wp-content\\\/uploads\\\/2024\\\/12\\\/vorschauzulassung.jpg\",\"datePublished\":\"2024-12-13T11:26:45+00:00\",\"dateModified\":\"2025-01-24T07:59:27+00:00\",\"breadcrumb\":{\"@id\":\"https:\\\/\\\/www.landwirt.com\\\/news\\\/zulassungen-der-standardtraktoren-in-oesterreich-jaenner-november-2024\\\/#breadcrumb\"},\"inLanguage\":\"de-AT\",\"potentialAction\":[{\"@type\":\"ReadAction\",\"target\":[\"https:\\\/\\\/www.landwirt.com\\\/news\\\/zulassungen-der-standardtraktoren-in-oesterreich-jaenner-november-2024\\\/\"]}]},{\"@type\":\"ImageObject\",\"inLanguage\":\"de-AT\",\"@id\":\"https:\\\/\\\/www.landwirt.com\\\/news\\\/zulassungen-der-standardtraktoren-in-oesterreich-jaenner-november-2024\\\/#primaryimage\",\"url\":\"https:\\\/\\\/www.landwirt.com\\\/news\\\/wp-content\\\/uploads\\\/2024\\\/12\\\/vorschauzulassung.jpg\",\"contentUrl\":\"https:\\\/\\\/www.landwirt.com\\\/news\\\/wp-content\\\/uploads\\\/2024\\\/12\\\/vorschauzulassung.jpg\",\"width\":495,\"height\":400},{\"@type\":\"BreadcrumbList\",\"@id\":\"https:\\\/\\\/www.landwirt.com\\\/news\\\/zulassungen-der-standardtraktoren-in-oesterreich-jaenner-november-2024\\\/#breadcrumb\",\"itemListElement\":[{\"@type\":\"ListItem\",\"position\":1,\"name\":\"Home\",\"item\":\"https:\\\/\\\/www.landwirt.com\\\/news\\\/home\\\/\"},{\"@type\":\"ListItem\",\"position\":2,\"name\":\"Zulassungen der Standardtraktoren in \u00d6sterreich J\u00e4nner bis November 2024\"}]},{\"@type\":\"WebSite\",\"@id\":\"https:\\\/\\\/www.landwirt.com\\\/news\\\/#website\",\"url\":\"https:\\\/\\\/www.landwirt.com\\\/news\\\/\",\"name\":\"Landwirt.com News\",\"description\":\"Landwirt.com News\",\"publisher\":{\"@id\":\"https:\\\/\\\/www.landwirt.com\\\/news\\\/#organization\"},\"potentialAction\":[{\"@type\":\"SearchAction\",\"target\":{\"@type\":\"EntryPoint\",\"urlTemplate\":\"https:\\\/\\\/www.landwirt.com\\\/news\\\/?s={search_term_string}\"},\"query-input\":{\"@type\":\"PropertyValueSpecification\",\"valueRequired\":true,\"valueName\":\"search_term_string\"}}],\"inLanguage\":\"de-AT\"},{\"@type\":\"Organization\",\"@id\":\"https:\\\/\\\/www.landwirt.com\\\/news\\\/#organization\",\"name\":\"LANDWIRT.COM GMBH\",\"url\":\"https:\\\/\\\/www.landwirt.com\\\/news\\\/\",\"logo\":{\"@type\":\"ImageObject\",\"inLanguage\":\"de-AT\",\"@id\":\"https:\\\/\\\/www.landwirt.com\\\/news\\\/#\\\/schema\\\/logo\\\/image\\\/\",\"url\":\"https:\\\/\\\/www.landwirt.com\\\/news\\\/wp-content\\\/uploads\\\/2020\\\/02\\\/LW-logo.png\",\"contentUrl\":\"https:\\\/\\\/www.landwirt.com\\\/news\\\/wp-content\\\/uploads\\\/2020\\\/02\\\/LW-logo.png\",\"width\":250,\"height\":58,\"caption\":\"LANDWIRT.COM GMBH\"},\"image\":{\"@id\":\"https:\\\/\\\/www.landwirt.com\\\/news\\\/#\\\/schema\\\/logo\\\/image\\\/\"}},{\"@type\":\"Person\",\"@id\":\"https:\\\/\\\/www.landwirt.com\\\/news\\\/#\\\/schema\\\/person\\\/75a4bc83f62af5332a58cf5d219a4c51\",\"name\":\"Lisa Rokos\",\"image\":{\"@type\":\"ImageObject\",\"inLanguage\":\"de-AT\",\"@id\":\"https:\\\/\\\/secure.gravatar.com\\\/avatar\\\/7a0bb7bda929bd765c27a74ac583d88484ba68a68a98e3d35a51f87ee30382d9?s=96&d=mm&r=g\",\"url\":\"https:\\\/\\\/secure.gravatar.com\\\/avatar\\\/7a0bb7bda929bd765c27a74ac583d88484ba68a68a98e3d35a51f87ee30382d9?s=96&d=mm&r=g\",\"contentUrl\":\"https:\\\/\\\/secure.gravatar.com\\\/avatar\\\/7a0bb7bda929bd765c27a74ac583d88484ba68a68a98e3d35a51f87ee30382d9?s=96&d=mm&r=g\",\"caption\":\"Lisa Rokos\"},\"url\":\"https:\\\/\\\/www.landwirt.com\\\/news\\\/author\\\/lisa\\\/\"}]}<\/script>\n<!-- \/ Yoast SEO plugin. -->","yoast_head_json":{"title":"Zulassungen der Standardtraktoren in \u00d6sterreich J\u00e4nner bis November 2024 - Landwirt.com News","robots":{"index":"index","follow":"follow","max-snippet":"max-snippet:-1","max-image-preview":"max-image-preview:large","max-video-preview":"max-video-preview:-1"},"og_locale":"de_DE","og_type":"article","og_title":"Zulassungen der Standardtraktoren in \u00d6sterreich J\u00e4nner bis November 2024 - Landwirt.com News","og_description":"Minus 11,4% bei den Zulassungen der Standardtraktoren in \u00d6sterreich.","og_url":"https:\/\/www.landwirt.com\/news\/zulassungen-der-standardtraktoren-in-oesterreich-jaenner-november-2024\/","og_site_name":"Landwirt.com News","article_published_time":"2024-12-13T11:26:45+00:00","article_modified_time":"2025-01-24T07:59:27+00:00","og_image":[{"width":495,"height":400,"url":"https:\/\/www.landwirt.com\/news\/wp-content\/uploads\/2024\/12\/vorschauzulassung.jpg","type":"image\/jpeg"}],"author":"Lisa Rokos","twitter_card":"summary_large_image","twitter_misc":{"Verfasst von":"Lisa Rokos","Gesch\u00e4tzte Lesezeit":"2 Minuten"},"schema":{"@context":"https:\/\/schema.org","@graph":[{"@type":"Article","@id":"https:\/\/www.landwirt.com\/news\/zulassungen-der-standardtraktoren-in-oesterreich-jaenner-november-2024\/#article","isPartOf":{"@id":"https:\/\/www.landwirt.com\/news\/zulassungen-der-standardtraktoren-in-oesterreich-jaenner-november-2024\/"},"author":{"name":"Lisa Rokos","@id":"https:\/\/www.landwirt.com\/news\/#\/schema\/person\/75a4bc83f62af5332a58cf5d219a4c51"},"headline":"Zulassungen der Standardtraktoren in \u00d6sterreich J\u00e4nner bis November 2024","datePublished":"2024-12-13T11:26:45+00:00","dateModified":"2025-01-24T07:59:27+00:00","mainEntityOfPage":{"@id":"https:\/\/www.landwirt.com\/news\/zulassungen-der-standardtraktoren-in-oesterreich-jaenner-november-2024\/"},"wordCount":137,"publisher":{"@id":"https:\/\/www.landwirt.com\/news\/#organization"},"image":{"@id":"https:\/\/www.landwirt.com\/news\/zulassungen-der-standardtraktoren-in-oesterreich-jaenner-november-2024\/#primaryimage"},"thumbnailUrl":"https:\/\/www.landwirt.com\/news\/wp-content\/uploads\/2024\/12\/vorschauzulassung.jpg","keywords":["Zulassungsstatistik"],"articleSection":["Landwirt","Werbung","Zulassungsstatistik"],"inLanguage":"de-AT"},{"@type":"WebPage","@id":"https:\/\/www.landwirt.com\/news\/zulassungen-der-standardtraktoren-in-oesterreich-jaenner-november-2024\/","url":"https:\/\/www.landwirt.com\/news\/zulassungen-der-standardtraktoren-in-oesterreich-jaenner-november-2024\/","name":"Zulassungen der Standardtraktoren in \u00d6sterreich J\u00e4nner bis November 2024 - Landwirt.com News","isPartOf":{"@id":"https:\/\/www.landwirt.com\/news\/#website"},"primaryImageOfPage":{"@id":"https:\/\/www.landwirt.com\/news\/zulassungen-der-standardtraktoren-in-oesterreich-jaenner-november-2024\/#primaryimage"},"image":{"@id":"https:\/\/www.landwirt.com\/news\/zulassungen-der-standardtraktoren-in-oesterreich-jaenner-november-2024\/#primaryimage"},"thumbnailUrl":"https:\/\/www.landwirt.com\/news\/wp-content\/uploads\/2024\/12\/vorschauzulassung.jpg","datePublished":"2024-12-13T11:26:45+00:00","dateModified":"2025-01-24T07:59:27+00:00","breadcrumb":{"@id":"https:\/\/www.landwirt.com\/news\/zulassungen-der-standardtraktoren-in-oesterreich-jaenner-november-2024\/#breadcrumb"},"inLanguage":"de-AT","potentialAction":[{"@type":"ReadAction","target":["https:\/\/www.landwirt.com\/news\/zulassungen-der-standardtraktoren-in-oesterreich-jaenner-november-2024\/"]}]},{"@type":"ImageObject","inLanguage":"de-AT","@id":"https:\/\/www.landwirt.com\/news\/zulassungen-der-standardtraktoren-in-oesterreich-jaenner-november-2024\/#primaryimage","url":"https:\/\/www.landwirt.com\/news\/wp-content\/uploads\/2024\/12\/vorschauzulassung.jpg","contentUrl":"https:\/\/www.landwirt.com\/news\/wp-content\/uploads\/2024\/12\/vorschauzulassung.jpg","width":495,"height":400},{"@type":"BreadcrumbList","@id":"https:\/\/www.landwirt.com\/news\/zulassungen-der-standardtraktoren-in-oesterreich-jaenner-november-2024\/#breadcrumb","itemListElement":[{"@type":"ListItem","position":1,"name":"Home","item":"https:\/\/www.landwirt.com\/news\/home\/"},{"@type":"ListItem","position":2,"name":"Zulassungen der Standardtraktoren in \u00d6sterreich J\u00e4nner bis November 2024"}]},{"@type":"WebSite","@id":"https:\/\/www.landwirt.com\/news\/#website","url":"https:\/\/www.landwirt.com\/news\/","name":"Landwirt.com News","description":"Landwirt.com News","publisher":{"@id":"https:\/\/www.landwirt.com\/news\/#organization"},"potentialAction":[{"@type":"SearchAction","target":{"@type":"EntryPoint","urlTemplate":"https:\/\/www.landwirt.com\/news\/?s={search_term_string}"},"query-input":{"@type":"PropertyValueSpecification","valueRequired":true,"valueName":"search_term_string"}}],"inLanguage":"de-AT"},{"@type":"Organization","@id":"https:\/\/www.landwirt.com\/news\/#organization","name":"LANDWIRT.COM GMBH","url":"https:\/\/www.landwirt.com\/news\/","logo":{"@type":"ImageObject","inLanguage":"de-AT","@id":"https:\/\/www.landwirt.com\/news\/#\/schema\/logo\/image\/","url":"https:\/\/www.landwirt.com\/news\/wp-content\/uploads\/2020\/02\/LW-logo.png","contentUrl":"https:\/\/www.landwirt.com\/news\/wp-content\/uploads\/2020\/02\/LW-logo.png","width":250,"height":58,"caption":"LANDWIRT.COM GMBH"},"image":{"@id":"https:\/\/www.landwirt.com\/news\/#\/schema\/logo\/image\/"}},{"@type":"Person","@id":"https:\/\/www.landwirt.com\/news\/#\/schema\/person\/75a4bc83f62af5332a58cf5d219a4c51","name":"Lisa Rokos","image":{"@type":"ImageObject","inLanguage":"de-AT","@id":"https:\/\/secure.gravatar.com\/avatar\/7a0bb7bda929bd765c27a74ac583d88484ba68a68a98e3d35a51f87ee30382d9?s=96&d=mm&r=g","url":"https:\/\/secure.gravatar.com\/avatar\/7a0bb7bda929bd765c27a74ac583d88484ba68a68a98e3d35a51f87ee30382d9?s=96&d=mm&r=g","contentUrl":"https:\/\/secure.gravatar.com\/avatar\/7a0bb7bda929bd765c27a74ac583d88484ba68a68a98e3d35a51f87ee30382d9?s=96&d=mm&r=g","caption":"Lisa Rokos"},"url":"https:\/\/www.landwirt.com\/news\/author\/lisa\/"}]}},"_links":{"self":[{"href":"https:\/\/www.landwirt.com\/news\/wp-json\/wp\/v2\/posts\/16000","targetHints":{"allow":["GET"]}}],"collection":[{"href":"https:\/\/www.landwirt.com\/news\/wp-json\/wp\/v2\/posts"}],"about":[{"href":"https:\/\/www.landwirt.com\/news\/wp-json\/wp\/v2\/types\/post"}],"author":[{"embeddable":true,"href":"https:\/\/www.landwirt.com\/news\/wp-json\/wp\/v2\/users\/5"}],"replies":[{"embeddable":true,"href":"https:\/\/www.landwirt.com\/news\/wp-json\/wp\/v2\/comments?post=16000"}],"version-history":[{"count":5,"href":"https:\/\/www.landwirt.com\/news\/wp-json\/wp\/v2\/posts\/16000\/revisions"}],"predecessor-version":[{"id":16028,"href":"https:\/\/www.landwirt.com\/news\/wp-json\/wp\/v2\/posts\/16000\/revisions\/16028"}],"wp:featuredmedia":[{"embeddable":true,"href":"https:\/\/www.landwirt.com\/news\/wp-json\/wp\/v2\/media\/16013"}],"wp:attachment":[{"href":"https:\/\/www.landwirt.com\/news\/wp-json\/wp\/v2\/media?parent=16000"}],"wp:term":[{"taxonomy":"category","embeddable":true,"href":"https:\/\/www.landwirt.com\/news\/wp-json\/wp\/v2\/categories?post=16000"},{"taxonomy":"post_tag","embeddable":true,"href":"https:\/\/www.landwirt.com\/news\/wp-json\/wp\/v2\/tags?post=16000"}],"curies":[{"name":"wp","href":"https:\/\/api.w.org\/{rel}","templated":true}]}}