{"id":15292,"date":"2024-11-08T08:35:00","date_gmt":"2024-11-08T07:35:00","guid":{"rendered":"https:\/\/www.landwirt.com\/news\/?p=15292"},"modified":"2024-11-25T13:17:11","modified_gmt":"2024-11-25T12:17:11","slug":"steyr-plus-ist-tractor-of-the-year-2025-gewinner","status":"publish","type":"post","link":"https:\/\/www.landwirt.com\/news\/steyr-plus-ist-tractor-of-the-year-2025-gewinner\/","title":{"rendered":"STEYR\u00a0PLUS ist tractor of the year 2025 Gewinner"},"content":{"rendered":"\n<hr class=\"wp-block-separator has-alpha-channel-opacity\"\/>\n\n\n\n<p><strong>Fast genau ein Jahr nach der Erstvorstellung des neuen STEYR<sup>\u00ae<\/sup>&nbsp;Plus, der den beliebten Kompakt abl\u00f6st, wurde das Spitzenmodell der neuen Baureihe zum Traktor des Jahres in der Kategorie&nbsp;\u201eUtility&#8220; mit 70-150 PS gek\u00fcrt.<\/strong><\/p>\n\n\n\n<figure class=\"wp-block-image alignwide size-large\"><img loading=\"lazy\" decoding=\"async\" width=\"2560\" height=\"1439\" src=\"https:\/\/www.landwirt.com\/news\/wp-content\/uploads\/2024\/11\/STEYR-Traktoren_Plus-TOTY-2025-Winner-edited-scaled.jpg\" alt=\"\" class=\"wp-image-15299\" srcset=\"https:\/\/www.landwirt.com\/news\/wp-content\/uploads\/2024\/11\/STEYR-Traktoren_Plus-TOTY-2025-Winner-edited-scaled.jpg 2560w, https:\/\/www.landwirt.com\/news\/wp-content\/uploads\/2024\/11\/STEYR-Traktoren_Plus-TOTY-2025-Winner-edited-300x169.jpg 300w, https:\/\/www.landwirt.com\/news\/wp-content\/uploads\/2024\/11\/STEYR-Traktoren_Plus-TOTY-2025-Winner-edited-1030x579.jpg 1030w, https:\/\/www.landwirt.com\/news\/wp-content\/uploads\/2024\/11\/STEYR-Traktoren_Plus-TOTY-2025-Winner-edited-768x432.jpg 768w, https:\/\/www.landwirt.com\/news\/wp-content\/uploads\/2024\/11\/STEYR-Traktoren_Plus-TOTY-2025-Winner-edited-1536x863.jpg 1536w, https:\/\/www.landwirt.com\/news\/wp-content\/uploads\/2024\/11\/STEYR-Traktoren_Plus-TOTY-2025-Winner-edited-2048x1151.jpg 2048w, https:\/\/www.landwirt.com\/news\/wp-content\/uploads\/2024\/11\/STEYR-Traktoren_Plus-TOTY-2025-Winner-edited-1500x843.jpg 1500w, https:\/\/www.landwirt.com\/news\/wp-content\/uploads\/2024\/11\/STEYR-Traktoren_Plus-TOTY-2025-Winner-edited-705x396.jpg 705w\" sizes=\"auto, (max-width: 2560px) 100vw, 2560px\" \/><\/figure>\n\n\n\n<p>Mit den Plus-Aufklebern auf den 80-117 PS starken Traktoren kehrt ein angesehener Name in das STEYR-Sortiment zur\u00fcck, dessen Geschichte bis zu den ber\u00fchmten Modellen der 1960er und 70er Jahre zur\u00fcckreicht. Die neuen Traktoren zielen auf ein \u00e4hnliches Segment mittelgro\u00dfer Betriebe ab und konkurrieren in einer Leistungsklasse, die in Europa das gr\u00f6\u00dfte PS-Segment stellt.<\/p>\n\n\n\n<p>Viele Betriebe w\u00fcnschen sich f\u00fcr ihre Traktoren oft die gleiche Technologie, die normalerweise in gr\u00f6\u00dferen Maschinen zu finden ist. In dieser Hinsicht verf\u00fcgt der Plus \u00fcber mehrere technische Neuheiten, die dazu beigetragen haben, dass er von der aus europ\u00e4ischen Agrarjournalisten bestehenden Jury als Sieger ausgezeichnet wurde.<\/p>\n\n\n\n<p>Alle f\u00fcnf Modelle sind mit einem 3,6-Liter-Vierzylindermotor FPT Stage V ausgestattet, der beim 4120 Plus, dem Gewinner des TOTY AWARD in der Kategorie \u201eUtility, ein hohes maximales Drehmoment von 506 Nm liefert. Dieses wird durch das bekannte S-Control 2-Getriebe dank der zwei Lastschaltstufen bestm\u00f6glich in Traktion umgewandelt. Letzteres wurde um die STEYR S-Stop-Funktion (Brake-to-Clutch) erg\u00e4nzt, die ein Kuppeln \u00fcber das Bremspedal und somit den Komfort beim Arbeiten, beispielsweise mit dem Frontlader, nochmals erh\u00f6ht. Zudem wurde die Leistung der Arbeitshydraulik auf bis zu 82 l\/min angehoben, die Heckhubkraft auf bis zu 4.700 kg gesteigert und das zul\u00e4ssige Gesamtgewicht auf 7.000 kg erh\u00f6ht. Dank des optional elektronischen Fronthubwerks l\u00e4sst sich der Auflagedruck des Front-Anbauger\u00e4tes individuell einstellen, ein Plus, gerade beim M\u00e4hen oder auch kommunalen Anwendungen.<\/p>\n\n\n\n<figure class=\"wp-block-image alignwide size-large\"><img loading=\"lazy\" decoding=\"async\" width=\"1030\" height=\"685\" src=\"https:\/\/www.landwirt.com\/news\/wp-content\/uploads\/2024\/11\/STEYR-Traktoren_Plus-TOTY-2025-Winner_award-ceremony-1030x685.jpg\" alt=\"\" class=\"wp-image-15295\" srcset=\"https:\/\/www.landwirt.com\/news\/wp-content\/uploads\/2024\/11\/STEYR-Traktoren_Plus-TOTY-2025-Winner_award-ceremony-1030x685.jpg 1030w, https:\/\/www.landwirt.com\/news\/wp-content\/uploads\/2024\/11\/STEYR-Traktoren_Plus-TOTY-2025-Winner_award-ceremony-300x200.jpg 300w, https:\/\/www.landwirt.com\/news\/wp-content\/uploads\/2024\/11\/STEYR-Traktoren_Plus-TOTY-2025-Winner_award-ceremony-768x511.jpg 768w, https:\/\/www.landwirt.com\/news\/wp-content\/uploads\/2024\/11\/STEYR-Traktoren_Plus-TOTY-2025-Winner_award-ceremony-1536x1022.jpg 1536w, https:\/\/www.landwirt.com\/news\/wp-content\/uploads\/2024\/11\/STEYR-Traktoren_Plus-TOTY-2025-Winner_award-ceremony-2048x1363.jpg 2048w, https:\/\/www.landwirt.com\/news\/wp-content\/uploads\/2024\/11\/STEYR-Traktoren_Plus-TOTY-2025-Winner_award-ceremony-1500x998.jpg 1500w, https:\/\/www.landwirt.com\/news\/wp-content\/uploads\/2024\/11\/STEYR-Traktoren_Plus-TOTY-2025-Winner_award-ceremony-705x469.jpg 705w\" sizes=\"auto, (max-width: 1030px) 100vw, 1030px\" \/><\/figure>\n\n\n\n<p>In der neuen Kabine mit digitalem Armaturenbrett befindet sich der STEYR Multicontroller-Ganghebel \u2013 so hat man auch in dieser Traktorenklasse alle wichtigen Funktionen von Getriebe bis hin zur Hydraulik immer im Griff. Gleiches gilt auch f\u00fcr den Joystick der Zwischenachssteuerger\u00e4te, der um Funktionen wie Richtungswechsel, Lastschaltstufen und Motordrehzahlspeicher erweitert wurde und so auch bei Frontladerarbeiten ein Umgreifen der Vergangenheit angeh\u00f6rt. Passend erg\u00e4nzt, finden sich nun auch vollst\u00e4ndig integrierte L\u00f6sungen f\u00fcr Telemetrie, ISOBUS und Spurf\u00fchrung in der Kabine. Abgerundet wird der Arbeitsplatz durch eine Kabinenfederung sowie eine adaptive Lenkung, was den STEYR PLUS zum idealen Begleiter f\u00fcr jede Anwendung macht.<\/p>\n\n\n\n<p>&#8222;Wir freuen uns sehr \u00fcber die Auszeichnung zum Traktor des Jahres 2025 in der Kategorie Universaltraktoren f\u00fcr den 4120 Plus&#8220;, sagt Marco Lombardi, Leiter der Case IH und STEYR Marken EMEA.<\/p>\n\n\n\n<p>&#8222;Dies ist eine \u00e4u\u00dferst wichtige Leistungskategorie f\u00fcr alle Arten von landwirtschaftlichen Betrieben in ganz Europa, aber auch f\u00fcr Kommunen und Forstbetriebe. Die Auszeichnung &#8222;Traktor des Jahres&#8220; f\u00fcr unseren STEYR Plus ist eine gro\u00dfartige Anerkennung f\u00fcr die Bem\u00fchungen unserer Ingenieurteams, einen Traktor zu entwickeln, der viele unterschiedliche Anforderungen erf\u00fcllt.&#8220;<\/p>\n","protected":false},"excerpt":{"rendered":"<p>Viele Betriebe w\u00fcnschen sich f\u00fcr ihre Traktoren oft die gleiche Technologie, die normalerweise in gr\u00f6\u00dferen Maschinen zu finden ist. In dieser Hinsicht verf\u00fcgt der Plus \u00fcber mehrere technische Neuheiten, die ihn zum tractor of the year machen.<\/p>\n","protected":false},"author":5,"featured_media":15302,"comment_status":"closed","ping_status":"closed","sticky":false,"template":"","format":"standard","meta":{"footnotes":""},"categories":[15,1],"tags":[60],"class_list":["post-15292","post","type-post","status-publish","format-standard","has-post-thumbnail","hentry","category-landwirt","category-werbung","tag-steyr"],"yoast_head":"<!-- This site is optimized with the Yoast SEO plugin v27.5 - https:\/\/yoast.com\/product\/yoast-seo-wordpress\/ -->\n<title>STEYR\u00a0PLUS ist tractor of the year 2025 Gewinner - Landwirt.com News<\/title>\n<meta name=\"robots\" content=\"index, follow, max-snippet:-1, max-image-preview:large, max-video-preview:-1\" \/>\n<meta property=\"og:locale\" content=\"de_DE\" \/>\n<meta property=\"og:type\" content=\"article\" \/>\n<meta property=\"og:title\" content=\"STEYR\u00a0PLUS ist tractor of the year 2025 Gewinner - Landwirt.com News\" \/>\n<meta property=\"og:description\" content=\"Viele Betriebe w\u00fcnschen sich f\u00fcr ihre Traktoren oft die gleiche Technologie, die normalerweise in gr\u00f6\u00dferen Maschinen zu finden ist. In dieser Hinsicht verf\u00fcgt der Plus \u00fcber mehrere technische Neuheiten, die ihn zum tractor of the year machen.\" \/>\n<meta property=\"og:url\" content=\"https:\/\/www.landwirt.com\/news\/steyr-plus-ist-tractor-of-the-year-2025-gewinner\/\" \/>\n<meta property=\"og:site_name\" content=\"Landwirt.com News\" \/>\n<meta property=\"article:published_time\" content=\"2024-11-08T07:35:00+00:00\" \/>\n<meta property=\"article:modified_time\" content=\"2024-11-25T12:17:11+00:00\" \/>\n<meta property=\"og:image\" content=\"https:\/\/www.landwirt.com\/news\/wp-content\/uploads\/2024\/11\/steyr-1.jpg\" \/>\n\t<meta property=\"og:image:width\" content=\"495\" \/>\n\t<meta property=\"og:image:height\" content=\"400\" \/>\n\t<meta property=\"og:image:type\" content=\"image\/jpeg\" \/>\n<meta name=\"author\" content=\"Lisa Rokos\" \/>\n<meta name=\"twitter:card\" content=\"summary_large_image\" \/>\n<meta name=\"twitter:label1\" content=\"Verfasst von\" \/>\n\t<meta name=\"twitter:data1\" content=\"Lisa Rokos\" \/>\n\t<meta name=\"twitter:label2\" content=\"Gesch\u00e4tzte Lesezeit\" \/>\n\t<meta name=\"twitter:data2\" content=\"3 Minuten\" \/>\n<script type=\"application\/ld+json\" class=\"yoast-schema-graph\">{\"@context\":\"https:\\\/\\\/schema.org\",\"@graph\":[{\"@type\":\"Article\",\"@id\":\"https:\\\/\\\/www.landwirt.com\\\/news\\\/steyr-plus-ist-tractor-of-the-year-2025-gewinner\\\/#article\",\"isPartOf\":{\"@id\":\"https:\\\/\\\/www.landwirt.com\\\/news\\\/steyr-plus-ist-tractor-of-the-year-2025-gewinner\\\/\"},\"author\":{\"name\":\"Lisa Rokos\",\"@id\":\"https:\\\/\\\/www.landwirt.com\\\/news\\\/#\\\/schema\\\/person\\\/75a4bc83f62af5332a58cf5d219a4c51\"},\"headline\":\"STEYR\u00a0PLUS ist tractor of the year 2025 Gewinner\",\"datePublished\":\"2024-11-08T07:35:00+00:00\",\"dateModified\":\"2024-11-25T12:17:11+00:00\",\"mainEntityOfPage\":{\"@id\":\"https:\\\/\\\/www.landwirt.com\\\/news\\\/steyr-plus-ist-tractor-of-the-year-2025-gewinner\\\/\"},\"wordCount\":476,\"publisher\":{\"@id\":\"https:\\\/\\\/www.landwirt.com\\\/news\\\/#organization\"},\"image\":{\"@id\":\"https:\\\/\\\/www.landwirt.com\\\/news\\\/steyr-plus-ist-tractor-of-the-year-2025-gewinner\\\/#primaryimage\"},\"thumbnailUrl\":\"https:\\\/\\\/www.landwirt.com\\\/news\\\/wp-content\\\/uploads\\\/2024\\\/11\\\/steyr-1.jpg\",\"keywords\":[\"Steyr\"],\"articleSection\":[\"Landwirt\",\"Werbung\"],\"inLanguage\":\"de-AT\"},{\"@type\":\"WebPage\",\"@id\":\"https:\\\/\\\/www.landwirt.com\\\/news\\\/steyr-plus-ist-tractor-of-the-year-2025-gewinner\\\/\",\"url\":\"https:\\\/\\\/www.landwirt.com\\\/news\\\/steyr-plus-ist-tractor-of-the-year-2025-gewinner\\\/\",\"name\":\"STEYR\u00a0PLUS ist tractor of the year 2025 Gewinner - Landwirt.com News\",\"isPartOf\":{\"@id\":\"https:\\\/\\\/www.landwirt.com\\\/news\\\/#website\"},\"primaryImageOfPage\":{\"@id\":\"https:\\\/\\\/www.landwirt.com\\\/news\\\/steyr-plus-ist-tractor-of-the-year-2025-gewinner\\\/#primaryimage\"},\"image\":{\"@id\":\"https:\\\/\\\/www.landwirt.com\\\/news\\\/steyr-plus-ist-tractor-of-the-year-2025-gewinner\\\/#primaryimage\"},\"thumbnailUrl\":\"https:\\\/\\\/www.landwirt.com\\\/news\\\/wp-content\\\/uploads\\\/2024\\\/11\\\/steyr-1.jpg\",\"datePublished\":\"2024-11-08T07:35:00+00:00\",\"dateModified\":\"2024-11-25T12:17:11+00:00\",\"breadcrumb\":{\"@id\":\"https:\\\/\\\/www.landwirt.com\\\/news\\\/steyr-plus-ist-tractor-of-the-year-2025-gewinner\\\/#breadcrumb\"},\"inLanguage\":\"de-AT\",\"potentialAction\":[{\"@type\":\"ReadAction\",\"target\":[\"https:\\\/\\\/www.landwirt.com\\\/news\\\/steyr-plus-ist-tractor-of-the-year-2025-gewinner\\\/\"]}]},{\"@type\":\"ImageObject\",\"inLanguage\":\"de-AT\",\"@id\":\"https:\\\/\\\/www.landwirt.com\\\/news\\\/steyr-plus-ist-tractor-of-the-year-2025-gewinner\\\/#primaryimage\",\"url\":\"https:\\\/\\\/www.landwirt.com\\\/news\\\/wp-content\\\/uploads\\\/2024\\\/11\\\/steyr-1.jpg\",\"contentUrl\":\"https:\\\/\\\/www.landwirt.com\\\/news\\\/wp-content\\\/uploads\\\/2024\\\/11\\\/steyr-1.jpg\",\"width\":495,\"height\":400},{\"@type\":\"BreadcrumbList\",\"@id\":\"https:\\\/\\\/www.landwirt.com\\\/news\\\/steyr-plus-ist-tractor-of-the-year-2025-gewinner\\\/#breadcrumb\",\"itemListElement\":[{\"@type\":\"ListItem\",\"position\":1,\"name\":\"Home\",\"item\":\"https:\\\/\\\/www.landwirt.com\\\/news\\\/home\\\/\"},{\"@type\":\"ListItem\",\"position\":2,\"name\":\"STEYR\u00a0PLUS ist tractor of the year 2025 Gewinner\"}]},{\"@type\":\"WebSite\",\"@id\":\"https:\\\/\\\/www.landwirt.com\\\/news\\\/#website\",\"url\":\"https:\\\/\\\/www.landwirt.com\\\/news\\\/\",\"name\":\"Landwirt.com News\",\"description\":\"Landwirt.com News\",\"publisher\":{\"@id\":\"https:\\\/\\\/www.landwirt.com\\\/news\\\/#organization\"},\"potentialAction\":[{\"@type\":\"SearchAction\",\"target\":{\"@type\":\"EntryPoint\",\"urlTemplate\":\"https:\\\/\\\/www.landwirt.com\\\/news\\\/?s={search_term_string}\"},\"query-input\":{\"@type\":\"PropertyValueSpecification\",\"valueRequired\":true,\"valueName\":\"search_term_string\"}}],\"inLanguage\":\"de-AT\"},{\"@type\":\"Organization\",\"@id\":\"https:\\\/\\\/www.landwirt.com\\\/news\\\/#organization\",\"name\":\"LANDWIRT.COM GMBH\",\"url\":\"https:\\\/\\\/www.landwirt.com\\\/news\\\/\",\"logo\":{\"@type\":\"ImageObject\",\"inLanguage\":\"de-AT\",\"@id\":\"https:\\\/\\\/www.landwirt.com\\\/news\\\/#\\\/schema\\\/logo\\\/image\\\/\",\"url\":\"https:\\\/\\\/www.landwirt.com\\\/news\\\/wp-content\\\/uploads\\\/2020\\\/02\\\/LW-logo.png\",\"contentUrl\":\"https:\\\/\\\/www.landwirt.com\\\/news\\\/wp-content\\\/uploads\\\/2020\\\/02\\\/LW-logo.png\",\"width\":250,\"height\":58,\"caption\":\"LANDWIRT.COM GMBH\"},\"image\":{\"@id\":\"https:\\\/\\\/www.landwirt.com\\\/news\\\/#\\\/schema\\\/logo\\\/image\\\/\"}},{\"@type\":\"Person\",\"@id\":\"https:\\\/\\\/www.landwirt.com\\\/news\\\/#\\\/schema\\\/person\\\/75a4bc83f62af5332a58cf5d219a4c51\",\"name\":\"Lisa Rokos\",\"image\":{\"@type\":\"ImageObject\",\"inLanguage\":\"de-AT\",\"@id\":\"https:\\\/\\\/secure.gravatar.com\\\/avatar\\\/7a0bb7bda929bd765c27a74ac583d88484ba68a68a98e3d35a51f87ee30382d9?s=96&d=mm&r=g\",\"url\":\"https:\\\/\\\/secure.gravatar.com\\\/avatar\\\/7a0bb7bda929bd765c27a74ac583d88484ba68a68a98e3d35a51f87ee30382d9?s=96&d=mm&r=g\",\"contentUrl\":\"https:\\\/\\\/secure.gravatar.com\\\/avatar\\\/7a0bb7bda929bd765c27a74ac583d88484ba68a68a98e3d35a51f87ee30382d9?s=96&d=mm&r=g\",\"caption\":\"Lisa Rokos\"},\"url\":\"https:\\\/\\\/www.landwirt.com\\\/news\\\/author\\\/lisa\\\/\"}]}<\/script>\n<!-- \/ Yoast SEO plugin. -->","yoast_head_json":{"title":"STEYR\u00a0PLUS ist tractor of the year 2025 Gewinner - Landwirt.com News","robots":{"index":"index","follow":"follow","max-snippet":"max-snippet:-1","max-image-preview":"max-image-preview:large","max-video-preview":"max-video-preview:-1"},"og_locale":"de_DE","og_type":"article","og_title":"STEYR\u00a0PLUS ist tractor of the year 2025 Gewinner - Landwirt.com News","og_description":"Viele Betriebe w\u00fcnschen sich f\u00fcr ihre Traktoren oft die gleiche Technologie, die normalerweise in gr\u00f6\u00dferen Maschinen zu finden ist. In dieser Hinsicht verf\u00fcgt der Plus \u00fcber mehrere technische Neuheiten, die ihn zum tractor of the year machen.","og_url":"https:\/\/www.landwirt.com\/news\/steyr-plus-ist-tractor-of-the-year-2025-gewinner\/","og_site_name":"Landwirt.com News","article_published_time":"2024-11-08T07:35:00+00:00","article_modified_time":"2024-11-25T12:17:11+00:00","og_image":[{"width":495,"height":400,"url":"https:\/\/www.landwirt.com\/news\/wp-content\/uploads\/2024\/11\/steyr-1.jpg","type":"image\/jpeg"}],"author":"Lisa Rokos","twitter_card":"summary_large_image","twitter_misc":{"Verfasst von":"Lisa Rokos","Gesch\u00e4tzte Lesezeit":"3 Minuten"},"schema":{"@context":"https:\/\/schema.org","@graph":[{"@type":"Article","@id":"https:\/\/www.landwirt.com\/news\/steyr-plus-ist-tractor-of-the-year-2025-gewinner\/#article","isPartOf":{"@id":"https:\/\/www.landwirt.com\/news\/steyr-plus-ist-tractor-of-the-year-2025-gewinner\/"},"author":{"name":"Lisa Rokos","@id":"https:\/\/www.landwirt.com\/news\/#\/schema\/person\/75a4bc83f62af5332a58cf5d219a4c51"},"headline":"STEYR\u00a0PLUS ist tractor of the year 2025 Gewinner","datePublished":"2024-11-08T07:35:00+00:00","dateModified":"2024-11-25T12:17:11+00:00","mainEntityOfPage":{"@id":"https:\/\/www.landwirt.com\/news\/steyr-plus-ist-tractor-of-the-year-2025-gewinner\/"},"wordCount":476,"publisher":{"@id":"https:\/\/www.landwirt.com\/news\/#organization"},"image":{"@id":"https:\/\/www.landwirt.com\/news\/steyr-plus-ist-tractor-of-the-year-2025-gewinner\/#primaryimage"},"thumbnailUrl":"https:\/\/www.landwirt.com\/news\/wp-content\/uploads\/2024\/11\/steyr-1.jpg","keywords":["Steyr"],"articleSection":["Landwirt","Werbung"],"inLanguage":"de-AT"},{"@type":"WebPage","@id":"https:\/\/www.landwirt.com\/news\/steyr-plus-ist-tractor-of-the-year-2025-gewinner\/","url":"https:\/\/www.landwirt.com\/news\/steyr-plus-ist-tractor-of-the-year-2025-gewinner\/","name":"STEYR\u00a0PLUS ist tractor of the year 2025 Gewinner - Landwirt.com News","isPartOf":{"@id":"https:\/\/www.landwirt.com\/news\/#website"},"primaryImageOfPage":{"@id":"https:\/\/www.landwirt.com\/news\/steyr-plus-ist-tractor-of-the-year-2025-gewinner\/#primaryimage"},"image":{"@id":"https:\/\/www.landwirt.com\/news\/steyr-plus-ist-tractor-of-the-year-2025-gewinner\/#primaryimage"},"thumbnailUrl":"https:\/\/www.landwirt.com\/news\/wp-content\/uploads\/2024\/11\/steyr-1.jpg","datePublished":"2024-11-08T07:35:00+00:00","dateModified":"2024-11-25T12:17:11+00:00","breadcrumb":{"@id":"https:\/\/www.landwirt.com\/news\/steyr-plus-ist-tractor-of-the-year-2025-gewinner\/#breadcrumb"},"inLanguage":"de-AT","potentialAction":[{"@type":"ReadAction","target":["https:\/\/www.landwirt.com\/news\/steyr-plus-ist-tractor-of-the-year-2025-gewinner\/"]}]},{"@type":"ImageObject","inLanguage":"de-AT","@id":"https:\/\/www.landwirt.com\/news\/steyr-plus-ist-tractor-of-the-year-2025-gewinner\/#primaryimage","url":"https:\/\/www.landwirt.com\/news\/wp-content\/uploads\/2024\/11\/steyr-1.jpg","contentUrl":"https:\/\/www.landwirt.com\/news\/wp-content\/uploads\/2024\/11\/steyr-1.jpg","width":495,"height":400},{"@type":"BreadcrumbList","@id":"https:\/\/www.landwirt.com\/news\/steyr-plus-ist-tractor-of-the-year-2025-gewinner\/#breadcrumb","itemListElement":[{"@type":"ListItem","position":1,"name":"Home","item":"https:\/\/www.landwirt.com\/news\/home\/"},{"@type":"ListItem","position":2,"name":"STEYR\u00a0PLUS ist tractor of the year 2025 Gewinner"}]},{"@type":"WebSite","@id":"https:\/\/www.landwirt.com\/news\/#website","url":"https:\/\/www.landwirt.com\/news\/","name":"Landwirt.com News","description":"Landwirt.com News","publisher":{"@id":"https:\/\/www.landwirt.com\/news\/#organization"},"potentialAction":[{"@type":"SearchAction","target":{"@type":"EntryPoint","urlTemplate":"https:\/\/www.landwirt.com\/news\/?s={search_term_string}"},"query-input":{"@type":"PropertyValueSpecification","valueRequired":true,"valueName":"search_term_string"}}],"inLanguage":"de-AT"},{"@type":"Organization","@id":"https:\/\/www.landwirt.com\/news\/#organization","name":"LANDWIRT.COM GMBH","url":"https:\/\/www.landwirt.com\/news\/","logo":{"@type":"ImageObject","inLanguage":"de-AT","@id":"https:\/\/www.landwirt.com\/news\/#\/schema\/logo\/image\/","url":"https:\/\/www.landwirt.com\/news\/wp-content\/uploads\/2020\/02\/LW-logo.png","contentUrl":"https:\/\/www.landwirt.com\/news\/wp-content\/uploads\/2020\/02\/LW-logo.png","width":250,"height":58,"caption":"LANDWIRT.COM GMBH"},"image":{"@id":"https:\/\/www.landwirt.com\/news\/#\/schema\/logo\/image\/"}},{"@type":"Person","@id":"https:\/\/www.landwirt.com\/news\/#\/schema\/person\/75a4bc83f62af5332a58cf5d219a4c51","name":"Lisa Rokos","image":{"@type":"ImageObject","inLanguage":"de-AT","@id":"https:\/\/secure.gravatar.com\/avatar\/7a0bb7bda929bd765c27a74ac583d88484ba68a68a98e3d35a51f87ee30382d9?s=96&d=mm&r=g","url":"https:\/\/secure.gravatar.com\/avatar\/7a0bb7bda929bd765c27a74ac583d88484ba68a68a98e3d35a51f87ee30382d9?s=96&d=mm&r=g","contentUrl":"https:\/\/secure.gravatar.com\/avatar\/7a0bb7bda929bd765c27a74ac583d88484ba68a68a98e3d35a51f87ee30382d9?s=96&d=mm&r=g","caption":"Lisa Rokos"},"url":"https:\/\/www.landwirt.com\/news\/author\/lisa\/"}]}},"_links":{"self":[{"href":"https:\/\/www.landwirt.com\/news\/wp-json\/wp\/v2\/posts\/15292","targetHints":{"allow":["GET"]}}],"collection":[{"href":"https:\/\/www.landwirt.com\/news\/wp-json\/wp\/v2\/posts"}],"about":[{"href":"https:\/\/www.landwirt.com\/news\/wp-json\/wp\/v2\/types\/post"}],"author":[{"embeddable":true,"href":"https:\/\/www.landwirt.com\/news\/wp-json\/wp\/v2\/users\/5"}],"replies":[{"embeddable":true,"href":"https:\/\/www.landwirt.com\/news\/wp-json\/wp\/v2\/comments?post=15292"}],"version-history":[{"count":4,"href":"https:\/\/www.landwirt.com\/news\/wp-json\/wp\/v2\/posts\/15292\/revisions"}],"predecessor-version":[{"id":15367,"href":"https:\/\/www.landwirt.com\/news\/wp-json\/wp\/v2\/posts\/15292\/revisions\/15367"}],"wp:featuredmedia":[{"embeddable":true,"href":"https:\/\/www.landwirt.com\/news\/wp-json\/wp\/v2\/media\/15302"}],"wp:attachment":[{"href":"https:\/\/www.landwirt.com\/news\/wp-json\/wp\/v2\/media?parent=15292"}],"wp:term":[{"taxonomy":"category","embeddable":true,"href":"https:\/\/www.landwirt.com\/news\/wp-json\/wp\/v2\/categories?post=15292"},{"taxonomy":"post_tag","embeddable":true,"href":"https:\/\/www.landwirt.com\/news\/wp-json\/wp\/v2\/tags?post=15292"}],"curies":[{"name":"wp","href":"https:\/\/api.w.org\/{rel}","templated":true}]}}