{"id":14990,"date":"2024-10-22T10:33:14","date_gmt":"2024-10-22T08:33:14","guid":{"rendered":"https:\/\/www.landwirt.com\/news\/?p=14990"},"modified":"2024-10-29T10:23:14","modified_gmt":"2024-10-29T09:23:14","slug":"lindner-werksausstellung-pinker-lintrac-geht-in-die-schweiz-premiere-fuer-neuen-lintrac-65-ls","status":"publish","type":"post","link":"https:\/\/www.landwirt.com\/news\/lindner-werksausstellung-pinker-lintrac-geht-in-die-schweiz-premiere-fuer-neuen-lintrac-65-ls\/","title":{"rendered":"Lindner-Werksausstellung: Pinker Lintrac geht in die Schweiz, Premiere f\u00fcr neuen Lintrac 65 LS"},"content":{"rendered":"\n<hr class=\"wp-block-separator has-alpha-channel-opacity\"\/>\n\n\n\n<p><strong>3.000 Besucherinnen und Besucher informierten sich im Lindner-Innovationszentrum \u00fcber die neuesten Lindner-Innovationen \u2013 vom Lintrac 65 LS bis zum Unitrac 122 LDrive Pro. Ein besonderes Highlight war die \u00dcbergabe des pinken Lintrac 80 \u201eMelissa-Edition\u201c an die Schweizer Familie Schlunegger.<\/strong><\/p>\n\n\n\n<figure class=\"wp-block-image alignwide size-large\"><img loading=\"lazy\" decoding=\"async\" width=\"1030\" height=\"742\" src=\"https:\/\/www.landwirt.com\/news\/wp-content\/uploads\/2024\/10\/Download-1030x742.jpg\" alt=\"\" class=\"wp-image-14994\" srcset=\"https:\/\/www.landwirt.com\/news\/wp-content\/uploads\/2024\/10\/Download-1030x742.jpg 1030w, https:\/\/www.landwirt.com\/news\/wp-content\/uploads\/2024\/10\/Download-300x216.jpg 300w, https:\/\/www.landwirt.com\/news\/wp-content\/uploads\/2024\/10\/Download-768x553.jpg 768w, https:\/\/www.landwirt.com\/news\/wp-content\/uploads\/2024\/10\/Download-1536x1107.jpg 1536w, https:\/\/www.landwirt.com\/news\/wp-content\/uploads\/2024\/10\/Download-2048x1476.jpg 2048w, https:\/\/www.landwirt.com\/news\/wp-content\/uploads\/2024\/10\/Download-1500x1081.jpg 1500w, https:\/\/www.landwirt.com\/news\/wp-content\/uploads\/2024\/10\/Download-705x508.jpg 705w\" sizes=\"auto, (max-width: 1030px) 100vw, 1030px\" \/><\/figure>\n\n\n\n<p>Im Fr\u00fchjahr 2024 pr\u00e4sentierte Lindner einen pinken Lintrac 80, der von der \u00f6sterreichischen S\u00e4ngerin Melissa Naschenweng signiert wurde. In den vergangenen Monaten tourte das stufenlose Sondermodell durch \u00d6sterreich und war bei mehreren Pink-Ribbon-Events der \u00f6sterreichischen Krebshilfe zu sehen.<\/p>\n\n\n\n<p><strong>Schl\u00fcssel\u00fcbergabe<\/strong><\/p>\n\n\n\n<p>Bei der Herbst-Werksausstellung von Lindner im Innovationszentrum in Kundl durfte Gesch\u00e4ftsf\u00fchrer David Lindner den Schl\u00fcssel des Lintrac in der \u201eMelissa-Edition\u201c an Daniela und Roland Schlunegger aus Bowil im Emmental \u00fcbergeben, die sich den besonderen Traktor gesichert haben. Die Landwirte aus der Schweiz sind Gr\u00fcnlandprofis und betreiben Mutterkuhhaltung. \u201eWir haben vor einigen Jahren unseren Stall renoviert und den Futtertisch in Pink versiegelt. Der neue Traktor passt perfekt zu unserem Hof \u2013 sowohl farblich als auch technisch\u201c, betonen die neuen Besitzer. Ein Teil des Verkaufserl\u00f6ses geht an die \u00d6sterreichische Krebshilfe.<\/p>\n\n\n\n<p><strong>Premiere<\/strong><\/p>\n\n\n\n<p>Neben dem pinken Lintrac in der Melissa-Edition war auch der Lintrac 65 LS ein Anziehungspunkt auf der Werksausstellung. Viele Besucherinnen und Besucher nutzten die Gelegenheit, sich \u00fcber den neuen, kompakten Allroundtraktor zu informieren. Der Lintrac 65 LS ist speziell f\u00fcr den Einsatz in der alpinen Berg- und Gr\u00fcnlandwirtschaft entwickelt und leistet 76 PS. Mit ihm erweitert Lindner sein Angebot an Traktoren mit Schaltgetriebe.<\/p>\n\n\n\n<div class=\"wp-block-columns is-layout-flex wp-container-core-columns-is-layout-9d6595d7 wp-block-columns-is-layout-flex\">\n<div class=\"wp-block-column is-layout-flow wp-block-column-is-layout-flow\">\n<p>Ein weiteres Highlight war der Unitrac 122 LDrive Pro, der dank Powermanagement bei Bedarf zwischen 90 und 100 KW wechselt. Damit eignet er sich ideal f\u00fcr schwere Transportarbeiten oder Eins\u00e4tze mit der Zapfwelle.<\/p>\n\n\n\n<p><strong>Spezial-Lintrac zur PV-Reinigung<\/strong><\/p>\n\n\n\n<p>Stark in der Nische: Diese Devise untermauerte Lindner bei der Werksausstellung gemeinsam mit dem Unternehmen SunBrush, das auf die Reinigung von Solaranlagen spezialisiert ist. Seit kurzem ist ein eigener Aufsatz f\u00fcr den Lintrac und Unitrac erh\u00e4ltlich, mit dem Verschmutzungen auf Photovoltaikpanelen effizient entfernt werden k\u00f6nnen \u2013 im Solarpark ebenso wie auf Fassaden.<\/p>\n\n\n\n<p>Zus\u00e4tzlich informierte Lindner \u00fcber die top-servicierten Vorf\u00fchrmodelle mit wenigen Betriebsstunden. Dank \u201ePreishammer-Aktion\u201c sind die Traktoren zu sehr attraktiven Preisen erh\u00e4ltlich. Bei der Herbstaktion hat Lindner die rumpfgef\u00fchrte Fronthydraulik bei allen Neubestellungen kostenlos im Programm. Zus\u00e4tzlich gibt es zu jedem neuen Lintrac oder Unitrac einen Gutschein in H\u00f6he von 250 Euro. Dieser kann f\u00fcr das n\u00e4chste Servicepaket beim Lindner-H\u00e4ndler ebenso eingel\u00f6st werden wie f\u00fcr Ersatzteile oder im Lindner-Onlineshop. Die Herbstaktion ist bis 31.12.2024 g\u00fcltig.<\/p>\n\n\n\n<p>Werksf\u00fchrungen und Testfahrten rundeten das dreit\u00e4gige Programm ab.<\/p>\n<\/div>\n\n\n\n<div class=\"wp-block-column is-layout-flow wp-block-column-is-layout-flow\">\n<figure class=\"wp-block-image size-large\"><img loading=\"lazy\" decoding=\"async\" width=\"773\" height=\"1030\" src=\"https:\/\/www.landwirt.com\/news\/wp-content\/uploads\/2024\/10\/Download-1-773x1030.jpg\" alt=\"\" class=\"wp-image-14997\" srcset=\"https:\/\/www.landwirt.com\/news\/wp-content\/uploads\/2024\/10\/Download-1-773x1030.jpg 773w, https:\/\/www.landwirt.com\/news\/wp-content\/uploads\/2024\/10\/Download-1-225x300.jpg 225w, https:\/\/www.landwirt.com\/news\/wp-content\/uploads\/2024\/10\/Download-1-768x1024.jpg 768w, https:\/\/www.landwirt.com\/news\/wp-content\/uploads\/2024\/10\/Download-1-1152x1536.jpg 1152w, https:\/\/www.landwirt.com\/news\/wp-content\/uploads\/2024\/10\/Download-1-1536x2048.jpg 1536w, https:\/\/www.landwirt.com\/news\/wp-content\/uploads\/2024\/10\/Download-1-1125x1500.jpg 1125w, https:\/\/www.landwirt.com\/news\/wp-content\/uploads\/2024\/10\/Download-1-529x705.jpg 529w, https:\/\/www.landwirt.com\/news\/wp-content\/uploads\/2024\/10\/Download-1-scaled.jpg 1920w\" sizes=\"auto, (max-width: 773px) 100vw, 773px\" \/><\/figure>\n<\/div>\n<\/div>\n","protected":false},"excerpt":{"rendered":"<p>3.000 Besucherinnen und Besucher informierten sich im Lindner-Innovationszentrum \u00fcber die neuesten Lindner-Innovationen \u2013 vom Lintrac 65 LS bis zum Unitrac 122 LDrive Pro<\/p>\n","protected":false},"author":5,"featured_media":14992,"comment_status":"closed","ping_status":"closed","sticky":false,"template":"","format":"standard","meta":{"footnotes":""},"categories":[15,1],"tags":[91],"class_list":["post-14990","post","type-post","status-publish","format-standard","has-post-thumbnail","hentry","category-landwirt","category-werbung","tag-lindner"],"yoast_head":"<!-- This site is optimized with the Yoast SEO plugin v27.5 - https:\/\/yoast.com\/product\/yoast-seo-wordpress\/ -->\n<title>Lindner-Werksausstellung: Pinker Lintrac geht in die Schweiz, Premiere f\u00fcr neuen Lintrac 65 LS - Landwirt.com News<\/title>\n<meta name=\"robots\" content=\"index, follow, max-snippet:-1, max-image-preview:large, max-video-preview:-1\" \/>\n<meta property=\"og:locale\" content=\"de_DE\" \/>\n<meta property=\"og:type\" content=\"article\" \/>\n<meta property=\"og:title\" content=\"Lindner-Werksausstellung: Pinker Lintrac geht in die Schweiz, Premiere f\u00fcr neuen Lintrac 65 LS - Landwirt.com News\" \/>\n<meta property=\"og:description\" content=\"3.000 Besucherinnen und Besucher informierten sich im Lindner-Innovationszentrum \u00fcber die neuesten Lindner-Innovationen \u2013 vom Lintrac 65 LS bis zum Unitrac 122 LDrive Pro\" \/>\n<meta property=\"og:url\" content=\"https:\/\/www.landwirt.com\/news\/lindner-werksausstellung-pinker-lintrac-geht-in-die-schweiz-premiere-fuer-neuen-lintrac-65-ls\/\" \/>\n<meta property=\"og:site_name\" content=\"Landwirt.com News\" \/>\n<meta property=\"article:published_time\" content=\"2024-10-22T08:33:14+00:00\" \/>\n<meta property=\"article:modified_time\" content=\"2024-10-29T09:23:14+00:00\" \/>\n<meta property=\"og:image\" content=\"https:\/\/www.landwirt.com\/news\/wp-content\/uploads\/2024\/10\/vorschau-lindner-1.jpg\" \/>\n\t<meta property=\"og:image:width\" content=\"495\" \/>\n\t<meta property=\"og:image:height\" content=\"400\" \/>\n\t<meta property=\"og:image:type\" content=\"image\/jpeg\" \/>\n<meta name=\"author\" content=\"Lisa Rokos\" \/>\n<meta name=\"twitter:card\" content=\"summary_large_image\" \/>\n<meta name=\"twitter:label1\" content=\"Verfasst von\" \/>\n\t<meta name=\"twitter:data1\" content=\"Lisa Rokos\" \/>\n\t<meta name=\"twitter:label2\" content=\"Gesch\u00e4tzte Lesezeit\" \/>\n\t<meta name=\"twitter:data2\" content=\"3 Minuten\" \/>\n<script type=\"application\/ld+json\" class=\"yoast-schema-graph\">{\"@context\":\"https:\\\/\\\/schema.org\",\"@graph\":[{\"@type\":\"Article\",\"@id\":\"https:\\\/\\\/www.landwirt.com\\\/news\\\/lindner-werksausstellung-pinker-lintrac-geht-in-die-schweiz-premiere-fuer-neuen-lintrac-65-ls\\\/#article\",\"isPartOf\":{\"@id\":\"https:\\\/\\\/www.landwirt.com\\\/news\\\/lindner-werksausstellung-pinker-lintrac-geht-in-die-schweiz-premiere-fuer-neuen-lintrac-65-ls\\\/\"},\"author\":{\"name\":\"Lisa Rokos\",\"@id\":\"https:\\\/\\\/www.landwirt.com\\\/news\\\/#\\\/schema\\\/person\\\/75a4bc83f62af5332a58cf5d219a4c51\"},\"headline\":\"Lindner-Werksausstellung: Pinker Lintrac geht in die Schweiz, Premiere f\u00fcr neuen Lintrac 65 LS\",\"datePublished\":\"2024-10-22T08:33:14+00:00\",\"dateModified\":\"2024-10-29T09:23:14+00:00\",\"mainEntityOfPage\":{\"@id\":\"https:\\\/\\\/www.landwirt.com\\\/news\\\/lindner-werksausstellung-pinker-lintrac-geht-in-die-schweiz-premiere-fuer-neuen-lintrac-65-ls\\\/\"},\"wordCount\":426,\"publisher\":{\"@id\":\"https:\\\/\\\/www.landwirt.com\\\/news\\\/#organization\"},\"image\":{\"@id\":\"https:\\\/\\\/www.landwirt.com\\\/news\\\/lindner-werksausstellung-pinker-lintrac-geht-in-die-schweiz-premiere-fuer-neuen-lintrac-65-ls\\\/#primaryimage\"},\"thumbnailUrl\":\"https:\\\/\\\/www.landwirt.com\\\/news\\\/wp-content\\\/uploads\\\/2024\\\/10\\\/vorschau-lindner-1.jpg\",\"keywords\":[\"Lindner\"],\"articleSection\":[\"Landwirt\",\"Werbung\"],\"inLanguage\":\"de-AT\"},{\"@type\":\"WebPage\",\"@id\":\"https:\\\/\\\/www.landwirt.com\\\/news\\\/lindner-werksausstellung-pinker-lintrac-geht-in-die-schweiz-premiere-fuer-neuen-lintrac-65-ls\\\/\",\"url\":\"https:\\\/\\\/www.landwirt.com\\\/news\\\/lindner-werksausstellung-pinker-lintrac-geht-in-die-schweiz-premiere-fuer-neuen-lintrac-65-ls\\\/\",\"name\":\"Lindner-Werksausstellung: Pinker Lintrac geht in die Schweiz, Premiere f\u00fcr neuen Lintrac 65 LS - Landwirt.com News\",\"isPartOf\":{\"@id\":\"https:\\\/\\\/www.landwirt.com\\\/news\\\/#website\"},\"primaryImageOfPage\":{\"@id\":\"https:\\\/\\\/www.landwirt.com\\\/news\\\/lindner-werksausstellung-pinker-lintrac-geht-in-die-schweiz-premiere-fuer-neuen-lintrac-65-ls\\\/#primaryimage\"},\"image\":{\"@id\":\"https:\\\/\\\/www.landwirt.com\\\/news\\\/lindner-werksausstellung-pinker-lintrac-geht-in-die-schweiz-premiere-fuer-neuen-lintrac-65-ls\\\/#primaryimage\"},\"thumbnailUrl\":\"https:\\\/\\\/www.landwirt.com\\\/news\\\/wp-content\\\/uploads\\\/2024\\\/10\\\/vorschau-lindner-1.jpg\",\"datePublished\":\"2024-10-22T08:33:14+00:00\",\"dateModified\":\"2024-10-29T09:23:14+00:00\",\"breadcrumb\":{\"@id\":\"https:\\\/\\\/www.landwirt.com\\\/news\\\/lindner-werksausstellung-pinker-lintrac-geht-in-die-schweiz-premiere-fuer-neuen-lintrac-65-ls\\\/#breadcrumb\"},\"inLanguage\":\"de-AT\",\"potentialAction\":[{\"@type\":\"ReadAction\",\"target\":[\"https:\\\/\\\/www.landwirt.com\\\/news\\\/lindner-werksausstellung-pinker-lintrac-geht-in-die-schweiz-premiere-fuer-neuen-lintrac-65-ls\\\/\"]}]},{\"@type\":\"ImageObject\",\"inLanguage\":\"de-AT\",\"@id\":\"https:\\\/\\\/www.landwirt.com\\\/news\\\/lindner-werksausstellung-pinker-lintrac-geht-in-die-schweiz-premiere-fuer-neuen-lintrac-65-ls\\\/#primaryimage\",\"url\":\"https:\\\/\\\/www.landwirt.com\\\/news\\\/wp-content\\\/uploads\\\/2024\\\/10\\\/vorschau-lindner-1.jpg\",\"contentUrl\":\"https:\\\/\\\/www.landwirt.com\\\/news\\\/wp-content\\\/uploads\\\/2024\\\/10\\\/vorschau-lindner-1.jpg\",\"width\":495,\"height\":400},{\"@type\":\"BreadcrumbList\",\"@id\":\"https:\\\/\\\/www.landwirt.com\\\/news\\\/lindner-werksausstellung-pinker-lintrac-geht-in-die-schweiz-premiere-fuer-neuen-lintrac-65-ls\\\/#breadcrumb\",\"itemListElement\":[{\"@type\":\"ListItem\",\"position\":1,\"name\":\"Home\",\"item\":\"https:\\\/\\\/www.landwirt.com\\\/news\\\/home\\\/\"},{\"@type\":\"ListItem\",\"position\":2,\"name\":\"Lindner-Werksausstellung: Pinker Lintrac geht in die Schweiz, Premiere f\u00fcr neuen Lintrac 65 LS\"}]},{\"@type\":\"WebSite\",\"@id\":\"https:\\\/\\\/www.landwirt.com\\\/news\\\/#website\",\"url\":\"https:\\\/\\\/www.landwirt.com\\\/news\\\/\",\"name\":\"Landwirt.com News\",\"description\":\"Landwirt.com News\",\"publisher\":{\"@id\":\"https:\\\/\\\/www.landwirt.com\\\/news\\\/#organization\"},\"potentialAction\":[{\"@type\":\"SearchAction\",\"target\":{\"@type\":\"EntryPoint\",\"urlTemplate\":\"https:\\\/\\\/www.landwirt.com\\\/news\\\/?s={search_term_string}\"},\"query-input\":{\"@type\":\"PropertyValueSpecification\",\"valueRequired\":true,\"valueName\":\"search_term_string\"}}],\"inLanguage\":\"de-AT\"},{\"@type\":\"Organization\",\"@id\":\"https:\\\/\\\/www.landwirt.com\\\/news\\\/#organization\",\"name\":\"LANDWIRT.COM GMBH\",\"url\":\"https:\\\/\\\/www.landwirt.com\\\/news\\\/\",\"logo\":{\"@type\":\"ImageObject\",\"inLanguage\":\"de-AT\",\"@id\":\"https:\\\/\\\/www.landwirt.com\\\/news\\\/#\\\/schema\\\/logo\\\/image\\\/\",\"url\":\"https:\\\/\\\/www.landwirt.com\\\/news\\\/wp-content\\\/uploads\\\/2020\\\/02\\\/LW-logo.png\",\"contentUrl\":\"https:\\\/\\\/www.landwirt.com\\\/news\\\/wp-content\\\/uploads\\\/2020\\\/02\\\/LW-logo.png\",\"width\":250,\"height\":58,\"caption\":\"LANDWIRT.COM GMBH\"},\"image\":{\"@id\":\"https:\\\/\\\/www.landwirt.com\\\/news\\\/#\\\/schema\\\/logo\\\/image\\\/\"}},{\"@type\":\"Person\",\"@id\":\"https:\\\/\\\/www.landwirt.com\\\/news\\\/#\\\/schema\\\/person\\\/75a4bc83f62af5332a58cf5d219a4c51\",\"name\":\"Lisa Rokos\",\"image\":{\"@type\":\"ImageObject\",\"inLanguage\":\"de-AT\",\"@id\":\"https:\\\/\\\/secure.gravatar.com\\\/avatar\\\/7a0bb7bda929bd765c27a74ac583d88484ba68a68a98e3d35a51f87ee30382d9?s=96&d=mm&r=g\",\"url\":\"https:\\\/\\\/secure.gravatar.com\\\/avatar\\\/7a0bb7bda929bd765c27a74ac583d88484ba68a68a98e3d35a51f87ee30382d9?s=96&d=mm&r=g\",\"contentUrl\":\"https:\\\/\\\/secure.gravatar.com\\\/avatar\\\/7a0bb7bda929bd765c27a74ac583d88484ba68a68a98e3d35a51f87ee30382d9?s=96&d=mm&r=g\",\"caption\":\"Lisa Rokos\"},\"url\":\"https:\\\/\\\/www.landwirt.com\\\/news\\\/author\\\/lisa\\\/\"}]}<\/script>\n<!-- \/ Yoast SEO plugin. -->","yoast_head_json":{"title":"Lindner-Werksausstellung: Pinker Lintrac geht in die Schweiz, Premiere f\u00fcr neuen Lintrac 65 LS - Landwirt.com News","robots":{"index":"index","follow":"follow","max-snippet":"max-snippet:-1","max-image-preview":"max-image-preview:large","max-video-preview":"max-video-preview:-1"},"og_locale":"de_DE","og_type":"article","og_title":"Lindner-Werksausstellung: Pinker Lintrac geht in die Schweiz, Premiere f\u00fcr neuen Lintrac 65 LS - Landwirt.com News","og_description":"3.000 Besucherinnen und Besucher informierten sich im Lindner-Innovationszentrum \u00fcber die neuesten Lindner-Innovationen \u2013 vom Lintrac 65 LS bis zum Unitrac 122 LDrive Pro","og_url":"https:\/\/www.landwirt.com\/news\/lindner-werksausstellung-pinker-lintrac-geht-in-die-schweiz-premiere-fuer-neuen-lintrac-65-ls\/","og_site_name":"Landwirt.com News","article_published_time":"2024-10-22T08:33:14+00:00","article_modified_time":"2024-10-29T09:23:14+00:00","og_image":[{"width":495,"height":400,"url":"https:\/\/www.landwirt.com\/news\/wp-content\/uploads\/2024\/10\/vorschau-lindner-1.jpg","type":"image\/jpeg"}],"author":"Lisa Rokos","twitter_card":"summary_large_image","twitter_misc":{"Verfasst von":"Lisa Rokos","Gesch\u00e4tzte Lesezeit":"3 Minuten"},"schema":{"@context":"https:\/\/schema.org","@graph":[{"@type":"Article","@id":"https:\/\/www.landwirt.com\/news\/lindner-werksausstellung-pinker-lintrac-geht-in-die-schweiz-premiere-fuer-neuen-lintrac-65-ls\/#article","isPartOf":{"@id":"https:\/\/www.landwirt.com\/news\/lindner-werksausstellung-pinker-lintrac-geht-in-die-schweiz-premiere-fuer-neuen-lintrac-65-ls\/"},"author":{"name":"Lisa Rokos","@id":"https:\/\/www.landwirt.com\/news\/#\/schema\/person\/75a4bc83f62af5332a58cf5d219a4c51"},"headline":"Lindner-Werksausstellung: Pinker Lintrac geht in die Schweiz, Premiere f\u00fcr neuen Lintrac 65 LS","datePublished":"2024-10-22T08:33:14+00:00","dateModified":"2024-10-29T09:23:14+00:00","mainEntityOfPage":{"@id":"https:\/\/www.landwirt.com\/news\/lindner-werksausstellung-pinker-lintrac-geht-in-die-schweiz-premiere-fuer-neuen-lintrac-65-ls\/"},"wordCount":426,"publisher":{"@id":"https:\/\/www.landwirt.com\/news\/#organization"},"image":{"@id":"https:\/\/www.landwirt.com\/news\/lindner-werksausstellung-pinker-lintrac-geht-in-die-schweiz-premiere-fuer-neuen-lintrac-65-ls\/#primaryimage"},"thumbnailUrl":"https:\/\/www.landwirt.com\/news\/wp-content\/uploads\/2024\/10\/vorschau-lindner-1.jpg","keywords":["Lindner"],"articleSection":["Landwirt","Werbung"],"inLanguage":"de-AT"},{"@type":"WebPage","@id":"https:\/\/www.landwirt.com\/news\/lindner-werksausstellung-pinker-lintrac-geht-in-die-schweiz-premiere-fuer-neuen-lintrac-65-ls\/","url":"https:\/\/www.landwirt.com\/news\/lindner-werksausstellung-pinker-lintrac-geht-in-die-schweiz-premiere-fuer-neuen-lintrac-65-ls\/","name":"Lindner-Werksausstellung: Pinker Lintrac geht in die Schweiz, Premiere f\u00fcr neuen Lintrac 65 LS - Landwirt.com News","isPartOf":{"@id":"https:\/\/www.landwirt.com\/news\/#website"},"primaryImageOfPage":{"@id":"https:\/\/www.landwirt.com\/news\/lindner-werksausstellung-pinker-lintrac-geht-in-die-schweiz-premiere-fuer-neuen-lintrac-65-ls\/#primaryimage"},"image":{"@id":"https:\/\/www.landwirt.com\/news\/lindner-werksausstellung-pinker-lintrac-geht-in-die-schweiz-premiere-fuer-neuen-lintrac-65-ls\/#primaryimage"},"thumbnailUrl":"https:\/\/www.landwirt.com\/news\/wp-content\/uploads\/2024\/10\/vorschau-lindner-1.jpg","datePublished":"2024-10-22T08:33:14+00:00","dateModified":"2024-10-29T09:23:14+00:00","breadcrumb":{"@id":"https:\/\/www.landwirt.com\/news\/lindner-werksausstellung-pinker-lintrac-geht-in-die-schweiz-premiere-fuer-neuen-lintrac-65-ls\/#breadcrumb"},"inLanguage":"de-AT","potentialAction":[{"@type":"ReadAction","target":["https:\/\/www.landwirt.com\/news\/lindner-werksausstellung-pinker-lintrac-geht-in-die-schweiz-premiere-fuer-neuen-lintrac-65-ls\/"]}]},{"@type":"ImageObject","inLanguage":"de-AT","@id":"https:\/\/www.landwirt.com\/news\/lindner-werksausstellung-pinker-lintrac-geht-in-die-schweiz-premiere-fuer-neuen-lintrac-65-ls\/#primaryimage","url":"https:\/\/www.landwirt.com\/news\/wp-content\/uploads\/2024\/10\/vorschau-lindner-1.jpg","contentUrl":"https:\/\/www.landwirt.com\/news\/wp-content\/uploads\/2024\/10\/vorschau-lindner-1.jpg","width":495,"height":400},{"@type":"BreadcrumbList","@id":"https:\/\/www.landwirt.com\/news\/lindner-werksausstellung-pinker-lintrac-geht-in-die-schweiz-premiere-fuer-neuen-lintrac-65-ls\/#breadcrumb","itemListElement":[{"@type":"ListItem","position":1,"name":"Home","item":"https:\/\/www.landwirt.com\/news\/home\/"},{"@type":"ListItem","position":2,"name":"Lindner-Werksausstellung: Pinker Lintrac geht in die Schweiz, Premiere f\u00fcr neuen Lintrac 65 LS"}]},{"@type":"WebSite","@id":"https:\/\/www.landwirt.com\/news\/#website","url":"https:\/\/www.landwirt.com\/news\/","name":"Landwirt.com News","description":"Landwirt.com News","publisher":{"@id":"https:\/\/www.landwirt.com\/news\/#organization"},"potentialAction":[{"@type":"SearchAction","target":{"@type":"EntryPoint","urlTemplate":"https:\/\/www.landwirt.com\/news\/?s={search_term_string}"},"query-input":{"@type":"PropertyValueSpecification","valueRequired":true,"valueName":"search_term_string"}}],"inLanguage":"de-AT"},{"@type":"Organization","@id":"https:\/\/www.landwirt.com\/news\/#organization","name":"LANDWIRT.COM GMBH","url":"https:\/\/www.landwirt.com\/news\/","logo":{"@type":"ImageObject","inLanguage":"de-AT","@id":"https:\/\/www.landwirt.com\/news\/#\/schema\/logo\/image\/","url":"https:\/\/www.landwirt.com\/news\/wp-content\/uploads\/2020\/02\/LW-logo.png","contentUrl":"https:\/\/www.landwirt.com\/news\/wp-content\/uploads\/2020\/02\/LW-logo.png","width":250,"height":58,"caption":"LANDWIRT.COM GMBH"},"image":{"@id":"https:\/\/www.landwirt.com\/news\/#\/schema\/logo\/image\/"}},{"@type":"Person","@id":"https:\/\/www.landwirt.com\/news\/#\/schema\/person\/75a4bc83f62af5332a58cf5d219a4c51","name":"Lisa Rokos","image":{"@type":"ImageObject","inLanguage":"de-AT","@id":"https:\/\/secure.gravatar.com\/avatar\/7a0bb7bda929bd765c27a74ac583d88484ba68a68a98e3d35a51f87ee30382d9?s=96&d=mm&r=g","url":"https:\/\/secure.gravatar.com\/avatar\/7a0bb7bda929bd765c27a74ac583d88484ba68a68a98e3d35a51f87ee30382d9?s=96&d=mm&r=g","contentUrl":"https:\/\/secure.gravatar.com\/avatar\/7a0bb7bda929bd765c27a74ac583d88484ba68a68a98e3d35a51f87ee30382d9?s=96&d=mm&r=g","caption":"Lisa Rokos"},"url":"https:\/\/www.landwirt.com\/news\/author\/lisa\/"}]}},"_links":{"self":[{"href":"https:\/\/www.landwirt.com\/news\/wp-json\/wp\/v2\/posts\/14990","targetHints":{"allow":["GET"]}}],"collection":[{"href":"https:\/\/www.landwirt.com\/news\/wp-json\/wp\/v2\/posts"}],"about":[{"href":"https:\/\/www.landwirt.com\/news\/wp-json\/wp\/v2\/types\/post"}],"author":[{"embeddable":true,"href":"https:\/\/www.landwirt.com\/news\/wp-json\/wp\/v2\/users\/5"}],"replies":[{"embeddable":true,"href":"https:\/\/www.landwirt.com\/news\/wp-json\/wp\/v2\/comments?post=14990"}],"version-history":[{"count":3,"href":"https:\/\/www.landwirt.com\/news\/wp-json\/wp\/v2\/posts\/14990\/revisions"}],"predecessor-version":[{"id":15002,"href":"https:\/\/www.landwirt.com\/news\/wp-json\/wp\/v2\/posts\/14990\/revisions\/15002"}],"wp:featuredmedia":[{"embeddable":true,"href":"https:\/\/www.landwirt.com\/news\/wp-json\/wp\/v2\/media\/14992"}],"wp:attachment":[{"href":"https:\/\/www.landwirt.com\/news\/wp-json\/wp\/v2\/media?parent=14990"}],"wp:term":[{"taxonomy":"category","embeddable":true,"href":"https:\/\/www.landwirt.com\/news\/wp-json\/wp\/v2\/categories?post=14990"},{"taxonomy":"post_tag","embeddable":true,"href":"https:\/\/www.landwirt.com\/news\/wp-json\/wp\/v2\/tags?post=14990"}],"curies":[{"name":"wp","href":"https:\/\/api.w.org\/{rel}","templated":true}]}}