{"id":14950,"date":"2024-10-22T09:23:42","date_gmt":"2024-10-22T07:23:42","guid":{"rendered":"https:\/\/www.landwirt.com\/news\/?p=14950"},"modified":"2024-11-08T09:36:49","modified_gmt":"2024-11-08T08:36:49","slug":"fliegl-agrartechnik-gmbh-und-stapel-gmbh-kuendigen-strategische-kooperation-an","status":"publish","type":"post","link":"https:\/\/www.landwirt.com\/news\/fliegl-agrartechnik-gmbh-und-stapel-gmbh-kuendigen-strategische-kooperation-an\/","title":{"rendered":"Fliegl Agrartechnik GmbH und Stapel GmbH k\u00fcndigen strategische Kooperation an"},"content":{"rendered":"\n<hr class=\"wp-block-separator has-alpha-channel-opacity\"\/>\n\n\n\n<p><strong>M\u00fchldorf\/Sendenhorst. Die Fliegl Agrartechnik GmbH und die Stapel GmbH freuen sich, den Beginn einer strategischen Kooperation bekannt zu geben. Ziel dieser Zusammenarbeit ist es, bestehende Synergien im Bereich der G\u00fclletechnik sowie der Agrar-Sattelzugmaschinen zu nutzen und weiter auszubauen.<\/strong><\/p>\n\n\n\n<div class=\"wp-block-columns is-layout-flex wp-container-core-columns-is-layout-9d6595d7 wp-block-columns-is-layout-flex\">\n<div class=\"wp-block-column is-layout-flow wp-block-column-is-layout-flow\">\n<figure class=\"wp-block-image size-large\"><img loading=\"lazy\" decoding=\"async\" width=\"2560\" height=\"1599\" src=\"https:\/\/www.landwirt.com\/news\/wp-content\/uploads\/2024\/10\/Agrar-Truck-und-Trailer-edited-scaled.jpg\" alt=\"\" class=\"wp-image-14960\" srcset=\"https:\/\/www.landwirt.com\/news\/wp-content\/uploads\/2024\/10\/Agrar-Truck-und-Trailer-edited-scaled.jpg 2560w, https:\/\/www.landwirt.com\/news\/wp-content\/uploads\/2024\/10\/Agrar-Truck-und-Trailer-edited-300x187.jpg 300w, https:\/\/www.landwirt.com\/news\/wp-content\/uploads\/2024\/10\/Agrar-Truck-und-Trailer-edited-1030x644.jpg 1030w, https:\/\/www.landwirt.com\/news\/wp-content\/uploads\/2024\/10\/Agrar-Truck-und-Trailer-edited-768x480.jpg 768w, https:\/\/www.landwirt.com\/news\/wp-content\/uploads\/2024\/10\/Agrar-Truck-und-Trailer-edited-1536x960.jpg 1536w, https:\/\/www.landwirt.com\/news\/wp-content\/uploads\/2024\/10\/Agrar-Truck-und-Trailer-edited-2048x1280.jpg 2048w, https:\/\/www.landwirt.com\/news\/wp-content\/uploads\/2024\/10\/Agrar-Truck-und-Trailer-edited-1500x937.jpg 1500w, https:\/\/www.landwirt.com\/news\/wp-content\/uploads\/2024\/10\/Agrar-Truck-und-Trailer-edited-705x440.jpg 705w\" sizes=\"auto, (max-width: 2560px) 100vw, 2560px\" \/><\/figure>\n<\/div>\n\n\n\n<div class=\"wp-block-column is-layout-flow wp-block-column-is-layout-flow\">\n<figure class=\"wp-block-image size-large\"><img loading=\"lazy\" decoding=\"async\" width=\"2560\" height=\"1599\" src=\"https:\/\/www.landwirt.com\/news\/wp-content\/uploads\/2024\/10\/Stapel-Fass1-edited-scaled.jpg\" alt=\"\" class=\"wp-image-14959\" srcset=\"https:\/\/www.landwirt.com\/news\/wp-content\/uploads\/2024\/10\/Stapel-Fass1-edited-scaled.jpg 2560w, https:\/\/www.landwirt.com\/news\/wp-content\/uploads\/2024\/10\/Stapel-Fass1-edited-300x187.jpg 300w, https:\/\/www.landwirt.com\/news\/wp-content\/uploads\/2024\/10\/Stapel-Fass1-edited-1030x643.jpg 1030w, https:\/\/www.landwirt.com\/news\/wp-content\/uploads\/2024\/10\/Stapel-Fass1-edited-768x480.jpg 768w, https:\/\/www.landwirt.com\/news\/wp-content\/uploads\/2024\/10\/Stapel-Fass1-edited-1536x959.jpg 1536w, https:\/\/www.landwirt.com\/news\/wp-content\/uploads\/2024\/10\/Stapel-Fass1-edited-2048x1279.jpg 2048w, https:\/\/www.landwirt.com\/news\/wp-content\/uploads\/2024\/10\/Stapel-Fass1-edited-1500x937.jpg 1500w, https:\/\/www.landwirt.com\/news\/wp-content\/uploads\/2024\/10\/Stapel-Fass1-edited-705x440.jpg 705w\" sizes=\"auto, (max-width: 2560px) 100vw, 2560px\" \/><\/figure>\n<\/div>\n<\/div>\n\n\n\n<p>Fliegl Agrartechnik, ein international f\u00fchrender Hersteller von landwirtschaftlichen Transportl\u00f6sungen, und Stapel, ein Experte f\u00fcr G\u00fclletechnik und Speziall\u00f6sungen, bringen gemeinsam ihre Innovationskraft und technologische Expertise in diese Partnerschaft ein. Der Fokus liegt darauf, L\u00f6sungen zu entwickeln, die den landwirtschaftlichen Einsatz von Sattelzugmaschinen effizienter gestalten und den die Anforderungen der Zukunft erf\u00fcllen.<\/p>\n\n\n\n<div class=\"wp-block-columns is-layout-flex wp-container-core-columns-is-layout-9d6595d7 wp-block-columns-is-layout-flex\">\n<div class=\"wp-block-column is-layout-flow wp-block-column-is-layout-flow\">\n<figure class=\"wp-block-image size-large\"><img loading=\"lazy\" decoding=\"async\" width=\"1030\" height=\"687\" src=\"https:\/\/www.landwirt.com\/news\/wp-content\/uploads\/2024\/10\/Josef-Fliegl-Bernd-Stapel-1030x687.jpg\" alt=\"\" class=\"wp-image-14953\" srcset=\"https:\/\/www.landwirt.com\/news\/wp-content\/uploads\/2024\/10\/Josef-Fliegl-Bernd-Stapel-1030x687.jpg 1030w, https:\/\/www.landwirt.com\/news\/wp-content\/uploads\/2024\/10\/Josef-Fliegl-Bernd-Stapel-300x200.jpg 300w, https:\/\/www.landwirt.com\/news\/wp-content\/uploads\/2024\/10\/Josef-Fliegl-Bernd-Stapel-768x512.jpg 768w, https:\/\/www.landwirt.com\/news\/wp-content\/uploads\/2024\/10\/Josef-Fliegl-Bernd-Stapel-1536x1024.jpg 1536w, https:\/\/www.landwirt.com\/news\/wp-content\/uploads\/2024\/10\/Josef-Fliegl-Bernd-Stapel-2048x1366.jpg 2048w, https:\/\/www.landwirt.com\/news\/wp-content\/uploads\/2024\/10\/Josef-Fliegl-Bernd-Stapel-1500x1000.jpg 1500w, https:\/\/www.landwirt.com\/news\/wp-content\/uploads\/2024\/10\/Josef-Fliegl-Bernd-Stapel-705x470.jpg 705w\" sizes=\"auto, (max-width: 1030px) 100vw, 1030px\" \/><\/figure>\n<\/div>\n\n\n\n<div class=\"wp-block-column is-layout-flow wp-block-column-is-layout-flow\">\n<p>Ziele der Kooperation sind u.a. die Effizienzsteigerung durch die B\u00fcndelung der jeweiligen Kompetenzen. Dadurch sollen leistungsf\u00e4higere L\u00f6sungen im Bereich der G\u00fclletechnik und Agrarsattelzugmaschinen entwickelt werden. Au\u00dferdem wird durch die Zusammenarbeit die Produktentwicklung vorangetrieben.<\/p>\n\n\n\n<p>\u201eDiese Kooperation bietet beiden Unternehmen die M\u00f6glichkeit, ihre St\u00e4rken zu vereinen und gemeinsam innovative Produkte f\u00fcr die Landtechnikbranche zu entwickeln. Wir sehen enormes Potential in der Zusammenarbeit mit Stapel, um unseren Kunden in Zukunft noch effizientere und wirtschaftlichere L\u00f6sungen anbieten zu k\u00f6nnen\u201c, erkl\u00e4rt Josef Fliegl jun., Gesch\u00e4ftsf\u00fchrer der Fliegl Agrartechnik GmbH.<\/p>\n<\/div>\n<\/div>\n","protected":false},"excerpt":{"rendered":"<p>Ziel dieser Zusammenarbeit ist es, bestehende Synergien im Bereich der G\u00fclletechnik sowie der Agrar-Sattelzugmaschinen zu nutzen und weiter auszubauen.<\/p>\n","protected":false},"author":5,"featured_media":14963,"comment_status":"closed","ping_status":"closed","sticky":false,"template":"","format":"standard","meta":{"footnotes":""},"categories":[15,1],"tags":[336],"class_list":["post-14950","post","type-post","status-publish","format-standard","has-post-thumbnail","hentry","category-landwirt","category-werbung","tag-fliegl"],"yoast_head":"<!-- This site is optimized with the Yoast SEO plugin v27.5 - https:\/\/yoast.com\/product\/yoast-seo-wordpress\/ -->\n<title>Fliegl Agrartechnik GmbH und Stapel GmbH k\u00fcndigen strategische Kooperation an - Landwirt.com News<\/title>\n<meta name=\"robots\" content=\"index, follow, max-snippet:-1, max-image-preview:large, max-video-preview:-1\" \/>\n<meta property=\"og:locale\" content=\"de_DE\" \/>\n<meta property=\"og:type\" content=\"article\" \/>\n<meta property=\"og:title\" content=\"Fliegl Agrartechnik GmbH und Stapel GmbH k\u00fcndigen strategische Kooperation an - Landwirt.com News\" \/>\n<meta property=\"og:description\" content=\"Ziel dieser Zusammenarbeit ist es, bestehende Synergien im Bereich der G\u00fclletechnik sowie der Agrar-Sattelzugmaschinen zu nutzen und weiter auszubauen.\" \/>\n<meta property=\"og:url\" content=\"https:\/\/www.landwirt.com\/news\/fliegl-agrartechnik-gmbh-und-stapel-gmbh-kuendigen-strategische-kooperation-an\/\" \/>\n<meta property=\"og:site_name\" content=\"Landwirt.com News\" \/>\n<meta property=\"article:published_time\" content=\"2024-10-22T07:23:42+00:00\" \/>\n<meta property=\"article:modified_time\" content=\"2024-11-08T08:36:49+00:00\" \/>\n<meta property=\"og:image\" content=\"https:\/\/www.landwirt.com\/news\/wp-content\/uploads\/2024\/10\/vorschau-fliegl.jpg\" \/>\n\t<meta property=\"og:image:width\" content=\"495\" \/>\n\t<meta property=\"og:image:height\" content=\"400\" \/>\n\t<meta property=\"og:image:type\" content=\"image\/jpeg\" \/>\n<meta name=\"author\" content=\"Lisa Rokos\" \/>\n<meta name=\"twitter:card\" content=\"summary_large_image\" \/>\n<meta name=\"twitter:label1\" content=\"Verfasst von\" \/>\n\t<meta name=\"twitter:data1\" content=\"Lisa Rokos\" \/>\n\t<meta name=\"twitter:label2\" content=\"Gesch\u00e4tzte Lesezeit\" \/>\n\t<meta name=\"twitter:data2\" content=\"2 Minuten\" \/>\n<script type=\"application\/ld+json\" class=\"yoast-schema-graph\">{\"@context\":\"https:\\\/\\\/schema.org\",\"@graph\":[{\"@type\":\"Article\",\"@id\":\"https:\\\/\\\/www.landwirt.com\\\/news\\\/fliegl-agrartechnik-gmbh-und-stapel-gmbh-kuendigen-strategische-kooperation-an\\\/#article\",\"isPartOf\":{\"@id\":\"https:\\\/\\\/www.landwirt.com\\\/news\\\/fliegl-agrartechnik-gmbh-und-stapel-gmbh-kuendigen-strategische-kooperation-an\\\/\"},\"author\":{\"name\":\"Lisa Rokos\",\"@id\":\"https:\\\/\\\/www.landwirt.com\\\/news\\\/#\\\/schema\\\/person\\\/75a4bc83f62af5332a58cf5d219a4c51\"},\"headline\":\"Fliegl Agrartechnik GmbH und Stapel GmbH k\u00fcndigen strategische Kooperation an\",\"datePublished\":\"2024-10-22T07:23:42+00:00\",\"dateModified\":\"2024-11-08T08:36:49+00:00\",\"mainEntityOfPage\":{\"@id\":\"https:\\\/\\\/www.landwirt.com\\\/news\\\/fliegl-agrartechnik-gmbh-und-stapel-gmbh-kuendigen-strategische-kooperation-an\\\/\"},\"wordCount\":207,\"publisher\":{\"@id\":\"https:\\\/\\\/www.landwirt.com\\\/news\\\/#organization\"},\"image\":{\"@id\":\"https:\\\/\\\/www.landwirt.com\\\/news\\\/fliegl-agrartechnik-gmbh-und-stapel-gmbh-kuendigen-strategische-kooperation-an\\\/#primaryimage\"},\"thumbnailUrl\":\"https:\\\/\\\/www.landwirt.com\\\/news\\\/wp-content\\\/uploads\\\/2024\\\/10\\\/vorschau-fliegl.jpg\",\"keywords\":[\"Fliegl\"],\"articleSection\":[\"Landwirt\",\"Werbung\"],\"inLanguage\":\"de-AT\"},{\"@type\":\"WebPage\",\"@id\":\"https:\\\/\\\/www.landwirt.com\\\/news\\\/fliegl-agrartechnik-gmbh-und-stapel-gmbh-kuendigen-strategische-kooperation-an\\\/\",\"url\":\"https:\\\/\\\/www.landwirt.com\\\/news\\\/fliegl-agrartechnik-gmbh-und-stapel-gmbh-kuendigen-strategische-kooperation-an\\\/\",\"name\":\"Fliegl Agrartechnik GmbH und Stapel GmbH k\u00fcndigen strategische Kooperation an - Landwirt.com News\",\"isPartOf\":{\"@id\":\"https:\\\/\\\/www.landwirt.com\\\/news\\\/#website\"},\"primaryImageOfPage\":{\"@id\":\"https:\\\/\\\/www.landwirt.com\\\/news\\\/fliegl-agrartechnik-gmbh-und-stapel-gmbh-kuendigen-strategische-kooperation-an\\\/#primaryimage\"},\"image\":{\"@id\":\"https:\\\/\\\/www.landwirt.com\\\/news\\\/fliegl-agrartechnik-gmbh-und-stapel-gmbh-kuendigen-strategische-kooperation-an\\\/#primaryimage\"},\"thumbnailUrl\":\"https:\\\/\\\/www.landwirt.com\\\/news\\\/wp-content\\\/uploads\\\/2024\\\/10\\\/vorschau-fliegl.jpg\",\"datePublished\":\"2024-10-22T07:23:42+00:00\",\"dateModified\":\"2024-11-08T08:36:49+00:00\",\"breadcrumb\":{\"@id\":\"https:\\\/\\\/www.landwirt.com\\\/news\\\/fliegl-agrartechnik-gmbh-und-stapel-gmbh-kuendigen-strategische-kooperation-an\\\/#breadcrumb\"},\"inLanguage\":\"de-AT\",\"potentialAction\":[{\"@type\":\"ReadAction\",\"target\":[\"https:\\\/\\\/www.landwirt.com\\\/news\\\/fliegl-agrartechnik-gmbh-und-stapel-gmbh-kuendigen-strategische-kooperation-an\\\/\"]}]},{\"@type\":\"ImageObject\",\"inLanguage\":\"de-AT\",\"@id\":\"https:\\\/\\\/www.landwirt.com\\\/news\\\/fliegl-agrartechnik-gmbh-und-stapel-gmbh-kuendigen-strategische-kooperation-an\\\/#primaryimage\",\"url\":\"https:\\\/\\\/www.landwirt.com\\\/news\\\/wp-content\\\/uploads\\\/2024\\\/10\\\/vorschau-fliegl.jpg\",\"contentUrl\":\"https:\\\/\\\/www.landwirt.com\\\/news\\\/wp-content\\\/uploads\\\/2024\\\/10\\\/vorschau-fliegl.jpg\",\"width\":495,\"height\":400},{\"@type\":\"BreadcrumbList\",\"@id\":\"https:\\\/\\\/www.landwirt.com\\\/news\\\/fliegl-agrartechnik-gmbh-und-stapel-gmbh-kuendigen-strategische-kooperation-an\\\/#breadcrumb\",\"itemListElement\":[{\"@type\":\"ListItem\",\"position\":1,\"name\":\"Home\",\"item\":\"https:\\\/\\\/www.landwirt.com\\\/news\\\/home\\\/\"},{\"@type\":\"ListItem\",\"position\":2,\"name\":\"Fliegl Agrartechnik GmbH und Stapel GmbH k\u00fcndigen strategische Kooperation an\"}]},{\"@type\":\"WebSite\",\"@id\":\"https:\\\/\\\/www.landwirt.com\\\/news\\\/#website\",\"url\":\"https:\\\/\\\/www.landwirt.com\\\/news\\\/\",\"name\":\"Landwirt.com News\",\"description\":\"Landwirt.com News\",\"publisher\":{\"@id\":\"https:\\\/\\\/www.landwirt.com\\\/news\\\/#organization\"},\"potentialAction\":[{\"@type\":\"SearchAction\",\"target\":{\"@type\":\"EntryPoint\",\"urlTemplate\":\"https:\\\/\\\/www.landwirt.com\\\/news\\\/?s={search_term_string}\"},\"query-input\":{\"@type\":\"PropertyValueSpecification\",\"valueRequired\":true,\"valueName\":\"search_term_string\"}}],\"inLanguage\":\"de-AT\"},{\"@type\":\"Organization\",\"@id\":\"https:\\\/\\\/www.landwirt.com\\\/news\\\/#organization\",\"name\":\"LANDWIRT.COM GMBH\",\"url\":\"https:\\\/\\\/www.landwirt.com\\\/news\\\/\",\"logo\":{\"@type\":\"ImageObject\",\"inLanguage\":\"de-AT\",\"@id\":\"https:\\\/\\\/www.landwirt.com\\\/news\\\/#\\\/schema\\\/logo\\\/image\\\/\",\"url\":\"https:\\\/\\\/www.landwirt.com\\\/news\\\/wp-content\\\/uploads\\\/2020\\\/02\\\/LW-logo.png\",\"contentUrl\":\"https:\\\/\\\/www.landwirt.com\\\/news\\\/wp-content\\\/uploads\\\/2020\\\/02\\\/LW-logo.png\",\"width\":250,\"height\":58,\"caption\":\"LANDWIRT.COM GMBH\"},\"image\":{\"@id\":\"https:\\\/\\\/www.landwirt.com\\\/news\\\/#\\\/schema\\\/logo\\\/image\\\/\"}},{\"@type\":\"Person\",\"@id\":\"https:\\\/\\\/www.landwirt.com\\\/news\\\/#\\\/schema\\\/person\\\/75a4bc83f62af5332a58cf5d219a4c51\",\"name\":\"Lisa Rokos\",\"image\":{\"@type\":\"ImageObject\",\"inLanguage\":\"de-AT\",\"@id\":\"https:\\\/\\\/secure.gravatar.com\\\/avatar\\\/7a0bb7bda929bd765c27a74ac583d88484ba68a68a98e3d35a51f87ee30382d9?s=96&d=mm&r=g\",\"url\":\"https:\\\/\\\/secure.gravatar.com\\\/avatar\\\/7a0bb7bda929bd765c27a74ac583d88484ba68a68a98e3d35a51f87ee30382d9?s=96&d=mm&r=g\",\"contentUrl\":\"https:\\\/\\\/secure.gravatar.com\\\/avatar\\\/7a0bb7bda929bd765c27a74ac583d88484ba68a68a98e3d35a51f87ee30382d9?s=96&d=mm&r=g\",\"caption\":\"Lisa Rokos\"},\"url\":\"https:\\\/\\\/www.landwirt.com\\\/news\\\/author\\\/lisa\\\/\"}]}<\/script>\n<!-- \/ Yoast SEO plugin. -->","yoast_head_json":{"title":"Fliegl Agrartechnik GmbH und Stapel GmbH k\u00fcndigen strategische Kooperation an - Landwirt.com News","robots":{"index":"index","follow":"follow","max-snippet":"max-snippet:-1","max-image-preview":"max-image-preview:large","max-video-preview":"max-video-preview:-1"},"og_locale":"de_DE","og_type":"article","og_title":"Fliegl Agrartechnik GmbH und Stapel GmbH k\u00fcndigen strategische Kooperation an - Landwirt.com News","og_description":"Ziel dieser Zusammenarbeit ist es, bestehende Synergien im Bereich der G\u00fclletechnik sowie der Agrar-Sattelzugmaschinen zu nutzen und weiter auszubauen.","og_url":"https:\/\/www.landwirt.com\/news\/fliegl-agrartechnik-gmbh-und-stapel-gmbh-kuendigen-strategische-kooperation-an\/","og_site_name":"Landwirt.com News","article_published_time":"2024-10-22T07:23:42+00:00","article_modified_time":"2024-11-08T08:36:49+00:00","og_image":[{"width":495,"height":400,"url":"https:\/\/www.landwirt.com\/news\/wp-content\/uploads\/2024\/10\/vorschau-fliegl.jpg","type":"image\/jpeg"}],"author":"Lisa Rokos","twitter_card":"summary_large_image","twitter_misc":{"Verfasst von":"Lisa Rokos","Gesch\u00e4tzte Lesezeit":"2 Minuten"},"schema":{"@context":"https:\/\/schema.org","@graph":[{"@type":"Article","@id":"https:\/\/www.landwirt.com\/news\/fliegl-agrartechnik-gmbh-und-stapel-gmbh-kuendigen-strategische-kooperation-an\/#article","isPartOf":{"@id":"https:\/\/www.landwirt.com\/news\/fliegl-agrartechnik-gmbh-und-stapel-gmbh-kuendigen-strategische-kooperation-an\/"},"author":{"name":"Lisa Rokos","@id":"https:\/\/www.landwirt.com\/news\/#\/schema\/person\/75a4bc83f62af5332a58cf5d219a4c51"},"headline":"Fliegl Agrartechnik GmbH und Stapel GmbH k\u00fcndigen strategische Kooperation an","datePublished":"2024-10-22T07:23:42+00:00","dateModified":"2024-11-08T08:36:49+00:00","mainEntityOfPage":{"@id":"https:\/\/www.landwirt.com\/news\/fliegl-agrartechnik-gmbh-und-stapel-gmbh-kuendigen-strategische-kooperation-an\/"},"wordCount":207,"publisher":{"@id":"https:\/\/www.landwirt.com\/news\/#organization"},"image":{"@id":"https:\/\/www.landwirt.com\/news\/fliegl-agrartechnik-gmbh-und-stapel-gmbh-kuendigen-strategische-kooperation-an\/#primaryimage"},"thumbnailUrl":"https:\/\/www.landwirt.com\/news\/wp-content\/uploads\/2024\/10\/vorschau-fliegl.jpg","keywords":["Fliegl"],"articleSection":["Landwirt","Werbung"],"inLanguage":"de-AT"},{"@type":"WebPage","@id":"https:\/\/www.landwirt.com\/news\/fliegl-agrartechnik-gmbh-und-stapel-gmbh-kuendigen-strategische-kooperation-an\/","url":"https:\/\/www.landwirt.com\/news\/fliegl-agrartechnik-gmbh-und-stapel-gmbh-kuendigen-strategische-kooperation-an\/","name":"Fliegl Agrartechnik GmbH und Stapel GmbH k\u00fcndigen strategische Kooperation an - Landwirt.com News","isPartOf":{"@id":"https:\/\/www.landwirt.com\/news\/#website"},"primaryImageOfPage":{"@id":"https:\/\/www.landwirt.com\/news\/fliegl-agrartechnik-gmbh-und-stapel-gmbh-kuendigen-strategische-kooperation-an\/#primaryimage"},"image":{"@id":"https:\/\/www.landwirt.com\/news\/fliegl-agrartechnik-gmbh-und-stapel-gmbh-kuendigen-strategische-kooperation-an\/#primaryimage"},"thumbnailUrl":"https:\/\/www.landwirt.com\/news\/wp-content\/uploads\/2024\/10\/vorschau-fliegl.jpg","datePublished":"2024-10-22T07:23:42+00:00","dateModified":"2024-11-08T08:36:49+00:00","breadcrumb":{"@id":"https:\/\/www.landwirt.com\/news\/fliegl-agrartechnik-gmbh-und-stapel-gmbh-kuendigen-strategische-kooperation-an\/#breadcrumb"},"inLanguage":"de-AT","potentialAction":[{"@type":"ReadAction","target":["https:\/\/www.landwirt.com\/news\/fliegl-agrartechnik-gmbh-und-stapel-gmbh-kuendigen-strategische-kooperation-an\/"]}]},{"@type":"ImageObject","inLanguage":"de-AT","@id":"https:\/\/www.landwirt.com\/news\/fliegl-agrartechnik-gmbh-und-stapel-gmbh-kuendigen-strategische-kooperation-an\/#primaryimage","url":"https:\/\/www.landwirt.com\/news\/wp-content\/uploads\/2024\/10\/vorschau-fliegl.jpg","contentUrl":"https:\/\/www.landwirt.com\/news\/wp-content\/uploads\/2024\/10\/vorschau-fliegl.jpg","width":495,"height":400},{"@type":"BreadcrumbList","@id":"https:\/\/www.landwirt.com\/news\/fliegl-agrartechnik-gmbh-und-stapel-gmbh-kuendigen-strategische-kooperation-an\/#breadcrumb","itemListElement":[{"@type":"ListItem","position":1,"name":"Home","item":"https:\/\/www.landwirt.com\/news\/home\/"},{"@type":"ListItem","position":2,"name":"Fliegl Agrartechnik GmbH und Stapel GmbH k\u00fcndigen strategische Kooperation an"}]},{"@type":"WebSite","@id":"https:\/\/www.landwirt.com\/news\/#website","url":"https:\/\/www.landwirt.com\/news\/","name":"Landwirt.com News","description":"Landwirt.com News","publisher":{"@id":"https:\/\/www.landwirt.com\/news\/#organization"},"potentialAction":[{"@type":"SearchAction","target":{"@type":"EntryPoint","urlTemplate":"https:\/\/www.landwirt.com\/news\/?s={search_term_string}"},"query-input":{"@type":"PropertyValueSpecification","valueRequired":true,"valueName":"search_term_string"}}],"inLanguage":"de-AT"},{"@type":"Organization","@id":"https:\/\/www.landwirt.com\/news\/#organization","name":"LANDWIRT.COM GMBH","url":"https:\/\/www.landwirt.com\/news\/","logo":{"@type":"ImageObject","inLanguage":"de-AT","@id":"https:\/\/www.landwirt.com\/news\/#\/schema\/logo\/image\/","url":"https:\/\/www.landwirt.com\/news\/wp-content\/uploads\/2020\/02\/LW-logo.png","contentUrl":"https:\/\/www.landwirt.com\/news\/wp-content\/uploads\/2020\/02\/LW-logo.png","width":250,"height":58,"caption":"LANDWIRT.COM GMBH"},"image":{"@id":"https:\/\/www.landwirt.com\/news\/#\/schema\/logo\/image\/"}},{"@type":"Person","@id":"https:\/\/www.landwirt.com\/news\/#\/schema\/person\/75a4bc83f62af5332a58cf5d219a4c51","name":"Lisa Rokos","image":{"@type":"ImageObject","inLanguage":"de-AT","@id":"https:\/\/secure.gravatar.com\/avatar\/7a0bb7bda929bd765c27a74ac583d88484ba68a68a98e3d35a51f87ee30382d9?s=96&d=mm&r=g","url":"https:\/\/secure.gravatar.com\/avatar\/7a0bb7bda929bd765c27a74ac583d88484ba68a68a98e3d35a51f87ee30382d9?s=96&d=mm&r=g","contentUrl":"https:\/\/secure.gravatar.com\/avatar\/7a0bb7bda929bd765c27a74ac583d88484ba68a68a98e3d35a51f87ee30382d9?s=96&d=mm&r=g","caption":"Lisa Rokos"},"url":"https:\/\/www.landwirt.com\/news\/author\/lisa\/"}]}},"_links":{"self":[{"href":"https:\/\/www.landwirt.com\/news\/wp-json\/wp\/v2\/posts\/14950","targetHints":{"allow":["GET"]}}],"collection":[{"href":"https:\/\/www.landwirt.com\/news\/wp-json\/wp\/v2\/posts"}],"about":[{"href":"https:\/\/www.landwirt.com\/news\/wp-json\/wp\/v2\/types\/post"}],"author":[{"embeddable":true,"href":"https:\/\/www.landwirt.com\/news\/wp-json\/wp\/v2\/users\/5"}],"replies":[{"embeddable":true,"href":"https:\/\/www.landwirt.com\/news\/wp-json\/wp\/v2\/comments?post=14950"}],"version-history":[{"count":2,"href":"https:\/\/www.landwirt.com\/news\/wp-json\/wp\/v2\/posts\/14950\/revisions"}],"predecessor-version":[{"id":14968,"href":"https:\/\/www.landwirt.com\/news\/wp-json\/wp\/v2\/posts\/14950\/revisions\/14968"}],"wp:featuredmedia":[{"embeddable":true,"href":"https:\/\/www.landwirt.com\/news\/wp-json\/wp\/v2\/media\/14963"}],"wp:attachment":[{"href":"https:\/\/www.landwirt.com\/news\/wp-json\/wp\/v2\/media?parent=14950"}],"wp:term":[{"taxonomy":"category","embeddable":true,"href":"https:\/\/www.landwirt.com\/news\/wp-json\/wp\/v2\/categories?post=14950"},{"taxonomy":"post_tag","embeddable":true,"href":"https:\/\/www.landwirt.com\/news\/wp-json\/wp\/v2\/tags?post=14950"}],"curies":[{"name":"wp","href":"https:\/\/api.w.org\/{rel}","templated":true}]}}