{"id":14943,"date":"2024-10-16T16:53:51","date_gmt":"2024-10-16T14:53:51","guid":{"rendered":"https:\/\/www.landwirt.com\/news\/?p=14943"},"modified":"2024-10-22T10:41:36","modified_gmt":"2024-10-22T08:41:36","slug":"debuet-fuer-steyr-plus-bei-oesterreichs-wichtigstem-countryside-event","status":"publish","type":"post","link":"https:\/\/www.landwirt.com\/news\/debuet-fuer-steyr-plus-bei-oesterreichs-wichtigstem-countryside-event\/","title":{"rendered":"Deb\u00fct f\u00fcr Steyr Plus bei \u00d6sterreichs wichtigstem Countryside Event"},"content":{"rendered":"\n<hr class=\"wp-block-separator has-alpha-channel-opacity\"\/>\n\n\n\n<p><strong>Eines der wichtigsten \u00f6sterreichischen Landwirtschaftsfestivals war k\u00fcrzlich der offizielle Startschuss f\u00fcr eine der wichtigsten neuen Traktorreihen von STEYR seit einer Generation: die neue Plus-Serie.<\/strong><\/p>\n\n\n\n<figure class=\"wp-block-image alignwide size-large\"><img loading=\"lazy\" decoding=\"async\" width=\"1030\" height=\"687\" src=\"https:\/\/www.landwirt.com\/news\/wp-content\/uploads\/2024\/10\/STEYR-Traktoren_PLUS-launch_Burning-Hen-Festival_2-1030x687.jpg\" alt=\"\" class=\"wp-image-14944\" srcset=\"https:\/\/www.landwirt.com\/news\/wp-content\/uploads\/2024\/10\/STEYR-Traktoren_PLUS-launch_Burning-Hen-Festival_2-1030x687.jpg 1030w, https:\/\/www.landwirt.com\/news\/wp-content\/uploads\/2024\/10\/STEYR-Traktoren_PLUS-launch_Burning-Hen-Festival_2-300x200.jpg 300w, https:\/\/www.landwirt.com\/news\/wp-content\/uploads\/2024\/10\/STEYR-Traktoren_PLUS-launch_Burning-Hen-Festival_2-768x512.jpg 768w, https:\/\/www.landwirt.com\/news\/wp-content\/uploads\/2024\/10\/STEYR-Traktoren_PLUS-launch_Burning-Hen-Festival_2-1536x1024.jpg 1536w, https:\/\/www.landwirt.com\/news\/wp-content\/uploads\/2024\/10\/STEYR-Traktoren_PLUS-launch_Burning-Hen-Festival_2-2048x1366.jpg 2048w, https:\/\/www.landwirt.com\/news\/wp-content\/uploads\/2024\/10\/STEYR-Traktoren_PLUS-launch_Burning-Hen-Festival_2-1500x1000.jpg 1500w, https:\/\/www.landwirt.com\/news\/wp-content\/uploads\/2024\/10\/STEYR-Traktoren_PLUS-launch_Burning-Hen-Festival_2-705x470.jpg 705w\" sizes=\"auto, (max-width: 1030px) 100vw, 1030px\" \/><\/figure>\n\n\n\n<p>Das Burning Hen Festival, das dieses Jahr am 12. Oktober in der Hohenhaus Tenne Schladming stattfand, wird vom \u00f6sterreichischen Multi-Channel-Unternehmen hektar Media organisiert. Es wird als Anlaufstelle f\u00fcr alle beworben, die den Status quo im l\u00e4ndlichen Raum in Frage stellen und den l\u00e4ndlichen Raum und seine jungen Menschen f\u00f6rdern wollen.<\/p>\n\n\n\n<p>Von der Land- und Forstwirtschaft bis hin zu Handwerk, Tourismus und Dorfkultur bringt sie Menschen aus dem gesamten l\u00e4ndlichen Raum zusammen und will mit ihrem Programm &#8222;all jene inspirieren und motivieren, die auf dem Land etwas bewegen wollen&#8220;.<\/p>\n\n\n\n<p>Vor diesem Hintergrund war das Burning Hen Festival die ideale Veranstaltung, um die neue Traktorenserie 80-117 PS Plus offiziell auf dem Heimatmarkt von STEYR einzuf\u00fchren, meint Peter-Philipp Hampel, Leiter von STEYR Operations Europe.<\/p>\n\n\n\n<p>&#8222;Als erste Modelle der STEYR-Baureihe, die ein neues Design erhalten haben, das unsere Traktoren in einem beliebten und wettbewerbsintensiven Marktsegment hervorhebt, wurde die Plus-Baureihe bereits mit vier Designpreisen ausgezeichnet &#8211; dem German Design Award, dem iF Design Award, dem Red Dot Design Award und dem BIG SEE Product Design Award&#8220;, betont er.<\/p>\n\n\n\n<p>&#8222;Mit dem Plus haben wir der STEYR-Linie einen ehrw\u00fcrdigen Namen zur\u00fcckgegeben und die Kompakt-Baureihe durch Modelle ersetzt, die ein 40 km\/h schnelles 24F\/24R Getriebe mit Zweigang-Lastschaltung und elektrohydraulischem Powershuttle und serienm\u00e4\u00dfigem S-Stop II bieten, das ein Auskuppeln und Bremsen des Antriebs mit einem Fu\u00df erm\u00f6glicht, sowie mehr Hydraulikleistung und eine mechanische Kabinenfederung. Dies sind die Merkmale, die von den zukunftsorientierten Besuchern des Burning Hen Festival gefordert werden, daher war dies ein gro\u00dfartiger Ort, um den Plus vorzustellen.&#8220;<\/p>\n\n\n\n<p><\/p>\n","protected":false},"excerpt":{"rendered":"<p>Steyr f\u00fchrte am Burning Hen Festival die neue Traktorenserie 80-117 PS Plus offiziell auf dem Heimatmarkt ein.<\/p>\n","protected":false},"author":5,"featured_media":14945,"comment_status":"closed","ping_status":"closed","sticky":false,"template":"","format":"standard","meta":{"footnotes":""},"categories":[15,1],"tags":[60],"class_list":["post-14943","post","type-post","status-publish","format-standard","has-post-thumbnail","hentry","category-landwirt","category-werbung","tag-steyr"],"yoast_head":"<!-- This site is optimized with the Yoast SEO plugin v27.5 - https:\/\/yoast.com\/product\/yoast-seo-wordpress\/ -->\n<title>Deb\u00fct f\u00fcr Steyr Plus bei \u00d6sterreichs wichtigstem Countryside Event - Landwirt.com News<\/title>\n<meta name=\"robots\" content=\"index, follow, max-snippet:-1, max-image-preview:large, max-video-preview:-1\" \/>\n<meta property=\"og:locale\" content=\"de_DE\" \/>\n<meta property=\"og:type\" content=\"article\" \/>\n<meta property=\"og:title\" content=\"Deb\u00fct f\u00fcr Steyr Plus bei \u00d6sterreichs wichtigstem Countryside Event - Landwirt.com News\" \/>\n<meta property=\"og:description\" content=\"Steyr f\u00fchrte am Burning Hen Festival die neue Traktorenserie 80-117 PS Plus offiziell auf dem Heimatmarkt ein.\" \/>\n<meta property=\"og:url\" content=\"https:\/\/www.landwirt.com\/news\/debuet-fuer-steyr-plus-bei-oesterreichs-wichtigstem-countryside-event\/\" \/>\n<meta property=\"og:site_name\" content=\"Landwirt.com News\" \/>\n<meta property=\"article:published_time\" content=\"2024-10-16T14:53:51+00:00\" \/>\n<meta property=\"article:modified_time\" content=\"2024-10-22T08:41:36+00:00\" \/>\n<meta property=\"og:image\" content=\"https:\/\/www.landwirt.com\/news\/wp-content\/uploads\/2024\/10\/vorschau-burn.jpg\" \/>\n\t<meta property=\"og:image:width\" content=\"495\" \/>\n\t<meta property=\"og:image:height\" content=\"400\" \/>\n\t<meta property=\"og:image:type\" content=\"image\/jpeg\" \/>\n<meta name=\"author\" content=\"Lisa Rokos\" \/>\n<meta name=\"twitter:card\" content=\"summary_large_image\" \/>\n<meta name=\"twitter:label1\" content=\"Verfasst von\" \/>\n\t<meta name=\"twitter:data1\" content=\"Lisa Rokos\" \/>\n\t<meta name=\"twitter:label2\" content=\"Gesch\u00e4tzte Lesezeit\" \/>\n\t<meta name=\"twitter:data2\" content=\"2 Minuten\" \/>\n<script type=\"application\/ld+json\" class=\"yoast-schema-graph\">{\"@context\":\"https:\\\/\\\/schema.org\",\"@graph\":[{\"@type\":\"Article\",\"@id\":\"https:\\\/\\\/www.landwirt.com\\\/news\\\/debuet-fuer-steyr-plus-bei-oesterreichs-wichtigstem-countryside-event\\\/#article\",\"isPartOf\":{\"@id\":\"https:\\\/\\\/www.landwirt.com\\\/news\\\/debuet-fuer-steyr-plus-bei-oesterreichs-wichtigstem-countryside-event\\\/\"},\"author\":{\"name\":\"Lisa Rokos\",\"@id\":\"https:\\\/\\\/www.landwirt.com\\\/news\\\/#\\\/schema\\\/person\\\/75a4bc83f62af5332a58cf5d219a4c51\"},\"headline\":\"Deb\u00fct f\u00fcr Steyr Plus bei \u00d6sterreichs wichtigstem Countryside Event\",\"datePublished\":\"2024-10-16T14:53:51+00:00\",\"dateModified\":\"2024-10-22T08:41:36+00:00\",\"mainEntityOfPage\":{\"@id\":\"https:\\\/\\\/www.landwirt.com\\\/news\\\/debuet-fuer-steyr-plus-bei-oesterreichs-wichtigstem-countryside-event\\\/\"},\"wordCount\":298,\"publisher\":{\"@id\":\"https:\\\/\\\/www.landwirt.com\\\/news\\\/#organization\"},\"image\":{\"@id\":\"https:\\\/\\\/www.landwirt.com\\\/news\\\/debuet-fuer-steyr-plus-bei-oesterreichs-wichtigstem-countryside-event\\\/#primaryimage\"},\"thumbnailUrl\":\"https:\\\/\\\/www.landwirt.com\\\/news\\\/wp-content\\\/uploads\\\/2024\\\/10\\\/vorschau-burn.jpg\",\"keywords\":[\"Steyr\"],\"articleSection\":[\"Landwirt\",\"Werbung\"],\"inLanguage\":\"de-AT\"},{\"@type\":\"WebPage\",\"@id\":\"https:\\\/\\\/www.landwirt.com\\\/news\\\/debuet-fuer-steyr-plus-bei-oesterreichs-wichtigstem-countryside-event\\\/\",\"url\":\"https:\\\/\\\/www.landwirt.com\\\/news\\\/debuet-fuer-steyr-plus-bei-oesterreichs-wichtigstem-countryside-event\\\/\",\"name\":\"Deb\u00fct f\u00fcr Steyr Plus bei \u00d6sterreichs wichtigstem Countryside Event - Landwirt.com News\",\"isPartOf\":{\"@id\":\"https:\\\/\\\/www.landwirt.com\\\/news\\\/#website\"},\"primaryImageOfPage\":{\"@id\":\"https:\\\/\\\/www.landwirt.com\\\/news\\\/debuet-fuer-steyr-plus-bei-oesterreichs-wichtigstem-countryside-event\\\/#primaryimage\"},\"image\":{\"@id\":\"https:\\\/\\\/www.landwirt.com\\\/news\\\/debuet-fuer-steyr-plus-bei-oesterreichs-wichtigstem-countryside-event\\\/#primaryimage\"},\"thumbnailUrl\":\"https:\\\/\\\/www.landwirt.com\\\/news\\\/wp-content\\\/uploads\\\/2024\\\/10\\\/vorschau-burn.jpg\",\"datePublished\":\"2024-10-16T14:53:51+00:00\",\"dateModified\":\"2024-10-22T08:41:36+00:00\",\"breadcrumb\":{\"@id\":\"https:\\\/\\\/www.landwirt.com\\\/news\\\/debuet-fuer-steyr-plus-bei-oesterreichs-wichtigstem-countryside-event\\\/#breadcrumb\"},\"inLanguage\":\"de-AT\",\"potentialAction\":[{\"@type\":\"ReadAction\",\"target\":[\"https:\\\/\\\/www.landwirt.com\\\/news\\\/debuet-fuer-steyr-plus-bei-oesterreichs-wichtigstem-countryside-event\\\/\"]}]},{\"@type\":\"ImageObject\",\"inLanguage\":\"de-AT\",\"@id\":\"https:\\\/\\\/www.landwirt.com\\\/news\\\/debuet-fuer-steyr-plus-bei-oesterreichs-wichtigstem-countryside-event\\\/#primaryimage\",\"url\":\"https:\\\/\\\/www.landwirt.com\\\/news\\\/wp-content\\\/uploads\\\/2024\\\/10\\\/vorschau-burn.jpg\",\"contentUrl\":\"https:\\\/\\\/www.landwirt.com\\\/news\\\/wp-content\\\/uploads\\\/2024\\\/10\\\/vorschau-burn.jpg\",\"width\":495,\"height\":400},{\"@type\":\"BreadcrumbList\",\"@id\":\"https:\\\/\\\/www.landwirt.com\\\/news\\\/debuet-fuer-steyr-plus-bei-oesterreichs-wichtigstem-countryside-event\\\/#breadcrumb\",\"itemListElement\":[{\"@type\":\"ListItem\",\"position\":1,\"name\":\"Home\",\"item\":\"https:\\\/\\\/www.landwirt.com\\\/news\\\/home\\\/\"},{\"@type\":\"ListItem\",\"position\":2,\"name\":\"Deb\u00fct f\u00fcr Steyr Plus bei \u00d6sterreichs wichtigstem Countryside Event\"}]},{\"@type\":\"WebSite\",\"@id\":\"https:\\\/\\\/www.landwirt.com\\\/news\\\/#website\",\"url\":\"https:\\\/\\\/www.landwirt.com\\\/news\\\/\",\"name\":\"Landwirt.com News\",\"description\":\"Landwirt.com News\",\"publisher\":{\"@id\":\"https:\\\/\\\/www.landwirt.com\\\/news\\\/#organization\"},\"potentialAction\":[{\"@type\":\"SearchAction\",\"target\":{\"@type\":\"EntryPoint\",\"urlTemplate\":\"https:\\\/\\\/www.landwirt.com\\\/news\\\/?s={search_term_string}\"},\"query-input\":{\"@type\":\"PropertyValueSpecification\",\"valueRequired\":true,\"valueName\":\"search_term_string\"}}],\"inLanguage\":\"de-AT\"},{\"@type\":\"Organization\",\"@id\":\"https:\\\/\\\/www.landwirt.com\\\/news\\\/#organization\",\"name\":\"LANDWIRT.COM GMBH\",\"url\":\"https:\\\/\\\/www.landwirt.com\\\/news\\\/\",\"logo\":{\"@type\":\"ImageObject\",\"inLanguage\":\"de-AT\",\"@id\":\"https:\\\/\\\/www.landwirt.com\\\/news\\\/#\\\/schema\\\/logo\\\/image\\\/\",\"url\":\"https:\\\/\\\/www.landwirt.com\\\/news\\\/wp-content\\\/uploads\\\/2020\\\/02\\\/LW-logo.png\",\"contentUrl\":\"https:\\\/\\\/www.landwirt.com\\\/news\\\/wp-content\\\/uploads\\\/2020\\\/02\\\/LW-logo.png\",\"width\":250,\"height\":58,\"caption\":\"LANDWIRT.COM GMBH\"},\"image\":{\"@id\":\"https:\\\/\\\/www.landwirt.com\\\/news\\\/#\\\/schema\\\/logo\\\/image\\\/\"}},{\"@type\":\"Person\",\"@id\":\"https:\\\/\\\/www.landwirt.com\\\/news\\\/#\\\/schema\\\/person\\\/75a4bc83f62af5332a58cf5d219a4c51\",\"name\":\"Lisa Rokos\",\"image\":{\"@type\":\"ImageObject\",\"inLanguage\":\"de-AT\",\"@id\":\"https:\\\/\\\/secure.gravatar.com\\\/avatar\\\/7a0bb7bda929bd765c27a74ac583d88484ba68a68a98e3d35a51f87ee30382d9?s=96&d=mm&r=g\",\"url\":\"https:\\\/\\\/secure.gravatar.com\\\/avatar\\\/7a0bb7bda929bd765c27a74ac583d88484ba68a68a98e3d35a51f87ee30382d9?s=96&d=mm&r=g\",\"contentUrl\":\"https:\\\/\\\/secure.gravatar.com\\\/avatar\\\/7a0bb7bda929bd765c27a74ac583d88484ba68a68a98e3d35a51f87ee30382d9?s=96&d=mm&r=g\",\"caption\":\"Lisa Rokos\"},\"url\":\"https:\\\/\\\/www.landwirt.com\\\/news\\\/author\\\/lisa\\\/\"}]}<\/script>\n<!-- \/ Yoast SEO plugin. -->","yoast_head_json":{"title":"Deb\u00fct f\u00fcr Steyr Plus bei \u00d6sterreichs wichtigstem Countryside Event - Landwirt.com News","robots":{"index":"index","follow":"follow","max-snippet":"max-snippet:-1","max-image-preview":"max-image-preview:large","max-video-preview":"max-video-preview:-1"},"og_locale":"de_DE","og_type":"article","og_title":"Deb\u00fct f\u00fcr Steyr Plus bei \u00d6sterreichs wichtigstem Countryside Event - Landwirt.com News","og_description":"Steyr f\u00fchrte am Burning Hen Festival die neue Traktorenserie 80-117 PS Plus offiziell auf dem Heimatmarkt ein.","og_url":"https:\/\/www.landwirt.com\/news\/debuet-fuer-steyr-plus-bei-oesterreichs-wichtigstem-countryside-event\/","og_site_name":"Landwirt.com News","article_published_time":"2024-10-16T14:53:51+00:00","article_modified_time":"2024-10-22T08:41:36+00:00","og_image":[{"width":495,"height":400,"url":"https:\/\/www.landwirt.com\/news\/wp-content\/uploads\/2024\/10\/vorschau-burn.jpg","type":"image\/jpeg"}],"author":"Lisa Rokos","twitter_card":"summary_large_image","twitter_misc":{"Verfasst von":"Lisa Rokos","Gesch\u00e4tzte Lesezeit":"2 Minuten"},"schema":{"@context":"https:\/\/schema.org","@graph":[{"@type":"Article","@id":"https:\/\/www.landwirt.com\/news\/debuet-fuer-steyr-plus-bei-oesterreichs-wichtigstem-countryside-event\/#article","isPartOf":{"@id":"https:\/\/www.landwirt.com\/news\/debuet-fuer-steyr-plus-bei-oesterreichs-wichtigstem-countryside-event\/"},"author":{"name":"Lisa Rokos","@id":"https:\/\/www.landwirt.com\/news\/#\/schema\/person\/75a4bc83f62af5332a58cf5d219a4c51"},"headline":"Deb\u00fct f\u00fcr Steyr Plus bei \u00d6sterreichs wichtigstem Countryside Event","datePublished":"2024-10-16T14:53:51+00:00","dateModified":"2024-10-22T08:41:36+00:00","mainEntityOfPage":{"@id":"https:\/\/www.landwirt.com\/news\/debuet-fuer-steyr-plus-bei-oesterreichs-wichtigstem-countryside-event\/"},"wordCount":298,"publisher":{"@id":"https:\/\/www.landwirt.com\/news\/#organization"},"image":{"@id":"https:\/\/www.landwirt.com\/news\/debuet-fuer-steyr-plus-bei-oesterreichs-wichtigstem-countryside-event\/#primaryimage"},"thumbnailUrl":"https:\/\/www.landwirt.com\/news\/wp-content\/uploads\/2024\/10\/vorschau-burn.jpg","keywords":["Steyr"],"articleSection":["Landwirt","Werbung"],"inLanguage":"de-AT"},{"@type":"WebPage","@id":"https:\/\/www.landwirt.com\/news\/debuet-fuer-steyr-plus-bei-oesterreichs-wichtigstem-countryside-event\/","url":"https:\/\/www.landwirt.com\/news\/debuet-fuer-steyr-plus-bei-oesterreichs-wichtigstem-countryside-event\/","name":"Deb\u00fct f\u00fcr Steyr Plus bei \u00d6sterreichs wichtigstem Countryside Event - Landwirt.com News","isPartOf":{"@id":"https:\/\/www.landwirt.com\/news\/#website"},"primaryImageOfPage":{"@id":"https:\/\/www.landwirt.com\/news\/debuet-fuer-steyr-plus-bei-oesterreichs-wichtigstem-countryside-event\/#primaryimage"},"image":{"@id":"https:\/\/www.landwirt.com\/news\/debuet-fuer-steyr-plus-bei-oesterreichs-wichtigstem-countryside-event\/#primaryimage"},"thumbnailUrl":"https:\/\/www.landwirt.com\/news\/wp-content\/uploads\/2024\/10\/vorschau-burn.jpg","datePublished":"2024-10-16T14:53:51+00:00","dateModified":"2024-10-22T08:41:36+00:00","breadcrumb":{"@id":"https:\/\/www.landwirt.com\/news\/debuet-fuer-steyr-plus-bei-oesterreichs-wichtigstem-countryside-event\/#breadcrumb"},"inLanguage":"de-AT","potentialAction":[{"@type":"ReadAction","target":["https:\/\/www.landwirt.com\/news\/debuet-fuer-steyr-plus-bei-oesterreichs-wichtigstem-countryside-event\/"]}]},{"@type":"ImageObject","inLanguage":"de-AT","@id":"https:\/\/www.landwirt.com\/news\/debuet-fuer-steyr-plus-bei-oesterreichs-wichtigstem-countryside-event\/#primaryimage","url":"https:\/\/www.landwirt.com\/news\/wp-content\/uploads\/2024\/10\/vorschau-burn.jpg","contentUrl":"https:\/\/www.landwirt.com\/news\/wp-content\/uploads\/2024\/10\/vorschau-burn.jpg","width":495,"height":400},{"@type":"BreadcrumbList","@id":"https:\/\/www.landwirt.com\/news\/debuet-fuer-steyr-plus-bei-oesterreichs-wichtigstem-countryside-event\/#breadcrumb","itemListElement":[{"@type":"ListItem","position":1,"name":"Home","item":"https:\/\/www.landwirt.com\/news\/home\/"},{"@type":"ListItem","position":2,"name":"Deb\u00fct f\u00fcr Steyr Plus bei \u00d6sterreichs wichtigstem Countryside Event"}]},{"@type":"WebSite","@id":"https:\/\/www.landwirt.com\/news\/#website","url":"https:\/\/www.landwirt.com\/news\/","name":"Landwirt.com News","description":"Landwirt.com News","publisher":{"@id":"https:\/\/www.landwirt.com\/news\/#organization"},"potentialAction":[{"@type":"SearchAction","target":{"@type":"EntryPoint","urlTemplate":"https:\/\/www.landwirt.com\/news\/?s={search_term_string}"},"query-input":{"@type":"PropertyValueSpecification","valueRequired":true,"valueName":"search_term_string"}}],"inLanguage":"de-AT"},{"@type":"Organization","@id":"https:\/\/www.landwirt.com\/news\/#organization","name":"LANDWIRT.COM GMBH","url":"https:\/\/www.landwirt.com\/news\/","logo":{"@type":"ImageObject","inLanguage":"de-AT","@id":"https:\/\/www.landwirt.com\/news\/#\/schema\/logo\/image\/","url":"https:\/\/www.landwirt.com\/news\/wp-content\/uploads\/2020\/02\/LW-logo.png","contentUrl":"https:\/\/www.landwirt.com\/news\/wp-content\/uploads\/2020\/02\/LW-logo.png","width":250,"height":58,"caption":"LANDWIRT.COM GMBH"},"image":{"@id":"https:\/\/www.landwirt.com\/news\/#\/schema\/logo\/image\/"}},{"@type":"Person","@id":"https:\/\/www.landwirt.com\/news\/#\/schema\/person\/75a4bc83f62af5332a58cf5d219a4c51","name":"Lisa Rokos","image":{"@type":"ImageObject","inLanguage":"de-AT","@id":"https:\/\/secure.gravatar.com\/avatar\/7a0bb7bda929bd765c27a74ac583d88484ba68a68a98e3d35a51f87ee30382d9?s=96&d=mm&r=g","url":"https:\/\/secure.gravatar.com\/avatar\/7a0bb7bda929bd765c27a74ac583d88484ba68a68a98e3d35a51f87ee30382d9?s=96&d=mm&r=g","contentUrl":"https:\/\/secure.gravatar.com\/avatar\/7a0bb7bda929bd765c27a74ac583d88484ba68a68a98e3d35a51f87ee30382d9?s=96&d=mm&r=g","caption":"Lisa Rokos"},"url":"https:\/\/www.landwirt.com\/news\/author\/lisa\/"}]}},"_links":{"self":[{"href":"https:\/\/www.landwirt.com\/news\/wp-json\/wp\/v2\/posts\/14943","targetHints":{"allow":["GET"]}}],"collection":[{"href":"https:\/\/www.landwirt.com\/news\/wp-json\/wp\/v2\/posts"}],"about":[{"href":"https:\/\/www.landwirt.com\/news\/wp-json\/wp\/v2\/types\/post"}],"author":[{"embeddable":true,"href":"https:\/\/www.landwirt.com\/news\/wp-json\/wp\/v2\/users\/5"}],"replies":[{"embeddable":true,"href":"https:\/\/www.landwirt.com\/news\/wp-json\/wp\/v2\/comments?post=14943"}],"version-history":[{"count":1,"href":"https:\/\/www.landwirt.com\/news\/wp-json\/wp\/v2\/posts\/14943\/revisions"}],"predecessor-version":[{"id":14946,"href":"https:\/\/www.landwirt.com\/news\/wp-json\/wp\/v2\/posts\/14943\/revisions\/14946"}],"wp:featuredmedia":[{"embeddable":true,"href":"https:\/\/www.landwirt.com\/news\/wp-json\/wp\/v2\/media\/14945"}],"wp:attachment":[{"href":"https:\/\/www.landwirt.com\/news\/wp-json\/wp\/v2\/media?parent=14943"}],"wp:term":[{"taxonomy":"category","embeddable":true,"href":"https:\/\/www.landwirt.com\/news\/wp-json\/wp\/v2\/categories?post=14943"},{"taxonomy":"post_tag","embeddable":true,"href":"https:\/\/www.landwirt.com\/news\/wp-json\/wp\/v2\/tags?post=14943"}],"curies":[{"name":"wp","href":"https:\/\/api.w.org\/{rel}","templated":true}]}}