{"id":14814,"date":"2024-09-10T14:07:45","date_gmt":"2024-09-10T12:07:45","guid":{"rendered":"https:\/\/www.landwirt.com\/news\/?p=14814"},"modified":"2024-10-04T12:41:04","modified_gmt":"2024-10-04T10:41:04","slug":"zulassungen-der-standardtraktoren-in-oesterreich-jaenner-august-2024","status":"publish","type":"post","link":"https:\/\/www.landwirt.com\/news\/zulassungen-der-standardtraktoren-in-oesterreich-jaenner-august-2024\/","title":{"rendered":"Zulassungen der Standardtraktoren in \u00d6sterreich | J\u00e4nner &#8211; August 2024"},"content":{"rendered":"\n<hr class=\"wp-block-separator has-alpha-channel-opacity\"\/>\n\n\n\n<p><strong>Die Informationen zeigen, dass der \u00f6sterreichische Traktorenmarkt in den ersten acht Monaten des Jahres 2024 einen R\u00fcckgang der Neuzulassungen erlebt hat. Im Vergleich zum Vorjahr wurden 5,8 % weniger Standardtraktoren neu zugelassen, was einen R\u00fcckgang von 173 Traktoren bedeutet. Die Zahl der neu zugelassenen Traktoren betr\u00e4gt von Januar bis August 2024 insgesamt 2.835, w\u00e4hrend es im gleichen Zeitraum des Vorjahres 3.008 waren.<\/strong><\/p>\n\n\n\n<figure class=\"wp-block-image alignwide size-full\"><img loading=\"lazy\" decoding=\"async\" width=\"887\" height=\"530\" src=\"https:\/\/www.landwirt.com\/news\/wp-content\/uploads\/2024\/09\/image-3.png\" alt=\"\" class=\"wp-image-14816\" srcset=\"https:\/\/www.landwirt.com\/news\/wp-content\/uploads\/2024\/09\/image-3.png 887w, https:\/\/www.landwirt.com\/news\/wp-content\/uploads\/2024\/09\/image-3-300x179.png 300w, https:\/\/www.landwirt.com\/news\/wp-content\/uploads\/2024\/09\/image-3-768x459.png 768w, https:\/\/www.landwirt.com\/news\/wp-content\/uploads\/2024\/09\/image-3-705x421.png 705w\" sizes=\"auto, (max-width: 887px) 100vw, 887px\" \/><\/figure>\n\n\n\n<div class=\"wp-block-media-text alignwide has-media-on-the-right is-stacked-on-mobile\"><div class=\"wp-block-media-text__content\">\n<p>In der Top 10 Liste sind wie gewohnt die bekannten Marken vertreten, wobei sich die Marktanteile und Platzierungen in den letzten Jahren verschoben haben. Unser Diagramm verdeutlicht die Entwicklung der letzten Jahre.<\/p>\n\n\n\n<p>Die Marken STEYR und FENDT erfreuen sich weiterhin gro\u00dfer Beliebtheit und f\u00fchren nicht nur die Zulassungsstatistik an, sondern konnten auch ein deutliches Wachstum verzeichnen. JOHN DEERE hat zwar einen Marktanteil von 8,9 %, musste jedoch im Vergleich zum Vorjahr einen merklichen R\u00fcckgang hinnehmen.<\/p>\n\n\n\n<p>Ein anderes Bild zeigt sich im Segment der Obst- und Weinbautraktoren: Hier l\u00e4sst sich eine steigende Investitionsbereitschaft erkennen. Mit einem Zuwachs von 23,9 % wurden in diesem Jahr 27 Traktoren mehr zugelassen als 2023. Ein Blick auf die Marktanteile zeigt, dass insbesondere die Hersteller Case IH, Massey Ferguson und New Holland in diesem Segment an Boden gewinnen konnten.<\/p>\n<\/div><figure class=\"wp-block-media-text__media\"><img loading=\"lazy\" decoding=\"async\" width=\"316\" height=\"270\" src=\"https:\/\/www.landwirt.com\/news\/wp-content\/uploads\/2024\/09\/image-5.png\" alt=\"\" class=\"wp-image-14818 size-full\" srcset=\"https:\/\/www.landwirt.com\/news\/wp-content\/uploads\/2024\/09\/image-5.png 316w, https:\/\/www.landwirt.com\/news\/wp-content\/uploads\/2024\/09\/image-5-300x256.png 300w\" sizes=\"auto, (max-width: 316px) 100vw, 316px\" \/><\/figure><\/div>\n\n\n\n<div class=\"wp-block-media-text alignwide is-stacked-on-mobile\"><figure class=\"wp-block-media-text__media\"><img loading=\"lazy\" decoding=\"async\" width=\"480\" height=\"724\" src=\"https:\/\/www.landwirt.com\/news\/wp-content\/uploads\/2024\/09\/image-2.png\" alt=\"\" class=\"wp-image-14815 size-full\" srcset=\"https:\/\/www.landwirt.com\/news\/wp-content\/uploads\/2024\/09\/image-2.png 480w, https:\/\/www.landwirt.com\/news\/wp-content\/uploads\/2024\/09\/image-2-199x300.png 199w, https:\/\/www.landwirt.com\/news\/wp-content\/uploads\/2024\/09\/image-2-467x705.png 467w\" sizes=\"auto, (max-width: 480px) 100vw, 480px\" \/><\/figure><div class=\"wp-block-media-text__content\">\n<p><\/p>\n<\/div><\/div>\n","protected":false},"excerpt":{"rendered":"<p>Im Vergleich zum Vorjahr wurden 5,8 % weniger Standardtraktoren neu zugelassen, was einen R\u00fcckgang von 173 Traktoren bedeutet.<\/p>\n","protected":false},"author":5,"featured_media":14819,"comment_status":"closed","ping_status":"closed","sticky":false,"template":"","format":"standard","meta":{"footnotes":""},"categories":[15,1,483,14],"tags":[54],"class_list":["post-14814","post","type-post","status-publish","format-standard","has-post-thumbnail","hentry","category-landwirt","category-werbung","category-werbung-top","category-zulassungsstatistik","tag-zulassungsstatistik"],"yoast_head":"<!-- This site is optimized with the Yoast SEO plugin v27.4 - https:\/\/yoast.com\/product\/yoast-seo-wordpress\/ -->\n<title>Zulassungen der Standardtraktoren in \u00d6sterreich | J\u00e4nner - August 2024 - Landwirt.com News<\/title>\n<meta name=\"robots\" content=\"index, follow, max-snippet:-1, max-image-preview:large, max-video-preview:-1\" \/>\n<meta property=\"og:locale\" content=\"de_DE\" \/>\n<meta property=\"og:type\" content=\"article\" \/>\n<meta property=\"og:title\" content=\"Zulassungen der Standardtraktoren in \u00d6sterreich | J\u00e4nner - August 2024 - Landwirt.com News\" \/>\n<meta property=\"og:description\" content=\"Im Vergleich zum Vorjahr wurden 5,8 % weniger Standardtraktoren neu zugelassen, was einen R\u00fcckgang von 173 Traktoren bedeutet.\" \/>\n<meta property=\"og:url\" content=\"https:\/\/www.landwirt.com\/news\/zulassungen-der-standardtraktoren-in-oesterreich-jaenner-august-2024\/\" \/>\n<meta property=\"og:site_name\" content=\"Landwirt.com News\" \/>\n<meta property=\"article:published_time\" content=\"2024-09-10T12:07:45+00:00\" \/>\n<meta property=\"article:modified_time\" content=\"2024-10-04T10:41:04+00:00\" \/>\n<meta property=\"og:image\" content=\"https:\/\/www.landwirt.com\/news\/wp-content\/uploads\/2024\/09\/vorschau-zulassung-aug.jpg\" \/>\n\t<meta property=\"og:image:width\" content=\"495\" \/>\n\t<meta property=\"og:image:height\" content=\"400\" \/>\n\t<meta property=\"og:image:type\" content=\"image\/jpeg\" \/>\n<meta name=\"author\" content=\"Lisa Rokos\" \/>\n<meta name=\"twitter:card\" content=\"summary_large_image\" \/>\n<meta name=\"twitter:label1\" content=\"Verfasst von\" \/>\n\t<meta name=\"twitter:data1\" content=\"Lisa Rokos\" \/>\n\t<meta name=\"twitter:label2\" content=\"Gesch\u00e4tzte Lesezeit\" \/>\n\t<meta name=\"twitter:data2\" content=\"2 Minuten\" \/>\n<script type=\"application\/ld+json\" class=\"yoast-schema-graph\">{\"@context\":\"https:\\\/\\\/schema.org\",\"@graph\":[{\"@type\":\"Article\",\"@id\":\"https:\\\/\\\/www.landwirt.com\\\/news\\\/zulassungen-der-standardtraktoren-in-oesterreich-jaenner-august-2024\\\/#article\",\"isPartOf\":{\"@id\":\"https:\\\/\\\/www.landwirt.com\\\/news\\\/zulassungen-der-standardtraktoren-in-oesterreich-jaenner-august-2024\\\/\"},\"author\":{\"name\":\"Lisa Rokos\",\"@id\":\"https:\\\/\\\/www.landwirt.com\\\/news\\\/#\\\/schema\\\/person\\\/75a4bc83f62af5332a58cf5d219a4c51\"},\"headline\":\"Zulassungen der Standardtraktoren in \u00d6sterreich | J\u00e4nner &#8211; August 2024\",\"datePublished\":\"2024-09-10T12:07:45+00:00\",\"dateModified\":\"2024-10-04T10:41:04+00:00\",\"mainEntityOfPage\":{\"@id\":\"https:\\\/\\\/www.landwirt.com\\\/news\\\/zulassungen-der-standardtraktoren-in-oesterreich-jaenner-august-2024\\\/\"},\"wordCount\":198,\"publisher\":{\"@id\":\"https:\\\/\\\/www.landwirt.com\\\/news\\\/#organization\"},\"image\":{\"@id\":\"https:\\\/\\\/www.landwirt.com\\\/news\\\/zulassungen-der-standardtraktoren-in-oesterreich-jaenner-august-2024\\\/#primaryimage\"},\"thumbnailUrl\":\"https:\\\/\\\/www.landwirt.com\\\/news\\\/wp-content\\\/uploads\\\/2024\\\/09\\\/vorschau-zulassung-aug.jpg\",\"keywords\":[\"Zulassungsstatistik\"],\"articleSection\":[\"Landwirt\",\"Werbung\",\"Werbung Top\",\"Zulassungsstatistik\"],\"inLanguage\":\"de-AT\"},{\"@type\":\"WebPage\",\"@id\":\"https:\\\/\\\/www.landwirt.com\\\/news\\\/zulassungen-der-standardtraktoren-in-oesterreich-jaenner-august-2024\\\/\",\"url\":\"https:\\\/\\\/www.landwirt.com\\\/news\\\/zulassungen-der-standardtraktoren-in-oesterreich-jaenner-august-2024\\\/\",\"name\":\"Zulassungen der Standardtraktoren in \u00d6sterreich | J\u00e4nner - August 2024 - Landwirt.com News\",\"isPartOf\":{\"@id\":\"https:\\\/\\\/www.landwirt.com\\\/news\\\/#website\"},\"primaryImageOfPage\":{\"@id\":\"https:\\\/\\\/www.landwirt.com\\\/news\\\/zulassungen-der-standardtraktoren-in-oesterreich-jaenner-august-2024\\\/#primaryimage\"},\"image\":{\"@id\":\"https:\\\/\\\/www.landwirt.com\\\/news\\\/zulassungen-der-standardtraktoren-in-oesterreich-jaenner-august-2024\\\/#primaryimage\"},\"thumbnailUrl\":\"https:\\\/\\\/www.landwirt.com\\\/news\\\/wp-content\\\/uploads\\\/2024\\\/09\\\/vorschau-zulassung-aug.jpg\",\"datePublished\":\"2024-09-10T12:07:45+00:00\",\"dateModified\":\"2024-10-04T10:41:04+00:00\",\"breadcrumb\":{\"@id\":\"https:\\\/\\\/www.landwirt.com\\\/news\\\/zulassungen-der-standardtraktoren-in-oesterreich-jaenner-august-2024\\\/#breadcrumb\"},\"inLanguage\":\"de-AT\",\"potentialAction\":[{\"@type\":\"ReadAction\",\"target\":[\"https:\\\/\\\/www.landwirt.com\\\/news\\\/zulassungen-der-standardtraktoren-in-oesterreich-jaenner-august-2024\\\/\"]}]},{\"@type\":\"ImageObject\",\"inLanguage\":\"de-AT\",\"@id\":\"https:\\\/\\\/www.landwirt.com\\\/news\\\/zulassungen-der-standardtraktoren-in-oesterreich-jaenner-august-2024\\\/#primaryimage\",\"url\":\"https:\\\/\\\/www.landwirt.com\\\/news\\\/wp-content\\\/uploads\\\/2024\\\/09\\\/vorschau-zulassung-aug.jpg\",\"contentUrl\":\"https:\\\/\\\/www.landwirt.com\\\/news\\\/wp-content\\\/uploads\\\/2024\\\/09\\\/vorschau-zulassung-aug.jpg\",\"width\":495,\"height\":400},{\"@type\":\"BreadcrumbList\",\"@id\":\"https:\\\/\\\/www.landwirt.com\\\/news\\\/zulassungen-der-standardtraktoren-in-oesterreich-jaenner-august-2024\\\/#breadcrumb\",\"itemListElement\":[{\"@type\":\"ListItem\",\"position\":1,\"name\":\"Home\",\"item\":\"https:\\\/\\\/www.landwirt.com\\\/news\\\/home\\\/\"},{\"@type\":\"ListItem\",\"position\":2,\"name\":\"Zulassungen der Standardtraktoren in \u00d6sterreich | J\u00e4nner &#8211; August 2024\"}]},{\"@type\":\"WebSite\",\"@id\":\"https:\\\/\\\/www.landwirt.com\\\/news\\\/#website\",\"url\":\"https:\\\/\\\/www.landwirt.com\\\/news\\\/\",\"name\":\"Landwirt.com News\",\"description\":\"Landwirt.com News\",\"publisher\":{\"@id\":\"https:\\\/\\\/www.landwirt.com\\\/news\\\/#organization\"},\"potentialAction\":[{\"@type\":\"SearchAction\",\"target\":{\"@type\":\"EntryPoint\",\"urlTemplate\":\"https:\\\/\\\/www.landwirt.com\\\/news\\\/?s={search_term_string}\"},\"query-input\":{\"@type\":\"PropertyValueSpecification\",\"valueRequired\":true,\"valueName\":\"search_term_string\"}}],\"inLanguage\":\"de-AT\"},{\"@type\":\"Organization\",\"@id\":\"https:\\\/\\\/www.landwirt.com\\\/news\\\/#organization\",\"name\":\"LANDWIRT.COM GMBH\",\"url\":\"https:\\\/\\\/www.landwirt.com\\\/news\\\/\",\"logo\":{\"@type\":\"ImageObject\",\"inLanguage\":\"de-AT\",\"@id\":\"https:\\\/\\\/www.landwirt.com\\\/news\\\/#\\\/schema\\\/logo\\\/image\\\/\",\"url\":\"https:\\\/\\\/www.landwirt.com\\\/news\\\/wp-content\\\/uploads\\\/2020\\\/02\\\/LW-logo.png\",\"contentUrl\":\"https:\\\/\\\/www.landwirt.com\\\/news\\\/wp-content\\\/uploads\\\/2020\\\/02\\\/LW-logo.png\",\"width\":250,\"height\":58,\"caption\":\"LANDWIRT.COM GMBH\"},\"image\":{\"@id\":\"https:\\\/\\\/www.landwirt.com\\\/news\\\/#\\\/schema\\\/logo\\\/image\\\/\"}},{\"@type\":\"Person\",\"@id\":\"https:\\\/\\\/www.landwirt.com\\\/news\\\/#\\\/schema\\\/person\\\/75a4bc83f62af5332a58cf5d219a4c51\",\"name\":\"Lisa Rokos\",\"image\":{\"@type\":\"ImageObject\",\"inLanguage\":\"de-AT\",\"@id\":\"https:\\\/\\\/secure.gravatar.com\\\/avatar\\\/7a0bb7bda929bd765c27a74ac583d88484ba68a68a98e3d35a51f87ee30382d9?s=96&d=mm&r=g\",\"url\":\"https:\\\/\\\/secure.gravatar.com\\\/avatar\\\/7a0bb7bda929bd765c27a74ac583d88484ba68a68a98e3d35a51f87ee30382d9?s=96&d=mm&r=g\",\"contentUrl\":\"https:\\\/\\\/secure.gravatar.com\\\/avatar\\\/7a0bb7bda929bd765c27a74ac583d88484ba68a68a98e3d35a51f87ee30382d9?s=96&d=mm&r=g\",\"caption\":\"Lisa Rokos\"},\"url\":\"https:\\\/\\\/www.landwirt.com\\\/news\\\/author\\\/lisa\\\/\"}]}<\/script>\n<!-- \/ Yoast SEO plugin. -->","yoast_head_json":{"title":"Zulassungen der Standardtraktoren in \u00d6sterreich | J\u00e4nner - August 2024 - Landwirt.com News","robots":{"index":"index","follow":"follow","max-snippet":"max-snippet:-1","max-image-preview":"max-image-preview:large","max-video-preview":"max-video-preview:-1"},"og_locale":"de_DE","og_type":"article","og_title":"Zulassungen der Standardtraktoren in \u00d6sterreich | J\u00e4nner - August 2024 - Landwirt.com News","og_description":"Im Vergleich zum Vorjahr wurden 5,8 % weniger Standardtraktoren neu zugelassen, was einen R\u00fcckgang von 173 Traktoren bedeutet.","og_url":"https:\/\/www.landwirt.com\/news\/zulassungen-der-standardtraktoren-in-oesterreich-jaenner-august-2024\/","og_site_name":"Landwirt.com News","article_published_time":"2024-09-10T12:07:45+00:00","article_modified_time":"2024-10-04T10:41:04+00:00","og_image":[{"width":495,"height":400,"url":"https:\/\/www.landwirt.com\/news\/wp-content\/uploads\/2024\/09\/vorschau-zulassung-aug.jpg","type":"image\/jpeg"}],"author":"Lisa Rokos","twitter_card":"summary_large_image","twitter_misc":{"Verfasst von":"Lisa Rokos","Gesch\u00e4tzte Lesezeit":"2 Minuten"},"schema":{"@context":"https:\/\/schema.org","@graph":[{"@type":"Article","@id":"https:\/\/www.landwirt.com\/news\/zulassungen-der-standardtraktoren-in-oesterreich-jaenner-august-2024\/#article","isPartOf":{"@id":"https:\/\/www.landwirt.com\/news\/zulassungen-der-standardtraktoren-in-oesterreich-jaenner-august-2024\/"},"author":{"name":"Lisa Rokos","@id":"https:\/\/www.landwirt.com\/news\/#\/schema\/person\/75a4bc83f62af5332a58cf5d219a4c51"},"headline":"Zulassungen der Standardtraktoren in \u00d6sterreich | J\u00e4nner &#8211; August 2024","datePublished":"2024-09-10T12:07:45+00:00","dateModified":"2024-10-04T10:41:04+00:00","mainEntityOfPage":{"@id":"https:\/\/www.landwirt.com\/news\/zulassungen-der-standardtraktoren-in-oesterreich-jaenner-august-2024\/"},"wordCount":198,"publisher":{"@id":"https:\/\/www.landwirt.com\/news\/#organization"},"image":{"@id":"https:\/\/www.landwirt.com\/news\/zulassungen-der-standardtraktoren-in-oesterreich-jaenner-august-2024\/#primaryimage"},"thumbnailUrl":"https:\/\/www.landwirt.com\/news\/wp-content\/uploads\/2024\/09\/vorschau-zulassung-aug.jpg","keywords":["Zulassungsstatistik"],"articleSection":["Landwirt","Werbung","Werbung Top","Zulassungsstatistik"],"inLanguage":"de-AT"},{"@type":"WebPage","@id":"https:\/\/www.landwirt.com\/news\/zulassungen-der-standardtraktoren-in-oesterreich-jaenner-august-2024\/","url":"https:\/\/www.landwirt.com\/news\/zulassungen-der-standardtraktoren-in-oesterreich-jaenner-august-2024\/","name":"Zulassungen der Standardtraktoren in \u00d6sterreich | J\u00e4nner - August 2024 - Landwirt.com News","isPartOf":{"@id":"https:\/\/www.landwirt.com\/news\/#website"},"primaryImageOfPage":{"@id":"https:\/\/www.landwirt.com\/news\/zulassungen-der-standardtraktoren-in-oesterreich-jaenner-august-2024\/#primaryimage"},"image":{"@id":"https:\/\/www.landwirt.com\/news\/zulassungen-der-standardtraktoren-in-oesterreich-jaenner-august-2024\/#primaryimage"},"thumbnailUrl":"https:\/\/www.landwirt.com\/news\/wp-content\/uploads\/2024\/09\/vorschau-zulassung-aug.jpg","datePublished":"2024-09-10T12:07:45+00:00","dateModified":"2024-10-04T10:41:04+00:00","breadcrumb":{"@id":"https:\/\/www.landwirt.com\/news\/zulassungen-der-standardtraktoren-in-oesterreich-jaenner-august-2024\/#breadcrumb"},"inLanguage":"de-AT","potentialAction":[{"@type":"ReadAction","target":["https:\/\/www.landwirt.com\/news\/zulassungen-der-standardtraktoren-in-oesterreich-jaenner-august-2024\/"]}]},{"@type":"ImageObject","inLanguage":"de-AT","@id":"https:\/\/www.landwirt.com\/news\/zulassungen-der-standardtraktoren-in-oesterreich-jaenner-august-2024\/#primaryimage","url":"https:\/\/www.landwirt.com\/news\/wp-content\/uploads\/2024\/09\/vorschau-zulassung-aug.jpg","contentUrl":"https:\/\/www.landwirt.com\/news\/wp-content\/uploads\/2024\/09\/vorschau-zulassung-aug.jpg","width":495,"height":400},{"@type":"BreadcrumbList","@id":"https:\/\/www.landwirt.com\/news\/zulassungen-der-standardtraktoren-in-oesterreich-jaenner-august-2024\/#breadcrumb","itemListElement":[{"@type":"ListItem","position":1,"name":"Home","item":"https:\/\/www.landwirt.com\/news\/home\/"},{"@type":"ListItem","position":2,"name":"Zulassungen der Standardtraktoren in \u00d6sterreich | J\u00e4nner &#8211; August 2024"}]},{"@type":"WebSite","@id":"https:\/\/www.landwirt.com\/news\/#website","url":"https:\/\/www.landwirt.com\/news\/","name":"Landwirt.com News","description":"Landwirt.com News","publisher":{"@id":"https:\/\/www.landwirt.com\/news\/#organization"},"potentialAction":[{"@type":"SearchAction","target":{"@type":"EntryPoint","urlTemplate":"https:\/\/www.landwirt.com\/news\/?s={search_term_string}"},"query-input":{"@type":"PropertyValueSpecification","valueRequired":true,"valueName":"search_term_string"}}],"inLanguage":"de-AT"},{"@type":"Organization","@id":"https:\/\/www.landwirt.com\/news\/#organization","name":"LANDWIRT.COM GMBH","url":"https:\/\/www.landwirt.com\/news\/","logo":{"@type":"ImageObject","inLanguage":"de-AT","@id":"https:\/\/www.landwirt.com\/news\/#\/schema\/logo\/image\/","url":"https:\/\/www.landwirt.com\/news\/wp-content\/uploads\/2020\/02\/LW-logo.png","contentUrl":"https:\/\/www.landwirt.com\/news\/wp-content\/uploads\/2020\/02\/LW-logo.png","width":250,"height":58,"caption":"LANDWIRT.COM GMBH"},"image":{"@id":"https:\/\/www.landwirt.com\/news\/#\/schema\/logo\/image\/"}},{"@type":"Person","@id":"https:\/\/www.landwirt.com\/news\/#\/schema\/person\/75a4bc83f62af5332a58cf5d219a4c51","name":"Lisa Rokos","image":{"@type":"ImageObject","inLanguage":"de-AT","@id":"https:\/\/secure.gravatar.com\/avatar\/7a0bb7bda929bd765c27a74ac583d88484ba68a68a98e3d35a51f87ee30382d9?s=96&d=mm&r=g","url":"https:\/\/secure.gravatar.com\/avatar\/7a0bb7bda929bd765c27a74ac583d88484ba68a68a98e3d35a51f87ee30382d9?s=96&d=mm&r=g","contentUrl":"https:\/\/secure.gravatar.com\/avatar\/7a0bb7bda929bd765c27a74ac583d88484ba68a68a98e3d35a51f87ee30382d9?s=96&d=mm&r=g","caption":"Lisa Rokos"},"url":"https:\/\/www.landwirt.com\/news\/author\/lisa\/"}]}},"_links":{"self":[{"href":"https:\/\/www.landwirt.com\/news\/wp-json\/wp\/v2\/posts\/14814","targetHints":{"allow":["GET"]}}],"collection":[{"href":"https:\/\/www.landwirt.com\/news\/wp-json\/wp\/v2\/posts"}],"about":[{"href":"https:\/\/www.landwirt.com\/news\/wp-json\/wp\/v2\/types\/post"}],"author":[{"embeddable":true,"href":"https:\/\/www.landwirt.com\/news\/wp-json\/wp\/v2\/users\/5"}],"replies":[{"embeddable":true,"href":"https:\/\/www.landwirt.com\/news\/wp-json\/wp\/v2\/comments?post=14814"}],"version-history":[{"count":4,"href":"https:\/\/www.landwirt.com\/news\/wp-json\/wp\/v2\/posts\/14814\/revisions"}],"predecessor-version":[{"id":14835,"href":"https:\/\/www.landwirt.com\/news\/wp-json\/wp\/v2\/posts\/14814\/revisions\/14835"}],"wp:featuredmedia":[{"embeddable":true,"href":"https:\/\/www.landwirt.com\/news\/wp-json\/wp\/v2\/media\/14819"}],"wp:attachment":[{"href":"https:\/\/www.landwirt.com\/news\/wp-json\/wp\/v2\/media?parent=14814"}],"wp:term":[{"taxonomy":"category","embeddable":true,"href":"https:\/\/www.landwirt.com\/news\/wp-json\/wp\/v2\/categories?post=14814"},{"taxonomy":"post_tag","embeddable":true,"href":"https:\/\/www.landwirt.com\/news\/wp-json\/wp\/v2\/tags?post=14814"}],"curies":[{"name":"wp","href":"https:\/\/api.w.org\/{rel}","templated":true}]}}