{"id":14725,"date":"2024-08-09T12:25:53","date_gmt":"2024-08-09T10:25:53","guid":{"rendered":"https:\/\/www.landwirt.com\/news\/?p=14725"},"modified":"2024-08-28T16:46:03","modified_gmt":"2024-08-28T14:46:03","slug":"standardtraktoren-zulassungen-in-oesterreich-jaenner-juli-2024","status":"publish","type":"post","link":"https:\/\/www.landwirt.com\/news\/standardtraktoren-zulassungen-in-oesterreich-jaenner-juli-2024\/","title":{"rendered":"Standardtraktoren-Zulassungen in \u00d6sterreich J\u00e4nner- Juli 2024"},"content":{"rendered":"\n<hr class=\"wp-block-separator has-alpha-channel-opacity\"\/>\n\n\n\n<p><strong>Es ist wieder soweit &#8211; die neuesten Zulassungsstatistiken sind da. Wir haben uns die Zulassungen der Standardtraktoren in \u00d6sterreich angesehen. Es ist nicht \u00fcberraschend, dass STEYR wieder die Liste anf\u00fchrt. Mit 655 Neuzulassungen und 25% Marktanteil haben sie einen gro\u00dfen Vorsprung gegen\u00fcber der anderen Traktorenhersteller &#8211; denn meisten m\u00fcssen einen R\u00fcckgang verkraften.<\/strong><\/p>\n\n\n\n<figure class=\"wp-block-image alignwide size-full\"><img loading=\"lazy\" decoding=\"async\" width=\"834\" height=\"525\" src=\"https:\/\/www.landwirt.com\/news\/wp-content\/uploads\/2024\/08\/image.png\" alt=\"\" class=\"wp-image-14726\" srcset=\"https:\/\/www.landwirt.com\/news\/wp-content\/uploads\/2024\/08\/image.png 834w, https:\/\/www.landwirt.com\/news\/wp-content\/uploads\/2024\/08\/image-300x189.png 300w, https:\/\/www.landwirt.com\/news\/wp-content\/uploads\/2024\/08\/image-768x483.png 768w, https:\/\/www.landwirt.com\/news\/wp-content\/uploads\/2024\/08\/image-705x444.png 705w\" sizes=\"auto, (max-width: 834px) 100vw, 834px\" \/><\/figure>\n\n\n\n<div class=\"wp-block-media-text alignwide has-media-on-the-right is-stacked-on-mobile\"><div class=\"wp-block-media-text__content\">\n<p><strong>Minus -2,7% &#8211; das niedrigste Ergebnis der letzten 5 Jahre<\/strong><br>Ein Blick auf die \u00f6sterreichischen Gesamtzulassungen bei den&nbsp;<a href=\"https:\/\/www.landwirt.com\/gebrauchte\/Gebrauchte-Traktoren.html\">Standardtraktoren<\/a>&nbsp;zeigt einen kleinen R\u00fcckgang gegen\u00fcber dem Vorjahr von -2,7%, Das sind um 73 Traktoren weniger als 2023.<\/p>\n\n\n\n<p><strong>Durchschnittliche Tageszulassungen J\u00e4nner &#8211; Juli 2024<\/strong><\/p>\n\n\n\n<ul class=\"wp-block-list\">\n<li>2020: 37 Stk.<\/li>\n\n\n\n<li>2021: 62 Stk.<\/li>\n\n\n\n<li>2022: 62 Stk.<\/li>\n\n\n\n<li>2023: 44 Stk.<\/li>\n\n\n\n<li>2024: 22 Stk.<\/li>\n<\/ul>\n<\/div><figure class=\"wp-block-media-text__media\"><img loading=\"lazy\" decoding=\"async\" width=\"461\" height=\"350\" src=\"https:\/\/www.landwirt.com\/news\/wp-content\/uploads\/2024\/08\/image-1.png\" alt=\"\" class=\"wp-image-14727 size-full\" srcset=\"https:\/\/www.landwirt.com\/news\/wp-content\/uploads\/2024\/08\/image-1.png 461w, https:\/\/www.landwirt.com\/news\/wp-content\/uploads\/2024\/08\/image-1-300x228.png 300w\" sizes=\"auto, (max-width: 461px) 100vw, 461px\" \/><\/figure><\/div>\n\n\n\n<figure class=\"wp-block-image aligncenter size-full\"><img loading=\"lazy\" decoding=\"async\" width=\"1000\" height=\"1000\" src=\"https:\/\/www.landwirt.com\/news\/wp-content\/uploads\/2024\/08\/01-07.jpg\" alt=\"\" class=\"wp-image-14730\" srcset=\"https:\/\/www.landwirt.com\/news\/wp-content\/uploads\/2024\/08\/01-07.jpg 1000w, https:\/\/www.landwirt.com\/news\/wp-content\/uploads\/2024\/08\/01-07-300x300.jpg 300w, https:\/\/www.landwirt.com\/news\/wp-content\/uploads\/2024\/08\/01-07-80x80.jpg 80w, https:\/\/www.landwirt.com\/news\/wp-content\/uploads\/2024\/08\/01-07-768x768.jpg 768w, https:\/\/www.landwirt.com\/news\/wp-content\/uploads\/2024\/08\/01-07-36x36.jpg 36w, https:\/\/www.landwirt.com\/news\/wp-content\/uploads\/2024\/08\/01-07-180x180.jpg 180w, https:\/\/www.landwirt.com\/news\/wp-content\/uploads\/2024\/08\/01-07-705x705.jpg 705w\" sizes=\"auto, (max-width: 1000px) 100vw, 1000px\" \/><\/figure>\n\n\n\n<p><strong>Quelle: Statistik Austria \/ Erstellt CLUB LANDTECHNIK AUSTRIA<\/strong><\/p>\n","protected":false},"excerpt":{"rendered":"<p>Ein Blick auf die Gesamtzulassungen zeigt ein Minus von -2,7% &#8211; das niedrigste Ergebnis der letzten 5 Jahre.<\/p>\n","protected":false},"author":5,"featured_media":14732,"comment_status":"closed","ping_status":"closed","sticky":false,"template":"","format":"standard","meta":{"footnotes":""},"categories":[15,1,483,14],"tags":[54],"class_list":["post-14725","post","type-post","status-publish","format-standard","has-post-thumbnail","hentry","category-landwirt","category-werbung","category-werbung-top","category-zulassungsstatistik","tag-zulassungsstatistik"],"yoast_head":"<!-- This site is optimized with the Yoast SEO plugin v27.4 - https:\/\/yoast.com\/product\/yoast-seo-wordpress\/ -->\n<title>Standardtraktoren-Zulassungen in \u00d6sterreich J\u00e4nner- Juli 2024 - Landwirt.com News<\/title>\n<meta name=\"robots\" content=\"index, follow, max-snippet:-1, max-image-preview:large, max-video-preview:-1\" \/>\n<meta property=\"og:locale\" content=\"de_DE\" \/>\n<meta property=\"og:type\" content=\"article\" \/>\n<meta property=\"og:title\" content=\"Standardtraktoren-Zulassungen in \u00d6sterreich J\u00e4nner- Juli 2024 - Landwirt.com News\" \/>\n<meta property=\"og:description\" content=\"Ein Blick auf die Gesamtzulassungen zeigt ein Minus von -2,7% - das niedrigste Ergebnis der letzten 5 Jahre.\" \/>\n<meta property=\"og:url\" content=\"https:\/\/www.landwirt.com\/news\/standardtraktoren-zulassungen-in-oesterreich-jaenner-juli-2024\/\" \/>\n<meta property=\"og:site_name\" content=\"Landwirt.com News\" \/>\n<meta property=\"article:published_time\" content=\"2024-08-09T10:25:53+00:00\" \/>\n<meta property=\"article:modified_time\" content=\"2024-08-28T14:46:03+00:00\" \/>\n<meta property=\"og:image\" content=\"https:\/\/www.landwirt.com\/news\/wp-content\/uploads\/2024\/08\/vorschau-zulassung-07.jpg\" \/>\n\t<meta property=\"og:image:width\" content=\"495\" \/>\n\t<meta property=\"og:image:height\" content=\"400\" \/>\n\t<meta property=\"og:image:type\" content=\"image\/jpeg\" \/>\n<meta name=\"author\" content=\"Lisa Rokos\" \/>\n<meta name=\"twitter:card\" content=\"summary_large_image\" \/>\n<meta name=\"twitter:label1\" content=\"Verfasst von\" \/>\n\t<meta name=\"twitter:data1\" content=\"Lisa Rokos\" \/>\n\t<meta name=\"twitter:label2\" content=\"Gesch\u00e4tzte Lesezeit\" \/>\n\t<meta name=\"twitter:data2\" content=\"2 Minuten\" \/>\n<script type=\"application\/ld+json\" class=\"yoast-schema-graph\">{\"@context\":\"https:\\\/\\\/schema.org\",\"@graph\":[{\"@type\":\"Article\",\"@id\":\"https:\\\/\\\/www.landwirt.com\\\/news\\\/standardtraktoren-zulassungen-in-oesterreich-jaenner-juli-2024\\\/#article\",\"isPartOf\":{\"@id\":\"https:\\\/\\\/www.landwirt.com\\\/news\\\/standardtraktoren-zulassungen-in-oesterreich-jaenner-juli-2024\\\/\"},\"author\":{\"name\":\"Lisa Rokos\",\"@id\":\"https:\\\/\\\/www.landwirt.com\\\/news\\\/#\\\/schema\\\/person\\\/75a4bc83f62af5332a58cf5d219a4c51\"},\"headline\":\"Standardtraktoren-Zulassungen in \u00d6sterreich J\u00e4nner- Juli 2024\",\"datePublished\":\"2024-08-09T10:25:53+00:00\",\"dateModified\":\"2024-08-28T14:46:03+00:00\",\"mainEntityOfPage\":{\"@id\":\"https:\\\/\\\/www.landwirt.com\\\/news\\\/standardtraktoren-zulassungen-in-oesterreich-jaenner-juli-2024\\\/\"},\"wordCount\":116,\"publisher\":{\"@id\":\"https:\\\/\\\/www.landwirt.com\\\/news\\\/#organization\"},\"image\":{\"@id\":\"https:\\\/\\\/www.landwirt.com\\\/news\\\/standardtraktoren-zulassungen-in-oesterreich-jaenner-juli-2024\\\/#primaryimage\"},\"thumbnailUrl\":\"https:\\\/\\\/www.landwirt.com\\\/news\\\/wp-content\\\/uploads\\\/2024\\\/08\\\/vorschau-zulassung-07.jpg\",\"keywords\":[\"Zulassungsstatistik\"],\"articleSection\":[\"Landwirt\",\"Werbung\",\"Werbung Top\",\"Zulassungsstatistik\"],\"inLanguage\":\"de-AT\"},{\"@type\":\"WebPage\",\"@id\":\"https:\\\/\\\/www.landwirt.com\\\/news\\\/standardtraktoren-zulassungen-in-oesterreich-jaenner-juli-2024\\\/\",\"url\":\"https:\\\/\\\/www.landwirt.com\\\/news\\\/standardtraktoren-zulassungen-in-oesterreich-jaenner-juli-2024\\\/\",\"name\":\"Standardtraktoren-Zulassungen in \u00d6sterreich J\u00e4nner- Juli 2024 - Landwirt.com News\",\"isPartOf\":{\"@id\":\"https:\\\/\\\/www.landwirt.com\\\/news\\\/#website\"},\"primaryImageOfPage\":{\"@id\":\"https:\\\/\\\/www.landwirt.com\\\/news\\\/standardtraktoren-zulassungen-in-oesterreich-jaenner-juli-2024\\\/#primaryimage\"},\"image\":{\"@id\":\"https:\\\/\\\/www.landwirt.com\\\/news\\\/standardtraktoren-zulassungen-in-oesterreich-jaenner-juli-2024\\\/#primaryimage\"},\"thumbnailUrl\":\"https:\\\/\\\/www.landwirt.com\\\/news\\\/wp-content\\\/uploads\\\/2024\\\/08\\\/vorschau-zulassung-07.jpg\",\"datePublished\":\"2024-08-09T10:25:53+00:00\",\"dateModified\":\"2024-08-28T14:46:03+00:00\",\"breadcrumb\":{\"@id\":\"https:\\\/\\\/www.landwirt.com\\\/news\\\/standardtraktoren-zulassungen-in-oesterreich-jaenner-juli-2024\\\/#breadcrumb\"},\"inLanguage\":\"de-AT\",\"potentialAction\":[{\"@type\":\"ReadAction\",\"target\":[\"https:\\\/\\\/www.landwirt.com\\\/news\\\/standardtraktoren-zulassungen-in-oesterreich-jaenner-juli-2024\\\/\"]}]},{\"@type\":\"ImageObject\",\"inLanguage\":\"de-AT\",\"@id\":\"https:\\\/\\\/www.landwirt.com\\\/news\\\/standardtraktoren-zulassungen-in-oesterreich-jaenner-juli-2024\\\/#primaryimage\",\"url\":\"https:\\\/\\\/www.landwirt.com\\\/news\\\/wp-content\\\/uploads\\\/2024\\\/08\\\/vorschau-zulassung-07.jpg\",\"contentUrl\":\"https:\\\/\\\/www.landwirt.com\\\/news\\\/wp-content\\\/uploads\\\/2024\\\/08\\\/vorschau-zulassung-07.jpg\",\"width\":495,\"height\":400},{\"@type\":\"BreadcrumbList\",\"@id\":\"https:\\\/\\\/www.landwirt.com\\\/news\\\/standardtraktoren-zulassungen-in-oesterreich-jaenner-juli-2024\\\/#breadcrumb\",\"itemListElement\":[{\"@type\":\"ListItem\",\"position\":1,\"name\":\"Home\",\"item\":\"https:\\\/\\\/www.landwirt.com\\\/news\\\/home\\\/\"},{\"@type\":\"ListItem\",\"position\":2,\"name\":\"Standardtraktoren-Zulassungen in \u00d6sterreich J\u00e4nner- Juli 2024\"}]},{\"@type\":\"WebSite\",\"@id\":\"https:\\\/\\\/www.landwirt.com\\\/news\\\/#website\",\"url\":\"https:\\\/\\\/www.landwirt.com\\\/news\\\/\",\"name\":\"Landwirt.com News\",\"description\":\"Landwirt.com News\",\"publisher\":{\"@id\":\"https:\\\/\\\/www.landwirt.com\\\/news\\\/#organization\"},\"potentialAction\":[{\"@type\":\"SearchAction\",\"target\":{\"@type\":\"EntryPoint\",\"urlTemplate\":\"https:\\\/\\\/www.landwirt.com\\\/news\\\/?s={search_term_string}\"},\"query-input\":{\"@type\":\"PropertyValueSpecification\",\"valueRequired\":true,\"valueName\":\"search_term_string\"}}],\"inLanguage\":\"de-AT\"},{\"@type\":\"Organization\",\"@id\":\"https:\\\/\\\/www.landwirt.com\\\/news\\\/#organization\",\"name\":\"LANDWIRT.COM GMBH\",\"url\":\"https:\\\/\\\/www.landwirt.com\\\/news\\\/\",\"logo\":{\"@type\":\"ImageObject\",\"inLanguage\":\"de-AT\",\"@id\":\"https:\\\/\\\/www.landwirt.com\\\/news\\\/#\\\/schema\\\/logo\\\/image\\\/\",\"url\":\"https:\\\/\\\/www.landwirt.com\\\/news\\\/wp-content\\\/uploads\\\/2020\\\/02\\\/LW-logo.png\",\"contentUrl\":\"https:\\\/\\\/www.landwirt.com\\\/news\\\/wp-content\\\/uploads\\\/2020\\\/02\\\/LW-logo.png\",\"width\":250,\"height\":58,\"caption\":\"LANDWIRT.COM GMBH\"},\"image\":{\"@id\":\"https:\\\/\\\/www.landwirt.com\\\/news\\\/#\\\/schema\\\/logo\\\/image\\\/\"}},{\"@type\":\"Person\",\"@id\":\"https:\\\/\\\/www.landwirt.com\\\/news\\\/#\\\/schema\\\/person\\\/75a4bc83f62af5332a58cf5d219a4c51\",\"name\":\"Lisa Rokos\",\"image\":{\"@type\":\"ImageObject\",\"inLanguage\":\"de-AT\",\"@id\":\"https:\\\/\\\/secure.gravatar.com\\\/avatar\\\/7a0bb7bda929bd765c27a74ac583d88484ba68a68a98e3d35a51f87ee30382d9?s=96&d=mm&r=g\",\"url\":\"https:\\\/\\\/secure.gravatar.com\\\/avatar\\\/7a0bb7bda929bd765c27a74ac583d88484ba68a68a98e3d35a51f87ee30382d9?s=96&d=mm&r=g\",\"contentUrl\":\"https:\\\/\\\/secure.gravatar.com\\\/avatar\\\/7a0bb7bda929bd765c27a74ac583d88484ba68a68a98e3d35a51f87ee30382d9?s=96&d=mm&r=g\",\"caption\":\"Lisa Rokos\"},\"url\":\"https:\\\/\\\/www.landwirt.com\\\/news\\\/author\\\/lisa\\\/\"}]}<\/script>\n<!-- \/ Yoast SEO plugin. -->","yoast_head_json":{"title":"Standardtraktoren-Zulassungen in \u00d6sterreich J\u00e4nner- Juli 2024 - Landwirt.com News","robots":{"index":"index","follow":"follow","max-snippet":"max-snippet:-1","max-image-preview":"max-image-preview:large","max-video-preview":"max-video-preview:-1"},"og_locale":"de_DE","og_type":"article","og_title":"Standardtraktoren-Zulassungen in \u00d6sterreich J\u00e4nner- Juli 2024 - Landwirt.com News","og_description":"Ein Blick auf die Gesamtzulassungen zeigt ein Minus von -2,7% - das niedrigste Ergebnis der letzten 5 Jahre.","og_url":"https:\/\/www.landwirt.com\/news\/standardtraktoren-zulassungen-in-oesterreich-jaenner-juli-2024\/","og_site_name":"Landwirt.com News","article_published_time":"2024-08-09T10:25:53+00:00","article_modified_time":"2024-08-28T14:46:03+00:00","og_image":[{"width":495,"height":400,"url":"https:\/\/www.landwirt.com\/news\/wp-content\/uploads\/2024\/08\/vorschau-zulassung-07.jpg","type":"image\/jpeg"}],"author":"Lisa Rokos","twitter_card":"summary_large_image","twitter_misc":{"Verfasst von":"Lisa Rokos","Gesch\u00e4tzte Lesezeit":"2 Minuten"},"schema":{"@context":"https:\/\/schema.org","@graph":[{"@type":"Article","@id":"https:\/\/www.landwirt.com\/news\/standardtraktoren-zulassungen-in-oesterreich-jaenner-juli-2024\/#article","isPartOf":{"@id":"https:\/\/www.landwirt.com\/news\/standardtraktoren-zulassungen-in-oesterreich-jaenner-juli-2024\/"},"author":{"name":"Lisa Rokos","@id":"https:\/\/www.landwirt.com\/news\/#\/schema\/person\/75a4bc83f62af5332a58cf5d219a4c51"},"headline":"Standardtraktoren-Zulassungen in \u00d6sterreich J\u00e4nner- Juli 2024","datePublished":"2024-08-09T10:25:53+00:00","dateModified":"2024-08-28T14:46:03+00:00","mainEntityOfPage":{"@id":"https:\/\/www.landwirt.com\/news\/standardtraktoren-zulassungen-in-oesterreich-jaenner-juli-2024\/"},"wordCount":116,"publisher":{"@id":"https:\/\/www.landwirt.com\/news\/#organization"},"image":{"@id":"https:\/\/www.landwirt.com\/news\/standardtraktoren-zulassungen-in-oesterreich-jaenner-juli-2024\/#primaryimage"},"thumbnailUrl":"https:\/\/www.landwirt.com\/news\/wp-content\/uploads\/2024\/08\/vorschau-zulassung-07.jpg","keywords":["Zulassungsstatistik"],"articleSection":["Landwirt","Werbung","Werbung Top","Zulassungsstatistik"],"inLanguage":"de-AT"},{"@type":"WebPage","@id":"https:\/\/www.landwirt.com\/news\/standardtraktoren-zulassungen-in-oesterreich-jaenner-juli-2024\/","url":"https:\/\/www.landwirt.com\/news\/standardtraktoren-zulassungen-in-oesterreich-jaenner-juli-2024\/","name":"Standardtraktoren-Zulassungen in \u00d6sterreich J\u00e4nner- Juli 2024 - Landwirt.com News","isPartOf":{"@id":"https:\/\/www.landwirt.com\/news\/#website"},"primaryImageOfPage":{"@id":"https:\/\/www.landwirt.com\/news\/standardtraktoren-zulassungen-in-oesterreich-jaenner-juli-2024\/#primaryimage"},"image":{"@id":"https:\/\/www.landwirt.com\/news\/standardtraktoren-zulassungen-in-oesterreich-jaenner-juli-2024\/#primaryimage"},"thumbnailUrl":"https:\/\/www.landwirt.com\/news\/wp-content\/uploads\/2024\/08\/vorschau-zulassung-07.jpg","datePublished":"2024-08-09T10:25:53+00:00","dateModified":"2024-08-28T14:46:03+00:00","breadcrumb":{"@id":"https:\/\/www.landwirt.com\/news\/standardtraktoren-zulassungen-in-oesterreich-jaenner-juli-2024\/#breadcrumb"},"inLanguage":"de-AT","potentialAction":[{"@type":"ReadAction","target":["https:\/\/www.landwirt.com\/news\/standardtraktoren-zulassungen-in-oesterreich-jaenner-juli-2024\/"]}]},{"@type":"ImageObject","inLanguage":"de-AT","@id":"https:\/\/www.landwirt.com\/news\/standardtraktoren-zulassungen-in-oesterreich-jaenner-juli-2024\/#primaryimage","url":"https:\/\/www.landwirt.com\/news\/wp-content\/uploads\/2024\/08\/vorschau-zulassung-07.jpg","contentUrl":"https:\/\/www.landwirt.com\/news\/wp-content\/uploads\/2024\/08\/vorschau-zulassung-07.jpg","width":495,"height":400},{"@type":"BreadcrumbList","@id":"https:\/\/www.landwirt.com\/news\/standardtraktoren-zulassungen-in-oesterreich-jaenner-juli-2024\/#breadcrumb","itemListElement":[{"@type":"ListItem","position":1,"name":"Home","item":"https:\/\/www.landwirt.com\/news\/home\/"},{"@type":"ListItem","position":2,"name":"Standardtraktoren-Zulassungen in \u00d6sterreich J\u00e4nner- Juli 2024"}]},{"@type":"WebSite","@id":"https:\/\/www.landwirt.com\/news\/#website","url":"https:\/\/www.landwirt.com\/news\/","name":"Landwirt.com News","description":"Landwirt.com News","publisher":{"@id":"https:\/\/www.landwirt.com\/news\/#organization"},"potentialAction":[{"@type":"SearchAction","target":{"@type":"EntryPoint","urlTemplate":"https:\/\/www.landwirt.com\/news\/?s={search_term_string}"},"query-input":{"@type":"PropertyValueSpecification","valueRequired":true,"valueName":"search_term_string"}}],"inLanguage":"de-AT"},{"@type":"Organization","@id":"https:\/\/www.landwirt.com\/news\/#organization","name":"LANDWIRT.COM GMBH","url":"https:\/\/www.landwirt.com\/news\/","logo":{"@type":"ImageObject","inLanguage":"de-AT","@id":"https:\/\/www.landwirt.com\/news\/#\/schema\/logo\/image\/","url":"https:\/\/www.landwirt.com\/news\/wp-content\/uploads\/2020\/02\/LW-logo.png","contentUrl":"https:\/\/www.landwirt.com\/news\/wp-content\/uploads\/2020\/02\/LW-logo.png","width":250,"height":58,"caption":"LANDWIRT.COM GMBH"},"image":{"@id":"https:\/\/www.landwirt.com\/news\/#\/schema\/logo\/image\/"}},{"@type":"Person","@id":"https:\/\/www.landwirt.com\/news\/#\/schema\/person\/75a4bc83f62af5332a58cf5d219a4c51","name":"Lisa Rokos","image":{"@type":"ImageObject","inLanguage":"de-AT","@id":"https:\/\/secure.gravatar.com\/avatar\/7a0bb7bda929bd765c27a74ac583d88484ba68a68a98e3d35a51f87ee30382d9?s=96&d=mm&r=g","url":"https:\/\/secure.gravatar.com\/avatar\/7a0bb7bda929bd765c27a74ac583d88484ba68a68a98e3d35a51f87ee30382d9?s=96&d=mm&r=g","contentUrl":"https:\/\/secure.gravatar.com\/avatar\/7a0bb7bda929bd765c27a74ac583d88484ba68a68a98e3d35a51f87ee30382d9?s=96&d=mm&r=g","caption":"Lisa Rokos"},"url":"https:\/\/www.landwirt.com\/news\/author\/lisa\/"}]}},"_links":{"self":[{"href":"https:\/\/www.landwirt.com\/news\/wp-json\/wp\/v2\/posts\/14725","targetHints":{"allow":["GET"]}}],"collection":[{"href":"https:\/\/www.landwirt.com\/news\/wp-json\/wp\/v2\/posts"}],"about":[{"href":"https:\/\/www.landwirt.com\/news\/wp-json\/wp\/v2\/types\/post"}],"author":[{"embeddable":true,"href":"https:\/\/www.landwirt.com\/news\/wp-json\/wp\/v2\/users\/5"}],"replies":[{"embeddable":true,"href":"https:\/\/www.landwirt.com\/news\/wp-json\/wp\/v2\/comments?post=14725"}],"version-history":[{"count":2,"href":"https:\/\/www.landwirt.com\/news\/wp-json\/wp\/v2\/posts\/14725\/revisions"}],"predecessor-version":[{"id":14792,"href":"https:\/\/www.landwirt.com\/news\/wp-json\/wp\/v2\/posts\/14725\/revisions\/14792"}],"wp:featuredmedia":[{"embeddable":true,"href":"https:\/\/www.landwirt.com\/news\/wp-json\/wp\/v2\/media\/14732"}],"wp:attachment":[{"href":"https:\/\/www.landwirt.com\/news\/wp-json\/wp\/v2\/media?parent=14725"}],"wp:term":[{"taxonomy":"category","embeddable":true,"href":"https:\/\/www.landwirt.com\/news\/wp-json\/wp\/v2\/categories?post=14725"},{"taxonomy":"post_tag","embeddable":true,"href":"https:\/\/www.landwirt.com\/news\/wp-json\/wp\/v2\/tags?post=14725"}],"curies":[{"name":"wp","href":"https:\/\/api.w.org\/{rel}","templated":true}]}}