{"id":14556,"date":"2024-06-26T11:36:15","date_gmt":"2024-06-26T09:36:15","guid":{"rendered":"https:\/\/www.landwirt.com\/news\/?p=14556"},"modified":"2024-06-26T11:36:16","modified_gmt":"2024-06-26T09:36:16","slug":"rinderstall-messeneuheiten-von-schauer-agrotronic-zur-messe-agrotier-wels","status":"publish","type":"post","link":"https:\/\/www.landwirt.com\/news\/rinderstall-messeneuheiten-von-schauer-agrotronic-zur-messe-agrotier-wels\/","title":{"rendered":"Rinderstall Messeneuheiten von Schauer Agrotronic zur Messe AgroTier Wels"},"content":{"rendered":"\n<hr class=\"wp-block-separator has-alpha-channel-opacity\"\/>\n\n\n\n<figure class=\"wp-block-image alignwide size-large\"><img loading=\"lazy\" decoding=\"async\" width=\"1030\" height=\"579\" src=\"https:\/\/www.landwirt.com\/news\/wp-content\/uploads\/2024\/06\/Collage-Messeneuheiten-2024-Rind-1030x579.jpg\" alt=\"\" class=\"wp-image-14558\" srcset=\"https:\/\/www.landwirt.com\/news\/wp-content\/uploads\/2024\/06\/Collage-Messeneuheiten-2024-Rind-1030x579.jpg 1030w, https:\/\/www.landwirt.com\/news\/wp-content\/uploads\/2024\/06\/Collage-Messeneuheiten-2024-Rind-300x169.jpg 300w, https:\/\/www.landwirt.com\/news\/wp-content\/uploads\/2024\/06\/Collage-Messeneuheiten-2024-Rind-768x432.jpg 768w, https:\/\/www.landwirt.com\/news\/wp-content\/uploads\/2024\/06\/Collage-Messeneuheiten-2024-Rind-1536x864.jpg 1536w, https:\/\/www.landwirt.com\/news\/wp-content\/uploads\/2024\/06\/Collage-Messeneuheiten-2024-Rind-2048x1152.jpg 2048w, https:\/\/www.landwirt.com\/news\/wp-content\/uploads\/2024\/06\/Collage-Messeneuheiten-2024-Rind-1500x844.jpg 1500w, https:\/\/www.landwirt.com\/news\/wp-content\/uploads\/2024\/06\/Collage-Messeneuheiten-2024-Rind-705x397.jpg 705w\" sizes=\"auto, (max-width: 1030px) 100vw, 1030px\" \/><\/figure>\n\n\n\n<p>Seit 75 Jahren bringen Innovationen von Schauer Agrotronic mehr Lebensqualit\u00e4t bei gleichzeitig steigender Effizienz im Rinderbetrieb. Die neue <strong>FARO dynamic 2.0 Software<\/strong> erm\u00f6glicht flexible Einf\u00fctterungszeiten und Anschiebe-Intervalle auf Knopfdruck sowie eine gruppenspezifische Kraftfutterdosierung. Zum Jubil\u00e4um schenken wir Ihnen \u20ac 750.\u2014inkl. MwSt. pro Roboter. Der <strong>ENRO plus<\/strong> Entmistungsroboter ist die optimale L\u00f6sung zur Reinigung von kleinen und mittleren St\u00e4llen mit fester Lauffl\u00e4che. F\u00fcr das FEEDO Futterband wurde eine neue <strong>FEEDO-Mix Steuerung<\/strong> entwickelt, die Mischrationen vom station\u00e4ren Mischer per Knopfdruck automatisch auf das Futterband f\u00f6rdert. Mit <strong>Strohmatic Air ASD<\/strong> hat Schauer erstmals eine automatische und fl\u00e4chige Verteilung von eingestreuten Liegefl\u00e4chen f\u00fcr Rinder-, Schweine- und Gefl\u00fcgelst\u00e4lle realisiert und unterstreicht damit erneut den F\u00fchrungsanspruch bei automatischen Einstreusystemen. Bez\u00fcglich der notwendigen <strong>emissionsmindernden Ma\u00dfnahme<\/strong> f\u00fcr Ihren Stallneu- oder Umbau beraten wir Sie gerne. <a href=\"http:\/\/www.schauer-agrotronic.com\">www.schauer-agrotronic.com<\/a>.<\/p>\n","protected":false},"excerpt":{"rendered":"<p>Seit 75 Jahren bringen Innovationen von Schauer Agrotronic mehr Lebensqualit\u00e4t bei gleichzeitig steigender Effizienz im Rinderbetrieb. Auf der AgroTier werden wieder einige Neuheiten dabei sein.<\/p>\n","protected":false},"author":5,"featured_media":14559,"comment_status":"closed","ping_status":"closed","sticky":false,"template":"","format":"standard","meta":{"footnotes":""},"categories":[15,1],"tags":[111,507,543],"class_list":["post-14556","post","type-post","status-publish","format-standard","has-post-thumbnail","hentry","category-landwirt","category-werbung","tag-rind","tag-schauer","tag-stall"],"yoast_head":"<!-- This site is optimized with the Yoast SEO plugin v27.4 - https:\/\/yoast.com\/product\/yoast-seo-wordpress\/ -->\n<title>Rinderstall Messeneuheiten von Schauer Agrotronic zur Messe AgroTier Wels - Landwirt.com News<\/title>\n<meta name=\"robots\" content=\"index, follow, max-snippet:-1, max-image-preview:large, max-video-preview:-1\" \/>\n<meta property=\"og:locale\" content=\"de_DE\" \/>\n<meta property=\"og:type\" content=\"article\" \/>\n<meta property=\"og:title\" content=\"Rinderstall Messeneuheiten von Schauer Agrotronic zur Messe AgroTier Wels - Landwirt.com News\" \/>\n<meta property=\"og:description\" content=\"Seit 75 Jahren bringen Innovationen von Schauer Agrotronic mehr Lebensqualit\u00e4t bei gleichzeitig steigender Effizienz im Rinderbetrieb. Auf der AgroTier werden wieder einige Neuheiten dabei sein.\" \/>\n<meta property=\"og:url\" content=\"https:\/\/www.landwirt.com\/news\/rinderstall-messeneuheiten-von-schauer-agrotronic-zur-messe-agrotier-wels\/\" \/>\n<meta property=\"og:site_name\" content=\"Landwirt.com News\" \/>\n<meta property=\"article:published_time\" content=\"2024-06-26T09:36:15+00:00\" \/>\n<meta property=\"article:modified_time\" content=\"2024-06-26T09:36:16+00:00\" \/>\n<meta property=\"og:image\" content=\"https:\/\/www.landwirt.com\/news\/wp-content\/uploads\/2024\/06\/vorschau-schauer-neuheit.jpg\" \/>\n\t<meta property=\"og:image:width\" content=\"495\" \/>\n\t<meta property=\"og:image:height\" content=\"400\" \/>\n\t<meta property=\"og:image:type\" content=\"image\/jpeg\" \/>\n<meta name=\"author\" content=\"Lisa Rokos\" \/>\n<meta name=\"twitter:card\" content=\"summary_large_image\" \/>\n<meta name=\"twitter:label1\" content=\"Verfasst von\" \/>\n\t<meta name=\"twitter:data1\" content=\"Lisa Rokos\" \/>\n\t<meta name=\"twitter:label2\" content=\"Gesch\u00e4tzte Lesezeit\" \/>\n\t<meta name=\"twitter:data2\" content=\"1 Minute\" \/>\n<script type=\"application\/ld+json\" class=\"yoast-schema-graph\">{\"@context\":\"https:\\\/\\\/schema.org\",\"@graph\":[{\"@type\":\"Article\",\"@id\":\"https:\\\/\\\/www.landwirt.com\\\/news\\\/rinderstall-messeneuheiten-von-schauer-agrotronic-zur-messe-agrotier-wels\\\/#article\",\"isPartOf\":{\"@id\":\"https:\\\/\\\/www.landwirt.com\\\/news\\\/rinderstall-messeneuheiten-von-schauer-agrotronic-zur-messe-agrotier-wels\\\/\"},\"author\":{\"name\":\"Lisa Rokos\",\"@id\":\"https:\\\/\\\/www.landwirt.com\\\/news\\\/#\\\/schema\\\/person\\\/75a4bc83f62af5332a58cf5d219a4c51\"},\"headline\":\"Rinderstall Messeneuheiten von Schauer Agrotronic zur Messe AgroTier Wels\",\"datePublished\":\"2024-06-26T09:36:15+00:00\",\"dateModified\":\"2024-06-26T09:36:16+00:00\",\"mainEntityOfPage\":{\"@id\":\"https:\\\/\\\/www.landwirt.com\\\/news\\\/rinderstall-messeneuheiten-von-schauer-agrotronic-zur-messe-agrotier-wels\\\/\"},\"wordCount\":155,\"publisher\":{\"@id\":\"https:\\\/\\\/www.landwirt.com\\\/news\\\/#organization\"},\"image\":{\"@id\":\"https:\\\/\\\/www.landwirt.com\\\/news\\\/rinderstall-messeneuheiten-von-schauer-agrotronic-zur-messe-agrotier-wels\\\/#primaryimage\"},\"thumbnailUrl\":\"https:\\\/\\\/www.landwirt.com\\\/news\\\/wp-content\\\/uploads\\\/2024\\\/06\\\/vorschau-schauer-neuheit.jpg\",\"keywords\":[\"Rind\",\"Schauer\",\"Stall\"],\"articleSection\":[\"Landwirt\",\"Werbung\"],\"inLanguage\":\"de-AT\"},{\"@type\":\"WebPage\",\"@id\":\"https:\\\/\\\/www.landwirt.com\\\/news\\\/rinderstall-messeneuheiten-von-schauer-agrotronic-zur-messe-agrotier-wels\\\/\",\"url\":\"https:\\\/\\\/www.landwirt.com\\\/news\\\/rinderstall-messeneuheiten-von-schauer-agrotronic-zur-messe-agrotier-wels\\\/\",\"name\":\"Rinderstall Messeneuheiten von Schauer Agrotronic zur Messe AgroTier Wels - Landwirt.com News\",\"isPartOf\":{\"@id\":\"https:\\\/\\\/www.landwirt.com\\\/news\\\/#website\"},\"primaryImageOfPage\":{\"@id\":\"https:\\\/\\\/www.landwirt.com\\\/news\\\/rinderstall-messeneuheiten-von-schauer-agrotronic-zur-messe-agrotier-wels\\\/#primaryimage\"},\"image\":{\"@id\":\"https:\\\/\\\/www.landwirt.com\\\/news\\\/rinderstall-messeneuheiten-von-schauer-agrotronic-zur-messe-agrotier-wels\\\/#primaryimage\"},\"thumbnailUrl\":\"https:\\\/\\\/www.landwirt.com\\\/news\\\/wp-content\\\/uploads\\\/2024\\\/06\\\/vorschau-schauer-neuheit.jpg\",\"datePublished\":\"2024-06-26T09:36:15+00:00\",\"dateModified\":\"2024-06-26T09:36:16+00:00\",\"breadcrumb\":{\"@id\":\"https:\\\/\\\/www.landwirt.com\\\/news\\\/rinderstall-messeneuheiten-von-schauer-agrotronic-zur-messe-agrotier-wels\\\/#breadcrumb\"},\"inLanguage\":\"de-AT\",\"potentialAction\":[{\"@type\":\"ReadAction\",\"target\":[\"https:\\\/\\\/www.landwirt.com\\\/news\\\/rinderstall-messeneuheiten-von-schauer-agrotronic-zur-messe-agrotier-wels\\\/\"]}]},{\"@type\":\"ImageObject\",\"inLanguage\":\"de-AT\",\"@id\":\"https:\\\/\\\/www.landwirt.com\\\/news\\\/rinderstall-messeneuheiten-von-schauer-agrotronic-zur-messe-agrotier-wels\\\/#primaryimage\",\"url\":\"https:\\\/\\\/www.landwirt.com\\\/news\\\/wp-content\\\/uploads\\\/2024\\\/06\\\/vorschau-schauer-neuheit.jpg\",\"contentUrl\":\"https:\\\/\\\/www.landwirt.com\\\/news\\\/wp-content\\\/uploads\\\/2024\\\/06\\\/vorschau-schauer-neuheit.jpg\",\"width\":495,\"height\":400},{\"@type\":\"BreadcrumbList\",\"@id\":\"https:\\\/\\\/www.landwirt.com\\\/news\\\/rinderstall-messeneuheiten-von-schauer-agrotronic-zur-messe-agrotier-wels\\\/#breadcrumb\",\"itemListElement\":[{\"@type\":\"ListItem\",\"position\":1,\"name\":\"Home\",\"item\":\"https:\\\/\\\/www.landwirt.com\\\/news\\\/home\\\/\"},{\"@type\":\"ListItem\",\"position\":2,\"name\":\"Rinderstall Messeneuheiten von Schauer Agrotronic zur Messe AgroTier Wels\"}]},{\"@type\":\"WebSite\",\"@id\":\"https:\\\/\\\/www.landwirt.com\\\/news\\\/#website\",\"url\":\"https:\\\/\\\/www.landwirt.com\\\/news\\\/\",\"name\":\"Landwirt.com News\",\"description\":\"Landwirt.com News\",\"publisher\":{\"@id\":\"https:\\\/\\\/www.landwirt.com\\\/news\\\/#organization\"},\"potentialAction\":[{\"@type\":\"SearchAction\",\"target\":{\"@type\":\"EntryPoint\",\"urlTemplate\":\"https:\\\/\\\/www.landwirt.com\\\/news\\\/?s={search_term_string}\"},\"query-input\":{\"@type\":\"PropertyValueSpecification\",\"valueRequired\":true,\"valueName\":\"search_term_string\"}}],\"inLanguage\":\"de-AT\"},{\"@type\":\"Organization\",\"@id\":\"https:\\\/\\\/www.landwirt.com\\\/news\\\/#organization\",\"name\":\"LANDWIRT.COM GMBH\",\"url\":\"https:\\\/\\\/www.landwirt.com\\\/news\\\/\",\"logo\":{\"@type\":\"ImageObject\",\"inLanguage\":\"de-AT\",\"@id\":\"https:\\\/\\\/www.landwirt.com\\\/news\\\/#\\\/schema\\\/logo\\\/image\\\/\",\"url\":\"https:\\\/\\\/www.landwirt.com\\\/news\\\/wp-content\\\/uploads\\\/2020\\\/02\\\/LW-logo.png\",\"contentUrl\":\"https:\\\/\\\/www.landwirt.com\\\/news\\\/wp-content\\\/uploads\\\/2020\\\/02\\\/LW-logo.png\",\"width\":250,\"height\":58,\"caption\":\"LANDWIRT.COM GMBH\"},\"image\":{\"@id\":\"https:\\\/\\\/www.landwirt.com\\\/news\\\/#\\\/schema\\\/logo\\\/image\\\/\"}},{\"@type\":\"Person\",\"@id\":\"https:\\\/\\\/www.landwirt.com\\\/news\\\/#\\\/schema\\\/person\\\/75a4bc83f62af5332a58cf5d219a4c51\",\"name\":\"Lisa Rokos\",\"image\":{\"@type\":\"ImageObject\",\"inLanguage\":\"de-AT\",\"@id\":\"https:\\\/\\\/secure.gravatar.com\\\/avatar\\\/7a0bb7bda929bd765c27a74ac583d88484ba68a68a98e3d35a51f87ee30382d9?s=96&d=mm&r=g\",\"url\":\"https:\\\/\\\/secure.gravatar.com\\\/avatar\\\/7a0bb7bda929bd765c27a74ac583d88484ba68a68a98e3d35a51f87ee30382d9?s=96&d=mm&r=g\",\"contentUrl\":\"https:\\\/\\\/secure.gravatar.com\\\/avatar\\\/7a0bb7bda929bd765c27a74ac583d88484ba68a68a98e3d35a51f87ee30382d9?s=96&d=mm&r=g\",\"caption\":\"Lisa Rokos\"},\"url\":\"https:\\\/\\\/www.landwirt.com\\\/news\\\/author\\\/lisa\\\/\"}]}<\/script>\n<!-- \/ Yoast SEO plugin. -->","yoast_head_json":{"title":"Rinderstall Messeneuheiten von Schauer Agrotronic zur Messe AgroTier Wels - Landwirt.com News","robots":{"index":"index","follow":"follow","max-snippet":"max-snippet:-1","max-image-preview":"max-image-preview:large","max-video-preview":"max-video-preview:-1"},"og_locale":"de_DE","og_type":"article","og_title":"Rinderstall Messeneuheiten von Schauer Agrotronic zur Messe AgroTier Wels - Landwirt.com News","og_description":"Seit 75 Jahren bringen Innovationen von Schauer Agrotronic mehr Lebensqualit\u00e4t bei gleichzeitig steigender Effizienz im Rinderbetrieb. Auf der AgroTier werden wieder einige Neuheiten dabei sein.","og_url":"https:\/\/www.landwirt.com\/news\/rinderstall-messeneuheiten-von-schauer-agrotronic-zur-messe-agrotier-wels\/","og_site_name":"Landwirt.com News","article_published_time":"2024-06-26T09:36:15+00:00","article_modified_time":"2024-06-26T09:36:16+00:00","og_image":[{"width":495,"height":400,"url":"https:\/\/www.landwirt.com\/news\/wp-content\/uploads\/2024\/06\/vorschau-schauer-neuheit.jpg","type":"image\/jpeg"}],"author":"Lisa Rokos","twitter_card":"summary_large_image","twitter_misc":{"Verfasst von":"Lisa Rokos","Gesch\u00e4tzte Lesezeit":"1 Minute"},"schema":{"@context":"https:\/\/schema.org","@graph":[{"@type":"Article","@id":"https:\/\/www.landwirt.com\/news\/rinderstall-messeneuheiten-von-schauer-agrotronic-zur-messe-agrotier-wels\/#article","isPartOf":{"@id":"https:\/\/www.landwirt.com\/news\/rinderstall-messeneuheiten-von-schauer-agrotronic-zur-messe-agrotier-wels\/"},"author":{"name":"Lisa Rokos","@id":"https:\/\/www.landwirt.com\/news\/#\/schema\/person\/75a4bc83f62af5332a58cf5d219a4c51"},"headline":"Rinderstall Messeneuheiten von Schauer Agrotronic zur Messe AgroTier Wels","datePublished":"2024-06-26T09:36:15+00:00","dateModified":"2024-06-26T09:36:16+00:00","mainEntityOfPage":{"@id":"https:\/\/www.landwirt.com\/news\/rinderstall-messeneuheiten-von-schauer-agrotronic-zur-messe-agrotier-wels\/"},"wordCount":155,"publisher":{"@id":"https:\/\/www.landwirt.com\/news\/#organization"},"image":{"@id":"https:\/\/www.landwirt.com\/news\/rinderstall-messeneuheiten-von-schauer-agrotronic-zur-messe-agrotier-wels\/#primaryimage"},"thumbnailUrl":"https:\/\/www.landwirt.com\/news\/wp-content\/uploads\/2024\/06\/vorschau-schauer-neuheit.jpg","keywords":["Rind","Schauer","Stall"],"articleSection":["Landwirt","Werbung"],"inLanguage":"de-AT"},{"@type":"WebPage","@id":"https:\/\/www.landwirt.com\/news\/rinderstall-messeneuheiten-von-schauer-agrotronic-zur-messe-agrotier-wels\/","url":"https:\/\/www.landwirt.com\/news\/rinderstall-messeneuheiten-von-schauer-agrotronic-zur-messe-agrotier-wels\/","name":"Rinderstall Messeneuheiten von Schauer Agrotronic zur Messe AgroTier Wels - Landwirt.com News","isPartOf":{"@id":"https:\/\/www.landwirt.com\/news\/#website"},"primaryImageOfPage":{"@id":"https:\/\/www.landwirt.com\/news\/rinderstall-messeneuheiten-von-schauer-agrotronic-zur-messe-agrotier-wels\/#primaryimage"},"image":{"@id":"https:\/\/www.landwirt.com\/news\/rinderstall-messeneuheiten-von-schauer-agrotronic-zur-messe-agrotier-wels\/#primaryimage"},"thumbnailUrl":"https:\/\/www.landwirt.com\/news\/wp-content\/uploads\/2024\/06\/vorschau-schauer-neuheit.jpg","datePublished":"2024-06-26T09:36:15+00:00","dateModified":"2024-06-26T09:36:16+00:00","breadcrumb":{"@id":"https:\/\/www.landwirt.com\/news\/rinderstall-messeneuheiten-von-schauer-agrotronic-zur-messe-agrotier-wels\/#breadcrumb"},"inLanguage":"de-AT","potentialAction":[{"@type":"ReadAction","target":["https:\/\/www.landwirt.com\/news\/rinderstall-messeneuheiten-von-schauer-agrotronic-zur-messe-agrotier-wels\/"]}]},{"@type":"ImageObject","inLanguage":"de-AT","@id":"https:\/\/www.landwirt.com\/news\/rinderstall-messeneuheiten-von-schauer-agrotronic-zur-messe-agrotier-wels\/#primaryimage","url":"https:\/\/www.landwirt.com\/news\/wp-content\/uploads\/2024\/06\/vorschau-schauer-neuheit.jpg","contentUrl":"https:\/\/www.landwirt.com\/news\/wp-content\/uploads\/2024\/06\/vorschau-schauer-neuheit.jpg","width":495,"height":400},{"@type":"BreadcrumbList","@id":"https:\/\/www.landwirt.com\/news\/rinderstall-messeneuheiten-von-schauer-agrotronic-zur-messe-agrotier-wels\/#breadcrumb","itemListElement":[{"@type":"ListItem","position":1,"name":"Home","item":"https:\/\/www.landwirt.com\/news\/home\/"},{"@type":"ListItem","position":2,"name":"Rinderstall Messeneuheiten von Schauer Agrotronic zur Messe AgroTier Wels"}]},{"@type":"WebSite","@id":"https:\/\/www.landwirt.com\/news\/#website","url":"https:\/\/www.landwirt.com\/news\/","name":"Landwirt.com News","description":"Landwirt.com News","publisher":{"@id":"https:\/\/www.landwirt.com\/news\/#organization"},"potentialAction":[{"@type":"SearchAction","target":{"@type":"EntryPoint","urlTemplate":"https:\/\/www.landwirt.com\/news\/?s={search_term_string}"},"query-input":{"@type":"PropertyValueSpecification","valueRequired":true,"valueName":"search_term_string"}}],"inLanguage":"de-AT"},{"@type":"Organization","@id":"https:\/\/www.landwirt.com\/news\/#organization","name":"LANDWIRT.COM GMBH","url":"https:\/\/www.landwirt.com\/news\/","logo":{"@type":"ImageObject","inLanguage":"de-AT","@id":"https:\/\/www.landwirt.com\/news\/#\/schema\/logo\/image\/","url":"https:\/\/www.landwirt.com\/news\/wp-content\/uploads\/2020\/02\/LW-logo.png","contentUrl":"https:\/\/www.landwirt.com\/news\/wp-content\/uploads\/2020\/02\/LW-logo.png","width":250,"height":58,"caption":"LANDWIRT.COM GMBH"},"image":{"@id":"https:\/\/www.landwirt.com\/news\/#\/schema\/logo\/image\/"}},{"@type":"Person","@id":"https:\/\/www.landwirt.com\/news\/#\/schema\/person\/75a4bc83f62af5332a58cf5d219a4c51","name":"Lisa Rokos","image":{"@type":"ImageObject","inLanguage":"de-AT","@id":"https:\/\/secure.gravatar.com\/avatar\/7a0bb7bda929bd765c27a74ac583d88484ba68a68a98e3d35a51f87ee30382d9?s=96&d=mm&r=g","url":"https:\/\/secure.gravatar.com\/avatar\/7a0bb7bda929bd765c27a74ac583d88484ba68a68a98e3d35a51f87ee30382d9?s=96&d=mm&r=g","contentUrl":"https:\/\/secure.gravatar.com\/avatar\/7a0bb7bda929bd765c27a74ac583d88484ba68a68a98e3d35a51f87ee30382d9?s=96&d=mm&r=g","caption":"Lisa Rokos"},"url":"https:\/\/www.landwirt.com\/news\/author\/lisa\/"}]}},"_links":{"self":[{"href":"https:\/\/www.landwirt.com\/news\/wp-json\/wp\/v2\/posts\/14556","targetHints":{"allow":["GET"]}}],"collection":[{"href":"https:\/\/www.landwirt.com\/news\/wp-json\/wp\/v2\/posts"}],"about":[{"href":"https:\/\/www.landwirt.com\/news\/wp-json\/wp\/v2\/types\/post"}],"author":[{"embeddable":true,"href":"https:\/\/www.landwirt.com\/news\/wp-json\/wp\/v2\/users\/5"}],"replies":[{"embeddable":true,"href":"https:\/\/www.landwirt.com\/news\/wp-json\/wp\/v2\/comments?post=14556"}],"version-history":[{"count":1,"href":"https:\/\/www.landwirt.com\/news\/wp-json\/wp\/v2\/posts\/14556\/revisions"}],"predecessor-version":[{"id":14562,"href":"https:\/\/www.landwirt.com\/news\/wp-json\/wp\/v2\/posts\/14556\/revisions\/14562"}],"wp:featuredmedia":[{"embeddable":true,"href":"https:\/\/www.landwirt.com\/news\/wp-json\/wp\/v2\/media\/14559"}],"wp:attachment":[{"href":"https:\/\/www.landwirt.com\/news\/wp-json\/wp\/v2\/media?parent=14556"}],"wp:term":[{"taxonomy":"category","embeddable":true,"href":"https:\/\/www.landwirt.com\/news\/wp-json\/wp\/v2\/categories?post=14556"},{"taxonomy":"post_tag","embeddable":true,"href":"https:\/\/www.landwirt.com\/news\/wp-json\/wp\/v2\/tags?post=14556"}],"curies":[{"name":"wp","href":"https:\/\/api.w.org\/{rel}","templated":true}]}}