{"id":14436,"date":"2024-06-11T13:22:14","date_gmt":"2024-06-11T11:22:14","guid":{"rendered":"https:\/\/www.landwirt.com\/news\/?p=14436"},"modified":"2024-06-20T12:57:08","modified_gmt":"2024-06-20T10:57:08","slug":"standardtraktoren-zulassungen-in-oesterreich-jaenner-mai-2024","status":"publish","type":"post","link":"https:\/\/www.landwirt.com\/news\/standardtraktoren-zulassungen-in-oesterreich-jaenner-mai-2024\/","title":{"rendered":"Standardtraktoren-Zulassungen in \u00d6sterreich J\u00e4nner- Mai 2024"},"content":{"rendered":"\n<hr class=\"wp-block-separator has-alpha-channel-opacity\"\/>\n\n\n\n<p><strong><a href=\"https:\/\/www.landwirt.com\/gebrauchte\/Gebrauchte-Steyr-Traktoren.html\">Steyr<\/a> ist mit einem Marktanteil von 25% und 485 Zulassungen nach wie vor an der Spitze der Tabelle und verzeichnet ein deutliches Plus gegen\u00fcber dem Vorjahr. New Holland ist wieder unter dem Top 3 und r\u00fcckt mit 214 Neuzulassungen wieder vor John Deere. <\/strong><\/p>\n\n\n\n<figure class=\"wp-block-image alignwide size-full\"><img loading=\"lazy\" decoding=\"async\" width=\"781\" height=\"475\" src=\"https:\/\/www.landwirt.com\/news\/wp-content\/uploads\/2024\/06\/image-1.png\" alt=\"\" class=\"wp-image-14437\" srcset=\"https:\/\/www.landwirt.com\/news\/wp-content\/uploads\/2024\/06\/image-1.png 781w, https:\/\/www.landwirt.com\/news\/wp-content\/uploads\/2024\/06\/image-1-300x182.png 300w, https:\/\/www.landwirt.com\/news\/wp-content\/uploads\/2024\/06\/image-1-768x467.png 768w, https:\/\/www.landwirt.com\/news\/wp-content\/uploads\/2024\/06\/image-1-705x429.png 705w\" sizes=\"auto, (max-width: 781px) 100vw, 781px\" \/><\/figure>\n\n\n\n<div class=\"wp-block-media-text alignwide has-media-on-the-right is-stacked-on-mobile\"><div class=\"wp-block-media-text__content\">\n<p>Auch bei <a href=\"https:\/\/www.landwirt.com\/gebrauchte\/Gebrauchte-Fendt-Traktoren.html\">FENDT<\/a> sieht mal ein deutliches Plus. Im vergangenen Jahr lagen sie um diese Zeit bei 244 Neuzulassungen. 2024 liegt der Wert bereits bei 326. Deutz-Fahr hingegen muss einen deutlichen R\u00fcckgang feststellen.<\/p>\n\n\n\n<p>Ein Blick auf die \u00f6sterreichischen Gesamtzulassungen bei den <a href=\"https:\/\/www.landwirt.com\/gebrauchte\/Gebrauchte-Traktoren.html\">Standardtraktoren<\/a> zeigt einen kleinen R\u00fcckgang gegen\u00fcber dem Vorjahr von -1,1%, Das sind um 21 St\u00fcck weniger.<\/p>\n<\/div><figure class=\"wp-block-media-text__media\"><img loading=\"lazy\" decoding=\"async\" width=\"601\" height=\"456\" src=\"https:\/\/www.landwirt.com\/news\/wp-content\/uploads\/2024\/06\/image-3.png\" alt=\"\" class=\"wp-image-14439 size-full\" srcset=\"https:\/\/www.landwirt.com\/news\/wp-content\/uploads\/2024\/06\/image-3.png 601w, https:\/\/www.landwirt.com\/news\/wp-content\/uploads\/2024\/06\/image-3-300x228.png 300w\" sizes=\"auto, (max-width: 601px) 100vw, 601px\" \/><\/figure><\/div>\n\n\n\n<div class=\"wp-block-media-text alignwide is-stacked-on-mobile\"><figure class=\"wp-block-media-text__media\"><img loading=\"lazy\" decoding=\"async\" width=\"568\" height=\"816\" src=\"https:\/\/www.landwirt.com\/news\/wp-content\/uploads\/2024\/06\/image-2.png\" alt=\"\" class=\"wp-image-14438 size-full\" srcset=\"https:\/\/www.landwirt.com\/news\/wp-content\/uploads\/2024\/06\/image-2.png 568w, https:\/\/www.landwirt.com\/news\/wp-content\/uploads\/2024\/06\/image-2-209x300.png 209w, https:\/\/www.landwirt.com\/news\/wp-content\/uploads\/2024\/06\/image-2-491x705.png 491w\" sizes=\"auto, (max-width: 568px) 100vw, 568px\" \/><\/figure><div class=\"wp-block-media-text__content\">\n<p><\/p>\n<\/div><\/div>\n\n\n\n<p><\/p>\n","protected":false},"excerpt":{"rendered":"<p>Steyr ist mit einem Marktanteil von 25% und 485 Zulassungen nach wie vor an der Spitze der Tabelle und verzeichnet ein deutliches Plus gegen\u00fcber dem Vorjahr. <\/p>\n","protected":false},"author":5,"featured_media":14440,"comment_status":"closed","ping_status":"closed","sticky":false,"template":"","format":"standard","meta":{"footnotes":""},"categories":[15,1,14],"tags":[54],"class_list":["post-14436","post","type-post","status-publish","format-standard","has-post-thumbnail","hentry","category-landwirt","category-werbung","category-zulassungsstatistik","tag-zulassungsstatistik"],"yoast_head":"<!-- This site is optimized with the Yoast SEO plugin v27.4 - https:\/\/yoast.com\/product\/yoast-seo-wordpress\/ -->\n<title>Standardtraktoren-Zulassungen in \u00d6sterreich J\u00e4nner- Mai 2024 - Landwirt.com News<\/title>\n<meta name=\"robots\" content=\"index, follow, max-snippet:-1, max-image-preview:large, max-video-preview:-1\" \/>\n<meta property=\"og:locale\" content=\"de_DE\" \/>\n<meta property=\"og:type\" content=\"article\" \/>\n<meta property=\"og:title\" content=\"Standardtraktoren-Zulassungen in \u00d6sterreich J\u00e4nner- Mai 2024 - Landwirt.com News\" \/>\n<meta property=\"og:description\" content=\"Steyr ist mit einem Marktanteil von 25% und 485 Zulassungen nach wie vor an der Spitze der Tabelle und verzeichnet ein deutliches Plus gegen\u00fcber dem Vorjahr.\" \/>\n<meta property=\"og:url\" content=\"https:\/\/www.landwirt.com\/news\/standardtraktoren-zulassungen-in-oesterreich-jaenner-mai-2024\/\" \/>\n<meta property=\"og:site_name\" content=\"Landwirt.com News\" \/>\n<meta property=\"article:published_time\" content=\"2024-06-11T11:22:14+00:00\" \/>\n<meta property=\"article:modified_time\" content=\"2024-06-20T10:57:08+00:00\" \/>\n<meta property=\"og:image\" content=\"https:\/\/www.landwirt.com\/news\/wp-content\/uploads\/2024\/06\/zulassungen.jpg\" \/>\n\t<meta property=\"og:image:width\" content=\"495\" \/>\n\t<meta property=\"og:image:height\" content=\"400\" \/>\n\t<meta property=\"og:image:type\" content=\"image\/jpeg\" \/>\n<meta name=\"author\" content=\"Lisa Rokos\" \/>\n<meta name=\"twitter:card\" content=\"summary_large_image\" \/>\n<meta name=\"twitter:label1\" content=\"Verfasst von\" \/>\n\t<meta name=\"twitter:data1\" content=\"Lisa Rokos\" \/>\n\t<meta name=\"twitter:label2\" content=\"Gesch\u00e4tzte Lesezeit\" \/>\n\t<meta name=\"twitter:data2\" content=\"2 Minuten\" \/>\n<script type=\"application\/ld+json\" class=\"yoast-schema-graph\">{\"@context\":\"https:\\\/\\\/schema.org\",\"@graph\":[{\"@type\":\"Article\",\"@id\":\"https:\\\/\\\/www.landwirt.com\\\/news\\\/standardtraktoren-zulassungen-in-oesterreich-jaenner-mai-2024\\\/#article\",\"isPartOf\":{\"@id\":\"https:\\\/\\\/www.landwirt.com\\\/news\\\/standardtraktoren-zulassungen-in-oesterreich-jaenner-mai-2024\\\/\"},\"author\":{\"name\":\"Lisa Rokos\",\"@id\":\"https:\\\/\\\/www.landwirt.com\\\/news\\\/#\\\/schema\\\/person\\\/75a4bc83f62af5332a58cf5d219a4c51\"},\"headline\":\"Standardtraktoren-Zulassungen in \u00d6sterreich J\u00e4nner- Mai 2024\",\"datePublished\":\"2024-06-11T11:22:14+00:00\",\"dateModified\":\"2024-06-20T10:57:08+00:00\",\"mainEntityOfPage\":{\"@id\":\"https:\\\/\\\/www.landwirt.com\\\/news\\\/standardtraktoren-zulassungen-in-oesterreich-jaenner-mai-2024\\\/\"},\"wordCount\":104,\"publisher\":{\"@id\":\"https:\\\/\\\/www.landwirt.com\\\/news\\\/#organization\"},\"image\":{\"@id\":\"https:\\\/\\\/www.landwirt.com\\\/news\\\/standardtraktoren-zulassungen-in-oesterreich-jaenner-mai-2024\\\/#primaryimage\"},\"thumbnailUrl\":\"https:\\\/\\\/www.landwirt.com\\\/news\\\/wp-content\\\/uploads\\\/2024\\\/06\\\/zulassungen.jpg\",\"keywords\":[\"Zulassungsstatistik\"],\"articleSection\":[\"Landwirt\",\"Werbung\",\"Zulassungsstatistik\"],\"inLanguage\":\"de-AT\"},{\"@type\":\"WebPage\",\"@id\":\"https:\\\/\\\/www.landwirt.com\\\/news\\\/standardtraktoren-zulassungen-in-oesterreich-jaenner-mai-2024\\\/\",\"url\":\"https:\\\/\\\/www.landwirt.com\\\/news\\\/standardtraktoren-zulassungen-in-oesterreich-jaenner-mai-2024\\\/\",\"name\":\"Standardtraktoren-Zulassungen in \u00d6sterreich J\u00e4nner- Mai 2024 - Landwirt.com News\",\"isPartOf\":{\"@id\":\"https:\\\/\\\/www.landwirt.com\\\/news\\\/#website\"},\"primaryImageOfPage\":{\"@id\":\"https:\\\/\\\/www.landwirt.com\\\/news\\\/standardtraktoren-zulassungen-in-oesterreich-jaenner-mai-2024\\\/#primaryimage\"},\"image\":{\"@id\":\"https:\\\/\\\/www.landwirt.com\\\/news\\\/standardtraktoren-zulassungen-in-oesterreich-jaenner-mai-2024\\\/#primaryimage\"},\"thumbnailUrl\":\"https:\\\/\\\/www.landwirt.com\\\/news\\\/wp-content\\\/uploads\\\/2024\\\/06\\\/zulassungen.jpg\",\"datePublished\":\"2024-06-11T11:22:14+00:00\",\"dateModified\":\"2024-06-20T10:57:08+00:00\",\"breadcrumb\":{\"@id\":\"https:\\\/\\\/www.landwirt.com\\\/news\\\/standardtraktoren-zulassungen-in-oesterreich-jaenner-mai-2024\\\/#breadcrumb\"},\"inLanguage\":\"de-AT\",\"potentialAction\":[{\"@type\":\"ReadAction\",\"target\":[\"https:\\\/\\\/www.landwirt.com\\\/news\\\/standardtraktoren-zulassungen-in-oesterreich-jaenner-mai-2024\\\/\"]}]},{\"@type\":\"ImageObject\",\"inLanguage\":\"de-AT\",\"@id\":\"https:\\\/\\\/www.landwirt.com\\\/news\\\/standardtraktoren-zulassungen-in-oesterreich-jaenner-mai-2024\\\/#primaryimage\",\"url\":\"https:\\\/\\\/www.landwirt.com\\\/news\\\/wp-content\\\/uploads\\\/2024\\\/06\\\/zulassungen.jpg\",\"contentUrl\":\"https:\\\/\\\/www.landwirt.com\\\/news\\\/wp-content\\\/uploads\\\/2024\\\/06\\\/zulassungen.jpg\",\"width\":495,\"height\":400},{\"@type\":\"BreadcrumbList\",\"@id\":\"https:\\\/\\\/www.landwirt.com\\\/news\\\/standardtraktoren-zulassungen-in-oesterreich-jaenner-mai-2024\\\/#breadcrumb\",\"itemListElement\":[{\"@type\":\"ListItem\",\"position\":1,\"name\":\"Home\",\"item\":\"https:\\\/\\\/www.landwirt.com\\\/news\\\/home\\\/\"},{\"@type\":\"ListItem\",\"position\":2,\"name\":\"Standardtraktoren-Zulassungen in \u00d6sterreich J\u00e4nner- Mai 2024\"}]},{\"@type\":\"WebSite\",\"@id\":\"https:\\\/\\\/www.landwirt.com\\\/news\\\/#website\",\"url\":\"https:\\\/\\\/www.landwirt.com\\\/news\\\/\",\"name\":\"Landwirt.com News\",\"description\":\"Landwirt.com News\",\"publisher\":{\"@id\":\"https:\\\/\\\/www.landwirt.com\\\/news\\\/#organization\"},\"potentialAction\":[{\"@type\":\"SearchAction\",\"target\":{\"@type\":\"EntryPoint\",\"urlTemplate\":\"https:\\\/\\\/www.landwirt.com\\\/news\\\/?s={search_term_string}\"},\"query-input\":{\"@type\":\"PropertyValueSpecification\",\"valueRequired\":true,\"valueName\":\"search_term_string\"}}],\"inLanguage\":\"de-AT\"},{\"@type\":\"Organization\",\"@id\":\"https:\\\/\\\/www.landwirt.com\\\/news\\\/#organization\",\"name\":\"LANDWIRT.COM GMBH\",\"url\":\"https:\\\/\\\/www.landwirt.com\\\/news\\\/\",\"logo\":{\"@type\":\"ImageObject\",\"inLanguage\":\"de-AT\",\"@id\":\"https:\\\/\\\/www.landwirt.com\\\/news\\\/#\\\/schema\\\/logo\\\/image\\\/\",\"url\":\"https:\\\/\\\/www.landwirt.com\\\/news\\\/wp-content\\\/uploads\\\/2020\\\/02\\\/LW-logo.png\",\"contentUrl\":\"https:\\\/\\\/www.landwirt.com\\\/news\\\/wp-content\\\/uploads\\\/2020\\\/02\\\/LW-logo.png\",\"width\":250,\"height\":58,\"caption\":\"LANDWIRT.COM GMBH\"},\"image\":{\"@id\":\"https:\\\/\\\/www.landwirt.com\\\/news\\\/#\\\/schema\\\/logo\\\/image\\\/\"}},{\"@type\":\"Person\",\"@id\":\"https:\\\/\\\/www.landwirt.com\\\/news\\\/#\\\/schema\\\/person\\\/75a4bc83f62af5332a58cf5d219a4c51\",\"name\":\"Lisa Rokos\",\"image\":{\"@type\":\"ImageObject\",\"inLanguage\":\"de-AT\",\"@id\":\"https:\\\/\\\/secure.gravatar.com\\\/avatar\\\/7a0bb7bda929bd765c27a74ac583d88484ba68a68a98e3d35a51f87ee30382d9?s=96&d=mm&r=g\",\"url\":\"https:\\\/\\\/secure.gravatar.com\\\/avatar\\\/7a0bb7bda929bd765c27a74ac583d88484ba68a68a98e3d35a51f87ee30382d9?s=96&d=mm&r=g\",\"contentUrl\":\"https:\\\/\\\/secure.gravatar.com\\\/avatar\\\/7a0bb7bda929bd765c27a74ac583d88484ba68a68a98e3d35a51f87ee30382d9?s=96&d=mm&r=g\",\"caption\":\"Lisa Rokos\"},\"url\":\"https:\\\/\\\/www.landwirt.com\\\/news\\\/author\\\/lisa\\\/\"}]}<\/script>\n<!-- \/ Yoast SEO plugin. -->","yoast_head_json":{"title":"Standardtraktoren-Zulassungen in \u00d6sterreich J\u00e4nner- Mai 2024 - Landwirt.com News","robots":{"index":"index","follow":"follow","max-snippet":"max-snippet:-1","max-image-preview":"max-image-preview:large","max-video-preview":"max-video-preview:-1"},"og_locale":"de_DE","og_type":"article","og_title":"Standardtraktoren-Zulassungen in \u00d6sterreich J\u00e4nner- Mai 2024 - Landwirt.com News","og_description":"Steyr ist mit einem Marktanteil von 25% und 485 Zulassungen nach wie vor an der Spitze der Tabelle und verzeichnet ein deutliches Plus gegen\u00fcber dem Vorjahr.","og_url":"https:\/\/www.landwirt.com\/news\/standardtraktoren-zulassungen-in-oesterreich-jaenner-mai-2024\/","og_site_name":"Landwirt.com News","article_published_time":"2024-06-11T11:22:14+00:00","article_modified_time":"2024-06-20T10:57:08+00:00","og_image":[{"width":495,"height":400,"url":"https:\/\/www.landwirt.com\/news\/wp-content\/uploads\/2024\/06\/zulassungen.jpg","type":"image\/jpeg"}],"author":"Lisa Rokos","twitter_card":"summary_large_image","twitter_misc":{"Verfasst von":"Lisa Rokos","Gesch\u00e4tzte Lesezeit":"2 Minuten"},"schema":{"@context":"https:\/\/schema.org","@graph":[{"@type":"Article","@id":"https:\/\/www.landwirt.com\/news\/standardtraktoren-zulassungen-in-oesterreich-jaenner-mai-2024\/#article","isPartOf":{"@id":"https:\/\/www.landwirt.com\/news\/standardtraktoren-zulassungen-in-oesterreich-jaenner-mai-2024\/"},"author":{"name":"Lisa Rokos","@id":"https:\/\/www.landwirt.com\/news\/#\/schema\/person\/75a4bc83f62af5332a58cf5d219a4c51"},"headline":"Standardtraktoren-Zulassungen in \u00d6sterreich J\u00e4nner- Mai 2024","datePublished":"2024-06-11T11:22:14+00:00","dateModified":"2024-06-20T10:57:08+00:00","mainEntityOfPage":{"@id":"https:\/\/www.landwirt.com\/news\/standardtraktoren-zulassungen-in-oesterreich-jaenner-mai-2024\/"},"wordCount":104,"publisher":{"@id":"https:\/\/www.landwirt.com\/news\/#organization"},"image":{"@id":"https:\/\/www.landwirt.com\/news\/standardtraktoren-zulassungen-in-oesterreich-jaenner-mai-2024\/#primaryimage"},"thumbnailUrl":"https:\/\/www.landwirt.com\/news\/wp-content\/uploads\/2024\/06\/zulassungen.jpg","keywords":["Zulassungsstatistik"],"articleSection":["Landwirt","Werbung","Zulassungsstatistik"],"inLanguage":"de-AT"},{"@type":"WebPage","@id":"https:\/\/www.landwirt.com\/news\/standardtraktoren-zulassungen-in-oesterreich-jaenner-mai-2024\/","url":"https:\/\/www.landwirt.com\/news\/standardtraktoren-zulassungen-in-oesterreich-jaenner-mai-2024\/","name":"Standardtraktoren-Zulassungen in \u00d6sterreich J\u00e4nner- Mai 2024 - Landwirt.com News","isPartOf":{"@id":"https:\/\/www.landwirt.com\/news\/#website"},"primaryImageOfPage":{"@id":"https:\/\/www.landwirt.com\/news\/standardtraktoren-zulassungen-in-oesterreich-jaenner-mai-2024\/#primaryimage"},"image":{"@id":"https:\/\/www.landwirt.com\/news\/standardtraktoren-zulassungen-in-oesterreich-jaenner-mai-2024\/#primaryimage"},"thumbnailUrl":"https:\/\/www.landwirt.com\/news\/wp-content\/uploads\/2024\/06\/zulassungen.jpg","datePublished":"2024-06-11T11:22:14+00:00","dateModified":"2024-06-20T10:57:08+00:00","breadcrumb":{"@id":"https:\/\/www.landwirt.com\/news\/standardtraktoren-zulassungen-in-oesterreich-jaenner-mai-2024\/#breadcrumb"},"inLanguage":"de-AT","potentialAction":[{"@type":"ReadAction","target":["https:\/\/www.landwirt.com\/news\/standardtraktoren-zulassungen-in-oesterreich-jaenner-mai-2024\/"]}]},{"@type":"ImageObject","inLanguage":"de-AT","@id":"https:\/\/www.landwirt.com\/news\/standardtraktoren-zulassungen-in-oesterreich-jaenner-mai-2024\/#primaryimage","url":"https:\/\/www.landwirt.com\/news\/wp-content\/uploads\/2024\/06\/zulassungen.jpg","contentUrl":"https:\/\/www.landwirt.com\/news\/wp-content\/uploads\/2024\/06\/zulassungen.jpg","width":495,"height":400},{"@type":"BreadcrumbList","@id":"https:\/\/www.landwirt.com\/news\/standardtraktoren-zulassungen-in-oesterreich-jaenner-mai-2024\/#breadcrumb","itemListElement":[{"@type":"ListItem","position":1,"name":"Home","item":"https:\/\/www.landwirt.com\/news\/home\/"},{"@type":"ListItem","position":2,"name":"Standardtraktoren-Zulassungen in \u00d6sterreich J\u00e4nner- Mai 2024"}]},{"@type":"WebSite","@id":"https:\/\/www.landwirt.com\/news\/#website","url":"https:\/\/www.landwirt.com\/news\/","name":"Landwirt.com News","description":"Landwirt.com News","publisher":{"@id":"https:\/\/www.landwirt.com\/news\/#organization"},"potentialAction":[{"@type":"SearchAction","target":{"@type":"EntryPoint","urlTemplate":"https:\/\/www.landwirt.com\/news\/?s={search_term_string}"},"query-input":{"@type":"PropertyValueSpecification","valueRequired":true,"valueName":"search_term_string"}}],"inLanguage":"de-AT"},{"@type":"Organization","@id":"https:\/\/www.landwirt.com\/news\/#organization","name":"LANDWIRT.COM GMBH","url":"https:\/\/www.landwirt.com\/news\/","logo":{"@type":"ImageObject","inLanguage":"de-AT","@id":"https:\/\/www.landwirt.com\/news\/#\/schema\/logo\/image\/","url":"https:\/\/www.landwirt.com\/news\/wp-content\/uploads\/2020\/02\/LW-logo.png","contentUrl":"https:\/\/www.landwirt.com\/news\/wp-content\/uploads\/2020\/02\/LW-logo.png","width":250,"height":58,"caption":"LANDWIRT.COM GMBH"},"image":{"@id":"https:\/\/www.landwirt.com\/news\/#\/schema\/logo\/image\/"}},{"@type":"Person","@id":"https:\/\/www.landwirt.com\/news\/#\/schema\/person\/75a4bc83f62af5332a58cf5d219a4c51","name":"Lisa Rokos","image":{"@type":"ImageObject","inLanguage":"de-AT","@id":"https:\/\/secure.gravatar.com\/avatar\/7a0bb7bda929bd765c27a74ac583d88484ba68a68a98e3d35a51f87ee30382d9?s=96&d=mm&r=g","url":"https:\/\/secure.gravatar.com\/avatar\/7a0bb7bda929bd765c27a74ac583d88484ba68a68a98e3d35a51f87ee30382d9?s=96&d=mm&r=g","contentUrl":"https:\/\/secure.gravatar.com\/avatar\/7a0bb7bda929bd765c27a74ac583d88484ba68a68a98e3d35a51f87ee30382d9?s=96&d=mm&r=g","caption":"Lisa Rokos"},"url":"https:\/\/www.landwirt.com\/news\/author\/lisa\/"}]}},"_links":{"self":[{"href":"https:\/\/www.landwirt.com\/news\/wp-json\/wp\/v2\/posts\/14436","targetHints":{"allow":["GET"]}}],"collection":[{"href":"https:\/\/www.landwirt.com\/news\/wp-json\/wp\/v2\/posts"}],"about":[{"href":"https:\/\/www.landwirt.com\/news\/wp-json\/wp\/v2\/types\/post"}],"author":[{"embeddable":true,"href":"https:\/\/www.landwirt.com\/news\/wp-json\/wp\/v2\/users\/5"}],"replies":[{"embeddable":true,"href":"https:\/\/www.landwirt.com\/news\/wp-json\/wp\/v2\/comments?post=14436"}],"version-history":[{"count":2,"href":"https:\/\/www.landwirt.com\/news\/wp-json\/wp\/v2\/posts\/14436\/revisions"}],"predecessor-version":[{"id":14442,"href":"https:\/\/www.landwirt.com\/news\/wp-json\/wp\/v2\/posts\/14436\/revisions\/14442"}],"wp:featuredmedia":[{"embeddable":true,"href":"https:\/\/www.landwirt.com\/news\/wp-json\/wp\/v2\/media\/14440"}],"wp:attachment":[{"href":"https:\/\/www.landwirt.com\/news\/wp-json\/wp\/v2\/media?parent=14436"}],"wp:term":[{"taxonomy":"category","embeddable":true,"href":"https:\/\/www.landwirt.com\/news\/wp-json\/wp\/v2\/categories?post=14436"},{"taxonomy":"post_tag","embeddable":true,"href":"https:\/\/www.landwirt.com\/news\/wp-json\/wp\/v2\/tags?post=14436"}],"curies":[{"name":"wp","href":"https:\/\/api.w.org\/{rel}","templated":true}]}}