{"id":14213,"date":"2024-04-10T10:36:12","date_gmt":"2024-04-10T08:36:12","guid":{"rendered":"https:\/\/www.landwirt.com\/news\/?p=14213"},"modified":"2024-04-10T10:36:14","modified_gmt":"2024-04-10T08:36:14","slug":"neuer-timberguard-iso-zertifizierter-forstschutz-fuer-valtra-traktoren","status":"publish","type":"post","link":"https:\/\/www.landwirt.com\/news\/neuer-timberguard-iso-zertifizierter-forstschutz-fuer-valtra-traktoren\/","title":{"rendered":"NEUER TIMBERGUARD: ISO ZERTIFIZIERTER FORSTSCHUTZ F\u00dcR VALTRA-TRAKTOREN"},"content":{"rendered":"\n<p><strong>Mit Stolz pr\u00e4sentiert Mauch den revolution\u00e4ren Timberguard \u2013 ein Meisterwerk des Forstschutzes. Entwickelt in enger Zusammenarbeit mit BLT Wieselburg und proJernac, bietet dieser brandneue Schutz f\u00fcr VALTRA-Traktoren eine un\u00fcbertroffene Sicherheit im Forst.<\/strong><\/p>\n\n\n\n<div class=\"wp-block-columns is-layout-flex wp-container-core-columns-is-layout-9d6595d7 wp-block-columns-is-layout-flex\">\n<div class=\"wp-block-column is-layout-flow wp-block-column-is-layout-flow\">\n<figure class=\"wp-block-image size-large\"><img loading=\"lazy\" decoding=\"async\" width=\"2560\" height=\"1707\" src=\"https:\/\/www.landwirt.com\/news\/wp-content\/uploads\/2024\/04\/Timberguard-3-edited-1-scaled.jpg\" alt=\"\" class=\"wp-image-14217\" srcset=\"https:\/\/www.landwirt.com\/news\/wp-content\/uploads\/2024\/04\/Timberguard-3-edited-1-scaled.jpg 2560w, https:\/\/www.landwirt.com\/news\/wp-content\/uploads\/2024\/04\/Timberguard-3-edited-1-300x200.jpg 300w, https:\/\/www.landwirt.com\/news\/wp-content\/uploads\/2024\/04\/Timberguard-3-edited-1-1030x687.jpg 1030w, https:\/\/www.landwirt.com\/news\/wp-content\/uploads\/2024\/04\/Timberguard-3-edited-1-768x512.jpg 768w, https:\/\/www.landwirt.com\/news\/wp-content\/uploads\/2024\/04\/Timberguard-3-edited-1-1536x1024.jpg 1536w, https:\/\/www.landwirt.com\/news\/wp-content\/uploads\/2024\/04\/Timberguard-3-edited-1-2048x1366.jpg 2048w, https:\/\/www.landwirt.com\/news\/wp-content\/uploads\/2024\/04\/Timberguard-3-edited-1-1500x1000.jpg 1500w, https:\/\/www.landwirt.com\/news\/wp-content\/uploads\/2024\/04\/Timberguard-3-edited-1-705x470.jpg 705w\" sizes=\"auto, (max-width: 2560px) 100vw, 2560px\" \/><\/figure>\n<\/div>\n\n\n\n<div class=\"wp-block-column is-layout-flow wp-block-column-is-layout-flow\">\n<figure class=\"wp-block-image size-large\"><img loading=\"lazy\" decoding=\"async\" width=\"1030\" height=\"688\" src=\"https:\/\/www.landwirt.com\/news\/wp-content\/uploads\/2024\/04\/Timberguard-1030x688.jpg\" alt=\"\" class=\"wp-image-14215\" srcset=\"https:\/\/www.landwirt.com\/news\/wp-content\/uploads\/2024\/04\/Timberguard-1030x688.jpg 1030w, https:\/\/www.landwirt.com\/news\/wp-content\/uploads\/2024\/04\/Timberguard-300x200.jpg 300w, https:\/\/www.landwirt.com\/news\/wp-content\/uploads\/2024\/04\/Timberguard-768x513.jpg 768w, https:\/\/www.landwirt.com\/news\/wp-content\/uploads\/2024\/04\/Timberguard-1536x1026.jpg 1536w, https:\/\/www.landwirt.com\/news\/wp-content\/uploads\/2024\/04\/Timberguard-2048x1368.jpg 2048w, https:\/\/www.landwirt.com\/news\/wp-content\/uploads\/2024\/04\/Timberguard-1500x1002.jpg 1500w, https:\/\/www.landwirt.com\/news\/wp-content\/uploads\/2024\/04\/Timberguard-705x471.jpg 705w\" sizes=\"auto, (max-width: 1030px) 100vw, 1030px\" \/><\/figure>\n<\/div>\n<\/div>\n\n\n\n<p>Der Timberguard ist mehr als nur ein Schutzschild. Er ist eine ISO-zertifizierte Sicherheitsl\u00f6sung (FOPS: ISO 8083 und OPS: ISO 8084), der Mensch und Maschine gleicherma\u00dfen sch\u00fctzt. Sein elegantes Design in Tiefschwarz und die pr\u00e4zise Anpassung an die Kubatur der Valtra-Traktoren machen ihn zu einem Must-have f\u00fcr jeden Forstbetrieb.<\/p>\n\n\n\n<p>Mit Blick durch die Heck-, Front- und Dachfenster zeigt sich, dass der Timberguard die Sicht keineswegs beeintr\u00e4chtigt. Dank seiner robusten Konstruktion und hochwertigen Materialien bietet er optimalen Schutz vor herabfallendem Ge\u00e4st und anderen Gefahren im Forst.<\/p>\n\n\n\n<p>Die Entwicklung des Timberguard wurde durch die Anfrage des renommierten Bundesforschungszentrums f\u00fcr Wald in Traunkirchen, \u00d6sterreich, initiiert. Die ISO-zertifizierte Forstkabine war ein dringender Bedarf f\u00fcr die Ausbildungszwecke im Forst.<\/p>\n\n\n\n<p>Mauch und der slowenische Stahlbauer proJernac haben diesen Bedarf erkannt und mit dem Timberguard eine L\u00f6sung geschaffen, die h\u00f6chsten Anspr\u00fcchen gerecht wird. Nicht nur f\u00fcr Profis im Forst, sondern auch f\u00fcr Schulen und \u00f6ffentliche Einrichtungen ist der Timberguard ein unverzichtbarer Schutz.<br>Mauch vertreibt zusammen mit ihren Partnern Timberguard in Deutschland und \u00d6sterreich.<\/p>\n\n\n\n<p><strong>Der Timberguard \u2013 Innovation, Sicherheit und Perfektion f\u00fcr den Forst.<\/strong><\/p>\n","protected":false},"excerpt":{"rendered":"<p>Mauch entwickelte in enger Zusammenarbeit mit der BLT Wieselburg und proJernac eine ISO-zertifizierte Sicherheitsl\u00f6sung im Forst f\u00fcr VALTRA Traktoren.<\/p>\n","protected":false},"author":5,"featured_media":14218,"comment_status":"closed","ping_status":"closed","sticky":false,"template":"","format":"standard","meta":{"footnotes":""},"categories":[15,1],"tags":[529,7],"class_list":["post-14213","post","type-post","status-publish","format-standard","has-post-thumbnail","hentry","category-landwirt","category-werbung","tag-forst","tag-mauch"],"yoast_head":"<!-- This site is optimized with the Yoast SEO plugin v27.5 - https:\/\/yoast.com\/product\/yoast-seo-wordpress\/ -->\n<title>NEUER TIMBERGUARD: ISO ZERTIFIZIERTER FORSTSCHUTZ F\u00dcR VALTRA-TRAKTOREN - Landwirt.com News<\/title>\n<meta name=\"robots\" content=\"index, follow, max-snippet:-1, max-image-preview:large, max-video-preview:-1\" \/>\n<meta property=\"og:locale\" content=\"de_DE\" \/>\n<meta property=\"og:type\" content=\"article\" \/>\n<meta property=\"og:title\" content=\"NEUER TIMBERGUARD: ISO ZERTIFIZIERTER FORSTSCHUTZ F\u00dcR VALTRA-TRAKTOREN - Landwirt.com News\" \/>\n<meta property=\"og:description\" content=\"Mauch entwickelte in enger Zusammenarbeit mit der BLT Wieselburg und proJernac eine ISO-zertifizierte Sicherheitsl\u00f6sung im Forst f\u00fcr VALTRA Traktoren.\" \/>\n<meta property=\"og:url\" content=\"https:\/\/www.landwirt.com\/news\/neuer-timberguard-iso-zertifizierter-forstschutz-fuer-valtra-traktoren\/\" \/>\n<meta property=\"og:site_name\" content=\"Landwirt.com News\" \/>\n<meta property=\"article:published_time\" content=\"2024-04-10T08:36:12+00:00\" \/>\n<meta property=\"article:modified_time\" content=\"2024-04-10T08:36:14+00:00\" \/>\n<meta property=\"og:image\" content=\"https:\/\/www.landwirt.com\/news\/wp-content\/uploads\/2024\/04\/vorschau-mauch.jpg\" \/>\n\t<meta property=\"og:image:width\" content=\"495\" \/>\n\t<meta property=\"og:image:height\" content=\"400\" \/>\n\t<meta property=\"og:image:type\" content=\"image\/jpeg\" \/>\n<meta name=\"author\" content=\"Lisa Rokos\" \/>\n<meta name=\"twitter:card\" content=\"summary_large_image\" \/>\n<meta name=\"twitter:label1\" content=\"Verfasst von\" \/>\n\t<meta name=\"twitter:data1\" content=\"Lisa Rokos\" \/>\n\t<meta name=\"twitter:label2\" content=\"Gesch\u00e4tzte Lesezeit\" \/>\n\t<meta name=\"twitter:data2\" content=\"2 Minuten\" \/>\n<script type=\"application\/ld+json\" class=\"yoast-schema-graph\">{\"@context\":\"https:\\\/\\\/schema.org\",\"@graph\":[{\"@type\":\"Article\",\"@id\":\"https:\\\/\\\/www.landwirt.com\\\/news\\\/neuer-timberguard-iso-zertifizierter-forstschutz-fuer-valtra-traktoren\\\/#article\",\"isPartOf\":{\"@id\":\"https:\\\/\\\/www.landwirt.com\\\/news\\\/neuer-timberguard-iso-zertifizierter-forstschutz-fuer-valtra-traktoren\\\/\"},\"author\":{\"name\":\"Lisa Rokos\",\"@id\":\"https:\\\/\\\/www.landwirt.com\\\/news\\\/#\\\/schema\\\/person\\\/75a4bc83f62af5332a58cf5d219a4c51\"},\"headline\":\"NEUER TIMBERGUARD: ISO ZERTIFIZIERTER FORSTSCHUTZ F\u00dcR VALTRA-TRAKTOREN\",\"datePublished\":\"2024-04-10T08:36:12+00:00\",\"dateModified\":\"2024-04-10T08:36:14+00:00\",\"mainEntityOfPage\":{\"@id\":\"https:\\\/\\\/www.landwirt.com\\\/news\\\/neuer-timberguard-iso-zertifizierter-forstschutz-fuer-valtra-traktoren\\\/\"},\"wordCount\":230,\"publisher\":{\"@id\":\"https:\\\/\\\/www.landwirt.com\\\/news\\\/#organization\"},\"image\":{\"@id\":\"https:\\\/\\\/www.landwirt.com\\\/news\\\/neuer-timberguard-iso-zertifizierter-forstschutz-fuer-valtra-traktoren\\\/#primaryimage\"},\"thumbnailUrl\":\"https:\\\/\\\/www.landwirt.com\\\/news\\\/wp-content\\\/uploads\\\/2024\\\/04\\\/vorschau-mauch.jpg\",\"keywords\":[\"Forst\",\"Mauch\"],\"articleSection\":[\"Landwirt\",\"Werbung\"],\"inLanguage\":\"de-AT\"},{\"@type\":\"WebPage\",\"@id\":\"https:\\\/\\\/www.landwirt.com\\\/news\\\/neuer-timberguard-iso-zertifizierter-forstschutz-fuer-valtra-traktoren\\\/\",\"url\":\"https:\\\/\\\/www.landwirt.com\\\/news\\\/neuer-timberguard-iso-zertifizierter-forstschutz-fuer-valtra-traktoren\\\/\",\"name\":\"NEUER TIMBERGUARD: ISO ZERTIFIZIERTER FORSTSCHUTZ F\u00dcR VALTRA-TRAKTOREN - Landwirt.com News\",\"isPartOf\":{\"@id\":\"https:\\\/\\\/www.landwirt.com\\\/news\\\/#website\"},\"primaryImageOfPage\":{\"@id\":\"https:\\\/\\\/www.landwirt.com\\\/news\\\/neuer-timberguard-iso-zertifizierter-forstschutz-fuer-valtra-traktoren\\\/#primaryimage\"},\"image\":{\"@id\":\"https:\\\/\\\/www.landwirt.com\\\/news\\\/neuer-timberguard-iso-zertifizierter-forstschutz-fuer-valtra-traktoren\\\/#primaryimage\"},\"thumbnailUrl\":\"https:\\\/\\\/www.landwirt.com\\\/news\\\/wp-content\\\/uploads\\\/2024\\\/04\\\/vorschau-mauch.jpg\",\"datePublished\":\"2024-04-10T08:36:12+00:00\",\"dateModified\":\"2024-04-10T08:36:14+00:00\",\"breadcrumb\":{\"@id\":\"https:\\\/\\\/www.landwirt.com\\\/news\\\/neuer-timberguard-iso-zertifizierter-forstschutz-fuer-valtra-traktoren\\\/#breadcrumb\"},\"inLanguage\":\"de-AT\",\"potentialAction\":[{\"@type\":\"ReadAction\",\"target\":[\"https:\\\/\\\/www.landwirt.com\\\/news\\\/neuer-timberguard-iso-zertifizierter-forstschutz-fuer-valtra-traktoren\\\/\"]}]},{\"@type\":\"ImageObject\",\"inLanguage\":\"de-AT\",\"@id\":\"https:\\\/\\\/www.landwirt.com\\\/news\\\/neuer-timberguard-iso-zertifizierter-forstschutz-fuer-valtra-traktoren\\\/#primaryimage\",\"url\":\"https:\\\/\\\/www.landwirt.com\\\/news\\\/wp-content\\\/uploads\\\/2024\\\/04\\\/vorschau-mauch.jpg\",\"contentUrl\":\"https:\\\/\\\/www.landwirt.com\\\/news\\\/wp-content\\\/uploads\\\/2024\\\/04\\\/vorschau-mauch.jpg\",\"width\":495,\"height\":400},{\"@type\":\"BreadcrumbList\",\"@id\":\"https:\\\/\\\/www.landwirt.com\\\/news\\\/neuer-timberguard-iso-zertifizierter-forstschutz-fuer-valtra-traktoren\\\/#breadcrumb\",\"itemListElement\":[{\"@type\":\"ListItem\",\"position\":1,\"name\":\"Home\",\"item\":\"https:\\\/\\\/www.landwirt.com\\\/news\\\/home\\\/\"},{\"@type\":\"ListItem\",\"position\":2,\"name\":\"NEUER TIMBERGUARD: ISO ZERTIFIZIERTER FORSTSCHUTZ F\u00dcR VALTRA-TRAKTOREN\"}]},{\"@type\":\"WebSite\",\"@id\":\"https:\\\/\\\/www.landwirt.com\\\/news\\\/#website\",\"url\":\"https:\\\/\\\/www.landwirt.com\\\/news\\\/\",\"name\":\"Landwirt.com News\",\"description\":\"Landwirt.com News\",\"publisher\":{\"@id\":\"https:\\\/\\\/www.landwirt.com\\\/news\\\/#organization\"},\"potentialAction\":[{\"@type\":\"SearchAction\",\"target\":{\"@type\":\"EntryPoint\",\"urlTemplate\":\"https:\\\/\\\/www.landwirt.com\\\/news\\\/?s={search_term_string}\"},\"query-input\":{\"@type\":\"PropertyValueSpecification\",\"valueRequired\":true,\"valueName\":\"search_term_string\"}}],\"inLanguage\":\"de-AT\"},{\"@type\":\"Organization\",\"@id\":\"https:\\\/\\\/www.landwirt.com\\\/news\\\/#organization\",\"name\":\"LANDWIRT.COM GMBH\",\"url\":\"https:\\\/\\\/www.landwirt.com\\\/news\\\/\",\"logo\":{\"@type\":\"ImageObject\",\"inLanguage\":\"de-AT\",\"@id\":\"https:\\\/\\\/www.landwirt.com\\\/news\\\/#\\\/schema\\\/logo\\\/image\\\/\",\"url\":\"https:\\\/\\\/www.landwirt.com\\\/news\\\/wp-content\\\/uploads\\\/2020\\\/02\\\/LW-logo.png\",\"contentUrl\":\"https:\\\/\\\/www.landwirt.com\\\/news\\\/wp-content\\\/uploads\\\/2020\\\/02\\\/LW-logo.png\",\"width\":250,\"height\":58,\"caption\":\"LANDWIRT.COM GMBH\"},\"image\":{\"@id\":\"https:\\\/\\\/www.landwirt.com\\\/news\\\/#\\\/schema\\\/logo\\\/image\\\/\"}},{\"@type\":\"Person\",\"@id\":\"https:\\\/\\\/www.landwirt.com\\\/news\\\/#\\\/schema\\\/person\\\/75a4bc83f62af5332a58cf5d219a4c51\",\"name\":\"Lisa Rokos\",\"image\":{\"@type\":\"ImageObject\",\"inLanguage\":\"de-AT\",\"@id\":\"https:\\\/\\\/secure.gravatar.com\\\/avatar\\\/7a0bb7bda929bd765c27a74ac583d88484ba68a68a98e3d35a51f87ee30382d9?s=96&d=mm&r=g\",\"url\":\"https:\\\/\\\/secure.gravatar.com\\\/avatar\\\/7a0bb7bda929bd765c27a74ac583d88484ba68a68a98e3d35a51f87ee30382d9?s=96&d=mm&r=g\",\"contentUrl\":\"https:\\\/\\\/secure.gravatar.com\\\/avatar\\\/7a0bb7bda929bd765c27a74ac583d88484ba68a68a98e3d35a51f87ee30382d9?s=96&d=mm&r=g\",\"caption\":\"Lisa Rokos\"},\"url\":\"https:\\\/\\\/www.landwirt.com\\\/news\\\/author\\\/lisa\\\/\"}]}<\/script>\n<!-- \/ Yoast SEO plugin. -->","yoast_head_json":{"title":"NEUER TIMBERGUARD: ISO ZERTIFIZIERTER FORSTSCHUTZ F\u00dcR VALTRA-TRAKTOREN - Landwirt.com News","robots":{"index":"index","follow":"follow","max-snippet":"max-snippet:-1","max-image-preview":"max-image-preview:large","max-video-preview":"max-video-preview:-1"},"og_locale":"de_DE","og_type":"article","og_title":"NEUER TIMBERGUARD: ISO ZERTIFIZIERTER FORSTSCHUTZ F\u00dcR VALTRA-TRAKTOREN - Landwirt.com News","og_description":"Mauch entwickelte in enger Zusammenarbeit mit der BLT Wieselburg und proJernac eine ISO-zertifizierte Sicherheitsl\u00f6sung im Forst f\u00fcr VALTRA Traktoren.","og_url":"https:\/\/www.landwirt.com\/news\/neuer-timberguard-iso-zertifizierter-forstschutz-fuer-valtra-traktoren\/","og_site_name":"Landwirt.com News","article_published_time":"2024-04-10T08:36:12+00:00","article_modified_time":"2024-04-10T08:36:14+00:00","og_image":[{"width":495,"height":400,"url":"https:\/\/www.landwirt.com\/news\/wp-content\/uploads\/2024\/04\/vorschau-mauch.jpg","type":"image\/jpeg"}],"author":"Lisa Rokos","twitter_card":"summary_large_image","twitter_misc":{"Verfasst von":"Lisa Rokos","Gesch\u00e4tzte Lesezeit":"2 Minuten"},"schema":{"@context":"https:\/\/schema.org","@graph":[{"@type":"Article","@id":"https:\/\/www.landwirt.com\/news\/neuer-timberguard-iso-zertifizierter-forstschutz-fuer-valtra-traktoren\/#article","isPartOf":{"@id":"https:\/\/www.landwirt.com\/news\/neuer-timberguard-iso-zertifizierter-forstschutz-fuer-valtra-traktoren\/"},"author":{"name":"Lisa Rokos","@id":"https:\/\/www.landwirt.com\/news\/#\/schema\/person\/75a4bc83f62af5332a58cf5d219a4c51"},"headline":"NEUER TIMBERGUARD: ISO ZERTIFIZIERTER FORSTSCHUTZ F\u00dcR VALTRA-TRAKTOREN","datePublished":"2024-04-10T08:36:12+00:00","dateModified":"2024-04-10T08:36:14+00:00","mainEntityOfPage":{"@id":"https:\/\/www.landwirt.com\/news\/neuer-timberguard-iso-zertifizierter-forstschutz-fuer-valtra-traktoren\/"},"wordCount":230,"publisher":{"@id":"https:\/\/www.landwirt.com\/news\/#organization"},"image":{"@id":"https:\/\/www.landwirt.com\/news\/neuer-timberguard-iso-zertifizierter-forstschutz-fuer-valtra-traktoren\/#primaryimage"},"thumbnailUrl":"https:\/\/www.landwirt.com\/news\/wp-content\/uploads\/2024\/04\/vorschau-mauch.jpg","keywords":["Forst","Mauch"],"articleSection":["Landwirt","Werbung"],"inLanguage":"de-AT"},{"@type":"WebPage","@id":"https:\/\/www.landwirt.com\/news\/neuer-timberguard-iso-zertifizierter-forstschutz-fuer-valtra-traktoren\/","url":"https:\/\/www.landwirt.com\/news\/neuer-timberguard-iso-zertifizierter-forstschutz-fuer-valtra-traktoren\/","name":"NEUER TIMBERGUARD: ISO ZERTIFIZIERTER FORSTSCHUTZ F\u00dcR VALTRA-TRAKTOREN - Landwirt.com News","isPartOf":{"@id":"https:\/\/www.landwirt.com\/news\/#website"},"primaryImageOfPage":{"@id":"https:\/\/www.landwirt.com\/news\/neuer-timberguard-iso-zertifizierter-forstschutz-fuer-valtra-traktoren\/#primaryimage"},"image":{"@id":"https:\/\/www.landwirt.com\/news\/neuer-timberguard-iso-zertifizierter-forstschutz-fuer-valtra-traktoren\/#primaryimage"},"thumbnailUrl":"https:\/\/www.landwirt.com\/news\/wp-content\/uploads\/2024\/04\/vorschau-mauch.jpg","datePublished":"2024-04-10T08:36:12+00:00","dateModified":"2024-04-10T08:36:14+00:00","breadcrumb":{"@id":"https:\/\/www.landwirt.com\/news\/neuer-timberguard-iso-zertifizierter-forstschutz-fuer-valtra-traktoren\/#breadcrumb"},"inLanguage":"de-AT","potentialAction":[{"@type":"ReadAction","target":["https:\/\/www.landwirt.com\/news\/neuer-timberguard-iso-zertifizierter-forstschutz-fuer-valtra-traktoren\/"]}]},{"@type":"ImageObject","inLanguage":"de-AT","@id":"https:\/\/www.landwirt.com\/news\/neuer-timberguard-iso-zertifizierter-forstschutz-fuer-valtra-traktoren\/#primaryimage","url":"https:\/\/www.landwirt.com\/news\/wp-content\/uploads\/2024\/04\/vorschau-mauch.jpg","contentUrl":"https:\/\/www.landwirt.com\/news\/wp-content\/uploads\/2024\/04\/vorschau-mauch.jpg","width":495,"height":400},{"@type":"BreadcrumbList","@id":"https:\/\/www.landwirt.com\/news\/neuer-timberguard-iso-zertifizierter-forstschutz-fuer-valtra-traktoren\/#breadcrumb","itemListElement":[{"@type":"ListItem","position":1,"name":"Home","item":"https:\/\/www.landwirt.com\/news\/home\/"},{"@type":"ListItem","position":2,"name":"NEUER TIMBERGUARD: ISO ZERTIFIZIERTER FORSTSCHUTZ F\u00dcR VALTRA-TRAKTOREN"}]},{"@type":"WebSite","@id":"https:\/\/www.landwirt.com\/news\/#website","url":"https:\/\/www.landwirt.com\/news\/","name":"Landwirt.com News","description":"Landwirt.com News","publisher":{"@id":"https:\/\/www.landwirt.com\/news\/#organization"},"potentialAction":[{"@type":"SearchAction","target":{"@type":"EntryPoint","urlTemplate":"https:\/\/www.landwirt.com\/news\/?s={search_term_string}"},"query-input":{"@type":"PropertyValueSpecification","valueRequired":true,"valueName":"search_term_string"}}],"inLanguage":"de-AT"},{"@type":"Organization","@id":"https:\/\/www.landwirt.com\/news\/#organization","name":"LANDWIRT.COM GMBH","url":"https:\/\/www.landwirt.com\/news\/","logo":{"@type":"ImageObject","inLanguage":"de-AT","@id":"https:\/\/www.landwirt.com\/news\/#\/schema\/logo\/image\/","url":"https:\/\/www.landwirt.com\/news\/wp-content\/uploads\/2020\/02\/LW-logo.png","contentUrl":"https:\/\/www.landwirt.com\/news\/wp-content\/uploads\/2020\/02\/LW-logo.png","width":250,"height":58,"caption":"LANDWIRT.COM GMBH"},"image":{"@id":"https:\/\/www.landwirt.com\/news\/#\/schema\/logo\/image\/"}},{"@type":"Person","@id":"https:\/\/www.landwirt.com\/news\/#\/schema\/person\/75a4bc83f62af5332a58cf5d219a4c51","name":"Lisa Rokos","image":{"@type":"ImageObject","inLanguage":"de-AT","@id":"https:\/\/secure.gravatar.com\/avatar\/7a0bb7bda929bd765c27a74ac583d88484ba68a68a98e3d35a51f87ee30382d9?s=96&d=mm&r=g","url":"https:\/\/secure.gravatar.com\/avatar\/7a0bb7bda929bd765c27a74ac583d88484ba68a68a98e3d35a51f87ee30382d9?s=96&d=mm&r=g","contentUrl":"https:\/\/secure.gravatar.com\/avatar\/7a0bb7bda929bd765c27a74ac583d88484ba68a68a98e3d35a51f87ee30382d9?s=96&d=mm&r=g","caption":"Lisa Rokos"},"url":"https:\/\/www.landwirt.com\/news\/author\/lisa\/"}]}},"_links":{"self":[{"href":"https:\/\/www.landwirt.com\/news\/wp-json\/wp\/v2\/posts\/14213","targetHints":{"allow":["GET"]}}],"collection":[{"href":"https:\/\/www.landwirt.com\/news\/wp-json\/wp\/v2\/posts"}],"about":[{"href":"https:\/\/www.landwirt.com\/news\/wp-json\/wp\/v2\/types\/post"}],"author":[{"embeddable":true,"href":"https:\/\/www.landwirt.com\/news\/wp-json\/wp\/v2\/users\/5"}],"replies":[{"embeddable":true,"href":"https:\/\/www.landwirt.com\/news\/wp-json\/wp\/v2\/comments?post=14213"}],"version-history":[{"count":1,"href":"https:\/\/www.landwirt.com\/news\/wp-json\/wp\/v2\/posts\/14213\/revisions"}],"predecessor-version":[{"id":14219,"href":"https:\/\/www.landwirt.com\/news\/wp-json\/wp\/v2\/posts\/14213\/revisions\/14219"}],"wp:featuredmedia":[{"embeddable":true,"href":"https:\/\/www.landwirt.com\/news\/wp-json\/wp\/v2\/media\/14218"}],"wp:attachment":[{"href":"https:\/\/www.landwirt.com\/news\/wp-json\/wp\/v2\/media?parent=14213"}],"wp:term":[{"taxonomy":"category","embeddable":true,"href":"https:\/\/www.landwirt.com\/news\/wp-json\/wp\/v2\/categories?post=14213"},{"taxonomy":"post_tag","embeddable":true,"href":"https:\/\/www.landwirt.com\/news\/wp-json\/wp\/v2\/tags?post=14213"}],"curies":[{"name":"wp","href":"https:\/\/api.w.org\/{rel}","templated":true}]}}