{"id":1385,"date":"2019-02-15T13:15:00","date_gmt":"2019-02-15T12:15:00","guid":{"rendered":"https:\/\/news.landwirt.com\/?p=1385"},"modified":"2022-06-15T16:42:33","modified_gmt":"2022-06-15T14:42:33","slug":"massey-ferguson-mf-7719-s-mit-maschine-des-jahres-auf-der-sima-ausgezeichnet","status":"publish","type":"post","link":"https:\/\/www.landwirt.com\/news\/massey-ferguson-mf-7719-s-mit-maschine-des-jahres-auf-der-sima-ausgezeichnet\/","title":{"rendered":"Massey Ferguson MF 7719 S mit Maschine des Jahres auf der SIMA ausgezeichnet"},"content":{"rendered":"\n<p><strong>Massey Ferguson freut sich bekannt geben zu k\u00f6nnen, dass der 190 PS starke MF 7719 S auf der SIMA in Paris als Maschine des Jahres 2019 in der Kategorie &#8222;L&#8220; ausgezeichnet wurde und den ersten Platz bei den mittleren Traktoren belegt.<\/strong><\/p>\n\n\n\n<div class=\"wp-block-media-text alignwide is-stacked-on-mobile\"><figure class=\"wp-block-media-text__media\"><img loading=\"lazy\" decoding=\"async\" width=\"1024\" height=\"683\" src=\"https:\/\/www.landwirt.com\/news\/wp-content\/uploads\/2020\/04\/Massey-1.jpg\" alt=\"Maschine des Jahres: Massey Ferguson MF 7719 S auf der SIMA in Paris (Fotocredit: AGCO).\" class=\"wp-image-1387 size-full\" srcset=\"https:\/\/www.landwirt.com\/news\/wp-content\/uploads\/2020\/04\/Massey-1.jpg 1024w, https:\/\/www.landwirt.com\/news\/wp-content\/uploads\/2020\/04\/Massey-1-300x200.jpg 300w, https:\/\/www.landwirt.com\/news\/wp-content\/uploads\/2020\/04\/Massey-1-768x512.jpg 768w, https:\/\/www.landwirt.com\/news\/wp-content\/uploads\/2020\/04\/Massey-1-705x470.jpg 705w\" sizes=\"auto, (max-width: 1024px) 100vw, 1024px\" \/><\/figure><div class=\"wp-block-media-text__content\">\n<p>Francesco Quaranta, Vice President Sales, Marketing &amp; Product Management&nbsp;<a rel=\"noreferrer noopener\" href=\"https:\/\/www.landwirt.com\/gebrauchte\/Gebrauchte-Massey-Ferguson-Traktoren.html\" target=\"_blank\">Massey Ferguson<\/a>&nbsp;EME, ist begeistert: &#8222;Diese Auszeichnung w\u00fcrdigt unser Engagement f\u00fcr die Entwicklung moderner, kosteng\u00fcnstiger und einfach zu bedienender Traktoren und Technologien, die unseren Kunden sp\u00fcrbare Vorteile bringen. Ich bin sehr stolz auf das gesamte Team in Beauvais, von der Konstruktions- und Einkaufsabteilung bis hin zur Fertigung, unsere Marketing Services und den Kundendienst. Als Team haben sie alle zu diesem gro\u00dfartigen Erfolg beigetragen&#8220;, sagt er.<\/p>\n<\/div><\/div>\n\n\n\n<p><strong>Brandneues Modell<\/strong><br>Der MF 7719 S als brandneues Modell der Baureihe MF 7700 S (165-220 PS) verk\u00f6rpert diesen zweckm\u00e4\u00dfigen Designansatz und erf\u00fcllt die strengen neuen Abgasvorschriften der Stufe V mit einem hocheffizienten aber einfachen und v\u00f6llig wartungsfreien Nachbehandlungssystem.<br>&#8222;Alle Hersteller m\u00fcssen diese Vorschriften einhalten&#8220;, erkl\u00e4rt Quaranta. &#8222;Was den Unterschied macht, ist, wie sie das erreichen. Bei Massey Ferguson haben wir uns f\u00fcr die Entwicklung eines Systems entschieden, das den Betrieb in keiner Weise beeintr\u00e4chtigt und unseren exzellenten Kraftstoffverbrauch und die unvergleichliche Sicht auf das Fahrzeug aufrechterh\u00e4lt.&#8220;<\/p>\n\n\n\n<p><strong>Neuer 6,6-Liter-AGCO Power-Motor<\/strong><br>Mit seinem hervorragenden Leistungsgewicht ist der vielseitige MF 7719 S perfekt auf die hohen Anforderungen moderner fortschrittlicher Landwirte und Lohnunternehmer zugeschnitten. Der MF 7719 S ist serienm\u00e4\u00dfig mit dem stufenlosen Dyna-VT-Getriebe von Massey Ferguson ausgestattet. Die Leistung liefert ein neuer 6,6-Liter-AGCO Power-Motor mit 190 PS. Das Engine Power Management (EPM) bietet einen zus\u00e4tzlichen 30-PS-Boost, bei Zapfwellen- und Transportarbeiten. Der MF 7719 S \u00fcberzeugt dar\u00fcber hinaus mit zahlreichen leistungssteigernden Funktionen wie der Datatronic 5, dem von der Gro\u00dftraktorenbaureihe MF 8700 S bekannten Touchscreen-Terminal. Es beinhaltet nicht nur die komplette Traktor- und Ger\u00e4testeuerung und \u2013bedienung, sondern mit MF Auto Guide auch automatische Lenkung. Des Weiteren kann ein umfassendes Paket f\u00fcr Precision Farming darin integriert werden.<\/p>\n\n\n\n<p>MF hat die Kundenw\u00fcnsche intensiv bei der Entwicklung ber\u00fccksichtigt: Dazu geh\u00f6ren im Laufe des Jahres die M\u00f6glichkeit, Hinterreifen mit einem Durchmesser von 1,95 m aufzuziehen (verf\u00fcgbar ab Juni 2019), Hydrost\u00f6\u00dfel f\u00fcr l\u00e4ngere Wartungsintervalle und insbesondere h\u00f6here Nutzlastkapazit\u00e4ten.<\/p>\n\n\n\n<p><strong>Weitere Informationen:<\/strong><a href=\"https:\/\/www.austrodiesel.at\/unternehmen\/news\/detail\/der-mf-6718-s-ist-machine-of-the-year-2017\/\" target=\"_blank\" rel=\"noreferrer noopener sponsored nofollow\"> www.austrodiesel.at<\/a><\/p>\n","protected":false},"excerpt":{"rendered":"<p>Massey Ferguson freut sich bekannt geben zu k\u00f6nnen, dass der MF 7719 S auf der SIMA in Paris als Maschine des Jahres 2019 in der Kategorie &#8222;L&#8220; ausgezeichnet wurde.<\/p>\n","protected":false},"author":3,"featured_media":1387,"comment_status":"closed","ping_status":"closed","sticky":false,"template":"","format":"standard","meta":{"footnotes":""},"categories":[1],"tags":[475,458,467,169,232,132],"class_list":["post-1385","post","type-post","status-publish","format-standard","has-post-thumbnail","hentry","category-werbung","tag-agco","tag-auszeichnung","tag-maschine-des-jahres","tag-massey-ferguson","tag-mf","tag-sima"],"yoast_head":"<!-- This site is optimized with the Yoast SEO plugin v27.4 - https:\/\/yoast.com\/product\/yoast-seo-wordpress\/ -->\n<title>Massey Ferguson mit Maschine des Jahres auf der SIMA ausgezeichnet<\/title>\n<meta name=\"description\" content=\"Massey Ferguson freut sich bekanntzugeben, dass der MF 7719 S auf der SIMA in Paris als Maschine des Jahres 2019 in der Kategorie &quot;L&quot; ausgezeichnet wurde.\" \/>\n<meta name=\"robots\" content=\"index, follow, max-snippet:-1, max-image-preview:large, max-video-preview:-1\" \/>\n<meta property=\"og:locale\" content=\"de_DE\" \/>\n<meta property=\"og:type\" content=\"article\" \/>\n<meta property=\"og:title\" content=\"Massey Ferguson mit Maschine des Jahres auf der SIMA ausgezeichnet\" \/>\n<meta property=\"og:description\" content=\"Massey Ferguson freut sich bekanntzugeben, dass der MF 7719 S auf der SIMA in Paris als Maschine des Jahres 2019 in der Kategorie &quot;L&quot; ausgezeichnet wurde.\" \/>\n<meta property=\"og:url\" content=\"https:\/\/www.landwirt.com\/news\/massey-ferguson-mf-7719-s-mit-maschine-des-jahres-auf-der-sima-ausgezeichnet\/\" \/>\n<meta property=\"og:site_name\" content=\"Landwirt.com News\" \/>\n<meta property=\"article:published_time\" content=\"2019-02-15T12:15:00+00:00\" \/>\n<meta property=\"article:modified_time\" content=\"2022-06-15T14:42:33+00:00\" \/>\n<meta property=\"og:image\" content=\"https:\/\/www.landwirt.com\/news\/wp-content\/uploads\/2020\/04\/Massey-1.jpg\" \/>\n\t<meta property=\"og:image:width\" content=\"1024\" \/>\n\t<meta property=\"og:image:height\" content=\"683\" \/>\n\t<meta property=\"og:image:type\" content=\"image\/jpeg\" \/>\n<meta name=\"author\" content=\"Alexandra Schauer\" \/>\n<meta name=\"twitter:card\" content=\"summary_large_image\" \/>\n<meta name=\"twitter:label1\" content=\"Verfasst von\" \/>\n\t<meta name=\"twitter:data1\" content=\"Alexandra Schauer\" \/>\n\t<meta name=\"twitter:label2\" content=\"Gesch\u00e4tzte Lesezeit\" \/>\n\t<meta name=\"twitter:data2\" content=\"3 Minuten\" \/>\n<script type=\"application\/ld+json\" class=\"yoast-schema-graph\">{\"@context\":\"https:\\\/\\\/schema.org\",\"@graph\":[{\"@type\":\"Article\",\"@id\":\"https:\\\/\\\/www.landwirt.com\\\/news\\\/massey-ferguson-mf-7719-s-mit-maschine-des-jahres-auf-der-sima-ausgezeichnet\\\/#article\",\"isPartOf\":{\"@id\":\"https:\\\/\\\/www.landwirt.com\\\/news\\\/massey-ferguson-mf-7719-s-mit-maschine-des-jahres-auf-der-sima-ausgezeichnet\\\/\"},\"author\":{\"name\":\"Alexandra Schauer\",\"@id\":\"https:\\\/\\\/www.landwirt.com\\\/news\\\/#\\\/schema\\\/person\\\/627016cf4cf7fe2189ac7e234990f441\"},\"headline\":\"Massey Ferguson MF 7719 S mit Maschine des Jahres auf der SIMA ausgezeichnet\",\"datePublished\":\"2019-02-15T12:15:00+00:00\",\"dateModified\":\"2022-06-15T14:42:33+00:00\",\"mainEntityOfPage\":{\"@id\":\"https:\\\/\\\/www.landwirt.com\\\/news\\\/massey-ferguson-mf-7719-s-mit-maschine-des-jahres-auf-der-sima-ausgezeichnet\\\/\"},\"wordCount\":391,\"publisher\":{\"@id\":\"https:\\\/\\\/www.landwirt.com\\\/news\\\/#organization\"},\"image\":{\"@id\":\"https:\\\/\\\/www.landwirt.com\\\/news\\\/massey-ferguson-mf-7719-s-mit-maschine-des-jahres-auf-der-sima-ausgezeichnet\\\/#primaryimage\"},\"thumbnailUrl\":\"https:\\\/\\\/www.landwirt.com\\\/news\\\/wp-content\\\/uploads\\\/2020\\\/04\\\/Massey-1.jpg\",\"keywords\":[\"AGCO\",\"Auszeichnung\",\"Maschine des Jahres\",\"Massey Ferguson\",\"MF\",\"SIMA\"],\"articleSection\":[\"Werbung\"],\"inLanguage\":\"de-AT\"},{\"@type\":\"WebPage\",\"@id\":\"https:\\\/\\\/www.landwirt.com\\\/news\\\/massey-ferguson-mf-7719-s-mit-maschine-des-jahres-auf-der-sima-ausgezeichnet\\\/\",\"url\":\"https:\\\/\\\/www.landwirt.com\\\/news\\\/massey-ferguson-mf-7719-s-mit-maschine-des-jahres-auf-der-sima-ausgezeichnet\\\/\",\"name\":\"Massey Ferguson mit Maschine des Jahres auf der SIMA ausgezeichnet\",\"isPartOf\":{\"@id\":\"https:\\\/\\\/www.landwirt.com\\\/news\\\/#website\"},\"primaryImageOfPage\":{\"@id\":\"https:\\\/\\\/www.landwirt.com\\\/news\\\/massey-ferguson-mf-7719-s-mit-maschine-des-jahres-auf-der-sima-ausgezeichnet\\\/#primaryimage\"},\"image\":{\"@id\":\"https:\\\/\\\/www.landwirt.com\\\/news\\\/massey-ferguson-mf-7719-s-mit-maschine-des-jahres-auf-der-sima-ausgezeichnet\\\/#primaryimage\"},\"thumbnailUrl\":\"https:\\\/\\\/www.landwirt.com\\\/news\\\/wp-content\\\/uploads\\\/2020\\\/04\\\/Massey-1.jpg\",\"datePublished\":\"2019-02-15T12:15:00+00:00\",\"dateModified\":\"2022-06-15T14:42:33+00:00\",\"description\":\"Massey Ferguson freut sich bekanntzugeben, dass der MF 7719 S auf der SIMA in Paris als Maschine des Jahres 2019 in der Kategorie \\\"L\\\" ausgezeichnet wurde.\",\"breadcrumb\":{\"@id\":\"https:\\\/\\\/www.landwirt.com\\\/news\\\/massey-ferguson-mf-7719-s-mit-maschine-des-jahres-auf-der-sima-ausgezeichnet\\\/#breadcrumb\"},\"inLanguage\":\"de-AT\",\"potentialAction\":[{\"@type\":\"ReadAction\",\"target\":[\"https:\\\/\\\/www.landwirt.com\\\/news\\\/massey-ferguson-mf-7719-s-mit-maschine-des-jahres-auf-der-sima-ausgezeichnet\\\/\"]}]},{\"@type\":\"ImageObject\",\"inLanguage\":\"de-AT\",\"@id\":\"https:\\\/\\\/www.landwirt.com\\\/news\\\/massey-ferguson-mf-7719-s-mit-maschine-des-jahres-auf-der-sima-ausgezeichnet\\\/#primaryimage\",\"url\":\"https:\\\/\\\/www.landwirt.com\\\/news\\\/wp-content\\\/uploads\\\/2020\\\/04\\\/Massey-1.jpg\",\"contentUrl\":\"https:\\\/\\\/www.landwirt.com\\\/news\\\/wp-content\\\/uploads\\\/2020\\\/04\\\/Massey-1.jpg\",\"width\":1024,\"height\":683},{\"@type\":\"BreadcrumbList\",\"@id\":\"https:\\\/\\\/www.landwirt.com\\\/news\\\/massey-ferguson-mf-7719-s-mit-maschine-des-jahres-auf-der-sima-ausgezeichnet\\\/#breadcrumb\",\"itemListElement\":[{\"@type\":\"ListItem\",\"position\":1,\"name\":\"Home\",\"item\":\"https:\\\/\\\/www.landwirt.com\\\/news\\\/home\\\/\"},{\"@type\":\"ListItem\",\"position\":2,\"name\":\"Massey Ferguson MF 7719 S mit Maschine des Jahres auf der SIMA ausgezeichnet\"}]},{\"@type\":\"WebSite\",\"@id\":\"https:\\\/\\\/www.landwirt.com\\\/news\\\/#website\",\"url\":\"https:\\\/\\\/www.landwirt.com\\\/news\\\/\",\"name\":\"Landwirt.com News\",\"description\":\"Landwirt.com News\",\"publisher\":{\"@id\":\"https:\\\/\\\/www.landwirt.com\\\/news\\\/#organization\"},\"potentialAction\":[{\"@type\":\"SearchAction\",\"target\":{\"@type\":\"EntryPoint\",\"urlTemplate\":\"https:\\\/\\\/www.landwirt.com\\\/news\\\/?s={search_term_string}\"},\"query-input\":{\"@type\":\"PropertyValueSpecification\",\"valueRequired\":true,\"valueName\":\"search_term_string\"}}],\"inLanguage\":\"de-AT\"},{\"@type\":\"Organization\",\"@id\":\"https:\\\/\\\/www.landwirt.com\\\/news\\\/#organization\",\"name\":\"LANDWIRT.COM GMBH\",\"url\":\"https:\\\/\\\/www.landwirt.com\\\/news\\\/\",\"logo\":{\"@type\":\"ImageObject\",\"inLanguage\":\"de-AT\",\"@id\":\"https:\\\/\\\/www.landwirt.com\\\/news\\\/#\\\/schema\\\/logo\\\/image\\\/\",\"url\":\"https:\\\/\\\/www.landwirt.com\\\/news\\\/wp-content\\\/uploads\\\/2020\\\/02\\\/LW-logo.png\",\"contentUrl\":\"https:\\\/\\\/www.landwirt.com\\\/news\\\/wp-content\\\/uploads\\\/2020\\\/02\\\/LW-logo.png\",\"width\":250,\"height\":58,\"caption\":\"LANDWIRT.COM GMBH\"},\"image\":{\"@id\":\"https:\\\/\\\/www.landwirt.com\\\/news\\\/#\\\/schema\\\/logo\\\/image\\\/\"}},{\"@type\":\"Person\",\"@id\":\"https:\\\/\\\/www.landwirt.com\\\/news\\\/#\\\/schema\\\/person\\\/627016cf4cf7fe2189ac7e234990f441\",\"name\":\"Alexandra Schauer\",\"image\":{\"@type\":\"ImageObject\",\"inLanguage\":\"de-AT\",\"@id\":\"https:\\\/\\\/secure.gravatar.com\\\/avatar\\\/7dc000820bab53d1e584af263fe6d4f9133557b5e0a6f573d3b8713ce8629c9f?s=96&d=mm&r=g\",\"url\":\"https:\\\/\\\/secure.gravatar.com\\\/avatar\\\/7dc000820bab53d1e584af263fe6d4f9133557b5e0a6f573d3b8713ce8629c9f?s=96&d=mm&r=g\",\"contentUrl\":\"https:\\\/\\\/secure.gravatar.com\\\/avatar\\\/7dc000820bab53d1e584af263fe6d4f9133557b5e0a6f573d3b8713ce8629c9f?s=96&d=mm&r=g\",\"caption\":\"Alexandra Schauer\"},\"url\":\"https:\\\/\\\/www.landwirt.com\\\/news\\\/author\\\/alex\\\/\"}]}<\/script>\n<!-- \/ Yoast SEO plugin. -->","yoast_head_json":{"title":"Massey Ferguson mit Maschine des Jahres auf der SIMA ausgezeichnet","description":"Massey Ferguson freut sich bekanntzugeben, dass der MF 7719 S auf der SIMA in Paris als Maschine des Jahres 2019 in der Kategorie \"L\" ausgezeichnet wurde.","robots":{"index":"index","follow":"follow","max-snippet":"max-snippet:-1","max-image-preview":"max-image-preview:large","max-video-preview":"max-video-preview:-1"},"og_locale":"de_DE","og_type":"article","og_title":"Massey Ferguson mit Maschine des Jahres auf der SIMA ausgezeichnet","og_description":"Massey Ferguson freut sich bekanntzugeben, dass der MF 7719 S auf der SIMA in Paris als Maschine des Jahres 2019 in der Kategorie \"L\" ausgezeichnet wurde.","og_url":"https:\/\/www.landwirt.com\/news\/massey-ferguson-mf-7719-s-mit-maschine-des-jahres-auf-der-sima-ausgezeichnet\/","og_site_name":"Landwirt.com News","article_published_time":"2019-02-15T12:15:00+00:00","article_modified_time":"2022-06-15T14:42:33+00:00","og_image":[{"width":1024,"height":683,"url":"https:\/\/www.landwirt.com\/news\/wp-content\/uploads\/2020\/04\/Massey-1.jpg","type":"image\/jpeg"}],"author":"Alexandra Schauer","twitter_card":"summary_large_image","twitter_misc":{"Verfasst von":"Alexandra Schauer","Gesch\u00e4tzte Lesezeit":"3 Minuten"},"schema":{"@context":"https:\/\/schema.org","@graph":[{"@type":"Article","@id":"https:\/\/www.landwirt.com\/news\/massey-ferguson-mf-7719-s-mit-maschine-des-jahres-auf-der-sima-ausgezeichnet\/#article","isPartOf":{"@id":"https:\/\/www.landwirt.com\/news\/massey-ferguson-mf-7719-s-mit-maschine-des-jahres-auf-der-sima-ausgezeichnet\/"},"author":{"name":"Alexandra Schauer","@id":"https:\/\/www.landwirt.com\/news\/#\/schema\/person\/627016cf4cf7fe2189ac7e234990f441"},"headline":"Massey Ferguson MF 7719 S mit Maschine des Jahres auf der SIMA ausgezeichnet","datePublished":"2019-02-15T12:15:00+00:00","dateModified":"2022-06-15T14:42:33+00:00","mainEntityOfPage":{"@id":"https:\/\/www.landwirt.com\/news\/massey-ferguson-mf-7719-s-mit-maschine-des-jahres-auf-der-sima-ausgezeichnet\/"},"wordCount":391,"publisher":{"@id":"https:\/\/www.landwirt.com\/news\/#organization"},"image":{"@id":"https:\/\/www.landwirt.com\/news\/massey-ferguson-mf-7719-s-mit-maschine-des-jahres-auf-der-sima-ausgezeichnet\/#primaryimage"},"thumbnailUrl":"https:\/\/www.landwirt.com\/news\/wp-content\/uploads\/2020\/04\/Massey-1.jpg","keywords":["AGCO","Auszeichnung","Maschine des Jahres","Massey Ferguson","MF","SIMA"],"articleSection":["Werbung"],"inLanguage":"de-AT"},{"@type":"WebPage","@id":"https:\/\/www.landwirt.com\/news\/massey-ferguson-mf-7719-s-mit-maschine-des-jahres-auf-der-sima-ausgezeichnet\/","url":"https:\/\/www.landwirt.com\/news\/massey-ferguson-mf-7719-s-mit-maschine-des-jahres-auf-der-sima-ausgezeichnet\/","name":"Massey Ferguson mit Maschine des Jahres auf der SIMA ausgezeichnet","isPartOf":{"@id":"https:\/\/www.landwirt.com\/news\/#website"},"primaryImageOfPage":{"@id":"https:\/\/www.landwirt.com\/news\/massey-ferguson-mf-7719-s-mit-maschine-des-jahres-auf-der-sima-ausgezeichnet\/#primaryimage"},"image":{"@id":"https:\/\/www.landwirt.com\/news\/massey-ferguson-mf-7719-s-mit-maschine-des-jahres-auf-der-sima-ausgezeichnet\/#primaryimage"},"thumbnailUrl":"https:\/\/www.landwirt.com\/news\/wp-content\/uploads\/2020\/04\/Massey-1.jpg","datePublished":"2019-02-15T12:15:00+00:00","dateModified":"2022-06-15T14:42:33+00:00","description":"Massey Ferguson freut sich bekanntzugeben, dass der MF 7719 S auf der SIMA in Paris als Maschine des Jahres 2019 in der Kategorie \"L\" ausgezeichnet wurde.","breadcrumb":{"@id":"https:\/\/www.landwirt.com\/news\/massey-ferguson-mf-7719-s-mit-maschine-des-jahres-auf-der-sima-ausgezeichnet\/#breadcrumb"},"inLanguage":"de-AT","potentialAction":[{"@type":"ReadAction","target":["https:\/\/www.landwirt.com\/news\/massey-ferguson-mf-7719-s-mit-maschine-des-jahres-auf-der-sima-ausgezeichnet\/"]}]},{"@type":"ImageObject","inLanguage":"de-AT","@id":"https:\/\/www.landwirt.com\/news\/massey-ferguson-mf-7719-s-mit-maschine-des-jahres-auf-der-sima-ausgezeichnet\/#primaryimage","url":"https:\/\/www.landwirt.com\/news\/wp-content\/uploads\/2020\/04\/Massey-1.jpg","contentUrl":"https:\/\/www.landwirt.com\/news\/wp-content\/uploads\/2020\/04\/Massey-1.jpg","width":1024,"height":683},{"@type":"BreadcrumbList","@id":"https:\/\/www.landwirt.com\/news\/massey-ferguson-mf-7719-s-mit-maschine-des-jahres-auf-der-sima-ausgezeichnet\/#breadcrumb","itemListElement":[{"@type":"ListItem","position":1,"name":"Home","item":"https:\/\/www.landwirt.com\/news\/home\/"},{"@type":"ListItem","position":2,"name":"Massey Ferguson MF 7719 S mit Maschine des Jahres auf der SIMA ausgezeichnet"}]},{"@type":"WebSite","@id":"https:\/\/www.landwirt.com\/news\/#website","url":"https:\/\/www.landwirt.com\/news\/","name":"Landwirt.com News","description":"Landwirt.com News","publisher":{"@id":"https:\/\/www.landwirt.com\/news\/#organization"},"potentialAction":[{"@type":"SearchAction","target":{"@type":"EntryPoint","urlTemplate":"https:\/\/www.landwirt.com\/news\/?s={search_term_string}"},"query-input":{"@type":"PropertyValueSpecification","valueRequired":true,"valueName":"search_term_string"}}],"inLanguage":"de-AT"},{"@type":"Organization","@id":"https:\/\/www.landwirt.com\/news\/#organization","name":"LANDWIRT.COM GMBH","url":"https:\/\/www.landwirt.com\/news\/","logo":{"@type":"ImageObject","inLanguage":"de-AT","@id":"https:\/\/www.landwirt.com\/news\/#\/schema\/logo\/image\/","url":"https:\/\/www.landwirt.com\/news\/wp-content\/uploads\/2020\/02\/LW-logo.png","contentUrl":"https:\/\/www.landwirt.com\/news\/wp-content\/uploads\/2020\/02\/LW-logo.png","width":250,"height":58,"caption":"LANDWIRT.COM GMBH"},"image":{"@id":"https:\/\/www.landwirt.com\/news\/#\/schema\/logo\/image\/"}},{"@type":"Person","@id":"https:\/\/www.landwirt.com\/news\/#\/schema\/person\/627016cf4cf7fe2189ac7e234990f441","name":"Alexandra Schauer","image":{"@type":"ImageObject","inLanguage":"de-AT","@id":"https:\/\/secure.gravatar.com\/avatar\/7dc000820bab53d1e584af263fe6d4f9133557b5e0a6f573d3b8713ce8629c9f?s=96&d=mm&r=g","url":"https:\/\/secure.gravatar.com\/avatar\/7dc000820bab53d1e584af263fe6d4f9133557b5e0a6f573d3b8713ce8629c9f?s=96&d=mm&r=g","contentUrl":"https:\/\/secure.gravatar.com\/avatar\/7dc000820bab53d1e584af263fe6d4f9133557b5e0a6f573d3b8713ce8629c9f?s=96&d=mm&r=g","caption":"Alexandra Schauer"},"url":"https:\/\/www.landwirt.com\/news\/author\/alex\/"}]}},"_links":{"self":[{"href":"https:\/\/www.landwirt.com\/news\/wp-json\/wp\/v2\/posts\/1385","targetHints":{"allow":["GET"]}}],"collection":[{"href":"https:\/\/www.landwirt.com\/news\/wp-json\/wp\/v2\/posts"}],"about":[{"href":"https:\/\/www.landwirt.com\/news\/wp-json\/wp\/v2\/types\/post"}],"author":[{"embeddable":true,"href":"https:\/\/www.landwirt.com\/news\/wp-json\/wp\/v2\/users\/3"}],"replies":[{"embeddable":true,"href":"https:\/\/www.landwirt.com\/news\/wp-json\/wp\/v2\/comments?post=1385"}],"version-history":[{"count":3,"href":"https:\/\/www.landwirt.com\/news\/wp-json\/wp\/v2\/posts\/1385\/revisions"}],"predecessor-version":[{"id":10034,"href":"https:\/\/www.landwirt.com\/news\/wp-json\/wp\/v2\/posts\/1385\/revisions\/10034"}],"wp:featuredmedia":[{"embeddable":true,"href":"https:\/\/www.landwirt.com\/news\/wp-json\/wp\/v2\/media\/1387"}],"wp:attachment":[{"href":"https:\/\/www.landwirt.com\/news\/wp-json\/wp\/v2\/media?parent=1385"}],"wp:term":[{"taxonomy":"category","embeddable":true,"href":"https:\/\/www.landwirt.com\/news\/wp-json\/wp\/v2\/categories?post=1385"},{"taxonomy":"post_tag","embeddable":true,"href":"https:\/\/www.landwirt.com\/news\/wp-json\/wp\/v2\/tags?post=1385"}],"curies":[{"name":"wp","href":"https:\/\/api.w.org\/{rel}","templated":true}]}}