{"id":13546,"date":"2023-11-08T09:18:20","date_gmt":"2023-11-08T08:18:20","guid":{"rendered":"https:\/\/www.landwirt.com\/news\/?p=13546"},"modified":"2023-11-29T13:12:04","modified_gmt":"2023-11-29T12:12:04","slug":"strobl-hausmesse-2023","status":"publish","type":"post","link":"https:\/\/www.landwirt.com\/news\/strobl-hausmesse-2023\/","title":{"rendered":"AVANT Hoflader-und Anbauger\u00e4te-Programm live auf der Hausmesse von Strobl Austria"},"content":{"rendered":"\n<hr class=\"wp-block-separator has-alpha-channel-opacity\"\/>\n\n\n\n<p><strong><em>Von 13. bis 15. Oktober fand bei Strobl Austria nach 4-j\u00e4hriger Pause wieder eine Hausmesse statt. Viele Besucher folgten der Einladung und bekamen am Firmengel\u00e4nde in Waidhofen an der Thaya ein buntes Programm geboten.<\/em><\/strong><\/p>\n\n\n\n<figure class=\"wp-block-image alignwide size-full\"><img loading=\"lazy\" decoding=\"async\" width=\"1000\" height=\"665\" src=\"https:\/\/www.landwirt.com\/news\/wp-content\/uploads\/2023\/11\/DSC_0116.jpg\" alt=\"\" class=\"wp-image-13547\" srcset=\"https:\/\/www.landwirt.com\/news\/wp-content\/uploads\/2023\/11\/DSC_0116.jpg 1000w, https:\/\/www.landwirt.com\/news\/wp-content\/uploads\/2023\/11\/DSC_0116-300x200.jpg 300w, https:\/\/www.landwirt.com\/news\/wp-content\/uploads\/2023\/11\/DSC_0116-768x511.jpg 768w, https:\/\/www.landwirt.com\/news\/wp-content\/uploads\/2023\/11\/DSC_0116-705x469.jpg 705w\" sizes=\"auto, (max-width: 1000px) 100vw, 1000px\" \/><\/figure>\n\n\n\n<p>In Summe waren 48 AVANT Hoflader und 6 Leguan Hubarbeitsb\u00fchnen mit verschiedensten der \u00fcber 200 AVANT Anbauger\u00e4te f\u00fcr die Besucher ausgestellt. Im Rahmen moderierter Maschinenvorf\u00fchrungen hat das Strobl Team die aktuellen Maschinenhighlights pr\u00e4sentiert. Eigens f\u00fcr die Veranstaltung aus Finnland angeliefert, wurde der neue vollelektrische AVANT e527 erstmalig mit AVANT-Akku, welcher ab dem ersten Quartal 2024 erh\u00e4ltlich sein wird. Live im Einsatz zu sehen war au\u00dferdem der Leguan 225, die gr\u00f6\u00dfte der Leguan Hubarbeitsb\u00fchnen mit einer Arbeitsh\u00f6he von 22,5 Metern. Die Besucher konnten sich von den Funktionen der Maschine \u00fcberzeugen und sehen, wie einfach sie zu bedienen ist: sie nivelliert sich von ganz allein, ist per Funk steuerbar und bietet festen Stand auf jedem Gel\u00e4nde.<\/p>\n\n\n\n<div class=\"wp-block-columns is-layout-flex wp-container-core-columns-is-layout-9d6595d7 wp-block-columns-is-layout-flex\">\n<div class=\"wp-block-column is-layout-flow wp-block-column-is-layout-flow\">\n<figure class=\"wp-block-image size-full\"><img loading=\"lazy\" decoding=\"async\" width=\"1000\" height=\"673\" src=\"https:\/\/www.landwirt.com\/news\/wp-content\/uploads\/2023\/11\/IMG_7623-Kopie.jpg\" alt=\"\" class=\"wp-image-13564\" srcset=\"https:\/\/www.landwirt.com\/news\/wp-content\/uploads\/2023\/11\/IMG_7623-Kopie.jpg 1000w, https:\/\/www.landwirt.com\/news\/wp-content\/uploads\/2023\/11\/IMG_7623-Kopie-300x202.jpg 300w, https:\/\/www.landwirt.com\/news\/wp-content\/uploads\/2023\/11\/IMG_7623-Kopie-768x517.jpg 768w, https:\/\/www.landwirt.com\/news\/wp-content\/uploads\/2023\/11\/IMG_7623-Kopie-705x474.jpg 705w\" sizes=\"auto, (max-width: 1000px) 100vw, 1000px\" \/><\/figure>\n<\/div>\n\n\n\n<div class=\"wp-block-column is-layout-flow wp-block-column-is-layout-flow\">\n<figure class=\"wp-block-image size-full\"><img loading=\"lazy\" decoding=\"async\" width=\"1000\" height=\"673\" src=\"https:\/\/www.landwirt.com\/news\/wp-content\/uploads\/2023\/11\/IMG_7623.jpg\" alt=\"\" class=\"wp-image-13548\" srcset=\"https:\/\/www.landwirt.com\/news\/wp-content\/uploads\/2023\/11\/IMG_7623.jpg 1000w, https:\/\/www.landwirt.com\/news\/wp-content\/uploads\/2023\/11\/IMG_7623-300x202.jpg 300w, https:\/\/www.landwirt.com\/news\/wp-content\/uploads\/2023\/11\/IMG_7623-768x517.jpg 768w, https:\/\/www.landwirt.com\/news\/wp-content\/uploads\/2023\/11\/IMG_7623-705x474.jpg 705w\" sizes=\"auto, (max-width: 1000px) 100vw, 1000px\" \/><\/figure>\n<\/div>\n<\/div>\n\n\n\n<p><strong>AVANT Produktprogramm live im Einsatz<br><\/strong>Im Anschluss folgte die Demonstration des AVANT 760i mit Raupenfahrwerk, der von Strobl Austria heuer erstmals in \u00d6sterreich auf der Austrofoma pr\u00e4sentiert wurde. Neben der Gel\u00e4ndetauglichkeit wurde auch die Standfestigkeit, f\u00fcr welche die AVANT Lader am Markt bekannt sind, \u00fcberzeugend dargelegt: Den AVANT 860i konnte auf dem eigens f\u00fcr die Veranstaltung mit meterhoher angesch\u00fctteter Erde pr\u00e4parierten Demo-Gel\u00e4nde wortw\u00f6rtlich nichts aus der Bahn werfen.<\/p>\n\n\n\n<p><strong>Selbstfahrender Kompostwender Gujer SGF 2100 f\u00fcr nachhaltige Landwirtschaft<br><\/strong>Die Produktvorstellungen der Firma Strobl Austria wurden durch die Kompostwender der Firma Gujer Innotec und die Siebanlagen von CZ Screen vervollst\u00e4ndigt. Den Besuchern wurde die gro\u00dfe Trommelsiebanlage MS Big vorgef\u00fchrt sowie der selbstfahrende Kompostwender SGF 2100.<\/p>\n\n\n\n<p>F\u00fcr Spannung &amp; Action sorgte der AVANT Geschicklichkeitsparcours an allen drei Messetagen: Viele Besucher stellten sich der Herausforderung im Wettstreit um den Titel \u201eBester AVANT Fahrer \u00d6sterreichs\u201c. Bei der Fahrt mit dem AVANT 528 waren Geschick, gute Nerven und Feingef\u00fchl gefragt. Schlussendlich wurden die vier besten Teilnehmer mit tollen Preisen belohnt. F\u00fcr das leibliche Wohl sorgte die FF Kleing\u00f6pfritz und lud mit Speis &amp; Trank zum gem\u00fctlichen Verweilen ein. Ein Maltisch &amp; und eine H\u00fcpfburg sorgten f\u00fcr Spiel &amp; Spa\u00df bei den kleinen Besuchern und rundeten das Programm ab.<\/p>\n\n\n\n<p>&gt; Mehr Infos zum AVANT Produktprogramm und Angebote:<strong> <\/strong><a href=\"http:\/\/www.strobl-austria.at\"><strong>www.strobl-austria.at<\/strong><\/a><br>&gt; Bilder und Videos zur Hausmesse <a href=\"http:\/\/www.facebook.com\/StroblAustria\"><strong>www.facebook.com\/StroblAustria<\/strong><\/a><\/p>\n","protected":false},"excerpt":{"rendered":"<p>Von 13. bis 15. Oktober fand bei Strobl Austria nach 4-j\u00e4hriger Pause wieder eine Hausmesse statt. Viele Besucher folgten der Einladung und bekamen am Firmengel\u00e4nde in Waidhofen an der Thaya ein buntes Programm geboten.<\/p>\n","protected":false},"author":5,"featured_media":13549,"comment_status":"closed","ping_status":"closed","sticky":false,"template":"","format":"standard","meta":{"footnotes":""},"categories":[15,1,483],"tags":[],"class_list":["post-13546","post","type-post","status-publish","format-standard","has-post-thumbnail","hentry","category-landwirt","category-werbung","category-werbung-top"],"yoast_head":"<!-- This site is optimized with the Yoast SEO plugin v27.5 - https:\/\/yoast.com\/product\/yoast-seo-wordpress\/ -->\n<title>AVANT Hoflader-und Anbauger\u00e4te-Programm live auf der Hausmesse von Strobl Austria - Landwirt.com News<\/title>\n<meta name=\"robots\" content=\"index, follow, max-snippet:-1, max-image-preview:large, max-video-preview:-1\" \/>\n<meta property=\"og:locale\" content=\"de_DE\" \/>\n<meta property=\"og:type\" content=\"article\" \/>\n<meta property=\"og:title\" content=\"AVANT Hoflader-und Anbauger\u00e4te-Programm live auf der Hausmesse von Strobl Austria - Landwirt.com News\" \/>\n<meta property=\"og:description\" content=\"Von 13. bis 15. Oktober fand bei Strobl Austria nach 4-j\u00e4hriger Pause wieder eine Hausmesse statt. Viele Besucher folgten der Einladung und bekamen am Firmengel\u00e4nde in Waidhofen an der Thaya ein buntes Programm geboten.\" \/>\n<meta property=\"og:url\" content=\"https:\/\/www.landwirt.com\/news\/strobl-hausmesse-2023\/\" \/>\n<meta property=\"og:site_name\" content=\"Landwirt.com News\" \/>\n<meta property=\"article:published_time\" content=\"2023-11-08T08:18:20+00:00\" \/>\n<meta property=\"article:modified_time\" content=\"2023-11-29T12:12:04+00:00\" \/>\n<meta property=\"og:image\" content=\"https:\/\/www.landwirt.com\/news\/wp-content\/uploads\/2023\/11\/vorschau-strobl-wp.jpg\" \/>\n\t<meta property=\"og:image:width\" content=\"495\" \/>\n\t<meta property=\"og:image:height\" content=\"400\" \/>\n\t<meta property=\"og:image:type\" content=\"image\/jpeg\" \/>\n<meta name=\"author\" content=\"Lisa Rokos\" \/>\n<meta name=\"twitter:card\" content=\"summary_large_image\" \/>\n<meta name=\"twitter:label1\" content=\"Verfasst von\" \/>\n\t<meta name=\"twitter:data1\" content=\"Lisa Rokos\" \/>\n\t<meta name=\"twitter:label2\" content=\"Gesch\u00e4tzte Lesezeit\" \/>\n\t<meta name=\"twitter:data2\" content=\"3 Minuten\" \/>\n<script type=\"application\/ld+json\" class=\"yoast-schema-graph\">{\"@context\":\"https:\\\/\\\/schema.org\",\"@graph\":[{\"@type\":\"Article\",\"@id\":\"https:\\\/\\\/www.landwirt.com\\\/news\\\/strobl-hausmesse-2023\\\/#article\",\"isPartOf\":{\"@id\":\"https:\\\/\\\/www.landwirt.com\\\/news\\\/strobl-hausmesse-2023\\\/\"},\"author\":{\"name\":\"Lisa Rokos\",\"@id\":\"https:\\\/\\\/www.landwirt.com\\\/news\\\/#\\\/schema\\\/person\\\/75a4bc83f62af5332a58cf5d219a4c51\"},\"headline\":\"AVANT Hoflader-und Anbauger\u00e4te-Programm live auf der Hausmesse von Strobl Austria\",\"datePublished\":\"2023-11-08T08:18:20+00:00\",\"dateModified\":\"2023-11-29T12:12:04+00:00\",\"mainEntityOfPage\":{\"@id\":\"https:\\\/\\\/www.landwirt.com\\\/news\\\/strobl-hausmesse-2023\\\/\"},\"wordCount\":403,\"publisher\":{\"@id\":\"https:\\\/\\\/www.landwirt.com\\\/news\\\/#organization\"},\"image\":{\"@id\":\"https:\\\/\\\/www.landwirt.com\\\/news\\\/strobl-hausmesse-2023\\\/#primaryimage\"},\"thumbnailUrl\":\"https:\\\/\\\/www.landwirt.com\\\/news\\\/wp-content\\\/uploads\\\/2023\\\/11\\\/vorschau-strobl-wp.jpg\",\"articleSection\":[\"Landwirt\",\"Werbung\",\"Werbung Top\"],\"inLanguage\":\"de-AT\"},{\"@type\":\"WebPage\",\"@id\":\"https:\\\/\\\/www.landwirt.com\\\/news\\\/strobl-hausmesse-2023\\\/\",\"url\":\"https:\\\/\\\/www.landwirt.com\\\/news\\\/strobl-hausmesse-2023\\\/\",\"name\":\"AVANT Hoflader-und Anbauger\u00e4te-Programm live auf der Hausmesse von Strobl Austria - Landwirt.com News\",\"isPartOf\":{\"@id\":\"https:\\\/\\\/www.landwirt.com\\\/news\\\/#website\"},\"primaryImageOfPage\":{\"@id\":\"https:\\\/\\\/www.landwirt.com\\\/news\\\/strobl-hausmesse-2023\\\/#primaryimage\"},\"image\":{\"@id\":\"https:\\\/\\\/www.landwirt.com\\\/news\\\/strobl-hausmesse-2023\\\/#primaryimage\"},\"thumbnailUrl\":\"https:\\\/\\\/www.landwirt.com\\\/news\\\/wp-content\\\/uploads\\\/2023\\\/11\\\/vorschau-strobl-wp.jpg\",\"datePublished\":\"2023-11-08T08:18:20+00:00\",\"dateModified\":\"2023-11-29T12:12:04+00:00\",\"breadcrumb\":{\"@id\":\"https:\\\/\\\/www.landwirt.com\\\/news\\\/strobl-hausmesse-2023\\\/#breadcrumb\"},\"inLanguage\":\"de-AT\",\"potentialAction\":[{\"@type\":\"ReadAction\",\"target\":[\"https:\\\/\\\/www.landwirt.com\\\/news\\\/strobl-hausmesse-2023\\\/\"]}]},{\"@type\":\"ImageObject\",\"inLanguage\":\"de-AT\",\"@id\":\"https:\\\/\\\/www.landwirt.com\\\/news\\\/strobl-hausmesse-2023\\\/#primaryimage\",\"url\":\"https:\\\/\\\/www.landwirt.com\\\/news\\\/wp-content\\\/uploads\\\/2023\\\/11\\\/vorschau-strobl-wp.jpg\",\"contentUrl\":\"https:\\\/\\\/www.landwirt.com\\\/news\\\/wp-content\\\/uploads\\\/2023\\\/11\\\/vorschau-strobl-wp.jpg\",\"width\":495,\"height\":400},{\"@type\":\"BreadcrumbList\",\"@id\":\"https:\\\/\\\/www.landwirt.com\\\/news\\\/strobl-hausmesse-2023\\\/#breadcrumb\",\"itemListElement\":[{\"@type\":\"ListItem\",\"position\":1,\"name\":\"Home\",\"item\":\"https:\\\/\\\/www.landwirt.com\\\/news\\\/home\\\/\"},{\"@type\":\"ListItem\",\"position\":2,\"name\":\"AVANT Hoflader-und Anbauger\u00e4te-Programm live auf der Hausmesse von Strobl Austria\"}]},{\"@type\":\"WebSite\",\"@id\":\"https:\\\/\\\/www.landwirt.com\\\/news\\\/#website\",\"url\":\"https:\\\/\\\/www.landwirt.com\\\/news\\\/\",\"name\":\"Landwirt.com News\",\"description\":\"Landwirt.com News\",\"publisher\":{\"@id\":\"https:\\\/\\\/www.landwirt.com\\\/news\\\/#organization\"},\"potentialAction\":[{\"@type\":\"SearchAction\",\"target\":{\"@type\":\"EntryPoint\",\"urlTemplate\":\"https:\\\/\\\/www.landwirt.com\\\/news\\\/?s={search_term_string}\"},\"query-input\":{\"@type\":\"PropertyValueSpecification\",\"valueRequired\":true,\"valueName\":\"search_term_string\"}}],\"inLanguage\":\"de-AT\"},{\"@type\":\"Organization\",\"@id\":\"https:\\\/\\\/www.landwirt.com\\\/news\\\/#organization\",\"name\":\"LANDWIRT.COM GMBH\",\"url\":\"https:\\\/\\\/www.landwirt.com\\\/news\\\/\",\"logo\":{\"@type\":\"ImageObject\",\"inLanguage\":\"de-AT\",\"@id\":\"https:\\\/\\\/www.landwirt.com\\\/news\\\/#\\\/schema\\\/logo\\\/image\\\/\",\"url\":\"https:\\\/\\\/www.landwirt.com\\\/news\\\/wp-content\\\/uploads\\\/2020\\\/02\\\/LW-logo.png\",\"contentUrl\":\"https:\\\/\\\/www.landwirt.com\\\/news\\\/wp-content\\\/uploads\\\/2020\\\/02\\\/LW-logo.png\",\"width\":250,\"height\":58,\"caption\":\"LANDWIRT.COM GMBH\"},\"image\":{\"@id\":\"https:\\\/\\\/www.landwirt.com\\\/news\\\/#\\\/schema\\\/logo\\\/image\\\/\"}},{\"@type\":\"Person\",\"@id\":\"https:\\\/\\\/www.landwirt.com\\\/news\\\/#\\\/schema\\\/person\\\/75a4bc83f62af5332a58cf5d219a4c51\",\"name\":\"Lisa Rokos\",\"image\":{\"@type\":\"ImageObject\",\"inLanguage\":\"de-AT\",\"@id\":\"https:\\\/\\\/secure.gravatar.com\\\/avatar\\\/7a0bb7bda929bd765c27a74ac583d88484ba68a68a98e3d35a51f87ee30382d9?s=96&d=mm&r=g\",\"url\":\"https:\\\/\\\/secure.gravatar.com\\\/avatar\\\/7a0bb7bda929bd765c27a74ac583d88484ba68a68a98e3d35a51f87ee30382d9?s=96&d=mm&r=g\",\"contentUrl\":\"https:\\\/\\\/secure.gravatar.com\\\/avatar\\\/7a0bb7bda929bd765c27a74ac583d88484ba68a68a98e3d35a51f87ee30382d9?s=96&d=mm&r=g\",\"caption\":\"Lisa Rokos\"},\"url\":\"https:\\\/\\\/www.landwirt.com\\\/news\\\/author\\\/lisa\\\/\"}]}<\/script>\n<!-- \/ Yoast SEO plugin. -->","yoast_head_json":{"title":"AVANT Hoflader-und Anbauger\u00e4te-Programm live auf der Hausmesse von Strobl Austria - Landwirt.com News","robots":{"index":"index","follow":"follow","max-snippet":"max-snippet:-1","max-image-preview":"max-image-preview:large","max-video-preview":"max-video-preview:-1"},"og_locale":"de_DE","og_type":"article","og_title":"AVANT Hoflader-und Anbauger\u00e4te-Programm live auf der Hausmesse von Strobl Austria - Landwirt.com News","og_description":"Von 13. bis 15. Oktober fand bei Strobl Austria nach 4-j\u00e4hriger Pause wieder eine Hausmesse statt. Viele Besucher folgten der Einladung und bekamen am Firmengel\u00e4nde in Waidhofen an der Thaya ein buntes Programm geboten.","og_url":"https:\/\/www.landwirt.com\/news\/strobl-hausmesse-2023\/","og_site_name":"Landwirt.com News","article_published_time":"2023-11-08T08:18:20+00:00","article_modified_time":"2023-11-29T12:12:04+00:00","og_image":[{"width":495,"height":400,"url":"https:\/\/www.landwirt.com\/news\/wp-content\/uploads\/2023\/11\/vorschau-strobl-wp.jpg","type":"image\/jpeg"}],"author":"Lisa Rokos","twitter_card":"summary_large_image","twitter_misc":{"Verfasst von":"Lisa Rokos","Gesch\u00e4tzte Lesezeit":"3 Minuten"},"schema":{"@context":"https:\/\/schema.org","@graph":[{"@type":"Article","@id":"https:\/\/www.landwirt.com\/news\/strobl-hausmesse-2023\/#article","isPartOf":{"@id":"https:\/\/www.landwirt.com\/news\/strobl-hausmesse-2023\/"},"author":{"name":"Lisa Rokos","@id":"https:\/\/www.landwirt.com\/news\/#\/schema\/person\/75a4bc83f62af5332a58cf5d219a4c51"},"headline":"AVANT Hoflader-und Anbauger\u00e4te-Programm live auf der Hausmesse von Strobl Austria","datePublished":"2023-11-08T08:18:20+00:00","dateModified":"2023-11-29T12:12:04+00:00","mainEntityOfPage":{"@id":"https:\/\/www.landwirt.com\/news\/strobl-hausmesse-2023\/"},"wordCount":403,"publisher":{"@id":"https:\/\/www.landwirt.com\/news\/#organization"},"image":{"@id":"https:\/\/www.landwirt.com\/news\/strobl-hausmesse-2023\/#primaryimage"},"thumbnailUrl":"https:\/\/www.landwirt.com\/news\/wp-content\/uploads\/2023\/11\/vorschau-strobl-wp.jpg","articleSection":["Landwirt","Werbung","Werbung Top"],"inLanguage":"de-AT"},{"@type":"WebPage","@id":"https:\/\/www.landwirt.com\/news\/strobl-hausmesse-2023\/","url":"https:\/\/www.landwirt.com\/news\/strobl-hausmesse-2023\/","name":"AVANT Hoflader-und Anbauger\u00e4te-Programm live auf der Hausmesse von Strobl Austria - Landwirt.com News","isPartOf":{"@id":"https:\/\/www.landwirt.com\/news\/#website"},"primaryImageOfPage":{"@id":"https:\/\/www.landwirt.com\/news\/strobl-hausmesse-2023\/#primaryimage"},"image":{"@id":"https:\/\/www.landwirt.com\/news\/strobl-hausmesse-2023\/#primaryimage"},"thumbnailUrl":"https:\/\/www.landwirt.com\/news\/wp-content\/uploads\/2023\/11\/vorschau-strobl-wp.jpg","datePublished":"2023-11-08T08:18:20+00:00","dateModified":"2023-11-29T12:12:04+00:00","breadcrumb":{"@id":"https:\/\/www.landwirt.com\/news\/strobl-hausmesse-2023\/#breadcrumb"},"inLanguage":"de-AT","potentialAction":[{"@type":"ReadAction","target":["https:\/\/www.landwirt.com\/news\/strobl-hausmesse-2023\/"]}]},{"@type":"ImageObject","inLanguage":"de-AT","@id":"https:\/\/www.landwirt.com\/news\/strobl-hausmesse-2023\/#primaryimage","url":"https:\/\/www.landwirt.com\/news\/wp-content\/uploads\/2023\/11\/vorschau-strobl-wp.jpg","contentUrl":"https:\/\/www.landwirt.com\/news\/wp-content\/uploads\/2023\/11\/vorschau-strobl-wp.jpg","width":495,"height":400},{"@type":"BreadcrumbList","@id":"https:\/\/www.landwirt.com\/news\/strobl-hausmesse-2023\/#breadcrumb","itemListElement":[{"@type":"ListItem","position":1,"name":"Home","item":"https:\/\/www.landwirt.com\/news\/home\/"},{"@type":"ListItem","position":2,"name":"AVANT Hoflader-und Anbauger\u00e4te-Programm live auf der Hausmesse von Strobl Austria"}]},{"@type":"WebSite","@id":"https:\/\/www.landwirt.com\/news\/#website","url":"https:\/\/www.landwirt.com\/news\/","name":"Landwirt.com News","description":"Landwirt.com News","publisher":{"@id":"https:\/\/www.landwirt.com\/news\/#organization"},"potentialAction":[{"@type":"SearchAction","target":{"@type":"EntryPoint","urlTemplate":"https:\/\/www.landwirt.com\/news\/?s={search_term_string}"},"query-input":{"@type":"PropertyValueSpecification","valueRequired":true,"valueName":"search_term_string"}}],"inLanguage":"de-AT"},{"@type":"Organization","@id":"https:\/\/www.landwirt.com\/news\/#organization","name":"LANDWIRT.COM GMBH","url":"https:\/\/www.landwirt.com\/news\/","logo":{"@type":"ImageObject","inLanguage":"de-AT","@id":"https:\/\/www.landwirt.com\/news\/#\/schema\/logo\/image\/","url":"https:\/\/www.landwirt.com\/news\/wp-content\/uploads\/2020\/02\/LW-logo.png","contentUrl":"https:\/\/www.landwirt.com\/news\/wp-content\/uploads\/2020\/02\/LW-logo.png","width":250,"height":58,"caption":"LANDWIRT.COM GMBH"},"image":{"@id":"https:\/\/www.landwirt.com\/news\/#\/schema\/logo\/image\/"}},{"@type":"Person","@id":"https:\/\/www.landwirt.com\/news\/#\/schema\/person\/75a4bc83f62af5332a58cf5d219a4c51","name":"Lisa Rokos","image":{"@type":"ImageObject","inLanguage":"de-AT","@id":"https:\/\/secure.gravatar.com\/avatar\/7a0bb7bda929bd765c27a74ac583d88484ba68a68a98e3d35a51f87ee30382d9?s=96&d=mm&r=g","url":"https:\/\/secure.gravatar.com\/avatar\/7a0bb7bda929bd765c27a74ac583d88484ba68a68a98e3d35a51f87ee30382d9?s=96&d=mm&r=g","contentUrl":"https:\/\/secure.gravatar.com\/avatar\/7a0bb7bda929bd765c27a74ac583d88484ba68a68a98e3d35a51f87ee30382d9?s=96&d=mm&r=g","caption":"Lisa Rokos"},"url":"https:\/\/www.landwirt.com\/news\/author\/lisa\/"}]}},"_links":{"self":[{"href":"https:\/\/www.landwirt.com\/news\/wp-json\/wp\/v2\/posts\/13546","targetHints":{"allow":["GET"]}}],"collection":[{"href":"https:\/\/www.landwirt.com\/news\/wp-json\/wp\/v2\/posts"}],"about":[{"href":"https:\/\/www.landwirt.com\/news\/wp-json\/wp\/v2\/types\/post"}],"author":[{"embeddable":true,"href":"https:\/\/www.landwirt.com\/news\/wp-json\/wp\/v2\/users\/5"}],"replies":[{"embeddable":true,"href":"https:\/\/www.landwirt.com\/news\/wp-json\/wp\/v2\/comments?post=13546"}],"version-history":[{"count":6,"href":"https:\/\/www.landwirt.com\/news\/wp-json\/wp\/v2\/posts\/13546\/revisions"}],"predecessor-version":[{"id":13568,"href":"https:\/\/www.landwirt.com\/news\/wp-json\/wp\/v2\/posts\/13546\/revisions\/13568"}],"wp:featuredmedia":[{"embeddable":true,"href":"https:\/\/www.landwirt.com\/news\/wp-json\/wp\/v2\/media\/13549"}],"wp:attachment":[{"href":"https:\/\/www.landwirt.com\/news\/wp-json\/wp\/v2\/media?parent=13546"}],"wp:term":[{"taxonomy":"category","embeddable":true,"href":"https:\/\/www.landwirt.com\/news\/wp-json\/wp\/v2\/categories?post=13546"},{"taxonomy":"post_tag","embeddable":true,"href":"https:\/\/www.landwirt.com\/news\/wp-json\/wp\/v2\/tags?post=13546"}],"curies":[{"name":"wp","href":"https:\/\/api.w.org\/{rel}","templated":true}]}}