{"id":13463,"date":"2023-10-11T09:16:06","date_gmt":"2023-10-11T07:16:06","guid":{"rendered":"https:\/\/www.landwirt.com\/news\/?p=13463"},"modified":"2023-10-25T13:50:58","modified_gmt":"2023-10-25T11:50:58","slug":"standardtraktoren-zulassungen-in-oesterreich-jaenner-september-2023","status":"publish","type":"post","link":"https:\/\/www.landwirt.com\/news\/standardtraktoren-zulassungen-in-oesterreich-jaenner-september-2023\/","title":{"rendered":"Standardtraktoren-Zulassungen in \u00d6sterreich J\u00e4nner- September 2023"},"content":{"rendered":"\n<hr class=\"wp-block-separator has-css-opacity\"\/>\n\n\n\n<h3 class=\"wp-block-heading has-text-align-center\">&#8211; 10,7 % R\u00fcckgang bei den Standardtraktorenzulassungen in \u00d6sterreich<\/h3>\n\n\n\n<div style=\"height:20px\" aria-hidden=\"true\" class=\"wp-block-spacer\"><\/div>\n\n\n\n<figure class=\"wp-block-image alignwide size-large is-style-default\"><img loading=\"lazy\" decoding=\"async\" width=\"1030\" height=\"628\" src=\"https:\/\/www.landwirt.com\/news\/wp-content\/uploads\/2023\/10\/2-1030x628.png\" alt=\"\" class=\"wp-image-13467\" srcset=\"https:\/\/www.landwirt.com\/news\/wp-content\/uploads\/2023\/10\/2-1030x628.png 1030w, https:\/\/www.landwirt.com\/news\/wp-content\/uploads\/2023\/10\/2-300x183.png 300w, https:\/\/www.landwirt.com\/news\/wp-content\/uploads\/2023\/10\/2-768x468.png 768w, https:\/\/www.landwirt.com\/news\/wp-content\/uploads\/2023\/10\/2-705x430.png 705w, https:\/\/www.landwirt.com\/news\/wp-content\/uploads\/2023\/10\/2.png 1060w\" sizes=\"auto, (max-width: 1030px) 100vw, 1030px\" \/><\/figure>\n\n\n\n<p>Im Zeitraum J\u00e4nner bis September 2023 wurden 3.311 Standardtraktoren im \u00d6sterreich zugelassen. Ganz oben auf der Liste stehen nach wie vor die Marken STEYR, John Deere und New Holland.<\/p>\n\n\n\n<h2 class=\"wp-block-heading\">Marktanteil der Top-10-Marken bei den Zulassungen 2023<\/h2>\n\n\n\n<p>STEYR ist nach wie vor unumstritten an der Spitze und hat den h\u00f6chsten Marktanteil mit 20,8 %, gefolgt von John Deere und New Holland.<\/p>\n\n\n\n<div class=\"wp-block-columns is-layout-flex wp-container-core-columns-is-layout-9d6595d7 wp-block-columns-is-layout-flex\">\n<div class=\"wp-block-column is-layout-flow wp-block-column-is-layout-flow\" style=\"flex-basis:51.5%\">\n<figure class=\"wp-block-image size-full\"><img loading=\"lazy\" decoding=\"async\" width=\"803\" height=\"631\" src=\"https:\/\/www.landwirt.com\/news\/wp-content\/uploads\/2023\/10\/4.png\" alt=\"\" class=\"wp-image-13469\" srcset=\"https:\/\/www.landwirt.com\/news\/wp-content\/uploads\/2023\/10\/4.png 803w, https:\/\/www.landwirt.com\/news\/wp-content\/uploads\/2023\/10\/4-300x236.png 300w, https:\/\/www.landwirt.com\/news\/wp-content\/uploads\/2023\/10\/4-768x603.png 768w, https:\/\/www.landwirt.com\/news\/wp-content\/uploads\/2023\/10\/4-705x554.png 705w\" sizes=\"auto, (max-width: 803px) 100vw, 803px\" \/><\/figure>\n<\/div>\n\n\n\n<div class=\"wp-block-column is-layout-flow wp-block-column-is-layout-flow\" style=\"flex-basis:48.5%\">\n<figure class=\"wp-block-image size-full\"><img loading=\"lazy\" decoding=\"async\" width=\"717\" height=\"488\" src=\"https:\/\/www.landwirt.com\/news\/wp-content\/uploads\/2023\/10\/3.png\" alt=\"\" class=\"wp-image-13468\" srcset=\"https:\/\/www.landwirt.com\/news\/wp-content\/uploads\/2023\/10\/3.png 717w, https:\/\/www.landwirt.com\/news\/wp-content\/uploads\/2023\/10\/3-300x204.png 300w, https:\/\/www.landwirt.com\/news\/wp-content\/uploads\/2023\/10\/3-705x480.png 705w\" sizes=\"auto, (max-width: 717px) 100vw, 717px\" \/><\/figure>\n<\/div>\n<\/div>\n\n\n\n<h2 class=\"wp-block-heading has-text-align-center\"> Die Standardtraktoren-Zulassungszahlen im Detail <\/h2>\n\n\n\n<figure class=\"wp-block-image aligncenter size-full\"><img loading=\"lazy\" decoding=\"async\" width=\"684\" height=\"926\" src=\"https:\/\/www.landwirt.com\/news\/wp-content\/uploads\/2023\/10\/1.png\" alt=\"\" class=\"wp-image-13465\" srcset=\"https:\/\/www.landwirt.com\/news\/wp-content\/uploads\/2023\/10\/1.png 684w, https:\/\/www.landwirt.com\/news\/wp-content\/uploads\/2023\/10\/1-222x300.png 222w, https:\/\/www.landwirt.com\/news\/wp-content\/uploads\/2023\/10\/1-521x705.png 521w\" sizes=\"auto, (max-width: 684px) 100vw, 684px\" \/><\/figure>\n\n\n\n<p style=\"font-size:0.85em\"><\/p>\n","protected":false},"excerpt":{"rendered":"<p>-10,7 % R\u00fcckgang bei den Standardtraktorenzulassungen in \u00d6sterreich<\/p>\n","protected":false},"author":5,"featured_media":13470,"comment_status":"closed","ping_status":"closed","sticky":false,"template":"","format":"standard","meta":{"footnotes":""},"categories":[15,1,483,14],"tags":[55,62,183,54],"class_list":["post-13463","post","type-post","status-publish","format-standard","has-post-thumbnail","hentry","category-landwirt","category-werbung","category-werbung-top","category-zulassungsstatistik","tag-standardtraktoren","tag-traktor","tag-traktoren","tag-zulassungsstatistik"],"yoast_head":"<!-- This site is optimized with the Yoast SEO plugin v27.4 - https:\/\/yoast.com\/product\/yoast-seo-wordpress\/ -->\n<title>Standardtraktoren-Zulassungen in \u00d6sterreich J\u00e4nner- September 2023 - Landwirt.com News<\/title>\n<meta name=\"description\" content=\"-10,7 % R\u00fcckgang bei den Standardtraktorenzulassungen in \u00d6sterreich\" \/>\n<meta name=\"robots\" content=\"index, follow, max-snippet:-1, max-image-preview:large, max-video-preview:-1\" \/>\n<meta property=\"og:locale\" content=\"de_DE\" \/>\n<meta property=\"og:type\" content=\"article\" \/>\n<meta property=\"og:title\" content=\"Standardtraktoren-Zulassungen in \u00d6sterreich J\u00e4nner- September 2023 - Landwirt.com News\" \/>\n<meta property=\"og:description\" content=\"-10,7 % R\u00fcckgang bei den Standardtraktorenzulassungen in \u00d6sterreich\" \/>\n<meta property=\"og:url\" content=\"https:\/\/www.landwirt.com\/news\/standardtraktoren-zulassungen-in-oesterreich-jaenner-september-2023\/\" \/>\n<meta property=\"og:site_name\" content=\"Landwirt.com News\" \/>\n<meta property=\"article:published_time\" content=\"2023-10-11T07:16:06+00:00\" \/>\n<meta property=\"article:modified_time\" content=\"2023-10-25T11:50:58+00:00\" \/>\n<meta property=\"og:image\" content=\"https:\/\/www.landwirt.com\/news\/wp-content\/uploads\/2023\/10\/vorschau-zulassungen.jpg\" \/>\n\t<meta property=\"og:image:width\" content=\"495\" \/>\n\t<meta property=\"og:image:height\" content=\"400\" \/>\n\t<meta property=\"og:image:type\" content=\"image\/jpeg\" \/>\n<meta name=\"author\" content=\"Lisa Rokos\" \/>\n<meta name=\"twitter:card\" content=\"summary_large_image\" \/>\n<meta name=\"twitter:title\" content=\"Standardtraktoren-Zulassungen in \u00d6sterreich J\u00e4nner- September 2023 - Landwirt.com News\" \/>\n<meta name=\"twitter:description\" content=\"-10,7 % R\u00fcckgang bei den Standardtraktorenzulassungen in \u00d6sterreich\" \/>\n<meta name=\"twitter:label1\" content=\"Verfasst von\" \/>\n\t<meta name=\"twitter:data1\" content=\"Lisa Rokos\" \/>\n\t<meta name=\"twitter:label2\" content=\"Gesch\u00e4tzte Lesezeit\" \/>\n\t<meta name=\"twitter:data2\" content=\"2 Minuten\" \/>\n<script type=\"application\/ld+json\" class=\"yoast-schema-graph\">{\"@context\":\"https:\\\/\\\/schema.org\",\"@graph\":[{\"@type\":\"Article\",\"@id\":\"https:\\\/\\\/www.landwirt.com\\\/news\\\/standardtraktoren-zulassungen-in-oesterreich-jaenner-september-2023\\\/#article\",\"isPartOf\":{\"@id\":\"https:\\\/\\\/www.landwirt.com\\\/news\\\/standardtraktoren-zulassungen-in-oesterreich-jaenner-september-2023\\\/\"},\"author\":{\"name\":\"Lisa Rokos\",\"@id\":\"https:\\\/\\\/www.landwirt.com\\\/news\\\/#\\\/schema\\\/person\\\/75a4bc83f62af5332a58cf5d219a4c51\"},\"headline\":\"Standardtraktoren-Zulassungen in \u00d6sterreich J\u00e4nner- September 2023\",\"datePublished\":\"2023-10-11T07:16:06+00:00\",\"dateModified\":\"2023-10-25T11:50:58+00:00\",\"mainEntityOfPage\":{\"@id\":\"https:\\\/\\\/www.landwirt.com\\\/news\\\/standardtraktoren-zulassungen-in-oesterreich-jaenner-september-2023\\\/\"},\"wordCount\":76,\"publisher\":{\"@id\":\"https:\\\/\\\/www.landwirt.com\\\/news\\\/#organization\"},\"image\":{\"@id\":\"https:\\\/\\\/www.landwirt.com\\\/news\\\/standardtraktoren-zulassungen-in-oesterreich-jaenner-september-2023\\\/#primaryimage\"},\"thumbnailUrl\":\"https:\\\/\\\/www.landwirt.com\\\/news\\\/wp-content\\\/uploads\\\/2023\\\/10\\\/vorschau-zulassungen.jpg\",\"keywords\":[\"Standardtraktoren\",\"Traktor\",\"Traktoren\",\"Zulassungsstatistik\"],\"articleSection\":[\"Landwirt\",\"Werbung\",\"Werbung Top\",\"Zulassungsstatistik\"],\"inLanguage\":\"de-AT\"},{\"@type\":\"WebPage\",\"@id\":\"https:\\\/\\\/www.landwirt.com\\\/news\\\/standardtraktoren-zulassungen-in-oesterreich-jaenner-september-2023\\\/\",\"url\":\"https:\\\/\\\/www.landwirt.com\\\/news\\\/standardtraktoren-zulassungen-in-oesterreich-jaenner-september-2023\\\/\",\"name\":\"Standardtraktoren-Zulassungen in \u00d6sterreich J\u00e4nner- September 2023 - Landwirt.com News\",\"isPartOf\":{\"@id\":\"https:\\\/\\\/www.landwirt.com\\\/news\\\/#website\"},\"primaryImageOfPage\":{\"@id\":\"https:\\\/\\\/www.landwirt.com\\\/news\\\/standardtraktoren-zulassungen-in-oesterreich-jaenner-september-2023\\\/#primaryimage\"},\"image\":{\"@id\":\"https:\\\/\\\/www.landwirt.com\\\/news\\\/standardtraktoren-zulassungen-in-oesterreich-jaenner-september-2023\\\/#primaryimage\"},\"thumbnailUrl\":\"https:\\\/\\\/www.landwirt.com\\\/news\\\/wp-content\\\/uploads\\\/2023\\\/10\\\/vorschau-zulassungen.jpg\",\"datePublished\":\"2023-10-11T07:16:06+00:00\",\"dateModified\":\"2023-10-25T11:50:58+00:00\",\"description\":\"-10,7 % R\u00fcckgang bei den Standardtraktorenzulassungen in \u00d6sterreich\",\"breadcrumb\":{\"@id\":\"https:\\\/\\\/www.landwirt.com\\\/news\\\/standardtraktoren-zulassungen-in-oesterreich-jaenner-september-2023\\\/#breadcrumb\"},\"inLanguage\":\"de-AT\",\"potentialAction\":[{\"@type\":\"ReadAction\",\"target\":[\"https:\\\/\\\/www.landwirt.com\\\/news\\\/standardtraktoren-zulassungen-in-oesterreich-jaenner-september-2023\\\/\"]}]},{\"@type\":\"ImageObject\",\"inLanguage\":\"de-AT\",\"@id\":\"https:\\\/\\\/www.landwirt.com\\\/news\\\/standardtraktoren-zulassungen-in-oesterreich-jaenner-september-2023\\\/#primaryimage\",\"url\":\"https:\\\/\\\/www.landwirt.com\\\/news\\\/wp-content\\\/uploads\\\/2023\\\/10\\\/vorschau-zulassungen.jpg\",\"contentUrl\":\"https:\\\/\\\/www.landwirt.com\\\/news\\\/wp-content\\\/uploads\\\/2023\\\/10\\\/vorschau-zulassungen.jpg\",\"width\":495,\"height\":400},{\"@type\":\"BreadcrumbList\",\"@id\":\"https:\\\/\\\/www.landwirt.com\\\/news\\\/standardtraktoren-zulassungen-in-oesterreich-jaenner-september-2023\\\/#breadcrumb\",\"itemListElement\":[{\"@type\":\"ListItem\",\"position\":1,\"name\":\"Home\",\"item\":\"https:\\\/\\\/www.landwirt.com\\\/news\\\/home\\\/\"},{\"@type\":\"ListItem\",\"position\":2,\"name\":\"Standardtraktoren-Zulassungen in \u00d6sterreich J\u00e4nner- September 2023\"}]},{\"@type\":\"WebSite\",\"@id\":\"https:\\\/\\\/www.landwirt.com\\\/news\\\/#website\",\"url\":\"https:\\\/\\\/www.landwirt.com\\\/news\\\/\",\"name\":\"Landwirt.com News\",\"description\":\"Landwirt.com News\",\"publisher\":{\"@id\":\"https:\\\/\\\/www.landwirt.com\\\/news\\\/#organization\"},\"potentialAction\":[{\"@type\":\"SearchAction\",\"target\":{\"@type\":\"EntryPoint\",\"urlTemplate\":\"https:\\\/\\\/www.landwirt.com\\\/news\\\/?s={search_term_string}\"},\"query-input\":{\"@type\":\"PropertyValueSpecification\",\"valueRequired\":true,\"valueName\":\"search_term_string\"}}],\"inLanguage\":\"de-AT\"},{\"@type\":\"Organization\",\"@id\":\"https:\\\/\\\/www.landwirt.com\\\/news\\\/#organization\",\"name\":\"LANDWIRT.COM GMBH\",\"url\":\"https:\\\/\\\/www.landwirt.com\\\/news\\\/\",\"logo\":{\"@type\":\"ImageObject\",\"inLanguage\":\"de-AT\",\"@id\":\"https:\\\/\\\/www.landwirt.com\\\/news\\\/#\\\/schema\\\/logo\\\/image\\\/\",\"url\":\"https:\\\/\\\/www.landwirt.com\\\/news\\\/wp-content\\\/uploads\\\/2020\\\/02\\\/LW-logo.png\",\"contentUrl\":\"https:\\\/\\\/www.landwirt.com\\\/news\\\/wp-content\\\/uploads\\\/2020\\\/02\\\/LW-logo.png\",\"width\":250,\"height\":58,\"caption\":\"LANDWIRT.COM GMBH\"},\"image\":{\"@id\":\"https:\\\/\\\/www.landwirt.com\\\/news\\\/#\\\/schema\\\/logo\\\/image\\\/\"}},{\"@type\":\"Person\",\"@id\":\"https:\\\/\\\/www.landwirt.com\\\/news\\\/#\\\/schema\\\/person\\\/75a4bc83f62af5332a58cf5d219a4c51\",\"name\":\"Lisa Rokos\",\"image\":{\"@type\":\"ImageObject\",\"inLanguage\":\"de-AT\",\"@id\":\"https:\\\/\\\/secure.gravatar.com\\\/avatar\\\/7a0bb7bda929bd765c27a74ac583d88484ba68a68a98e3d35a51f87ee30382d9?s=96&d=mm&r=g\",\"url\":\"https:\\\/\\\/secure.gravatar.com\\\/avatar\\\/7a0bb7bda929bd765c27a74ac583d88484ba68a68a98e3d35a51f87ee30382d9?s=96&d=mm&r=g\",\"contentUrl\":\"https:\\\/\\\/secure.gravatar.com\\\/avatar\\\/7a0bb7bda929bd765c27a74ac583d88484ba68a68a98e3d35a51f87ee30382d9?s=96&d=mm&r=g\",\"caption\":\"Lisa Rokos\"},\"url\":\"https:\\\/\\\/www.landwirt.com\\\/news\\\/author\\\/lisa\\\/\"}]}<\/script>\n<!-- \/ Yoast SEO plugin. -->","yoast_head_json":{"title":"Standardtraktoren-Zulassungen in \u00d6sterreich J\u00e4nner- September 2023 - Landwirt.com News","description":"-10,7 % R\u00fcckgang bei den Standardtraktorenzulassungen in \u00d6sterreich","robots":{"index":"index","follow":"follow","max-snippet":"max-snippet:-1","max-image-preview":"max-image-preview:large","max-video-preview":"max-video-preview:-1"},"og_locale":"de_DE","og_type":"article","og_title":"Standardtraktoren-Zulassungen in \u00d6sterreich J\u00e4nner- September 2023 - Landwirt.com News","og_description":"-10,7 % R\u00fcckgang bei den Standardtraktorenzulassungen in \u00d6sterreich","og_url":"https:\/\/www.landwirt.com\/news\/standardtraktoren-zulassungen-in-oesterreich-jaenner-september-2023\/","og_site_name":"Landwirt.com News","article_published_time":"2023-10-11T07:16:06+00:00","article_modified_time":"2023-10-25T11:50:58+00:00","og_image":[{"width":495,"height":400,"url":"https:\/\/www.landwirt.com\/news\/wp-content\/uploads\/2023\/10\/vorschau-zulassungen.jpg","type":"image\/jpeg"}],"author":"Lisa Rokos","twitter_card":"summary_large_image","twitter_title":"Standardtraktoren-Zulassungen in \u00d6sterreich J\u00e4nner- September 2023 - Landwirt.com News","twitter_description":"-10,7 % R\u00fcckgang bei den Standardtraktorenzulassungen in \u00d6sterreich","twitter_misc":{"Verfasst von":"Lisa Rokos","Gesch\u00e4tzte Lesezeit":"2 Minuten"},"schema":{"@context":"https:\/\/schema.org","@graph":[{"@type":"Article","@id":"https:\/\/www.landwirt.com\/news\/standardtraktoren-zulassungen-in-oesterreich-jaenner-september-2023\/#article","isPartOf":{"@id":"https:\/\/www.landwirt.com\/news\/standardtraktoren-zulassungen-in-oesterreich-jaenner-september-2023\/"},"author":{"name":"Lisa Rokos","@id":"https:\/\/www.landwirt.com\/news\/#\/schema\/person\/75a4bc83f62af5332a58cf5d219a4c51"},"headline":"Standardtraktoren-Zulassungen in \u00d6sterreich J\u00e4nner- September 2023","datePublished":"2023-10-11T07:16:06+00:00","dateModified":"2023-10-25T11:50:58+00:00","mainEntityOfPage":{"@id":"https:\/\/www.landwirt.com\/news\/standardtraktoren-zulassungen-in-oesterreich-jaenner-september-2023\/"},"wordCount":76,"publisher":{"@id":"https:\/\/www.landwirt.com\/news\/#organization"},"image":{"@id":"https:\/\/www.landwirt.com\/news\/standardtraktoren-zulassungen-in-oesterreich-jaenner-september-2023\/#primaryimage"},"thumbnailUrl":"https:\/\/www.landwirt.com\/news\/wp-content\/uploads\/2023\/10\/vorschau-zulassungen.jpg","keywords":["Standardtraktoren","Traktor","Traktoren","Zulassungsstatistik"],"articleSection":["Landwirt","Werbung","Werbung Top","Zulassungsstatistik"],"inLanguage":"de-AT"},{"@type":"WebPage","@id":"https:\/\/www.landwirt.com\/news\/standardtraktoren-zulassungen-in-oesterreich-jaenner-september-2023\/","url":"https:\/\/www.landwirt.com\/news\/standardtraktoren-zulassungen-in-oesterreich-jaenner-september-2023\/","name":"Standardtraktoren-Zulassungen in \u00d6sterreich J\u00e4nner- September 2023 - Landwirt.com News","isPartOf":{"@id":"https:\/\/www.landwirt.com\/news\/#website"},"primaryImageOfPage":{"@id":"https:\/\/www.landwirt.com\/news\/standardtraktoren-zulassungen-in-oesterreich-jaenner-september-2023\/#primaryimage"},"image":{"@id":"https:\/\/www.landwirt.com\/news\/standardtraktoren-zulassungen-in-oesterreich-jaenner-september-2023\/#primaryimage"},"thumbnailUrl":"https:\/\/www.landwirt.com\/news\/wp-content\/uploads\/2023\/10\/vorschau-zulassungen.jpg","datePublished":"2023-10-11T07:16:06+00:00","dateModified":"2023-10-25T11:50:58+00:00","description":"-10,7 % R\u00fcckgang bei den Standardtraktorenzulassungen in \u00d6sterreich","breadcrumb":{"@id":"https:\/\/www.landwirt.com\/news\/standardtraktoren-zulassungen-in-oesterreich-jaenner-september-2023\/#breadcrumb"},"inLanguage":"de-AT","potentialAction":[{"@type":"ReadAction","target":["https:\/\/www.landwirt.com\/news\/standardtraktoren-zulassungen-in-oesterreich-jaenner-september-2023\/"]}]},{"@type":"ImageObject","inLanguage":"de-AT","@id":"https:\/\/www.landwirt.com\/news\/standardtraktoren-zulassungen-in-oesterreich-jaenner-september-2023\/#primaryimage","url":"https:\/\/www.landwirt.com\/news\/wp-content\/uploads\/2023\/10\/vorschau-zulassungen.jpg","contentUrl":"https:\/\/www.landwirt.com\/news\/wp-content\/uploads\/2023\/10\/vorschau-zulassungen.jpg","width":495,"height":400},{"@type":"BreadcrumbList","@id":"https:\/\/www.landwirt.com\/news\/standardtraktoren-zulassungen-in-oesterreich-jaenner-september-2023\/#breadcrumb","itemListElement":[{"@type":"ListItem","position":1,"name":"Home","item":"https:\/\/www.landwirt.com\/news\/home\/"},{"@type":"ListItem","position":2,"name":"Standardtraktoren-Zulassungen in \u00d6sterreich J\u00e4nner- September 2023"}]},{"@type":"WebSite","@id":"https:\/\/www.landwirt.com\/news\/#website","url":"https:\/\/www.landwirt.com\/news\/","name":"Landwirt.com News","description":"Landwirt.com News","publisher":{"@id":"https:\/\/www.landwirt.com\/news\/#organization"},"potentialAction":[{"@type":"SearchAction","target":{"@type":"EntryPoint","urlTemplate":"https:\/\/www.landwirt.com\/news\/?s={search_term_string}"},"query-input":{"@type":"PropertyValueSpecification","valueRequired":true,"valueName":"search_term_string"}}],"inLanguage":"de-AT"},{"@type":"Organization","@id":"https:\/\/www.landwirt.com\/news\/#organization","name":"LANDWIRT.COM GMBH","url":"https:\/\/www.landwirt.com\/news\/","logo":{"@type":"ImageObject","inLanguage":"de-AT","@id":"https:\/\/www.landwirt.com\/news\/#\/schema\/logo\/image\/","url":"https:\/\/www.landwirt.com\/news\/wp-content\/uploads\/2020\/02\/LW-logo.png","contentUrl":"https:\/\/www.landwirt.com\/news\/wp-content\/uploads\/2020\/02\/LW-logo.png","width":250,"height":58,"caption":"LANDWIRT.COM GMBH"},"image":{"@id":"https:\/\/www.landwirt.com\/news\/#\/schema\/logo\/image\/"}},{"@type":"Person","@id":"https:\/\/www.landwirt.com\/news\/#\/schema\/person\/75a4bc83f62af5332a58cf5d219a4c51","name":"Lisa Rokos","image":{"@type":"ImageObject","inLanguage":"de-AT","@id":"https:\/\/secure.gravatar.com\/avatar\/7a0bb7bda929bd765c27a74ac583d88484ba68a68a98e3d35a51f87ee30382d9?s=96&d=mm&r=g","url":"https:\/\/secure.gravatar.com\/avatar\/7a0bb7bda929bd765c27a74ac583d88484ba68a68a98e3d35a51f87ee30382d9?s=96&d=mm&r=g","contentUrl":"https:\/\/secure.gravatar.com\/avatar\/7a0bb7bda929bd765c27a74ac583d88484ba68a68a98e3d35a51f87ee30382d9?s=96&d=mm&r=g","caption":"Lisa Rokos"},"url":"https:\/\/www.landwirt.com\/news\/author\/lisa\/"}]}},"_links":{"self":[{"href":"https:\/\/www.landwirt.com\/news\/wp-json\/wp\/v2\/posts\/13463","targetHints":{"allow":["GET"]}}],"collection":[{"href":"https:\/\/www.landwirt.com\/news\/wp-json\/wp\/v2\/posts"}],"about":[{"href":"https:\/\/www.landwirt.com\/news\/wp-json\/wp\/v2\/types\/post"}],"author":[{"embeddable":true,"href":"https:\/\/www.landwirt.com\/news\/wp-json\/wp\/v2\/users\/5"}],"replies":[{"embeddable":true,"href":"https:\/\/www.landwirt.com\/news\/wp-json\/wp\/v2\/comments?post=13463"}],"version-history":[{"count":2,"href":"https:\/\/www.landwirt.com\/news\/wp-json\/wp\/v2\/posts\/13463\/revisions"}],"predecessor-version":[{"id":13471,"href":"https:\/\/www.landwirt.com\/news\/wp-json\/wp\/v2\/posts\/13463\/revisions\/13471"}],"wp:featuredmedia":[{"embeddable":true,"href":"https:\/\/www.landwirt.com\/news\/wp-json\/wp\/v2\/media\/13470"}],"wp:attachment":[{"href":"https:\/\/www.landwirt.com\/news\/wp-json\/wp\/v2\/media?parent=13463"}],"wp:term":[{"taxonomy":"category","embeddable":true,"href":"https:\/\/www.landwirt.com\/news\/wp-json\/wp\/v2\/categories?post=13463"},{"taxonomy":"post_tag","embeddable":true,"href":"https:\/\/www.landwirt.com\/news\/wp-json\/wp\/v2\/tags?post=13463"}],"curies":[{"name":"wp","href":"https:\/\/api.w.org\/{rel}","templated":true}]}}