{"id":1282,"date":"2020-04-27T10:25:30","date_gmt":"2020-04-27T08:25:30","guid":{"rendered":"https:\/\/news.landwirt.com\/?p=1282"},"modified":"2022-06-15T16:41:31","modified_gmt":"2022-06-15T14:41:31","slug":"massey-ferguson-nimmt-die-produktion-in-beauvais-wieder-auf","status":"publish","type":"post","link":"https:\/\/www.landwirt.com\/news\/massey-ferguson-nimmt-die-produktion-in-beauvais-wieder-auf\/","title":{"rendered":"Massey Ferguson nimmt die Produktion in Beauvais wieder auf"},"content":{"rendered":"\n<hr class=\"wp-block-separator\"\/>\n\n\n\n<div class=\"wp-block-media-text alignwide is-stacked-on-mobile is-vertically-aligned-top\"><figure class=\"wp-block-media-text__media\"><img loading=\"lazy\" decoding=\"async\" width=\"800\" height=\"533\" src=\"https:\/\/www.landwirt.com\/news\/wp-content\/uploads\/2020\/04\/mf_artikel.jpg\" alt=\"\" class=\"wp-image-1283 size-full\" srcset=\"https:\/\/www.landwirt.com\/news\/wp-content\/uploads\/2020\/04\/mf_artikel.jpg 800w, https:\/\/www.landwirt.com\/news\/wp-content\/uploads\/2020\/04\/mf_artikel-300x200.jpg 300w, https:\/\/www.landwirt.com\/news\/wp-content\/uploads\/2020\/04\/mf_artikel-768x512.jpg 768w, https:\/\/www.landwirt.com\/news\/wp-content\/uploads\/2020\/04\/mf_artikel-705x470.jpg 705w\" sizes=\"auto, (max-width: 800px) 100vw, 800px\" \/><\/figure><div class=\"wp-block-media-text__content\">\n<p><strong><em>Am 27. April wurden verst\u00e4rkte Gesundheitsma\u00dfnahmen sowie Herstellungsverfahren <\/em><\/strong><strong><em>f\u00fcr eine sichere und nachhaltige Produktion eingef\u00fchrt.<\/em><\/strong><\/p>\n\n\n\n<p>Massey Ferguson gibt bekannt, dass am 27. April 2020 verst\u00e4rkte Gesundheitsma\u00dfnahmen und angepasste Fertigungsprozesse f\u00fcr eine sichere und nachhaltige Wiederaufnahme der Produktion in seinem Werk in Beauvais eingef\u00fchrt wurden. Die Fertigungsaktivit\u00e4ten waren seit dem 17. M\u00e4rz 2020 unterbrochen.<br><br>Seit Beginn der Krise hat sich Massey Ferguson der Coronavirus-Bedrohung frontal gestellt, um die Sicherheit der Teams, H\u00e4ndler und Kunden zu gew\u00e4hrleisten und gleichzeitig einen kontinuierlichen H\u00e4ndler- und Kundensupport zur Unterst\u00fctzung der Landwirtschaft und damit dem Schutz der Lebensmittelversorgung in dieser Zeit der Ungewissheit zu gew\u00e4hrleisten. Parallel dazu wurden Initiativen wie Spenden von Masken, Handschuhen, Overalls und 3D-gedruckte Gesichtsschutzschilder an das Gesundheitswesen durchgef\u00fchrt.<\/p>\n<\/div><\/div>\n\n\n\n<p>Ab Februar trafen der AGCO- und Massey Ferguson-Vorstand weitgehende Ma\u00dfnahmen, wie z.B. Fernarbeit, wenn die T\u00e4tigkeit dies zul\u00e4sst, oder Schutzma\u00dfnahmen, die \u00fcber die Empfehlungen der Gesundheitsbeh\u00f6rden hinausgehen, falls eine Pr\u00e4senz vor Ort erforderlich ist, wie im &nbsp;Ersatzteildistributionslager in Ennery (Frankreich).<\/p>\n\n\n\n<p>&#8222;Wo wir heute, am 27. April, die Produktion in unserem Werk in Beauvais wieder aufnehmen, werden wir bei der Gesundheit unserer Mitarbeiter keine Kompromisse eingehen. Die Wiederaufnahme der Produktion ist absolut entscheidend f\u00fcr die Nachhaltigkeit des gesamten Gesch\u00e4ftsumfelds, muss aber unter optimalen und best\u00e4ndigen Bedingungen erfolgen. Aus diesem Grund wurde dieser Neustart erm\u00f6glicht, da wir zwei kritische Bedingungen erf\u00fcllen konnten&#8220;, sagte Thierry Lhotte, Vice President &amp; Managing Director Massey Ferguson Europe &amp; Middle East.<\/p>\n\n\n\n<p>&#8222;Erstens m\u00fcssen wir in der Lage sein, die Gesundheit und Sicherheit aller unserer Mitarbeiter durch verst\u00e4rkte Pr\u00e4ventivma\u00dfnahmen zu gew\u00e4hrleisten, welche mit den internen Teams, den Gewerkschaftsvertretern und unseren medizinischen Beratern festgelegt wurden. Zu diesen Ma\u00dfnahmen geh\u00f6ren eine Temperaturkontrolle f\u00fcr jeden Mitarbeiter, sichere Abstandseinhaltung, die Verf\u00fcgbarkeit von Masken und anderen Schutz-\/Detektionsger\u00e4ten, eine neue Arbeitsorganisation, die intensive Reinigung und Desinfektion der Umgebung, nicht nur in der Fertigungswerkstatt, sondern auch in den B\u00fcros. Auf der anderen Seite und um zu gew\u00e4hrleisten, dass wir einen nachhaltigen Neustart durchf\u00fchren k\u00f6nnen, m\u00fcssen wir sicherstellen, dass alle unsere Lieferanten, die vor den gleichen Herausforderungen stehen, in der Lage sind, die ben\u00f6tigten<\/p>\n\n\n\n<p>Teile und Komponenten zu liefern, damit die Produktion ohne neue Unterbrechungen erfolgen kann. Unsere Teams f\u00fcr Einkauf und Materialwirtschaft arbeiten jeden Tag mit voller Energie daran, den Wiederanlauf in enger Abstimmung mit der Fertigung und allen Lieferanten zu planen. Ich bin wirklich stolz und baue auf die F\u00e4higkeiten, das Engagement und die Kreativit\u00e4t unserer Teams, um uns gut durch diese Krise zu f\u00fchren. Unser Teamgeist und unser transparenter Dialog mit unseren Arbeitnehmergewerkschaften waren entscheidend, um eine flexible, sichere und schrittweise<\/p>\n\n\n\n<p>Wiederaufnahme unserer Aktivit\u00e4ten in Beauvais am 27. April zu gew\u00e4hrleisten\u201c, f\u00fcgte Thierry Lhotte hinzu.<\/p>\n\n\n\n<p>&#8222;Unsere Mitarbeiter tun alles, um die Produktion der Maschinen wieder aufnehmen zu k\u00f6nnen, die unsere H\u00e4ndler und Kunden in der kritischen Zeit der Fr\u00fchbestellung und Erntesaison ben\u00f6tigen&#8220;, so Torsten Dehner, Senior Vice-President &amp; General Manager AGCO Europa &amp; Nahost. &#8222;Das Team von Beauvais hat hervorragende Arbeit geleistet, um sowohl die Gesundheits- und Sicherheitsbedingungen als auch eine solide, zuverl\u00e4ssige und nachhaltige Komponentenversorgung durch unsere Lieferanten sicherzustellen. Wir sch\u00e4tzen ihre harte Arbeit und den Zusammenhalt, um den Landwirten dabei zu helfen, die Welt weiterhin mit qualitativ hochwertigen Nahrungsmitteln zu versorgen.<\/p>\n","protected":false},"excerpt":{"rendered":"<p>Am 27. April wurden verst\u00e4rkte Gesundheitsma\u00dfnahmen sowie Herstellungsverfahren f\u00fcr eine sichere und nachhaltige Produktion eingef\u00fchrt.<\/p>\n","protected":false},"author":3,"featured_media":1284,"comment_status":"closed","ping_status":"closed","sticky":false,"template":"","format":"standard","meta":{"footnotes":""},"categories":[15,1],"tags":[475,120,169,232,62],"class_list":["post-1282","post","type-post","status-publish","format-standard","has-post-thumbnail","hentry","category-landwirt","category-werbung","tag-agco","tag-corona","tag-massey-ferguson","tag-mf","tag-traktor"],"yoast_head":"<!-- This site is optimized with the Yoast SEO plugin v27.4 - https:\/\/yoast.com\/product\/yoast-seo-wordpress\/ -->\n<title>Massey Ferguson nimmt die Produktion in Beauvais wieder auf - Landwirt.com News<\/title>\n<meta name=\"robots\" content=\"index, follow, max-snippet:-1, max-image-preview:large, max-video-preview:-1\" \/>\n<meta property=\"og:locale\" content=\"de_DE\" \/>\n<meta property=\"og:type\" content=\"article\" \/>\n<meta property=\"og:title\" content=\"Massey Ferguson nimmt die Produktion in Beauvais wieder auf - Landwirt.com News\" \/>\n<meta property=\"og:description\" content=\"Am 27. April wurden verst\u00e4rkte Gesundheitsma\u00dfnahmen sowie Herstellungsverfahren f\u00fcr eine sichere und nachhaltige Produktion eingef\u00fchrt.\" \/>\n<meta property=\"og:url\" content=\"https:\/\/www.landwirt.com\/news\/massey-ferguson-nimmt-die-produktion-in-beauvais-wieder-auf\/\" \/>\n<meta property=\"og:site_name\" content=\"Landwirt.com News\" \/>\n<meta property=\"article:published_time\" content=\"2020-04-27T08:25:30+00:00\" \/>\n<meta property=\"article:modified_time\" content=\"2022-06-15T14:41:31+00:00\" \/>\n<meta property=\"og:image\" content=\"https:\/\/www.landwirt.com\/news\/wp-content\/uploads\/2020\/04\/mf_artikelBild.jpg\" \/>\n\t<meta property=\"og:image:width\" content=\"495\" \/>\n\t<meta property=\"og:image:height\" content=\"400\" \/>\n\t<meta property=\"og:image:type\" content=\"image\/jpeg\" \/>\n<meta name=\"author\" content=\"Alexandra Schauer\" \/>\n<meta name=\"twitter:card\" content=\"summary_large_image\" \/>\n<meta name=\"twitter:label1\" content=\"Verfasst von\" \/>\n\t<meta name=\"twitter:data1\" content=\"Alexandra Schauer\" \/>\n\t<meta name=\"twitter:label2\" content=\"Gesch\u00e4tzte Lesezeit\" \/>\n\t<meta name=\"twitter:data2\" content=\"4 Minuten\" \/>\n<script type=\"application\/ld+json\" class=\"yoast-schema-graph\">{\"@context\":\"https:\\\/\\\/schema.org\",\"@graph\":[{\"@type\":\"Article\",\"@id\":\"https:\\\/\\\/www.landwirt.com\\\/news\\\/massey-ferguson-nimmt-die-produktion-in-beauvais-wieder-auf\\\/#article\",\"isPartOf\":{\"@id\":\"https:\\\/\\\/www.landwirt.com\\\/news\\\/massey-ferguson-nimmt-die-produktion-in-beauvais-wieder-auf\\\/\"},\"author\":{\"name\":\"Alexandra Schauer\",\"@id\":\"https:\\\/\\\/www.landwirt.com\\\/news\\\/#\\\/schema\\\/person\\\/627016cf4cf7fe2189ac7e234990f441\"},\"headline\":\"Massey Ferguson nimmt die Produktion in Beauvais wieder auf\",\"datePublished\":\"2020-04-27T08:25:30+00:00\",\"dateModified\":\"2022-06-15T14:41:31+00:00\",\"mainEntityOfPage\":{\"@id\":\"https:\\\/\\\/www.landwirt.com\\\/news\\\/massey-ferguson-nimmt-die-produktion-in-beauvais-wieder-auf\\\/\"},\"wordCount\":577,\"publisher\":{\"@id\":\"https:\\\/\\\/www.landwirt.com\\\/news\\\/#organization\"},\"image\":{\"@id\":\"https:\\\/\\\/www.landwirt.com\\\/news\\\/massey-ferguson-nimmt-die-produktion-in-beauvais-wieder-auf\\\/#primaryimage\"},\"thumbnailUrl\":\"https:\\\/\\\/www.landwirt.com\\\/news\\\/wp-content\\\/uploads\\\/2020\\\/04\\\/mf_artikelBild.jpg\",\"keywords\":[\"AGCO\",\"Corona\",\"Massey Ferguson\",\"MF\",\"Traktor\"],\"articleSection\":[\"Landwirt\",\"Werbung\"],\"inLanguage\":\"de-AT\"},{\"@type\":\"WebPage\",\"@id\":\"https:\\\/\\\/www.landwirt.com\\\/news\\\/massey-ferguson-nimmt-die-produktion-in-beauvais-wieder-auf\\\/\",\"url\":\"https:\\\/\\\/www.landwirt.com\\\/news\\\/massey-ferguson-nimmt-die-produktion-in-beauvais-wieder-auf\\\/\",\"name\":\"Massey Ferguson nimmt die Produktion in Beauvais wieder auf - Landwirt.com News\",\"isPartOf\":{\"@id\":\"https:\\\/\\\/www.landwirt.com\\\/news\\\/#website\"},\"primaryImageOfPage\":{\"@id\":\"https:\\\/\\\/www.landwirt.com\\\/news\\\/massey-ferguson-nimmt-die-produktion-in-beauvais-wieder-auf\\\/#primaryimage\"},\"image\":{\"@id\":\"https:\\\/\\\/www.landwirt.com\\\/news\\\/massey-ferguson-nimmt-die-produktion-in-beauvais-wieder-auf\\\/#primaryimage\"},\"thumbnailUrl\":\"https:\\\/\\\/www.landwirt.com\\\/news\\\/wp-content\\\/uploads\\\/2020\\\/04\\\/mf_artikelBild.jpg\",\"datePublished\":\"2020-04-27T08:25:30+00:00\",\"dateModified\":\"2022-06-15T14:41:31+00:00\",\"breadcrumb\":{\"@id\":\"https:\\\/\\\/www.landwirt.com\\\/news\\\/massey-ferguson-nimmt-die-produktion-in-beauvais-wieder-auf\\\/#breadcrumb\"},\"inLanguage\":\"de-AT\",\"potentialAction\":[{\"@type\":\"ReadAction\",\"target\":[\"https:\\\/\\\/www.landwirt.com\\\/news\\\/massey-ferguson-nimmt-die-produktion-in-beauvais-wieder-auf\\\/\"]}]},{\"@type\":\"ImageObject\",\"inLanguage\":\"de-AT\",\"@id\":\"https:\\\/\\\/www.landwirt.com\\\/news\\\/massey-ferguson-nimmt-die-produktion-in-beauvais-wieder-auf\\\/#primaryimage\",\"url\":\"https:\\\/\\\/www.landwirt.com\\\/news\\\/wp-content\\\/uploads\\\/2020\\\/04\\\/mf_artikelBild.jpg\",\"contentUrl\":\"https:\\\/\\\/www.landwirt.com\\\/news\\\/wp-content\\\/uploads\\\/2020\\\/04\\\/mf_artikelBild.jpg\",\"width\":495,\"height\":400},{\"@type\":\"BreadcrumbList\",\"@id\":\"https:\\\/\\\/www.landwirt.com\\\/news\\\/massey-ferguson-nimmt-die-produktion-in-beauvais-wieder-auf\\\/#breadcrumb\",\"itemListElement\":[{\"@type\":\"ListItem\",\"position\":1,\"name\":\"Home\",\"item\":\"https:\\\/\\\/www.landwirt.com\\\/news\\\/home\\\/\"},{\"@type\":\"ListItem\",\"position\":2,\"name\":\"Massey Ferguson nimmt die Produktion in Beauvais wieder auf\"}]},{\"@type\":\"WebSite\",\"@id\":\"https:\\\/\\\/www.landwirt.com\\\/news\\\/#website\",\"url\":\"https:\\\/\\\/www.landwirt.com\\\/news\\\/\",\"name\":\"Landwirt.com News\",\"description\":\"Landwirt.com News\",\"publisher\":{\"@id\":\"https:\\\/\\\/www.landwirt.com\\\/news\\\/#organization\"},\"potentialAction\":[{\"@type\":\"SearchAction\",\"target\":{\"@type\":\"EntryPoint\",\"urlTemplate\":\"https:\\\/\\\/www.landwirt.com\\\/news\\\/?s={search_term_string}\"},\"query-input\":{\"@type\":\"PropertyValueSpecification\",\"valueRequired\":true,\"valueName\":\"search_term_string\"}}],\"inLanguage\":\"de-AT\"},{\"@type\":\"Organization\",\"@id\":\"https:\\\/\\\/www.landwirt.com\\\/news\\\/#organization\",\"name\":\"LANDWIRT.COM GMBH\",\"url\":\"https:\\\/\\\/www.landwirt.com\\\/news\\\/\",\"logo\":{\"@type\":\"ImageObject\",\"inLanguage\":\"de-AT\",\"@id\":\"https:\\\/\\\/www.landwirt.com\\\/news\\\/#\\\/schema\\\/logo\\\/image\\\/\",\"url\":\"https:\\\/\\\/www.landwirt.com\\\/news\\\/wp-content\\\/uploads\\\/2020\\\/02\\\/LW-logo.png\",\"contentUrl\":\"https:\\\/\\\/www.landwirt.com\\\/news\\\/wp-content\\\/uploads\\\/2020\\\/02\\\/LW-logo.png\",\"width\":250,\"height\":58,\"caption\":\"LANDWIRT.COM GMBH\"},\"image\":{\"@id\":\"https:\\\/\\\/www.landwirt.com\\\/news\\\/#\\\/schema\\\/logo\\\/image\\\/\"}},{\"@type\":\"Person\",\"@id\":\"https:\\\/\\\/www.landwirt.com\\\/news\\\/#\\\/schema\\\/person\\\/627016cf4cf7fe2189ac7e234990f441\",\"name\":\"Alexandra Schauer\",\"image\":{\"@type\":\"ImageObject\",\"inLanguage\":\"de-AT\",\"@id\":\"https:\\\/\\\/secure.gravatar.com\\\/avatar\\\/7dc000820bab53d1e584af263fe6d4f9133557b5e0a6f573d3b8713ce8629c9f?s=96&d=mm&r=g\",\"url\":\"https:\\\/\\\/secure.gravatar.com\\\/avatar\\\/7dc000820bab53d1e584af263fe6d4f9133557b5e0a6f573d3b8713ce8629c9f?s=96&d=mm&r=g\",\"contentUrl\":\"https:\\\/\\\/secure.gravatar.com\\\/avatar\\\/7dc000820bab53d1e584af263fe6d4f9133557b5e0a6f573d3b8713ce8629c9f?s=96&d=mm&r=g\",\"caption\":\"Alexandra Schauer\"},\"url\":\"https:\\\/\\\/www.landwirt.com\\\/news\\\/author\\\/alex\\\/\"}]}<\/script>\n<!-- \/ Yoast SEO plugin. -->","yoast_head_json":{"title":"Massey Ferguson nimmt die Produktion in Beauvais wieder auf - Landwirt.com News","robots":{"index":"index","follow":"follow","max-snippet":"max-snippet:-1","max-image-preview":"max-image-preview:large","max-video-preview":"max-video-preview:-1"},"og_locale":"de_DE","og_type":"article","og_title":"Massey Ferguson nimmt die Produktion in Beauvais wieder auf - Landwirt.com News","og_description":"Am 27. April wurden verst\u00e4rkte Gesundheitsma\u00dfnahmen sowie Herstellungsverfahren f\u00fcr eine sichere und nachhaltige Produktion eingef\u00fchrt.","og_url":"https:\/\/www.landwirt.com\/news\/massey-ferguson-nimmt-die-produktion-in-beauvais-wieder-auf\/","og_site_name":"Landwirt.com News","article_published_time":"2020-04-27T08:25:30+00:00","article_modified_time":"2022-06-15T14:41:31+00:00","og_image":[{"width":495,"height":400,"url":"https:\/\/www.landwirt.com\/news\/wp-content\/uploads\/2020\/04\/mf_artikelBild.jpg","type":"image\/jpeg"}],"author":"Alexandra Schauer","twitter_card":"summary_large_image","twitter_misc":{"Verfasst von":"Alexandra Schauer","Gesch\u00e4tzte Lesezeit":"4 Minuten"},"schema":{"@context":"https:\/\/schema.org","@graph":[{"@type":"Article","@id":"https:\/\/www.landwirt.com\/news\/massey-ferguson-nimmt-die-produktion-in-beauvais-wieder-auf\/#article","isPartOf":{"@id":"https:\/\/www.landwirt.com\/news\/massey-ferguson-nimmt-die-produktion-in-beauvais-wieder-auf\/"},"author":{"name":"Alexandra Schauer","@id":"https:\/\/www.landwirt.com\/news\/#\/schema\/person\/627016cf4cf7fe2189ac7e234990f441"},"headline":"Massey Ferguson nimmt die Produktion in Beauvais wieder auf","datePublished":"2020-04-27T08:25:30+00:00","dateModified":"2022-06-15T14:41:31+00:00","mainEntityOfPage":{"@id":"https:\/\/www.landwirt.com\/news\/massey-ferguson-nimmt-die-produktion-in-beauvais-wieder-auf\/"},"wordCount":577,"publisher":{"@id":"https:\/\/www.landwirt.com\/news\/#organization"},"image":{"@id":"https:\/\/www.landwirt.com\/news\/massey-ferguson-nimmt-die-produktion-in-beauvais-wieder-auf\/#primaryimage"},"thumbnailUrl":"https:\/\/www.landwirt.com\/news\/wp-content\/uploads\/2020\/04\/mf_artikelBild.jpg","keywords":["AGCO","Corona","Massey Ferguson","MF","Traktor"],"articleSection":["Landwirt","Werbung"],"inLanguage":"de-AT"},{"@type":"WebPage","@id":"https:\/\/www.landwirt.com\/news\/massey-ferguson-nimmt-die-produktion-in-beauvais-wieder-auf\/","url":"https:\/\/www.landwirt.com\/news\/massey-ferguson-nimmt-die-produktion-in-beauvais-wieder-auf\/","name":"Massey Ferguson nimmt die Produktion in Beauvais wieder auf - Landwirt.com News","isPartOf":{"@id":"https:\/\/www.landwirt.com\/news\/#website"},"primaryImageOfPage":{"@id":"https:\/\/www.landwirt.com\/news\/massey-ferguson-nimmt-die-produktion-in-beauvais-wieder-auf\/#primaryimage"},"image":{"@id":"https:\/\/www.landwirt.com\/news\/massey-ferguson-nimmt-die-produktion-in-beauvais-wieder-auf\/#primaryimage"},"thumbnailUrl":"https:\/\/www.landwirt.com\/news\/wp-content\/uploads\/2020\/04\/mf_artikelBild.jpg","datePublished":"2020-04-27T08:25:30+00:00","dateModified":"2022-06-15T14:41:31+00:00","breadcrumb":{"@id":"https:\/\/www.landwirt.com\/news\/massey-ferguson-nimmt-die-produktion-in-beauvais-wieder-auf\/#breadcrumb"},"inLanguage":"de-AT","potentialAction":[{"@type":"ReadAction","target":["https:\/\/www.landwirt.com\/news\/massey-ferguson-nimmt-die-produktion-in-beauvais-wieder-auf\/"]}]},{"@type":"ImageObject","inLanguage":"de-AT","@id":"https:\/\/www.landwirt.com\/news\/massey-ferguson-nimmt-die-produktion-in-beauvais-wieder-auf\/#primaryimage","url":"https:\/\/www.landwirt.com\/news\/wp-content\/uploads\/2020\/04\/mf_artikelBild.jpg","contentUrl":"https:\/\/www.landwirt.com\/news\/wp-content\/uploads\/2020\/04\/mf_artikelBild.jpg","width":495,"height":400},{"@type":"BreadcrumbList","@id":"https:\/\/www.landwirt.com\/news\/massey-ferguson-nimmt-die-produktion-in-beauvais-wieder-auf\/#breadcrumb","itemListElement":[{"@type":"ListItem","position":1,"name":"Home","item":"https:\/\/www.landwirt.com\/news\/home\/"},{"@type":"ListItem","position":2,"name":"Massey Ferguson nimmt die Produktion in Beauvais wieder auf"}]},{"@type":"WebSite","@id":"https:\/\/www.landwirt.com\/news\/#website","url":"https:\/\/www.landwirt.com\/news\/","name":"Landwirt.com News","description":"Landwirt.com News","publisher":{"@id":"https:\/\/www.landwirt.com\/news\/#organization"},"potentialAction":[{"@type":"SearchAction","target":{"@type":"EntryPoint","urlTemplate":"https:\/\/www.landwirt.com\/news\/?s={search_term_string}"},"query-input":{"@type":"PropertyValueSpecification","valueRequired":true,"valueName":"search_term_string"}}],"inLanguage":"de-AT"},{"@type":"Organization","@id":"https:\/\/www.landwirt.com\/news\/#organization","name":"LANDWIRT.COM GMBH","url":"https:\/\/www.landwirt.com\/news\/","logo":{"@type":"ImageObject","inLanguage":"de-AT","@id":"https:\/\/www.landwirt.com\/news\/#\/schema\/logo\/image\/","url":"https:\/\/www.landwirt.com\/news\/wp-content\/uploads\/2020\/02\/LW-logo.png","contentUrl":"https:\/\/www.landwirt.com\/news\/wp-content\/uploads\/2020\/02\/LW-logo.png","width":250,"height":58,"caption":"LANDWIRT.COM GMBH"},"image":{"@id":"https:\/\/www.landwirt.com\/news\/#\/schema\/logo\/image\/"}},{"@type":"Person","@id":"https:\/\/www.landwirt.com\/news\/#\/schema\/person\/627016cf4cf7fe2189ac7e234990f441","name":"Alexandra Schauer","image":{"@type":"ImageObject","inLanguage":"de-AT","@id":"https:\/\/secure.gravatar.com\/avatar\/7dc000820bab53d1e584af263fe6d4f9133557b5e0a6f573d3b8713ce8629c9f?s=96&d=mm&r=g","url":"https:\/\/secure.gravatar.com\/avatar\/7dc000820bab53d1e584af263fe6d4f9133557b5e0a6f573d3b8713ce8629c9f?s=96&d=mm&r=g","contentUrl":"https:\/\/secure.gravatar.com\/avatar\/7dc000820bab53d1e584af263fe6d4f9133557b5e0a6f573d3b8713ce8629c9f?s=96&d=mm&r=g","caption":"Alexandra Schauer"},"url":"https:\/\/www.landwirt.com\/news\/author\/alex\/"}]}},"_links":{"self":[{"href":"https:\/\/www.landwirt.com\/news\/wp-json\/wp\/v2\/posts\/1282","targetHints":{"allow":["GET"]}}],"collection":[{"href":"https:\/\/www.landwirt.com\/news\/wp-json\/wp\/v2\/posts"}],"about":[{"href":"https:\/\/www.landwirt.com\/news\/wp-json\/wp\/v2\/types\/post"}],"author":[{"embeddable":true,"href":"https:\/\/www.landwirt.com\/news\/wp-json\/wp\/v2\/users\/3"}],"replies":[{"embeddable":true,"href":"https:\/\/www.landwirt.com\/news\/wp-json\/wp\/v2\/comments?post=1282"}],"version-history":[{"count":2,"href":"https:\/\/www.landwirt.com\/news\/wp-json\/wp\/v2\/posts\/1282\/revisions"}],"predecessor-version":[{"id":10031,"href":"https:\/\/www.landwirt.com\/news\/wp-json\/wp\/v2\/posts\/1282\/revisions\/10031"}],"wp:featuredmedia":[{"embeddable":true,"href":"https:\/\/www.landwirt.com\/news\/wp-json\/wp\/v2\/media\/1284"}],"wp:attachment":[{"href":"https:\/\/www.landwirt.com\/news\/wp-json\/wp\/v2\/media?parent=1282"}],"wp:term":[{"taxonomy":"category","embeddable":true,"href":"https:\/\/www.landwirt.com\/news\/wp-json\/wp\/v2\/categories?post=1282"},{"taxonomy":"post_tag","embeddable":true,"href":"https:\/\/www.landwirt.com\/news\/wp-json\/wp\/v2\/tags?post=1282"}],"curies":[{"name":"wp","href":"https:\/\/api.w.org\/{rel}","templated":true}]}}