{"id":12085,"date":"2023-05-12T09:38:44","date_gmt":"2023-05-12T07:38:44","guid":{"rendered":"https:\/\/www.landwirt.com\/news\/?p=12085"},"modified":"2023-05-23T12:26:04","modified_gmt":"2023-05-23T10:26:04","slug":"standardtraktoren-zulassungen-in-oesterreich-jaenner-april-2023","status":"publish","type":"post","link":"https:\/\/www.landwirt.com\/news\/standardtraktoren-zulassungen-in-oesterreich-jaenner-april-2023\/","title":{"rendered":"Standardtraktoren-Zulassungen in \u00d6sterreich J\u00e4nner- April 2023"},"content":{"rendered":"\n<hr class=\"wp-block-separator has-css-opacity\"\/>\n\n\n\n<h3 class=\"wp-block-heading has-text-align-center\">Minus 11,9% bei den Standardtraktoren-Zulassungen gegen\u00fcber 2022<\/h3>\n\n\n\n<div style=\"height:20px\" aria-hidden=\"true\" class=\"wp-block-spacer\"><\/div>\n\n\n\n<figure class=\"wp-block-image size-large\"><img loading=\"lazy\" decoding=\"async\" width=\"1030\" height=\"476\" src=\"https:\/\/www.landwirt.com\/news\/wp-content\/uploads\/2023\/05\/Standardtraktoren-Zulassungen-Top-10-1030x476.png\" alt=\"\" class=\"wp-image-12087\" srcset=\"https:\/\/www.landwirt.com\/news\/wp-content\/uploads\/2023\/05\/Standardtraktoren-Zulassungen-Top-10-1030x476.png 1030w, https:\/\/www.landwirt.com\/news\/wp-content\/uploads\/2023\/05\/Standardtraktoren-Zulassungen-Top-10-300x139.png 300w, https:\/\/www.landwirt.com\/news\/wp-content\/uploads\/2023\/05\/Standardtraktoren-Zulassungen-Top-10-768x355.png 768w, https:\/\/www.landwirt.com\/news\/wp-content\/uploads\/2023\/05\/Standardtraktoren-Zulassungen-Top-10-705x326.png 705w, https:\/\/www.landwirt.com\/news\/wp-content\/uploads\/2023\/05\/Standardtraktoren-Zulassungen-Top-10.png 1092w\" sizes=\"auto, (max-width: 1030px) 100vw, 1030px\" \/><\/figure>\n\n\n\n<p>Weiterhin gibt es einen R\u00fcckgang bei den Traktorzulassungen in \u00d6sterreich. Einzig die Marken FENDT und Deutz-Fahr verzeichnen ein Plus gegen\u00fcber dem Vorjahr.<\/p>\n\n\n\n<h2 class=\"wp-block-heading\">Marktanteil der Top-10-Marken bei den Zulassungen 2023<\/h2>\n\n\n\n<p>Nach wie vor ist STEYR mit 20,7 % an der Spitze gefolgt von John Deere mit 13,6 % Marktanteil. Mit unter den TOP 3 ist die Marke Fendt mit einem Marktanteil von 13,2 %.<\/p>\n\n\n\n<div class=\"wp-block-columns is-layout-flex wp-container-core-columns-is-layout-9d6595d7 wp-block-columns-is-layout-flex\">\n<div class=\"wp-block-column is-layout-flow wp-block-column-is-layout-flow\" style=\"flex-basis:51.5%\">\n<figure class=\"wp-block-image size-full\"><img loading=\"lazy\" decoding=\"async\" width=\"900\" height=\"733\" src=\"https:\/\/www.landwirt.com\/news\/wp-content\/uploads\/2023\/05\/Marktanteil.png\" alt=\"\" class=\"wp-image-12088\" srcset=\"https:\/\/www.landwirt.com\/news\/wp-content\/uploads\/2023\/05\/Marktanteil.png 900w, https:\/\/www.landwirt.com\/news\/wp-content\/uploads\/2023\/05\/Marktanteil-300x244.png 300w, https:\/\/www.landwirt.com\/news\/wp-content\/uploads\/2023\/05\/Marktanteil-768x625.png 768w, https:\/\/www.landwirt.com\/news\/wp-content\/uploads\/2023\/05\/Marktanteil-705x574.png 705w\" sizes=\"auto, (max-width: 900px) 100vw, 900px\" \/><\/figure>\n<\/div>\n\n\n\n<div class=\"wp-block-column is-layout-flow wp-block-column-is-layout-flow\" style=\"flex-basis:48.5%\">\n<figure class=\"wp-block-image size-full\"><img loading=\"lazy\" decoding=\"async\" width=\"854\" height=\"641\" src=\"https:\/\/www.landwirt.com\/news\/wp-content\/uploads\/2023\/05\/Standardtraktoren-Zulassungen-gesamt.png\" alt=\"\" class=\"wp-image-12089\" srcset=\"https:\/\/www.landwirt.com\/news\/wp-content\/uploads\/2023\/05\/Standardtraktoren-Zulassungen-gesamt.png 854w, https:\/\/www.landwirt.com\/news\/wp-content\/uploads\/2023\/05\/Standardtraktoren-Zulassungen-gesamt-300x225.png 300w, https:\/\/www.landwirt.com\/news\/wp-content\/uploads\/2023\/05\/Standardtraktoren-Zulassungen-gesamt-768x576.png 768w, https:\/\/www.landwirt.com\/news\/wp-content\/uploads\/2023\/05\/Standardtraktoren-Zulassungen-gesamt-705x529.png 705w\" sizes=\"auto, (max-width: 854px) 100vw, 854px\" \/><\/figure>\n<\/div>\n<\/div>\n\n\n\n<h2 class=\"wp-block-heading has-text-align-center\"> Die Standardtraktoren-Zulassungszahlen im Detail <\/h2>\n\n\n\n<p><\/p>\n\n\n\n<figure class=\"wp-block-image aligncenter size-full\"><img loading=\"lazy\" decoding=\"async\" width=\"641\" height=\"1016\" src=\"https:\/\/www.landwirt.com\/news\/wp-content\/uploads\/2023\/05\/Zulassungen-Jaenner-April-2023-Total.png\" alt=\"\" class=\"wp-image-12090\" srcset=\"https:\/\/www.landwirt.com\/news\/wp-content\/uploads\/2023\/05\/Zulassungen-Jaenner-April-2023-Total.png 641w, https:\/\/www.landwirt.com\/news\/wp-content\/uploads\/2023\/05\/Zulassungen-Jaenner-April-2023-Total-189x300.png 189w, https:\/\/www.landwirt.com\/news\/wp-content\/uploads\/2023\/05\/Zulassungen-Jaenner-April-2023-Total-445x705.png 445w\" sizes=\"auto, (max-width: 641px) 100vw, 641px\" \/><\/figure>\n\n\n\n<p style=\"font-size:0.85em\"><\/p>\n","protected":false},"excerpt":{"rendered":"<p>Minus 11,9% bei den Standardtraktoren-Zulassungen gegen\u00fcber 2022.<\/p>\n","protected":false},"author":5,"featured_media":12086,"comment_status":"closed","ping_status":"closed","sticky":false,"template":"","format":"standard","meta":{"footnotes":""},"categories":[15,1,483,14],"tags":[55,62,183,54],"class_list":["post-12085","post","type-post","status-publish","format-standard","has-post-thumbnail","hentry","category-landwirt","category-werbung","category-werbung-top","category-zulassungsstatistik","tag-standardtraktoren","tag-traktor","tag-traktoren","tag-zulassungsstatistik"],"yoast_head":"<!-- This site is optimized with the Yoast SEO plugin v27.4 - https:\/\/yoast.com\/product\/yoast-seo-wordpress\/ -->\n<title>Standardtraktoren-Zulassungen in \u00d6sterreich J\u00e4nner- April 2023 - Landwirt.com News<\/title>\n<meta name=\"description\" content=\"Minus 11,9% bei den Standardtraktoren-Zulassungen gegen\u00fcber 2022.\" \/>\n<meta name=\"robots\" content=\"index, follow, max-snippet:-1, max-image-preview:large, max-video-preview:-1\" \/>\n<meta property=\"og:locale\" content=\"de_DE\" \/>\n<meta property=\"og:type\" content=\"article\" \/>\n<meta property=\"og:title\" content=\"Standardtraktoren-Zulassungen in \u00d6sterreich J\u00e4nner- April 2023 - Landwirt.com News\" \/>\n<meta property=\"og:description\" content=\"Minus 11,9% bei den Standardtraktoren-Zulassungen gegen\u00fcber 2022.\" \/>\n<meta property=\"og:url\" content=\"https:\/\/www.landwirt.com\/news\/standardtraktoren-zulassungen-in-oesterreich-jaenner-april-2023\/\" \/>\n<meta property=\"og:site_name\" content=\"Landwirt.com News\" \/>\n<meta property=\"article:published_time\" content=\"2023-05-12T07:38:44+00:00\" \/>\n<meta property=\"article:modified_time\" content=\"2023-05-23T10:26:04+00:00\" \/>\n<meta property=\"og:image\" content=\"https:\/\/www.landwirt.com\/news\/wp-content\/uploads\/2023\/05\/Vorschaubild-Jaen-April.jpg\" \/>\n\t<meta property=\"og:image:width\" content=\"495\" \/>\n\t<meta property=\"og:image:height\" content=\"400\" \/>\n\t<meta property=\"og:image:type\" content=\"image\/jpeg\" \/>\n<meta name=\"author\" content=\"Lisa Rokos\" \/>\n<meta name=\"twitter:card\" content=\"summary_large_image\" \/>\n<meta name=\"twitter:title\" content=\"Standardtraktoren-Zulassungen in \u00d6sterreich J\u00e4nner- April 2023 - Landwirt.com News\" \/>\n<meta name=\"twitter:description\" content=\"Minus 11,9% bei den Standardtraktoren-Zulassungen gegen\u00fcber 2022.\" \/>\n<meta name=\"twitter:label1\" content=\"Verfasst von\" \/>\n\t<meta name=\"twitter:data1\" content=\"Lisa Rokos\" \/>\n\t<meta name=\"twitter:label2\" content=\"Gesch\u00e4tzte Lesezeit\" \/>\n\t<meta name=\"twitter:data2\" content=\"2 Minuten\" \/>\n<script type=\"application\/ld+json\" class=\"yoast-schema-graph\">{\"@context\":\"https:\\\/\\\/schema.org\",\"@graph\":[{\"@type\":\"Article\",\"@id\":\"https:\\\/\\\/www.landwirt.com\\\/news\\\/standardtraktoren-zulassungen-in-oesterreich-jaenner-april-2023\\\/#article\",\"isPartOf\":{\"@id\":\"https:\\\/\\\/www.landwirt.com\\\/news\\\/standardtraktoren-zulassungen-in-oesterreich-jaenner-april-2023\\\/\"},\"author\":{\"name\":\"Lisa Rokos\",\"@id\":\"https:\\\/\\\/www.landwirt.com\\\/news\\\/#\\\/schema\\\/person\\\/75a4bc83f62af5332a58cf5d219a4c51\"},\"headline\":\"Standardtraktoren-Zulassungen in \u00d6sterreich J\u00e4nner- April 2023\",\"datePublished\":\"2023-05-12T07:38:44+00:00\",\"dateModified\":\"2023-05-23T10:26:04+00:00\",\"mainEntityOfPage\":{\"@id\":\"https:\\\/\\\/www.landwirt.com\\\/news\\\/standardtraktoren-zulassungen-in-oesterreich-jaenner-april-2023\\\/\"},\"wordCount\":74,\"publisher\":{\"@id\":\"https:\\\/\\\/www.landwirt.com\\\/news\\\/#organization\"},\"image\":{\"@id\":\"https:\\\/\\\/www.landwirt.com\\\/news\\\/standardtraktoren-zulassungen-in-oesterreich-jaenner-april-2023\\\/#primaryimage\"},\"thumbnailUrl\":\"https:\\\/\\\/www.landwirt.com\\\/news\\\/wp-content\\\/uploads\\\/2023\\\/05\\\/Vorschaubild-Jaen-April.jpg\",\"keywords\":[\"Standardtraktoren\",\"Traktor\",\"Traktoren\",\"Zulassungsstatistik\"],\"articleSection\":[\"Landwirt\",\"Werbung\",\"Werbung Top\",\"Zulassungsstatistik\"],\"inLanguage\":\"de-AT\"},{\"@type\":\"WebPage\",\"@id\":\"https:\\\/\\\/www.landwirt.com\\\/news\\\/standardtraktoren-zulassungen-in-oesterreich-jaenner-april-2023\\\/\",\"url\":\"https:\\\/\\\/www.landwirt.com\\\/news\\\/standardtraktoren-zulassungen-in-oesterreich-jaenner-april-2023\\\/\",\"name\":\"Standardtraktoren-Zulassungen in \u00d6sterreich J\u00e4nner- April 2023 - Landwirt.com News\",\"isPartOf\":{\"@id\":\"https:\\\/\\\/www.landwirt.com\\\/news\\\/#website\"},\"primaryImageOfPage\":{\"@id\":\"https:\\\/\\\/www.landwirt.com\\\/news\\\/standardtraktoren-zulassungen-in-oesterreich-jaenner-april-2023\\\/#primaryimage\"},\"image\":{\"@id\":\"https:\\\/\\\/www.landwirt.com\\\/news\\\/standardtraktoren-zulassungen-in-oesterreich-jaenner-april-2023\\\/#primaryimage\"},\"thumbnailUrl\":\"https:\\\/\\\/www.landwirt.com\\\/news\\\/wp-content\\\/uploads\\\/2023\\\/05\\\/Vorschaubild-Jaen-April.jpg\",\"datePublished\":\"2023-05-12T07:38:44+00:00\",\"dateModified\":\"2023-05-23T10:26:04+00:00\",\"description\":\"Minus 11,9% bei den Standardtraktoren-Zulassungen gegen\u00fcber 2022.\",\"breadcrumb\":{\"@id\":\"https:\\\/\\\/www.landwirt.com\\\/news\\\/standardtraktoren-zulassungen-in-oesterreich-jaenner-april-2023\\\/#breadcrumb\"},\"inLanguage\":\"de-AT\",\"potentialAction\":[{\"@type\":\"ReadAction\",\"target\":[\"https:\\\/\\\/www.landwirt.com\\\/news\\\/standardtraktoren-zulassungen-in-oesterreich-jaenner-april-2023\\\/\"]}]},{\"@type\":\"ImageObject\",\"inLanguage\":\"de-AT\",\"@id\":\"https:\\\/\\\/www.landwirt.com\\\/news\\\/standardtraktoren-zulassungen-in-oesterreich-jaenner-april-2023\\\/#primaryimage\",\"url\":\"https:\\\/\\\/www.landwirt.com\\\/news\\\/wp-content\\\/uploads\\\/2023\\\/05\\\/Vorschaubild-Jaen-April.jpg\",\"contentUrl\":\"https:\\\/\\\/www.landwirt.com\\\/news\\\/wp-content\\\/uploads\\\/2023\\\/05\\\/Vorschaubild-Jaen-April.jpg\",\"width\":495,\"height\":400},{\"@type\":\"BreadcrumbList\",\"@id\":\"https:\\\/\\\/www.landwirt.com\\\/news\\\/standardtraktoren-zulassungen-in-oesterreich-jaenner-april-2023\\\/#breadcrumb\",\"itemListElement\":[{\"@type\":\"ListItem\",\"position\":1,\"name\":\"Home\",\"item\":\"https:\\\/\\\/www.landwirt.com\\\/news\\\/home\\\/\"},{\"@type\":\"ListItem\",\"position\":2,\"name\":\"Standardtraktoren-Zulassungen in \u00d6sterreich J\u00e4nner- April 2023\"}]},{\"@type\":\"WebSite\",\"@id\":\"https:\\\/\\\/www.landwirt.com\\\/news\\\/#website\",\"url\":\"https:\\\/\\\/www.landwirt.com\\\/news\\\/\",\"name\":\"Landwirt.com News\",\"description\":\"Landwirt.com News\",\"publisher\":{\"@id\":\"https:\\\/\\\/www.landwirt.com\\\/news\\\/#organization\"},\"potentialAction\":[{\"@type\":\"SearchAction\",\"target\":{\"@type\":\"EntryPoint\",\"urlTemplate\":\"https:\\\/\\\/www.landwirt.com\\\/news\\\/?s={search_term_string}\"},\"query-input\":{\"@type\":\"PropertyValueSpecification\",\"valueRequired\":true,\"valueName\":\"search_term_string\"}}],\"inLanguage\":\"de-AT\"},{\"@type\":\"Organization\",\"@id\":\"https:\\\/\\\/www.landwirt.com\\\/news\\\/#organization\",\"name\":\"LANDWIRT.COM GMBH\",\"url\":\"https:\\\/\\\/www.landwirt.com\\\/news\\\/\",\"logo\":{\"@type\":\"ImageObject\",\"inLanguage\":\"de-AT\",\"@id\":\"https:\\\/\\\/www.landwirt.com\\\/news\\\/#\\\/schema\\\/logo\\\/image\\\/\",\"url\":\"https:\\\/\\\/www.landwirt.com\\\/news\\\/wp-content\\\/uploads\\\/2020\\\/02\\\/LW-logo.png\",\"contentUrl\":\"https:\\\/\\\/www.landwirt.com\\\/news\\\/wp-content\\\/uploads\\\/2020\\\/02\\\/LW-logo.png\",\"width\":250,\"height\":58,\"caption\":\"LANDWIRT.COM GMBH\"},\"image\":{\"@id\":\"https:\\\/\\\/www.landwirt.com\\\/news\\\/#\\\/schema\\\/logo\\\/image\\\/\"}},{\"@type\":\"Person\",\"@id\":\"https:\\\/\\\/www.landwirt.com\\\/news\\\/#\\\/schema\\\/person\\\/75a4bc83f62af5332a58cf5d219a4c51\",\"name\":\"Lisa Rokos\",\"image\":{\"@type\":\"ImageObject\",\"inLanguage\":\"de-AT\",\"@id\":\"https:\\\/\\\/secure.gravatar.com\\\/avatar\\\/7a0bb7bda929bd765c27a74ac583d88484ba68a68a98e3d35a51f87ee30382d9?s=96&d=mm&r=g\",\"url\":\"https:\\\/\\\/secure.gravatar.com\\\/avatar\\\/7a0bb7bda929bd765c27a74ac583d88484ba68a68a98e3d35a51f87ee30382d9?s=96&d=mm&r=g\",\"contentUrl\":\"https:\\\/\\\/secure.gravatar.com\\\/avatar\\\/7a0bb7bda929bd765c27a74ac583d88484ba68a68a98e3d35a51f87ee30382d9?s=96&d=mm&r=g\",\"caption\":\"Lisa Rokos\"},\"url\":\"https:\\\/\\\/www.landwirt.com\\\/news\\\/author\\\/lisa\\\/\"}]}<\/script>\n<!-- \/ Yoast SEO plugin. -->","yoast_head_json":{"title":"Standardtraktoren-Zulassungen in \u00d6sterreich J\u00e4nner- April 2023 - Landwirt.com News","description":"Minus 11,9% bei den Standardtraktoren-Zulassungen gegen\u00fcber 2022.","robots":{"index":"index","follow":"follow","max-snippet":"max-snippet:-1","max-image-preview":"max-image-preview:large","max-video-preview":"max-video-preview:-1"},"og_locale":"de_DE","og_type":"article","og_title":"Standardtraktoren-Zulassungen in \u00d6sterreich J\u00e4nner- April 2023 - Landwirt.com News","og_description":"Minus 11,9% bei den Standardtraktoren-Zulassungen gegen\u00fcber 2022.","og_url":"https:\/\/www.landwirt.com\/news\/standardtraktoren-zulassungen-in-oesterreich-jaenner-april-2023\/","og_site_name":"Landwirt.com News","article_published_time":"2023-05-12T07:38:44+00:00","article_modified_time":"2023-05-23T10:26:04+00:00","og_image":[{"width":495,"height":400,"url":"https:\/\/www.landwirt.com\/news\/wp-content\/uploads\/2023\/05\/Vorschaubild-Jaen-April.jpg","type":"image\/jpeg"}],"author":"Lisa Rokos","twitter_card":"summary_large_image","twitter_title":"Standardtraktoren-Zulassungen in \u00d6sterreich J\u00e4nner- April 2023 - Landwirt.com News","twitter_description":"Minus 11,9% bei den Standardtraktoren-Zulassungen gegen\u00fcber 2022.","twitter_misc":{"Verfasst von":"Lisa Rokos","Gesch\u00e4tzte Lesezeit":"2 Minuten"},"schema":{"@context":"https:\/\/schema.org","@graph":[{"@type":"Article","@id":"https:\/\/www.landwirt.com\/news\/standardtraktoren-zulassungen-in-oesterreich-jaenner-april-2023\/#article","isPartOf":{"@id":"https:\/\/www.landwirt.com\/news\/standardtraktoren-zulassungen-in-oesterreich-jaenner-april-2023\/"},"author":{"name":"Lisa Rokos","@id":"https:\/\/www.landwirt.com\/news\/#\/schema\/person\/75a4bc83f62af5332a58cf5d219a4c51"},"headline":"Standardtraktoren-Zulassungen in \u00d6sterreich J\u00e4nner- April 2023","datePublished":"2023-05-12T07:38:44+00:00","dateModified":"2023-05-23T10:26:04+00:00","mainEntityOfPage":{"@id":"https:\/\/www.landwirt.com\/news\/standardtraktoren-zulassungen-in-oesterreich-jaenner-april-2023\/"},"wordCount":74,"publisher":{"@id":"https:\/\/www.landwirt.com\/news\/#organization"},"image":{"@id":"https:\/\/www.landwirt.com\/news\/standardtraktoren-zulassungen-in-oesterreich-jaenner-april-2023\/#primaryimage"},"thumbnailUrl":"https:\/\/www.landwirt.com\/news\/wp-content\/uploads\/2023\/05\/Vorschaubild-Jaen-April.jpg","keywords":["Standardtraktoren","Traktor","Traktoren","Zulassungsstatistik"],"articleSection":["Landwirt","Werbung","Werbung Top","Zulassungsstatistik"],"inLanguage":"de-AT"},{"@type":"WebPage","@id":"https:\/\/www.landwirt.com\/news\/standardtraktoren-zulassungen-in-oesterreich-jaenner-april-2023\/","url":"https:\/\/www.landwirt.com\/news\/standardtraktoren-zulassungen-in-oesterreich-jaenner-april-2023\/","name":"Standardtraktoren-Zulassungen in \u00d6sterreich J\u00e4nner- April 2023 - Landwirt.com News","isPartOf":{"@id":"https:\/\/www.landwirt.com\/news\/#website"},"primaryImageOfPage":{"@id":"https:\/\/www.landwirt.com\/news\/standardtraktoren-zulassungen-in-oesterreich-jaenner-april-2023\/#primaryimage"},"image":{"@id":"https:\/\/www.landwirt.com\/news\/standardtraktoren-zulassungen-in-oesterreich-jaenner-april-2023\/#primaryimage"},"thumbnailUrl":"https:\/\/www.landwirt.com\/news\/wp-content\/uploads\/2023\/05\/Vorschaubild-Jaen-April.jpg","datePublished":"2023-05-12T07:38:44+00:00","dateModified":"2023-05-23T10:26:04+00:00","description":"Minus 11,9% bei den Standardtraktoren-Zulassungen gegen\u00fcber 2022.","breadcrumb":{"@id":"https:\/\/www.landwirt.com\/news\/standardtraktoren-zulassungen-in-oesterreich-jaenner-april-2023\/#breadcrumb"},"inLanguage":"de-AT","potentialAction":[{"@type":"ReadAction","target":["https:\/\/www.landwirt.com\/news\/standardtraktoren-zulassungen-in-oesterreich-jaenner-april-2023\/"]}]},{"@type":"ImageObject","inLanguage":"de-AT","@id":"https:\/\/www.landwirt.com\/news\/standardtraktoren-zulassungen-in-oesterreich-jaenner-april-2023\/#primaryimage","url":"https:\/\/www.landwirt.com\/news\/wp-content\/uploads\/2023\/05\/Vorschaubild-Jaen-April.jpg","contentUrl":"https:\/\/www.landwirt.com\/news\/wp-content\/uploads\/2023\/05\/Vorschaubild-Jaen-April.jpg","width":495,"height":400},{"@type":"BreadcrumbList","@id":"https:\/\/www.landwirt.com\/news\/standardtraktoren-zulassungen-in-oesterreich-jaenner-april-2023\/#breadcrumb","itemListElement":[{"@type":"ListItem","position":1,"name":"Home","item":"https:\/\/www.landwirt.com\/news\/home\/"},{"@type":"ListItem","position":2,"name":"Standardtraktoren-Zulassungen in \u00d6sterreich J\u00e4nner- April 2023"}]},{"@type":"WebSite","@id":"https:\/\/www.landwirt.com\/news\/#website","url":"https:\/\/www.landwirt.com\/news\/","name":"Landwirt.com News","description":"Landwirt.com News","publisher":{"@id":"https:\/\/www.landwirt.com\/news\/#organization"},"potentialAction":[{"@type":"SearchAction","target":{"@type":"EntryPoint","urlTemplate":"https:\/\/www.landwirt.com\/news\/?s={search_term_string}"},"query-input":{"@type":"PropertyValueSpecification","valueRequired":true,"valueName":"search_term_string"}}],"inLanguage":"de-AT"},{"@type":"Organization","@id":"https:\/\/www.landwirt.com\/news\/#organization","name":"LANDWIRT.COM GMBH","url":"https:\/\/www.landwirt.com\/news\/","logo":{"@type":"ImageObject","inLanguage":"de-AT","@id":"https:\/\/www.landwirt.com\/news\/#\/schema\/logo\/image\/","url":"https:\/\/www.landwirt.com\/news\/wp-content\/uploads\/2020\/02\/LW-logo.png","contentUrl":"https:\/\/www.landwirt.com\/news\/wp-content\/uploads\/2020\/02\/LW-logo.png","width":250,"height":58,"caption":"LANDWIRT.COM GMBH"},"image":{"@id":"https:\/\/www.landwirt.com\/news\/#\/schema\/logo\/image\/"}},{"@type":"Person","@id":"https:\/\/www.landwirt.com\/news\/#\/schema\/person\/75a4bc83f62af5332a58cf5d219a4c51","name":"Lisa Rokos","image":{"@type":"ImageObject","inLanguage":"de-AT","@id":"https:\/\/secure.gravatar.com\/avatar\/7a0bb7bda929bd765c27a74ac583d88484ba68a68a98e3d35a51f87ee30382d9?s=96&d=mm&r=g","url":"https:\/\/secure.gravatar.com\/avatar\/7a0bb7bda929bd765c27a74ac583d88484ba68a68a98e3d35a51f87ee30382d9?s=96&d=mm&r=g","contentUrl":"https:\/\/secure.gravatar.com\/avatar\/7a0bb7bda929bd765c27a74ac583d88484ba68a68a98e3d35a51f87ee30382d9?s=96&d=mm&r=g","caption":"Lisa Rokos"},"url":"https:\/\/www.landwirt.com\/news\/author\/lisa\/"}]}},"_links":{"self":[{"href":"https:\/\/www.landwirt.com\/news\/wp-json\/wp\/v2\/posts\/12085","targetHints":{"allow":["GET"]}}],"collection":[{"href":"https:\/\/www.landwirt.com\/news\/wp-json\/wp\/v2\/posts"}],"about":[{"href":"https:\/\/www.landwirt.com\/news\/wp-json\/wp\/v2\/types\/post"}],"author":[{"embeddable":true,"href":"https:\/\/www.landwirt.com\/news\/wp-json\/wp\/v2\/users\/5"}],"replies":[{"embeddable":true,"href":"https:\/\/www.landwirt.com\/news\/wp-json\/wp\/v2\/comments?post=12085"}],"version-history":[{"count":1,"href":"https:\/\/www.landwirt.com\/news\/wp-json\/wp\/v2\/posts\/12085\/revisions"}],"predecessor-version":[{"id":12091,"href":"https:\/\/www.landwirt.com\/news\/wp-json\/wp\/v2\/posts\/12085\/revisions\/12091"}],"wp:featuredmedia":[{"embeddable":true,"href":"https:\/\/www.landwirt.com\/news\/wp-json\/wp\/v2\/media\/12086"}],"wp:attachment":[{"href":"https:\/\/www.landwirt.com\/news\/wp-json\/wp\/v2\/media?parent=12085"}],"wp:term":[{"taxonomy":"category","embeddable":true,"href":"https:\/\/www.landwirt.com\/news\/wp-json\/wp\/v2\/categories?post=12085"},{"taxonomy":"post_tag","embeddable":true,"href":"https:\/\/www.landwirt.com\/news\/wp-json\/wp\/v2\/tags?post=12085"}],"curies":[{"name":"wp","href":"https:\/\/api.w.org\/{rel}","templated":true}]}}