{"id":11789,"date":"2023-03-16T11:41:16","date_gmt":"2023-03-16T10:41:16","guid":{"rendered":"https:\/\/www.landwirt.com\/news\/?p=11789"},"modified":"2023-04-13T09:33:17","modified_gmt":"2023-04-13T07:33:17","slug":"standardtraktoren-zulassungen-in-oesterreich-jaen-feb-2023","status":"publish","type":"post","link":"https:\/\/www.landwirt.com\/news\/standardtraktoren-zulassungen-in-oesterreich-jaen-feb-2023\/","title":{"rendered":"Standardtraktoren-Zulassungen in \u00d6sterreich J\u00e4n.-Feb. 2023"},"content":{"rendered":"\n<hr class=\"wp-block-separator has-css-opacity\"\/>\n\n\n\n<h3 class=\"wp-block-heading has-text-align-center\">Zulassungen Anfang 2023 r\u00fcckl\u00e4ufig gegen\u00fcber dem selben Zeitraum in den beiden Vorjahren<\/h3>\n\n\n\n<div style=\"height:20px\" aria-hidden=\"true\" class=\"wp-block-spacer\"><\/div>\n\n\n\n<figure class=\"wp-block-image size-full\"><img loading=\"lazy\" decoding=\"async\" width=\"4080\" height=\"2036\" src=\"https:\/\/www.landwirt.com\/news\/wp-content\/uploads\/2023\/03\/Zulassungsstatstik-standardtraktoren-jan-feb-2023.png\" alt=\"\" class=\"wp-image-11791\" srcset=\"https:\/\/www.landwirt.com\/news\/wp-content\/uploads\/2023\/03\/Zulassungsstatstik-standardtraktoren-jan-feb-2023.png 4080w, https:\/\/www.landwirt.com\/news\/wp-content\/uploads\/2023\/03\/Zulassungsstatstik-standardtraktoren-jan-feb-2023-300x150.png 300w, https:\/\/www.landwirt.com\/news\/wp-content\/uploads\/2023\/03\/Zulassungsstatstik-standardtraktoren-jan-feb-2023-1030x514.png 1030w, https:\/\/www.landwirt.com\/news\/wp-content\/uploads\/2023\/03\/Zulassungsstatstik-standardtraktoren-jan-feb-2023-768x383.png 768w, https:\/\/www.landwirt.com\/news\/wp-content\/uploads\/2023\/03\/Zulassungsstatstik-standardtraktoren-jan-feb-2023-1536x766.png 1536w, https:\/\/www.landwirt.com\/news\/wp-content\/uploads\/2023\/03\/Zulassungsstatstik-standardtraktoren-jan-feb-2023-2048x1022.png 2048w, https:\/\/www.landwirt.com\/news\/wp-content\/uploads\/2023\/03\/Zulassungsstatstik-standardtraktoren-jan-feb-2023-1500x749.png 1500w, https:\/\/www.landwirt.com\/news\/wp-content\/uploads\/2023\/03\/Zulassungsstatstik-standardtraktoren-jan-feb-2023-705x352.png 705w\" sizes=\"auto, (max-width: 4080px) 100vw, 4080px\" \/><\/figure>\n\n\n\n<p>Gegen\u00fcber dem Vorjahr sind die Zulassungen von Standardtraktoren r\u00fcckl\u00e4ufig. Einzig Fendt verzeichnet ein klares Plus gegen\u00fcber den Zulassungen von J\u00e4nner bis Februar im Vorjahren. STEYR bleibt weiterhin klar auf Platz 1, trotz weniger Zulassungen als Anfang 2021 und 2022. <\/p>\n\n\n\n<h2 class=\"wp-block-heading\">Marktanteil der Top-10-Marken bei den Zulassungen 2023<\/h2>\n\n\n\n<p>Mehr als die H\u00e4lfte des Marktes, genauer gesagt 53%, machen alleine die Top-3-Marken, n\u00e4mlich STEYR, Fendt und New Holland der Zulassungen aus. <\/p>\n\n\n\n<div class=\"wp-block-columns is-layout-flex wp-container-core-columns-is-layout-9d6595d7 wp-block-columns-is-layout-flex\">\n<div class=\"wp-block-column is-layout-flow wp-block-column-is-layout-flow\" style=\"flex-basis:51.5%\">\n<figure class=\"wp-block-image size-large\"><img loading=\"lazy\" decoding=\"async\" width=\"1030\" height=\"905\" src=\"https:\/\/www.landwirt.com\/news\/wp-content\/uploads\/2023\/03\/Zulassungsstatstik-marktanteil-2023-02-1030x905.png\" alt=\"\" class=\"wp-image-11793\" srcset=\"https:\/\/www.landwirt.com\/news\/wp-content\/uploads\/2023\/03\/Zulassungsstatstik-marktanteil-2023-02-1030x905.png 1030w, https:\/\/www.landwirt.com\/news\/wp-content\/uploads\/2023\/03\/Zulassungsstatstik-marktanteil-2023-02-300x264.png 300w, https:\/\/www.landwirt.com\/news\/wp-content\/uploads\/2023\/03\/Zulassungsstatstik-marktanteil-2023-02-768x675.png 768w, https:\/\/www.landwirt.com\/news\/wp-content\/uploads\/2023\/03\/Zulassungsstatstik-marktanteil-2023-02-1536x1350.png 1536w, https:\/\/www.landwirt.com\/news\/wp-content\/uploads\/2023\/03\/Zulassungsstatstik-marktanteil-2023-02-2048x1800.png 2048w, https:\/\/www.landwirt.com\/news\/wp-content\/uploads\/2023\/03\/Zulassungsstatstik-marktanteil-2023-02-1500x1318.png 1500w, https:\/\/www.landwirt.com\/news\/wp-content\/uploads\/2023\/03\/Zulassungsstatstik-marktanteil-2023-02-705x620.png 705w\" sizes=\"auto, (max-width: 1030px) 100vw, 1030px\" \/><\/figure>\n<\/div>\n\n\n\n<div class=\"wp-block-column is-layout-flow wp-block-column-is-layout-flow\" style=\"flex-basis:48.5%\">\n<figure class=\"wp-block-image size-large\"><img loading=\"lazy\" decoding=\"async\" width=\"1030\" height=\"1030\" src=\"https:\/\/www.landwirt.com\/news\/wp-content\/uploads\/2023\/03\/Zulassungsstatstik-insg.-jaen-feb-2023-1030x1030.png\" alt=\"\" class=\"wp-image-11794\" srcset=\"https:\/\/www.landwirt.com\/news\/wp-content\/uploads\/2023\/03\/Zulassungsstatstik-insg.-jaen-feb-2023-1030x1030.png 1030w, https:\/\/www.landwirt.com\/news\/wp-content\/uploads\/2023\/03\/Zulassungsstatstik-insg.-jaen-feb-2023-300x300.png 300w, https:\/\/www.landwirt.com\/news\/wp-content\/uploads\/2023\/03\/Zulassungsstatstik-insg.-jaen-feb-2023-80x80.png 80w, https:\/\/www.landwirt.com\/news\/wp-content\/uploads\/2023\/03\/Zulassungsstatstik-insg.-jaen-feb-2023-768x767.png 768w, https:\/\/www.landwirt.com\/news\/wp-content\/uploads\/2023\/03\/Zulassungsstatstik-insg.-jaen-feb-2023-1536x1534.png 1536w, https:\/\/www.landwirt.com\/news\/wp-content\/uploads\/2023\/03\/Zulassungsstatstik-insg.-jaen-feb-2023-36x36.png 36w, https:\/\/www.landwirt.com\/news\/wp-content\/uploads\/2023\/03\/Zulassungsstatstik-insg.-jaen-feb-2023-180x180.png 180w, https:\/\/www.landwirt.com\/news\/wp-content\/uploads\/2023\/03\/Zulassungsstatstik-insg.-jaen-feb-2023-1500x1498.png 1500w, https:\/\/www.landwirt.com\/news\/wp-content\/uploads\/2023\/03\/Zulassungsstatstik-insg.-jaen-feb-2023-705x705.png 705w, https:\/\/www.landwirt.com\/news\/wp-content\/uploads\/2023\/03\/Zulassungsstatstik-insg.-jaen-feb-2023.png 1574w\" sizes=\"auto, (max-width: 1030px) 100vw, 1030px\" \/><\/figure>\n<\/div>\n<\/div>\n\n\n\n<h2 class=\"wp-block-heading has-text-align-center\"> Die Standardtraktoren-Zulassungszahlen im Detail <\/h2>\n\n\n\n<figure class=\"wp-block-image aligncenter size-large\"><img loading=\"lazy\" decoding=\"async\" width=\"826\" height=\"1030\" src=\"https:\/\/www.landwirt.com\/news\/wp-content\/uploads\/2023\/03\/tabelle-zulassungsstatistik-standardtraktoren-2023-02-826x1030.png\" alt=\"\" class=\"wp-image-11792\" srcset=\"https:\/\/www.landwirt.com\/news\/wp-content\/uploads\/2023\/03\/tabelle-zulassungsstatistik-standardtraktoren-2023-02-826x1030.png 826w, https:\/\/www.landwirt.com\/news\/wp-content\/uploads\/2023\/03\/tabelle-zulassungsstatistik-standardtraktoren-2023-02-240x300.png 240w, https:\/\/www.landwirt.com\/news\/wp-content\/uploads\/2023\/03\/tabelle-zulassungsstatistik-standardtraktoren-2023-02-768x958.png 768w, https:\/\/www.landwirt.com\/news\/wp-content\/uploads\/2023\/03\/tabelle-zulassungsstatistik-standardtraktoren-2023-02-565x705.png 565w, https:\/\/www.landwirt.com\/news\/wp-content\/uploads\/2023\/03\/tabelle-zulassungsstatistik-standardtraktoren-2023-02.png 840w\" sizes=\"auto, (max-width: 826px) 100vw, 826px\" \/><\/figure>\n\n\n\n<p style=\"font-size:0.85em\"><\/p>\n","protected":false},"excerpt":{"rendered":"<p>Zulassungen Anfang 2023 r\u00fcckl\u00e4ufig gegen\u00fcber dem selben Zeitraum in den beiden Vorjahren.<\/p>\n","protected":false},"author":15,"featured_media":8584,"comment_status":"closed","ping_status":"closed","sticky":false,"template":"","format":"standard","meta":{"footnotes":""},"categories":[15,1,483,14],"tags":[55,62,183,54],"class_list":["post-11789","post","type-post","status-publish","format-standard","has-post-thumbnail","hentry","category-landwirt","category-werbung","category-werbung-top","category-zulassungsstatistik","tag-standardtraktoren","tag-traktor","tag-traktoren","tag-zulassungsstatistik"],"yoast_head":"<!-- This site is optimized with the Yoast SEO plugin v27.5 - https:\/\/yoast.com\/product\/yoast-seo-wordpress\/ -->\n<title>Standardtraktoren-Zulassungen in \u00d6sterreich J\u00e4n.-Feb. 2023 - Landwirt.com News<\/title>\n<meta name=\"description\" content=\"Zulassungen Anfang 2023 r\u00fcckl\u00e4ufig gegen\u00fcber dem selben Zeitraum in den beiden Vorjahren.\" \/>\n<meta name=\"robots\" content=\"index, follow, max-snippet:-1, max-image-preview:large, max-video-preview:-1\" \/>\n<meta property=\"og:locale\" content=\"de_DE\" \/>\n<meta property=\"og:type\" content=\"article\" \/>\n<meta property=\"og:title\" content=\"Standardtraktoren-Zulassungen in \u00d6sterreich J\u00e4n.-Feb. 2023 - Landwirt.com News\" \/>\n<meta property=\"og:description\" content=\"Zulassungen Anfang 2023 r\u00fcckl\u00e4ufig gegen\u00fcber dem selben Zeitraum in den beiden Vorjahren.\" \/>\n<meta property=\"og:url\" content=\"https:\/\/www.landwirt.com\/news\/standardtraktoren-zulassungen-in-oesterreich-jaen-feb-2023\/\" \/>\n<meta property=\"og:site_name\" content=\"Landwirt.com News\" \/>\n<meta property=\"article:published_time\" content=\"2023-03-16T10:41:16+00:00\" \/>\n<meta property=\"article:modified_time\" content=\"2023-04-13T07:33:17+00:00\" \/>\n<meta property=\"og:image\" content=\"https:\/\/www.landwirt.com\/news\/wp-content\/uploads\/2022\/03\/BeitragBild-zulasssungsstatistik-feb-2022.jpg\" \/>\n\t<meta property=\"og:image:width\" content=\"495\" \/>\n\t<meta property=\"og:image:height\" content=\"400\" \/>\n\t<meta property=\"og:image:type\" content=\"image\/jpeg\" \/>\n<meta name=\"author\" content=\"Edith Winter\" \/>\n<meta name=\"twitter:card\" content=\"summary_large_image\" \/>\n<meta name=\"twitter:title\" content=\"Standardtraktoren-Zulassungen in \u00d6sterreich J\u00e4n.-Feb. 2023 - Landwirt.com News\" \/>\n<meta name=\"twitter:description\" content=\"Zulassungen Anfang 2023 r\u00fcckl\u00e4ufig gegen\u00fcber dem selben Zeitraum in den beiden Vorjahren.\" \/>\n<meta name=\"twitter:label1\" content=\"Verfasst von\" \/>\n\t<meta name=\"twitter:data1\" content=\"Edith Winter\" \/>\n\t<meta name=\"twitter:label2\" content=\"Gesch\u00e4tzte Lesezeit\" \/>\n\t<meta name=\"twitter:data2\" content=\"2 Minuten\" \/>\n<script type=\"application\/ld+json\" class=\"yoast-schema-graph\">{\"@context\":\"https:\\\/\\\/schema.org\",\"@graph\":[{\"@type\":\"Article\",\"@id\":\"https:\\\/\\\/www.landwirt.com\\\/news\\\/standardtraktoren-zulassungen-in-oesterreich-jaen-feb-2023\\\/#article\",\"isPartOf\":{\"@id\":\"https:\\\/\\\/www.landwirt.com\\\/news\\\/standardtraktoren-zulassungen-in-oesterreich-jaen-feb-2023\\\/\"},\"author\":{\"name\":\"Edith Winter\",\"@id\":\"https:\\\/\\\/www.landwirt.com\\\/news\\\/#\\\/schema\\\/person\\\/58b1026d44b61c2d0c39d2d1220d43e9\"},\"headline\":\"Standardtraktoren-Zulassungen in \u00d6sterreich J\u00e4n.-Feb. 2023\",\"datePublished\":\"2023-03-16T10:41:16+00:00\",\"dateModified\":\"2023-04-13T07:33:17+00:00\",\"mainEntityOfPage\":{\"@id\":\"https:\\\/\\\/www.landwirt.com\\\/news\\\/standardtraktoren-zulassungen-in-oesterreich-jaen-feb-2023\\\/\"},\"wordCount\":96,\"publisher\":{\"@id\":\"https:\\\/\\\/www.landwirt.com\\\/news\\\/#organization\"},\"image\":{\"@id\":\"https:\\\/\\\/www.landwirt.com\\\/news\\\/standardtraktoren-zulassungen-in-oesterreich-jaen-feb-2023\\\/#primaryimage\"},\"thumbnailUrl\":\"https:\\\/\\\/www.landwirt.com\\\/news\\\/wp-content\\\/uploads\\\/2022\\\/03\\\/BeitragBild-zulasssungsstatistik-feb-2022.jpg\",\"keywords\":[\"Standardtraktoren\",\"Traktor\",\"Traktoren\",\"Zulassungsstatistik\"],\"articleSection\":[\"Landwirt\",\"Werbung\",\"Werbung Top\",\"Zulassungsstatistik\"],\"inLanguage\":\"de-AT\"},{\"@type\":\"WebPage\",\"@id\":\"https:\\\/\\\/www.landwirt.com\\\/news\\\/standardtraktoren-zulassungen-in-oesterreich-jaen-feb-2023\\\/\",\"url\":\"https:\\\/\\\/www.landwirt.com\\\/news\\\/standardtraktoren-zulassungen-in-oesterreich-jaen-feb-2023\\\/\",\"name\":\"Standardtraktoren-Zulassungen in \u00d6sterreich J\u00e4n.-Feb. 2023 - Landwirt.com News\",\"isPartOf\":{\"@id\":\"https:\\\/\\\/www.landwirt.com\\\/news\\\/#website\"},\"primaryImageOfPage\":{\"@id\":\"https:\\\/\\\/www.landwirt.com\\\/news\\\/standardtraktoren-zulassungen-in-oesterreich-jaen-feb-2023\\\/#primaryimage\"},\"image\":{\"@id\":\"https:\\\/\\\/www.landwirt.com\\\/news\\\/standardtraktoren-zulassungen-in-oesterreich-jaen-feb-2023\\\/#primaryimage\"},\"thumbnailUrl\":\"https:\\\/\\\/www.landwirt.com\\\/news\\\/wp-content\\\/uploads\\\/2022\\\/03\\\/BeitragBild-zulasssungsstatistik-feb-2022.jpg\",\"datePublished\":\"2023-03-16T10:41:16+00:00\",\"dateModified\":\"2023-04-13T07:33:17+00:00\",\"description\":\"Zulassungen Anfang 2023 r\u00fcckl\u00e4ufig gegen\u00fcber dem selben Zeitraum in den beiden Vorjahren.\",\"breadcrumb\":{\"@id\":\"https:\\\/\\\/www.landwirt.com\\\/news\\\/standardtraktoren-zulassungen-in-oesterreich-jaen-feb-2023\\\/#breadcrumb\"},\"inLanguage\":\"de-AT\",\"potentialAction\":[{\"@type\":\"ReadAction\",\"target\":[\"https:\\\/\\\/www.landwirt.com\\\/news\\\/standardtraktoren-zulassungen-in-oesterreich-jaen-feb-2023\\\/\"]}]},{\"@type\":\"ImageObject\",\"inLanguage\":\"de-AT\",\"@id\":\"https:\\\/\\\/www.landwirt.com\\\/news\\\/standardtraktoren-zulassungen-in-oesterreich-jaen-feb-2023\\\/#primaryimage\",\"url\":\"https:\\\/\\\/www.landwirt.com\\\/news\\\/wp-content\\\/uploads\\\/2022\\\/03\\\/BeitragBild-zulasssungsstatistik-feb-2022.jpg\",\"contentUrl\":\"https:\\\/\\\/www.landwirt.com\\\/news\\\/wp-content\\\/uploads\\\/2022\\\/03\\\/BeitragBild-zulasssungsstatistik-feb-2022.jpg\",\"width\":495,\"height\":400},{\"@type\":\"BreadcrumbList\",\"@id\":\"https:\\\/\\\/www.landwirt.com\\\/news\\\/standardtraktoren-zulassungen-in-oesterreich-jaen-feb-2023\\\/#breadcrumb\",\"itemListElement\":[{\"@type\":\"ListItem\",\"position\":1,\"name\":\"Home\",\"item\":\"https:\\\/\\\/www.landwirt.com\\\/news\\\/home\\\/\"},{\"@type\":\"ListItem\",\"position\":2,\"name\":\"Standardtraktoren-Zulassungen in \u00d6sterreich J\u00e4n.-Feb. 2023\"}]},{\"@type\":\"WebSite\",\"@id\":\"https:\\\/\\\/www.landwirt.com\\\/news\\\/#website\",\"url\":\"https:\\\/\\\/www.landwirt.com\\\/news\\\/\",\"name\":\"Landwirt.com News\",\"description\":\"Landwirt.com News\",\"publisher\":{\"@id\":\"https:\\\/\\\/www.landwirt.com\\\/news\\\/#organization\"},\"potentialAction\":[{\"@type\":\"SearchAction\",\"target\":{\"@type\":\"EntryPoint\",\"urlTemplate\":\"https:\\\/\\\/www.landwirt.com\\\/news\\\/?s={search_term_string}\"},\"query-input\":{\"@type\":\"PropertyValueSpecification\",\"valueRequired\":true,\"valueName\":\"search_term_string\"}}],\"inLanguage\":\"de-AT\"},{\"@type\":\"Organization\",\"@id\":\"https:\\\/\\\/www.landwirt.com\\\/news\\\/#organization\",\"name\":\"LANDWIRT.COM GMBH\",\"url\":\"https:\\\/\\\/www.landwirt.com\\\/news\\\/\",\"logo\":{\"@type\":\"ImageObject\",\"inLanguage\":\"de-AT\",\"@id\":\"https:\\\/\\\/www.landwirt.com\\\/news\\\/#\\\/schema\\\/logo\\\/image\\\/\",\"url\":\"https:\\\/\\\/www.landwirt.com\\\/news\\\/wp-content\\\/uploads\\\/2020\\\/02\\\/LW-logo.png\",\"contentUrl\":\"https:\\\/\\\/www.landwirt.com\\\/news\\\/wp-content\\\/uploads\\\/2020\\\/02\\\/LW-logo.png\",\"width\":250,\"height\":58,\"caption\":\"LANDWIRT.COM GMBH\"},\"image\":{\"@id\":\"https:\\\/\\\/www.landwirt.com\\\/news\\\/#\\\/schema\\\/logo\\\/image\\\/\"}},{\"@type\":\"Person\",\"@id\":\"https:\\\/\\\/www.landwirt.com\\\/news\\\/#\\\/schema\\\/person\\\/58b1026d44b61c2d0c39d2d1220d43e9\",\"name\":\"Edith Winter\",\"image\":{\"@type\":\"ImageObject\",\"inLanguage\":\"de-AT\",\"@id\":\"https:\\\/\\\/secure.gravatar.com\\\/avatar\\\/a8a5aac669c36d589ec506dc09b6dcb6e1c7c0b8731e97f1f2dcea5e26e28095?s=96&d=mm&r=g\",\"url\":\"https:\\\/\\\/secure.gravatar.com\\\/avatar\\\/a8a5aac669c36d589ec506dc09b6dcb6e1c7c0b8731e97f1f2dcea5e26e28095?s=96&d=mm&r=g\",\"contentUrl\":\"https:\\\/\\\/secure.gravatar.com\\\/avatar\\\/a8a5aac669c36d589ec506dc09b6dcb6e1c7c0b8731e97f1f2dcea5e26e28095?s=96&d=mm&r=g\",\"caption\":\"Edith Winter\"},\"url\":\"https:\\\/\\\/www.landwirt.com\\\/news\\\/author\\\/edith\\\/\"}]}<\/script>\n<!-- \/ Yoast SEO plugin. -->","yoast_head_json":{"title":"Standardtraktoren-Zulassungen in \u00d6sterreich J\u00e4n.-Feb. 2023 - Landwirt.com News","description":"Zulassungen Anfang 2023 r\u00fcckl\u00e4ufig gegen\u00fcber dem selben Zeitraum in den beiden Vorjahren.","robots":{"index":"index","follow":"follow","max-snippet":"max-snippet:-1","max-image-preview":"max-image-preview:large","max-video-preview":"max-video-preview:-1"},"og_locale":"de_DE","og_type":"article","og_title":"Standardtraktoren-Zulassungen in \u00d6sterreich J\u00e4n.-Feb. 2023 - Landwirt.com News","og_description":"Zulassungen Anfang 2023 r\u00fcckl\u00e4ufig gegen\u00fcber dem selben Zeitraum in den beiden Vorjahren.","og_url":"https:\/\/www.landwirt.com\/news\/standardtraktoren-zulassungen-in-oesterreich-jaen-feb-2023\/","og_site_name":"Landwirt.com News","article_published_time":"2023-03-16T10:41:16+00:00","article_modified_time":"2023-04-13T07:33:17+00:00","og_image":[{"width":495,"height":400,"url":"https:\/\/www.landwirt.com\/news\/wp-content\/uploads\/2022\/03\/BeitragBild-zulasssungsstatistik-feb-2022.jpg","type":"image\/jpeg"}],"author":"Edith Winter","twitter_card":"summary_large_image","twitter_title":"Standardtraktoren-Zulassungen in \u00d6sterreich J\u00e4n.-Feb. 2023 - Landwirt.com News","twitter_description":"Zulassungen Anfang 2023 r\u00fcckl\u00e4ufig gegen\u00fcber dem selben Zeitraum in den beiden Vorjahren.","twitter_misc":{"Verfasst von":"Edith Winter","Gesch\u00e4tzte Lesezeit":"2 Minuten"},"schema":{"@context":"https:\/\/schema.org","@graph":[{"@type":"Article","@id":"https:\/\/www.landwirt.com\/news\/standardtraktoren-zulassungen-in-oesterreich-jaen-feb-2023\/#article","isPartOf":{"@id":"https:\/\/www.landwirt.com\/news\/standardtraktoren-zulassungen-in-oesterreich-jaen-feb-2023\/"},"author":{"name":"Edith Winter","@id":"https:\/\/www.landwirt.com\/news\/#\/schema\/person\/58b1026d44b61c2d0c39d2d1220d43e9"},"headline":"Standardtraktoren-Zulassungen in \u00d6sterreich J\u00e4n.-Feb. 2023","datePublished":"2023-03-16T10:41:16+00:00","dateModified":"2023-04-13T07:33:17+00:00","mainEntityOfPage":{"@id":"https:\/\/www.landwirt.com\/news\/standardtraktoren-zulassungen-in-oesterreich-jaen-feb-2023\/"},"wordCount":96,"publisher":{"@id":"https:\/\/www.landwirt.com\/news\/#organization"},"image":{"@id":"https:\/\/www.landwirt.com\/news\/standardtraktoren-zulassungen-in-oesterreich-jaen-feb-2023\/#primaryimage"},"thumbnailUrl":"https:\/\/www.landwirt.com\/news\/wp-content\/uploads\/2022\/03\/BeitragBild-zulasssungsstatistik-feb-2022.jpg","keywords":["Standardtraktoren","Traktor","Traktoren","Zulassungsstatistik"],"articleSection":["Landwirt","Werbung","Werbung Top","Zulassungsstatistik"],"inLanguage":"de-AT"},{"@type":"WebPage","@id":"https:\/\/www.landwirt.com\/news\/standardtraktoren-zulassungen-in-oesterreich-jaen-feb-2023\/","url":"https:\/\/www.landwirt.com\/news\/standardtraktoren-zulassungen-in-oesterreich-jaen-feb-2023\/","name":"Standardtraktoren-Zulassungen in \u00d6sterreich J\u00e4n.-Feb. 2023 - Landwirt.com News","isPartOf":{"@id":"https:\/\/www.landwirt.com\/news\/#website"},"primaryImageOfPage":{"@id":"https:\/\/www.landwirt.com\/news\/standardtraktoren-zulassungen-in-oesterreich-jaen-feb-2023\/#primaryimage"},"image":{"@id":"https:\/\/www.landwirt.com\/news\/standardtraktoren-zulassungen-in-oesterreich-jaen-feb-2023\/#primaryimage"},"thumbnailUrl":"https:\/\/www.landwirt.com\/news\/wp-content\/uploads\/2022\/03\/BeitragBild-zulasssungsstatistik-feb-2022.jpg","datePublished":"2023-03-16T10:41:16+00:00","dateModified":"2023-04-13T07:33:17+00:00","description":"Zulassungen Anfang 2023 r\u00fcckl\u00e4ufig gegen\u00fcber dem selben Zeitraum in den beiden Vorjahren.","breadcrumb":{"@id":"https:\/\/www.landwirt.com\/news\/standardtraktoren-zulassungen-in-oesterreich-jaen-feb-2023\/#breadcrumb"},"inLanguage":"de-AT","potentialAction":[{"@type":"ReadAction","target":["https:\/\/www.landwirt.com\/news\/standardtraktoren-zulassungen-in-oesterreich-jaen-feb-2023\/"]}]},{"@type":"ImageObject","inLanguage":"de-AT","@id":"https:\/\/www.landwirt.com\/news\/standardtraktoren-zulassungen-in-oesterreich-jaen-feb-2023\/#primaryimage","url":"https:\/\/www.landwirt.com\/news\/wp-content\/uploads\/2022\/03\/BeitragBild-zulasssungsstatistik-feb-2022.jpg","contentUrl":"https:\/\/www.landwirt.com\/news\/wp-content\/uploads\/2022\/03\/BeitragBild-zulasssungsstatistik-feb-2022.jpg","width":495,"height":400},{"@type":"BreadcrumbList","@id":"https:\/\/www.landwirt.com\/news\/standardtraktoren-zulassungen-in-oesterreich-jaen-feb-2023\/#breadcrumb","itemListElement":[{"@type":"ListItem","position":1,"name":"Home","item":"https:\/\/www.landwirt.com\/news\/home\/"},{"@type":"ListItem","position":2,"name":"Standardtraktoren-Zulassungen in \u00d6sterreich J\u00e4n.-Feb. 2023"}]},{"@type":"WebSite","@id":"https:\/\/www.landwirt.com\/news\/#website","url":"https:\/\/www.landwirt.com\/news\/","name":"Landwirt.com News","description":"Landwirt.com News","publisher":{"@id":"https:\/\/www.landwirt.com\/news\/#organization"},"potentialAction":[{"@type":"SearchAction","target":{"@type":"EntryPoint","urlTemplate":"https:\/\/www.landwirt.com\/news\/?s={search_term_string}"},"query-input":{"@type":"PropertyValueSpecification","valueRequired":true,"valueName":"search_term_string"}}],"inLanguage":"de-AT"},{"@type":"Organization","@id":"https:\/\/www.landwirt.com\/news\/#organization","name":"LANDWIRT.COM GMBH","url":"https:\/\/www.landwirt.com\/news\/","logo":{"@type":"ImageObject","inLanguage":"de-AT","@id":"https:\/\/www.landwirt.com\/news\/#\/schema\/logo\/image\/","url":"https:\/\/www.landwirt.com\/news\/wp-content\/uploads\/2020\/02\/LW-logo.png","contentUrl":"https:\/\/www.landwirt.com\/news\/wp-content\/uploads\/2020\/02\/LW-logo.png","width":250,"height":58,"caption":"LANDWIRT.COM GMBH"},"image":{"@id":"https:\/\/www.landwirt.com\/news\/#\/schema\/logo\/image\/"}},{"@type":"Person","@id":"https:\/\/www.landwirt.com\/news\/#\/schema\/person\/58b1026d44b61c2d0c39d2d1220d43e9","name":"Edith Winter","image":{"@type":"ImageObject","inLanguage":"de-AT","@id":"https:\/\/secure.gravatar.com\/avatar\/a8a5aac669c36d589ec506dc09b6dcb6e1c7c0b8731e97f1f2dcea5e26e28095?s=96&d=mm&r=g","url":"https:\/\/secure.gravatar.com\/avatar\/a8a5aac669c36d589ec506dc09b6dcb6e1c7c0b8731e97f1f2dcea5e26e28095?s=96&d=mm&r=g","contentUrl":"https:\/\/secure.gravatar.com\/avatar\/a8a5aac669c36d589ec506dc09b6dcb6e1c7c0b8731e97f1f2dcea5e26e28095?s=96&d=mm&r=g","caption":"Edith Winter"},"url":"https:\/\/www.landwirt.com\/news\/author\/edith\/"}]}},"_links":{"self":[{"href":"https:\/\/www.landwirt.com\/news\/wp-json\/wp\/v2\/posts\/11789","targetHints":{"allow":["GET"]}}],"collection":[{"href":"https:\/\/www.landwirt.com\/news\/wp-json\/wp\/v2\/posts"}],"about":[{"href":"https:\/\/www.landwirt.com\/news\/wp-json\/wp\/v2\/types\/post"}],"author":[{"embeddable":true,"href":"https:\/\/www.landwirt.com\/news\/wp-json\/wp\/v2\/users\/15"}],"replies":[{"embeddable":true,"href":"https:\/\/www.landwirt.com\/news\/wp-json\/wp\/v2\/comments?post=11789"}],"version-history":[{"count":2,"href":"https:\/\/www.landwirt.com\/news\/wp-json\/wp\/v2\/posts\/11789\/revisions"}],"predecessor-version":[{"id":11936,"href":"https:\/\/www.landwirt.com\/news\/wp-json\/wp\/v2\/posts\/11789\/revisions\/11936"}],"wp:featuredmedia":[{"embeddable":true,"href":"https:\/\/www.landwirt.com\/news\/wp-json\/wp\/v2\/media\/8584"}],"wp:attachment":[{"href":"https:\/\/www.landwirt.com\/news\/wp-json\/wp\/v2\/media?parent=11789"}],"wp:term":[{"taxonomy":"category","embeddable":true,"href":"https:\/\/www.landwirt.com\/news\/wp-json\/wp\/v2\/categories?post=11789"},{"taxonomy":"post_tag","embeddable":true,"href":"https:\/\/www.landwirt.com\/news\/wp-json\/wp\/v2\/tags?post=11789"}],"curies":[{"name":"wp","href":"https:\/\/api.w.org\/{rel}","templated":true}]}}