{"id":11561,"date":"2023-02-14T11:55:12","date_gmt":"2023-02-14T10:55:12","guid":{"rendered":"https:\/\/www.landwirt.com\/news\/?p=11561"},"modified":"2023-02-20T12:26:15","modified_gmt":"2023-02-20T11:26:15","slug":"steyr-traktoren-baut-marktfuehrerschaft-in-oesterreich-weiter-aus","status":"publish","type":"post","link":"https:\/\/www.landwirt.com\/news\/steyr-traktoren-baut-marktfuehrerschaft-in-oesterreich-weiter-aus\/","title":{"rendered":"STEYR\u00ae Traktoren baut Markt&shy;f\u00fchrerschaft in \u00d6sterreich weiter aus"},"content":{"rendered":"\n<hr class=\"wp-block-separator\"\/>\n\n\n\n<p style=\"font-size:1.1em\"><strong>Auch 2022 vertrauen die \u00f6sterreichischen Landwirte auf moderne Technologie aus St. Valentin \/ 10.000 Traktoren liefen im Jahr 2022 vom Band<\/strong><\/p>\n\n\n\n<div class=\"wp-block-columns is-layout-flex wp-container-core-columns-is-layout-9d6595d7 wp-block-columns-is-layout-flex\">\n<div class=\"wp-block-column is-layout-flow wp-block-column-is-layout-flow\">\n<p>Obwohl im Gesamtmarkt weniger Traktoren zugelassen wurden, konnte STEYR\u00ae Traktoren seine Position als Marktf\u00fchrer mit einem Anteil von 19 Prozent weiter ausbauen und bleibt die Nr. 1 bei den Standardtraktoren in \u00d6sterreich. Qualit\u00e4t, Wertbest\u00e4ndigkeit, Wirtschaftlichkeit, \u00f6sterreichisches Ingenieurs-Know-how und ausgezeichnete Vertriebspartner \u2013 diese Argumente waren auch 2022 f\u00fcr die Kundinnen und Kunden ausschlaggebend.<\/p>\n\n\n\n<h3 class=\"wp-block-heading\">Effiziente Produktion, hochwertige Produkte.<\/h3>\n\n\n\n<p>\u201eDie Produktion in \u00d6sterreich, motivierte Partnerh\u00e4ndler auf regionaler Ebene und die Erfahrung eines weltweit f\u00fchrenden Konzerns garantieren modernste und effizienteste Technologie und bestes Service.\u201c, erkl\u00e4rt Gunnar Hauser, Business Director \u00d6sterreich.<\/p>\n<\/div>\n\n\n\n<div class=\"wp-block-column is-layout-flow wp-block-column-is-layout-flow\">\n<figure class=\"wp-block-image size-large\"><a href=\"https:\/\/www.landwirt.com\/news\/wp-content\/uploads\/2023\/02\/STEYR_GunnarHauser_Pressefoto_01-scaled.jpg\"><img loading=\"lazy\" decoding=\"async\" width=\"1030\" height=\"687\" src=\"https:\/\/www.landwirt.com\/news\/wp-content\/uploads\/2023\/02\/STEYR_GunnarHauser_Pressefoto_01-1030x687.jpg\" alt=\"\" class=\"wp-image-11563\" srcset=\"https:\/\/www.landwirt.com\/news\/wp-content\/uploads\/2023\/02\/STEYR_GunnarHauser_Pressefoto_01-1030x687.jpg 1030w, https:\/\/www.landwirt.com\/news\/wp-content\/uploads\/2023\/02\/STEYR_GunnarHauser_Pressefoto_01-300x200.jpg 300w, https:\/\/www.landwirt.com\/news\/wp-content\/uploads\/2023\/02\/STEYR_GunnarHauser_Pressefoto_01-768x512.jpg 768w, https:\/\/www.landwirt.com\/news\/wp-content\/uploads\/2023\/02\/STEYR_GunnarHauser_Pressefoto_01-1536x1024.jpg 1536w, https:\/\/www.landwirt.com\/news\/wp-content\/uploads\/2023\/02\/STEYR_GunnarHauser_Pressefoto_01-2048x1365.jpg 2048w, https:\/\/www.landwirt.com\/news\/wp-content\/uploads\/2023\/02\/STEYR_GunnarHauser_Pressefoto_01-1500x1000.jpg 1500w, https:\/\/www.landwirt.com\/news\/wp-content\/uploads\/2023\/02\/STEYR_GunnarHauser_Pressefoto_01-705x470.jpg 705w\" sizes=\"auto, (max-width: 1030px) 100vw, 1030px\" \/><\/a><\/figure>\n<\/div>\n<\/div>\n\n\n\n<p>Die 831 Mitarbeiter des Produktionsstandorts in St. Valentin feierten mit dem 10.000sten Traktor den Meilenstein der Produktion des Jahres 2022. Der 10.000ste Traktor war ein 6300 Terrus CVT mit 300 PS Nennleistung, der gr\u00f6\u00dfte der STEYR-Produktpalette. Das Werk in St. Valentin stellt Traktoren mit einer Leistung von 100-300 PS her, die aus 14.500 Teilen von \u00fcber 420 Zulieferern aus aller Welt gefertigt werden. Die Herstellung eines Traktors dauert etwa 40 Stunden, wobei alle zehn Minuten ein Traktor das Band verl\u00e4sst. Mit 6.400 verschiedenen Spezifikationen gleicht kaum ein Traktor dem anderen.<\/p>\n\n\n\n<div style=\"height:50px\" aria-hidden=\"true\" class=\"wp-block-spacer\"><\/div>\n","protected":false},"excerpt":{"rendered":"<p>Auch 2022 vertrauen die \u00f6sterreichischen Landwirte auf moderne Technologie aus St. Valentin \/ 10.000 Traktoren liefen im Jahr 2022 vom Band<\/p>\n","protected":false},"author":15,"featured_media":11457,"comment_status":"closed","ping_status":"closed","sticky":false,"template":"","format":"standard","meta":{"footnotes":""},"categories":[15,1],"tags":[60,367],"class_list":["post-11561","post","type-post","status-publish","format-standard","has-post-thumbnail","hentry","category-landwirt","category-werbung","tag-steyr","tag-steyrtraktoren"],"yoast_head":"<!-- This site is optimized with the Yoast SEO plugin v27.4 - https:\/\/yoast.com\/product\/yoast-seo-wordpress\/ -->\n<title>STEYR\u00ae Traktoren baut Markt&shy;f\u00fchrerschaft in \u00d6sterreich weiter aus - Landwirt.com News<\/title>\n<meta name=\"description\" content=\"Auch 2022 vertrauen die \u00f6sterreichischen Landwirte auf moderne Technologie aus St. Valentin \/ 10.000 Traktoren liefen im Jahr 2022 vom Band\" \/>\n<meta name=\"robots\" content=\"index, follow, max-snippet:-1, max-image-preview:large, max-video-preview:-1\" \/>\n<meta property=\"og:locale\" content=\"de_DE\" \/>\n<meta property=\"og:type\" content=\"article\" \/>\n<meta property=\"og:title\" content=\"STEYR\u00ae Traktoren baut Markt&shy;f\u00fchrerschaft in \u00d6sterreich weiter aus - Landwirt.com News\" \/>\n<meta property=\"og:description\" content=\"Auch 2022 vertrauen die \u00f6sterreichischen Landwirte auf moderne Technologie aus St. Valentin \/ 10.000 Traktoren liefen im Jahr 2022 vom Band\" \/>\n<meta property=\"og:url\" content=\"https:\/\/www.landwirt.com\/news\/steyr-traktoren-baut-marktfuehrerschaft-in-oesterreich-weiter-aus\/\" \/>\n<meta property=\"og:site_name\" content=\"Landwirt.com News\" \/>\n<meta property=\"article:published_time\" content=\"2023-02-14T10:55:12+00:00\" \/>\n<meta property=\"article:modified_time\" content=\"2023-02-20T11:26:15+00:00\" \/>\n<meta property=\"og:image\" content=\"https:\/\/www.landwirt.com\/news\/wp-content\/uploads\/2023\/01\/1_v.l.n.r.-Christian-Huber-US-Arbeitsminister-Walsh-Botschafterin-Kennedy-mit-Lehrlingen-1030x687.jpg\" \/>\n\t<meta property=\"og:image:width\" content=\"1030\" \/>\n\t<meta property=\"og:image:height\" content=\"687\" \/>\n\t<meta property=\"og:image:type\" content=\"image\/jpeg\" \/>\n<meta name=\"author\" content=\"Edith Winter\" \/>\n<meta name=\"twitter:card\" content=\"summary_large_image\" \/>\n<meta name=\"twitter:title\" content=\"STEYR\u00ae Traktoren baut Markt&shy;f\u00fchrerschaft in \u00d6sterreich weiter aus - Landwirt.com News\" \/>\n<meta name=\"twitter:description\" content=\"Auch 2022 vertrauen die \u00f6sterreichischen Landwirte auf moderne Technologie aus St. Valentin \/ 10.000 Traktoren liefen im Jahr 2022 vom Band\" \/>\n<meta name=\"twitter:label1\" content=\"Verfasst von\" \/>\n\t<meta name=\"twitter:data1\" content=\"Edith Winter\" \/>\n\t<meta name=\"twitter:label2\" content=\"Gesch\u00e4tzte Lesezeit\" \/>\n\t<meta name=\"twitter:data2\" content=\"2 Minuten\" \/>\n<script type=\"application\/ld+json\" class=\"yoast-schema-graph\">{\"@context\":\"https:\\\/\\\/schema.org\",\"@graph\":[{\"@type\":\"Article\",\"@id\":\"https:\\\/\\\/www.landwirt.com\\\/news\\\/steyr-traktoren-baut-marktfuehrerschaft-in-oesterreich-weiter-aus\\\/#article\",\"isPartOf\":{\"@id\":\"https:\\\/\\\/www.landwirt.com\\\/news\\\/steyr-traktoren-baut-marktfuehrerschaft-in-oesterreich-weiter-aus\\\/\"},\"author\":{\"name\":\"Edith Winter\",\"@id\":\"https:\\\/\\\/www.landwirt.com\\\/news\\\/#\\\/schema\\\/person\\\/58b1026d44b61c2d0c39d2d1220d43e9\"},\"headline\":\"STEYR\u00ae Traktoren baut Markt&shy;f\u00fchrerschaft in \u00d6sterreich weiter aus\",\"datePublished\":\"2023-02-14T10:55:12+00:00\",\"dateModified\":\"2023-02-20T11:26:15+00:00\",\"mainEntityOfPage\":{\"@id\":\"https:\\\/\\\/www.landwirt.com\\\/news\\\/steyr-traktoren-baut-marktfuehrerschaft-in-oesterreich-weiter-aus\\\/\"},\"wordCount\":201,\"publisher\":{\"@id\":\"https:\\\/\\\/www.landwirt.com\\\/news\\\/#organization\"},\"image\":{\"@id\":\"https:\\\/\\\/www.landwirt.com\\\/news\\\/steyr-traktoren-baut-marktfuehrerschaft-in-oesterreich-weiter-aus\\\/#primaryimage\"},\"thumbnailUrl\":\"https:\\\/\\\/www.landwirt.com\\\/news\\\/wp-content\\\/uploads\\\/2023\\\/01\\\/1_v.l.n.r.-Christian-Huber-US-Arbeitsminister-Walsh-Botschafterin-Kennedy-mit-Lehrlingen-scaled.jpg\",\"keywords\":[\"Steyr\",\"Steyrtraktoren\"],\"articleSection\":[\"Landwirt\",\"Werbung\"],\"inLanguage\":\"de-AT\"},{\"@type\":\"WebPage\",\"@id\":\"https:\\\/\\\/www.landwirt.com\\\/news\\\/steyr-traktoren-baut-marktfuehrerschaft-in-oesterreich-weiter-aus\\\/\",\"url\":\"https:\\\/\\\/www.landwirt.com\\\/news\\\/steyr-traktoren-baut-marktfuehrerschaft-in-oesterreich-weiter-aus\\\/\",\"name\":\"STEYR\u00ae Traktoren baut Markt&shy;f\u00fchrerschaft in \u00d6sterreich weiter aus - Landwirt.com News\",\"isPartOf\":{\"@id\":\"https:\\\/\\\/www.landwirt.com\\\/news\\\/#website\"},\"primaryImageOfPage\":{\"@id\":\"https:\\\/\\\/www.landwirt.com\\\/news\\\/steyr-traktoren-baut-marktfuehrerschaft-in-oesterreich-weiter-aus\\\/#primaryimage\"},\"image\":{\"@id\":\"https:\\\/\\\/www.landwirt.com\\\/news\\\/steyr-traktoren-baut-marktfuehrerschaft-in-oesterreich-weiter-aus\\\/#primaryimage\"},\"thumbnailUrl\":\"https:\\\/\\\/www.landwirt.com\\\/news\\\/wp-content\\\/uploads\\\/2023\\\/01\\\/1_v.l.n.r.-Christian-Huber-US-Arbeitsminister-Walsh-Botschafterin-Kennedy-mit-Lehrlingen-scaled.jpg\",\"datePublished\":\"2023-02-14T10:55:12+00:00\",\"dateModified\":\"2023-02-20T11:26:15+00:00\",\"description\":\"Auch 2022 vertrauen die \u00f6sterreichischen Landwirte auf moderne Technologie aus St. Valentin \\\/ 10.000 Traktoren liefen im Jahr 2022 vom Band\",\"breadcrumb\":{\"@id\":\"https:\\\/\\\/www.landwirt.com\\\/news\\\/steyr-traktoren-baut-marktfuehrerschaft-in-oesterreich-weiter-aus\\\/#breadcrumb\"},\"inLanguage\":\"de-AT\",\"potentialAction\":[{\"@type\":\"ReadAction\",\"target\":[\"https:\\\/\\\/www.landwirt.com\\\/news\\\/steyr-traktoren-baut-marktfuehrerschaft-in-oesterreich-weiter-aus\\\/\"]}]},{\"@type\":\"ImageObject\",\"inLanguage\":\"de-AT\",\"@id\":\"https:\\\/\\\/www.landwirt.com\\\/news\\\/steyr-traktoren-baut-marktfuehrerschaft-in-oesterreich-weiter-aus\\\/#primaryimage\",\"url\":\"https:\\\/\\\/www.landwirt.com\\\/news\\\/wp-content\\\/uploads\\\/2023\\\/01\\\/1_v.l.n.r.-Christian-Huber-US-Arbeitsminister-Walsh-Botschafterin-Kennedy-mit-Lehrlingen-scaled.jpg\",\"contentUrl\":\"https:\\\/\\\/www.landwirt.com\\\/news\\\/wp-content\\\/uploads\\\/2023\\\/01\\\/1_v.l.n.r.-Christian-Huber-US-Arbeitsminister-Walsh-Botschafterin-Kennedy-mit-Lehrlingen-scaled.jpg\",\"width\":2560,\"height\":1707},{\"@type\":\"BreadcrumbList\",\"@id\":\"https:\\\/\\\/www.landwirt.com\\\/news\\\/steyr-traktoren-baut-marktfuehrerschaft-in-oesterreich-weiter-aus\\\/#breadcrumb\",\"itemListElement\":[{\"@type\":\"ListItem\",\"position\":1,\"name\":\"Home\",\"item\":\"https:\\\/\\\/www.landwirt.com\\\/news\\\/home\\\/\"},{\"@type\":\"ListItem\",\"position\":2,\"name\":\"STEYR\u00ae Traktoren baut Markt&shy;f\u00fchrerschaft in \u00d6sterreich weiter aus\"}]},{\"@type\":\"WebSite\",\"@id\":\"https:\\\/\\\/www.landwirt.com\\\/news\\\/#website\",\"url\":\"https:\\\/\\\/www.landwirt.com\\\/news\\\/\",\"name\":\"Landwirt.com News\",\"description\":\"Landwirt.com News\",\"publisher\":{\"@id\":\"https:\\\/\\\/www.landwirt.com\\\/news\\\/#organization\"},\"potentialAction\":[{\"@type\":\"SearchAction\",\"target\":{\"@type\":\"EntryPoint\",\"urlTemplate\":\"https:\\\/\\\/www.landwirt.com\\\/news\\\/?s={search_term_string}\"},\"query-input\":{\"@type\":\"PropertyValueSpecification\",\"valueRequired\":true,\"valueName\":\"search_term_string\"}}],\"inLanguage\":\"de-AT\"},{\"@type\":\"Organization\",\"@id\":\"https:\\\/\\\/www.landwirt.com\\\/news\\\/#organization\",\"name\":\"LANDWIRT.COM GMBH\",\"url\":\"https:\\\/\\\/www.landwirt.com\\\/news\\\/\",\"logo\":{\"@type\":\"ImageObject\",\"inLanguage\":\"de-AT\",\"@id\":\"https:\\\/\\\/www.landwirt.com\\\/news\\\/#\\\/schema\\\/logo\\\/image\\\/\",\"url\":\"https:\\\/\\\/www.landwirt.com\\\/news\\\/wp-content\\\/uploads\\\/2020\\\/02\\\/LW-logo.png\",\"contentUrl\":\"https:\\\/\\\/www.landwirt.com\\\/news\\\/wp-content\\\/uploads\\\/2020\\\/02\\\/LW-logo.png\",\"width\":250,\"height\":58,\"caption\":\"LANDWIRT.COM GMBH\"},\"image\":{\"@id\":\"https:\\\/\\\/www.landwirt.com\\\/news\\\/#\\\/schema\\\/logo\\\/image\\\/\"}},{\"@type\":\"Person\",\"@id\":\"https:\\\/\\\/www.landwirt.com\\\/news\\\/#\\\/schema\\\/person\\\/58b1026d44b61c2d0c39d2d1220d43e9\",\"name\":\"Edith Winter\",\"image\":{\"@type\":\"ImageObject\",\"inLanguage\":\"de-AT\",\"@id\":\"https:\\\/\\\/secure.gravatar.com\\\/avatar\\\/a8a5aac669c36d589ec506dc09b6dcb6e1c7c0b8731e97f1f2dcea5e26e28095?s=96&d=mm&r=g\",\"url\":\"https:\\\/\\\/secure.gravatar.com\\\/avatar\\\/a8a5aac669c36d589ec506dc09b6dcb6e1c7c0b8731e97f1f2dcea5e26e28095?s=96&d=mm&r=g\",\"contentUrl\":\"https:\\\/\\\/secure.gravatar.com\\\/avatar\\\/a8a5aac669c36d589ec506dc09b6dcb6e1c7c0b8731e97f1f2dcea5e26e28095?s=96&d=mm&r=g\",\"caption\":\"Edith Winter\"},\"url\":\"https:\\\/\\\/www.landwirt.com\\\/news\\\/author\\\/edith\\\/\"}]}<\/script>\n<!-- \/ Yoast SEO plugin. -->","yoast_head_json":{"title":"STEYR\u00ae Traktoren baut Markt&shy;f\u00fchrerschaft in \u00d6sterreich weiter aus - Landwirt.com News","description":"Auch 2022 vertrauen die \u00f6sterreichischen Landwirte auf moderne Technologie aus St. Valentin \/ 10.000 Traktoren liefen im Jahr 2022 vom Band","robots":{"index":"index","follow":"follow","max-snippet":"max-snippet:-1","max-image-preview":"max-image-preview:large","max-video-preview":"max-video-preview:-1"},"og_locale":"de_DE","og_type":"article","og_title":"STEYR\u00ae Traktoren baut Markt&shy;f\u00fchrerschaft in \u00d6sterreich weiter aus - Landwirt.com News","og_description":"Auch 2022 vertrauen die \u00f6sterreichischen Landwirte auf moderne Technologie aus St. Valentin \/ 10.000 Traktoren liefen im Jahr 2022 vom Band","og_url":"https:\/\/www.landwirt.com\/news\/steyr-traktoren-baut-marktfuehrerschaft-in-oesterreich-weiter-aus\/","og_site_name":"Landwirt.com News","article_published_time":"2023-02-14T10:55:12+00:00","article_modified_time":"2023-02-20T11:26:15+00:00","og_image":[{"width":1030,"height":687,"url":"https:\/\/www.landwirt.com\/news\/wp-content\/uploads\/2023\/01\/1_v.l.n.r.-Christian-Huber-US-Arbeitsminister-Walsh-Botschafterin-Kennedy-mit-Lehrlingen-1030x687.jpg","type":"image\/jpeg"}],"author":"Edith Winter","twitter_card":"summary_large_image","twitter_title":"STEYR\u00ae Traktoren baut Markt&shy;f\u00fchrerschaft in \u00d6sterreich weiter aus - Landwirt.com News","twitter_description":"Auch 2022 vertrauen die \u00f6sterreichischen Landwirte auf moderne Technologie aus St. Valentin \/ 10.000 Traktoren liefen im Jahr 2022 vom Band","twitter_misc":{"Verfasst von":"Edith Winter","Gesch\u00e4tzte Lesezeit":"2 Minuten"},"schema":{"@context":"https:\/\/schema.org","@graph":[{"@type":"Article","@id":"https:\/\/www.landwirt.com\/news\/steyr-traktoren-baut-marktfuehrerschaft-in-oesterreich-weiter-aus\/#article","isPartOf":{"@id":"https:\/\/www.landwirt.com\/news\/steyr-traktoren-baut-marktfuehrerschaft-in-oesterreich-weiter-aus\/"},"author":{"name":"Edith Winter","@id":"https:\/\/www.landwirt.com\/news\/#\/schema\/person\/58b1026d44b61c2d0c39d2d1220d43e9"},"headline":"STEYR\u00ae Traktoren baut Markt&shy;f\u00fchrerschaft in \u00d6sterreich weiter aus","datePublished":"2023-02-14T10:55:12+00:00","dateModified":"2023-02-20T11:26:15+00:00","mainEntityOfPage":{"@id":"https:\/\/www.landwirt.com\/news\/steyr-traktoren-baut-marktfuehrerschaft-in-oesterreich-weiter-aus\/"},"wordCount":201,"publisher":{"@id":"https:\/\/www.landwirt.com\/news\/#organization"},"image":{"@id":"https:\/\/www.landwirt.com\/news\/steyr-traktoren-baut-marktfuehrerschaft-in-oesterreich-weiter-aus\/#primaryimage"},"thumbnailUrl":"https:\/\/www.landwirt.com\/news\/wp-content\/uploads\/2023\/01\/1_v.l.n.r.-Christian-Huber-US-Arbeitsminister-Walsh-Botschafterin-Kennedy-mit-Lehrlingen-scaled.jpg","keywords":["Steyr","Steyrtraktoren"],"articleSection":["Landwirt","Werbung"],"inLanguage":"de-AT"},{"@type":"WebPage","@id":"https:\/\/www.landwirt.com\/news\/steyr-traktoren-baut-marktfuehrerschaft-in-oesterreich-weiter-aus\/","url":"https:\/\/www.landwirt.com\/news\/steyr-traktoren-baut-marktfuehrerschaft-in-oesterreich-weiter-aus\/","name":"STEYR\u00ae Traktoren baut Markt&shy;f\u00fchrerschaft in \u00d6sterreich weiter aus - Landwirt.com News","isPartOf":{"@id":"https:\/\/www.landwirt.com\/news\/#website"},"primaryImageOfPage":{"@id":"https:\/\/www.landwirt.com\/news\/steyr-traktoren-baut-marktfuehrerschaft-in-oesterreich-weiter-aus\/#primaryimage"},"image":{"@id":"https:\/\/www.landwirt.com\/news\/steyr-traktoren-baut-marktfuehrerschaft-in-oesterreich-weiter-aus\/#primaryimage"},"thumbnailUrl":"https:\/\/www.landwirt.com\/news\/wp-content\/uploads\/2023\/01\/1_v.l.n.r.-Christian-Huber-US-Arbeitsminister-Walsh-Botschafterin-Kennedy-mit-Lehrlingen-scaled.jpg","datePublished":"2023-02-14T10:55:12+00:00","dateModified":"2023-02-20T11:26:15+00:00","description":"Auch 2022 vertrauen die \u00f6sterreichischen Landwirte auf moderne Technologie aus St. Valentin \/ 10.000 Traktoren liefen im Jahr 2022 vom Band","breadcrumb":{"@id":"https:\/\/www.landwirt.com\/news\/steyr-traktoren-baut-marktfuehrerschaft-in-oesterreich-weiter-aus\/#breadcrumb"},"inLanguage":"de-AT","potentialAction":[{"@type":"ReadAction","target":["https:\/\/www.landwirt.com\/news\/steyr-traktoren-baut-marktfuehrerschaft-in-oesterreich-weiter-aus\/"]}]},{"@type":"ImageObject","inLanguage":"de-AT","@id":"https:\/\/www.landwirt.com\/news\/steyr-traktoren-baut-marktfuehrerschaft-in-oesterreich-weiter-aus\/#primaryimage","url":"https:\/\/www.landwirt.com\/news\/wp-content\/uploads\/2023\/01\/1_v.l.n.r.-Christian-Huber-US-Arbeitsminister-Walsh-Botschafterin-Kennedy-mit-Lehrlingen-scaled.jpg","contentUrl":"https:\/\/www.landwirt.com\/news\/wp-content\/uploads\/2023\/01\/1_v.l.n.r.-Christian-Huber-US-Arbeitsminister-Walsh-Botschafterin-Kennedy-mit-Lehrlingen-scaled.jpg","width":2560,"height":1707},{"@type":"BreadcrumbList","@id":"https:\/\/www.landwirt.com\/news\/steyr-traktoren-baut-marktfuehrerschaft-in-oesterreich-weiter-aus\/#breadcrumb","itemListElement":[{"@type":"ListItem","position":1,"name":"Home","item":"https:\/\/www.landwirt.com\/news\/home\/"},{"@type":"ListItem","position":2,"name":"STEYR\u00ae Traktoren baut Markt&shy;f\u00fchrerschaft in \u00d6sterreich weiter aus"}]},{"@type":"WebSite","@id":"https:\/\/www.landwirt.com\/news\/#website","url":"https:\/\/www.landwirt.com\/news\/","name":"Landwirt.com News","description":"Landwirt.com News","publisher":{"@id":"https:\/\/www.landwirt.com\/news\/#organization"},"potentialAction":[{"@type":"SearchAction","target":{"@type":"EntryPoint","urlTemplate":"https:\/\/www.landwirt.com\/news\/?s={search_term_string}"},"query-input":{"@type":"PropertyValueSpecification","valueRequired":true,"valueName":"search_term_string"}}],"inLanguage":"de-AT"},{"@type":"Organization","@id":"https:\/\/www.landwirt.com\/news\/#organization","name":"LANDWIRT.COM GMBH","url":"https:\/\/www.landwirt.com\/news\/","logo":{"@type":"ImageObject","inLanguage":"de-AT","@id":"https:\/\/www.landwirt.com\/news\/#\/schema\/logo\/image\/","url":"https:\/\/www.landwirt.com\/news\/wp-content\/uploads\/2020\/02\/LW-logo.png","contentUrl":"https:\/\/www.landwirt.com\/news\/wp-content\/uploads\/2020\/02\/LW-logo.png","width":250,"height":58,"caption":"LANDWIRT.COM GMBH"},"image":{"@id":"https:\/\/www.landwirt.com\/news\/#\/schema\/logo\/image\/"}},{"@type":"Person","@id":"https:\/\/www.landwirt.com\/news\/#\/schema\/person\/58b1026d44b61c2d0c39d2d1220d43e9","name":"Edith Winter","image":{"@type":"ImageObject","inLanguage":"de-AT","@id":"https:\/\/secure.gravatar.com\/avatar\/a8a5aac669c36d589ec506dc09b6dcb6e1c7c0b8731e97f1f2dcea5e26e28095?s=96&d=mm&r=g","url":"https:\/\/secure.gravatar.com\/avatar\/a8a5aac669c36d589ec506dc09b6dcb6e1c7c0b8731e97f1f2dcea5e26e28095?s=96&d=mm&r=g","contentUrl":"https:\/\/secure.gravatar.com\/avatar\/a8a5aac669c36d589ec506dc09b6dcb6e1c7c0b8731e97f1f2dcea5e26e28095?s=96&d=mm&r=g","caption":"Edith Winter"},"url":"https:\/\/www.landwirt.com\/news\/author\/edith\/"}]}},"_links":{"self":[{"href":"https:\/\/www.landwirt.com\/news\/wp-json\/wp\/v2\/posts\/11561","targetHints":{"allow":["GET"]}}],"collection":[{"href":"https:\/\/www.landwirt.com\/news\/wp-json\/wp\/v2\/posts"}],"about":[{"href":"https:\/\/www.landwirt.com\/news\/wp-json\/wp\/v2\/types\/post"}],"author":[{"embeddable":true,"href":"https:\/\/www.landwirt.com\/news\/wp-json\/wp\/v2\/users\/15"}],"replies":[{"embeddable":true,"href":"https:\/\/www.landwirt.com\/news\/wp-json\/wp\/v2\/comments?post=11561"}],"version-history":[{"count":3,"href":"https:\/\/www.landwirt.com\/news\/wp-json\/wp\/v2\/posts\/11561\/revisions"}],"predecessor-version":[{"id":11565,"href":"https:\/\/www.landwirt.com\/news\/wp-json\/wp\/v2\/posts\/11561\/revisions\/11565"}],"wp:featuredmedia":[{"embeddable":true,"href":"https:\/\/www.landwirt.com\/news\/wp-json\/wp\/v2\/media\/11457"}],"wp:attachment":[{"href":"https:\/\/www.landwirt.com\/news\/wp-json\/wp\/v2\/media?parent=11561"}],"wp:term":[{"taxonomy":"category","embeddable":true,"href":"https:\/\/www.landwirt.com\/news\/wp-json\/wp\/v2\/categories?post=11561"},{"taxonomy":"post_tag","embeddable":true,"href":"https:\/\/www.landwirt.com\/news\/wp-json\/wp\/v2\/tags?post=11561"}],"curies":[{"name":"wp","href":"https:\/\/api.w.org\/{rel}","templated":true}]}}