{"id":11479,"date":"2023-01-26T11:21:43","date_gmt":"2023-01-26T10:21:43","guid":{"rendered":"https:\/\/www.landwirt.com\/news\/?p=11479"},"modified":"2023-01-26T11:21:46","modified_gmt":"2023-01-26T10:21:46","slug":"bio-austria-bauerntage-bio-hat-sich-in-der-allgemeinen-teuerung-als-krisenfest-erwiesen","status":"publish","type":"post","link":"https:\/\/www.landwirt.com\/news\/bio-austria-bauerntage-bio-hat-sich-in-der-allgemeinen-teuerung-als-krisenfest-erwiesen\/","title":{"rendered":"BIO AUSTRIA Bauerntage: Bio hat sich in der allgemeinen Teuerung als krisenfest erwiesen"},"content":{"rendered":"\n<hr class=\"wp-block-separator is-style-default\"\/>\n\n\n\n<p style=\"font-size:1.1em\"><strong>Stabiler Absatz und niedrigere Teuerung bei Bio-Lebensmitteln \u2013 \u201eVorurteil Bio werde unleistbar zu den Akten gelegt &#8211; das Gegenteil ist bewiesen\u201c<\/strong><\/p>\n\n\n\n<div class=\"wp-block-columns is-layout-flex wp-container-core-columns-is-layout-9d6595d7 wp-block-columns-is-layout-flex\">\n<div class=\"wp-block-column is-layout-flow wp-block-column-is-layout-flow\">\n<p>Unter dem Motto \u201eMit Bio aktuelle Herausforderungen meistern\u201c wurden am 24. J\u00e4nner die 19. BIO AUSTRIA Bauerntage im Bildungshaus Schloss Puchberg in Wels er\u00f6ffnet. Bis 3. Februar 2023 werden in der gr\u00f6\u00dften Bildungsveranstaltung f\u00fcr die Bio-Landwirtschaft an zehn Fachtagen 85 Vortragende aus Wissenschaft, Beratung und Praxis spannende Informationen an die TeilnehmerInnen vermitteln. \u201eBio hat sich in der schwierigen Situation der allgemeinen Teuerung als krisenfest erwiesen. Das liegt ganz ma\u00dfgeblich daran, dass die KonsumentInnen und Konsumenten in \u00d6sterreich Bioprodukten die Treue halten. Der Bio-Absatz ist daher im Wesentlichen stabil geblieben. Auch wenn die hohe Inflation wie f\u00fcr alle anderen auch f\u00fcr Bioh\u00f6fe eine Belastung darstellt, k\u00f6nnen wir daher durchaus positiv in die Zukunft sehen\u201c, sagt BIO AUSTRIA Obfrau Gertraud Grabmann am Er\u00f6ffnungstag der BIO AUSTRIA Bauerntage.<\/p>\n<\/div>\n\n\n\n<div class=\"wp-block-column is-layout-flow wp-block-column-is-layout-flow\">\n<figure class=\"wp-block-image size-large\"><img loading=\"lazy\" decoding=\"async\" width=\"1030\" height=\"687\" src=\"https:\/\/www.landwirt.com\/news\/wp-content\/uploads\/2023\/01\/bio-austria-bauerntage-1030x687.jpg\" alt=\"\" class=\"wp-image-11480\" srcset=\"https:\/\/www.landwirt.com\/news\/wp-content\/uploads\/2023\/01\/bio-austria-bauerntage-1030x687.jpg 1030w, https:\/\/www.landwirt.com\/news\/wp-content\/uploads\/2023\/01\/bio-austria-bauerntage-300x200.jpg 300w, https:\/\/www.landwirt.com\/news\/wp-content\/uploads\/2023\/01\/bio-austria-bauerntage-768x512.jpg 768w, https:\/\/www.landwirt.com\/news\/wp-content\/uploads\/2023\/01\/bio-austria-bauerntage-1536x1024.jpg 1536w, https:\/\/www.landwirt.com\/news\/wp-content\/uploads\/2023\/01\/bio-austria-bauerntage-2048x1365.jpg 2048w, https:\/\/www.landwirt.com\/news\/wp-content\/uploads\/2023\/01\/bio-austria-bauerntage-1500x1000.jpg 1500w, https:\/\/www.landwirt.com\/news\/wp-content\/uploads\/2023\/01\/bio-austria-bauerntage-705x470.jpg 705w\" sizes=\"auto, (max-width: 1030px) 100vw, 1030px\" \/><\/figure>\n<\/div>\n<\/div>\n\n\n\n<h3 class=\"wp-block-heading\">Stabiler Preis, stabiler Absatz bei Bio-Lebensmitteln<\/h3>\n\n\n\n<p>Zudem seien die Preissteigerungen bei Bio-Produkten im Supermarkt-Regal im letzten Jahr deutlich geringer ausgefallen als bei konventionellen Produkten. Zuletzt waren durchschnittliche Aufschl\u00e4ge von 3,5 Prozent bei Bio und von 7,8 Prozent bei konventionellen Lebensmitteln zu verzeichnen. \u201eDieser Faktor ist wesentlich \u2013 und h\u00e4ngt ebenso mit dem stabilen Absatz zusammen. Denn selbstverst\u00e4ndlich ist ein stabiler Preis in Zeiten der galoppierenden Inflation f\u00fcr VerbraucherInnen ein wichtiges Argument beim Einkaufen. Das lange gehegte Vorurteil, dass Bio unleistbar sei bzw. dies durch die Teuerung werde, kann man damit zu den Akten legen. Das Gegenteil ist bewiesen \u2013 und zwar mitten in einer Teuerungsphase, die uns im \u00dcbrigen zeigt, wie abh\u00e4ngig unser Wirtschafts- und Lebensmittelsystem von fossilen Rohstoffen ist\u201c, betonte Grabmann.<\/p>\n\n\n\n<h3 class=\"wp-block-heading\">Herausforderungen stellen und Ver\u00e4nderungen einleiten<\/h3>\n\n\n\n<p>Deutliche Kritik fand Grabmann f\u00fcr die Tatsache, dass die Teuerung und andere aktuelle Krisen immer wieder zum Anlass genommen w\u00fcrden, nach einer R\u00fccknahme von dringend notwendigen \u00d6kologisierungs-Bestrebungen in der Landwirtschaft zu rufen. \u201eDie Augen vor der Realit\u00e4t zu verschlie\u00dfen ist selten eine gute Wahl\u201c, befand Grabmann mit Blick auf die Klima- und Biodiversit\u00e4tskrise und forderte diesbez\u00fcglich mehr Mut ein, sich Herausforderungen zu stellen und notwendige Ver\u00e4nderungen einzuleiten.<\/p>\n\n\n\n<h3 class=\"wp-block-heading\">Lebensmittelversorgung sichern und planetare Grenzen einhalten<\/h3>\n\n\n\n<p>Im Anschluss er\u00f6ffneten unterschiedliche ReferentInnen Einblick in diverse aktuelle globale Herausforderungen, etwa im Bereich der Nahrungsmittelpreise und -versorgung. Prof. Dr. Knut Schmidtke, Direktor des FiBL Schweiz hob etwa in seinem Vortrag die Notwendigkeit hervor, Lebensmittelversorgung sicher zu stellen und gleichzeitig die planetaren Grenzen einzuhalten. Diesbez\u00fcglich stellte er die L\u00f6sungskompetenz von Bio-Landwirtschaft heraus, etwa in Form des Verzichts auf &#8211; enorm energieintensiv produzierte &#8211; Kunstd\u00fcnger und chemisch-synthetische Pestizide. Der Bio-Landbau erbringt erwiesener Ma\u00dfen wesentliche \u00f6kologische Systemleistungen, die ihn zu einem wirksamen und unverzichtbaren Instrument zur \u00d6kologisierung der Landwirtschaft und zur Bew\u00e4ltigung bestehender Herausforderungen, wie dem Klimawandel, machen.<\/p>\n\n\n\n<h3 class=\"wp-block-heading\">Preisspekulationen mit Lebensmitteln als Ursache f\u00fcr Preisexplosionen<\/h3>\n\n\n\n<p>J\u00fcrgen Maier, Gesch\u00e4ftsf\u00fchrer des Forum Umwelt &amp; Entwicklung in Berlin machte wiederum in seinem Vortrag anhand des Krieges Russlands gegen die Ukraine auf die Problematik von bestehenden Abh\u00e4ngigkeiten und Preisbildungsmechanismen und deren Konsequenzen f\u00fcr die Bev\u00f6lkerung in Entwicklungsl\u00e4ndern aufmerksam. Die exorbitanten Preissteigerungen etwa bei Weizen seien nicht in erster Linie durch Minderproduktion zustande gekommen, sondern seien vorrangig die Konsequenz von internationalen Preisspekulationen mit Getreide. Die Preisbildungsmechanismen m\u00fcssten ge\u00e4ndert werden, um regionalen Kleinb\u00e4uerinnen und -Bauern in Entwicklungsl\u00e4ndern wieder ein Auskommen zu erm\u00f6glichen.<\/p>\n\n\n\n<h3 class=\"wp-block-heading\">Mikrob\u00e4ckereien erm\u00f6glichen lokale Selbstversorgung in Afrika<\/h3>\n\n\n\n<p>Helmut Gragger, Biob\u00e4cker und Inhaber der Gragger&amp;Cie GmbH in Wien lieferte Einblicke in bestehende Sozialprojekte seines Unternehmens in Afrika. Im Rahmen einer teilweise gemeinsam mit der Austrian Development Agency und der Caritas gef\u00fchrten Initiative werden dort in mehreren L\u00e4ndern, wie etwa dem Senegal und Uganda, Mikrob\u00e4ckereien aufgebaut, die den jeweiligen Gegebenheiten angepasst sind. Zum Einsatz kommt der von Gragger entworfene und auch in \u00d6sterreich verwendete Holzofen, der in Afrika kosteng\u00fcnstig mit \u2013 selbst erzeugten &#8211; Briketts aus vor Ort vorhandenen Rohstoff-Abf\u00e4llen, wie etwa Reisschalen betrieben werden kann. Dadurch werden ma\u00dfgebliche Kosten eingespart \u2013 was gerade angesichts der massiv angestiegenen Rohstoffpreise wesentlich ist &#8211; , wodurch mehr MitarbeiterInnen als in der Region \u00fcblich eingestellt werden und somit neue Arbeitspl\u00e4tze geschaffen werden k\u00f6nnen. Die Projekte sichern so Selbstversorgung mit Brot f\u00fcr die Menschen vor Ort und f\u00f6rdern so lokale Ern\u00e4hrungssouver\u00e4nit\u00e4t.<\/p>\n","protected":false},"excerpt":{"rendered":"<p>Stabiler Absatz und niedrigere Teuerung bei Bio-Lebensmitteln \u2013 \u201eVorurteil Bio werde unleistbar zu den Akten gelegt &#8211; das Gegenteil ist bewiesen\u201c<\/p>\n","protected":false},"author":15,"featured_media":11480,"comment_status":"closed","ping_status":"closed","sticky":false,"template":"","format":"standard","meta":{"footnotes":""},"categories":[15,1],"tags":[398,399,424,425],"class_list":["post-11479","post","type-post","status-publish","format-standard","has-post-thumbnail","hentry","category-landwirt","category-werbung","tag-bio-austria","tag-bio-landwirtschaft","tag-bio-betrieb","tag-biobauer"],"yoast_head":"<!-- This site is optimized with the Yoast SEO plugin v27.4 - https:\/\/yoast.com\/product\/yoast-seo-wordpress\/ -->\n<title>BIO AUSTRIA Bauerntage: Bio hat sich in der allgemeinen Teuerung als krisenfest erwiesen - Landwirt.com News<\/title>\n<meta name=\"description\" content=\"Stabiler Absatz und niedrigere Teuerung bei Bio-Lebensmitteln \u2013 \u201eVorurteil Bio werde unleistbar zu den Akten gelegt - das Gegenteil ist bewiesen\u201c\" \/>\n<meta name=\"robots\" content=\"index, follow, max-snippet:-1, max-image-preview:large, max-video-preview:-1\" \/>\n<meta property=\"og:locale\" content=\"de_DE\" \/>\n<meta property=\"og:type\" content=\"article\" \/>\n<meta property=\"og:title\" content=\"BIO AUSTRIA Bauerntage: Bio hat sich in der allgemeinen Teuerung als krisenfest erwiesen - Landwirt.com News\" \/>\n<meta property=\"og:description\" content=\"Stabiler Absatz und niedrigere Teuerung bei Bio-Lebensmitteln \u2013 \u201eVorurteil Bio werde unleistbar zu den Akten gelegt - das Gegenteil ist bewiesen\u201c\" \/>\n<meta property=\"og:url\" content=\"https:\/\/www.landwirt.com\/news\/bio-austria-bauerntage-bio-hat-sich-in-der-allgemeinen-teuerung-als-krisenfest-erwiesen\/\" \/>\n<meta property=\"og:site_name\" content=\"Landwirt.com News\" \/>\n<meta property=\"article:published_time\" content=\"2023-01-26T10:21:43+00:00\" \/>\n<meta property=\"article:modified_time\" content=\"2023-01-26T10:21:46+00:00\" \/>\n<meta property=\"og:image\" content=\"https:\/\/www.landwirt.com\/news\/wp-content\/uploads\/2023\/01\/bio-austria-bauerntage.jpg\" \/>\n\t<meta property=\"og:image:width\" content=\"2480\" \/>\n\t<meta property=\"og:image:height\" content=\"1653\" \/>\n\t<meta property=\"og:image:type\" content=\"image\/jpeg\" \/>\n<meta name=\"author\" content=\"Edith Winter\" \/>\n<meta name=\"twitter:card\" content=\"summary_large_image\" \/>\n<meta name=\"twitter:title\" content=\"BIO AUSTRIA Bauerntage: Bio hat sich in der allgemeinen Teuerung als krisenfest erwiesen - Landwirt.com News\" \/>\n<meta name=\"twitter:description\" content=\"Stabiler Absatz und niedrigere Teuerung bei Bio-Lebensmitteln \u2013 \u201eVorurteil Bio werde unleistbar zu den Akten gelegt - das Gegenteil ist bewiesen\u201c\" \/>\n<meta name=\"twitter:label1\" content=\"Verfasst von\" \/>\n\t<meta name=\"twitter:data1\" content=\"Edith Winter\" \/>\n\t<meta name=\"twitter:label2\" content=\"Gesch\u00e4tzte Lesezeit\" \/>\n\t<meta name=\"twitter:data2\" content=\"4 Minuten\" \/>\n<script type=\"application\/ld+json\" class=\"yoast-schema-graph\">{\"@context\":\"https:\\\/\\\/schema.org\",\"@graph\":[{\"@type\":\"Article\",\"@id\":\"https:\\\/\\\/www.landwirt.com\\\/news\\\/bio-austria-bauerntage-bio-hat-sich-in-der-allgemeinen-teuerung-als-krisenfest-erwiesen\\\/#article\",\"isPartOf\":{\"@id\":\"https:\\\/\\\/www.landwirt.com\\\/news\\\/bio-austria-bauerntage-bio-hat-sich-in-der-allgemeinen-teuerung-als-krisenfest-erwiesen\\\/\"},\"author\":{\"name\":\"Edith Winter\",\"@id\":\"https:\\\/\\\/www.landwirt.com\\\/news\\\/#\\\/schema\\\/person\\\/58b1026d44b61c2d0c39d2d1220d43e9\"},\"headline\":\"BIO AUSTRIA Bauerntage: Bio hat sich in der allgemeinen Teuerung als krisenfest erwiesen\",\"datePublished\":\"2023-01-26T10:21:43+00:00\",\"dateModified\":\"2023-01-26T10:21:46+00:00\",\"mainEntityOfPage\":{\"@id\":\"https:\\\/\\\/www.landwirt.com\\\/news\\\/bio-austria-bauerntage-bio-hat-sich-in-der-allgemeinen-teuerung-als-krisenfest-erwiesen\\\/\"},\"wordCount\":735,\"publisher\":{\"@id\":\"https:\\\/\\\/www.landwirt.com\\\/news\\\/#organization\"},\"image\":{\"@id\":\"https:\\\/\\\/www.landwirt.com\\\/news\\\/bio-austria-bauerntage-bio-hat-sich-in-der-allgemeinen-teuerung-als-krisenfest-erwiesen\\\/#primaryimage\"},\"thumbnailUrl\":\"https:\\\/\\\/www.landwirt.com\\\/news\\\/wp-content\\\/uploads\\\/2023\\\/01\\\/bio-austria-bauerntage.jpg\",\"keywords\":[\"Bio Austria\",\"Bio Landwirtschaft\",\"Bio-Betrieb\",\"Biobauer\"],\"articleSection\":[\"Landwirt\",\"Werbung\"],\"inLanguage\":\"de-AT\"},{\"@type\":\"WebPage\",\"@id\":\"https:\\\/\\\/www.landwirt.com\\\/news\\\/bio-austria-bauerntage-bio-hat-sich-in-der-allgemeinen-teuerung-als-krisenfest-erwiesen\\\/\",\"url\":\"https:\\\/\\\/www.landwirt.com\\\/news\\\/bio-austria-bauerntage-bio-hat-sich-in-der-allgemeinen-teuerung-als-krisenfest-erwiesen\\\/\",\"name\":\"BIO AUSTRIA Bauerntage: Bio hat sich in der allgemeinen Teuerung als krisenfest erwiesen - Landwirt.com News\",\"isPartOf\":{\"@id\":\"https:\\\/\\\/www.landwirt.com\\\/news\\\/#website\"},\"primaryImageOfPage\":{\"@id\":\"https:\\\/\\\/www.landwirt.com\\\/news\\\/bio-austria-bauerntage-bio-hat-sich-in-der-allgemeinen-teuerung-als-krisenfest-erwiesen\\\/#primaryimage\"},\"image\":{\"@id\":\"https:\\\/\\\/www.landwirt.com\\\/news\\\/bio-austria-bauerntage-bio-hat-sich-in-der-allgemeinen-teuerung-als-krisenfest-erwiesen\\\/#primaryimage\"},\"thumbnailUrl\":\"https:\\\/\\\/www.landwirt.com\\\/news\\\/wp-content\\\/uploads\\\/2023\\\/01\\\/bio-austria-bauerntage.jpg\",\"datePublished\":\"2023-01-26T10:21:43+00:00\",\"dateModified\":\"2023-01-26T10:21:46+00:00\",\"description\":\"Stabiler Absatz und niedrigere Teuerung bei Bio-Lebensmitteln \u2013 \u201eVorurteil Bio werde unleistbar zu den Akten gelegt - das Gegenteil ist bewiesen\u201c\",\"breadcrumb\":{\"@id\":\"https:\\\/\\\/www.landwirt.com\\\/news\\\/bio-austria-bauerntage-bio-hat-sich-in-der-allgemeinen-teuerung-als-krisenfest-erwiesen\\\/#breadcrumb\"},\"inLanguage\":\"de-AT\",\"potentialAction\":[{\"@type\":\"ReadAction\",\"target\":[\"https:\\\/\\\/www.landwirt.com\\\/news\\\/bio-austria-bauerntage-bio-hat-sich-in-der-allgemeinen-teuerung-als-krisenfest-erwiesen\\\/\"]}]},{\"@type\":\"ImageObject\",\"inLanguage\":\"de-AT\",\"@id\":\"https:\\\/\\\/www.landwirt.com\\\/news\\\/bio-austria-bauerntage-bio-hat-sich-in-der-allgemeinen-teuerung-als-krisenfest-erwiesen\\\/#primaryimage\",\"url\":\"https:\\\/\\\/www.landwirt.com\\\/news\\\/wp-content\\\/uploads\\\/2023\\\/01\\\/bio-austria-bauerntage.jpg\",\"contentUrl\":\"https:\\\/\\\/www.landwirt.com\\\/news\\\/wp-content\\\/uploads\\\/2023\\\/01\\\/bio-austria-bauerntage.jpg\",\"width\":2480,\"height\":1653},{\"@type\":\"BreadcrumbList\",\"@id\":\"https:\\\/\\\/www.landwirt.com\\\/news\\\/bio-austria-bauerntage-bio-hat-sich-in-der-allgemeinen-teuerung-als-krisenfest-erwiesen\\\/#breadcrumb\",\"itemListElement\":[{\"@type\":\"ListItem\",\"position\":1,\"name\":\"Home\",\"item\":\"https:\\\/\\\/www.landwirt.com\\\/news\\\/home\\\/\"},{\"@type\":\"ListItem\",\"position\":2,\"name\":\"BIO AUSTRIA Bauerntage: Bio hat sich in der allgemeinen Teuerung als krisenfest erwiesen\"}]},{\"@type\":\"WebSite\",\"@id\":\"https:\\\/\\\/www.landwirt.com\\\/news\\\/#website\",\"url\":\"https:\\\/\\\/www.landwirt.com\\\/news\\\/\",\"name\":\"Landwirt.com News\",\"description\":\"Landwirt.com News\",\"publisher\":{\"@id\":\"https:\\\/\\\/www.landwirt.com\\\/news\\\/#organization\"},\"potentialAction\":[{\"@type\":\"SearchAction\",\"target\":{\"@type\":\"EntryPoint\",\"urlTemplate\":\"https:\\\/\\\/www.landwirt.com\\\/news\\\/?s={search_term_string}\"},\"query-input\":{\"@type\":\"PropertyValueSpecification\",\"valueRequired\":true,\"valueName\":\"search_term_string\"}}],\"inLanguage\":\"de-AT\"},{\"@type\":\"Organization\",\"@id\":\"https:\\\/\\\/www.landwirt.com\\\/news\\\/#organization\",\"name\":\"LANDWIRT.COM GMBH\",\"url\":\"https:\\\/\\\/www.landwirt.com\\\/news\\\/\",\"logo\":{\"@type\":\"ImageObject\",\"inLanguage\":\"de-AT\",\"@id\":\"https:\\\/\\\/www.landwirt.com\\\/news\\\/#\\\/schema\\\/logo\\\/image\\\/\",\"url\":\"https:\\\/\\\/www.landwirt.com\\\/news\\\/wp-content\\\/uploads\\\/2020\\\/02\\\/LW-logo.png\",\"contentUrl\":\"https:\\\/\\\/www.landwirt.com\\\/news\\\/wp-content\\\/uploads\\\/2020\\\/02\\\/LW-logo.png\",\"width\":250,\"height\":58,\"caption\":\"LANDWIRT.COM GMBH\"},\"image\":{\"@id\":\"https:\\\/\\\/www.landwirt.com\\\/news\\\/#\\\/schema\\\/logo\\\/image\\\/\"}},{\"@type\":\"Person\",\"@id\":\"https:\\\/\\\/www.landwirt.com\\\/news\\\/#\\\/schema\\\/person\\\/58b1026d44b61c2d0c39d2d1220d43e9\",\"name\":\"Edith Winter\",\"image\":{\"@type\":\"ImageObject\",\"inLanguage\":\"de-AT\",\"@id\":\"https:\\\/\\\/secure.gravatar.com\\\/avatar\\\/a8a5aac669c36d589ec506dc09b6dcb6e1c7c0b8731e97f1f2dcea5e26e28095?s=96&d=mm&r=g\",\"url\":\"https:\\\/\\\/secure.gravatar.com\\\/avatar\\\/a8a5aac669c36d589ec506dc09b6dcb6e1c7c0b8731e97f1f2dcea5e26e28095?s=96&d=mm&r=g\",\"contentUrl\":\"https:\\\/\\\/secure.gravatar.com\\\/avatar\\\/a8a5aac669c36d589ec506dc09b6dcb6e1c7c0b8731e97f1f2dcea5e26e28095?s=96&d=mm&r=g\",\"caption\":\"Edith Winter\"},\"url\":\"https:\\\/\\\/www.landwirt.com\\\/news\\\/author\\\/edith\\\/\"}]}<\/script>\n<!-- \/ Yoast SEO plugin. -->","yoast_head_json":{"title":"BIO AUSTRIA Bauerntage: Bio hat sich in der allgemeinen Teuerung als krisenfest erwiesen - Landwirt.com News","description":"Stabiler Absatz und niedrigere Teuerung bei Bio-Lebensmitteln \u2013 \u201eVorurteil Bio werde unleistbar zu den Akten gelegt - das Gegenteil ist bewiesen\u201c","robots":{"index":"index","follow":"follow","max-snippet":"max-snippet:-1","max-image-preview":"max-image-preview:large","max-video-preview":"max-video-preview:-1"},"og_locale":"de_DE","og_type":"article","og_title":"BIO AUSTRIA Bauerntage: Bio hat sich in der allgemeinen Teuerung als krisenfest erwiesen - Landwirt.com News","og_description":"Stabiler Absatz und niedrigere Teuerung bei Bio-Lebensmitteln \u2013 \u201eVorurteil Bio werde unleistbar zu den Akten gelegt - das Gegenteil ist bewiesen\u201c","og_url":"https:\/\/www.landwirt.com\/news\/bio-austria-bauerntage-bio-hat-sich-in-der-allgemeinen-teuerung-als-krisenfest-erwiesen\/","og_site_name":"Landwirt.com News","article_published_time":"2023-01-26T10:21:43+00:00","article_modified_time":"2023-01-26T10:21:46+00:00","og_image":[{"width":2480,"height":1653,"url":"https:\/\/www.landwirt.com\/news\/wp-content\/uploads\/2023\/01\/bio-austria-bauerntage.jpg","type":"image\/jpeg"}],"author":"Edith Winter","twitter_card":"summary_large_image","twitter_title":"BIO AUSTRIA Bauerntage: Bio hat sich in der allgemeinen Teuerung als krisenfest erwiesen - Landwirt.com News","twitter_description":"Stabiler Absatz und niedrigere Teuerung bei Bio-Lebensmitteln \u2013 \u201eVorurteil Bio werde unleistbar zu den Akten gelegt - das Gegenteil ist bewiesen\u201c","twitter_misc":{"Verfasst von":"Edith Winter","Gesch\u00e4tzte Lesezeit":"4 Minuten"},"schema":{"@context":"https:\/\/schema.org","@graph":[{"@type":"Article","@id":"https:\/\/www.landwirt.com\/news\/bio-austria-bauerntage-bio-hat-sich-in-der-allgemeinen-teuerung-als-krisenfest-erwiesen\/#article","isPartOf":{"@id":"https:\/\/www.landwirt.com\/news\/bio-austria-bauerntage-bio-hat-sich-in-der-allgemeinen-teuerung-als-krisenfest-erwiesen\/"},"author":{"name":"Edith Winter","@id":"https:\/\/www.landwirt.com\/news\/#\/schema\/person\/58b1026d44b61c2d0c39d2d1220d43e9"},"headline":"BIO AUSTRIA Bauerntage: Bio hat sich in der allgemeinen Teuerung als krisenfest erwiesen","datePublished":"2023-01-26T10:21:43+00:00","dateModified":"2023-01-26T10:21:46+00:00","mainEntityOfPage":{"@id":"https:\/\/www.landwirt.com\/news\/bio-austria-bauerntage-bio-hat-sich-in-der-allgemeinen-teuerung-als-krisenfest-erwiesen\/"},"wordCount":735,"publisher":{"@id":"https:\/\/www.landwirt.com\/news\/#organization"},"image":{"@id":"https:\/\/www.landwirt.com\/news\/bio-austria-bauerntage-bio-hat-sich-in-der-allgemeinen-teuerung-als-krisenfest-erwiesen\/#primaryimage"},"thumbnailUrl":"https:\/\/www.landwirt.com\/news\/wp-content\/uploads\/2023\/01\/bio-austria-bauerntage.jpg","keywords":["Bio Austria","Bio Landwirtschaft","Bio-Betrieb","Biobauer"],"articleSection":["Landwirt","Werbung"],"inLanguage":"de-AT"},{"@type":"WebPage","@id":"https:\/\/www.landwirt.com\/news\/bio-austria-bauerntage-bio-hat-sich-in-der-allgemeinen-teuerung-als-krisenfest-erwiesen\/","url":"https:\/\/www.landwirt.com\/news\/bio-austria-bauerntage-bio-hat-sich-in-der-allgemeinen-teuerung-als-krisenfest-erwiesen\/","name":"BIO AUSTRIA Bauerntage: Bio hat sich in der allgemeinen Teuerung als krisenfest erwiesen - Landwirt.com News","isPartOf":{"@id":"https:\/\/www.landwirt.com\/news\/#website"},"primaryImageOfPage":{"@id":"https:\/\/www.landwirt.com\/news\/bio-austria-bauerntage-bio-hat-sich-in-der-allgemeinen-teuerung-als-krisenfest-erwiesen\/#primaryimage"},"image":{"@id":"https:\/\/www.landwirt.com\/news\/bio-austria-bauerntage-bio-hat-sich-in-der-allgemeinen-teuerung-als-krisenfest-erwiesen\/#primaryimage"},"thumbnailUrl":"https:\/\/www.landwirt.com\/news\/wp-content\/uploads\/2023\/01\/bio-austria-bauerntage.jpg","datePublished":"2023-01-26T10:21:43+00:00","dateModified":"2023-01-26T10:21:46+00:00","description":"Stabiler Absatz und niedrigere Teuerung bei Bio-Lebensmitteln \u2013 \u201eVorurteil Bio werde unleistbar zu den Akten gelegt - das Gegenteil ist bewiesen\u201c","breadcrumb":{"@id":"https:\/\/www.landwirt.com\/news\/bio-austria-bauerntage-bio-hat-sich-in-der-allgemeinen-teuerung-als-krisenfest-erwiesen\/#breadcrumb"},"inLanguage":"de-AT","potentialAction":[{"@type":"ReadAction","target":["https:\/\/www.landwirt.com\/news\/bio-austria-bauerntage-bio-hat-sich-in-der-allgemeinen-teuerung-als-krisenfest-erwiesen\/"]}]},{"@type":"ImageObject","inLanguage":"de-AT","@id":"https:\/\/www.landwirt.com\/news\/bio-austria-bauerntage-bio-hat-sich-in-der-allgemeinen-teuerung-als-krisenfest-erwiesen\/#primaryimage","url":"https:\/\/www.landwirt.com\/news\/wp-content\/uploads\/2023\/01\/bio-austria-bauerntage.jpg","contentUrl":"https:\/\/www.landwirt.com\/news\/wp-content\/uploads\/2023\/01\/bio-austria-bauerntage.jpg","width":2480,"height":1653},{"@type":"BreadcrumbList","@id":"https:\/\/www.landwirt.com\/news\/bio-austria-bauerntage-bio-hat-sich-in-der-allgemeinen-teuerung-als-krisenfest-erwiesen\/#breadcrumb","itemListElement":[{"@type":"ListItem","position":1,"name":"Home","item":"https:\/\/www.landwirt.com\/news\/home\/"},{"@type":"ListItem","position":2,"name":"BIO AUSTRIA Bauerntage: Bio hat sich in der allgemeinen Teuerung als krisenfest erwiesen"}]},{"@type":"WebSite","@id":"https:\/\/www.landwirt.com\/news\/#website","url":"https:\/\/www.landwirt.com\/news\/","name":"Landwirt.com News","description":"Landwirt.com News","publisher":{"@id":"https:\/\/www.landwirt.com\/news\/#organization"},"potentialAction":[{"@type":"SearchAction","target":{"@type":"EntryPoint","urlTemplate":"https:\/\/www.landwirt.com\/news\/?s={search_term_string}"},"query-input":{"@type":"PropertyValueSpecification","valueRequired":true,"valueName":"search_term_string"}}],"inLanguage":"de-AT"},{"@type":"Organization","@id":"https:\/\/www.landwirt.com\/news\/#organization","name":"LANDWIRT.COM GMBH","url":"https:\/\/www.landwirt.com\/news\/","logo":{"@type":"ImageObject","inLanguage":"de-AT","@id":"https:\/\/www.landwirt.com\/news\/#\/schema\/logo\/image\/","url":"https:\/\/www.landwirt.com\/news\/wp-content\/uploads\/2020\/02\/LW-logo.png","contentUrl":"https:\/\/www.landwirt.com\/news\/wp-content\/uploads\/2020\/02\/LW-logo.png","width":250,"height":58,"caption":"LANDWIRT.COM GMBH"},"image":{"@id":"https:\/\/www.landwirt.com\/news\/#\/schema\/logo\/image\/"}},{"@type":"Person","@id":"https:\/\/www.landwirt.com\/news\/#\/schema\/person\/58b1026d44b61c2d0c39d2d1220d43e9","name":"Edith Winter","image":{"@type":"ImageObject","inLanguage":"de-AT","@id":"https:\/\/secure.gravatar.com\/avatar\/a8a5aac669c36d589ec506dc09b6dcb6e1c7c0b8731e97f1f2dcea5e26e28095?s=96&d=mm&r=g","url":"https:\/\/secure.gravatar.com\/avatar\/a8a5aac669c36d589ec506dc09b6dcb6e1c7c0b8731e97f1f2dcea5e26e28095?s=96&d=mm&r=g","contentUrl":"https:\/\/secure.gravatar.com\/avatar\/a8a5aac669c36d589ec506dc09b6dcb6e1c7c0b8731e97f1f2dcea5e26e28095?s=96&d=mm&r=g","caption":"Edith Winter"},"url":"https:\/\/www.landwirt.com\/news\/author\/edith\/"}]}},"_links":{"self":[{"href":"https:\/\/www.landwirt.com\/news\/wp-json\/wp\/v2\/posts\/11479","targetHints":{"allow":["GET"]}}],"collection":[{"href":"https:\/\/www.landwirt.com\/news\/wp-json\/wp\/v2\/posts"}],"about":[{"href":"https:\/\/www.landwirt.com\/news\/wp-json\/wp\/v2\/types\/post"}],"author":[{"embeddable":true,"href":"https:\/\/www.landwirt.com\/news\/wp-json\/wp\/v2\/users\/15"}],"replies":[{"embeddable":true,"href":"https:\/\/www.landwirt.com\/news\/wp-json\/wp\/v2\/comments?post=11479"}],"version-history":[{"count":4,"href":"https:\/\/www.landwirt.com\/news\/wp-json\/wp\/v2\/posts\/11479\/revisions"}],"predecessor-version":[{"id":11484,"href":"https:\/\/www.landwirt.com\/news\/wp-json\/wp\/v2\/posts\/11479\/revisions\/11484"}],"wp:featuredmedia":[{"embeddable":true,"href":"https:\/\/www.landwirt.com\/news\/wp-json\/wp\/v2\/media\/11480"}],"wp:attachment":[{"href":"https:\/\/www.landwirt.com\/news\/wp-json\/wp\/v2\/media?parent=11479"}],"wp:term":[{"taxonomy":"category","embeddable":true,"href":"https:\/\/www.landwirt.com\/news\/wp-json\/wp\/v2\/categories?post=11479"},{"taxonomy":"post_tag","embeddable":true,"href":"https:\/\/www.landwirt.com\/news\/wp-json\/wp\/v2\/tags?post=11479"}],"curies":[{"name":"wp","href":"https:\/\/api.w.org\/{rel}","templated":true}]}}