{"id":11390,"date":"2023-01-17T09:19:03","date_gmt":"2023-01-17T08:19:03","guid":{"rendered":"https:\/\/www.landwirt.com\/news\/?p=11390"},"modified":"2023-01-17T09:19:06","modified_gmt":"2023-01-17T08:19:06","slug":"die-groesste-landwirtschaftsfachmesse-im-alpen-adria-raum-oeffnet-ihre-tore","status":"publish","type":"post","link":"https:\/\/www.landwirt.com\/news\/die-groesste-landwirtschaftsfachmesse-im-alpen-adria-raum-oeffnet-ihre-tore\/","title":{"rendered":"Die gr\u00f6\u00dfte Landwirtschaftsfachmesse im Alpen-Adria-Raum \u00f6ffnet ihre Tore"},"content":{"rendered":"\n<hr class=\"wp-block-separator\"\/>\n\n\n\n<p style=\"font-size:1.1em\"><strong><strong>Vom 20. bis 22.01.2023 findet man in den Messehallen wieder alles f\u00fcr Landtechnik, Hof und Feld. Die Landwirtschaft 4.0 und die Direktvermarktung &amp; Veredelung wird dieses Mal einen gro\u00dfen Ausstellungsbereich einnehmen. Die Verleihung des Innovationspreises 2023 \u2013 ein Agrarpreis f\u00fcr innovative Landwirtschaft \u2013 feiert im Rahmen der Messe Premiere.<\/strong><\/strong><\/p>\n\n\n\n<div class=\"wp-block-columns is-layout-flex wp-container-core-columns-is-layout-9d6595d7 wp-block-columns-is-layout-flex\">\n<div class=\"wp-block-column is-layout-flow wp-block-column-is-layout-flow\" style=\"flex-basis:66.66%\">\n<p>Moderne Landwirtschaft blickt nach vorn: Sie setzt auf die Entwicklung nachhaltiger Verfahren. Sie arbeitet wirtschaftlich und ist sich ihrer Verantwortung f\u00fcr die Gesellschaft, die Tiere und den Naturhaushalt bewusst. Unter diesem Hintergrund findet vom 20. bis 22. J\u00e4nner 2022 am Messegel\u00e4nde Klagenfurt erneut die AGRARMESSE ALPEN-ADRIA statt. Die \u00fcber 320 Aussteller aus 4 Nationen zeigen alles, was der Landwirt von heute f\u00fcr seine t\u00e4gliche Arbeit am Hof und am Feld ben\u00f6tigt. Zu den Ausstellungsschwerpunkten geh\u00f6ren Land- und Forsttechnik, Landwirtschaft 4.0 und Direktvermarktung und Veredelung. \u201e<em>Als wichtigste landwirtschaftliche Fachmesse im Alpen-Adria-Raum m\u00f6chten wir die neuesten Technologien und Trends vorstellen.<\/em>\u201c, betonen Aufsichtsratsvorsitzender Harald Kogler und Messe-Gesch\u00e4ftsf\u00fchrer Bernhard Erler. Daneben d\u00fcrfen aber auch wichtige Interessensverb\u00e4nde, wie Agrarreferat des Landes K\u00e4rnten, die Landwirtschaftskammer K\u00e4rnten, Raiffeisen K\u00e4rnten oder Genussland K\u00e4rnten nicht fehlen. Ein Symposium unter dem Motto INNOVATIONEN; DIGITALISIERUNG &amp; DIE FARM DER ZUKUNFT \u00fcber das Thema Landwirtschaft 4.0, der Netzwerknachmittag TREFFPUNKT LANDWIRTSCHAFT und Darbietungen der landwirtschaftlichen Fachschulen auf der GENUSSLAND K\u00c4RNTEN B\u00dcHNE runden das Angebot ab und sorgen f\u00fcr informative, wie auch heitere Stunden.tag abgehalten.<\/p>\n<\/div>\n\n\n\n<div class=\"wp-block-column is-layout-flow wp-block-column-is-layout-flow\" style=\"flex-basis:33.33%\">\n<div class=\"wp-block-image\"><figure class=\"aligncenter size-large\"><img loading=\"lazy\" decoding=\"async\" width=\"1030\" height=\"1030\" src=\"https:\/\/www.landwirt.com\/news\/wp-content\/uploads\/2023\/01\/AM_1080x1080px_Facebook-Instagram-1030x1030.jpg\" alt=\"\" class=\"wp-image-11391\" srcset=\"https:\/\/www.landwirt.com\/news\/wp-content\/uploads\/2023\/01\/AM_1080x1080px_Facebook-Instagram-1030x1030.jpg 1030w, https:\/\/www.landwirt.com\/news\/wp-content\/uploads\/2023\/01\/AM_1080x1080px_Facebook-Instagram-300x300.jpg 300w, https:\/\/www.landwirt.com\/news\/wp-content\/uploads\/2023\/01\/AM_1080x1080px_Facebook-Instagram-80x80.jpg 80w, https:\/\/www.landwirt.com\/news\/wp-content\/uploads\/2023\/01\/AM_1080x1080px_Facebook-Instagram-768x768.jpg 768w, https:\/\/www.landwirt.com\/news\/wp-content\/uploads\/2023\/01\/AM_1080x1080px_Facebook-Instagram-36x36.jpg 36w, https:\/\/www.landwirt.com\/news\/wp-content\/uploads\/2023\/01\/AM_1080x1080px_Facebook-Instagram-180x180.jpg 180w, https:\/\/www.landwirt.com\/news\/wp-content\/uploads\/2023\/01\/AM_1080x1080px_Facebook-Instagram-705x705.jpg 705w, https:\/\/www.landwirt.com\/news\/wp-content\/uploads\/2023\/01\/AM_1080x1080px_Facebook-Instagram.jpg 1080w\" sizes=\"auto, (max-width: 1030px) 100vw, 1030px\" \/><\/figure><\/div>\n<\/div>\n<\/div>\n\n\n\n<div class=\"wp-block-columns is-layout-flex wp-container-core-columns-is-layout-9d6595d7 wp-block-columns-is-layout-flex\">\n<div class=\"wp-block-column is-layout-flow wp-block-column-is-layout-flow\">\n<h3 class=\"wp-block-heading\">Allgemeine Daten und Fakten zur Agrarmesse Klagenfurt 2023<\/h3>\n\n\n\n<ul class=\"wp-block-list\"><li>Freitag, 20. bis Sonntag, 22. J\u00e4nner 2023<\/li><li>09:00 bis 17:00 Uhr<\/li><li>9,00 Euro Tageskarte \/ Tageskassa oder verg\u00fcnstigtes Onlineticket m\u00f6glich<\/li><li><a href=\"https:\/\/www.kaerntnermessen.at\/veranstaltungen\/agrarmesse\/\" target=\"_blank\" rel=\"noreferrer noopener sponsored nofollow\">www.kaerntnermessen.at\/veranstaltungen\/agrarmesse\/<\/a><\/li><li><a href=\"https:\/\/www.facebook.com\/kaerntnermessen\" target=\"_blank\" rel=\"noreferrer noopener sponsored nofollow\">www.facebook.com\/kaerntnermessen<\/a><\/li><\/ul>\n<\/div>\n\n\n\n<div class=\"wp-block-column is-layout-flow wp-block-column-is-layout-flow\">\n<h3 class=\"wp-block-heading\">Presser\u00fcckfragen &amp; Fragen von interessierten Betrieben und Firmen<\/h3>\n\n\n\n<p>Mag. Katrin Timmerer-Maier<\/p>\n\n\n\n<p><strong>Telefon:<\/strong> <a href=\"tel:+434635680071\">+43(0)463\/56800-71<\/a><\/p>\n\n\n\n<p><strong>E-Mail:<\/strong> <a href=\"mailto:timmerer-maier@kaerntnermessen.at\">timmerer-maier@kaerntnermessen.at<\/a><\/p>\n<\/div>\n<\/div>\n","protected":false},"excerpt":{"rendered":"<p>Vom 20. bis 22.01.2023 findet man in den Messehallen wieder alles f\u00fcr Landtechnik, Hof und Feld. <\/p>\n","protected":false},"author":15,"featured_media":11391,"comment_status":"closed","ping_status":"closed","sticky":false,"template":"","format":"standard","meta":{"footnotes":""},"categories":[15,1],"tags":[427,426,378,428],"class_list":["post-11390","post","type-post","status-publish","format-standard","has-post-thumbnail","hentry","category-landwirt","category-werbung","tag-agrarmesse","tag-alpen-adria","tag-messe","tag-messe-kaernten"],"yoast_head":"<!-- This site is optimized with the Yoast SEO plugin v27.5 - https:\/\/yoast.com\/product\/yoast-seo-wordpress\/ -->\n<title>Die gr\u00f6\u00dfte Landwirtschaftsfachmesse im Alpen-Adria-Raum \u00f6ffnet ihre Tore - Landwirt.com News<\/title>\n<meta name=\"description\" content=\"Vom 20. bis 22.01.2023 findet man in den Messehallen wieder alles f\u00fcr Landtechnik, Hof und Feld.\" \/>\n<meta name=\"robots\" content=\"index, follow, max-snippet:-1, max-image-preview:large, max-video-preview:-1\" \/>\n<meta property=\"og:locale\" content=\"de_DE\" \/>\n<meta property=\"og:type\" content=\"article\" \/>\n<meta property=\"og:title\" content=\"Die gr\u00f6\u00dfte Landwirtschaftsfachmesse im Alpen-Adria-Raum \u00f6ffnet ihre Tore - Landwirt.com News\" \/>\n<meta property=\"og:description\" content=\"Vom 20. bis 22.01.2023 findet man in den Messehallen wieder alles f\u00fcr Landtechnik, Hof und Feld.\" \/>\n<meta property=\"og:url\" content=\"https:\/\/www.landwirt.com\/news\/die-groesste-landwirtschaftsfachmesse-im-alpen-adria-raum-oeffnet-ihre-tore\/\" \/>\n<meta property=\"og:site_name\" content=\"Landwirt.com News\" \/>\n<meta property=\"article:published_time\" content=\"2023-01-17T08:19:03+00:00\" \/>\n<meta property=\"article:modified_time\" content=\"2023-01-17T08:19:06+00:00\" \/>\n<meta property=\"og:image\" content=\"https:\/\/www.landwirt.com\/news\/wp-content\/uploads\/2023\/01\/AM_1080x1080px_Facebook-Instagram.jpg\" \/>\n\t<meta property=\"og:image:width\" content=\"1080\" \/>\n\t<meta property=\"og:image:height\" content=\"1080\" \/>\n\t<meta property=\"og:image:type\" content=\"image\/jpeg\" \/>\n<meta name=\"author\" content=\"Edith Winter\" \/>\n<meta name=\"twitter:card\" content=\"summary_large_image\" \/>\n<meta name=\"twitter:title\" content=\"Die gr\u00f6\u00dfte Landwirtschaftsfachmesse im Alpen-Adria-Raum \u00f6ffnet ihre Tore - Landwirt.com News\" \/>\n<meta name=\"twitter:description\" content=\"Vom 20. bis 22.01.2023 findet man in den Messehallen wieder alles f\u00fcr Landtechnik, Hof und Feld.\" \/>\n<meta name=\"twitter:label1\" content=\"Verfasst von\" \/>\n\t<meta name=\"twitter:data1\" content=\"Edith Winter\" \/>\n\t<meta name=\"twitter:label2\" content=\"Gesch\u00e4tzte Lesezeit\" \/>\n\t<meta name=\"twitter:data2\" content=\"2 Minuten\" \/>\n<script type=\"application\/ld+json\" class=\"yoast-schema-graph\">{\"@context\":\"https:\\\/\\\/schema.org\",\"@graph\":[{\"@type\":\"Article\",\"@id\":\"https:\\\/\\\/www.landwirt.com\\\/news\\\/die-groesste-landwirtschaftsfachmesse-im-alpen-adria-raum-oeffnet-ihre-tore\\\/#article\",\"isPartOf\":{\"@id\":\"https:\\\/\\\/www.landwirt.com\\\/news\\\/die-groesste-landwirtschaftsfachmesse-im-alpen-adria-raum-oeffnet-ihre-tore\\\/\"},\"author\":{\"name\":\"Edith Winter\",\"@id\":\"https:\\\/\\\/www.landwirt.com\\\/news\\\/#\\\/schema\\\/person\\\/58b1026d44b61c2d0c39d2d1220d43e9\"},\"headline\":\"Die gr\u00f6\u00dfte Landwirtschaftsfachmesse im Alpen-Adria-Raum \u00f6ffnet ihre Tore\",\"datePublished\":\"2023-01-17T08:19:03+00:00\",\"dateModified\":\"2023-01-17T08:19:06+00:00\",\"mainEntityOfPage\":{\"@id\":\"https:\\\/\\\/www.landwirt.com\\\/news\\\/die-groesste-landwirtschaftsfachmesse-im-alpen-adria-raum-oeffnet-ihre-tore\\\/\"},\"wordCount\":289,\"publisher\":{\"@id\":\"https:\\\/\\\/www.landwirt.com\\\/news\\\/#organization\"},\"image\":{\"@id\":\"https:\\\/\\\/www.landwirt.com\\\/news\\\/die-groesste-landwirtschaftsfachmesse-im-alpen-adria-raum-oeffnet-ihre-tore\\\/#primaryimage\"},\"thumbnailUrl\":\"https:\\\/\\\/www.landwirt.com\\\/news\\\/wp-content\\\/uploads\\\/2023\\\/01\\\/AM_1080x1080px_Facebook-Instagram.jpg\",\"keywords\":[\"Agrarmesse\",\"Alpen-Adria\",\"Messe\",\"Messe K\u00e4rnten\"],\"articleSection\":[\"Landwirt\",\"Werbung\"],\"inLanguage\":\"de-AT\"},{\"@type\":\"WebPage\",\"@id\":\"https:\\\/\\\/www.landwirt.com\\\/news\\\/die-groesste-landwirtschaftsfachmesse-im-alpen-adria-raum-oeffnet-ihre-tore\\\/\",\"url\":\"https:\\\/\\\/www.landwirt.com\\\/news\\\/die-groesste-landwirtschaftsfachmesse-im-alpen-adria-raum-oeffnet-ihre-tore\\\/\",\"name\":\"Die gr\u00f6\u00dfte Landwirtschaftsfachmesse im Alpen-Adria-Raum \u00f6ffnet ihre Tore - Landwirt.com News\",\"isPartOf\":{\"@id\":\"https:\\\/\\\/www.landwirt.com\\\/news\\\/#website\"},\"primaryImageOfPage\":{\"@id\":\"https:\\\/\\\/www.landwirt.com\\\/news\\\/die-groesste-landwirtschaftsfachmesse-im-alpen-adria-raum-oeffnet-ihre-tore\\\/#primaryimage\"},\"image\":{\"@id\":\"https:\\\/\\\/www.landwirt.com\\\/news\\\/die-groesste-landwirtschaftsfachmesse-im-alpen-adria-raum-oeffnet-ihre-tore\\\/#primaryimage\"},\"thumbnailUrl\":\"https:\\\/\\\/www.landwirt.com\\\/news\\\/wp-content\\\/uploads\\\/2023\\\/01\\\/AM_1080x1080px_Facebook-Instagram.jpg\",\"datePublished\":\"2023-01-17T08:19:03+00:00\",\"dateModified\":\"2023-01-17T08:19:06+00:00\",\"description\":\"Vom 20. bis 22.01.2023 findet man in den Messehallen wieder alles f\u00fcr Landtechnik, Hof und Feld.\",\"breadcrumb\":{\"@id\":\"https:\\\/\\\/www.landwirt.com\\\/news\\\/die-groesste-landwirtschaftsfachmesse-im-alpen-adria-raum-oeffnet-ihre-tore\\\/#breadcrumb\"},\"inLanguage\":\"de-AT\",\"potentialAction\":[{\"@type\":\"ReadAction\",\"target\":[\"https:\\\/\\\/www.landwirt.com\\\/news\\\/die-groesste-landwirtschaftsfachmesse-im-alpen-adria-raum-oeffnet-ihre-tore\\\/\"]}]},{\"@type\":\"ImageObject\",\"inLanguage\":\"de-AT\",\"@id\":\"https:\\\/\\\/www.landwirt.com\\\/news\\\/die-groesste-landwirtschaftsfachmesse-im-alpen-adria-raum-oeffnet-ihre-tore\\\/#primaryimage\",\"url\":\"https:\\\/\\\/www.landwirt.com\\\/news\\\/wp-content\\\/uploads\\\/2023\\\/01\\\/AM_1080x1080px_Facebook-Instagram.jpg\",\"contentUrl\":\"https:\\\/\\\/www.landwirt.com\\\/news\\\/wp-content\\\/uploads\\\/2023\\\/01\\\/AM_1080x1080px_Facebook-Instagram.jpg\",\"width\":1080,\"height\":1080},{\"@type\":\"BreadcrumbList\",\"@id\":\"https:\\\/\\\/www.landwirt.com\\\/news\\\/die-groesste-landwirtschaftsfachmesse-im-alpen-adria-raum-oeffnet-ihre-tore\\\/#breadcrumb\",\"itemListElement\":[{\"@type\":\"ListItem\",\"position\":1,\"name\":\"Home\",\"item\":\"https:\\\/\\\/www.landwirt.com\\\/news\\\/home\\\/\"},{\"@type\":\"ListItem\",\"position\":2,\"name\":\"Die gr\u00f6\u00dfte Landwirtschaftsfachmesse im Alpen-Adria-Raum \u00f6ffnet ihre Tore\"}]},{\"@type\":\"WebSite\",\"@id\":\"https:\\\/\\\/www.landwirt.com\\\/news\\\/#website\",\"url\":\"https:\\\/\\\/www.landwirt.com\\\/news\\\/\",\"name\":\"Landwirt.com News\",\"description\":\"Landwirt.com News\",\"publisher\":{\"@id\":\"https:\\\/\\\/www.landwirt.com\\\/news\\\/#organization\"},\"potentialAction\":[{\"@type\":\"SearchAction\",\"target\":{\"@type\":\"EntryPoint\",\"urlTemplate\":\"https:\\\/\\\/www.landwirt.com\\\/news\\\/?s={search_term_string}\"},\"query-input\":{\"@type\":\"PropertyValueSpecification\",\"valueRequired\":true,\"valueName\":\"search_term_string\"}}],\"inLanguage\":\"de-AT\"},{\"@type\":\"Organization\",\"@id\":\"https:\\\/\\\/www.landwirt.com\\\/news\\\/#organization\",\"name\":\"LANDWIRT.COM GMBH\",\"url\":\"https:\\\/\\\/www.landwirt.com\\\/news\\\/\",\"logo\":{\"@type\":\"ImageObject\",\"inLanguage\":\"de-AT\",\"@id\":\"https:\\\/\\\/www.landwirt.com\\\/news\\\/#\\\/schema\\\/logo\\\/image\\\/\",\"url\":\"https:\\\/\\\/www.landwirt.com\\\/news\\\/wp-content\\\/uploads\\\/2020\\\/02\\\/LW-logo.png\",\"contentUrl\":\"https:\\\/\\\/www.landwirt.com\\\/news\\\/wp-content\\\/uploads\\\/2020\\\/02\\\/LW-logo.png\",\"width\":250,\"height\":58,\"caption\":\"LANDWIRT.COM GMBH\"},\"image\":{\"@id\":\"https:\\\/\\\/www.landwirt.com\\\/news\\\/#\\\/schema\\\/logo\\\/image\\\/\"}},{\"@type\":\"Person\",\"@id\":\"https:\\\/\\\/www.landwirt.com\\\/news\\\/#\\\/schema\\\/person\\\/58b1026d44b61c2d0c39d2d1220d43e9\",\"name\":\"Edith Winter\",\"image\":{\"@type\":\"ImageObject\",\"inLanguage\":\"de-AT\",\"@id\":\"https:\\\/\\\/secure.gravatar.com\\\/avatar\\\/a8a5aac669c36d589ec506dc09b6dcb6e1c7c0b8731e97f1f2dcea5e26e28095?s=96&d=mm&r=g\",\"url\":\"https:\\\/\\\/secure.gravatar.com\\\/avatar\\\/a8a5aac669c36d589ec506dc09b6dcb6e1c7c0b8731e97f1f2dcea5e26e28095?s=96&d=mm&r=g\",\"contentUrl\":\"https:\\\/\\\/secure.gravatar.com\\\/avatar\\\/a8a5aac669c36d589ec506dc09b6dcb6e1c7c0b8731e97f1f2dcea5e26e28095?s=96&d=mm&r=g\",\"caption\":\"Edith Winter\"},\"url\":\"https:\\\/\\\/www.landwirt.com\\\/news\\\/author\\\/edith\\\/\"}]}<\/script>\n<!-- \/ Yoast SEO plugin. -->","yoast_head_json":{"title":"Die gr\u00f6\u00dfte Landwirtschaftsfachmesse im Alpen-Adria-Raum \u00f6ffnet ihre Tore - Landwirt.com News","description":"Vom 20. bis 22.01.2023 findet man in den Messehallen wieder alles f\u00fcr Landtechnik, Hof und Feld.","robots":{"index":"index","follow":"follow","max-snippet":"max-snippet:-1","max-image-preview":"max-image-preview:large","max-video-preview":"max-video-preview:-1"},"og_locale":"de_DE","og_type":"article","og_title":"Die gr\u00f6\u00dfte Landwirtschaftsfachmesse im Alpen-Adria-Raum \u00f6ffnet ihre Tore - Landwirt.com News","og_description":"Vom 20. bis 22.01.2023 findet man in den Messehallen wieder alles f\u00fcr Landtechnik, Hof und Feld.","og_url":"https:\/\/www.landwirt.com\/news\/die-groesste-landwirtschaftsfachmesse-im-alpen-adria-raum-oeffnet-ihre-tore\/","og_site_name":"Landwirt.com News","article_published_time":"2023-01-17T08:19:03+00:00","article_modified_time":"2023-01-17T08:19:06+00:00","og_image":[{"width":1080,"height":1080,"url":"https:\/\/www.landwirt.com\/news\/wp-content\/uploads\/2023\/01\/AM_1080x1080px_Facebook-Instagram.jpg","type":"image\/jpeg"}],"author":"Edith Winter","twitter_card":"summary_large_image","twitter_title":"Die gr\u00f6\u00dfte Landwirtschaftsfachmesse im Alpen-Adria-Raum \u00f6ffnet ihre Tore - Landwirt.com News","twitter_description":"Vom 20. bis 22.01.2023 findet man in den Messehallen wieder alles f\u00fcr Landtechnik, Hof und Feld.","twitter_misc":{"Verfasst von":"Edith Winter","Gesch\u00e4tzte Lesezeit":"2 Minuten"},"schema":{"@context":"https:\/\/schema.org","@graph":[{"@type":"Article","@id":"https:\/\/www.landwirt.com\/news\/die-groesste-landwirtschaftsfachmesse-im-alpen-adria-raum-oeffnet-ihre-tore\/#article","isPartOf":{"@id":"https:\/\/www.landwirt.com\/news\/die-groesste-landwirtschaftsfachmesse-im-alpen-adria-raum-oeffnet-ihre-tore\/"},"author":{"name":"Edith Winter","@id":"https:\/\/www.landwirt.com\/news\/#\/schema\/person\/58b1026d44b61c2d0c39d2d1220d43e9"},"headline":"Die gr\u00f6\u00dfte Landwirtschaftsfachmesse im Alpen-Adria-Raum \u00f6ffnet ihre Tore","datePublished":"2023-01-17T08:19:03+00:00","dateModified":"2023-01-17T08:19:06+00:00","mainEntityOfPage":{"@id":"https:\/\/www.landwirt.com\/news\/die-groesste-landwirtschaftsfachmesse-im-alpen-adria-raum-oeffnet-ihre-tore\/"},"wordCount":289,"publisher":{"@id":"https:\/\/www.landwirt.com\/news\/#organization"},"image":{"@id":"https:\/\/www.landwirt.com\/news\/die-groesste-landwirtschaftsfachmesse-im-alpen-adria-raum-oeffnet-ihre-tore\/#primaryimage"},"thumbnailUrl":"https:\/\/www.landwirt.com\/news\/wp-content\/uploads\/2023\/01\/AM_1080x1080px_Facebook-Instagram.jpg","keywords":["Agrarmesse","Alpen-Adria","Messe","Messe K\u00e4rnten"],"articleSection":["Landwirt","Werbung"],"inLanguage":"de-AT"},{"@type":"WebPage","@id":"https:\/\/www.landwirt.com\/news\/die-groesste-landwirtschaftsfachmesse-im-alpen-adria-raum-oeffnet-ihre-tore\/","url":"https:\/\/www.landwirt.com\/news\/die-groesste-landwirtschaftsfachmesse-im-alpen-adria-raum-oeffnet-ihre-tore\/","name":"Die gr\u00f6\u00dfte Landwirtschaftsfachmesse im Alpen-Adria-Raum \u00f6ffnet ihre Tore - Landwirt.com News","isPartOf":{"@id":"https:\/\/www.landwirt.com\/news\/#website"},"primaryImageOfPage":{"@id":"https:\/\/www.landwirt.com\/news\/die-groesste-landwirtschaftsfachmesse-im-alpen-adria-raum-oeffnet-ihre-tore\/#primaryimage"},"image":{"@id":"https:\/\/www.landwirt.com\/news\/die-groesste-landwirtschaftsfachmesse-im-alpen-adria-raum-oeffnet-ihre-tore\/#primaryimage"},"thumbnailUrl":"https:\/\/www.landwirt.com\/news\/wp-content\/uploads\/2023\/01\/AM_1080x1080px_Facebook-Instagram.jpg","datePublished":"2023-01-17T08:19:03+00:00","dateModified":"2023-01-17T08:19:06+00:00","description":"Vom 20. bis 22.01.2023 findet man in den Messehallen wieder alles f\u00fcr Landtechnik, Hof und Feld.","breadcrumb":{"@id":"https:\/\/www.landwirt.com\/news\/die-groesste-landwirtschaftsfachmesse-im-alpen-adria-raum-oeffnet-ihre-tore\/#breadcrumb"},"inLanguage":"de-AT","potentialAction":[{"@type":"ReadAction","target":["https:\/\/www.landwirt.com\/news\/die-groesste-landwirtschaftsfachmesse-im-alpen-adria-raum-oeffnet-ihre-tore\/"]}]},{"@type":"ImageObject","inLanguage":"de-AT","@id":"https:\/\/www.landwirt.com\/news\/die-groesste-landwirtschaftsfachmesse-im-alpen-adria-raum-oeffnet-ihre-tore\/#primaryimage","url":"https:\/\/www.landwirt.com\/news\/wp-content\/uploads\/2023\/01\/AM_1080x1080px_Facebook-Instagram.jpg","contentUrl":"https:\/\/www.landwirt.com\/news\/wp-content\/uploads\/2023\/01\/AM_1080x1080px_Facebook-Instagram.jpg","width":1080,"height":1080},{"@type":"BreadcrumbList","@id":"https:\/\/www.landwirt.com\/news\/die-groesste-landwirtschaftsfachmesse-im-alpen-adria-raum-oeffnet-ihre-tore\/#breadcrumb","itemListElement":[{"@type":"ListItem","position":1,"name":"Home","item":"https:\/\/www.landwirt.com\/news\/home\/"},{"@type":"ListItem","position":2,"name":"Die gr\u00f6\u00dfte Landwirtschaftsfachmesse im Alpen-Adria-Raum \u00f6ffnet ihre Tore"}]},{"@type":"WebSite","@id":"https:\/\/www.landwirt.com\/news\/#website","url":"https:\/\/www.landwirt.com\/news\/","name":"Landwirt.com News","description":"Landwirt.com News","publisher":{"@id":"https:\/\/www.landwirt.com\/news\/#organization"},"potentialAction":[{"@type":"SearchAction","target":{"@type":"EntryPoint","urlTemplate":"https:\/\/www.landwirt.com\/news\/?s={search_term_string}"},"query-input":{"@type":"PropertyValueSpecification","valueRequired":true,"valueName":"search_term_string"}}],"inLanguage":"de-AT"},{"@type":"Organization","@id":"https:\/\/www.landwirt.com\/news\/#organization","name":"LANDWIRT.COM GMBH","url":"https:\/\/www.landwirt.com\/news\/","logo":{"@type":"ImageObject","inLanguage":"de-AT","@id":"https:\/\/www.landwirt.com\/news\/#\/schema\/logo\/image\/","url":"https:\/\/www.landwirt.com\/news\/wp-content\/uploads\/2020\/02\/LW-logo.png","contentUrl":"https:\/\/www.landwirt.com\/news\/wp-content\/uploads\/2020\/02\/LW-logo.png","width":250,"height":58,"caption":"LANDWIRT.COM GMBH"},"image":{"@id":"https:\/\/www.landwirt.com\/news\/#\/schema\/logo\/image\/"}},{"@type":"Person","@id":"https:\/\/www.landwirt.com\/news\/#\/schema\/person\/58b1026d44b61c2d0c39d2d1220d43e9","name":"Edith Winter","image":{"@type":"ImageObject","inLanguage":"de-AT","@id":"https:\/\/secure.gravatar.com\/avatar\/a8a5aac669c36d589ec506dc09b6dcb6e1c7c0b8731e97f1f2dcea5e26e28095?s=96&d=mm&r=g","url":"https:\/\/secure.gravatar.com\/avatar\/a8a5aac669c36d589ec506dc09b6dcb6e1c7c0b8731e97f1f2dcea5e26e28095?s=96&d=mm&r=g","contentUrl":"https:\/\/secure.gravatar.com\/avatar\/a8a5aac669c36d589ec506dc09b6dcb6e1c7c0b8731e97f1f2dcea5e26e28095?s=96&d=mm&r=g","caption":"Edith Winter"},"url":"https:\/\/www.landwirt.com\/news\/author\/edith\/"}]}},"_links":{"self":[{"href":"https:\/\/www.landwirt.com\/news\/wp-json\/wp\/v2\/posts\/11390","targetHints":{"allow":["GET"]}}],"collection":[{"href":"https:\/\/www.landwirt.com\/news\/wp-json\/wp\/v2\/posts"}],"about":[{"href":"https:\/\/www.landwirt.com\/news\/wp-json\/wp\/v2\/types\/post"}],"author":[{"embeddable":true,"href":"https:\/\/www.landwirt.com\/news\/wp-json\/wp\/v2\/users\/15"}],"replies":[{"embeddable":true,"href":"https:\/\/www.landwirt.com\/news\/wp-json\/wp\/v2\/comments?post=11390"}],"version-history":[{"count":3,"href":"https:\/\/www.landwirt.com\/news\/wp-json\/wp\/v2\/posts\/11390\/revisions"}],"predecessor-version":[{"id":11394,"href":"https:\/\/www.landwirt.com\/news\/wp-json\/wp\/v2\/posts\/11390\/revisions\/11394"}],"wp:featuredmedia":[{"embeddable":true,"href":"https:\/\/www.landwirt.com\/news\/wp-json\/wp\/v2\/media\/11391"}],"wp:attachment":[{"href":"https:\/\/www.landwirt.com\/news\/wp-json\/wp\/v2\/media?parent=11390"}],"wp:term":[{"taxonomy":"category","embeddable":true,"href":"https:\/\/www.landwirt.com\/news\/wp-json\/wp\/v2\/categories?post=11390"},{"taxonomy":"post_tag","embeddable":true,"href":"https:\/\/www.landwirt.com\/news\/wp-json\/wp\/v2\/tags?post=11390"}],"curies":[{"name":"wp","href":"https:\/\/api.w.org\/{rel}","templated":true}]}}