{"id":11293,"date":"2022-12-21T12:31:40","date_gmt":"2022-12-21T11:31:40","guid":{"rendered":"https:\/\/www.landwirt.com\/news\/?p=11293"},"modified":"2023-01-17T09:00:05","modified_gmt":"2023-01-17T08:00:05","slug":"zulassungsstatistik-von-standardtraktoren-in-oesterreich-jaenner-november-2022","status":"publish","type":"post","link":"https:\/\/www.landwirt.com\/news\/zulassungsstatistik-von-standardtraktoren-in-oesterreich-jaenner-november-2022\/","title":{"rendered":"Zulassungsstatistik von Standardtraktoren in \u00d6sterreich J\u00e4nner-November 2022"},"content":{"rendered":"\n<hr class=\"wp-block-separator\"\/>\n\n\n\n<h3 class=\"has-text-align-center wp-block-heading\">Weiterhin R\u00fcckgang bei den Zulassungszahlen &#8211; kleines Plus bei Massey Ferguson gegen\u00fcber dem Vorjahr.<\/h3>\n\n\n\n<div style=\"height:20px\" aria-hidden=\"true\" class=\"wp-block-spacer\"><\/div>\n\n\n\n<figure class=\"wp-block-image size-full\"><img loading=\"lazy\" decoding=\"async\" width=\"3973\" height=\"2064\" src=\"https:\/\/www.landwirt.com\/news\/wp-content\/uploads\/2022\/12\/Zulassungsstatstik-standardtraktoren-jan-nov-2022.png\" alt=\"\" class=\"wp-image-11296\" srcset=\"https:\/\/www.landwirt.com\/news\/wp-content\/uploads\/2022\/12\/Zulassungsstatstik-standardtraktoren-jan-nov-2022.png 3973w, https:\/\/www.landwirt.com\/news\/wp-content\/uploads\/2022\/12\/Zulassungsstatstik-standardtraktoren-jan-nov-2022-300x156.png 300w, https:\/\/www.landwirt.com\/news\/wp-content\/uploads\/2022\/12\/Zulassungsstatstik-standardtraktoren-jan-nov-2022-1030x535.png 1030w, https:\/\/www.landwirt.com\/news\/wp-content\/uploads\/2022\/12\/Zulassungsstatstik-standardtraktoren-jan-nov-2022-768x399.png 768w, https:\/\/www.landwirt.com\/news\/wp-content\/uploads\/2022\/12\/Zulassungsstatstik-standardtraktoren-jan-nov-2022-1536x798.png 1536w, https:\/\/www.landwirt.com\/news\/wp-content\/uploads\/2022\/12\/Zulassungsstatstik-standardtraktoren-jan-nov-2022-2048x1064.png 2048w, https:\/\/www.landwirt.com\/news\/wp-content\/uploads\/2022\/12\/Zulassungsstatstik-standardtraktoren-jan-nov-2022-1500x779.png 1500w, https:\/\/www.landwirt.com\/news\/wp-content\/uploads\/2022\/12\/Zulassungsstatstik-standardtraktoren-jan-nov-2022-705x366.png 705w\" sizes=\"auto, (max-width: 3973px) 100vw, 3973px\" \/><\/figure>\n\n\n\n<div class=\"wp-block-columns is-layout-flex wp-container-core-columns-is-layout-9d6595d7 wp-block-columns-is-layout-flex\">\n<div class=\"wp-block-column is-layout-flow wp-block-column-is-layout-flow\" style=\"flex-basis:67.5%\">\n<p>Im Zeitraum J\u00e4nner bis November kann allein Massey Ferguson (auf Platz 6) ein kleines Plus gegen\u00fcber den Zulassungen 2021 verzeichnen. Lindner (Platz 5) und Valtra (Platz 7) erreichen beinahe dieselben Zulassungszahlen als im Vorjahr. Die restlichen Marken in der Top-10-Platzierung verzeichnen r\u00fcckl\u00e4ufige Zulassungszahlen und liegen Gro\u00dfteils auch hinter dem Niveau von 2020 hinterher. Im Schnitt gab es \u00fcber alle Marken nur ein minimales Plus von exakt 4 Standardtraktoren-Zulassungen von J\u00e4n-Nov 2020 auf J\u00e4n-Nov 2022.<\/p>\n\n\n\n<h2 class=\"wp-block-heading\">Tageszulassungen Standardtraktoren<\/h2>\n\n\n\n<p>In diesem Jahr und 2021 wurde eine deutliche Steigerung der Tageszulassungen bei Standardtraktoren festgestellt als im Vergleich zu den vorangegangenen Jahren. Von J\u00e4nner bis November 2022 gab es um knapp 3\/4 mehr Tageszulassungen als im selben Zeitraum 2020.<\/p>\n<\/div>\n\n\n\n<div class=\"wp-block-column is-layout-flow wp-block-column-is-layout-flow\" style=\"flex-basis:32.5%\">\n<figure class=\"wp-block-image size-large\"><img loading=\"lazy\" decoding=\"async\" width=\"1030\" height=\"942\" src=\"https:\/\/www.landwirt.com\/news\/wp-content\/uploads\/2022\/12\/tageszulassungen-standardtraktoren-jan-nov-2022-1030x942.png\" alt=\"\" class=\"wp-image-11297\" srcset=\"https:\/\/www.landwirt.com\/news\/wp-content\/uploads\/2022\/12\/tageszulassungen-standardtraktoren-jan-nov-2022-1030x942.png 1030w, https:\/\/www.landwirt.com\/news\/wp-content\/uploads\/2022\/12\/tageszulassungen-standardtraktoren-jan-nov-2022-300x274.png 300w, https:\/\/www.landwirt.com\/news\/wp-content\/uploads\/2022\/12\/tageszulassungen-standardtraktoren-jan-nov-2022-768x702.png 768w, https:\/\/www.landwirt.com\/news\/wp-content\/uploads\/2022\/12\/tageszulassungen-standardtraktoren-jan-nov-2022-1536x1405.png 1536w, https:\/\/www.landwirt.com\/news\/wp-content\/uploads\/2022\/12\/tageszulassungen-standardtraktoren-jan-nov-2022-1500x1372.png 1500w, https:\/\/www.landwirt.com\/news\/wp-content\/uploads\/2022\/12\/tageszulassungen-standardtraktoren-jan-nov-2022-705x645.png 705w, https:\/\/www.landwirt.com\/news\/wp-content\/uploads\/2022\/12\/tageszulassungen-standardtraktoren-jan-nov-2022.png 1840w\" sizes=\"auto, (max-width: 1030px) 100vw, 1030px\" \/><\/figure>\n<\/div>\n<\/div>\n\n\n\n<h2 class=\"has-text-align-center wp-block-heading\">Die Zulassungszahlen im Detail<\/h2>\n\n\n\n<div class=\"wp-block-image\"><figure class=\"aligncenter size-full\"><a href=\"https:\/\/www.landwirt.com\/news\/wp-content\/uploads\/2022\/12\/tabelle-zulassungsstatistik-standardtraktoren-jan-nov-2022.png\"><img loading=\"lazy\" decoding=\"async\" width=\"704\" height=\"1004\" src=\"https:\/\/www.landwirt.com\/news\/wp-content\/uploads\/2022\/12\/tabelle-zulassungsstatistik-standardtraktoren-jan-nov-2022.png\" alt=\"\" class=\"wp-image-11295\" srcset=\"https:\/\/www.landwirt.com\/news\/wp-content\/uploads\/2022\/12\/tabelle-zulassungsstatistik-standardtraktoren-jan-nov-2022.png 704w, https:\/\/www.landwirt.com\/news\/wp-content\/uploads\/2022\/12\/tabelle-zulassungsstatistik-standardtraktoren-jan-nov-2022-210x300.png 210w, https:\/\/www.landwirt.com\/news\/wp-content\/uploads\/2022\/12\/tabelle-zulassungsstatistik-standardtraktoren-jan-nov-2022-494x705.png 494w\" sizes=\"auto, (max-width: 704px) 100vw, 704px\" \/><\/a><\/figure><\/div>\n","protected":false},"excerpt":{"rendered":"<p>Weiterhin R\u00fcckgang bei den Zulassungszahlen &#8211; kleines Plus bei Massey Ferguson gegen\u00fcber dem Vorjahr.<\/p>\n","protected":false},"author":15,"featured_media":11299,"comment_status":"closed","ping_status":"closed","sticky":false,"template":"","format":"standard","meta":{"footnotes":""},"categories":[15,1,14],"tags":[56,55,62,183,57,54],"class_list":["post-11293","post","type-post","status-publish","format-standard","has-post-thumbnail","hentry","category-landwirt","category-werbung","category-zulassungsstatistik","tag-obsttraktoren","tag-standardtraktoren","tag-traktor","tag-traktoren","tag-weinbautraktoren","tag-zulassungsstatistik"],"yoast_head":"<!-- This site is optimized with the Yoast SEO plugin v27.5 - https:\/\/yoast.com\/product\/yoast-seo-wordpress\/ -->\n<title>Zulassungsstatistik von Standardtraktoren in \u00d6sterreich J\u00e4nner-November 2022 - Landwirt.com News<\/title>\n<meta name=\"description\" content=\"Weiterhin R\u00fcckgang bei den Zulassungszahlen - kleines Plus bei Massey Ferguson gegen\u00fcber dem Vorjahr.\" \/>\n<meta name=\"robots\" content=\"index, follow, max-snippet:-1, max-image-preview:large, max-video-preview:-1\" \/>\n<meta property=\"og:locale\" content=\"de_DE\" \/>\n<meta property=\"og:type\" content=\"article\" \/>\n<meta property=\"og:title\" content=\"Zulassungsstatistik von Standardtraktoren in \u00d6sterreich J\u00e4nner-November 2022 - Landwirt.com News\" \/>\n<meta property=\"og:description\" content=\"Weiterhin R\u00fcckgang bei den Zulassungszahlen - kleines Plus bei Massey Ferguson gegen\u00fcber dem Vorjahr.\" \/>\n<meta property=\"og:url\" content=\"https:\/\/www.landwirt.com\/news\/zulassungsstatistik-von-standardtraktoren-in-oesterreich-jaenner-november-2022\/\" \/>\n<meta property=\"og:site_name\" content=\"Landwirt.com News\" \/>\n<meta property=\"article:published_time\" content=\"2022-12-21T11:31:40+00:00\" \/>\n<meta property=\"article:modified_time\" content=\"2023-01-17T08:00:05+00:00\" \/>\n<meta property=\"og:image\" content=\"https:\/\/www.landwirt.com\/news\/wp-content\/uploads\/2022\/12\/Beitragsbild-zulassungsstatistik-Nov-2022.jpg\" \/>\n\t<meta property=\"og:image:width\" content=\"495\" \/>\n\t<meta property=\"og:image:height\" content=\"400\" \/>\n\t<meta property=\"og:image:type\" content=\"image\/jpeg\" \/>\n<meta name=\"author\" content=\"Edith Winter\" \/>\n<meta name=\"twitter:card\" content=\"summary_large_image\" \/>\n<meta name=\"twitter:title\" content=\"Zulassungsstatistik von Standardtraktoren in \u00d6sterreich J\u00e4nner-November 2022 - Landwirt.com News\" \/>\n<meta name=\"twitter:description\" content=\"Weiterhin R\u00fcckgang bei den Zulassungszahlen - kleines Plus bei Massey Ferguson gegen\u00fcber dem Vorjahr.\" \/>\n<meta name=\"twitter:label1\" content=\"Verfasst von\" \/>\n\t<meta name=\"twitter:data1\" content=\"Edith Winter\" \/>\n\t<meta name=\"twitter:label2\" content=\"Gesch\u00e4tzte Lesezeit\" \/>\n\t<meta name=\"twitter:data2\" content=\"2 Minuten\" \/>\n<script type=\"application\/ld+json\" class=\"yoast-schema-graph\">{\"@context\":\"https:\\\/\\\/schema.org\",\"@graph\":[{\"@type\":\"Article\",\"@id\":\"https:\\\/\\\/www.landwirt.com\\\/news\\\/zulassungsstatistik-von-standardtraktoren-in-oesterreich-jaenner-november-2022\\\/#article\",\"isPartOf\":{\"@id\":\"https:\\\/\\\/www.landwirt.com\\\/news\\\/zulassungsstatistik-von-standardtraktoren-in-oesterreich-jaenner-november-2022\\\/\"},\"author\":{\"name\":\"Edith Winter\",\"@id\":\"https:\\\/\\\/www.landwirt.com\\\/news\\\/#\\\/schema\\\/person\\\/58b1026d44b61c2d0c39d2d1220d43e9\"},\"headline\":\"Zulassungsstatistik von Standardtraktoren in \u00d6sterreich J\u00e4nner-November 2022\",\"datePublished\":\"2022-12-21T11:31:40+00:00\",\"dateModified\":\"2023-01-17T08:00:05+00:00\",\"mainEntityOfPage\":{\"@id\":\"https:\\\/\\\/www.landwirt.com\\\/news\\\/zulassungsstatistik-von-standardtraktoren-in-oesterreich-jaenner-november-2022\\\/\"},\"wordCount\":138,\"publisher\":{\"@id\":\"https:\\\/\\\/www.landwirt.com\\\/news\\\/#organization\"},\"image\":{\"@id\":\"https:\\\/\\\/www.landwirt.com\\\/news\\\/zulassungsstatistik-von-standardtraktoren-in-oesterreich-jaenner-november-2022\\\/#primaryimage\"},\"thumbnailUrl\":\"https:\\\/\\\/www.landwirt.com\\\/news\\\/wp-content\\\/uploads\\\/2022\\\/12\\\/Beitragsbild-zulassungsstatistik-Nov-2022.jpg\",\"keywords\":[\"Obsttraktoren\",\"Standardtraktoren\",\"Traktor\",\"Traktoren\",\"Weinbautraktoren\",\"Zulassungsstatistik\"],\"articleSection\":[\"Landwirt\",\"Werbung\",\"Zulassungsstatistik\"],\"inLanguage\":\"de-AT\"},{\"@type\":\"WebPage\",\"@id\":\"https:\\\/\\\/www.landwirt.com\\\/news\\\/zulassungsstatistik-von-standardtraktoren-in-oesterreich-jaenner-november-2022\\\/\",\"url\":\"https:\\\/\\\/www.landwirt.com\\\/news\\\/zulassungsstatistik-von-standardtraktoren-in-oesterreich-jaenner-november-2022\\\/\",\"name\":\"Zulassungsstatistik von Standardtraktoren in \u00d6sterreich J\u00e4nner-November 2022 - Landwirt.com News\",\"isPartOf\":{\"@id\":\"https:\\\/\\\/www.landwirt.com\\\/news\\\/#website\"},\"primaryImageOfPage\":{\"@id\":\"https:\\\/\\\/www.landwirt.com\\\/news\\\/zulassungsstatistik-von-standardtraktoren-in-oesterreich-jaenner-november-2022\\\/#primaryimage\"},\"image\":{\"@id\":\"https:\\\/\\\/www.landwirt.com\\\/news\\\/zulassungsstatistik-von-standardtraktoren-in-oesterreich-jaenner-november-2022\\\/#primaryimage\"},\"thumbnailUrl\":\"https:\\\/\\\/www.landwirt.com\\\/news\\\/wp-content\\\/uploads\\\/2022\\\/12\\\/Beitragsbild-zulassungsstatistik-Nov-2022.jpg\",\"datePublished\":\"2022-12-21T11:31:40+00:00\",\"dateModified\":\"2023-01-17T08:00:05+00:00\",\"description\":\"Weiterhin R\u00fcckgang bei den Zulassungszahlen - kleines Plus bei Massey Ferguson gegen\u00fcber dem Vorjahr.\",\"breadcrumb\":{\"@id\":\"https:\\\/\\\/www.landwirt.com\\\/news\\\/zulassungsstatistik-von-standardtraktoren-in-oesterreich-jaenner-november-2022\\\/#breadcrumb\"},\"inLanguage\":\"de-AT\",\"potentialAction\":[{\"@type\":\"ReadAction\",\"target\":[\"https:\\\/\\\/www.landwirt.com\\\/news\\\/zulassungsstatistik-von-standardtraktoren-in-oesterreich-jaenner-november-2022\\\/\"]}]},{\"@type\":\"ImageObject\",\"inLanguage\":\"de-AT\",\"@id\":\"https:\\\/\\\/www.landwirt.com\\\/news\\\/zulassungsstatistik-von-standardtraktoren-in-oesterreich-jaenner-november-2022\\\/#primaryimage\",\"url\":\"https:\\\/\\\/www.landwirt.com\\\/news\\\/wp-content\\\/uploads\\\/2022\\\/12\\\/Beitragsbild-zulassungsstatistik-Nov-2022.jpg\",\"contentUrl\":\"https:\\\/\\\/www.landwirt.com\\\/news\\\/wp-content\\\/uploads\\\/2022\\\/12\\\/Beitragsbild-zulassungsstatistik-Nov-2022.jpg\",\"width\":495,\"height\":400},{\"@type\":\"BreadcrumbList\",\"@id\":\"https:\\\/\\\/www.landwirt.com\\\/news\\\/zulassungsstatistik-von-standardtraktoren-in-oesterreich-jaenner-november-2022\\\/#breadcrumb\",\"itemListElement\":[{\"@type\":\"ListItem\",\"position\":1,\"name\":\"Home\",\"item\":\"https:\\\/\\\/www.landwirt.com\\\/news\\\/home\\\/\"},{\"@type\":\"ListItem\",\"position\":2,\"name\":\"Zulassungsstatistik von Standardtraktoren in \u00d6sterreich J\u00e4nner-November 2022\"}]},{\"@type\":\"WebSite\",\"@id\":\"https:\\\/\\\/www.landwirt.com\\\/news\\\/#website\",\"url\":\"https:\\\/\\\/www.landwirt.com\\\/news\\\/\",\"name\":\"Landwirt.com News\",\"description\":\"Landwirt.com News\",\"publisher\":{\"@id\":\"https:\\\/\\\/www.landwirt.com\\\/news\\\/#organization\"},\"potentialAction\":[{\"@type\":\"SearchAction\",\"target\":{\"@type\":\"EntryPoint\",\"urlTemplate\":\"https:\\\/\\\/www.landwirt.com\\\/news\\\/?s={search_term_string}\"},\"query-input\":{\"@type\":\"PropertyValueSpecification\",\"valueRequired\":true,\"valueName\":\"search_term_string\"}}],\"inLanguage\":\"de-AT\"},{\"@type\":\"Organization\",\"@id\":\"https:\\\/\\\/www.landwirt.com\\\/news\\\/#organization\",\"name\":\"LANDWIRT.COM GMBH\",\"url\":\"https:\\\/\\\/www.landwirt.com\\\/news\\\/\",\"logo\":{\"@type\":\"ImageObject\",\"inLanguage\":\"de-AT\",\"@id\":\"https:\\\/\\\/www.landwirt.com\\\/news\\\/#\\\/schema\\\/logo\\\/image\\\/\",\"url\":\"https:\\\/\\\/www.landwirt.com\\\/news\\\/wp-content\\\/uploads\\\/2020\\\/02\\\/LW-logo.png\",\"contentUrl\":\"https:\\\/\\\/www.landwirt.com\\\/news\\\/wp-content\\\/uploads\\\/2020\\\/02\\\/LW-logo.png\",\"width\":250,\"height\":58,\"caption\":\"LANDWIRT.COM GMBH\"},\"image\":{\"@id\":\"https:\\\/\\\/www.landwirt.com\\\/news\\\/#\\\/schema\\\/logo\\\/image\\\/\"}},{\"@type\":\"Person\",\"@id\":\"https:\\\/\\\/www.landwirt.com\\\/news\\\/#\\\/schema\\\/person\\\/58b1026d44b61c2d0c39d2d1220d43e9\",\"name\":\"Edith Winter\",\"image\":{\"@type\":\"ImageObject\",\"inLanguage\":\"de-AT\",\"@id\":\"https:\\\/\\\/secure.gravatar.com\\\/avatar\\\/a8a5aac669c36d589ec506dc09b6dcb6e1c7c0b8731e97f1f2dcea5e26e28095?s=96&d=mm&r=g\",\"url\":\"https:\\\/\\\/secure.gravatar.com\\\/avatar\\\/a8a5aac669c36d589ec506dc09b6dcb6e1c7c0b8731e97f1f2dcea5e26e28095?s=96&d=mm&r=g\",\"contentUrl\":\"https:\\\/\\\/secure.gravatar.com\\\/avatar\\\/a8a5aac669c36d589ec506dc09b6dcb6e1c7c0b8731e97f1f2dcea5e26e28095?s=96&d=mm&r=g\",\"caption\":\"Edith Winter\"},\"url\":\"https:\\\/\\\/www.landwirt.com\\\/news\\\/author\\\/edith\\\/\"}]}<\/script>\n<!-- \/ Yoast SEO plugin. -->","yoast_head_json":{"title":"Zulassungsstatistik von Standardtraktoren in \u00d6sterreich J\u00e4nner-November 2022 - Landwirt.com News","description":"Weiterhin R\u00fcckgang bei den Zulassungszahlen - kleines Plus bei Massey Ferguson gegen\u00fcber dem Vorjahr.","robots":{"index":"index","follow":"follow","max-snippet":"max-snippet:-1","max-image-preview":"max-image-preview:large","max-video-preview":"max-video-preview:-1"},"og_locale":"de_DE","og_type":"article","og_title":"Zulassungsstatistik von Standardtraktoren in \u00d6sterreich J\u00e4nner-November 2022 - Landwirt.com News","og_description":"Weiterhin R\u00fcckgang bei den Zulassungszahlen - kleines Plus bei Massey Ferguson gegen\u00fcber dem Vorjahr.","og_url":"https:\/\/www.landwirt.com\/news\/zulassungsstatistik-von-standardtraktoren-in-oesterreich-jaenner-november-2022\/","og_site_name":"Landwirt.com News","article_published_time":"2022-12-21T11:31:40+00:00","article_modified_time":"2023-01-17T08:00:05+00:00","og_image":[{"width":495,"height":400,"url":"https:\/\/www.landwirt.com\/news\/wp-content\/uploads\/2022\/12\/Beitragsbild-zulassungsstatistik-Nov-2022.jpg","type":"image\/jpeg"}],"author":"Edith Winter","twitter_card":"summary_large_image","twitter_title":"Zulassungsstatistik von Standardtraktoren in \u00d6sterreich J\u00e4nner-November 2022 - Landwirt.com News","twitter_description":"Weiterhin R\u00fcckgang bei den Zulassungszahlen - kleines Plus bei Massey Ferguson gegen\u00fcber dem Vorjahr.","twitter_misc":{"Verfasst von":"Edith Winter","Gesch\u00e4tzte Lesezeit":"2 Minuten"},"schema":{"@context":"https:\/\/schema.org","@graph":[{"@type":"Article","@id":"https:\/\/www.landwirt.com\/news\/zulassungsstatistik-von-standardtraktoren-in-oesterreich-jaenner-november-2022\/#article","isPartOf":{"@id":"https:\/\/www.landwirt.com\/news\/zulassungsstatistik-von-standardtraktoren-in-oesterreich-jaenner-november-2022\/"},"author":{"name":"Edith Winter","@id":"https:\/\/www.landwirt.com\/news\/#\/schema\/person\/58b1026d44b61c2d0c39d2d1220d43e9"},"headline":"Zulassungsstatistik von Standardtraktoren in \u00d6sterreich J\u00e4nner-November 2022","datePublished":"2022-12-21T11:31:40+00:00","dateModified":"2023-01-17T08:00:05+00:00","mainEntityOfPage":{"@id":"https:\/\/www.landwirt.com\/news\/zulassungsstatistik-von-standardtraktoren-in-oesterreich-jaenner-november-2022\/"},"wordCount":138,"publisher":{"@id":"https:\/\/www.landwirt.com\/news\/#organization"},"image":{"@id":"https:\/\/www.landwirt.com\/news\/zulassungsstatistik-von-standardtraktoren-in-oesterreich-jaenner-november-2022\/#primaryimage"},"thumbnailUrl":"https:\/\/www.landwirt.com\/news\/wp-content\/uploads\/2022\/12\/Beitragsbild-zulassungsstatistik-Nov-2022.jpg","keywords":["Obsttraktoren","Standardtraktoren","Traktor","Traktoren","Weinbautraktoren","Zulassungsstatistik"],"articleSection":["Landwirt","Werbung","Zulassungsstatistik"],"inLanguage":"de-AT"},{"@type":"WebPage","@id":"https:\/\/www.landwirt.com\/news\/zulassungsstatistik-von-standardtraktoren-in-oesterreich-jaenner-november-2022\/","url":"https:\/\/www.landwirt.com\/news\/zulassungsstatistik-von-standardtraktoren-in-oesterreich-jaenner-november-2022\/","name":"Zulassungsstatistik von Standardtraktoren in \u00d6sterreich J\u00e4nner-November 2022 - Landwirt.com News","isPartOf":{"@id":"https:\/\/www.landwirt.com\/news\/#website"},"primaryImageOfPage":{"@id":"https:\/\/www.landwirt.com\/news\/zulassungsstatistik-von-standardtraktoren-in-oesterreich-jaenner-november-2022\/#primaryimage"},"image":{"@id":"https:\/\/www.landwirt.com\/news\/zulassungsstatistik-von-standardtraktoren-in-oesterreich-jaenner-november-2022\/#primaryimage"},"thumbnailUrl":"https:\/\/www.landwirt.com\/news\/wp-content\/uploads\/2022\/12\/Beitragsbild-zulassungsstatistik-Nov-2022.jpg","datePublished":"2022-12-21T11:31:40+00:00","dateModified":"2023-01-17T08:00:05+00:00","description":"Weiterhin R\u00fcckgang bei den Zulassungszahlen - kleines Plus bei Massey Ferguson gegen\u00fcber dem Vorjahr.","breadcrumb":{"@id":"https:\/\/www.landwirt.com\/news\/zulassungsstatistik-von-standardtraktoren-in-oesterreich-jaenner-november-2022\/#breadcrumb"},"inLanguage":"de-AT","potentialAction":[{"@type":"ReadAction","target":["https:\/\/www.landwirt.com\/news\/zulassungsstatistik-von-standardtraktoren-in-oesterreich-jaenner-november-2022\/"]}]},{"@type":"ImageObject","inLanguage":"de-AT","@id":"https:\/\/www.landwirt.com\/news\/zulassungsstatistik-von-standardtraktoren-in-oesterreich-jaenner-november-2022\/#primaryimage","url":"https:\/\/www.landwirt.com\/news\/wp-content\/uploads\/2022\/12\/Beitragsbild-zulassungsstatistik-Nov-2022.jpg","contentUrl":"https:\/\/www.landwirt.com\/news\/wp-content\/uploads\/2022\/12\/Beitragsbild-zulassungsstatistik-Nov-2022.jpg","width":495,"height":400},{"@type":"BreadcrumbList","@id":"https:\/\/www.landwirt.com\/news\/zulassungsstatistik-von-standardtraktoren-in-oesterreich-jaenner-november-2022\/#breadcrumb","itemListElement":[{"@type":"ListItem","position":1,"name":"Home","item":"https:\/\/www.landwirt.com\/news\/home\/"},{"@type":"ListItem","position":2,"name":"Zulassungsstatistik von Standardtraktoren in \u00d6sterreich J\u00e4nner-November 2022"}]},{"@type":"WebSite","@id":"https:\/\/www.landwirt.com\/news\/#website","url":"https:\/\/www.landwirt.com\/news\/","name":"Landwirt.com News","description":"Landwirt.com News","publisher":{"@id":"https:\/\/www.landwirt.com\/news\/#organization"},"potentialAction":[{"@type":"SearchAction","target":{"@type":"EntryPoint","urlTemplate":"https:\/\/www.landwirt.com\/news\/?s={search_term_string}"},"query-input":{"@type":"PropertyValueSpecification","valueRequired":true,"valueName":"search_term_string"}}],"inLanguage":"de-AT"},{"@type":"Organization","@id":"https:\/\/www.landwirt.com\/news\/#organization","name":"LANDWIRT.COM GMBH","url":"https:\/\/www.landwirt.com\/news\/","logo":{"@type":"ImageObject","inLanguage":"de-AT","@id":"https:\/\/www.landwirt.com\/news\/#\/schema\/logo\/image\/","url":"https:\/\/www.landwirt.com\/news\/wp-content\/uploads\/2020\/02\/LW-logo.png","contentUrl":"https:\/\/www.landwirt.com\/news\/wp-content\/uploads\/2020\/02\/LW-logo.png","width":250,"height":58,"caption":"LANDWIRT.COM GMBH"},"image":{"@id":"https:\/\/www.landwirt.com\/news\/#\/schema\/logo\/image\/"}},{"@type":"Person","@id":"https:\/\/www.landwirt.com\/news\/#\/schema\/person\/58b1026d44b61c2d0c39d2d1220d43e9","name":"Edith Winter","image":{"@type":"ImageObject","inLanguage":"de-AT","@id":"https:\/\/secure.gravatar.com\/avatar\/a8a5aac669c36d589ec506dc09b6dcb6e1c7c0b8731e97f1f2dcea5e26e28095?s=96&d=mm&r=g","url":"https:\/\/secure.gravatar.com\/avatar\/a8a5aac669c36d589ec506dc09b6dcb6e1c7c0b8731e97f1f2dcea5e26e28095?s=96&d=mm&r=g","contentUrl":"https:\/\/secure.gravatar.com\/avatar\/a8a5aac669c36d589ec506dc09b6dcb6e1c7c0b8731e97f1f2dcea5e26e28095?s=96&d=mm&r=g","caption":"Edith Winter"},"url":"https:\/\/www.landwirt.com\/news\/author\/edith\/"}]}},"_links":{"self":[{"href":"https:\/\/www.landwirt.com\/news\/wp-json\/wp\/v2\/posts\/11293","targetHints":{"allow":["GET"]}}],"collection":[{"href":"https:\/\/www.landwirt.com\/news\/wp-json\/wp\/v2\/posts"}],"about":[{"href":"https:\/\/www.landwirt.com\/news\/wp-json\/wp\/v2\/types\/post"}],"author":[{"embeddable":true,"href":"https:\/\/www.landwirt.com\/news\/wp-json\/wp\/v2\/users\/15"}],"replies":[{"embeddable":true,"href":"https:\/\/www.landwirt.com\/news\/wp-json\/wp\/v2\/comments?post=11293"}],"version-history":[{"count":6,"href":"https:\/\/www.landwirt.com\/news\/wp-json\/wp\/v2\/posts\/11293\/revisions"}],"predecessor-version":[{"id":11304,"href":"https:\/\/www.landwirt.com\/news\/wp-json\/wp\/v2\/posts\/11293\/revisions\/11304"}],"wp:featuredmedia":[{"embeddable":true,"href":"https:\/\/www.landwirt.com\/news\/wp-json\/wp\/v2\/media\/11299"}],"wp:attachment":[{"href":"https:\/\/www.landwirt.com\/news\/wp-json\/wp\/v2\/media?parent=11293"}],"wp:term":[{"taxonomy":"category","embeddable":true,"href":"https:\/\/www.landwirt.com\/news\/wp-json\/wp\/v2\/categories?post=11293"},{"taxonomy":"post_tag","embeddable":true,"href":"https:\/\/www.landwirt.com\/news\/wp-json\/wp\/v2\/tags?post=11293"}],"curies":[{"name":"wp","href":"https:\/\/api.w.org\/{rel}","templated":true}]}}