{"id":11006,"date":"2022-11-18T11:07:18","date_gmt":"2022-11-18T10:07:18","guid":{"rendered":"https:\/\/www.landwirt.com\/news\/?p=11006"},"modified":"2023-01-18T09:20:53","modified_gmt":"2023-01-18T08:20:53","slug":"traktoren-zulassungsstatistik-in-oesterreich-jaenner-oktober-2022","status":"publish","type":"post","link":"https:\/\/www.landwirt.com\/news\/traktoren-zulassungsstatistik-in-oesterreich-jaenner-oktober-2022\/","title":{"rendered":"Traktoren-Zulassungsstatistik in \u00d6sterreich J\u00e4nner-Oktober 2022"},"content":{"rendered":"\n<hr class=\"wp-block-separator\"\/>\n\n\n\n<h3 class=\"has-text-align-center wp-block-heading\"> Lindner, Massey Ferguson und Valtra halten das Niveau der Zulassungen gegen\u00fcber dem Vorjahr.<\/h3>\n\n\n\n<div style=\"height:20px\" aria-hidden=\"true\" class=\"wp-block-spacer\"><\/div>\n\n\n\n<figure class=\"wp-block-image size-full\"><img loading=\"lazy\" decoding=\"async\" width=\"4108\" height=\"2037\" src=\"https:\/\/www.landwirt.com\/news\/wp-content\/uploads\/2022\/11\/Zulassungsstatstik-standardtraktoren-jan-okt-2022.png\" alt=\"\" class=\"wp-image-11007\" srcset=\"https:\/\/www.landwirt.com\/news\/wp-content\/uploads\/2022\/11\/Zulassungsstatstik-standardtraktoren-jan-okt-2022.png 4108w, https:\/\/www.landwirt.com\/news\/wp-content\/uploads\/2022\/11\/Zulassungsstatstik-standardtraktoren-jan-okt-2022-300x149.png 300w, https:\/\/www.landwirt.com\/news\/wp-content\/uploads\/2022\/11\/Zulassungsstatstik-standardtraktoren-jan-okt-2022-1030x511.png 1030w, https:\/\/www.landwirt.com\/news\/wp-content\/uploads\/2022\/11\/Zulassungsstatstik-standardtraktoren-jan-okt-2022-768x381.png 768w, https:\/\/www.landwirt.com\/news\/wp-content\/uploads\/2022\/11\/Zulassungsstatstik-standardtraktoren-jan-okt-2022-1536x762.png 1536w, https:\/\/www.landwirt.com\/news\/wp-content\/uploads\/2022\/11\/Zulassungsstatstik-standardtraktoren-jan-okt-2022-2048x1016.png 2048w, https:\/\/www.landwirt.com\/news\/wp-content\/uploads\/2022\/11\/Zulassungsstatstik-standardtraktoren-jan-okt-2022-1500x744.png 1500w, https:\/\/www.landwirt.com\/news\/wp-content\/uploads\/2022\/11\/Zulassungsstatstik-standardtraktoren-jan-okt-2022-705x350.png 705w\" sizes=\"auto, (max-width: 4108px) 100vw, 4108px\" \/><\/figure>\n\n\n\n<div class=\"wp-block-columns is-layout-flex wp-container-core-columns-is-layout-9d6595d7 wp-block-columns-is-layout-flex\">\n<div class=\"wp-block-column is-layout-flow wp-block-column-is-layout-flow\" style=\"flex-basis:67.5%\">\n<p>Die 5.- bis 7.-platzierten Marken in der Zulassungsstatistik &#8211; Lindner, Massey Ferguson und Valtra &#8211; sind die einzigen Marken, die \u00e4hnliche Zulassungszahlen aufweisen k\u00f6nnen gegen\u00fcber 2021. Lindner kann hierbei als einzige Marke sogar mit einem kleinen Plus auftrumpfen. Die restlichen 7 Marken in unseren Top 10 liegen hinter den Zulassungen des Vorjahres und teilweise auch 2020 hinterher. Im Schnitt bleiben aber die Zulassungen \u00fcber dem Niveau von 2020.<\/p>\n\n\n\n<h2 class=\"wp-block-heading\">Weitere Zugmaschinen-Zulassungen<\/h2>\n\n\n\n<p>Ein starker R\u00fcckgang ist bei den Zulassungen von Obst- und Weinbautraktoren zu registrieren. Die Zahlen liegen weit unter den Zulassungen von vor vier Jahren. Ebenso r\u00fcckl\u00e4ufig sin die Zulassungen bei Traktoren mit 4 gleich gro\u00dfen R\u00e4dern.<\/p>\n\n\n\n<p>Klein- und Kompakttraktoren hingegen weisen zwar ein kleines Minus bei den Zulassungen gegen\u00fcber 2021 auf, sind aber trotzdem auf beinahe dem selben Level als im Vorjahr.<\/p>\n<\/div>\n\n\n\n<div class=\"wp-block-column is-layout-flow wp-block-column-is-layout-flow\" style=\"flex-basis:32.5%\">\n<figure class=\"wp-block-image size-large\"><img loading=\"lazy\" decoding=\"async\" width=\"1030\" height=\"1030\" src=\"https:\/\/www.landwirt.com\/news\/wp-content\/uploads\/2022\/11\/Zulassungsstatstik-standard-traktoren-insg-jan-okt-2022-1030x1030.png\" alt=\"\" class=\"wp-image-11010\" srcset=\"https:\/\/www.landwirt.com\/news\/wp-content\/uploads\/2022\/11\/Zulassungsstatstik-standard-traktoren-insg-jan-okt-2022-1030x1030.png 1030w, https:\/\/www.landwirt.com\/news\/wp-content\/uploads\/2022\/11\/Zulassungsstatstik-standard-traktoren-insg-jan-okt-2022-300x300.png 300w, https:\/\/www.landwirt.com\/news\/wp-content\/uploads\/2022\/11\/Zulassungsstatstik-standard-traktoren-insg-jan-okt-2022-80x80.png 80w, https:\/\/www.landwirt.com\/news\/wp-content\/uploads\/2022\/11\/Zulassungsstatstik-standard-traktoren-insg-jan-okt-2022-768x767.png 768w, https:\/\/www.landwirt.com\/news\/wp-content\/uploads\/2022\/11\/Zulassungsstatstik-standard-traktoren-insg-jan-okt-2022-1536x1534.png 1536w, https:\/\/www.landwirt.com\/news\/wp-content\/uploads\/2022\/11\/Zulassungsstatstik-standard-traktoren-insg-jan-okt-2022-36x36.png 36w, https:\/\/www.landwirt.com\/news\/wp-content\/uploads\/2022\/11\/Zulassungsstatstik-standard-traktoren-insg-jan-okt-2022-180x180.png 180w, https:\/\/www.landwirt.com\/news\/wp-content\/uploads\/2022\/11\/Zulassungsstatstik-standard-traktoren-insg-jan-okt-2022-1500x1498.png 1500w, https:\/\/www.landwirt.com\/news\/wp-content\/uploads\/2022\/11\/Zulassungsstatstik-standard-traktoren-insg-jan-okt-2022-705x705.png 705w, https:\/\/www.landwirt.com\/news\/wp-content\/uploads\/2022\/11\/Zulassungsstatstik-standard-traktoren-insg-jan-okt-2022.png 1573w\" sizes=\"auto, (max-width: 1030px) 100vw, 1030px\" \/><\/figure>\n<\/div>\n<\/div>\n\n\n\n<div class=\"wp-block-columns is-layout-flex wp-container-core-columns-is-layout-9d6595d7 wp-block-columns-is-layout-flex\">\n<div class=\"wp-block-column is-layout-flow wp-block-column-is-layout-flow\" style=\"flex-basis:33%\">\n<figure class=\"wp-block-image size-large\"><img loading=\"lazy\" decoding=\"async\" width=\"1014\" height=\"1030\" src=\"https:\/\/www.landwirt.com\/news\/wp-content\/uploads\/2022\/11\/Zulassungsstatstik-o-w-traktoren-jan-okt-2022-1014x1030.png\" alt=\"\" class=\"wp-image-11009\" srcset=\"https:\/\/www.landwirt.com\/news\/wp-content\/uploads\/2022\/11\/Zulassungsstatstik-o-w-traktoren-jan-okt-2022-1014x1030.png 1014w, https:\/\/www.landwirt.com\/news\/wp-content\/uploads\/2022\/11\/Zulassungsstatstik-o-w-traktoren-jan-okt-2022-295x300.png 295w, https:\/\/www.landwirt.com\/news\/wp-content\/uploads\/2022\/11\/Zulassungsstatstik-o-w-traktoren-jan-okt-2022-80x80.png 80w, https:\/\/www.landwirt.com\/news\/wp-content\/uploads\/2022\/11\/Zulassungsstatstik-o-w-traktoren-jan-okt-2022-768x780.png 768w, https:\/\/www.landwirt.com\/news\/wp-content\/uploads\/2022\/11\/Zulassungsstatstik-o-w-traktoren-jan-okt-2022-1512x1536.png 1512w, https:\/\/www.landwirt.com\/news\/wp-content\/uploads\/2022\/11\/Zulassungsstatstik-o-w-traktoren-jan-okt-2022-36x36.png 36w, https:\/\/www.landwirt.com\/news\/wp-content\/uploads\/2022\/11\/Zulassungsstatstik-o-w-traktoren-jan-okt-2022-1476x1500.png 1476w, https:\/\/www.landwirt.com\/news\/wp-content\/uploads\/2022\/11\/Zulassungsstatstik-o-w-traktoren-jan-okt-2022-694x705.png 694w, https:\/\/www.landwirt.com\/news\/wp-content\/uploads\/2022\/11\/Zulassungsstatstik-o-w-traktoren-jan-okt-2022.png 1570w\" sizes=\"auto, (max-width: 1014px) 100vw, 1014px\" \/><\/figure>\n<\/div>\n\n\n\n<div class=\"wp-block-column is-layout-flow wp-block-column-is-layout-flow\" style=\"flex-basis:33%\">\n<figure class=\"wp-block-image size-large\"><img loading=\"lazy\" decoding=\"async\" width=\"1030\" height=\"1027\" src=\"https:\/\/www.landwirt.com\/news\/wp-content\/uploads\/2022\/11\/Zulassungsstatstik-traktoren-4-gl-gr-raeder-jan-okt-2022-1030x1027.png\" alt=\"\" class=\"wp-image-11011\" srcset=\"https:\/\/www.landwirt.com\/news\/wp-content\/uploads\/2022\/11\/Zulassungsstatstik-traktoren-4-gl-gr-raeder-jan-okt-2022-1030x1027.png 1030w, https:\/\/www.landwirt.com\/news\/wp-content\/uploads\/2022\/11\/Zulassungsstatstik-traktoren-4-gl-gr-raeder-jan-okt-2022-300x300.png 300w, https:\/\/www.landwirt.com\/news\/wp-content\/uploads\/2022\/11\/Zulassungsstatstik-traktoren-4-gl-gr-raeder-jan-okt-2022-80x80.png 80w, https:\/\/www.landwirt.com\/news\/wp-content\/uploads\/2022\/11\/Zulassungsstatstik-traktoren-4-gl-gr-raeder-jan-okt-2022-768x766.png 768w, https:\/\/www.landwirt.com\/news\/wp-content\/uploads\/2022\/11\/Zulassungsstatstik-traktoren-4-gl-gr-raeder-jan-okt-2022-1536x1532.png 1536w, https:\/\/www.landwirt.com\/news\/wp-content\/uploads\/2022\/11\/Zulassungsstatstik-traktoren-4-gl-gr-raeder-jan-okt-2022-36x36.png 36w, https:\/\/www.landwirt.com\/news\/wp-content\/uploads\/2022\/11\/Zulassungsstatstik-traktoren-4-gl-gr-raeder-jan-okt-2022-180x180.png 180w, https:\/\/www.landwirt.com\/news\/wp-content\/uploads\/2022\/11\/Zulassungsstatstik-traktoren-4-gl-gr-raeder-jan-okt-2022-1500x1496.png 1500w, https:\/\/www.landwirt.com\/news\/wp-content\/uploads\/2022\/11\/Zulassungsstatstik-traktoren-4-gl-gr-raeder-jan-okt-2022-705x703.png 705w, https:\/\/www.landwirt.com\/news\/wp-content\/uploads\/2022\/11\/Zulassungsstatstik-traktoren-4-gl-gr-raeder-jan-okt-2022.png 1576w\" sizes=\"auto, (max-width: 1030px) 100vw, 1030px\" \/><\/figure>\n<\/div>\n\n\n\n<div class=\"wp-block-column is-vertically-aligned-top is-layout-flow wp-block-column-is-layout-flow\" style=\"flex-basis:33%\">\n<figure class=\"wp-block-image size-large\"><img loading=\"lazy\" decoding=\"async\" width=\"1011\" height=\"1030\" src=\"https:\/\/www.landwirt.com\/news\/wp-content\/uploads\/2022\/11\/Zulassungsstatstik-kompakttraktoren-jan-okt-2022-1011x1030.png\" alt=\"\" class=\"wp-image-11012\" srcset=\"https:\/\/www.landwirt.com\/news\/wp-content\/uploads\/2022\/11\/Zulassungsstatstik-kompakttraktoren-jan-okt-2022-1011x1030.png 1011w, https:\/\/www.landwirt.com\/news\/wp-content\/uploads\/2022\/11\/Zulassungsstatstik-kompakttraktoren-jan-okt-2022-294x300.png 294w, https:\/\/www.landwirt.com\/news\/wp-content\/uploads\/2022\/11\/Zulassungsstatstik-kompakttraktoren-jan-okt-2022-768x783.png 768w, https:\/\/www.landwirt.com\/news\/wp-content\/uploads\/2022\/11\/Zulassungsstatstik-kompakttraktoren-jan-okt-2022-1507x1536.png 1507w, https:\/\/www.landwirt.com\/news\/wp-content\/uploads\/2022\/11\/Zulassungsstatstik-kompakttraktoren-jan-okt-2022-36x36.png 36w, https:\/\/www.landwirt.com\/news\/wp-content\/uploads\/2022\/11\/Zulassungsstatstik-kompakttraktoren-jan-okt-2022-1472x1500.png 1472w, https:\/\/www.landwirt.com\/news\/wp-content\/uploads\/2022\/11\/Zulassungsstatstik-kompakttraktoren-jan-okt-2022-692x705.png 692w, https:\/\/www.landwirt.com\/news\/wp-content\/uploads\/2022\/11\/Zulassungsstatstik-kompakttraktoren-jan-okt-2022.png 1567w\" sizes=\"auto, (max-width: 1011px) 100vw, 1011px\" \/><\/figure>\n<\/div>\n<\/div>\n\n\n\n<div class=\"wp-block-columns is-layout-flex wp-container-core-columns-is-layout-9d6595d7 wp-block-columns-is-layout-flex\">\n<div class=\"wp-block-column is-layout-flow wp-block-column-is-layout-flow\">\n<figure class=\"wp-block-image size-large\"><img loading=\"lazy\" decoding=\"async\" width=\"1030\" height=\"880\" src=\"https:\/\/www.landwirt.com\/news\/wp-content\/uploads\/2022\/11\/marktanzeil-maehdrescher-jan-okt-2022-1030x880.png\" alt=\"\" class=\"wp-image-11015\" srcset=\"https:\/\/www.landwirt.com\/news\/wp-content\/uploads\/2022\/11\/marktanzeil-maehdrescher-jan-okt-2022-1030x880.png 1030w, https:\/\/www.landwirt.com\/news\/wp-content\/uploads\/2022\/11\/marktanzeil-maehdrescher-jan-okt-2022-300x256.png 300w, https:\/\/www.landwirt.com\/news\/wp-content\/uploads\/2022\/11\/marktanzeil-maehdrescher-jan-okt-2022-768x656.png 768w, https:\/\/www.landwirt.com\/news\/wp-content\/uploads\/2022\/11\/marktanzeil-maehdrescher-jan-okt-2022-1536x1312.png 1536w, https:\/\/www.landwirt.com\/news\/wp-content\/uploads\/2022\/11\/marktanzeil-maehdrescher-jan-okt-2022-2048x1750.png 2048w, https:\/\/www.landwirt.com\/news\/wp-content\/uploads\/2022\/11\/marktanzeil-maehdrescher-jan-okt-2022-1500x1282.png 1500w, https:\/\/www.landwirt.com\/news\/wp-content\/uploads\/2022\/11\/marktanzeil-maehdrescher-jan-okt-2022-705x602.png 705w\" sizes=\"auto, (max-width: 1030px) 100vw, 1030px\" \/><\/figure>\n<\/div>\n\n\n\n<div class=\"wp-block-column is-layout-flow wp-block-column-is-layout-flow\">\n<h2 class=\"wp-block-heading\">Marktanteil M\u00e4hdrescher<\/h2>\n\n\n\n<p>Den M\u00e4hdrescher-Markt dominieren im Grunde drei Marken:<\/p>\n\n\n\n<ul class=\"wp-block-list\"><li>Claas mit fast der H\u00e4lfte aller Zulassungen 2022<\/li><li>New Holland mit einem Viertel der Zulassungen und<\/li><li>John Deere mit knapp einem F\u00fcnftel der Zulassungen<\/li><\/ul>\n\n\n\n<p>Die restlichen 10% Marktanteil teilen sich Case IH, Massey Ferguson, Deutz-Fahr und Fendt auf.<\/p>\n\n\n\n<p><\/p>\n<\/div>\n<\/div>\n\n\n\n<h2 class=\"has-text-align-center wp-block-heading\">Die Zulassungszahlen im Detail<\/h2>\n\n\n\n<div class=\"wp-block-columns is-layout-flex wp-container-core-columns-is-layout-9d6595d7 wp-block-columns-is-layout-flex\">\n<div class=\"wp-block-column is-layout-flow wp-block-column-is-layout-flow\" style=\"flex-basis:51%\">\n<figure class=\"wp-block-image size-large\"><a href=\"https:\/\/www.landwirt.com\/news\/wp-content\/uploads\/2022\/11\/tabelle-zulassungsstatistik-standardtraktoren-jan-okt-2022.png\"><img loading=\"lazy\" decoding=\"async\" width=\"775\" height=\"1030\" src=\"https:\/\/www.landwirt.com\/news\/wp-content\/uploads\/2022\/11\/tabelle-zulassungsstatistik-standardtraktoren-jan-okt-2022-775x1030.png\" alt=\"\" class=\"wp-image-11080\" srcset=\"https:\/\/www.landwirt.com\/news\/wp-content\/uploads\/2022\/11\/tabelle-zulassungsstatistik-standardtraktoren-jan-okt-2022-775x1030.png 775w, https:\/\/www.landwirt.com\/news\/wp-content\/uploads\/2022\/11\/tabelle-zulassungsstatistik-standardtraktoren-jan-okt-2022-226x300.png 226w, https:\/\/www.landwirt.com\/news\/wp-content\/uploads\/2022\/11\/tabelle-zulassungsstatistik-standardtraktoren-jan-okt-2022-768x1021.png 768w, https:\/\/www.landwirt.com\/news\/wp-content\/uploads\/2022\/11\/tabelle-zulassungsstatistik-standardtraktoren-jan-okt-2022-530x705.png 530w, https:\/\/www.landwirt.com\/news\/wp-content\/uploads\/2022\/11\/tabelle-zulassungsstatistik-standardtraktoren-jan-okt-2022.png 816w\" sizes=\"auto, (max-width: 775px) 100vw, 775px\" \/><\/a><\/figure>\n<\/div>\n\n\n\n<div class=\"wp-block-column is-layout-flow wp-block-column-is-layout-flow\" style=\"flex-basis:49%\">\n<figure class=\"wp-block-image size-full\"><a href=\"https:\/\/www.landwirt.com\/news\/wp-content\/uploads\/2022\/11\/tabelle-zulassungsstatistik-maehdrescher-jan-okt-2022-1.png\"><img loading=\"lazy\" decoding=\"async\" width=\"787\" height=\"497\" src=\"https:\/\/www.landwirt.com\/news\/wp-content\/uploads\/2022\/11\/tabelle-zulassungsstatistik-maehdrescher-jan-okt-2022-1.png\" alt=\"\" class=\"wp-image-11083\" srcset=\"https:\/\/www.landwirt.com\/news\/wp-content\/uploads\/2022\/11\/tabelle-zulassungsstatistik-maehdrescher-jan-okt-2022-1.png 787w, https:\/\/www.landwirt.com\/news\/wp-content\/uploads\/2022\/11\/tabelle-zulassungsstatistik-maehdrescher-jan-okt-2022-1-300x189.png 300w, https:\/\/www.landwirt.com\/news\/wp-content\/uploads\/2022\/11\/tabelle-zulassungsstatistik-maehdrescher-jan-okt-2022-1-768x485.png 768w, https:\/\/www.landwirt.com\/news\/wp-content\/uploads\/2022\/11\/tabelle-zulassungsstatistik-maehdrescher-jan-okt-2022-1-705x445.png 705w\" sizes=\"auto, (max-width: 787px) 100vw, 787px\" \/><\/a><\/figure>\n<\/div>\n<\/div>\n","protected":false},"excerpt":{"rendered":"<p> Lindner, Massey Ferguson und Valtra halten das Niveau der Zulassungen gegen\u00fcber dem Vorjahr.<\/p>\n","protected":false},"author":15,"featured_media":11018,"comment_status":"closed","ping_status":"closed","sticky":false,"template":"","format":"standard","meta":{"footnotes":""},"categories":[15,1,483,14],"tags":[56,55,62,183,57,54],"class_list":["post-11006","post","type-post","status-publish","format-standard","has-post-thumbnail","hentry","category-landwirt","category-werbung","category-werbung-top","category-zulassungsstatistik","tag-obsttraktoren","tag-standardtraktoren","tag-traktor","tag-traktoren","tag-weinbautraktoren","tag-zulassungsstatistik"],"yoast_head":"<!-- This site is optimized with the Yoast SEO plugin v27.5 - https:\/\/yoast.com\/product\/yoast-seo-wordpress\/ -->\n<title>Traktoren-Zulassungsstatistik in \u00d6sterreich J\u00e4nner-Oktober 2022 - Landwirt.com News<\/title>\n<meta name=\"description\" content=\"Lindner, Massey Ferguson und Valtra halten das Niveau der Zulassungen gegen\u00fcber dem Vorjahr.\" \/>\n<meta name=\"robots\" content=\"index, follow, max-snippet:-1, max-image-preview:large, max-video-preview:-1\" \/>\n<meta property=\"og:locale\" content=\"de_DE\" \/>\n<meta property=\"og:type\" content=\"article\" \/>\n<meta property=\"og:title\" content=\"Traktoren-Zulassungsstatistik in \u00d6sterreich J\u00e4nner-Oktober 2022 - Landwirt.com News\" \/>\n<meta property=\"og:description\" content=\"Lindner, Massey Ferguson und Valtra halten das Niveau der Zulassungen gegen\u00fcber dem Vorjahr.\" \/>\n<meta property=\"og:url\" content=\"https:\/\/www.landwirt.com\/news\/traktoren-zulassungsstatistik-in-oesterreich-jaenner-oktober-2022\/\" \/>\n<meta property=\"og:site_name\" content=\"Landwirt.com News\" \/>\n<meta property=\"article:published_time\" content=\"2022-11-18T10:07:18+00:00\" \/>\n<meta property=\"article:modified_time\" content=\"2023-01-18T08:20:53+00:00\" \/>\n<meta property=\"og:image\" content=\"https:\/\/www.landwirt.com\/news\/wp-content\/uploads\/2022\/11\/Beitragsbild-zulassungsstatistik-Okt-2022.jpg\" \/>\n\t<meta property=\"og:image:width\" content=\"495\" \/>\n\t<meta property=\"og:image:height\" content=\"400\" \/>\n\t<meta property=\"og:image:type\" content=\"image\/jpeg\" \/>\n<meta name=\"author\" content=\"Edith Winter\" \/>\n<meta name=\"twitter:card\" content=\"summary_large_image\" \/>\n<meta name=\"twitter:title\" content=\"Traktoren-Zulassungsstatistik in \u00d6sterreich J\u00e4nner-Oktober 2022 - Landwirt.com News\" \/>\n<meta name=\"twitter:description\" content=\"Lindner, Massey Ferguson und Valtra halten das Niveau der Zulassungen gegen\u00fcber dem Vorjahr.\" \/>\n<meta name=\"twitter:label1\" content=\"Verfasst von\" \/>\n\t<meta name=\"twitter:data1\" content=\"Edith Winter\" \/>\n\t<meta name=\"twitter:label2\" content=\"Gesch\u00e4tzte Lesezeit\" \/>\n\t<meta name=\"twitter:data2\" content=\"3 Minuten\" \/>\n<script type=\"application\/ld+json\" class=\"yoast-schema-graph\">{\"@context\":\"https:\\\/\\\/schema.org\",\"@graph\":[{\"@type\":\"Article\",\"@id\":\"https:\\\/\\\/www.landwirt.com\\\/news\\\/traktoren-zulassungsstatistik-in-oesterreich-jaenner-oktober-2022\\\/#article\",\"isPartOf\":{\"@id\":\"https:\\\/\\\/www.landwirt.com\\\/news\\\/traktoren-zulassungsstatistik-in-oesterreich-jaenner-oktober-2022\\\/\"},\"author\":{\"name\":\"Edith Winter\",\"@id\":\"https:\\\/\\\/www.landwirt.com\\\/news\\\/#\\\/schema\\\/person\\\/58b1026d44b61c2d0c39d2d1220d43e9\"},\"headline\":\"Traktoren-Zulassungsstatistik in \u00d6sterreich J\u00e4nner-Oktober 2022\",\"datePublished\":\"2022-11-18T10:07:18+00:00\",\"dateModified\":\"2023-01-18T08:20:53+00:00\",\"mainEntityOfPage\":{\"@id\":\"https:\\\/\\\/www.landwirt.com\\\/news\\\/traktoren-zulassungsstatistik-in-oesterreich-jaenner-oktober-2022\\\/\"},\"wordCount\":205,\"publisher\":{\"@id\":\"https:\\\/\\\/www.landwirt.com\\\/news\\\/#organization\"},\"image\":{\"@id\":\"https:\\\/\\\/www.landwirt.com\\\/news\\\/traktoren-zulassungsstatistik-in-oesterreich-jaenner-oktober-2022\\\/#primaryimage\"},\"thumbnailUrl\":\"https:\\\/\\\/www.landwirt.com\\\/news\\\/wp-content\\\/uploads\\\/2022\\\/11\\\/Beitragsbild-zulassungsstatistik-Okt-2022.jpg\",\"keywords\":[\"Obsttraktoren\",\"Standardtraktoren\",\"Traktor\",\"Traktoren\",\"Weinbautraktoren\",\"Zulassungsstatistik\"],\"articleSection\":[\"Landwirt\",\"Werbung\",\"Werbung Top\",\"Zulassungsstatistik\"],\"inLanguage\":\"de-AT\"},{\"@type\":\"WebPage\",\"@id\":\"https:\\\/\\\/www.landwirt.com\\\/news\\\/traktoren-zulassungsstatistik-in-oesterreich-jaenner-oktober-2022\\\/\",\"url\":\"https:\\\/\\\/www.landwirt.com\\\/news\\\/traktoren-zulassungsstatistik-in-oesterreich-jaenner-oktober-2022\\\/\",\"name\":\"Traktoren-Zulassungsstatistik in \u00d6sterreich J\u00e4nner-Oktober 2022 - Landwirt.com News\",\"isPartOf\":{\"@id\":\"https:\\\/\\\/www.landwirt.com\\\/news\\\/#website\"},\"primaryImageOfPage\":{\"@id\":\"https:\\\/\\\/www.landwirt.com\\\/news\\\/traktoren-zulassungsstatistik-in-oesterreich-jaenner-oktober-2022\\\/#primaryimage\"},\"image\":{\"@id\":\"https:\\\/\\\/www.landwirt.com\\\/news\\\/traktoren-zulassungsstatistik-in-oesterreich-jaenner-oktober-2022\\\/#primaryimage\"},\"thumbnailUrl\":\"https:\\\/\\\/www.landwirt.com\\\/news\\\/wp-content\\\/uploads\\\/2022\\\/11\\\/Beitragsbild-zulassungsstatistik-Okt-2022.jpg\",\"datePublished\":\"2022-11-18T10:07:18+00:00\",\"dateModified\":\"2023-01-18T08:20:53+00:00\",\"description\":\"Lindner, Massey Ferguson und Valtra halten das Niveau der Zulassungen gegen\u00fcber dem Vorjahr.\",\"breadcrumb\":{\"@id\":\"https:\\\/\\\/www.landwirt.com\\\/news\\\/traktoren-zulassungsstatistik-in-oesterreich-jaenner-oktober-2022\\\/#breadcrumb\"},\"inLanguage\":\"de-AT\",\"potentialAction\":[{\"@type\":\"ReadAction\",\"target\":[\"https:\\\/\\\/www.landwirt.com\\\/news\\\/traktoren-zulassungsstatistik-in-oesterreich-jaenner-oktober-2022\\\/\"]}]},{\"@type\":\"ImageObject\",\"inLanguage\":\"de-AT\",\"@id\":\"https:\\\/\\\/www.landwirt.com\\\/news\\\/traktoren-zulassungsstatistik-in-oesterreich-jaenner-oktober-2022\\\/#primaryimage\",\"url\":\"https:\\\/\\\/www.landwirt.com\\\/news\\\/wp-content\\\/uploads\\\/2022\\\/11\\\/Beitragsbild-zulassungsstatistik-Okt-2022.jpg\",\"contentUrl\":\"https:\\\/\\\/www.landwirt.com\\\/news\\\/wp-content\\\/uploads\\\/2022\\\/11\\\/Beitragsbild-zulassungsstatistik-Okt-2022.jpg\",\"width\":495,\"height\":400},{\"@type\":\"BreadcrumbList\",\"@id\":\"https:\\\/\\\/www.landwirt.com\\\/news\\\/traktoren-zulassungsstatistik-in-oesterreich-jaenner-oktober-2022\\\/#breadcrumb\",\"itemListElement\":[{\"@type\":\"ListItem\",\"position\":1,\"name\":\"Home\",\"item\":\"https:\\\/\\\/www.landwirt.com\\\/news\\\/home\\\/\"},{\"@type\":\"ListItem\",\"position\":2,\"name\":\"Traktoren-Zulassungsstatistik in \u00d6sterreich J\u00e4nner-Oktober 2022\"}]},{\"@type\":\"WebSite\",\"@id\":\"https:\\\/\\\/www.landwirt.com\\\/news\\\/#website\",\"url\":\"https:\\\/\\\/www.landwirt.com\\\/news\\\/\",\"name\":\"Landwirt.com News\",\"description\":\"Landwirt.com News\",\"publisher\":{\"@id\":\"https:\\\/\\\/www.landwirt.com\\\/news\\\/#organization\"},\"potentialAction\":[{\"@type\":\"SearchAction\",\"target\":{\"@type\":\"EntryPoint\",\"urlTemplate\":\"https:\\\/\\\/www.landwirt.com\\\/news\\\/?s={search_term_string}\"},\"query-input\":{\"@type\":\"PropertyValueSpecification\",\"valueRequired\":true,\"valueName\":\"search_term_string\"}}],\"inLanguage\":\"de-AT\"},{\"@type\":\"Organization\",\"@id\":\"https:\\\/\\\/www.landwirt.com\\\/news\\\/#organization\",\"name\":\"LANDWIRT.COM GMBH\",\"url\":\"https:\\\/\\\/www.landwirt.com\\\/news\\\/\",\"logo\":{\"@type\":\"ImageObject\",\"inLanguage\":\"de-AT\",\"@id\":\"https:\\\/\\\/www.landwirt.com\\\/news\\\/#\\\/schema\\\/logo\\\/image\\\/\",\"url\":\"https:\\\/\\\/www.landwirt.com\\\/news\\\/wp-content\\\/uploads\\\/2020\\\/02\\\/LW-logo.png\",\"contentUrl\":\"https:\\\/\\\/www.landwirt.com\\\/news\\\/wp-content\\\/uploads\\\/2020\\\/02\\\/LW-logo.png\",\"width\":250,\"height\":58,\"caption\":\"LANDWIRT.COM GMBH\"},\"image\":{\"@id\":\"https:\\\/\\\/www.landwirt.com\\\/news\\\/#\\\/schema\\\/logo\\\/image\\\/\"}},{\"@type\":\"Person\",\"@id\":\"https:\\\/\\\/www.landwirt.com\\\/news\\\/#\\\/schema\\\/person\\\/58b1026d44b61c2d0c39d2d1220d43e9\",\"name\":\"Edith Winter\",\"image\":{\"@type\":\"ImageObject\",\"inLanguage\":\"de-AT\",\"@id\":\"https:\\\/\\\/secure.gravatar.com\\\/avatar\\\/a8a5aac669c36d589ec506dc09b6dcb6e1c7c0b8731e97f1f2dcea5e26e28095?s=96&d=mm&r=g\",\"url\":\"https:\\\/\\\/secure.gravatar.com\\\/avatar\\\/a8a5aac669c36d589ec506dc09b6dcb6e1c7c0b8731e97f1f2dcea5e26e28095?s=96&d=mm&r=g\",\"contentUrl\":\"https:\\\/\\\/secure.gravatar.com\\\/avatar\\\/a8a5aac669c36d589ec506dc09b6dcb6e1c7c0b8731e97f1f2dcea5e26e28095?s=96&d=mm&r=g\",\"caption\":\"Edith Winter\"},\"url\":\"https:\\\/\\\/www.landwirt.com\\\/news\\\/author\\\/edith\\\/\"}]}<\/script>\n<!-- \/ Yoast SEO plugin. -->","yoast_head_json":{"title":"Traktoren-Zulassungsstatistik in \u00d6sterreich J\u00e4nner-Oktober 2022 - Landwirt.com News","description":"Lindner, Massey Ferguson und Valtra halten das Niveau der Zulassungen gegen\u00fcber dem Vorjahr.","robots":{"index":"index","follow":"follow","max-snippet":"max-snippet:-1","max-image-preview":"max-image-preview:large","max-video-preview":"max-video-preview:-1"},"og_locale":"de_DE","og_type":"article","og_title":"Traktoren-Zulassungsstatistik in \u00d6sterreich J\u00e4nner-Oktober 2022 - Landwirt.com News","og_description":"Lindner, Massey Ferguson und Valtra halten das Niveau der Zulassungen gegen\u00fcber dem Vorjahr.","og_url":"https:\/\/www.landwirt.com\/news\/traktoren-zulassungsstatistik-in-oesterreich-jaenner-oktober-2022\/","og_site_name":"Landwirt.com News","article_published_time":"2022-11-18T10:07:18+00:00","article_modified_time":"2023-01-18T08:20:53+00:00","og_image":[{"width":495,"height":400,"url":"https:\/\/www.landwirt.com\/news\/wp-content\/uploads\/2022\/11\/Beitragsbild-zulassungsstatistik-Okt-2022.jpg","type":"image\/jpeg"}],"author":"Edith Winter","twitter_card":"summary_large_image","twitter_title":"Traktoren-Zulassungsstatistik in \u00d6sterreich J\u00e4nner-Oktober 2022 - Landwirt.com News","twitter_description":"Lindner, Massey Ferguson und Valtra halten das Niveau der Zulassungen gegen\u00fcber dem Vorjahr.","twitter_misc":{"Verfasst von":"Edith Winter","Gesch\u00e4tzte Lesezeit":"3 Minuten"},"schema":{"@context":"https:\/\/schema.org","@graph":[{"@type":"Article","@id":"https:\/\/www.landwirt.com\/news\/traktoren-zulassungsstatistik-in-oesterreich-jaenner-oktober-2022\/#article","isPartOf":{"@id":"https:\/\/www.landwirt.com\/news\/traktoren-zulassungsstatistik-in-oesterreich-jaenner-oktober-2022\/"},"author":{"name":"Edith Winter","@id":"https:\/\/www.landwirt.com\/news\/#\/schema\/person\/58b1026d44b61c2d0c39d2d1220d43e9"},"headline":"Traktoren-Zulassungsstatistik in \u00d6sterreich J\u00e4nner-Oktober 2022","datePublished":"2022-11-18T10:07:18+00:00","dateModified":"2023-01-18T08:20:53+00:00","mainEntityOfPage":{"@id":"https:\/\/www.landwirt.com\/news\/traktoren-zulassungsstatistik-in-oesterreich-jaenner-oktober-2022\/"},"wordCount":205,"publisher":{"@id":"https:\/\/www.landwirt.com\/news\/#organization"},"image":{"@id":"https:\/\/www.landwirt.com\/news\/traktoren-zulassungsstatistik-in-oesterreich-jaenner-oktober-2022\/#primaryimage"},"thumbnailUrl":"https:\/\/www.landwirt.com\/news\/wp-content\/uploads\/2022\/11\/Beitragsbild-zulassungsstatistik-Okt-2022.jpg","keywords":["Obsttraktoren","Standardtraktoren","Traktor","Traktoren","Weinbautraktoren","Zulassungsstatistik"],"articleSection":["Landwirt","Werbung","Werbung Top","Zulassungsstatistik"],"inLanguage":"de-AT"},{"@type":"WebPage","@id":"https:\/\/www.landwirt.com\/news\/traktoren-zulassungsstatistik-in-oesterreich-jaenner-oktober-2022\/","url":"https:\/\/www.landwirt.com\/news\/traktoren-zulassungsstatistik-in-oesterreich-jaenner-oktober-2022\/","name":"Traktoren-Zulassungsstatistik in \u00d6sterreich J\u00e4nner-Oktober 2022 - Landwirt.com News","isPartOf":{"@id":"https:\/\/www.landwirt.com\/news\/#website"},"primaryImageOfPage":{"@id":"https:\/\/www.landwirt.com\/news\/traktoren-zulassungsstatistik-in-oesterreich-jaenner-oktober-2022\/#primaryimage"},"image":{"@id":"https:\/\/www.landwirt.com\/news\/traktoren-zulassungsstatistik-in-oesterreich-jaenner-oktober-2022\/#primaryimage"},"thumbnailUrl":"https:\/\/www.landwirt.com\/news\/wp-content\/uploads\/2022\/11\/Beitragsbild-zulassungsstatistik-Okt-2022.jpg","datePublished":"2022-11-18T10:07:18+00:00","dateModified":"2023-01-18T08:20:53+00:00","description":"Lindner, Massey Ferguson und Valtra halten das Niveau der Zulassungen gegen\u00fcber dem Vorjahr.","breadcrumb":{"@id":"https:\/\/www.landwirt.com\/news\/traktoren-zulassungsstatistik-in-oesterreich-jaenner-oktober-2022\/#breadcrumb"},"inLanguage":"de-AT","potentialAction":[{"@type":"ReadAction","target":["https:\/\/www.landwirt.com\/news\/traktoren-zulassungsstatistik-in-oesterreich-jaenner-oktober-2022\/"]}]},{"@type":"ImageObject","inLanguage":"de-AT","@id":"https:\/\/www.landwirt.com\/news\/traktoren-zulassungsstatistik-in-oesterreich-jaenner-oktober-2022\/#primaryimage","url":"https:\/\/www.landwirt.com\/news\/wp-content\/uploads\/2022\/11\/Beitragsbild-zulassungsstatistik-Okt-2022.jpg","contentUrl":"https:\/\/www.landwirt.com\/news\/wp-content\/uploads\/2022\/11\/Beitragsbild-zulassungsstatistik-Okt-2022.jpg","width":495,"height":400},{"@type":"BreadcrumbList","@id":"https:\/\/www.landwirt.com\/news\/traktoren-zulassungsstatistik-in-oesterreich-jaenner-oktober-2022\/#breadcrumb","itemListElement":[{"@type":"ListItem","position":1,"name":"Home","item":"https:\/\/www.landwirt.com\/news\/home\/"},{"@type":"ListItem","position":2,"name":"Traktoren-Zulassungsstatistik in \u00d6sterreich J\u00e4nner-Oktober 2022"}]},{"@type":"WebSite","@id":"https:\/\/www.landwirt.com\/news\/#website","url":"https:\/\/www.landwirt.com\/news\/","name":"Landwirt.com News","description":"Landwirt.com News","publisher":{"@id":"https:\/\/www.landwirt.com\/news\/#organization"},"potentialAction":[{"@type":"SearchAction","target":{"@type":"EntryPoint","urlTemplate":"https:\/\/www.landwirt.com\/news\/?s={search_term_string}"},"query-input":{"@type":"PropertyValueSpecification","valueRequired":true,"valueName":"search_term_string"}}],"inLanguage":"de-AT"},{"@type":"Organization","@id":"https:\/\/www.landwirt.com\/news\/#organization","name":"LANDWIRT.COM GMBH","url":"https:\/\/www.landwirt.com\/news\/","logo":{"@type":"ImageObject","inLanguage":"de-AT","@id":"https:\/\/www.landwirt.com\/news\/#\/schema\/logo\/image\/","url":"https:\/\/www.landwirt.com\/news\/wp-content\/uploads\/2020\/02\/LW-logo.png","contentUrl":"https:\/\/www.landwirt.com\/news\/wp-content\/uploads\/2020\/02\/LW-logo.png","width":250,"height":58,"caption":"LANDWIRT.COM GMBH"},"image":{"@id":"https:\/\/www.landwirt.com\/news\/#\/schema\/logo\/image\/"}},{"@type":"Person","@id":"https:\/\/www.landwirt.com\/news\/#\/schema\/person\/58b1026d44b61c2d0c39d2d1220d43e9","name":"Edith Winter","image":{"@type":"ImageObject","inLanguage":"de-AT","@id":"https:\/\/secure.gravatar.com\/avatar\/a8a5aac669c36d589ec506dc09b6dcb6e1c7c0b8731e97f1f2dcea5e26e28095?s=96&d=mm&r=g","url":"https:\/\/secure.gravatar.com\/avatar\/a8a5aac669c36d589ec506dc09b6dcb6e1c7c0b8731e97f1f2dcea5e26e28095?s=96&d=mm&r=g","contentUrl":"https:\/\/secure.gravatar.com\/avatar\/a8a5aac669c36d589ec506dc09b6dcb6e1c7c0b8731e97f1f2dcea5e26e28095?s=96&d=mm&r=g","caption":"Edith Winter"},"url":"https:\/\/www.landwirt.com\/news\/author\/edith\/"}]}},"_links":{"self":[{"href":"https:\/\/www.landwirt.com\/news\/wp-json\/wp\/v2\/posts\/11006","targetHints":{"allow":["GET"]}}],"collection":[{"href":"https:\/\/www.landwirt.com\/news\/wp-json\/wp\/v2\/posts"}],"about":[{"href":"https:\/\/www.landwirt.com\/news\/wp-json\/wp\/v2\/types\/post"}],"author":[{"embeddable":true,"href":"https:\/\/www.landwirt.com\/news\/wp-json\/wp\/v2\/users\/15"}],"replies":[{"embeddable":true,"href":"https:\/\/www.landwirt.com\/news\/wp-json\/wp\/v2\/comments?post=11006"}],"version-history":[{"count":9,"href":"https:\/\/www.landwirt.com\/news\/wp-json\/wp\/v2\/posts\/11006\/revisions"}],"predecessor-version":[{"id":11085,"href":"https:\/\/www.landwirt.com\/news\/wp-json\/wp\/v2\/posts\/11006\/revisions\/11085"}],"wp:featuredmedia":[{"embeddable":true,"href":"https:\/\/www.landwirt.com\/news\/wp-json\/wp\/v2\/media\/11018"}],"wp:attachment":[{"href":"https:\/\/www.landwirt.com\/news\/wp-json\/wp\/v2\/media?parent=11006"}],"wp:term":[{"taxonomy":"category","embeddable":true,"href":"https:\/\/www.landwirt.com\/news\/wp-json\/wp\/v2\/categories?post=11006"},{"taxonomy":"post_tag","embeddable":true,"href":"https:\/\/www.landwirt.com\/news\/wp-json\/wp\/v2\/tags?post=11006"}],"curies":[{"name":"wp","href":"https:\/\/api.w.org\/{rel}","templated":true}]}}