{"id":10847,"date":"2022-11-11T12:05:32","date_gmt":"2022-11-11T11:05:32","guid":{"rendered":"https:\/\/www.landwirt.com\/news\/?p=10847"},"modified":"2022-11-17T10:37:46","modified_gmt":"2022-11-17T09:37:46","slug":"einboeck-laedt-mit-innovationen-und-vortraegen-zur-agraria-in-wels","status":"publish","type":"post","link":"https:\/\/www.landwirt.com\/news\/einboeck-laedt-mit-innovationen-und-vortraegen-zur-agraria-in-wels\/","title":{"rendered":"Einb\u00f6ck l\u00e4dt mit Innovationen und Vortr\u00e4gen zur Agraria in Wels"},"content":{"rendered":"\n<hr class=\"wp-block-separator\"\/>\n\n\n\n<p style=\"font-size:1.1em\"><strong><strong>4 Tage | 6 Vortr\u00e4ge | viele Innovationen und noch mehr fachlichen Austausch<\/strong><\/strong><\/p>\n\n\n\n<div class=\"wp-block-columns is-layout-flex wp-container-core-columns-is-layout-9d6595d7 wp-block-columns-is-layout-flex\">\n<div class=\"wp-block-column is-layout-flow wp-block-column-is-layout-flow\">\n<p>Am 23.11. startet die Agraria in Wels &#8211; und auch Einb\u00f6ck ist wieder auf der gr\u00f6\u00dften Land- und Forstwirtschaftsmesse \u00d6sterreichs mit dabei. Auf knapp 400 m\u00b2 werden alle Neuheiten und Innovationen der Striegel-, Hack- und S\u00e4technik pr\u00e4sentiert.<\/p>\n\n\n\n<h3 class=\"wp-block-heading\">Vortr\u00e4ge mit Tipps und Anwendungshinweisen<\/h3>\n\n\n\n<p>Als besonderes Highlight bietet Einb\u00f6ck dieses Jahr Vortr\u00e4ge zu folgenden Themen:<\/p>\n\n\n\n<ul class=\"wp-block-list\"><li><em>\u201eProfessionelle Gr\u00fcnlandpflege: Futterqualit\u00e4t steigern \u2013 Ertrag sichern\u201c<\/em><\/li><li><em>\u201eMechanische Unkrautregulierung: Striegeln und Hacken in Mais &amp; Sojabohne\u201c<br><\/em>Die Vortr\u00e4ge finden von 24.11. und 25.11. jeweils von 15:00 &#8211; 16:30 Uhr statt. Am 26.11. ist der Vortrag von 14:00 &#8211; 15:30 geplant.<\/li><\/ul>\n<\/div>\n\n\n\n<div class=\"wp-block-column is-layout-flow wp-block-column-is-layout-flow\">\n<figure class=\"wp-block-image size-large\"><img loading=\"lazy\" decoding=\"async\" width=\"1030\" height=\"688\" src=\"https:\/\/www.landwirt.com\/news\/wp-content\/uploads\/2022\/11\/221028_Einladung_Agraria_Wels-1030x688.jpg\" alt=\"\" class=\"wp-image-10848\" srcset=\"https:\/\/www.landwirt.com\/news\/wp-content\/uploads\/2022\/11\/221028_Einladung_Agraria_Wels-1030x688.jpg 1030w, https:\/\/www.landwirt.com\/news\/wp-content\/uploads\/2022\/11\/221028_Einladung_Agraria_Wels-300x200.jpg 300w, https:\/\/www.landwirt.com\/news\/wp-content\/uploads\/2022\/11\/221028_Einladung_Agraria_Wels-768x513.jpg 768w, https:\/\/www.landwirt.com\/news\/wp-content\/uploads\/2022\/11\/221028_Einladung_Agraria_Wels-1536x1025.jpg 1536w, https:\/\/www.landwirt.com\/news\/wp-content\/uploads\/2022\/11\/221028_Einladung_Agraria_Wels-2048x1367.jpg 2048w, https:\/\/www.landwirt.com\/news\/wp-content\/uploads\/2022\/11\/221028_Einladung_Agraria_Wels-1500x1001.jpg 1500w, https:\/\/www.landwirt.com\/news\/wp-content\/uploads\/2022\/11\/221028_Einladung_Agraria_Wels-705x471.jpg 705w\" sizes=\"auto, (max-width: 1030px) 100vw, 1030px\" \/><\/figure>\n<\/div>\n<\/div>\n\n\n\n<p>Das gesamte Einb\u00f6ck Team freut sich auf 4 Tage Landtechnik pur, interessante Gespr\u00e4che und innovative L\u00f6sungen. Die Berater stehen f\u00fcr Details und offene Fragen jederzeit zur Verf\u00fcgung:<\/p>\n\n\n\n<p><strong>Einb\u00f6ck-Stand:<\/strong> Halle 21 | Stand 30<br><strong>Vortr\u00e4ge:<\/strong> Halle 21 | Raum 21.2 | 24.-25.11. 15:00 &#8211; 16:30 Uhr | 26.11. 14:00 &#8211; 15:30<\/p>\n","protected":false},"excerpt":{"rendered":"<p>4 Tage | 6 Vortr\u00e4ge | viele Innovationen und noch mehr fachlichen Austausch auf der Agraria in Wels: Halle 21 | Stand 30<\/p>\n","protected":false},"author":15,"featured_media":10848,"comment_status":"closed","ping_status":"closed","sticky":false,"template":"","format":"standard","meta":{"footnotes":""},"categories":[15,1],"tags":[470,427,133,378,444],"class_list":["post-10847","post","type-post","status-publish","format-standard","has-post-thumbnail","hentry","category-landwirt","category-werbung","tag-agraria","tag-agrarmesse","tag-landtechnik-messe","tag-messe","tag-messe-wels"],"yoast_head":"<!-- This site is optimized with the Yoast SEO plugin v27.5 - https:\/\/yoast.com\/product\/yoast-seo-wordpress\/ -->\n<title>Einb\u00f6ck l\u00e4dt mit Innovationen und Vortr\u00e4gen zur Agraria in Wels - Landwirt.com News<\/title>\n<meta name=\"description\" content=\"4 Tage | 6 Vortr\u00e4ge | viele Innovationen und noch mehr fachlichen Austausch auf der Agraria in Wels: Halle 21 | Stand 30\" \/>\n<meta name=\"robots\" content=\"index, follow, max-snippet:-1, max-image-preview:large, max-video-preview:-1\" \/>\n<meta property=\"og:locale\" content=\"de_DE\" \/>\n<meta property=\"og:type\" content=\"article\" \/>\n<meta property=\"og:title\" content=\"Einb\u00f6ck l\u00e4dt mit Innovationen und Vortr\u00e4gen zur Agraria in Wels - Landwirt.com News\" \/>\n<meta property=\"og:description\" content=\"4 Tage | 6 Vortr\u00e4ge | viele Innovationen und noch mehr fachlichen Austausch auf der Agraria in Wels: Halle 21 | Stand 30\" \/>\n<meta property=\"og:url\" content=\"https:\/\/www.landwirt.com\/news\/einboeck-laedt-mit-innovationen-und-vortraegen-zur-agraria-in-wels\/\" \/>\n<meta property=\"og:site_name\" content=\"Landwirt.com News\" \/>\n<meta property=\"article:published_time\" content=\"2022-11-11T11:05:32+00:00\" \/>\n<meta property=\"article:modified_time\" content=\"2022-11-17T09:37:46+00:00\" \/>\n<meta property=\"og:image\" content=\"https:\/\/www.landwirt.com\/news\/wp-content\/uploads\/2022\/11\/221028_Einladung_Agraria_Wels-1030x688.jpg\" \/>\n\t<meta property=\"og:image:width\" content=\"1030\" \/>\n\t<meta property=\"og:image:height\" content=\"688\" \/>\n\t<meta property=\"og:image:type\" content=\"image\/jpeg\" \/>\n<meta name=\"author\" content=\"Edith Winter\" \/>\n<meta name=\"twitter:card\" content=\"summary_large_image\" \/>\n<meta name=\"twitter:title\" content=\"Einb\u00f6ck l\u00e4dt mit Innovationen und Vortr\u00e4gen zur Agraria in Wels - Landwirt.com News\" \/>\n<meta name=\"twitter:description\" content=\"4 Tage | 6 Vortr\u00e4ge | viele Innovationen und noch mehr fachlichen Austausch auf der Agraria in Wels: Halle 21 | Stand 30\" \/>\n<meta name=\"twitter:image\" content=\"https:\/\/www.landwirt.com\/news\/wp-content\/uploads\/2022\/11\/221028_Einladung_Agraria_Wels-scaled.jpg\" \/>\n<meta name=\"twitter:label1\" content=\"Verfasst von\" \/>\n\t<meta name=\"twitter:data1\" content=\"Edith Winter\" \/>\n\t<meta name=\"twitter:label2\" content=\"Gesch\u00e4tzte Lesezeit\" \/>\n\t<meta name=\"twitter:data2\" content=\"2 Minuten\" \/>\n<script type=\"application\/ld+json\" class=\"yoast-schema-graph\">{\"@context\":\"https:\\\/\\\/schema.org\",\"@graph\":[{\"@type\":\"Article\",\"@id\":\"https:\\\/\\\/www.landwirt.com\\\/news\\\/einboeck-laedt-mit-innovationen-und-vortraegen-zur-agraria-in-wels\\\/#article\",\"isPartOf\":{\"@id\":\"https:\\\/\\\/www.landwirt.com\\\/news\\\/einboeck-laedt-mit-innovationen-und-vortraegen-zur-agraria-in-wels\\\/\"},\"author\":{\"name\":\"Edith Winter\",\"@id\":\"https:\\\/\\\/www.landwirt.com\\\/news\\\/#\\\/schema\\\/person\\\/58b1026d44b61c2d0c39d2d1220d43e9\"},\"headline\":\"Einb\u00f6ck l\u00e4dt mit Innovationen und Vortr\u00e4gen zur Agraria in Wels\",\"datePublished\":\"2022-11-11T11:05:32+00:00\",\"dateModified\":\"2022-11-17T09:37:46+00:00\",\"mainEntityOfPage\":{\"@id\":\"https:\\\/\\\/www.landwirt.com\\\/news\\\/einboeck-laedt-mit-innovationen-und-vortraegen-zur-agraria-in-wels\\\/\"},\"wordCount\":159,\"publisher\":{\"@id\":\"https:\\\/\\\/www.landwirt.com\\\/news\\\/#organization\"},\"image\":{\"@id\":\"https:\\\/\\\/www.landwirt.com\\\/news\\\/einboeck-laedt-mit-innovationen-und-vortraegen-zur-agraria-in-wels\\\/#primaryimage\"},\"thumbnailUrl\":\"https:\\\/\\\/www.landwirt.com\\\/news\\\/wp-content\\\/uploads\\\/2022\\\/11\\\/221028_Einladung_Agraria_Wels-scaled.jpg\",\"keywords\":[\"AGRARIA\",\"Agrarmesse\",\"Landtechnik Messe\",\"Messe\",\"Messe Wels\"],\"articleSection\":[\"Landwirt\",\"Werbung\"],\"inLanguage\":\"de-AT\"},{\"@type\":\"WebPage\",\"@id\":\"https:\\\/\\\/www.landwirt.com\\\/news\\\/einboeck-laedt-mit-innovationen-und-vortraegen-zur-agraria-in-wels\\\/\",\"url\":\"https:\\\/\\\/www.landwirt.com\\\/news\\\/einboeck-laedt-mit-innovationen-und-vortraegen-zur-agraria-in-wels\\\/\",\"name\":\"Einb\u00f6ck l\u00e4dt mit Innovationen und Vortr\u00e4gen zur Agraria in Wels - Landwirt.com News\",\"isPartOf\":{\"@id\":\"https:\\\/\\\/www.landwirt.com\\\/news\\\/#website\"},\"primaryImageOfPage\":{\"@id\":\"https:\\\/\\\/www.landwirt.com\\\/news\\\/einboeck-laedt-mit-innovationen-und-vortraegen-zur-agraria-in-wels\\\/#primaryimage\"},\"image\":{\"@id\":\"https:\\\/\\\/www.landwirt.com\\\/news\\\/einboeck-laedt-mit-innovationen-und-vortraegen-zur-agraria-in-wels\\\/#primaryimage\"},\"thumbnailUrl\":\"https:\\\/\\\/www.landwirt.com\\\/news\\\/wp-content\\\/uploads\\\/2022\\\/11\\\/221028_Einladung_Agraria_Wels-scaled.jpg\",\"datePublished\":\"2022-11-11T11:05:32+00:00\",\"dateModified\":\"2022-11-17T09:37:46+00:00\",\"description\":\"4 Tage | 6 Vortr\u00e4ge | viele Innovationen und noch mehr fachlichen Austausch auf der Agraria in Wels: Halle 21 | Stand 30\",\"breadcrumb\":{\"@id\":\"https:\\\/\\\/www.landwirt.com\\\/news\\\/einboeck-laedt-mit-innovationen-und-vortraegen-zur-agraria-in-wels\\\/#breadcrumb\"},\"inLanguage\":\"de-AT\",\"potentialAction\":[{\"@type\":\"ReadAction\",\"target\":[\"https:\\\/\\\/www.landwirt.com\\\/news\\\/einboeck-laedt-mit-innovationen-und-vortraegen-zur-agraria-in-wels\\\/\"]}]},{\"@type\":\"ImageObject\",\"inLanguage\":\"de-AT\",\"@id\":\"https:\\\/\\\/www.landwirt.com\\\/news\\\/einboeck-laedt-mit-innovationen-und-vortraegen-zur-agraria-in-wels\\\/#primaryimage\",\"url\":\"https:\\\/\\\/www.landwirt.com\\\/news\\\/wp-content\\\/uploads\\\/2022\\\/11\\\/221028_Einladung_Agraria_Wels-scaled.jpg\",\"contentUrl\":\"https:\\\/\\\/www.landwirt.com\\\/news\\\/wp-content\\\/uploads\\\/2022\\\/11\\\/221028_Einladung_Agraria_Wels-scaled.jpg\",\"width\":2560,\"height\":1709},{\"@type\":\"BreadcrumbList\",\"@id\":\"https:\\\/\\\/www.landwirt.com\\\/news\\\/einboeck-laedt-mit-innovationen-und-vortraegen-zur-agraria-in-wels\\\/#breadcrumb\",\"itemListElement\":[{\"@type\":\"ListItem\",\"position\":1,\"name\":\"Home\",\"item\":\"https:\\\/\\\/www.landwirt.com\\\/news\\\/home\\\/\"},{\"@type\":\"ListItem\",\"position\":2,\"name\":\"Einb\u00f6ck l\u00e4dt mit Innovationen und Vortr\u00e4gen zur Agraria in Wels\"}]},{\"@type\":\"WebSite\",\"@id\":\"https:\\\/\\\/www.landwirt.com\\\/news\\\/#website\",\"url\":\"https:\\\/\\\/www.landwirt.com\\\/news\\\/\",\"name\":\"Landwirt.com News\",\"description\":\"Landwirt.com News\",\"publisher\":{\"@id\":\"https:\\\/\\\/www.landwirt.com\\\/news\\\/#organization\"},\"potentialAction\":[{\"@type\":\"SearchAction\",\"target\":{\"@type\":\"EntryPoint\",\"urlTemplate\":\"https:\\\/\\\/www.landwirt.com\\\/news\\\/?s={search_term_string}\"},\"query-input\":{\"@type\":\"PropertyValueSpecification\",\"valueRequired\":true,\"valueName\":\"search_term_string\"}}],\"inLanguage\":\"de-AT\"},{\"@type\":\"Organization\",\"@id\":\"https:\\\/\\\/www.landwirt.com\\\/news\\\/#organization\",\"name\":\"LANDWIRT.COM GMBH\",\"url\":\"https:\\\/\\\/www.landwirt.com\\\/news\\\/\",\"logo\":{\"@type\":\"ImageObject\",\"inLanguage\":\"de-AT\",\"@id\":\"https:\\\/\\\/www.landwirt.com\\\/news\\\/#\\\/schema\\\/logo\\\/image\\\/\",\"url\":\"https:\\\/\\\/www.landwirt.com\\\/news\\\/wp-content\\\/uploads\\\/2020\\\/02\\\/LW-logo.png\",\"contentUrl\":\"https:\\\/\\\/www.landwirt.com\\\/news\\\/wp-content\\\/uploads\\\/2020\\\/02\\\/LW-logo.png\",\"width\":250,\"height\":58,\"caption\":\"LANDWIRT.COM GMBH\"},\"image\":{\"@id\":\"https:\\\/\\\/www.landwirt.com\\\/news\\\/#\\\/schema\\\/logo\\\/image\\\/\"}},{\"@type\":\"Person\",\"@id\":\"https:\\\/\\\/www.landwirt.com\\\/news\\\/#\\\/schema\\\/person\\\/58b1026d44b61c2d0c39d2d1220d43e9\",\"name\":\"Edith Winter\",\"image\":{\"@type\":\"ImageObject\",\"inLanguage\":\"de-AT\",\"@id\":\"https:\\\/\\\/secure.gravatar.com\\\/avatar\\\/a8a5aac669c36d589ec506dc09b6dcb6e1c7c0b8731e97f1f2dcea5e26e28095?s=96&d=mm&r=g\",\"url\":\"https:\\\/\\\/secure.gravatar.com\\\/avatar\\\/a8a5aac669c36d589ec506dc09b6dcb6e1c7c0b8731e97f1f2dcea5e26e28095?s=96&d=mm&r=g\",\"contentUrl\":\"https:\\\/\\\/secure.gravatar.com\\\/avatar\\\/a8a5aac669c36d589ec506dc09b6dcb6e1c7c0b8731e97f1f2dcea5e26e28095?s=96&d=mm&r=g\",\"caption\":\"Edith Winter\"},\"url\":\"https:\\\/\\\/www.landwirt.com\\\/news\\\/author\\\/edith\\\/\"}]}<\/script>\n<!-- \/ Yoast SEO plugin. -->","yoast_head_json":{"title":"Einb\u00f6ck l\u00e4dt mit Innovationen und Vortr\u00e4gen zur Agraria in Wels - Landwirt.com News","description":"4 Tage | 6 Vortr\u00e4ge | viele Innovationen und noch mehr fachlichen Austausch auf der Agraria in Wels: Halle 21 | Stand 30","robots":{"index":"index","follow":"follow","max-snippet":"max-snippet:-1","max-image-preview":"max-image-preview:large","max-video-preview":"max-video-preview:-1"},"og_locale":"de_DE","og_type":"article","og_title":"Einb\u00f6ck l\u00e4dt mit Innovationen und Vortr\u00e4gen zur Agraria in Wels - Landwirt.com News","og_description":"4 Tage | 6 Vortr\u00e4ge | viele Innovationen und noch mehr fachlichen Austausch auf der Agraria in Wels: Halle 21 | Stand 30","og_url":"https:\/\/www.landwirt.com\/news\/einboeck-laedt-mit-innovationen-und-vortraegen-zur-agraria-in-wels\/","og_site_name":"Landwirt.com News","article_published_time":"2022-11-11T11:05:32+00:00","article_modified_time":"2022-11-17T09:37:46+00:00","og_image":[{"width":1030,"height":688,"url":"https:\/\/www.landwirt.com\/news\/wp-content\/uploads\/2022\/11\/221028_Einladung_Agraria_Wels-1030x688.jpg","type":"image\/jpeg"}],"author":"Edith Winter","twitter_card":"summary_large_image","twitter_title":"Einb\u00f6ck l\u00e4dt mit Innovationen und Vortr\u00e4gen zur Agraria in Wels - Landwirt.com News","twitter_description":"4 Tage | 6 Vortr\u00e4ge | viele Innovationen und noch mehr fachlichen Austausch auf der Agraria in Wels: Halle 21 | Stand 30","twitter_image":"https:\/\/www.landwirt.com\/news\/wp-content\/uploads\/2022\/11\/221028_Einladung_Agraria_Wels-scaled.jpg","twitter_misc":{"Verfasst von":"Edith Winter","Gesch\u00e4tzte Lesezeit":"2 Minuten"},"schema":{"@context":"https:\/\/schema.org","@graph":[{"@type":"Article","@id":"https:\/\/www.landwirt.com\/news\/einboeck-laedt-mit-innovationen-und-vortraegen-zur-agraria-in-wels\/#article","isPartOf":{"@id":"https:\/\/www.landwirt.com\/news\/einboeck-laedt-mit-innovationen-und-vortraegen-zur-agraria-in-wels\/"},"author":{"name":"Edith Winter","@id":"https:\/\/www.landwirt.com\/news\/#\/schema\/person\/58b1026d44b61c2d0c39d2d1220d43e9"},"headline":"Einb\u00f6ck l\u00e4dt mit Innovationen und Vortr\u00e4gen zur Agraria in Wels","datePublished":"2022-11-11T11:05:32+00:00","dateModified":"2022-11-17T09:37:46+00:00","mainEntityOfPage":{"@id":"https:\/\/www.landwirt.com\/news\/einboeck-laedt-mit-innovationen-und-vortraegen-zur-agraria-in-wels\/"},"wordCount":159,"publisher":{"@id":"https:\/\/www.landwirt.com\/news\/#organization"},"image":{"@id":"https:\/\/www.landwirt.com\/news\/einboeck-laedt-mit-innovationen-und-vortraegen-zur-agraria-in-wels\/#primaryimage"},"thumbnailUrl":"https:\/\/www.landwirt.com\/news\/wp-content\/uploads\/2022\/11\/221028_Einladung_Agraria_Wels-scaled.jpg","keywords":["AGRARIA","Agrarmesse","Landtechnik Messe","Messe","Messe Wels"],"articleSection":["Landwirt","Werbung"],"inLanguage":"de-AT"},{"@type":"WebPage","@id":"https:\/\/www.landwirt.com\/news\/einboeck-laedt-mit-innovationen-und-vortraegen-zur-agraria-in-wels\/","url":"https:\/\/www.landwirt.com\/news\/einboeck-laedt-mit-innovationen-und-vortraegen-zur-agraria-in-wels\/","name":"Einb\u00f6ck l\u00e4dt mit Innovationen und Vortr\u00e4gen zur Agraria in Wels - Landwirt.com News","isPartOf":{"@id":"https:\/\/www.landwirt.com\/news\/#website"},"primaryImageOfPage":{"@id":"https:\/\/www.landwirt.com\/news\/einboeck-laedt-mit-innovationen-und-vortraegen-zur-agraria-in-wels\/#primaryimage"},"image":{"@id":"https:\/\/www.landwirt.com\/news\/einboeck-laedt-mit-innovationen-und-vortraegen-zur-agraria-in-wels\/#primaryimage"},"thumbnailUrl":"https:\/\/www.landwirt.com\/news\/wp-content\/uploads\/2022\/11\/221028_Einladung_Agraria_Wels-scaled.jpg","datePublished":"2022-11-11T11:05:32+00:00","dateModified":"2022-11-17T09:37:46+00:00","description":"4 Tage | 6 Vortr\u00e4ge | viele Innovationen und noch mehr fachlichen Austausch auf der Agraria in Wels: Halle 21 | Stand 30","breadcrumb":{"@id":"https:\/\/www.landwirt.com\/news\/einboeck-laedt-mit-innovationen-und-vortraegen-zur-agraria-in-wels\/#breadcrumb"},"inLanguage":"de-AT","potentialAction":[{"@type":"ReadAction","target":["https:\/\/www.landwirt.com\/news\/einboeck-laedt-mit-innovationen-und-vortraegen-zur-agraria-in-wels\/"]}]},{"@type":"ImageObject","inLanguage":"de-AT","@id":"https:\/\/www.landwirt.com\/news\/einboeck-laedt-mit-innovationen-und-vortraegen-zur-agraria-in-wels\/#primaryimage","url":"https:\/\/www.landwirt.com\/news\/wp-content\/uploads\/2022\/11\/221028_Einladung_Agraria_Wels-scaled.jpg","contentUrl":"https:\/\/www.landwirt.com\/news\/wp-content\/uploads\/2022\/11\/221028_Einladung_Agraria_Wels-scaled.jpg","width":2560,"height":1709},{"@type":"BreadcrumbList","@id":"https:\/\/www.landwirt.com\/news\/einboeck-laedt-mit-innovationen-und-vortraegen-zur-agraria-in-wels\/#breadcrumb","itemListElement":[{"@type":"ListItem","position":1,"name":"Home","item":"https:\/\/www.landwirt.com\/news\/home\/"},{"@type":"ListItem","position":2,"name":"Einb\u00f6ck l\u00e4dt mit Innovationen und Vortr\u00e4gen zur Agraria in Wels"}]},{"@type":"WebSite","@id":"https:\/\/www.landwirt.com\/news\/#website","url":"https:\/\/www.landwirt.com\/news\/","name":"Landwirt.com News","description":"Landwirt.com News","publisher":{"@id":"https:\/\/www.landwirt.com\/news\/#organization"},"potentialAction":[{"@type":"SearchAction","target":{"@type":"EntryPoint","urlTemplate":"https:\/\/www.landwirt.com\/news\/?s={search_term_string}"},"query-input":{"@type":"PropertyValueSpecification","valueRequired":true,"valueName":"search_term_string"}}],"inLanguage":"de-AT"},{"@type":"Organization","@id":"https:\/\/www.landwirt.com\/news\/#organization","name":"LANDWIRT.COM GMBH","url":"https:\/\/www.landwirt.com\/news\/","logo":{"@type":"ImageObject","inLanguage":"de-AT","@id":"https:\/\/www.landwirt.com\/news\/#\/schema\/logo\/image\/","url":"https:\/\/www.landwirt.com\/news\/wp-content\/uploads\/2020\/02\/LW-logo.png","contentUrl":"https:\/\/www.landwirt.com\/news\/wp-content\/uploads\/2020\/02\/LW-logo.png","width":250,"height":58,"caption":"LANDWIRT.COM GMBH"},"image":{"@id":"https:\/\/www.landwirt.com\/news\/#\/schema\/logo\/image\/"}},{"@type":"Person","@id":"https:\/\/www.landwirt.com\/news\/#\/schema\/person\/58b1026d44b61c2d0c39d2d1220d43e9","name":"Edith Winter","image":{"@type":"ImageObject","inLanguage":"de-AT","@id":"https:\/\/secure.gravatar.com\/avatar\/a8a5aac669c36d589ec506dc09b6dcb6e1c7c0b8731e97f1f2dcea5e26e28095?s=96&d=mm&r=g","url":"https:\/\/secure.gravatar.com\/avatar\/a8a5aac669c36d589ec506dc09b6dcb6e1c7c0b8731e97f1f2dcea5e26e28095?s=96&d=mm&r=g","contentUrl":"https:\/\/secure.gravatar.com\/avatar\/a8a5aac669c36d589ec506dc09b6dcb6e1c7c0b8731e97f1f2dcea5e26e28095?s=96&d=mm&r=g","caption":"Edith Winter"},"url":"https:\/\/www.landwirt.com\/news\/author\/edith\/"}]}},"_links":{"self":[{"href":"https:\/\/www.landwirt.com\/news\/wp-json\/wp\/v2\/posts\/10847","targetHints":{"allow":["GET"]}}],"collection":[{"href":"https:\/\/www.landwirt.com\/news\/wp-json\/wp\/v2\/posts"}],"about":[{"href":"https:\/\/www.landwirt.com\/news\/wp-json\/wp\/v2\/types\/post"}],"author":[{"embeddable":true,"href":"https:\/\/www.landwirt.com\/news\/wp-json\/wp\/v2\/users\/15"}],"replies":[{"embeddable":true,"href":"https:\/\/www.landwirt.com\/news\/wp-json\/wp\/v2\/comments?post=10847"}],"version-history":[{"count":2,"href":"https:\/\/www.landwirt.com\/news\/wp-json\/wp\/v2\/posts\/10847\/revisions"}],"predecessor-version":[{"id":10850,"href":"https:\/\/www.landwirt.com\/news\/wp-json\/wp\/v2\/posts\/10847\/revisions\/10850"}],"wp:featuredmedia":[{"embeddable":true,"href":"https:\/\/www.landwirt.com\/news\/wp-json\/wp\/v2\/media\/10848"}],"wp:attachment":[{"href":"https:\/\/www.landwirt.com\/news\/wp-json\/wp\/v2\/media?parent=10847"}],"wp:term":[{"taxonomy":"category","embeddable":true,"href":"https:\/\/www.landwirt.com\/news\/wp-json\/wp\/v2\/categories?post=10847"},{"taxonomy":"post_tag","embeddable":true,"href":"https:\/\/www.landwirt.com\/news\/wp-json\/wp\/v2\/tags?post=10847"}],"curies":[{"name":"wp","href":"https:\/\/api.w.org\/{rel}","templated":true}]}}