{"id":10595,"date":"2022-10-06T08:56:08","date_gmt":"2022-10-06T06:56:08","guid":{"rendered":"https:\/\/www.landwirt.com\/news\/?p=10595"},"modified":"2022-11-22T10:07:30","modified_gmt":"2022-11-22T09:07:30","slug":"fachmesse-agraria-2022-unter-dem-motto-land-wirtschaft-erleben","status":"publish","type":"post","link":"https:\/\/www.landwirt.com\/news\/fachmesse-agraria-2022-unter-dem-motto-land-wirtschaft-erleben\/","title":{"rendered":"Fachmesse agraria 2022 unter dem Motto \u201eLand.Wirtschaft.Erleben\u201c"},"content":{"rendered":"\n<hr class=\"wp-block-separator\"\/>\n\n\n\n<div class=\"wp-block-columns are-vertically-aligned-center is-layout-flex wp-container-core-columns-is-layout-9d6595d7 wp-block-columns-is-layout-flex\">\n<div class=\"wp-block-column is-vertically-aligned-center is-layout-flow wp-block-column-is-layout-flow\" style=\"flex-basis:75%\">\n<p style=\"font-size:1.1em\"><strong>Die \u00f6sterreichische Leitmesse f\u00fcr Land- und Forstwirtschaft pr\u00e4sentiert sich von 23. bis 26. November 2022 fachlich noch st\u00e4rker und fokussierter und ist mit \u00fcber 76.000 m\u00b2 Indoor-Ausstellungsfl\u00e4che, die gr\u00f6\u00dfte land- und forstwirtschaftliche Fachmesse \u00d6sterreichs.<\/strong><\/p>\n<\/div>\n\n\n\n<div class=\"wp-block-column is-vertically-aligned-center is-layout-flow wp-block-column-is-layout-flow\" style=\"flex-basis:25%\">\n<figure class=\"wp-block-image size-medium\"><img loading=\"lazy\" decoding=\"async\" width=\"300\" height=\"214\" src=\"https:\/\/www.landwirt.com\/news\/wp-content\/uploads\/2022\/10\/image001-300x214.jpg\" alt=\"\" class=\"wp-image-10599\" srcset=\"https:\/\/www.landwirt.com\/news\/wp-content\/uploads\/2022\/10\/image001-300x214.jpg 300w, https:\/\/www.landwirt.com\/news\/wp-content\/uploads\/2022\/10\/image001-260x185.jpg 260w, https:\/\/www.landwirt.com\/news\/wp-content\/uploads\/2022\/10\/image001.jpg 454w\" sizes=\"auto, (max-width: 300px) 100vw, 300px\" \/><\/figure>\n<\/div>\n<\/div>\n\n\n\n<div class=\"wp-block-columns is-layout-flex wp-container-core-columns-is-layout-9d6595d7 wp-block-columns-is-layout-flex\">\n<div class=\"wp-block-column is-layout-flow wp-block-column-is-layout-flow\">\n<h3 class=\"wp-block-heading\">Gr\u00f6\u00dfte Agrarmesse noch fachlicher<\/h3>\n\n\n\n<p>2022 pr\u00e4sentiert sich die agraria noch innovativer und inhaltlich fokussierter:<\/p>\n\n\n\n<p>\u201eWir wollen dem Besucher einen klaren Mehrwert bieten \u2013 Informationsbeschaffung aus erster Hand \u2013 von Experten f\u00fcr Experten \u2013 ob Fachverb\u00e4nde, Landwirtschaftskammer oder Hersteller. Gerade die klimatischen Ver\u00e4nderungen und steigenden Energiepreise stellen die Landwirtschaft vor immense Herausforderungen. Damit sind die Themen auf der agraria schon gr\u00f6\u00dftenteils vorgegeben\u201c, erkl\u00e4rt Messedirektor Robert Schneider.<\/p>\n<\/div>\n\n\n\n<div class=\"wp-block-column is-layout-flow wp-block-column-is-layout-flow\">\n<h3 class=\"wp-block-heading\">agraria und seine vier Themenwelten<\/h3>\n\n\n\n<p>Im Mittelpunkt der vier Ausstellungstage stehen die Themenbereiche Ackerbau, Gr\u00fcnland, Innenwirtschaft bzw. Tierhaltung, Forstwirtschaft und die dazugeh\u00f6rige W\u00e4rmeenergiegewinnung. Das Besondere der agraria 2022 ist zudem auch die Menge an pr\u00e4sentierten Neuheiten und \u00d6sterreich-Premieren. Des Weiteren werden auch eigenreichte Innovationen der Hersteller im Rahmen, der nun zum siebten Mal stattfindenden Agrarfuchs-Verleihung, pr\u00e4miert.<\/p>\n<\/div>\n<\/div>\n\n\n\n<h3 class=\"wp-block-heading\">Technik f\u00fcr Ackerbau und Gr\u00fcnland<\/h3>\n\n\n\n<p>Im Ackerbau dreht sich alles um alternative Bodenbewirtschaftungskonzepte und die Digitalisierung. Der Ackerbau besetzt 2022 auch thematisch den gr\u00f6\u00dften Teil der Messefl\u00e4che. Ein weiterer Schwerpunkt ist die moderne Gr\u00fcnlandbewirtschaftung. Die fachgerechte Gr\u00fcnlandbewirtschaftung bedeutet das Ertragspotential hochzuhalten, die Technik richtig einzusetzen und Futterverschmutzung bzw. Br\u00f6ckelverluste zu vermeiden. Dabei spielt die Digitalisierung eine wesentliche Rolle in der Technik. Auch beraten Aussteller aus den Bereichen Saatgut und D\u00fcngung, sowie Berater der Landwirtschaftskammer O\u00d6, wie man k\u00fcnftig trotz zunehmender Trockenperioden das Gr\u00fcnlandpotential maximal nutzen kann. Unter dem Motto \u201eBauernhof der Zukunft\u201c wird zudem die \u201eInnovation Farm\u201c, ein einzigartiger Zusammenschluss aus Forschung, Entwicklung und Praxis, in der Halle 2 einen Einblick in den derzeitigen, praxistauglichen Stand neuer Technologien geben.<\/p>\n\n\n\n<div style=\"height:40px\" aria-hidden=\"true\" class=\"wp-block-spacer\"><\/div>\n\n\n\n<div class=\"wp-block-columns is-layout-flex wp-container-core-columns-is-layout-9d6595d7 wp-block-columns-is-layout-flex\">\n<div class=\"wp-block-column is-layout-flow wp-block-column-is-layout-flow\">\n<h3 class=\"wp-block-heading\">Von Stalleinrichtungen bis zur Tiererkennung<\/h3>\n\n\n\n<p>In der Innenwirtschaft bzw. Tierhaltung stehen neben modernen Haltungskonzepten, Stallungs- und Luftoptimierungsl\u00f6sungen das automatisierte F\u00fctterungs- und Stallmanagement im Mittelpunkt. Die Bereiche Gefl\u00fcgel, Schafe und Ziegen kommen dabei ebenfalls nicht zu kurz. Hier sind die jeweiligen Verb\u00e4nde mit ihrer Beratungsleistung bestens vertreten.<\/p>\n<\/div>\n\n\n\n<div class=\"wp-block-column is-layout-flow wp-block-column-is-layout-flow\">\n<h3 class=\"wp-block-heading\">Der b\u00e4uerliche Wald als Energielieferant<\/h3>\n\n\n\n<p>Der Wald als Energielieferant und Einnahmequelle des b\u00e4uerlichen Betriebes gewinnt wieder zunehmend an Bedeutung. Darum f\u00e4llt auch das Ausstellungsangebot dementsprechend gro\u00df aus. Zudem gibt es derzeit eine starke Nachfrage an Heizanlagen mit Hackgut, die sowohl Stall, Wohnhaus, als auch Trocknungsanlagen f\u00fcr Ernteg\u00fcter versorgen k\u00f6nnen.<\/p>\n<\/div>\n<\/div>\n\n\n\n<div class=\"wp-block-columns is-layout-flex wp-container-core-columns-is-layout-9d6595d7 wp-block-columns-is-layout-flex\">\n<div class=\"wp-block-column is-layout-flow wp-block-column-is-layout-flow\" style=\"flex-basis:25%\"><\/div>\n\n\n\n<div class=\"wp-block-column has-col-ebebeb-background-color has-background is-layout-flow wp-block-column-is-layout-flow\" style=\"flex-basis:50%\">\n<p style=\"padding:3%!important;margin:0;\">Die Fachmesse agraria 2022 wird von <strong>23. bis 26. November 2022, <\/strong>jeweils von <strong>09.00 bis 17.00<\/strong> Uhr stattfinden.<\/p>\n\n\n\n<p style=\"padding:3%;margin:0;\">Tickets und weitere Details auf <a href=\"https:\/\/agraria.at\/\" target=\"_blank\" rel=\"noreferrer noopener sponsored nofollow\">www.agraria.at<\/a><a href=\"https:\/\/eur03.safelinks.protection.outlook.com\/?url=http%3A%2F%2Fwww.agraria.at%2F&amp;data=05%7C01%7Cedith.winter%40landwirt.com%7Cdca346a374914805d1fc08daa5da2410%7Ceddddc6a0cb1485f909a9ce8fca18a8c%7C0%7C0%7C638004653574256304%7CUnknown%7CTWFpbGZsb3d8eyJWIjoiMC4wLjAwMDAiLCJQIjoiV2luMzIiLCJBTiI6Ik1haWwiLCJXVCI6Mn0%3D%7C3000%7C%7C%7C&amp;sdata=9ADCdjE0qnoPUa8LsCMHtIT5o8s0UH8ycpvrHXCOTI0%3D&amp;reserved=0\"><\/a><a href=\"https:\/\/eur03.safelinks.protection.outlook.com\/?url=http%3A%2F%2Fwww.agraria.at%2F&amp;data=05%7C01%7Cedith.winter%40landwirt.com%7Cdca346a374914805d1fc08daa5da2410%7Ceddddc6a0cb1485f909a9ce8fca18a8c%7C0%7C0%7C638004653574256304%7CUnknown%7CTWFpbGZsb3d8eyJWIjoiMC4wLjAwMDAiLCJQIjoiV2luMzIiLCJBTiI6Ik1haWwiLCJXVCI6Mn0%3D%7C3000%7C%7C%7C&amp;sdata=9ADCdjE0qnoPUa8LsCMHtIT5o8s0UH8ycpvrHXCOTI0%3D&amp;reserved=0\"><\/a><\/p>\n<\/div>\n\n\n\n<div class=\"wp-block-column is-layout-flow wp-block-column-is-layout-flow\" style=\"flex-basis:25%\"><\/div>\n<\/div>\n","protected":false},"excerpt":{"rendered":"<p>Die \u00f6sterreichische Leitmesse f\u00fcr Land- und Forstwirtschaft pr\u00e4sentiert sich von 23. bis 26. November 2022 fachlich noch st\u00e4rker und fokussierter.<\/p>\n","protected":false},"author":15,"featured_media":10615,"comment_status":"closed","ping_status":"closed","sticky":false,"template":"","format":"standard","meta":{"footnotes":""},"categories":[15,1,483],"tags":[470,427,284,378,444],"class_list":["post-10595","post","type-post","status-publish","format-standard","has-post-thumbnail","hentry","category-landwirt","category-werbung","category-werbung-top","tag-agraria","tag-agrarmesse","tag-agrartechnik","tag-messe","tag-messe-wels"],"yoast_head":"<!-- This site is optimized with the Yoast SEO plugin v27.4 - https:\/\/yoast.com\/product\/yoast-seo-wordpress\/ -->\n<title>Fachmesse agraria 2022 unter dem Motto \u201eLand.Wirtschaft.Erleben\u201c - Landwirt.com News<\/title>\n<meta name=\"description\" content=\"Die \u00f6sterreichische Leitmesse f\u00fcr Land- und Forstwirtschaft pr\u00e4sentiert sich von 23. bis 26. November 2022 fachlich noch st\u00e4rker und fokussierter.\" \/>\n<meta name=\"robots\" content=\"index, follow, max-snippet:-1, max-image-preview:large, max-video-preview:-1\" \/>\n<meta property=\"og:locale\" content=\"de_DE\" \/>\n<meta property=\"og:type\" content=\"article\" \/>\n<meta property=\"og:title\" content=\"Fachmesse agraria 2022 unter dem Motto \u201eLand.Wirtschaft.Erleben\u201c - Landwirt.com News\" \/>\n<meta property=\"og:description\" content=\"Die \u00f6sterreichische Leitmesse f\u00fcr Land- und Forstwirtschaft pr\u00e4sentiert sich von 23. bis 26. November 2022 fachlich noch st\u00e4rker und fokussierter.\" \/>\n<meta property=\"og:url\" content=\"https:\/\/www.landwirt.com\/news\/fachmesse-agraria-2022-unter-dem-motto-land-wirtschaft-erleben\/\" \/>\n<meta property=\"og:site_name\" content=\"Landwirt.com News\" \/>\n<meta property=\"article:published_time\" content=\"2022-10-06T06:56:08+00:00\" \/>\n<meta property=\"article:modified_time\" content=\"2022-11-22T09:07:30+00:00\" \/>\n<meta property=\"og:image\" content=\"https:\/\/www.landwirt.com\/news\/wp-content\/uploads\/2022\/10\/image001.jpg\" \/>\n\t<meta property=\"og:image:width\" content=\"454\" \/>\n\t<meta property=\"og:image:height\" content=\"324\" \/>\n\t<meta property=\"og:image:type\" content=\"image\/jpeg\" \/>\n<meta name=\"author\" content=\"Edith Winter\" \/>\n<meta name=\"twitter:card\" content=\"summary_large_image\" \/>\n<meta name=\"twitter:title\" content=\"Fachmesse agraria 2022 unter dem Motto \u201eLand.Wirtschaft.Erleben\u201c - Landwirt.com News\" \/>\n<meta name=\"twitter:description\" content=\"Die \u00f6sterreichische Leitmesse f\u00fcr Land- und Forstwirtschaft pr\u00e4sentiert sich von 23. bis 26. November 2022 fachlich noch st\u00e4rker und fokussierter.\" \/>\n<meta name=\"twitter:image\" content=\"https:\/\/www.landwirt.com\/news\/wp-content\/uploads\/2022\/10\/image001.jpg\" \/>\n<meta name=\"twitter:label1\" content=\"Verfasst von\" \/>\n\t<meta name=\"twitter:data1\" content=\"Edith Winter\" \/>\n\t<meta name=\"twitter:label2\" content=\"Gesch\u00e4tzte Lesezeit\" \/>\n\t<meta name=\"twitter:data2\" content=\"3 Minuten\" \/>\n<script type=\"application\/ld+json\" class=\"yoast-schema-graph\">{\"@context\":\"https:\\\/\\\/schema.org\",\"@graph\":[{\"@type\":\"Article\",\"@id\":\"https:\\\/\\\/www.landwirt.com\\\/news\\\/fachmesse-agraria-2022-unter-dem-motto-land-wirtschaft-erleben\\\/#article\",\"isPartOf\":{\"@id\":\"https:\\\/\\\/www.landwirt.com\\\/news\\\/fachmesse-agraria-2022-unter-dem-motto-land-wirtschaft-erleben\\\/\"},\"author\":{\"name\":\"Edith Winter\",\"@id\":\"https:\\\/\\\/www.landwirt.com\\\/news\\\/#\\\/schema\\\/person\\\/58b1026d44b61c2d0c39d2d1220d43e9\"},\"headline\":\"Fachmesse agraria 2022 unter dem Motto \u201eLand.Wirtschaft.Erleben\u201c\",\"datePublished\":\"2022-10-06T06:56:08+00:00\",\"dateModified\":\"2022-11-22T09:07:30+00:00\",\"mainEntityOfPage\":{\"@id\":\"https:\\\/\\\/www.landwirt.com\\\/news\\\/fachmesse-agraria-2022-unter-dem-motto-land-wirtschaft-erleben\\\/\"},\"wordCount\":423,\"publisher\":{\"@id\":\"https:\\\/\\\/www.landwirt.com\\\/news\\\/#organization\"},\"image\":{\"@id\":\"https:\\\/\\\/www.landwirt.com\\\/news\\\/fachmesse-agraria-2022-unter-dem-motto-land-wirtschaft-erleben\\\/#primaryimage\"},\"thumbnailUrl\":\"https:\\\/\\\/www.landwirt.com\\\/news\\\/wp-content\\\/uploads\\\/2022\\\/10\\\/agraria-wels-2022.jpg\",\"keywords\":[\"AGRARIA\",\"Agrarmesse\",\"Agrartechnik\",\"Messe\",\"Messe Wels\"],\"articleSection\":[\"Landwirt\",\"Werbung\",\"Werbung Top\"],\"inLanguage\":\"de-AT\"},{\"@type\":\"WebPage\",\"@id\":\"https:\\\/\\\/www.landwirt.com\\\/news\\\/fachmesse-agraria-2022-unter-dem-motto-land-wirtschaft-erleben\\\/\",\"url\":\"https:\\\/\\\/www.landwirt.com\\\/news\\\/fachmesse-agraria-2022-unter-dem-motto-land-wirtschaft-erleben\\\/\",\"name\":\"Fachmesse agraria 2022 unter dem Motto \u201eLand.Wirtschaft.Erleben\u201c - Landwirt.com News\",\"isPartOf\":{\"@id\":\"https:\\\/\\\/www.landwirt.com\\\/news\\\/#website\"},\"primaryImageOfPage\":{\"@id\":\"https:\\\/\\\/www.landwirt.com\\\/news\\\/fachmesse-agraria-2022-unter-dem-motto-land-wirtschaft-erleben\\\/#primaryimage\"},\"image\":{\"@id\":\"https:\\\/\\\/www.landwirt.com\\\/news\\\/fachmesse-agraria-2022-unter-dem-motto-land-wirtschaft-erleben\\\/#primaryimage\"},\"thumbnailUrl\":\"https:\\\/\\\/www.landwirt.com\\\/news\\\/wp-content\\\/uploads\\\/2022\\\/10\\\/agraria-wels-2022.jpg\",\"datePublished\":\"2022-10-06T06:56:08+00:00\",\"dateModified\":\"2022-11-22T09:07:30+00:00\",\"description\":\"Die \u00f6sterreichische Leitmesse f\u00fcr Land- und Forstwirtschaft pr\u00e4sentiert sich von 23. bis 26. November 2022 fachlich noch st\u00e4rker und fokussierter.\",\"breadcrumb\":{\"@id\":\"https:\\\/\\\/www.landwirt.com\\\/news\\\/fachmesse-agraria-2022-unter-dem-motto-land-wirtschaft-erleben\\\/#breadcrumb\"},\"inLanguage\":\"de-AT\",\"potentialAction\":[{\"@type\":\"ReadAction\",\"target\":[\"https:\\\/\\\/www.landwirt.com\\\/news\\\/fachmesse-agraria-2022-unter-dem-motto-land-wirtschaft-erleben\\\/\"]}]},{\"@type\":\"ImageObject\",\"inLanguage\":\"de-AT\",\"@id\":\"https:\\\/\\\/www.landwirt.com\\\/news\\\/fachmesse-agraria-2022-unter-dem-motto-land-wirtschaft-erleben\\\/#primaryimage\",\"url\":\"https:\\\/\\\/www.landwirt.com\\\/news\\\/wp-content\\\/uploads\\\/2022\\\/10\\\/agraria-wels-2022.jpg\",\"contentUrl\":\"https:\\\/\\\/www.landwirt.com\\\/news\\\/wp-content\\\/uploads\\\/2022\\\/10\\\/agraria-wels-2022.jpg\",\"width\":495,\"height\":400},{\"@type\":\"BreadcrumbList\",\"@id\":\"https:\\\/\\\/www.landwirt.com\\\/news\\\/fachmesse-agraria-2022-unter-dem-motto-land-wirtschaft-erleben\\\/#breadcrumb\",\"itemListElement\":[{\"@type\":\"ListItem\",\"position\":1,\"name\":\"Home\",\"item\":\"https:\\\/\\\/www.landwirt.com\\\/news\\\/home\\\/\"},{\"@type\":\"ListItem\",\"position\":2,\"name\":\"Fachmesse agraria 2022 unter dem Motto \u201eLand.Wirtschaft.Erleben\u201c\"}]},{\"@type\":\"WebSite\",\"@id\":\"https:\\\/\\\/www.landwirt.com\\\/news\\\/#website\",\"url\":\"https:\\\/\\\/www.landwirt.com\\\/news\\\/\",\"name\":\"Landwirt.com News\",\"description\":\"Landwirt.com News\",\"publisher\":{\"@id\":\"https:\\\/\\\/www.landwirt.com\\\/news\\\/#organization\"},\"potentialAction\":[{\"@type\":\"SearchAction\",\"target\":{\"@type\":\"EntryPoint\",\"urlTemplate\":\"https:\\\/\\\/www.landwirt.com\\\/news\\\/?s={search_term_string}\"},\"query-input\":{\"@type\":\"PropertyValueSpecification\",\"valueRequired\":true,\"valueName\":\"search_term_string\"}}],\"inLanguage\":\"de-AT\"},{\"@type\":\"Organization\",\"@id\":\"https:\\\/\\\/www.landwirt.com\\\/news\\\/#organization\",\"name\":\"LANDWIRT.COM GMBH\",\"url\":\"https:\\\/\\\/www.landwirt.com\\\/news\\\/\",\"logo\":{\"@type\":\"ImageObject\",\"inLanguage\":\"de-AT\",\"@id\":\"https:\\\/\\\/www.landwirt.com\\\/news\\\/#\\\/schema\\\/logo\\\/image\\\/\",\"url\":\"https:\\\/\\\/www.landwirt.com\\\/news\\\/wp-content\\\/uploads\\\/2020\\\/02\\\/LW-logo.png\",\"contentUrl\":\"https:\\\/\\\/www.landwirt.com\\\/news\\\/wp-content\\\/uploads\\\/2020\\\/02\\\/LW-logo.png\",\"width\":250,\"height\":58,\"caption\":\"LANDWIRT.COM GMBH\"},\"image\":{\"@id\":\"https:\\\/\\\/www.landwirt.com\\\/news\\\/#\\\/schema\\\/logo\\\/image\\\/\"}},{\"@type\":\"Person\",\"@id\":\"https:\\\/\\\/www.landwirt.com\\\/news\\\/#\\\/schema\\\/person\\\/58b1026d44b61c2d0c39d2d1220d43e9\",\"name\":\"Edith Winter\",\"image\":{\"@type\":\"ImageObject\",\"inLanguage\":\"de-AT\",\"@id\":\"https:\\\/\\\/secure.gravatar.com\\\/avatar\\\/a8a5aac669c36d589ec506dc09b6dcb6e1c7c0b8731e97f1f2dcea5e26e28095?s=96&d=mm&r=g\",\"url\":\"https:\\\/\\\/secure.gravatar.com\\\/avatar\\\/a8a5aac669c36d589ec506dc09b6dcb6e1c7c0b8731e97f1f2dcea5e26e28095?s=96&d=mm&r=g\",\"contentUrl\":\"https:\\\/\\\/secure.gravatar.com\\\/avatar\\\/a8a5aac669c36d589ec506dc09b6dcb6e1c7c0b8731e97f1f2dcea5e26e28095?s=96&d=mm&r=g\",\"caption\":\"Edith Winter\"},\"url\":\"https:\\\/\\\/www.landwirt.com\\\/news\\\/author\\\/edith\\\/\"}]}<\/script>\n<!-- \/ Yoast SEO plugin. -->","yoast_head_json":{"title":"Fachmesse agraria 2022 unter dem Motto \u201eLand.Wirtschaft.Erleben\u201c - Landwirt.com News","description":"Die \u00f6sterreichische Leitmesse f\u00fcr Land- und Forstwirtschaft pr\u00e4sentiert sich von 23. bis 26. November 2022 fachlich noch st\u00e4rker und fokussierter.","robots":{"index":"index","follow":"follow","max-snippet":"max-snippet:-1","max-image-preview":"max-image-preview:large","max-video-preview":"max-video-preview:-1"},"og_locale":"de_DE","og_type":"article","og_title":"Fachmesse agraria 2022 unter dem Motto \u201eLand.Wirtschaft.Erleben\u201c - Landwirt.com News","og_description":"Die \u00f6sterreichische Leitmesse f\u00fcr Land- und Forstwirtschaft pr\u00e4sentiert sich von 23. bis 26. November 2022 fachlich noch st\u00e4rker und fokussierter.","og_url":"https:\/\/www.landwirt.com\/news\/fachmesse-agraria-2022-unter-dem-motto-land-wirtschaft-erleben\/","og_site_name":"Landwirt.com News","article_published_time":"2022-10-06T06:56:08+00:00","article_modified_time":"2022-11-22T09:07:30+00:00","og_image":[{"width":454,"height":324,"url":"https:\/\/www.landwirt.com\/news\/wp-content\/uploads\/2022\/10\/image001.jpg","type":"image\/jpeg"}],"author":"Edith Winter","twitter_card":"summary_large_image","twitter_title":"Fachmesse agraria 2022 unter dem Motto \u201eLand.Wirtschaft.Erleben\u201c - Landwirt.com News","twitter_description":"Die \u00f6sterreichische Leitmesse f\u00fcr Land- und Forstwirtschaft pr\u00e4sentiert sich von 23. bis 26. November 2022 fachlich noch st\u00e4rker und fokussierter.","twitter_image":"https:\/\/www.landwirt.com\/news\/wp-content\/uploads\/2022\/10\/image001.jpg","twitter_misc":{"Verfasst von":"Edith Winter","Gesch\u00e4tzte Lesezeit":"3 Minuten"},"schema":{"@context":"https:\/\/schema.org","@graph":[{"@type":"Article","@id":"https:\/\/www.landwirt.com\/news\/fachmesse-agraria-2022-unter-dem-motto-land-wirtschaft-erleben\/#article","isPartOf":{"@id":"https:\/\/www.landwirt.com\/news\/fachmesse-agraria-2022-unter-dem-motto-land-wirtschaft-erleben\/"},"author":{"name":"Edith Winter","@id":"https:\/\/www.landwirt.com\/news\/#\/schema\/person\/58b1026d44b61c2d0c39d2d1220d43e9"},"headline":"Fachmesse agraria 2022 unter dem Motto \u201eLand.Wirtschaft.Erleben\u201c","datePublished":"2022-10-06T06:56:08+00:00","dateModified":"2022-11-22T09:07:30+00:00","mainEntityOfPage":{"@id":"https:\/\/www.landwirt.com\/news\/fachmesse-agraria-2022-unter-dem-motto-land-wirtschaft-erleben\/"},"wordCount":423,"publisher":{"@id":"https:\/\/www.landwirt.com\/news\/#organization"},"image":{"@id":"https:\/\/www.landwirt.com\/news\/fachmesse-agraria-2022-unter-dem-motto-land-wirtschaft-erleben\/#primaryimage"},"thumbnailUrl":"https:\/\/www.landwirt.com\/news\/wp-content\/uploads\/2022\/10\/agraria-wels-2022.jpg","keywords":["AGRARIA","Agrarmesse","Agrartechnik","Messe","Messe Wels"],"articleSection":["Landwirt","Werbung","Werbung Top"],"inLanguage":"de-AT"},{"@type":"WebPage","@id":"https:\/\/www.landwirt.com\/news\/fachmesse-agraria-2022-unter-dem-motto-land-wirtschaft-erleben\/","url":"https:\/\/www.landwirt.com\/news\/fachmesse-agraria-2022-unter-dem-motto-land-wirtschaft-erleben\/","name":"Fachmesse agraria 2022 unter dem Motto \u201eLand.Wirtschaft.Erleben\u201c - Landwirt.com News","isPartOf":{"@id":"https:\/\/www.landwirt.com\/news\/#website"},"primaryImageOfPage":{"@id":"https:\/\/www.landwirt.com\/news\/fachmesse-agraria-2022-unter-dem-motto-land-wirtschaft-erleben\/#primaryimage"},"image":{"@id":"https:\/\/www.landwirt.com\/news\/fachmesse-agraria-2022-unter-dem-motto-land-wirtschaft-erleben\/#primaryimage"},"thumbnailUrl":"https:\/\/www.landwirt.com\/news\/wp-content\/uploads\/2022\/10\/agraria-wels-2022.jpg","datePublished":"2022-10-06T06:56:08+00:00","dateModified":"2022-11-22T09:07:30+00:00","description":"Die \u00f6sterreichische Leitmesse f\u00fcr Land- und Forstwirtschaft pr\u00e4sentiert sich von 23. bis 26. November 2022 fachlich noch st\u00e4rker und fokussierter.","breadcrumb":{"@id":"https:\/\/www.landwirt.com\/news\/fachmesse-agraria-2022-unter-dem-motto-land-wirtschaft-erleben\/#breadcrumb"},"inLanguage":"de-AT","potentialAction":[{"@type":"ReadAction","target":["https:\/\/www.landwirt.com\/news\/fachmesse-agraria-2022-unter-dem-motto-land-wirtschaft-erleben\/"]}]},{"@type":"ImageObject","inLanguage":"de-AT","@id":"https:\/\/www.landwirt.com\/news\/fachmesse-agraria-2022-unter-dem-motto-land-wirtschaft-erleben\/#primaryimage","url":"https:\/\/www.landwirt.com\/news\/wp-content\/uploads\/2022\/10\/agraria-wels-2022.jpg","contentUrl":"https:\/\/www.landwirt.com\/news\/wp-content\/uploads\/2022\/10\/agraria-wels-2022.jpg","width":495,"height":400},{"@type":"BreadcrumbList","@id":"https:\/\/www.landwirt.com\/news\/fachmesse-agraria-2022-unter-dem-motto-land-wirtschaft-erleben\/#breadcrumb","itemListElement":[{"@type":"ListItem","position":1,"name":"Home","item":"https:\/\/www.landwirt.com\/news\/home\/"},{"@type":"ListItem","position":2,"name":"Fachmesse agraria 2022 unter dem Motto \u201eLand.Wirtschaft.Erleben\u201c"}]},{"@type":"WebSite","@id":"https:\/\/www.landwirt.com\/news\/#website","url":"https:\/\/www.landwirt.com\/news\/","name":"Landwirt.com News","description":"Landwirt.com News","publisher":{"@id":"https:\/\/www.landwirt.com\/news\/#organization"},"potentialAction":[{"@type":"SearchAction","target":{"@type":"EntryPoint","urlTemplate":"https:\/\/www.landwirt.com\/news\/?s={search_term_string}"},"query-input":{"@type":"PropertyValueSpecification","valueRequired":true,"valueName":"search_term_string"}}],"inLanguage":"de-AT"},{"@type":"Organization","@id":"https:\/\/www.landwirt.com\/news\/#organization","name":"LANDWIRT.COM GMBH","url":"https:\/\/www.landwirt.com\/news\/","logo":{"@type":"ImageObject","inLanguage":"de-AT","@id":"https:\/\/www.landwirt.com\/news\/#\/schema\/logo\/image\/","url":"https:\/\/www.landwirt.com\/news\/wp-content\/uploads\/2020\/02\/LW-logo.png","contentUrl":"https:\/\/www.landwirt.com\/news\/wp-content\/uploads\/2020\/02\/LW-logo.png","width":250,"height":58,"caption":"LANDWIRT.COM GMBH"},"image":{"@id":"https:\/\/www.landwirt.com\/news\/#\/schema\/logo\/image\/"}},{"@type":"Person","@id":"https:\/\/www.landwirt.com\/news\/#\/schema\/person\/58b1026d44b61c2d0c39d2d1220d43e9","name":"Edith Winter","image":{"@type":"ImageObject","inLanguage":"de-AT","@id":"https:\/\/secure.gravatar.com\/avatar\/a8a5aac669c36d589ec506dc09b6dcb6e1c7c0b8731e97f1f2dcea5e26e28095?s=96&d=mm&r=g","url":"https:\/\/secure.gravatar.com\/avatar\/a8a5aac669c36d589ec506dc09b6dcb6e1c7c0b8731e97f1f2dcea5e26e28095?s=96&d=mm&r=g","contentUrl":"https:\/\/secure.gravatar.com\/avatar\/a8a5aac669c36d589ec506dc09b6dcb6e1c7c0b8731e97f1f2dcea5e26e28095?s=96&d=mm&r=g","caption":"Edith Winter"},"url":"https:\/\/www.landwirt.com\/news\/author\/edith\/"}]}},"_links":{"self":[{"href":"https:\/\/www.landwirt.com\/news\/wp-json\/wp\/v2\/posts\/10595","targetHints":{"allow":["GET"]}}],"collection":[{"href":"https:\/\/www.landwirt.com\/news\/wp-json\/wp\/v2\/posts"}],"about":[{"href":"https:\/\/www.landwirt.com\/news\/wp-json\/wp\/v2\/types\/post"}],"author":[{"embeddable":true,"href":"https:\/\/www.landwirt.com\/news\/wp-json\/wp\/v2\/users\/15"}],"replies":[{"embeddable":true,"href":"https:\/\/www.landwirt.com\/news\/wp-json\/wp\/v2\/comments?post=10595"}],"version-history":[{"count":17,"href":"https:\/\/www.landwirt.com\/news\/wp-json\/wp\/v2\/posts\/10595\/revisions"}],"predecessor-version":[{"id":10613,"href":"https:\/\/www.landwirt.com\/news\/wp-json\/wp\/v2\/posts\/10595\/revisions\/10613"}],"wp:featuredmedia":[{"embeddable":true,"href":"https:\/\/www.landwirt.com\/news\/wp-json\/wp\/v2\/media\/10615"}],"wp:attachment":[{"href":"https:\/\/www.landwirt.com\/news\/wp-json\/wp\/v2\/media?parent=10595"}],"wp:term":[{"taxonomy":"category","embeddable":true,"href":"https:\/\/www.landwirt.com\/news\/wp-json\/wp\/v2\/categories?post=10595"},{"taxonomy":"post_tag","embeddable":true,"href":"https:\/\/www.landwirt.com\/news\/wp-json\/wp\/v2\/tags?post=10595"}],"curies":[{"name":"wp","href":"https:\/\/api.w.org\/{rel}","templated":true}]}}